{"id":583706,"date":"2020-10-06T11:08:43","date_gmt":"2020-10-06T14:08:43","guid":{"rendered":"https:\/\/www.estrategiaconcursos.com.br\/blog\/?p=583706"},"modified":"2022-09-22T18:28:42","modified_gmt":"2022-09-22T21:28:42","slug":"temas-avancados-direito-administrativo-bens-publicos","status":"publish","type":"post","link":"https:\/\/www.estrategiaconcursos.com.br\/blog\/temas-avancados-direito-administrativo-bens-publicos\/","title":{"rendered":"Temas Avan\u00e7ados Direito Administrativo &#8211; Bens P\u00fablicos"},"content":{"rendered":"\n<p>O professor Herbert Almeida ministra nesta ter\u00e7a-feira, 06 de outubro de 2020, a primeira aula de <strong>Temas Avan\u00e7ados Direito Administrativo &#8211; Bens P\u00fablicos<\/strong>. Confira ao vivo e gratuitamente no <a href=\"https:\/\/www.youtube.com\/watch?v=iKeJydd6CQo\" target=\"_blank\" rel=\"noreferrer noopener\">canal do Estrat\u00e9gia Concursos no Youtube. <\/a><\/p>\n\n\n\n<h4 class=\"wp-block-heading\" id=\"h-temas-avancados-direito-administrativo-cronograma\">Temas Avan\u00e7ados Direito Administrativo &#8211; Cronograma <\/h4>\n\n\n\n<figure class=\"wp-block-table is-style-stripes\"><table class=\"has-background\" style=\"background-color:#fcf0ef\"><tbody><tr><td><strong>Data<\/strong><\/td><td><strong>Hor\u00e1rio<\/strong><\/td><td><strong>Aula<\/strong><\/td><\/tr><tr><td>06\/10<\/td><td>8h30 \u00e0s 12h<\/td><td>01<\/td><\/tr><tr><td>12\/10<\/td><td>8h30 \u00e0s 12h<\/td><td>02<\/td><\/tr><\/tbody><\/table><\/figure>\n\n\n\n<h4 class=\"wp-block-heading\" id=\"h-temas-avancados-direito-administrativo-curiosidades\">Temas Avan\u00e7ados Direito Administrativo &#8211; Curiosidades <\/h4>\n\n\n\n<p class=\"has-vivid-red-color has-text-color has-background\" style=\"background-color:#d5d5d5;font-size:clamp(14px, 0.875rem + ((1vw - 3.2px) * 0.294), 17px);px\">Os bens p\u00fablicos s\u00e3o todos aqueles em que o Estado \u00e9 titular. <\/p>\n\n\n\n<p>O artigo 98 do C.C estabelece que os bens p\u00fablicos s\u00e3o todos os bens de dom\u00ednio nacional pertencentes as pessoas jur\u00eddicas dentro do direito p\u00fablico interno, todos os outros s\u00e3o particulares, seja qual for a pessoa que pertencerem.<\/p>\n\n\n\n<p><strong>Bens pertencentes a Uni\u00e3o:<\/strong><\/p>\n\n\n\n<p><strong>Art. 20.<\/strong>&nbsp;CF &#8211; S\u00e3o bens da Uni\u00e3o:<\/p>\n\n\n\n<p>I &#8211; os que atualmente lhe pertencem e os que lhe vierem a ser atribu\u00eddos;<\/p>\n\n\n\n<p>II &#8211; as terras devolutas indispens\u00e1veis \u00e0 defesa das fronteiras, das fortifica\u00e7\u00f5es e constru\u00e7\u00f5es militares, das vias federais de comunica\u00e7\u00e3o e \u00e0 preserva\u00e7\u00e3o ambiental, definidas em lei;<\/p>\n\n\n\n<p>III &#8211; os lagos, rios e quaisquer correntes de \u00e1gua em terrenos de seu dom\u00ednio, ou que banhem mais de um Estado, sirvam de limites com outros pa\u00edses, ou se estendam a territ\u00f3rio estrangeiro ou dele provenham, bem como os terrenos marginais e as praias fluviais;<\/p>\n\n\n\n<p>IV &#8211; as ilhas fluviais e lacustres nas zonas lim\u00edtrofes com outros pa\u00edses; as praias mar\u00edtimas; as ilhas oce\u00e2nicas e as costeiras, exclu\u00eddas, destas, as que contenham a sede de Munic\u00edpios, exceto aquelas \u00e1reas afetadas ao servi\u00e7o p\u00fablico e a unidade ambiental federal, e as referidas no art. 26, II;<\/p>\n\n\n\n<p>V &#8211; os recursos naturais da plataforma continental e da zona econ\u00f4mica exclusiva;<\/p>\n\n\n\n<p>VI &#8211; o mar territorial;<\/p>\n\n\n\n<p>VII &#8211; os terrenos de marinha e seus acrescidos;<\/p>\n\n\n\n<p>VIII &#8211; os potenciais de energia hidr\u00e1ulica;<\/p>\n\n\n\n<p>IX &#8211; os recursos minerais, inclusive os do subsolo;<\/p>\n\n\n\n<p>X &#8211; as cavidades naturais subterr\u00e2neas e os s\u00edtios arqueol\u00f3gicos e pr\u00e9-hist\u00f3ricos;<\/p>\n\n\n\n<p>XI &#8211; as terras tradicionalmente ocupadas pelos \u00edndios.<\/p>\n\n\n\n<p>&#8212;<\/p>\n\n\n\n<p><strong>Bens pertencentes aos Estados:<\/strong><\/p>\n\n\n\n<p><strong>Art. 26.<\/strong>&nbsp;CF &#8211; Incluem-se entre os bens dos Estados:<\/p>\n\n\n\n<p>I &#8211; as \u00e1guas superficiais ou subterr\u00e2neas, fluentes, emergentes e em dep\u00f3sito, ressalvadas, neste caso, na forma da lei, as decorrentes de obras da Uni\u00e3o;<\/p>\n\n\n\n<p>II &#8211; as \u00e1reas, nas ilhas oce\u00e2nicas e costeiras, que estiverem no seu dom\u00ednio, exclu\u00eddas aquelas sob dom\u00ednio da Uni\u00e3o, Munic\u00edpios ou terceiros;<\/p>\n\n\n\n<p>III &#8211; as ilhas fluviais e lacustres n\u00e3o pertencentes \u00e0 Uni\u00e3o;<\/p>\n\n\n\n<p>IV &#8211; as terras devolutas n\u00e3o compreendidas entre as da Uni\u00e3o.<\/p>\n\n\n\n<p>&#8212;<\/p>\n\n\n\n<p><strong>Bens pertencentes ao Distrito Federal:<\/strong><\/p>\n\n\n\n<p><strong>Art. 32.<\/strong>&nbsp;CF &#8211; O Distrito Federal, vedada sua divis\u00e3o em Munic\u00edpios, reger-se-\u00e1 por lei org\u00e2nica, votada em dois turnos com interst\u00edcio m\u00ednimo de dez dias, e aprovada por dois ter\u00e7os da C\u00e2mara Legislativa, que a promulgar\u00e1, atendidos os princ\u00edpios estabelecidos nesta&nbsp;Constitui\u00e7\u00e3o.<\/p>\n\n\n\n<p><strong>\u00a7 1\u00ba<\/strong>&nbsp;Ao Distrito Federal s\u00e3o atribu\u00eddas as compet\u00eancias legislativas reservadas aos Estados e Munic\u00edpios<\/p>\n\n\n\n<p>&#8212;<\/p>\n\n\n\n<p>Com rela\u00e7\u00e3o aos bens comuns do povo podemos verificar que s\u00e3o as ruas, pra\u00e7as, mares, meio ambiente entre outros.<\/p>\n\n\n\n<p>Art. 99. CC. S\u00e3o bens p\u00fablicos:<\/p>\n\n\n\n<p>I &#8211; os de uso comum do povo, tais como rios, mares, estradas, ruas e pra\u00e7as;<\/p>\n\n\n\n<p>S\u00e3o bens de uso especial os que passam a fazer parte do patrim\u00f4nio administrativo, como exemplo, cemit\u00e9rios p\u00fablicos, os edif\u00edcios das reparti\u00e7\u00f5es p\u00fablicas entre outros.<\/p>\n\n\n\n<p>II &#8211; os de uso especial, tais como edif\u00edcios ou terrenos destinados a servi\u00e7o ou estabelecimento da administra\u00e7\u00e3o federal, estadual, territorial ou municipal, inclusive os de suas autarquias;<\/p>\n\n\n\n<p>Contudo os bens dominicais s\u00e3o os que n\u00e3o tem nenhuma destina\u00e7\u00e3o espec\u00edfica, muito menos se encontra sujeitos ao uso comum do povo, tais como terrenos baldios, im\u00f3veis desocupados entre outros.<\/p>\n\n\n\n<p>III &#8211; os dominicais, que constituem o patrim\u00f4nio das pessoas jur\u00eddicas de direito p\u00fablico, como objeto de direito pessoal, ou real, de cada uma dessas entidades.<\/p>\n\n\n\n<div class=\"container\" id=\"boxes\">\n  <div class=\"row\">\n\n    <div class=\"col-sm\">\n      <div class=\"estrategia\" id=\"box-assinatura\">\n        <h3 class=\"titulo-assinatura\">Assinatura Ilimitada<\/h3>\n        <p class=\"subtitulo-assinatura\">Assinatura Anual Ilimitada*<\/p>\n        <div class=\"box-botao\">\n          <a class=\"btn-assinatura\" target=\"_blank\" href=\"https:\/\/www.estrategiaconcursos.com.br\/assinaturas\/\" role=\"button\" rel=\"noopener noreferrer\">ASSINE AGORA<\/a>\n        <\/div>\n      <\/div>\n      <p class=\"texto-auxiliar\">Prepare-se com o melhor material e com quem mais aprova em Concursos P\u00fablicos em todo o pa\u00eds. Assine agora a nossa Assinatura Anual e tenha acesso ilimitado* a todos os nossos cursos.<\/p>\n    <\/div>\n\n    <div class=\"col-sm\">\n      <div class=\"questoes\" id=\"box-assinatura\">\n        <h3 class=\"titulo-assinatura\">Sistema de Quest\u00f5es<\/h3>\n        <p class=\"subtitulo-assinatura\">Assinatura Ilimitada*\n<\/p>\n        <div class=\"box-botao\">\n          <a class=\"btn-assinatura\" target=\"_blank\" href=\"https:\/\/www.estrategiaconcursos.com.br\/cursosPorConcurso\/sistema-de-questoes\/#\/\" role=\"button\" rel=\"noopener noreferrer\">ASSINE AGORA<\/a>\n        <\/div>\n      <\/div>\n      <p class=\"texto-auxiliar\">Estrat\u00e9gia Quest\u00f5es nasceu maior do que todos os concorrentes, com mais quest\u00f5es cadastradas e mais solu\u00e7\u00f5es por professores. Clique no link e aproveite os descontos e b\u00f4nus imperd\u00edveis!<\/p>\n    <\/div>\n  <\/div>\n<\/div>\n\n\n\n<div class=\"container\" id=\"boxes\">\n  <div class=\"row\">\n\n    <div class=\"col-sm\" id=\"boxes-concursos\">\n      <div style=\"background-color: #005DAD;\" class=\"conteudo-concursos\" id=\"box-concursos\">\n        <h3 class=\"titulo-assinatura\">Concursos Abertos<\/h3>\n        <p class=\"subtitulo-assinatura\">mais de 15 mil vagas<\/p>\n        <div class=\"box-botao\">\n          <a class=\"btn-assinatura\" target=\"_blank\" href=\"https:\/\/www.estrategiaconcursos.com.br\/blog\/concursos-abertos\/\" role=\"button\" rel=\"noopener noreferrer\">Conhe\u00e7a Agora<\/a>\n        <\/div>\n      <\/div>\n    <\/div>\n\n    <div class=\"col-sm\" id=\"boxes-concursos\">\n      <div style=\"background-color: #1A7ED5;\" class=\"conteudo-concursos\" id=\"box-concursos\">\n        <h3 class=\"titulo-assinatura\">Concursos 2020<\/h3>\n        <p class=\"subtitulo-assinatura\">mais de 11 mil vagas<\/p>\n        <div class=\"box-botao\">\n          <a class=\"btn-assinatura\" target=\"_blank\" href=\"https:\/\/www.estrategiaconcursos.com.br\/blog\/concursos-2020\/\" role=\"button\" rel=\"noopener noreferrer\">Conhe\u00e7a Agora<\/a>\n        <\/div>\n      <\/div>\n    <\/div>\n\n    <div class=\"col-sm\" id=\"boxes-concursos\">\n      <div style=\"background-color: #419FF0;\" class=\"conteudo-concursos\" id=\"box-concursos\">\n        <h3 class=\"titulo-assinatura\">Concursos 2021<\/h3>\n        <p class=\"subtitulo-assinatura\">mais de 17 mil vagas<\/p>\n        <div class=\"box-botao\">\n          <a class=\"btn-assinatura\" target=\"_blank\" href=\"https:\/\/www.estrategiaconcursos.com.br\/blog\/concursos-2021\/\" role=\"button\" rel=\"noopener noreferrer\">Conhe\u00e7a Agora<\/a>\n        <\/div>\n      <\/div>\n    <\/div>\n\n  <\/div>\n<\/div>\n","protected":false},"excerpt":{"rendered":"<p>O professor Herbert Almeida ministra nesta ter\u00e7a-feira, 06 de outubro de 2020, a primeira aula de Temas Avan\u00e7ados Direito Administrativo &#8211; Bens P\u00fablicos. Confira ao vivo e gratuitamente no canal do Estrat\u00e9gia Concursos no Youtube. Temas Avan\u00e7ados Direito Administrativo &#8211; Cronograma Data Hor\u00e1rio Aula 06\/10 8h30 \u00e0s 12h 01 12\/10 8h30 \u00e0s 12h 02 Temas [&hellip;]<\/p>\n","protected":false},"author":93,"featured_media":583717,"comment_status":"open","ping_status":"closed","sticky":false,"template":"","format":"standard","meta":{"post_tipo":"article","footnotes":""},"categories":[1],"tags":[],"tax_estado":[],"class_list":["post-583706","post","type-post","status-publish","format-standard","has-post-thumbnail","hentry","category-cursos-e-concursos"],"acf":[],"yoast_head":"<!-- This site is optimized with the Yoast SEO Premium plugin v27.2 (Yoast SEO v27.2) - https:\/\/yoast.com\/product\/yoast-seo-premium-wordpress\/ -->\n<title>Temas Avan\u00e7ados Direito Administrativo - Bens P\u00fablicos<\/title>\n<meta name=\"description\" content=\"N\u00e3o perca nesta ter\u00e7a-feira (06) a primeira aula sobre Temas Avan\u00e7ados Direito Administrativo - Bens P\u00fablicos. Confira os detalhes neste artigo.\" \/>\n<meta name=\"robots\" content=\"index, follow, max-snippet:-1, max-image-preview:large, max-video-preview:-1\" \/>\n<link rel=\"canonical\" href=\"https:\/\/www.estrategiaconcursos.com.br\/blog\/temas-avancados-direito-administrativo-bens-publicos\/\" \/>\n<meta property=\"og:locale\" content=\"pt_BR\" \/>\n<meta property=\"og:type\" content=\"article\" \/>\n<meta property=\"og:title\" content=\"Temas Avan\u00e7ados Direito Administrativo - Bens P\u00fablicos\" \/>\n<meta property=\"og:description\" content=\"N\u00e3o perca nesta ter\u00e7a-feira (06) a primeira aula sobre Temas Avan\u00e7ados Direito Administrativo - Bens P\u00fablicos. Confira os detalhes neste artigo.\" \/>\n<meta property=\"og:url\" content=\"https:\/\/www.estrategiaconcursos.com.br\/blog\/temas-avancados-direito-administrativo-bens-publicos\/\" \/>\n<meta property=\"og:site_name\" content=\"Estrat\u00e9gia Concursos\" \/>\n<meta property=\"article:published_time\" content=\"2020-10-06T14:08:43+00:00\" \/>\n<meta property=\"article:modified_time\" content=\"2022-09-22T21:28:42+00:00\" \/>\n<meta property=\"og:image\" content=\"https:\/\/dhg1h5j42swfq.cloudfront.net\/2020\/10\/06110810\/GRID.jpg\" \/>\n\t<meta property=\"og:image:width\" content=\"1080\" \/>\n\t<meta property=\"og:image:height\" content=\"1350\" \/>\n\t<meta property=\"og:image:type\" content=\"image\/jpeg\" \/>\n<meta name=\"author\" content=\"Vinicius Silva\" \/>\n<meta name=\"twitter:card\" content=\"summary_large_image\" \/>\n<meta name=\"twitter:creator\" content=\"@EstratConcursos\" \/>\n<meta name=\"twitter:site\" content=\"@EstratConcursos\" \/>\n<meta name=\"twitter:label1\" content=\"Escrito por\" \/>\n\t<meta name=\"twitter:data1\" content=\"Vinicius Silva\" \/>\n\t<meta name=\"twitter:label2\" content=\"Est. tempo de leitura\" \/>\n\t<meta name=\"twitter:data2\" content=\"4 minutos\" \/>\n<script type=\"application\/ld+json\" class=\"yoast-schema-graph\">{\"@context\":\"https:\/\/schema.org\",\"@graph\":[{\"@type\":\"NewsArticle\",\"@id\":\"https:\/\/www.estrategiaconcursos.com.br\/blog\/temas-avancados-direito-administrativo-bens-publicos\/#article\",\"isPartOf\":{\"@id\":\"https:\/\/www.estrategiaconcursos.com.br\/blog\/temas-avancados-direito-administrativo-bens-publicos\/\"},\"author\":{\"name\":\"Vinicius Silva\",\"@id\":\"https:\/\/www.estrategiaconcursos.com.br\/blog\/#\/schema\/person\/20030622a981f9a942ad6b3561fe4ca4\"},\"headline\":\"Temas Avan\u00e7ados Direito Administrativo &#8211; Bens P\u00fablicos\",\"datePublished\":\"2020-10-06T14:08:43+00:00\",\"dateModified\":\"2022-09-22T21:28:42+00:00\",\"mainEntityOfPage\":{\"@id\":\"https:\/\/www.estrategiaconcursos.com.br\/blog\/temas-avancados-direito-administrativo-bens-publicos\/\"},\"wordCount\":820,\"commentCount\":0,\"publisher\":{\"@id\":\"https:\/\/www.estrategiaconcursos.com.br\/blog\/#organization\"},\"image\":{\"@id\":\"https:\/\/www.estrategiaconcursos.com.br\/blog\/temas-avancados-direito-administrativo-bens-publicos\/#primaryimage\"},\"thumbnailUrl\":\"https:\/\/dhg1h5j42swfq.cloudfront.net\/2020\/10\/06110810\/GRID.jpg\",\"articleSection\":[\"Concursos P\u00fablicos\"],\"inLanguage\":\"pt-BR\",\"potentialAction\":[{\"@type\":\"CommentAction\",\"name\":\"Comment\",\"target\":[\"https:\/\/www.estrategiaconcursos.com.br\/blog\/temas-avancados-direito-administrativo-bens-publicos\/#respond\"]}],\"copyrightYear\":\"2020\",\"copyrightHolder\":{\"@id\":\"https:\/\/www.estrategiaconcursos.com.br\/blog\/#organization\"}},{\"@type\":\"WebPage\",\"@id\":\"https:\/\/www.estrategiaconcursos.com.br\/blog\/temas-avancados-direito-administrativo-bens-publicos\/\",\"url\":\"https:\/\/www.estrategiaconcursos.com.br\/blog\/temas-avancados-direito-administrativo-bens-publicos\/\",\"name\":\"Temas Avan\u00e7ados Direito Administrativo - Bens P\u00fablicos\",\"isPartOf\":{\"@id\":\"https:\/\/www.estrategiaconcursos.com.br\/blog\/#website\"},\"primaryImageOfPage\":{\"@id\":\"https:\/\/www.estrategiaconcursos.com.br\/blog\/temas-avancados-direito-administrativo-bens-publicos\/#primaryimage\"},\"image\":{\"@id\":\"https:\/\/www.estrategiaconcursos.com.br\/blog\/temas-avancados-direito-administrativo-bens-publicos\/#primaryimage\"},\"thumbnailUrl\":\"https:\/\/dhg1h5j42swfq.cloudfront.net\/2020\/10\/06110810\/GRID.jpg\",\"datePublished\":\"2020-10-06T14:08:43+00:00\",\"dateModified\":\"2022-09-22T21:28:42+00:00\",\"description\":\"N\u00e3o perca nesta ter\u00e7a-feira (06) a primeira aula sobre Temas Avan\u00e7ados Direito Administrativo - Bens P\u00fablicos. Confira os detalhes neste artigo.\",\"breadcrumb\":{\"@id\":\"https:\/\/www.estrategiaconcursos.com.br\/blog\/temas-avancados-direito-administrativo-bens-publicos\/#breadcrumb\"},\"inLanguage\":\"pt-BR\",\"potentialAction\":[{\"@type\":\"ReadAction\",\"target\":[\"https:\/\/www.estrategiaconcursos.com.br\/blog\/temas-avancados-direito-administrativo-bens-publicos\/\"]}]},{\"@type\":\"ImageObject\",\"inLanguage\":\"pt-BR\",\"@id\":\"https:\/\/www.estrategiaconcursos.com.br\/blog\/temas-avancados-direito-administrativo-bens-publicos\/#primaryimage\",\"url\":\"https:\/\/dhg1h5j42swfq.cloudfront.net\/2020\/10\/06110810\/GRID.jpg\",\"contentUrl\":\"https:\/\/dhg1h5j42swfq.cloudfront.net\/2020\/10\/06110810\/GRID.jpg\",\"width\":1080,\"height\":1350,\"caption\":\"temas avan\u00e7ados direito administrativo\"},{\"@type\":\"BreadcrumbList\",\"@id\":\"https:\/\/www.estrategiaconcursos.com.br\/blog\/temas-avancados-direito-administrativo-bens-publicos\/#breadcrumb\",\"itemListElement\":[{\"@type\":\"ListItem\",\"position\":1,\"name\":\"In\u00edcio\",\"item\":\"https:\/\/www.estrategiaconcursos.com.br\/blog\/\"},{\"@type\":\"ListItem\",\"position\":2,\"name\":\"Temas Avan\u00e7ados Direito Administrativo &#8211; Bens P\u00fablicos\"}]},{\"@type\":\"WebSite\",\"@id\":\"https:\/\/www.estrategiaconcursos.com.br\/blog\/#website\",\"url\":\"https:\/\/www.estrategiaconcursos.com.br\/blog\/\",\"name\":\"Estrat\u00e9gia Concursos\",\"description\":\"O blog da Estrat\u00e9gia Concursos traz not\u00edcias sobre concursos e artigos de professores oferecendo cursos para concursos (pdf + videaulas) no site.\",\"publisher\":{\"@id\":\"https:\/\/www.estrategiaconcursos.com.br\/blog\/#organization\"},\"potentialAction\":[{\"@type\":\"SearchAction\",\"target\":{\"@type\":\"EntryPoint\",\"urlTemplate\":\"https:\/\/www.estrategiaconcursos.com.br\/blog\/?s={search_term_string}\"},\"query-input\":{\"@type\":\"PropertyValueSpecification\",\"valueRequired\":true,\"valueName\":\"search_term_string\"}}],\"inLanguage\":\"pt-BR\"},{\"@type\":\"Organization\",\"@id\":\"https:\/\/www.estrategiaconcursos.com.br\/blog\/#organization\",\"name\":\"Estrat\u00e9gia Concursos\",\"url\":\"https:\/\/www.estrategiaconcursos.com.br\/blog\/\",\"logo\":{\"@type\":\"ImageObject\",\"inLanguage\":\"pt-BR\",\"@id\":\"https:\/\/www.estrategiaconcursos.com.br\/blog\/#\/schema\/logo\/image\/\",\"url\":\"https:\/\/dhg1h5j42swfq.cloudfront.net\/2025\/06\/03203428\/logo_concursos-1.jpg\",\"contentUrl\":\"https:\/\/dhg1h5j42swfq.cloudfront.net\/2025\/06\/03203428\/logo_concursos-1.jpg\",\"width\":230,\"height\":60,\"caption\":\"Estrat\u00e9gia Concursos\"},\"image\":{\"@id\":\"https:\/\/www.estrategiaconcursos.com.br\/blog\/#\/schema\/logo\/image\/\"},\"sameAs\":[\"https:\/\/x.com\/EstratConcursos\"]},{\"@type\":\"Person\",\"@id\":\"https:\/\/www.estrategiaconcursos.com.br\/blog\/#\/schema\/person\/20030622a981f9a942ad6b3561fe4ca4\",\"name\":\"Vinicius Silva\",\"image\":{\"@type\":\"ImageObject\",\"inLanguage\":\"pt-BR\",\"@id\":\"https:\/\/secure.gravatar.com\/avatar\/604d9670a4c7eea71feaa4381f3ae97e148292ac402671c5944aa67a3d127663?s=96&d=mm&r=g\",\"url\":\"https:\/\/secure.gravatar.com\/avatar\/604d9670a4c7eea71feaa4381f3ae97e148292ac402671c5944aa67a3d127663?s=96&d=mm&r=g\",\"contentUrl\":\"https:\/\/secure.gravatar.com\/avatar\/604d9670a4c7eea71feaa4381f3ae97e148292ac402671c5944aa67a3d127663?s=96&d=mm&r=g\",\"caption\":\"Vinicius Silva\"},\"url\":\"https:\/\/www.estrategiaconcursos.com.br\/blog\/author\/viniciussilvaestrategiaconcursos-com-br\/\"}]}<\/script>\n<!-- \/ Yoast SEO Premium plugin. -->","yoast_head_json":{"title":"Temas Avan\u00e7ados Direito Administrativo - Bens P\u00fablicos","description":"N\u00e3o perca nesta ter\u00e7a-feira (06) a primeira aula sobre Temas Avan\u00e7ados Direito Administrativo - Bens P\u00fablicos. Confira os detalhes neste artigo.","robots":{"index":"index","follow":"follow","max-snippet":"max-snippet:-1","max-image-preview":"max-image-preview:large","max-video-preview":"max-video-preview:-1"},"canonical":"https:\/\/www.estrategiaconcursos.com.br\/blog\/temas-avancados-direito-administrativo-bens-publicos\/","og_locale":"pt_BR","og_type":"article","og_title":"Temas Avan\u00e7ados Direito Administrativo - Bens P\u00fablicos","og_description":"N\u00e3o perca nesta ter\u00e7a-feira (06) a primeira aula sobre Temas Avan\u00e7ados Direito Administrativo - Bens P\u00fablicos. Confira os detalhes neste artigo.","og_url":"https:\/\/www.estrategiaconcursos.com.br\/blog\/temas-avancados-direito-administrativo-bens-publicos\/","og_site_name":"Estrat\u00e9gia Concursos","article_published_time":"2020-10-06T14:08:43+00:00","article_modified_time":"2022-09-22T21:28:42+00:00","og_image":[{"width":1080,"height":1350,"url":"https:\/\/dhg1h5j42swfq.cloudfront.net\/2020\/10\/06110810\/GRID.jpg","type":"image\/jpeg"}],"author":"Vinicius Silva","twitter_card":"summary_large_image","twitter_creator":"@EstratConcursos","twitter_site":"@EstratConcursos","twitter_misc":{"Escrito por":"Vinicius Silva","Est. tempo de leitura":"4 minutos"},"schema":{"@context":"https:\/\/schema.org","@graph":[{"@type":"NewsArticle","@id":"https:\/\/www.estrategiaconcursos.com.br\/blog\/temas-avancados-direito-administrativo-bens-publicos\/#article","isPartOf":{"@id":"https:\/\/www.estrategiaconcursos.com.br\/blog\/temas-avancados-direito-administrativo-bens-publicos\/"},"author":{"name":"Vinicius Silva","@id":"https:\/\/www.estrategiaconcursos.com.br\/blog\/#\/schema\/person\/20030622a981f9a942ad6b3561fe4ca4"},"headline":"Temas Avan\u00e7ados Direito Administrativo &#8211; Bens P\u00fablicos","datePublished":"2020-10-06T14:08:43+00:00","dateModified":"2022-09-22T21:28:42+00:00","mainEntityOfPage":{"@id":"https:\/\/www.estrategiaconcursos.com.br\/blog\/temas-avancados-direito-administrativo-bens-publicos\/"},"wordCount":820,"commentCount":0,"publisher":{"@id":"https:\/\/www.estrategiaconcursos.com.br\/blog\/#organization"},"image":{"@id":"https:\/\/www.estrategiaconcursos.com.br\/blog\/temas-avancados-direito-administrativo-bens-publicos\/#primaryimage"},"thumbnailUrl":"https:\/\/dhg1h5j42swfq.cloudfront.net\/2020\/10\/06110810\/GRID.jpg","articleSection":["Concursos P\u00fablicos"],"inLanguage":"pt-BR","potentialAction":[{"@type":"CommentAction","name":"Comment","target":["https:\/\/www.estrategiaconcursos.com.br\/blog\/temas-avancados-direito-administrativo-bens-publicos\/#respond"]}],"copyrightYear":"2020","copyrightHolder":{"@id":"https:\/\/www.estrategiaconcursos.com.br\/blog\/#organization"}},{"@type":"WebPage","@id":"https:\/\/www.estrategiaconcursos.com.br\/blog\/temas-avancados-direito-administrativo-bens-publicos\/","url":"https:\/\/www.estrategiaconcursos.com.br\/blog\/temas-avancados-direito-administrativo-bens-publicos\/","name":"Temas Avan\u00e7ados Direito Administrativo - Bens P\u00fablicos","isPartOf":{"@id":"https:\/\/www.estrategiaconcursos.com.br\/blog\/#website"},"primaryImageOfPage":{"@id":"https:\/\/www.estrategiaconcursos.com.br\/blog\/temas-avancados-direito-administrativo-bens-publicos\/#primaryimage"},"image":{"@id":"https:\/\/www.estrategiaconcursos.com.br\/blog\/temas-avancados-direito-administrativo-bens-publicos\/#primaryimage"},"thumbnailUrl":"https:\/\/dhg1h5j42swfq.cloudfront.net\/2020\/10\/06110810\/GRID.jpg","datePublished":"2020-10-06T14:08:43+00:00","dateModified":"2022-09-22T21:28:42+00:00","description":"N\u00e3o perca nesta ter\u00e7a-feira (06) a primeira aula sobre Temas Avan\u00e7ados Direito Administrativo - Bens P\u00fablicos. Confira os detalhes neste artigo.","breadcrumb":{"@id":"https:\/\/www.estrategiaconcursos.com.br\/blog\/temas-avancados-direito-administrativo-bens-publicos\/#breadcrumb"},"inLanguage":"pt-BR","potentialAction":[{"@type":"ReadAction","target":["https:\/\/www.estrategiaconcursos.com.br\/blog\/temas-avancados-direito-administrativo-bens-publicos\/"]}]},{"@type":"ImageObject","inLanguage":"pt-BR","@id":"https:\/\/www.estrategiaconcursos.com.br\/blog\/temas-avancados-direito-administrativo-bens-publicos\/#primaryimage","url":"https:\/\/dhg1h5j42swfq.cloudfront.net\/2020\/10\/06110810\/GRID.jpg","contentUrl":"https:\/\/dhg1h5j42swfq.cloudfront.net\/2020\/10\/06110810\/GRID.jpg","width":1080,"height":1350,"caption":"temas avan\u00e7ados direito administrativo"},{"@type":"BreadcrumbList","@id":"https:\/\/www.estrategiaconcursos.com.br\/blog\/temas-avancados-direito-administrativo-bens-publicos\/#breadcrumb","itemListElement":[{"@type":"ListItem","position":1,"name":"In\u00edcio","item":"https:\/\/www.estrategiaconcursos.com.br\/blog\/"},{"@type":"ListItem","position":2,"name":"Temas Avan\u00e7ados Direito Administrativo &#8211; Bens P\u00fablicos"}]},{"@type":"WebSite","@id":"https:\/\/www.estrategiaconcursos.com.br\/blog\/#website","url":"https:\/\/www.estrategiaconcursos.com.br\/blog\/","name":"Estrat\u00e9gia Concursos","description":"O blog da Estrat\u00e9gia Concursos traz not\u00edcias sobre concursos e artigos de professores oferecendo cursos para concursos (pdf + videaulas) no site.","publisher":{"@id":"https:\/\/www.estrategiaconcursos.com.br\/blog\/#organization"},"potentialAction":[{"@type":"SearchAction","target":{"@type":"EntryPoint","urlTemplate":"https:\/\/www.estrategiaconcursos.com.br\/blog\/?s={search_term_string}"},"query-input":{"@type":"PropertyValueSpecification","valueRequired":true,"valueName":"search_term_string"}}],"inLanguage":"pt-BR"},{"@type":"Organization","@id":"https:\/\/www.estrategiaconcursos.com.br\/blog\/#organization","name":"Estrat\u00e9gia Concursos","url":"https:\/\/www.estrategiaconcursos.com.br\/blog\/","logo":{"@type":"ImageObject","inLanguage":"pt-BR","@id":"https:\/\/www.estrategiaconcursos.com.br\/blog\/#\/schema\/logo\/image\/","url":"https:\/\/dhg1h5j42swfq.cloudfront.net\/2025\/06\/03203428\/logo_concursos-1.jpg","contentUrl":"https:\/\/dhg1h5j42swfq.cloudfront.net\/2025\/06\/03203428\/logo_concursos-1.jpg","width":230,"height":60,"caption":"Estrat\u00e9gia Concursos"},"image":{"@id":"https:\/\/www.estrategiaconcursos.com.br\/blog\/#\/schema\/logo\/image\/"},"sameAs":["https:\/\/x.com\/EstratConcursos"]},{"@type":"Person","@id":"https:\/\/www.estrategiaconcursos.com.br\/blog\/#\/schema\/person\/20030622a981f9a942ad6b3561fe4ca4","name":"Vinicius Silva","image":{"@type":"ImageObject","inLanguage":"pt-BR","@id":"https:\/\/secure.gravatar.com\/avatar\/604d9670a4c7eea71feaa4381f3ae97e148292ac402671c5944aa67a3d127663?s=96&d=mm&r=g","url":"https:\/\/secure.gravatar.com\/avatar\/604d9670a4c7eea71feaa4381f3ae97e148292ac402671c5944aa67a3d127663?s=96&d=mm&r=g","contentUrl":"https:\/\/secure.gravatar.com\/avatar\/604d9670a4c7eea71feaa4381f3ae97e148292ac402671c5944aa67a3d127663?s=96&d=mm&r=g","caption":"Vinicius Silva"},"url":"https:\/\/www.estrategiaconcursos.com.br\/blog\/author\/viniciussilvaestrategiaconcursos-com-br\/"}]}},"_links":{"self":[{"href":"https:\/\/www.estrategiaconcursos.com.br\/blog\/wp-json\/wp\/v2\/posts\/583706","targetHints":{"allow":["GET"]}}],"collection":[{"href":"https:\/\/www.estrategiaconcursos.com.br\/blog\/wp-json\/wp\/v2\/posts"}],"about":[{"href":"https:\/\/www.estrategiaconcursos.com.br\/blog\/wp-json\/wp\/v2\/types\/post"}],"author":[{"embeddable":true,"href":"https:\/\/www.estrategiaconcursos.com.br\/blog\/wp-json\/wp\/v2\/users\/93"}],"replies":[{"embeddable":true,"href":"https:\/\/www.estrategiaconcursos.com.br\/blog\/wp-json\/wp\/v2\/comments?post=583706"}],"version-history":[{"count":5,"href":"https:\/\/www.estrategiaconcursos.com.br\/blog\/wp-json\/wp\/v2\/posts\/583706\/revisions"}],"predecessor-version":[{"id":1099094,"href":"https:\/\/www.estrategiaconcursos.com.br\/blog\/wp-json\/wp\/v2\/posts\/583706\/revisions\/1099094"}],"wp:featuredmedia":[{"embeddable":true,"href":"https:\/\/www.estrategiaconcursos.com.br\/blog\/wp-json\/wp\/v2\/media\/583717"}],"wp:attachment":[{"href":"https:\/\/www.estrategiaconcursos.com.br\/blog\/wp-json\/wp\/v2\/media?parent=583706"}],"wp:term":[{"taxonomy":"category","embeddable":true,"href":"https:\/\/www.estrategiaconcursos.com.br\/blog\/wp-json\/wp\/v2\/categories?post=583706"},{"taxonomy":"post_tag","embeddable":true,"href":"https:\/\/www.estrategiaconcursos.com.br\/blog\/wp-json\/wp\/v2\/tags?post=583706"},{"taxonomy":"tax_estado","embeddable":true,"href":"https:\/\/www.estrategiaconcursos.com.br\/blog\/wp-json\/wp\/v2\/tax_estado?post=583706"}],"curies":[{"name":"wp","href":"https:\/\/api.w.org\/{rel}","templated":true}]}}