{"id":583274,"date":"2020-10-05T17:24:50","date_gmt":"2020-10-05T20:24:50","guid":{"rendered":"https:\/\/www.estrategiaconcursos.com.br\/blog\/?p=583274"},"modified":"2020-10-06T08:47:02","modified_gmt":"2020-10-06T11:47:02","slug":"edital-prf-2020","status":"publish","type":"post","link":"https:\/\/www.estrategiaconcursos.com.br\/blog\/edital-prf-2020\/","title":{"rendered":"Diretor revela que edital da PRF pode sair em 2020. Confira!"},"content":{"rendered":"\n<p>Em live realizada no \u00faltimo s\u00e1bado (03), o diretor-executivo da Pol\u00edcia Rodovi\u00e1ria Federal (PRF), Jos\u00e9 Hott, afirmou que a institui\u00e7\u00e3o est\u00e1 pronta para publicar o edital concurso em 2020.<\/p>\n\n\n\n<p>Hott, por\u00e9m, condicionou a publica\u00e7\u00e3o do edital em 2020 \u00e0 autoriza\u00e7\u00e3o:&nbsp;<em>\u201cSe a autoriza\u00e7\u00e3o sair em outubro, o edital sai ainda este ano<\/em>\u201c, revelou. O diretor tamb\u00e9m informou que, entre a autoriza\u00e7\u00e3o e a publica\u00e7\u00e3o do edital, ser\u00e3o, no m\u00ednimo, 30 dias. Confira todas as previs\u00f5es do diretor-executivo da PRF ao longo deste artigo.<\/p>\n\n\n\n<p>As tratativas junto ao Minist\u00e9rio da Economia para a realiza\u00e7\u00e3o do novo concurso PRF, da Pol\u00edcia Rodovi\u00e1ria Federal, est\u00e3o em fase avan\u00e7ada.&nbsp;<strong>2 mil vagas est\u00e3o CONFIRMADAS<\/strong>.&nbsp;<a rel=\"noreferrer noopener\" href=\"https:\/\/www.estrategiaconcursos.com.br\/blog\/urgente-2-mil-vagas-concurso-prf\/\" target=\"_blank\"><strong>Clique AQUI<\/strong><\/a>&nbsp;e veja o an\u00fancio das vagas!<\/p>\n\n\n\n<p>A princ\u00edpio, o certame ser\u00e1 destinado exclusivamente para o cargo de&nbsp;<strong>Policial Rodovi\u00e1rio Federal<\/strong>, com remunera\u00e7\u00e3o inicial de&nbsp;<strong>R$ 9.899,88<\/strong>, al\u00e9m de benef\u00edcios.<\/p>\n\n\n\n<h2 class=\"wp-block-heading\">Previs\u00f5es do concurso PRF <\/h2>\n\n\n\n<p>Hott, fez novas <strong>previs\u00f5es sobre a publica\u00e7\u00e3o do edital<\/strong> da PRF em 2020, deixando milhares de candidatos de todo o pa\u00eds ainda mais esperan\u00e7osos.<\/p>\n\n\n\n<p>Respondeu que\u00a0<em>\u2018se depender de n\u00f3s, sim ou com certeza?\u2019<\/em>, indicando que, sim, deve ser publicado ainda este ano. Para isso, condicionou a publica\u00e7\u00e3o do edital em 2020 \u00e0 autoriza\u00e7\u00e3o:\u00a0<em>\u2018Se a autoriza\u00e7\u00e3o sair em outubro, o edital sai ainda este ano<\/em>.\u2019<\/p>\n\n\n\n<h2 class=\"wp-block-heading\" id=\"requisitos\">Quem pode fazer o concurso PRF e qual a remunera\u00e7\u00e3o?<\/h2>\n\n\n\n<p>O cargo de Policial Rodovi\u00e1rio exige <strong>n\u00edvel superior<\/strong> em<span style=\"text-decoration: underline;\"> qualquer \u00e1rea de forma\u00e7\u00e3o<\/span> e idade m\u00ednima de 18 anos. Al\u00e9m disso, \u00e9 necess\u00e1rio Carteira Nacional de Habilita\u00e7\u00e3o ou permiss\u00e3o para conduzir ve\u00edculos automotores na <strong>categoria \u201cB\u201d<\/strong>, no m\u00ednimo. <\/p>\n\n\n\n<p>A remunera\u00e7\u00e3o da PRF \u00e9 na forma de subs\u00eddio. No in\u00edcio de carreira, o Policial Rodovi\u00e1rio Federal recebe o <strong>subs\u00eddio de R$ 9.899,88.<\/strong><\/p>\n\n\n\n<p class=\"has-text-align-center has-background has-medium-font-size\" style=\"background-color:#d5dadd\"><strong>Edital PRF em 2020? Clique <a rel=\"noreferrer noopener\" href=\"https:\/\/www.estrategiaconcursos.com.br\/blog\/concurso-prf-3\/\" target=\"_blank\">aqui<\/a><\/strong> <strong>e descubra!<\/strong><\/p>\n\n\n\n<p class=\"has-text-align-center\"><em><strong>Assinatura Anual Ilimitada<\/strong><\/em><\/p>\n\n\n\n<p class=\"has-text-align-center\"><em>Prepare-se com o melhor material e com quem mais aprova em&nbsp;Concursos P\u00fablicos de todo o pa\u00eds. Assine agora a nossa Assinatura Anual e tenha acesso ilimitado a todos os nossos cursos.<\/em><\/p>\n\n\n\n<p class=\"has-text-align-center has-luminous-vivid-amber-background-color has-background\"><strong>ASSINE AGORA<\/strong>&nbsp;\u2013&nbsp;<a rel=\"noreferrer noopener\" href=\"https:\/\/www.estrategiaconcursos.com.br\/assinaturas\/\" target=\"_blank\"><strong>Assinatura Ilimitada<\/strong><\/a><\/p>\n\n\n\n<p class=\"has-text-align-center\"><strong><em>Sistema de Quest\u00f5es<\/em><\/strong><\/p>\n\n\n\n<p class=\"has-text-align-center\"><em>Estrat\u00e9gia Quest\u00f5es nasceu maior do que todos os concorrentes, com mais quest\u00f5es cadastradas e mais solu\u00e7\u00f5es por professores. Clique no link e aproveite os descontos e b\u00f4nus imperd\u00edveis!<\/em><\/p>\n\n\n\n<p class=\"has-text-align-center has-vivid-green-cyan-background-color has-background\"><strong>ASSINE AGORA \u2013&nbsp;<a href=\"https:\/\/www.estrategiaconcursos.com.br\/cursosPorConcurso\/sistema-de-questoes\/#\/\" target=\"_blank\" rel=\"noreferrer noopener\">Sistema de Quest\u00f5es<\/a><\/strong><\/p>\n\n\n\n<p class=\"has-text-align-center has-pale-cyan-blue-background-color has-background\"><strong><a href=\"https:\/\/www.estrategiaconcursos.com.br\/blog\/concursos-abertos\/\" target=\"_blank\" rel=\"noreferrer noopener\">CONCURSOS ABERTOS<\/a><\/strong><\/p>\n\n\n\n<p class=\"has-text-align-center has-pale-cyan-blue-background-color has-background\"><strong><a rel=\"noreferrer noopener\" href=\"https:\/\/www.estrategiaconcursos.com.br\/blog\/concursos-2020\/\" target=\"_blank\">CONCURSOS&nbsp;2020<\/a><\/strong><\/p>\n\n\n\n<p class=\"has-text-align-center has-pale-cyan-blue-background-color has-background\"><strong><a rel=\"noreferrer noopener\" href=\"https:\/\/www.estrategiaconcursos.com.br\/blog\/concursos-2021\/\" target=\"_blank\">CONCURSOS&nbsp;2021<\/a><\/strong><\/p>\n","protected":false},"excerpt":{"rendered":"<p>Em live realizada no \u00faltimo s\u00e1bado (03), o diretor-executivo da Pol\u00edcia Rodovi\u00e1ria Federal (PRF), Jos\u00e9 Hott, afirmou que a institui\u00e7\u00e3o est\u00e1 pronta para publicar o edital concurso em 2020. Hott, por\u00e9m, condicionou a publica\u00e7\u00e3o do edital em 2020 \u00e0 autoriza\u00e7\u00e3o:&nbsp;\u201cSe a autoriza\u00e7\u00e3o sair em outubro, o edital sai ainda este ano\u201c, revelou. O diretor tamb\u00e9m [&hellip;]<\/p>\n","protected":false},"author":1482,"featured_media":507989,"comment_status":"open","ping_status":"closed","sticky":false,"template":"","format":"standard","meta":{"post_tipo":"article","footnotes":""},"categories":[1],"tags":[],"tax_estado":[],"class_list":["post-583274","post","type-post","status-publish","format-standard","has-post-thumbnail","hentry","category-cursos-e-concursos"],"acf":[],"yoast_head":"<!-- This site is optimized with the Yoast SEO Premium plugin v27.2 (Yoast SEO v27.2) - https:\/\/yoast.com\/product\/yoast-seo-premium-wordpress\/ -->\n<title>Diretor revela que edital da PRF pode sair em 2020. Confira!<\/title>\n<meta name=\"description\" content=\"Em live realizada nas redes sociais, o diretor-executivo da PRF, Jos\u00e9 Hott, afirmou que a institui\u00e7\u00e3o est\u00e1 pronta para publicar o edital concurso em 2020.\" \/>\n<meta name=\"robots\" content=\"index, follow, max-snippet:-1, max-image-preview:large, max-video-preview:-1\" \/>\n<link rel=\"canonical\" href=\"https:\/\/www.estrategiaconcursos.com.br\/blog\/edital-prf-2020\/\" \/>\n<meta property=\"og:locale\" content=\"pt_BR\" \/>\n<meta property=\"og:type\" content=\"article\" \/>\n<meta property=\"og:title\" content=\"Diretor revela que edital da PRF pode sair em 2020. Confira!\" \/>\n<meta property=\"og:description\" content=\"Em live realizada nas redes sociais, o diretor-executivo da PRF, Jos\u00e9 Hott, afirmou que a institui\u00e7\u00e3o est\u00e1 pronta para publicar o edital concurso em 2020.\" \/>\n<meta property=\"og:url\" content=\"https:\/\/www.estrategiaconcursos.com.br\/blog\/edital-prf-2020\/\" \/>\n<meta property=\"og:site_name\" content=\"Estrat\u00e9gia Concursos\" \/>\n<meta property=\"article:published_time\" content=\"2020-10-05T20:24:50+00:00\" \/>\n<meta property=\"article:modified_time\" content=\"2020-10-06T11:47:02+00:00\" \/>\n<meta property=\"og:image\" content=\"https:\/\/dhg1h5j42swfq.cloudfront.net\/2020\/04\/28095459\/concurso-prf-610x319-1.jpg\" \/>\n\t<meta property=\"og:image:width\" content=\"610\" \/>\n\t<meta property=\"og:image:height\" content=\"319\" \/>\n\t<meta property=\"og:image:type\" content=\"image\/jpeg\" \/>\n<meta name=\"author\" content=\"Diego Cerqueira\" \/>\n<meta name=\"twitter:card\" content=\"summary_large_image\" \/>\n<meta name=\"twitter:creator\" content=\"@EstratConcursos\" \/>\n<meta name=\"twitter:site\" content=\"@EstratConcursos\" \/>\n<meta name=\"twitter:label1\" content=\"Escrito por\" \/>\n\t<meta name=\"twitter:data1\" content=\"Diego Cerqueira\" \/>\n\t<meta name=\"twitter:label2\" content=\"Est. tempo de leitura\" \/>\n\t<meta name=\"twitter:data2\" content=\"2 minutos\" \/>\n<script type=\"application\/ld+json\" class=\"yoast-schema-graph\">{\"@context\":\"https:\/\/schema.org\",\"@graph\":[{\"@type\":\"NewsArticle\",\"@id\":\"https:\/\/www.estrategiaconcursos.com.br\/blog\/edital-prf-2020\/#article\",\"isPartOf\":{\"@id\":\"https:\/\/www.estrategiaconcursos.com.br\/blog\/edital-prf-2020\/\"},\"author\":{\"name\":\"Diego Cerqueira\",\"@id\":\"https:\/\/www.estrategiaconcursos.com.br\/blog\/#\/schema\/person\/dd9f6d98671a3ac63bf25b40baf6f2e2\"},\"headline\":\"Diretor revela que edital da PRF pode sair em 2020. Confira!\",\"datePublished\":\"2020-10-05T20:24:50+00:00\",\"dateModified\":\"2020-10-06T11:47:02+00:00\",\"mainEntityOfPage\":{\"@id\":\"https:\/\/www.estrategiaconcursos.com.br\/blog\/edital-prf-2020\/\"},\"wordCount\":438,\"commentCount\":0,\"publisher\":{\"@id\":\"https:\/\/www.estrategiaconcursos.com.br\/blog\/#organization\"},\"image\":{\"@id\":\"https:\/\/www.estrategiaconcursos.com.br\/blog\/edital-prf-2020\/#primaryimage\"},\"thumbnailUrl\":\"https:\/\/dhg1h5j42swfq.cloudfront.net\/2020\/04\/28095459\/concurso-prf-610x319-1.jpg\",\"articleSection\":[\"Concursos P\u00fablicos\"],\"inLanguage\":\"pt-BR\",\"potentialAction\":[{\"@type\":\"CommentAction\",\"name\":\"Comment\",\"target\":[\"https:\/\/www.estrategiaconcursos.com.br\/blog\/edital-prf-2020\/#respond\"]}],\"copyrightYear\":\"2020\",\"copyrightHolder\":{\"@id\":\"https:\/\/www.estrategiaconcursos.com.br\/blog\/#organization\"}},{\"@type\":\"WebPage\",\"@id\":\"https:\/\/www.estrategiaconcursos.com.br\/blog\/edital-prf-2020\/\",\"url\":\"https:\/\/www.estrategiaconcursos.com.br\/blog\/edital-prf-2020\/\",\"name\":\"Diretor revela que edital da PRF pode sair em 2020. Confira!\",\"isPartOf\":{\"@id\":\"https:\/\/www.estrategiaconcursos.com.br\/blog\/#website\"},\"primaryImageOfPage\":{\"@id\":\"https:\/\/www.estrategiaconcursos.com.br\/blog\/edital-prf-2020\/#primaryimage\"},\"image\":{\"@id\":\"https:\/\/www.estrategiaconcursos.com.br\/blog\/edital-prf-2020\/#primaryimage\"},\"thumbnailUrl\":\"https:\/\/dhg1h5j42swfq.cloudfront.net\/2020\/04\/28095459\/concurso-prf-610x319-1.jpg\",\"datePublished\":\"2020-10-05T20:24:50+00:00\",\"dateModified\":\"2020-10-06T11:47:02+00:00\",\"description\":\"Em live realizada nas redes sociais, o diretor-executivo da PRF, Jos\u00e9 Hott, afirmou que a institui\u00e7\u00e3o est\u00e1 pronta para publicar o edital concurso em 2020.\",\"breadcrumb\":{\"@id\":\"https:\/\/www.estrategiaconcursos.com.br\/blog\/edital-prf-2020\/#breadcrumb\"},\"inLanguage\":\"pt-BR\",\"potentialAction\":[{\"@type\":\"ReadAction\",\"target\":[\"https:\/\/www.estrategiaconcursos.com.br\/blog\/edital-prf-2020\/\"]}]},{\"@type\":\"ImageObject\",\"inLanguage\":\"pt-BR\",\"@id\":\"https:\/\/www.estrategiaconcursos.com.br\/blog\/edital-prf-2020\/#primaryimage\",\"url\":\"https:\/\/dhg1h5j42swfq.cloudfront.net\/2020\/04\/28095459\/concurso-prf-610x319-1.jpg\",\"contentUrl\":\"https:\/\/dhg1h5j42swfq.cloudfront.net\/2020\/04\/28095459\/concurso-prf-610x319-1.jpg\",\"width\":610,\"height\":319},{\"@type\":\"BreadcrumbList\",\"@id\":\"https:\/\/www.estrategiaconcursos.com.br\/blog\/edital-prf-2020\/#breadcrumb\",\"itemListElement\":[{\"@type\":\"ListItem\",\"position\":1,\"name\":\"In\u00edcio\",\"item\":\"https:\/\/www.estrategiaconcursos.com.br\/blog\/\"},{\"@type\":\"ListItem\",\"position\":2,\"name\":\"Diretor revela que edital da PRF pode sair em 2020. Confira!\"}]},{\"@type\":\"WebSite\",\"@id\":\"https:\/\/www.estrategiaconcursos.com.br\/blog\/#website\",\"url\":\"https:\/\/www.estrategiaconcursos.com.br\/blog\/\",\"name\":\"Estrat\u00e9gia Concursos\",\"description\":\"O blog da Estrat\u00e9gia Concursos traz not\u00edcias sobre concursos e artigos de professores oferecendo cursos para concursos (pdf + videaulas) no site.\",\"publisher\":{\"@id\":\"https:\/\/www.estrategiaconcursos.com.br\/blog\/#organization\"},\"potentialAction\":[{\"@type\":\"SearchAction\",\"target\":{\"@type\":\"EntryPoint\",\"urlTemplate\":\"https:\/\/www.estrategiaconcursos.com.br\/blog\/?s={search_term_string}\"},\"query-input\":{\"@type\":\"PropertyValueSpecification\",\"valueRequired\":true,\"valueName\":\"search_term_string\"}}],\"inLanguage\":\"pt-BR\"},{\"@type\":\"Organization\",\"@id\":\"https:\/\/www.estrategiaconcursos.com.br\/blog\/#organization\",\"name\":\"Estrat\u00e9gia Concursos\",\"url\":\"https:\/\/www.estrategiaconcursos.com.br\/blog\/\",\"logo\":{\"@type\":\"ImageObject\",\"inLanguage\":\"pt-BR\",\"@id\":\"https:\/\/www.estrategiaconcursos.com.br\/blog\/#\/schema\/logo\/image\/\",\"url\":\"https:\/\/dhg1h5j42swfq.cloudfront.net\/2025\/06\/03203428\/logo_concursos-1.jpg\",\"contentUrl\":\"https:\/\/dhg1h5j42swfq.cloudfront.net\/2025\/06\/03203428\/logo_concursos-1.jpg\",\"width\":230,\"height\":60,\"caption\":\"Estrat\u00e9gia Concursos\"},\"image\":{\"@id\":\"https:\/\/www.estrategiaconcursos.com.br\/blog\/#\/schema\/logo\/image\/\"},\"sameAs\":[\"https:\/\/x.com\/EstratConcursos\"]},{\"@type\":\"Person\",\"@id\":\"https:\/\/www.estrategiaconcursos.com.br\/blog\/#\/schema\/person\/dd9f6d98671a3ac63bf25b40baf6f2e2\",\"name\":\"Diego Cerqueira\",\"image\":{\"@type\":\"ImageObject\",\"inLanguage\":\"pt-BR\",\"@id\":\"https:\/\/secure.gravatar.com\/avatar\/93f5bbe4c5469a613830caa67379a40ab60d82fa495e4fbb9e4039bce737c0cc?s=96&d=mm&r=g\",\"url\":\"https:\/\/secure.gravatar.com\/avatar\/93f5bbe4c5469a613830caa67379a40ab60d82fa495e4fbb9e4039bce737c0cc?s=96&d=mm&r=g\",\"contentUrl\":\"https:\/\/secure.gravatar.com\/avatar\/93f5bbe4c5469a613830caa67379a40ab60d82fa495e4fbb9e4039bce737c0cc?s=96&d=mm&r=g\",\"caption\":\"Diego Cerqueira\"},\"url\":\"https:\/\/www.estrategiaconcursos.com.br\/blog\/author\/diegocerqueiraestrategiaconcursos-com-br-2\/\"}]}<\/script>\n<!-- \/ Yoast SEO Premium plugin. -->","yoast_head_json":{"title":"Diretor revela que edital da PRF pode sair em 2020. Confira!","description":"Em live realizada nas redes sociais, o diretor-executivo da PRF, Jos\u00e9 Hott, afirmou que a institui\u00e7\u00e3o est\u00e1 pronta para publicar o edital concurso em 2020.","robots":{"index":"index","follow":"follow","max-snippet":"max-snippet:-1","max-image-preview":"max-image-preview:large","max-video-preview":"max-video-preview:-1"},"canonical":"https:\/\/www.estrategiaconcursos.com.br\/blog\/edital-prf-2020\/","og_locale":"pt_BR","og_type":"article","og_title":"Diretor revela que edital da PRF pode sair em 2020. Confira!","og_description":"Em live realizada nas redes sociais, o diretor-executivo da PRF, Jos\u00e9 Hott, afirmou que a institui\u00e7\u00e3o est\u00e1 pronta para publicar o edital concurso em 2020.","og_url":"https:\/\/www.estrategiaconcursos.com.br\/blog\/edital-prf-2020\/","og_site_name":"Estrat\u00e9gia Concursos","article_published_time":"2020-10-05T20:24:50+00:00","article_modified_time":"2020-10-06T11:47:02+00:00","og_image":[{"width":610,"height":319,"url":"https:\/\/dhg1h5j42swfq.cloudfront.net\/2020\/04\/28095459\/concurso-prf-610x319-1.jpg","type":"image\/jpeg"}],"author":"Diego Cerqueira","twitter_card":"summary_large_image","twitter_creator":"@EstratConcursos","twitter_site":"@EstratConcursos","twitter_misc":{"Escrito por":"Diego Cerqueira","Est. tempo de leitura":"2 minutos"},"schema":{"@context":"https:\/\/schema.org","@graph":[{"@type":"NewsArticle","@id":"https:\/\/www.estrategiaconcursos.com.br\/blog\/edital-prf-2020\/#article","isPartOf":{"@id":"https:\/\/www.estrategiaconcursos.com.br\/blog\/edital-prf-2020\/"},"author":{"name":"Diego Cerqueira","@id":"https:\/\/www.estrategiaconcursos.com.br\/blog\/#\/schema\/person\/dd9f6d98671a3ac63bf25b40baf6f2e2"},"headline":"Diretor revela que edital da PRF pode sair em 2020. Confira!","datePublished":"2020-10-05T20:24:50+00:00","dateModified":"2020-10-06T11:47:02+00:00","mainEntityOfPage":{"@id":"https:\/\/www.estrategiaconcursos.com.br\/blog\/edital-prf-2020\/"},"wordCount":438,"commentCount":0,"publisher":{"@id":"https:\/\/www.estrategiaconcursos.com.br\/blog\/#organization"},"image":{"@id":"https:\/\/www.estrategiaconcursos.com.br\/blog\/edital-prf-2020\/#primaryimage"},"thumbnailUrl":"https:\/\/dhg1h5j42swfq.cloudfront.net\/2020\/04\/28095459\/concurso-prf-610x319-1.jpg","articleSection":["Concursos P\u00fablicos"],"inLanguage":"pt-BR","potentialAction":[{"@type":"CommentAction","name":"Comment","target":["https:\/\/www.estrategiaconcursos.com.br\/blog\/edital-prf-2020\/#respond"]}],"copyrightYear":"2020","copyrightHolder":{"@id":"https:\/\/www.estrategiaconcursos.com.br\/blog\/#organization"}},{"@type":"WebPage","@id":"https:\/\/www.estrategiaconcursos.com.br\/blog\/edital-prf-2020\/","url":"https:\/\/www.estrategiaconcursos.com.br\/blog\/edital-prf-2020\/","name":"Diretor revela que edital da PRF pode sair em 2020. Confira!","isPartOf":{"@id":"https:\/\/www.estrategiaconcursos.com.br\/blog\/#website"},"primaryImageOfPage":{"@id":"https:\/\/www.estrategiaconcursos.com.br\/blog\/edital-prf-2020\/#primaryimage"},"image":{"@id":"https:\/\/www.estrategiaconcursos.com.br\/blog\/edital-prf-2020\/#primaryimage"},"thumbnailUrl":"https:\/\/dhg1h5j42swfq.cloudfront.net\/2020\/04\/28095459\/concurso-prf-610x319-1.jpg","datePublished":"2020-10-05T20:24:50+00:00","dateModified":"2020-10-06T11:47:02+00:00","description":"Em live realizada nas redes sociais, o diretor-executivo da PRF, Jos\u00e9 Hott, afirmou que a institui\u00e7\u00e3o est\u00e1 pronta para publicar o edital concurso em 2020.","breadcrumb":{"@id":"https:\/\/www.estrategiaconcursos.com.br\/blog\/edital-prf-2020\/#breadcrumb"},"inLanguage":"pt-BR","potentialAction":[{"@type":"ReadAction","target":["https:\/\/www.estrategiaconcursos.com.br\/blog\/edital-prf-2020\/"]}]},{"@type":"ImageObject","inLanguage":"pt-BR","@id":"https:\/\/www.estrategiaconcursos.com.br\/blog\/edital-prf-2020\/#primaryimage","url":"https:\/\/dhg1h5j42swfq.cloudfront.net\/2020\/04\/28095459\/concurso-prf-610x319-1.jpg","contentUrl":"https:\/\/dhg1h5j42swfq.cloudfront.net\/2020\/04\/28095459\/concurso-prf-610x319-1.jpg","width":610,"height":319},{"@type":"BreadcrumbList","@id":"https:\/\/www.estrategiaconcursos.com.br\/blog\/edital-prf-2020\/#breadcrumb","itemListElement":[{"@type":"ListItem","position":1,"name":"In\u00edcio","item":"https:\/\/www.estrategiaconcursos.com.br\/blog\/"},{"@type":"ListItem","position":2,"name":"Diretor revela que edital da PRF pode sair em 2020. Confira!"}]},{"@type":"WebSite","@id":"https:\/\/www.estrategiaconcursos.com.br\/blog\/#website","url":"https:\/\/www.estrategiaconcursos.com.br\/blog\/","name":"Estrat\u00e9gia Concursos","description":"O blog da Estrat\u00e9gia Concursos traz not\u00edcias sobre concursos e artigos de professores oferecendo cursos para concursos (pdf + videaulas) no site.","publisher":{"@id":"https:\/\/www.estrategiaconcursos.com.br\/blog\/#organization"},"potentialAction":[{"@type":"SearchAction","target":{"@type":"EntryPoint","urlTemplate":"https:\/\/www.estrategiaconcursos.com.br\/blog\/?s={search_term_string}"},"query-input":{"@type":"PropertyValueSpecification","valueRequired":true,"valueName":"search_term_string"}}],"inLanguage":"pt-BR"},{"@type":"Organization","@id":"https:\/\/www.estrategiaconcursos.com.br\/blog\/#organization","name":"Estrat\u00e9gia Concursos","url":"https:\/\/www.estrategiaconcursos.com.br\/blog\/","logo":{"@type":"ImageObject","inLanguage":"pt-BR","@id":"https:\/\/www.estrategiaconcursos.com.br\/blog\/#\/schema\/logo\/image\/","url":"https:\/\/dhg1h5j42swfq.cloudfront.net\/2025\/06\/03203428\/logo_concursos-1.jpg","contentUrl":"https:\/\/dhg1h5j42swfq.cloudfront.net\/2025\/06\/03203428\/logo_concursos-1.jpg","width":230,"height":60,"caption":"Estrat\u00e9gia Concursos"},"image":{"@id":"https:\/\/www.estrategiaconcursos.com.br\/blog\/#\/schema\/logo\/image\/"},"sameAs":["https:\/\/x.com\/EstratConcursos"]},{"@type":"Person","@id":"https:\/\/www.estrategiaconcursos.com.br\/blog\/#\/schema\/person\/dd9f6d98671a3ac63bf25b40baf6f2e2","name":"Diego Cerqueira","image":{"@type":"ImageObject","inLanguage":"pt-BR","@id":"https:\/\/secure.gravatar.com\/avatar\/93f5bbe4c5469a613830caa67379a40ab60d82fa495e4fbb9e4039bce737c0cc?s=96&d=mm&r=g","url":"https:\/\/secure.gravatar.com\/avatar\/93f5bbe4c5469a613830caa67379a40ab60d82fa495e4fbb9e4039bce737c0cc?s=96&d=mm&r=g","contentUrl":"https:\/\/secure.gravatar.com\/avatar\/93f5bbe4c5469a613830caa67379a40ab60d82fa495e4fbb9e4039bce737c0cc?s=96&d=mm&r=g","caption":"Diego Cerqueira"},"url":"https:\/\/www.estrategiaconcursos.com.br\/blog\/author\/diegocerqueiraestrategiaconcursos-com-br-2\/"}]}},"_links":{"self":[{"href":"https:\/\/www.estrategiaconcursos.com.br\/blog\/wp-json\/wp\/v2\/posts\/583274","targetHints":{"allow":["GET"]}}],"collection":[{"href":"https:\/\/www.estrategiaconcursos.com.br\/blog\/wp-json\/wp\/v2\/posts"}],"about":[{"href":"https:\/\/www.estrategiaconcursos.com.br\/blog\/wp-json\/wp\/v2\/types\/post"}],"author":[{"embeddable":true,"href":"https:\/\/www.estrategiaconcursos.com.br\/blog\/wp-json\/wp\/v2\/users\/1482"}],"replies":[{"embeddable":true,"href":"https:\/\/www.estrategiaconcursos.com.br\/blog\/wp-json\/wp\/v2\/comments?post=583274"}],"version-history":[{"count":2,"href":"https:\/\/www.estrategiaconcursos.com.br\/blog\/wp-json\/wp\/v2\/posts\/583274\/revisions"}],"predecessor-version":[{"id":583536,"href":"https:\/\/www.estrategiaconcursos.com.br\/blog\/wp-json\/wp\/v2\/posts\/583274\/revisions\/583536"}],"wp:featuredmedia":[{"embeddable":true,"href":"https:\/\/www.estrategiaconcursos.com.br\/blog\/wp-json\/wp\/v2\/media\/507989"}],"wp:attachment":[{"href":"https:\/\/www.estrategiaconcursos.com.br\/blog\/wp-json\/wp\/v2\/media?parent=583274"}],"wp:term":[{"taxonomy":"category","embeddable":true,"href":"https:\/\/www.estrategiaconcursos.com.br\/blog\/wp-json\/wp\/v2\/categories?post=583274"},{"taxonomy":"post_tag","embeddable":true,"href":"https:\/\/www.estrategiaconcursos.com.br\/blog\/wp-json\/wp\/v2\/tags?post=583274"},{"taxonomy":"tax_estado","embeddable":true,"href":"https:\/\/www.estrategiaconcursos.com.br\/blog\/wp-json\/wp\/v2\/tax_estado?post=583274"}],"curies":[{"name":"wp","href":"https:\/\/api.w.org\/{rel}","templated":true}]}}