{"id":583132,"date":"2020-10-05T14:50:46","date_gmt":"2020-10-05T17:50:46","guid":{"rendered":"https:\/\/www.estrategiaconcursos.com.br\/blog\/?p=583132"},"modified":"2023-07-13T15:18:25","modified_gmt":"2023-07-13T18:18:25","slug":"lei-promulgada-salarios","status":"publish","type":"post","link":"https:\/\/www.estrategiaconcursos.com.br\/blog\/lei-promulgada-salarios\/","title":{"rendered":"Promulgada Lei que reajusta os sal\u00e1rios das for\u00e7as de seguran\u00e7a do DF"},"content":{"rendered":"\n<p>Foi promulgada a <strong>Lei N\u00ba 14.059<\/strong> (antiga <strong>MP 971<\/strong>), de 22 de setembro de 2020, que reajusta os sal\u00e1rios da Pol\u00edcia Militar, Corpo de Bombeiros Militar e da Pol\u00edcia Civil do Distrito Federal, al\u00e9m da Pol\u00edcia Militar e do Corpo de Bombeiros Militar dos extintos Territ\u00f3rios Federais. <\/p>\n\n\n\n<p>Vale lembrar que a Lei visa o aumento de 8% para a pol\u00edcia civil e 25% sobre a vantagem pecuni\u00e1ria especial (VPEs) dos bombeiros e pol\u00edcia militar.<\/p>\n\n\n\n<p><em>Confira ao longo da mat\u00e9rias os novos valores:<\/em><\/p>\n\n\n\n<p>De acordo com o texto, passam a vigorar as seguintes altera\u00e7\u00f5es nas Leis n\u00bas 9.264, de 7 de fevereiro\/1996, 11.134, de 15 de julho\/2005, 11.361, de 19 de outubro\/2006 e 13.328, de 29 de julho\/2016: <\/p>\n\n\n\n<p><strong>Art.&nbsp;<\/strong>1\u00ba&nbsp;O&nbsp;art. 12-B da Lei n\u00ba 9.264, de 7 de fevereiro de 1996, passa a vigorar com as seguintes altera\u00e7\u00f5es:<\/p>\n\n\n\n<p>\u201c<strong>Art.&nbsp;<\/strong>12-B&#8230;&#8230;&#8230;&#8230;&#8230;&#8230;&#8230;&#8230;&#8230;&#8230;&#8230;&#8230;&#8230;&#8230;&#8230;&#8230;&#8230;&#8230;&#8230;&#8230;&#8230;&#8230;&#8230;&#8230;&#8230;&#8230;&#8230;&#8230;&#8230;&#8230;&#8230;&#8230;&#8230;&#8230;&#8230;&#8230;&#8230;&#8230;&#8230;&#8230;&#8230;<\/p>\n\n\n\n<p>I \u2013&nbsp;Presid\u00eancia e Vice-Presid\u00eancia da Rep\u00fablica, para o exerc\u00edcio de cargo em comiss\u00e3o ou fun\u00e7\u00e3o de confian\u00e7a ou para a ocupa\u00e7\u00e3o de Gratifica\u00e7\u00e3o de Representa\u00e7\u00e3o da Presid\u00eancia da Rep\u00fablica;<\/p>\n\n\n\n<p>VI-A \u2013&nbsp;Estados, para o exerc\u00edcio de cargo de Secret\u00e1rio de Estado ou cargo equivalente ao segundo na hierarquia da Secretaria de Estado;<\/p>\n\n\n\n<p>&#8230;&#8230;&#8230;&#8230;&#8230;&#8230;&#8230;&#8230;&#8230;&#8230;&#8230;&#8230;&#8230;&#8230;&#8230;&#8230;&#8230;&#8230;&#8230;&#8230;&#8230;&#8230;&#8230;&#8230;&#8230;&#8230;&#8230;&#8230;&#8230;&#8230;&#8230;&#8230;&#8230;&#8230;&#8230;&#8230;&#8230;&#8230;&#8230;&#8230;&#8230;&#8230;&#8230;&#8230;&#8230;&#8230;..\u201d&nbsp;(NR)<\/p>\n\n\n\n<p><strong>Art.&nbsp;<\/strong>2\u00ba&nbsp;O&nbsp;art. 29-A da Lei n\u00ba 11.134, de 15 de julho de 2005, passa a vigorar com as seguintes altera\u00e7\u00f5es:<\/p>\n\n\n\n<p>\u201c<strong>Art.&nbsp;<\/strong>29-A&#8230;&#8230;&#8230;&#8230;&#8230;&#8230;&#8230;&#8230;&#8230;&#8230;&#8230;&#8230;&#8230;&#8230;&#8230;&#8230;&#8230;&#8230;&#8230;&#8230;&#8230;&#8230;&#8230;&#8230;&#8230;&#8230;&#8230;&#8230;&#8230;&#8230;&#8230;&#8230;&#8230;&#8230;&#8230;&#8230;&#8230;&#8230;&#8230;&#8230;&#8230;<\/p>\n\n\n\n<p>I \u2013&nbsp;Presid\u00eancia e Vice-Presid\u00eancia da Rep\u00fablica, para o exerc\u00edcio de cargo em comiss\u00e3o ou fun\u00e7\u00e3o de confian\u00e7a ou para a ocupa\u00e7\u00e3o de Gratifica\u00e7\u00e3o de Representa\u00e7\u00e3o da Presid\u00eancia da Rep\u00fablica;<\/p>\n\n\n\n<p>&#8230;&#8230;&#8230;&#8230;&#8230;&#8230;&#8230;&#8230;&#8230;&#8230;&#8230;&#8230;&#8230;&#8230;&#8230;&#8230;&#8230;&#8230;&#8230;&#8230;&#8230;&#8230;&#8230;&#8230;&#8230;&#8230;&#8230;&#8230;&#8230;&#8230;&#8230;&#8230;&#8230;&#8230;&#8230;&#8230;&#8230;&#8230;&#8230;&#8230;&#8230;&#8230;&#8230;&#8230;&#8230;&#8230;..\u201d&nbsp;(NR)<\/p>\n\n\n\n<p><strong>Art.&nbsp;<\/strong>3\u00ba&nbsp;O Anexo I da&nbsp;Lei n\u00ba 11.134, de 15 de julho de 2005, passa a vigorar na forma do Anexo I desta Lei.<\/p>\n\n\n\n<p><strong>Art.&nbsp;<\/strong>4\u00ba&nbsp;Os Anexos I e II da&nbsp;Lei n\u00ba 11.361, de 19 de outubro de 2006, passam a vigorar, respectivamente, na forma dos Anexos II e III desta Lei.<\/p>\n\n\n\n<p><strong>Art.&nbsp;<\/strong>5\u00ba&nbsp;O Anexo XIII da&nbsp;Lei n\u00ba 13.328, de 29 de julho de 2016, passa a vigorar na forma do Anexo IV desta Lei.<\/p>\n\n\n\n<h4 class=\"wp-block-heading\" id=\"h-anexo-i-a-lei-n\u00ba-11-134-de-15-de-julho-2005-vantagem-pecuniaria-especial-vpe-pmdf-e-cbmdf\">Anexo I \u00e0 Lei n\u00ba 11.134, de 15 de julho\/2005 &#8211; Vantagem Pecuni\u00e1ria Especial &#8211; VPE &#8211; PMDF e CBMDF<\/h4>\n\n\n\n<figure class=\"wp-block-table is-style-stripes\"><table class=\"has-background\" style=\"background-color:#e9fbe5\"><tbody><tr><td class=\"has-text-align-center\" data-align=\"center\"><strong>POSTO OU GRADUA\u00c7\u00c3O<\/strong><\/td><td class=\"has-text-align-center\" data-align=\"center\"><strong>AT\u00c9 31 DE DEZEMBRODE 2019<\/strong><\/td><td class=\"has-text-align-center\" data-align=\"center\"><strong>A PARTIR DE 1\u00ba DEJANEIRO DE 2020<\/strong><\/td><\/tr><tr><td class=\"has-text-align-center\" data-align=\"center\">OFICIAIS SUPERIORES<\/td><\/tr><tr><td class=\"has-text-align-center\" data-align=\"center\">Coronel<\/td><td class=\"has-text-align-center\" data-align=\"center\">7.279,17<\/td><td class=\"has-text-align-center\" data-align=\"center\">9.098,96<\/td><\/tr><tr><td class=\"has-text-align-center\" data-align=\"center\">Tenente-Coronel<\/td><td class=\"has-text-align-center\" data-align=\"center\">6.999,45<\/td><td class=\"has-text-align-center\" data-align=\"center\">8.749,31<\/td><\/tr><tr><td class=\"has-text-align-center\" data-align=\"center\">Major<\/td><td class=\"has-text-align-center\" data-align=\"center\">6.309,39<\/td><td class=\"has-text-align-center\" data-align=\"center\">7.886,74<\/td><\/tr><tr><td class=\"has-text-align-center\" data-align=\"center\">OFICIAIS INTERMEDI\u00c1RIOS<\/td><\/tr><tr><td class=\"has-text-align-center\" data-align=\"center\">Capit\u00e3o<\/td><td class=\"has-text-align-center\" data-align=\"center\">5.341,12<\/td><td class=\"has-text-align-center\" data-align=\"center\">6.676,40<\/td><\/tr><tr><td class=\"has-text-align-center\" data-align=\"center\">OFICIAIS SUBALTERNOS<\/td><\/tr><tr><td class=\"has-text-align-center\" data-align=\"center\">Primeiro-Tenente<\/td><td class=\"has-text-align-center\" data-align=\"center\">4.733,70<\/td><td class=\"has-text-align-center\" data-align=\"center\">5.917,13<\/td><\/tr><tr><td class=\"has-text-align-center\" data-align=\"center\">Segundo-Tenente<\/td><td class=\"has-text-align-center\" data-align=\"center\">4.436,95<\/td><td class=\"has-text-align-center\" data-align=\"center\">5.546,19<\/td><\/tr><tr><td class=\"has-text-align-center\" data-align=\"center\">PRA\u00c7AS ESPECIAIS<\/td><\/tr><tr><td class=\"has-text-align-center\" data-align=\"center\">Aspirante a Oficial<\/td><td class=\"has-text-align-center\" data-align=\"center\">3.725,32<\/td><td class=\"has-text-align-center\" data-align=\"center\">4.656,65<\/td><\/tr><tr><td class=\"has-text-align-center\" data-align=\"center\">Cadete (\u00faltimo ano) da Academia de Pol\u00edcia Militar ou Bombeiro Militar<\/td><td class=\"has-text-align-center\" data-align=\"center\">2.041,38<\/td><td class=\"has-text-align-center\" data-align=\"center\">2.551,73<\/td><\/tr><tr><td class=\"has-text-align-center\" data-align=\"center\">Cadete (demais anos) da Academia de Pol\u00edcia Militar ou Bombeiro Militar<\/td><td class=\"has-text-align-center\" data-align=\"center\">1.498,95<\/td><td class=\"has-text-align-center\" data-align=\"center\">1.873,69<\/td><\/tr><tr><td class=\"has-text-align-center\" data-align=\"center\">PRA\u00c7AS GRADUADAS<\/td><\/tr><tr><td class=\"has-text-align-center\" data-align=\"center\">Subtenente<\/td><td class=\"has-text-align-center\" data-align=\"center\">3.611,19<\/td><td class=\"has-text-align-center\" data-align=\"center\">4.513,99<\/td><\/tr><tr><td class=\"has-text-align-center\" data-align=\"center\">Primeiro-Sargento<\/td><td class=\"has-text-align-center\" data-align=\"center\">3.251,95<\/td><td class=\"has-text-align-center\" data-align=\"center\">4.064,94<\/td><\/tr><tr><td class=\"has-text-align-center\" data-align=\"center\">Segundo-Sargento<\/td><td class=\"has-text-align-center\" data-align=\"center\">2.917,07<\/td><td class=\"has-text-align-center\" data-align=\"center\">3.646,34<\/td><\/tr><tr><td class=\"has-text-align-center\" data-align=\"center\">Terceiro-Sargento<\/td><td class=\"has-text-align-center\" data-align=\"center\">2.629,03<\/td><td class=\"has-text-align-center\" data-align=\"center\">3.286,29<\/td><\/tr><tr><td class=\"has-text-align-center\" data-align=\"center\">Cabo<\/td><td class=\"has-text-align-center\" data-align=\"center\">2.240,07<\/td><td class=\"has-text-align-center\" data-align=\"center\">2.800,09<\/td><\/tr><tr><td class=\"has-text-align-center\" data-align=\"center\">DEMAIS PRA\u00c7AS<\/td><\/tr><tr><td class=\"has-text-align-center\" data-align=\"center\">Soldado &#8211; Primeira Classe<\/td><td class=\"has-text-align-center\" data-align=\"center\">2.119,40<\/td><td class=\"has-text-align-center\" data-align=\"center\">2.649,25<\/td><\/tr><tr><td class=\"has-text-align-center\" data-align=\"center\">Soldado &#8211; Segunda Classe<\/td><td class=\"has-text-align-center\" data-align=\"center\">1.498,95<\/td><td class=\"has-text-align-center\" data-align=\"center\">1.873,69<\/td><\/tr><\/tbody><\/table><\/figure>\n\n\n\n<h4 class=\"wp-block-heading\" id=\"h-anexo-i-a-lei-n\u00ba-11-361-de-19-de-outubro-2006-subsidios-carreira-de-delegado-pcdf\">Anexo I \u00e0 Lei n\u00ba 11.361, de 19 de outubro\/2006 &#8211; Subs\u00eddios carreira de Delegado PCDF<\/h4>\n\n\n\n<figure class=\"wp-block-table is-style-stripes\"><table class=\"has-background\" style=\"background-color:#e7f5fe\"><tbody><tr><td class=\"has-text-align-center\" data-align=\"center\"><strong>CARGO<\/strong><\/td><td class=\"has-text-align-center\" data-align=\"center\"><strong>CATEGORIA<\/strong><\/td><td class=\"has-text-align-center\" data-align=\"center\"><strong>AT\u00c9 31 DE DEZEMBRODE 2019<\/strong><\/td><td class=\"has-text-align-center\" data-align=\"center\"><strong>A PARTIR DE 1\u00ba DEJANEIRO DE 2020<\/strong><\/td><\/tr><tr><td class=\"has-text-align-center\" data-align=\"center\">Delegado de Pol\u00edcia<\/td><td class=\"has-text-align-center\" data-align=\"center\">Especial<\/td><td class=\"has-text-align-center\" data-align=\"center\">22.805,00<\/td><td class=\"has-text-align-center\" data-align=\"center\">24.629,40<\/td><\/tr><tr><td class=\"has-text-align-center\" data-align=\"center\">&nbsp;<\/td><td class=\"has-text-align-center\" data-align=\"center\">Primeira<\/td><td class=\"has-text-align-center\" data-align=\"center\">20.256,59<\/td><td class=\"has-text-align-center\" data-align=\"center\">21.877,12<\/td><\/tr><tr><td class=\"has-text-align-center\" data-align=\"center\">&nbsp;<\/td><td class=\"has-text-align-center\" data-align=\"center\">Segunda<\/td><td class=\"has-text-align-center\" data-align=\"center\">17.330,34<\/td><td class=\"has-text-align-center\" data-align=\"center\">18.716,77<\/td><\/tr><tr><td class=\"has-text-align-center\" data-align=\"center\">&nbsp;<\/td><td class=\"has-text-align-center\" data-align=\"center\">Terceira<\/td><td class=\"has-text-align-center\" data-align=\"center\">16.830,85<\/td><td class=\"has-text-align-center\" data-align=\"center\">18.177,32<\/td><\/tr><\/tbody><\/table><\/figure>\n\n\n\n<h4 class=\"wp-block-heading\" id=\"h-anexo-ii-a-lei-n\u00ba-11-361-de-19-de-outubro-2006-subsidios-carreiras-da-pcdf\">Anexo II \u00e0 Lei n\u00ba 11.361, de 19 de outubro\/2006 &#8211; Subs\u00eddios carreiras da PCDF<\/h4>\n\n\n\n<p><strong>I: Valor do subs\u00eddio para os cargos de Perito Criminal e Perito M\u00e9dico-legista:<\/strong><\/p>\n\n\n\n<figure class=\"wp-block-table is-style-stripes\"><table class=\"has-background\" style=\"background-color:#e7f5fe\"><tbody><tr><td class=\"has-text-align-center\" data-align=\"center\"><strong>CARGO<\/strong><\/td><td class=\"has-text-align-center\" data-align=\"center\"><strong>CATEGORIA<\/strong><\/td><td class=\"has-text-align-center\" data-align=\"center\"><strong>AT\u00c9 31 DE DEZEMBRODE 2019<\/strong><\/td><td class=\"has-text-align-center\" data-align=\"center\"><strong>A PARTIR DE 1\u00ba DEJANEIRO DE 2020<\/strong><\/td><\/tr><tr><td class=\"has-text-align-center\" data-align=\"center\">Perito CriminalPerito M\u00e9dico-Legista<\/td><td class=\"has-text-align-center\" data-align=\"center\">Especial<\/td><td class=\"has-text-align-center\" data-align=\"center\">22.805,00<\/td><td class=\"has-text-align-center\" data-align=\"center\">24.629,40<\/td><\/tr><tr><td class=\"has-text-align-center\" data-align=\"center\">&nbsp;<\/td><td class=\"has-text-align-center\" data-align=\"center\">Primeira<\/td><td class=\"has-text-align-center\" data-align=\"center\">20.256,59<\/td><td class=\"has-text-align-center\" data-align=\"center\">21.877,12<\/td><\/tr><tr><td class=\"has-text-align-center\" data-align=\"center\">&nbsp;<\/td><td class=\"has-text-align-center\" data-align=\"center\">Segunda<\/td><td class=\"has-text-align-center\" data-align=\"center\">17.330,34<\/td><td class=\"has-text-align-center\" data-align=\"center\">18.716,77<\/td><\/tr><tr><td class=\"has-text-align-center\" data-align=\"center\">&nbsp;<\/td><td class=\"has-text-align-center\" data-align=\"center\">Terceira<\/td><td class=\"has-text-align-center\" data-align=\"center\">16.830,85<\/td><td class=\"has-text-align-center\" data-align=\"center\">18.177,32<\/td><\/tr><\/tbody><\/table><\/figure>\n\n\n\n<p><strong>II: Valor do subs\u00eddio para os cargos de Agente de Pol\u00edcia, Escriv\u00e3o de Pol\u00edcia, Papiloscopista e Agente Policial de Cust\u00f3dia:<\/strong><\/p>\n\n\n\n<figure class=\"wp-block-table is-style-stripes\"><table class=\"has-background\" style=\"background-color:#e7f5fe\"><tbody><tr><td class=\"has-text-align-center\" data-align=\"center\"><strong>CARGO<\/strong><\/td><td class=\"has-text-align-center\" data-align=\"center\"><strong>CATEGORIA<\/strong><\/td><td class=\"has-text-align-center\" data-align=\"center\"><strong>AT\u00c9 31 DE DEZEMBRODE 2019<\/strong><\/td><td class=\"has-text-align-center\" data-align=\"center\"><strong>A PARTIR DE 1\u00ba DEJANEIRO DE 2020<\/strong><\/td><\/tr><tr><td class=\"has-text-align-center\" data-align=\"center\">Agente de Pol\u00edcia, Escriv\u00e3o de Pol\u00edcia, Papiloscopista e Agente Policial de Cust\u00f3dia<\/td><td class=\"has-text-align-center\" data-align=\"center\">Especial<\/td><td class=\"has-text-align-center\" data-align=\"center\">13.751,51<\/td><td class=\"has-text-align-center\" data-align=\"center\">14.851,63<\/td><\/tr><tr><td class=\"has-text-align-center\" data-align=\"center\">&nbsp;<\/td><td class=\"has-text-align-center\" data-align=\"center\">Primeira<\/td><td class=\"has-text-align-center\" data-align=\"center\">10.961,45<\/td><td class=\"has-text-align-center\" data-align=\"center\">11.838,37<\/td><\/tr><tr><td class=\"has-text-align-center\" data-align=\"center\">&nbsp;<\/td><td class=\"has-text-align-center\" data-align=\"center\">Segunda<\/td><td class=\"has-text-align-center\" data-align=\"center\">9.129,01<\/td><td class=\"has-text-align-center\" data-align=\"center\">9.859,33<\/td><\/tr><tr><td class=\"has-text-align-center\" data-align=\"center\">&nbsp;<\/td><td class=\"has-text-align-center\" data-align=\"center\">Terceira<\/td><td class=\"has-text-align-center\" data-align=\"center\">8.698,78<\/td><td class=\"has-text-align-center\" data-align=\"center\">9.394,68<\/td><\/tr><\/tbody><\/table><\/figure>\n\n\n\n<h4 class=\"wp-block-heading\" id=\"h-anexo-xiii-a-lei-n\u00ba-13-328-de-29-de-julho-2016-vantagem-pecuniaria-especifica-da-policia-militar-e-do-corpo-de-bombeiros-militar-dos-extintos-territorios-federais-vpext\"><strong>Anexo XIII \u00e0 Lei n\u00ba 13.328, de 29 de julho\/2016 &#8211; <\/strong>Vantagem Pecuni\u00e1ria Espec\u00edfica da Pol\u00edcia Militar e do Corpo de Bombeiros Militar dos Extintos Territ\u00f3rios Federais &#8211; VPEXT<\/h4>\n\n\n\n<figure class=\"wp-block-table is-style-stripes\"><table class=\"has-background\" style=\"background-color:#e9fbe5\"><tbody><tr><td class=\"has-text-align-center\" data-align=\"center\"><strong>POSTO OU GRADUA\u00c7\u00c3O<\/strong><\/td><td class=\"has-text-align-center\" data-align=\"center\"><strong>AT\u00c9 31 DE DEZEMBRODE 2019<\/strong><\/td><td class=\"has-text-align-center\" data-align=\"center\"><strong>A PARTIR DE 1\u00ba DEJANEIRO DE 2020<\/strong><\/td><\/tr><tr><td class=\"has-text-align-center\" data-align=\"center\">OFICIAIS SUPERIORES<\/td><\/tr><tr><td class=\"has-text-align-center\" data-align=\"center\">Coronel<\/td><td class=\"has-text-align-center\" data-align=\"center\">4.487,23<\/td><td class=\"has-text-align-center\" data-align=\"center\">5.609,04<\/td><\/tr><tr><td class=\"has-text-align-center\" data-align=\"center\">Tenente-Coronel<\/td><td class=\"has-text-align-center\" data-align=\"center\">4.302,95<\/td><td class=\"has-text-align-center\" data-align=\"center\">5.378,69<\/td><\/tr><tr><td class=\"has-text-align-center\" data-align=\"center\">Major<\/td><td class=\"has-text-align-center\" data-align=\"center\">3.971,86<\/td><td class=\"has-text-align-center\" data-align=\"center\">4.964,83<\/td><\/tr><tr><td class=\"has-text-align-center\" data-align=\"center\">OFICIAIS INTERMEDI\u00c1RIOS<\/td><\/tr><tr><td class=\"has-text-align-center\" data-align=\"center\">Capit\u00e3o<\/td><td class=\"has-text-align-center\" data-align=\"center\">3.365,58<\/td><td class=\"has-text-align-center\" data-align=\"center\">4.206,98<\/td><\/tr><tr><td class=\"has-text-align-center\" data-align=\"center\">OFICIAIS SUBALTERNOS<\/td><\/tr><tr><td class=\"has-text-align-center\" data-align=\"center\">Primeiro-Tenente<\/td><td class=\"has-text-align-center\" data-align=\"center\">3.041,65<\/td><td class=\"has-text-align-center\" data-align=\"center\">3.802,06<\/td><\/tr><tr><td class=\"has-text-align-center\" data-align=\"center\">Segundo-Tenente<\/td><td class=\"has-text-align-center\" data-align=\"center\">2.841,72<\/td><td class=\"has-text-align-center\" data-align=\"center\">3.552,15<\/td><\/tr><tr><td class=\"has-text-align-center\" data-align=\"center\">PRA\u00c7AS ESPECIAIS<\/td><\/tr><tr><td class=\"has-text-align-center\" data-align=\"center\">Aspirante a Oficial<\/td><td class=\"has-text-align-center\" data-align=\"center\">2.526,01<\/td><td class=\"has-text-align-center\" data-align=\"center\">3.157,51<\/td><\/tr><tr><td class=\"has-text-align-center\" data-align=\"center\">Cadete (\u00faltimo ano) da Academia de Pol\u00edcia Militar ou Bombeiro Militar<\/td><td class=\"has-text-align-center\" data-align=\"center\">1.555,85<\/td><td class=\"has-text-align-center\" data-align=\"center\">1.944,81<\/td><\/tr><tr><td class=\"has-text-align-center\" data-align=\"center\">Cadete (demais anos) da Academia de Pol\u00edcia Militar ou Bombeiro Militar<\/td><td class=\"has-text-align-center\" data-align=\"center\">1.103,48<\/td><td class=\"has-text-align-center\" data-align=\"center\">1.379,35<\/td><\/tr><tr><td class=\"has-text-align-center\" data-align=\"center\">PRA\u00c7AS GRADUADAS<\/td><\/tr><tr><td class=\"has-text-align-center\" data-align=\"center\">Subtenente<\/td><td class=\"has-text-align-center\" data-align=\"center\">2.443,59<\/td><td class=\"has-text-align-center\" data-align=\"center\">3.054,49<\/td><\/tr><tr><td class=\"has-text-align-center\" data-align=\"center\">Primeiro-Sargento<\/td><td class=\"has-text-align-center\" data-align=\"center\">2.212,17<\/td><td class=\"has-text-align-center\" data-align=\"center\">2.765,21<\/td><\/tr><tr><td class=\"has-text-align-center\" data-align=\"center\">Segundo-Sargento<\/td><td class=\"has-text-align-center\" data-align=\"center\">2.073,23<\/td><td class=\"has-text-align-center\" data-align=\"center\">2.591,54<\/td><\/tr><tr><td class=\"has-text-align-center\" data-align=\"center\">Terceiro-Sargento<\/td><td class=\"has-text-align-center\" data-align=\"center\">1.858,17<\/td><td class=\"has-text-align-center\" data-align=\"center\">2.322,71<\/td><\/tr><tr><td class=\"has-text-align-center\" data-align=\"center\">Cabo<\/td><td class=\"has-text-align-center\" data-align=\"center\">1.630,44<\/td><td class=\"has-text-align-center\" data-align=\"center\">2.038,05<\/td><\/tr><tr><td class=\"has-text-align-center\" data-align=\"center\">DEMAIS PRA\u00c7AS<\/td><\/tr><tr><td class=\"has-text-align-center\" data-align=\"center\">Soldado &#8211; Primeira Classe<\/td><td class=\"has-text-align-center\" data-align=\"center\">1.561,77<\/td><td class=\"has-text-align-center\" data-align=\"center\">1.952,21<\/td><\/tr><tr><td class=\"has-text-align-center\" data-align=\"center\">Soldado &#8211; Segunda Classe<\/td><td class=\"has-text-align-center\" data-align=\"center\">1.103,48<\/td><td class=\"has-text-align-center\" data-align=\"center\">1.379,35<\/td><\/tr><\/tbody><\/table><\/figure>\n\n\n\n<p>Vale lembrar que o Art.<strong>&nbsp;<\/strong>6\u00ba da <strong>Lei N\u00ba 14.059<\/strong>, que entrou em vigor na data de sua publica\u00e7\u00e3o (22\/09), determina que os efeitos financeiros s\u00e3o retroativos a partir de 1\u00ba de janeiro de 2020.<\/p>\n\n\n\n<p>Para mais informa\u00e7\u00f5es sobre a Lei N\u00ba 14.059, promulgada para reajustar os sal\u00e1rios das for\u00e7as de seguran\u00e7a, leia a \u00edntegra abaixo: <\/p>\n\n\n\n<p class=\"has-text-align-center has-pale-cyan-blue-background-color has-background has-medium-font-size\"><strong><a rel=\"noreferrer noopener\" href=\"https:\/\/legis.senado.leg.br\/norma\/32789770\" target=\"_blank\">Lei N\u00ba 14.059<\/a><\/strong><\/p>\n\n\n\n<p class=\"has-text-align-center has-background\" style=\"background-color:#d3d6d8\"><strong>Saiba mais: Concursos <a rel=\"noreferrer noopener\" href=\"https:\/\/www.estrategiaconcursos.com.br\/blog\/concurso-pcdf\/\" target=\"_blank\">PCDF<\/a> | <a href=\"https:\/\/www.estrategiaconcursos.com.br\/blog\/concurso-pmdf\/\">PMDF<\/a><\/strong><\/p>\n\n\n\n<p class=\"has-text-align-center has-medium-font-size\"><em>Gostou desta oportunidade e deseja come\u00e7ar se preparar agora mesmo? Ent\u00e3o, confira os nossos cursos e comece a estudar!<\/em><\/p>\n\n\n\n<p class=\"has-text-align-center has-background\" style=\"background-color:#bec0c1;font-size:clamp(15.197px, 0.95rem + ((1vw - 3.2px) * 0.765), 23px);px\"><a href=\"https:\/\/www.estrategiaconcursos.com.br\/cursosPorConcurso\/policia-militar-do-distrito-federal-pmdf\/\"><strong>CURSO&nbsp;PARA&nbsp;O&nbsp;CONCURSO PMDF<\/strong><\/a><\/p>\n\n\n\n<p class=\"has-text-align-center has-background\" style=\"background-color:#bec0c1;font-size:clamp(15.197px, 0.95rem + ((1vw - 3.2px) * 0.765), 23px);px\"><a rel=\"noreferrer noopener\" href=\"https:\/\/www.estrategiaconcursos.com.br\/cursosPorConcurso\/policia-civil-do-distrito-federal-pc-df\/\" target=\"_blank\"><strong>CURSO PARA O CONCURSO PCDF<\/strong><\/a><\/p>\n\n\n\n<p class=\"has-text-align-center\"><em><strong>Assinatura Anual Ilimitada<\/strong><\/em><\/p>\n\n\n\n<p class=\"has-text-align-center\"><em>Prepare-se com o melhor material e com quem mais aprova em&nbsp;Concursos P\u00fablicos de todo o pa\u00eds. Assine agora a nossa Assinatura Anual e tenha acesso ilimitado a todos os nossos cursos.<\/em><\/p>\n\n\n\n<p class=\"has-text-align-center has-luminous-vivid-amber-background-color has-background\"><strong>ASSINE AGORA<\/strong>&nbsp;\u2013&nbsp;<a rel=\"noreferrer noopener\" href=\"https:\/\/www.estrategiaconcursos.com.br\/assinaturas\/\" target=\"_blank\"><strong>Assinatura Ilimitada<\/strong><\/a><\/p>\n\n\n\n<p class=\"has-text-align-center\"><strong><em>Sistema de Quest\u00f5es<\/em><\/strong><\/p>\n\n\n\n<p class=\"has-text-align-center\"><em>Estrat\u00e9gia Quest\u00f5es nasceu maior do que todos os concorrentes, com mais quest\u00f5es cadastradas e mais solu\u00e7\u00f5es por professores. Clique no link e aproveite os descontos e b\u00f4nus imperd\u00edveis!<\/em><\/p>\n\n\n\n<p class=\"has-text-align-center has-vivid-green-cyan-background-color has-background\"><strong>ASSINE AGORA \u2013&nbsp;<a href=\"https:\/\/www.estrategiaconcursos.com.br\/cursosPorConcurso\/sistema-de-questoes\/#\/\" target=\"_blank\" rel=\"noreferrer noopener\">Sistema de Quest\u00f5es<\/a><\/strong><\/p>\n\n\n\n<p class=\"has-text-align-center has-pale-cyan-blue-background-color has-background\"><strong><a href=\"https:\/\/www.estrategiaconcursos.com.br\/blog\/concursos-abertos\/\" target=\"_blank\" rel=\"noreferrer noopener\">CONCURSOS ABERTOS<\/a><\/strong><\/p>\n","protected":false},"excerpt":{"rendered":"<p>Foi promulgada a Lei N\u00ba 14.059 (antiga MP 971), de 22 de setembro de 2020, que reajusta os sal\u00e1rios da Pol\u00edcia Militar, Corpo de Bombeiros Militar e da Pol\u00edcia Civil do Distrito Federal, al\u00e9m da Pol\u00edcia Militar e do Corpo de Bombeiros Militar dos extintos Territ\u00f3rios Federais. Vale lembrar que a Lei visa o aumento [&hellip;]<\/p>\n","protected":false},"author":657,"featured_media":508021,"comment_status":"open","ping_status":"closed","sticky":false,"template":"","format":"standard","meta":{"post_tipo":"article","footnotes":""},"categories":[1],"tags":[],"tax_estado":[],"class_list":["post-583132","post","type-post","status-publish","format-standard","has-post-thumbnail","hentry","category-cursos-e-concursos"],"acf":[],"yoast_head":"<!-- This site is optimized with the Yoast SEO Premium plugin v27.2 (Yoast SEO v27.2) - https:\/\/yoast.com\/product\/yoast-seo-premium-wordpress\/ -->\n<title>Promulgada Lei que reajusta os sal\u00e1rios das for\u00e7as de seguran\u00e7a do DF<\/title>\n<meta name=\"description\" content=\"Foi promulgada a Lei N\u00ba 14.059 que reajusta os sal\u00e1rios das for\u00e7as de seguran\u00e7a do DF e dos extintos Territ\u00f3rios Federais. Confira!\" \/>\n<meta name=\"robots\" content=\"index, follow, max-snippet:-1, max-image-preview:large, max-video-preview:-1\" \/>\n<link rel=\"canonical\" href=\"https:\/\/www.estrategiaconcursos.com.br\/blog\/lei-promulgada-salarios\/\" \/>\n<meta property=\"og:locale\" content=\"pt_BR\" \/>\n<meta property=\"og:type\" content=\"article\" \/>\n<meta property=\"og:title\" content=\"Promulgada Lei que reajusta os sal\u00e1rios das for\u00e7as de seguran\u00e7a do DF\" \/>\n<meta property=\"og:description\" content=\"Foi promulgada a Lei N\u00ba 14.059 que reajusta os sal\u00e1rios das for\u00e7as de seguran\u00e7a do DF e dos extintos Territ\u00f3rios Federais. Confira!\" \/>\n<meta property=\"og:url\" content=\"https:\/\/www.estrategiaconcursos.com.br\/blog\/lei-promulgada-salarios\/\" \/>\n<meta property=\"og:site_name\" content=\"Estrat\u00e9gia Concursos\" \/>\n<meta property=\"article:published_time\" content=\"2020-10-05T17:50:46+00:00\" \/>\n<meta property=\"article:modified_time\" content=\"2023-07-13T18:18:25+00:00\" \/>\n<meta property=\"og:image\" content=\"https:\/\/dhg1h5j42swfq.cloudfront.net\/2020\/04\/28103226\/imagem-destacada.png\" \/>\n\t<meta property=\"og:image:width\" content=\"400\" \/>\n\t<meta property=\"og:image:height\" content=\"184\" \/>\n\t<meta property=\"og:image:type\" content=\"image\/png\" \/>\n<meta name=\"author\" content=\"Nat\u00e1lia Scarano\" \/>\n<meta name=\"twitter:card\" content=\"summary_large_image\" \/>\n<meta name=\"twitter:creator\" content=\"@EstratConcursos\" \/>\n<meta name=\"twitter:site\" content=\"@EstratConcursos\" \/>\n<meta name=\"twitter:label1\" content=\"Escrito por\" \/>\n\t<meta name=\"twitter:data1\" content=\"Nat\u00e1lia Scarano\" \/>\n\t<meta name=\"twitter:label2\" content=\"Est. tempo de leitura\" \/>\n\t<meta name=\"twitter:data2\" content=\"4 minutos\" \/>\n<script type=\"application\/ld+json\" class=\"yoast-schema-graph\">{\"@context\":\"https:\/\/schema.org\",\"@graph\":[{\"@type\":\"NewsArticle\",\"@id\":\"https:\/\/www.estrategiaconcursos.com.br\/blog\/lei-promulgada-salarios\/#article\",\"isPartOf\":{\"@id\":\"https:\/\/www.estrategiaconcursos.com.br\/blog\/lei-promulgada-salarios\/\"},\"author\":{\"name\":\"Nat\u00e1lia Scarano\",\"@id\":\"https:\/\/www.estrategiaconcursos.com.br\/blog\/#\/schema\/person\/751aedf909a9d10cb23ce6ac527ce0f2\"},\"headline\":\"Promulgada Lei que reajusta os sal\u00e1rios das for\u00e7as de seguran\u00e7a do DF\",\"datePublished\":\"2020-10-05T17:50:46+00:00\",\"dateModified\":\"2023-07-13T18:18:25+00:00\",\"mainEntityOfPage\":{\"@id\":\"https:\/\/www.estrategiaconcursos.com.br\/blog\/lei-promulgada-salarios\/\"},\"wordCount\":899,\"commentCount\":0,\"publisher\":{\"@id\":\"https:\/\/www.estrategiaconcursos.com.br\/blog\/#organization\"},\"image\":{\"@id\":\"https:\/\/www.estrategiaconcursos.com.br\/blog\/lei-promulgada-salarios\/#primaryimage\"},\"thumbnailUrl\":\"https:\/\/dhg1h5j42swfq.cloudfront.net\/2020\/04\/28103226\/imagem-destacada.png\",\"articleSection\":[\"Concursos P\u00fablicos\"],\"inLanguage\":\"pt-BR\",\"potentialAction\":[{\"@type\":\"CommentAction\",\"name\":\"Comment\",\"target\":[\"https:\/\/www.estrategiaconcursos.com.br\/blog\/lei-promulgada-salarios\/#respond\"]}],\"copyrightYear\":\"2020\",\"copyrightHolder\":{\"@id\":\"https:\/\/www.estrategiaconcursos.com.br\/blog\/#organization\"}},{\"@type\":\"WebPage\",\"@id\":\"https:\/\/www.estrategiaconcursos.com.br\/blog\/lei-promulgada-salarios\/\",\"url\":\"https:\/\/www.estrategiaconcursos.com.br\/blog\/lei-promulgada-salarios\/\",\"name\":\"Promulgada Lei que reajusta os sal\u00e1rios das for\u00e7as de seguran\u00e7a do DF\",\"isPartOf\":{\"@id\":\"https:\/\/www.estrategiaconcursos.com.br\/blog\/#website\"},\"primaryImageOfPage\":{\"@id\":\"https:\/\/www.estrategiaconcursos.com.br\/blog\/lei-promulgada-salarios\/#primaryimage\"},\"image\":{\"@id\":\"https:\/\/www.estrategiaconcursos.com.br\/blog\/lei-promulgada-salarios\/#primaryimage\"},\"thumbnailUrl\":\"https:\/\/dhg1h5j42swfq.cloudfront.net\/2020\/04\/28103226\/imagem-destacada.png\",\"datePublished\":\"2020-10-05T17:50:46+00:00\",\"dateModified\":\"2023-07-13T18:18:25+00:00\",\"description\":\"Foi promulgada a Lei N\u00ba 14.059 que reajusta os sal\u00e1rios das for\u00e7as de seguran\u00e7a do DF e dos extintos Territ\u00f3rios Federais. Confira!\",\"breadcrumb\":{\"@id\":\"https:\/\/www.estrategiaconcursos.com.br\/blog\/lei-promulgada-salarios\/#breadcrumb\"},\"inLanguage\":\"pt-BR\",\"potentialAction\":[{\"@type\":\"ReadAction\",\"target\":[\"https:\/\/www.estrategiaconcursos.com.br\/blog\/lei-promulgada-salarios\/\"]}]},{\"@type\":\"ImageObject\",\"inLanguage\":\"pt-BR\",\"@id\":\"https:\/\/www.estrategiaconcursos.com.br\/blog\/lei-promulgada-salarios\/#primaryimage\",\"url\":\"https:\/\/dhg1h5j42swfq.cloudfront.net\/2020\/04\/28103226\/imagem-destacada.png\",\"contentUrl\":\"https:\/\/dhg1h5j42swfq.cloudfront.net\/2020\/04\/28103226\/imagem-destacada.png\",\"width\":400,\"height\":184,\"caption\":\"PRF e PF\"},{\"@type\":\"BreadcrumbList\",\"@id\":\"https:\/\/www.estrategiaconcursos.com.br\/blog\/lei-promulgada-salarios\/#breadcrumb\",\"itemListElement\":[{\"@type\":\"ListItem\",\"position\":1,\"name\":\"In\u00edcio\",\"item\":\"https:\/\/www.estrategiaconcursos.com.br\/blog\/\"},{\"@type\":\"ListItem\",\"position\":2,\"name\":\"Promulgada Lei que reajusta os sal\u00e1rios das for\u00e7as de seguran\u00e7a do DF\"}]},{\"@type\":\"WebSite\",\"@id\":\"https:\/\/www.estrategiaconcursos.com.br\/blog\/#website\",\"url\":\"https:\/\/www.estrategiaconcursos.com.br\/blog\/\",\"name\":\"Estrat\u00e9gia Concursos\",\"description\":\"O blog da Estrat\u00e9gia Concursos traz not\u00edcias sobre concursos e artigos de professores oferecendo cursos para concursos (pdf + videaulas) no site.\",\"publisher\":{\"@id\":\"https:\/\/www.estrategiaconcursos.com.br\/blog\/#organization\"},\"potentialAction\":[{\"@type\":\"SearchAction\",\"target\":{\"@type\":\"EntryPoint\",\"urlTemplate\":\"https:\/\/www.estrategiaconcursos.com.br\/blog\/?s={search_term_string}\"},\"query-input\":{\"@type\":\"PropertyValueSpecification\",\"valueRequired\":true,\"valueName\":\"search_term_string\"}}],\"inLanguage\":\"pt-BR\"},{\"@type\":\"Organization\",\"@id\":\"https:\/\/www.estrategiaconcursos.com.br\/blog\/#organization\",\"name\":\"Estrat\u00e9gia Concursos\",\"url\":\"https:\/\/www.estrategiaconcursos.com.br\/blog\/\",\"logo\":{\"@type\":\"ImageObject\",\"inLanguage\":\"pt-BR\",\"@id\":\"https:\/\/www.estrategiaconcursos.com.br\/blog\/#\/schema\/logo\/image\/\",\"url\":\"https:\/\/dhg1h5j42swfq.cloudfront.net\/2025\/06\/03203428\/logo_concursos-1.jpg\",\"contentUrl\":\"https:\/\/dhg1h5j42swfq.cloudfront.net\/2025\/06\/03203428\/logo_concursos-1.jpg\",\"width\":230,\"height\":60,\"caption\":\"Estrat\u00e9gia Concursos\"},\"image\":{\"@id\":\"https:\/\/www.estrategiaconcursos.com.br\/blog\/#\/schema\/logo\/image\/\"},\"sameAs\":[\"https:\/\/x.com\/EstratConcursos\"]},{\"@type\":\"Person\",\"@id\":\"https:\/\/www.estrategiaconcursos.com.br\/blog\/#\/schema\/person\/751aedf909a9d10cb23ce6ac527ce0f2\",\"name\":\"Nat\u00e1lia Scarano\",\"image\":{\"@type\":\"ImageObject\",\"inLanguage\":\"pt-BR\",\"@id\":\"https:\/\/secure.gravatar.com\/avatar\/8a889b8db3dbd227a1a78627357ec8fe64f5e99189d1889a270127828ab372ac?s=96&d=mm&r=g\",\"url\":\"https:\/\/secure.gravatar.com\/avatar\/8a889b8db3dbd227a1a78627357ec8fe64f5e99189d1889a270127828ab372ac?s=96&d=mm&r=g\",\"contentUrl\":\"https:\/\/secure.gravatar.com\/avatar\/8a889b8db3dbd227a1a78627357ec8fe64f5e99189d1889a270127828ab372ac?s=96&d=mm&r=g\",\"caption\":\"Nat\u00e1lia Scarano\"},\"description\":\"Jornalista, formada e p\u00f3s graduada pelo IESB, faz parte do time de jornalistas do Estrat\u00e9gia desde 2017. Possui familiaridade com as \u00e1reas de Tribunais, Defensorias, Procuradorias, Minist\u00e9rios P\u00fablicos, Conselhos, Educa\u00e7\u00e3o, \u00c1rea de Seguran\u00e7a, concursos de Carreiras Jur\u00eddicas e OAB. Experi\u00eancia em marketing digital, assessoria de comunica\u00e7\u00e3o e institucional na \u00e1rea privada e p\u00fablica, com atua\u00e7\u00e3o em \u00f3rg\u00e3os como CGU, Cofen e CNM.\",\"url\":\"https:\/\/www.estrategiaconcursos.com.br\/blog\/author\/natalia-scaranoestrategiaconcursos-com-br\/\"}]}<\/script>\n<!-- \/ Yoast SEO Premium plugin. -->","yoast_head_json":{"title":"Promulgada Lei que reajusta os sal\u00e1rios das for\u00e7as de seguran\u00e7a do DF","description":"Foi promulgada a Lei N\u00ba 14.059 que reajusta os sal\u00e1rios das for\u00e7as de seguran\u00e7a do DF e dos extintos Territ\u00f3rios Federais. Confira!","robots":{"index":"index","follow":"follow","max-snippet":"max-snippet:-1","max-image-preview":"max-image-preview:large","max-video-preview":"max-video-preview:-1"},"canonical":"https:\/\/www.estrategiaconcursos.com.br\/blog\/lei-promulgada-salarios\/","og_locale":"pt_BR","og_type":"article","og_title":"Promulgada Lei que reajusta os sal\u00e1rios das for\u00e7as de seguran\u00e7a do DF","og_description":"Foi promulgada a Lei N\u00ba 14.059 que reajusta os sal\u00e1rios das for\u00e7as de seguran\u00e7a do DF e dos extintos Territ\u00f3rios Federais. Confira!","og_url":"https:\/\/www.estrategiaconcursos.com.br\/blog\/lei-promulgada-salarios\/","og_site_name":"Estrat\u00e9gia Concursos","article_published_time":"2020-10-05T17:50:46+00:00","article_modified_time":"2023-07-13T18:18:25+00:00","og_image":[{"width":400,"height":184,"url":"https:\/\/dhg1h5j42swfq.cloudfront.net\/2020\/04\/28103226\/imagem-destacada.png","type":"image\/png"}],"author":"Nat\u00e1lia Scarano","twitter_card":"summary_large_image","twitter_creator":"@EstratConcursos","twitter_site":"@EstratConcursos","twitter_misc":{"Escrito por":"Nat\u00e1lia Scarano","Est. tempo de leitura":"4 minutos"},"schema":{"@context":"https:\/\/schema.org","@graph":[{"@type":"NewsArticle","@id":"https:\/\/www.estrategiaconcursos.com.br\/blog\/lei-promulgada-salarios\/#article","isPartOf":{"@id":"https:\/\/www.estrategiaconcursos.com.br\/blog\/lei-promulgada-salarios\/"},"author":{"name":"Nat\u00e1lia Scarano","@id":"https:\/\/www.estrategiaconcursos.com.br\/blog\/#\/schema\/person\/751aedf909a9d10cb23ce6ac527ce0f2"},"headline":"Promulgada Lei que reajusta os sal\u00e1rios das for\u00e7as de seguran\u00e7a do DF","datePublished":"2020-10-05T17:50:46+00:00","dateModified":"2023-07-13T18:18:25+00:00","mainEntityOfPage":{"@id":"https:\/\/www.estrategiaconcursos.com.br\/blog\/lei-promulgada-salarios\/"},"wordCount":899,"commentCount":0,"publisher":{"@id":"https:\/\/www.estrategiaconcursos.com.br\/blog\/#organization"},"image":{"@id":"https:\/\/www.estrategiaconcursos.com.br\/blog\/lei-promulgada-salarios\/#primaryimage"},"thumbnailUrl":"https:\/\/dhg1h5j42swfq.cloudfront.net\/2020\/04\/28103226\/imagem-destacada.png","articleSection":["Concursos P\u00fablicos"],"inLanguage":"pt-BR","potentialAction":[{"@type":"CommentAction","name":"Comment","target":["https:\/\/www.estrategiaconcursos.com.br\/blog\/lei-promulgada-salarios\/#respond"]}],"copyrightYear":"2020","copyrightHolder":{"@id":"https:\/\/www.estrategiaconcursos.com.br\/blog\/#organization"}},{"@type":"WebPage","@id":"https:\/\/www.estrategiaconcursos.com.br\/blog\/lei-promulgada-salarios\/","url":"https:\/\/www.estrategiaconcursos.com.br\/blog\/lei-promulgada-salarios\/","name":"Promulgada Lei que reajusta os sal\u00e1rios das for\u00e7as de seguran\u00e7a do DF","isPartOf":{"@id":"https:\/\/www.estrategiaconcursos.com.br\/blog\/#website"},"primaryImageOfPage":{"@id":"https:\/\/www.estrategiaconcursos.com.br\/blog\/lei-promulgada-salarios\/#primaryimage"},"image":{"@id":"https:\/\/www.estrategiaconcursos.com.br\/blog\/lei-promulgada-salarios\/#primaryimage"},"thumbnailUrl":"https:\/\/dhg1h5j42swfq.cloudfront.net\/2020\/04\/28103226\/imagem-destacada.png","datePublished":"2020-10-05T17:50:46+00:00","dateModified":"2023-07-13T18:18:25+00:00","description":"Foi promulgada a Lei N\u00ba 14.059 que reajusta os sal\u00e1rios das for\u00e7as de seguran\u00e7a do DF e dos extintos Territ\u00f3rios Federais. Confira!","breadcrumb":{"@id":"https:\/\/www.estrategiaconcursos.com.br\/blog\/lei-promulgada-salarios\/#breadcrumb"},"inLanguage":"pt-BR","potentialAction":[{"@type":"ReadAction","target":["https:\/\/www.estrategiaconcursos.com.br\/blog\/lei-promulgada-salarios\/"]}]},{"@type":"ImageObject","inLanguage":"pt-BR","@id":"https:\/\/www.estrategiaconcursos.com.br\/blog\/lei-promulgada-salarios\/#primaryimage","url":"https:\/\/dhg1h5j42swfq.cloudfront.net\/2020\/04\/28103226\/imagem-destacada.png","contentUrl":"https:\/\/dhg1h5j42swfq.cloudfront.net\/2020\/04\/28103226\/imagem-destacada.png","width":400,"height":184,"caption":"PRF e PF"},{"@type":"BreadcrumbList","@id":"https:\/\/www.estrategiaconcursos.com.br\/blog\/lei-promulgada-salarios\/#breadcrumb","itemListElement":[{"@type":"ListItem","position":1,"name":"In\u00edcio","item":"https:\/\/www.estrategiaconcursos.com.br\/blog\/"},{"@type":"ListItem","position":2,"name":"Promulgada Lei que reajusta os sal\u00e1rios das for\u00e7as de seguran\u00e7a do DF"}]},{"@type":"WebSite","@id":"https:\/\/www.estrategiaconcursos.com.br\/blog\/#website","url":"https:\/\/www.estrategiaconcursos.com.br\/blog\/","name":"Estrat\u00e9gia Concursos","description":"O blog da Estrat\u00e9gia Concursos traz not\u00edcias sobre concursos e artigos de professores oferecendo cursos para concursos (pdf + videaulas) no site.","publisher":{"@id":"https:\/\/www.estrategiaconcursos.com.br\/blog\/#organization"},"potentialAction":[{"@type":"SearchAction","target":{"@type":"EntryPoint","urlTemplate":"https:\/\/www.estrategiaconcursos.com.br\/blog\/?s={search_term_string}"},"query-input":{"@type":"PropertyValueSpecification","valueRequired":true,"valueName":"search_term_string"}}],"inLanguage":"pt-BR"},{"@type":"Organization","@id":"https:\/\/www.estrategiaconcursos.com.br\/blog\/#organization","name":"Estrat\u00e9gia Concursos","url":"https:\/\/www.estrategiaconcursos.com.br\/blog\/","logo":{"@type":"ImageObject","inLanguage":"pt-BR","@id":"https:\/\/www.estrategiaconcursos.com.br\/blog\/#\/schema\/logo\/image\/","url":"https:\/\/dhg1h5j42swfq.cloudfront.net\/2025\/06\/03203428\/logo_concursos-1.jpg","contentUrl":"https:\/\/dhg1h5j42swfq.cloudfront.net\/2025\/06\/03203428\/logo_concursos-1.jpg","width":230,"height":60,"caption":"Estrat\u00e9gia Concursos"},"image":{"@id":"https:\/\/www.estrategiaconcursos.com.br\/blog\/#\/schema\/logo\/image\/"},"sameAs":["https:\/\/x.com\/EstratConcursos"]},{"@type":"Person","@id":"https:\/\/www.estrategiaconcursos.com.br\/blog\/#\/schema\/person\/751aedf909a9d10cb23ce6ac527ce0f2","name":"Nat\u00e1lia Scarano","image":{"@type":"ImageObject","inLanguage":"pt-BR","@id":"https:\/\/secure.gravatar.com\/avatar\/8a889b8db3dbd227a1a78627357ec8fe64f5e99189d1889a270127828ab372ac?s=96&d=mm&r=g","url":"https:\/\/secure.gravatar.com\/avatar\/8a889b8db3dbd227a1a78627357ec8fe64f5e99189d1889a270127828ab372ac?s=96&d=mm&r=g","contentUrl":"https:\/\/secure.gravatar.com\/avatar\/8a889b8db3dbd227a1a78627357ec8fe64f5e99189d1889a270127828ab372ac?s=96&d=mm&r=g","caption":"Nat\u00e1lia Scarano"},"description":"Jornalista, formada e p\u00f3s graduada pelo IESB, faz parte do time de jornalistas do Estrat\u00e9gia desde 2017. Possui familiaridade com as \u00e1reas de Tribunais, Defensorias, Procuradorias, Minist\u00e9rios P\u00fablicos, Conselhos, Educa\u00e7\u00e3o, \u00c1rea de Seguran\u00e7a, concursos de Carreiras Jur\u00eddicas e OAB. Experi\u00eancia em marketing digital, assessoria de comunica\u00e7\u00e3o e institucional na \u00e1rea privada e p\u00fablica, com atua\u00e7\u00e3o em \u00f3rg\u00e3os como CGU, Cofen e CNM.","url":"https:\/\/www.estrategiaconcursos.com.br\/blog\/author\/natalia-scaranoestrategiaconcursos-com-br\/"}]}},"_links":{"self":[{"href":"https:\/\/www.estrategiaconcursos.com.br\/blog\/wp-json\/wp\/v2\/posts\/583132","targetHints":{"allow":["GET"]}}],"collection":[{"href":"https:\/\/www.estrategiaconcursos.com.br\/blog\/wp-json\/wp\/v2\/posts"}],"about":[{"href":"https:\/\/www.estrategiaconcursos.com.br\/blog\/wp-json\/wp\/v2\/types\/post"}],"author":[{"embeddable":true,"href":"https:\/\/www.estrategiaconcursos.com.br\/blog\/wp-json\/wp\/v2\/users\/657"}],"replies":[{"embeddable":true,"href":"https:\/\/www.estrategiaconcursos.com.br\/blog\/wp-json\/wp\/v2\/comments?post=583132"}],"version-history":[{"count":5,"href":"https:\/\/www.estrategiaconcursos.com.br\/blog\/wp-json\/wp\/v2\/posts\/583132\/revisions"}],"predecessor-version":[{"id":1248096,"href":"https:\/\/www.estrategiaconcursos.com.br\/blog\/wp-json\/wp\/v2\/posts\/583132\/revisions\/1248096"}],"wp:featuredmedia":[{"embeddable":true,"href":"https:\/\/www.estrategiaconcursos.com.br\/blog\/wp-json\/wp\/v2\/media\/508021"}],"wp:attachment":[{"href":"https:\/\/www.estrategiaconcursos.com.br\/blog\/wp-json\/wp\/v2\/media?parent=583132"}],"wp:term":[{"taxonomy":"category","embeddable":true,"href":"https:\/\/www.estrategiaconcursos.com.br\/blog\/wp-json\/wp\/v2\/categories?post=583132"},{"taxonomy":"post_tag","embeddable":true,"href":"https:\/\/www.estrategiaconcursos.com.br\/blog\/wp-json\/wp\/v2\/tags?post=583132"},{"taxonomy":"tax_estado","embeddable":true,"href":"https:\/\/www.estrategiaconcursos.com.br\/blog\/wp-json\/wp\/v2\/tax_estado?post=583132"}],"curies":[{"name":"wp","href":"https:\/\/api.w.org\/{rel}","templated":true}]}}