{"id":583085,"date":"2020-10-05T12:10:30","date_gmt":"2020-10-05T15:10:30","guid":{"rendered":"https:\/\/www.estrategiaconcursos.com.br\/blog\/?p=583085"},"modified":"2023-05-23T14:05:15","modified_gmt":"2023-05-23T17:05:15","slug":"boletim-cacd-clipping-de-noticias-relacionadas-a-diplomacia-29-a-2-10-2020","status":"publish","type":"post","link":"https:\/\/www.estrategiaconcursos.com.br\/blog\/boletim-cacd-clipping-de-noticias-relacionadas-a-diplomacia-29-a-2-10-2020\/","title":{"rendered":"Boletim CACD \u2013 clipping de not\u00edcias relacionadas \u00e0 Diplomacia \u2013 29 a 2\/10\/2020"},"content":{"rendered":"\n<h3 class=\"wp-block-heading\" id=\"h-indice-de-noticias\">\u00cdndice de Not\u00edcias<\/h3>\n\n\n\n<ul class=\"wp-block-list\">\n<li><a href=\"#_Toc52227547\">Mike Pompeo acusa a Venezuela de dar abrigo a terroristas durante sua visita \u00e0 Col\u00f4mbia<\/a><\/li>\n\n\n\n<li><a href=\"#_Toc52227548\">Por que an\u00fancio de Bolsonaro sobre cota de a\u00e7\u00facar dos EUA para o Brasil n\u00e3o \u00e9 vit\u00f3ria diplom\u00e1tica<\/a><\/li>\n\n\n\n<li><a href=\"#_Toc52227549\">Trump ataca China na Assembleia Geral da ONU<\/a><\/li>\n\n\n\n<li><a href=\"#_Toc52227550\">Brasil \u00e9 v\u00edtima de desinforma\u00e7\u00e3o sobre meio ambiente, diz Bolsonaro<\/a><\/li>\n\n\n\n<li><a href=\"#_Toc52227551\">EUA punem Nicol\u00e1s Maduro por adquirir armas do regime iraniano<\/a><\/li>\n\n\n\n<li><a href=\"#_Toc52227552\">Pandemia reduz em um d\u00e9cimo renda mundial obtida com trabalho, diz OIT<\/a><\/li>\n\n\n\n<li><a href=\"#_Toc52227553\">Comiss\u00e3o Europeia renuncia \u00e0s cotas obrigat\u00f3rias e pretende aumentar a expuls\u00e3o de imigrantes<\/a><\/li>\n\n\n\n<li><a href=\"#_Toc52227554\">Banco central japon\u00eas anuncia apoio \u00e0 nova pol\u00edtica monet\u00e1ria de Suga<\/a><\/li>\n\n\n\n<li><a href=\"#_Toc52227555\">Enquanto Bolsonaro privilegia Trump, exporta\u00e7\u00f5es brasileiras aos EUA caem 32% e d\u00e9ficit dispara<\/a><\/li>\n\n\n\n<li><a href=\"#_Toc52227556\">Como pa\u00edses da Europa est\u00e3o agindo para evitar &#8216;segunda onda&#8217; do coronav\u00edrus<\/a><\/li>\n\n\n\n<li><a href=\"#_Toc52227557\">Trump: an\u00fancio do vencedor de elei\u00e7\u00f5es nos EUA pode demorar meses<\/a><\/li>\n<\/ul>\n\n\n\n<hr class=\"wp-block-separator has-css-opacity\"\/>\n\n\n\n<h3 class=\"wp-block-heading\" id=\"h-mike-pompeo-acusa-a-venezuela-de-dar-abrigo-a-terroristas-durante-sua-visita-a-colombia\"><a><strong><u>Mike Pompeo acusa a Venezuela de dar abrigo a terroristas durante sua visita \u00e0 Col\u00f4mbia<\/u><\/strong><\/a><strong><u><\/u><\/strong><\/h3>\n\n\n\n<p>(20\/09\/2020) El Pa\u00eds, por Santiago Torrado &nbsp;&#8211;<a href=\"https:\/\/brasil.elpais.com\/internacional\/2020-09-19\/mike-pompeo-acusa-a-venezuela-de-dar-abrigo-a-terroristas-durante-sua-visita-a-colombia.html\"> Leia na \u00edntegra<\/a><\/p>\n\n\n\n<p>O secret\u00e1rio de Estado norte-americano,&nbsp;<a href=\"https:\/\/brasil.elpais.com\/noticias\/michael-richard-pompeo\/\" target=\"_blank\" rel=\"noreferrer noopener\">Mike Pompeo<\/a>, reiterou neste s\u00e1bado na Col\u00f4mbia que a guerrilha do ELN e as dissid\u00eancias das FARC que se afastaram do processo de paz s\u00e3o abrigadas do outro lado da fronteira com a Venezuela em um comportamento que n\u00e3o pode ser tolerado. O regime \u201cdeu ref\u00fagio seguro, ajuda e abrigo a terroristas\u201d, afirmou ap\u00f3s se reunir com o presidente Iv\u00e1n Duque na Casa de Nari\u00f1o. \u201cNicol\u00e1s Maduro comete crimes de lesa-humanidade\u201d, respondeu o mandat\u00e1rio colombiano em alus\u00e3o ao&nbsp;<a href=\"https:\/\/brasil.elpais.com\/internacional\/2020-09-16\/onu-acusa-governo-de-maduro-de-crimes-contra-a-humanidade.html\" target=\"_blank\" rel=\"noreferrer noopener\">novo relat\u00f3rio da ONU<\/a>&nbsp;que acusou nessa semana o Governo chavista de crimes como torturas e assassinatos.<\/p>\n\n\n\n<p><a href=\"https:\/\/brasil.elpais.com\/internacional\/2020-09-19\/mike-pompeo-acusa-a-venezuela-de-dar-abrigo-a-terroristas-durante-sua-visita-a-colombia.html\">Leia a not\u00edcia completa<\/a><\/p>\n\n\n\n<hr class=\"wp-block-separator has-css-opacity\"\/>\n\n\n\n<h3 class=\"wp-block-heading\" id=\"h-por-que-anuncio-de-bolsonaro-sobre-cota-de-acucar-dos-eua-para-o-brasil-nao-e-vitoria-diplomatica\"><a><strong><u>Por que an\u00fancio de Bolsonaro sobre cota de a\u00e7\u00facar dos EUA para o Brasil n\u00e3o \u00e9 vit\u00f3ria diplom\u00e1tica<\/u><\/strong><\/a><strong><u><\/u><\/strong><\/h3>\n\n\n\n<p>(21\/09\/2020) BBC, por Mariana Sanches &#8211;<a href=\"https:\/\/www.bbc.com\/portuguese\/brasil-54244552\"> Leia na \u00edntegra<\/a><\/p>\n\n\n\n<p>A manifesta\u00e7\u00e3o ocorre semanas ap\u00f3s o a\u00e7o brasileiro ter sido cortado em mais de 80% das importa\u00e7\u00f5es americanas e de o Brasil ter renovado uma isen\u00e7\u00e3o de tarifas \u00e0 entrada de quase 200 milh\u00f5es de litros de etanol americano no pa\u00eds, o que o setor sucroalcooleiro classificou como &#8220;enorme sacrif\u00edcio&#8221;.<\/p>\n\n\n\n<p>De acordo com fontes com conhecimento direto das negocia\u00e7\u00f5es ouvidas pela BBC News Brasil, o Itamaraty teria tomado as medidas para tentar colaborar com a campanha de reelei\u00e7\u00e3o do presidente&nbsp;<a href=\"https:\/\/www.bbc.com\/portuguese\/topics\/cdr56r28jgvt\">Donald Trump<\/a>, que tem entre os oper\u00e1rios da siderurgia e os fazendeiros de milho parte de sua base eleitoral.<\/p>\n\n\n\n<p>Oficialmente, o chanceler Ara\u00fajo afirmou que a concess\u00e3o era necess\u00e1ria para abrir negocia\u00e7\u00f5es que poderiam resultar em uma redu\u00e7\u00e3o das barreiras tarif\u00e1rias de 140% que os americanos imp\u00f5em sobre o a\u00e7\u00facar brasileiro h\u00e1 d\u00e9cadas.<\/p>\n\n\n\n<p><a href=\"https:\/\/www.bbc.com\/portuguese\/brasil-54244552\">Leia a not\u00edcia completa<\/a><\/p>\n\n\n\n<hr class=\"wp-block-separator has-css-opacity\"\/>\n\n\n\n<h3 class=\"wp-block-heading\" id=\"h-trump-ataca-china-na-assembleia-geral-da-onu\"><a><strong><u>Trump ataca China na Assembleia Geral da ONU<\/u><\/strong><\/a><strong><u><\/u><\/strong><\/h3>\n\n\n\n<p>(21\/09\/2020) G1 &nbsp;&#8211;<a href=\"https:\/\/g1.globo.com\/mundo\/noticia\/2020\/09\/22\/trump-ataca-china-na-assembleia-geral-da-onu.ghtml\">&nbsp;Leia na \u00edntegra<\/a><\/p>\n\n\n\n<p>O presidente dos Estados Unidos,&nbsp;<a href=\"https:\/\/g1.globo.com\/tudo-sobre\/donald-trump\/\">Donald Trump<\/a>, atacou a China pela forma como o pa\u00eds asi\u00e1tico gerenciou a crise de&nbsp;<a href=\"https:\/\/g1.globo.com\/bemestar\/coronavirus\/\">coronav\u00edrus&nbsp;<\/a>em seu discurso na Assembleia Geral da ONU nesta ter\u00e7a-feira (22). O americano falou logo ap\u00f3s o discurso de abertura feito pelo presidente do Brasil,&nbsp;<a href=\"https:\/\/g1.globo.com\/politica\/noticia\/2020\/09\/22\/bolsonaro-fala-em-video-gravado-na-abertura-da-assembleia-da-onu-nesta-terca.ghtml\">Jair Bolsonaro<\/a>.<\/p>\n\n\n\n<p>Trump voltou a chamar o Sars-Cov-2 de &#8220;v\u00edrus chin\u00eas&#8221;, que ele disse ser um inimigo invis\u00edvel.<\/p>\n\n\n\n<p><a href=\"https:\/\/g1.globo.com\/mundo\/noticia\/2020\/09\/22\/trump-ataca-china-na-assembleia-geral-da-onu.ghtml\">Leia a not\u00edcia completa<\/a><\/p>\n\n\n\n<hr class=\"wp-block-separator has-css-opacity\"\/>\n\n\n\n<h3 class=\"wp-block-heading\" id=\"h-brasil-e-vitima-de-desinformacao-sobre-meio-ambiente-diz-bolsonaro\"><a><strong><u>Brasil \u00e9 v\u00edtima de desinforma\u00e7\u00e3o sobre meio ambiente, diz Bolsonaro<\/u><\/strong><\/a><strong><u> <\/u><\/strong><strong><u><\/u><\/strong><\/h3>\n\n\n\n<p>(22\/09\/2020) Ag\u00eancia Brasil, por Andr\u00e9ia Verd\u00e9lio &#8211;<a href=\"https:\/\/agenciabrasil.ebc.com.br\/politica\/noticia\/2020-09\/brasil-e-vitima-de-desinformacao-sobre-meio-ambiente-diz-bolsonaro\"> Leia na \u00edntegra<\/a><\/p>\n\n\n\n<p>O presidente Jair Bolsonaro disse hoje (22) que o Brasil \u00e9 v\u00edtima de \u201cuma das mais brutais campanhas de desinforma\u00e7\u00e3o sobre a Amaz\u00f4nia e o Pantanal\u201d. Ao abrir a sess\u00e3o de debates da 75\u00aa Assembleia Geral das Na\u00e7\u00f5es Unidas (ONU), Bolsonaro justificou que h\u00e1 interesses comerciais por tr\u00e1s das not\u00edcias sobre queimadas e desmatamentos e que os inc\u00eandios que atingem as florestas brasileiras s\u00e3o comuns \u00e0 \u00e9poca do ano e ao trabalho de comunidades locais em \u00e1reas j\u00e1 desmatadas.l<\/p>\n\n\n\n<p>\u201cA Amaz\u00f4nia brasileira \u00e9 sabidamente riqu\u00edssima. Isso explica o apoio de institui\u00e7\u00f5es internacionais a essa campanha escorada em interesses escusos que se unem a associa\u00e7\u00f5es brasileiras, aproveitadoras e impatri\u00f3ticas, com o objetivo de prejudicar o governo e o pr\u00f3prio Brasil\u201d, disse. \u201cO Brasil desponta como o maior produtor mundial de alimentos. E, por isso, h\u00e1 tanto interesse em propagar desinforma\u00e7\u00f5es sobre o nosso meio ambiente\u201d, completou.<\/p>\n\n\n\n<p><a href=\"https:\/\/agenciabrasil.ebc.com.br\/politica\/noticia\/2020-09\/brasil-e-vitima-de-desinformacao-sobre-meio-ambiente-diz-bolsonaro\">Leia a not\u00edcia completa<\/a><\/p>\n\n\n\n<hr class=\"wp-block-separator has-css-opacity\"\/>\n\n\n\n<h3 class=\"wp-block-heading\" id=\"h-eua-punem-nicolas-maduro-por-adquirir-armas-do-regime-iraniano\"><a><strong><u>EUA punem Nicol\u00e1s Maduro por adquirir armas do regime iraniano<\/u><\/strong><\/a><strong><u><\/u><\/strong><\/h3>\n\n\n\n<p>(22\/09\/2020) El Pa\u00eds, por Yolanda Monge \u2013 <a href=\"https:\/\/brasil.elpais.com\/internacional\/2020-09-22\/eua-punem-nicolas-maduro-por-adquirir-armas-do-regime-iraniano.html\">Leia na \u00edntegra<\/a><\/p>\n\n\n\n<p>Em uma nova leva de san\u00e7\u00f5es ao regime iraniano,&nbsp;<a href=\"https:\/\/brasil.elpais.com\/noticias\/estados-unidos\/\" target=\"_blank\" rel=\"noreferrer noopener\">Washington<\/a>&nbsp;aproveitou para incluir no castigo o que considera ser o&nbsp;<a href=\"https:\/\/brasil.elpais.com\/internacional\/2020-09-16\/onu-acusa-governo-de-maduro-de-crimes-contra-a-humanidade.html\" target=\"_blank\" rel=\"noreferrer noopener\">Governo ileg\u00edtimo do venezuelano Nicol\u00e1s Maduro<\/a>, acusando a c\u00fapula do chavismo de adquirir armas da Rep\u00fablica Isl\u00e2mica, segundo um comunicado divulgado nesta segunda-feira pelo Departamento de Estado. \u201cN\u00e3o importa quem voc\u00ea seja, se viola o embargo ao Ir\u00e3 enfrentar\u00e1 a san\u00e7\u00f5es\u201d,&nbsp;<a href=\"https:\/\/brasil.elpais.com\/internacional\/2020-09-19\/mike-pompeo-acusa-a-venezuela-de-dar-abrigo-a-terroristas-durante-sua-visita-a-colombia.html\" target=\"_blank\" rel=\"noreferrer noopener\">alertou o secret\u00e1rio de Estado Mike Pompeo<\/a>&nbsp;em entrevista coletiva. \u201cOs Estados Unidos restabeleceram as san\u00e7\u00f5es da ONU contra o Ir\u00e3\u201d,&nbsp;<a href=\"https:\/\/brasil.elpais.com\/internacional\/2020-09-16\/trump-meus-generais-sao-um-bando-de-maricas.html\" target=\"_blank\" rel=\"noreferrer noopener\">comunicou Trump<\/a>.<\/p>\n\n\n\n<p><a href=\"https:\/\/brasil.elpais.com\/internacional\/2020-09-22\/eua-punem-nicolas-maduro-por-adquirir-armas-do-regime-iraniano.html\">Leia a not\u00edcia completa<\/a><strong><u><\/u><\/strong><\/p>\n\n\n\n<hr class=\"wp-block-separator has-css-opacity\"\/>\n\n\n\n<h3 class=\"wp-block-heading\" id=\"h-pandemia-reduz-em-um-decimo-renda-mundial-obtida-com-trabalho-diz-oit\"><a><strong><u>Pandemia reduz em um d\u00e9cimo renda mundial obtida com trabalho, diz OIT<\/u><\/strong><\/a><strong><u><\/u><\/strong><\/h3>\n\n\n\n<p><strong><u>(<\/u><\/strong>(23\/09\/2020) Ag\u00eancia Brasil, por Stephanie Nebehay<\/p>\n\n\n\n<p>A renda mundial obtida com o trabalho caiu cerca de 10,7% \u2013&nbsp;ou US$ 3,5 trilh\u00f5es \u2013&nbsp;nos primeiros nove meses de 2020 em rela\u00e7\u00e3o ao mesmo per\u00edodo do ano anterior, informou a Organiza\u00e7\u00e3o Internacional do Trabalho (OIT) nesta quarta-feira (23).<\/p>\n\n\n\n<p>Essa leitura, que n\u00e3o inclui o aux\u00edlio \u00e0 renda fornecido pelos governos para compensar o fechamento de locais de trabalho durante a pandemia, \u00e9 o equivalente a 5,5% do Produto Interno Bruto (PIB) global para os tr\u00eas primeiros trimestres de 2019, &nbsp;acrescentou a institui\u00e7\u00e3o.<\/p>\n\n\n\n<p>&#8220;O fechamento de locais de trabalho continua a perturbar os mercados em todo o mundo, levando a perdas de horas de trabalho maiores do que as estimadas anteriormente&#8221;, disse a OIT em seu sexto relat\u00f3rio sobre os efeitos da pandemia no mundo laboral.<\/p>\n\n\n\n<hr class=\"wp-block-separator has-css-opacity\"\/>\n\n\n\n<h3 class=\"wp-block-heading\" id=\"h-comissao-europeia-renuncia-as-cotas-obrigatorias-e-pretende-aumentar-a-expulsao-de-imigrantes\"><a><strong><u>Comiss\u00e3o Europeia renuncia \u00e0s cotas obrigat\u00f3rias e pretende aumentar a expuls\u00e3o de imigrantes<\/u><\/strong><\/a><strong><u><\/u><\/strong><\/h3>\n\n\n\n<p><strong><u>(<\/u><\/strong>(23\/09\/2020) El Pa\u00eds, por Llu\u00eds Pellicer&nbsp; \u2013<a href=\"https:\/\/brasil.elpais.com\/internacional\/2020-09-23\/comissao-europeia-renuncia-as-cotas-obrigatorias-e-pretende-aumentar-a-expulsao-de-imigrantes.html\"> Leia na \u00edntegra<\/a><\/p>\n\n\n\n<p>A&nbsp;<a href=\"https:\/\/brasil.elpais.com\/noticias\/comision-europea\/\" target=\"_blank\" rel=\"noreferrer noopener\">Comiss\u00e3o Europeia<\/a>&nbsp;apresentou nesta quarta-feira uma proposta de um novo pacto migrat\u00f3rio que rejeita as quotas obrigat\u00f3rias para a distribui\u00e7\u00e3o de refugiados entre os parceiros da UE.&nbsp;<a href=\"https:\/\/brasil.elpais.com\/noticias\/bruselas\/\" target=\"_blank\" rel=\"noreferrer noopener\">Bruxelas<\/a>&nbsp;optou por um sistema de&nbsp;solidariedade \u00e0 carta, pelo qual os pa\u00edses poder\u00e3o contribuir acolhendo refugiados, mas tamb\u00e9m mediante o que o Executivo do bloco europeu denomina de \u201cretornos patrocinados\u201d. A nova oferta de Bruxelas para as capitais se baseia, de modo geral, na blindagem da fronteira externa da UE e na intensifica\u00e7\u00e3o da pol\u00edtica de repatriamento de imigrantes irregulares.<\/p>\n\n\n\n<p><a href=\"https:\/\/brasil.elpais.com\/internacional\/2020-09-23\/comissao-europeia-renuncia-as-cotas-obrigatorias-e-pretende-aumentar-a-expulsao-de-imigrantes.html\">Leia a not\u00edcia completa<strong><\/strong><\/a><\/p>\n\n\n\n<hr class=\"wp-block-separator has-css-opacity\"\/>\n\n\n\n<h3 class=\"wp-block-heading\" id=\"h-banco-central-japones-anuncia-apoio-a-nova-politica-monetaria-de-suga\"><a><strong><u>Banco central japon\u00eas anuncia apoio \u00e0 nova pol\u00edtica monet\u00e1ria de Suga<\/u><\/strong><\/a><strong><u><\/u><\/strong><\/h3>\n\n\n\n<p>(17\/09\/2020) Ag\u00eancia Brasil, por Leika Kihara, Tetsushi Kajimoto<\/p>\n\n\n\n<p>O banco central do Jap\u00e3o vai monitorar n\u00e3o apenas as tend\u00eancias de infla\u00e7\u00e3o mas tamb\u00e9m o crescimento do emprego ao guiar a pol\u00edtica monet\u00e1ria, disse seu presidente, Haruhiko Kuroda, sinalizando a prontid\u00e3o do Bando do Jap\u00e3o para aumentar o est\u00edmulo se as perdas de emprego devido \u00e0 crise do novo coronav\u00edrus aumentarem o risco de defla\u00e7\u00e3o.<\/p>\n\n\n\n<p>Com o impacto imediato da pandemia diminuindo, o banco central manteve a pol\u00edtica monet\u00e1ria nesta quinta-feira (17) e melhorou sua vis\u00e3o sobre a economia para dizer que ela est\u00e1 come\u00e7ando a acelerar.<\/p>\n\n\n\n<hr class=\"wp-block-separator has-css-opacity\"\/>\n\n\n\n<h3 class=\"wp-block-heading\" id=\"h-como-paises-da-europa-estao-agindo-para-evitar-segunda-onda-do-coronavirus\"><a><strong><u>Como pa\u00edses da Europa est\u00e3o agindo para evitar &#8216;segunda onda&#8217; do coronav\u00edrus<\/u><\/strong><\/a><strong><u><\/u><\/strong><\/h3>\n\n\n\n<p>(25\/09\/2020) BBC \u2013<a href=\"https:\/\/www.bbc.com\/portuguese\/internacional-54294305\"> Leia na \u00edntegra<\/a><\/p>\n\n\n\n<p>Na Europa, o temor de uma &#8220;segunda onda&#8221; fez com que muitos governos adotassem medidas emergenciais, reintroduzindo algumas das regras impostas no in\u00edcio da pandemia para restringir a circula\u00e7\u00e3o de pessoas e, assim, evitar a propaga\u00e7\u00e3o do v\u00edrus.<\/p>\n\n\n\n<p>Mas, por enquanto, apesar de os casos estarem em alta, o n\u00famero de mortes continua baixo, diferentemente do que aconteceu em mar\u00e7o.<\/p>\n\n\n\n<p><a href=\"https:\/\/www.bbc.com\/portuguese\/internacional-54294305\">Leia a not\u00edcia completa<\/a><\/p>\n\n\n\n<hr class=\"wp-block-separator has-css-opacity\"\/>\n\n\n\n<h3 class=\"wp-block-heading\" id=\"h-trump-anuncio-do-vencedor-de-eleicoes-nos-eua-pode-demorar-meses\"><a><strong><u>Trump: an\u00fancio do vencedor de elei\u00e7\u00f5es nos EUA pode demorar meses<\/u><\/strong><\/a><strong><u><\/u><\/strong><\/h3>\n\n\n\n<p>(26\/09\/2020) Ag\u00eancia Brasil, por Andy Sullivan \u2013<a href=\"https:\/\/agenciabrasil.ebc.com.br\/internacional\/noticia\/2020-09\/trump-anuncio-do-vencedor-de-eleicoes-nos-eua-pode-demorar-meses\"> Leia na \u00edntegra<\/a><\/p>\n\n\n\n<p>O presidente dos Estados Unidos (EUA), Donald Trump, disse que os norte-americanos poder\u00e3o ficar meses sem conhecer&nbsp;o vencedor da elei\u00e7\u00e3o presidencial de novembro, devido \u00e0 discuss\u00e3o atual sobre o envio de c\u00e9dulas pelos&nbsp;correios, refor\u00e7ando as cr\u00edticas a um m\u00e9todo que poder ser usado por metade dos eleitores neste ano.<\/p>\n\n\n\n<p>Especialistas&nbsp; disseram que podem ser necess\u00e1rios v\u00e1rios dias, ap\u00f3s a vota\u00e7\u00e3o de 3 de novembro, at\u00e9 que o vencedor seja conhecido, uma vez que os funcion\u00e1rios respons\u00e1veis precisar\u00e3o de tempo para contar os votos que chegar\u00e3o ap\u00f3s o dia da elei\u00e7\u00e3o.<\/p>\n\n\n\n<p>Ao discursar em com\u00edcio em Newport News, na Virg\u00ednia, Trump disse que prefere descobrir rapidamente se ganhou ou perdeu do que esperar que as c\u00e9dulas cheguem pelos&nbsp;correios.&nbsp;&#8220;Gosto de assistir televis\u00e3o e ouvir &#8220;O vencedor \u00e9&#8230;&#8221;, certo? Mas, nesse caso,&nbsp;voc\u00ea pode passar meses sem ouvir isso, porque est\u00e1 tudo uma bagun\u00e7a&#8221;, disse.<\/p>\n\n\n\n<p><a href=\"https:\/\/agenciabrasil.ebc.com.br\/internacional\/noticia\/2020-09\/trump-anuncio-do-vencedor-de-eleicoes-nos-eua-pode-demorar-meses\">Leia a not\u00edcia completa<\/a><\/p>\n\n\n\n<p><a href=\"https:\/\/www.bbc.com\/portuguese\/internacional-53926925\"><strong><\/strong><\/a><\/p>\n","protected":false},"excerpt":{"rendered":"<p>\u00cdndice de Not\u00edcias Mike Pompeo acusa a Venezuela de dar abrigo a terroristas durante sua visita \u00e0 Col\u00f4mbia (20\/09\/2020) El Pa\u00eds, por Santiago Torrado &nbsp;&#8211; Leia na \u00edntegra O secret\u00e1rio de Estado norte-americano,&nbsp;Mike Pompeo, reiterou neste s\u00e1bado na Col\u00f4mbia que a guerrilha do ELN e as dissid\u00eancias das FARC que se afastaram do processo de [&hellip;]<\/p>\n","protected":false},"author":1186,"featured_media":0,"comment_status":"open","ping_status":"closed","sticky":false,"template":"","format":"standard","meta":{"post_tipo":"article","footnotes":""},"categories":[1,164300],"tags":[148524,115458,198780,2380],"tax_estado":[],"class_list":["post-583085","post","type-post","status-publish","format-standard","hentry","category-cursos-e-concursos","category-concurso-diplomacia","tag-boletim-cacd","tag-cacd","tag-clipping","tag-diplomata"],"acf":[],"yoast_head":"<!-- This site is optimized with the Yoast SEO Premium plugin v27.2 (Yoast SEO v27.2) - https:\/\/yoast.com\/product\/yoast-seo-premium-wordpress\/ -->\n<title>Boletim CACD \u2013 clipping de not\u00edcias relacionadas \u00e0 Diplomacia \u2013 29 a 2\/10\/2020<\/title>\n<meta name=\"robots\" content=\"index, follow, max-snippet:-1, max-image-preview:large, max-video-preview:-1\" \/>\n<link rel=\"canonical\" href=\"https:\/\/www.estrategiaconcursos.com.br\/blog\/boletim-cacd-clipping-de-noticias-relacionadas-a-diplomacia-29-a-2-10-2020\/\" \/>\n<meta property=\"og:locale\" content=\"pt_BR\" \/>\n<meta property=\"og:type\" content=\"article\" \/>\n<meta property=\"og:title\" content=\"Boletim CACD \u2013 clipping de not\u00edcias relacionadas \u00e0 Diplomacia \u2013 29 a 2\/10\/2020\" \/>\n<meta property=\"og:description\" content=\"\u00cdndice de Not\u00edcias Mike Pompeo acusa a Venezuela de dar abrigo a terroristas durante sua visita \u00e0 Col\u00f4mbia (20\/09\/2020) El Pa\u00eds, por Santiago Torrado &nbsp;&#8211; Leia na \u00edntegra O secret\u00e1rio de Estado norte-americano,&nbsp;Mike Pompeo, reiterou neste s\u00e1bado na Col\u00f4mbia que a guerrilha do ELN e as dissid\u00eancias das FARC que se afastaram do processo de [&hellip;]\" \/>\n<meta property=\"og:url\" content=\"https:\/\/www.estrategiaconcursos.com.br\/blog\/boletim-cacd-clipping-de-noticias-relacionadas-a-diplomacia-29-a-2-10-2020\/\" \/>\n<meta property=\"og:site_name\" content=\"Estrat\u00e9gia Concursos\" \/>\n<meta property=\"article:published_time\" content=\"2020-10-05T15:10:30+00:00\" \/>\n<meta property=\"article:modified_time\" content=\"2023-05-23T17:05:15+00:00\" \/>\n<meta name=\"author\" content=\"Celso Natale\" \/>\n<meta name=\"twitter:card\" content=\"summary_large_image\" \/>\n<meta name=\"twitter:creator\" content=\"@EstratConcursos\" \/>\n<meta name=\"twitter:site\" content=\"@EstratConcursos\" \/>\n<meta name=\"twitter:label1\" content=\"Escrito por\" \/>\n\t<meta name=\"twitter:data1\" content=\"Celso Natale\" \/>\n\t<meta name=\"twitter:label2\" content=\"Est. tempo de leitura\" \/>\n\t<meta name=\"twitter:data2\" content=\"8 minutos\" \/>\n<script type=\"application\/ld+json\" class=\"yoast-schema-graph\">{\"@context\":\"https:\/\/schema.org\",\"@graph\":[{\"@type\":\"NewsArticle\",\"@id\":\"https:\/\/www.estrategiaconcursos.com.br\/blog\/boletim-cacd-clipping-de-noticias-relacionadas-a-diplomacia-29-a-2-10-2020\/#article\",\"isPartOf\":{\"@id\":\"https:\/\/www.estrategiaconcursos.com.br\/blog\/boletim-cacd-clipping-de-noticias-relacionadas-a-diplomacia-29-a-2-10-2020\/\"},\"author\":{\"name\":\"Celso Natale\",\"@id\":\"https:\/\/www.estrategiaconcursos.com.br\/blog\/#\/schema\/person\/8d088d35995a851f83b2256633153f3b\"},\"headline\":\"Boletim CACD \u2013 clipping de not\u00edcias relacionadas \u00e0 Diplomacia \u2013 29 a 2\/10\/2020\",\"datePublished\":\"2020-10-05T15:10:30+00:00\",\"dateModified\":\"2023-05-23T17:05:15+00:00\",\"mainEntityOfPage\":{\"@id\":\"https:\/\/www.estrategiaconcursos.com.br\/blog\/boletim-cacd-clipping-de-noticias-relacionadas-a-diplomacia-29-a-2-10-2020\/\"},\"wordCount\":1596,\"commentCount\":0,\"publisher\":{\"@id\":\"https:\/\/www.estrategiaconcursos.com.br\/blog\/#organization\"},\"keywords\":[\"Boletim CACD\",\"cacd\",\"clipping\",\"Diplomata\"],\"articleSection\":[\"Concursos P\u00fablicos\",\"Diplomacia (CACD)\"],\"inLanguage\":\"pt-BR\",\"potentialAction\":[{\"@type\":\"CommentAction\",\"name\":\"Comment\",\"target\":[\"https:\/\/www.estrategiaconcursos.com.br\/blog\/boletim-cacd-clipping-de-noticias-relacionadas-a-diplomacia-29-a-2-10-2020\/#respond\"]}],\"copyrightYear\":\"2020\",\"copyrightHolder\":{\"@id\":\"https:\/\/www.estrategiaconcursos.com.br\/blog\/#organization\"}},{\"@type\":\"WebPage\",\"@id\":\"https:\/\/www.estrategiaconcursos.com.br\/blog\/boletim-cacd-clipping-de-noticias-relacionadas-a-diplomacia-29-a-2-10-2020\/\",\"url\":\"https:\/\/www.estrategiaconcursos.com.br\/blog\/boletim-cacd-clipping-de-noticias-relacionadas-a-diplomacia-29-a-2-10-2020\/\",\"name\":\"Boletim CACD \u2013 clipping de not\u00edcias relacionadas \u00e0 Diplomacia \u2013 29 a 2\/10\/2020\",\"isPartOf\":{\"@id\":\"https:\/\/www.estrategiaconcursos.com.br\/blog\/#website\"},\"datePublished\":\"2020-10-05T15:10:30+00:00\",\"dateModified\":\"2023-05-23T17:05:15+00:00\",\"breadcrumb\":{\"@id\":\"https:\/\/www.estrategiaconcursos.com.br\/blog\/boletim-cacd-clipping-de-noticias-relacionadas-a-diplomacia-29-a-2-10-2020\/#breadcrumb\"},\"inLanguage\":\"pt-BR\",\"potentialAction\":[{\"@type\":\"ReadAction\",\"target\":[\"https:\/\/www.estrategiaconcursos.com.br\/blog\/boletim-cacd-clipping-de-noticias-relacionadas-a-diplomacia-29-a-2-10-2020\/\"]}]},{\"@type\":\"BreadcrumbList\",\"@id\":\"https:\/\/www.estrategiaconcursos.com.br\/blog\/boletim-cacd-clipping-de-noticias-relacionadas-a-diplomacia-29-a-2-10-2020\/#breadcrumb\",\"itemListElement\":[{\"@type\":\"ListItem\",\"position\":1,\"name\":\"In\u00edcio\",\"item\":\"https:\/\/www.estrategiaconcursos.com.br\/blog\/\"},{\"@type\":\"ListItem\",\"position\":2,\"name\":\"Boletim CACD \u2013 clipping de not\u00edcias relacionadas \u00e0 Diplomacia \u2013 29 a 2\/10\/2020\"}]},{\"@type\":\"WebSite\",\"@id\":\"https:\/\/www.estrategiaconcursos.com.br\/blog\/#website\",\"url\":\"https:\/\/www.estrategiaconcursos.com.br\/blog\/\",\"name\":\"Estrat\u00e9gia Concursos\",\"description\":\"O blog da Estrat\u00e9gia Concursos traz not\u00edcias sobre concursos e artigos de professores oferecendo cursos para concursos (pdf + videaulas) no site.\",\"publisher\":{\"@id\":\"https:\/\/www.estrategiaconcursos.com.br\/blog\/#organization\"},\"potentialAction\":[{\"@type\":\"SearchAction\",\"target\":{\"@type\":\"EntryPoint\",\"urlTemplate\":\"https:\/\/www.estrategiaconcursos.com.br\/blog\/?s={search_term_string}\"},\"query-input\":{\"@type\":\"PropertyValueSpecification\",\"valueRequired\":true,\"valueName\":\"search_term_string\"}}],\"inLanguage\":\"pt-BR\"},{\"@type\":\"Organization\",\"@id\":\"https:\/\/www.estrategiaconcursos.com.br\/blog\/#organization\",\"name\":\"Estrat\u00e9gia Concursos\",\"url\":\"https:\/\/www.estrategiaconcursos.com.br\/blog\/\",\"logo\":{\"@type\":\"ImageObject\",\"inLanguage\":\"pt-BR\",\"@id\":\"https:\/\/www.estrategiaconcursos.com.br\/blog\/#\/schema\/logo\/image\/\",\"url\":\"https:\/\/dhg1h5j42swfq.cloudfront.net\/2025\/06\/03203428\/logo_concursos-1.jpg\",\"contentUrl\":\"https:\/\/dhg1h5j42swfq.cloudfront.net\/2025\/06\/03203428\/logo_concursos-1.jpg\",\"width\":230,\"height\":60,\"caption\":\"Estrat\u00e9gia Concursos\"},\"image\":{\"@id\":\"https:\/\/www.estrategiaconcursos.com.br\/blog\/#\/schema\/logo\/image\/\"},\"sameAs\":[\"https:\/\/x.com\/EstratConcursos\"]},{\"@type\":\"Person\",\"@id\":\"https:\/\/www.estrategiaconcursos.com.br\/blog\/#\/schema\/person\/8d088d35995a851f83b2256633153f3b\",\"name\":\"Celso Natale\",\"image\":{\"@type\":\"ImageObject\",\"inLanguage\":\"pt-BR\",\"@id\":\"https:\/\/secure.gravatar.com\/avatar\/c8fbdcaa043a22980f0e38d9de732508e2163cd4ee3835f9403347be9a456cc8?s=96&d=mm&r=g\",\"url\":\"https:\/\/secure.gravatar.com\/avatar\/c8fbdcaa043a22980f0e38d9de732508e2163cd4ee3835f9403347be9a456cc8?s=96&d=mm&r=g\",\"contentUrl\":\"https:\/\/secure.gravatar.com\/avatar\/c8fbdcaa043a22980f0e38d9de732508e2163cd4ee3835f9403347be9a456cc8?s=96&d=mm&r=g\",\"caption\":\"Celso Natale\"},\"url\":\"https:\/\/www.estrategiaconcursos.com.br\/blog\/author\/celsonatalegmail-com\/\"}]}<\/script>\n<!-- \/ Yoast SEO Premium plugin. -->","yoast_head_json":{"title":"Boletim CACD \u2013 clipping de not\u00edcias relacionadas \u00e0 Diplomacia \u2013 29 a 2\/10\/2020","robots":{"index":"index","follow":"follow","max-snippet":"max-snippet:-1","max-image-preview":"max-image-preview:large","max-video-preview":"max-video-preview:-1"},"canonical":"https:\/\/www.estrategiaconcursos.com.br\/blog\/boletim-cacd-clipping-de-noticias-relacionadas-a-diplomacia-29-a-2-10-2020\/","og_locale":"pt_BR","og_type":"article","og_title":"Boletim CACD \u2013 clipping de not\u00edcias relacionadas \u00e0 Diplomacia \u2013 29 a 2\/10\/2020","og_description":"\u00cdndice de Not\u00edcias Mike Pompeo acusa a Venezuela de dar abrigo a terroristas durante sua visita \u00e0 Col\u00f4mbia (20\/09\/2020) El Pa\u00eds, por Santiago Torrado &nbsp;&#8211; Leia na \u00edntegra O secret\u00e1rio de Estado norte-americano,&nbsp;Mike Pompeo, reiterou neste s\u00e1bado na Col\u00f4mbia que a guerrilha do ELN e as dissid\u00eancias das FARC que se afastaram do processo de [&hellip;]","og_url":"https:\/\/www.estrategiaconcursos.com.br\/blog\/boletim-cacd-clipping-de-noticias-relacionadas-a-diplomacia-29-a-2-10-2020\/","og_site_name":"Estrat\u00e9gia Concursos","article_published_time":"2020-10-05T15:10:30+00:00","article_modified_time":"2023-05-23T17:05:15+00:00","author":"Celso Natale","twitter_card":"summary_large_image","twitter_creator":"@EstratConcursos","twitter_site":"@EstratConcursos","twitter_misc":{"Escrito por":"Celso Natale","Est. tempo de leitura":"8 minutos"},"schema":{"@context":"https:\/\/schema.org","@graph":[{"@type":"NewsArticle","@id":"https:\/\/www.estrategiaconcursos.com.br\/blog\/boletim-cacd-clipping-de-noticias-relacionadas-a-diplomacia-29-a-2-10-2020\/#article","isPartOf":{"@id":"https:\/\/www.estrategiaconcursos.com.br\/blog\/boletim-cacd-clipping-de-noticias-relacionadas-a-diplomacia-29-a-2-10-2020\/"},"author":{"name":"Celso Natale","@id":"https:\/\/www.estrategiaconcursos.com.br\/blog\/#\/schema\/person\/8d088d35995a851f83b2256633153f3b"},"headline":"Boletim CACD \u2013 clipping de not\u00edcias relacionadas \u00e0 Diplomacia \u2013 29 a 2\/10\/2020","datePublished":"2020-10-05T15:10:30+00:00","dateModified":"2023-05-23T17:05:15+00:00","mainEntityOfPage":{"@id":"https:\/\/www.estrategiaconcursos.com.br\/blog\/boletim-cacd-clipping-de-noticias-relacionadas-a-diplomacia-29-a-2-10-2020\/"},"wordCount":1596,"commentCount":0,"publisher":{"@id":"https:\/\/www.estrategiaconcursos.com.br\/blog\/#organization"},"keywords":["Boletim CACD","cacd","clipping","Diplomata"],"articleSection":["Concursos P\u00fablicos","Diplomacia (CACD)"],"inLanguage":"pt-BR","potentialAction":[{"@type":"CommentAction","name":"Comment","target":["https:\/\/www.estrategiaconcursos.com.br\/blog\/boletim-cacd-clipping-de-noticias-relacionadas-a-diplomacia-29-a-2-10-2020\/#respond"]}],"copyrightYear":"2020","copyrightHolder":{"@id":"https:\/\/www.estrategiaconcursos.com.br\/blog\/#organization"}},{"@type":"WebPage","@id":"https:\/\/www.estrategiaconcursos.com.br\/blog\/boletim-cacd-clipping-de-noticias-relacionadas-a-diplomacia-29-a-2-10-2020\/","url":"https:\/\/www.estrategiaconcursos.com.br\/blog\/boletim-cacd-clipping-de-noticias-relacionadas-a-diplomacia-29-a-2-10-2020\/","name":"Boletim CACD \u2013 clipping de not\u00edcias relacionadas \u00e0 Diplomacia \u2013 29 a 2\/10\/2020","isPartOf":{"@id":"https:\/\/www.estrategiaconcursos.com.br\/blog\/#website"},"datePublished":"2020-10-05T15:10:30+00:00","dateModified":"2023-05-23T17:05:15+00:00","breadcrumb":{"@id":"https:\/\/www.estrategiaconcursos.com.br\/blog\/boletim-cacd-clipping-de-noticias-relacionadas-a-diplomacia-29-a-2-10-2020\/#breadcrumb"},"inLanguage":"pt-BR","potentialAction":[{"@type":"ReadAction","target":["https:\/\/www.estrategiaconcursos.com.br\/blog\/boletim-cacd-clipping-de-noticias-relacionadas-a-diplomacia-29-a-2-10-2020\/"]}]},{"@type":"BreadcrumbList","@id":"https:\/\/www.estrategiaconcursos.com.br\/blog\/boletim-cacd-clipping-de-noticias-relacionadas-a-diplomacia-29-a-2-10-2020\/#breadcrumb","itemListElement":[{"@type":"ListItem","position":1,"name":"In\u00edcio","item":"https:\/\/www.estrategiaconcursos.com.br\/blog\/"},{"@type":"ListItem","position":2,"name":"Boletim CACD \u2013 clipping de not\u00edcias relacionadas \u00e0 Diplomacia \u2013 29 a 2\/10\/2020"}]},{"@type":"WebSite","@id":"https:\/\/www.estrategiaconcursos.com.br\/blog\/#website","url":"https:\/\/www.estrategiaconcursos.com.br\/blog\/","name":"Estrat\u00e9gia Concursos","description":"O blog da Estrat\u00e9gia Concursos traz not\u00edcias sobre concursos e artigos de professores oferecendo cursos para concursos (pdf + videaulas) no site.","publisher":{"@id":"https:\/\/www.estrategiaconcursos.com.br\/blog\/#organization"},"potentialAction":[{"@type":"SearchAction","target":{"@type":"EntryPoint","urlTemplate":"https:\/\/www.estrategiaconcursos.com.br\/blog\/?s={search_term_string}"},"query-input":{"@type":"PropertyValueSpecification","valueRequired":true,"valueName":"search_term_string"}}],"inLanguage":"pt-BR"},{"@type":"Organization","@id":"https:\/\/www.estrategiaconcursos.com.br\/blog\/#organization","name":"Estrat\u00e9gia Concursos","url":"https:\/\/www.estrategiaconcursos.com.br\/blog\/","logo":{"@type":"ImageObject","inLanguage":"pt-BR","@id":"https:\/\/www.estrategiaconcursos.com.br\/blog\/#\/schema\/logo\/image\/","url":"https:\/\/dhg1h5j42swfq.cloudfront.net\/2025\/06\/03203428\/logo_concursos-1.jpg","contentUrl":"https:\/\/dhg1h5j42swfq.cloudfront.net\/2025\/06\/03203428\/logo_concursos-1.jpg","width":230,"height":60,"caption":"Estrat\u00e9gia Concursos"},"image":{"@id":"https:\/\/www.estrategiaconcursos.com.br\/blog\/#\/schema\/logo\/image\/"},"sameAs":["https:\/\/x.com\/EstratConcursos"]},{"@type":"Person","@id":"https:\/\/www.estrategiaconcursos.com.br\/blog\/#\/schema\/person\/8d088d35995a851f83b2256633153f3b","name":"Celso Natale","image":{"@type":"ImageObject","inLanguage":"pt-BR","@id":"https:\/\/secure.gravatar.com\/avatar\/c8fbdcaa043a22980f0e38d9de732508e2163cd4ee3835f9403347be9a456cc8?s=96&d=mm&r=g","url":"https:\/\/secure.gravatar.com\/avatar\/c8fbdcaa043a22980f0e38d9de732508e2163cd4ee3835f9403347be9a456cc8?s=96&d=mm&r=g","contentUrl":"https:\/\/secure.gravatar.com\/avatar\/c8fbdcaa043a22980f0e38d9de732508e2163cd4ee3835f9403347be9a456cc8?s=96&d=mm&r=g","caption":"Celso Natale"},"url":"https:\/\/www.estrategiaconcursos.com.br\/blog\/author\/celsonatalegmail-com\/"}]}},"_links":{"self":[{"href":"https:\/\/www.estrategiaconcursos.com.br\/blog\/wp-json\/wp\/v2\/posts\/583085","targetHints":{"allow":["GET"]}}],"collection":[{"href":"https:\/\/www.estrategiaconcursos.com.br\/blog\/wp-json\/wp\/v2\/posts"}],"about":[{"href":"https:\/\/www.estrategiaconcursos.com.br\/blog\/wp-json\/wp\/v2\/types\/post"}],"author":[{"embeddable":true,"href":"https:\/\/www.estrategiaconcursos.com.br\/blog\/wp-json\/wp\/v2\/users\/1186"}],"replies":[{"embeddable":true,"href":"https:\/\/www.estrategiaconcursos.com.br\/blog\/wp-json\/wp\/v2\/comments?post=583085"}],"version-history":[{"count":2,"href":"https:\/\/www.estrategiaconcursos.com.br\/blog\/wp-json\/wp\/v2\/posts\/583085\/revisions"}],"predecessor-version":[{"id":1220739,"href":"https:\/\/www.estrategiaconcursos.com.br\/blog\/wp-json\/wp\/v2\/posts\/583085\/revisions\/1220739"}],"wp:attachment":[{"href":"https:\/\/www.estrategiaconcursos.com.br\/blog\/wp-json\/wp\/v2\/media?parent=583085"}],"wp:term":[{"taxonomy":"category","embeddable":true,"href":"https:\/\/www.estrategiaconcursos.com.br\/blog\/wp-json\/wp\/v2\/categories?post=583085"},{"taxonomy":"post_tag","embeddable":true,"href":"https:\/\/www.estrategiaconcursos.com.br\/blog\/wp-json\/wp\/v2\/tags?post=583085"},{"taxonomy":"tax_estado","embeddable":true,"href":"https:\/\/www.estrategiaconcursos.com.br\/blog\/wp-json\/wp\/v2\/tax_estado?post=583085"}],"curies":[{"name":"wp","href":"https:\/\/api.w.org\/{rel}","templated":true}]}}