{"id":582801,"date":"2020-10-09T18:02:00","date_gmt":"2020-10-09T21:02:00","guid":{"rendered":"https:\/\/www.estrategiaconcursos.com.br\/blog\/?p=582801"},"modified":"2020-11-13T11:45:34","modified_gmt":"2020-11-13T14:45:34","slug":"oracoes-coordenadas-portugues-para-concursos","status":"publish","type":"post","link":"https:\/\/www.estrategiaconcursos.com.br\/blog\/oracoes-coordenadas-portugues-para-concursos\/","title":{"rendered":"Ora\u00e7\u00f5es Coordenadas &#8211; Portugu\u00eas para Concursos"},"content":{"rendered":"\n<p><em>Aprenda tudo sobre ora\u00e7\u00f5es coordenadas, domine a disciplina de Portugu\u00eas e, assim,\u00a0conquiste sua sonhada aprova\u00e7\u00e3o!<\/em><\/p>\n\n\n\n<figure class=\"wp-block-image size-large is-resized\"><img loading=\"lazy\" decoding=\"async\" src=\"https:\/\/dhg1h5j42swfq.cloudfront.net\/2020\/10\/04215228\/portugues.png\" alt=\"Professores de portugu\u00eas Estrat\u00e9gia Concursos\" class=\"wp-image-582802\" width=\"850\" height=\"480\" srcset=\"https:\/\/dhg1h5j42swfq.cloudfront.net\/2020\/10\/04215228\/portugues.png 514w, https:\/\/dhg1h5j42swfq.cloudfront.net\/2020\/10\/04215228\/portugues-300x169.png 300w\" sizes=\"auto, (max-width: 850px) 100vw, 850px\" \/><figcaption>Ora\u00e7\u00f5es Coordenadas &#8211; Portugu\u00eas para Concursos<\/figcaption><\/figure>\n\n\n\n<p>No m\u00eas de agosto, ocorreu um evento incr\u00edvel no Estrat\u00e9gia Concursos: a <strong>Semana Especial de Portugu\u00eas, <\/strong>transmitida diretamente do canal do Estrat\u00e9gia no Youtube.<\/p>\n\n\n\n<p>Durante o evento, que aconteceu de 17\/08 a 25\/08, os professores Adriana Figueiredo, Felipe Luccas, Jana\u00edna Arruda e Suellen Borges transmitiram diversas aulas da disciplina de Portugu\u00eas, a fim de levar os alunos \u201cdo zero ao topo\u201d, na prepara\u00e7\u00e3o para concursos p\u00fablicos.<\/p>\n\n\n\n<p>Traremos neste artigo um resumo da transmiss\u00e3o realizada no dia 18\/08, em que a professora Jana\u00edna Arruda abordou, de forma clara e did\u00e1tica, o tema \u201c<strong>Ora\u00e7\u00f5es Coordenadas<\/strong>\u201d. Trata-se de um assunto muito cobrado em provas de concurso. Por isso, exige dos alunos uma boa compreens\u00e3o.<\/p>\n\n\n\n<p>Leia o artigo at\u00e9 o final para entender tudo o que voc\u00ea precisa para arrasar nos exerc\u00edcios de ora\u00e7\u00f5es coordenadas, com muitos exemplos pr\u00e1ticos para facilitar o seu entendimento do tema. <\/p>\n\n\n\n<p>Deixaremos abaixo o v\u00eddeo, para voc\u00ea que quer assistir integralmente \u00e0 aula:<\/p>\n\n\n<figure class=\"wp-block-embed-youtube wp-block-embed is-type-video is-provider-youtube wp-embed-aspect-16-9 wp-has-aspect-ratio\"><div class=\"lyte-wrapper\" style=\"width:853px;max-width:100%;margin:5px;\"><div class=\"lyMe\" id=\"WYL_eEB2ORhlXBI\"><div id=\"lyte_eEB2ORhlXBI\" data-src=\"\/\/i.ytimg.com\/vi\/eEB2ORhlXBI\/hqdefault.jpg\" class=\"pL\"><div class=\"tC\"><div class=\"tT\"><\/div><\/div><div class=\"play\"><\/div><div class=\"ctrl\"><div class=\"Lctrl\"><\/div><div class=\"Rctrl\"><\/div><\/div><\/div><noscript><a href=\"https:\/\/youtu.be\/eEB2ORhlXBI\" rel=\"nofollow\"><img loading=\"lazy\" decoding=\"async\" src=\"https:\/\/i.ytimg.com\/vi\/eEB2ORhlXBI\/0.jpg\" alt=\"YouTube video thumbnail\" width=\"853\" height=\"460\" \/><br \/>Assista a este v\u00eddeo no YouTube<\/a><\/noscript><\/div><\/div><div class=\"lL\" style=\"max-width:100%;width:853px;margin:5px;\"><\/div><figcaption>Ora\u00e7\u00f5es Coordenadas &#8211; Portugu\u00eas para Concursos<\/figcaption><\/figure>\n\n\n<p>Nesta transmiss\u00e3o, a professora Jana\u00edna <strong>aprofundou o estudo sobre o per\u00edodo composto <\/strong>e, a partir disso, explicou de forma detalhada sobre as ora\u00e7\u00f5es coordenadas que o comp\u00f5em.<\/p>\n\n\n\n<p>Nesse sentido, a professora esclareceu que, para a correta compreens\u00e3o sobre a sintaxe do per\u00edodo composto,<strong> \u00e9 essencial que se estude o valor sem\u00e2ntico das estruturas e as constru\u00e7\u00f5es que podem ser feitas<\/strong>, na L\u00edngua Portuguesa, a partir dos diferentes conectivos existentes.<\/p>\n\n\n\n<h2 class=\"wp-block-heading\">Per\u00edodo composto: o que faz parte?<\/h2>\n\n\n\n<p>Inicialmente, cabe dizer que o estudo do per\u00edodo composto n\u00e3o envolve apenas a rela\u00e7\u00e3o entre os termos de uma ora\u00e7\u00e3o, mas sim a rela\u00e7\u00e3o entre as diversas estruturas presentes nos textos. <\/p>\n\n\n\n<p>Dessa forma, \u00e9 necess\u00e1ria a correta compreens\u00e3o do valor sem\u00e2ntico de cada conectivo, no contexto de cada ora\u00e7\u00e3o, para voc\u00ea interpretar corretamente o seu sentido.<\/p>\n\n\n\n<p>Nesse sentido, cabe esclarecer que <strong>o per\u00edodo composto divide-se em 2 categorias: ora\u00e7\u00f5es coordenadas e ora\u00e7\u00f5es subordinadas<\/strong>. <\/p>\n\n\n\n<p>As <strong>ora\u00e7\u00f5es coordenadas formam um \u00fanico grupo<\/strong>, ao passo que as <strong>ora\u00e7\u00f5es subordinadas se dividem em tr\u00eas subgrupos:<\/strong> substantivas, adverbiais e adjetivas.<\/p>\n\n\n\n<p>A partir de ent\u00e3o, explicaremos a diferen\u00e7a entre as ora\u00e7\u00f5es coordenadas e as ora\u00e7\u00f5es subordinadas, j\u00e1 que ambas podem integrar o per\u00edodo composto.<\/p>\n\n\n\n<h2 class=\"wp-block-heading\">Ora\u00e7\u00f5es coordenadas x ora\u00e7\u00f5es subordinadas<\/h2>\n\n\n\n<p>Primeiramente, cabe dizer que o<strong> per\u00edodo composto pode ser composto por coordena\u00e7\u00e3o ou por subordina\u00e7\u00e3o<\/strong>. O primeiro caso refere-se \u00e0quele per\u00edodo formado apenas por ora\u00e7\u00f5es coordenadas. Assim sendo, n\u00e3o h\u00e1 ora\u00e7\u00e3o principal, neste per\u00edodo, j\u00e1 que as ora\u00e7\u00f5es s\u00e3o independentes entre si.<\/p>\n\n\n\n<p>Por outro lado, <strong>no per\u00edodo composto por subordina\u00e7\u00e3o, h\u00e1 uma depend\u00eancia sint\u00e1tica da ora\u00e7\u00e3o subordinada em rela\u00e7\u00e3o \u00e0 ora\u00e7\u00e3o principal.<\/strong><\/p>\n\n\n\n<p>Por fim, existe, ainda, a possibilidade de um <strong>per\u00edodo composto simultaneamente por coordena\u00e7\u00e3o e por subordina\u00e7\u00e3o: \u00e9 o chamado \u201cper\u00edodo misto\u201d.<\/strong><\/p>\n\n\n\n<p>A partir de ent\u00e3o, focaremos a explica\u00e7\u00e3o no per\u00edodo composto por coordena\u00e7\u00e3o, isto \u00e9, aquele formado por ora\u00e7\u00f5es coordenadas, de estrutura sint\u00e1tica completa. Nesse sentido, perceba o seguinte exemplo: \u201cLigo o computador, escrevo algumas p\u00e1ginas; lembro-me do passado e abro uma garrafa de vinho\u201d.<\/p>\n\n\n\n<p>Nessa estrutura, formada por v\u00e1rias ora\u00e7\u00f5es coordenadas, h\u00e1 uma independ\u00eancia entre as ora\u00e7\u00f5es, em rela\u00e7\u00e3o \u00e0 sintaxe, j\u00e1 que seria poss\u00edvel, inclusive, colocar um ponto final entre elas. <\/p>\n\n\n\n<p>Assim, resta evidente que <strong>a \u00fanica rela\u00e7\u00e3o entre as ora\u00e7\u00f5es coordenadas \u00e9 a rela\u00e7\u00e3o sem\u00e2ntica (n\u00e3o h\u00e1 uma depend\u00eancia sint\u00e1tica).<\/strong><\/p>\n\n\n\n<h2 class=\"wp-block-heading\">Ora\u00e7\u00f5es coordenadas: classifica\u00e7\u00e3o<\/h2>\n\n\n\n<p>As ora\u00e7\u00f5es coordenadas podem ser classificadas em<strong> assind\u00e9ticas (aquelas que n\u00e3o possuem conjun\u00e7\u00e3o) e sind\u00e9ticas (as que possuem conjun\u00e7\u00e3o).<\/strong><\/p>\n\n\n\n<p>Vale dizer que a <strong>conjun\u00e7\u00e3o sempre come\u00e7a uma nova ora\u00e7\u00e3o.<\/strong><\/p>\n\n\n\n<p>Al\u00e9m disso, as ora\u00e7\u00f5es coordenadas <strong>sind\u00e9ticas <\/strong>podem ser divididas em diferentes categorias, cada uma com um valor sem\u00e2ntico diverso:<\/p>\n\n\n\n<ol class=\"wp-block-list\"><li>Explicativas;<\/li><li>Conclusivas;<\/li><li>Aditivas;<\/li><li>Adversativas;<\/li><li>Alternativas;<\/li><\/ol>\n\n\n\n<h3 class=\"wp-block-heading\">Ora\u00e7\u00f5es Coordenadas Sind\u00e9ticas Aditivas<\/h3>\n\n\n\n<p>Expressam uma ideia de adi\u00e7\u00e3o em rela\u00e7\u00e3o \u00e0 ora\u00e7\u00e3o anterior, com aux\u00edlio das conjun\u00e7\u00f5es (e, nem, como tamb\u00e9m, mas tamb\u00e9m, tamb\u00e9m, bem como, que&#8230;).<\/p>\n\n\n\n<p>Exemplos:<\/p>\n\n\n\n<p>&#8211; Jo\u00e3o chegou <strong>e<\/strong> foi jantar. \u2192 A ora\u00e7\u00e3o que carrega a conjun\u00e7\u00e3o \u00e9 a chamada ora\u00e7\u00e3o aditiva.<\/p>\n\n\n\n<p>&#8211; <strong>N\u00e3o s\u00f3<\/strong> \u00e9 verdade, <strong>como tamb\u00e9m<\/strong> faz parte dos planos. \u2192 Estrutura muito cobrada em provas.<\/p>\n\n\n\n<h3 class=\"wp-block-heading\">Ora\u00e7\u00f5es Coordenadas Sind\u00e9ticas Adversativas<\/h3>\n\n\n\n<p>Expressam ideias que contradizem a ora\u00e7\u00e3o principal. Apresentam conjun\u00e7\u00f5es como: mas, por\u00e9m, contudo, todavia, entretanto, n\u00e3o obstante&#8230;<\/p>\n\n\n\n<p>Exemplos:<\/p>\n\n\n\n<p>&#8211; Falei, <strong>todavia <\/strong>n\u00e3o fui convincente.<\/p>\n\n\n\n<p>&#8211; A comida era boa, <strong>por\u00e9m<\/strong> o lugar era ruim.<\/p>\n\n\n\n<h3 class=\"wp-block-heading\">Ora\u00e7\u00f5es Coordenadas Sind\u00e9ticas Alternativas<\/h3>\n\n\n\n<p>Exprimem uma ideia de escolha ou altern\u00e2ncia em rela\u00e7\u00e3o \u00e0 ora\u00e7\u00e3o anterior. Assim, as ideias podem se excluir ou se alterar.<\/p>\n\n\n\n<p>Conjun\u00e7\u00f5es que costumam integrar essas ora\u00e7\u00f5es: ou, ou&#8230;ou, nem&#8230;nem, quer&#8230;quer, ora&#8230;ora, seja&#8230;seja.<\/p>\n\n\n\n<p>Exemplo: &#8220;Corra <strong>ou <\/strong>n\u00e3o alcan\u00e7ar\u00e1 o \u00f4nibus&#8221;.<\/p>\n\n\n\n<h3 class=\"wp-block-heading\">Ora\u00e7\u00f5es Coordenadas Sind\u00e9ticas Conclusivas<\/h3>\n\n\n\n<p>Expressam uma ideia de conclus\u00e3o acerca da ora\u00e7\u00e3o anterior. Apresentam conjun\u00e7\u00f5es \/ locu\u00e7\u00f5es conjuntivas como: logo, portanto, por conseguinte, por isso, assim, ent\u00e3o.<\/p>\n\n\n\n<p>Exemplos:<\/p>\n\n\n\n<p>&#8211; Estudo muito, <strong>logo <\/strong>devo passar no concurso.<\/p>\n\n\n\n<p>&#8211; O menino est\u00e1 doente, <strong>por isso<\/strong> faltou ao curso.<\/p>\n\n\n\n<h3 class=\"wp-block-heading\">Ora\u00e7\u00f5es Coordenadas Sind\u00e9ticas Explicativas<\/h3>\n\n\n\n<p>Exprimem uma ideia explicativa em rela\u00e7\u00e3o \u00e0 ora\u00e7\u00e3o anterior. <\/p>\n\n\n\n<p>Conjun\u00e7\u00f5es que costumam estar presentes: pois, porque, que, porquanto&#8230;<\/p>\n\n\n\n<p>Exemplos:<\/p>\n\n\n\n<p>&#8211; N\u00e3o jogue papel no ch\u00e3o, <strong>que <\/strong>\u00e9 proibido.<\/p>\n\n\n\n<p>&#8211; Diga a verdade, <strong>porque <\/strong>vamos ajud\u00e1-lo.<\/p>\n\n\n\n<p><strong>OBS<\/strong>: cuidado com a conjun\u00e7\u00e3o \u201cporquanto\u201d, muito cobrada em provas, pois seu valor sem\u00e2ntico \u00e9 completamente diferente de outras, como \u201centretanto\u201d e \u201cportanto\u201d.<\/p>\n\n\n\n<h2 class=\"wp-block-heading\">Conjun\u00e7\u00f5es com mais de um valor<\/h2>\n\n\n\n<p>Algumas conjun\u00e7\u00f5es podem apresentar diferentes valores sem\u00e2nticos, a depender da ora\u00e7\u00e3o em que estejam inseridas. <\/p>\n\n\n\n<p>Nesse sentido, traremos aqui alguns exemplos dessas conjun\u00e7\u00f5es e os sentidos que elas podem indicar.<\/p>\n\n\n\n<h3 class=\"wp-block-heading\">Como<\/h3>\n\n\n\n<ul class=\"wp-block-list\"><li><strong>Adi\u00e7\u00e3o<\/strong>. Ex.: N\u00e3o s\u00f3 \u00e9 bonito, <strong>como <\/strong>\u00e9 inteligente. \u2192 Ora\u00e7\u00e3o coordenada.<\/li><li><strong>Causa<\/strong>. Ex.: <strong>Como <\/strong>n\u00e3o sabia portugu\u00eas, estudou. \u2192 Ora\u00e7\u00e3o subordinada.<\/li><li><strong>Compara\u00e7\u00e3o<\/strong>. Ex.: Estudou <strong>como <\/strong>um g\u00eanio. \u2192 Ora\u00e7\u00e3o subordinada.<\/li><li><strong>Conformidade<\/strong>. Ex.: Estudou <strong>como <\/strong>o manual mandava. \u2192 Ora\u00e7\u00e3o subordinada.<\/li><\/ul>\n\n\n\n<h3 class=\"wp-block-heading\">E<\/h3>\n\n\n\n<ul class=\"wp-block-list\"><li><strong>Adi\u00e7\u00e3o<\/strong>. Ex.: Ele \u00e9 bonito <strong>e <\/strong>pratica esportes. \u2192 Ora\u00e7\u00e3o coordenada.<\/li><li><strong>Adversativo<\/strong>. Ex.: Ele n\u00e3o sabe portugu\u00eas <strong>e <\/strong>n\u00e3o estuda. \u2192 Valor de \u201cmas\u201d. Ora\u00e7\u00e3o coordenada adversativa.<\/li><li><strong>Conclusivo<\/strong>. Ele estudou portugu\u00eas <strong>e <\/strong>passou de ano. \u2192 Ora\u00e7\u00e3o coordenada conclusiva.<\/li><li><strong>Final<\/strong>. Ele ia estudar <strong>e <\/strong>passar na prova. \u2192 Ora\u00e7\u00e3o subordinada. A finalidade de estuar \u00e9 passar na prova.<\/li><\/ul>\n\n\n\n<h3 class=\"wp-block-heading\">Pois<\/h3>\n\n\n\n<ul class=\"wp-block-list\"><li><strong>Adversativo<\/strong>. Ex.: Est\u00e1 estudando? <strong>Pois <\/strong>eu n\u00e3o estou.<\/li><li><strong>Conclus\u00e3o<\/strong>. Ex.: Est\u00e1 estudando, pode, <strong>pois<\/strong>, passar de ano.<\/li><li><strong>Explica\u00e7\u00e3o<\/strong>. Ex.: Preciso estudar, <strong>pois <\/strong>n\u00e3o sei a mat\u00e9ria.<\/li><\/ul>\n\n\n\n<p>Todas s\u00e3o ora\u00e7\u00f5es coordenadas, embora com valores sem\u00e2nticos diferentes.<\/p>\n\n\n\n<h3 class=\"wp-block-heading\">Porque<\/h3>\n\n\n\n<ul class=\"wp-block-list\"><li><strong>Causa<\/strong>. Ex.: Estudei, <strong>porque<\/strong> n\u00e3o sabia a mat\u00e9ria. \u2192 Ora\u00e7\u00e3o subordinada.<\/li><li><strong>Explica\u00e7\u00e3o<\/strong>: Venha assistir a esse filme, <strong>porque<\/strong> \u00e9 \u00f3timo. \u2192 Ora\u00e7\u00e3o coordenada.<\/li><\/ul>\n\n\n\n<p><strong>Dicas<\/strong>: em geral, quando \u201cporque\u201d tiver valor sem\u00e2ntico de \u201ccausa\u201d, estar\u00e1 na ora\u00e7\u00e3o subordinada; quando indicar ideia de explica\u00e7\u00e3o, estar\u00e1 na ora\u00e7\u00e3o coordenada. Al\u00e9m disso, em geral, quando o verbo da ora\u00e7\u00e3o anterior estiver no imperativo, o &#8220;porque&#8221; ser\u00e1 explicativo; quando estiver no indicativo, trar\u00e1 ideia de causa.<\/p>\n\n\n\n<h3 class=\"wp-block-heading\">Mas<\/h3>\n\n\n\n<ul class=\"wp-block-list\"><li><strong>Adi\u00e7\u00e3o<\/strong>. Ex.:&nbsp;N\u00e3o s\u00f3 \u00e9 bonito,&nbsp;<strong>mas<\/strong>&nbsp;tem bom car\u00e1ter. \u2192 Ora\u00e7\u00e3o coordenada.<\/li><li><strong>Adversativo<\/strong>. Ex.:&nbsp;Estudou muito,&nbsp;<strong>mas<\/strong>&nbsp;n\u00e3o passou de ano. \u2192 Ora\u00e7\u00e3o coordenada.<\/li><li><strong>Atenua\u00e7\u00e3o<\/strong>. Ex.:&nbsp;Ia mal na escola,&nbsp;<strong>mas<\/strong>&nbsp;disfar\u00e7ava. \u2192 Ora\u00e7\u00e3o coordenada.<\/li><li><strong>Compensa\u00e7\u00e3o<\/strong>:&nbsp;N\u00e3o saiu como os amigos,&nbsp;<strong>mas<\/strong>&nbsp;foi bem na prova. \u2192 Ora\u00e7\u00e3o coordenada.<\/li><li><strong>Restri\u00e7\u00e3o<\/strong>. Ex.:&nbsp;Estudou,&nbsp;<strong>mas<\/strong>&nbsp;apenas para passar de ano. \u2192 Trata-se de uma ora\u00e7\u00e3o subordinada adverbial. Ela est\u00e1 reduzida e indica finalidade.<\/li><li><strong>Retifica\u00e7\u00e3o<\/strong>. Ex.:&nbsp;Matem\u00e1tica \u00e9 dif\u00edcil,&nbsp;<strong>mas<\/strong>&nbsp;poucos se dedicam ao portugu\u00eas. \u2192 Ideia de retifica\u00e7\u00e3o, corre\u00e7\u00e3o da fala. Ora\u00e7\u00e3o coordenada.<\/li><\/ul>\n\n\n\n<h3 class=\"wp-block-heading\">Que<\/h3>\n\n\n\n<ul class=\"wp-block-list\"><li><strong>Adi\u00e7\u00e3o<\/strong>. Ex.:&nbsp;Estuda&nbsp;<strong>que<\/strong>&nbsp;estuda, mas n\u00e3o passa de ano. \u2192 Ora\u00e7\u00e3o coordenada.<\/li><li><strong>Adversativo<\/strong>. Ex.:&nbsp;Preciso estudar,&nbsp;<strong>que<\/strong>&nbsp;n\u00e3o essas poucas horas.&nbsp;\u2192 Ora\u00e7\u00e3o coordenada.<\/li><li><strong>Causa<\/strong>. Ex.:&nbsp;Prevenido&nbsp;<strong>que<\/strong>&nbsp;era, estudou. \u2192 Porque era prevenido, estudou. \u2192 Ora\u00e7\u00e3o subordinada.<\/li><li><strong>Compara\u00e7\u00e3o<\/strong>. Ex.: Ele estuda mais&nbsp;<strong>que<\/strong>&nbsp;os amigos. \u2192 Ora\u00e7\u00e3o subordinada.<\/li><li><strong>Concess\u00e3o<\/strong>. Ex.:&nbsp;Estude uma hora&nbsp;<strong>que<\/strong>&nbsp;seja. \u2192 H\u00e1 uma quebra na expectativa. Ora\u00e7\u00e3o subordinada.<\/li><li><strong>Conjun\u00e7\u00e3o Integrante<\/strong>. Ex.:&nbsp;O importante \u00e9&nbsp;<strong>que<\/strong>&nbsp;voc\u00ea estude. \u2192 Ora\u00e7\u00e3o subordinada. &#8220;Que&#8221; como conjun\u00e7\u00e3o integrante.<\/li><li><strong>Consecutiva<\/strong>. Ex.: Tanto estudou&nbsp;<strong>que<\/strong>&nbsp;passou de ano. \u2192 Ora\u00e7\u00e3o subordinada.<\/li><li><strong>Explica\u00e7\u00e3o<\/strong>. Ex.:&nbsp;Estude,&nbsp;<strong>que<\/strong>&nbsp;a prova \u00e9 amanh\u00e3. \u2192 Ora\u00e7\u00e3o coordenada.<\/li><li><strong>Final<\/strong>. Ex.:&nbsp;Estudou para&nbsp;<strong>que<\/strong>&nbsp;passasse de ano. \u2192 Ora\u00e7\u00e3o subordinada.<\/li><li><strong>Modo<\/strong>. Ex.:&nbsp;Sem&nbsp;<strong>que<\/strong>&nbsp;percebas, ter\u00e1s aprendido a mat\u00e9ria. \u2192 Ora\u00e7\u00e3o subordinada.<\/li><li><strong>Tempo<\/strong>. Ex.:&nbsp;Sempre que estuda, vai bem na prova. \u2192 Ora\u00e7\u00e3o subordinada.<\/li><\/ul>\n\n\n\n<h3 class=\"wp-block-heading\">Se<\/h3>\n\n\n\n<ul class=\"wp-block-list\"><li><strong>Causa<\/strong>. Ex.:&nbsp;<strong>Se<\/strong>&nbsp;voc\u00ea tinha dificuldades, por que n\u00e3o estudou?<\/li><li><strong>Condi\u00e7\u00e3o<\/strong>. Ex.:&nbsp;<strong>Se<\/strong>&nbsp;voc\u00ea estudar, ir\u00e1 entender a mat\u00e9ria.<\/li><li><strong>Concess\u00e3o<\/strong>. Ex.:&nbsp;<strong>Se<\/strong>&nbsp;n\u00e3o aprendeu tudo, ainda assim passou de ano. <\/li><li><strong>Conjun\u00e7\u00e3o Integrante<\/strong>. Ex.:&nbsp;N\u00e3o sei&nbsp;<strong>se<\/strong>&nbsp;estudou o suficiente. (se funciona como complemento de estudou: n\u00e3o sei isso.)<\/li><li><strong>Tempo<\/strong>. Ex.:&nbsp;<strong>Se<\/strong>&nbsp;estuda, supera todos os outros. <\/li><\/ul>\n\n\n\n<p>Todos esses per\u00edodos foram formados por ora\u00e7\u00e3o principal + ora\u00e7\u00e3o subordinada.<\/p>\n\n\n\n<p>Dessa forma, finalizamos esse resumo da transmiss\u00e3o da aula sobre Ora\u00e7\u00f5es Coordenadas.\u00a0<strong>Lembre-se de revisar essas dicas e de fazer muitos exerc\u00edcios, para, enfim, alcan\u00e7ar a sua t\u00e3o sonhada aprova\u00e7\u00e3o!<\/strong><\/p>\n\n\n\n<p>Voc\u00ea tamb\u00e9m pode acompanhar esse artigo completo sobre <a href=\"https:\/\/www.estrategiaconcursos.com.br\/blog\/como-estudar-portugues-para-concursos\/\" target=\"_blank\" rel=\"noreferrer noopener\">como estudar portugu\u00eas para concursos<\/a>. <\/p>\n\n\n\n<p><strong>Bons estudos!<\/strong><\/p>\n\n\n\n<p><a href=\"https:\/\/www.youtube.com\/watch?v=AlE9ZdKuAhg\">Nath\u00e1lia Reyes<\/a> @nathsr<\/p>\n\n\n\n<p class=\"has-text-align-center has-black-color has-light-green-cyan-background-color has-text-color has-background\"><em>Quer aprender mais sobre Portugu\u00eas e conte\u00fados de concursos p\u00fablicos? Ent\u00e3o adquira agora a  <\/em><a rel=\"noreferrer noopener\" href=\"https:\/\/www.estrategiaconcursos.com.br\/assinaturas\" target=\"_blank\"><strong>ASSINATURA ANUAL ILIMITADA<\/strong><\/a><\/p>\n","protected":false},"excerpt":{"rendered":"<p>Aprenda tudo sobre ora\u00e7\u00f5es coordenadas, domine a disciplina de Portugu\u00eas e, assim,\u00a0conquiste sua sonhada aprova\u00e7\u00e3o! No m\u00eas de agosto, ocorreu um evento incr\u00edvel no Estrat\u00e9gia Concursos: a Semana Especial de Portugu\u00eas, transmitida diretamente do canal do Estrat\u00e9gia no Youtube. Durante o evento, que aconteceu de 17\/08 a 25\/08, os professores Adriana Figueiredo, Felipe Luccas, Jana\u00edna [&hellip;]<\/p>\n","protected":false},"author":1525,"featured_media":584322,"comment_status":"open","ping_status":"closed","sticky":false,"template":"","format":"standard","meta":{"post_tipo":"article","footnotes":""},"categories":[1],"tags":[],"tax_estado":[],"class_list":["post-582801","post","type-post","status-publish","format-standard","has-post-thumbnail","hentry","category-cursos-e-concursos"],"acf":[],"yoast_head":"<!-- This site is optimized with the Yoast SEO Premium plugin v27.2 (Yoast SEO v27.2) - https:\/\/yoast.com\/product\/yoast-seo-premium-wordpress\/ -->\n<title>Ora\u00e7\u00f5es Coordenadas - Portugu\u00eas para Concursos<\/title>\n<meta name=\"description\" content=\"Quer saber tudo sobre ora\u00e7\u00f5es coordenadas e detonar na prova de portugu\u00eas do seu concurso? Esse artigo completo vai te ensinar com exemplos pr\u00e1ticos!\" \/>\n<meta name=\"robots\" content=\"index, follow, max-snippet:-1, max-image-preview:large, max-video-preview:-1\" \/>\n<link rel=\"canonical\" href=\"https:\/\/www.estrategiaconcursos.com.br\/blog\/oracoes-coordenadas-portugues-para-concursos\/\" \/>\n<meta property=\"og:locale\" content=\"pt_BR\" \/>\n<meta property=\"og:type\" content=\"article\" \/>\n<meta property=\"og:title\" content=\"Ora\u00e7\u00f5es Coordenadas - Portugu\u00eas para Concursos\" \/>\n<meta property=\"og:description\" content=\"Quer saber tudo sobre ora\u00e7\u00f5es coordenadas e detonar na prova de portugu\u00eas do seu concurso? Esse artigo completo vai te ensinar com exemplos pr\u00e1ticos!\" \/>\n<meta property=\"og:url\" content=\"https:\/\/www.estrategiaconcursos.com.br\/blog\/oracoes-coordenadas-portugues-para-concursos\/\" \/>\n<meta property=\"og:site_name\" content=\"Estrat\u00e9gia Concursos\" \/>\n<meta property=\"article:published_time\" content=\"2020-10-09T21:02:00+00:00\" \/>\n<meta property=\"article:modified_time\" content=\"2020-11-13T14:45:34+00:00\" \/>\n<meta property=\"og:image\" content=\"https:\/\/dhg1h5j42swfq.cloudfront.net\/2020\/10\/07093544\/portugues-1.png\" \/>\n\t<meta property=\"og:image:width\" content=\"514\" \/>\n\t<meta property=\"og:image:height\" content=\"290\" \/>\n\t<meta property=\"og:image:type\" content=\"image\/png\" \/>\n<meta name=\"author\" content=\"Nath\u00e1lia Reyes\" \/>\n<meta name=\"twitter:card\" content=\"summary_large_image\" \/>\n<meta name=\"twitter:creator\" content=\"@EstratConcursos\" \/>\n<meta name=\"twitter:site\" content=\"@EstratConcursos\" \/>\n<meta name=\"twitter:label1\" content=\"Escrito por\" \/>\n\t<meta name=\"twitter:data1\" content=\"Nath\u00e1lia Reyes\" \/>\n\t<meta name=\"twitter:label2\" content=\"Est. tempo de leitura\" \/>\n\t<meta name=\"twitter:data2\" content=\"9 minutos\" \/>\n<script type=\"application\/ld+json\" class=\"yoast-schema-graph\">{\"@context\":\"https:\/\/schema.org\",\"@graph\":[{\"@type\":\"NewsArticle\",\"@id\":\"https:\/\/www.estrategiaconcursos.com.br\/blog\/oracoes-coordenadas-portugues-para-concursos\/#article\",\"isPartOf\":{\"@id\":\"https:\/\/www.estrategiaconcursos.com.br\/blog\/oracoes-coordenadas-portugues-para-concursos\/\"},\"author\":{\"name\":\"Nath\u00e1lia Reyes\",\"@id\":\"https:\/\/www.estrategiaconcursos.com.br\/blog\/#\/schema\/person\/dd227149ef19e5362020d2b915fab563\"},\"headline\":\"Ora\u00e7\u00f5es Coordenadas &#8211; Portugu\u00eas para Concursos\",\"datePublished\":\"2020-10-09T21:02:00+00:00\",\"dateModified\":\"2020-11-13T14:45:34+00:00\",\"mainEntityOfPage\":{\"@id\":\"https:\/\/www.estrategiaconcursos.com.br\/blog\/oracoes-coordenadas-portugues-para-concursos\/\"},\"wordCount\":1768,\"commentCount\":0,\"publisher\":{\"@id\":\"https:\/\/www.estrategiaconcursos.com.br\/blog\/#organization\"},\"image\":{\"@id\":\"https:\/\/www.estrategiaconcursos.com.br\/blog\/oracoes-coordenadas-portugues-para-concursos\/#primaryimage\"},\"thumbnailUrl\":\"https:\/\/dhg1h5j42swfq.cloudfront.net\/2020\/10\/07093544\/portugues-1.png\",\"articleSection\":[\"Concursos P\u00fablicos\"],\"inLanguage\":\"pt-BR\",\"potentialAction\":[{\"@type\":\"CommentAction\",\"name\":\"Comment\",\"target\":[\"https:\/\/www.estrategiaconcursos.com.br\/blog\/oracoes-coordenadas-portugues-para-concursos\/#respond\"]}],\"copyrightYear\":\"2020\",\"copyrightHolder\":{\"@id\":\"https:\/\/www.estrategiaconcursos.com.br\/blog\/#organization\"}},{\"@type\":\"WebPage\",\"@id\":\"https:\/\/www.estrategiaconcursos.com.br\/blog\/oracoes-coordenadas-portugues-para-concursos\/\",\"url\":\"https:\/\/www.estrategiaconcursos.com.br\/blog\/oracoes-coordenadas-portugues-para-concursos\/\",\"name\":\"Ora\u00e7\u00f5es Coordenadas - Portugu\u00eas para Concursos\",\"isPartOf\":{\"@id\":\"https:\/\/www.estrategiaconcursos.com.br\/blog\/#website\"},\"primaryImageOfPage\":{\"@id\":\"https:\/\/www.estrategiaconcursos.com.br\/blog\/oracoes-coordenadas-portugues-para-concursos\/#primaryimage\"},\"image\":{\"@id\":\"https:\/\/www.estrategiaconcursos.com.br\/blog\/oracoes-coordenadas-portugues-para-concursos\/#primaryimage\"},\"thumbnailUrl\":\"https:\/\/dhg1h5j42swfq.cloudfront.net\/2020\/10\/07093544\/portugues-1.png\",\"datePublished\":\"2020-10-09T21:02:00+00:00\",\"dateModified\":\"2020-11-13T14:45:34+00:00\",\"description\":\"Quer saber tudo sobre ora\u00e7\u00f5es coordenadas e detonar na prova de portugu\u00eas do seu concurso? Esse artigo completo vai te ensinar com exemplos pr\u00e1ticos!\",\"breadcrumb\":{\"@id\":\"https:\/\/www.estrategiaconcursos.com.br\/blog\/oracoes-coordenadas-portugues-para-concursos\/#breadcrumb\"},\"inLanguage\":\"pt-BR\",\"potentialAction\":[{\"@type\":\"ReadAction\",\"target\":[\"https:\/\/www.estrategiaconcursos.com.br\/blog\/oracoes-coordenadas-portugues-para-concursos\/\"]}]},{\"@type\":\"ImageObject\",\"inLanguage\":\"pt-BR\",\"@id\":\"https:\/\/www.estrategiaconcursos.com.br\/blog\/oracoes-coordenadas-portugues-para-concursos\/#primaryimage\",\"url\":\"https:\/\/dhg1h5j42swfq.cloudfront.net\/2020\/10\/07093544\/portugues-1.png\",\"contentUrl\":\"https:\/\/dhg1h5j42swfq.cloudfront.net\/2020\/10\/07093544\/portugues-1.png\",\"width\":514,\"height\":290,\"caption\":\"ora\u00e7\u00f5es coordenadas\"},{\"@type\":\"BreadcrumbList\",\"@id\":\"https:\/\/www.estrategiaconcursos.com.br\/blog\/oracoes-coordenadas-portugues-para-concursos\/#breadcrumb\",\"itemListElement\":[{\"@type\":\"ListItem\",\"position\":1,\"name\":\"In\u00edcio\",\"item\":\"https:\/\/www.estrategiaconcursos.com.br\/blog\/\"},{\"@type\":\"ListItem\",\"position\":2,\"name\":\"Ora\u00e7\u00f5es Coordenadas &#8211; Portugu\u00eas para Concursos\"}]},{\"@type\":\"WebSite\",\"@id\":\"https:\/\/www.estrategiaconcursos.com.br\/blog\/#website\",\"url\":\"https:\/\/www.estrategiaconcursos.com.br\/blog\/\",\"name\":\"Estrat\u00e9gia Concursos\",\"description\":\"O blog da Estrat\u00e9gia Concursos traz not\u00edcias sobre concursos e artigos de professores oferecendo cursos para concursos (pdf + videaulas) no site.\",\"publisher\":{\"@id\":\"https:\/\/www.estrategiaconcursos.com.br\/blog\/#organization\"},\"potentialAction\":[{\"@type\":\"SearchAction\",\"target\":{\"@type\":\"EntryPoint\",\"urlTemplate\":\"https:\/\/www.estrategiaconcursos.com.br\/blog\/?s={search_term_string}\"},\"query-input\":{\"@type\":\"PropertyValueSpecification\",\"valueRequired\":true,\"valueName\":\"search_term_string\"}}],\"inLanguage\":\"pt-BR\"},{\"@type\":\"Organization\",\"@id\":\"https:\/\/www.estrategiaconcursos.com.br\/blog\/#organization\",\"name\":\"Estrat\u00e9gia Concursos\",\"url\":\"https:\/\/www.estrategiaconcursos.com.br\/blog\/\",\"logo\":{\"@type\":\"ImageObject\",\"inLanguage\":\"pt-BR\",\"@id\":\"https:\/\/www.estrategiaconcursos.com.br\/blog\/#\/schema\/logo\/image\/\",\"url\":\"https:\/\/dhg1h5j42swfq.cloudfront.net\/2025\/06\/03203428\/logo_concursos-1.jpg\",\"contentUrl\":\"https:\/\/dhg1h5j42swfq.cloudfront.net\/2025\/06\/03203428\/logo_concursos-1.jpg\",\"width\":230,\"height\":60,\"caption\":\"Estrat\u00e9gia Concursos\"},\"image\":{\"@id\":\"https:\/\/www.estrategiaconcursos.com.br\/blog\/#\/schema\/logo\/image\/\"},\"sameAs\":[\"https:\/\/x.com\/EstratConcursos\"]},{\"@type\":\"Person\",\"@id\":\"https:\/\/www.estrategiaconcursos.com.br\/blog\/#\/schema\/person\/dd227149ef19e5362020d2b915fab563\",\"name\":\"Nath\u00e1lia Reyes\",\"image\":{\"@type\":\"ImageObject\",\"inLanguage\":\"pt-BR\",\"@id\":\"https:\/\/secure.gravatar.com\/avatar\/4417c614d0d3bc5783a7c85969792c96568e4f7efbd2c549c2df7f8d1e5a4fc5?s=96&d=mm&r=g\",\"url\":\"https:\/\/secure.gravatar.com\/avatar\/4417c614d0d3bc5783a7c85969792c96568e4f7efbd2c549c2df7f8d1e5a4fc5?s=96&d=mm&r=g\",\"contentUrl\":\"https:\/\/secure.gravatar.com\/avatar\/4417c614d0d3bc5783a7c85969792c96568e4f7efbd2c549c2df7f8d1e5a4fc5?s=96&d=mm&r=g\",\"caption\":\"Nath\u00e1lia Reyes\"},\"url\":\"https:\/\/www.estrategiaconcursos.com.br\/blog\/author\/nathaliapreyesgmail-com\/\"}]}<\/script>\n<!-- \/ Yoast SEO Premium plugin. -->","yoast_head_json":{"title":"Ora\u00e7\u00f5es Coordenadas - Portugu\u00eas para Concursos","description":"Quer saber tudo sobre ora\u00e7\u00f5es coordenadas e detonar na prova de portugu\u00eas do seu concurso? Esse artigo completo vai te ensinar com exemplos pr\u00e1ticos!","robots":{"index":"index","follow":"follow","max-snippet":"max-snippet:-1","max-image-preview":"max-image-preview:large","max-video-preview":"max-video-preview:-1"},"canonical":"https:\/\/www.estrategiaconcursos.com.br\/blog\/oracoes-coordenadas-portugues-para-concursos\/","og_locale":"pt_BR","og_type":"article","og_title":"Ora\u00e7\u00f5es Coordenadas - Portugu\u00eas para Concursos","og_description":"Quer saber tudo sobre ora\u00e7\u00f5es coordenadas e detonar na prova de portugu\u00eas do seu concurso? Esse artigo completo vai te ensinar com exemplos pr\u00e1ticos!","og_url":"https:\/\/www.estrategiaconcursos.com.br\/blog\/oracoes-coordenadas-portugues-para-concursos\/","og_site_name":"Estrat\u00e9gia Concursos","article_published_time":"2020-10-09T21:02:00+00:00","article_modified_time":"2020-11-13T14:45:34+00:00","og_image":[{"width":514,"height":290,"url":"https:\/\/dhg1h5j42swfq.cloudfront.net\/2020\/10\/07093544\/portugues-1.png","type":"image\/png"}],"author":"Nath\u00e1lia Reyes","twitter_card":"summary_large_image","twitter_creator":"@EstratConcursos","twitter_site":"@EstratConcursos","twitter_misc":{"Escrito por":"Nath\u00e1lia Reyes","Est. tempo de leitura":"9 minutos"},"schema":{"@context":"https:\/\/schema.org","@graph":[{"@type":"NewsArticle","@id":"https:\/\/www.estrategiaconcursos.com.br\/blog\/oracoes-coordenadas-portugues-para-concursos\/#article","isPartOf":{"@id":"https:\/\/www.estrategiaconcursos.com.br\/blog\/oracoes-coordenadas-portugues-para-concursos\/"},"author":{"name":"Nath\u00e1lia Reyes","@id":"https:\/\/www.estrategiaconcursos.com.br\/blog\/#\/schema\/person\/dd227149ef19e5362020d2b915fab563"},"headline":"Ora\u00e7\u00f5es Coordenadas &#8211; Portugu\u00eas para Concursos","datePublished":"2020-10-09T21:02:00+00:00","dateModified":"2020-11-13T14:45:34+00:00","mainEntityOfPage":{"@id":"https:\/\/www.estrategiaconcursos.com.br\/blog\/oracoes-coordenadas-portugues-para-concursos\/"},"wordCount":1768,"commentCount":0,"publisher":{"@id":"https:\/\/www.estrategiaconcursos.com.br\/blog\/#organization"},"image":{"@id":"https:\/\/www.estrategiaconcursos.com.br\/blog\/oracoes-coordenadas-portugues-para-concursos\/#primaryimage"},"thumbnailUrl":"https:\/\/dhg1h5j42swfq.cloudfront.net\/2020\/10\/07093544\/portugues-1.png","articleSection":["Concursos P\u00fablicos"],"inLanguage":"pt-BR","potentialAction":[{"@type":"CommentAction","name":"Comment","target":["https:\/\/www.estrategiaconcursos.com.br\/blog\/oracoes-coordenadas-portugues-para-concursos\/#respond"]}],"copyrightYear":"2020","copyrightHolder":{"@id":"https:\/\/www.estrategiaconcursos.com.br\/blog\/#organization"}},{"@type":"WebPage","@id":"https:\/\/www.estrategiaconcursos.com.br\/blog\/oracoes-coordenadas-portugues-para-concursos\/","url":"https:\/\/www.estrategiaconcursos.com.br\/blog\/oracoes-coordenadas-portugues-para-concursos\/","name":"Ora\u00e7\u00f5es Coordenadas - Portugu\u00eas para Concursos","isPartOf":{"@id":"https:\/\/www.estrategiaconcursos.com.br\/blog\/#website"},"primaryImageOfPage":{"@id":"https:\/\/www.estrategiaconcursos.com.br\/blog\/oracoes-coordenadas-portugues-para-concursos\/#primaryimage"},"image":{"@id":"https:\/\/www.estrategiaconcursos.com.br\/blog\/oracoes-coordenadas-portugues-para-concursos\/#primaryimage"},"thumbnailUrl":"https:\/\/dhg1h5j42swfq.cloudfront.net\/2020\/10\/07093544\/portugues-1.png","datePublished":"2020-10-09T21:02:00+00:00","dateModified":"2020-11-13T14:45:34+00:00","description":"Quer saber tudo sobre ora\u00e7\u00f5es coordenadas e detonar na prova de portugu\u00eas do seu concurso? Esse artigo completo vai te ensinar com exemplos pr\u00e1ticos!","breadcrumb":{"@id":"https:\/\/www.estrategiaconcursos.com.br\/blog\/oracoes-coordenadas-portugues-para-concursos\/#breadcrumb"},"inLanguage":"pt-BR","potentialAction":[{"@type":"ReadAction","target":["https:\/\/www.estrategiaconcursos.com.br\/blog\/oracoes-coordenadas-portugues-para-concursos\/"]}]},{"@type":"ImageObject","inLanguage":"pt-BR","@id":"https:\/\/www.estrategiaconcursos.com.br\/blog\/oracoes-coordenadas-portugues-para-concursos\/#primaryimage","url":"https:\/\/dhg1h5j42swfq.cloudfront.net\/2020\/10\/07093544\/portugues-1.png","contentUrl":"https:\/\/dhg1h5j42swfq.cloudfront.net\/2020\/10\/07093544\/portugues-1.png","width":514,"height":290,"caption":"ora\u00e7\u00f5es coordenadas"},{"@type":"BreadcrumbList","@id":"https:\/\/www.estrategiaconcursos.com.br\/blog\/oracoes-coordenadas-portugues-para-concursos\/#breadcrumb","itemListElement":[{"@type":"ListItem","position":1,"name":"In\u00edcio","item":"https:\/\/www.estrategiaconcursos.com.br\/blog\/"},{"@type":"ListItem","position":2,"name":"Ora\u00e7\u00f5es Coordenadas &#8211; Portugu\u00eas para Concursos"}]},{"@type":"WebSite","@id":"https:\/\/www.estrategiaconcursos.com.br\/blog\/#website","url":"https:\/\/www.estrategiaconcursos.com.br\/blog\/","name":"Estrat\u00e9gia Concursos","description":"O blog da Estrat\u00e9gia Concursos traz not\u00edcias sobre concursos e artigos de professores oferecendo cursos para concursos (pdf + videaulas) no site.","publisher":{"@id":"https:\/\/www.estrategiaconcursos.com.br\/blog\/#organization"},"potentialAction":[{"@type":"SearchAction","target":{"@type":"EntryPoint","urlTemplate":"https:\/\/www.estrategiaconcursos.com.br\/blog\/?s={search_term_string}"},"query-input":{"@type":"PropertyValueSpecification","valueRequired":true,"valueName":"search_term_string"}}],"inLanguage":"pt-BR"},{"@type":"Organization","@id":"https:\/\/www.estrategiaconcursos.com.br\/blog\/#organization","name":"Estrat\u00e9gia Concursos","url":"https:\/\/www.estrategiaconcursos.com.br\/blog\/","logo":{"@type":"ImageObject","inLanguage":"pt-BR","@id":"https:\/\/www.estrategiaconcursos.com.br\/blog\/#\/schema\/logo\/image\/","url":"https:\/\/dhg1h5j42swfq.cloudfront.net\/2025\/06\/03203428\/logo_concursos-1.jpg","contentUrl":"https:\/\/dhg1h5j42swfq.cloudfront.net\/2025\/06\/03203428\/logo_concursos-1.jpg","width":230,"height":60,"caption":"Estrat\u00e9gia Concursos"},"image":{"@id":"https:\/\/www.estrategiaconcursos.com.br\/blog\/#\/schema\/logo\/image\/"},"sameAs":["https:\/\/x.com\/EstratConcursos"]},{"@type":"Person","@id":"https:\/\/www.estrategiaconcursos.com.br\/blog\/#\/schema\/person\/dd227149ef19e5362020d2b915fab563","name":"Nath\u00e1lia Reyes","image":{"@type":"ImageObject","inLanguage":"pt-BR","@id":"https:\/\/secure.gravatar.com\/avatar\/4417c614d0d3bc5783a7c85969792c96568e4f7efbd2c549c2df7f8d1e5a4fc5?s=96&d=mm&r=g","url":"https:\/\/secure.gravatar.com\/avatar\/4417c614d0d3bc5783a7c85969792c96568e4f7efbd2c549c2df7f8d1e5a4fc5?s=96&d=mm&r=g","contentUrl":"https:\/\/secure.gravatar.com\/avatar\/4417c614d0d3bc5783a7c85969792c96568e4f7efbd2c549c2df7f8d1e5a4fc5?s=96&d=mm&r=g","caption":"Nath\u00e1lia Reyes"},"url":"https:\/\/www.estrategiaconcursos.com.br\/blog\/author\/nathaliapreyesgmail-com\/"}]}},"_links":{"self":[{"href":"https:\/\/www.estrategiaconcursos.com.br\/blog\/wp-json\/wp\/v2\/posts\/582801","targetHints":{"allow":["GET"]}}],"collection":[{"href":"https:\/\/www.estrategiaconcursos.com.br\/blog\/wp-json\/wp\/v2\/posts"}],"about":[{"href":"https:\/\/www.estrategiaconcursos.com.br\/blog\/wp-json\/wp\/v2\/types\/post"}],"author":[{"embeddable":true,"href":"https:\/\/www.estrategiaconcursos.com.br\/blog\/wp-json\/wp\/v2\/users\/1525"}],"replies":[{"embeddable":true,"href":"https:\/\/www.estrategiaconcursos.com.br\/blog\/wp-json\/wp\/v2\/comments?post=582801"}],"version-history":[{"count":75,"href":"https:\/\/www.estrategiaconcursos.com.br\/blog\/wp-json\/wp\/v2\/posts\/582801\/revisions"}],"predecessor-version":[{"id":632638,"href":"https:\/\/www.estrategiaconcursos.com.br\/blog\/wp-json\/wp\/v2\/posts\/582801\/revisions\/632638"}],"wp:featuredmedia":[{"embeddable":true,"href":"https:\/\/www.estrategiaconcursos.com.br\/blog\/wp-json\/wp\/v2\/media\/584322"}],"wp:attachment":[{"href":"https:\/\/www.estrategiaconcursos.com.br\/blog\/wp-json\/wp\/v2\/media?parent=582801"}],"wp:term":[{"taxonomy":"category","embeddable":true,"href":"https:\/\/www.estrategiaconcursos.com.br\/blog\/wp-json\/wp\/v2\/categories?post=582801"},{"taxonomy":"post_tag","embeddable":true,"href":"https:\/\/www.estrategiaconcursos.com.br\/blog\/wp-json\/wp\/v2\/tags?post=582801"},{"taxonomy":"tax_estado","embeddable":true,"href":"https:\/\/www.estrategiaconcursos.com.br\/blog\/wp-json\/wp\/v2\/tax_estado?post=582801"}],"curies":[{"name":"wp","href":"https:\/\/api.w.org\/{rel}","templated":true}]}}