{"id":58222,"date":"2026-04-03T05:52:00","date_gmt":"2026-04-03T08:52:00","guid":{"rendered":"https:\/\/www.estrategiaconcursos.com.br\/blog\/?p=58222"},"modified":"2026-04-03T05:53:52","modified_gmt":"2026-04-03T08:53:52","slug":"concurso-tre-ms","status":"publish","type":"post","link":"https:\/\/www.estrategiaconcursos.com.br\/blog\/concurso-tre-ms\/","title":{"rendered":"Concurso TRE MS: nomea\u00e7\u00f5es em andamento!"},"content":{"rendered":"\n<p>O concurso do <a href=\"https:\/\/www.estrategiaconcursos.com.br\/cursosPorConcurso\/tre-ms-105\/\" target=\"_blank\" rel=\"noreferrer noopener\">Tribunal Regional Eleitoral do Mato Grosso do Sul<\/a> (<strong>TRE MS<\/strong>), que faz parte do TSE Unificado, ter\u00e1 novos provimentos!<\/p>\n\n\n\n<p>Isso porque foi sancionada a cria\u00e7\u00e3o de mais 474 cargos que dever\u00e3o ser preenchidos a partir da convoca\u00e7\u00e3o de aprovados no \u00faltimo concurso da Justi\u00e7a Eleitoral.<\/p>\n\n\n\n<p>Confira ao longo do artigo todos as informa\u00e7\u00f5es j\u00e1 divulgadas!<\/p>\n\n\n\n<ul id=\"block-ee678516-e9d1-48bd-b327-7b9acd55f0fd\" class=\"wp-block-list has-cyan-bluish-gray-background-color has-background\">\n<li><strong>Concurso<\/strong> <strong>TRE MS<\/strong><\/li>\n\n\n\n<li><strong>Status:<\/strong>&nbsp;nomea\u00e7\u00f5es iniciadas<\/li>\n\n\n\n<li><strong>Banca:&nbsp;<\/strong><a href=\"https:\/\/www.cebraspe.org.br\/concursos\/CPNUJE_24\">Cebraspe<\/a><\/li>\n\n\n\n<li><strong>Vagas:&nbsp;<\/strong>8 + CR<\/li>\n\n\n\n<li><strong>Escolaridade<\/strong>: Superior<\/li>\n\n\n\n<li><strong>Sal\u00e1rios a partir de Jul. de 2026: <\/strong>R$ 9.776,74 (T\u00e9cnico) | R$ 16.041,21 (Analista)<\/li>\n\n\n\n<li><strong>Edital:<\/strong>&nbsp;<strong><a href=\"https:\/\/dhg1h5j42swfq.cloudfront.net\/2024\/05\/29110324\/edital_1_2024_cpnuje_abertura-2.pdf\">TSE Unificado 2024<\/a><\/strong><\/li>\n<\/ul>\n\n\n\n<div class=\"container\" id=\"boxes\">\n  <div class=\"row\">\n\n    <div class=\"col-sm\">\n      <div class=\"banner-tribunal\" id=\"box-assinatura\">\n        <h3 class=\"titulo-assinatura\">Curso TRE-MS<\/h3>\n        <p class=\"subtitulo-assinatura\">Conhe\u00e7a os cursos<\/p>\n        <div class=\"box-botao\">\n          <a class=\"btn-assinatura\" target=\"_blank\" href=\"https:\/\/www.estrategiaconcursos.com.br\/cursosPorConcurso\/tre-ms-105\/\" role=\"button\" rel=\"noopener noreferrer\">Conhe\u00e7a mais<\/a>\n        <\/div>\n      <\/div>\n      <p class=\"texto-auxiliar\">Prepare-se com o melhor material e com quem mais aprova em Concursos P\u00fablicos em todo o pa\u00eds.<\/p>\n    <\/div>\n\n  <\/div>\n<\/div>\n\n\n\n<p>Confira neste artigo todas as informa\u00e7\u00f5es sobre a expectativa de um novo&nbsp;concurso p\u00fablico para o Tribunal Regional Eleitoral MS. Acompanhe os t\u00f3picos abaixo:<\/p>\n\n\n\n<ul class=\"wp-block-list\">\n<li><strong><a href=\"#status-atual\">Situa\u00e7\u00e3o atual do concurso<\/a><\/strong><\/li>\n\n\n\n<li><a href=\"#reajuste\">Sal\u00e1rio e adicional de qualifica\u00e7\u00e3o reajustados <\/a><\/li>\n\n\n\n<li><strong>Nomea\u00e7\u00f5es<\/strong>\n<ul class=\"wp-block-list\">\n<li><a href=\"#h-gabaritos-disponiveis\"><strong>Resultados<\/strong><\/a><\/li>\n\n\n\n<li><strong><a href=\"#cargos-vagos\">Cargos vagos<\/a><\/strong><\/li>\n<\/ul>\n<\/li>\n\n\n\n<li><a href=\"#carreira\"><strong>Carreira<\/strong><\/a>\n<ul class=\"wp-block-list\">\n<li><strong><a href=\"#requisitos\">Requisitos dos cargos<\/a><\/strong><\/li>\n\n\n\n<li><strong><a href=\"#atribuicoes\">Atribui\u00e7\u00f5es dos cargos<\/a><\/strong><\/li>\n<\/ul>\n<\/li>\n\n\n\n<li><a href=\"#vagas-tre-ms\"><strong>Vagas TRE MS<\/strong><\/a><\/li>\n\n\n\n<li><a href=\"#etapas-e-provas\"><strong>Etapas e provas<\/strong><\/a><\/li>\n\n\n\n<li><strong><a href=\"#ultimo-concurso\">\u00daltimo concurso<\/a><\/strong><\/li>\n\n\n\n<li><strong><a href=\"#etapas\">Etapas do concurso<\/a><\/strong>\n<ul class=\"wp-block-list\">\n<li><strong><a href=\"#provas\">Provas<\/a><\/strong><\/li>\n\n\n\n<li><strong><a href=\"#disciplinas-cobradas\">Disciplinas cobradas<\/a><\/strong><\/li>\n\n\n\n<li><strong><a href=\"#nota-corte\">Nota de corte<\/a><\/strong><\/li>\n\n\n\n<li><strong><a href=\"#concorrencia\">Concorr\u00eancia<\/a><\/strong><\/li>\n<\/ul>\n<\/li>\n\n\n\n<li><strong><a href=\"#convocacoes-nomeacoes\">Convoca\u00e7\u00f5es e nomea\u00e7\u00f5es<\/a><\/strong><\/li>\n\n\n\n<li><strong><a href=\"#cursos-assinatura\">Cursos e Assinatura ilimitada<\/a><\/strong><\/li>\n\n\n\n<li><strong><a href=\"#ficha-tecnica\">Ficha t\u00e9cnica<\/a><\/strong><\/li>\n<\/ul>\n\n\n\n<h2 class=\"wp-block-heading\" id=\"status-atual\">Concurso TRE MS: situa\u00e7\u00e3o atual<\/h2>\n\n\n\n<ul class=\"wp-block-list\">\n<li>02 de abril de 2026 &#8211; <a href=\"https:\/\/www.estrategiaconcursos.com.br\/blog\/concurso-tse-2026-cargos-criados\/\" target=\"_blank\" rel=\"noreferrer noopener\">Sancionada a cria\u00e7\u00e3o de 474 cargos de t\u00e9cnico e analista<\/a><\/li>\n\n\n\n<li>25 de mar\u00e7o de 2026 &#8211; <a href=\"https:\/\/www.estrategiaconcursos.com.br\/blog\/criacao-de-cargos-justica-eleitoral-senado\/\" target=\"_blank\" rel=\"noreferrer noopener\">Senado vota projeto que prev\u00ea cria\u00e7\u00e3o de cargos<\/a><\/li>\n\n\n\n<li>12 de fevereiro de 2026 &#8211; <a href=\"https:\/\/www.estrategiaconcursos.com.br\/blog\/concurso-tse-unificado-398-nomeacoes\/\" target=\"_blank\" rel=\"noreferrer noopener\">Justi\u00e7a Eleitoral autoriza 398 provimentos<\/a><\/li>\n\n\n\n<li>14 de janeiro de 2026 &#8211; <a href=\"https:\/\/www.estrategiaconcursos.com.br\/blog\/loa-2026-e-sancionada-163-mil-vagas\/\" target=\"_blank\" rel=\"noreferrer noopener\">Or\u00e7amento prev\u00ea <strong>2.458 vagas<\/strong>, sendo <strong>1.654 para provimento<\/strong><\/a><\/li>\n<\/ul>\n\n\n\n<h3 class=\"wp-block-heading\" id=\"reajuste\">Sal\u00e1rios e adicional de qualifica\u00e7\u00e3o reajustados<\/h3>\n\n\n\n<p>A Justi\u00e7a Federal teve o <a href=\"https:\/\/www.estrategiaconcursos.com.br\/blog\/lula-sancionou-reajuste-salarial-aos-servidores-para-2026\/\">reajuste salarial de 8%<\/a> para todas as carreiras sancionado pelo governo federal. Com isso, os sal\u00e1rios iniciais podem <strong>chegar a R$&nbsp;16.041,21<\/strong>, al\u00e9m de benef\u00edcios.<\/p>\n\n\n\n<p>O adicional de qualifica\u00e7\u00e3o tamb\u00e9m foi reajustado. Atualmente, um analista em final de carreira pode somar R$ 1.161,52 se tiver doutorado, por exemplo. <\/p>\n\n\n\n<p>Com a mudan\u00e7a, o valor vai para <strong>R$ 3.857,75<\/strong> a partir de 2026, considerando-se o reajuste de 8% a partir do pr\u00f3ximo ano, previsto na&nbsp;Lei 15.293, de 19 de dezembro de 2025.<\/p>\n\n\n\n<p>Tamb\u00e9m a partir de 2026, o mestrado valer\u00e1 <strong>R$ 2.700,43 (contra os atuais R$ 929,21)<\/strong>. Essas duas qualifica\u00e7\u00f5es n\u00e3o podem ser acumuladas entre si e absorvem outras de valores menores.<\/p>\n\n\n\n<p>Com o reajuste, os vencimentos b\u00e1sicos iniciais para os cargos ficam com os seguintes valores a partir de julho de 2026:<\/p>\n\n\n\n<ul class=\"wp-block-list\">\n<li><strong>R$ 9.776,74 (T\u00e9cnico) <br \/><\/strong><\/li>\n\n\n\n<li><strong>R$ 16.041,21 (Analista)<\/strong><\/li>\n<\/ul>\n\n\n\n<p>Al\u00e9m do vencimento b\u00e1sico atualizado, os aprovados ter\u00e3o direito a benef\u00edcios como&nbsp;<strong>aux\u00edlio pr\u00e9-escolar<\/strong>&nbsp;no valor de&nbsp;<strong>R$ 1.288,47<\/strong>, e&nbsp;<strong>aux\u00edlio alimenta\u00e7\u00e3o<\/strong>&nbsp;no valor de&nbsp;<strong>R$ 1.860,51<\/strong>.<\/p>\n\n\n\n<h3 class=\"wp-block-heading\" id=\"h-nomeacoes\">Nomea\u00e7\u00f5es<\/h3>\n\n\n\n<p>As nomea\u00e7\u00f5es do concurso unificado foram iniciadas em 2025 e j\u00e1 empossou 13 candidatos, sendo:<\/p>\n\n\n\n<p>\u2981 T\u00e9cnico Judici\u00e1rio \u2013 \u00c1rea Administrativa: 5 nomeados;<br \/>\u2981 T\u00e9cnico Judici\u00e1rio \u2013 \u00c1rea Programa\u00e7\u00e3o de Sistemas: 3 nomeados; e<br \/>\u2981 Analista Judici\u00e1rio \u2013 \u00c1rea Judici\u00e1ria: 5 nomeados.<\/p>\n\n\n\n<p>Al\u00e9m disso, foi autorizada, em fevereiro de 2026, a nomea\u00e7\u00e3o de mais 7 candidatos aprovados, com a publica\u00e7\u00e3o da <a href=\"https:\/\/www.tse.jus.br\/legislacao\/compilada\/prt\/2026\/portaria-no-69-de-10-de-fevereiro-de-2026\" target=\"_blank\" rel=\"noreferrer noopener\">Portaria n\u00ba 69<\/a>.<\/p>\n\n\n\n<h3 class=\"wp-block-heading\" id=\"h-resultados-disponiveis\">Resultados dispon\u00edveis<\/h3>\n\n\n\n<ul class=\"wp-block-list\">\n<li><a href=\"https:\/\/dhg1h5j42swfq.cloudfront.net\/2025\/01\/15121800\/edital_6_2024_cpnuje_res_final_obj_prov_disc_convocacoes.pdf\" target=\"_blank\" rel=\"noreferrer noopener\">Resultado final da prova objetiva<\/a>;<\/li>\n\n\n\n<li><a href=\"https:\/\/cdn.cebraspe.org.br\/concursos\/cpnuje_24\/arquivos\/EDITAL_11_2024_CPNUJE_RES_FINAL_DISC_CONV_BIOP_HETERO_ANALISTA.PDF\">Resultado final discursiva Analista<\/a>;<\/li>\n\n\n\n<li><a href=\"https:\/\/www.estrategiaconcursos.com.br\/blog\/concurso-tse-unificado-resultado-provisorio-taf\/\">Resultado do TAF<\/a>&nbsp;\u2013 apenas Pol\u00edcia Judici\u00e1ria;<\/li>\n\n\n\n<li><a href=\"https:\/\/cdn.cebraspe.org.br\/concursos\/CPNUJE_24\/arquivos\/Edital_37_2024_CPNUJE_Res_final_desemp_final_conc_analista.pdf\">Resultado final;<\/a><\/li>\n\n\n\n<li><a href=\"https:\/\/cdn.cebraspe.org.br\/concursos\/CPNUJE_24\/arquivos\/Edital_33_2024_CPNUJE,%20DE%2027%20DE%20MAIO%20DE%202025%20-%20DOU.pdf\">Resultado homologado T\u00e9cnico;<\/a><\/li>\n\n\n\n<li><a href=\"https:\/\/cdn.cebraspe.org.br\/concursos\/CPNUJE_24\/arquivos\/SEI_3280968_Edital_38.pdf\">Resultado homologado Analista.<\/a><\/li>\n<\/ul>\n\n\n\n<h3 class=\"wp-block-heading\" id=\"cargos-vagos\">Cargos vagos<\/h3>\n\n\n\n<p>De acordo com o \u00faltimo levantamento disponibilizado em dezembro de 2025 o <a href=\"https:\/\/www.tre-ms.jus.br\/transparencia-e-prestacao-de-contas\/relatorios-cnj\/recursos-humanos-e-remuneracao\/anexo-iv\/anexo-iva\/anexo-iva\" target=\"_blank\" rel=\"noreferrer noopener\">TRE MS<\/a> possui 12 vac\u00e2ncias, sendo:<\/p>\n\n\n\n<figure class=\"wp-block-table is-style-stripes\"><table class=\"has-cyan-bluish-gray-background-color has-background\"><tbody><tr><td><strong>\u00d3rg\u00e3o<\/strong><\/td><td><strong>T\u00c9CNICO<\/strong><\/td><td><strong>ANALISTA<\/strong><\/td><td><strong>TOTAL<\/strong><\/td><\/tr><tr><td>TRE &#8211; MS<\/td><td>6<\/td><td>7<\/td><td>13<\/td><\/tr><\/tbody><\/table><figcaption class=\"wp-element-caption\">Concurso TRE MS: cargos vagos<\/figcaption><\/figure>\n\n\n\n<h2 class=\"wp-block-heading\" id=\"carreira\">Carreira no TRE MS<\/h2>\n\n\n\n<h3 class=\"wp-block-heading\" id=\"requisitos\">Requisitos <\/h3>\n\n\n\n<p>Todas as \u00e1reas do cargo de Analista Judici\u00e1rio exige forma\u00e7\u00e3o de n\u00edvel superior, com diploma de acordo com a \u00e1rea espec\u00edfica. \u00c9 necess\u00e1rio comprovar com certifica\u00e7\u00e3o reconhecida pelo MEC.<\/p>\n\n\n\n<p>Agora, para assumir o cargo de T\u00e9cnico Judici\u00e1rio, os candidatos agora devem possuir como requisito n\u00edvel superior de escolaridade. A altera\u00e7\u00e3o da escolaridade valoriza a carreira de T\u00e9cnico Judici\u00e1rio, uma vez que as atividades desempenhadas pelos t\u00e9cnicos s\u00e3o complexas e sua import\u00e2ncia necessitava de reconhecimento.<\/p>\n\n\n\n<h2 class=\"wp-block-heading\" id=\"atribuicoes\">Atribui\u00e7\u00f5es dos cargos do concurso TRE MS<\/h2>\n\n\n\n<p><strong>Analista Judici\u00e1rio &#8211; Judici\u00e1ria<\/strong>: executa atividades de n\u00edvel superior de an\u00e1lise processual relacionadas com processamento de feitos, apoio a julgamentos no TRE MS. <\/p>\n\n\n\n<p><strong>Analista Judici\u00e1rio &#8211; An\u00e1lise de Sistemas<\/strong>: realiza atividades de n\u00edvel superior relacionadas com desenvolvimento, implanta\u00e7\u00e3o e manuten\u00e7\u00e3o de sistemas informatizados. <\/p>\n\n\n\n<p><strong>Analista Judici\u00e1rio &#8211; Administrativa<\/strong>: executa atividades de n\u00edvel superior relacionadas com as fun\u00e7\u00f5es de administra\u00e7\u00e3o de recursos humanos, materiais e patrimoniais, or\u00e7ament\u00e1rios e financeiros, controle interno, bem como as de desenvolvimento organizacional e de suporte t\u00e9cnico e administrativo \u00e0s unidades organizacionais. <\/p>\n\n\n\n<p><strong>T\u00e9cnico Judici\u00e1rio &#8211; Contabilidade<\/strong>: executa atividades de n\u00edvel intermedi\u00e1rio com controle cont\u00e1bil, or\u00e7ament\u00e1rio e financeiro. <\/p>\n\n\n\n<p><strong>T\u00e9cnico Judici\u00e1rio &#8211; Administrativa<\/strong>: executa atividades de n\u00edvel intermedi\u00e1rio relacionadas com as fun\u00e7\u00f5es de administra\u00e7\u00e3o de recursos humanos, materiais e patrimoniais, or\u00e7ament\u00e1rios e financeiros, controle interno, bem como as de desenvolvimento organizacional e suporte t\u00e9cnico e administrativo \u00e0s unidades organizacionais do TRE MS. <\/p>\n\n\n\n<p><strong>T\u00e9cnico Judici\u00e1rio &#8211; Programa\u00e7\u00e3o de Sistemas<\/strong>: executa atividades de n\u00edvel intermedi\u00e1rio relacionadas com a programa\u00e7\u00e3o de sistemas informatizados.<\/p>\n\n\n\n<h2 class=\"wp-block-heading\" id=\"h-concurso-tre-ms-vagas-no-tse-unificado\">Concurso TRE MS: vagas no TSE Unificado<\/h2>\n\n\n\n<figure class=\"wp-block-table is-style-stripes\"><table><thead><tr><th>CARGO<\/th><th>VAGAS<\/th><\/tr><\/thead><tbody><tr><td>Analista \u2013 \u00e1rea administrativa<\/td><td>CR<\/td><\/tr><tr><td>Analista \u2013 Contabilidade<\/td><td>CR<\/td><\/tr><tr><td>Analista \u2013 Engenharia Civil<\/td><td>CR<\/td><\/tr><tr><td>Analista \u2013 Odontologia<\/td><td>CR<\/td><\/tr><tr><td>Analista \u2013 Medicina \u2013 Cl\u00ednica M\u00e9dica<\/td><td>CR<\/td><\/tr><tr><td>Analista \u2013 T.I<\/td><td>1 + CR<\/td><\/tr><tr><td>Analista \u2013 \u00c1rea Judici\u00e1ria<\/td><td>3 + CR<\/td><\/tr><tr><td>T\u00e9cnico \u2013 \u00c1rea administrativa<\/td><td>1 + CR<\/td><\/tr><tr><td>T\u00e9cnico \u2013 Policial Judicial<\/td><td>CR<\/td><\/tr><tr><td>T\u00e9cnico \u2013 programa\u00e7\u00e3o de sistemas<\/td><td>3 + CR<\/td><\/tr><tr><td><strong>TOTAL<\/strong><\/td><td><strong>8 + CR<\/strong><\/td><\/tr><\/tbody><\/table><figcaption class=\"wp-element-caption\">Concurso TSE Unificado: vagas por estado \u2013 TRE MS<\/figcaption><\/figure>\n\n\n\n<h2 class=\"wp-block-heading\" id=\"h-concurso-tre-ms-etapas-e-provas\">Concurso TRE MS: etapas e provas<\/h2>\n\n\n\n<p>Sob organiza\u00e7\u00e3o da banca Cebraspe, os candidatos inscritos no edital do concurso TSE Unificado foram avaliados por meio da aplica\u00e7\u00e3o das seguintes etapas:<\/p>\n\n\n\n<ul class=\"wp-block-list\">\n<li><strong>Prova Objetiva<\/strong>&nbsp;\u2013 eliminat\u00f3rio e classificat\u00f3rio, para todos os cargos;<\/li>\n\n\n\n<li><strong>Prova Discursiva<\/strong>&nbsp;\u2013 eliminat\u00f3rio e classificat\u00f3rio, para os cargos de Analista Judici\u00e1rio, todas as especialidades;<\/li>\n\n\n\n<li><strong>Prova de Capacidade F\u00edsica (Agente da Pol\u00edcia Judicial)<\/strong>&nbsp;\u2013 eliminat\u00f3rio; e<\/li>\n\n\n\n<li><strong>Prova de T\u00edtulos<\/strong>&nbsp;\u2013 classificat\u00f3rio, somente para os cargos de Analista Judici\u00e1rio.<\/li>\n<\/ul>\n\n\n\n<p>As provas objetivas e a prova discursiva para os cargos de Analista Judici\u00e1rio tiveram a dura\u00e7\u00e3o de 4 horas e 30 minutos e foram aplicadas no dia&nbsp;<strong>8 de dezembro<\/strong>, no turno da manh\u00e3.<\/p>\n\n\n\n<p>J\u00e1 as provas objetivas para os cargos de T\u00e9cnico Judici\u00e1rio tiveram uma dura\u00e7\u00e3o de 3 horas e 30 minutos e foram aplicadas tamb\u00e9m no dia&nbsp;<strong>8 de dezembro,<\/strong>&nbsp;no turno da tarde.<\/p>\n\n\n\n<h3 class=\"wp-block-heading\" id=\"objetiva\">Provas Objetivas<\/h3>\n\n\n\n<p>A prova objetiva, de car\u00e1ter eliminat\u00f3rio e classificat\u00f3rio, foi composta de 120 itens e valeu 190,00 pontos.<\/p>\n\n\n\n<p>Cada prova objetiva foi constitu\u00edda de itens para julgamento, agrupados por comandos. O julgamento de cada item foi CERTO ou ERRADO, de acordo com o(s) comando(s) a que se refere o item.<\/p>\n\n\n\n<p>A etapa versou sobre as seguintes disciplinas:<\/p>\n\n\n\n<ul class=\"wp-block-list\">\n<li><strong>N\u00edvel Superior:<\/strong>\n<ul class=\"wp-block-list\">\n<li>L\u00edngua Portuguesa;<\/li>\n\n\n\n<li>No\u00e7\u00f5es de Direito Eleitoral (para os cargos de Analista Judici\u00e1rio \u2013 \u00c1rea Administrativa, e T\u00e9cnico Judici\u00e1rio \u2013 \u00c1rea Administrativa);<\/li>\n\n\n\n<li>No\u00e7\u00f5es de Direito Administrativo;<\/li>\n\n\n\n<li>No\u00e7\u00f5es de Direito Constitucional;<\/li>\n\n\n\n<li>Conhecimentos Espec\u00edficos.<\/li>\n<\/ul>\n<\/li>\n<\/ul>\n\n\n\n<h3 class=\"wp-block-heading\" id=\"discursiva\">Prova Discursiva<\/h3>\n\n\n\n<p>A prova discursiva valeu 50,00 pontos e consistiu na reda\u00e7\u00e3o de texto dissertativo, de at\u00e9 30 linhas, a respeito de temas relacionados a conhecimentos espec\u00edficos do cargo\/\u00e1rea\/especialidade.<\/p>\n\n\n\n<p>A prova discursiva avaliou o conte\u00fado (conhecimento do tema), a capacidade de express\u00e3o na modalidade escrita e o uso das normas do registro formal culto da L\u00edngua Portuguesa. O candidato produziu, conforme o comando formulado pela banca examinadora, texto dissertativo, primando pela coer\u00eancia e pela coes\u00e3o.<\/p>\n\n\n\n<h3 class=\"wp-block-heading\" id=\"h-prova-de-capacidade-fisica\">Prova de Capacidade F\u00edsica<\/h3>\n\n\n\n<p>A prova de Capacidade F\u00edsica do edital TSE Unificado teve car\u00e1ter eliminat\u00f3rio, e foi aplicada somente aos candidatos par o cargo de T\u00e9cnico Judici\u00e1rio \u2013 \u00c1rea Administrativo \u2013 Especialidade: Agente da Pol\u00edcia Judicial .<\/p>\n\n\n\n<p>Segundo o edital, os candidatos foram avaliados por meio dos seguintes testes:<\/p>\n\n\n\n<ul class=\"wp-block-list\">\n<li>flex\u00e3o de bra\u00e7o na barra fixa (para os candidatos do sexo masculino) ou de barra est\u00e1tica (candidatas do sexo feminino);<\/li>\n\n\n\n<li>flex\u00e3o abdominal;<\/li>\n\n\n\n<li>corrida de 12 minutos.<\/li>\n<\/ul>\n\n\n\n<h3 class=\"wp-block-heading\" id=\"titulos\">Avalia\u00e7\u00e3o de T\u00edtulos<\/h3>\n\n\n\n<p>De car\u00e1ter apenas classificat\u00f3rio, a Avalia\u00e7\u00e3o de T\u00edtulos foi aplicada aos cargos de Analista Judici\u00e1rio. A etapa valeu at\u00e9 10,00 pontos, ainda que a soma dos valores dos t\u00edtulos enviados seja superior a esse valor.<\/p>\n\n\n\n<p>Somente ser\u00e3o aceitos os t\u00edtulos abaixo relacionados, expedidos at\u00e9 a data de envio, observados os limites de pontos do quadro a seguir:<\/p>\n\n\n\n<figure class=\"wp-block-image\"><img loading=\"lazy\" decoding=\"async\" width=\"1024\" height=\"538\" src=\"https:\/\/dhg1h5j42swfq.cloudfront.net\/2024\/05\/29063208\/image-590-1024x538.png\" alt=\"Tabela de atribui\u00e7\u00e3o de pontos na avalia\u00e7\u00e3o de t\u00edtulos\" class=\"wp-image-1406340\" srcset=\"https:\/\/dhg1h5j42swfq.cloudfront.net\/2024\/05\/29063208\/image-590-1024x538.png 1024w, https:\/\/dhg1h5j42swfq.cloudfront.net\/2024\/05\/29063208\/image-590-300x158.png 300w, https:\/\/dhg1h5j42swfq.cloudfront.net\/2024\/05\/29063208\/image-590-768x404.png 768w, https:\/\/dhg1h5j42swfq.cloudfront.net\/2024\/05\/29063208\/image-590-610x321.png 610w, https:\/\/dhg1h5j42swfq.cloudfront.net\/2024\/05\/29063208\/image-590-150x79.png 150w, https:\/\/dhg1h5j42swfq.cloudfront.net\/2024\/05\/29063208\/image-590.png 1429w\" sizes=\"auto, (max-width: 1024px) 100vw, 1024px\" \/><figcaption class=\"wp-element-caption\">Tabela de pontua\u00e7\u00e3o de T\u00edtulos<\/figcaption><\/figure>\n\n\n\n<hr class=\"wp-block-separator has-alpha-channel-opacity\"\/>\n\n\n\n<h2 class=\"wp-block-heading\" id=\"ultimo-concurso\">\u00daltimo concurso TRE MS<\/h2>\n\n\n\n<p>Realizado em <strong>2012<\/strong>, o \u00faltimo concurso TRE MS contou com 12.631 inscri\u00e7\u00f5es para disputa de <strong>15 vagas<\/strong> e forma\u00e7\u00e3o de cadastro de reserva para cargos de Analista e T\u00e9cnico. A organiza\u00e7\u00e3o do certame ficou por conta da Cespe\/Cebraspe. A distribui\u00e7\u00e3o das vagas e cargos ofertados foram:<\/p>\n\n\n\n<ul class=\"wp-block-list\">\n<li><strong>Analista Judici\u00e1rio \u2013 \u00c1rea Judici\u00e1ria:<\/strong> 1+CR<\/li>\n\n\n\n<li><strong>Analista Judici\u00e1rio \u2013 \u00c1rea An\u00e1lise de Sistemas:<\/strong> 1+CR<\/li>\n\n\n\n<li><strong>Analista Judici\u00e1rio \u2013 \u00c1rea Administrativa:<\/strong> 2+CR<\/li>\n\n\n\n<li><strong>T\u00e9cnico Judici\u00e1rio \u2013 \u00c1rea de Contabilidade:<\/strong> 1+CR<\/li>\n\n\n\n<li><strong>T\u00e9cnico Judici\u00e1rio \u2013 \u00c1rea Administrativa:<\/strong> 9+CR<\/li>\n\n\n\n<li><strong>T\u00e9cnico Judici\u00e1rio \u2013 \u00c1rea Programa\u00e7\u00e3o de Sistemas:<\/strong> 1+CR<\/li>\n<\/ul>\n\n\n\n<p>Para os cargos de Analista, a taxa de inscri\u00e7\u00e3o cobrada foi fixada no valor de R$ 75,00 e para T\u00e9cnico de R$ 55,00.<\/p>\n\n\n\n<h2 class=\"wp-block-heading\" id=\"etapas\">Etapas do \u00faltimo concurso TRE MS<\/h2>\n\n\n\n<p>A sele\u00e7\u00e3o do concurso TRE MS contou com duas fases, realizadas na cidade de Campo Grande\/MS. Foram elas:<\/p>\n\n\n\n<ul class=\"wp-block-list\">\n<li><strong>Prova Objetiva<\/strong> &#8211; para todos os cargos <\/li>\n\n\n\n<li><strong>Prova Discursiva<\/strong> &#8211; somente para o cargo de Analista Judici\u00e1rio \u2013 \u00e1reas Judici\u00e1ria e Administrativa <\/li>\n<\/ul>\n\n\n\n<p>As provas objetivas para todos os cargos (exceto para Analista das \u00e1reas Judici\u00e1ria e Administrativa) tiveram dura\u00e7\u00e3o de 3 horas e foram aplicadas no turno da manh\u00e3. <\/p>\n\n\n\n<p>As provas objetivas e discursivas para o cargo de Analista das \u00e1reas Judici\u00e1ria e Administrativa foram aplicadas no turno da tarde, com dura\u00e7\u00e3o de 4 horas.<\/p>\n\n\n\n<h3 class=\"wp-block-heading\" id=\"provas\">Provas objetivas<\/h3>\n\n\n\n<p>A Prova Objetiva foi composta por quest\u00f5es de m\u00faltipla escolha, de car\u00e1ter eliminat\u00f3rio e classificat\u00f3rio, valendo 70 pontos. Os candidatos foram cobrados por Conhecimentos B\u00e1sicos (30) e Espec\u00edficos (40).<\/p>\n\n\n\n<p>A <em>Prova Discursiva<\/em>, cobrada apenas aos candidatos das \u00e1reas Judici\u00e1ria e Administrativa do cargo de Analista, consistiu na elabora\u00e7\u00e3o de texto, de no m\u00e1ximo 30 linhas, valendo 10 pontos.<\/p>\n\n\n\n<p>Foi aprovado nas provas objetivas o candidato que obtivesse:<\/p>\n\n\n\n<ul class=\"wp-block-list\">\n<li>nota superior a 18,00 pontos na prova objetiva de Conhecimentos B\u00e1sicos<\/li>\n\n\n\n<li>nota superior a 24,00 pontos na prova objetiva de Conhecimentos Espec\u00edficos<\/li>\n\n\n\n<li>nota superior a 42,00 pontos no conjunto das provas objetivas<\/li>\n<\/ul>\n\n\n\n<h4 class=\"wp-block-heading\" id=\"disciplinas-cobradas\"><strong>Disciplinas cobradas<\/strong> <\/h4>\n\n\n\n<p class=\"has-medium-font-size\"><strong>Conhecimentos B\u00e1sicos para todos os cargos de Analista<\/strong><\/p>\n\n\n\n<ul class=\"wp-block-list\">\n<li><em>L\u00edngua Portuguesa<\/em><\/li>\n\n\n\n<li><em>Normas Aplic\u00e1veis aos Servidores P\u00fablicos Federais<\/em><\/li>\n\n\n\n<li><em>Regimento Interno do&nbsp;TRE MS  <\/em><\/li>\n\n\n\n<li><em>No\u00e7\u00f5es de Inform\u00e1tica (exceto para a \u00c1rea de An\u00e1lise de Sistemas)<\/em><\/li>\n\n\n\n<li><em>No\u00e7\u00f5es de Direito Constitucional e Eleitoral (somente para \u00c1rea de An\u00e1lise de Sistemas)<\/em><\/li>\n<\/ul>\n\n\n\n<p class=\"has-medium-font-size\"><strong>Conhecimentos B\u00e1sicos para todos os cargos de T\u00e9cnico<\/strong><\/p>\n\n\n\n<ul class=\"wp-block-list\">\n<li><em>L\u00edngua Portuguesa<\/em><\/li>\n\n\n\n<li><em>No\u00e7\u00f5es de Inform\u00e1tica<\/em><\/li>\n\n\n\n<li><em>No\u00e7\u00f5es de Arquivologia (somente para \u00c1rea Administrativa) <\/em><\/li>\n\n\n\n<li><em>No\u00e7\u00f5es de Direito Constitucional e Eleitoral (somente para \u00c1rea de Contabilidade)<\/em><\/li>\n<\/ul>\n\n\n\n<p class=\"has-medium-font-size\"><strong>Conhecimentos B\u00e1sicos para o cargo de T\u00e9cnico da \u00e1rea de Programa\u00e7\u00e3o de Sistemas<\/strong><\/p>\n\n\n\n<ul class=\"wp-block-list\">\n<li><em>L\u00edngua Portuguesa<\/em><\/li>\n\n\n\n<li><em>Racioc\u00ednio L\u00f3gico<\/em><\/li>\n\n\n\n<li><em>No\u00e7\u00f5es de Direito Constitucional<\/em><\/li>\n\n\n\n<li><em>No\u00e7\u00f5es de Direito Eleitoral<\/em><\/li>\n\n\n\n<li><em>No\u00e7\u00f5es de Direito Administrativo<\/em><\/li>\n\n\n\n<li><em>Normas Aplic\u00e1veis aos Servidores P\u00fablicos Federais<\/em><\/li>\n\n\n\n<li><em>Regimento Interno do&nbsp;TRE MS <\/em><\/li>\n<\/ul>\n\n\n\n<p class=\"has-medium-font-size\"><strong>Conhecimentos Espec\u00edficos<\/strong><\/p>\n\n\n\n<ul class=\"wp-block-list\">\n<li><strong>Analista Judici\u00e1rio \u2013 \u00c1rea Judici\u00e1ria<\/strong>\n<ul class=\"wp-block-list\">\n<li><em>Direito Administrativo<\/em><\/li>\n\n\n\n<li><em>Direito Civil<\/em><\/li>\n\n\n\n<li><em>Direito Processual Civil<\/em><\/li>\n\n\n\n<li><em>Direito Penal<\/em><\/li>\n\n\n\n<li><em>Direito Processual Penal<\/em><\/li>\n\n\n\n<li><em>Direito Constitucional<\/em><\/li>\n\n\n\n<li><em>Direito Eleitoral<\/em><\/li>\n\n\n\n<li><em>No\u00e7\u00f5es de Administra\u00e7\u00e3o P\u00fablica<\/em><\/li>\n<\/ul>\n<\/li>\n<\/ul>\n\n\n\n<ul class=\"wp-block-list\">\n<li><strong>Analista Judici\u00e1rio \u2013 \u00c1rea Administrativa<\/strong>\n<ul class=\"wp-block-list\">\n<li><em>No\u00e7\u00f5es de Direito Constitucional e Direito Eleitoral<\/em><\/li>\n\n\n\n<li><em>Direito Administrativo<\/em><\/li>\n\n\n\n<li><em>No\u00e7\u00f5es de Administra\u00e7\u00e3o Geral e P\u00fablica<\/em><\/li>\n\n\n\n<li><em>Administra\u00e7\u00e3o Financeira e Or\u00e7ament\u00e1ria<\/em><\/li>\n\n\n\n<li><em>Lei das Licita\u00e7\u00f5es<\/em><\/li>\n\n\n\n<li><em>No\u00e7\u00f5es de Direito Civil<\/em><\/li>\n\n\n\n<li><em>No\u00e7\u00f5es de Direito Processual Civil<\/em><\/li>\n\n\n\n<li><em>No\u00e7\u00f5es de Direito Penal<\/em><\/li>\n\n\n\n<li><em>No\u00e7\u00f5es de Direito Processual Penal <\/em><\/li>\n<\/ul>\n<\/li>\n<\/ul>\n\n\n\n<ul class=\"wp-block-list\">\n<li><strong>Analista Judici\u00e1rio \u2013 \u00c1rea An\u00e1lise de Sistemas<\/strong>\n<ul class=\"wp-block-list\">\n<li><em>Suporte T\u00e9cnico<\/em><\/li>\n\n\n\n<li><em>Desenvolvimento de Sistemas<\/em><\/li>\n\n\n\n<li><em>Banco de Dados<\/em><\/li>\n\n\n\n<li><em>Seguran\u00e7a da Informa\u00e7\u00e3o<\/em><\/li>\n\n\n\n<li><em>Racioc\u00ednio L\u00f3gico <\/em><\/li>\n<\/ul>\n<\/li>\n<\/ul>\n\n\n\n<ul class=\"wp-block-list\">\n<li><strong>T\u00e9cnico Judici\u00e1rio \u2013 \u00c1rea Administrativa<\/strong>\n<ul class=\"wp-block-list\">\n<li><em>No\u00e7\u00f5es de Direito Constitucional<\/em><\/li>\n\n\n\n<li><em>No\u00e7\u00f5es de Direito Eleitoral<\/em><\/li>\n\n\n\n<li><em>No\u00e7\u00f5es de Direito Administrativo<\/em><\/li>\n\n\n\n<li><em>Normas Aplic\u00e1veis aos Servidores P\u00fablicos Federais<\/em><\/li>\n\n\n\n<li><em>Regimento Interno do&nbsp;TRE MS <\/em><\/li>\n<\/ul>\n<\/li>\n<\/ul>\n\n\n\n<ul class=\"wp-block-list\">\n<li><strong>T\u00e9cnico Judici\u00e1rio \u2013 \u00c1rea de Contabilidade<\/strong>\n<ul class=\"wp-block-list\">\n<li><em>No\u00e7\u00f5es de Contabilidade<\/em><\/li>\n\n\n\n<li><em>Normas Aplic\u00e1veis aos Servidores P\u00fablicos Federais<\/em><\/li>\n\n\n\n<li><em>Regimento Interno do&nbsp;TRE MS <\/em><\/li>\n<\/ul>\n<\/li>\n<\/ul>\n\n\n\n<ul class=\"wp-block-list\">\n<li><strong>T\u00e9cnico Judici\u00e1rio \u2013 \u00c1rea Programa\u00e7\u00e3o de Sistemas<\/strong>\n<ul class=\"wp-block-list\">\n<li><em>Programa\u00e7\u00e3o de Sistemas<\/em><\/li>\n<\/ul>\n<\/li>\n<\/ul>\n\n\n\n<h3 class=\"wp-block-heading\" id=\"nota-corte\">Nota de corte<\/h3>\n\n\n\n<figure class=\"wp-block-table is-style-stripes\"><table class=\"has-background has-fixed-layout\" style=\"background-color:#e7f5fe\"><tbody><tr><td><strong>CARGO<\/strong><\/td><td><strong>NOTA DE CORTE<\/strong><\/td><\/tr><tr><td>Analista Judici\u00e1rio \u2013 Judici\u00e1ria <\/td><td>6.33  <\/td><\/tr><tr><td>Analista Judici\u00e1rio \u2013 An\u00e1lise de Sistemas<\/td><td>6.35  <\/td><\/tr><tr><td>Analista Judici\u00e1rio \u2013 Administrativa <\/td><td>6.65  <\/td><\/tr><tr><td>T\u00e9cnico Judici\u00e1rio \u2013 Contabilidade <\/td><td>6.44  <\/td><\/tr><tr><td>T\u00e9cnico Judici\u00e1rio \u2013 Administrativa <\/td><td>6.27  <\/td><\/tr><tr><td>T\u00e9cnico Judici\u00e1rio \u2013 Programa\u00e7\u00e3o de Sistemas <\/td><td>6.44  <\/td><\/tr><\/tbody><\/table><\/figure>\n\n\n\n<h3 class=\"wp-block-heading\" id=\"concorrencia\">Concorr\u00eancia<\/h3>\n\n\n\n<p>Com 12.631 candidatos, o concurso TRE MS de 2012 disponibilizou apenas dois cargos com um n\u00famero maior de vagas, sendo de T\u00e9cnico Judici\u00e1rio da \u00e1rea Administrativa, com 9 vagas e Analista Judici\u00e1rio da \u00e1rea Administrativa, com 2 vagas.<\/p>\n\n\n\n<p>O primeiro teve 9.616 inscritos, levando a uma m\u00e9dia de 1.068 candidatos por vaga. J\u00e1 para o segundo, foram 557 inscri\u00e7\u00f5es e uma m\u00e9dia de 278 concorrentes por vaga.<\/p>\n\n\n\n<p>Mesmo com apenas uma vaga dispon\u00edvel, os demais cargos tamb\u00e9m receberam um bom n\u00famero de inscri\u00e7\u00f5es, conforma abaixo: <\/p>\n\n\n\n<ul class=\"wp-block-list\">\n<li>Analista Judici\u00e1rio da \u00e1rea Judici\u00e1ria &#8211; 1.560<\/li>\n\n\n\n<li>Analista Judici\u00e1rio da \u00e1rea de An\u00e1lise de Sistemas &#8211; 295<\/li>\n\n\n\n<li>T\u00e9cnico Judici\u00e1rio da \u00e1rea de Contabilidade &#8211; 404<\/li>\n\n\n\n<li>T\u00e9cnico Judici\u00e1rio da \u00e1rea de Programa\u00e7\u00e3o de Sistemas &#8211; 199<\/li>\n<\/ul>\n\n\n\n<h2 class=\"wp-block-heading\" id=\"convocacoes-nomeacoes\">Convoca\u00e7\u00f5es e nomea\u00e7\u00f5es<\/h2>\n\n\n\n<p>O concurso TRE MS convocou candidatos al\u00e9m das vagas previstas inicialmente no edital, por\u00e9m, alguns convocados n\u00e3o tomaram posse ou desistiram. Os cargos que ultrapassaram as previs\u00f5es e tiveram o maior n\u00famero de nomea\u00e7\u00f5es foram:<\/p>\n\n\n\n<figure class=\"wp-block-table is-style-stripes\"><table class=\"has-background has-fixed-layout\" style=\"background-color:#e7f5fe\"><tbody><tr><td><strong>CARGOS<\/strong><\/td><td><strong>VAGAS PREVISTAS<\/strong><\/td><td><strong>CANDIDATOS EMPOSSADOS<\/strong><\/td><\/tr><tr><td>Analista &#8211; Judici\u00e1ria<\/td><td>1<\/td><td>11<\/td><\/tr><tr><td>Analista &#8211; Administartiva<\/td><td>2<\/td><td>3<\/td><\/tr><tr><td>T\u00e9cnico &#8211; Administartiva<\/td><td>9<\/td><td>39<\/td><\/tr><tr><td>T\u00e9cnico &#8211; Programa\u00e7\u00e3o de Sistemas<\/td><td>1<\/td><td>2<\/td><\/tr><\/tbody><\/table><\/figure>\n\n\n\n<hr class=\"wp-block-separator has-alpha-channel-opacity\"\/>\n\n\n\n<h2 class=\"wp-block-heading has-text-align-center\" id=\"h-quer-saber-tudo-sobre-concursos-previstos-confira-nossos-artigos\">Quer saber tudo sobre concursos previstos?<br \/>Confira nossos artigos!<\/h2>\n\n\n\n<ul class=\"wp-block-list\">\n<li><a href=\"https:\/\/www.estrategiaconcursos.com.br\/blog\/concursos-abertos\/\" target=\"_blank\" rel=\"noreferrer noopener\">Concursos abertos<\/a><\/li>\n\n\n\n<li><a href=\"https:\/\/www.estrategiaconcursos.com.br\/blog\/concursos-tribunais\/\">Concursos tribunais<\/a><\/li>\n\n\n\n<li><a href=\"https:\/\/www.estrategiaconcursos.com.br\/blog\/concursos-tre\/\">Concursos TRE<\/a><\/li>\n\n\n\n<li><a href=\"https:\/\/www.estrategiaconcursos.com.br\/blog\/concursos-2026\/\">Concursos 2026<\/a><br \/><\/li>\n<\/ul>\n\n\n\n<h2 class=\"wp-block-heading has-text-align-center\" id=\"cursos-assinatura\"><em>Quer estudar para Concurso TRE MS?<\/em><\/h2>\n\n\n\n<div class=\"container\" id=\"boxes\">\n  <div class=\"row\">\n\n    <div class=\"col-sm\">\n      <div class=\"banner-tribunal\" id=\"box-assinatura\">\n        <h3 class=\"titulo-assinatura\">Curso TRE-MS<\/h3>\n        <p class=\"subtitulo-assinatura\">Conhe\u00e7a os cursos<\/p>\n        <div class=\"box-botao\">\n          <a class=\"btn-assinatura\" target=\"_blank\" href=\"https:\/\/www.estrategiaconcursos.com.br\/cursosPorConcurso\/tre-ms-105\/\" role=\"button\" rel=\"noopener noreferrer\">Conhe\u00e7a mais<\/a>\n        <\/div>\n      <\/div>\n      <p class=\"texto-auxiliar\">Prepare-se com o melhor material e com quem mais aprova em Concursos P\u00fablicos em todo o pa\u00eds.<\/p>\n    <\/div>\n\n  <\/div>\n<\/div>\n\n\n\n<div class=\"container\" id=\"boxes\">\n  <div class=\"row\">\n\n    <div class=\"col-sm\">\n      <div class=\"estrategia\" id=\"box-assinatura\">\n        <h3 class=\"titulo-assinatura\">Assinatura Concursos<\/h3>\n        <p class=\"subtitulo-assinatura\">Assinatura de 1 ano ou 2 anos<\/p>\n        <div class=\"box-botao\">\n          <a class=\"btn-assinatura\" target=\"_blank\" href=\"https:\/\/www.estrategiaconcursos.com.br\/assinaturas\/\" role=\"button\" rel=\"noopener noreferrer\">ASSINE AGORA<\/a>\n        <\/div>\n      <\/div>\n     \n    <\/div><\/div><\/div>\n\n\n\n<figure class=\"wp-block-image size-large is-resized\"><img loading=\"lazy\" decoding=\"async\" width=\"1024\" height=\"632\" src=\"https:\/\/dhg1h5j42swfq.cloudfront.net\/2021\/06\/11155630\/ficha-tecnica-2-1024x632.png\" alt=\"Ficha t\u00e9cnica concurso TRE MS\" class=\"wp-image-764985\" style=\"width:281px;height:auto\" srcset=\"https:\/\/dhg1h5j42swfq.cloudfront.net\/2021\/06\/11155630\/ficha-tecnica-2-1024x632.png 1024w, https:\/\/dhg1h5j42swfq.cloudfront.net\/2021\/06\/11155630\/ficha-tecnica-2-300x185.png 300w, https:\/\/dhg1h5j42swfq.cloudfront.net\/2021\/06\/11155630\/ficha-tecnica-2-768x474.png 768w, https:\/\/dhg1h5j42swfq.cloudfront.net\/2021\/06\/11155630\/ficha-tecnica-2-1536x948.png 1536w, https:\/\/dhg1h5j42swfq.cloudfront.net\/2021\/06\/11155630\/ficha-tecnica-2-610x377.png 610w, https:\/\/dhg1h5j42swfq.cloudfront.net\/2021\/06\/11155630\/ficha-tecnica-2.png 1571w\" sizes=\"auto, (max-width: 1024px) 100vw, 1024px\" \/><\/figure>\n\n\n\n<h4 class=\"wp-block-heading\" id=\"ficha-tecnica\">Informa\u00e7\u00f5es do \u00faltimo concurso TRE MS&nbsp;<\/h4>\n\n\n\n<ul class=\"wp-block-list\">\n<li><strong>Vagas<\/strong>: 8 + CR<\/li>\n\n\n\n<li><strong>Cargos<\/strong>: Analista e T\u00e9cnico<\/li>\n\n\n\n<li><strong>Banca<\/strong>: Cebraspe<\/li>\n\n\n\n<li><strong>Escolaridade<\/strong>: N\u00edvel Superior<\/li>\n\n\n\n<li><strong>Edital:<\/strong>&nbsp;<strong><a href=\"https:\/\/dhg1h5j42swfq.cloudfront.net\/2024\/05\/29110324\/edital_1_2024_cpnuje_abertura-2.pdf\">TSE Unificado 2024<\/a><\/strong><\/li>\n<\/ul>\n","protected":false},"excerpt":{"rendered":"<p>O concurso do Tribunal Regional Eleitoral do Mato Grosso do Sul (TRE MS), que faz parte do TSE Unificado, ter\u00e1 novos provimentos! Isso porque foi sancionada a cria\u00e7\u00e3o de mais 474 cargos que dever\u00e3o ser preenchidos a partir da convoca\u00e7\u00e3o de aprovados no \u00faltimo concurso da Justi\u00e7a Eleitoral. Confira ao longo do artigo todos as [&hellip;]<\/p>\n","protected":false},"author":1,"featured_media":1386358,"comment_status":"open","ping_status":"open","sticky":false,"template":"","format":"standard","meta":{"post_tipo":"news_page","footnotes":""},"categories":[1984,220219],"tags":[],"tax_estado":[219975],"class_list":["post-58222","post","type-post","status-publish","format-standard","has-post-thumbnail","hentry","category-tribunais","category-noticias","tax_estado-ms"],"acf":[],"yoast_head":"<!-- This site is optimized with the Yoast SEO Premium plugin v27.2 (Yoast SEO v27.2) - https:\/\/yoast.com\/product\/yoast-seo-premium-wordpress\/ -->\n<title>Concurso TRE MS: nomea\u00e7\u00f5es em andamento!<\/title>\n<meta name=\"description\" content=\"Concurso TRE MS: resultados homologados! Foram ofertadas 8 vagas + CR para os cargos de Analista e T\u00e9cnico.\" \/>\n<meta name=\"robots\" content=\"index, follow, max-snippet:-1, max-image-preview:large, max-video-preview:-1\" \/>\n<link rel=\"canonical\" href=\"https:\/\/www.estrategiaconcursos.com.br\/blog\/concurso-tre-ms\/\" \/>\n<meta property=\"og:locale\" content=\"pt_BR\" \/>\n<meta property=\"og:type\" content=\"article\" \/>\n<meta property=\"og:title\" content=\"Concurso TRE MS: nomea\u00e7\u00f5es em andamento!\" \/>\n<meta property=\"og:description\" content=\"Concurso TRE MS: resultados homologados! Foram ofertadas 8 vagas + CR para os cargos de Analista e T\u00e9cnico.\" \/>\n<meta property=\"og:url\" content=\"https:\/\/www.estrategiaconcursos.com.br\/blog\/concurso-tre-ms\/\" \/>\n<meta property=\"og:site_name\" content=\"Estrat\u00e9gia Concursos\" \/>\n<meta property=\"article:author\" content=\"https:\/\/www.facebook.com\/EstrategiaConcursos\" \/>\n<meta property=\"article:published_time\" content=\"2026-04-03T08:52:00+00:00\" \/>\n<meta property=\"article:modified_time\" content=\"2026-04-03T08:53:52+00:00\" \/>\n<meta property=\"og:image\" content=\"https:\/\/dhg1h5j42swfq.cloudfront.net\/2024\/04\/18115908\/tre-ms.jpg\" \/>\n\t<meta property=\"og:image:width\" content=\"768\" \/>\n\t<meta property=\"og:image:height\" content=\"432\" \/>\n\t<meta property=\"og:image:type\" content=\"image\/jpeg\" \/>\n<meta name=\"author\" content=\"Coordena\u00e7\u00e3o\" \/>\n<meta name=\"twitter:card\" content=\"summary_large_image\" \/>\n<meta name=\"twitter:creator\" content=\"@EstratConcursos\" \/>\n<meta name=\"twitter:site\" content=\"@EstratConcursos\" \/>\n<meta name=\"twitter:label1\" content=\"Escrito por\" \/>\n\t<meta name=\"twitter:data1\" content=\"Coordena\u00e7\u00e3o\" \/>\n\t<meta name=\"twitter:label2\" content=\"Est. tempo de leitura\" \/>\n\t<meta name=\"twitter:data2\" content=\"10 minutos\" \/>\n<script type=\"application\/ld+json\" class=\"yoast-schema-graph\">{\"@context\":\"https:\/\/schema.org\",\"@graph\":[{\"@type\":\"NewsArticle\",\"@id\":\"https:\/\/www.estrategiaconcursos.com.br\/blog\/concurso-tre-ms\/#article\",\"isPartOf\":{\"@id\":\"https:\/\/www.estrategiaconcursos.com.br\/blog\/concurso-tre-ms\/\"},\"author\":{\"name\":\"Coordena\u00e7\u00e3o\",\"@id\":\"https:\/\/www.estrategiaconcursos.com.br\/blog\/#\/schema\/person\/b4a388c97673c5f483d72185668afa1f\"},\"headline\":\"Concurso TRE MS: nomea\u00e7\u00f5es em andamento!\",\"datePublished\":\"2026-04-03T08:52:00+00:00\",\"dateModified\":\"2026-04-03T08:53:52+00:00\",\"mainEntityOfPage\":{\"@id\":\"https:\/\/www.estrategiaconcursos.com.br\/blog\/concurso-tre-ms\/\"},\"wordCount\":2443,\"commentCount\":2,\"publisher\":{\"@id\":\"https:\/\/www.estrategiaconcursos.com.br\/blog\/#organization\"},\"image\":{\"@id\":\"https:\/\/www.estrategiaconcursos.com.br\/blog\/concurso-tre-ms\/#primaryimage\"},\"thumbnailUrl\":\"https:\/\/dhg1h5j42swfq.cloudfront.net\/2024\/04\/18115908\/tre-ms.jpg\",\"articleSection\":[\"Tribunais\",\"\u00daltimas not\u00edcias\"],\"inLanguage\":\"pt-BR\",\"potentialAction\":[{\"@type\":\"CommentAction\",\"name\":\"Comment\",\"target\":[\"https:\/\/www.estrategiaconcursos.com.br\/blog\/concurso-tre-ms\/#respond\"]}],\"copyrightYear\":\"2026\",\"copyrightHolder\":{\"@id\":\"https:\/\/www.estrategiaconcursos.com.br\/blog\/#organization\"}},{\"@type\":\"WebPage\",\"@id\":\"https:\/\/www.estrategiaconcursos.com.br\/blog\/concurso-tre-ms\/\",\"url\":\"https:\/\/www.estrategiaconcursos.com.br\/blog\/concurso-tre-ms\/\",\"name\":\"Concurso TRE MS: nomea\u00e7\u00f5es em andamento!\",\"isPartOf\":{\"@id\":\"https:\/\/www.estrategiaconcursos.com.br\/blog\/#website\"},\"primaryImageOfPage\":{\"@id\":\"https:\/\/www.estrategiaconcursos.com.br\/blog\/concurso-tre-ms\/#primaryimage\"},\"image\":{\"@id\":\"https:\/\/www.estrategiaconcursos.com.br\/blog\/concurso-tre-ms\/#primaryimage\"},\"thumbnailUrl\":\"https:\/\/dhg1h5j42swfq.cloudfront.net\/2024\/04\/18115908\/tre-ms.jpg\",\"datePublished\":\"2026-04-03T08:52:00+00:00\",\"dateModified\":\"2026-04-03T08:53:52+00:00\",\"description\":\"Concurso TRE MS: resultados homologados! Foram ofertadas 8 vagas + CR para os cargos de Analista e T\u00e9cnico.\",\"breadcrumb\":{\"@id\":\"https:\/\/www.estrategiaconcursos.com.br\/blog\/concurso-tre-ms\/#breadcrumb\"},\"inLanguage\":\"pt-BR\",\"potentialAction\":[{\"@type\":\"ReadAction\",\"target\":[\"https:\/\/www.estrategiaconcursos.com.br\/blog\/concurso-tre-ms\/\"]}]},{\"@type\":\"ImageObject\",\"inLanguage\":\"pt-BR\",\"@id\":\"https:\/\/www.estrategiaconcursos.com.br\/blog\/concurso-tre-ms\/#primaryimage\",\"url\":\"https:\/\/dhg1h5j42swfq.cloudfront.net\/2024\/04\/18115908\/tre-ms.jpg\",\"contentUrl\":\"https:\/\/dhg1h5j42swfq.cloudfront.net\/2024\/04\/18115908\/tre-ms.jpg\",\"width\":768,\"height\":432,\"caption\":\"concurso tre ms provimentos\"},{\"@type\":\"BreadcrumbList\",\"@id\":\"https:\/\/www.estrategiaconcursos.com.br\/blog\/concurso-tre-ms\/#breadcrumb\",\"itemListElement\":[{\"@type\":\"ListItem\",\"position\":1,\"name\":\"In\u00edcio\",\"item\":\"https:\/\/www.estrategiaconcursos.com.br\/blog\/\"},{\"@type\":\"ListItem\",\"position\":2,\"name\":\"Concurso TRE MS: nomea\u00e7\u00f5es em andamento!\"}]},{\"@type\":\"WebSite\",\"@id\":\"https:\/\/www.estrategiaconcursos.com.br\/blog\/#website\",\"url\":\"https:\/\/www.estrategiaconcursos.com.br\/blog\/\",\"name\":\"Estrat\u00e9gia Concursos\",\"description\":\"O blog da Estrat\u00e9gia Concursos traz not\u00edcias sobre concursos e artigos de professores oferecendo cursos para concursos (pdf + videaulas) no site.\",\"publisher\":{\"@id\":\"https:\/\/www.estrategiaconcursos.com.br\/blog\/#organization\"},\"potentialAction\":[{\"@type\":\"SearchAction\",\"target\":{\"@type\":\"EntryPoint\",\"urlTemplate\":\"https:\/\/www.estrategiaconcursos.com.br\/blog\/?s={search_term_string}\"},\"query-input\":{\"@type\":\"PropertyValueSpecification\",\"valueRequired\":true,\"valueName\":\"search_term_string\"}}],\"inLanguage\":\"pt-BR\"},{\"@type\":\"Organization\",\"@id\":\"https:\/\/www.estrategiaconcursos.com.br\/blog\/#organization\",\"name\":\"Estrat\u00e9gia Concursos\",\"url\":\"https:\/\/www.estrategiaconcursos.com.br\/blog\/\",\"logo\":{\"@type\":\"ImageObject\",\"inLanguage\":\"pt-BR\",\"@id\":\"https:\/\/www.estrategiaconcursos.com.br\/blog\/#\/schema\/logo\/image\/\",\"url\":\"https:\/\/dhg1h5j42swfq.cloudfront.net\/2025\/06\/03203428\/logo_concursos-1.jpg\",\"contentUrl\":\"https:\/\/dhg1h5j42swfq.cloudfront.net\/2025\/06\/03203428\/logo_concursos-1.jpg\",\"width\":230,\"height\":60,\"caption\":\"Estrat\u00e9gia Concursos\"},\"image\":{\"@id\":\"https:\/\/www.estrategiaconcursos.com.br\/blog\/#\/schema\/logo\/image\/\"},\"sameAs\":[\"https:\/\/x.com\/EstratConcursos\"]},{\"@type\":\"Person\",\"@id\":\"https:\/\/www.estrategiaconcursos.com.br\/blog\/#\/schema\/person\/b4a388c97673c5f483d72185668afa1f\",\"name\":\"Coordena\u00e7\u00e3o\",\"image\":{\"@type\":\"ImageObject\",\"inLanguage\":\"pt-BR\",\"@id\":\"https:\/\/secure.gravatar.com\/avatar\/b720319e4c9a967eb58678d110f4fe35452fc5d5f97b202bac7b8acceb18c6ad?s=96&d=mm&r=g\",\"url\":\"https:\/\/secure.gravatar.com\/avatar\/b720319e4c9a967eb58678d110f4fe35452fc5d5f97b202bac7b8acceb18c6ad?s=96&d=mm&r=g\",\"contentUrl\":\"https:\/\/secure.gravatar.com\/avatar\/b720319e4c9a967eb58678d110f4fe35452fc5d5f97b202bac7b8acceb18c6ad?s=96&d=mm&r=g\",\"caption\":\"Coordena\u00e7\u00e3o\"},\"sameAs\":[\"https:\/\/www.facebook.com\/EstrategiaConcursos\",\"https:\/\/x.com\/EstratConcursos\"],\"url\":\"https:\/\/www.estrategiaconcursos.com.br\/blog\/author\/estrategia2013\/\"}]}<\/script>\n<!-- \/ Yoast SEO Premium plugin. -->","yoast_head_json":{"title":"Concurso TRE MS: nomea\u00e7\u00f5es em andamento!","description":"Concurso TRE MS: resultados homologados! Foram ofertadas 8 vagas + CR para os cargos de Analista e T\u00e9cnico.","robots":{"index":"index","follow":"follow","max-snippet":"max-snippet:-1","max-image-preview":"max-image-preview:large","max-video-preview":"max-video-preview:-1"},"canonical":"https:\/\/www.estrategiaconcursos.com.br\/blog\/concurso-tre-ms\/","og_locale":"pt_BR","og_type":"article","og_title":"Concurso TRE MS: nomea\u00e7\u00f5es em andamento!","og_description":"Concurso TRE MS: resultados homologados! Foram ofertadas 8 vagas + CR para os cargos de Analista e T\u00e9cnico.","og_url":"https:\/\/www.estrategiaconcursos.com.br\/blog\/concurso-tre-ms\/","og_site_name":"Estrat\u00e9gia Concursos","article_author":"https:\/\/www.facebook.com\/EstrategiaConcursos","article_published_time":"2026-04-03T08:52:00+00:00","article_modified_time":"2026-04-03T08:53:52+00:00","og_image":[{"width":768,"height":432,"url":"https:\/\/dhg1h5j42swfq.cloudfront.net\/2024\/04\/18115908\/tre-ms.jpg","type":"image\/jpeg"}],"author":"Coordena\u00e7\u00e3o","twitter_card":"summary_large_image","twitter_creator":"@EstratConcursos","twitter_site":"@EstratConcursos","twitter_misc":{"Escrito por":"Coordena\u00e7\u00e3o","Est. tempo de leitura":"10 minutos"},"schema":{"@context":"https:\/\/schema.org","@graph":[{"@type":"NewsArticle","@id":"https:\/\/www.estrategiaconcursos.com.br\/blog\/concurso-tre-ms\/#article","isPartOf":{"@id":"https:\/\/www.estrategiaconcursos.com.br\/blog\/concurso-tre-ms\/"},"author":{"name":"Coordena\u00e7\u00e3o","@id":"https:\/\/www.estrategiaconcursos.com.br\/blog\/#\/schema\/person\/b4a388c97673c5f483d72185668afa1f"},"headline":"Concurso TRE MS: nomea\u00e7\u00f5es em andamento!","datePublished":"2026-04-03T08:52:00+00:00","dateModified":"2026-04-03T08:53:52+00:00","mainEntityOfPage":{"@id":"https:\/\/www.estrategiaconcursos.com.br\/blog\/concurso-tre-ms\/"},"wordCount":2443,"commentCount":2,"publisher":{"@id":"https:\/\/www.estrategiaconcursos.com.br\/blog\/#organization"},"image":{"@id":"https:\/\/www.estrategiaconcursos.com.br\/blog\/concurso-tre-ms\/#primaryimage"},"thumbnailUrl":"https:\/\/dhg1h5j42swfq.cloudfront.net\/2024\/04\/18115908\/tre-ms.jpg","articleSection":["Tribunais","\u00daltimas not\u00edcias"],"inLanguage":"pt-BR","potentialAction":[{"@type":"CommentAction","name":"Comment","target":["https:\/\/www.estrategiaconcursos.com.br\/blog\/concurso-tre-ms\/#respond"]}],"copyrightYear":"2026","copyrightHolder":{"@id":"https:\/\/www.estrategiaconcursos.com.br\/blog\/#organization"}},{"@type":"WebPage","@id":"https:\/\/www.estrategiaconcursos.com.br\/blog\/concurso-tre-ms\/","url":"https:\/\/www.estrategiaconcursos.com.br\/blog\/concurso-tre-ms\/","name":"Concurso TRE MS: nomea\u00e7\u00f5es em andamento!","isPartOf":{"@id":"https:\/\/www.estrategiaconcursos.com.br\/blog\/#website"},"primaryImageOfPage":{"@id":"https:\/\/www.estrategiaconcursos.com.br\/blog\/concurso-tre-ms\/#primaryimage"},"image":{"@id":"https:\/\/www.estrategiaconcursos.com.br\/blog\/concurso-tre-ms\/#primaryimage"},"thumbnailUrl":"https:\/\/dhg1h5j42swfq.cloudfront.net\/2024\/04\/18115908\/tre-ms.jpg","datePublished":"2026-04-03T08:52:00+00:00","dateModified":"2026-04-03T08:53:52+00:00","description":"Concurso TRE MS: resultados homologados! Foram ofertadas 8 vagas + CR para os cargos de Analista e T\u00e9cnico.","breadcrumb":{"@id":"https:\/\/www.estrategiaconcursos.com.br\/blog\/concurso-tre-ms\/#breadcrumb"},"inLanguage":"pt-BR","potentialAction":[{"@type":"ReadAction","target":["https:\/\/www.estrategiaconcursos.com.br\/blog\/concurso-tre-ms\/"]}]},{"@type":"ImageObject","inLanguage":"pt-BR","@id":"https:\/\/www.estrategiaconcursos.com.br\/blog\/concurso-tre-ms\/#primaryimage","url":"https:\/\/dhg1h5j42swfq.cloudfront.net\/2024\/04\/18115908\/tre-ms.jpg","contentUrl":"https:\/\/dhg1h5j42swfq.cloudfront.net\/2024\/04\/18115908\/tre-ms.jpg","width":768,"height":432,"caption":"concurso tre ms provimentos"},{"@type":"BreadcrumbList","@id":"https:\/\/www.estrategiaconcursos.com.br\/blog\/concurso-tre-ms\/#breadcrumb","itemListElement":[{"@type":"ListItem","position":1,"name":"In\u00edcio","item":"https:\/\/www.estrategiaconcursos.com.br\/blog\/"},{"@type":"ListItem","position":2,"name":"Concurso TRE MS: nomea\u00e7\u00f5es em andamento!"}]},{"@type":"WebSite","@id":"https:\/\/www.estrategiaconcursos.com.br\/blog\/#website","url":"https:\/\/www.estrategiaconcursos.com.br\/blog\/","name":"Estrat\u00e9gia Concursos","description":"O blog da Estrat\u00e9gia Concursos traz not\u00edcias sobre concursos e artigos de professores oferecendo cursos para concursos (pdf + videaulas) no site.","publisher":{"@id":"https:\/\/www.estrategiaconcursos.com.br\/blog\/#organization"},"potentialAction":[{"@type":"SearchAction","target":{"@type":"EntryPoint","urlTemplate":"https:\/\/www.estrategiaconcursos.com.br\/blog\/?s={search_term_string}"},"query-input":{"@type":"PropertyValueSpecification","valueRequired":true,"valueName":"search_term_string"}}],"inLanguage":"pt-BR"},{"@type":"Organization","@id":"https:\/\/www.estrategiaconcursos.com.br\/blog\/#organization","name":"Estrat\u00e9gia Concursos","url":"https:\/\/www.estrategiaconcursos.com.br\/blog\/","logo":{"@type":"ImageObject","inLanguage":"pt-BR","@id":"https:\/\/www.estrategiaconcursos.com.br\/blog\/#\/schema\/logo\/image\/","url":"https:\/\/dhg1h5j42swfq.cloudfront.net\/2025\/06\/03203428\/logo_concursos-1.jpg","contentUrl":"https:\/\/dhg1h5j42swfq.cloudfront.net\/2025\/06\/03203428\/logo_concursos-1.jpg","width":230,"height":60,"caption":"Estrat\u00e9gia Concursos"},"image":{"@id":"https:\/\/www.estrategiaconcursos.com.br\/blog\/#\/schema\/logo\/image\/"},"sameAs":["https:\/\/x.com\/EstratConcursos"]},{"@type":"Person","@id":"https:\/\/www.estrategiaconcursos.com.br\/blog\/#\/schema\/person\/b4a388c97673c5f483d72185668afa1f","name":"Coordena\u00e7\u00e3o","image":{"@type":"ImageObject","inLanguage":"pt-BR","@id":"https:\/\/secure.gravatar.com\/avatar\/b720319e4c9a967eb58678d110f4fe35452fc5d5f97b202bac7b8acceb18c6ad?s=96&d=mm&r=g","url":"https:\/\/secure.gravatar.com\/avatar\/b720319e4c9a967eb58678d110f4fe35452fc5d5f97b202bac7b8acceb18c6ad?s=96&d=mm&r=g","contentUrl":"https:\/\/secure.gravatar.com\/avatar\/b720319e4c9a967eb58678d110f4fe35452fc5d5f97b202bac7b8acceb18c6ad?s=96&d=mm&r=g","caption":"Coordena\u00e7\u00e3o"},"sameAs":["https:\/\/www.facebook.com\/EstrategiaConcursos","https:\/\/x.com\/EstratConcursos"],"url":"https:\/\/www.estrategiaconcursos.com.br\/blog\/author\/estrategia2013\/"}]}},"_links":{"self":[{"href":"https:\/\/www.estrategiaconcursos.com.br\/blog\/wp-json\/wp\/v2\/posts\/58222","targetHints":{"allow":["GET"]}}],"collection":[{"href":"https:\/\/www.estrategiaconcursos.com.br\/blog\/wp-json\/wp\/v2\/posts"}],"about":[{"href":"https:\/\/www.estrategiaconcursos.com.br\/blog\/wp-json\/wp\/v2\/types\/post"}],"author":[{"embeddable":true,"href":"https:\/\/www.estrategiaconcursos.com.br\/blog\/wp-json\/wp\/v2\/users\/1"}],"replies":[{"embeddable":true,"href":"https:\/\/www.estrategiaconcursos.com.br\/blog\/wp-json\/wp\/v2\/comments?post=58222"}],"version-history":[{"count":298,"href":"https:\/\/www.estrategiaconcursos.com.br\/blog\/wp-json\/wp\/v2\/posts\/58222\/revisions"}],"predecessor-version":[{"id":1748103,"href":"https:\/\/www.estrategiaconcursos.com.br\/blog\/wp-json\/wp\/v2\/posts\/58222\/revisions\/1748103"}],"wp:featuredmedia":[{"embeddable":true,"href":"https:\/\/www.estrategiaconcursos.com.br\/blog\/wp-json\/wp\/v2\/media\/1386358"}],"wp:attachment":[{"href":"https:\/\/www.estrategiaconcursos.com.br\/blog\/wp-json\/wp\/v2\/media?parent=58222"}],"wp:term":[{"taxonomy":"category","embeddable":true,"href":"https:\/\/www.estrategiaconcursos.com.br\/blog\/wp-json\/wp\/v2\/categories?post=58222"},{"taxonomy":"post_tag","embeddable":true,"href":"https:\/\/www.estrategiaconcursos.com.br\/blog\/wp-json\/wp\/v2\/tags?post=58222"},{"taxonomy":"tax_estado","embeddable":true,"href":"https:\/\/www.estrategiaconcursos.com.br\/blog\/wp-json\/wp\/v2\/tax_estado?post=58222"}],"curies":[{"name":"wp","href":"https:\/\/api.w.org\/{rel}","templated":true}]}}