{"id":582117,"date":"2020-10-05T08:00:07","date_gmt":"2020-10-05T11:00:07","guid":{"rendered":"https:\/\/www.estrategiaconcursos.com.br\/blog\/?p=582117"},"modified":"2023-06-22T15:22:18","modified_gmt":"2023-06-22T18:22:18","slug":"editais-abertos-1-900-vagas","status":"publish","type":"post","link":"https:\/\/www.estrategiaconcursos.com.br\/blog\/editais-abertos-1-900-vagas\/","title":{"rendered":"Editais abertos: s\u00e3o ofertadas mais de 1.900 vagas"},"content":{"rendered":"\n<p>O m\u00eas de outubro come\u00e7ou trazendo boas not\u00edcias. Novos editais abertos com vagas para todos os n\u00edveis de escolaridade. O n\u00famero de vagas \u00e9 excelente e as remunera\u00e7\u00f5es iniciais variam de R$ 1.030,00 at\u00e9 R$ 7 mil mensais.<\/p>\n\n\n\n<p><strong><em>Confira abaixo: <\/em><\/strong><\/p>\n\n\n\n<h3 class=\"wp-block-heading\" id=\"h-concurso-iss-guarapari\"><a href=\"https:\/\/www.estrategiaconcursos.com.br\/blog\/concurso-iss-guarapari\/\">Concurso ISS Guarapari<\/a><\/h3>\n\n\n\n<p>Foi publicado o edital do&nbsp;<strong>concurso ISS Guarapari<\/strong>, estado do Esp\u00edrito Santo. Para a \u00e1rea fiscal, s\u00e3o ofertadas uma vaga imediata mais cadastro de reserva para o cargo de&nbsp;<strong>Fiscal de Rendas<\/strong>.<\/p>\n\n\n\n<p>As inscri\u00e7\u00f5es estar\u00e3o abertas entre os dias&nbsp;<strong>06 e 28 de outubro.&nbsp;<\/strong>Todo o procedimento de candidatura dever\u00e1 ser feito no site da banca organizadora, Gualimp.<\/p>\n\n\n\n<h3 class=\"wp-block-heading\" id=\"h-concurso-prefeitura-de-guarapari\"><a href=\"https:\/\/www.estrategiaconcursos.com.br\/blog\/concurso-prefeitura-de-guarapari-es\/\">Concurso Prefeitura de Guarapari<\/a><\/h3>\n\n\n\n<p>Foi publicado o edital do&nbsp;<strong>concurso p\u00fablico da Prefeitura de Guarapari<\/strong>, estado do Esp\u00edrito Santo. Conforme o documento, s\u00e3o ofertadas 101 vagas imediatas mais forma\u00e7\u00e3o de cadastro reserva.<\/p>\n\n\n\n<p>Todo o processo de inscri\u00e7\u00e3o dever\u00e1 ser feito no site da banca organizadora, Gualimp, entre os dias 06 e 28 de outubro. A prova objetiva ser\u00e1 aplicada na data prevista de 06 de dezembro.<\/p>\n\n\n\n<h3 class=\"wp-block-heading\" id=\"h-concurso-iss-crato\"><a href=\"https:\/\/www.estrategiaconcursos.com.br\/blog\/concurso-iss-crato\/\">Concurso ISS Crato<\/a><\/h3>\n\n\n\n<p>Foi publicado o edital do&nbsp;<strong>concurso ISS Crato<\/strong>, estado do Cear\u00e1. Conforme o documento, s\u00e3o ofertadas quatro vagas imediatas mais 12 em cadastro reserva para&nbsp;<strong>Fiscal de Tributos<\/strong>.<\/p>\n\n\n\n<p>Os interessados em participar da sele\u00e7\u00e3o devem realizar as inscri\u00e7\u00f5es no per\u00edodo de 03 de novembro a 18 de dezembro, no site da banca organizadora,&nbsp;<strong><a rel=\"noreferrer noopener\" href=\"http:\/\/cev.urca.br\/cev\/concursos\/\" target=\"_blank\">Universidade Regional do Cariri \u2013 URCA<\/a><\/strong>. A taxa foi definida no valor de&nbsp;<strong>R$ 150,00<\/strong>.<\/p>\n\n\n\n<h3 class=\"wp-block-heading\" id=\"h-concurso-prefeitura-de-crato\"><a href=\"https:\/\/www.estrategiaconcursos.com.br\/blog\/concurso-prefeitura-de-crato\/\">Concurso Prefeitura de Crato<\/a><\/h3>\n\n\n\n<p>Foi publicado o edital do&nbsp;<strong>concurso Prefeitura de Crato<\/strong>, estado do Cear\u00e1. Conforme o documento, s\u00e3o ofertadas 390 imediatas mais 1.170 em cadastro reserva, distribu\u00eddas entre diversos cargos nos n\u00edveis m\u00e9dio e superior.<\/p>\n\n\n\n<p>Os sal\u00e1rios variam de R$ 1.147,41 a R$ 11.474,10. Os interessados poder\u00e3o efetuar as inscri\u00e7\u00f5es entre os dias 03 de novembro a 18 de dezembro, atrav\u00e9s do site da Universidade Regional do Cariri \u2013 URCA. J\u00e1 a data das provas ainda ser\u00e3o definidas.<\/p>\n\n\n\n<h3 class=\"wp-block-heading\" id=\"h-concurso-crea-sc\"><a href=\"https:\/\/www.estrategiaconcursos.com.br\/blog\/concurso-crea-sc\/\">Concurso CREA SC<\/a><\/h3>\n\n\n\n<p>O&nbsp;<strong>Conselho Regional de<\/strong>&nbsp;<strong>Engenharia e Agronomia<\/strong>&nbsp;<strong>de Santa Catarina<\/strong>&nbsp;(concurso CREA SC) divulgou edital com 7 vagas mais cadastro de reserva para o cargo de Analista de Sistemas, de n\u00edvel superior.<\/p>\n\n\n\n<p>As inscri\u00e7\u00f5es est\u00e3o abertas e podem ser feitas atrav\u00e9s do portal online do&nbsp;<strong>Instituto de Estudos Superior do Extremo Sul (IESES)<\/strong>&nbsp;at\u00e9 o dia 13 de novembro de 2020. A taxa de inscri\u00e7\u00e3o foi fixada em R$ 95,00.<\/p>\n\n\n\n<h3 class=\"wp-block-heading\" id=\"h-concurso-saaei-ibirarema\"><a href=\"https:\/\/www.estrategiaconcursos.com.br\/blog\/concurso-saaei-ibirarema\/\">Concurso SAAEI Ibirarema<\/a><\/h3>\n\n\n\n<p>Foi publicado o edital do&nbsp;<strong>concurso SAAEI Ibirarema<\/strong>, estado de S\u00e3o Paulo. Conforme o documento, s\u00e3o ofertadas quaro vagas imediatas distribu\u00eddas aos cargos de Ajudante Geral, Operador de Esta\u00e7\u00e3o de Tratamento de \u00c1gua e Efluente e Procurador Jur\u00eddico.<\/p>\n\n\n\n<p>Com inscri\u00e7\u00f5es abertas, os interessados em participar da sele\u00e7\u00e3o devem se candidatar at\u00e9 o dia 13 de outubro, no site da banca organizadora,&nbsp;<strong>Integra Concursos e Consultoria<\/strong>.&nbsp;<\/p>\n\n\n\n<h3 class=\"wp-block-heading\" id=\"h-concurso-prefeitura-de-carutapera\"><a href=\"https:\/\/www.estrategiaconcursos.com.br\/blog\/concurso-prefeitura-de-carutapera\/\">Concurso Prefeitura de Carutapera<\/a><\/h3>\n\n\n\n<p>Foi publicado o edital do&nbsp;<strong>concurso p\u00fablico da Prefeitura de Carutapera<\/strong>, estado do Maranh\u00e3o. Conforme o documento, s\u00e3o ofertadas 189 vagas distribu\u00eddas entre cargos de n\u00edvel fundamental, m\u00e9dio e superior.<\/p>\n\n\n\n<p>Com inscri\u00e7\u00f5es abertas, os interessados devem realizar sua candidatura no site da banca organizadora, LJ Assessoria e Planejamento, at\u00e9 o dia 30 de outubro. A prova objetiva ser\u00e1 aplicada na data prevista de 22 de novembro.<\/p>\n\n\n\n<h3 class=\"wp-block-heading\" id=\"h-concurso-prefeitura-taboao-da-serra\"><a href=\"https:\/\/www.estrategiaconcursos.com.br\/blog\/concurso-prefeitura-taboao-da-serra\/\">Concurso Prefeitura Tabo\u00e3o da Serra<\/a><\/h3>\n\n\n\n<p>Foi publicado um novo edital do&nbsp;<strong>concurso da Prefeitura de Tabo\u00e3o da Serra<\/strong>, estado de S\u00e3o Paulo. Conforme o documento, s\u00e3o ofertadas 10 vagas para o cargo de Motorista, que exige ensino fundamental e oferece sal\u00e1rio de R$ 1.219,00.<\/p>\n\n\n\n<p>Com inscri\u00e7\u00f5es abertas, os interessados devem se candidatar no site da banca organizadora, o Instituto Zambini, at\u00e9 o dia 25 de outubro. A prova objetiva ser\u00e1 aplicada na data prevista de 22 de novembro.<\/p>\n\n\n\n<h3 class=\"wp-block-heading\" id=\"h-concurso-boa-vista-do-cadeado\"><a href=\"https:\/\/www.estrategiaconcursos.com.br\/blog\/concurso-boa-vista-do-cadeado\/\">Concurso Boa Vista do Cadeado<\/a><\/h3>\n\n\n\n<p>Foi publicado o edital do&nbsp;<strong>concurso da Prefeitura de Boa Vista do Cadeado<\/strong>, estado do Rio Grande do Sul. Conforme o documento, s\u00e3o ofertadas oito vagas imediatas mais cadastro reserva para diversos cargos.<\/p>\n\n\n\n<p>Com&nbsp;<strong>inscri\u00e7\u00f5es abertas<\/strong>, os interessados podem se candidatar no site da banca organizadora, Legalle Concursos, at\u00e9 o dia 22 de outubro. A prova objetiva ser\u00e1 aplicada na data prevista de 29 de novembro.<\/p>\n\n\n\n<h3 class=\"wp-block-heading\" id=\"h-concurso-pgm-francisco-badaro-procurador\"><a href=\"https:\/\/www.estrategiaconcursos.com.br\/blog\/concurso-pgm-francisco-badaro\/\">Concurso PGM Francisco Badar\u00f3 Procurador<\/a><\/h3>\n\n\n\n<p>Foi publicado o edital do concurso PGM Francisco Badar\u00f3 ofertando 1 vaga para Procurador do Munic\u00edpio localizado no Estado de Minas Gerais. A remunera\u00e7\u00e3o ofertada \u00e9 de R$ 2.229,17, para uma carga hor\u00e1ria de 40 horas semanais.<\/p>\n\n\n\n<p>Os candidatos devem se inscrever pelo endere\u00e7o eletr\u00f4nico da Funda\u00e7\u00e3o de Apoio ao Desenvolvimento do Ensino Superior do Norte de Minas (Fadenor) das&nbsp;<strong>08 horas do dia 10 de dezembro \u00e0s 17 horas do dia 15 de janeiro de 2021<\/strong>, mediante o pagamento do valor da taxa de&nbsp;<strong>R$ 100,00.<\/strong><\/p>\n\n\n\n<h3 class=\"wp-block-heading\" id=\"h-concurso-amt-ji-parana-ro\"><a href=\"https:\/\/www.estrategiaconcursos.com.br\/blog\/concurso-amt-ji-parana\/\">Concurso AMT Ji-Paran\u00e1\/RO<\/a><\/h3>\n\n\n\n<p>Foi publicado o edital do concurso da Autarquia Municipal de Tr\u00e2nsito e Transportes do Munic\u00edpio (AMT) de Ji-Paran\u00e1, estado de Rond\u00f4nia. Conforme o documento, s\u00e3o ofertadas<strong>&nbsp;15 vagas<\/strong>&nbsp;imediatas mais cadastro de reserva distribu\u00eddas entre cargos de n\u00edvel fundamental, m\u00e9dio e superior.<\/p>\n\n\n\n<p>Os interessados em participar da sele\u00e7\u00e3o j\u00e1 podem se inscrever!! Isso porque o per\u00edodo para garantir a candidatura est\u00e1 aberto e deve seguir at\u00e9 a data do dia<strong>&nbsp;12 de novembro de 2020<\/strong>. Todo o processo de inscri\u00e7\u00e3o deve ser feito atrav\u00e9s do site da banca, o<strong>&nbsp;Instituto Consulplan.<\/strong><\/p>\n\n\n\n<h3 class=\"wp-block-heading\" id=\"h-4\u00ba-exame-cnpc-peritos-contabeis\"><a href=\"https:\/\/www.estrategiaconcursos.com.br\/blog\/4-exame-cnpc-peritos-contabeis-edital\/\">4\u00ba Exame CNPC Peritos Cont\u00e1beis<\/a><\/h3>\n\n\n\n<p>Foi publicado o edital da 4\u00ba Edi\u00e7\u00e3o do&nbsp;<strong>Exame de Qualifica\u00e7\u00e3o T\u00e9cnica para registro no Cadastro Nacional de Peritos Cont\u00e1veis<\/strong>&nbsp;(CNPC) do Conselho Federal de Contabilidade (CFC).<\/p>\n\n\n\n<p>Os interessados devem realizar as&nbsp;<strong>inscri\u00e7\u00f5es no per\u00edodo de 19 a 30 de outubro<\/strong>, no site do CFC. A taxa de inscri\u00e7\u00e3o ser\u00e1 de R$ 150,00. J\u00e1 a aplica\u00e7\u00e3o da prova ocorrer\u00e1 na data prevista de 07 de dezembro, de forma on-line.<\/p>\n\n\n\n<h2 class=\"wp-block-heading has-text-align-center\" id=\"h-quer-estudar-para-os-editais-abertos\"><strong>Quer estudar para os editais abertos?<\/strong><\/h2>\n\n\n\n<p class=\"has-text-align-center\">Gostou dessas oportunidades e todas essas inscri\u00e7\u00f5es novas e retomadas nos concursos abertos desta semana? Ent\u00e3o comece agora mesmo a se preparar com nossos&nbsp;<a href=\"https:\/\/www.estrategiaconcursos.com.br\/cursos\/concurso\/\" target=\"_blank\" rel=\"noreferrer noopener\">cursos exclusivos<\/a>!<\/p>\n\n\n\n<p class=\"has-text-align-center has-luminous-vivid-amber-background-color has-background\"><strong><a href=\"https:\/\/www.estrategiaconcursos.com.br\/cursos\/concurso\/\" target=\"_blank\" rel=\"noreferrer noopener\">CURSOS<\/a><\/strong><\/p>\n\n\n\n<p class=\"has-text-align-center\">Editais abertos:&nbsp;<a rel=\"noreferrer noopener\" href=\"https:\/\/www.youtube.com\/channel\/UChvwkhC3eHxJsVxW_ItDjdA\" target=\"_blank\"><strong>Youtube \u2013 Estrat\u00e9gia Concursos<\/strong><\/a><\/p>\n\n\n\n<h4 class=\"wp-block-heading has-text-align-center\" id=\"h-sistema-de-questoes-editais-abertos\"><strong><em>Sistema de Quest\u00f5es&nbsp;\u2013 Editais abertos<\/em><\/strong><\/h4>\n\n\n\n<p class=\"has-text-align-center\">Estrat\u00e9gia Quest\u00f5es nasceu maior do que todos os concorrentes, com mais quest\u00f5es cadastradas e mais solu\u00e7\u00f5es por professores. Clique no link e aproveite os descontos e b\u00f4nus imperd\u00edveis!<\/p>\n\n\n\n<p class=\"has-text-align-center has-light-green-cyan-background-color has-background\"><strong>ASSINE AGORA \u2013&nbsp;<a href=\"https:\/\/www.estrategiaconcursos.com.br\/cursosPorConcurso\/sistema-de-questoes\/#\/\" target=\"_blank\" rel=\"noreferrer noopener\">Sistema de Quest\u00f5es<\/a><\/strong><\/p>\n\n\n\n<h4 class=\"wp-block-heading has-text-align-center\" id=\"h-assinatura-anual-ilimitada-editais-abertos\"><em><strong>Assinatura Anual Ilimitada*<\/strong><\/em><strong><em>&nbsp;\u2013 Editais abertos<\/em><\/strong><\/h4>\n\n\n\n<p class=\"has-text-align-center\"><em>Prepare-se com o melhor material e com quem mais aprova em Concursos P\u00fablicos em todo o pa\u00eds. Assine agora a nossa Assinatura Anual e tenha acesso ilimitado* a todos os nossos cursos.<\/em><\/p>\n\n\n\n<p class=\"has-text-align-center has-vivid-green-cyan-background-color has-background\"><strong>ASSINE AGORA<\/strong>&nbsp;\u2013&nbsp;<a href=\"https:\/\/www.estrategiaconcursos.com.br\/assinaturas\" target=\"_blank\" rel=\"noreferrer noopener\"><strong>Assinatura Ilimitada<\/strong><\/a><\/p>\n\n\n\n<p class=\"has-text-align-center\"><strong><em>Editais abertos: Confira abaixo os editais previstos e os j\u00e1 publicados:<\/em><\/strong><\/p>\n\n\n\n<p class=\"has-text-align-center has-pale-cyan-blue-background-color has-background\"><strong><a href=\"https:\/\/www.estrategiaconcursos.com.br\/blog\/concursos-abertos\/\">AGLOMERADO CONCURSOS ABERTOS<\/a><\/strong><\/p>\n","protected":false},"excerpt":{"rendered":"<p>O m\u00eas de outubro come\u00e7ou trazendo boas not\u00edcias. Novos editais abertos com vagas para todos os n\u00edveis de escolaridade. O n\u00famero de vagas \u00e9 excelente e as remunera\u00e7\u00f5es iniciais variam de R$ 1.030,00 at\u00e9 R$ 7 mil mensais. Confira abaixo: Concurso ISS Guarapari Foi publicado o edital do&nbsp;concurso ISS Guarapari, estado do Esp\u00edrito Santo. Para [&hellip;]<\/p>\n","protected":false},"author":188,"featured_media":473097,"comment_status":"open","ping_status":"closed","sticky":false,"template":"","format":"standard","meta":{"post_tipo":"article","footnotes":""},"categories":[1],"tags":[],"tax_estado":[],"class_list":["post-582117","post","type-post","status-publish","format-standard","has-post-thumbnail","hentry","category-cursos-e-concursos"],"acf":[],"yoast_head":"<!-- This site is optimized with the Yoast SEO Premium plugin v27.2 (Yoast SEO v27.2) - https:\/\/yoast.com\/product\/yoast-seo-premium-wordpress\/ -->\n<title>Editais abertos: s\u00e3o ofertadas mais de 1.900 vagas<\/title>\n<meta name=\"description\" content=\"Confira neste artigo os concursos que est\u00e3o com editais abertos. S\u00e3o mais de 1.900 vagas para cargos de diversas forma\u00e7\u00f5es. Saiba mais!\" \/>\n<meta name=\"robots\" content=\"index, follow, max-snippet:-1, max-image-preview:large, max-video-preview:-1\" \/>\n<link rel=\"canonical\" href=\"https:\/\/www.estrategiaconcursos.com.br\/blog\/editais-abertos-1-900-vagas\/\" \/>\n<meta property=\"og:locale\" content=\"pt_BR\" \/>\n<meta property=\"og:type\" content=\"article\" \/>\n<meta property=\"og:title\" content=\"Editais abertos: s\u00e3o ofertadas mais de 1.900 vagas\" \/>\n<meta property=\"og:description\" content=\"Confira neste artigo os concursos que est\u00e3o com editais abertos. S\u00e3o mais de 1.900 vagas para cargos de diversas forma\u00e7\u00f5es. Saiba mais!\" \/>\n<meta property=\"og:url\" content=\"https:\/\/www.estrategiaconcursos.com.br\/blog\/editais-abertos-1-900-vagas\/\" \/>\n<meta property=\"og:site_name\" content=\"Estrat\u00e9gia Concursos\" \/>\n<meta property=\"article:published_time\" content=\"2020-10-05T11:00:07+00:00\" \/>\n<meta property=\"article:modified_time\" content=\"2023-06-22T18:22:18+00:00\" \/>\n<meta property=\"og:image\" content=\"https:\/\/dhg1h5j42swfq.cloudfront.net\/2020\/01\/22162544\/Concursos-Abertos-3.png\" \/>\n\t<meta property=\"og:image:width\" content=\"1200\" \/>\n\t<meta property=\"og:image:height\" content=\"628\" \/>\n\t<meta property=\"og:image:type\" content=\"image\/png\" \/>\n<meta name=\"author\" content=\"Tha\u00eds Mendes (Jornalista)\" \/>\n<meta name=\"twitter:card\" content=\"summary_large_image\" \/>\n<meta name=\"twitter:creator\" content=\"@EstratConcursos\" \/>\n<meta name=\"twitter:site\" content=\"@EstratConcursos\" \/>\n<meta name=\"twitter:label1\" content=\"Escrito por\" \/>\n\t<meta name=\"twitter:data1\" content=\"Tha\u00eds Mendes (Jornalista)\" \/>\n\t<meta name=\"twitter:label2\" content=\"Est. tempo de leitura\" \/>\n\t<meta name=\"twitter:data2\" content=\"6 minutos\" \/>\n<script type=\"application\/ld+json\" class=\"yoast-schema-graph\">{\"@context\":\"https:\/\/schema.org\",\"@graph\":[{\"@type\":\"NewsArticle\",\"@id\":\"https:\/\/www.estrategiaconcursos.com.br\/blog\/editais-abertos-1-900-vagas\/#article\",\"isPartOf\":{\"@id\":\"https:\/\/www.estrategiaconcursos.com.br\/blog\/editais-abertos-1-900-vagas\/\"},\"author\":{\"name\":\"Tha\u00eds Mendes (Jornalista)\",\"@id\":\"https:\/\/www.estrategiaconcursos.com.br\/blog\/#\/schema\/person\/b69f846fcb6f09c1b651569e30b6e865\"},\"headline\":\"Editais abertos: s\u00e3o ofertadas mais de 1.900 vagas\",\"datePublished\":\"2020-10-05T11:00:07+00:00\",\"dateModified\":\"2023-06-22T18:22:18+00:00\",\"mainEntityOfPage\":{\"@id\":\"https:\/\/www.estrategiaconcursos.com.br\/blog\/editais-abertos-1-900-vagas\/\"},\"wordCount\":1157,\"commentCount\":0,\"publisher\":{\"@id\":\"https:\/\/www.estrategiaconcursos.com.br\/blog\/#organization\"},\"image\":{\"@id\":\"https:\/\/www.estrategiaconcursos.com.br\/blog\/editais-abertos-1-900-vagas\/#primaryimage\"},\"thumbnailUrl\":\"https:\/\/dhg1h5j42swfq.cloudfront.net\/2020\/01\/22162544\/Concursos-Abertos-3.png\",\"articleSection\":[\"Concursos P\u00fablicos\"],\"inLanguage\":\"pt-BR\",\"potentialAction\":[{\"@type\":\"CommentAction\",\"name\":\"Comment\",\"target\":[\"https:\/\/www.estrategiaconcursos.com.br\/blog\/editais-abertos-1-900-vagas\/#respond\"]}],\"copyrightYear\":\"2020\",\"copyrightHolder\":{\"@id\":\"https:\/\/www.estrategiaconcursos.com.br\/blog\/#organization\"}},{\"@type\":\"WebPage\",\"@id\":\"https:\/\/www.estrategiaconcursos.com.br\/blog\/editais-abertos-1-900-vagas\/\",\"url\":\"https:\/\/www.estrategiaconcursos.com.br\/blog\/editais-abertos-1-900-vagas\/\",\"name\":\"Editais abertos: s\u00e3o ofertadas mais de 1.900 vagas\",\"isPartOf\":{\"@id\":\"https:\/\/www.estrategiaconcursos.com.br\/blog\/#website\"},\"primaryImageOfPage\":{\"@id\":\"https:\/\/www.estrategiaconcursos.com.br\/blog\/editais-abertos-1-900-vagas\/#primaryimage\"},\"image\":{\"@id\":\"https:\/\/www.estrategiaconcursos.com.br\/blog\/editais-abertos-1-900-vagas\/#primaryimage\"},\"thumbnailUrl\":\"https:\/\/dhg1h5j42swfq.cloudfront.net\/2020\/01\/22162544\/Concursos-Abertos-3.png\",\"datePublished\":\"2020-10-05T11:00:07+00:00\",\"dateModified\":\"2023-06-22T18:22:18+00:00\",\"description\":\"Confira neste artigo os concursos que est\u00e3o com editais abertos. S\u00e3o mais de 1.900 vagas para cargos de diversas forma\u00e7\u00f5es. Saiba mais!\",\"breadcrumb\":{\"@id\":\"https:\/\/www.estrategiaconcursos.com.br\/blog\/editais-abertos-1-900-vagas\/#breadcrumb\"},\"inLanguage\":\"pt-BR\",\"potentialAction\":[{\"@type\":\"ReadAction\",\"target\":[\"https:\/\/www.estrategiaconcursos.com.br\/blog\/editais-abertos-1-900-vagas\/\"]}]},{\"@type\":\"ImageObject\",\"inLanguage\":\"pt-BR\",\"@id\":\"https:\/\/www.estrategiaconcursos.com.br\/blog\/editais-abertos-1-900-vagas\/#primaryimage\",\"url\":\"https:\/\/dhg1h5j42swfq.cloudfront.net\/2020\/01\/22162544\/Concursos-Abertos-3.png\",\"contentUrl\":\"https:\/\/dhg1h5j42swfq.cloudfront.net\/2020\/01\/22162544\/Concursos-Abertos-3.png\",\"width\":1200,\"height\":628,\"caption\":\"Editais abertos\"},{\"@type\":\"BreadcrumbList\",\"@id\":\"https:\/\/www.estrategiaconcursos.com.br\/blog\/editais-abertos-1-900-vagas\/#breadcrumb\",\"itemListElement\":[{\"@type\":\"ListItem\",\"position\":1,\"name\":\"In\u00edcio\",\"item\":\"https:\/\/www.estrategiaconcursos.com.br\/blog\/\"},{\"@type\":\"ListItem\",\"position\":2,\"name\":\"Editais abertos: s\u00e3o ofertadas mais de 1.900 vagas\"}]},{\"@type\":\"WebSite\",\"@id\":\"https:\/\/www.estrategiaconcursos.com.br\/blog\/#website\",\"url\":\"https:\/\/www.estrategiaconcursos.com.br\/blog\/\",\"name\":\"Estrat\u00e9gia Concursos\",\"description\":\"O blog da Estrat\u00e9gia Concursos traz not\u00edcias sobre concursos e artigos de professores oferecendo cursos para concursos (pdf + videaulas) no site.\",\"publisher\":{\"@id\":\"https:\/\/www.estrategiaconcursos.com.br\/blog\/#organization\"},\"potentialAction\":[{\"@type\":\"SearchAction\",\"target\":{\"@type\":\"EntryPoint\",\"urlTemplate\":\"https:\/\/www.estrategiaconcursos.com.br\/blog\/?s={search_term_string}\"},\"query-input\":{\"@type\":\"PropertyValueSpecification\",\"valueRequired\":true,\"valueName\":\"search_term_string\"}}],\"inLanguage\":\"pt-BR\"},{\"@type\":\"Organization\",\"@id\":\"https:\/\/www.estrategiaconcursos.com.br\/blog\/#organization\",\"name\":\"Estrat\u00e9gia Concursos\",\"url\":\"https:\/\/www.estrategiaconcursos.com.br\/blog\/\",\"logo\":{\"@type\":\"ImageObject\",\"inLanguage\":\"pt-BR\",\"@id\":\"https:\/\/www.estrategiaconcursos.com.br\/blog\/#\/schema\/logo\/image\/\",\"url\":\"https:\/\/dhg1h5j42swfq.cloudfront.net\/2025\/06\/03203428\/logo_concursos-1.jpg\",\"contentUrl\":\"https:\/\/dhg1h5j42swfq.cloudfront.net\/2025\/06\/03203428\/logo_concursos-1.jpg\",\"width\":230,\"height\":60,\"caption\":\"Estrat\u00e9gia Concursos\"},\"image\":{\"@id\":\"https:\/\/www.estrategiaconcursos.com.br\/blog\/#\/schema\/logo\/image\/\"},\"sameAs\":[\"https:\/\/x.com\/EstratConcursos\"]},{\"@type\":\"Person\",\"@id\":\"https:\/\/www.estrategiaconcursos.com.br\/blog\/#\/schema\/person\/b69f846fcb6f09c1b651569e30b6e865\",\"name\":\"Tha\u00eds Mendes (Jornalista)\",\"image\":{\"@type\":\"ImageObject\",\"inLanguage\":\"pt-BR\",\"@id\":\"https:\/\/secure.gravatar.com\/avatar\/3c9c4f2eb3e762ee925852cf3188d5507fcec36cfe4fdee47acd4135266a8614?s=96&d=mm&r=g\",\"url\":\"https:\/\/secure.gravatar.com\/avatar\/3c9c4f2eb3e762ee925852cf3188d5507fcec36cfe4fdee47acd4135266a8614?s=96&d=mm&r=g\",\"contentUrl\":\"https:\/\/secure.gravatar.com\/avatar\/3c9c4f2eb3e762ee925852cf3188d5507fcec36cfe4fdee47acd4135266a8614?s=96&d=mm&r=g\",\"caption\":\"Tha\u00eds Mendes (Jornalista)\"},\"url\":\"https:\/\/www.estrategiaconcursos.com.br\/blog\/author\/comunicacaoestrategiaconcursos-com-br\/\"}]}<\/script>\n<!-- \/ Yoast SEO Premium plugin. -->","yoast_head_json":{"title":"Editais abertos: s\u00e3o ofertadas mais de 1.900 vagas","description":"Confira neste artigo os concursos que est\u00e3o com editais abertos. S\u00e3o mais de 1.900 vagas para cargos de diversas forma\u00e7\u00f5es. Saiba mais!","robots":{"index":"index","follow":"follow","max-snippet":"max-snippet:-1","max-image-preview":"max-image-preview:large","max-video-preview":"max-video-preview:-1"},"canonical":"https:\/\/www.estrategiaconcursos.com.br\/blog\/editais-abertos-1-900-vagas\/","og_locale":"pt_BR","og_type":"article","og_title":"Editais abertos: s\u00e3o ofertadas mais de 1.900 vagas","og_description":"Confira neste artigo os concursos que est\u00e3o com editais abertos. S\u00e3o mais de 1.900 vagas para cargos de diversas forma\u00e7\u00f5es. Saiba mais!","og_url":"https:\/\/www.estrategiaconcursos.com.br\/blog\/editais-abertos-1-900-vagas\/","og_site_name":"Estrat\u00e9gia Concursos","article_published_time":"2020-10-05T11:00:07+00:00","article_modified_time":"2023-06-22T18:22:18+00:00","og_image":[{"width":1200,"height":628,"url":"https:\/\/dhg1h5j42swfq.cloudfront.net\/2020\/01\/22162544\/Concursos-Abertos-3.png","type":"image\/png"}],"author":"Tha\u00eds Mendes (Jornalista)","twitter_card":"summary_large_image","twitter_creator":"@EstratConcursos","twitter_site":"@EstratConcursos","twitter_misc":{"Escrito por":"Tha\u00eds Mendes (Jornalista)","Est. tempo de leitura":"6 minutos"},"schema":{"@context":"https:\/\/schema.org","@graph":[{"@type":"NewsArticle","@id":"https:\/\/www.estrategiaconcursos.com.br\/blog\/editais-abertos-1-900-vagas\/#article","isPartOf":{"@id":"https:\/\/www.estrategiaconcursos.com.br\/blog\/editais-abertos-1-900-vagas\/"},"author":{"name":"Tha\u00eds Mendes (Jornalista)","@id":"https:\/\/www.estrategiaconcursos.com.br\/blog\/#\/schema\/person\/b69f846fcb6f09c1b651569e30b6e865"},"headline":"Editais abertos: s\u00e3o ofertadas mais de 1.900 vagas","datePublished":"2020-10-05T11:00:07+00:00","dateModified":"2023-06-22T18:22:18+00:00","mainEntityOfPage":{"@id":"https:\/\/www.estrategiaconcursos.com.br\/blog\/editais-abertos-1-900-vagas\/"},"wordCount":1157,"commentCount":0,"publisher":{"@id":"https:\/\/www.estrategiaconcursos.com.br\/blog\/#organization"},"image":{"@id":"https:\/\/www.estrategiaconcursos.com.br\/blog\/editais-abertos-1-900-vagas\/#primaryimage"},"thumbnailUrl":"https:\/\/dhg1h5j42swfq.cloudfront.net\/2020\/01\/22162544\/Concursos-Abertos-3.png","articleSection":["Concursos P\u00fablicos"],"inLanguage":"pt-BR","potentialAction":[{"@type":"CommentAction","name":"Comment","target":["https:\/\/www.estrategiaconcursos.com.br\/blog\/editais-abertos-1-900-vagas\/#respond"]}],"copyrightYear":"2020","copyrightHolder":{"@id":"https:\/\/www.estrategiaconcursos.com.br\/blog\/#organization"}},{"@type":"WebPage","@id":"https:\/\/www.estrategiaconcursos.com.br\/blog\/editais-abertos-1-900-vagas\/","url":"https:\/\/www.estrategiaconcursos.com.br\/blog\/editais-abertos-1-900-vagas\/","name":"Editais abertos: s\u00e3o ofertadas mais de 1.900 vagas","isPartOf":{"@id":"https:\/\/www.estrategiaconcursos.com.br\/blog\/#website"},"primaryImageOfPage":{"@id":"https:\/\/www.estrategiaconcursos.com.br\/blog\/editais-abertos-1-900-vagas\/#primaryimage"},"image":{"@id":"https:\/\/www.estrategiaconcursos.com.br\/blog\/editais-abertos-1-900-vagas\/#primaryimage"},"thumbnailUrl":"https:\/\/dhg1h5j42swfq.cloudfront.net\/2020\/01\/22162544\/Concursos-Abertos-3.png","datePublished":"2020-10-05T11:00:07+00:00","dateModified":"2023-06-22T18:22:18+00:00","description":"Confira neste artigo os concursos que est\u00e3o com editais abertos. S\u00e3o mais de 1.900 vagas para cargos de diversas forma\u00e7\u00f5es. Saiba mais!","breadcrumb":{"@id":"https:\/\/www.estrategiaconcursos.com.br\/blog\/editais-abertos-1-900-vagas\/#breadcrumb"},"inLanguage":"pt-BR","potentialAction":[{"@type":"ReadAction","target":["https:\/\/www.estrategiaconcursos.com.br\/blog\/editais-abertos-1-900-vagas\/"]}]},{"@type":"ImageObject","inLanguage":"pt-BR","@id":"https:\/\/www.estrategiaconcursos.com.br\/blog\/editais-abertos-1-900-vagas\/#primaryimage","url":"https:\/\/dhg1h5j42swfq.cloudfront.net\/2020\/01\/22162544\/Concursos-Abertos-3.png","contentUrl":"https:\/\/dhg1h5j42swfq.cloudfront.net\/2020\/01\/22162544\/Concursos-Abertos-3.png","width":1200,"height":628,"caption":"Editais abertos"},{"@type":"BreadcrumbList","@id":"https:\/\/www.estrategiaconcursos.com.br\/blog\/editais-abertos-1-900-vagas\/#breadcrumb","itemListElement":[{"@type":"ListItem","position":1,"name":"In\u00edcio","item":"https:\/\/www.estrategiaconcursos.com.br\/blog\/"},{"@type":"ListItem","position":2,"name":"Editais abertos: s\u00e3o ofertadas mais de 1.900 vagas"}]},{"@type":"WebSite","@id":"https:\/\/www.estrategiaconcursos.com.br\/blog\/#website","url":"https:\/\/www.estrategiaconcursos.com.br\/blog\/","name":"Estrat\u00e9gia Concursos","description":"O blog da Estrat\u00e9gia Concursos traz not\u00edcias sobre concursos e artigos de professores oferecendo cursos para concursos (pdf + videaulas) no site.","publisher":{"@id":"https:\/\/www.estrategiaconcursos.com.br\/blog\/#organization"},"potentialAction":[{"@type":"SearchAction","target":{"@type":"EntryPoint","urlTemplate":"https:\/\/www.estrategiaconcursos.com.br\/blog\/?s={search_term_string}"},"query-input":{"@type":"PropertyValueSpecification","valueRequired":true,"valueName":"search_term_string"}}],"inLanguage":"pt-BR"},{"@type":"Organization","@id":"https:\/\/www.estrategiaconcursos.com.br\/blog\/#organization","name":"Estrat\u00e9gia Concursos","url":"https:\/\/www.estrategiaconcursos.com.br\/blog\/","logo":{"@type":"ImageObject","inLanguage":"pt-BR","@id":"https:\/\/www.estrategiaconcursos.com.br\/blog\/#\/schema\/logo\/image\/","url":"https:\/\/dhg1h5j42swfq.cloudfront.net\/2025\/06\/03203428\/logo_concursos-1.jpg","contentUrl":"https:\/\/dhg1h5j42swfq.cloudfront.net\/2025\/06\/03203428\/logo_concursos-1.jpg","width":230,"height":60,"caption":"Estrat\u00e9gia Concursos"},"image":{"@id":"https:\/\/www.estrategiaconcursos.com.br\/blog\/#\/schema\/logo\/image\/"},"sameAs":["https:\/\/x.com\/EstratConcursos"]},{"@type":"Person","@id":"https:\/\/www.estrategiaconcursos.com.br\/blog\/#\/schema\/person\/b69f846fcb6f09c1b651569e30b6e865","name":"Tha\u00eds Mendes (Jornalista)","image":{"@type":"ImageObject","inLanguage":"pt-BR","@id":"https:\/\/secure.gravatar.com\/avatar\/3c9c4f2eb3e762ee925852cf3188d5507fcec36cfe4fdee47acd4135266a8614?s=96&d=mm&r=g","url":"https:\/\/secure.gravatar.com\/avatar\/3c9c4f2eb3e762ee925852cf3188d5507fcec36cfe4fdee47acd4135266a8614?s=96&d=mm&r=g","contentUrl":"https:\/\/secure.gravatar.com\/avatar\/3c9c4f2eb3e762ee925852cf3188d5507fcec36cfe4fdee47acd4135266a8614?s=96&d=mm&r=g","caption":"Tha\u00eds Mendes (Jornalista)"},"url":"https:\/\/www.estrategiaconcursos.com.br\/blog\/author\/comunicacaoestrategiaconcursos-com-br\/"}]}},"_links":{"self":[{"href":"https:\/\/www.estrategiaconcursos.com.br\/blog\/wp-json\/wp\/v2\/posts\/582117","targetHints":{"allow":["GET"]}}],"collection":[{"href":"https:\/\/www.estrategiaconcursos.com.br\/blog\/wp-json\/wp\/v2\/posts"}],"about":[{"href":"https:\/\/www.estrategiaconcursos.com.br\/blog\/wp-json\/wp\/v2\/types\/post"}],"author":[{"embeddable":true,"href":"https:\/\/www.estrategiaconcursos.com.br\/blog\/wp-json\/wp\/v2\/users\/188"}],"replies":[{"embeddable":true,"href":"https:\/\/www.estrategiaconcursos.com.br\/blog\/wp-json\/wp\/v2\/comments?post=582117"}],"version-history":[{"count":23,"href":"https:\/\/www.estrategiaconcursos.com.br\/blog\/wp-json\/wp\/v2\/posts\/582117\/revisions"}],"predecessor-version":[{"id":1237408,"href":"https:\/\/www.estrategiaconcursos.com.br\/blog\/wp-json\/wp\/v2\/posts\/582117\/revisions\/1237408"}],"wp:featuredmedia":[{"embeddable":true,"href":"https:\/\/www.estrategiaconcursos.com.br\/blog\/wp-json\/wp\/v2\/media\/473097"}],"wp:attachment":[{"href":"https:\/\/www.estrategiaconcursos.com.br\/blog\/wp-json\/wp\/v2\/media?parent=582117"}],"wp:term":[{"taxonomy":"category","embeddable":true,"href":"https:\/\/www.estrategiaconcursos.com.br\/blog\/wp-json\/wp\/v2\/categories?post=582117"},{"taxonomy":"post_tag","embeddable":true,"href":"https:\/\/www.estrategiaconcursos.com.br\/blog\/wp-json\/wp\/v2\/tags?post=582117"},{"taxonomy":"tax_estado","embeddable":true,"href":"https:\/\/www.estrategiaconcursos.com.br\/blog\/wp-json\/wp\/v2\/tax_estado?post=582117"}],"curies":[{"name":"wp","href":"https:\/\/api.w.org\/{rel}","templated":true}]}}