{"id":582017,"date":"2020-10-02T14:43:16","date_gmt":"2020-10-02T17:43:16","guid":{"rendered":"https:\/\/www.estrategiaconcursos.com.br\/blog\/?p=582017"},"modified":"2021-05-26T16:45:47","modified_gmt":"2021-05-26T19:45:47","slug":"governo-df-convocacoes-pmdf","status":"publish","type":"post","link":"https:\/\/www.estrategiaconcursos.com.br\/blog\/governo-df-convocacoes-pmdf\/","title":{"rendered":"Governo do DF anuncia 500 convoca\u00e7\u00f5es para o concurso PMDF"},"content":{"rendered":"\n<p>O governador do Distrito Federal, Ibaneis Rocha, anunciou na \u00faltima quinta-feira, 1\u00ba de outubro, <strong>500 novas convoca\u00e7\u00f5es<\/strong>, a partir do m\u00eas de dezembro, de aprovados do \u00faltimo <strong>concurso PMDF<\/strong>, realizado em 2018.<\/p>\n\n\n\n<p>O processo de convoca\u00e7\u00e3o j\u00e1 estava em andamento, mas foi interrompido por causa da pandemia da Covid-19 (novo Coronav\u00edrus), gerando diversos protestos por parte dos aprovados no certame.<\/p>\n\n\n\n<p>Vale lembrar que a \u00faltima sele\u00e7\u00e3o da Pol\u00edcia Militar do Distrito Federal (PMDF), organizada pelo IADES, ofertou 2 mil vagas, sendo 500 imediatas e 1.500 para forma\u00e7\u00e3o de cadastro reserva, para os cargos de soldado combatente e m\u00fasico.<\/p>\n\n\n\n<p>A ideia do GDF \u00e9 que os 500 aprovados possam participar do Curso de Forma\u00e7\u00e3o de Policiais que ter\u00e1 in\u00edcio no m\u00eas de dezembro deste ano. A medida \u00e9 vista com extrema import\u00e2ncia pela corpora\u00e7\u00e3o que possui, atualmente, <strong>mais de 7 mil cargos vagos na PMDF<\/strong>.<\/p>\n\n\n\n<p>Ainda durante o an\u00fancio das convoca\u00e7\u00f5es, o governador lembrou que os concursos do DF seguem suspensos pela legisla\u00e7\u00e3o federal que impede novas contrata\u00e7\u00f5es durante a pandemia, exceto por motivo de vac\u00e2ncia ou aposentadoria.<\/p>\n\n\n\n<h3 class=\"wp-block-heading\" id=\"h-convoca-es-pmdf-para-concorrer-s-vagas-era-necess-rio-atender-aos-seguintes-requisitos\">Convoca\u00e7\u00f5es &#8211; PMDF: p<strong>ara concorrer \u00e0s vagas era necess\u00e1rio atender aos seguintes requisitos:<\/strong><\/h3>\n\n\n\n<ul class=\"wp-block-list\"><li>N\u00edvel superior, ter no m\u00ednimo, 18 anos de idade at\u00e9 a data da inclus\u00e3o na PMDF;<\/li><li>ter 30 anos de idade (n\u00e3o ter completado 31) at\u00e9 a&nbsp;data da inscri\u00e7\u00e3o no concurso p\u00fablico.<\/li><li>Estando&nbsp;descal\u00e7o e descoberto, ter a altura m\u00ednima de 1,65 m, para os candidatos do sexo masculino, e 1,60 m,&nbsp;para os candidatos do sexo feminino.<\/li><\/ul>\n\n\n\n<p>Para saber mais sobre as convoca\u00e7\u00f5es do concurso PMDF, acesse o link a seguir:  <\/p>\n\n\n\n<p class=\"has-text-align-center has-background\" style=\"background-color:#e1e4e5;font-size:clamp(15.197px, 0.95rem + ((1vw - 3.2px) * 0.765), 23px);px\"><strong><a href=\"https:\/\/www.estrategiaconcursos.com.br\/blog\/concurso-pmdf\/\" target=\"_blank\" rel=\"noreferrer noopener\">Concurso PMDF<\/a><\/strong><\/p>\n\n\n\n<p class=\"has-text-align-center\"><em><strong>Assinatura Anual Ilimitada<\/strong><\/em><\/p>\n\n\n\n<p class=\"has-text-align-center\"><em>Prepare-se com o melhor material e com quem mais aprova em&nbsp;Concursos P\u00fablicos de todo o pa\u00eds. Assine agora a nossa Assinatura Anual e tenha acesso ilimitado a todos os nossos cursos.<\/em><\/p>\n\n\n\n<p class=\"has-text-align-center has-luminous-vivid-amber-background-color has-background\"><strong>ASSINE AGORA<\/strong>&nbsp;\u2013&nbsp;<a rel=\"noreferrer noopener\" href=\"https:\/\/www.estrategiaconcursos.com.br\/assinaturas\/\" target=\"_blank\"><strong>Assinatura Ilimitada<\/strong><\/a><\/p>\n\n\n\n<p class=\"has-text-align-center\"><strong><em><strong>Sistema de Quest\u00f5es<\/strong><\/em><\/strong><\/p>\n\n\n\n<p class=\"has-text-align-center\"><em>Estrat\u00e9gia Quest\u00f5es nasceu maior do que todos os concorrentes, com mais quest\u00f5es cadastradas e mais solu\u00e7\u00f5es por professores. Ent\u00e3o, confira e aproveite os descontos e b\u00f4nus imperd\u00edveis!<\/em><\/p>\n\n\n\n<p class=\"has-text-align-center has-vivid-green-cyan-background-color has-background\"><strong>ASSINE AGORA \u2013&nbsp;<a rel=\"noreferrer noopener\" href=\"https:\/\/www.estrategiaconcursos.com.br\/cursosPorConcurso\/sistema-de-questoes\/#\/\" target=\"_blank\">Sistema de Quest\u00f5es<\/a><\/strong><\/p>\n\n\n\n<p class=\"has-text-align-center has-pale-cyan-blue-background-color has-background\"><strong><a href=\"https:\/\/www.estrategiaconcursos.com.br\/blog\/concursos-abertos\/\" target=\"_blank\" rel=\"noreferrer noopener\">CONCURSOS ABERTOS<\/a><\/strong><\/p>\n\n\n\n<p class=\"has-text-align-center has-pale-cyan-blue-background-color has-background\"><strong><a rel=\"noreferrer noopener\" href=\"https:\/\/www.estrategiaconcursos.com.br\/blog\/concursos-2021\/\" target=\"_blank\">CONCURSOS&nbsp;2021<\/a><\/strong><\/p>\n\n\n\n<p> <\/p>\n","protected":false},"excerpt":{"rendered":"<p>O governador do Distrito Federal, Ibaneis Rocha, anunciou na \u00faltima quinta-feira, 1\u00ba de outubro, 500 novas convoca\u00e7\u00f5es, a partir do m\u00eas de dezembro, de aprovados do \u00faltimo concurso PMDF, realizado em 2018. O processo de convoca\u00e7\u00e3o j\u00e1 estava em andamento, mas foi interrompido por causa da pandemia da Covid-19 (novo Coronav\u00edrus), gerando diversos protestos por [&hellip;]<\/p>\n","protected":false},"author":1482,"featured_media":103903,"comment_status":"open","ping_status":"closed","sticky":false,"template":"","format":"standard","meta":{"post_tipo":"article","footnotes":""},"categories":[1],"tags":[],"tax_estado":[],"class_list":["post-582017","post","type-post","status-publish","format-standard","has-post-thumbnail","hentry","category-cursos-e-concursos"],"acf":[],"yoast_head":"<!-- This site is optimized with the Yoast SEO Premium plugin v27.2 (Yoast SEO v27.2) - https:\/\/yoast.com\/product\/yoast-seo-premium-wordpress\/ -->\n<title>Governo do DF anuncia 500 convoca\u00e7\u00f5es para o concurso PMDF<\/title>\n<meta name=\"description\" content=\"O governador do Distrito Federal, Ibaneis Rocha, anunciou 500 novas convoca\u00e7\u00f5es de aprovados do \u00faltimo concurso PMDF, realizado em 2018. Confira!\" \/>\n<meta name=\"robots\" content=\"index, follow, max-snippet:-1, max-image-preview:large, max-video-preview:-1\" \/>\n<link rel=\"canonical\" href=\"https:\/\/www.estrategiaconcursos.com.br\/blog\/governo-df-convocacoes-pmdf\/\" \/>\n<meta property=\"og:locale\" content=\"pt_BR\" \/>\n<meta property=\"og:type\" content=\"article\" \/>\n<meta property=\"og:title\" content=\"Governo do DF anuncia 500 convoca\u00e7\u00f5es para o concurso PMDF\" \/>\n<meta property=\"og:description\" content=\"O governador do Distrito Federal, Ibaneis Rocha, anunciou 500 novas convoca\u00e7\u00f5es de aprovados do \u00faltimo concurso PMDF, realizado em 2018. Confira!\" \/>\n<meta property=\"og:url\" content=\"https:\/\/www.estrategiaconcursos.com.br\/blog\/governo-df-convocacoes-pmdf\/\" \/>\n<meta property=\"og:site_name\" content=\"Estrat\u00e9gia Concursos\" \/>\n<meta property=\"article:published_time\" content=\"2020-10-02T17:43:16+00:00\" \/>\n<meta property=\"article:modified_time\" content=\"2021-05-26T19:45:47+00:00\" \/>\n<meta property=\"og:image\" content=\"https:\/\/dhg1h5j42swfq.cloudfront.net\/2018\/01\/26063730\/PM-DF.jpg\" \/>\n\t<meta property=\"og:image:width\" content=\"625\" \/>\n\t<meta property=\"og:image:height\" content=\"420\" \/>\n\t<meta property=\"og:image:type\" content=\"image\/jpeg\" \/>\n<meta name=\"author\" content=\"Diego Cerqueira\" \/>\n<meta name=\"twitter:card\" content=\"summary_large_image\" \/>\n<meta name=\"twitter:creator\" content=\"@EstratConcursos\" \/>\n<meta name=\"twitter:site\" content=\"@EstratConcursos\" \/>\n<meta name=\"twitter:label1\" content=\"Escrito por\" \/>\n\t<meta name=\"twitter:data1\" content=\"Diego Cerqueira\" \/>\n\t<meta name=\"twitter:label2\" content=\"Est. tempo de leitura\" \/>\n\t<meta name=\"twitter:data2\" content=\"2 minutos\" \/>\n<script type=\"application\/ld+json\" class=\"yoast-schema-graph\">{\"@context\":\"https:\/\/schema.org\",\"@graph\":[{\"@type\":\"NewsArticle\",\"@id\":\"https:\/\/www.estrategiaconcursos.com.br\/blog\/governo-df-convocacoes-pmdf\/#article\",\"isPartOf\":{\"@id\":\"https:\/\/www.estrategiaconcursos.com.br\/blog\/governo-df-convocacoes-pmdf\/\"},\"author\":{\"name\":\"Diego Cerqueira\",\"@id\":\"https:\/\/www.estrategiaconcursos.com.br\/blog\/#\/schema\/person\/dd9f6d98671a3ac63bf25b40baf6f2e2\"},\"headline\":\"Governo do DF anuncia 500 convoca\u00e7\u00f5es para o concurso PMDF\",\"datePublished\":\"2020-10-02T17:43:16+00:00\",\"dateModified\":\"2021-05-26T19:45:47+00:00\",\"mainEntityOfPage\":{\"@id\":\"https:\/\/www.estrategiaconcursos.com.br\/blog\/governo-df-convocacoes-pmdf\/\"},\"wordCount\":385,\"commentCount\":0,\"publisher\":{\"@id\":\"https:\/\/www.estrategiaconcursos.com.br\/blog\/#organization\"},\"image\":{\"@id\":\"https:\/\/www.estrategiaconcursos.com.br\/blog\/governo-df-convocacoes-pmdf\/#primaryimage\"},\"thumbnailUrl\":\"https:\/\/dhg1h5j42swfq.cloudfront.net\/2018\/01\/26063730\/PM-DF.jpg\",\"articleSection\":[\"Concursos P\u00fablicos\"],\"inLanguage\":\"pt-BR\",\"potentialAction\":[{\"@type\":\"CommentAction\",\"name\":\"Comment\",\"target\":[\"https:\/\/www.estrategiaconcursos.com.br\/blog\/governo-df-convocacoes-pmdf\/#respond\"]}],\"copyrightYear\":\"2020\",\"copyrightHolder\":{\"@id\":\"https:\/\/www.estrategiaconcursos.com.br\/blog\/#organization\"}},{\"@type\":\"WebPage\",\"@id\":\"https:\/\/www.estrategiaconcursos.com.br\/blog\/governo-df-convocacoes-pmdf\/\",\"url\":\"https:\/\/www.estrategiaconcursos.com.br\/blog\/governo-df-convocacoes-pmdf\/\",\"name\":\"Governo do DF anuncia 500 convoca\u00e7\u00f5es para o concurso PMDF\",\"isPartOf\":{\"@id\":\"https:\/\/www.estrategiaconcursos.com.br\/blog\/#website\"},\"primaryImageOfPage\":{\"@id\":\"https:\/\/www.estrategiaconcursos.com.br\/blog\/governo-df-convocacoes-pmdf\/#primaryimage\"},\"image\":{\"@id\":\"https:\/\/www.estrategiaconcursos.com.br\/blog\/governo-df-convocacoes-pmdf\/#primaryimage\"},\"thumbnailUrl\":\"https:\/\/dhg1h5j42swfq.cloudfront.net\/2018\/01\/26063730\/PM-DF.jpg\",\"datePublished\":\"2020-10-02T17:43:16+00:00\",\"dateModified\":\"2021-05-26T19:45:47+00:00\",\"description\":\"O governador do Distrito Federal, Ibaneis Rocha, anunciou 500 novas convoca\u00e7\u00f5es de aprovados do \u00faltimo concurso PMDF, realizado em 2018. Confira!\",\"breadcrumb\":{\"@id\":\"https:\/\/www.estrategiaconcursos.com.br\/blog\/governo-df-convocacoes-pmdf\/#breadcrumb\"},\"inLanguage\":\"pt-BR\",\"potentialAction\":[{\"@type\":\"ReadAction\",\"target\":[\"https:\/\/www.estrategiaconcursos.com.br\/blog\/governo-df-convocacoes-pmdf\/\"]}]},{\"@type\":\"ImageObject\",\"inLanguage\":\"pt-BR\",\"@id\":\"https:\/\/www.estrategiaconcursos.com.br\/blog\/governo-df-convocacoes-pmdf\/#primaryimage\",\"url\":\"https:\/\/dhg1h5j42swfq.cloudfront.net\/2018\/01\/26063730\/PM-DF.jpg\",\"contentUrl\":\"https:\/\/dhg1h5j42swfq.cloudfront.net\/2018\/01\/26063730\/PM-DF.jpg\",\"width\":625,\"height\":420,\"caption\":\"Concurso PM DF\"},{\"@type\":\"BreadcrumbList\",\"@id\":\"https:\/\/www.estrategiaconcursos.com.br\/blog\/governo-df-convocacoes-pmdf\/#breadcrumb\",\"itemListElement\":[{\"@type\":\"ListItem\",\"position\":1,\"name\":\"In\u00edcio\",\"item\":\"https:\/\/www.estrategiaconcursos.com.br\/blog\/\"},{\"@type\":\"ListItem\",\"position\":2,\"name\":\"Governo do DF anuncia 500 convoca\u00e7\u00f5es para o concurso PMDF\"}]},{\"@type\":\"WebSite\",\"@id\":\"https:\/\/www.estrategiaconcursos.com.br\/blog\/#website\",\"url\":\"https:\/\/www.estrategiaconcursos.com.br\/blog\/\",\"name\":\"Estrat\u00e9gia Concursos\",\"description\":\"O blog da Estrat\u00e9gia Concursos traz not\u00edcias sobre concursos e artigos de professores oferecendo cursos para concursos (pdf + videaulas) no site.\",\"publisher\":{\"@id\":\"https:\/\/www.estrategiaconcursos.com.br\/blog\/#organization\"},\"potentialAction\":[{\"@type\":\"SearchAction\",\"target\":{\"@type\":\"EntryPoint\",\"urlTemplate\":\"https:\/\/www.estrategiaconcursos.com.br\/blog\/?s={search_term_string}\"},\"query-input\":{\"@type\":\"PropertyValueSpecification\",\"valueRequired\":true,\"valueName\":\"search_term_string\"}}],\"inLanguage\":\"pt-BR\"},{\"@type\":\"Organization\",\"@id\":\"https:\/\/www.estrategiaconcursos.com.br\/blog\/#organization\",\"name\":\"Estrat\u00e9gia Concursos\",\"url\":\"https:\/\/www.estrategiaconcursos.com.br\/blog\/\",\"logo\":{\"@type\":\"ImageObject\",\"inLanguage\":\"pt-BR\",\"@id\":\"https:\/\/www.estrategiaconcursos.com.br\/blog\/#\/schema\/logo\/image\/\",\"url\":\"https:\/\/dhg1h5j42swfq.cloudfront.net\/2025\/06\/03203428\/logo_concursos-1.jpg\",\"contentUrl\":\"https:\/\/dhg1h5j42swfq.cloudfront.net\/2025\/06\/03203428\/logo_concursos-1.jpg\",\"width\":230,\"height\":60,\"caption\":\"Estrat\u00e9gia Concursos\"},\"image\":{\"@id\":\"https:\/\/www.estrategiaconcursos.com.br\/blog\/#\/schema\/logo\/image\/\"},\"sameAs\":[\"https:\/\/x.com\/EstratConcursos\"]},{\"@type\":\"Person\",\"@id\":\"https:\/\/www.estrategiaconcursos.com.br\/blog\/#\/schema\/person\/dd9f6d98671a3ac63bf25b40baf6f2e2\",\"name\":\"Diego Cerqueira\",\"image\":{\"@type\":\"ImageObject\",\"inLanguage\":\"pt-BR\",\"@id\":\"https:\/\/secure.gravatar.com\/avatar\/93f5bbe4c5469a613830caa67379a40ab60d82fa495e4fbb9e4039bce737c0cc?s=96&d=mm&r=g\",\"url\":\"https:\/\/secure.gravatar.com\/avatar\/93f5bbe4c5469a613830caa67379a40ab60d82fa495e4fbb9e4039bce737c0cc?s=96&d=mm&r=g\",\"contentUrl\":\"https:\/\/secure.gravatar.com\/avatar\/93f5bbe4c5469a613830caa67379a40ab60d82fa495e4fbb9e4039bce737c0cc?s=96&d=mm&r=g\",\"caption\":\"Diego Cerqueira\"},\"url\":\"https:\/\/www.estrategiaconcursos.com.br\/blog\/author\/diegocerqueiraestrategiaconcursos-com-br-2\/\"}]}<\/script>\n<!-- \/ Yoast SEO Premium plugin. -->","yoast_head_json":{"title":"Governo do DF anuncia 500 convoca\u00e7\u00f5es para o concurso PMDF","description":"O governador do Distrito Federal, Ibaneis Rocha, anunciou 500 novas convoca\u00e7\u00f5es de aprovados do \u00faltimo concurso PMDF, realizado em 2018. Confira!","robots":{"index":"index","follow":"follow","max-snippet":"max-snippet:-1","max-image-preview":"max-image-preview:large","max-video-preview":"max-video-preview:-1"},"canonical":"https:\/\/www.estrategiaconcursos.com.br\/blog\/governo-df-convocacoes-pmdf\/","og_locale":"pt_BR","og_type":"article","og_title":"Governo do DF anuncia 500 convoca\u00e7\u00f5es para o concurso PMDF","og_description":"O governador do Distrito Federal, Ibaneis Rocha, anunciou 500 novas convoca\u00e7\u00f5es de aprovados do \u00faltimo concurso PMDF, realizado em 2018. Confira!","og_url":"https:\/\/www.estrategiaconcursos.com.br\/blog\/governo-df-convocacoes-pmdf\/","og_site_name":"Estrat\u00e9gia Concursos","article_published_time":"2020-10-02T17:43:16+00:00","article_modified_time":"2021-05-26T19:45:47+00:00","og_image":[{"width":625,"height":420,"url":"https:\/\/dhg1h5j42swfq.cloudfront.net\/2018\/01\/26063730\/PM-DF.jpg","type":"image\/jpeg"}],"author":"Diego Cerqueira","twitter_card":"summary_large_image","twitter_creator":"@EstratConcursos","twitter_site":"@EstratConcursos","twitter_misc":{"Escrito por":"Diego Cerqueira","Est. tempo de leitura":"2 minutos"},"schema":{"@context":"https:\/\/schema.org","@graph":[{"@type":"NewsArticle","@id":"https:\/\/www.estrategiaconcursos.com.br\/blog\/governo-df-convocacoes-pmdf\/#article","isPartOf":{"@id":"https:\/\/www.estrategiaconcursos.com.br\/blog\/governo-df-convocacoes-pmdf\/"},"author":{"name":"Diego Cerqueira","@id":"https:\/\/www.estrategiaconcursos.com.br\/blog\/#\/schema\/person\/dd9f6d98671a3ac63bf25b40baf6f2e2"},"headline":"Governo do DF anuncia 500 convoca\u00e7\u00f5es para o concurso PMDF","datePublished":"2020-10-02T17:43:16+00:00","dateModified":"2021-05-26T19:45:47+00:00","mainEntityOfPage":{"@id":"https:\/\/www.estrategiaconcursos.com.br\/blog\/governo-df-convocacoes-pmdf\/"},"wordCount":385,"commentCount":0,"publisher":{"@id":"https:\/\/www.estrategiaconcursos.com.br\/blog\/#organization"},"image":{"@id":"https:\/\/www.estrategiaconcursos.com.br\/blog\/governo-df-convocacoes-pmdf\/#primaryimage"},"thumbnailUrl":"https:\/\/dhg1h5j42swfq.cloudfront.net\/2018\/01\/26063730\/PM-DF.jpg","articleSection":["Concursos P\u00fablicos"],"inLanguage":"pt-BR","potentialAction":[{"@type":"CommentAction","name":"Comment","target":["https:\/\/www.estrategiaconcursos.com.br\/blog\/governo-df-convocacoes-pmdf\/#respond"]}],"copyrightYear":"2020","copyrightHolder":{"@id":"https:\/\/www.estrategiaconcursos.com.br\/blog\/#organization"}},{"@type":"WebPage","@id":"https:\/\/www.estrategiaconcursos.com.br\/blog\/governo-df-convocacoes-pmdf\/","url":"https:\/\/www.estrategiaconcursos.com.br\/blog\/governo-df-convocacoes-pmdf\/","name":"Governo do DF anuncia 500 convoca\u00e7\u00f5es para o concurso PMDF","isPartOf":{"@id":"https:\/\/www.estrategiaconcursos.com.br\/blog\/#website"},"primaryImageOfPage":{"@id":"https:\/\/www.estrategiaconcursos.com.br\/blog\/governo-df-convocacoes-pmdf\/#primaryimage"},"image":{"@id":"https:\/\/www.estrategiaconcursos.com.br\/blog\/governo-df-convocacoes-pmdf\/#primaryimage"},"thumbnailUrl":"https:\/\/dhg1h5j42swfq.cloudfront.net\/2018\/01\/26063730\/PM-DF.jpg","datePublished":"2020-10-02T17:43:16+00:00","dateModified":"2021-05-26T19:45:47+00:00","description":"O governador do Distrito Federal, Ibaneis Rocha, anunciou 500 novas convoca\u00e7\u00f5es de aprovados do \u00faltimo concurso PMDF, realizado em 2018. Confira!","breadcrumb":{"@id":"https:\/\/www.estrategiaconcursos.com.br\/blog\/governo-df-convocacoes-pmdf\/#breadcrumb"},"inLanguage":"pt-BR","potentialAction":[{"@type":"ReadAction","target":["https:\/\/www.estrategiaconcursos.com.br\/blog\/governo-df-convocacoes-pmdf\/"]}]},{"@type":"ImageObject","inLanguage":"pt-BR","@id":"https:\/\/www.estrategiaconcursos.com.br\/blog\/governo-df-convocacoes-pmdf\/#primaryimage","url":"https:\/\/dhg1h5j42swfq.cloudfront.net\/2018\/01\/26063730\/PM-DF.jpg","contentUrl":"https:\/\/dhg1h5j42swfq.cloudfront.net\/2018\/01\/26063730\/PM-DF.jpg","width":625,"height":420,"caption":"Concurso PM DF"},{"@type":"BreadcrumbList","@id":"https:\/\/www.estrategiaconcursos.com.br\/blog\/governo-df-convocacoes-pmdf\/#breadcrumb","itemListElement":[{"@type":"ListItem","position":1,"name":"In\u00edcio","item":"https:\/\/www.estrategiaconcursos.com.br\/blog\/"},{"@type":"ListItem","position":2,"name":"Governo do DF anuncia 500 convoca\u00e7\u00f5es para o concurso PMDF"}]},{"@type":"WebSite","@id":"https:\/\/www.estrategiaconcursos.com.br\/blog\/#website","url":"https:\/\/www.estrategiaconcursos.com.br\/blog\/","name":"Estrat\u00e9gia Concursos","description":"O blog da Estrat\u00e9gia Concursos traz not\u00edcias sobre concursos e artigos de professores oferecendo cursos para concursos (pdf + videaulas) no site.","publisher":{"@id":"https:\/\/www.estrategiaconcursos.com.br\/blog\/#organization"},"potentialAction":[{"@type":"SearchAction","target":{"@type":"EntryPoint","urlTemplate":"https:\/\/www.estrategiaconcursos.com.br\/blog\/?s={search_term_string}"},"query-input":{"@type":"PropertyValueSpecification","valueRequired":true,"valueName":"search_term_string"}}],"inLanguage":"pt-BR"},{"@type":"Organization","@id":"https:\/\/www.estrategiaconcursos.com.br\/blog\/#organization","name":"Estrat\u00e9gia Concursos","url":"https:\/\/www.estrategiaconcursos.com.br\/blog\/","logo":{"@type":"ImageObject","inLanguage":"pt-BR","@id":"https:\/\/www.estrategiaconcursos.com.br\/blog\/#\/schema\/logo\/image\/","url":"https:\/\/dhg1h5j42swfq.cloudfront.net\/2025\/06\/03203428\/logo_concursos-1.jpg","contentUrl":"https:\/\/dhg1h5j42swfq.cloudfront.net\/2025\/06\/03203428\/logo_concursos-1.jpg","width":230,"height":60,"caption":"Estrat\u00e9gia Concursos"},"image":{"@id":"https:\/\/www.estrategiaconcursos.com.br\/blog\/#\/schema\/logo\/image\/"},"sameAs":["https:\/\/x.com\/EstratConcursos"]},{"@type":"Person","@id":"https:\/\/www.estrategiaconcursos.com.br\/blog\/#\/schema\/person\/dd9f6d98671a3ac63bf25b40baf6f2e2","name":"Diego Cerqueira","image":{"@type":"ImageObject","inLanguage":"pt-BR","@id":"https:\/\/secure.gravatar.com\/avatar\/93f5bbe4c5469a613830caa67379a40ab60d82fa495e4fbb9e4039bce737c0cc?s=96&d=mm&r=g","url":"https:\/\/secure.gravatar.com\/avatar\/93f5bbe4c5469a613830caa67379a40ab60d82fa495e4fbb9e4039bce737c0cc?s=96&d=mm&r=g","contentUrl":"https:\/\/secure.gravatar.com\/avatar\/93f5bbe4c5469a613830caa67379a40ab60d82fa495e4fbb9e4039bce737c0cc?s=96&d=mm&r=g","caption":"Diego Cerqueira"},"url":"https:\/\/www.estrategiaconcursos.com.br\/blog\/author\/diegocerqueiraestrategiaconcursos-com-br-2\/"}]}},"_links":{"self":[{"href":"https:\/\/www.estrategiaconcursos.com.br\/blog\/wp-json\/wp\/v2\/posts\/582017","targetHints":{"allow":["GET"]}}],"collection":[{"href":"https:\/\/www.estrategiaconcursos.com.br\/blog\/wp-json\/wp\/v2\/posts"}],"about":[{"href":"https:\/\/www.estrategiaconcursos.com.br\/blog\/wp-json\/wp\/v2\/types\/post"}],"author":[{"embeddable":true,"href":"https:\/\/www.estrategiaconcursos.com.br\/blog\/wp-json\/wp\/v2\/users\/1482"}],"replies":[{"embeddable":true,"href":"https:\/\/www.estrategiaconcursos.com.br\/blog\/wp-json\/wp\/v2\/comments?post=582017"}],"version-history":[{"count":6,"href":"https:\/\/www.estrategiaconcursos.com.br\/blog\/wp-json\/wp\/v2\/posts\/582017\/revisions"}],"predecessor-version":[{"id":752406,"href":"https:\/\/www.estrategiaconcursos.com.br\/blog\/wp-json\/wp\/v2\/posts\/582017\/revisions\/752406"}],"wp:featuredmedia":[{"embeddable":true,"href":"https:\/\/www.estrategiaconcursos.com.br\/blog\/wp-json\/wp\/v2\/media\/103903"}],"wp:attachment":[{"href":"https:\/\/www.estrategiaconcursos.com.br\/blog\/wp-json\/wp\/v2\/media?parent=582017"}],"wp:term":[{"taxonomy":"category","embeddable":true,"href":"https:\/\/www.estrategiaconcursos.com.br\/blog\/wp-json\/wp\/v2\/categories?post=582017"},{"taxonomy":"post_tag","embeddable":true,"href":"https:\/\/www.estrategiaconcursos.com.br\/blog\/wp-json\/wp\/v2\/tags?post=582017"},{"taxonomy":"tax_estado","embeddable":true,"href":"https:\/\/www.estrategiaconcursos.com.br\/blog\/wp-json\/wp\/v2\/tax_estado?post=582017"}],"curies":[{"name":"wp","href":"https:\/\/api.w.org\/{rel}","templated":true}]}}