{"id":581981,"date":"2020-10-09T00:00:55","date_gmt":"2020-10-09T03:00:55","guid":{"rendered":"https:\/\/www.estrategiaconcursos.com.br\/blog\/?p=581981"},"modified":"2020-11-19T14:51:38","modified_gmt":"2020-11-19T17:51:38","slug":"carreiras-publicas-semana-especial-dos-cursos-de-pos-graduacao","status":"publish","type":"post","link":"https:\/\/www.estrategiaconcursos.com.br\/blog\/carreiras-publicas-semana-especial-dos-cursos-de-pos-graduacao\/","title":{"rendered":"Carreiras P\u00fablicas: Semana Especial dos Cursos de P\u00f3s-Gradua\u00e7\u00e3o"},"content":{"rendered":"\n<h2 class=\"wp-block-heading\">P\u00f3s-Gradua\u00e7\u00e3o pode elevar suas chances nas Carreiras P\u00fablicas <\/h2>\n\n\n\n<p>Em tempos de ritmo mais lento da economia, as Carreiras P\u00fablicas se tornam atrativas devido aos altos sal\u00e1rios e a estabilidade. Mas, para manter a carreira em alto n\u00edvel, \u00e9 primordial que o estudo n\u00e3o seja deixado de lado. <\/p>\n\n\n\n<p>No caso dos cargos p\u00fablicos, a P\u00f3s-Gradua\u00e7\u00e3o, al\u00e9m de contribuir como vantagem para atuar em determinada \u00e1rea, o conhecimento adquirido auxilia bastante na obten\u00e7\u00e3o de pontos nas provas cujas vagas s\u00e3o n\u00edvel superior.<\/p>\n\n\n\n<p>Em concursos concorridos, a prova de t\u00edtulos tem um peso grande na hora da classifica\u00e7\u00e3o dos candidatos, pois ao encontrar um n\u00famero elevado de pessoas disputando uma vaga, o m\u00ednimo se torna algo imprescind\u00edvel para garantir o&nbsp;<strong>emprego<\/strong>.<\/p>\n\n\n\n<p>Por isso, a equipe de professores do Estrat\u00e9gia Concursos criou a Semana Especial dos Cursos de P\u00f3s-Gradua\u00e7\u00e3o Carreiras P\u00fablicas. Neste evento abordaremos temas ligados \u00e0 P\u00f3s-Gradua\u00e7\u00e3o e de quebra voc\u00ea conhecer\u00e1 nossos cursos em parceria com a Unileya.<\/p>\n\n\n\n<h4 class=\"wp-block-heading\">Carreiras P\u00fablicas &#8211; Cronograma<\/h4>\n\n\n\n<p class=\"has-vivid-red-color has-text-color has-medium-font-size\"><strong>IMPORTANTE<\/strong>:<\/p>\n\n\n\n<p class=\"has-black-color has-text-color has-medium-font-size\"><strong>No t\u00edtulo do evento est\u00e1 o link para a transmiss\u00e3o ao vivo, basta clicar e voc\u00ea ser\u00e1 redirecionado. Boa aula!<\/strong><\/p>\n\n\n\n<figure class=\"wp-block-table is-style-stripes\"><table class=\"has-subtle-pale-blue-background-color has-background\"><tbody><tr><td><strong>Evento<\/strong><\/td><td><strong>Data<\/strong><\/td><\/tr><tr><td><a href=\"https:\/\/www.youtube.com\/watch?v=Fddbn07c5qo\" target=\"_blank\" rel=\"noreferrer noopener\">P\u00f3s-Gradua\u00e7\u00e3o para Carreiras P\u00fablicas<\/a><\/td><td>05\/10, 12h<\/td><\/tr><tr><td><a href=\"https:\/\/www.youtube.com\/watch?v=SJtKO_hNAkQ\" target=\"_blank\" rel=\"noreferrer noopener\">Conciliar P\u00f3s-Gradua\u00e7\u00e3o e Concursos &#8211; Vale a Pena?<\/a><\/td><td>05\/10, 19h<\/td><\/tr><tr><td><a href=\"https:\/\/www.youtube.com\/watch?v=_AN8HaznkHA\" target=\"_blank\" rel=\"noreferrer noopener\">Como Funciona a Progress\u00e3o na Carreira P\u00fablica<\/a><\/td><td>05\/10, 21h<\/td><\/tr><tr><td>&nbsp;<\/td><td>&nbsp;<\/td><\/tr><tr><td><a href=\"https:\/\/www.youtube.com\/watch?v=jOP2stclK4w\" target=\"_blank\" rel=\"noreferrer noopener\">P\u00f3s-Gradua\u00e7\u00e3o em Gest\u00e3o Tribut\u00e1ria e Auditoria no Setor P\u00fablico<\/a><\/td><td>06\/10, 12h<\/td><\/tr><tr><td><a href=\"https:\/\/www.youtube.com\/watch?v=Pw_cZVUBPLE\" target=\"_blank\" rel=\"noreferrer noopener\">P\u00f3s-Gradua\u00e7\u00e3o em Contabilidade P\u00fablica<\/a><\/td><td>06\/10, 19h<\/td><\/tr><tr><td><a href=\"https:\/\/www.youtube.com\/watch?v=5rBFGhWDths\" target=\"_blank\" rel=\"noreferrer noopener\">P\u00f3s-Gradua\u00e7\u00e3o: Luxo ou Necessidade?<\/a><\/td><td>06\/10, 22h<\/td><\/tr><tr><td>&nbsp;<\/td><td>&nbsp;<\/td><\/tr><tr><td><a href=\"https:\/\/www.youtube.com\/watch?v=bMbZWrFWYQ8\" target=\"_blank\" rel=\"noreferrer noopener\">P\u00f3s-Gradua\u00e7\u00e3o em Investiga\u00e7\u00e3o Criminal e Legisla\u00e7\u00e3o Penal<\/a><\/td><td>07\/10, 12h<\/td><\/tr><tr><td><a href=\"https:\/\/www.youtube.com\/watch?v=7GOWElrL12Q\" target=\"_blank\" rel=\"noreferrer noopener\">Plano B: P\u00f3s-Gradua\u00e7\u00e3o<\/a><\/td><td>07\/10, 19h<\/td><\/tr><tr><td>&nbsp;<\/td><td>&nbsp;<\/td><\/tr><tr><td><a href=\"https:\/\/www.youtube.com\/watch?v=Jq5Gb15Aa9Q&amp;feature=youtu.be\" target=\"_blank\" rel=\"noreferrer noopener\">Transa\u00e7\u00e3o Tribut\u00e1ria: Saiba tudo sobre a Nova Lei 13.988\/2020<\/a><\/td><td>08\/10, 10h<\/td><\/tr><tr><td><a href=\"https:\/\/www.youtube.com\/watch?v=WxbUxv74kX0&amp;feature=youtu.be\" target=\"_blank\" rel=\"noreferrer noopener\">P\u00f3s-Gradua\u00e7\u00e3o em Contabilidade Gerencial<\/a><\/td><td>08\/10, 19h<\/td><\/tr><tr><td><a href=\"https:\/\/www.youtube.com\/watch?v=YVUqQtZnvOs&amp;feature=youtu.be\" target=\"_blank\" rel=\"noreferrer noopener\">T\u00e9cnicas de Investiga\u00e7\u00e3o Criminal<\/a><\/td><td>08\/10, 21h<\/td><\/tr><tr><td>&nbsp;<\/td><td>&nbsp;<\/td><\/tr><tr><td><a href=\"https:\/\/www.youtube.com\/watch?v=BfSaLw9TkIo&amp;feature=youtu.be\" target=\"_blank\" rel=\"noreferrer noopener\">P\u00f3s-Gradua\u00e7\u00e3o em Direito Administrativo e Gest\u00e3o P\u00fablica<\/a><\/td><td>09\/10, 19h<\/td><\/tr><tr><td>&nbsp;<\/td><td>&nbsp;<\/td><\/tr><tr><td><a href=\"https:\/\/www.youtube.com\/watch?v=OGqoFgyMvXM&amp;feature=youtu.be\" target=\"_blank\" rel=\"noreferrer noopener\">Vantagens da P\u00f3s-Gradua\u00e7\u00e3o \u00e0 Dist\u00e2ncia<\/a><\/td><td>11\/10, 19h<\/td><\/tr><tr><td>&nbsp;<\/td><td>&nbsp;<\/td><\/tr><tr><td><a href=\"https:\/\/www.youtube.com\/watch?v=bJXrmQdBkDM&amp;feature=youtu.be\" target=\"_blank\" rel=\"noreferrer noopener\">P\u00f3s-Gradua\u00e7\u00e3o em Gest\u00e3o Or\u00e7ament\u00e1ria e Financeira<\/a><\/td><td>12\/10, 12h<\/td><\/tr><tr><td>&nbsp;<\/td><td>&nbsp;<\/td><\/tr><tr><td><a href=\"https:\/\/www.youtube.com\/watch?v=QeJrYW5GdGM&amp;feature=youtu.be\" target=\"_blank\" rel=\"noreferrer noopener\">P\u00f3s-Gradua\u00e7\u00e3o em Contabilidade Societ\u00e1ria<\/a><\/td><td>13\/10, 12h<\/td><\/tr><tr><td>&nbsp;<\/td><td>&nbsp;<\/td><\/tr><tr><td><a href=\"https:\/\/www.youtube.com\/watch?v=JaoJ0f7K-1w&amp;feature=youtu.be\" target=\"_blank\" rel=\"noreferrer noopener\">P\u00f3s-Gradua\u00e7\u00e3o em Direito P\u00fablico<\/a><\/td><td>14\/10, 20h<\/td><\/tr><\/tbody><\/table><\/figure>\n\n\n\n<p class=\"has-text-align-center has-medium-font-size\"><strong>Estrat\u00e9gia Concursos: <a rel=\"noreferrer noopener\" style=\"font-weight: bold;\" href=\"https:\/\/www.youtube.com\/c\/EstrategiaConcursosBrasil\/videos?view=2&amp;live_view=502\" target=\"_blank\">YOUTUBE<\/a><\/strong><\/p>\n\n\n\n<div class=\"container\" id=\"boxes\">\n  <div class=\"row\">\n\n    <div class=\"col-sm\">\n      <div class=\"banner-estrategia\" id=\"box-assinatura\">\n        <h3 class=\"titulo-assinatura\">Carreiras Administrativas<\/h3>\n        <p class=\"subtitulo-assinatura\">Conhe\u00e7a os cursos<\/p>\n        <div class=\"box-botao\">\n          <a class=\"btn-assinatura\" target=\"_blank\" href=\"https:\/\/www.estrategiaconcursos.com.br\/cursos\/\" role=\"button\" rel=\"noopener noreferrer\">Conhe\u00e7a mais<\/a>\n        <\/div>\n      <\/div>\n      <p class=\"texto-auxiliar\">Prepare-se com o melhor material e com quem mais aprova em Concursos P\u00fablicos em todo o pa\u00eds. Assine agora a nossa Assinatura Anual e tenha acesso ilimitado* a todos os nossos cursos.<\/p>\n    <\/div>\n\n  <\/div>\n<\/div>\n\n\n\n<h4 class=\"has-text-align-center wp-block-heading\"><strong><em><strong>Sistema de Quest\u00f5es<\/strong><\/em><\/strong> &#8211; Carreiras P\u00fablicas<\/h4>\n\n\n\n<p class=\"has-text-align-center\">Estrat\u00e9gia Quest\u00f5es nasceu maior do que todos os concorrentes, com mais quest\u00f5es cadastradas e mais solu\u00e7\u00f5es por professores. Clique no link e aproveite os descontos e b\u00f4nus imperd\u00edveis!<\/p>\n\n\n\n<p class=\"has-text-align-center has-light-green-cyan-background-color has-background\"><strong>ASSINE AGORA \u2013&nbsp;<a href=\"https:\/\/www.estrategiaconcursos.com.br\/cursosPorConcurso\/sistema-de-questoes\/#\/\" target=\"_blank\" rel=\"noreferrer noopener\">Sistema de Quest\u00f5es<\/a><\/strong><\/p>\n\n\n\n<p class=\"has-text-align-center has-pale-cyan-blue-background-color has-background\"><strong><a href=\"https:\/\/www.estrategiaconcursos.com.br\/blog\/concursos-abertos\/\">CONCURSOS ABERTOS<\/a><\/strong><\/p>\n\n\n\n<p class=\"has-text-align-center has-pale-cyan-blue-background-color has-background\"><a href=\"https:\/\/www.estrategiaconcursos.com.br\/blog\/concursos-2020\/\"><strong>CONCURSOS<\/strong><\/a><strong><a href=\"https:\/\/www.estrategiaconcursos.com.br\/blog\/concursos-2020\/\">&nbsp;2020<\/a><\/strong><\/p>\n\n\n\n<p class=\"has-text-align-center has-pale-cyan-blue-background-color has-background\"><a href=\"https:\/\/www.estrategiaconcursos.com.br\/blog\/concursos-2021\/\" target=\"_blank\" rel=\"noreferrer noopener\"><strong>CONCURSOS 2021<\/strong><\/a><\/p>\n","protected":false},"excerpt":{"rendered":"<p>P\u00f3s-Gradua\u00e7\u00e3o pode elevar suas chances nas Carreiras P\u00fablicas Em tempos de ritmo mais lento da economia, as Carreiras P\u00fablicas se tornam atrativas devido aos altos sal\u00e1rios e a estabilidade. Mas, para manter a carreira em alto n\u00edvel, \u00e9 primordial que o estudo n\u00e3o seja deixado de lado. No caso dos cargos p\u00fablicos, a P\u00f3s-Gradua\u00e7\u00e3o, al\u00e9m [&hellip;]<\/p>\n","protected":false},"author":1,"featured_media":0,"comment_status":"open","ping_status":"closed","sticky":false,"template":"","format":"standard","meta":{"post_tipo":"news","footnotes":""},"categories":[1],"tags":[],"tax_estado":[],"class_list":["post-581981","post","type-post","status-publish","format-standard","hentry","category-cursos-e-concursos"],"acf":[],"yoast_head":"<!-- This site is optimized with the Yoast SEO Premium plugin v27.2 (Yoast SEO v27.2) - https:\/\/yoast.com\/product\/yoast-seo-premium-wordpress\/ -->\n<title>Carreiras P\u00fablicas: Semana Especial dos Cursos de P\u00f3s-Gradua\u00e7\u00e3o<\/title>\n<meta name=\"description\" content=\"Carreiras P\u00fablicas:acompanhe ao vivo e gratuitamente atrav\u00e9s do canal do Estrat\u00e9gia Concursos no Youtube, a Semana Especial dos Cursos de P\u00f3s-Gradua\u00e7\u00e3o.\" \/>\n<meta name=\"robots\" content=\"index, follow, max-snippet:-1, max-image-preview:large, max-video-preview:-1\" \/>\n<link rel=\"canonical\" href=\"https:\/\/www.estrategiaconcursos.com.br\/blog\/carreiras-publicas-semana-especial-dos-cursos-de-pos-graduacao\/\" \/>\n<meta property=\"og:locale\" content=\"pt_BR\" \/>\n<meta property=\"og:type\" content=\"article\" \/>\n<meta property=\"og:title\" content=\"Carreiras P\u00fablicas: Semana Especial dos Cursos de P\u00f3s-Gradua\u00e7\u00e3o\" \/>\n<meta property=\"og:description\" content=\"Carreiras P\u00fablicas:acompanhe ao vivo e gratuitamente atrav\u00e9s do canal do Estrat\u00e9gia Concursos no Youtube, a Semana Especial dos Cursos de P\u00f3s-Gradua\u00e7\u00e3o.\" \/>\n<meta property=\"og:url\" content=\"https:\/\/www.estrategiaconcursos.com.br\/blog\/carreiras-publicas-semana-especial-dos-cursos-de-pos-graduacao\/\" \/>\n<meta property=\"og:site_name\" content=\"Estrat\u00e9gia Concursos\" \/>\n<meta property=\"article:author\" content=\"https:\/\/www.facebook.com\/EstrategiaConcursos\" \/>\n<meta property=\"article:published_time\" content=\"2020-10-09T03:00:55+00:00\" \/>\n<meta property=\"article:modified_time\" content=\"2020-11-19T17:51:38+00:00\" \/>\n<meta name=\"author\" content=\"Coordena\u00e7\u00e3o\" \/>\n<meta name=\"twitter:card\" content=\"summary_large_image\" \/>\n<meta name=\"twitter:creator\" content=\"@EstratConcursos\" \/>\n<meta name=\"twitter:site\" content=\"@EstratConcursos\" \/>\n<meta name=\"twitter:label1\" content=\"Escrito por\" \/>\n\t<meta name=\"twitter:data1\" content=\"Coordena\u00e7\u00e3o\" \/>\n\t<meta name=\"twitter:label2\" content=\"Est. tempo de leitura\" \/>\n\t<meta name=\"twitter:data2\" content=\"2 minutos\" \/>\n<script type=\"application\/ld+json\" class=\"yoast-schema-graph\">{\"@context\":\"https:\/\/schema.org\",\"@graph\":[{\"@type\":\"NewsArticle\",\"@id\":\"https:\/\/www.estrategiaconcursos.com.br\/blog\/carreiras-publicas-semana-especial-dos-cursos-de-pos-graduacao\/#article\",\"isPartOf\":{\"@id\":\"https:\/\/www.estrategiaconcursos.com.br\/blog\/carreiras-publicas-semana-especial-dos-cursos-de-pos-graduacao\/\"},\"author\":{\"name\":\"Coordena\u00e7\u00e3o\",\"@id\":\"https:\/\/www.estrategiaconcursos.com.br\/blog\/#\/schema\/person\/b4a388c97673c5f483d72185668afa1f\"},\"headline\":\"Carreiras P\u00fablicas: Semana Especial dos Cursos de P\u00f3s-Gradua\u00e7\u00e3o\",\"datePublished\":\"2020-10-09T03:00:55+00:00\",\"dateModified\":\"2020-11-19T17:51:38+00:00\",\"mainEntityOfPage\":{\"@id\":\"https:\/\/www.estrategiaconcursos.com.br\/blog\/carreiras-publicas-semana-especial-dos-cursos-de-pos-graduacao\/\"},\"wordCount\":488,\"commentCount\":0,\"publisher\":{\"@id\":\"https:\/\/www.estrategiaconcursos.com.br\/blog\/#organization\"},\"articleSection\":[\"Concursos P\u00fablicos\"],\"inLanguage\":\"pt-BR\",\"potentialAction\":[{\"@type\":\"CommentAction\",\"name\":\"Comment\",\"target\":[\"https:\/\/www.estrategiaconcursos.com.br\/blog\/carreiras-publicas-semana-especial-dos-cursos-de-pos-graduacao\/#respond\"]}],\"copyrightYear\":\"2020\",\"copyrightHolder\":{\"@id\":\"https:\/\/www.estrategiaconcursos.com.br\/blog\/#organization\"}},{\"@type\":\"WebPage\",\"@id\":\"https:\/\/www.estrategiaconcursos.com.br\/blog\/carreiras-publicas-semana-especial-dos-cursos-de-pos-graduacao\/\",\"url\":\"https:\/\/www.estrategiaconcursos.com.br\/blog\/carreiras-publicas-semana-especial-dos-cursos-de-pos-graduacao\/\",\"name\":\"Carreiras P\u00fablicas: Semana Especial dos Cursos de P\u00f3s-Gradua\u00e7\u00e3o\",\"isPartOf\":{\"@id\":\"https:\/\/www.estrategiaconcursos.com.br\/blog\/#website\"},\"datePublished\":\"2020-10-09T03:00:55+00:00\",\"dateModified\":\"2020-11-19T17:51:38+00:00\",\"description\":\"Carreiras P\u00fablicas:acompanhe ao vivo e gratuitamente atrav\u00e9s do canal do Estrat\u00e9gia Concursos no Youtube, a Semana Especial dos Cursos de P\u00f3s-Gradua\u00e7\u00e3o.\",\"breadcrumb\":{\"@id\":\"https:\/\/www.estrategiaconcursos.com.br\/blog\/carreiras-publicas-semana-especial-dos-cursos-de-pos-graduacao\/#breadcrumb\"},\"inLanguage\":\"pt-BR\",\"potentialAction\":[{\"@type\":\"ReadAction\",\"target\":[\"https:\/\/www.estrategiaconcursos.com.br\/blog\/carreiras-publicas-semana-especial-dos-cursos-de-pos-graduacao\/\"]}]},{\"@type\":\"BreadcrumbList\",\"@id\":\"https:\/\/www.estrategiaconcursos.com.br\/blog\/carreiras-publicas-semana-especial-dos-cursos-de-pos-graduacao\/#breadcrumb\",\"itemListElement\":[{\"@type\":\"ListItem\",\"position\":1,\"name\":\"In\u00edcio\",\"item\":\"https:\/\/www.estrategiaconcursos.com.br\/blog\/\"},{\"@type\":\"ListItem\",\"position\":2,\"name\":\"Carreiras P\u00fablicas: Semana Especial dos Cursos de P\u00f3s-Gradua\u00e7\u00e3o\"}]},{\"@type\":\"WebSite\",\"@id\":\"https:\/\/www.estrategiaconcursos.com.br\/blog\/#website\",\"url\":\"https:\/\/www.estrategiaconcursos.com.br\/blog\/\",\"name\":\"Estrat\u00e9gia Concursos\",\"description\":\"O blog da Estrat\u00e9gia Concursos traz not\u00edcias sobre concursos e artigos de professores oferecendo cursos para concursos (pdf + videaulas) no site.\",\"publisher\":{\"@id\":\"https:\/\/www.estrategiaconcursos.com.br\/blog\/#organization\"},\"potentialAction\":[{\"@type\":\"SearchAction\",\"target\":{\"@type\":\"EntryPoint\",\"urlTemplate\":\"https:\/\/www.estrategiaconcursos.com.br\/blog\/?s={search_term_string}\"},\"query-input\":{\"@type\":\"PropertyValueSpecification\",\"valueRequired\":true,\"valueName\":\"search_term_string\"}}],\"inLanguage\":\"pt-BR\"},{\"@type\":\"Organization\",\"@id\":\"https:\/\/www.estrategiaconcursos.com.br\/blog\/#organization\",\"name\":\"Estrat\u00e9gia Concursos\",\"url\":\"https:\/\/www.estrategiaconcursos.com.br\/blog\/\",\"logo\":{\"@type\":\"ImageObject\",\"inLanguage\":\"pt-BR\",\"@id\":\"https:\/\/www.estrategiaconcursos.com.br\/blog\/#\/schema\/logo\/image\/\",\"url\":\"https:\/\/dhg1h5j42swfq.cloudfront.net\/2025\/06\/03203428\/logo_concursos-1.jpg\",\"contentUrl\":\"https:\/\/dhg1h5j42swfq.cloudfront.net\/2025\/06\/03203428\/logo_concursos-1.jpg\",\"width\":230,\"height\":60,\"caption\":\"Estrat\u00e9gia Concursos\"},\"image\":{\"@id\":\"https:\/\/www.estrategiaconcursos.com.br\/blog\/#\/schema\/logo\/image\/\"},\"sameAs\":[\"https:\/\/x.com\/EstratConcursos\"]},{\"@type\":\"Person\",\"@id\":\"https:\/\/www.estrategiaconcursos.com.br\/blog\/#\/schema\/person\/b4a388c97673c5f483d72185668afa1f\",\"name\":\"Coordena\u00e7\u00e3o\",\"image\":{\"@type\":\"ImageObject\",\"inLanguage\":\"pt-BR\",\"@id\":\"https:\/\/secure.gravatar.com\/avatar\/b720319e4c9a967eb58678d110f4fe35452fc5d5f97b202bac7b8acceb18c6ad?s=96&d=mm&r=g\",\"url\":\"https:\/\/secure.gravatar.com\/avatar\/b720319e4c9a967eb58678d110f4fe35452fc5d5f97b202bac7b8acceb18c6ad?s=96&d=mm&r=g\",\"contentUrl\":\"https:\/\/secure.gravatar.com\/avatar\/b720319e4c9a967eb58678d110f4fe35452fc5d5f97b202bac7b8acceb18c6ad?s=96&d=mm&r=g\",\"caption\":\"Coordena\u00e7\u00e3o\"},\"sameAs\":[\"https:\/\/www.facebook.com\/EstrategiaConcursos\",\"https:\/\/x.com\/EstratConcursos\"],\"url\":\"https:\/\/www.estrategiaconcursos.com.br\/blog\/author\/estrategia2013\/\"}]}<\/script>\n<!-- \/ Yoast SEO Premium plugin. -->","yoast_head_json":{"title":"Carreiras P\u00fablicas: Semana Especial dos Cursos de P\u00f3s-Gradua\u00e7\u00e3o","description":"Carreiras P\u00fablicas:acompanhe ao vivo e gratuitamente atrav\u00e9s do canal do Estrat\u00e9gia Concursos no Youtube, a Semana Especial dos Cursos de P\u00f3s-Gradua\u00e7\u00e3o.","robots":{"index":"index","follow":"follow","max-snippet":"max-snippet:-1","max-image-preview":"max-image-preview:large","max-video-preview":"max-video-preview:-1"},"canonical":"https:\/\/www.estrategiaconcursos.com.br\/blog\/carreiras-publicas-semana-especial-dos-cursos-de-pos-graduacao\/","og_locale":"pt_BR","og_type":"article","og_title":"Carreiras P\u00fablicas: Semana Especial dos Cursos de P\u00f3s-Gradua\u00e7\u00e3o","og_description":"Carreiras P\u00fablicas:acompanhe ao vivo e gratuitamente atrav\u00e9s do canal do Estrat\u00e9gia Concursos no Youtube, a Semana Especial dos Cursos de P\u00f3s-Gradua\u00e7\u00e3o.","og_url":"https:\/\/www.estrategiaconcursos.com.br\/blog\/carreiras-publicas-semana-especial-dos-cursos-de-pos-graduacao\/","og_site_name":"Estrat\u00e9gia Concursos","article_author":"https:\/\/www.facebook.com\/EstrategiaConcursos","article_published_time":"2020-10-09T03:00:55+00:00","article_modified_time":"2020-11-19T17:51:38+00:00","author":"Coordena\u00e7\u00e3o","twitter_card":"summary_large_image","twitter_creator":"@EstratConcursos","twitter_site":"@EstratConcursos","twitter_misc":{"Escrito por":"Coordena\u00e7\u00e3o","Est. tempo de leitura":"2 minutos"},"schema":{"@context":"https:\/\/schema.org","@graph":[{"@type":"NewsArticle","@id":"https:\/\/www.estrategiaconcursos.com.br\/blog\/carreiras-publicas-semana-especial-dos-cursos-de-pos-graduacao\/#article","isPartOf":{"@id":"https:\/\/www.estrategiaconcursos.com.br\/blog\/carreiras-publicas-semana-especial-dos-cursos-de-pos-graduacao\/"},"author":{"name":"Coordena\u00e7\u00e3o","@id":"https:\/\/www.estrategiaconcursos.com.br\/blog\/#\/schema\/person\/b4a388c97673c5f483d72185668afa1f"},"headline":"Carreiras P\u00fablicas: Semana Especial dos Cursos de P\u00f3s-Gradua\u00e7\u00e3o","datePublished":"2020-10-09T03:00:55+00:00","dateModified":"2020-11-19T17:51:38+00:00","mainEntityOfPage":{"@id":"https:\/\/www.estrategiaconcursos.com.br\/blog\/carreiras-publicas-semana-especial-dos-cursos-de-pos-graduacao\/"},"wordCount":488,"commentCount":0,"publisher":{"@id":"https:\/\/www.estrategiaconcursos.com.br\/blog\/#organization"},"articleSection":["Concursos P\u00fablicos"],"inLanguage":"pt-BR","potentialAction":[{"@type":"CommentAction","name":"Comment","target":["https:\/\/www.estrategiaconcursos.com.br\/blog\/carreiras-publicas-semana-especial-dos-cursos-de-pos-graduacao\/#respond"]}],"copyrightYear":"2020","copyrightHolder":{"@id":"https:\/\/www.estrategiaconcursos.com.br\/blog\/#organization"}},{"@type":"WebPage","@id":"https:\/\/www.estrategiaconcursos.com.br\/blog\/carreiras-publicas-semana-especial-dos-cursos-de-pos-graduacao\/","url":"https:\/\/www.estrategiaconcursos.com.br\/blog\/carreiras-publicas-semana-especial-dos-cursos-de-pos-graduacao\/","name":"Carreiras P\u00fablicas: Semana Especial dos Cursos de P\u00f3s-Gradua\u00e7\u00e3o","isPartOf":{"@id":"https:\/\/www.estrategiaconcursos.com.br\/blog\/#website"},"datePublished":"2020-10-09T03:00:55+00:00","dateModified":"2020-11-19T17:51:38+00:00","description":"Carreiras P\u00fablicas:acompanhe ao vivo e gratuitamente atrav\u00e9s do canal do Estrat\u00e9gia Concursos no Youtube, a Semana Especial dos Cursos de P\u00f3s-Gradua\u00e7\u00e3o.","breadcrumb":{"@id":"https:\/\/www.estrategiaconcursos.com.br\/blog\/carreiras-publicas-semana-especial-dos-cursos-de-pos-graduacao\/#breadcrumb"},"inLanguage":"pt-BR","potentialAction":[{"@type":"ReadAction","target":["https:\/\/www.estrategiaconcursos.com.br\/blog\/carreiras-publicas-semana-especial-dos-cursos-de-pos-graduacao\/"]}]},{"@type":"BreadcrumbList","@id":"https:\/\/www.estrategiaconcursos.com.br\/blog\/carreiras-publicas-semana-especial-dos-cursos-de-pos-graduacao\/#breadcrumb","itemListElement":[{"@type":"ListItem","position":1,"name":"In\u00edcio","item":"https:\/\/www.estrategiaconcursos.com.br\/blog\/"},{"@type":"ListItem","position":2,"name":"Carreiras P\u00fablicas: Semana Especial dos Cursos de P\u00f3s-Gradua\u00e7\u00e3o"}]},{"@type":"WebSite","@id":"https:\/\/www.estrategiaconcursos.com.br\/blog\/#website","url":"https:\/\/www.estrategiaconcursos.com.br\/blog\/","name":"Estrat\u00e9gia Concursos","description":"O blog da Estrat\u00e9gia Concursos traz not\u00edcias sobre concursos e artigos de professores oferecendo cursos para concursos (pdf + videaulas) no site.","publisher":{"@id":"https:\/\/www.estrategiaconcursos.com.br\/blog\/#organization"},"potentialAction":[{"@type":"SearchAction","target":{"@type":"EntryPoint","urlTemplate":"https:\/\/www.estrategiaconcursos.com.br\/blog\/?s={search_term_string}"},"query-input":{"@type":"PropertyValueSpecification","valueRequired":true,"valueName":"search_term_string"}}],"inLanguage":"pt-BR"},{"@type":"Organization","@id":"https:\/\/www.estrategiaconcursos.com.br\/blog\/#organization","name":"Estrat\u00e9gia Concursos","url":"https:\/\/www.estrategiaconcursos.com.br\/blog\/","logo":{"@type":"ImageObject","inLanguage":"pt-BR","@id":"https:\/\/www.estrategiaconcursos.com.br\/blog\/#\/schema\/logo\/image\/","url":"https:\/\/dhg1h5j42swfq.cloudfront.net\/2025\/06\/03203428\/logo_concursos-1.jpg","contentUrl":"https:\/\/dhg1h5j42swfq.cloudfront.net\/2025\/06\/03203428\/logo_concursos-1.jpg","width":230,"height":60,"caption":"Estrat\u00e9gia Concursos"},"image":{"@id":"https:\/\/www.estrategiaconcursos.com.br\/blog\/#\/schema\/logo\/image\/"},"sameAs":["https:\/\/x.com\/EstratConcursos"]},{"@type":"Person","@id":"https:\/\/www.estrategiaconcursos.com.br\/blog\/#\/schema\/person\/b4a388c97673c5f483d72185668afa1f","name":"Coordena\u00e7\u00e3o","image":{"@type":"ImageObject","inLanguage":"pt-BR","@id":"https:\/\/secure.gravatar.com\/avatar\/b720319e4c9a967eb58678d110f4fe35452fc5d5f97b202bac7b8acceb18c6ad?s=96&d=mm&r=g","url":"https:\/\/secure.gravatar.com\/avatar\/b720319e4c9a967eb58678d110f4fe35452fc5d5f97b202bac7b8acceb18c6ad?s=96&d=mm&r=g","contentUrl":"https:\/\/secure.gravatar.com\/avatar\/b720319e4c9a967eb58678d110f4fe35452fc5d5f97b202bac7b8acceb18c6ad?s=96&d=mm&r=g","caption":"Coordena\u00e7\u00e3o"},"sameAs":["https:\/\/www.facebook.com\/EstrategiaConcursos","https:\/\/x.com\/EstratConcursos"],"url":"https:\/\/www.estrategiaconcursos.com.br\/blog\/author\/estrategia2013\/"}]}},"_links":{"self":[{"href":"https:\/\/www.estrategiaconcursos.com.br\/blog\/wp-json\/wp\/v2\/posts\/581981","targetHints":{"allow":["GET"]}}],"collection":[{"href":"https:\/\/www.estrategiaconcursos.com.br\/blog\/wp-json\/wp\/v2\/posts"}],"about":[{"href":"https:\/\/www.estrategiaconcursos.com.br\/blog\/wp-json\/wp\/v2\/types\/post"}],"author":[{"embeddable":true,"href":"https:\/\/www.estrategiaconcursos.com.br\/blog\/wp-json\/wp\/v2\/users\/1"}],"replies":[{"embeddable":true,"href":"https:\/\/www.estrategiaconcursos.com.br\/blog\/wp-json\/wp\/v2\/comments?post=581981"}],"version-history":[{"count":27,"href":"https:\/\/www.estrategiaconcursos.com.br\/blog\/wp-json\/wp\/v2\/posts\/581981\/revisions"}],"predecessor-version":[{"id":613449,"href":"https:\/\/www.estrategiaconcursos.com.br\/blog\/wp-json\/wp\/v2\/posts\/581981\/revisions\/613449"}],"wp:attachment":[{"href":"https:\/\/www.estrategiaconcursos.com.br\/blog\/wp-json\/wp\/v2\/media?parent=581981"}],"wp:term":[{"taxonomy":"category","embeddable":true,"href":"https:\/\/www.estrategiaconcursos.com.br\/blog\/wp-json\/wp\/v2\/categories?post=581981"},{"taxonomy":"post_tag","embeddable":true,"href":"https:\/\/www.estrategiaconcursos.com.br\/blog\/wp-json\/wp\/v2\/tags?post=581981"},{"taxonomy":"tax_estado","embeddable":true,"href":"https:\/\/www.estrategiaconcursos.com.br\/blog\/wp-json\/wp\/v2\/tax_estado?post=581981"}],"curies":[{"name":"wp","href":"https:\/\/api.w.org\/{rel}","templated":true}]}}