{"id":581279,"date":"2026-01-03T16:46:39","date_gmt":"2026-01-03T19:46:39","guid":{"rendered":"https:\/\/www.estrategiaconcursos.com.br\/blog\/?p=581279"},"modified":"2026-01-05T16:46:57","modified_gmt":"2026-01-05T19:46:57","slug":"concurso-prefeitura-crato","status":"publish","type":"post","link":"https:\/\/www.estrategiaconcursos.com.br\/blog\/concurso-prefeitura-crato\/","title":{"rendered":"Concurso Prefeitura Crato: \u00faltimos resultados divulgados!"},"content":{"rendered":"\n<p style=\"font-size:clamp(15.197px, 0.95rem + ((1vw - 3.2px) * 0.765), 23px);\"><em><strong>Concurso Prefeitura Crato: certame \u00e9 finalizado com a divulga\u00e7\u00e3o do resultado p\u00f3s-curso de forma\u00e7\u00e3o para n\u00edvel m\u00e9dio<\/strong><\/em><\/p>\n\n\n\n<p>O <strong>concurso p\u00fablico da Prefeitura de Crato<\/strong>, cidade localizada no estado do Cear\u00e1, j\u00e1 foi finalizado e teve seus \u00faltimos resultados publicados.<\/p>\n\n\n\n<p>Foi divulgado o resultado final ap\u00f3s o Curso de Forma\u00e7\u00e3o &#8211; N\u00edvel M\u00e9dio &#8211; \u00c1reas Diversas &#8211; Ordem de Classifica\u00e7\u00e3o. Para conferir, <strong><a href=\"https:\/\/dhg1h5j42swfq.cloudfront.net\/2025\/09\/29145934\/urca.pdf\" target=\"_blank\" rel=\"noreferrer noopener nofollow\">acesse AQUI<\/a><\/strong>!<\/p>\n\n\n\n<p>Vale frisar que esta foi a \u00faltima atualiza\u00e7\u00e3o do certame, que ofertou mais de MIL oportunidades no munic\u00edpio, sendo <strong>387 vagas <\/strong>imediatas, mais<strong> 1.157 em cadastro reserva<\/strong>.<\/p>\n\n\n\n<p>Foram ofertados cargos de n\u00edveis m\u00e9dio e superior com sal\u00e1rios entre <strong>R$ 1.147,41 e<\/strong> <strong>R$ 8.344,80<\/strong>.<\/p>\n\n\n\n<ul style=\"background-color:#f3f3f3\" class=\"wp-block-list has-background\">\n<li><strong>Prefeitura Municipal de Crato &#8211; CE<\/strong><\/li>\n\n\n\n<li><strong>Status:<\/strong>&nbsp;resultados divulgados\/finalizado<\/li>\n\n\n\n<li><strong>Banca:&nbsp;<\/strong><a href=\"https:\/\/www.urca.br\/cev\/concurso-publico-do-municipio-do-crato-ceara-01-2020-pmc\/\" target=\"_blank\" rel=\"noreferrer noopener\">URCA<\/a><\/li>\n\n\n\n<li><strong>Vagas:&nbsp;<\/strong>387 + 1.157 CR<\/li>\n\n\n\n<li><strong>Sal\u00e1rio inicial:<\/strong>&nbsp;R$ 1.147,41 a R$ 8.344,80<\/li>\n\n\n\n<li><strong>Edital<\/strong>:&nbsp;<a href=\"https:\/\/dhg1h5j42swfq.cloudfront.net\/2020\/10\/01121910\/EDITAL-PREFEITURA-DE-CRATO-CE.pdf\" target=\"_blank\" rel=\"noreferrer noopener nofollow\">Edital Crato<\/a> | <a href=\"https:\/\/dhg1h5j42swfq.cloudfront.net\/2021\/02\/11144654\/anexo_ii_novocronograma_2021.pdf\" target=\"_blank\" rel=\"noreferrer noopener nofollow\">Cronograma<\/a><\/li>\n<\/ul>\n\n\n\n<p>A fim de te deixar sempre bem informado, elaboramos este artigo com as principais informa\u00e7\u00f5es e novidades sobre o concurso Prefeitura de Crato. Acompanhe os t\u00f3picos abaixo e n\u00e3o perca nenhum detalhe:<\/p>\n\n\n\n<ul id=\"indice\" class=\"wp-block-list\">\n<li><a href=\"#cargos-vagas\">Cargos e vagas<\/a><\/li>\n\n\n\n<li><a href=\"#etapas\">Etapas e provas<\/a>\n<ul class=\"wp-block-list\">\n<li><a href=\"#objetiva\">Prova objetiva<\/a><\/li>\n\n\n\n<li><a href=\"#provas\">TAP, TAF, cursos e provas pr\u00e1ticas<\/a><\/li>\n\n\n\n<li><a href=\"#titulos\">Prova de t\u00edtulos<\/a><\/li>\n<\/ul>\n<\/li>\n\n\n\n<li><a href=\"#cursos-assinatura\">Cursos e assinaturas<\/a><\/li>\n\n\n\n<li><a href=\"#ficha\">Ficha t\u00e9cnica<\/a><\/li>\n<\/ul>\n\n\n\n<div class=\"container\" id=\"boxes\">\n  <div class=\"row\">\n\n    <div class=\"col-sm\">\n      <div class=\"banner-prefeituras-ec\" id=\"box-assinatura\">\n        <h2 class=\"titulo-assinatura\" style=\"text-align: left;\">Concurso Prefeitura Crato<\/h2>\n        <p class=\"subtitulo-assinatura\" style=\"text-align: left;\">Prepara\u00e7\u00e3o completa para a carreira!<\/p>\n        <div class=\"box-botao\" style=\"text-align: left;\">\n          <a class=\"btn-assinatura\" target=\"_blank\" href=\"https:\/\/www.estrategiaconcursos.com.br\/cursosPorConcurso\/prefeitura-municipal-de-crato-ce\/\" role=\"button\" rel=\"noopener noreferrer\">EXPLORAR CURSOS<\/a>\n        <\/div>\n      <\/div><\/div><\/div><\/div>\n\n\n\n<h2 class=\"wp-block-heading\" id=\"cargos-vagas\">Cargos e vagas do concurso Prefeitura Crato<\/h2>\n\n\n\n<p>Confira abaixo os cargos e vagas ofertado no edital:<\/p>\n\n\n\n<h3 class=\"wp-block-heading\">Ensino m\u00e9dio<\/h3>\n\n\n\n<figure class=\"wp-block-table is-style-stripes\"><table class=\"has-white-background-color has-background has-fixed-layout\"><tbody><tr><td class=\"has-text-align-center\" data-align=\"center\"><strong>CARGO<\/strong><\/td><td class=\"has-text-align-center\" data-align=\"center\"><strong>VAGAS<\/strong><\/td><td class=\"has-text-align-center\" data-align=\"center\"><strong>REMUNERA\u00c7\u00c3O (R$)<\/strong><\/td><\/tr><tr><td class=\"has-text-align-center\" data-align=\"center\">Agente de Endemias<\/td><td class=\"has-text-align-center\" data-align=\"center\">10 + 30 CR<\/td><td class=\"has-text-align-center\" data-align=\"center\">1.460,34<\/td><\/tr><tr><td class=\"has-text-align-center\" data-align=\"center\">Agente de Sa\u00fade<\/td><td class=\"has-text-align-center\" data-align=\"center\">03 + 09 CR<\/td><td class=\"has-text-align-center\" data-align=\"center\">1.460,34<\/td><\/tr><tr><td class=\"has-text-align-center\" data-align=\"center\">Auxiliar de Odontologia &#8211; Sa\u00fade Bucal<\/td><td class=\"has-text-align-center\" data-align=\"center\">03 + 09 CR<\/td><td class=\"has-text-align-center\" data-align=\"center\">1.147,41<\/td><\/tr><tr><td class=\"has-text-align-center\" data-align=\"center\">Cuidador Social<\/td><td class=\"has-text-align-center\" data-align=\"center\">03 + 09 CR<\/td><td class=\"has-text-align-center\" data-align=\"center\">1.356,03<\/td><\/tr><tr><td class=\"has-text-align-center\" data-align=\"center\">Guarda Municipal<\/td><td class=\"has-text-align-center\" data-align=\"center\">54 + 162 CR<\/td><td class=\"has-text-align-center\" data-align=\"center\">1.147,41<\/td><\/tr><tr><td class=\"has-text-align-center\" data-align=\"center\">Interprete de Braile<\/td><td class=\"has-text-align-center\" data-align=\"center\">05 + 15 CR<\/td><td class=\"has-text-align-center\" data-align=\"center\">1.981,89<\/td><\/tr><tr><td class=\"has-text-align-center\" data-align=\"center\">Interprete de Libras<\/td><td class=\"has-text-align-center\" data-align=\"center\">05 + 15 CR<\/td><td class=\"has-text-align-center\" data-align=\"center\">1.981,89<\/td><\/tr><tr><td class=\"has-text-align-center\" data-align=\"center\">M\u00fasico (v\u00e1rios)<\/td><td class=\"has-text-align-center\" data-align=\"center\">05 + 15 CR<\/td><td class=\"has-text-align-center\" data-align=\"center\">1.356,03<\/td><\/tr><tr><td class=\"has-text-align-center\" data-align=\"center\">Orientador Social<\/td><td class=\"has-text-align-center\" data-align=\"center\">08 + 24 CR<\/td><td class=\"has-text-align-center\" data-align=\"center\">1.356,03<\/td><\/tr><tr><td class=\"has-text-align-center\" data-align=\"center\">T\u00e9cnico em Enfermagem<\/td><td class=\"has-text-align-center\" data-align=\"center\">02 + 06 CR<\/td><td class=\"has-text-align-center\" data-align=\"center\">1.147,41<\/td><\/tr><tr><td class=\"has-text-align-center\" data-align=\"center\">T\u00e9cnico em Seguran\u00e7a do Trabalho<\/td><td class=\"has-text-align-center\" data-align=\"center\">02 + 06 CR<\/td><td class=\"has-text-align-center\" data-align=\"center\">1.356,03<\/td><\/tr><\/tbody><\/table><\/figure>\n\n\n\n<h3 class=\"wp-block-heading\">Curso superior<\/h3>\n\n\n\n<figure class=\"wp-block-table is-style-stripes\"><table class=\"has-white-background-color has-background has-fixed-layout\"><tbody><tr><td class=\"has-text-align-center\" data-align=\"center\"><strong>CARGO<\/strong><\/td><td class=\"has-text-align-center\" data-align=\"center\"><strong>VAGAS<\/strong><\/td><td class=\"has-text-align-center\" data-align=\"center\"><strong>REMUNERA\u00c7\u00c3O<\/strong> <strong>(R$)<\/strong><\/td><\/tr><tr><td class=\"has-text-align-center\" data-align=\"center\">Agente de Tr\u00e2nsito<\/td><td class=\"has-text-align-center\" data-align=\"center\">02 + 06 CR<\/td><td class=\"has-text-align-center\" data-align=\"center\">2.582,28<\/td><\/tr><tr><td class=\"has-text-align-center\" data-align=\"center\">Analista Ambiental<\/td><td class=\"has-text-align-center\" data-align=\"center\">02 + 06 CR<\/td><td class=\"has-text-align-center\" data-align=\"center\">4.693,95<\/td><\/tr><tr><td class=\"has-text-align-center\" data-align=\"center\">Analista de Gest\u00e3o<\/td><td class=\"has-text-align-center\" data-align=\"center\">09 + 25 CR<\/td><td class=\"has-text-align-center\" data-align=\"center\">1.981,89<\/td><\/tr><tr><td class=\"has-text-align-center\" data-align=\"center\">Analista de Tecnologia da Informa\u00e7\u00e3o<\/td><td class=\"has-text-align-center\" data-align=\"center\">02 + 06 CR<\/td><td class=\"has-text-align-center\" data-align=\"center\">1.981,89<\/td><\/tr><tr><td class=\"has-text-align-center\" data-align=\"center\">Analista Previdenci\u00e1rio<\/td><td class=\"has-text-align-center\" data-align=\"center\">02 + 06 CR<\/td><td class=\"has-text-align-center\" data-align=\"center\">1.981,89<\/td><\/tr><tr><td class=\"has-text-align-center\" data-align=\"center\">Arquiteto<\/td><td class=\"has-text-align-center\" data-align=\"center\">02 + 06 CR<\/td><td class=\"has-text-align-center\" data-align=\"center\">4.172,40<\/td><\/tr><tr><td class=\"has-text-align-center\" data-align=\"center\">Arquivista<\/td><td class=\"has-text-align-center\" data-align=\"center\">02 + 06 CR<\/td><td class=\"has-text-align-center\" data-align=\"center\">1.981,89<\/td><\/tr><tr><td class=\"has-text-align-center\" data-align=\"center\">Assistente Social<\/td><td class=\"has-text-align-center\" data-align=\"center\">14 + 42 CR<\/td><td class=\"has-text-align-center\" data-align=\"center\">2.399,13<\/td><\/tr><tr><td class=\"has-text-align-center\" data-align=\"center\">Auditor de Controle Interno<\/td><td class=\"has-text-align-center\" data-align=\"center\">02 + 06 CR<\/td><td class=\"has-text-align-center\" data-align=\"center\">1.981,89<\/td><\/tr><tr><td class=\"has-text-align-center\" data-align=\"center\">Bibliotec\u00e1rio<\/td><td class=\"has-text-align-center\" data-align=\"center\">03 + 09 CR<\/td><td class=\"has-text-align-center\" data-align=\"center\">1.981,89<\/td><\/tr><tr><td class=\"has-text-align-center\" data-align=\"center\"><s>Comunicador Social<\/s><\/td><td class=\"has-text-align-center\" data-align=\"center\"><s>03 + 09 CR<\/s><\/td><td class=\"has-text-align-center\" data-align=\"center\"><s>1.981,89<\/s><\/td><\/tr><tr><td class=\"has-text-align-center\" data-align=\"center\">Contador<\/td><td class=\"has-text-align-center\" data-align=\"center\">01 + 03 CR<\/td><td class=\"has-text-align-center\" data-align=\"center\">1.981,89<\/td><\/tr><tr><td class=\"has-text-align-center\" data-align=\"center\">Educador F\u00edsico<\/td><td class=\"has-text-align-center\" data-align=\"center\">04 + 12 CR<\/td><td class=\"has-text-align-center\" data-align=\"center\">1.981,89<\/td><\/tr><tr><td class=\"has-text-align-center\" data-align=\"center\">Enfermeiro<\/td><td class=\"has-text-align-center\" data-align=\"center\">06 + 18 CR<\/td><td class=\"has-text-align-center\" data-align=\"center\">5.103,21<\/td><\/tr><tr><td class=\"has-text-align-center\" data-align=\"center\">Engenheiro (v\u00e1rios)<\/td><td class=\"has-text-align-center\" data-align=\"center\">11 + 33 CR<\/td><td class=\"has-text-align-center\" data-align=\"center\">4.172,40<\/td><\/tr><tr><td class=\"has-text-align-center\" data-align=\"center\">Farmac\u00eautico<\/td><td class=\"has-text-align-center\" data-align=\"center\">01 + 03 CR<\/td><td class=\"has-text-align-center\" data-align=\"center\">2.607,75<\/td><\/tr><tr><td class=\"has-text-align-center\" data-align=\"center\">Fiscal Ambiental<\/td><td class=\"has-text-align-center\" data-align=\"center\">03 + 09 CR<\/td><td class=\"has-text-align-center\" data-align=\"center\">1.981,89<\/td><\/tr><tr><td class=\"has-text-align-center\" data-align=\"center\">Fiscal de Controle Urbano<\/td><td class=\"has-text-align-center\" data-align=\"center\">04 + 12 CR<\/td><td class=\"has-text-align-center\" data-align=\"center\">1.981,89<\/td><\/tr><tr><td class=\"has-text-align-center\" data-align=\"center\">Fiscal de Inspe\u00e7\u00e3o Agropecu\u00e1ria<\/td><td class=\"has-text-align-center\" data-align=\"center\">03 + 09 CR<\/td><td class=\"has-text-align-center\" data-align=\"center\">1.981,89<\/td><\/tr><tr><td class=\"has-text-align-center\" data-align=\"center\">Fiscal de Tributos<\/td><td class=\"has-text-align-center\" data-align=\"center\">04 + 12 CR<\/td><td class=\"has-text-align-center\" data-align=\"center\">1.981,89<\/td><\/tr><tr><td class=\"has-text-align-center\" data-align=\"center\">Fiscal de Vigil\u00e2ncia Sanit\u00e1ria<\/td><td class=\"has-text-align-center\" data-align=\"center\">06 + 18 CR<\/td><td class=\"has-text-align-center\" data-align=\"center\">1.981,89<\/td><\/tr><tr><td class=\"has-text-align-center\" data-align=\"center\">Fisioterapeuta<\/td><td class=\"has-text-align-center\" data-align=\"center\">03 + 09 CR<\/td><td class=\"has-text-align-center\" data-align=\"center\">2.399,13<\/td><\/tr><tr><td class=\"has-text-align-center\" data-align=\"center\">Fonoaudi\u00f3logo<\/td><td class=\"has-text-align-center\" data-align=\"center\">03 + 09 CR<\/td><td class=\"has-text-align-center\" data-align=\"center\">2.399,13<\/td><\/tr><tr><td class=\"has-text-align-center\" data-align=\"center\">Instrutor de Braile<\/td><td class=\"has-text-align-center\" data-align=\"center\">01 + 03 CR<\/td><td class=\"has-text-align-center\" data-align=\"center\">2.667,98<\/td><\/tr><tr><td class=\"has-text-align-center\" data-align=\"center\">Instrutor de Libras<\/td><td class=\"has-text-align-center\" data-align=\"center\">01 + 03 CR<\/td><td class=\"has-text-align-center\" data-align=\"center\">2.667,98<\/td><\/tr><tr><td class=\"has-text-align-center\" data-align=\"center\">M\u00e9dico Aten\u00e7\u00e3o B\u00e1sica<\/td><td class=\"has-text-align-center\" data-align=\"center\">11 + 33 CR<\/td><td class=\"has-text-align-center\" data-align=\"center\">8.455,01<\/td><\/tr><tr><td class=\"has-text-align-center\" data-align=\"center\">M\u00e9dico Auditor<\/td><td class=\"has-text-align-center\" data-align=\"center\">02 + 06 CR<\/td><td class=\"has-text-align-center\" data-align=\"center\">4.172,40<\/td><\/tr><tr><td class=\"has-text-align-center\" data-align=\"center\">M\u00e9dico Especialista (v\u00e1rios)<\/td><td class=\"has-text-align-center\" data-align=\"center\">24 + 72 CR<\/td><td class=\"has-text-align-center\" data-align=\"center\">4.172,40\/ 6.258,60\/ 8.344,80<\/td><\/tr><tr><td class=\"has-text-align-center\" data-align=\"center\"><s>M\u00e9dico Psiquiatra<\/s><\/td><td class=\"has-text-align-center\" data-align=\"center\"><s>02 + 06 CR<\/s><\/td><td class=\"has-text-align-center\" data-align=\"center\"><s>11.474,10<\/s><\/td><\/tr><tr><td class=\"has-text-align-center\" data-align=\"center\">Muse\u00f3logo<\/td><td class=\"has-text-align-center\" data-align=\"center\">01 + 03 CR<\/td><td class=\"has-text-align-center\" data-align=\"center\">1.981,89<\/td><\/tr><tr><td class=\"has-text-align-center\" data-align=\"center\">Nutricionista<\/td><td class=\"has-text-align-center\" data-align=\"center\">05 + 15 CR<\/td><td class=\"has-text-align-center\" data-align=\"center\">2.607,75<\/td><\/tr><tr><td class=\"has-text-align-center\" data-align=\"center\">Odont\u00f3logo da Aten\u00e7\u00e3o B\u00e1sica<\/td><td class=\"has-text-align-center\" data-align=\"center\">03 + 09 CR<\/td><td class=\"has-text-align-center\" data-align=\"center\">5.103,21<\/td><\/tr><tr><td class=\"has-text-align-center\" data-align=\"center\">Orientador Educacional<\/td><td class=\"has-text-align-center\" data-align=\"center\">25 + 75 CR<\/td><td class=\"has-text-align-center\" data-align=\"center\">2.667,98<\/td><\/tr><tr><td class=\"has-text-align-center\" data-align=\"center\">Pedagogo<\/td><td class=\"has-text-align-center\" data-align=\"center\">03 + 09 CR<\/td><td class=\"has-text-align-center\" data-align=\"center\">2.667,98<\/td><\/tr><tr><td class=\"has-text-align-center\" data-align=\"center\">Professor (v\u00e1rios)<\/td><td class=\"has-text-align-center\" data-align=\"center\">103 + 303 CR<\/td><td class=\"has-text-align-center\" data-align=\"center\">2.886,15<\/td><\/tr><tr><td class=\"has-text-align-center\" data-align=\"center\">Psic\u00f3logo<\/td><td class=\"has-text-align-center\" data-align=\"center\">10 + 30 CR<\/td><td class=\"has-text-align-center\" data-align=\"center\">2.607,75<\/td><\/tr><tr><td class=\"has-text-align-center\" data-align=\"center\">Psicopedagogo<\/td><td class=\"has-text-align-center\" data-align=\"center\">02 + 06 CR<\/td><td class=\"has-text-align-center\" data-align=\"center\">2.667,98<\/td><\/tr><tr><td class=\"has-text-align-center\" data-align=\"center\">Tecn\u00f3logo em Constru\u00e7\u00e3o Civil<\/td><td class=\"has-text-align-center\" data-align=\"center\">05 + 15 CR<\/td><td class=\"has-text-align-center\" data-align=\"center\">1.981,89<\/td><\/tr><tr><td class=\"has-text-align-center\" data-align=\"center\">Terapeuta Ocupacional<\/td><td class=\"has-text-align-center\" data-align=\"center\">02 + 06 CR<\/td><td class=\"has-text-align-center\" data-align=\"center\">2.607,75<\/td><\/tr><\/tbody><\/table><\/figure>\n\n\n\n<h2 class=\"wp-block-heading\" id=\"etapas\">Etapas e provas do concurso Prefeitura Crato<\/h2>\n\n\n\n<p>O concurso Prefeitura de Crato foi constitu\u00eddo das seguintes etapas:<\/p>\n\n\n\n<ul class=\"wp-block-list\">\n<li>1\u00aa: <strong>Prova Escrita Objetiva<\/strong> &#8211; para todos os cargos, de car\u00e1ter eliminat\u00f3rio e classificat\u00f3rio; <\/li>\n\n\n\n<li>2\u00aa: <strong>Teste de Aptid\u00e3o F\u00edsica, Teste de Aptid\u00e3o Psicol\u00f3gica, Prova Pr\u00e1tica e Curso de Capacita\u00e7\u00e3o<\/strong> &#8211; aos cargos de Professor, Instrutor de Libras, Instrutor de Braile, Agente de Tr\u00e2nsito, Agente de endemias, Interprete de Libras, interprete de Braile; Guarda Municipal e M\u00fasico, de car\u00e1ter eliminat\u00f3rio e classificat\u00f3rio;<\/li>\n\n\n\n<li>3\u00aa: <strong>Prova de T\u00edtulos<\/strong> &#8211; para os cargos de n\u00edvel superior, de car\u00e1ter classificat\u00f3rio.<\/li>\n<\/ul>\n\n\n\n<figure class=\"wp-block-table is-style-stripes\"><table class=\"has-white-background-color has-background has-fixed-layout\"><tbody><tr><td class=\"has-text-align-center\" data-align=\"center\"><strong>1\u00b0 BLOCO DE PROVAS (04\/07)<\/strong><\/td><td class=\"has-text-align-center\" data-align=\"center\"><strong>2\u00b0 BLOCO DE PROVAS (11\/07)<\/strong><\/td><td class=\"has-text-align-center\" data-align=\"center\"><strong>3\u00b0 BLOCO DE PROVAS (18\/07)<\/strong><\/td><\/tr><tr><td class=\"has-text-align-center\" data-align=\"center\">Cargos de n\u00edvel superior (exceto Magist\u00e9rio)<\/td><td class=\"has-text-align-center\" data-align=\"center\">Cargos de n\u00edvel m\u00e9dio<\/td><td class=\"has-text-align-center\" data-align=\"center\">Cargos de n\u00edvel superior (magist\u00e9rio)<\/td><\/tr><\/tbody><\/table><\/figure>\n\n\n\n<h3 class=\"wp-block-heading\" id=\"objetiva\">Prova Objetiva<\/h3>\n\n\n\n<p>Com dura\u00e7\u00e3o de 4 horas, a prova escrita objetiva do concurso Prefeitura de Crato constou de quest\u00f5es do tipo m\u00faltipla escolha, cada uma com cinco alternativas (A, B, C, D e E), com uma \u00fanica resposta correta.<\/p>\n\n\n\n<ul class=\"wp-block-list\">\n<li><strong>CARGOS DE N\u00cdVEL M\u00c9DIO: <\/strong>\n<ul class=\"wp-block-list\">\n<li><em>Portugu\u00eas &#8211; 10 quest\u00f5es<\/em><\/li>\n\n\n\n<li><em>Matem\u00e1tica e Racioc\u00ednio L\u00f3gico &#8211; 05 quest\u00f5es<\/em><\/li>\n\n\n\n<li><em>Compet\u00eancia socio-emocional &#8211; 05 quest\u00f5es<\/em><\/li>\n\n\n\n<li><em>Conhecimentos em inform\u00e1tica &#8211; 05 quest\u00f5es<\/em><\/li>\n\n\n\n<li><em>Conhecimentos Gerais &#8211; 05 quest\u00f5es<\/em><\/li>\n\n\n\n<li><em>Conhecimentos espec\u00edficos &#8211; 15 quest\u00f5es<\/em><\/li>\n<\/ul>\n<\/li>\n<\/ul>\n\n\n\n<ul class=\"wp-block-list\">\n<li><strong>CARGOS DE N\u00cdVEL SUPERIOR (MAGIST\u00c9RIO):<\/strong>\n<ul class=\"wp-block-list\">\n<li><em>Portugu\u00eas &#8211; 10 quest\u00f5es<\/em><\/li>\n\n\n\n<li><em>Matem\u00e1tica e Racioc\u00ednio L\u00f3gico<\/em> &#8211; 05 quest\u00f5es<\/li>\n\n\n\n<li><em>Compet\u00eancia socio-emocional &#8211; 05 quest\u00f5es<\/em><\/li>\n\n\n\n<li><em>Conhecimentos em inform\u00e1tica &#8211; 05 quest\u00f5es<\/em><\/li>\n\n\n\n<li><em>Did\u00e1tica e Legisla\u00e7\u00e3o<\/em> &#8211; 05 quest\u00f5es<\/li>\n\n\n\n<li><em>Conhecimentos espec\u00edficos &#8211; 25 quest\u00f5es<\/em><\/li>\n<\/ul>\n<\/li>\n<\/ul>\n\n\n\n<ul class=\"wp-block-list\">\n<li><strong>DEMAIS CARGOS DE N\u00cdVEL SUPERIOR: <\/strong>\n<ul class=\"wp-block-list\">\n<li><em>Portugu\u00eas &#8211; 10 quest\u00f5es<\/em><\/li>\n\n\n\n<li><em>Matem\u00e1tica e Racioc\u00ednio L\u00f3gico<\/em> &#8211; 05 quest\u00f5es<\/li>\n\n\n\n<li><em>Compet\u00eancia socio-emocional &#8211; 05 quest\u00f5es<\/em><\/li>\n\n\n\n<li><em>Conhecimentos em inform\u00e1tica &#8211; 05 quest\u00f5es<\/em><\/li>\n\n\n\n<li><em>Conhecimentos Gerais &#8211; 05 quest\u00f5es<\/em><\/li>\n\n\n\n<li><em>Conhecimentos espec\u00edficos &#8211; 30 quest\u00f5es<\/em><\/li>\n<\/ul>\n<\/li>\n<\/ul>\n\n\n\n<h3 class=\"wp-block-heading\" id=\"provas\">TAP, TAF, Cursos e Provas Pr\u00e1ticas<\/h3>\n\n\n\n<p>Nos Testes de Aptid\u00e3o Psicol\u00f3gica (TAP), Testes de Aptid\u00e3o F\u00edsica (TAF), nos Cursos de Capacita\u00e7\u00e3o e de Forma\u00e7\u00e3o, o candidato teve que obter a condi\u00e7\u00e3o de APTO. S\u00f3 fizeram a prova pr\u00e1tica (se houver) os candidatos em condi\u00e7\u00f5es de apto no TAF e TAP.<\/p>\n\n\n\n<p>A aula pr\u00e1tica do concurso Prefeitura de Crato valeu 100,0 pontos, sendo a nota m\u00ednima para aprova\u00e7\u00e3o ser\u00e1 60,0 pontos, sendo a mesma com at\u00e9 uma casa decimal.<\/p>\n\n\n\n<h3 class=\"wp-block-heading\" id=\"titulos\">Prova de T\u00edtulos do concurso Prefeitura Crato<\/h3>\n\n\n\n<p>A Prova de T\u00edtulos, aplic\u00e1vel aos candidatos com n\u00edvel superior, teve car\u00e1ter classificat\u00f3rio e foi somente aplicada para os candidatos classificados nas etapas anteriores, estando os demais eliminados do concurso Prefeitura de Crato.<\/p>\n\n\n\n<p>Para efeito de pontua\u00e7\u00e3o, somente foram aceitos os documentos que comprovaram os t\u00edtulos abaixo relacionados, observados os limites de pontos discriminados no quadro a seguir:<\/p>\n\n\n\n<figure class=\"wp-block-image aligncenter size-large is-resized\"><img loading=\"lazy\" decoding=\"async\" width=\"1014\" height=\"267\" src=\"https:\/\/dhg1h5j42swfq.cloudfront.net\/2020\/10\/01132647\/image-2.png\" alt=\"Prova de t\u00edtulos do concurso Prefeitura Crato\" class=\"wp-image-581316\" srcset=\"https:\/\/dhg1h5j42swfq.cloudfront.net\/2020\/10\/01132647\/image-2.png 1014w, https:\/\/dhg1h5j42swfq.cloudfront.net\/2020\/10\/01132647\/image-2-300x79.png 300w, https:\/\/dhg1h5j42swfq.cloudfront.net\/2020\/10\/01132647\/image-2-768x202.png 768w, https:\/\/dhg1h5j42swfq.cloudfront.net\/2020\/10\/01132647\/image-2-610x161.png 610w\" sizes=\"auto, (max-width: 1014px) 100vw, 1014px\" \/><\/figure>\n\n\n\n<p>A pontua\u00e7\u00e3o m\u00e1xima dos t\u00edtulos foi de 10,00 pontos. O candidato que apresentou t\u00edtulos superiores \u00e0 pontua\u00e7\u00e3o exigida foi desconsiderado o excedente.<\/p>\n\n\n\n<hr class=\"wp-block-separator has-css-opacity\"\/>\n\n\n\n<h2 class=\"wp-block-heading has-text-align-center\" id=\"cursos-assinatura\">Quer estudar para o concurso Prefeitura Crato?<\/h2>\n\n\n\n<div class=\"container\" id=\"boxes\">\n  <div class=\"row\">\n\n    <div class=\"col-sm\">\n      <div class=\"banner-prefeituras-ec\" id=\"box-assinatura\">\n        <h2 class=\"titulo-assinatura\" style=\"text-align: left;\">Concurso Prefeitura Crato<\/h2>\n        <p class=\"subtitulo-assinatura\" style=\"text-align: left;\">Prepara\u00e7\u00e3o completa para a carreira!<\/p>\n        <div class=\"box-botao\" style=\"text-align: left;\">\n          <a class=\"btn-assinatura\" target=\"_blank\" href=\"https:\/\/www.estrategiaconcursos.com.br\/pesquisa\/?q=prefeitura+crato\/\" role=\"button\" rel=\"noopener noreferrer\">EXPLORAR CURSOS<\/a>\n        <\/div>\n      <\/div><\/div><\/div><\/div>\n\n\n\n<div class=\"container\" id=\"boxes\">\n  <div class=\"row\">\n\n    <div class=\"col-sm\">\n      <div class=\"estrategia\" id=\"box-assinatura\">\n        <h3 class=\"titulo-assinatura\">Assinatura Concursos<\/h3>\n        <p class=\"subtitulo-assinatura\">Assinatura de 1 ano ou 2 anos<\/p>\n        <div class=\"box-botao\">\n          <a class=\"btn-assinatura\" target=\"_blank\" href=\"https:\/\/www.estrategiaconcursos.com.br\/assinaturas\/\" role=\"button\" rel=\"noopener noreferrer\">ASSINE AGORA<\/a>\n        <\/div>\n      <\/div><\/div><\/div><\/div>\n\n\n\n<h2 class=\"wp-block-heading has-text-align-center\" id=\"h-quer-saber-tudo-sobre-concursos-previstos-confira-os-nossos-artigos\">Quer saber tudo sobre concursos previstos?<br \/>Confira os nossos artigos!<\/h2>\n\n\n\n<ul class=\"wp-block-list\">\n<li><a href=\"https:\/\/www.estrategiaconcursos.com.br\/blog\/concursos-abertos\/\" target=\"_blank\" rel=\"noreferrer noopener\">Concursos Abertos<\/a><\/li>\n\n\n\n<li><a href=\"https:\/\/www.estrategiaconcursos.com.br\/blog\/concursos-abertos-prefeituras\/\" target=\"_blank\" rel=\"noreferrer noopener\">Concursos Abertos de Prefeituras<\/a><\/li>\n\n\n\n<li><a href=\"https:\/\/www.estrategiaconcursos.com.br\/blog\/concursos-prefeituras\/\" target=\"_blank\" rel=\"noreferrer noopener\">Concursos Prefeituras<\/a><\/li>\n\n\n\n<li><a href=\"https:\/\/www.estrategiaconcursos.com.br\/blog\/concursos-2026\/\" target=\"_blank\" rel=\"noreferrer noopener\">Concursos 2026<\/a><\/li>\n<\/ul>\n\n\n\n<figure class=\"wp-block-image is-resized\"><img decoding=\"async\" src=\"https:\/\/dhg1h5j42swfq.cloudfront.net\/2020\/12\/27121704\/ficha-tecnica-1024x632.png\" alt=\"Ficha t\u00e9cnica concurso  Crato\" style=\"aspect-ratio:1.6256983240223464;width:257px;height:auto\"\/><\/figure>\n\n\n\n<h3 class=\"wp-block-heading\" id=\"ficha\">Informa\u00e7\u00f5es do concurso Prefeitura de Crato-CE<\/h3>\n\n\n\n<ul class=\"wp-block-list\">\n<li><strong>Ano:<\/strong> 2020<\/li>\n\n\n\n<li><strong>Vagas<\/strong>: 387 + 1.157 CR<\/li>\n\n\n\n<li><strong>Cargos<\/strong>: V\u00e1rios<\/li>\n\n\n\n<li><strong>Banca<\/strong>: URCA<\/li>\n\n\n\n<li><strong>Escolaridade<\/strong>: N\u00edvel m\u00e9dio e superior<\/li>\n\n\n\n<li><strong>Edital<\/strong>:&nbsp;<a href=\"https:\/\/dhg1h5j42swfq.cloudfront.net\/2020\/10\/01121910\/EDITAL-PREFEITURA-DE-CRATO-CE.pdf\" target=\"_blank\" rel=\"noreferrer noopener nofollow\">Edital Crato<\/a> | <a href=\"https:\/\/dhg1h5j42swfq.cloudfront.net\/2021\/02\/11144654\/anexo_ii_novocronograma_2021.pdf\" target=\"_blank\" rel=\"noreferrer noopener nofollow\">Cronograma<\/a><\/li>\n<\/ul>\n","protected":false},"excerpt":{"rendered":"<p>Concurso Prefeitura Crato: certame \u00e9 finalizado com a divulga\u00e7\u00e3o do resultado p\u00f3s-curso de forma\u00e7\u00e3o para n\u00edvel m\u00e9dio O concurso p\u00fablico da Prefeitura de Crato, cidade localizada no estado do Cear\u00e1, j\u00e1 foi finalizado e teve seus \u00faltimos resultados publicados. Foi divulgado o resultado final ap\u00f3s o Curso de Forma\u00e7\u00e3o &#8211; N\u00edvel M\u00e9dio &#8211; \u00c1reas Diversas [&hellip;]<\/p>\n","protected":false},"author":2991,"featured_media":795705,"comment_status":"open","ping_status":"closed","sticky":false,"template":"","format":"standard","meta":{"post_tipo":"news_page","footnotes":""},"categories":[222278],"tags":[],"tax_estado":[219969],"class_list":["post-581279","post","type-post","status-publish","format-standard","has-post-thumbnail","hentry","category-prefeituras","tax_estado-ce"],"acf":[],"yoast_head":"<!-- This site is optimized with the Yoast SEO Premium plugin v27.2 (Yoast SEO v27.2) - https:\/\/yoast.com\/product\/yoast-seo-premium-wordpress\/ -->\n<title>Concurso Prefeitura Crato: \u00faltimos resultados divulgados!<\/title>\n<meta name=\"description\" content=\"Concurso Prefeitura Crato ofertou mais de MIL oportunidades. Confira os \u00faltimos resultados divulgados AQUI!\" \/>\n<meta name=\"robots\" content=\"index, follow, max-snippet:-1, max-image-preview:large, max-video-preview:-1\" \/>\n<link rel=\"canonical\" href=\"https:\/\/www.estrategiaconcursos.com.br\/blog\/concurso-prefeitura-crato\/\" \/>\n<meta property=\"og:locale\" content=\"pt_BR\" \/>\n<meta property=\"og:type\" content=\"article\" \/>\n<meta property=\"og:title\" content=\"Concurso Prefeitura Crato: \u00faltimos resultados divulgados!\" \/>\n<meta property=\"og:description\" content=\"Concurso Prefeitura Crato ofertou mais de MIL oportunidades. Confira os \u00faltimos resultados divulgados AQUI!\" \/>\n<meta property=\"og:url\" content=\"https:\/\/www.estrategiaconcursos.com.br\/blog\/concurso-prefeitura-crato\/\" \/>\n<meta property=\"og:site_name\" content=\"Estrat\u00e9gia Concursos\" \/>\n<meta property=\"article:published_time\" content=\"2026-01-03T19:46:39+00:00\" \/>\n<meta property=\"article:modified_time\" content=\"2026-01-05T19:46:57+00:00\" \/>\n<meta property=\"og:image\" content=\"https:\/\/dhg1h5j42swfq.cloudfront.net\/2021\/07\/15133040\/prefeitura-de-crato-ce.jpg\" \/>\n\t<meta property=\"og:image:width\" content=\"768\" \/>\n\t<meta property=\"og:image:height\" content=\"432\" \/>\n\t<meta property=\"og:image:type\" content=\"image\/jpeg\" \/>\n<meta name=\"author\" content=\"Melmuara Thaiane Doneg\u00e1 C\u00e2ndido\" \/>\n<meta name=\"twitter:card\" content=\"summary_large_image\" \/>\n<meta name=\"twitter:creator\" content=\"@EstratConcursos\" \/>\n<meta name=\"twitter:site\" content=\"@EstratConcursos\" \/>\n<meta name=\"twitter:label1\" content=\"Escrito por\" \/>\n\t<meta name=\"twitter:data1\" content=\"Melmuara Thaiane Doneg\u00e1 C\u00e2ndido\" \/>\n\t<meta name=\"twitter:label2\" content=\"Est. tempo de leitura\" \/>\n\t<meta name=\"twitter:data2\" content=\"6 minutos\" \/>\n<script type=\"application\/ld+json\" class=\"yoast-schema-graph\">{\"@context\":\"https:\/\/schema.org\",\"@graph\":[{\"@type\":\"NewsArticle\",\"@id\":\"https:\/\/www.estrategiaconcursos.com.br\/blog\/concurso-prefeitura-crato\/#article\",\"isPartOf\":{\"@id\":\"https:\/\/www.estrategiaconcursos.com.br\/blog\/concurso-prefeitura-crato\/\"},\"author\":{\"name\":\"Melmuara Thaiane Doneg\u00e1 C\u00e2ndido\",\"@id\":\"https:\/\/www.estrategiaconcursos.com.br\/blog\/#\/schema\/person\/f33ffe5648e36a1ec7be14cb98aec31a\"},\"headline\":\"Concurso Prefeitura Crato: \u00faltimos resultados divulgados!\",\"datePublished\":\"2026-01-03T19:46:39+00:00\",\"dateModified\":\"2026-01-05T19:46:57+00:00\",\"mainEntityOfPage\":{\"@id\":\"https:\/\/www.estrategiaconcursos.com.br\/blog\/concurso-prefeitura-crato\/\"},\"wordCount\":1038,\"commentCount\":0,\"publisher\":{\"@id\":\"https:\/\/www.estrategiaconcursos.com.br\/blog\/#organization\"},\"image\":{\"@id\":\"https:\/\/www.estrategiaconcursos.com.br\/blog\/concurso-prefeitura-crato\/#primaryimage\"},\"thumbnailUrl\":\"https:\/\/dhg1h5j42swfq.cloudfront.net\/2021\/07\/15133040\/prefeitura-de-crato-ce.jpg\",\"articleSection\":[\"Prefeituras\"],\"inLanguage\":\"pt-BR\",\"potentialAction\":[{\"@type\":\"CommentAction\",\"name\":\"Comment\",\"target\":[\"https:\/\/www.estrategiaconcursos.com.br\/blog\/concurso-prefeitura-crato\/#respond\"]}],\"copyrightYear\":\"2026\",\"copyrightHolder\":{\"@id\":\"https:\/\/www.estrategiaconcursos.com.br\/blog\/#organization\"}},{\"@type\":\"WebPage\",\"@id\":\"https:\/\/www.estrategiaconcursos.com.br\/blog\/concurso-prefeitura-crato\/\",\"url\":\"https:\/\/www.estrategiaconcursos.com.br\/blog\/concurso-prefeitura-crato\/\",\"name\":\"Concurso Prefeitura Crato: \u00faltimos resultados divulgados!\",\"isPartOf\":{\"@id\":\"https:\/\/www.estrategiaconcursos.com.br\/blog\/#website\"},\"primaryImageOfPage\":{\"@id\":\"https:\/\/www.estrategiaconcursos.com.br\/blog\/concurso-prefeitura-crato\/#primaryimage\"},\"image\":{\"@id\":\"https:\/\/www.estrategiaconcursos.com.br\/blog\/concurso-prefeitura-crato\/#primaryimage\"},\"thumbnailUrl\":\"https:\/\/dhg1h5j42swfq.cloudfront.net\/2021\/07\/15133040\/prefeitura-de-crato-ce.jpg\",\"datePublished\":\"2026-01-03T19:46:39+00:00\",\"dateModified\":\"2026-01-05T19:46:57+00:00\",\"description\":\"Concurso Prefeitura Crato ofertou mais de MIL oportunidades. Confira os \u00faltimos resultados divulgados AQUI!\",\"breadcrumb\":{\"@id\":\"https:\/\/www.estrategiaconcursos.com.br\/blog\/concurso-prefeitura-crato\/#breadcrumb\"},\"inLanguage\":\"pt-BR\",\"potentialAction\":[{\"@type\":\"ReadAction\",\"target\":[\"https:\/\/www.estrategiaconcursos.com.br\/blog\/concurso-prefeitura-crato\/\"]}]},{\"@type\":\"ImageObject\",\"inLanguage\":\"pt-BR\",\"@id\":\"https:\/\/www.estrategiaconcursos.com.br\/blog\/concurso-prefeitura-crato\/#primaryimage\",\"url\":\"https:\/\/dhg1h5j42swfq.cloudfront.net\/2021\/07\/15133040\/prefeitura-de-crato-ce.jpg\",\"contentUrl\":\"https:\/\/dhg1h5j42swfq.cloudfront.net\/2021\/07\/15133040\/prefeitura-de-crato-ce.jpg\",\"width\":768,\"height\":432},{\"@type\":\"BreadcrumbList\",\"@id\":\"https:\/\/www.estrategiaconcursos.com.br\/blog\/concurso-prefeitura-crato\/#breadcrumb\",\"itemListElement\":[{\"@type\":\"ListItem\",\"position\":1,\"name\":\"In\u00edcio\",\"item\":\"https:\/\/www.estrategiaconcursos.com.br\/blog\/\"},{\"@type\":\"ListItem\",\"position\":2,\"name\":\"Concurso Prefeitura Crato: \u00faltimos resultados divulgados!\"}]},{\"@type\":\"WebSite\",\"@id\":\"https:\/\/www.estrategiaconcursos.com.br\/blog\/#website\",\"url\":\"https:\/\/www.estrategiaconcursos.com.br\/blog\/\",\"name\":\"Estrat\u00e9gia Concursos\",\"description\":\"O blog da Estrat\u00e9gia Concursos traz not\u00edcias sobre concursos e artigos de professores oferecendo cursos para concursos (pdf + videaulas) no site.\",\"publisher\":{\"@id\":\"https:\/\/www.estrategiaconcursos.com.br\/blog\/#organization\"},\"potentialAction\":[{\"@type\":\"SearchAction\",\"target\":{\"@type\":\"EntryPoint\",\"urlTemplate\":\"https:\/\/www.estrategiaconcursos.com.br\/blog\/?s={search_term_string}\"},\"query-input\":{\"@type\":\"PropertyValueSpecification\",\"valueRequired\":true,\"valueName\":\"search_term_string\"}}],\"inLanguage\":\"pt-BR\"},{\"@type\":\"Organization\",\"@id\":\"https:\/\/www.estrategiaconcursos.com.br\/blog\/#organization\",\"name\":\"Estrat\u00e9gia Concursos\",\"url\":\"https:\/\/www.estrategiaconcursos.com.br\/blog\/\",\"logo\":{\"@type\":\"ImageObject\",\"inLanguage\":\"pt-BR\",\"@id\":\"https:\/\/www.estrategiaconcursos.com.br\/blog\/#\/schema\/logo\/image\/\",\"url\":\"https:\/\/dhg1h5j42swfq.cloudfront.net\/2025\/06\/03203428\/logo_concursos-1.jpg\",\"contentUrl\":\"https:\/\/dhg1h5j42swfq.cloudfront.net\/2025\/06\/03203428\/logo_concursos-1.jpg\",\"width\":230,\"height\":60,\"caption\":\"Estrat\u00e9gia Concursos\"},\"image\":{\"@id\":\"https:\/\/www.estrategiaconcursos.com.br\/blog\/#\/schema\/logo\/image\/\"},\"sameAs\":[\"https:\/\/x.com\/EstratConcursos\"]},{\"@type\":\"Person\",\"@id\":\"https:\/\/www.estrategiaconcursos.com.br\/blog\/#\/schema\/person\/f33ffe5648e36a1ec7be14cb98aec31a\",\"name\":\"Melmuara Thaiane Doneg\u00e1 C\u00e2ndido\",\"image\":{\"@type\":\"ImageObject\",\"inLanguage\":\"pt-BR\",\"@id\":\"https:\/\/secure.gravatar.com\/avatar\/72c23c49ace6e781125178efe440f336ae4f50fbfb902780beb369688b387c4f?s=96&d=mm&r=g\",\"url\":\"https:\/\/secure.gravatar.com\/avatar\/72c23c49ace6e781125178efe440f336ae4f50fbfb902780beb369688b387c4f?s=96&d=mm&r=g\",\"contentUrl\":\"https:\/\/secure.gravatar.com\/avatar\/72c23c49ace6e781125178efe440f336ae4f50fbfb902780beb369688b387c4f?s=96&d=mm&r=g\",\"caption\":\"Melmuara Thaiane Doneg\u00e1 C\u00e2ndido\"},\"description\":\"Formada em Jornalismo em 2011 pela UniSEB-COC, Ribeir\u00e3o Preto-SP, atua desde 2017 na produ\u00e7\u00e3o de conte\u00fado para prefeituras, passando da \u00e1rea publicit\u00e1ria para a cria\u00e7\u00e3o de textos estrat\u00e9gicos e not\u00edcias sobre concursos, mantendo os concurseiros bem informados sobre os principais editais de prefeituras e concursos municipais.\",\"birthDate\":\"1990-04-21\",\"gender\":\"feminino\",\"url\":\"https:\/\/www.estrategiaconcursos.com.br\/blog\/author\/melmuara-candidoestrategia-com\/\"}]}<\/script>\n<!-- \/ Yoast SEO Premium plugin. -->","yoast_head_json":{"title":"Concurso Prefeitura Crato: \u00faltimos resultados divulgados!","description":"Concurso Prefeitura Crato ofertou mais de MIL oportunidades. Confira os \u00faltimos resultados divulgados AQUI!","robots":{"index":"index","follow":"follow","max-snippet":"max-snippet:-1","max-image-preview":"max-image-preview:large","max-video-preview":"max-video-preview:-1"},"canonical":"https:\/\/www.estrategiaconcursos.com.br\/blog\/concurso-prefeitura-crato\/","og_locale":"pt_BR","og_type":"article","og_title":"Concurso Prefeitura Crato: \u00faltimos resultados divulgados!","og_description":"Concurso Prefeitura Crato ofertou mais de MIL oportunidades. Confira os \u00faltimos resultados divulgados AQUI!","og_url":"https:\/\/www.estrategiaconcursos.com.br\/blog\/concurso-prefeitura-crato\/","og_site_name":"Estrat\u00e9gia Concursos","article_published_time":"2026-01-03T19:46:39+00:00","article_modified_time":"2026-01-05T19:46:57+00:00","og_image":[{"width":768,"height":432,"url":"https:\/\/dhg1h5j42swfq.cloudfront.net\/2021\/07\/15133040\/prefeitura-de-crato-ce.jpg","type":"image\/jpeg"}],"author":"Melmuara Thaiane Doneg\u00e1 C\u00e2ndido","twitter_card":"summary_large_image","twitter_creator":"@EstratConcursos","twitter_site":"@EstratConcursos","twitter_misc":{"Escrito por":"Melmuara Thaiane Doneg\u00e1 C\u00e2ndido","Est. tempo de leitura":"6 minutos"},"schema":{"@context":"https:\/\/schema.org","@graph":[{"@type":"NewsArticle","@id":"https:\/\/www.estrategiaconcursos.com.br\/blog\/concurso-prefeitura-crato\/#article","isPartOf":{"@id":"https:\/\/www.estrategiaconcursos.com.br\/blog\/concurso-prefeitura-crato\/"},"author":{"name":"Melmuara Thaiane Doneg\u00e1 C\u00e2ndido","@id":"https:\/\/www.estrategiaconcursos.com.br\/blog\/#\/schema\/person\/f33ffe5648e36a1ec7be14cb98aec31a"},"headline":"Concurso Prefeitura Crato: \u00faltimos resultados divulgados!","datePublished":"2026-01-03T19:46:39+00:00","dateModified":"2026-01-05T19:46:57+00:00","mainEntityOfPage":{"@id":"https:\/\/www.estrategiaconcursos.com.br\/blog\/concurso-prefeitura-crato\/"},"wordCount":1038,"commentCount":0,"publisher":{"@id":"https:\/\/www.estrategiaconcursos.com.br\/blog\/#organization"},"image":{"@id":"https:\/\/www.estrategiaconcursos.com.br\/blog\/concurso-prefeitura-crato\/#primaryimage"},"thumbnailUrl":"https:\/\/dhg1h5j42swfq.cloudfront.net\/2021\/07\/15133040\/prefeitura-de-crato-ce.jpg","articleSection":["Prefeituras"],"inLanguage":"pt-BR","potentialAction":[{"@type":"CommentAction","name":"Comment","target":["https:\/\/www.estrategiaconcursos.com.br\/blog\/concurso-prefeitura-crato\/#respond"]}],"copyrightYear":"2026","copyrightHolder":{"@id":"https:\/\/www.estrategiaconcursos.com.br\/blog\/#organization"}},{"@type":"WebPage","@id":"https:\/\/www.estrategiaconcursos.com.br\/blog\/concurso-prefeitura-crato\/","url":"https:\/\/www.estrategiaconcursos.com.br\/blog\/concurso-prefeitura-crato\/","name":"Concurso Prefeitura Crato: \u00faltimos resultados divulgados!","isPartOf":{"@id":"https:\/\/www.estrategiaconcursos.com.br\/blog\/#website"},"primaryImageOfPage":{"@id":"https:\/\/www.estrategiaconcursos.com.br\/blog\/concurso-prefeitura-crato\/#primaryimage"},"image":{"@id":"https:\/\/www.estrategiaconcursos.com.br\/blog\/concurso-prefeitura-crato\/#primaryimage"},"thumbnailUrl":"https:\/\/dhg1h5j42swfq.cloudfront.net\/2021\/07\/15133040\/prefeitura-de-crato-ce.jpg","datePublished":"2026-01-03T19:46:39+00:00","dateModified":"2026-01-05T19:46:57+00:00","description":"Concurso Prefeitura Crato ofertou mais de MIL oportunidades. Confira os \u00faltimos resultados divulgados AQUI!","breadcrumb":{"@id":"https:\/\/www.estrategiaconcursos.com.br\/blog\/concurso-prefeitura-crato\/#breadcrumb"},"inLanguage":"pt-BR","potentialAction":[{"@type":"ReadAction","target":["https:\/\/www.estrategiaconcursos.com.br\/blog\/concurso-prefeitura-crato\/"]}]},{"@type":"ImageObject","inLanguage":"pt-BR","@id":"https:\/\/www.estrategiaconcursos.com.br\/blog\/concurso-prefeitura-crato\/#primaryimage","url":"https:\/\/dhg1h5j42swfq.cloudfront.net\/2021\/07\/15133040\/prefeitura-de-crato-ce.jpg","contentUrl":"https:\/\/dhg1h5j42swfq.cloudfront.net\/2021\/07\/15133040\/prefeitura-de-crato-ce.jpg","width":768,"height":432},{"@type":"BreadcrumbList","@id":"https:\/\/www.estrategiaconcursos.com.br\/blog\/concurso-prefeitura-crato\/#breadcrumb","itemListElement":[{"@type":"ListItem","position":1,"name":"In\u00edcio","item":"https:\/\/www.estrategiaconcursos.com.br\/blog\/"},{"@type":"ListItem","position":2,"name":"Concurso Prefeitura Crato: \u00faltimos resultados divulgados!"}]},{"@type":"WebSite","@id":"https:\/\/www.estrategiaconcursos.com.br\/blog\/#website","url":"https:\/\/www.estrategiaconcursos.com.br\/blog\/","name":"Estrat\u00e9gia Concursos","description":"O blog da Estrat\u00e9gia Concursos traz not\u00edcias sobre concursos e artigos de professores oferecendo cursos para concursos (pdf + videaulas) no site.","publisher":{"@id":"https:\/\/www.estrategiaconcursos.com.br\/blog\/#organization"},"potentialAction":[{"@type":"SearchAction","target":{"@type":"EntryPoint","urlTemplate":"https:\/\/www.estrategiaconcursos.com.br\/blog\/?s={search_term_string}"},"query-input":{"@type":"PropertyValueSpecification","valueRequired":true,"valueName":"search_term_string"}}],"inLanguage":"pt-BR"},{"@type":"Organization","@id":"https:\/\/www.estrategiaconcursos.com.br\/blog\/#organization","name":"Estrat\u00e9gia Concursos","url":"https:\/\/www.estrategiaconcursos.com.br\/blog\/","logo":{"@type":"ImageObject","inLanguage":"pt-BR","@id":"https:\/\/www.estrategiaconcursos.com.br\/blog\/#\/schema\/logo\/image\/","url":"https:\/\/dhg1h5j42swfq.cloudfront.net\/2025\/06\/03203428\/logo_concursos-1.jpg","contentUrl":"https:\/\/dhg1h5j42swfq.cloudfront.net\/2025\/06\/03203428\/logo_concursos-1.jpg","width":230,"height":60,"caption":"Estrat\u00e9gia Concursos"},"image":{"@id":"https:\/\/www.estrategiaconcursos.com.br\/blog\/#\/schema\/logo\/image\/"},"sameAs":["https:\/\/x.com\/EstratConcursos"]},{"@type":"Person","@id":"https:\/\/www.estrategiaconcursos.com.br\/blog\/#\/schema\/person\/f33ffe5648e36a1ec7be14cb98aec31a","name":"Melmuara Thaiane Doneg\u00e1 C\u00e2ndido","image":{"@type":"ImageObject","inLanguage":"pt-BR","@id":"https:\/\/secure.gravatar.com\/avatar\/72c23c49ace6e781125178efe440f336ae4f50fbfb902780beb369688b387c4f?s=96&d=mm&r=g","url":"https:\/\/secure.gravatar.com\/avatar\/72c23c49ace6e781125178efe440f336ae4f50fbfb902780beb369688b387c4f?s=96&d=mm&r=g","contentUrl":"https:\/\/secure.gravatar.com\/avatar\/72c23c49ace6e781125178efe440f336ae4f50fbfb902780beb369688b387c4f?s=96&d=mm&r=g","caption":"Melmuara Thaiane Doneg\u00e1 C\u00e2ndido"},"description":"Formada em Jornalismo em 2011 pela UniSEB-COC, Ribeir\u00e3o Preto-SP, atua desde 2017 na produ\u00e7\u00e3o de conte\u00fado para prefeituras, passando da \u00e1rea publicit\u00e1ria para a cria\u00e7\u00e3o de textos estrat\u00e9gicos e not\u00edcias sobre concursos, mantendo os concurseiros bem informados sobre os principais editais de prefeituras e concursos municipais.","birthDate":"1990-04-21","gender":"feminino","url":"https:\/\/www.estrategiaconcursos.com.br\/blog\/author\/melmuara-candidoestrategia-com\/"}]}},"_links":{"self":[{"href":"https:\/\/www.estrategiaconcursos.com.br\/blog\/wp-json\/wp\/v2\/posts\/581279","targetHints":{"allow":["GET"]}}],"collection":[{"href":"https:\/\/www.estrategiaconcursos.com.br\/blog\/wp-json\/wp\/v2\/posts"}],"about":[{"href":"https:\/\/www.estrategiaconcursos.com.br\/blog\/wp-json\/wp\/v2\/types\/post"}],"author":[{"embeddable":true,"href":"https:\/\/www.estrategiaconcursos.com.br\/blog\/wp-json\/wp\/v2\/users\/2991"}],"replies":[{"embeddable":true,"href":"https:\/\/www.estrategiaconcursos.com.br\/blog\/wp-json\/wp\/v2\/comments?post=581279"}],"version-history":[{"count":70,"href":"https:\/\/www.estrategiaconcursos.com.br\/blog\/wp-json\/wp\/v2\/posts\/581279\/revisions"}],"predecessor-version":[{"id":1693724,"href":"https:\/\/www.estrategiaconcursos.com.br\/blog\/wp-json\/wp\/v2\/posts\/581279\/revisions\/1693724"}],"wp:featuredmedia":[{"embeddable":true,"href":"https:\/\/www.estrategiaconcursos.com.br\/blog\/wp-json\/wp\/v2\/media\/795705"}],"wp:attachment":[{"href":"https:\/\/www.estrategiaconcursos.com.br\/blog\/wp-json\/wp\/v2\/media?parent=581279"}],"wp:term":[{"taxonomy":"category","embeddable":true,"href":"https:\/\/www.estrategiaconcursos.com.br\/blog\/wp-json\/wp\/v2\/categories?post=581279"},{"taxonomy":"post_tag","embeddable":true,"href":"https:\/\/www.estrategiaconcursos.com.br\/blog\/wp-json\/wp\/v2\/tags?post=581279"},{"taxonomy":"tax_estado","embeddable":true,"href":"https:\/\/www.estrategiaconcursos.com.br\/blog\/wp-json\/wp\/v2\/tax_estado?post=581279"}],"curies":[{"name":"wp","href":"https:\/\/api.w.org\/{rel}","templated":true}]}}