{"id":57974,"date":"2016-12-15T08:32:33","date_gmt":"2016-12-15T11:32:33","guid":{"rendered":"https:\/\/www.estrategiaconcursos.com.br\/blog\/?p=57974"},"modified":"2020-12-09T11:16:39","modified_gmt":"2020-12-09T14:16:39","slug":"revogacao-do-prazo-para-requerer-registro-apos-aprovacao-no-exame-cfc","status":"publish","type":"post","link":"https:\/\/www.estrategiaconcursos.com.br\/blog\/revogacao-do-prazo-para-requerer-registro-apos-aprovacao-no-exame-cfc\/","title":{"rendered":"Revoga\u00e7\u00e3o do Prazo para Requerer Registro Ap\u00f3s Aprova\u00e7\u00e3o no Exame CFC!"},"content":{"rendered":"<p style=\"text-align: justify;\">Ol\u00e1, pessoal! Tudo bem? Aqui quem fala \u00e9 <span style=\"color: #ff0000;\"><strong>Gabriel Rabelo<\/strong><\/span>, <strong><span style=\"color: #0000ff;\">Auditor Fiscal da Secretaria da Fazenda do Estado do Rio de Janeiro<\/span><\/strong>, <span style=\"color: #0000ff;\"><strong>Professor de Contabilidade e Coordenador do Exame de Sufici\u00eancia do CFC<\/strong><\/span>, aqui no <span style=\"color: #ff0000;\"><strong>Estrat\u00e9gia Concursos<\/strong><\/span>!<\/p>\n<p style=\"text-align: justify;\">J\u00e1 est\u00e3o no nosso Grupo de Estudos no Facebook? N\u00e3o? Diariamente, postamos quest\u00f5es, artigos, dicas, v\u00eddeos e muito mais para o Exame de Sufici\u00eancia \u00a0CFC!<\/p>\n<p style=\"text-align: justify;\"><a href=\"https:\/\/www.facebook.com\/groups\/572134506299612\/?fref=ts\" target=\"_blank\" rel=\"noopener noreferrer\"><strong>GRUPO DE ESTUDOS FACEBOOK &#8211; EXAME SUFICI\u00caNCIA CFC<\/strong><\/a><\/p>\n<p style=\"text-align: justify;\">Pois bem.<\/p>\n<p style=\"text-align: justify;\">Pessoal, foi publicada no Di\u00e1rio Oficial da Uni\u00e3o, de 14 de dezembro de 2016, a Resolu\u00e7\u00e3o CFC 1.518\/2016.<\/p>\n<p style=\"text-align: justify;\">Sobre o que ela trata?<\/p>\n<p style=\"text-align: justify;\">Referida norma <span style=\"text-decoration: underline;\"><strong>REVOGOU<\/strong><\/span> o artigo 12, par\u00e1grafo primeiro, da Resolu\u00e7\u00e3o CFC 1.486\/2015, que dispunha:<\/p>\n<p style=\"text-align: justify;\">Art. 12. Ocorrendo a aprova\u00e7\u00e3o no Exame de Sufici\u00eancia, o Conselho Regional de Contabilidade<a>\u00a0<\/a>disponibilizar\u00e1 ao candidato a Certid\u00e3o de Aprova\u00e7\u00e3o, para ser apresentada quando da solicita\u00e7\u00e3o do registro profissional.<\/p>\n<p style=\"text-align: justify;\">\u00a7 1\u00ba <span style=\"text-decoration: underline;\"><span style=\"color: #ff0000;\"><strong>Os aprovados na prova ter\u00e3o o prazo de 2 (dois) anos, a contar da data da publica\u00e7\u00e3o da rela\u00e7\u00e3o dos aprovados no Di\u00e1rio Oficial da Uni\u00e3o, para requererem os registros profissionais em CRC<\/strong><\/span><\/span>.<\/p>\n<p style=\"text-align: justify;\"><span style=\"color: #0000ff;\"><strong>Quando vigente este dispositivo, se o candidato fizesse o Exame e lograsse \u00eaxito, teria o prazo de dois anos para requerer o registro no Conselho. <\/strong><\/span><\/p>\n<p style=\"text-align: justify;\"><span style=\"color: #0000ff;\"><strong>Com a revoga\u00e7\u00e3o, esse prazo deixa de existir, o que significa que uma vez aprovado, sempre aprovado.\u00a0<\/strong><\/span><\/p>\n<p style=\"text-align: justify;\"><span style=\"text-decoration: underline;\"><strong>\u00c9 isso mesmo! Mesmo que voc\u00ea tenha feito o Exame em 2013, 2012, 2015, poder\u00e1 requerer o registro, uma vez que tenha sido aprovado. Essa foi a informa\u00e7\u00e3o que obtive por meio de conversa telef\u00f4nica com o pessoal do CFC hoje cedo<\/strong><\/span>.<\/p>\n<p style=\"text-align: justify;\">\u00c9 isso, galera! J\u00e1 est\u00e3o estudando para o pr\u00f3ximo Exame?<\/p>\n<p style=\"text-align: justify;\">Aqui no Estrat\u00e9gia, <strong>j\u00e1 lan\u00e7amos cursos espec\u00edficos para o Exame Sufici\u00eancia CFC 2017<\/strong>. Voc\u00ea pode conferir aqui:<\/p>\n<p style=\"text-align: justify;\"><span style=\"color: #0000ff;\"><strong>&gt;\u00a0<a style=\"color: #0000ff;\" href=\"https:\/\/www.estrategiaconcursos.com.br\/cursosPorConcurso\/exame-de-suficiencia-do-cfc-2017\/\" target=\"_blank\" rel=\"noopener noreferrer\">Cursos Exame CFC 2017<\/a><\/strong><\/span><span style=\"color: #0000ff;\"><strong>\u00a0<\/strong><\/span><\/p>\n<p style=\"text-align: justify;\"><span style=\"color: #000080;\"><strong>E temos uma promo\u00e7\u00e3o MUITO boa!<\/strong><\/span><\/p>\n<p style=\"text-align: justify;\">Quem se matricular no curso agora, e adquirir o Pacote, vai ganhar um curso de Revis\u00e3o, com 20 horas em v\u00eddeos, espec\u00edficos para o CFC 2017. As grava\u00e7\u00f5es j\u00e1 come\u00e7aram!<\/p>\n<p style=\"text-align: justify;\">Esse curso, chamado Revisa\u00e7o, conter\u00e1 <strong>v\u00eddeos + PDFs resumidos + Quest\u00f5es comentadas de Contabilidade Geral, Custos, Gerencial, Teoria da Contabilidade e CPCs<\/strong>.<\/p>\n<p style=\"text-align: justify;\">Al\u00e9m disso, vai ganhar uma <span style=\"color: #000080;\"><strong>mentoria gratuita (3 sess\u00f5es via Skype), com um Plano de Estudos completo para a sua aprova\u00e7\u00e3o no CFC<\/strong><\/span>.<\/p>\n<p style=\"text-align: justify;\">\n<h1 style=\"text-align: justify;\">Forte abra\u00e7o!<\/h1>\n<p>Gabriel Rabelo.<\/p>\n","protected":false},"excerpt":{"rendered":"<p>Ol\u00e1, pessoal! Tudo bem? Aqui quem fala \u00e9 Gabriel Rabelo, Auditor Fiscal da Secretaria da Fazenda do Estado do Rio de Janeiro, Professor de Contabilidade e Coordenador do Exame de Sufici\u00eancia do CFC, aqui no Estrat\u00e9gia Concursos! J\u00e1 est\u00e3o no nosso Grupo de Estudos no Facebook? N\u00e3o? Diariamente, postamos quest\u00f5es, artigos, dicas, v\u00eddeos e muito [&hellip;]<\/p>\n","protected":false},"author":231,"featured_media":0,"comment_status":"open","ping_status":"open","sticky":false,"template":"","format":"standard","meta":{"post_tipo":"article","footnotes":""},"categories":[220015],"tags":[],"tax_estado":[],"class_list":["post-57974","post","type-post","status-publish","format-standard","hentry","category-cfc"],"acf":[],"yoast_head":"<!-- This site is optimized with the Yoast SEO Premium plugin v27.2 (Yoast SEO v27.2) - https:\/\/yoast.com\/product\/yoast-seo-premium-wordpress\/ -->\n<title>Revoga\u00e7\u00e3o do Prazo para Requerer Registro Ap\u00f3s Aprova\u00e7\u00e3o no Exame CFC!<\/title>\n<meta name=\"robots\" content=\"index, follow, max-snippet:-1, max-image-preview:large, max-video-preview:-1\" \/>\n<link rel=\"canonical\" href=\"https:\/\/www.estrategiaconcursos.com.br\/blog\/revogacao-do-prazo-para-requerer-registro-apos-aprovacao-no-exame-cfc\/\" \/>\n<meta property=\"og:locale\" content=\"pt_BR\" \/>\n<meta property=\"og:type\" content=\"article\" \/>\n<meta property=\"og:title\" content=\"Revoga\u00e7\u00e3o do Prazo para Requerer Registro Ap\u00f3s Aprova\u00e7\u00e3o no Exame CFC!\" \/>\n<meta property=\"og:description\" content=\"Ol\u00e1, pessoal! Tudo bem? Aqui quem fala \u00e9 Gabriel Rabelo, Auditor Fiscal da Secretaria da Fazenda do Estado do Rio de Janeiro, Professor de Contabilidade e Coordenador do Exame de Sufici\u00eancia do CFC, aqui no Estrat\u00e9gia Concursos! J\u00e1 est\u00e3o no nosso Grupo de Estudos no Facebook? N\u00e3o? Diariamente, postamos quest\u00f5es, artigos, dicas, v\u00eddeos e muito [&hellip;]\" \/>\n<meta property=\"og:url\" content=\"https:\/\/www.estrategiaconcursos.com.br\/blog\/revogacao-do-prazo-para-requerer-registro-apos-aprovacao-no-exame-cfc\/\" \/>\n<meta property=\"og:site_name\" content=\"Estrat\u00e9gia Concursos\" \/>\n<meta property=\"article:published_time\" content=\"2016-12-15T11:32:33+00:00\" \/>\n<meta property=\"article:modified_time\" content=\"2020-12-09T14:16:39+00:00\" \/>\n<meta name=\"author\" content=\"Gilmar Possati\" \/>\n<meta name=\"twitter:card\" content=\"summary_large_image\" \/>\n<meta name=\"twitter:creator\" content=\"@EstratConcursos\" \/>\n<meta name=\"twitter:site\" content=\"@EstratConcursos\" \/>\n<meta name=\"twitter:label1\" content=\"Escrito por\" \/>\n\t<meta name=\"twitter:data1\" content=\"Gilmar Possati\" \/>\n\t<meta name=\"twitter:label2\" content=\"Est. tempo de leitura\" \/>\n\t<meta name=\"twitter:data2\" content=\"2 minutos\" \/>\n<script type=\"application\/ld+json\" class=\"yoast-schema-graph\">{\"@context\":\"https:\/\/schema.org\",\"@graph\":[{\"@type\":\"NewsArticle\",\"@id\":\"https:\/\/www.estrategiaconcursos.com.br\/blog\/revogacao-do-prazo-para-requerer-registro-apos-aprovacao-no-exame-cfc\/#article\",\"isPartOf\":{\"@id\":\"https:\/\/www.estrategiaconcursos.com.br\/blog\/revogacao-do-prazo-para-requerer-registro-apos-aprovacao-no-exame-cfc\/\"},\"author\":{\"name\":\"Gilmar Possati\",\"@id\":\"https:\/\/www.estrategiaconcursos.com.br\/blog\/#\/schema\/person\/188fe3b44719eaa5bc41c32c039cac6b\"},\"headline\":\"Revoga\u00e7\u00e3o do Prazo para Requerer Registro Ap\u00f3s Aprova\u00e7\u00e3o no Exame CFC!\",\"datePublished\":\"2016-12-15T11:32:33+00:00\",\"dateModified\":\"2020-12-09T14:16:39+00:00\",\"mainEntityOfPage\":{\"@id\":\"https:\/\/www.estrategiaconcursos.com.br\/blog\/revogacao-do-prazo-para-requerer-registro-apos-aprovacao-no-exame-cfc\/\"},\"wordCount\":412,\"commentCount\":5,\"publisher\":{\"@id\":\"https:\/\/www.estrategiaconcursos.com.br\/blog\/#organization\"},\"articleSection\":[\"CFC\"],\"inLanguage\":\"pt-BR\",\"potentialAction\":[{\"@type\":\"CommentAction\",\"name\":\"Comment\",\"target\":[\"https:\/\/www.estrategiaconcursos.com.br\/blog\/revogacao-do-prazo-para-requerer-registro-apos-aprovacao-no-exame-cfc\/#respond\"]}],\"copyrightYear\":\"2016\",\"copyrightHolder\":{\"@id\":\"https:\/\/www.estrategiaconcursos.com.br\/blog\/#organization\"}},{\"@type\":\"WebPage\",\"@id\":\"https:\/\/www.estrategiaconcursos.com.br\/blog\/revogacao-do-prazo-para-requerer-registro-apos-aprovacao-no-exame-cfc\/\",\"url\":\"https:\/\/www.estrategiaconcursos.com.br\/blog\/revogacao-do-prazo-para-requerer-registro-apos-aprovacao-no-exame-cfc\/\",\"name\":\"Revoga\u00e7\u00e3o do Prazo para Requerer Registro Ap\u00f3s Aprova\u00e7\u00e3o no Exame CFC!\",\"isPartOf\":{\"@id\":\"https:\/\/www.estrategiaconcursos.com.br\/blog\/#website\"},\"datePublished\":\"2016-12-15T11:32:33+00:00\",\"dateModified\":\"2020-12-09T14:16:39+00:00\",\"breadcrumb\":{\"@id\":\"https:\/\/www.estrategiaconcursos.com.br\/blog\/revogacao-do-prazo-para-requerer-registro-apos-aprovacao-no-exame-cfc\/#breadcrumb\"},\"inLanguage\":\"pt-BR\",\"potentialAction\":[{\"@type\":\"ReadAction\",\"target\":[\"https:\/\/www.estrategiaconcursos.com.br\/blog\/revogacao-do-prazo-para-requerer-registro-apos-aprovacao-no-exame-cfc\/\"]}]},{\"@type\":\"BreadcrumbList\",\"@id\":\"https:\/\/www.estrategiaconcursos.com.br\/blog\/revogacao-do-prazo-para-requerer-registro-apos-aprovacao-no-exame-cfc\/#breadcrumb\",\"itemListElement\":[{\"@type\":\"ListItem\",\"position\":1,\"name\":\"In\u00edcio\",\"item\":\"https:\/\/www.estrategiaconcursos.com.br\/blog\/\"},{\"@type\":\"ListItem\",\"position\":2,\"name\":\"Revoga\u00e7\u00e3o do Prazo para Requerer Registro Ap\u00f3s Aprova\u00e7\u00e3o no Exame CFC!\"}]},{\"@type\":\"WebSite\",\"@id\":\"https:\/\/www.estrategiaconcursos.com.br\/blog\/#website\",\"url\":\"https:\/\/www.estrategiaconcursos.com.br\/blog\/\",\"name\":\"Estrat\u00e9gia Concursos\",\"description\":\"O blog da Estrat\u00e9gia Concursos traz not\u00edcias sobre concursos e artigos de professores oferecendo cursos para concursos (pdf + videaulas) no site.\",\"publisher\":{\"@id\":\"https:\/\/www.estrategiaconcursos.com.br\/blog\/#organization\"},\"potentialAction\":[{\"@type\":\"SearchAction\",\"target\":{\"@type\":\"EntryPoint\",\"urlTemplate\":\"https:\/\/www.estrategiaconcursos.com.br\/blog\/?s={search_term_string}\"},\"query-input\":{\"@type\":\"PropertyValueSpecification\",\"valueRequired\":true,\"valueName\":\"search_term_string\"}}],\"inLanguage\":\"pt-BR\"},{\"@type\":\"Organization\",\"@id\":\"https:\/\/www.estrategiaconcursos.com.br\/blog\/#organization\",\"name\":\"Estrat\u00e9gia Concursos\",\"url\":\"https:\/\/www.estrategiaconcursos.com.br\/blog\/\",\"logo\":{\"@type\":\"ImageObject\",\"inLanguage\":\"pt-BR\",\"@id\":\"https:\/\/www.estrategiaconcursos.com.br\/blog\/#\/schema\/logo\/image\/\",\"url\":\"https:\/\/dhg1h5j42swfq.cloudfront.net\/2025\/06\/03203428\/logo_concursos-1.jpg\",\"contentUrl\":\"https:\/\/dhg1h5j42swfq.cloudfront.net\/2025\/06\/03203428\/logo_concursos-1.jpg\",\"width\":230,\"height\":60,\"caption\":\"Estrat\u00e9gia Concursos\"},\"image\":{\"@id\":\"https:\/\/www.estrategiaconcursos.com.br\/blog\/#\/schema\/logo\/image\/\"},\"sameAs\":[\"https:\/\/x.com\/EstratConcursos\"]},{\"@type\":\"Person\",\"@id\":\"https:\/\/www.estrategiaconcursos.com.br\/blog\/#\/schema\/person\/188fe3b44719eaa5bc41c32c039cac6b\",\"name\":\"Gilmar Possati\",\"image\":{\"@type\":\"ImageObject\",\"inLanguage\":\"pt-BR\",\"@id\":\"https:\/\/secure.gravatar.com\/avatar\/43fd0aab7fcf179c089f6abbd56e33d7181f3b25b37192bfe1c321989c9e8866?s=96&d=mm&r=g\",\"url\":\"https:\/\/secure.gravatar.com\/avatar\/43fd0aab7fcf179c089f6abbd56e33d7181f3b25b37192bfe1c321989c9e8866?s=96&d=mm&r=g\",\"contentUrl\":\"https:\/\/secure.gravatar.com\/avatar\/43fd0aab7fcf179c089f6abbd56e33d7181f3b25b37192bfe1c321989c9e8866?s=96&d=mm&r=g\",\"caption\":\"Gilmar Possati\"},\"url\":\"https:\/\/www.estrategiaconcursos.com.br\/blog\/author\/possatigmail-com\/\"}]}<\/script>\n<!-- \/ Yoast SEO Premium plugin. -->","yoast_head_json":{"title":"Revoga\u00e7\u00e3o do Prazo para Requerer Registro Ap\u00f3s Aprova\u00e7\u00e3o no Exame CFC!","robots":{"index":"index","follow":"follow","max-snippet":"max-snippet:-1","max-image-preview":"max-image-preview:large","max-video-preview":"max-video-preview:-1"},"canonical":"https:\/\/www.estrategiaconcursos.com.br\/blog\/revogacao-do-prazo-para-requerer-registro-apos-aprovacao-no-exame-cfc\/","og_locale":"pt_BR","og_type":"article","og_title":"Revoga\u00e7\u00e3o do Prazo para Requerer Registro Ap\u00f3s Aprova\u00e7\u00e3o no Exame CFC!","og_description":"Ol\u00e1, pessoal! Tudo bem? Aqui quem fala \u00e9 Gabriel Rabelo, Auditor Fiscal da Secretaria da Fazenda do Estado do Rio de Janeiro, Professor de Contabilidade e Coordenador do Exame de Sufici\u00eancia do CFC, aqui no Estrat\u00e9gia Concursos! J\u00e1 est\u00e3o no nosso Grupo de Estudos no Facebook? N\u00e3o? Diariamente, postamos quest\u00f5es, artigos, dicas, v\u00eddeos e muito [&hellip;]","og_url":"https:\/\/www.estrategiaconcursos.com.br\/blog\/revogacao-do-prazo-para-requerer-registro-apos-aprovacao-no-exame-cfc\/","og_site_name":"Estrat\u00e9gia Concursos","article_published_time":"2016-12-15T11:32:33+00:00","article_modified_time":"2020-12-09T14:16:39+00:00","author":"Gilmar Possati","twitter_card":"summary_large_image","twitter_creator":"@EstratConcursos","twitter_site":"@EstratConcursos","twitter_misc":{"Escrito por":"Gilmar Possati","Est. tempo de leitura":"2 minutos"},"schema":{"@context":"https:\/\/schema.org","@graph":[{"@type":"NewsArticle","@id":"https:\/\/www.estrategiaconcursos.com.br\/blog\/revogacao-do-prazo-para-requerer-registro-apos-aprovacao-no-exame-cfc\/#article","isPartOf":{"@id":"https:\/\/www.estrategiaconcursos.com.br\/blog\/revogacao-do-prazo-para-requerer-registro-apos-aprovacao-no-exame-cfc\/"},"author":{"name":"Gilmar Possati","@id":"https:\/\/www.estrategiaconcursos.com.br\/blog\/#\/schema\/person\/188fe3b44719eaa5bc41c32c039cac6b"},"headline":"Revoga\u00e7\u00e3o do Prazo para Requerer Registro Ap\u00f3s Aprova\u00e7\u00e3o no Exame CFC!","datePublished":"2016-12-15T11:32:33+00:00","dateModified":"2020-12-09T14:16:39+00:00","mainEntityOfPage":{"@id":"https:\/\/www.estrategiaconcursos.com.br\/blog\/revogacao-do-prazo-para-requerer-registro-apos-aprovacao-no-exame-cfc\/"},"wordCount":412,"commentCount":5,"publisher":{"@id":"https:\/\/www.estrategiaconcursos.com.br\/blog\/#organization"},"articleSection":["CFC"],"inLanguage":"pt-BR","potentialAction":[{"@type":"CommentAction","name":"Comment","target":["https:\/\/www.estrategiaconcursos.com.br\/blog\/revogacao-do-prazo-para-requerer-registro-apos-aprovacao-no-exame-cfc\/#respond"]}],"copyrightYear":"2016","copyrightHolder":{"@id":"https:\/\/www.estrategiaconcursos.com.br\/blog\/#organization"}},{"@type":"WebPage","@id":"https:\/\/www.estrategiaconcursos.com.br\/blog\/revogacao-do-prazo-para-requerer-registro-apos-aprovacao-no-exame-cfc\/","url":"https:\/\/www.estrategiaconcursos.com.br\/blog\/revogacao-do-prazo-para-requerer-registro-apos-aprovacao-no-exame-cfc\/","name":"Revoga\u00e7\u00e3o do Prazo para Requerer Registro Ap\u00f3s Aprova\u00e7\u00e3o no Exame CFC!","isPartOf":{"@id":"https:\/\/www.estrategiaconcursos.com.br\/blog\/#website"},"datePublished":"2016-12-15T11:32:33+00:00","dateModified":"2020-12-09T14:16:39+00:00","breadcrumb":{"@id":"https:\/\/www.estrategiaconcursos.com.br\/blog\/revogacao-do-prazo-para-requerer-registro-apos-aprovacao-no-exame-cfc\/#breadcrumb"},"inLanguage":"pt-BR","potentialAction":[{"@type":"ReadAction","target":["https:\/\/www.estrategiaconcursos.com.br\/blog\/revogacao-do-prazo-para-requerer-registro-apos-aprovacao-no-exame-cfc\/"]}]},{"@type":"BreadcrumbList","@id":"https:\/\/www.estrategiaconcursos.com.br\/blog\/revogacao-do-prazo-para-requerer-registro-apos-aprovacao-no-exame-cfc\/#breadcrumb","itemListElement":[{"@type":"ListItem","position":1,"name":"In\u00edcio","item":"https:\/\/www.estrategiaconcursos.com.br\/blog\/"},{"@type":"ListItem","position":2,"name":"Revoga\u00e7\u00e3o do Prazo para Requerer Registro Ap\u00f3s Aprova\u00e7\u00e3o no Exame CFC!"}]},{"@type":"WebSite","@id":"https:\/\/www.estrategiaconcursos.com.br\/blog\/#website","url":"https:\/\/www.estrategiaconcursos.com.br\/blog\/","name":"Estrat\u00e9gia Concursos","description":"O blog da Estrat\u00e9gia Concursos traz not\u00edcias sobre concursos e artigos de professores oferecendo cursos para concursos (pdf + videaulas) no site.","publisher":{"@id":"https:\/\/www.estrategiaconcursos.com.br\/blog\/#organization"},"potentialAction":[{"@type":"SearchAction","target":{"@type":"EntryPoint","urlTemplate":"https:\/\/www.estrategiaconcursos.com.br\/blog\/?s={search_term_string}"},"query-input":{"@type":"PropertyValueSpecification","valueRequired":true,"valueName":"search_term_string"}}],"inLanguage":"pt-BR"},{"@type":"Organization","@id":"https:\/\/www.estrategiaconcursos.com.br\/blog\/#organization","name":"Estrat\u00e9gia Concursos","url":"https:\/\/www.estrategiaconcursos.com.br\/blog\/","logo":{"@type":"ImageObject","inLanguage":"pt-BR","@id":"https:\/\/www.estrategiaconcursos.com.br\/blog\/#\/schema\/logo\/image\/","url":"https:\/\/dhg1h5j42swfq.cloudfront.net\/2025\/06\/03203428\/logo_concursos-1.jpg","contentUrl":"https:\/\/dhg1h5j42swfq.cloudfront.net\/2025\/06\/03203428\/logo_concursos-1.jpg","width":230,"height":60,"caption":"Estrat\u00e9gia Concursos"},"image":{"@id":"https:\/\/www.estrategiaconcursos.com.br\/blog\/#\/schema\/logo\/image\/"},"sameAs":["https:\/\/x.com\/EstratConcursos"]},{"@type":"Person","@id":"https:\/\/www.estrategiaconcursos.com.br\/blog\/#\/schema\/person\/188fe3b44719eaa5bc41c32c039cac6b","name":"Gilmar Possati","image":{"@type":"ImageObject","inLanguage":"pt-BR","@id":"https:\/\/secure.gravatar.com\/avatar\/43fd0aab7fcf179c089f6abbd56e33d7181f3b25b37192bfe1c321989c9e8866?s=96&d=mm&r=g","url":"https:\/\/secure.gravatar.com\/avatar\/43fd0aab7fcf179c089f6abbd56e33d7181f3b25b37192bfe1c321989c9e8866?s=96&d=mm&r=g","contentUrl":"https:\/\/secure.gravatar.com\/avatar\/43fd0aab7fcf179c089f6abbd56e33d7181f3b25b37192bfe1c321989c9e8866?s=96&d=mm&r=g","caption":"Gilmar Possati"},"url":"https:\/\/www.estrategiaconcursos.com.br\/blog\/author\/possatigmail-com\/"}]}},"_links":{"self":[{"href":"https:\/\/www.estrategiaconcursos.com.br\/blog\/wp-json\/wp\/v2\/posts\/57974","targetHints":{"allow":["GET"]}}],"collection":[{"href":"https:\/\/www.estrategiaconcursos.com.br\/blog\/wp-json\/wp\/v2\/posts"}],"about":[{"href":"https:\/\/www.estrategiaconcursos.com.br\/blog\/wp-json\/wp\/v2\/types\/post"}],"author":[{"embeddable":true,"href":"https:\/\/www.estrategiaconcursos.com.br\/blog\/wp-json\/wp\/v2\/users\/231"}],"replies":[{"embeddable":true,"href":"https:\/\/www.estrategiaconcursos.com.br\/blog\/wp-json\/wp\/v2\/comments?post=57974"}],"version-history":[{"count":6,"href":"https:\/\/www.estrategiaconcursos.com.br\/blog\/wp-json\/wp\/v2\/posts\/57974\/revisions"}],"predecessor-version":[{"id":413684,"href":"https:\/\/www.estrategiaconcursos.com.br\/blog\/wp-json\/wp\/v2\/posts\/57974\/revisions\/413684"}],"wp:attachment":[{"href":"https:\/\/www.estrategiaconcursos.com.br\/blog\/wp-json\/wp\/v2\/media?parent=57974"}],"wp:term":[{"taxonomy":"category","embeddable":true,"href":"https:\/\/www.estrategiaconcursos.com.br\/blog\/wp-json\/wp\/v2\/categories?post=57974"},{"taxonomy":"post_tag","embeddable":true,"href":"https:\/\/www.estrategiaconcursos.com.br\/blog\/wp-json\/wp\/v2\/tags?post=57974"},{"taxonomy":"tax_estado","embeddable":true,"href":"https:\/\/www.estrategiaconcursos.com.br\/blog\/wp-json\/wp\/v2\/tax_estado?post=57974"}],"curies":[{"name":"wp","href":"https:\/\/api.w.org\/{rel}","templated":true}]}}