{"id":579597,"date":"2020-10-05T18:15:00","date_gmt":"2020-10-05T21:15:00","guid":{"rendered":"https:\/\/www.estrategiaconcursos.com.br\/blog\/?p=579597"},"modified":"2023-06-20T14:00:51","modified_gmt":"2023-06-20T17:00:51","slug":"concurso-sefaz-es-edital-no-inicio-de-2021-esteja-preparado","status":"publish","type":"post","link":"https:\/\/www.estrategiaconcursos.com.br\/blog\/concurso-sefaz-es-edital-no-inicio-de-2021-esteja-preparado\/","title":{"rendered":"Concurso SEFAZ ES: Edital no in\u00edcio de 2021! Esteja preparado!"},"content":{"rendered":"\n<p>Um novo <strong>concurso para a Secretaria de Estado da Fazenda&nbsp;do Espirito Santo<\/strong> est\u00e1 cada vez mais&nbsp;perto de acontecer! Isso porque o Projeto de Lei Or\u00e7ament\u00e1rio do ano de 2021, encaminhado pelo governo para aprecia\u00e7\u00e3o e vota\u00e7\u00e3o na Assembleia Legislativa, prev\u00ea a realiza\u00e7\u00e3o do concurso.<\/p>\n\n\n\n<p>De acordo com informa\u00e7\u00f5es obtidas pela equipe de jornalismo do Estrat\u00e9gia, a inten\u00e7\u00e3o do \u00f3rg\u00e3o \u00e9 ofertar 50 vagas imediatas para o cargo de&nbsp;<strong>Auditor Fiscal da Receita Estadual<\/strong>, cujo sal\u00e1rio \u00e9 de R$ 12.069,75, com exig\u00eancia em n\u00edvel superior.<\/p>\n\n\n\n<p>Al\u00e9m disso, vale lembrar que, recentemente, foi constitu\u00edda uma nova Comiss\u00e3o Organizadora para o concurso. Conforme a portaria, fazem parte do grupo cinco servidores que ficar\u00e3o respons\u00e1veis por planejar, organizar e executar os trabalhos relacionados ao processo.<\/p>\n\n\n\n<p>Est\u00e1 preparado para este edital ou precisa de uma forcinha para refor\u00e7ar sua prepara\u00e7\u00e3o? Seja qual for sua resposta, voc\u00ea n\u00e3o pode perder nosso webin\u00e1rio especial sobre o concurso da Sefaz ES. Traremos um panorama completo da situa\u00e7\u00e3o atual e ainda daremos dicas valiosas de estudos!<\/p>\n\n\n\n<p>Voc\u00ea n\u00e3o pode perder! Nossa transmiss\u00e3o, ao vivo e totalmente gratuita, acontece <strong>nesta segunda-feira, 05 de outubro, com in\u00edcio \u00e0s 19h<\/strong>. Participe e saia na frente de seus concorrentes!<\/p>\n\n\n<figure class=\"wp-block-embed-youtube wp-block-embed is-type-video is-provider-youtube wp-embed-aspect-16-9 wp-has-aspect-ratio lyte-align aligncenter\"><div class=\"lyte-wrapper\" style=\"width:853px;max-width:100%;margin:5px;\"><div class=\"lyMe\" id=\"WYL_Z-xaQZ-dG4Y\"><div id=\"lyte_Z-xaQZ-dG4Y\" data-src=\"\/\/i.ytimg.com\/vi\/Z-xaQZ-dG4Y\/hqdefault.jpg\" class=\"pL\"><div class=\"tC\"><div class=\"tT\"><\/div><\/div><div class=\"play\"><\/div><div class=\"ctrl\"><div class=\"Lctrl\"><\/div><div class=\"Rctrl\"><\/div><\/div><\/div><noscript><a href=\"https:\/\/youtu.be\/Z-xaQZ-dG4Y\" rel=\"nofollow\"><img loading=\"lazy\" decoding=\"async\" src=\"https:\/\/i.ytimg.com\/vi\/Z-xaQZ-dG4Y\/0.jpg\" alt=\"YouTube video thumbnail\" width=\"853\" height=\"460\" \/><br \/>Assista a este v\u00eddeo no YouTube<\/a><\/noscript><\/div><\/div><div class=\"lL\" style=\"max-width:100%;width:853px;margin:5px;\"><\/div><figcaption><\/figcaption><\/figure>\n\n\n<p class=\"has-text-align-center has-background has-medium-font-size\" style=\"background-color:#eef0f1\"><strong>Saiba mais: <a href=\"https:\/\/www.estrategiaconcursos.com.br\/blog\/concurso-sefaz-es\/\" target=\"_blank\" rel=\"noreferrer noopener\">Concurso Sefaz ES<\/a><\/strong><\/p>\n\n\n\n<hr class=\"wp-block-separator has-css-opacity\"\/>\n\n\n\n<p class=\"has-text-align-center has-medium-font-size\"><strong>Quer estudar para o concurso Sefaz ES? Ent\u00e3o, aproveite nossa promo\u00e7\u00e3o!<\/strong><\/p>\n\n\n\n<p class=\"has-text-align-center has-luminous-vivid-amber-background-color has-background\" style=\"font-size:clamp(14.642px, 0.915rem + ((1vw - 3.2px) * 0.721), 22px);px\"><a href=\"https:\/\/www.estrategiaconcursos.com.br\/cursosPorConcurso\/promocao-pacotes-para-sefaz-es\/\" target=\"_blank\" rel=\"noreferrer noopener\"><strong>Pacote promocional &#8211; Sefaz ES<\/strong><\/a><\/p>\n\n\n\n<p class=\"has-text-align-center has-medium-font-size\"><em><strong>Assinatura Anual Ilimitada*<\/strong><\/em><\/p>\n\n\n\n<p class=\"has-text-align-center\"><em>Prepare-se com o melhor material e com quem mais aprova em Concursos P\u00fablicos em todo o pa\u00eds. Assine agora a nossa Assinatura Anual e tenha acesso ilimitado* a todos os nossos cursos.<\/em><\/p>\n\n\n\n<p class=\"has-text-align-center has-light-green-cyan-background-color has-background\" style=\"font-size:clamp(14.642px, 0.915rem + ((1vw - 3.2px) * 0.721), 22px);px\"><strong>ASSINE AGORA<\/strong>&nbsp;\u2013&nbsp;<a rel=\"noreferrer noopener\" href=\"https:\/\/www.estrategiaconcursos.com.br\/assinaturas\" target=\"_blank\"><strong>Assinatura Ilimitada<\/strong><\/a><\/p>\n\n\n\n<p class=\"has-text-align-center has-medium-font-size\"><strong><em><strong>Sistema de Quest\u00f5es<\/strong><\/em><\/strong><\/p>\n\n\n\n<p class=\"has-text-align-center\"><em>Estrat\u00e9gia Quest\u00f5es nasceu maior do que todos os concorrentes, com mais quest\u00f5es cadastradas e mais solu\u00e7\u00f5es por professores. Clique no link e aproveite os descontos e b\u00f4nus imperd\u00edveis!<\/em><\/p>\n\n\n\n<p class=\"has-text-align-center has-vivid-green-cyan-background-color has-background\" style=\"font-size:clamp(14.642px, 0.915rem + ((1vw - 3.2px) * 0.721), 22px);px\"><strong>ASSINE AGORA \u2013&nbsp;<a href=\"https:\/\/www.estrategiaconcursos.com.br\/cursosPorConcurso\/sistema-de-questoes\/#\/\" target=\"_blank\" rel=\"noreferrer noopener\">Sistema de Quest\u00f5es<\/a><\/strong><\/p>\n\n\n\n<p class=\"has-text-align-center has-medium-font-size\"><strong><em>Fique por dentro de todos os concursos<\/em><\/strong><\/p>\n\n\n\n<p class=\"has-text-align-center has-pale-cyan-blue-background-color has-background\" style=\"font-size:clamp(14.642px, 0.915rem + ((1vw - 3.2px) * 0.721), 22px);px\"><a rel=\"noreferrer noopener\" href=\"https:\/\/www.estrategiaconcursos.com.br\/blog\/concursos-abertos\/\" target=\"_blank\"><strong>CONCURSOS ABERTOS<\/strong><\/a><\/p>\n","protected":false},"excerpt":{"rendered":"<p>Um novo concurso para a Secretaria de Estado da Fazenda&nbsp;do Espirito Santo est\u00e1 cada vez mais&nbsp;perto de acontecer! Isso porque o Projeto de Lei Or\u00e7ament\u00e1rio do ano de 2021, encaminhado pelo governo para aprecia\u00e7\u00e3o e vota\u00e7\u00e3o na Assembleia Legislativa, prev\u00ea a realiza\u00e7\u00e3o do concurso. De acordo com informa\u00e7\u00f5es obtidas pela equipe de jornalismo do Estrat\u00e9gia, [&hellip;]<\/p>\n","protected":false},"author":232,"featured_media":582341,"comment_status":"open","ping_status":"closed","sticky":false,"template":"","format":"standard","meta":{"post_tipo":"news","footnotes":""},"categories":[1983],"tags":[],"tax_estado":[219971],"class_list":["post-579597","post","type-post","status-publish","format-standard","has-post-thumbnail","hentry","category-fiscal-estadual","tax_estado-es"],"acf":[],"yoast_head":"<!-- This site is optimized with the Yoast SEO Premium plugin v27.2 (Yoast SEO v27.2) - https:\/\/yoast.com\/product\/yoast-seo-premium-wordpress\/ -->\n<title>Concurso SEFAZ ES: Edital no in\u00edcio de 2021! Esteja preparado!<\/title>\n<meta name=\"robots\" content=\"index, follow, max-snippet:-1, max-image-preview:large, max-video-preview:-1\" \/>\n<link rel=\"canonical\" href=\"https:\/\/www.estrategiaconcursos.com.br\/blog\/concurso-sefaz-es-edital-no-inicio-de-2021-esteja-preparado\/\" \/>\n<meta property=\"og:locale\" content=\"pt_BR\" \/>\n<meta property=\"og:type\" content=\"article\" \/>\n<meta property=\"og:title\" content=\"Concurso SEFAZ ES: Edital no in\u00edcio de 2021! Esteja preparado!\" \/>\n<meta property=\"og:description\" content=\"Um novo concurso para a Secretaria de Estado da Fazenda&nbsp;do Espirito Santo est\u00e1 cada vez mais&nbsp;perto de acontecer! Isso porque o Projeto de Lei Or\u00e7ament\u00e1rio do ano de 2021, encaminhado pelo governo para aprecia\u00e7\u00e3o e vota\u00e7\u00e3o na Assembleia Legislativa, prev\u00ea a realiza\u00e7\u00e3o do concurso. De acordo com informa\u00e7\u00f5es obtidas pela equipe de jornalismo do Estrat\u00e9gia, [&hellip;]\" \/>\n<meta property=\"og:url\" content=\"https:\/\/www.estrategiaconcursos.com.br\/blog\/concurso-sefaz-es-edital-no-inicio-de-2021-esteja-preparado\/\" \/>\n<meta property=\"og:site_name\" content=\"Estrat\u00e9gia Concursos\" \/>\n<meta property=\"article:published_time\" content=\"2020-10-05T21:15:00+00:00\" \/>\n<meta property=\"article:modified_time\" content=\"2023-06-20T17:00:51+00:00\" \/>\n<meta property=\"og:image\" content=\"https:\/\/dhg1h5j42swfq.cloudfront.net\/2020\/10\/02181935\/YTB-8.jpg\" \/>\n\t<meta property=\"og:image:width\" content=\"1280\" \/>\n\t<meta property=\"og:image:height\" content=\"720\" \/>\n\t<meta property=\"og:image:type\" content=\"image\/jpeg\" \/>\n<meta name=\"author\" content=\"J\u00falio Cardozo\" \/>\n<meta name=\"twitter:card\" content=\"summary_large_image\" \/>\n<meta name=\"twitter:creator\" content=\"@EstratConcursos\" \/>\n<meta name=\"twitter:site\" content=\"@EstratConcursos\" \/>\n<meta name=\"twitter:label1\" content=\"Escrito por\" \/>\n\t<meta name=\"twitter:data1\" content=\"J\u00falio Cardozo\" \/>\n\t<meta name=\"twitter:label2\" content=\"Est. tempo de leitura\" \/>\n\t<meta name=\"twitter:data2\" content=\"2 minutos\" \/>\n<script type=\"application\/ld+json\" class=\"yoast-schema-graph\">{\"@context\":\"https:\/\/schema.org\",\"@graph\":[{\"@type\":\"NewsArticle\",\"@id\":\"https:\/\/www.estrategiaconcursos.com.br\/blog\/concurso-sefaz-es-edital-no-inicio-de-2021-esteja-preparado\/#article\",\"isPartOf\":{\"@id\":\"https:\/\/www.estrategiaconcursos.com.br\/blog\/concurso-sefaz-es-edital-no-inicio-de-2021-esteja-preparado\/\"},\"author\":{\"name\":\"J\u00falio Cardozo\",\"@id\":\"https:\/\/www.estrategiaconcursos.com.br\/blog\/#\/schema\/person\/12b17ad2ca38b568b2f16011da699962\"},\"headline\":\"Concurso SEFAZ ES: Edital no in\u00edcio de 2021! Esteja preparado!\",\"datePublished\":\"2020-10-05T21:15:00+00:00\",\"dateModified\":\"2023-06-20T17:00:51+00:00\",\"mainEntityOfPage\":{\"@id\":\"https:\/\/www.estrategiaconcursos.com.br\/blog\/concurso-sefaz-es-edital-no-inicio-de-2021-esteja-preparado\/\"},\"wordCount\":358,\"commentCount\":0,\"publisher\":{\"@id\":\"https:\/\/www.estrategiaconcursos.com.br\/blog\/#organization\"},\"image\":{\"@id\":\"https:\/\/www.estrategiaconcursos.com.br\/blog\/concurso-sefaz-es-edital-no-inicio-de-2021-esteja-preparado\/#primaryimage\"},\"thumbnailUrl\":\"https:\/\/dhg1h5j42swfq.cloudfront.net\/2020\/10\/02181935\/YTB-8.jpg\",\"articleSection\":[\"Fiscal - Estadual (ICMS)\"],\"inLanguage\":\"pt-BR\",\"potentialAction\":[{\"@type\":\"CommentAction\",\"name\":\"Comment\",\"target\":[\"https:\/\/www.estrategiaconcursos.com.br\/blog\/concurso-sefaz-es-edital-no-inicio-de-2021-esteja-preparado\/#respond\"]}],\"copyrightYear\":\"2020\",\"copyrightHolder\":{\"@id\":\"https:\/\/www.estrategiaconcursos.com.br\/blog\/#organization\"}},{\"@type\":\"WebPage\",\"@id\":\"https:\/\/www.estrategiaconcursos.com.br\/blog\/concurso-sefaz-es-edital-no-inicio-de-2021-esteja-preparado\/\",\"url\":\"https:\/\/www.estrategiaconcursos.com.br\/blog\/concurso-sefaz-es-edital-no-inicio-de-2021-esteja-preparado\/\",\"name\":\"Concurso SEFAZ ES: Edital no in\u00edcio de 2021! Esteja preparado!\",\"isPartOf\":{\"@id\":\"https:\/\/www.estrategiaconcursos.com.br\/blog\/#website\"},\"primaryImageOfPage\":{\"@id\":\"https:\/\/www.estrategiaconcursos.com.br\/blog\/concurso-sefaz-es-edital-no-inicio-de-2021-esteja-preparado\/#primaryimage\"},\"image\":{\"@id\":\"https:\/\/www.estrategiaconcursos.com.br\/blog\/concurso-sefaz-es-edital-no-inicio-de-2021-esteja-preparado\/#primaryimage\"},\"thumbnailUrl\":\"https:\/\/dhg1h5j42swfq.cloudfront.net\/2020\/10\/02181935\/YTB-8.jpg\",\"datePublished\":\"2020-10-05T21:15:00+00:00\",\"dateModified\":\"2023-06-20T17:00:51+00:00\",\"breadcrumb\":{\"@id\":\"https:\/\/www.estrategiaconcursos.com.br\/blog\/concurso-sefaz-es-edital-no-inicio-de-2021-esteja-preparado\/#breadcrumb\"},\"inLanguage\":\"pt-BR\",\"potentialAction\":[{\"@type\":\"ReadAction\",\"target\":[\"https:\/\/www.estrategiaconcursos.com.br\/blog\/concurso-sefaz-es-edital-no-inicio-de-2021-esteja-preparado\/\"]}]},{\"@type\":\"ImageObject\",\"inLanguage\":\"pt-BR\",\"@id\":\"https:\/\/www.estrategiaconcursos.com.br\/blog\/concurso-sefaz-es-edital-no-inicio-de-2021-esteja-preparado\/#primaryimage\",\"url\":\"https:\/\/dhg1h5j42swfq.cloudfront.net\/2020\/10\/02181935\/YTB-8.jpg\",\"contentUrl\":\"https:\/\/dhg1h5j42swfq.cloudfront.net\/2020\/10\/02181935\/YTB-8.jpg\",\"width\":1280,\"height\":720},{\"@type\":\"BreadcrumbList\",\"@id\":\"https:\/\/www.estrategiaconcursos.com.br\/blog\/concurso-sefaz-es-edital-no-inicio-de-2021-esteja-preparado\/#breadcrumb\",\"itemListElement\":[{\"@type\":\"ListItem\",\"position\":1,\"name\":\"In\u00edcio\",\"item\":\"https:\/\/www.estrategiaconcursos.com.br\/blog\/\"},{\"@type\":\"ListItem\",\"position\":2,\"name\":\"Concurso SEFAZ ES: Edital no in\u00edcio de 2021! Esteja preparado!\"}]},{\"@type\":\"WebSite\",\"@id\":\"https:\/\/www.estrategiaconcursos.com.br\/blog\/#website\",\"url\":\"https:\/\/www.estrategiaconcursos.com.br\/blog\/\",\"name\":\"Estrat\u00e9gia Concursos\",\"description\":\"O blog da Estrat\u00e9gia Concursos traz not\u00edcias sobre concursos e artigos de professores oferecendo cursos para concursos (pdf + videaulas) no site.\",\"publisher\":{\"@id\":\"https:\/\/www.estrategiaconcursos.com.br\/blog\/#organization\"},\"potentialAction\":[{\"@type\":\"SearchAction\",\"target\":{\"@type\":\"EntryPoint\",\"urlTemplate\":\"https:\/\/www.estrategiaconcursos.com.br\/blog\/?s={search_term_string}\"},\"query-input\":{\"@type\":\"PropertyValueSpecification\",\"valueRequired\":true,\"valueName\":\"search_term_string\"}}],\"inLanguage\":\"pt-BR\"},{\"@type\":\"Organization\",\"@id\":\"https:\/\/www.estrategiaconcursos.com.br\/blog\/#organization\",\"name\":\"Estrat\u00e9gia Concursos\",\"url\":\"https:\/\/www.estrategiaconcursos.com.br\/blog\/\",\"logo\":{\"@type\":\"ImageObject\",\"inLanguage\":\"pt-BR\",\"@id\":\"https:\/\/www.estrategiaconcursos.com.br\/blog\/#\/schema\/logo\/image\/\",\"url\":\"https:\/\/dhg1h5j42swfq.cloudfront.net\/2025\/06\/03203428\/logo_concursos-1.jpg\",\"contentUrl\":\"https:\/\/dhg1h5j42swfq.cloudfront.net\/2025\/06\/03203428\/logo_concursos-1.jpg\",\"width\":230,\"height\":60,\"caption\":\"Estrat\u00e9gia Concursos\"},\"image\":{\"@id\":\"https:\/\/www.estrategiaconcursos.com.br\/blog\/#\/schema\/logo\/image\/\"},\"sameAs\":[\"https:\/\/x.com\/EstratConcursos\"]},{\"@type\":\"Person\",\"@id\":\"https:\/\/www.estrategiaconcursos.com.br\/blog\/#\/schema\/person\/12b17ad2ca38b568b2f16011da699962\",\"name\":\"J\u00falio Cardozo\",\"image\":{\"@type\":\"ImageObject\",\"inLanguage\":\"pt-BR\",\"@id\":\"https:\/\/secure.gravatar.com\/avatar\/6f8135f7704452fdc38c593047ee5eebfecbe6f9e848790fed37d598268b7382?s=96&d=mm&r=g\",\"url\":\"https:\/\/secure.gravatar.com\/avatar\/6f8135f7704452fdc38c593047ee5eebfecbe6f9e848790fed37d598268b7382?s=96&d=mm&r=g\",\"contentUrl\":\"https:\/\/secure.gravatar.com\/avatar\/6f8135f7704452fdc38c593047ee5eebfecbe6f9e848790fed37d598268b7382?s=96&d=mm&r=g\",\"caption\":\"J\u00falio Cardozo\"},\"url\":\"https:\/\/www.estrategiaconcursos.com.br\/blog\/author\/julio_cesardasilvahotmail-com\/\"}]}<\/script>\n<!-- \/ Yoast SEO Premium plugin. -->","yoast_head_json":{"title":"Concurso SEFAZ ES: Edital no in\u00edcio de 2021! Esteja preparado!","robots":{"index":"index","follow":"follow","max-snippet":"max-snippet:-1","max-image-preview":"max-image-preview:large","max-video-preview":"max-video-preview:-1"},"canonical":"https:\/\/www.estrategiaconcursos.com.br\/blog\/concurso-sefaz-es-edital-no-inicio-de-2021-esteja-preparado\/","og_locale":"pt_BR","og_type":"article","og_title":"Concurso SEFAZ ES: Edital no in\u00edcio de 2021! Esteja preparado!","og_description":"Um novo concurso para a Secretaria de Estado da Fazenda&nbsp;do Espirito Santo est\u00e1 cada vez mais&nbsp;perto de acontecer! Isso porque o Projeto de Lei Or\u00e7ament\u00e1rio do ano de 2021, encaminhado pelo governo para aprecia\u00e7\u00e3o e vota\u00e7\u00e3o na Assembleia Legislativa, prev\u00ea a realiza\u00e7\u00e3o do concurso. De acordo com informa\u00e7\u00f5es obtidas pela equipe de jornalismo do Estrat\u00e9gia, [&hellip;]","og_url":"https:\/\/www.estrategiaconcursos.com.br\/blog\/concurso-sefaz-es-edital-no-inicio-de-2021-esteja-preparado\/","og_site_name":"Estrat\u00e9gia Concursos","article_published_time":"2020-10-05T21:15:00+00:00","article_modified_time":"2023-06-20T17:00:51+00:00","og_image":[{"width":1280,"height":720,"url":"https:\/\/dhg1h5j42swfq.cloudfront.net\/2020\/10\/02181935\/YTB-8.jpg","type":"image\/jpeg"}],"author":"J\u00falio Cardozo","twitter_card":"summary_large_image","twitter_creator":"@EstratConcursos","twitter_site":"@EstratConcursos","twitter_misc":{"Escrito por":"J\u00falio Cardozo","Est. tempo de leitura":"2 minutos"},"schema":{"@context":"https:\/\/schema.org","@graph":[{"@type":"NewsArticle","@id":"https:\/\/www.estrategiaconcursos.com.br\/blog\/concurso-sefaz-es-edital-no-inicio-de-2021-esteja-preparado\/#article","isPartOf":{"@id":"https:\/\/www.estrategiaconcursos.com.br\/blog\/concurso-sefaz-es-edital-no-inicio-de-2021-esteja-preparado\/"},"author":{"name":"J\u00falio Cardozo","@id":"https:\/\/www.estrategiaconcursos.com.br\/blog\/#\/schema\/person\/12b17ad2ca38b568b2f16011da699962"},"headline":"Concurso SEFAZ ES: Edital no in\u00edcio de 2021! Esteja preparado!","datePublished":"2020-10-05T21:15:00+00:00","dateModified":"2023-06-20T17:00:51+00:00","mainEntityOfPage":{"@id":"https:\/\/www.estrategiaconcursos.com.br\/blog\/concurso-sefaz-es-edital-no-inicio-de-2021-esteja-preparado\/"},"wordCount":358,"commentCount":0,"publisher":{"@id":"https:\/\/www.estrategiaconcursos.com.br\/blog\/#organization"},"image":{"@id":"https:\/\/www.estrategiaconcursos.com.br\/blog\/concurso-sefaz-es-edital-no-inicio-de-2021-esteja-preparado\/#primaryimage"},"thumbnailUrl":"https:\/\/dhg1h5j42swfq.cloudfront.net\/2020\/10\/02181935\/YTB-8.jpg","articleSection":["Fiscal - Estadual (ICMS)"],"inLanguage":"pt-BR","potentialAction":[{"@type":"CommentAction","name":"Comment","target":["https:\/\/www.estrategiaconcursos.com.br\/blog\/concurso-sefaz-es-edital-no-inicio-de-2021-esteja-preparado\/#respond"]}],"copyrightYear":"2020","copyrightHolder":{"@id":"https:\/\/www.estrategiaconcursos.com.br\/blog\/#organization"}},{"@type":"WebPage","@id":"https:\/\/www.estrategiaconcursos.com.br\/blog\/concurso-sefaz-es-edital-no-inicio-de-2021-esteja-preparado\/","url":"https:\/\/www.estrategiaconcursos.com.br\/blog\/concurso-sefaz-es-edital-no-inicio-de-2021-esteja-preparado\/","name":"Concurso SEFAZ ES: Edital no in\u00edcio de 2021! Esteja preparado!","isPartOf":{"@id":"https:\/\/www.estrategiaconcursos.com.br\/blog\/#website"},"primaryImageOfPage":{"@id":"https:\/\/www.estrategiaconcursos.com.br\/blog\/concurso-sefaz-es-edital-no-inicio-de-2021-esteja-preparado\/#primaryimage"},"image":{"@id":"https:\/\/www.estrategiaconcursos.com.br\/blog\/concurso-sefaz-es-edital-no-inicio-de-2021-esteja-preparado\/#primaryimage"},"thumbnailUrl":"https:\/\/dhg1h5j42swfq.cloudfront.net\/2020\/10\/02181935\/YTB-8.jpg","datePublished":"2020-10-05T21:15:00+00:00","dateModified":"2023-06-20T17:00:51+00:00","breadcrumb":{"@id":"https:\/\/www.estrategiaconcursos.com.br\/blog\/concurso-sefaz-es-edital-no-inicio-de-2021-esteja-preparado\/#breadcrumb"},"inLanguage":"pt-BR","potentialAction":[{"@type":"ReadAction","target":["https:\/\/www.estrategiaconcursos.com.br\/blog\/concurso-sefaz-es-edital-no-inicio-de-2021-esteja-preparado\/"]}]},{"@type":"ImageObject","inLanguage":"pt-BR","@id":"https:\/\/www.estrategiaconcursos.com.br\/blog\/concurso-sefaz-es-edital-no-inicio-de-2021-esteja-preparado\/#primaryimage","url":"https:\/\/dhg1h5j42swfq.cloudfront.net\/2020\/10\/02181935\/YTB-8.jpg","contentUrl":"https:\/\/dhg1h5j42swfq.cloudfront.net\/2020\/10\/02181935\/YTB-8.jpg","width":1280,"height":720},{"@type":"BreadcrumbList","@id":"https:\/\/www.estrategiaconcursos.com.br\/blog\/concurso-sefaz-es-edital-no-inicio-de-2021-esteja-preparado\/#breadcrumb","itemListElement":[{"@type":"ListItem","position":1,"name":"In\u00edcio","item":"https:\/\/www.estrategiaconcursos.com.br\/blog\/"},{"@type":"ListItem","position":2,"name":"Concurso SEFAZ ES: Edital no in\u00edcio de 2021! Esteja preparado!"}]},{"@type":"WebSite","@id":"https:\/\/www.estrategiaconcursos.com.br\/blog\/#website","url":"https:\/\/www.estrategiaconcursos.com.br\/blog\/","name":"Estrat\u00e9gia Concursos","description":"O blog da Estrat\u00e9gia Concursos traz not\u00edcias sobre concursos e artigos de professores oferecendo cursos para concursos (pdf + videaulas) no site.","publisher":{"@id":"https:\/\/www.estrategiaconcursos.com.br\/blog\/#organization"},"potentialAction":[{"@type":"SearchAction","target":{"@type":"EntryPoint","urlTemplate":"https:\/\/www.estrategiaconcursos.com.br\/blog\/?s={search_term_string}"},"query-input":{"@type":"PropertyValueSpecification","valueRequired":true,"valueName":"search_term_string"}}],"inLanguage":"pt-BR"},{"@type":"Organization","@id":"https:\/\/www.estrategiaconcursos.com.br\/blog\/#organization","name":"Estrat\u00e9gia Concursos","url":"https:\/\/www.estrategiaconcursos.com.br\/blog\/","logo":{"@type":"ImageObject","inLanguage":"pt-BR","@id":"https:\/\/www.estrategiaconcursos.com.br\/blog\/#\/schema\/logo\/image\/","url":"https:\/\/dhg1h5j42swfq.cloudfront.net\/2025\/06\/03203428\/logo_concursos-1.jpg","contentUrl":"https:\/\/dhg1h5j42swfq.cloudfront.net\/2025\/06\/03203428\/logo_concursos-1.jpg","width":230,"height":60,"caption":"Estrat\u00e9gia Concursos"},"image":{"@id":"https:\/\/www.estrategiaconcursos.com.br\/blog\/#\/schema\/logo\/image\/"},"sameAs":["https:\/\/x.com\/EstratConcursos"]},{"@type":"Person","@id":"https:\/\/www.estrategiaconcursos.com.br\/blog\/#\/schema\/person\/12b17ad2ca38b568b2f16011da699962","name":"J\u00falio Cardozo","image":{"@type":"ImageObject","inLanguage":"pt-BR","@id":"https:\/\/secure.gravatar.com\/avatar\/6f8135f7704452fdc38c593047ee5eebfecbe6f9e848790fed37d598268b7382?s=96&d=mm&r=g","url":"https:\/\/secure.gravatar.com\/avatar\/6f8135f7704452fdc38c593047ee5eebfecbe6f9e848790fed37d598268b7382?s=96&d=mm&r=g","contentUrl":"https:\/\/secure.gravatar.com\/avatar\/6f8135f7704452fdc38c593047ee5eebfecbe6f9e848790fed37d598268b7382?s=96&d=mm&r=g","caption":"J\u00falio Cardozo"},"url":"https:\/\/www.estrategiaconcursos.com.br\/blog\/author\/julio_cesardasilvahotmail-com\/"}]}},"_links":{"self":[{"href":"https:\/\/www.estrategiaconcursos.com.br\/blog\/wp-json\/wp\/v2\/posts\/579597","targetHints":{"allow":["GET"]}}],"collection":[{"href":"https:\/\/www.estrategiaconcursos.com.br\/blog\/wp-json\/wp\/v2\/posts"}],"about":[{"href":"https:\/\/www.estrategiaconcursos.com.br\/blog\/wp-json\/wp\/v2\/types\/post"}],"author":[{"embeddable":true,"href":"https:\/\/www.estrategiaconcursos.com.br\/blog\/wp-json\/wp\/v2\/users\/232"}],"replies":[{"embeddable":true,"href":"https:\/\/www.estrategiaconcursos.com.br\/blog\/wp-json\/wp\/v2\/comments?post=579597"}],"version-history":[{"count":5,"href":"https:\/\/www.estrategiaconcursos.com.br\/blog\/wp-json\/wp\/v2\/posts\/579597\/revisions"}],"predecessor-version":[{"id":1235682,"href":"https:\/\/www.estrategiaconcursos.com.br\/blog\/wp-json\/wp\/v2\/posts\/579597\/revisions\/1235682"}],"wp:featuredmedia":[{"embeddable":true,"href":"https:\/\/www.estrategiaconcursos.com.br\/blog\/wp-json\/wp\/v2\/media\/582341"}],"wp:attachment":[{"href":"https:\/\/www.estrategiaconcursos.com.br\/blog\/wp-json\/wp\/v2\/media?parent=579597"}],"wp:term":[{"taxonomy":"category","embeddable":true,"href":"https:\/\/www.estrategiaconcursos.com.br\/blog\/wp-json\/wp\/v2\/categories?post=579597"},{"taxonomy":"post_tag","embeddable":true,"href":"https:\/\/www.estrategiaconcursos.com.br\/blog\/wp-json\/wp\/v2\/tags?post=579597"},{"taxonomy":"tax_estado","embeddable":true,"href":"https:\/\/www.estrategiaconcursos.com.br\/blog\/wp-json\/wp\/v2\/tax_estado?post=579597"}],"curies":[{"name":"wp","href":"https:\/\/api.w.org\/{rel}","templated":true}]}}