{"id":579451,"date":"2021-07-26T15:42:00","date_gmt":"2021-07-26T18:42:00","guid":{"rendered":"https:\/\/www.estrategiaconcursos.com.br\/blog\/?p=579451"},"modified":"2021-07-27T17:02:03","modified_gmt":"2021-07-27T20:02:03","slug":"concurso-pgm-francisco-badaro","status":"publish","type":"post","link":"https:\/\/www.estrategiaconcursos.com.br\/blog\/concurso-pgm-francisco-badaro\/","title":{"rendered":"Concurso PGM Francisco Badar\u00f3: prova remarcada! Confira!"},"content":{"rendered":"\n<p>A etapa objetiva do concurso PGM Francisco Badar\u00f3 foi <a href=\"https:\/\/cotec.fadenor.com.br\/assets\/documentos\/427\/edital\/7%C2%AA_Retifica%C3%A7%C3%A3o_(Prorroga%C3%A7%C3%A3o_da_aplica%C3%A7%C3%A3o_das_Provas).pdf?time=20212607331549\" target=\"_blank\" rel=\"noreferrer noopener nofollow\">alterada<\/a>. De acordo com o novo cronograma, as provas objetivas foram remarcadas para o dia 05\/12\/2021. A sele\u00e7\u00e3o oferta <strong>1 vaga para Procurador do Munic\u00edpio <\/strong>localizado no Estado de Minas Gerais. A remunera\u00e7\u00e3o ofertada \u00e9 de R$ 2.229,17, para uma carga hor\u00e1ria de 40 horas semanais.<\/p>\n\n\n\n<ul id=\"block-ee678516-e9d1-48bd-b327-7b9acd55f0fd\" class=\"has-luminous-vivid-amber-background-color has-background wp-block-list\"><li><strong>Concurso PGM Francisco Badar\u00f3<\/strong><\/li><li><strong>Status:\u00a0<\/strong>provas remarcadas<\/li><li><strong>Prova Objetiva<\/strong>: 05\/12\/2021<\/li><li><strong>Banca:\u00a0<\/strong>Fadenor<\/li><li><strong>Vagas:\u00a0<\/strong>01 <\/li><li><strong>Sal\u00e1rio inicial:<\/strong>\u00a0R$ 2.229,17<\/li><\/ul>\n\n\n\n<div class=\"container\" id=\"boxes\">\n  <div class=\"row\">\n\n    <div class=\"col-sm\">\n      <div class=\"banner-ecj\" id=\"box-assinatura\">\n        <h3 class=\"titulo-assinatura\">Curso para  PGM Francisco Badar\u00f3<\/h3>\n        <p class=\"subtitulo-assinatura\">Cursos focados no edital do concurso<\/p>\n        <div class=\"box-botao\">\n          <a class=\"btn-assinatura\" target=\"_blank\" href=\"https:\/\/www.estrategiaconcursos.com.br\/cursosPorConcurso\/pgm-francisco-badaro-mg\/\" role=\"button\" rel=\"noopener noreferrer\">Conhe\u00e7a mais<\/a>\n        <\/div>\n      <\/div>\n      <p class=\"texto-auxiliar\">Prepare-se com o melhor material e com quem mais aprova em concursos de Procuradorias em todo o pa\u00eds. \n<\/p>\n    <\/div>\n\n  <\/div>\n<\/div>\n\n\n\n<ul class=\"wp-block-list\"><li><strong><a href=\"#atual\">Situa\u00e7\u00e3o atual do concurso<\/a><\/strong><ul><li><strong><a href=\"#datas\">Principais datas<\/a><\/strong><\/li><\/ul><\/li><li><strong><a href=\"#carreira\">Carreira<\/a><\/strong><ul><li><strong><a href=\"#requisitos\">Requisitos do cargo<\/a><\/strong><\/li><li><strong><a href=\"#atribuicoes\">Atribui\u00e7\u00f5es do cargo<\/a><\/strong><\/li><\/ul><\/li><li><strong><a href=\"#etapas\">Etapas do concurso<\/a><\/strong><ul><li><strong><a href=\"#objetiva\">Prova objetiva<\/a><\/strong><\/li><\/ul><\/li><li><strong><a href=\"#cursos\">Cursos <\/a><\/strong><\/li><li><strong><a href=\"#telegram\">Nosso grupos no Telegram<\/a><\/strong><\/li><li><strong><a href=\"#ficha\">Ficha t\u00e9cnica<\/a><\/strong><\/li><\/ul>\n\n\n\n<h2 class=\"wp-block-heading\" id=\"atual\">Concurso PGM Francisco Badar\u00f3: situa\u00e7\u00e3o atual<\/h2>\n\n\n\n<h4 class=\"wp-block-heading\" id=\"datas\">Principais datas<\/h4>\n\n\n\n<p class=\"has-luminous-vivid-amber-background-color has-background\"><strong>Inscri\u00e7\u00f5es<\/strong>: <s>17\/12\/2020 a 05\/02\/2021<\/s><br \/><strong>Isen\u00e7\u00e3o:<\/strong> <s>07\/12 a 09\/12\/2020<\/s><br \/><strong>Taxa de inscri\u00e7\u00e3o<\/strong>: R$ 100,00<br \/><strong>Prova<\/strong>: 05\/12\/2021<\/p>\n\n\n\n<h2 class=\"wp-block-heading\" id=\"carreira\">Concurso PGM Francisco Badar\u00f3: carreira<\/h2>\n\n\n\n<h4 class=\"wp-block-heading\" id=\"requisitos\">Requisitos <\/h4>\n\n\n\n<p>Para ingressar na carreira de Procurador Municipal de Francisco Badar\u00f3 \u00e9 necess\u00e1rio ser <strong>bacharel em Direito<\/strong> e estar regularmente inscrito como advogado nos quadros da <strong>Ordem dos Advogados do Brasil <\/strong>(<strong>OAB).<\/strong><\/p>\n\n\n\n<p class=\"has-text-align-center has-luminous-vivid-amber-background-color has-background\"><em>O edital <strong>n\u00e3o<\/strong> exige comprova\u00e7\u00e3o de pr\u00e1tica forense. <\/em><\/p>\n\n\n\n<h4 class=\"wp-block-heading\" id=\"atribuicoes\">Atribui\u00e7\u00f5es <\/h4>\n\n\n\n<p>S\u00e3o atribui\u00e7\u00f5es anal\u00edticas dos Procuradores Municipais de Francisco Badar\u00f3:<\/p>\n\n\n\n<ul class=\"wp-block-list\"><li><em>Exercer as fun\u00e7\u00f5es estrat\u00e9gicas de planejamento, orienta\u00e7\u00e3o, coordena\u00e7\u00e3o, controle e revis\u00e3o no \u00e2mbito de sua atua\u00e7\u00e3o, de modo a oferecer condi\u00e7\u00f5es de tramita\u00e7\u00e3o mais r\u00e1pida de processos na esfera administrativa e decis\u00f3ria; <\/em><\/li><li><em>Propor, para aprova\u00e7\u00e3o do Chefe do Executivo, projetos, programas e planos de metas da Procuradoria Geral do Munic\u00edpio; <\/em><\/li><li><em>Estabelecer o Plano Anual de Trabalho da Pasta e as diretrizes para a Proposta Or\u00e7ament\u00e1ria do exerc\u00edcio seguinte; <\/em><\/li><li><em>Representar o Munic\u00edpio judicial e extrajudicialmente; <\/em><\/li><li><em>Exercer atividade de consultoria e o assessoramento jur\u00eddico ao Poder Executivo; <\/em><\/li><li><em>Acompanhar judicialmente os processos j\u00e1 existentes e ajuizar novos;<\/em><\/li><li><em>Orientar as Secretarias para que atuem de acordo com a legalidade, auxiliando-os na tomada de decis\u00f5es e na elabora\u00e7\u00e3o de respostas a outros \u00f3rg\u00e3os; <\/em><\/li><li><em>Observar e cumprir normas de higiene e de seguran\u00e7a do trabalho;<\/em><\/li><li><em>Executar outras tarefas correlatas, a crit\u00e9rio do superior imediato.<\/em><\/li><\/ul>\n\n\n\n<h2 class=\"wp-block-heading\" id=\"etapas\">Etapas do concurso PGM Francisco Badar\u00f3<\/h2>\n\n\n\n<p>O edital do concurso PGM Francisco Badar\u00f3 prev\u00ea a realiza\u00e7\u00e3o de uma etapa \u00fanica, qual seja uma <strong><em>Prova Objetiv<\/em>a<\/strong> de car\u00e1ter eliminat\u00f3rio e classificat\u00f3rio. <\/p>\n\n\n\n<h3 class=\"wp-block-heading\" id=\"objetiva\">Prova objetiva <\/h3>\n\n\n\n<p>A Prova Objetiva possuir\u00e1 30 quest\u00f5es de m\u00faltipla escolha, divididas nos Conhecimentos Abaixo, e ter\u00e1 peso m\u00e1ximo de <strong>100 pontos<\/strong> e dura\u00e7\u00e3o de <strong>3 horas<\/strong>, sendo aplicada das 13h45 \u00e0s 16h45.<\/p>\n\n\n\n<p>A pontua\u00e7\u00e3o da prova ser\u00e1 avaliada segundo os crit\u00e9rios da tabela, abaixo:<\/p>\n\n\n\n<p><\/p>\n\n\n\n<figure class=\"wp-block-table is-style-stripes\"><table class=\"has-subtle-pale-blue-background-color has-fixed-layout has-background\"><tbody><tr><td class=\"has-text-align-center\" data-align=\"center\"><strong>Mat\u00e9ria<\/strong><\/td><td class=\"has-text-align-center\" data-align=\"center\"><strong>N\u00ba de quest\u00f5es<\/strong><\/td><td class=\"has-text-align-center\" data-align=\"center\"><strong>Peso<\/strong> <strong>por quest\u00e3o<\/strong><\/td><td class=\"has-text-align-center\" data-align=\"center\"><strong>Total de pontos<\/strong><\/td><\/tr><tr><td class=\"has-text-align-center\" data-align=\"center\">L\u00edngua Portuguesa <\/td><td class=\"has-text-align-center\" data-align=\"center\">10<\/td><td class=\"has-text-align-center\" data-align=\"center\">3,0<\/td><td class=\"has-text-align-center\" data-align=\"center\">30<\/td><\/tr><tr><td class=\"has-text-align-center\" data-align=\"center\">No\u00e7\u00f5es de Inform\u00e1tica<\/td><td class=\"has-text-align-center\" data-align=\"center\">10<\/td><td class=\"has-text-align-center\" data-align=\"center\">2,0<\/td><td class=\"has-text-align-center\" data-align=\"center\">20<\/td><\/tr><tr><td class=\"has-text-align-center\" data-align=\"center\">Conhecimentos Especificos<\/td><td class=\"has-text-align-center\" data-align=\"center\">10<\/td><td class=\"has-text-align-center\" data-align=\"center\">5,0<\/td><td class=\"has-text-align-center\" data-align=\"center\">50<\/td><\/tr><\/tbody><\/table><\/figure>\n\n\n\n<h4 class=\"wp-block-heading\" id=\"legislacao\">Conhecimentos Espec\u00edficos <\/h4>\n\n\n\n<p>O grupo de Conhecimentos Espec\u00edficos da prova cobrar\u00e1 conte\u00fados das seguintes disciplinas:<\/p>\n\n\n\n<ul class=\"wp-block-list\"><li><em>Direito Constitucional; <\/em><\/li><li><em>Direito Administrativo; <\/em><\/li><li><em>Direito Civil; <\/em><\/li><li><em>Direito Processual Civil;<\/em><\/li><li><em>Direito Penal; <\/em><\/li><li><em>Direito Tribut\u00e1rio; <\/em><\/li><li><em>Lei de Responsabilidade Fiscal. <\/em><\/li><\/ul>\n\n\n\n<p>Ser\u00e1 considerado classificado nesta fase o candidato que<em> acertar, no m\u00ednimo, <strong>50% dos pontos totais da Prova Objetiva<\/strong>.<\/em><\/p>\n\n\n\n<h2 class=\"has-text-align-center wp-block-heading\" id=\"cursos\">Quer estudar para o concurso PGM Francisco Badar\u00f3?<\/h2>\n\n\n\n<p class=\"has-text-align-center\"><em>Gostou desta oportunidade e deseja come\u00e7ar se preparar agora mesmo? Ent\u00e3o, confira os nossos cursos e comece a estudar:<\/em><\/p>\n\n\n\n<div class=\"container\" id=\"boxes\">\n  <div class=\"row\">\n\n    <div class=\"col-sm\">\n      <div class=\"banner-ecj\" id=\"box-assinatura\">\n        <h3 class=\"titulo-assinatura\">Curso para  PGM Francisco Badar\u00f3<\/h3>\n        <p class=\"subtitulo-assinatura\">Cursos focados no edital do concurso<\/p>\n        <div class=\"box-botao\">\n          <a class=\"btn-assinatura\" target=\"_blank\" href=\"https:\/\/www.estrategiaconcursos.com.br\/cursosPorConcurso\/pgm-francisco-badaro-mg\/\" role=\"button\" rel=\"noopener noreferrer\">Conhe\u00e7a mais<\/a>\n        <\/div>\n      <\/div>\n      <p class=\"texto-auxiliar\">Prepare-se com o melhor material e com quem mais aprova em concursos de Procuradorias em todo o pa\u00eds. \n<\/p>\n    <\/div>\n\n  <\/div>\n<\/div>\n\n\n\n<div class=\"container\" id=\"boxes\">\n  <div class=\"row\">\n\n    <div class=\"col-sm\">\n      <div class=\"banner-ecj\" id=\"box-assinatura\">\n        <h3 class=\"titulo-assinatura\">Assinatura Jur\u00eddica <\/h3>\n        <p class=\"subtitulo-assinatura\">Conhe\u00e7a os planos<\/p>\n        <div class=\"box-botao\">\n          <a class=\"btn-assinatura\" target=\"_blank\" href=\"https:\/\/www.estrategiaconcursos.com.br\/assinaturas-ecj\/\" role=\"button\" rel=\"noopener noreferrer\">Conhe\u00e7a mais<\/a>\n        <\/div>\n      <\/div>\n      <p class=\"texto-auxiliar\">Prepare-se com o melhor material e com quem mais aprova em Concursos P\u00fablicos em todo o pa\u00eds. \n<\/p>\n    <\/div>\n\n  <\/div>\n<\/div>\n\n\n\n<div class=\"container\" id=\"boxes\">\n  <div class=\"row\">\n\n    <div class=\"col-sm\" id=\"boxes-concursos\">\n      <div style=\"background-color: #005DAD;\" class=\"conteudo-concursos\" id=\"box-concursos\">\n        <h3 class=\"titulo-assinatura\">Concursos Abertos<\/h3>\n        <p class=\"subtitulo-assinatura\">Confira os editais publicados<\/p>\n        <div class=\"box-botao\">\n          <a class=\"btn-assinatura\" target=\"_blank\" href=\"https:\/\/www.estrategiaconcursos.com.br\/blog\/concursos-abertos\/\" role=\"button\" rel=\"noopener noreferrer\">Conhe\u00e7a Agora<\/a>\n        <\/div>\n      <\/div>\n    <\/div>\n\n    <div class=\"col-sm\" id=\"boxes-concursos\">\n      <div style=\"background-color: #1A7ED5;\" class=\"conteudo-concursos\" id=\"box-concursos\">\n        <h3 class=\"titulo-assinatura\">Concursos 2021<\/h3>\n        <p class=\"subtitulo-assinatura\">As oportunidades previstas<\/p>\n        <div class=\"box-botao\">\n          <a class=\"btn-assinatura\" target=\"_blank\" href=\"https:\/\/www.estrategiaconcursos.com.br\/blog\/concursos-2021\/\" role=\"button\" rel=\"noopener noreferrer\">Conhe\u00e7a Agora<\/a>\n        <\/div>\n      <\/div>\n    <\/div>\n\n    <div class=\"col-sm\" id=\"boxes-concursos\">\n      <div style=\"background-color: #419FF0;\" class=\"conteudo-concursos\" id=\"box-concursos\">\n        <h3 class=\"titulo-assinatura\">Concursos Jur\u00eddicos<\/h3>\n        <p class=\"subtitulo-assinatura\">Vagas para \u00e1rea jur\u00eddica<\/p>\n        <div class=\"box-botao\">\n          <a class=\"btn-assinatura\" target=\"_blank\" href=\"https:\/\/www.estrategiaconcursos.com.br\/blog\/concursos-de-direito\/\" role=\"button\" rel=\"noopener noreferrer\">Conhe\u00e7a Agora<\/a>\n        <\/div>\n      <\/div>\n    <\/div>\n\n  <\/div>\n<\/div>\n\n\n\n<h2 class=\"wp-block-heading\" id=\"telegram\">Participe de nossos grupos no Telegram<\/h2>\n\n\n\n<ul class=\"wp-block-list\"><li>Estrat\u00e9gia Magitratura Federal &#8211; <a href=\"https:\/\/t.me\/juizfederal\" target=\"_blank\" rel=\"noreferrer noopener\">https:\/\/t.me\/juizfederal<\/a><\/li><li>Estrat\u00e9gia Delegado Federal &#8211; <a href=\"https:\/\/t.me\/delegadofederal\" target=\"_blank\" rel=\"noreferrer noopener\">https:\/\/t.me\/delegadofederal<\/a><\/li><li>Estrat\u00e9gia Delegado Civil &#8211; <a href=\"https:\/\/t.me\/estrategiadelta\" target=\"_blank\" rel=\"noreferrer noopener\">https:\/\/t.me\/estrategiadelta<\/a><\/li><li>Estrat\u00e9gia Promotor de Justi\u00e7a &#8211; <a href=\"https:\/\/t.me\/estrategiamp\" target=\"_blank\" rel=\"noreferrer noopener\">https:\/\/t.me\/estrategiamp<\/a><\/li><li>Estrat\u00e9gia Defensor P\u00fablico &#8211; <a href=\"https:\/\/t.me\/estrategiadpe\" target=\"_blank\" rel=\"noreferrer noopener\">https:\/\/t.me\/estrategiadpe<\/a><\/li><li>Estrat\u00e9gia Magistratura Estadual &#8211; <a href=\"https:\/\/t.me\/juizestadual\" target=\"_blank\" rel=\"noreferrer noopener\">https:\/\/t.me\/juizestadual<\/a><\/li><li>Estrat\u00e9gia Procuradorias &#8211; <a href=\"https:\/\/t.me\/estrategiaprocuradorias\" target=\"_blank\" rel=\"noreferrer noopener\">https:\/\/t.me\/estrategiaprocuradorias<\/a><\/li><\/ul>\n\n\n\n<figure class=\"wp-block-image size-large is-resized\"><img loading=\"lazy\" decoding=\"async\" src=\"https:\/\/dhg1h5j42swfq.cloudfront.net\/2021\/05\/04095609\/ficha-tecnica-3-1024x632.png\" alt=\"\" class=\"wp-image-730498\" width=\"227\" height=\"140\" srcset=\"https:\/\/dhg1h5j42swfq.cloudfront.net\/2021\/05\/04095609\/ficha-tecnica-3-1024x632.png 1024w, https:\/\/dhg1h5j42swfq.cloudfront.net\/2021\/05\/04095609\/ficha-tecnica-3-300x185.png 300w, https:\/\/dhg1h5j42swfq.cloudfront.net\/2021\/05\/04095609\/ficha-tecnica-3-768x474.png 768w, https:\/\/dhg1h5j42swfq.cloudfront.net\/2021\/05\/04095609\/ficha-tecnica-3-1536x948.png 1536w, https:\/\/dhg1h5j42swfq.cloudfront.net\/2021\/05\/04095609\/ficha-tecnica-3-610x377.png 610w, https:\/\/dhg1h5j42swfq.cloudfront.net\/2021\/05\/04095609\/ficha-tecnica-3.png 1571w\" sizes=\"auto, (max-width: 227px) 100vw, 227px\" \/><\/figure>\n\n\n\n<h4 class=\"wp-block-heading\" id=\"ficha\"><strong>Informa\u00e7\u00f5es sobre o concurso<\/strong> PGM Francisco Badar\u00f3<\/h4>\n\n\n\n<p>\u25ba<strong>Prova objetiva<\/strong>: 05\/12\/2021<br \/>\u25ba<strong>Vagas<\/strong>: 01<br \/>\u25ba<strong>Cargos<\/strong>: Procurador Municipal<br \/>\u25ba<strong>Banca<\/strong>: Fadenor  <br \/>\u25ba<strong>Escolaridade<\/strong>: Bacharelado em Direito + inscri\u00e7\u00e3o na OAB<br \/>\u25ba<strong>Edital<\/strong>:\u00a0<a href=\"https:\/\/dhg1h5j42swfq.cloudfront.net\/2021\/01\/23103312\/edital_conforme_3a_retificacao.pdf\" target=\"_blank\" rel=\"noreferrer noopener nofollow\">Edital Retificado PGM Francisco Badar\u00f3<\/a> \/ <a href=\"https:\/\/dhg1h5j42swfq.cloudfront.net\/2021\/01\/23103342\/anexo_i_conforme_3a_retificacao.pdf\" target=\"_blank\" rel=\"noreferrer noopener nofollow\">Anexo I<\/a> \/ <a href=\"https:\/\/dhg1h5j42swfq.cloudfront.net\/2021\/01\/23103417\/anexo_ii_conforme_3a_retificacao.pdf\" target=\"_blank\" rel=\"noreferrer noopener nofollow\">Anexo II<\/a> \/ <a href=\"https:\/\/dhg1h5j42swfq.cloudfront.net\/2021\/01\/23103452\/anexo_iii_conforme_3a_retificacao.pdf\" target=\"_blank\" rel=\"noreferrer noopener nofollow\">Anexo III<\/a> \/ <a href=\"https:\/\/dhg1h5j42swfq.cloudfront.net\/2021\/01\/23103526\/anexo_iv_conforme_3a_retificacao.pdf\" target=\"_blank\" rel=\"noreferrer noopener nofollow\">Anexo IV<\/a><\/p>\n","protected":false},"excerpt":{"rendered":"<p>A etapa objetiva do concurso PGM Francisco Badar\u00f3 foi alterada. De acordo com o novo cronograma, as provas objetivas foram remarcadas para o dia 05\/12\/2021. A sele\u00e7\u00e3o oferta 1 vaga para Procurador do Munic\u00edpio localizado no Estado de Minas Gerais. A remunera\u00e7\u00e3o ofertada \u00e9 de R$ 2.229,17, para uma carga hor\u00e1ria de 40 horas semanais. [&hellip;]<\/p>\n","protected":false},"author":1,"featured_media":624125,"comment_status":"open","ping_status":"closed","sticky":false,"template":"","format":"standard","meta":{"post_tipo":"news_page","footnotes":""},"categories":[220196],"tags":[],"tax_estado":[219974],"class_list":["post-579451","post","type-post","status-publish","format-standard","has-post-thumbnail","hentry","category-procuradorias","tax_estado-mg"],"acf":[],"yoast_head":"<!-- This site is optimized with the Yoast SEO Premium plugin v27.2 (Yoast SEO v27.2) - https:\/\/yoast.com\/product\/yoast-seo-premium-wordpress\/ -->\n<title>Concurso PGM Francisco Badar\u00f3: prova remarcada! Confira!<\/title>\n<meta name=\"description\" content=\"Concurso PGM Francisco Badar\u00f3 MG: prova remarcada! O edital do concurso para Procurador do Munic\u00edpio oferta 1 vaga. Saiba mais!\" \/>\n<meta name=\"robots\" content=\"index, follow, max-snippet:-1, max-image-preview:large, max-video-preview:-1\" \/>\n<link rel=\"canonical\" href=\"https:\/\/www.estrategiaconcursos.com.br\/blog\/concurso-pgm-francisco-badaro\/\" \/>\n<meta property=\"og:locale\" content=\"pt_BR\" \/>\n<meta property=\"og:type\" content=\"article\" \/>\n<meta property=\"og:title\" content=\"Concurso PGM Francisco Badar\u00f3: prova remarcada! Confira!\" \/>\n<meta property=\"og:description\" content=\"Concurso PGM Francisco Badar\u00f3 MG: prova remarcada! O edital do concurso para Procurador do Munic\u00edpio oferta 1 vaga. Saiba mais!\" \/>\n<meta property=\"og:url\" content=\"https:\/\/www.estrategiaconcursos.com.br\/blog\/concurso-pgm-francisco-badaro\/\" \/>\n<meta property=\"og:site_name\" content=\"Estrat\u00e9gia Concursos\" \/>\n<meta property=\"article:author\" content=\"https:\/\/www.facebook.com\/EstrategiaConcursos\" \/>\n<meta property=\"article:published_time\" content=\"2021-07-26T18:42:00+00:00\" \/>\n<meta property=\"article:modified_time\" content=\"2021-07-27T20:02:03+00:00\" \/>\n<meta property=\"og:image\" content=\"https:\/\/dhg1h5j42swfq.cloudfront.net\/2020\/12\/07111735\/pgm-badaro.jpg\" \/>\n\t<meta property=\"og:image:width\" content=\"1200\" \/>\n\t<meta property=\"og:image:height\" content=\"628\" \/>\n\t<meta property=\"og:image:type\" content=\"image\/jpeg\" \/>\n<meta name=\"author\" content=\"Coordena\u00e7\u00e3o\" \/>\n<meta name=\"twitter:card\" content=\"summary_large_image\" \/>\n<meta name=\"twitter:creator\" content=\"@EstratConcursos\" \/>\n<meta name=\"twitter:site\" content=\"@EstratConcursos\" \/>\n<meta name=\"twitter:label1\" content=\"Escrito por\" \/>\n\t<meta name=\"twitter:data1\" content=\"Coordena\u00e7\u00e3o\" \/>\n\t<meta name=\"twitter:label2\" content=\"Est. tempo de leitura\" \/>\n\t<meta name=\"twitter:data2\" content=\"4 minutos\" \/>\n<script type=\"application\/ld+json\" class=\"yoast-schema-graph\">{\"@context\":\"https:\/\/schema.org\",\"@graph\":[{\"@type\":\"NewsArticle\",\"@id\":\"https:\/\/www.estrategiaconcursos.com.br\/blog\/concurso-pgm-francisco-badaro\/#article\",\"isPartOf\":{\"@id\":\"https:\/\/www.estrategiaconcursos.com.br\/blog\/concurso-pgm-francisco-badaro\/\"},\"author\":{\"name\":\"Coordena\u00e7\u00e3o\",\"@id\":\"https:\/\/www.estrategiaconcursos.com.br\/blog\/#\/schema\/person\/b4a388c97673c5f483d72185668afa1f\"},\"headline\":\"Concurso PGM Francisco Badar\u00f3: prova remarcada! Confira!\",\"datePublished\":\"2021-07-26T18:42:00+00:00\",\"dateModified\":\"2021-07-27T20:02:03+00:00\",\"mainEntityOfPage\":{\"@id\":\"https:\/\/www.estrategiaconcursos.com.br\/blog\/concurso-pgm-francisco-badaro\/\"},\"wordCount\":766,\"commentCount\":0,\"publisher\":{\"@id\":\"https:\/\/www.estrategiaconcursos.com.br\/blog\/#organization\"},\"image\":{\"@id\":\"https:\/\/www.estrategiaconcursos.com.br\/blog\/concurso-pgm-francisco-badaro\/#primaryimage\"},\"thumbnailUrl\":\"https:\/\/dhg1h5j42swfq.cloudfront.net\/2020\/12\/07111735\/pgm-badaro.jpg\",\"articleSection\":[\"Jur\u00eddico - Procuradorias\"],\"inLanguage\":\"pt-BR\",\"potentialAction\":[{\"@type\":\"CommentAction\",\"name\":\"Comment\",\"target\":[\"https:\/\/www.estrategiaconcursos.com.br\/blog\/concurso-pgm-francisco-badaro\/#respond\"]}],\"copyrightYear\":\"2021\",\"copyrightHolder\":{\"@id\":\"https:\/\/www.estrategiaconcursos.com.br\/blog\/#organization\"}},{\"@type\":\"WebPage\",\"@id\":\"https:\/\/www.estrategiaconcursos.com.br\/blog\/concurso-pgm-francisco-badaro\/\",\"url\":\"https:\/\/www.estrategiaconcursos.com.br\/blog\/concurso-pgm-francisco-badaro\/\",\"name\":\"Concurso PGM Francisco Badar\u00f3: prova remarcada! Confira!\",\"isPartOf\":{\"@id\":\"https:\/\/www.estrategiaconcursos.com.br\/blog\/#website\"},\"primaryImageOfPage\":{\"@id\":\"https:\/\/www.estrategiaconcursos.com.br\/blog\/concurso-pgm-francisco-badaro\/#primaryimage\"},\"image\":{\"@id\":\"https:\/\/www.estrategiaconcursos.com.br\/blog\/concurso-pgm-francisco-badaro\/#primaryimage\"},\"thumbnailUrl\":\"https:\/\/dhg1h5j42swfq.cloudfront.net\/2020\/12\/07111735\/pgm-badaro.jpg\",\"datePublished\":\"2021-07-26T18:42:00+00:00\",\"dateModified\":\"2021-07-27T20:02:03+00:00\",\"description\":\"Concurso PGM Francisco Badar\u00f3 MG: prova remarcada! O edital do concurso para Procurador do Munic\u00edpio oferta 1 vaga. Saiba mais!\",\"breadcrumb\":{\"@id\":\"https:\/\/www.estrategiaconcursos.com.br\/blog\/concurso-pgm-francisco-badaro\/#breadcrumb\"},\"inLanguage\":\"pt-BR\",\"potentialAction\":[{\"@type\":\"ReadAction\",\"target\":[\"https:\/\/www.estrategiaconcursos.com.br\/blog\/concurso-pgm-francisco-badaro\/\"]}]},{\"@type\":\"ImageObject\",\"inLanguage\":\"pt-BR\",\"@id\":\"https:\/\/www.estrategiaconcursos.com.br\/blog\/concurso-pgm-francisco-badaro\/#primaryimage\",\"url\":\"https:\/\/dhg1h5j42swfq.cloudfront.net\/2020\/12\/07111735\/pgm-badaro.jpg\",\"contentUrl\":\"https:\/\/dhg1h5j42swfq.cloudfront.net\/2020\/12\/07111735\/pgm-badaro.jpg\",\"width\":1200,\"height\":628,\"caption\":\"pgm Francisco badar\u00f3\"},{\"@type\":\"BreadcrumbList\",\"@id\":\"https:\/\/www.estrategiaconcursos.com.br\/blog\/concurso-pgm-francisco-badaro\/#breadcrumb\",\"itemListElement\":[{\"@type\":\"ListItem\",\"position\":1,\"name\":\"In\u00edcio\",\"item\":\"https:\/\/www.estrategiaconcursos.com.br\/blog\/\"},{\"@type\":\"ListItem\",\"position\":2,\"name\":\"Concurso PGM Francisco Badar\u00f3: prova remarcada! Confira!\"}]},{\"@type\":\"WebSite\",\"@id\":\"https:\/\/www.estrategiaconcursos.com.br\/blog\/#website\",\"url\":\"https:\/\/www.estrategiaconcursos.com.br\/blog\/\",\"name\":\"Estrat\u00e9gia Concursos\",\"description\":\"O blog da Estrat\u00e9gia Concursos traz not\u00edcias sobre concursos e artigos de professores oferecendo cursos para concursos (pdf + videaulas) no site.\",\"publisher\":{\"@id\":\"https:\/\/www.estrategiaconcursos.com.br\/blog\/#organization\"},\"potentialAction\":[{\"@type\":\"SearchAction\",\"target\":{\"@type\":\"EntryPoint\",\"urlTemplate\":\"https:\/\/www.estrategiaconcursos.com.br\/blog\/?s={search_term_string}\"},\"query-input\":{\"@type\":\"PropertyValueSpecification\",\"valueRequired\":true,\"valueName\":\"search_term_string\"}}],\"inLanguage\":\"pt-BR\"},{\"@type\":\"Organization\",\"@id\":\"https:\/\/www.estrategiaconcursos.com.br\/blog\/#organization\",\"name\":\"Estrat\u00e9gia Concursos\",\"url\":\"https:\/\/www.estrategiaconcursos.com.br\/blog\/\",\"logo\":{\"@type\":\"ImageObject\",\"inLanguage\":\"pt-BR\",\"@id\":\"https:\/\/www.estrategiaconcursos.com.br\/blog\/#\/schema\/logo\/image\/\",\"url\":\"https:\/\/dhg1h5j42swfq.cloudfront.net\/2025\/06\/03203428\/logo_concursos-1.jpg\",\"contentUrl\":\"https:\/\/dhg1h5j42swfq.cloudfront.net\/2025\/06\/03203428\/logo_concursos-1.jpg\",\"width\":230,\"height\":60,\"caption\":\"Estrat\u00e9gia Concursos\"},\"image\":{\"@id\":\"https:\/\/www.estrategiaconcursos.com.br\/blog\/#\/schema\/logo\/image\/\"},\"sameAs\":[\"https:\/\/x.com\/EstratConcursos\"]},{\"@type\":\"Person\",\"@id\":\"https:\/\/www.estrategiaconcursos.com.br\/blog\/#\/schema\/person\/b4a388c97673c5f483d72185668afa1f\",\"name\":\"Coordena\u00e7\u00e3o\",\"image\":{\"@type\":\"ImageObject\",\"inLanguage\":\"pt-BR\",\"@id\":\"https:\/\/secure.gravatar.com\/avatar\/b720319e4c9a967eb58678d110f4fe35452fc5d5f97b202bac7b8acceb18c6ad?s=96&d=mm&r=g\",\"url\":\"https:\/\/secure.gravatar.com\/avatar\/b720319e4c9a967eb58678d110f4fe35452fc5d5f97b202bac7b8acceb18c6ad?s=96&d=mm&r=g\",\"contentUrl\":\"https:\/\/secure.gravatar.com\/avatar\/b720319e4c9a967eb58678d110f4fe35452fc5d5f97b202bac7b8acceb18c6ad?s=96&d=mm&r=g\",\"caption\":\"Coordena\u00e7\u00e3o\"},\"sameAs\":[\"https:\/\/www.facebook.com\/EstrategiaConcursos\",\"https:\/\/x.com\/EstratConcursos\"],\"url\":\"https:\/\/www.estrategiaconcursos.com.br\/blog\/author\/estrategia2013\/\"}]}<\/script>\n<!-- \/ Yoast SEO Premium plugin. -->","yoast_head_json":{"title":"Concurso PGM Francisco Badar\u00f3: prova remarcada! Confira!","description":"Concurso PGM Francisco Badar\u00f3 MG: prova remarcada! O edital do concurso para Procurador do Munic\u00edpio oferta 1 vaga. Saiba mais!","robots":{"index":"index","follow":"follow","max-snippet":"max-snippet:-1","max-image-preview":"max-image-preview:large","max-video-preview":"max-video-preview:-1"},"canonical":"https:\/\/www.estrategiaconcursos.com.br\/blog\/concurso-pgm-francisco-badaro\/","og_locale":"pt_BR","og_type":"article","og_title":"Concurso PGM Francisco Badar\u00f3: prova remarcada! Confira!","og_description":"Concurso PGM Francisco Badar\u00f3 MG: prova remarcada! O edital do concurso para Procurador do Munic\u00edpio oferta 1 vaga. Saiba mais!","og_url":"https:\/\/www.estrategiaconcursos.com.br\/blog\/concurso-pgm-francisco-badaro\/","og_site_name":"Estrat\u00e9gia Concursos","article_author":"https:\/\/www.facebook.com\/EstrategiaConcursos","article_published_time":"2021-07-26T18:42:00+00:00","article_modified_time":"2021-07-27T20:02:03+00:00","og_image":[{"width":1200,"height":628,"url":"https:\/\/dhg1h5j42swfq.cloudfront.net\/2020\/12\/07111735\/pgm-badaro.jpg","type":"image\/jpeg"}],"author":"Coordena\u00e7\u00e3o","twitter_card":"summary_large_image","twitter_creator":"@EstratConcursos","twitter_site":"@EstratConcursos","twitter_misc":{"Escrito por":"Coordena\u00e7\u00e3o","Est. tempo de leitura":"4 minutos"},"schema":{"@context":"https:\/\/schema.org","@graph":[{"@type":"NewsArticle","@id":"https:\/\/www.estrategiaconcursos.com.br\/blog\/concurso-pgm-francisco-badaro\/#article","isPartOf":{"@id":"https:\/\/www.estrategiaconcursos.com.br\/blog\/concurso-pgm-francisco-badaro\/"},"author":{"name":"Coordena\u00e7\u00e3o","@id":"https:\/\/www.estrategiaconcursos.com.br\/blog\/#\/schema\/person\/b4a388c97673c5f483d72185668afa1f"},"headline":"Concurso PGM Francisco Badar\u00f3: prova remarcada! Confira!","datePublished":"2021-07-26T18:42:00+00:00","dateModified":"2021-07-27T20:02:03+00:00","mainEntityOfPage":{"@id":"https:\/\/www.estrategiaconcursos.com.br\/blog\/concurso-pgm-francisco-badaro\/"},"wordCount":766,"commentCount":0,"publisher":{"@id":"https:\/\/www.estrategiaconcursos.com.br\/blog\/#organization"},"image":{"@id":"https:\/\/www.estrategiaconcursos.com.br\/blog\/concurso-pgm-francisco-badaro\/#primaryimage"},"thumbnailUrl":"https:\/\/dhg1h5j42swfq.cloudfront.net\/2020\/12\/07111735\/pgm-badaro.jpg","articleSection":["Jur\u00eddico - Procuradorias"],"inLanguage":"pt-BR","potentialAction":[{"@type":"CommentAction","name":"Comment","target":["https:\/\/www.estrategiaconcursos.com.br\/blog\/concurso-pgm-francisco-badaro\/#respond"]}],"copyrightYear":"2021","copyrightHolder":{"@id":"https:\/\/www.estrategiaconcursos.com.br\/blog\/#organization"}},{"@type":"WebPage","@id":"https:\/\/www.estrategiaconcursos.com.br\/blog\/concurso-pgm-francisco-badaro\/","url":"https:\/\/www.estrategiaconcursos.com.br\/blog\/concurso-pgm-francisco-badaro\/","name":"Concurso PGM Francisco Badar\u00f3: prova remarcada! Confira!","isPartOf":{"@id":"https:\/\/www.estrategiaconcursos.com.br\/blog\/#website"},"primaryImageOfPage":{"@id":"https:\/\/www.estrategiaconcursos.com.br\/blog\/concurso-pgm-francisco-badaro\/#primaryimage"},"image":{"@id":"https:\/\/www.estrategiaconcursos.com.br\/blog\/concurso-pgm-francisco-badaro\/#primaryimage"},"thumbnailUrl":"https:\/\/dhg1h5j42swfq.cloudfront.net\/2020\/12\/07111735\/pgm-badaro.jpg","datePublished":"2021-07-26T18:42:00+00:00","dateModified":"2021-07-27T20:02:03+00:00","description":"Concurso PGM Francisco Badar\u00f3 MG: prova remarcada! O edital do concurso para Procurador do Munic\u00edpio oferta 1 vaga. Saiba mais!","breadcrumb":{"@id":"https:\/\/www.estrategiaconcursos.com.br\/blog\/concurso-pgm-francisco-badaro\/#breadcrumb"},"inLanguage":"pt-BR","potentialAction":[{"@type":"ReadAction","target":["https:\/\/www.estrategiaconcursos.com.br\/blog\/concurso-pgm-francisco-badaro\/"]}]},{"@type":"ImageObject","inLanguage":"pt-BR","@id":"https:\/\/www.estrategiaconcursos.com.br\/blog\/concurso-pgm-francisco-badaro\/#primaryimage","url":"https:\/\/dhg1h5j42swfq.cloudfront.net\/2020\/12\/07111735\/pgm-badaro.jpg","contentUrl":"https:\/\/dhg1h5j42swfq.cloudfront.net\/2020\/12\/07111735\/pgm-badaro.jpg","width":1200,"height":628,"caption":"pgm Francisco badar\u00f3"},{"@type":"BreadcrumbList","@id":"https:\/\/www.estrategiaconcursos.com.br\/blog\/concurso-pgm-francisco-badaro\/#breadcrumb","itemListElement":[{"@type":"ListItem","position":1,"name":"In\u00edcio","item":"https:\/\/www.estrategiaconcursos.com.br\/blog\/"},{"@type":"ListItem","position":2,"name":"Concurso PGM Francisco Badar\u00f3: prova remarcada! Confira!"}]},{"@type":"WebSite","@id":"https:\/\/www.estrategiaconcursos.com.br\/blog\/#website","url":"https:\/\/www.estrategiaconcursos.com.br\/blog\/","name":"Estrat\u00e9gia Concursos","description":"O blog da Estrat\u00e9gia Concursos traz not\u00edcias sobre concursos e artigos de professores oferecendo cursos para concursos (pdf + videaulas) no site.","publisher":{"@id":"https:\/\/www.estrategiaconcursos.com.br\/blog\/#organization"},"potentialAction":[{"@type":"SearchAction","target":{"@type":"EntryPoint","urlTemplate":"https:\/\/www.estrategiaconcursos.com.br\/blog\/?s={search_term_string}"},"query-input":{"@type":"PropertyValueSpecification","valueRequired":true,"valueName":"search_term_string"}}],"inLanguage":"pt-BR"},{"@type":"Organization","@id":"https:\/\/www.estrategiaconcursos.com.br\/blog\/#organization","name":"Estrat\u00e9gia Concursos","url":"https:\/\/www.estrategiaconcursos.com.br\/blog\/","logo":{"@type":"ImageObject","inLanguage":"pt-BR","@id":"https:\/\/www.estrategiaconcursos.com.br\/blog\/#\/schema\/logo\/image\/","url":"https:\/\/dhg1h5j42swfq.cloudfront.net\/2025\/06\/03203428\/logo_concursos-1.jpg","contentUrl":"https:\/\/dhg1h5j42swfq.cloudfront.net\/2025\/06\/03203428\/logo_concursos-1.jpg","width":230,"height":60,"caption":"Estrat\u00e9gia Concursos"},"image":{"@id":"https:\/\/www.estrategiaconcursos.com.br\/blog\/#\/schema\/logo\/image\/"},"sameAs":["https:\/\/x.com\/EstratConcursos"]},{"@type":"Person","@id":"https:\/\/www.estrategiaconcursos.com.br\/blog\/#\/schema\/person\/b4a388c97673c5f483d72185668afa1f","name":"Coordena\u00e7\u00e3o","image":{"@type":"ImageObject","inLanguage":"pt-BR","@id":"https:\/\/secure.gravatar.com\/avatar\/b720319e4c9a967eb58678d110f4fe35452fc5d5f97b202bac7b8acceb18c6ad?s=96&d=mm&r=g","url":"https:\/\/secure.gravatar.com\/avatar\/b720319e4c9a967eb58678d110f4fe35452fc5d5f97b202bac7b8acceb18c6ad?s=96&d=mm&r=g","contentUrl":"https:\/\/secure.gravatar.com\/avatar\/b720319e4c9a967eb58678d110f4fe35452fc5d5f97b202bac7b8acceb18c6ad?s=96&d=mm&r=g","caption":"Coordena\u00e7\u00e3o"},"sameAs":["https:\/\/www.facebook.com\/EstrategiaConcursos","https:\/\/x.com\/EstratConcursos"],"url":"https:\/\/www.estrategiaconcursos.com.br\/blog\/author\/estrategia2013\/"}]}},"_links":{"self":[{"href":"https:\/\/www.estrategiaconcursos.com.br\/blog\/wp-json\/wp\/v2\/posts\/579451","targetHints":{"allow":["GET"]}}],"collection":[{"href":"https:\/\/www.estrategiaconcursos.com.br\/blog\/wp-json\/wp\/v2\/posts"}],"about":[{"href":"https:\/\/www.estrategiaconcursos.com.br\/blog\/wp-json\/wp\/v2\/types\/post"}],"author":[{"embeddable":true,"href":"https:\/\/www.estrategiaconcursos.com.br\/blog\/wp-json\/wp\/v2\/users\/1"}],"replies":[{"embeddable":true,"href":"https:\/\/www.estrategiaconcursos.com.br\/blog\/wp-json\/wp\/v2\/comments?post=579451"}],"version-history":[{"count":46,"href":"https:\/\/www.estrategiaconcursos.com.br\/blog\/wp-json\/wp\/v2\/posts\/579451\/revisions"}],"predecessor-version":[{"id":823181,"href":"https:\/\/www.estrategiaconcursos.com.br\/blog\/wp-json\/wp\/v2\/posts\/579451\/revisions\/823181"}],"wp:featuredmedia":[{"embeddable":true,"href":"https:\/\/www.estrategiaconcursos.com.br\/blog\/wp-json\/wp\/v2\/media\/624125"}],"wp:attachment":[{"href":"https:\/\/www.estrategiaconcursos.com.br\/blog\/wp-json\/wp\/v2\/media?parent=579451"}],"wp:term":[{"taxonomy":"category","embeddable":true,"href":"https:\/\/www.estrategiaconcursos.com.br\/blog\/wp-json\/wp\/v2\/categories?post=579451"},{"taxonomy":"post_tag","embeddable":true,"href":"https:\/\/www.estrategiaconcursos.com.br\/blog\/wp-json\/wp\/v2\/tags?post=579451"},{"taxonomy":"tax_estado","embeddable":true,"href":"https:\/\/www.estrategiaconcursos.com.br\/blog\/wp-json\/wp\/v2\/tax_estado?post=579451"}],"curies":[{"name":"wp","href":"https:\/\/api.w.org\/{rel}","templated":true}]}}