{"id":578741,"date":"2020-09-26T17:22:48","date_gmt":"2020-09-26T20:22:48","guid":{"rendered":"https:\/\/www.estrategiaconcursos.com.br\/blog\/?p=578741"},"modified":"2020-09-26T17:31:54","modified_gmt":"2020-09-26T20:31:54","slug":"estrategia-academy-19-candidatos-sao-selecionados-para-a-fase-de-entrevistas","status":"publish","type":"post","link":"https:\/\/www.estrategiaconcursos.com.br\/blog\/estrategia-academy-19-candidatos-sao-selecionados-para-a-fase-de-entrevistas\/","title":{"rendered":"Estrat\u00e9gia Academy: 19 candidatos s\u00e3o selecionados para a fase de entrevistas!"},"content":{"rendered":"\n<p>No dia 31 de julho de 2020, o Estrat\u00e9gia Educacional lan\u00e7ou o processo seletivo &#8220;<em><strong>Estrat\u00e9gia Academy<\/strong><\/em>&#8220;, com 11 vagas para professores nas \u00e1reas de Portugu\u00eas, Exatas e Legisla\u00e7\u00e3o Espec\u00edfica.<\/p>\n\n\n\n<p>O processo seletivo \u00e9 composto de v\u00e1rias fases e, agora, <strong>19 candidatos foram convocados para a fase de entrevistas<\/strong>, conforme rela\u00e7\u00e3o abaixo: <\/p>\n\n\n\n<h2 class=\"wp-block-heading\">Convocados para a fase de entrevistas<\/h2>\n\n\n\n<figure class=\"wp-block-table\"><table><tbody><tr><td>Patr\u00edcia Cristina Biaz\u00e3o Manzato Mois\u00e9s<\/td><\/tr><tr><td>Vanessa Frederico<\/td><\/tr><tr><td>Luiz Felipe da Silva Durval<\/td><\/tr><tr><td>Luciana Uhren Meira Silva<\/td><\/tr><tr><td>Luiz Gustavo de Oliveira Vieira<\/td><\/tr><tr><td>Paula Carvalho Ribeiro<\/td><\/tr><tr><td>Aulus Dias Warzee Mattos<\/td><\/tr><tr><td>Pedro Pessoa Moreira Victor<\/td><\/tr><tr><td>Guilherme Barbosa Silva<\/td><\/tr><tr><td>Isac Silveira da Costa<\/td><\/tr><tr><td>Renato Pessoa Manucci<\/td><\/tr><tr><td>Andressa Olmedo Minto<\/td><\/tr><tr><td>Djefferson Smith Santos Maranh\u00e3o<\/td><\/tr><tr><td>Vin\u00edcius Veleda<\/td><\/tr><tr><td>Eduardo Diedrich Mocellin<\/td><\/tr><tr><td>Marcelo Eust\u00e1quio Soares de Lima J\u00fanior<\/td><\/tr><tr><td>Luana Carneiro Brand\u00e3o<\/td><\/tr><tr><td>Francisco Rebou\u00e7as de Azevedo J\u00fanior<\/td><\/tr><tr><td>Pedro Tavares Ribeiro<\/td><\/tr><\/tbody><\/table><\/figure>\n\n\n\n<p>A <strong>Diretoria Pedag\u00f3gica<\/strong> j\u00e1 est\u00e1 entrando em contato <strong>individualmente<\/strong> com cada um dos selecionados para que possam participar dessa \u00faltima etapa.<\/p>\n\n\n\n<p>Foi um processo seletivo bastante concorrido e de alto n\u00edvel, com <strong>mais de 4.000 candidatos inscritos<\/strong>. <\/p>\n\n\n\n<p>Abra\u00e7os,<\/p>\n\n\n\n<p><strong>Ricardo Vale<\/strong><\/p>\n","protected":false},"excerpt":{"rendered":"<p>No dia 31 de julho de 2020, o Estrat\u00e9gia Educacional lan\u00e7ou o processo seletivo &#8220;Estrat\u00e9gia Academy&#8220;, com 11 vagas para professores nas \u00e1reas de Portugu\u00eas, Exatas e Legisla\u00e7\u00e3o Espec\u00edfica. O processo seletivo \u00e9 composto de v\u00e1rias fases e, agora, 19 candidatos foram convocados para a fase de entrevistas, conforme rela\u00e7\u00e3o abaixo: Convocados para a fase [&hellip;]<\/p>\n","protected":false},"author":26,"featured_media":0,"comment_status":"open","ping_status":"closed","sticky":false,"template":"","format":"standard","meta":{"post_tipo":"article","footnotes":""},"categories":[1],"tags":[],"tax_estado":[],"class_list":["post-578741","post","type-post","status-publish","format-standard","hentry","category-cursos-e-concursos"],"acf":[],"yoast_head":"<!-- This site is optimized with the Yoast SEO Premium plugin v27.2 (Yoast SEO v27.2) - https:\/\/yoast.com\/product\/yoast-seo-premium-wordpress\/ -->\n<title>Estrat\u00e9gia Academy: 19 candidatos s\u00e3o selecionados para a fase de entrevistas!<\/title>\n<meta name=\"robots\" content=\"index, follow, max-snippet:-1, max-image-preview:large, max-video-preview:-1\" \/>\n<link rel=\"canonical\" href=\"https:\/\/www.estrategiaconcursos.com.br\/blog\/estrategia-academy-19-candidatos-sao-selecionados-para-a-fase-de-entrevistas\/\" \/>\n<meta property=\"og:locale\" content=\"pt_BR\" \/>\n<meta property=\"og:type\" content=\"article\" \/>\n<meta property=\"og:title\" content=\"Estrat\u00e9gia Academy: 19 candidatos s\u00e3o selecionados para a fase de entrevistas!\" \/>\n<meta property=\"og:description\" content=\"No dia 31 de julho de 2020, o Estrat\u00e9gia Educacional lan\u00e7ou o processo seletivo &#8220;Estrat\u00e9gia Academy&#8220;, com 11 vagas para professores nas \u00e1reas de Portugu\u00eas, Exatas e Legisla\u00e7\u00e3o Espec\u00edfica. O processo seletivo \u00e9 composto de v\u00e1rias fases e, agora, 19 candidatos foram convocados para a fase de entrevistas, conforme rela\u00e7\u00e3o abaixo: Convocados para a fase [&hellip;]\" \/>\n<meta property=\"og:url\" content=\"https:\/\/www.estrategiaconcursos.com.br\/blog\/estrategia-academy-19-candidatos-sao-selecionados-para-a-fase-de-entrevistas\/\" \/>\n<meta property=\"og:site_name\" content=\"Estrat\u00e9gia Concursos\" \/>\n<meta property=\"article:author\" content=\"https:\/\/www.facebook.com\/rvale01\" \/>\n<meta property=\"article:published_time\" content=\"2020-09-26T20:22:48+00:00\" \/>\n<meta property=\"article:modified_time\" content=\"2020-09-26T20:31:54+00:00\" \/>\n<meta name=\"author\" content=\"Ricardo Vale\" \/>\n<meta name=\"twitter:card\" content=\"summary_large_image\" \/>\n<meta name=\"twitter:creator\" content=\"@https:\/\/twitter.com\/EstratConcursos\" \/>\n<meta name=\"twitter:site\" content=\"@EstratConcursos\" \/>\n<meta name=\"twitter:label1\" content=\"Escrito por\" \/>\n\t<meta name=\"twitter:data1\" content=\"Ricardo Vale\" \/>\n\t<meta name=\"twitter:label2\" content=\"Est. tempo de leitura\" \/>\n\t<meta name=\"twitter:data2\" content=\"1 minuto\" \/>\n<script type=\"application\/ld+json\" class=\"yoast-schema-graph\">{\"@context\":\"https:\/\/schema.org\",\"@graph\":[{\"@type\":\"NewsArticle\",\"@id\":\"https:\/\/www.estrategiaconcursos.com.br\/blog\/estrategia-academy-19-candidatos-sao-selecionados-para-a-fase-de-entrevistas\/#article\",\"isPartOf\":{\"@id\":\"https:\/\/www.estrategiaconcursos.com.br\/blog\/estrategia-academy-19-candidatos-sao-selecionados-para-a-fase-de-entrevistas\/\"},\"author\":{\"name\":\"Ricardo Vale\",\"@id\":\"https:\/\/www.estrategiaconcursos.com.br\/blog\/#\/schema\/person\/c32e47dba2159cafe7796a9569a6ff7e\"},\"headline\":\"Estrat\u00e9gia Academy: 19 candidatos s\u00e3o selecionados para a fase de entrevistas!\",\"datePublished\":\"2020-09-26T20:22:48+00:00\",\"dateModified\":\"2020-09-26T20:31:54+00:00\",\"mainEntityOfPage\":{\"@id\":\"https:\/\/www.estrategiaconcursos.com.br\/blog\/estrategia-academy-19-candidatos-sao-selecionados-para-a-fase-de-entrevistas\/\"},\"wordCount\":195,\"commentCount\":1,\"publisher\":{\"@id\":\"https:\/\/www.estrategiaconcursos.com.br\/blog\/#organization\"},\"articleSection\":[\"Concursos P\u00fablicos\"],\"inLanguage\":\"pt-BR\",\"potentialAction\":[{\"@type\":\"CommentAction\",\"name\":\"Comment\",\"target\":[\"https:\/\/www.estrategiaconcursos.com.br\/blog\/estrategia-academy-19-candidatos-sao-selecionados-para-a-fase-de-entrevistas\/#respond\"]}],\"copyrightYear\":\"2020\",\"copyrightHolder\":{\"@id\":\"https:\/\/www.estrategiaconcursos.com.br\/blog\/#organization\"}},{\"@type\":\"WebPage\",\"@id\":\"https:\/\/www.estrategiaconcursos.com.br\/blog\/estrategia-academy-19-candidatos-sao-selecionados-para-a-fase-de-entrevistas\/\",\"url\":\"https:\/\/www.estrategiaconcursos.com.br\/blog\/estrategia-academy-19-candidatos-sao-selecionados-para-a-fase-de-entrevistas\/\",\"name\":\"Estrat\u00e9gia Academy: 19 candidatos s\u00e3o selecionados para a fase de entrevistas!\",\"isPartOf\":{\"@id\":\"https:\/\/www.estrategiaconcursos.com.br\/blog\/#website\"},\"datePublished\":\"2020-09-26T20:22:48+00:00\",\"dateModified\":\"2020-09-26T20:31:54+00:00\",\"breadcrumb\":{\"@id\":\"https:\/\/www.estrategiaconcursos.com.br\/blog\/estrategia-academy-19-candidatos-sao-selecionados-para-a-fase-de-entrevistas\/#breadcrumb\"},\"inLanguage\":\"pt-BR\",\"potentialAction\":[{\"@type\":\"ReadAction\",\"target\":[\"https:\/\/www.estrategiaconcursos.com.br\/blog\/estrategia-academy-19-candidatos-sao-selecionados-para-a-fase-de-entrevistas\/\"]}]},{\"@type\":\"BreadcrumbList\",\"@id\":\"https:\/\/www.estrategiaconcursos.com.br\/blog\/estrategia-academy-19-candidatos-sao-selecionados-para-a-fase-de-entrevistas\/#breadcrumb\",\"itemListElement\":[{\"@type\":\"ListItem\",\"position\":1,\"name\":\"In\u00edcio\",\"item\":\"https:\/\/www.estrategiaconcursos.com.br\/blog\/\"},{\"@type\":\"ListItem\",\"position\":2,\"name\":\"Estrat\u00e9gia Academy: 19 candidatos s\u00e3o selecionados para a fase de entrevistas!\"}]},{\"@type\":\"WebSite\",\"@id\":\"https:\/\/www.estrategiaconcursos.com.br\/blog\/#website\",\"url\":\"https:\/\/www.estrategiaconcursos.com.br\/blog\/\",\"name\":\"Estrat\u00e9gia Concursos\",\"description\":\"O blog da Estrat\u00e9gia Concursos traz not\u00edcias sobre concursos e artigos de professores oferecendo cursos para concursos (pdf + videaulas) no site.\",\"publisher\":{\"@id\":\"https:\/\/www.estrategiaconcursos.com.br\/blog\/#organization\"},\"potentialAction\":[{\"@type\":\"SearchAction\",\"target\":{\"@type\":\"EntryPoint\",\"urlTemplate\":\"https:\/\/www.estrategiaconcursos.com.br\/blog\/?s={search_term_string}\"},\"query-input\":{\"@type\":\"PropertyValueSpecification\",\"valueRequired\":true,\"valueName\":\"search_term_string\"}}],\"inLanguage\":\"pt-BR\"},{\"@type\":\"Organization\",\"@id\":\"https:\/\/www.estrategiaconcursos.com.br\/blog\/#organization\",\"name\":\"Estrat\u00e9gia Concursos\",\"url\":\"https:\/\/www.estrategiaconcursos.com.br\/blog\/\",\"logo\":{\"@type\":\"ImageObject\",\"inLanguage\":\"pt-BR\",\"@id\":\"https:\/\/www.estrategiaconcursos.com.br\/blog\/#\/schema\/logo\/image\/\",\"url\":\"https:\/\/dhg1h5j42swfq.cloudfront.net\/2025\/06\/03203428\/logo_concursos-1.jpg\",\"contentUrl\":\"https:\/\/dhg1h5j42swfq.cloudfront.net\/2025\/06\/03203428\/logo_concursos-1.jpg\",\"width\":230,\"height\":60,\"caption\":\"Estrat\u00e9gia Concursos\"},\"image\":{\"@id\":\"https:\/\/www.estrategiaconcursos.com.br\/blog\/#\/schema\/logo\/image\/\"},\"sameAs\":[\"https:\/\/x.com\/EstratConcursos\"]},{\"@type\":\"Person\",\"@id\":\"https:\/\/www.estrategiaconcursos.com.br\/blog\/#\/schema\/person\/c32e47dba2159cafe7796a9569a6ff7e\",\"name\":\"Ricardo Vale\",\"image\":{\"@type\":\"ImageObject\",\"inLanguage\":\"pt-BR\",\"@id\":\"https:\/\/secure.gravatar.com\/avatar\/e5a5658c798bb49dd53314263f59f38c192d73370fb65839a372c2ae9027be74?s=96&d=mm&r=g\",\"url\":\"https:\/\/secure.gravatar.com\/avatar\/e5a5658c798bb49dd53314263f59f38c192d73370fb65839a372c2ae9027be74?s=96&d=mm&r=g\",\"contentUrl\":\"https:\/\/secure.gravatar.com\/avatar\/e5a5658c798bb49dd53314263f59f38c192d73370fb65839a372c2ae9027be74?s=96&d=mm&r=g\",\"caption\":\"Ricardo Vale\"},\"sameAs\":[\"https:\/\/www.facebook.com\/rvale01\",\"https:\/\/x.com\/https:\/\/twitter.com\/EstratConcursos\"],\"url\":\"https:\/\/www.estrategiaconcursos.com.br\/blog\/author\/ricardovaleestrategiaconcursos-com-br\/\"}]}<\/script>\n<!-- \/ Yoast SEO Premium plugin. -->","yoast_head_json":{"title":"Estrat\u00e9gia Academy: 19 candidatos s\u00e3o selecionados para a fase de entrevistas!","robots":{"index":"index","follow":"follow","max-snippet":"max-snippet:-1","max-image-preview":"max-image-preview:large","max-video-preview":"max-video-preview:-1"},"canonical":"https:\/\/www.estrategiaconcursos.com.br\/blog\/estrategia-academy-19-candidatos-sao-selecionados-para-a-fase-de-entrevistas\/","og_locale":"pt_BR","og_type":"article","og_title":"Estrat\u00e9gia Academy: 19 candidatos s\u00e3o selecionados para a fase de entrevistas!","og_description":"No dia 31 de julho de 2020, o Estrat\u00e9gia Educacional lan\u00e7ou o processo seletivo &#8220;Estrat\u00e9gia Academy&#8220;, com 11 vagas para professores nas \u00e1reas de Portugu\u00eas, Exatas e Legisla\u00e7\u00e3o Espec\u00edfica. O processo seletivo \u00e9 composto de v\u00e1rias fases e, agora, 19 candidatos foram convocados para a fase de entrevistas, conforme rela\u00e7\u00e3o abaixo: Convocados para a fase [&hellip;]","og_url":"https:\/\/www.estrategiaconcursos.com.br\/blog\/estrategia-academy-19-candidatos-sao-selecionados-para-a-fase-de-entrevistas\/","og_site_name":"Estrat\u00e9gia Concursos","article_author":"https:\/\/www.facebook.com\/rvale01","article_published_time":"2020-09-26T20:22:48+00:00","article_modified_time":"2020-09-26T20:31:54+00:00","author":"Ricardo Vale","twitter_card":"summary_large_image","twitter_creator":"@https:\/\/twitter.com\/EstratConcursos","twitter_site":"@EstratConcursos","twitter_misc":{"Escrito por":"Ricardo Vale","Est. tempo de leitura":"1 minuto"},"schema":{"@context":"https:\/\/schema.org","@graph":[{"@type":"NewsArticle","@id":"https:\/\/www.estrategiaconcursos.com.br\/blog\/estrategia-academy-19-candidatos-sao-selecionados-para-a-fase-de-entrevistas\/#article","isPartOf":{"@id":"https:\/\/www.estrategiaconcursos.com.br\/blog\/estrategia-academy-19-candidatos-sao-selecionados-para-a-fase-de-entrevistas\/"},"author":{"name":"Ricardo Vale","@id":"https:\/\/www.estrategiaconcursos.com.br\/blog\/#\/schema\/person\/c32e47dba2159cafe7796a9569a6ff7e"},"headline":"Estrat\u00e9gia Academy: 19 candidatos s\u00e3o selecionados para a fase de entrevistas!","datePublished":"2020-09-26T20:22:48+00:00","dateModified":"2020-09-26T20:31:54+00:00","mainEntityOfPage":{"@id":"https:\/\/www.estrategiaconcursos.com.br\/blog\/estrategia-academy-19-candidatos-sao-selecionados-para-a-fase-de-entrevistas\/"},"wordCount":195,"commentCount":1,"publisher":{"@id":"https:\/\/www.estrategiaconcursos.com.br\/blog\/#organization"},"articleSection":["Concursos P\u00fablicos"],"inLanguage":"pt-BR","potentialAction":[{"@type":"CommentAction","name":"Comment","target":["https:\/\/www.estrategiaconcursos.com.br\/blog\/estrategia-academy-19-candidatos-sao-selecionados-para-a-fase-de-entrevistas\/#respond"]}],"copyrightYear":"2020","copyrightHolder":{"@id":"https:\/\/www.estrategiaconcursos.com.br\/blog\/#organization"}},{"@type":"WebPage","@id":"https:\/\/www.estrategiaconcursos.com.br\/blog\/estrategia-academy-19-candidatos-sao-selecionados-para-a-fase-de-entrevistas\/","url":"https:\/\/www.estrategiaconcursos.com.br\/blog\/estrategia-academy-19-candidatos-sao-selecionados-para-a-fase-de-entrevistas\/","name":"Estrat\u00e9gia Academy: 19 candidatos s\u00e3o selecionados para a fase de entrevistas!","isPartOf":{"@id":"https:\/\/www.estrategiaconcursos.com.br\/blog\/#website"},"datePublished":"2020-09-26T20:22:48+00:00","dateModified":"2020-09-26T20:31:54+00:00","breadcrumb":{"@id":"https:\/\/www.estrategiaconcursos.com.br\/blog\/estrategia-academy-19-candidatos-sao-selecionados-para-a-fase-de-entrevistas\/#breadcrumb"},"inLanguage":"pt-BR","potentialAction":[{"@type":"ReadAction","target":["https:\/\/www.estrategiaconcursos.com.br\/blog\/estrategia-academy-19-candidatos-sao-selecionados-para-a-fase-de-entrevistas\/"]}]},{"@type":"BreadcrumbList","@id":"https:\/\/www.estrategiaconcursos.com.br\/blog\/estrategia-academy-19-candidatos-sao-selecionados-para-a-fase-de-entrevistas\/#breadcrumb","itemListElement":[{"@type":"ListItem","position":1,"name":"In\u00edcio","item":"https:\/\/www.estrategiaconcursos.com.br\/blog\/"},{"@type":"ListItem","position":2,"name":"Estrat\u00e9gia Academy: 19 candidatos s\u00e3o selecionados para a fase de entrevistas!"}]},{"@type":"WebSite","@id":"https:\/\/www.estrategiaconcursos.com.br\/blog\/#website","url":"https:\/\/www.estrategiaconcursos.com.br\/blog\/","name":"Estrat\u00e9gia Concursos","description":"O blog da Estrat\u00e9gia Concursos traz not\u00edcias sobre concursos e artigos de professores oferecendo cursos para concursos (pdf + videaulas) no site.","publisher":{"@id":"https:\/\/www.estrategiaconcursos.com.br\/blog\/#organization"},"potentialAction":[{"@type":"SearchAction","target":{"@type":"EntryPoint","urlTemplate":"https:\/\/www.estrategiaconcursos.com.br\/blog\/?s={search_term_string}"},"query-input":{"@type":"PropertyValueSpecification","valueRequired":true,"valueName":"search_term_string"}}],"inLanguage":"pt-BR"},{"@type":"Organization","@id":"https:\/\/www.estrategiaconcursos.com.br\/blog\/#organization","name":"Estrat\u00e9gia Concursos","url":"https:\/\/www.estrategiaconcursos.com.br\/blog\/","logo":{"@type":"ImageObject","inLanguage":"pt-BR","@id":"https:\/\/www.estrategiaconcursos.com.br\/blog\/#\/schema\/logo\/image\/","url":"https:\/\/dhg1h5j42swfq.cloudfront.net\/2025\/06\/03203428\/logo_concursos-1.jpg","contentUrl":"https:\/\/dhg1h5j42swfq.cloudfront.net\/2025\/06\/03203428\/logo_concursos-1.jpg","width":230,"height":60,"caption":"Estrat\u00e9gia Concursos"},"image":{"@id":"https:\/\/www.estrategiaconcursos.com.br\/blog\/#\/schema\/logo\/image\/"},"sameAs":["https:\/\/x.com\/EstratConcursos"]},{"@type":"Person","@id":"https:\/\/www.estrategiaconcursos.com.br\/blog\/#\/schema\/person\/c32e47dba2159cafe7796a9569a6ff7e","name":"Ricardo Vale","image":{"@type":"ImageObject","inLanguage":"pt-BR","@id":"https:\/\/secure.gravatar.com\/avatar\/e5a5658c798bb49dd53314263f59f38c192d73370fb65839a372c2ae9027be74?s=96&d=mm&r=g","url":"https:\/\/secure.gravatar.com\/avatar\/e5a5658c798bb49dd53314263f59f38c192d73370fb65839a372c2ae9027be74?s=96&d=mm&r=g","contentUrl":"https:\/\/secure.gravatar.com\/avatar\/e5a5658c798bb49dd53314263f59f38c192d73370fb65839a372c2ae9027be74?s=96&d=mm&r=g","caption":"Ricardo Vale"},"sameAs":["https:\/\/www.facebook.com\/rvale01","https:\/\/x.com\/https:\/\/twitter.com\/EstratConcursos"],"url":"https:\/\/www.estrategiaconcursos.com.br\/blog\/author\/ricardovaleestrategiaconcursos-com-br\/"}]}},"_links":{"self":[{"href":"https:\/\/www.estrategiaconcursos.com.br\/blog\/wp-json\/wp\/v2\/posts\/578741","targetHints":{"allow":["GET"]}}],"collection":[{"href":"https:\/\/www.estrategiaconcursos.com.br\/blog\/wp-json\/wp\/v2\/posts"}],"about":[{"href":"https:\/\/www.estrategiaconcursos.com.br\/blog\/wp-json\/wp\/v2\/types\/post"}],"author":[{"embeddable":true,"href":"https:\/\/www.estrategiaconcursos.com.br\/blog\/wp-json\/wp\/v2\/users\/26"}],"replies":[{"embeddable":true,"href":"https:\/\/www.estrategiaconcursos.com.br\/blog\/wp-json\/wp\/v2\/comments?post=578741"}],"version-history":[{"count":3,"href":"https:\/\/www.estrategiaconcursos.com.br\/blog\/wp-json\/wp\/v2\/posts\/578741\/revisions"}],"predecessor-version":[{"id":578747,"href":"https:\/\/www.estrategiaconcursos.com.br\/blog\/wp-json\/wp\/v2\/posts\/578741\/revisions\/578747"}],"wp:attachment":[{"href":"https:\/\/www.estrategiaconcursos.com.br\/blog\/wp-json\/wp\/v2\/media?parent=578741"}],"wp:term":[{"taxonomy":"category","embeddable":true,"href":"https:\/\/www.estrategiaconcursos.com.br\/blog\/wp-json\/wp\/v2\/categories?post=578741"},{"taxonomy":"post_tag","embeddable":true,"href":"https:\/\/www.estrategiaconcursos.com.br\/blog\/wp-json\/wp\/v2\/tags?post=578741"},{"taxonomy":"tax_estado","embeddable":true,"href":"https:\/\/www.estrategiaconcursos.com.br\/blog\/wp-json\/wp\/v2\/tax_estado?post=578741"}],"curies":[{"name":"wp","href":"https:\/\/api.w.org\/{rel}","templated":true}]}}