{"id":578369,"date":"2020-10-02T00:00:00","date_gmt":"2020-10-02T03:00:00","guid":{"rendered":"https:\/\/www.estrategiaconcursos.com.br\/blog\/?p=578369"},"modified":"2020-12-16T10:22:58","modified_gmt":"2020-12-16T13:22:58","slug":"semana-especial-pm-sp-e-pc-sp","status":"publish","type":"post","link":"https:\/\/www.estrategiaconcursos.com.br\/blog\/semana-especial-pm-sp-e-pc-sp\/","title":{"rendered":"Semana Especial PM SP e PC SP: 14 mil oportunidades com o fim da pandemia!"},"content":{"rendered":"\n<p>A \u00e1rea de seguran\u00e7a p\u00fablica vem sendo constantemente contemplada por novos concursos p\u00fablicos em todo o pa\u00eds e S\u00e3o Paulo est\u00e1 com \u00f3timas oportunidades previstas.<\/p>\n\n\n\n<p>Os concursos da Pol\u00edcia Militar e da Pol\u00edcia Civil de S\u00e3o Paulo, por exemplo, aguardam apenas a estabiliza\u00e7\u00e3o da pandemia da Covid-19 (novo Coronav\u00edrus) para ter novos editais publicados. Falando especificamente sobre estes concursos, voc\u00ea sabia que, juntos, ofertar\u00e3o <strong>14 MIL VAGAS<\/strong>?<\/p>\n\n\n\n<p>Os editais do concurso PC SP, segundo o delegado-geral da institui\u00e7\u00e3o, Ruy Ferraz Fontes, est\u00e3o prontos para serem lan\u00e7ados, restando apenas a escolha da banca organizadora.<\/p>\n\n\n\n<p>J\u00e1 o concurso PM SP, sob responsabilidade da Vunesp, poder\u00e1 ter o edital para soldado publicado a qualquer momento.<\/p>\n\n\n\n<p>E para voc\u00ea que est\u00e1 se preparando para estes concorrid\u00edssimos editais de S\u00e3o Paulo, o Estrat\u00e9gia Concursos preparou a&nbsp;&#8216;<strong>Semana Especial: PM SP e PC SP<\/strong>&#8216;, com tudo o que precisa saber para se preparar de maneira eficiente e garantir a t\u00e3o sonhada vaga. <\/p>\n\n\n\n<div class=\"container\" id=\"boxes\">\n  <div class=\"row\">\n\n    <div class=\"col-sm\">\n      <div class=\"banner-policial\" id=\"box-assinatura\">\n        <h3 class=\"titulo-assinatura\">Assinaturas PM\/PC-SP<\/h3>\n        <p class=\"subtitulo-assinatura\">Conhe\u00e7a a promo\u00e7\u00e3o<\/p>\n        <div class=\"box-botao\">\n          <a class=\"btn-assinatura\" target=\"_blank\" href=\"https:\/\/www.estrategiaconcursos.com.br\/assinaturas-promo\/pm-pc-sp\" role=\"button\" rel=\"noopener noreferrer\">Conhe\u00e7a mais<\/a>\n        <\/div>\n      <\/div>\n      <p class=\"texto-auxiliar\">Prepare-se com o melhor material e com quem mais aprova em Concursos P\u00fablicos em todo o pa\u00eds.<\/p>\n    <\/div>\n\n  <\/div>\n<\/div>\n\n\n\n<p><\/p>\n\n\n\n<p>O evento \u2018Semana Especial PM SP e PC SP\u2019 ter\u00e1 in\u00edcio na&nbsp;<strong>segunda-feira, 28 de setembro,&nbsp;<\/strong>a partir das 10h. Confira abaixo o cronograma completa:<\/p>\n\n\n\n<figure class=\"wp-block-table is-style-stripes\"><table><tbody><tr><td class=\"has-text-align-center\" data-align=\"center\"><strong>Data<\/strong><\/td><td class=\"has-text-align-center\" data-align=\"center\"><strong>Nome do Evento<\/strong><\/td><\/tr><tr><td class=\"has-text-align-center\" data-align=\"center\"><strong>28\/09 <\/strong>(segunda) \u00e0s 10h<\/td><td class=\"has-text-align-center\" data-align=\"center\">PM SP e PC SP: 14 mil oportunidades com o fim da pandemia!<\/td><\/tr><tr><td class=\"has-text-align-center\" data-align=\"center\"><strong>28\/09 <\/strong>(segunda) \u00e0s 19h<\/td><td class=\"has-text-align-center\" data-align=\"center\">PM SP e PC SP: qual escolher?<\/td><\/tr><tr><td class=\"has-text-align-center\" data-align=\"center\"><strong>29\/09 <\/strong>(ter\u00e7a) \u00e0s 19h<\/td><td class=\"has-text-align-center\" data-align=\"center\">Concurso PC SP: plano de estudos do iniciante ao avan\u00e7ado<\/td><\/tr><tr><td class=\"has-text-align-center\" data-align=\"center\"><strong>30\/09 <\/strong>(quarta) \u00e0s 19h<\/td><td class=\"has-text-align-center\" data-align=\"center\">Concurso PM SP: plano de estudos do iniciante ao avan\u00e7ado<\/td><\/tr><tr><td class=\"has-text-align-center\" data-align=\"center\"><strong>01\/10 <\/strong>(quinta) \u00e0s 19h<\/td><td class=\"has-text-align-center\" data-align=\"center\">PC SP: Conhe\u00e7a os cargos de Investigador, Escriv\u00e3o<\/td><\/tr><tr><td class=\"has-text-align-center\" data-align=\"center\"><strong>02\/10 (<\/strong>sexta)\u00e0s 19h<\/td><td class=\"has-text-align-center\" data-align=\"center\">PM SP: Conhe\u00e7a os cargos de Oficial e Soldado<\/td><\/tr><\/tbody><\/table><\/figure>\n\n\n\n<p>\u00c9 hora de FOCO TOTAL! E para que voc\u00ea esteja 100%, a <strong>&#8216;Semana Especial: PM SP e PC SP&#8217;<\/strong> trar\u00e1 aulas <strong>ESPECIAIS<\/strong>, com dura\u00e7\u00e3o de 3h30:<\/p>\n\n\n\n<h3 class=\"wp-block-heading\"><strong><u>Temas quentes para PM SP:<\/u><\/strong><\/h3>\n\n\n\n<figure class=\"wp-block-table is-style-stripes\"><table><tbody><tr><td class=\"has-text-align-center\" data-align=\"center\"><strong>Data<\/strong><\/td><td class=\"has-text-align-center\" data-align=\"center\"><strong>Professor<\/strong><\/td><td class=\"has-text-align-center\" data-align=\"center\"><strong>Disciplina<\/strong><\/td><\/tr><tr><td class=\"has-text-align-center\" data-align=\"center\"><strong>29\/09 (ter\u00e7a) \u00e0s 08:30<\/strong><\/td><td class=\"has-text-align-center\" data-align=\"center\">Jana\u00edna Arruda<\/td><td class=\"has-text-align-center\" data-align=\"center\">Portugu\u00eas<\/td><\/tr><tr><td class=\"has-text-align-center\" data-align=\"center\"><strong>30\/09 (quarta) \u00e0s 08:30<\/strong><\/td><td class=\"has-text-align-center\" data-align=\"center\">Rodolfo Graciolli<\/td><td class=\"has-text-align-center\" data-align=\"center\">Atualidades<\/td><\/tr><tr><td class=\"has-text-align-center\" data-align=\"center\"><strong>01\/10 (quinta) \u00e0s 08:30<\/strong><\/td><td class=\"has-text-align-center\" data-align=\"center\">Brunno Lima<\/td><td class=\"has-text-align-center\" data-align=\"center\">Matem\u00e1tica<\/td><\/tr><tr><td class=\"has-text-align-center\" data-align=\"center\"><strong>02\/10 (sexta) \u00e0s 8:30<\/strong><\/td><td class=\"has-text-align-center\" data-align=\"center\">Ranielison Passos<\/td><td class=\"has-text-align-center\" data-align=\"center\">Inform\u00e1tica<\/td><\/tr><\/tbody><\/table><\/figure>\n\n\n\n<h3 class=\"wp-block-heading\"><strong><u>Temas quentes para PC SP:<\/u><\/strong><\/h3>\n\n\n\n<figure class=\"wp-block-table is-style-stripes\"><table><tbody><tr><td class=\"has-text-align-center\" data-align=\"center\"><strong>Data<\/strong><\/td><td class=\"has-text-align-center\" data-align=\"center\"><strong>Professor<\/strong><\/td><td class=\"has-text-align-center\" data-align=\"center\"><strong>Disciplina<\/strong><\/td><\/tr><tr><td class=\"has-text-align-center\" data-align=\"center\"><strong>28\/09 <\/strong>(segunda) \u00e0s 14h<\/td><td class=\"has-text-align-center\" data-align=\"center\">Jana\u00edna Arruda<\/td><td class=\"has-text-align-center\" data-align=\"center\">Portugu\u00eas<\/td><\/tr><tr><td class=\"has-text-align-center\" data-align=\"center\"><strong>29\/09 <\/strong>(ter\u00e7a) \u00e0s 14h<\/td><td class=\"has-text-align-center\" data-align=\"center\">Ranielison Passos<\/td><td class=\"has-text-align-center\" data-align=\"center\">Inform\u00e1tica<\/td><\/tr><tr><td class=\"has-text-align-center\" data-align=\"center\"><strong>30\/09 <\/strong>(quarta) \u00e0s 14h<\/td><td class=\"has-text-align-center\" data-align=\"center\">Priscila Silveira<\/td><td class=\"has-text-align-center\" data-align=\"center\">Penal<\/td><\/tr><tr><td class=\"has-text-align-center\" data-align=\"center\"><strong>01\/10 <\/strong>(quinta) \u00e0s 14h<\/td><td class=\"has-text-align-center\" data-align=\"center\">Priscila Silveira<\/td><td class=\"has-text-align-center\" data-align=\"center\">Processo Penal<\/td><\/tr><tr><td class=\"has-text-align-center\" data-align=\"center\"><strong>02\/10 (<\/strong>sexta)\u00e0s 14h<\/td><td class=\"has-text-align-center\" data-align=\"center\">Akhenaton Nobre dos Santos<br \/><\/td><td class=\"has-text-align-center\" data-align=\"center\">Legisla\u00e7\u00e3o Especial<\/td><\/tr><\/tbody><\/table><\/figure>\n\n\n\n<p>Ficou interessado na programa\u00e7\u00e3o do evento e quer refor\u00e7ar os seus estudos? Acesse o link abaixo, inscreva-se e n\u00e3o fique de fora:<\/p>\n\n\n\n<p class=\"has-text-align-center has-background\" style=\"font-size:clamp(15.197px, 0.95rem + ((1vw - 3.2px) * 0.765), 23px);px;background-color:#e0e0e0\"><a href=\"https:\/\/gratis.estrategiaconcursos.com.br\/semana-especial-pm-sp-e-pc-sp\/\" target=\"_blank\" rel=\"noreferrer noopener\"><strong>Semana Especial: PM SP e PC SP<\/strong><\/a><\/p>\n\n\n\n<p class=\"has-text-align-center has-background\" style=\"font-size:clamp(14.082px, 0.88rem + ((1vw - 3.2px) * 0.678), 21px);px;background-color:#e7e9ea\"><strong>Saiba mais:&nbsp;<a href=\"https:\/\/www.estrategiaconcursos.com.br\/blog\/concurso-policia-civil-sp-2020\/\">Concurso PC SP<\/a><\/strong> <strong>| <a href=\"https:\/\/www.estrategiaconcursos.com.br\/blog\/concurso-pm-sp-2020\/\" target=\"_blank\" rel=\"noreferrer noopener\">Concurso PM SP<\/a><\/strong><\/p>\n\n\n\n<p class=\"has-text-align-center\"><em><strong>Assinatura Anual Ilimitada*<\/strong><\/em><\/p>\n\n\n\n<p class=\"has-text-align-center\"><em>Prepare-se com o melhor material e com quem mais aprova em Concursos P\u00fablicos em todo o pa\u00eds. Assine agora a nossa Assinatura Anual e tenha acesso ilimitado* a todos os nossos cursos.<\/em><\/p>\n\n\n\n<p class=\"has-text-align-center has-luminous-vivid-amber-background-color has-background\"><strong>ASSINE AGORA&nbsp;\u2013&nbsp;<\/strong><a rel=\"noreferrer noopener\" href=\"https:\/\/www.estrategiaconcursos.com.br\/assinaturas\" target=\"_blank\"><strong>Assinatura Ilimitada<\/strong><\/a><\/p>\n\n\n\n<p class=\"has-text-align-center\"><strong><em><strong>Sistema de Quest\u00f5es<\/strong><\/em><\/strong><\/p>\n\n\n\n<p class=\"has-text-align-center\">Estrat\u00e9gia Quest\u00f5es nasceu maior do que todos os concorrentes, com mais quest\u00f5es cadastradas e mais solu\u00e7\u00f5es por professores. Clique no link e aproveite os descontos e b\u00f4nus imperd\u00edveis!<\/p>\n\n\n\n<p class=\"has-text-align-center has-vivid-green-cyan-background-color has-background\"><strong>ASSINE AGORA \u2013&nbsp;<a href=\"https:\/\/www.estrategiaconcursos.com.br\/cursosPorConcurso\/sistema-de-questoes\/#\/\" target=\"_blank\" rel=\"noreferrer noopener\">Sistema de Quest\u00f5es<\/a><\/strong><\/p>\n\n\n\n<p class=\"has-text-align-center\"><strong><em>Fique por dentro de todos os concursos<\/em><\/strong><\/p>\n\n\n\n<p class=\"has-text-align-center has-pale-cyan-blue-background-color has-background\"><a rel=\"noreferrer noopener\" href=\"https:\/\/www.estrategiaconcursos.com.br\/blog\/concursos-abertos\/\" target=\"_blank\"><strong>CONCURSOS ABERTOS<\/strong><\/a><\/p>\n\n\n\n<p class=\"has-text-align-center has-pale-cyan-blue-background-color has-background\"><a rel=\"noreferrer noopener\" href=\"https:\/\/www.estrategiaconcursos.com.br\/blog\/concursos-2020\/\" target=\"_blank\"><strong>CONCURSOS&nbsp;2020<\/strong><\/a><\/p>\n\n\n\n<p class=\"has-text-align-center has-pale-cyan-blue-background-color has-background\"><strong><a rel=\"noreferrer noopener\" href=\"https:\/\/www.estrategiaconcursos.com.br\/blog\/concursos-2021\/\" target=\"_blank\">CONCURSOS&nbsp;2021<\/a><\/strong><\/p>\n","protected":false},"excerpt":{"rendered":"<p>A \u00e1rea de seguran\u00e7a p\u00fablica vem sendo constantemente contemplada por novos concursos p\u00fablicos em todo o pa\u00eds e S\u00e3o Paulo est\u00e1 com \u00f3timas oportunidades previstas. Os concursos da Pol\u00edcia Militar e da Pol\u00edcia Civil de S\u00e3o Paulo, por exemplo, aguardam apenas a estabiliza\u00e7\u00e3o da pandemia da Covid-19 (novo Coronav\u00edrus) para ter novos editais publicados. Falando [&hellip;]<\/p>\n","protected":false},"author":1,"featured_media":0,"comment_status":"open","ping_status":"closed","sticky":false,"template":"","format":"standard","meta":{"post_tipo":"news","footnotes":""},"categories":[1988],"tags":[],"tax_estado":[],"class_list":["post-578369","post","type-post","status-publish","format-standard","hentry","category-policia"],"acf":[],"yoast_head":"<!-- This site is optimized with the Yoast SEO Premium plugin v27.2 (Yoast SEO v27.2) - https:\/\/yoast.com\/product\/yoast-seo-premium-wordpress\/ -->\n<title>Semana Especial PM SP e PC SP: 14 mil oportunidades com o fim da pandemia!<\/title>\n<meta name=\"description\" content=\"Semana Especial PM SP e PC SP - 14 mil oportunidades para voc\u00ea garantir uma vaga! Participe do evento e reforce seus estudos!\" \/>\n<meta name=\"robots\" content=\"index, follow, max-snippet:-1, max-image-preview:large, max-video-preview:-1\" \/>\n<link rel=\"canonical\" href=\"https:\/\/www.estrategiaconcursos.com.br\/blog\/semana-especial-pm-sp-e-pc-sp\/\" \/>\n<meta property=\"og:locale\" content=\"pt_BR\" \/>\n<meta property=\"og:type\" content=\"article\" \/>\n<meta property=\"og:title\" content=\"Semana Especial PM SP e PC SP: 14 mil oportunidades com o fim da pandemia!\" \/>\n<meta property=\"og:description\" content=\"Semana Especial PM SP e PC SP - 14 mil oportunidades para voc\u00ea garantir uma vaga! Participe do evento e reforce seus estudos!\" \/>\n<meta property=\"og:url\" content=\"https:\/\/www.estrategiaconcursos.com.br\/blog\/semana-especial-pm-sp-e-pc-sp\/\" \/>\n<meta property=\"og:site_name\" content=\"Estrat\u00e9gia Concursos\" \/>\n<meta property=\"article:author\" content=\"https:\/\/www.facebook.com\/EstrategiaConcursos\" \/>\n<meta property=\"article:published_time\" content=\"2020-10-02T03:00:00+00:00\" \/>\n<meta property=\"article:modified_time\" content=\"2020-12-16T13:22:58+00:00\" \/>\n<meta name=\"author\" content=\"Coordena\u00e7\u00e3o\" \/>\n<meta name=\"twitter:card\" content=\"summary_large_image\" \/>\n<meta name=\"twitter:creator\" content=\"@EstratConcursos\" \/>\n<meta name=\"twitter:site\" content=\"@EstratConcursos\" \/>\n<meta name=\"twitter:label1\" content=\"Escrito por\" \/>\n\t<meta name=\"twitter:data1\" content=\"Coordena\u00e7\u00e3o\" \/>\n\t<meta name=\"twitter:label2\" content=\"Est. tempo de leitura\" \/>\n\t<meta name=\"twitter:data2\" content=\"3 minutos\" \/>\n<script type=\"application\/ld+json\" class=\"yoast-schema-graph\">{\"@context\":\"https:\/\/schema.org\",\"@graph\":[{\"@type\":\"NewsArticle\",\"@id\":\"https:\/\/www.estrategiaconcursos.com.br\/blog\/semana-especial-pm-sp-e-pc-sp\/#article\",\"isPartOf\":{\"@id\":\"https:\/\/www.estrategiaconcursos.com.br\/blog\/semana-especial-pm-sp-e-pc-sp\/\"},\"author\":{\"name\":\"Coordena\u00e7\u00e3o\",\"@id\":\"https:\/\/www.estrategiaconcursos.com.br\/blog\/#\/schema\/person\/b4a388c97673c5f483d72185668afa1f\"},\"headline\":\"Semana Especial PM SP e PC SP: 14 mil oportunidades com o fim da pandemia!\",\"datePublished\":\"2020-10-02T03:00:00+00:00\",\"dateModified\":\"2020-12-16T13:22:58+00:00\",\"mainEntityOfPage\":{\"@id\":\"https:\/\/www.estrategiaconcursos.com.br\/blog\/semana-especial-pm-sp-e-pc-sp\/\"},\"wordCount\":576,\"commentCount\":0,\"publisher\":{\"@id\":\"https:\/\/www.estrategiaconcursos.com.br\/blog\/#organization\"},\"articleSection\":[\"Policial (Agente, Escriv\u00e3o e Investigador)\"],\"inLanguage\":\"pt-BR\",\"potentialAction\":[{\"@type\":\"CommentAction\",\"name\":\"Comment\",\"target\":[\"https:\/\/www.estrategiaconcursos.com.br\/blog\/semana-especial-pm-sp-e-pc-sp\/#respond\"]}],\"copyrightYear\":\"2020\",\"copyrightHolder\":{\"@id\":\"https:\/\/www.estrategiaconcursos.com.br\/blog\/#organization\"}},{\"@type\":\"WebPage\",\"@id\":\"https:\/\/www.estrategiaconcursos.com.br\/blog\/semana-especial-pm-sp-e-pc-sp\/\",\"url\":\"https:\/\/www.estrategiaconcursos.com.br\/blog\/semana-especial-pm-sp-e-pc-sp\/\",\"name\":\"Semana Especial PM SP e PC SP: 14 mil oportunidades com o fim da pandemia!\",\"isPartOf\":{\"@id\":\"https:\/\/www.estrategiaconcursos.com.br\/blog\/#website\"},\"datePublished\":\"2020-10-02T03:00:00+00:00\",\"dateModified\":\"2020-12-16T13:22:58+00:00\",\"description\":\"Semana Especial PM SP e PC SP - 14 mil oportunidades para voc\u00ea garantir uma vaga! Participe do evento e reforce seus estudos!\",\"breadcrumb\":{\"@id\":\"https:\/\/www.estrategiaconcursos.com.br\/blog\/semana-especial-pm-sp-e-pc-sp\/#breadcrumb\"},\"inLanguage\":\"pt-BR\",\"potentialAction\":[{\"@type\":\"ReadAction\",\"target\":[\"https:\/\/www.estrategiaconcursos.com.br\/blog\/semana-especial-pm-sp-e-pc-sp\/\"]}]},{\"@type\":\"BreadcrumbList\",\"@id\":\"https:\/\/www.estrategiaconcursos.com.br\/blog\/semana-especial-pm-sp-e-pc-sp\/#breadcrumb\",\"itemListElement\":[{\"@type\":\"ListItem\",\"position\":1,\"name\":\"In\u00edcio\",\"item\":\"https:\/\/www.estrategiaconcursos.com.br\/blog\/\"},{\"@type\":\"ListItem\",\"position\":2,\"name\":\"Semana Especial PM SP e PC SP: 14 mil oportunidades com o fim da pandemia!\"}]},{\"@type\":\"WebSite\",\"@id\":\"https:\/\/www.estrategiaconcursos.com.br\/blog\/#website\",\"url\":\"https:\/\/www.estrategiaconcursos.com.br\/blog\/\",\"name\":\"Estrat\u00e9gia Concursos\",\"description\":\"O blog da Estrat\u00e9gia Concursos traz not\u00edcias sobre concursos e artigos de professores oferecendo cursos para concursos (pdf + videaulas) no site.\",\"publisher\":{\"@id\":\"https:\/\/www.estrategiaconcursos.com.br\/blog\/#organization\"},\"potentialAction\":[{\"@type\":\"SearchAction\",\"target\":{\"@type\":\"EntryPoint\",\"urlTemplate\":\"https:\/\/www.estrategiaconcursos.com.br\/blog\/?s={search_term_string}\"},\"query-input\":{\"@type\":\"PropertyValueSpecification\",\"valueRequired\":true,\"valueName\":\"search_term_string\"}}],\"inLanguage\":\"pt-BR\"},{\"@type\":\"Organization\",\"@id\":\"https:\/\/www.estrategiaconcursos.com.br\/blog\/#organization\",\"name\":\"Estrat\u00e9gia Concursos\",\"url\":\"https:\/\/www.estrategiaconcursos.com.br\/blog\/\",\"logo\":{\"@type\":\"ImageObject\",\"inLanguage\":\"pt-BR\",\"@id\":\"https:\/\/www.estrategiaconcursos.com.br\/blog\/#\/schema\/logo\/image\/\",\"url\":\"https:\/\/dhg1h5j42swfq.cloudfront.net\/2025\/06\/03203428\/logo_concursos-1.jpg\",\"contentUrl\":\"https:\/\/dhg1h5j42swfq.cloudfront.net\/2025\/06\/03203428\/logo_concursos-1.jpg\",\"width\":230,\"height\":60,\"caption\":\"Estrat\u00e9gia Concursos\"},\"image\":{\"@id\":\"https:\/\/www.estrategiaconcursos.com.br\/blog\/#\/schema\/logo\/image\/\"},\"sameAs\":[\"https:\/\/x.com\/EstratConcursos\"]},{\"@type\":\"Person\",\"@id\":\"https:\/\/www.estrategiaconcursos.com.br\/blog\/#\/schema\/person\/b4a388c97673c5f483d72185668afa1f\",\"name\":\"Coordena\u00e7\u00e3o\",\"image\":{\"@type\":\"ImageObject\",\"inLanguage\":\"pt-BR\",\"@id\":\"https:\/\/secure.gravatar.com\/avatar\/b720319e4c9a967eb58678d110f4fe35452fc5d5f97b202bac7b8acceb18c6ad?s=96&d=mm&r=g\",\"url\":\"https:\/\/secure.gravatar.com\/avatar\/b720319e4c9a967eb58678d110f4fe35452fc5d5f97b202bac7b8acceb18c6ad?s=96&d=mm&r=g\",\"contentUrl\":\"https:\/\/secure.gravatar.com\/avatar\/b720319e4c9a967eb58678d110f4fe35452fc5d5f97b202bac7b8acceb18c6ad?s=96&d=mm&r=g\",\"caption\":\"Coordena\u00e7\u00e3o\"},\"sameAs\":[\"https:\/\/www.facebook.com\/EstrategiaConcursos\",\"https:\/\/x.com\/EstratConcursos\"],\"url\":\"https:\/\/www.estrategiaconcursos.com.br\/blog\/author\/estrategia2013\/\"}]}<\/script>\n<!-- \/ Yoast SEO Premium plugin. -->","yoast_head_json":{"title":"Semana Especial PM SP e PC SP: 14 mil oportunidades com o fim da pandemia!","description":"Semana Especial PM SP e PC SP - 14 mil oportunidades para voc\u00ea garantir uma vaga! Participe do evento e reforce seus estudos!","robots":{"index":"index","follow":"follow","max-snippet":"max-snippet:-1","max-image-preview":"max-image-preview:large","max-video-preview":"max-video-preview:-1"},"canonical":"https:\/\/www.estrategiaconcursos.com.br\/blog\/semana-especial-pm-sp-e-pc-sp\/","og_locale":"pt_BR","og_type":"article","og_title":"Semana Especial PM SP e PC SP: 14 mil oportunidades com o fim da pandemia!","og_description":"Semana Especial PM SP e PC SP - 14 mil oportunidades para voc\u00ea garantir uma vaga! Participe do evento e reforce seus estudos!","og_url":"https:\/\/www.estrategiaconcursos.com.br\/blog\/semana-especial-pm-sp-e-pc-sp\/","og_site_name":"Estrat\u00e9gia Concursos","article_author":"https:\/\/www.facebook.com\/EstrategiaConcursos","article_published_time":"2020-10-02T03:00:00+00:00","article_modified_time":"2020-12-16T13:22:58+00:00","author":"Coordena\u00e7\u00e3o","twitter_card":"summary_large_image","twitter_creator":"@EstratConcursos","twitter_site":"@EstratConcursos","twitter_misc":{"Escrito por":"Coordena\u00e7\u00e3o","Est. tempo de leitura":"3 minutos"},"schema":{"@context":"https:\/\/schema.org","@graph":[{"@type":"NewsArticle","@id":"https:\/\/www.estrategiaconcursos.com.br\/blog\/semana-especial-pm-sp-e-pc-sp\/#article","isPartOf":{"@id":"https:\/\/www.estrategiaconcursos.com.br\/blog\/semana-especial-pm-sp-e-pc-sp\/"},"author":{"name":"Coordena\u00e7\u00e3o","@id":"https:\/\/www.estrategiaconcursos.com.br\/blog\/#\/schema\/person\/b4a388c97673c5f483d72185668afa1f"},"headline":"Semana Especial PM SP e PC SP: 14 mil oportunidades com o fim da pandemia!","datePublished":"2020-10-02T03:00:00+00:00","dateModified":"2020-12-16T13:22:58+00:00","mainEntityOfPage":{"@id":"https:\/\/www.estrategiaconcursos.com.br\/blog\/semana-especial-pm-sp-e-pc-sp\/"},"wordCount":576,"commentCount":0,"publisher":{"@id":"https:\/\/www.estrategiaconcursos.com.br\/blog\/#organization"},"articleSection":["Policial (Agente, Escriv\u00e3o e Investigador)"],"inLanguage":"pt-BR","potentialAction":[{"@type":"CommentAction","name":"Comment","target":["https:\/\/www.estrategiaconcursos.com.br\/blog\/semana-especial-pm-sp-e-pc-sp\/#respond"]}],"copyrightYear":"2020","copyrightHolder":{"@id":"https:\/\/www.estrategiaconcursos.com.br\/blog\/#organization"}},{"@type":"WebPage","@id":"https:\/\/www.estrategiaconcursos.com.br\/blog\/semana-especial-pm-sp-e-pc-sp\/","url":"https:\/\/www.estrategiaconcursos.com.br\/blog\/semana-especial-pm-sp-e-pc-sp\/","name":"Semana Especial PM SP e PC SP: 14 mil oportunidades com o fim da pandemia!","isPartOf":{"@id":"https:\/\/www.estrategiaconcursos.com.br\/blog\/#website"},"datePublished":"2020-10-02T03:00:00+00:00","dateModified":"2020-12-16T13:22:58+00:00","description":"Semana Especial PM SP e PC SP - 14 mil oportunidades para voc\u00ea garantir uma vaga! Participe do evento e reforce seus estudos!","breadcrumb":{"@id":"https:\/\/www.estrategiaconcursos.com.br\/blog\/semana-especial-pm-sp-e-pc-sp\/#breadcrumb"},"inLanguage":"pt-BR","potentialAction":[{"@type":"ReadAction","target":["https:\/\/www.estrategiaconcursos.com.br\/blog\/semana-especial-pm-sp-e-pc-sp\/"]}]},{"@type":"BreadcrumbList","@id":"https:\/\/www.estrategiaconcursos.com.br\/blog\/semana-especial-pm-sp-e-pc-sp\/#breadcrumb","itemListElement":[{"@type":"ListItem","position":1,"name":"In\u00edcio","item":"https:\/\/www.estrategiaconcursos.com.br\/blog\/"},{"@type":"ListItem","position":2,"name":"Semana Especial PM SP e PC SP: 14 mil oportunidades com o fim da pandemia!"}]},{"@type":"WebSite","@id":"https:\/\/www.estrategiaconcursos.com.br\/blog\/#website","url":"https:\/\/www.estrategiaconcursos.com.br\/blog\/","name":"Estrat\u00e9gia Concursos","description":"O blog da Estrat\u00e9gia Concursos traz not\u00edcias sobre concursos e artigos de professores oferecendo cursos para concursos (pdf + videaulas) no site.","publisher":{"@id":"https:\/\/www.estrategiaconcursos.com.br\/blog\/#organization"},"potentialAction":[{"@type":"SearchAction","target":{"@type":"EntryPoint","urlTemplate":"https:\/\/www.estrategiaconcursos.com.br\/blog\/?s={search_term_string}"},"query-input":{"@type":"PropertyValueSpecification","valueRequired":true,"valueName":"search_term_string"}}],"inLanguage":"pt-BR"},{"@type":"Organization","@id":"https:\/\/www.estrategiaconcursos.com.br\/blog\/#organization","name":"Estrat\u00e9gia Concursos","url":"https:\/\/www.estrategiaconcursos.com.br\/blog\/","logo":{"@type":"ImageObject","inLanguage":"pt-BR","@id":"https:\/\/www.estrategiaconcursos.com.br\/blog\/#\/schema\/logo\/image\/","url":"https:\/\/dhg1h5j42swfq.cloudfront.net\/2025\/06\/03203428\/logo_concursos-1.jpg","contentUrl":"https:\/\/dhg1h5j42swfq.cloudfront.net\/2025\/06\/03203428\/logo_concursos-1.jpg","width":230,"height":60,"caption":"Estrat\u00e9gia Concursos"},"image":{"@id":"https:\/\/www.estrategiaconcursos.com.br\/blog\/#\/schema\/logo\/image\/"},"sameAs":["https:\/\/x.com\/EstratConcursos"]},{"@type":"Person","@id":"https:\/\/www.estrategiaconcursos.com.br\/blog\/#\/schema\/person\/b4a388c97673c5f483d72185668afa1f","name":"Coordena\u00e7\u00e3o","image":{"@type":"ImageObject","inLanguage":"pt-BR","@id":"https:\/\/secure.gravatar.com\/avatar\/b720319e4c9a967eb58678d110f4fe35452fc5d5f97b202bac7b8acceb18c6ad?s=96&d=mm&r=g","url":"https:\/\/secure.gravatar.com\/avatar\/b720319e4c9a967eb58678d110f4fe35452fc5d5f97b202bac7b8acceb18c6ad?s=96&d=mm&r=g","contentUrl":"https:\/\/secure.gravatar.com\/avatar\/b720319e4c9a967eb58678d110f4fe35452fc5d5f97b202bac7b8acceb18c6ad?s=96&d=mm&r=g","caption":"Coordena\u00e7\u00e3o"},"sameAs":["https:\/\/www.facebook.com\/EstrategiaConcursos","https:\/\/x.com\/EstratConcursos"],"url":"https:\/\/www.estrategiaconcursos.com.br\/blog\/author\/estrategia2013\/"}]}},"_links":{"self":[{"href":"https:\/\/www.estrategiaconcursos.com.br\/blog\/wp-json\/wp\/v2\/posts\/578369","targetHints":{"allow":["GET"]}}],"collection":[{"href":"https:\/\/www.estrategiaconcursos.com.br\/blog\/wp-json\/wp\/v2\/posts"}],"about":[{"href":"https:\/\/www.estrategiaconcursos.com.br\/blog\/wp-json\/wp\/v2\/types\/post"}],"author":[{"embeddable":true,"href":"https:\/\/www.estrategiaconcursos.com.br\/blog\/wp-json\/wp\/v2\/users\/1"}],"replies":[{"embeddable":true,"href":"https:\/\/www.estrategiaconcursos.com.br\/blog\/wp-json\/wp\/v2\/comments?post=578369"}],"version-history":[{"count":4,"href":"https:\/\/www.estrategiaconcursos.com.br\/blog\/wp-json\/wp\/v2\/posts\/578369\/revisions"}],"predecessor-version":[{"id":613459,"href":"https:\/\/www.estrategiaconcursos.com.br\/blog\/wp-json\/wp\/v2\/posts\/578369\/revisions\/613459"}],"wp:attachment":[{"href":"https:\/\/www.estrategiaconcursos.com.br\/blog\/wp-json\/wp\/v2\/media?parent=578369"}],"wp:term":[{"taxonomy":"category","embeddable":true,"href":"https:\/\/www.estrategiaconcursos.com.br\/blog\/wp-json\/wp\/v2\/categories?post=578369"},{"taxonomy":"post_tag","embeddable":true,"href":"https:\/\/www.estrategiaconcursos.com.br\/blog\/wp-json\/wp\/v2\/tags?post=578369"},{"taxonomy":"tax_estado","embeddable":true,"href":"https:\/\/www.estrategiaconcursos.com.br\/blog\/wp-json\/wp\/v2\/tax_estado?post=578369"}],"curies":[{"name":"wp","href":"https:\/\/api.w.org\/{rel}","templated":true}]}}