{"id":57835,"date":"2026-04-02T10:48:00","date_gmt":"2026-04-02T13:48:00","guid":{"rendered":"https:\/\/www.estrategiaconcursos.com.br\/blog\/?p=57835"},"modified":"2026-04-02T11:24:26","modified_gmt":"2026-04-02T14:24:26","slug":"concurso-mpu","status":"publish","type":"post","link":"https:\/\/www.estrategiaconcursos.com.br\/blog\/concurso-mpu\/","title":{"rendered":"Concurso MPU: homologado; novo sal\u00e1rio sancionado!"},"content":{"rendered":"\n<p><strong><em>Edital do Concurso MPU ofertou 172 vagas + CR para cargos de Analista e T\u00e9cnico. Concurso est\u00e1 homologado e nomea\u00e7\u00f5es est\u00e3o em andamento!<\/em><\/strong><\/p>\n\n\n<p><center><a id=\"cta-icon\" href=\"https:\/\/sndflw.com\/i\/mpu-grupo\" target=\"_blank\" style=\"background:#29a61a; display:inline-flex; align-items:center; padding:10px 15px; border-radius:6px; color:#fff; text-decoration:none; font-weight:500; font-size:15px;\"><img decoding=\"async\" src=\"https:\/\/dhg1h5j42swfq.cloudfront.net\/2023\/12\/07154107\/whatsapp_13851.png\" alt=\"\" style=\"width:20px; height:20px; margin-right:8px;\"><span>Acesse agora o Grupo de Estudos para o Concurso MPU<\/span><\/a><\/center><\/p>\n\n\n\n<p>Servidores aprovados no <strong>concurso do MPU<\/strong> (<a href=\"https:\/\/www.estrategiaconcursos.com.br\/cursosPorConcurso\/mpu-ministerio-publico-da-uniao\/\" target=\"_blank\" rel=\"noreferrer noopener\">Minist\u00e9rio P\u00fablico da Uni\u00e3o<\/a>) contam com novos sal\u00e1rios previstos, conforme texto parcialmente aprovado pela presid\u00eancia da Rep\u00fablica.<\/p>\n\n\n\n<p>O Projeto de Lei 3.879\/2024, aprovado no Senado, previa o reajuste de 24% pago em tr\u00eas parcelas de 8% entre os anos de 2027 e 2028.<\/p>\n\n\n\n<p>No entanto, a\u00a0<a href=\"https:\/\/www.planalto.gov.br\/ccivil_03\/_ato2023-2026\/2026\/lei\/L15373.htm?utm_campaign=ec-vd-gsh-Marca&amp;utm_medium=cpc&amp;utm_source=google\" target=\"_blank\" rel=\"noreferrer noopener\">Lei n\u00ba 15.373<\/a>, publicada no dia 2 de abril de 2026, garante apenas o reajuste parcial de 8% nos vencimentos dos servidores do MPU e do Conselho Nacional do Minist\u00e9rio P\u00fablico (CNMP), com efeito a partir de 1\u00ba de julho de 2026.\u00a0<\/p>\n\n\n\n<p>Al\u00e9m da recomposi\u00e7\u00e3o, o texto aprovado tamb\u00e9m altera a nomenclatura dos cargos vinculados \u00e0 Pol\u00edcia Institucional do MPU, que passam a se chamar \u201c<strong>Inspetor e Agente de Pol\u00edcia Institucional<\/strong>\u201d.<\/p>\n\n\n\n<p>O edital ofertou<strong>&nbsp;172&nbsp;vagas<\/strong> para os cargos de <strong>t\u00e9cnico e analista<\/strong>, ambos de n\u00edvel superior, e o <a href=\"https:\/\/dhg1h5j42swfq.cloudfront.net\/2026\/01\/15000831\/loa-2026.pdf\" target=\"_blank\" rel=\"noreferrer noopener nofollow\">or\u00e7amento para 2026<\/a> prev\u00ea <strong>357 vagas para provimentos<\/strong> neste ano!<\/p>\n\n\n\n<p>Veja os detalhes ao longo do artigo.<\/p>\n\n\n\n<ul class=\"wp-block-list has-very-light-gray-to-cyan-bluish-gray-gradient-background has-background\">\n<li><strong>Concurso MPU<\/strong><\/li>\n\n\n\n<li><strong>Status:<\/strong> reajuste sancionado<\/li>\n\n\n\n<li><strong>Banca:<\/strong> <a href=\"https:\/\/conhecimento.fgv.br\/concursos\/mpu2025\" target=\"_blank\" rel=\"noreferrer noopener\">FGV<\/a><\/li>\n\n\n\n<li><strong>Vagas:&nbsp;<\/strong>172 + CR<\/li>\n\n\n\n<li><strong>Escolaridade:<\/strong> n\u00edvel superior<\/li>\n\n\n\n<li><strong>Sal\u00e1rios a partir de Jul. de 2026:\u00a0<\/strong>R$ 9.776,71 (T\u00e9cnico)\/R$ 16.040,87 (Analista)<\/li>\n\n\n\n<li><strong>Edital: <\/strong><a href=\"https:\/\/dhg1h5j42swfq.cloudfront.net\/2025\/01\/08085612\/mpu-edital-1_ec-2.pdf\" target=\"_blank\" rel=\"noreferrer noopener\">MPU 2025<\/a> \/ <a href=\"https:\/\/www.in.gov.br\/en\/web\/dou\/-\/edital-5-retificacao-do-edital-n-1\/2025-646460062\" target=\"_blank\" rel=\"noreferrer noopener\">Retifica\u00e7\u00e3o cotas<\/a><\/li>\n<\/ul>\n\n\n\n<p class=\"has-text-align-center has-cyan-bluish-gray-background-color has-background\"><em>Se voc\u00ea tem interesse em estudar para o concurso MPU, <strong>assista tamb\u00e9m a analise do edital completo:<\/strong><\/em><\/p>\n\n\n\n<figure class=\"wp-block-embed is-type-video is-provider-youtube wp-block-embed-youtube wp-embed-aspect-16-9 wp-has-aspect-ratio\"><div class=\"wp-block-embed__wrapper\">\n<div class=\"lyte-wrapper\" style=\"width:853px;max-width:100%;margin:5px;\"><div class=\"lyMe\" id=\"WYL_gUJjjkolHLs\"><div id=\"lyte_gUJjjkolHLs\" data-src=\"\/\/i.ytimg.com\/vi\/gUJjjkolHLs\/hqdefault.jpg\" class=\"pL\"><div class=\"tC\"><div class=\"tT\"><\/div><\/div><div class=\"play\"><\/div><div class=\"ctrl\"><div class=\"Lctrl\"><\/div><div class=\"Rctrl\"><\/div><\/div><\/div><noscript><a href=\"https:\/\/youtu.be\/gUJjjkolHLs\" rel=\"nofollow\"><img loading=\"lazy\" decoding=\"async\" src=\"https:\/\/i.ytimg.com\/vi\/gUJjjkolHLs\/0.jpg\" alt=\"YouTube video thumbnail\" width=\"853\" height=\"460\" \/><br \/>Assista a este v\u00eddeo no YouTube<\/a><\/noscript><\/div><\/div><div class=\"lL\" style=\"max-width:100%;width:853px;margin:5px;\"><\/div>\n<\/div><\/figure>\n\n\n\n<ul class=\"wp-block-list\">\n<li><strong><a href=\"#situacao-atual-concurso-mpu\">Situa\u00e7\u00e3o atual  do concurso<\/a><\/strong><\/li>\n\n\n\n<li><strong><a href=\"#2025\">\u00daltimo concurso &#8211; 2025<\/a><\/strong>\n<ul class=\"wp-block-list\">\n<li><a href=\"#cargos\">Cargos e vagas<\/a><\/li>\n\n\n\n<li><a href=\"#atribuicoes-e-requisitos-concurso-mpu\">Atribui\u00e7\u00f5es e Requisitos<\/a><\/li>\n\n\n\n<li><a href=\"#etapas\">Etapas e provas<\/a><\/li>\n\n\n\n<li><a href=\"#lotacao\">Onde os aprovados ser\u00e3o lotados<\/a><\/li>\n<\/ul>\n<\/li>\n\n\n\n<li><strong><a href=\"#cargos-vagos-concurso-mpu\">Cargos Vagos<\/a><\/strong><\/li>\n\n\n\n<li><a href=\"#teletrabalho-no-mpu\"><strong>Teletrabalho no MPU<\/strong><\/a><\/li>\n\n\n\n<li><strong><a href=\"#ultimo-mpu\">\u00daltimo Concurso<\/a><\/strong>\n<ul class=\"wp-block-list\">\n<li><strong><a href=\"#lista\">Lista de Aprovados<\/a><\/strong><\/li>\n\n\n\n<li><strong><a href=\"#nomeacoes-concurso-mpu\">Hist\u00f3rico de nomea\u00e7\u00f5es<\/a><\/strong><\/li>\n<\/ul>\n<\/li>\n\n\n\n<li><a href=\"#guia\"><strong>Guia de estudos para o MPU<\/strong><\/a><\/li>\n\n\n\n<li><strong><a href=\"#h-concurso-mpu-editais-anteriores\">Editais anteriores<\/a><\/strong><\/li>\n\n\n\n<li><strong><a href=\"#assinatura-e-cursos\">Assinaturas e cursos<\/a><\/strong><\/li>\n\n\n\n<li><strong><a href=\"#ficha\">Ficha T\u00e9cnica<\/a><\/strong><\/li>\n<\/ul>\n\n\n\n<div class=\"container\" id=\"boxes\">\n  <div class=\"row\">\n\n    <div class=\"col-sm\">\n      <div class=\"banner-mpu-ec\" id=\"box-assinatura\">\n        <h2 class=\"titulo-assinatura\">Curso para o MPU<\/h2>\n        <p class=\"subtitulo-assinatura\">Prepare-se para o Concurso MPU com o Estrat\u00e9gia!<\/p>\n        <div class=\"box-botao\">\n          <a class=\"btn-assinatura\" target=\"_blank\" href=\"https:\/\/www.estrategiaconcursos.com.br\/cursosPorConcurso\/mpu-ministerio-publico-da-uniao\/\" role=\"button\" rel=\"noopener noreferrer\">VER CURSOS<\/a>\n        <\/div>\n      <\/div>\n      <p class=\"texto-auxiliar\">Prepare-se com o melhor material e com quem mais aprova em Concursos P\u00fablicos em todo o pa\u00eds.<\/p>\n    <\/div>\n\n  <\/div>\n<\/div>\n\n\n\n<h2 class=\"wp-block-heading\" id=\"situacao-atual-concurso-mpu\">Concurso MPU: situa\u00e7\u00e3o atual<\/h2>\n\n\n\n<p>Veja as informa\u00e7\u00f5es mais recentes sobre o Concurso MPU:<\/p>\n\n\n\n<ul class=\"wp-block-list\">\n<li>02\/04\/2026: <a href=\"https:\/\/www.estrategiaconcursos.com.br\/blog\/concurso-mpu-reajuste-2026\/\" target=\"_blank\" rel=\"noreferrer noopener\">reajuste salarial sancionado<\/a>\n<ul class=\"wp-block-list\">\n<li><a href=\"https:\/\/www.estrategiaconcursos.com.br\/blog\/concurso-mpu-salarios-2026\/\" target=\"_blank\" rel=\"noreferrer noopener\">Nova estrutura remunerat\u00f3ria &#8211; julho de 2026<\/a><\/li>\n<\/ul>\n<\/li>\n\n\n\n<li>18\/03\/2026: <a href=\"https:\/\/www.estrategiaconcursos.com.br\/blog\/concurso-senado-aprova-reajuste-salarial-do-mpu-e-cnmp\/\" target=\"_blank\" rel=\"noreferrer noopener\">Senado aprova reajuste salarial <\/a><\/li>\n\n\n\n<li>03\/03\/2026: <a href=\"https:\/\/www.estrategiaconcursos.com.br\/blog\/concurso-mpu-reajuste-salarial-servidores\/\" target=\"_blank\" rel=\"noreferrer noopener\">C\u00e2mara aprova reajuste salarial<\/a><\/li>\n\n\n\n<li>02\/03\/2026: <a href=\"https:\/\/www.estrategiaconcursos.com.br\/blog\/concurso-mpu-policia-institucional-2026-curso-de-formacao-primeiros-aprovados\/\" target=\"_blank\" rel=\"noreferrer noopener\">projeto de prev\u00ea Curso de Forma\u00e7\u00e3o para 400 aprovados<\/a><\/li>\n\n\n\n<li>22\/12\/2025 : <a href=\"https:\/\/dhg1h5j42swfq.cloudfront.net\/2026\/01\/15000831\/loa-2026.pdf\" target=\"_blank\" rel=\"noreferrer noopener\">Or\u00e7amento para 2026<\/a> onde s\u00e3o previstas novas vagas para certames federais deste ano.<\/li>\n\n\n\n<li><a href=\"https:\/\/conhecimento.fgv.br\/sites\/default\/files\/concursos\/demanda-de-candidato-por-vaga-e-as-respectivas-concorrencias.pdf\">Lista de inscritos e demanda por vaga<\/a>;<\/li>\n\n\n\n<li><a href=\"https:\/\/www.estrategiaconcursos.com.br\/blog\/concurso-mpu-concorrencia-estado-cargo\/\" target=\"_blank\" rel=\"noreferrer noopener\">Lista de inscritos por estado<\/a>.<\/li>\n<\/ul>\n\n\n\n<h2 class=\"wp-block-heading\" id=\"2025\">Concurso MPU: edital 2025<\/h2>\n\n\n\n<p>Veja as informa\u00e7\u00f5es do edital 2025 do Concurso MPU:<\/p>\n\n\n\n<h4 class=\"wp-block-heading has-pale-cyan-blue-background-color has-background has-base-background-color\" id=\"h-cargos-e-vagas-para-tecnico-do-mpu\">Cargos e vagas para T\u00e9cnico do MPU<\/h4>\n\n\n\n<figure class=\"wp-block-table is-style-stripes\"><table class=\"has-fixed-layout\"><thead><tr><th class=\"has-text-align-center\" data-align=\"center\">CARGOS<\/th><th class=\"has-text-align-center\" data-align=\"center\">VAGAS<\/th><th class=\"has-text-align-center\" data-align=\"center\">SAL\u00c1RIO<\/th><\/tr><\/thead><tbody><tr><td class=\"has-text-align-center\" data-align=\"center\">Administra\u00e7\u00e3o<\/td><td class=\"has-text-align-center\" data-align=\"center\">66 + CR<\/td><td class=\"has-text-align-center\" data-align=\"center\">R$ 8.529,65<\/td><\/tr><tr><td class=\"has-text-align-center\" data-align=\"center\">Enfermagem<\/td><td class=\"has-text-align-center\" data-align=\"center\">1 + CR<\/td><td class=\"has-text-align-center\" data-align=\"center\">R$ 8.529,65<\/td><\/tr><tr><td class=\"has-text-align-center\" data-align=\"center\">T\u00e9cnico do MPU \/ Pol\u00edcia Institucional<\/td><td class=\"has-text-align-center\" data-align=\"center\">8 + CR<\/td><td class=\"has-text-align-center\" data-align=\"center\">R$ 8.529,65<\/td><\/tr><\/tbody><\/table><figcaption class=\"wp-element-caption\">Cargos, vagas e remunera\u00e7\u00f5es do edital MPU para T\u00e9cnico <\/figcaption><\/figure>\n\n\n\n<h4 class=\"wp-block-heading has-pale-cyan-blue-background-color has-background has-base-background-color\" id=\"h-cargos-e-vagas-para-analista-do-mpu\">Cargos e vagas para Analista do MPU<\/h4>\n\n\n\n<figure class=\"wp-block-table is-style-stripes\"><table class=\"has-fixed-layout\"><thead><tr><th class=\"has-text-align-center\" data-align=\"center\">CARGOS<\/th><th class=\"has-text-align-center\" data-align=\"center\">VAGAS<\/th><th class=\"has-text-align-center\" data-align=\"center\">SAL\u00c1RIO<\/th><\/tr><\/thead><tbody><tr><td class=\"has-text-align-center\" data-align=\"center\">Arquivologia<\/td><td class=\"has-text-align-center\" data-align=\"center\">1 + CR<\/td><td class=\"has-text-align-center\" data-align=\"center\">R$ 13.994,78<\/td><\/tr><tr><td class=\"has-text-align-center\" data-align=\"center\">Biblioteconomia<\/td><td class=\"has-text-align-center\" data-align=\"center\">1 + CR<\/td><td class=\"has-text-align-center\" data-align=\"center\">R$ 13.994,78<\/td><\/tr><tr><td class=\"has-text-align-center\" data-align=\"center\">Cl\u00ednica M\u00e9dica<\/td><td class=\"has-text-align-center\" data-align=\"center\">1 + CR<\/td><td class=\"has-text-align-center\" data-align=\"center\">R$ 13.994,78<\/td><\/tr><tr><td class=\"has-text-align-center\" data-align=\"center\">Comunica\u00e7\u00e3o Social<\/td><td class=\"has-text-align-center\" data-align=\"center\">1 + CR<\/td><td class=\"has-text-align-center\" data-align=\"center\">R$ 13.994,78<\/td><\/tr><tr><td class=\"has-text-align-center\" data-align=\"center\">Desenvolvimento de Sistemas<\/td><td class=\"has-text-align-center\" data-align=\"center\">1 + CR<\/td><td class=\"has-text-align-center\" data-align=\"center\">R$ 13.994,78<\/td><\/tr><tr><td class=\"has-text-align-center\" data-align=\"center\"><strong>Direito<\/strong><\/td><td class=\"has-text-align-center\" data-align=\"center\"><strong>66 + CR<\/strong><\/td><td class=\"has-text-align-center\" data-align=\"center\">R$ 13.994,78<\/td><\/tr><tr><td class=\"has-text-align-center\" data-align=\"center\">Analista\/Atuarial<\/td><td class=\"has-text-align-center\" data-align=\"center\">1 + CR<\/td><td class=\"has-text-align-center\" data-align=\"center\">R$ 13.994,78<\/td><\/tr><tr><td class=\"has-text-align-center\" data-align=\"center\">Enfermagem<\/td><td class=\"has-text-align-center\" data-align=\"center\">1 + CR<\/td><td class=\"has-text-align-center\" data-align=\"center\">R$ 13.994,78<\/td><\/tr><tr><td class=\"has-text-align-center\" data-align=\"center\">Ginecologia<\/td><td class=\"has-text-align-center\" data-align=\"center\">1 + CR<\/td><td class=\"has-text-align-center\" data-align=\"center\">R$ 13.994,78<\/td><\/tr><tr><td class=\"has-text-align-center\" data-align=\"center\">Odontologia<\/td><td class=\"has-text-align-center\" data-align=\"center\">1 + CR<\/td><td class=\"has-text-align-center\" data-align=\"center\">R$ 13.994,78<\/td><\/tr><tr><td class=\"has-text-align-center\" data-align=\"center\">Oftalmologia<\/td><td class=\"has-text-align-center\" data-align=\"center\">1 + CR<\/td><td class=\"has-text-align-center\" data-align=\"center\">R$ 13.994,78<\/td><\/tr><tr><td class=\"has-text-align-center\" data-align=\"center\">Perito Em Antropologia<\/td><td class=\"has-text-align-center\" data-align=\"center\">1 + CR<\/td><td class=\"has-text-align-center\" data-align=\"center\">R$ 13.994,78<\/td><\/tr><tr><td class=\"has-text-align-center\" data-align=\"center\">Perito Em Arquitetura <\/td><td class=\"has-text-align-center\" data-align=\"center\">1 + CR<\/td><td class=\"has-text-align-center\" data-align=\"center\">R$ 13.994,78<\/td><\/tr><tr><td class=\"has-text-align-center\" data-align=\"center\">Perito Em Biologia<\/td><td class=\"has-text-align-center\" data-align=\"center\">1 + CR<\/td><td class=\"has-text-align-center\" data-align=\"center\">R$ 13.994,78<\/td><\/tr><tr><td class=\"has-text-align-center\" data-align=\"center\">Perito Em Contabilidade<\/td><td class=\"has-text-align-center\" data-align=\"center\">1 + CR<\/td><td class=\"has-text-align-center\" data-align=\"center\">R$ 13.994,78<\/td><\/tr><tr><td class=\"has-text-align-center\" data-align=\"center\">Perito Em Economia<\/td><td class=\"has-text-align-center\" data-align=\"center\">1 + CR<\/td><td class=\"has-text-align-center\" data-align=\"center\">R$ 13.994,78<\/td><\/tr><tr><td class=\"has-text-align-center\" data-align=\"center\">Perito Em Engenharia Agron\u00f4mica<\/td><td class=\"has-text-align-center\" data-align=\"center\">1 + CR<\/td><td class=\"has-text-align-center\" data-align=\"center\">R$ 13.994,78<\/td><\/tr><tr><td class=\"has-text-align-center\" data-align=\"center\">Perito Em Engenharia Civil<\/td><td class=\"has-text-align-center\" data-align=\"center\">1 + CR<\/td><td class=\"has-text-align-center\" data-align=\"center\">R$ 13.994,78<\/td><\/tr><tr><td class=\"has-text-align-center\" data-align=\"center\">Perito Em Engenharia El\u00e9trica<\/td><td class=\"has-text-align-center\" data-align=\"center\">1 + CR<\/td><td class=\"has-text-align-center\" data-align=\"center\">R$ 13.994,78<\/td><\/tr><tr><td class=\"has-text-align-center\" data-align=\"center\">Perito Em Engenharia Florestal<\/td><td class=\"has-text-align-center\" data-align=\"center\">1 + CR<\/td><td class=\"has-text-align-center\" data-align=\"center\">R$ 13.994,78<\/td><\/tr><tr><td class=\"has-text-align-center\" data-align=\"center\">Perito Em Engenharia Em Seguran\u00e7a do Trabalho<\/td><td class=\"has-text-align-center\" data-align=\"center\">1 + CR<\/td><td class=\"has-text-align-center\" data-align=\"center\">R$ 13.994,78<\/td><\/tr><tr><td class=\"has-text-align-center\" data-align=\"center\">Perito Em Engenharia Mec\u00e2nica<\/td><td class=\"has-text-align-center\" data-align=\"center\">1 + CR<\/td><td class=\"has-text-align-center\" data-align=\"center\">R$ 13.994,78<\/td><\/tr><tr><td class=\"has-text-align-center\" data-align=\"center\">Perito Em Engenharia Sanit\u00e1ria<\/td><td class=\"has-text-align-center\" data-align=\"center\">1 + CR<\/td><td class=\"has-text-align-center\" data-align=\"center\">R$ 13.994,78<\/td><\/tr><tr><td class=\"has-text-align-center\" data-align=\"center\">Perito Em Geografia<\/td><td class=\"has-text-align-center\" data-align=\"center\">1 + CR<\/td><td class=\"has-text-align-center\" data-align=\"center\">R$ 13.994,78<\/td><\/tr><tr><td class=\"has-text-align-center\" data-align=\"center\">Perito Em Geologia<\/td><td class=\"has-text-align-center\" data-align=\"center\">1 + CR<\/td><td class=\"has-text-align-center\" data-align=\"center\">R$ 13.994,78<\/td><\/tr><tr><td class=\"has-text-align-center\" data-align=\"center\">Perito Em Medicina do Trabalho<\/td><td class=\"has-text-align-center\" data-align=\"center\">1 + CR<\/td><td class=\"has-text-align-center\" data-align=\"center\">R$ 13.994,78<\/td><\/tr><tr><td class=\"has-text-align-center\" data-align=\"center\">Perito Em Oceanografia<\/td><td class=\"has-text-align-center\" data-align=\"center\">1 + CR<\/td><td class=\"has-text-align-center\" data-align=\"center\">R$ 13.994,78<\/td><\/tr><tr><td class=\"has-text-align-center\" data-align=\"center\">Perito Em Tecnologia da Informa\u00e7\u00e3o e Comunica\u00e7\u00e3o<\/td><td class=\"has-text-align-center\" data-align=\"center\">1 + CR<\/td><td class=\"has-text-align-center\" data-align=\"center\">R$ 13.994,78<\/td><\/tr><tr><td class=\"has-text-align-center\" data-align=\"center\">Psicologia<\/td><td class=\"has-text-align-center\" data-align=\"center\">1 + CR<\/td><td class=\"has-text-align-center\" data-align=\"center\">R$ 13.994,78<\/td><\/tr><tr><td class=\"has-text-align-center\" data-align=\"center\">Psiquiatria<\/td><td class=\"has-text-align-center\" data-align=\"center\">1 + CR<\/td><td class=\"has-text-align-center\" data-align=\"center\">R$ 13.994,78<\/td><\/tr><tr><td class=\"has-text-align-center\" data-align=\"center\">Servi\u00e7o Social<\/td><td class=\"has-text-align-center\" data-align=\"center\">1 + CR<\/td><td class=\"has-text-align-center\" data-align=\"center\">R$ 13.994,78<\/td><\/tr><tr><td class=\"has-text-align-center\" data-align=\"center\">Suporte e Infraestrutura<\/td><td class=\"has-text-align-center\" data-align=\"center\">1 + CR<\/td><td class=\"has-text-align-center\" data-align=\"center\">R$ 13.994,78<\/td><\/tr><\/tbody><\/table><figcaption class=\"wp-element-caption\">Cargos, vagas e remunera\u00e7\u00f5es do edital MPU para Analista<\/figcaption><\/figure>\n\n\n\n<p>Tamb\u00e9m est\u00e1 dispon\u00edvel como ficou a <a href=\"https:\/\/www.estrategiaconcursos.com.br\/blog\/concurso-mpu-distribuicao-de-vagas-por-estado\/\" target=\"_blank\" rel=\"noreferrer noopener\">divis\u00e3o de vagas por estado<\/a>.<\/p>\n\n\n\n<h3 class=\"wp-block-heading has-pale-cyan-blue-background-color has-background has-base-background-color\" id=\"h-requisitos-dos-cargos\">Requisitos dos cargos<\/h3>\n\n\n\n<p>S\u00e3o <a href=\"https:\/\/www.estrategiaconcursos.com.br\/blog\/concurso-mpu-carreira-atribuicoes-requisitos\/\" target=\"_blank\" rel=\"noreferrer noopener\">requisitos espec\u00edficos<\/a> aos cargos do MPU:<\/p>\n\n\n\n<h4 class=\"wp-block-heading\">T\u00e9cnico do MPU<\/h4>\n\n\n\n<ul class=\"wp-block-list\">\n<li><strong>Administra\u00e7\u00e3o<\/strong>: 1. Escolaridade: Ensino superior completo, em n\u00edvel de gradua\u00e7\u00e3o. 2. Habilita\u00e7\u00e3o Legal Espec\u00edfica: Qualquer curso superior, devidamente reconhecido. 3. Experi\u00eancia Profissional: N\u00e3o \u00e9 necess\u00e1ria. 4. Registro Profissional no \u00d3rg\u00e3o de Classe Competente: N\u00e3o \u00e9 necess\u00e1rio;<\/li>\n\n\n\n<li><strong>Enfermagem<\/strong>: 1. Escolaridade: Ensino superior completo, em n\u00edvel de gradua\u00e7\u00e3o. 2. Habilita\u00e7\u00e3o Legal Espec\u00edfica: Qualquer curso superior, devidamente reconhecido e curso T\u00e9cnico de Enfermagem, devidamente reconhecido . 3. Experi\u00eancia Profissional: N\u00e3o \u00e9 necess\u00e1ria. 4. Registro Profissional no \u00d3rg\u00e3o de Classe Competente: \u00c9 necess\u00e1rio;<\/li>\n\n\n\n<li><strong>Pol\u00edcia Institucional<\/strong>: 1. Escolaridade: Ensino superior completo, em n\u00edvel de gradua\u00e7\u00e3o. 2. Habilita\u00e7\u00e3o legal espec\u00edfica: Qualquer curso superior, devidamente reconhecido e aprova\u00e7\u00e3o, como etapa do concurso p\u00fablico, em curso na \u00e1rea de seguran\u00e7a com habilita\u00e7\u00e3o para manuseio e tiro com arma de fogo (Lei n\u00ba 12.694, de 24\/7\/2012); Carteira Nacional de Habilita\u00e7\u00e3o categoria \u201cB\u201d. 3. Experi\u00eancia profissional: N\u00e3o \u00e9 necess\u00e1ria. 4. Registro profissional no \u00f3rg\u00e3o de classe competente: N\u00e3o \u00e9 necess\u00e1rio;<\/li>\n<\/ul>\n\n\n\n<h4 class=\"wp-block-heading\">Analista do MPU<\/h4>\n\n\n\n<ul class=\"wp-block-list\">\n<li><strong>Arquivologia<\/strong>: 1. Escolaridade: Curso superior completo, em n\u00edvel de gradua\u00e7\u00e3o. 2. Habilita\u00e7\u00e3o Legal Espec\u00edfica: Curso superior em Arquivologia, devidamente reconhecido.3. Experi\u00eancia Profissional: N\u00e3o \u00e9 necess\u00e1ria. 4. Registro na Delegacia Regional do Trabalho do Minist\u00e9rio do Trabalho e Emprego: \u00c9 necess\u00e1rio;<\/li>\n\n\n\n<li><strong>Atuarial<\/strong>: 1. Escolaridade: Curso superior completo, em n\u00edvel de gradua\u00e7\u00e3o .2. Habilita\u00e7\u00e3o Legal Espec\u00edfica: Curso superior em Ci\u00eancias Cont\u00e1beis e Atuariais ou Ci\u00eancias Atuariais, devidamente reconhecido. 3. Experi\u00eancia Profissional: N\u00e3o \u00e9 necess\u00e1ria. 4. Registro Profissional no \u00d3rg\u00e3o de Classe Competente: \u00c9 necess\u00e1rio.;<\/li>\n\n\n\n<li><strong>Biblioteconomia<\/strong>: 1. Escolaridade: Curso superior completo, em n\u00edvel de gradua\u00e7\u00e3o. 2. Habilita\u00e7\u00e3o Legal Espec\u00edfica: Curso superior em Biblioteconomia, devidamente reconhecido. 3. Experi\u00eancia Profissional: N\u00e3o \u00e9 necess\u00e1ria. 4. Registro Profissional no \u00d3rg\u00e3o de Classe Competente: \u00c9 necess\u00e1rio;<\/li>\n\n\n\n<li><strong>Cl\u00ednica M\u00e9dica<\/strong>: 1. Escolaridade: Curso superior completo, em n\u00edvel de gradua\u00e7\u00e3o. 2. Habilita\u00e7\u00e3o Legal Espec\u00edfica: Curso superior em Medicina, com t\u00edtulo ou certificado de especializa\u00e7\u00e3o em Cl\u00ednica M\u00e9dica, devidamente reconhecidos. 3. Experi\u00eancia profissional: N\u00e3o \u00e9 necess\u00e1ria. 4. Registro Profissional no \u00d3rg\u00e3o de Classe Competente: \u00c9 necess\u00e1rio;<\/li>\n\n\n\n<li><strong>Comunica\u00e7\u00e3o Social<\/strong>: 1. Escolaridade: Curso superior completo, em n\u00edvel de gradua\u00e7\u00e3o. 2. Habilita\u00e7\u00e3o Legal Espec\u00edfica: Curso superior em Comunica\u00e7\u00e3o Social (Jornalismo, Publicidade, R\u00e1dio e TV, Propaganda e Rela\u00e7\u00f5es P\u00fablicas ou Comunica\u00e7\u00e3o Organizacional), devidamente reconhecido. 3. Experi\u00eancia Profissional: N\u00e3o \u00e9 necess\u00e1ria. 4. Registro Profissional na Delegacia Regional do Trabalho: \u00c9 necess\u00e1rio;<\/li>\n\n\n\n<li><strong>Desenvolvimento de Sistemas<\/strong>: 1. Escolaridade: Curso superior completo, em n\u00edvel de gradua\u00e7\u00e3o. 2. Habilita\u00e7\u00e3o Legal Espec\u00edfica: Curso superior na \u00e1rea de Tecnologia da Informa\u00e7\u00e3o, devidamente reconhecido. 3. Experi\u00eancia Profissional: N\u00e3o \u00e9 necess\u00e1ria. 4. Registro Profissional no \u00d3rg\u00e3o de Classe Competente: N\u00e3o \u00e9 necess\u00e1rio;<\/li>\n\n\n\n<li><strong>Direito<\/strong>: 1. Requisitos de investidura: Escolaridade: Curso superior completo, em n\u00edvel de gradua\u00e7\u00e3o. 2. Habilita\u00e7\u00e3o Legal Espec\u00edfica: Curso superior em Direito, devidamente reconhecido. 3. Experi\u00eancia Profissional: N\u00e3o \u00e9 necess\u00e1ria. 4. Registro Profissional no \u00d3rg\u00e3o de Classe Competente: N\u00e3o \u00e9 necess\u00e1rio;<\/li>\n\n\n\n<li><strong>Enfermagem<\/strong>:1. Escolaridade: Curso superior completo, em n\u00edvel de gradua\u00e7\u00e3o. 2. Habilita\u00e7\u00e3o Legal Espec\u00edfica: Curso superior em Enfermagem, devidamente reconhecido. 3. Experi\u00eancia Profissional: N\u00e3o \u00e9 necess\u00e1ria. 4. Registro Profissional no \u00d3rg\u00e3o de Classe Competente: \u00c9 necess\u00e1rio;<\/li>\n\n\n\n<li><strong>Ginecologia<\/strong>: 1. Escolaridade: Curso superior completo, em n\u00edvel de gradua\u00e7\u00e3o. 2. Habilita\u00e7\u00e3o Legal Espec\u00edfica: Curso superior em Medicina, com t\u00edtulo ou certificado de especializa\u00e7\u00e3o em Ginecologia, devidamente reconhecidos. 3. Experi\u00eancia profissional: N\u00e3o \u00e9 necess\u00e1ria. 4. Registro Profissional no \u00d3rg\u00e3o de Classe Competente: \u00c9 necess\u00e1rio;<\/li>\n\n\n\n<li><strong>Odontologia<\/strong>: 1. Escolaridade: Curso superior completo, em n\u00edvel de gradua\u00e7\u00e3o. 2. Habilita\u00e7\u00e3o Legal Espec\u00edfica: Curso superior em Odontologia, devidamente reconhecido. 3. Experi\u00eancia Profissional: N\u00e3o \u00e9 necess\u00e1ria. 4. Registro Profissional no \u00d3rg\u00e3o de Classe Competente: \u00c9 necess\u00e1rio;<\/li>\n\n\n\n<li><strong>Oftalmologia:<\/strong>&nbsp;1. Escolaridade: Curso superior completo, em n\u00edvel de gradua\u00e7\u00e3o. 2. Habilita\u00e7\u00e3o Legal Espec\u00edfica: Curso superior em Medicina, com t\u00edtulo ou certificado de especializa\u00e7\u00e3o em Oftalmologia, devidamente reconhecidos. 3. Experi\u00eancia profissional: N\u00e3o \u00e9 necess\u00e1ria. 4. Registro Profissional no \u00d3rg\u00e3o de Classe Competente: \u00c9 necess\u00e1rio;<\/li>\n\n\n\n<li><strong>Perito em Antropologia<\/strong>: 1. Escolaridade: Curso superior completo, em n\u00edvel de gradua\u00e7\u00e3o. 2. Habilita\u00e7\u00e3o Legal Espec\u00edfica: Curso superior em antropologia ou em ci\u00eancias sociais, com habilita\u00e7\u00e3o em antropologia, devidamente reconhecidos; ou mestrado ou doutorado em antropologia ou antropologia social, devidamente reconhecidos. 3. Experi\u00eancia Profissional: N\u00e3o \u00e9 necess\u00e1ria. 4. Registro Profissional no \u00d3rg\u00e3o de Classe Competente: N\u00e3o \u00e9 necess\u00e1rio;<\/li>\n\n\n\n<li><strong>Perito em Engenharia Ambiental: <\/strong>1. Escolaridade: Curso superior completo, em n\u00edvel de gradua\u00e7\u00e3o. 2. Habilita\u00e7\u00e3o Legal Espec\u00edfica: Curso superior em Engenharia Ambiental, devidamente reconhecido. 3. Experi\u00eancia Profissional: N\u00e3o \u00e9 necess\u00e1ria.4. Registro Profissional no \u00d3rg\u00e3o de Classe Competente: \u00c9 necess\u00e1rio;<\/li>\n\n\n\n<li><strong>Perito em Biologia<\/strong>: 1. Escolaridade: Curso superior completo, em n\u00edvel de gradua\u00e7\u00e3o. 2. Habilita\u00e7\u00e3o Legal Espec\u00edfica: Curso superior em Biologia, devidamente reconhecido. 3. Experi\u00eancia Profissional: N\u00e3o \u00e9 necess\u00e1ria. 4. Registro Profissional no \u00d3rg\u00e3o de Classe Competente: \u00c9 necess\u00e1rio;<\/li>\n\n\n\n<li><strong>Perito em Contabilidade<\/strong>: 1. Escolaridade: Curso superior completo, em n\u00edvel de gradua\u00e7\u00e3o. 2. Habilita\u00e7\u00e3o Legal Espec\u00edfica: Curso superior em Ci\u00eancias Cont\u00e1beis, devidamente reconhecido. 3. Experi\u00eancia Profissional: N\u00e3o \u00e9 necess\u00e1ria. 4. Registro Profissional no \u00d3rg\u00e3o de Classe Competente: \u00c9 necess\u00e1rio;<\/li>\n\n\n\n<li><strong>Perito em Economia<\/strong>: 1. Escolaridade: Curso superior completo, em n\u00edvel de gradua\u00e7\u00e3o. 2. Habilita\u00e7\u00e3o Legal Espec\u00edfica: Curso superior em Economia, devidamente reconhecido. 3. Experi\u00eancia Profissional: N\u00e3o \u00e9 necess\u00e1ria. 4. Registro Profissional no \u00d3rg\u00e3o de Classe Competente: \u00c9 necess\u00e1rio;<\/li>\n\n\n\n<li><strong>Perito em Engenharia Agron\u00f4mica<\/strong>: 1. Escolaridade: Curso superior completo, em n\u00edvel de gradua\u00e7\u00e3o. 2. Habilita\u00e7\u00e3o Legal Espec\u00edfica: Curso superior em Engenharia Agron\u00f4mica, devidamente reconhecido. 3. Experi\u00eancia Profissional: N\u00e3o \u00e9 necess\u00e1ria. 4. Registro Profissional no \u00d3rg\u00e3o de Classe Competente: \u00c9 necess\u00e1rio;<\/li>\n\n\n\n<li><strong>Perito em Engenharia Civil<\/strong>: 1. Escolaridade: Curso superior completo, em n\u00edvel de gradua\u00e7\u00e3o. 2. Habilita\u00e7\u00e3o Legal Espec\u00edfica: Curso superior em Engenharia Civil, devidamente reconhecido. 3. Experi\u00eancia Profissional: N\u00e3o \u00e9 necess\u00e1ria. 4. Registro Profissional no \u00d3rg\u00e3o de Classe Competente: \u00c9 necess\u00e1rio;<\/li>\n\n\n\n<li><strong>Perito em Arquitetura<\/strong>: 1. Escolaridade: Curso superior completo, em n\u00edvel de gradua\u00e7\u00e3o. 2. Habilita\u00e7\u00e3o Legal Espec\u00edfica: Curso superior em Arquitetura. 3. Experi\u00eancia Profissional: N\u00e3o \u00e9 necess\u00e1ria. 4. Registro Profissional no \u00d3rg\u00e3o de Classe Competente: \u00c9 necess\u00e1rio;<\/li>\n\n\n\n<li><strong>Perito em Engenharia El\u00e9trica<\/strong>: 1. Escolaridade: Curso superior completo, em n\u00edvel de gradua\u00e7\u00e3o. 2. Habilita\u00e7\u00e3o Legal Espec\u00edfica: Curso superior em Engenharia El\u00e9trica, devidamente reconhecido. 3. Experi\u00eancia Profissional: N\u00e3o \u00e9 necess\u00e1ria. 4. Registro Profissional no \u00d3rg\u00e3o de Classe Competente: \u00c9 necess\u00e1rio;<\/li>\n\n\n\n<li><strong>Perito em Engenharia Florestal<\/strong>: 1. Escolaridade: Curso superior completo, em n\u00edvel de gradua\u00e7\u00e3o. 2. Habilita\u00e7\u00e3o Legal Espec\u00edfica: Curso superior em Engenharia Florestal, devidamente reconhecido. 3. Experi\u00eancia Profissional: N\u00e3o \u00e9 necess\u00e1ria. 4. Registro Profissional no \u00d3rg\u00e3o de Classe Competente: \u00c9 necess\u00e1rio;<\/li>\n\n\n\n<li><strong>Perito em Engenharia Mec\u00e2nica<\/strong>: 1. Escolaridade: Curso superior completo, em n\u00edvel de gradua\u00e7\u00e3o. 2. Habilita\u00e7\u00e3o Legal Espec\u00edfica: Curso superior em Engenharia Mec\u00e2nica, devidamente reconhecido. 3. Experi\u00eancia Profissional: N\u00e3o \u00e9 necess\u00e1ria. 4. Registro Profissional no \u00d3rg\u00e3o de Classe Competente: \u00c9 necess\u00e1rio;<\/li>\n\n\n\n<li><strong>Perito em Engenharia Sanit\u00e1ria<\/strong>: 1. Escolaridade: Curso superior completo, em n\u00edvel de gradua\u00e7\u00e3o. 2. Habilita\u00e7\u00e3o Legal Espec\u00edfica: Curso superior em Engenharia Sanit\u00e1ria ou em Engenharia Sanit\u00e1ria e Ambiental, devidamente reconhecido. 3. Experi\u00eancia Profissional: N\u00e3o \u00e9 necess\u00e1ria. 4. Registro Profissional no \u00d3rg\u00e3o de Classe Competente: \u00c9 necess\u00e1rio;<\/li>\n\n\n\n<li><strong>Perito em Geografia<\/strong>: 1. Escolaridade: Curso superior completo, em n\u00edvel de gradua\u00e7\u00e3o. 2. Habilita\u00e7\u00e3o Legal Espec\u00edfica: Curso superior em Geografia, devidamente reconhecido. 3. Experi\u00eancia Profissional: N\u00e3o \u00e9 necess\u00e1ria. 4. Registro Profissional no \u00d3rg\u00e3o de Classe Competente: \u00c9 necess\u00e1rio;<\/li>\n\n\n\n<li><strong>Perito em Geologia<\/strong>: 1. Escolaridade: Curso superior completo, em n\u00edvel de gradua\u00e7\u00e3o. 2. Habilita\u00e7\u00e3o Legal Espec\u00edfica: Curso superior em Geologia ou Engenharia Geol\u00f3gica, devidamente reconhecido. 3. Experi\u00eancia Profissional: N\u00e3o \u00e9 necess\u00e1ria. 4. Registro Profissional no \u00d3rg\u00e3o de Classe Competente: \u00c9 necess\u00e1rio;<\/li>\n\n\n\n<li><strong>Perito em Medicina do Trabalho<\/strong>: 1. Escolaridade: Curso superior completo, em n\u00edvel de gradua\u00e7\u00e3o. 2. Habilita\u00e7\u00e3o Legal Espec\u00edfica: Curso superior em Medicina, com t\u00edtulo de especialista em Medicina do Trabalho emitido pela AMB\/ANAMT ou resid\u00eancia m\u00e9dica em Medicina do Trabalho, devidamente registrados no \u00d3rg\u00e3o de Classe competente. 3. Experi\u00eancia Profissional: N\u00e3o \u00e9 necess\u00e1ria. 4. Registro Profissional no \u00d3rg\u00e3o de Classe Competente: \u00c9 necess\u00e1rio;<\/li>\n\n\n\n<li><strong>Perito em Oceanografia<\/strong>: 1. Escolaridade: Curso superior completo, em n\u00edvel de gradua\u00e7\u00e3o. 2. Habilita\u00e7\u00e3o Legal Espec\u00edfica: Curso superior em Oceanografia, devidamente reconhecido. 3. Experi\u00eancia Profissional: N\u00e3o \u00e9 necess\u00e1ria. 4. Registro Profissional no \u00d3rg\u00e3o de Classe Competente: N\u00e3o \u00e9 necess\u00e1rio;<\/li>\n\n\n\n<li><strong>Perito em Tecnologia da Informa\u00e7\u00e3o e Comunica\u00e7\u00e3o<\/strong>: 1. Escolaridade: Curso superior completo, em n\u00edvel de gradua\u00e7\u00e3o. 2. Habilita\u00e7\u00e3o Legal Espec\u00edfica: Curso superior na \u00e1rea de Tecnologia da Informa\u00e7\u00e3o, devidamente reconhecido. 3. Experi\u00eancia Profissional: N\u00e3o \u00e9 necess\u00e1ria. 4. Registro Profissional no \u00d3rg\u00e3o de Classe Competente: N\u00e3o \u00e9 necess\u00e1rio;<\/li>\n\n\n\n<li><strong>Psicologia<\/strong>: 1. Escolaridade: Curso superior completo, em n\u00edvel de gradua\u00e7\u00e3o. 2. Habilita\u00e7\u00e3o Legal Espec\u00edfica: Curso superior em Psicologia, devidamente reconhecido. 3. Experi\u00eancia Profissional: N\u00e3o \u00e9 necess\u00e1ria. 4. Registro Profissional no \u00d3rg\u00e3o de Classe Competente: \u00c9 necess\u00e1rio;<\/li>\n\n\n\n<li><strong>Psiquiatria<\/strong>: 1. Escolaridade: Curso superior completo, em n\u00edvel de gradua\u00e7\u00e3o. 2. Habilita\u00e7\u00e3o Legal Espec\u00edfica: Curso superior em Medicina, com t\u00edtulo ou certificado de especializa\u00e7\u00e3o em Psiquiatria, devidamente reconhecidos. 3. Experi\u00eancia profissional: N\u00e3o \u00e9 necess\u00e1ria. 4. Registro Profissional no \u00d3rg\u00e3o de Classe Competente: \u00c9 necess\u00e1rio;<\/li>\n\n\n\n<li><strong>Servi\u00e7o Social<\/strong>: 1. Escolaridade: Curso superior completo, em n\u00edvel de gradua\u00e7\u00e3o 2. Habilita\u00e7\u00e3o Legal Espec\u00edfica: Curso superior em Servi\u00e7o Social, devidamente reconhecido. 3. Experi\u00eancia Profissional: N\u00e3o \u00e9 necess\u00e1ria. 4. Registro Profissional no \u00d3rg\u00e3o de Classe Competente: \u00c9 necess\u00e1rio;<\/li>\n\n\n\n<li><strong>Suporte e Infraestrutura<\/strong>: 1. Escolaridade: Curso superior completo, em n\u00edvel de gradua\u00e7\u00e3o. 2. Habilita\u00e7\u00e3o Legal Espec\u00edfica: Curso superior na \u00e1rea de Tecnologia da Informa\u00e7\u00e3o, devidamente reconhecido. 3. Experi\u00eancia Profissional: N\u00e3o \u00e9 necess\u00e1ria. 4. Registro Profissional no \u00d3rg\u00e3o de Classe Competente: N\u00e3o \u00e9 necess\u00e1rio.<\/li>\n<\/ul>\n\n\n\n<h3 class=\"wp-block-heading\" id=\"etapas\">Quais as etapas de provas do concurso MPU?<\/h3>\n\n\n\n<p>Sob organiza\u00e7\u00e3o da banca FGV, os candidatos inscritos no edital foram avaliados por meio da aplica\u00e7\u00e3o das seguintes etapas:<\/p>\n\n\n\n<ul class=\"wp-block-list\">\n<li><strong>Prova Objetiva<\/strong> \u2013 eliminat\u00f3rio e classificat\u00f3rio;<\/li>\n\n\n\n<li><strong>Prova Discursiva<\/strong> \u2013 eliminat\u00f3rio e classificat\u00f3rio; e<\/li>\n\n\n\n<li><strong>Teste de Aptid\u00e3o F\u00edsica (TAF)<\/strong>  \u2013 eliminat\u00f3rio.<\/li>\n<\/ul>\n\n\n\n<h4 class=\"wp-block-heading\" id=\"objetiva\">Provas Objetivas<\/h4>\n\n\n\n<p>Foram aplicadas provas objetivas de car\u00e1ter eliminat\u00f3rio e classificat\u00f3rio para os cargos de Analista e T\u00e9cnico.<\/p>\n\n\n\n<p><strong>Cargos de Analista<\/strong><\/p>\n\n\n\n<p>Composta por 80 quest\u00f5es divididas em M\u00f3dulo I (L\u00edngua Portuguesa, No\u00e7\u00f5es de Sustentabilidade, Direitos Humanos, Acessibilidade e Administra\u00e7\u00e3o P\u00fablica) e M\u00f3dulo II (Legisla\u00e7\u00e3o Institucional e Conhecimentos Espec\u00edficos).<\/p>\n\n\n\n<h5 class=\"wp-block-heading\" id=\"h-criterios-de-aprovacao-para-analista\">Crit\u00e9rios de aprova\u00e7\u00e3o para Analista<\/h5>\n\n\n\n<ul class=\"wp-block-list\">\n<li>O candidato foi considerado aprovado na prova objetiva caso atenda a todos os crit\u00e9rios:<\/li>\n\n\n\n<li>Acertar, no m\u00ednimo,&nbsp;<strong>15 quest\u00f5es no M\u00f3dulo I<\/strong>.<\/li>\n\n\n\n<li>Acertar, no m\u00ednimo,&nbsp;<strong>27 quest\u00f5es no M\u00f3dulo II<\/strong>.<\/li>\n\n\n\n<li>Obter um total de&nbsp;<strong>50 acertos<\/strong>&nbsp;no conjunto da prova\u200b.<\/li>\n<\/ul>\n\n\n\n<p><strong>Cargos de T\u00e9cnico<\/strong><\/p>\n\n\n\n<p>Quantidade de quest\u00f5es: 80 quest\u00f5es, divididas em dois m\u00f3dulos:<\/p>\n\n\n\n<ul class=\"wp-block-list\">\n<li>M\u00f3dulo I: 30 quest\u00f5es.<\/li>\n\n\n\n<li>M\u00f3dulo II: 50 quest\u00f5es\u200b\u200b.<\/li>\n<\/ul>\n\n\n\n<p>Disciplinas e distribui\u00e7\u00e3o de quest\u00f5es:<\/p>\n\n\n\n<ul class=\"wp-block-list\">\n<li>T\u00e9cnico\/Administra\u00e7\u00e3o: M\u00f3dulo I (L\u00edngua Portuguesa: 20 quest\u00f5es, No\u00e7\u00f5es de Sustentabilidade: 5 quest\u00f5es, No\u00e7\u00f5es de Direitos Humanos, Fundamentais e Acessibilidade: 5 quest\u00f5es. M\u00f3dulo II (Legisla\u00e7\u00e3o Institucional: 5 quest\u00f5es) e Conhecimentos Espec\u00edficos: 45 quest\u00f5es.<\/li>\n\n\n\n<li>Demais Especialidades: M\u00f3dulo I (L\u00edngua Portuguesa: 15 quest\u00f5es, No\u00e7\u00f5es de Sustentabilidade: 5 quest\u00f5es, No\u00e7\u00f5es de Direitos Humanos, Fundamentais e Acessibilidade: 5 quest\u00f5es, No\u00e7\u00f5es de Administra\u00e7\u00e3o P\u00fablica: 5 quest\u00f5es. M\u00f3dulo II (Legisla\u00e7\u00e3o Institucional: 5 quest\u00f5es, No\u00e7\u00f5es de Direito Administrativo: 5 quest\u00f5es e Conhecimentos Espec\u00edficos: 40 quest\u00f5es\u200b). <\/li>\n<\/ul>\n\n\n\n<h5 class=\"wp-block-heading\" id=\"h-criterios-de-aprovacao-nbsp-para-tecnico\">Crit\u00e9rios de aprova\u00e7\u00e3o&nbsp;para T\u00e9cnico:<\/h5>\n\n\n\n<ul class=\"wp-block-list\">\n<li>O candidato ser\u00e1 considerado aprovado na prova objetiva caso atenda a todos os crit\u00e9rios:<\/li>\n\n\n\n<li>Acertar, no m\u00ednimo,&nbsp;<strong>12 quest\u00f5es no M\u00f3dulo I<\/strong>.<\/li>\n\n\n\n<li>Acertar, no m\u00ednimo,&nbsp;<strong>25 quest\u00f5es no M\u00f3dulo II<\/strong>.<\/li>\n\n\n\n<li>Obter um total de&nbsp;<strong>45 acertos<\/strong>&nbsp;no conjunto da prova\u200b.<\/li>\n<\/ul>\n\n\n\n<h4 class=\"wp-block-heading\" id=\"discursiva\">Prova Discursiva<\/h4>\n\n\n\n<p class=\"has-white-background-color has-background\"><strong>Analista<\/strong><\/p>\n\n\n\n<ul class=\"wp-block-list\">\n<li>De car\u00e1ter eliminat\u00f3rio e classificat\u00f3rio;<\/li>\n\n\n\n<li>Formato: reda\u00e7\u00e3o em&nbsp;<strong>g\u00eanero dissertativo-argumentativo<\/strong>&nbsp;com no m\u00e1ximo 30 linhas;<\/li>\n\n\n\n<li>Valor total: 40 pontos;<\/li>\n\n\n\n<li>Crit\u00e9rios de avalia\u00e7\u00e3o: Estrutura Textual Global, Abordagem do tema <strong>(14 pontos)<\/strong>, Progress\u00e3o textual, coes\u00e3o e coer\u00eancia (<strong>14 pontos<\/strong>), Corre\u00e7\u00e3o Gramatical, Sele\u00e7\u00e3o vocabular (<strong>4 pontos \u2013 dedu\u00e7\u00e3o de 0,4 ponto por erro<\/strong>), Norma culta (<strong>8 pontos -dedu\u00e7\u00e3o de 0,8 ponto por erro)<\/strong>;<\/li>\n\n\n\n<li>Pontua\u00e7\u00e3o m\u00e1xima geral: 40 pontos;<\/li>\n\n\n\n<li><strong>Condi\u00e7\u00f5es para Aprova\u00e7\u00e3o<\/strong>: o candidato ser\u00e1 eliminado se obtiver&nbsp;<strong>nota inferior a 20 pontos<\/strong>. \u200b<\/li>\n<\/ul>\n\n\n\n<p class=\"has-white-background-color has-background\"><strong>T\u00e9cnico<\/strong><\/p>\n\n\n\n<ul class=\"wp-block-list\">\n<li>Para todos os cargos, exceto T\u00e9cnico Pol\u00edcia\/Institucional;<\/li>\n\n\n\n<li>De car\u00e1ter eliminat\u00f3rio e classificat\u00f3rio;<\/li>\n\n\n\n<li>Formato: Reda\u00e7\u00e3o em&nbsp;<strong>g\u00eanero dissertativo-argumentativo<\/strong>&nbsp;com no m\u00e1ximo 30 linhas;<\/li>\n\n\n\n<li>Valor total: 40 pontos;<\/li>\n\n\n\n<li>Crit\u00e9rios de avalia\u00e7\u00e3o: estrutural global, abordagem do tema (<strong>14 pontos<\/strong>), progress\u00e3o textual , coes\u00e3o e coer\u00eancia (<strong>14 pontos<\/strong>), corre\u00e7\u00e3o gramatical (sele\u00e7\u00e3o vocabular \u2013&nbsp;<strong>4 pontos<\/strong>), norma culta (<strong>8 pontos<\/strong>&nbsp;\u2013<strong>dedu\u00e7\u00e3o 0,8<\/strong>&nbsp;por erro);<\/li>\n\n\n\n<li>Pontua\u00e7\u00e3o m\u00e1xima geral: 40 pontos;<\/li>\n\n\n\n<li>Condi\u00e7\u00f5es para aprova\u00e7\u00e3o: o candidato ser\u00e1 eliminado se obtiver&nbsp;<strong>nota inferior a 20 pontos<\/strong>\u200b.<\/li>\n<\/ul>\n\n\n\n<p class=\"has-text-align-center\"><a href=\"https:\/\/www.estrategiaconcursos.com.br\/blog\/concurso-mpu-provas-discursivas-numero-correcoes\/\" target=\"_blank\" rel=\"noreferrer noopener\">N\u00famero de provas a serem corrigidas foi retificado<\/a>!<\/p>\n\n\n\n<h4 class=\"wp-block-heading has-pale-cyan-blue-background-color has-background has-base-background-color\" id=\"h-teste-de-aptidao-fisica\">Teste de Aptid\u00e3o F\u00edsica<\/h4>\n\n\n\n<p id=\"h-teste-de-aptidao-fisicao-taf-foi-realizado-pelos-500-melhores-classificados-na-prova-objetiva-para-o-cargo-incluindo-empatados-na-ultima-posicao-sera-composto-por-tres-etapas-realizadas-em-sequencia\">O <a href=\"https:\/\/www.estrategiaconcursos.com.br\/blog\/preparacao-teste-aptidao-fisica\/\" target=\"_blank\" rel=\"noreferrer noopener\">TAF<\/a> foi realizado pelos <strong>500 melhores classificados <\/strong>na prova objetiva para o cargo, incluindo empatados na \u00faltima posi\u00e7\u00e3o. Ser\u00e1 composto por tr\u00eas etapas realizadas em sequ\u00eancia:<\/p>\n\n\n\n<h4 class=\"wp-block-heading\"><strong>1. Flex\u00e3o de Bra\u00e7os na Barra Fixa (Somente para Homens)<\/strong><\/h4>\n\n\n\n<ul class=\"wp-block-list\">\n<li><strong>Execu\u00e7\u00e3o<\/strong>: O candidato deve segurar a barra com as palmas das m\u00e3os voltadas para frente, realizar a tra\u00e7\u00e3o para elevar o queixo acima da barra e retornar \u00e0 posi\u00e7\u00e3o inicial.<\/li>\n\n\n\n<li><strong>Crit\u00e9rio de aprova\u00e7\u00e3o<\/strong>: M\u00ednimo de 3 repeti\u00e7\u00f5es v\u00e1lidas.<\/li>\n\n\n\n<li><strong>Elimina\u00e7\u00e3o<\/strong>: Se o candidato n\u00e3o atingir o m\u00ednimo exigido.<\/li>\n<\/ul>\n\n\n\n<h4 class=\"wp-block-heading\"><strong>2. Flex\u00e3o Abdominal (Para Homens e Mulheres)<\/strong><\/h4>\n\n\n\n<ul class=\"wp-block-list\">\n<li><strong>Execu\u00e7\u00e3o<\/strong>: Deitado de costas, com as pernas dobradas e p\u00e9s fixados no ch\u00e3o, o candidato deve elevar o tronco at\u00e9 tocar os joelhos com os cotovelos e retornar \u00e0 posi\u00e7\u00e3o inicial.<\/li>\n\n\n\n<li><strong>Tempo m\u00e1ximo<\/strong>: 1 minuto.<\/li>\n\n\n\n<li><strong>Crit\u00e9rio de aprova\u00e7\u00e3o<\/strong>:\n<ul class=\"wp-block-list\">\n<li>Homens: 35 repeti\u00e7\u00f5es.<\/li>\n\n\n\n<li>Mulheres: 30 repeti\u00e7\u00f5es.<\/li>\n<\/ul>\n<\/li>\n<\/ul>\n\n\n\n<h4 class=\"wp-block-heading\"><strong>3. Corrida de 12 Minutos<\/strong><\/h4>\n\n\n\n<ul class=\"wp-block-list\">\n<li><strong>Execu\u00e7\u00e3o<\/strong>: O candidato deve percorrer a maior dist\u00e2ncia poss\u00edvel em 12 minutos. Pode alternar entre corrida e caminhada.<\/li>\n\n\n\n<li><strong>Crit\u00e9rio de aprova\u00e7\u00e3o<\/strong>:\n<ul class=\"wp-block-list\">\n<li>Homens: Percorrer, no m\u00ednimo, 2.400 metros.<\/li>\n\n\n\n<li>Mulheres: Percorrer, no m\u00ednimo, 2.000 metros.<\/li>\n<\/ul>\n<\/li>\n<\/ul>\n\n\n\n<p><strong>Exig\u00eancias para participa\u00e7\u00e3o<\/strong>:<\/p>\n\n\n\n<ul class=\"wp-block-list\">\n<li>Apresentar documento oficial de identifica\u00e7\u00e3o.<\/li>\n\n\n\n<li>Atestado m\u00e9dico, emitido at\u00e9 30 dias antes, que certifique estar apto para o TAF\u200b\u200b.<\/li>\n<\/ul>\n\n\n\n<p><strong>Crit\u00e9rios gerais<\/strong>:<\/p>\n\n\n\n<ul class=\"wp-block-list\">\n<li>O candidato ser\u00e1 eliminado caso n\u00e3o atinja o desempenho m\u00ednimo em qualquer um dos testes.<\/li>\n\n\n\n<li>Todos os testes ser\u00e3o filmados para garantir lisura e transpar\u00eancia\u200b.<\/li>\n<\/ul>\n\n\n\n<p><strong>Regras adicionais<\/strong>:<\/p>\n\n\n\n<ul class=\"wp-block-list\">\n<li>O TAF ser\u00e1 realizado independentemente das condi\u00e7\u00f5es meteorol\u00f3gicas.<\/li>\n\n\n\n<li>Aquecimento e prepara\u00e7\u00e3o s\u00e3o de responsabilidade exclusiva do candidato\u200b.<\/li>\n<\/ul>\n\n\n\n<h4 class=\"wp-block-heading\" id=\"titulos\">Avalia\u00e7\u00e3o M\u00e9dica<\/h4>\n\n\n\n<p><strong>Objetivo<\/strong>: verificar se o candidato possui condi\u00e7\u00f5es f\u00edsicas e de sa\u00fade para desempenhar as atribui\u00e7\u00f5es do cargo de Pol\u00edcia Institucional.<\/p>\n\n\n\n<p><strong>Itens Avaliados<\/strong>:<\/p>\n\n\n\n<ul class=\"wp-block-list\">\n<li>Condi\u00e7\u00f5es gerais de sa\u00fade.<\/li>\n\n\n\n<li>Aus\u00eancia de doen\u00e7as ou limita\u00e7\u00f5es f\u00edsicas que possam comprometer o exerc\u00edcio das fun\u00e7\u00f5es.<\/li>\n<\/ul>\n\n\n\n<p><strong>Procedimentos<\/strong>:<\/p>\n\n\n\n<ul class=\"wp-block-list\">\n<li>O candidato dever\u00e1 apresentar exames m\u00e9dicos, conforme especificado no edital, incluindo:\n<ul class=\"wp-block-list\">\n<li>Exames laboratoriais.<\/li>\n\n\n\n<li>Exames de imagem (como raio-x e eletrocardiograma, se solicitados).<\/li>\n<\/ul>\n<\/li>\n\n\n\n<li>A avalia\u00e7\u00e3o ser\u00e1 feita por uma junta m\u00e9dica designada pela organiza\u00e7\u00e3o do concurso.<\/li>\n<\/ul>\n\n\n\n<p><strong>Crit\u00e9rios de Aprova\u00e7\u00e3o<\/strong>:<\/p>\n\n\n\n<ul class=\"wp-block-list\">\n<li>O candidato deve ser considerado \u201cAPTO\u201d pela junta m\u00e9dica.<\/li>\n\n\n\n<li>Candidatos considerados \u201cINAPTOS\u201d ser\u00e3o eliminados do concurso.<\/li>\n<\/ul>\n\n\n\n<h4 class=\"wp-block-heading\" id=\"curso-formacao\">Curso de Forma\u00e7\u00e3o<\/h4>\n\n\n\n<p><strong>Objetivo<\/strong>: preparar os candidatos para as atividades pr\u00e1ticas e te\u00f3ricas relacionadas \u00e0s atribui\u00e7\u00f5es do cargo, como:<\/p>\n\n\n\n<ul class=\"wp-block-list\">\n<li>Policiamento ostensivo.<\/li>\n\n\n\n<li>Seguran\u00e7a institucional.<\/li>\n\n\n\n<li>Procedimentos de defesa e patrulhamento.<\/li>\n<\/ul>\n\n\n\n<p><strong>Natureza<\/strong>: eliminat\u00f3ria e classificat\u00f3ria.<\/p>\n\n\n\n<p><strong>Dura\u00e7\u00e3o<\/strong>: o curso \u00e9 realizado de forma intensiva, com carga hor\u00e1ria espec\u00edfica (n\u00e3o mencionada diretamente no trecho fornecido, mas detalhada no edital completo). Inclui atividades te\u00f3ricas e pr\u00e1ticas.<\/p>\n\n\n\n<p><strong>Local e Condi\u00e7\u00f5es<\/strong>: realizado presencialmente em local designado pelo MPU. Candidatos s\u00e3o respons\u00e1veis pelos custos de deslocamento, hospedagem e alimenta\u00e7\u00e3o durante o curso.<\/p>\n\n\n\n<p><strong>Crit\u00e9rios de Aprova\u00e7\u00e3o<\/strong>: frequ\u00eancia m\u00ednima exigida: Geralmente superior a&nbsp;<strong>75%<\/strong>&nbsp;das aulas. Nota m\u00ednima nas avalia\u00e7\u00f5es te\u00f3ricas e pr\u00e1ticas.<\/p>\n\n\n\n<p><strong>Conte\u00fado Program\u00e1tico<\/strong>: T\u00e9cnicas de defesa pessoal e imobiliza\u00e7\u00e3o. Opera\u00e7\u00f5es de seguran\u00e7a institucional. Legisla\u00e7\u00e3o espec\u00edfica aplicada ao cargo. Pr\u00e1ticas de uso progressivo da for\u00e7a e armamento.<\/p>\n\n\n\n<p><strong>Elimina\u00e7\u00e3o<\/strong>: o candidato ser\u00e1 eliminado caso n\u00e3o atenda aos crit\u00e9rios de frequ\u00eancia, desempenho ou conduta disciplinar durante o programa.<\/p>\n\n\n\n<p class=\"has-text-align-center\"><a href=\"https:\/\/www.estrategiaconcursos.com.br\/blog\/concurso-mpu-curso-de-formacao\/\" target=\"_blank\" rel=\"noreferrer noopener\">Curso de forma\u00e7\u00e3o<\/a> ter\u00e1 3 semanas de dura\u00e7\u00e3o!<\/p>\n\n\n\n<h3 class=\"wp-block-heading\" id=\"lotacao\">Lota\u00e7\u00e3o dos aprovados<\/h3>\n\n\n\n<p><strong>Localidades de Lota\u00e7\u00e3o:<\/strong><\/p>\n\n\n\n<ul class=\"wp-block-list\">\n<li>As vagas est\u00e3o distribu\u00eddas entre as unidades dos quatro ramos do Minist\u00e9rio P\u00fablico da Uni\u00e3o:\n<ul class=\"wp-block-list\">\n<li>Minist\u00e9rio P\u00fablico Federal (MPF)<\/li>\n\n\n\n<li>Minist\u00e9rio P\u00fablico do Distrito Federal e Territ\u00f3rios (MPDFT)<\/li>\n\n\n\n<li>Minist\u00e9rio P\u00fablico Militar (MPM)<\/li>\n\n\n\n<li>Minist\u00e9rio P\u00fablico do Trabalho (MPT)<\/li>\n<\/ul>\n<\/li>\n\n\n\n<li>Poder\u00e3o tamb\u00e9m ser lotados na Escola Superior do Minist\u00e9rio P\u00fablico da Uni\u00e3o (ESMPU)\u200b.<\/li>\n<\/ul>\n\n\n\n<p><strong>Nomea\u00e7\u00e3o e Perman\u00eancia:<\/strong><\/p>\n\n\n\n<ul class=\"wp-block-list\">\n<li>A lota\u00e7\u00e3o inicial do candidato aprovado ser\u00e1 em uma unidade ou cidade correspondente \u00e0 vaga para a qual foi classificado.<\/li>\n\n\n\n<li>O candidato nomeado dever\u00e1 permanecer na unidade de lota\u00e7\u00e3o por um per\u00edodo m\u00ednimo de um ano, salvo casos previstos na legisla\u00e7\u00e3o espec\u00edfica\u200b.<\/li>\n<\/ul>\n\n\n\n<p><strong>Crit\u00e9rios de nomea\u00e7\u00e3o:<\/strong><\/p>\n\n\n\n<ul class=\"wp-block-list\">\n<li>As nomea\u00e7\u00f5es seguir\u00e3o a ordem de classifica\u00e7\u00e3o e poder\u00e3o ocorrer em qualquer unidade dentro da UF correspondente \u00e0 vaga, conforme o interesse do \u00f3rg\u00e3o\u200b.<\/li>\n\n\n\n<li>Candidatos podem ser nomeados para vagas em outras UFs, caso as listas estaduais sejam esgotadas e mediante manifesta\u00e7\u00e3o de interesse na lista nacional\u200b<\/li>\n<\/ul>\n\n\n\n<h3 class=\"wp-block-heading\" id=\"datas\">Resultados MPU 2025 divulgados<\/h3>\n\n\n\n<ul class=\"wp-block-list\">\n<li><a href=\"https:\/\/conhecimento.fgv.br\/sites\/default\/files\/concursos\/mpu-gabarito-definitivo.pdf\" target=\"_blank\" rel=\"noreferrer noopener nofollow\">Gabarito definitivo<\/a>;<\/li>\n\n\n\n<li><a href=\"https:\/\/conhecimento.fgv.br\/sites\/default\/files\/concursos\/658_mpu-resultado-definitivo-prova-objetiva-2025-06-20.pdf\" target=\"_blank\" rel=\"noreferrer noopener nofollow\">Resultado definitivo da prova objetiva<\/a>;<\/li>\n\n\n\n<li><a href=\"https:\/\/conhecimento.fgv.br\/sites\/default\/files\/concursos\/658_mpu-resultado-definitivo-prova-discursiva-2025-09-11.pdf\" target=\"_blank\" rel=\"noreferrer noopener nofollow\">Resultado definitivo da prova discursiva<\/a>;<\/li>\n\n\n\n<li><a href=\"https:\/\/dhg1h5j42swfq.cloudfront.net\/2025\/08\/28065215\/concurs-mpu-resultado-preliminar-taf.pdf\" target=\"_blank\" rel=\"noreferrer noopener nofollow\">Preliminar TAF<\/a>;<\/li>\n\n\n\n<li><a href=\"https:\/\/dhg1h5j42swfq.cloudfront.net\/2025\/11\/05062141\/edital-no-2-de-4-de-dezembro-de-2025-edital-no-2-de-4-de-dezembro-de-2025-dou-imprensa-nacional.pdf\" target=\"_blank\" rel=\"noreferrer noopener nofollow\">Classifica\u00e7\u00e3o final<\/a>;<\/li>\n\n\n\n<li><a href=\"https:\/\/conhecimento.fgv.br\/sites\/default\/files\/concursos\/edital-no-02-2025.pdf\" target=\"_blank\" rel=\"noreferrer noopener nofollow\">Resultado final e homologa\u00e7\u00e3o para Pol\u00edcia Institucional<\/a>;<\/li>\n\n\n\n<li><a href=\"https:\/\/dhg1h5j42swfq.cloudfront.net\/2025\/11\/05062141\/edital-no-2-de-4-de-dezembro-de-2025-edital-no-2-de-4-de-dezembro-de-2025-dou-imprensa-nacional.pdf\">Resultado final e homologa\u00e7\u00e3o aos demais cargos de T\u00e9cnico e Analista<\/a>.<\/li>\n<\/ul>\n\n\n\n<h2 class=\"wp-block-heading\" id=\"cargos-vagos-concurso-mpu\">Quantos cargos vagos existem no MPU?<\/h2>\n\n\n\n<p>De acordo com <a href=\"http:\/\/www.transparencia.mpf.mp.br\/conteudo\/gestao-de-pessoas\/cargos-vagos-e-ocupados\" target=\"_blank\" rel=\"noreferrer noopener nofollow\">dados atualizados em abril de 2025<\/a>, o MPU contava com <strong>1.555 cargos vagos<\/strong>.<\/p>\n\n\n\n<h2 class=\"wp-block-heading\" id=\"teletrabalho-no-mpu\">Teletrabalho no MPU<\/h2>\n\n\n\n<p>A Procuradoria Geral da Rep\u00fablica (PGR) publicou no dia 27 de fevereiro, a Portaria PGR\/MPU n\u00ba 22\/2026, que trouxe novas <a href=\"https:\/\/www.estrategiaconcursos.com.br\/blog\/concurso-mpu-2026-normas-trabalho-nao-presencial\/\" target=\"_blank\" rel=\"noreferrer noopener\">diretrizes para o regime h\u00edbrido de trabalho dos servidores do <strong>Minist\u00e9rio P\u00fablico da Uni\u00e3o<\/strong><\/a><strong> (MPU)<\/strong>.<\/p>\n\n\n\n<p>A medida ter\u00e1 vig\u00eancia a partir do dia 06 de abril de 2026. A partir da sua vig\u00eancia, os servidores que atuam no regime h\u00edbrido ter\u00e3o um limite de dois dias de trabalho remoto por semana.<\/p>\n\n\n\n<p>A portaria tamb\u00e9m prev\u00ea ajustes para semanas at\u00edpicas: em per\u00edodos que contenham dois ou mais feriados, o teletrabalho ser\u00e1 ajustado para apenas um dia. Veja aqui os detalhes!<\/p>\n\n\n\n<h2 class=\"wp-block-heading\" id=\"ultimo-mpu\">Concurso MPU 2018: \u00faltimo edital<\/h2>\n\n\n\n<p>O \u00faltimo concurso MPU aconteceu no ano de <strong>2018<\/strong> e ofertou vagas para os cargos de <strong>T\u00e9cnico e Analista<\/strong>. O MPU divulgou a convoca\u00e7\u00e3o dos candidatos aprovados para os cargos. Confira abaixo:<\/p>\n\n\n\n<h3 class=\"wp-block-heading\" id=\"lista\">Lista de aprovados<\/h3>\n\n\n\n<p>O \u00faltimo concurso MPU teve seu resultado final homologado em dezembro de 2018 e teve sua vig\u00eancia encerrada em setembro de 2024.<\/p>\n\n\n\n<p>O certame ofereceu vagas para Analista do MPU na especialidade Direito e T\u00e9cnico do MPU na especialidade Administra\u00e7\u00e3o. <\/p>\n\n\n\n<p>De acordo com o edital, seria formada uma rela\u00e7\u00e3o de aprovados com as seguintes quantidades de pessoas:<\/p>\n\n\n\n<h3 class=\"wp-block-heading\" id=\"tecnico-do-mpu-especialidade-administracao\">T\u00e9cnico do MPU &#8211; Especialidade: Administra\u00e7\u00e3o <\/h3>\n\n\n\n<figure class=\"wp-block-table is-style-stripes\"><table class=\"has-background has-fixed-layout\" style=\"background-color:#e7f5fe\"><tbody><tr><td class=\"has-text-align-center\" data-align=\"center\"><strong>UF da vaga<\/strong><\/td><td class=\"has-text-align-center\" data-align=\"center\"><strong>Ampla Concorr\u00eancia<\/strong><\/td><td class=\"has-text-align-center\" data-align=\"center\"><strong>PcD<\/strong><\/td><td class=\"has-text-align-center\" data-align=\"center\"><strong>Negros&nbsp;<\/strong><\/td><\/tr><tr><td class=\"has-text-align-center\" data-align=\"center\"><strong>AC<\/strong><\/td><td class=\"has-text-align-center\" data-align=\"center\">54<\/td><td class=\"has-text-align-center\" data-align=\"center\">8<\/td><td class=\"has-text-align-center\" data-align=\"center\">16<\/td><\/tr><tr><td class=\"has-text-align-center\" data-align=\"center\"><strong>AP<\/strong><\/td><td class=\"has-text-align-center\" data-align=\"center\">50<\/td><td class=\"has-text-align-center\" data-align=\"center\">8<\/td><td class=\"has-text-align-center\" data-align=\"center\">14<\/td><\/tr><tr><td class=\"has-text-align-center\" data-align=\"center\"><strong>DF<\/strong><\/td><td class=\"has-text-align-center\" data-align=\"center\">2505<\/td><td class=\"has-text-align-center\" data-align=\"center\">358<\/td><td class=\"has-text-align-center\" data-align=\"center\">716<\/td><\/tr><tr><td class=\"has-text-align-center\" data-align=\"center\"><strong>MG<\/strong><\/td><td class=\"has-text-align-center\" data-align=\"center\">230<\/td><td class=\"has-text-align-center\" data-align=\"center\">33<\/td><td class=\"has-text-align-center\" data-align=\"center\">66<\/td><\/tr><tr><td class=\"has-text-align-center\" data-align=\"center\"><strong>RJ&nbsp;<\/strong><\/td><td class=\"has-text-align-center\" data-align=\"center\">371<\/td><td class=\"has-text-align-center\" data-align=\"center\">53<\/td><td class=\"has-text-align-center\" data-align=\"center\">106<\/td><\/tr><tr><td class=\"has-text-align-center\" data-align=\"center\"><strong>RS<\/strong><\/td><td class=\"has-text-align-center\" data-align=\"center\">395<\/td><td class=\"has-text-align-center\" data-align=\"center\">57<\/td><td class=\"has-text-align-center\" data-align=\"center\">113<\/td><\/tr><\/tbody><\/table><figcaption class=\"wp-element-caption\">T\u00e9cnico do MP &#8211; Administra\u00e7\u00e3o<\/figcaption><\/figure>\n\n\n\n<h3 class=\"wp-block-heading\" id=\"analista-do-mpu-especialidade-direito\">Analista do MPU &#8211; Especialidade: Direito <\/h3>\n\n\n\n<figure class=\"wp-block-table is-style-stripes\"><table class=\"has-background has-fixed-layout\" style=\"background-color:#e7f5fe\"><tbody><tr><td class=\"has-text-align-center\" data-align=\"center\"><strong>UF da vaga&nbsp;<\/strong><\/td><td class=\"has-text-align-center\" data-align=\"center\"><strong>Ampla Concorr\u00eancia<\/strong><\/td><td class=\"has-text-align-center\" data-align=\"center\"><strong>PcD<\/strong><\/td><td class=\"has-text-align-center\" data-align=\"center\"><strong>Negros<\/strong>&nbsp;<\/td><\/tr><tr><td class=\"has-text-align-center\" data-align=\"center\"><strong>AM<\/strong><\/td><td class=\"has-text-align-center\" data-align=\"center\">61<\/td><td class=\"has-text-align-center\" data-align=\"center\">9<\/td><td class=\"has-text-align-center\" data-align=\"center\">17<\/td><\/tr><tr><td class=\"has-text-align-center\" data-align=\"center\"><strong>AP<\/strong><\/td><td class=\"has-text-align-center\" data-align=\"center\">18<\/td><td class=\"has-text-align-center\" data-align=\"center\">3<\/td><td class=\"has-text-align-center\" data-align=\"center\">5<\/td><\/tr><tr><td class=\"has-text-align-center\" data-align=\"center\"><strong>BA<\/strong><\/td><td class=\"has-text-align-center\" data-align=\"center\">72<\/td><td class=\"has-text-align-center\" data-align=\"center\">11<\/td><td class=\"has-text-align-center\" data-align=\"center\">21<\/td><\/tr><tr><td class=\"has-text-align-center\" data-align=\"center\"><strong>DF<\/strong><\/td><td class=\"has-text-align-center\" data-align=\"center\">810<\/td><td class=\"has-text-align-center\" data-align=\"center\">116<\/td><td class=\"has-text-align-center\" data-align=\"center\">231<\/td><\/tr><tr><td class=\"has-text-align-center\" data-align=\"center\"><strong>ES<\/strong><\/td><td class=\"has-text-align-center\" data-align=\"center\">22<\/td><td class=\"has-text-align-center\" data-align=\"center\">4<\/td><td class=\"has-text-align-center\" data-align=\"center\">6<\/td><\/tr><tr><td class=\"has-text-align-center\" data-align=\"center\"><strong>GO<\/strong><\/td><td class=\"has-text-align-center\" data-align=\"center\">32<\/td><td class=\"has-text-align-center\" data-align=\"center\">5<\/td><td class=\"has-text-align-center\" data-align=\"center\">9<\/td><\/tr><tr><td class=\"has-text-align-center\" data-align=\"center\"><strong>MS<\/strong><\/td><td class=\"has-text-align-center\" data-align=\"center\">32<\/td><td class=\"has-text-align-center\" data-align=\"center\">5<\/td><td class=\"has-text-align-center\" data-align=\"center\">9<\/td><\/tr><tr><td class=\"has-text-align-center\" data-align=\"center\"><strong>MT<\/strong><\/td><td class=\"has-text-align-center\" data-align=\"center\">56<\/td><td class=\"has-text-align-center\" data-align=\"center\">9<\/td><td class=\"has-text-align-center\" data-align=\"center\">16<\/td><\/tr><tr><td class=\"has-text-align-center\" data-align=\"center\"><strong>PA<\/strong><\/td><td class=\"has-text-align-center\" data-align=\"center\">82<\/td><td class=\"has-text-align-center\" data-align=\"center\">12<\/td><td class=\"has-text-align-center\" data-align=\"center\">23<\/td><\/tr><tr><td class=\"has-text-align-center\" data-align=\"center\"><strong>RJ<\/strong><\/td><td class=\"has-text-align-center\" data-align=\"center\">86<\/td><td class=\"has-text-align-center\" data-align=\"center\">13<\/td><td class=\"has-text-align-center\" data-align=\"center\">25<\/td><\/tr><tr><td class=\"has-text-align-center\" data-align=\"center\"><strong>RO<\/strong><\/td><td class=\"has-text-align-center\" data-align=\"center\">32<\/td><td class=\"has-text-align-center\" data-align=\"center\">5<\/td><td class=\"has-text-align-center\" data-align=\"center\">9<\/td><\/tr><tr><td class=\"has-text-align-center\" data-align=\"center\"><strong>RS<\/strong><\/td><td class=\"has-text-align-center\" data-align=\"center\">127<\/td><td class=\"has-text-align-center\" data-align=\"center\">19<\/td><td class=\"has-text-align-center\" data-align=\"center\">37<\/td><\/tr><tr><td class=\"has-text-align-center\" data-align=\"center\"><strong>SC<\/strong><\/td><td class=\"has-text-align-center\" data-align=\"center\">56<\/td><td class=\"has-text-align-center\" data-align=\"center\">9<\/td><td class=\"has-text-align-center\" data-align=\"center\">16<\/td><\/tr><\/tbody><\/table><figcaption class=\"wp-element-caption\">Analista do MPU &#8211; Direito<\/figcaption><\/figure>\n\n\n\n<h2 class=\"wp-block-heading\" id=\"consolidado-de-nomeacoes-concurso-mpu-2018\">Hist\u00f3rico de nomea\u00e7\u00f5es no MPU<\/h2>\n\n\n\n<p>Confira o hist\u00f3rico de nomea\u00e7\u00f5es para os principais cargos entre os anos de 2013 e 2018:<\/p>\n\n\n\n<figure class=\"wp-block-table is-style-stripes\"><table class=\"has-fixed-layout\"><thead><tr><th>CARGO<\/th><th class=\"has-text-align-center\" data-align=\"center\">VAGAS<\/th><th class=\"has-text-align-center\" data-align=\"center\">NOMEADOS<\/th><th class=\"has-text-align-center\" data-align=\"center\">ANO DO EDITAL<\/th><\/tr><\/thead><tbody><tr><td><strong>T\u00e9cnico administrativo<\/strong><\/td><td class=\"has-text-align-center\" data-align=\"center\">11<\/td><td class=\"has-text-align-center\" data-align=\"center\">1.270<\/td><td class=\"has-text-align-center\" data-align=\"center\">2018<\/td><\/tr><tr><td><strong>Analista em Direito<\/strong><\/td><td class=\"has-text-align-center\" data-align=\"center\">36<\/td><td class=\"has-text-align-center\" data-align=\"center\">669<\/td><td class=\"has-text-align-center\" data-align=\"center\">2018<\/td><\/tr><tr><td><strong>Policial do MPU<\/strong><\/td><td class=\"has-text-align-center\" data-align=\"center\">21 + CR<\/td><td class=\"has-text-align-center\" data-align=\"center\">106<\/td><td class=\"has-text-align-center\" data-align=\"center\">2015<\/td><\/tr><tr><td><strong>T\u00e9cnico administrativo<\/strong><\/td><td class=\"has-text-align-center\" data-align=\"center\">108 + CR<\/td><td class=\"has-text-align-center\" data-align=\"center\">2.600<\/td><td class=\"has-text-align-center\" data-align=\"center\">2013<\/td><\/tr><tr><td><strong>Analista em Direito <\/strong><\/td><td class=\"has-text-align-center\" data-align=\"center\">40 + CR<\/td><td class=\"has-text-align-center\" data-align=\"center\">1.516<\/td><td class=\"has-text-align-center\" data-align=\"center\">2013<\/td><\/tr><\/tbody><\/table><figcaption class=\"wp-element-caption\">Hist\u00f3rico de nomea\u00e7\u00f5es <\/figcaption><\/figure>\n\n\n\n<h2 class=\"wp-block-heading\" id=\"guia\">Guia de estudos para o concurso MPU<\/h2>\n\n\n\n<p>Confira abaixo os Cadernos de Quest\u00f5es elaborados, para as principais mat\u00e9rias, conforme conte\u00fado program\u00e1tico do edital do concurso do Minist\u00e9rio P\u00fablico da Uni\u00e3o (MPU)!<\/p>\n\n\n\n<h3 class=\"wp-block-heading has-pale-cyan-blue-background-color has-background\" id=\"h-guia-mpu-analista-do-mpu-direito\"><a href=\"https:\/\/www.estrategiaconcursos.com.br\/curso\/mpu-analista-do-mpu-direito-pacote-2025-pos-edital\/\" target=\"_blank\" rel=\"noreferrer noopener\"><strong>Guia MPU: Analista do MPU &#8211; Direito<\/strong><\/a><\/h3>\n\n\n\n<ul class=\"wp-block-list\">\n<li><strong><a href=\"https:\/\/concursos.estrategia.com\/cadernos-e-simulados\/cadernos\/15781b28-822b-4c6b-ab8a-70dab6abe58c\" target=\"_blank\" rel=\"noreferrer noopener\">Portugu\u00eas<\/a><\/strong><\/li>\n\n\n\n<li><strong><a href=\"https:\/\/concursos.estrategia.com\/cadernos-e-simulados\/cadernos\/3743d059-9761-4f60-aacf-d7fa9eb3b5f7\" target=\"_blank\" rel=\"noreferrer noopener\">No\u00e7\u00f5es&nbsp;de&nbsp;Sustentabilidade<\/a><\/strong><\/li>\n\n\n\n<li><strong><a href=\"https:\/\/concursos.estrategia.com\/cadernos-e-simulados\/cadernos\/cecd1909-5526-47fc-8902-dac182d8d262\" target=\"_blank\" rel=\"noreferrer noopener\">No\u00e7\u00f5es&nbsp;de&nbsp;Direitos&nbsp;Humanos&nbsp;e&nbsp;Acessibilidade<\/a><\/strong><\/li>\n\n\n\n<li><strong><a href=\"https:\/\/concursos.estrategia.com\/cadernos-e-simulados\/cadernos\/09ff2777-8785-4313-a3eb-f302362d39b4\" target=\"_blank\" rel=\"noreferrer noopener\">Legisla\u00e7\u00e3o&nbsp;Institucional<\/a><\/strong><\/li>\n\n\n\n<li><strong><a href=\"https:\/\/concursos.estrategia.com\/cadernos-e-simulados\/cadernos\/d42540d2-ae31-46f2-a346-3e42e7060e11\" target=\"_blank\" rel=\"noreferrer noopener\">No\u00e7\u00f5es&nbsp;de&nbsp;Administra\u00e7\u00e3o&nbsp;P\u00fablica&nbsp;(Exceto&nbsp;T\u00e9cnico&nbsp;MPU\/Adm)<\/a><\/strong><\/li>\n\n\n\n<li><strong><a href=\"https:\/\/concursos.estrategia.com\/cadernos-e-simulados\/cadernos\/ce90c7be-f54d-4a45-b349-301d634c6ca6\" target=\"_blank\" rel=\"noreferrer noopener\">Direito&nbsp;Constitucional<\/a><\/strong><\/li>\n\n\n\n<li><strong><a href=\"https:\/\/concursos.estrategia.com\/cadernos-e-simulados\/cadernos\/f9c592ee-09cf-4511-8646-7cce785af467\" target=\"_blank\" rel=\"noreferrer noopener\">Direito&nbsp;Administrativo<\/a><\/strong><\/li>\n\n\n\n<li><strong><a href=\"https:\/\/concursos.estrategia.com\/cadernos-e-simulados\/cadernos\/5e57168e-ba26-4872-a522-27f18deebcf4\" target=\"_blank\" rel=\"noreferrer noopener\">Direito&nbsp;Civil<\/a><\/strong><\/li>\n\n\n\n<li><strong><a href=\"https:\/\/concursos.estrategia.com\/cadernos-e-simulados\/cadernos\/61bd2367-8eb4-4782-9815-589e1f03a0ed\" target=\"_blank\" rel=\"noreferrer noopener\">Direito&nbsp;Processual&nbsp;Civil<\/a><\/strong><\/li>\n\n\n\n<li><strong><a href=\"https:\/\/concursos.estrategia.com\/cadernos-e-simulados\/cadernos\/0f68107a-8b3d-4ffd-8005-8849c74ef575\" target=\"_blank\" rel=\"noreferrer noopener\">Direito&nbsp;Penal<\/a><\/strong><\/li>\n\n\n\n<li><strong><a href=\"https:\/\/concursos.estrategia.com\/cadernos-e-simulados\/cadernos\/1162af83-196a-4265-ab81-2b5d909d3faf\" target=\"_blank\" rel=\"noreferrer noopener\">Legisla\u00e7\u00e3o&nbsp;Penal&nbsp;Especial<\/a><\/strong><\/li>\n\n\n\n<li><strong><a href=\"https:\/\/concursos.estrategia.com\/cadernos-e-simulados\/cadernos\/f34abf7e-4f40-417c-8ab2-e18e71993f44\">Direito&nbsp;<\/a><a href=\"https:\/\/concursos.estrategia.com\/cadernos-e-simulados\/cadernos\/f34abf7e-4f40-417c-8ab2-e18e71993f44\" target=\"_blank\" rel=\"noreferrer noopener\">P<\/a><a href=\"https:\/\/concursos.estrategia.com\/cadernos-e-simulados\/cadernos\/f34abf7e-4f40-417c-8ab2-e18e71993f44\">rocessual&nbsp;Penal<\/a><\/strong><\/li>\n\n\n\n<li><strong><a href=\"https:\/\/concursos.estrategia.com\/cadernos-e-simulados\/cadernos\/1fdc2c06-aebe-4303-9875-f387da1d29ae\" target=\"_blank\" rel=\"noreferrer noopener\">Direito&nbsp;Ambiental<\/a><\/strong><\/li>\n\n\n\n<li><strong><a href=\"https:\/\/concursos.estrategia.com\/cadernos-e-simulados\/cadernos\/1162af83-196a-4265-ab81-2b5d909d3faf\" target=\"_blank\" rel=\"noreferrer noopener\">Direito&nbsp;Penal&nbsp;Militar<\/a><\/strong><\/li>\n\n\n\n<li><strong><a href=\"https:\/\/concursos.estrategia.com\/cadernos-e-simulados\/cadernos\/7f30bf12-2c27-4282-9d8f-ab9081434eed\" target=\"_blank\" rel=\"noreferrer noopener\">Direito&nbsp;Processual&nbsp;Penal&nbsp;Militar<\/a><\/strong><\/li>\n\n\n\n<li><strong><a href=\"https:\/\/concursos.estrategia.com\/cadernos-e-simulados\/cadernos\/4c7a5709-29cd-4e91-a25d-9cfac7542714\" target=\"_blank\" rel=\"noreferrer noopener\">Direito&nbsp;do&nbsp;Trabalho<\/a><\/strong><\/li>\n\n\n\n<li><strong><a href=\"https:\/\/concursos.estrategia.com\/cadernos-e-simulados\/cadernos\/f9fa6377-d5ff-4de4-b59a-1231138dc975\" target=\"_blank\" rel=\"noreferrer noopener\">Direito&nbsp;Processual&nbsp;do&nbsp;Trabalho<\/a><\/strong><\/li>\n\n\n\n<li><strong><a href=\"https:\/\/concursos.estrategia.com\/cadernos-e-simulados\/cadernos\/35c1e2db-4dad-463d-b44e-e3fb45c4ed46\" target=\"_blank\" rel=\"noreferrer noopener\">Lei&nbsp;de&nbsp;Responsabilidade&nbsp;Fiscal<\/a><\/strong><\/li>\n<\/ul>\n\n\n\n<h3 class=\"wp-block-heading has-pale-cyan-blue-background-color has-background\" id=\"h-guia-mpu-tecnico-policia-institucional\"><a href=\"https:\/\/www.estrategiaconcursos.com.br\/curso\/mpu-tecnico-do-mpu-policia-institucional-pacote-2025-pos-edital\/\" target=\"_blank\" rel=\"noreferrer noopener\"><strong>Guia MPU: T\u00e9cnico &#8211; Pol\u00edcia Institucional<\/strong><\/a><\/h3>\n\n\n\n<ul class=\"wp-block-list\">\n<li><strong><a href=\"https:\/\/concursos.estrategia.com\/cadernos-e-simulados\/cadernos\/15781b28-822b-4c6b-ab8a-70dab6abe58c\">Portugu\u00eas<\/a><\/strong><\/li>\n\n\n\n<li><strong><a href=\"https:\/\/concursos.estrategia.com\/cadernos-e-simulados\/cadernos\/3743d059-9761-4f60-aacf-d7fa9eb3b5f7\">No\u00e7\u00f5es&nbsp;de&nbsp;Sustentabilidade<\/a><\/strong><\/li>\n\n\n\n<li><strong><a href=\"https:\/\/concursos.estrategia.com\/cadernos-e-simulados\/cadernos\/cecd1909-5526-47fc-8902-dac182d8d262\">No\u00e7\u00f5es&nbsp;de&nbsp;Direitos&nbsp;Humanos&nbsp;e&nbsp;Acessibilidade<\/a><\/strong><\/li>\n\n\n\n<li><strong><a href=\"https:\/\/concursos.estrategia.com\/cadernos-e-simulados\/cadernos\/09ff2777-8785-4313-a3eb-f302362d39b4\">Legisla\u00e7\u00e3o&nbsp;Institucional<\/a><a href=\"https:\/\/concursos.estrategia.com\/cadernos-e-simulados\/cadernos\/d42540d2-ae31-46f2-a346-3e42e7060e11\">No\u00e7\u00f5es&nbsp;de&nbsp;Administra\u00e7\u00e3o&nbsp;P\u00fablica&nbsp;(Exceto&nbsp;T\u00e9cnico&nbsp;MPU\/Adm)<\/a><\/strong><\/li>\n\n\n\n<li><strong><a href=\"https:\/\/concursos.estrategia.com\/cadernos-e-simulados\/cadernos\/59127680-39a8-4787-8c87-3f3169db285c\">No\u00e7\u00f5es&nbsp;de&nbsp;Direito&nbsp;Administrativo&nbsp;(Exceto&nbsp;T\u00e9cnico&nbsp;Adm&nbsp;e&nbsp;Analista&nbsp;Direito)<\/a><\/strong><\/li>\n\n\n\n<li><strong><a href=\"https:\/\/concursos.estrategia.com\/cadernos-e-simulados\/cadernos\/d9043028-952a-41ca-b0bf-90c99252fa20\">No\u00e7\u00f5es&nbsp;de&nbsp;Direito&nbsp;Constitucional<\/a><\/strong><\/li>\n\n\n\n<li><strong><a href=\"https:\/\/concursos.estrategia.com\/cadernos-e-simulados\/cadernos\/78af8ec3-86e2-4793-9c29-b0855710c72b\">No\u00e7\u00f5es&nbsp;de&nbsp;Direito&nbsp;Penal<\/a><\/strong><\/li>\n\n\n\n<li><strong><a href=\"https:\/\/concursos.estrategia.com\/cadernos-e-simulados\/cadernos\/d11a966e-6c77-4d62-b41a-3f199c3d73da\">No\u00e7\u00f5es&nbsp;de&nbsp;Direito&nbsp;Processual&nbsp;Penal<\/a><\/strong><\/li>\n\n\n\n<li><strong><a href=\"https:\/\/concursos.estrategia.com\/cadernos-e-simulados\/cadernos\/cf78fa63-18e2-4404-b434-aed1c11f35d1\">Atividade&nbsp;de&nbsp;Intelig\u00eancia&nbsp;+ Seguran\u00e7a&nbsp;de&nbsp;Dignat\u00e1rios&nbsp;+ Seguran\u00e7a&nbsp;Org\u00e2nica<\/a><\/strong><\/li>\n<\/ul>\n\n\n\n<h3 class=\"wp-block-heading has-pale-cyan-blue-background-color has-background\" id=\"h-guia-mpu-tecnico-administracao\"><a href=\"https:\/\/www.estrategiaconcursos.com.br\/curso\/mpu-tecnico-do-mpu-administracao-pacote-2025-pos-edital\/\" target=\"_blank\" rel=\"noreferrer noopener\"><strong>Guia MPU: T\u00e9cnico &#8211; Administra\u00e7\u00e3o<\/strong><\/a><\/h3>\n\n\n\n<ul class=\"wp-block-list\">\n<li><strong><a href=\"https:\/\/concursos.estrategia.com\/cadernos-e-simulados\/cadernos\/15781b28-822b-4c6b-ab8a-70dab6abe58c\">Portugu\u00eas<\/a><\/strong><\/li>\n\n\n\n<li><strong><a href=\"https:\/\/concursos.estrategia.com\/cadernos-e-simulados\/cadernos\/3743d059-9761-4f60-aacf-d7fa9eb3b5f7\">No\u00e7\u00f5es&nbsp;de&nbsp;Sustentabilidade<\/a><\/strong><\/li>\n\n\n\n<li><strong><a href=\"https:\/\/concursos.estrategia.com\/cadernos-e-simulados\/cadernos\/cecd1909-5526-47fc-8902-dac182d8d262\">No\u00e7\u00f5es&nbsp;de&nbsp;Direitos&nbsp;Humanos&nbsp;e&nbsp;Acessibilidade<\/a><\/strong><\/li>\n\n\n\n<li><strong><a href=\"https:\/\/concursos.estrategia.com\/cadernos-e-simulados\/cadernos\/09ff2777-8785-4313-a3eb-f302362d39b4\">Legisla\u00e7\u00e3o&nbsp;Institucional<\/a><\/strong><\/li>\n\n\n\n<li><strong><a href=\"https:\/\/concursos.estrategia.com\/cadernos-e-simulados\/cadernos\/eb563f57-dc27-4420-83ec-fe50c142629c\">Direito&nbsp;Constitucional<\/a><\/strong><\/li>\n\n\n\n<li><strong><a href=\"https:\/\/concursos.estrategia.com\/cadernos-e-simulados\/cadernos\/e4cbc49e-f640-4f6f-b7d7-aef966c7ddae\">Direito&nbsp;Penal<\/a><\/strong><\/li>\n\n\n\n<li><strong><a href=\"https:\/\/concursos.estrategia.com\/cadernos-e-simulados\/cadernos\/61719064-9979-4078-b571-8596cb5e0f2c\">Direito&nbsp;Administrativo<\/a><\/strong><\/li>\n\n\n\n<li><strong><a href=\"https:\/\/concursos.estrategia.com\/cadernos-e-simulados\/cadernos\/e1a18339-bfbd-4744-91fb-f4cf84458ca1\">Administra\u00e7\u00e3o&nbsp;P\u00fablica<\/a><\/strong><\/li>\n\n\n\n<li><strong><a href=\"https:\/\/concursos.estrategia.com\/cadernos-e-simulados\/cadernos\/8a291ca1-b9e4-42ff-9767-83fcd7cadf83\">AFO<\/a><\/strong><\/li>\n\n\n\n<li><strong><a href=\"https:\/\/concursos.estrategia.com\/cadernos-e-simulados\/cadernos\/dba31c1a-405c-45bb-a18d-0396e77e5142\">Administra\u00e7\u00e3o&nbsp;de&nbsp;Materiais<\/a><\/strong><\/li>\n\n\n\n<li><strong><a href=\"https:\/\/concursos.estrategia.com\/cadernos-e-simulados\/cadernos\/c7cb2fce-d1a1-4930-a629-d29d05f353d4\">Teoria&nbsp;Geral&nbsp;do&nbsp;Processo<\/a><\/strong><\/li>\n<\/ul>\n\n\n\n<p class=\"has-text-align-center has-x-large-font-size\" id=\"h-quer-saber-tudo-sobre-concursos-previstos-confira-nossos-artigos\">Quer saber tudo sobre concursos previstos?<br \/>Confira nossos artigos!<\/p>\n\n\n\n<ul class=\"wp-block-list\">\n<li><a href=\"https:\/\/www.estrategiaconcursos.com.br\/blog\/concursos-abertos\/\" target=\"_blank\" rel=\"noreferrer noopener\">Concursos abertos<\/a><\/li>\n\n\n\n<li><a href=\"https:\/\/www.estrategiaconcursos.com.br\/blog\/concursos-tribunais\/\">Concursos tribunais<\/a><\/li>\n\n\n\n<li><a href=\"https:\/\/www.estrategiaconcursos.com.br\/blog\/concursos-2026\/\">Concursos 2026<\/a><\/li>\n<\/ul>\n\n\n\n<p class=\"has-text-align-center has-x-large-font-size\" id=\"assinatura-e-cursos\">Cursos para o concurso MPU<\/p>\n\n\n\n<p class=\"has-text-align-left\">Gostou desta oportunidade e deseja come\u00e7ar se preparar agora mesmo? Ent\u00e3o, confira os nossos cursos e <strong>comece agora a estudar para o MPU<\/strong>:<\/p>\n\n\n\n<div class=\"container\" id=\"boxes\">\n  <div class=\"row\">\n\n    <div class=\"col-sm\">\n      <div class=\"banner-mpu-ec\" id=\"box-assinatura\">\n        <h2 class=\"titulo-assinatura\">Curso para o MPU<\/h2>\n        <p class=\"subtitulo-assinatura\">Prepare-se para o Concurso MPU com o Estrat\u00e9gia!<\/p>\n        <div class=\"box-botao\">\n          <a class=\"btn-assinatura\" target=\"_blank\" href=\"https:\/\/www.estrategiaconcursos.com.br\/cursosPorConcurso\/mpu-ministerio-publico-da-uniao\/\" role=\"button\" rel=\"noopener noreferrer\">VER CURSOS<\/a>\n        <\/div>\n      <\/div>\n      <p class=\"texto-auxiliar\">Prepare-se com o melhor material e com quem mais aprova em Concursos P\u00fablicos em todo o pa\u00eds.<\/p>\n    <\/div>\n\n  <\/div>\n<\/div>\n\n\n\n<div class=\"container\" id=\"boxes\">\n  <div class=\"row\">\n\n    <div class=\"col-sm\">\n      <div class=\"estrategia\" id=\"box-assinatura\">\n        <h3 class=\"titulo-assinatura\">Assinatura Concursos<\/h3>\n        <p class=\"subtitulo-assinatura\">Assinatura de 1 ano ou 2 anos<\/p>\n        <div class=\"box-botao\">\n          <a class=\"btn-assinatura\" target=\"_blank\" href=\"https:\/\/www.estrategiaconcursos.com.br\/assinaturas\/\" role=\"button\" rel=\"noopener noreferrer\">ASSINE AGORA<\/a>\n        <\/div>\n      <\/div>\n     \n    <\/div><\/div><\/div>\n\n\n\n<figure class=\"wp-block-image size-large is-resized\"><img loading=\"lazy\" decoding=\"async\" width=\"1024\" height=\"632\" src=\"https:\/\/dhg1h5j42swfq.cloudfront.net\/2021\/04\/06114730\/ficha-tecnica-64-1024x632.png\" alt=\"Logo do Estrat\u00e9gia Concursos para Ficha T\u00e9cnica concurso MPU.\" class=\"wp-image-708381\" style=\"width:164px;height:101px\" srcset=\"https:\/\/dhg1h5j42swfq.cloudfront.net\/2021\/04\/06114730\/ficha-tecnica-64-1024x632.png 1024w, https:\/\/dhg1h5j42swfq.cloudfront.net\/2021\/04\/06114730\/ficha-tecnica-64-300x185.png 300w, https:\/\/dhg1h5j42swfq.cloudfront.net\/2021\/04\/06114730\/ficha-tecnica-64-768x474.png 768w, https:\/\/dhg1h5j42swfq.cloudfront.net\/2021\/04\/06114730\/ficha-tecnica-64-1536x948.png 1536w, https:\/\/dhg1h5j42swfq.cloudfront.net\/2021\/04\/06114730\/ficha-tecnica-64-610x377.png 610w, https:\/\/dhg1h5j42swfq.cloudfront.net\/2021\/04\/06114730\/ficha-tecnica-64.png 1571w\" sizes=\"auto, (max-width: 1024px) 100vw, 1024px\" \/><\/figure>\n\n\n\n<p id=\"ficha\"><span style=\"color: #000000;\"><strong>Informa\u00e7\u00f5es do concurso MPU<\/strong><br \/><strong>\u25baCargos:&nbsp;<\/strong>diversos<br \/>\u25ba<strong>Banca:&nbsp;<\/strong>FGV<br \/>\u25ba<strong>Escolaridade:<\/strong> superior<\/span><br \/><span style=\"color: #000000;\">\u25baEdital:&nbsp;<a href=\"https:\/\/dhg1h5j42swfq.cloudfront.net\/2025\/01\/08085612\/mpu-edital-1_ec-2.pdf\" target=\"_blank\" rel=\"noreferrer noopener\">MPU 2025<\/a><\/span> \/ <a href=\"https:\/\/www.in.gov.br\/en\/web\/dou\/-\/edital-5-retificacao-do-edital-n-1\/2025-646460062\" target=\"_blank\" rel=\"noreferrer noopener\">Retifica\u00e7\u00e3o cotas<\/a><\/p>\n\n\n\n<p><\/p>\n","protected":false},"excerpt":{"rendered":"<p>Edital do Concurso MPU ofertou 172 vagas + CR para cargos de Analista e T\u00e9cnico. Concurso est\u00e1 homologado e nomea\u00e7\u00f5es est\u00e3o em andamento! Servidores aprovados no concurso do MPU (Minist\u00e9rio P\u00fablico da Uni\u00e3o) contam com novos sal\u00e1rios previstos, conforme texto parcialmente aprovado pela presid\u00eancia da Rep\u00fablica. O Projeto de Lei 3.879\/2024, aprovado no Senado, previa [&hellip;]<\/p>\n","protected":false},"author":1,"featured_media":832731,"comment_status":"open","ping_status":"open","sticky":false,"template":"","format":"standard","meta":{"post_tipo":"news_page","footnotes":""},"categories":[222238,1984,220219],"tags":[2766],"tax_estado":[219963],"class_list":["post-57835","post","type-post","status-publish","format-standard","has-post-thumbnail","hentry","category-ministerio-publico","category-tribunais","category-noticias","tag-concurso-mpu","tax_estado-concursos-federais"],"acf":[],"yoast_head":"<!-- This site is optimized with the Yoast SEO Premium plugin v27.2 (Yoast SEO v27.2) - https:\/\/yoast.com\/product\/yoast-seo-premium-wordpress\/ -->\n<title>Concurso MPU: homologado; novo sal\u00e1rio sancionado!<\/title>\n<meta name=\"description\" content=\"Edital do Concurso MPU ofertou 172 vagas + CR para cargos de Analista e T\u00e9cnico. Nomea\u00e7\u00f5es est\u00e3o em andamento!\" \/>\n<meta name=\"robots\" content=\"index, follow, max-snippet:-1, max-image-preview:large, max-video-preview:-1\" \/>\n<link rel=\"canonical\" href=\"https:\/\/www.estrategiaconcursos.com.br\/blog\/concurso-mpu\/\" \/>\n<meta property=\"og:locale\" content=\"pt_BR\" \/>\n<meta property=\"og:type\" content=\"article\" \/>\n<meta property=\"og:title\" content=\"Concurso MPU: homologado; novo sal\u00e1rio sancionado!\" \/>\n<meta property=\"og:description\" content=\"Edital do Concurso MPU ofertou 172 vagas + CR para cargos de Analista e T\u00e9cnico. Nomea\u00e7\u00f5es est\u00e3o em andamento!\" \/>\n<meta property=\"og:url\" content=\"https:\/\/www.estrategiaconcursos.com.br\/blog\/concurso-mpu\/\" \/>\n<meta property=\"og:site_name\" content=\"Estrat\u00e9gia Concursos\" \/>\n<meta property=\"article:author\" content=\"https:\/\/www.facebook.com\/EstrategiaConcursos\" \/>\n<meta property=\"article:published_time\" content=\"2026-04-02T13:48:00+00:00\" \/>\n<meta property=\"article:modified_time\" content=\"2026-04-02T14:24:26+00:00\" \/>\n<meta property=\"og:image\" content=\"https:\/\/dhg1h5j42swfq.cloudfront.net\/2021\/05\/10170827\/mpu.jpeg\" \/>\n\t<meta property=\"og:image:width\" content=\"768\" \/>\n\t<meta property=\"og:image:height\" content=\"432\" \/>\n\t<meta property=\"og:image:type\" content=\"image\/jpeg\" \/>\n<meta name=\"author\" content=\"Coordena\u00e7\u00e3o\" \/>\n<meta name=\"twitter:card\" content=\"summary_large_image\" \/>\n<meta name=\"twitter:creator\" content=\"@EstratConcursos\" \/>\n<meta name=\"twitter:site\" content=\"@EstratConcursos\" \/>\n<meta name=\"twitter:label1\" content=\"Escrito por\" \/>\n\t<meta name=\"twitter:data1\" content=\"Coordena\u00e7\u00e3o\" \/>\n\t<meta name=\"twitter:label2\" content=\"Est. tempo de leitura\" \/>\n\t<meta name=\"twitter:data2\" content=\"9 minutos\" \/>\n<script type=\"application\/ld+json\" class=\"yoast-schema-graph\">{\"@context\":\"https:\/\/schema.org\",\"@graph\":[{\"@type\":\"NewsArticle\",\"@id\":\"https:\/\/www.estrategiaconcursos.com.br\/blog\/concurso-mpu\/#article\",\"isPartOf\":{\"@id\":\"https:\/\/www.estrategiaconcursos.com.br\/blog\/concurso-mpu\/\"},\"author\":{\"name\":\"Coordena\u00e7\u00e3o\",\"@id\":\"https:\/\/www.estrategiaconcursos.com.br\/blog\/#\/schema\/person\/b4a388c97673c5f483d72185668afa1f\"},\"headline\":\"Concurso MPU: homologado; novo sal\u00e1rio sancionado!\",\"datePublished\":\"2026-04-02T13:48:00+00:00\",\"dateModified\":\"2026-04-02T14:24:26+00:00\",\"mainEntityOfPage\":{\"@id\":\"https:\/\/www.estrategiaconcursos.com.br\/blog\/concurso-mpu\/\"},\"wordCount\":4517,\"commentCount\":292,\"publisher\":{\"@id\":\"https:\/\/www.estrategiaconcursos.com.br\/blog\/#organization\"},\"image\":{\"@id\":\"https:\/\/www.estrategiaconcursos.com.br\/blog\/concurso-mpu\/#primaryimage\"},\"thumbnailUrl\":\"https:\/\/dhg1h5j42swfq.cloudfront.net\/2021\/05\/10170827\/mpu.jpeg\",\"keywords\":[\"concurso mpu\"],\"articleSection\":[\"Minist\u00e9rio P\u00fablico\",\"Tribunais\",\"\u00daltimas not\u00edcias\"],\"inLanguage\":\"pt-BR\",\"potentialAction\":[{\"@type\":\"CommentAction\",\"name\":\"Comment\",\"target\":[\"https:\/\/www.estrategiaconcursos.com.br\/blog\/concurso-mpu\/#respond\"]}],\"copyrightYear\":\"2026\",\"copyrightHolder\":{\"@id\":\"https:\/\/www.estrategiaconcursos.com.br\/blog\/#organization\"}},{\"@type\":\"WebPage\",\"@id\":\"https:\/\/www.estrategiaconcursos.com.br\/blog\/concurso-mpu\/\",\"url\":\"https:\/\/www.estrategiaconcursos.com.br\/blog\/concurso-mpu\/\",\"name\":\"Concurso MPU: homologado; novo sal\u00e1rio sancionado!\",\"isPartOf\":{\"@id\":\"https:\/\/www.estrategiaconcursos.com.br\/blog\/#website\"},\"primaryImageOfPage\":{\"@id\":\"https:\/\/www.estrategiaconcursos.com.br\/blog\/concurso-mpu\/#primaryimage\"},\"image\":{\"@id\":\"https:\/\/www.estrategiaconcursos.com.br\/blog\/concurso-mpu\/#primaryimage\"},\"thumbnailUrl\":\"https:\/\/dhg1h5j42swfq.cloudfront.net\/2021\/05\/10170827\/mpu.jpeg\",\"datePublished\":\"2026-04-02T13:48:00+00:00\",\"dateModified\":\"2026-04-02T14:24:26+00:00\",\"description\":\"Edital do Concurso MPU ofertou 172 vagas + CR para cargos de Analista e T\u00e9cnico. Nomea\u00e7\u00f5es est\u00e3o em andamento!\",\"breadcrumb\":{\"@id\":\"https:\/\/www.estrategiaconcursos.com.br\/blog\/concurso-mpu\/#breadcrumb\"},\"inLanguage\":\"pt-BR\",\"potentialAction\":[{\"@type\":\"ReadAction\",\"target\":[\"https:\/\/www.estrategiaconcursos.com.br\/blog\/concurso-mpu\/\"]}]},{\"@type\":\"ImageObject\",\"inLanguage\":\"pt-BR\",\"@id\":\"https:\/\/www.estrategiaconcursos.com.br\/blog\/concurso-mpu\/#primaryimage\",\"url\":\"https:\/\/dhg1h5j42swfq.cloudfront.net\/2021\/05\/10170827\/mpu.jpeg\",\"contentUrl\":\"https:\/\/dhg1h5j42swfq.cloudfront.net\/2021\/05\/10170827\/mpu.jpeg\",\"width\":768,\"height\":432,\"caption\":\"teletrabalho servidores MPU\"},{\"@type\":\"BreadcrumbList\",\"@id\":\"https:\/\/www.estrategiaconcursos.com.br\/blog\/concurso-mpu\/#breadcrumb\",\"itemListElement\":[{\"@type\":\"ListItem\",\"position\":1,\"name\":\"In\u00edcio\",\"item\":\"https:\/\/www.estrategiaconcursos.com.br\/blog\/\"},{\"@type\":\"ListItem\",\"position\":2,\"name\":\"Concurso MPU: homologado; novo sal\u00e1rio sancionado!\"}]},{\"@type\":\"WebSite\",\"@id\":\"https:\/\/www.estrategiaconcursos.com.br\/blog\/#website\",\"url\":\"https:\/\/www.estrategiaconcursos.com.br\/blog\/\",\"name\":\"Estrat\u00e9gia Concursos\",\"description\":\"O blog da Estrat\u00e9gia Concursos traz not\u00edcias sobre concursos e artigos de professores oferecendo cursos para concursos (pdf + videaulas) no site.\",\"publisher\":{\"@id\":\"https:\/\/www.estrategiaconcursos.com.br\/blog\/#organization\"},\"potentialAction\":[{\"@type\":\"SearchAction\",\"target\":{\"@type\":\"EntryPoint\",\"urlTemplate\":\"https:\/\/www.estrategiaconcursos.com.br\/blog\/?s={search_term_string}\"},\"query-input\":{\"@type\":\"PropertyValueSpecification\",\"valueRequired\":true,\"valueName\":\"search_term_string\"}}],\"inLanguage\":\"pt-BR\"},{\"@type\":\"Organization\",\"@id\":\"https:\/\/www.estrategiaconcursos.com.br\/blog\/#organization\",\"name\":\"Estrat\u00e9gia Concursos\",\"url\":\"https:\/\/www.estrategiaconcursos.com.br\/blog\/\",\"logo\":{\"@type\":\"ImageObject\",\"inLanguage\":\"pt-BR\",\"@id\":\"https:\/\/www.estrategiaconcursos.com.br\/blog\/#\/schema\/logo\/image\/\",\"url\":\"https:\/\/dhg1h5j42swfq.cloudfront.net\/2025\/06\/03203428\/logo_concursos-1.jpg\",\"contentUrl\":\"https:\/\/dhg1h5j42swfq.cloudfront.net\/2025\/06\/03203428\/logo_concursos-1.jpg\",\"width\":230,\"height\":60,\"caption\":\"Estrat\u00e9gia Concursos\"},\"image\":{\"@id\":\"https:\/\/www.estrategiaconcursos.com.br\/blog\/#\/schema\/logo\/image\/\"},\"sameAs\":[\"https:\/\/x.com\/EstratConcursos\"]},{\"@type\":\"Person\",\"@id\":\"https:\/\/www.estrategiaconcursos.com.br\/blog\/#\/schema\/person\/b4a388c97673c5f483d72185668afa1f\",\"name\":\"Coordena\u00e7\u00e3o\",\"image\":{\"@type\":\"ImageObject\",\"inLanguage\":\"pt-BR\",\"@id\":\"https:\/\/secure.gravatar.com\/avatar\/b720319e4c9a967eb58678d110f4fe35452fc5d5f97b202bac7b8acceb18c6ad?s=96&d=mm&r=g\",\"url\":\"https:\/\/secure.gravatar.com\/avatar\/b720319e4c9a967eb58678d110f4fe35452fc5d5f97b202bac7b8acceb18c6ad?s=96&d=mm&r=g\",\"contentUrl\":\"https:\/\/secure.gravatar.com\/avatar\/b720319e4c9a967eb58678d110f4fe35452fc5d5f97b202bac7b8acceb18c6ad?s=96&d=mm&r=g\",\"caption\":\"Coordena\u00e7\u00e3o\"},\"sameAs\":[\"https:\/\/www.facebook.com\/EstrategiaConcursos\",\"https:\/\/x.com\/EstratConcursos\"],\"url\":\"https:\/\/www.estrategiaconcursos.com.br\/blog\/author\/estrategia2013\/\"}]}<\/script>\n<!-- \/ Yoast SEO Premium plugin. -->","yoast_head_json":{"title":"Concurso MPU: homologado; novo sal\u00e1rio sancionado!","description":"Edital do Concurso MPU ofertou 172 vagas + CR para cargos de Analista e T\u00e9cnico. Nomea\u00e7\u00f5es est\u00e3o em andamento!","robots":{"index":"index","follow":"follow","max-snippet":"max-snippet:-1","max-image-preview":"max-image-preview:large","max-video-preview":"max-video-preview:-1"},"canonical":"https:\/\/www.estrategiaconcursos.com.br\/blog\/concurso-mpu\/","og_locale":"pt_BR","og_type":"article","og_title":"Concurso MPU: homologado; novo sal\u00e1rio sancionado!","og_description":"Edital do Concurso MPU ofertou 172 vagas + CR para cargos de Analista e T\u00e9cnico. Nomea\u00e7\u00f5es est\u00e3o em andamento!","og_url":"https:\/\/www.estrategiaconcursos.com.br\/blog\/concurso-mpu\/","og_site_name":"Estrat\u00e9gia Concursos","article_author":"https:\/\/www.facebook.com\/EstrategiaConcursos","article_published_time":"2026-04-02T13:48:00+00:00","article_modified_time":"2026-04-02T14:24:26+00:00","og_image":[{"width":768,"height":432,"url":"https:\/\/dhg1h5j42swfq.cloudfront.net\/2021\/05\/10170827\/mpu.jpeg","type":"image\/jpeg"}],"author":"Coordena\u00e7\u00e3o","twitter_card":"summary_large_image","twitter_creator":"@EstratConcursos","twitter_site":"@EstratConcursos","twitter_misc":{"Escrito por":"Coordena\u00e7\u00e3o","Est. tempo de leitura":"9 minutos"},"schema":{"@context":"https:\/\/schema.org","@graph":[{"@type":"NewsArticle","@id":"https:\/\/www.estrategiaconcursos.com.br\/blog\/concurso-mpu\/#article","isPartOf":{"@id":"https:\/\/www.estrategiaconcursos.com.br\/blog\/concurso-mpu\/"},"author":{"name":"Coordena\u00e7\u00e3o","@id":"https:\/\/www.estrategiaconcursos.com.br\/blog\/#\/schema\/person\/b4a388c97673c5f483d72185668afa1f"},"headline":"Concurso MPU: homologado; novo sal\u00e1rio sancionado!","datePublished":"2026-04-02T13:48:00+00:00","dateModified":"2026-04-02T14:24:26+00:00","mainEntityOfPage":{"@id":"https:\/\/www.estrategiaconcursos.com.br\/blog\/concurso-mpu\/"},"wordCount":4517,"commentCount":292,"publisher":{"@id":"https:\/\/www.estrategiaconcursos.com.br\/blog\/#organization"},"image":{"@id":"https:\/\/www.estrategiaconcursos.com.br\/blog\/concurso-mpu\/#primaryimage"},"thumbnailUrl":"https:\/\/dhg1h5j42swfq.cloudfront.net\/2021\/05\/10170827\/mpu.jpeg","keywords":["concurso mpu"],"articleSection":["Minist\u00e9rio P\u00fablico","Tribunais","\u00daltimas not\u00edcias"],"inLanguage":"pt-BR","potentialAction":[{"@type":"CommentAction","name":"Comment","target":["https:\/\/www.estrategiaconcursos.com.br\/blog\/concurso-mpu\/#respond"]}],"copyrightYear":"2026","copyrightHolder":{"@id":"https:\/\/www.estrategiaconcursos.com.br\/blog\/#organization"}},{"@type":"WebPage","@id":"https:\/\/www.estrategiaconcursos.com.br\/blog\/concurso-mpu\/","url":"https:\/\/www.estrategiaconcursos.com.br\/blog\/concurso-mpu\/","name":"Concurso MPU: homologado; novo sal\u00e1rio sancionado!","isPartOf":{"@id":"https:\/\/www.estrategiaconcursos.com.br\/blog\/#website"},"primaryImageOfPage":{"@id":"https:\/\/www.estrategiaconcursos.com.br\/blog\/concurso-mpu\/#primaryimage"},"image":{"@id":"https:\/\/www.estrategiaconcursos.com.br\/blog\/concurso-mpu\/#primaryimage"},"thumbnailUrl":"https:\/\/dhg1h5j42swfq.cloudfront.net\/2021\/05\/10170827\/mpu.jpeg","datePublished":"2026-04-02T13:48:00+00:00","dateModified":"2026-04-02T14:24:26+00:00","description":"Edital do Concurso MPU ofertou 172 vagas + CR para cargos de Analista e T\u00e9cnico. Nomea\u00e7\u00f5es est\u00e3o em andamento!","breadcrumb":{"@id":"https:\/\/www.estrategiaconcursos.com.br\/blog\/concurso-mpu\/#breadcrumb"},"inLanguage":"pt-BR","potentialAction":[{"@type":"ReadAction","target":["https:\/\/www.estrategiaconcursos.com.br\/blog\/concurso-mpu\/"]}]},{"@type":"ImageObject","inLanguage":"pt-BR","@id":"https:\/\/www.estrategiaconcursos.com.br\/blog\/concurso-mpu\/#primaryimage","url":"https:\/\/dhg1h5j42swfq.cloudfront.net\/2021\/05\/10170827\/mpu.jpeg","contentUrl":"https:\/\/dhg1h5j42swfq.cloudfront.net\/2021\/05\/10170827\/mpu.jpeg","width":768,"height":432,"caption":"teletrabalho servidores MPU"},{"@type":"BreadcrumbList","@id":"https:\/\/www.estrategiaconcursos.com.br\/blog\/concurso-mpu\/#breadcrumb","itemListElement":[{"@type":"ListItem","position":1,"name":"In\u00edcio","item":"https:\/\/www.estrategiaconcursos.com.br\/blog\/"},{"@type":"ListItem","position":2,"name":"Concurso MPU: homologado; novo sal\u00e1rio sancionado!"}]},{"@type":"WebSite","@id":"https:\/\/www.estrategiaconcursos.com.br\/blog\/#website","url":"https:\/\/www.estrategiaconcursos.com.br\/blog\/","name":"Estrat\u00e9gia Concursos","description":"O blog da Estrat\u00e9gia Concursos traz not\u00edcias sobre concursos e artigos de professores oferecendo cursos para concursos (pdf + videaulas) no site.","publisher":{"@id":"https:\/\/www.estrategiaconcursos.com.br\/blog\/#organization"},"potentialAction":[{"@type":"SearchAction","target":{"@type":"EntryPoint","urlTemplate":"https:\/\/www.estrategiaconcursos.com.br\/blog\/?s={search_term_string}"},"query-input":{"@type":"PropertyValueSpecification","valueRequired":true,"valueName":"search_term_string"}}],"inLanguage":"pt-BR"},{"@type":"Organization","@id":"https:\/\/www.estrategiaconcursos.com.br\/blog\/#organization","name":"Estrat\u00e9gia Concursos","url":"https:\/\/www.estrategiaconcursos.com.br\/blog\/","logo":{"@type":"ImageObject","inLanguage":"pt-BR","@id":"https:\/\/www.estrategiaconcursos.com.br\/blog\/#\/schema\/logo\/image\/","url":"https:\/\/dhg1h5j42swfq.cloudfront.net\/2025\/06\/03203428\/logo_concursos-1.jpg","contentUrl":"https:\/\/dhg1h5j42swfq.cloudfront.net\/2025\/06\/03203428\/logo_concursos-1.jpg","width":230,"height":60,"caption":"Estrat\u00e9gia Concursos"},"image":{"@id":"https:\/\/www.estrategiaconcursos.com.br\/blog\/#\/schema\/logo\/image\/"},"sameAs":["https:\/\/x.com\/EstratConcursos"]},{"@type":"Person","@id":"https:\/\/www.estrategiaconcursos.com.br\/blog\/#\/schema\/person\/b4a388c97673c5f483d72185668afa1f","name":"Coordena\u00e7\u00e3o","image":{"@type":"ImageObject","inLanguage":"pt-BR","@id":"https:\/\/secure.gravatar.com\/avatar\/b720319e4c9a967eb58678d110f4fe35452fc5d5f97b202bac7b8acceb18c6ad?s=96&d=mm&r=g","url":"https:\/\/secure.gravatar.com\/avatar\/b720319e4c9a967eb58678d110f4fe35452fc5d5f97b202bac7b8acceb18c6ad?s=96&d=mm&r=g","contentUrl":"https:\/\/secure.gravatar.com\/avatar\/b720319e4c9a967eb58678d110f4fe35452fc5d5f97b202bac7b8acceb18c6ad?s=96&d=mm&r=g","caption":"Coordena\u00e7\u00e3o"},"sameAs":["https:\/\/www.facebook.com\/EstrategiaConcursos","https:\/\/x.com\/EstratConcursos"],"url":"https:\/\/www.estrategiaconcursos.com.br\/blog\/author\/estrategia2013\/"}]}},"_links":{"self":[{"href":"https:\/\/www.estrategiaconcursos.com.br\/blog\/wp-json\/wp\/v2\/posts\/57835","targetHints":{"allow":["GET"]}}],"collection":[{"href":"https:\/\/www.estrategiaconcursos.com.br\/blog\/wp-json\/wp\/v2\/posts"}],"about":[{"href":"https:\/\/www.estrategiaconcursos.com.br\/blog\/wp-json\/wp\/v2\/types\/post"}],"author":[{"embeddable":true,"href":"https:\/\/www.estrategiaconcursos.com.br\/blog\/wp-json\/wp\/v2\/users\/1"}],"replies":[{"embeddable":true,"href":"https:\/\/www.estrategiaconcursos.com.br\/blog\/wp-json\/wp\/v2\/comments?post=57835"}],"version-history":[{"count":937,"href":"https:\/\/www.estrategiaconcursos.com.br\/blog\/wp-json\/wp\/v2\/posts\/57835\/revisions"}],"predecessor-version":[{"id":1747592,"href":"https:\/\/www.estrategiaconcursos.com.br\/blog\/wp-json\/wp\/v2\/posts\/57835\/revisions\/1747592"}],"wp:featuredmedia":[{"embeddable":true,"href":"https:\/\/www.estrategiaconcursos.com.br\/blog\/wp-json\/wp\/v2\/media\/832731"}],"wp:attachment":[{"href":"https:\/\/www.estrategiaconcursos.com.br\/blog\/wp-json\/wp\/v2\/media?parent=57835"}],"wp:term":[{"taxonomy":"category","embeddable":true,"href":"https:\/\/www.estrategiaconcursos.com.br\/blog\/wp-json\/wp\/v2\/categories?post=57835"},{"taxonomy":"post_tag","embeddable":true,"href":"https:\/\/www.estrategiaconcursos.com.br\/blog\/wp-json\/wp\/v2\/tags?post=57835"},{"taxonomy":"tax_estado","embeddable":true,"href":"https:\/\/www.estrategiaconcursos.com.br\/blog\/wp-json\/wp\/v2\/tax_estado?post=57835"}],"curies":[{"name":"wp","href":"https:\/\/api.w.org\/{rel}","templated":true}]}}