{"id":578232,"date":"2020-09-25T16:25:10","date_gmt":"2020-09-25T19:25:10","guid":{"rendered":"https:\/\/www.estrategiaconcursos.com.br\/blog\/?p=578232"},"modified":"2023-06-28T14:27:36","modified_gmt":"2023-06-28T17:27:36","slug":"ministerio-da-justica-e-seguranca-publica","status":"publish","type":"post","link":"https:\/\/www.estrategiaconcursos.com.br\/blog\/ministerio-da-justica-e-seguranca-publica\/","title":{"rendered":"Minist\u00e9rio da Justi\u00e7a e Seguran\u00e7a P\u00fablica: Provas no DOMINGO!"},"content":{"rendered":"\n<p>Todos os inscritos no novo Processo Seletivo do Minist\u00e9rio da Justi\u00e7a e Seguran\u00e7a P\u00fablica ter\u00e3o que realizar as provas objetivas marcadas para o pr\u00f3ximo domingo,<strong> 27 de setembro de 2020. <\/strong><\/p>\n\n\n\n<p>Al\u00e9m disso, ap\u00f3s a realiza\u00e7\u00e3o das mesmas, os candidatos poder\u00e3o impetrar recurso contra o gabarito preliminar e o caderno de quest\u00f5es, caso necess\u00e1rio. O link para recurso vai estar dispon\u00edvel no site da banca, <strong>Instituto AOCP<\/strong>, a partir da 0h00 do dia 28 de setembro \u00e0s 23h59min do dia 29 do mesmo m\u00eas.<\/p>\n\n\n\n<p>Lembrando que os recursos interpostos que n\u00e3o se refiram especificamente aos eventos aprazados ou interpostos fora do prazo estabelecido no edital do PSS Minist\u00e9rio da Justi\u00e7a e Seguran\u00e7a P\u00fablica n\u00e3o ser\u00e3o apreciados.<\/p>\n\n\n\n<p>Para realiza\u00e7\u00e3o das provas ser\u00e1 obrigat\u00f3rio o uso de m\u00e1scara facial durante todo o tempo de perman\u00eancia no local, bem como respeitar o distanciamento social. <\/p>\n\n\n\n<p>Ao todo, o Processo Seletivo Minist\u00e9rio da Justi\u00e7a e Seguran\u00e7a P\u00fablica oferta 35 vagas para profissionais da \u00e1rea de Tecnologia da Informa\u00e7\u00e3o, com sal\u00e1rio de&nbsp;<strong>R$ 8.300,00<\/strong>.&nbsp;Al\u00e9m desta sele\u00e7\u00e3o em andamento, o Minist\u00e9rio deve realizar um outro concurso p\u00fablico com vagas efetivas.<\/p>\n\n\n\n<p>Ficou interessado nas informa\u00e7\u00f5es desmobilizadas at\u00e9 aqui? Quer saber mais detalhes sobre o PSS Minist\u00e9rio da Justi\u00e7a e Seguran\u00e7a P\u00fablica? \u00c9 f\u00e1cil, acesse o link abaixo e veja TUDO na \u00edntegra!!<\/p>\n\n\n\n<p class=\"has-text-align-center has-cyan-bluish-gray-background-color has-background\" style=\"font-size:clamp(14.642px, 0.915rem + ((1vw - 3.2px) * 0.721), 22px);px\"><strong>Saiba mais: <a href=\"https:\/\/www.estrategiaconcursos.com.br\/blog\/concurso-ministerio-da-justica\/\" target=\"_blank\" rel=\"noreferrer noopener\">PSS Minist\u00e9rio da Justi\u00e7a<\/a><\/strong><\/p>\n\n\n\n<h2 class=\"wp-block-heading has-text-align-center\" id=\"assinatura-e-cursos\"><em><strong>Cursos e Assinatura Ilimitada<\/strong><\/em><\/h2>\n\n\n\n<p class=\"has-text-align-center has-luminous-vivid-amber-background-color has-background has-medium-font-size\"><strong><a href=\"https:\/\/www.estrategiaconcursos.com.br\/cursosPorConcurso\/promocao-pacotes-para-ministerio-da-justica-e-seguranca-publica-mjsp-r\/\" target=\"_blank\" rel=\"noreferrer noopener\">Curso Minist\u00e9rio da Justi\u00e7a<\/a><\/strong><\/p>\n\n\n\n<p class=\"has-text-align-center\"><em><strong>Assinatura Anual Ilimitada*<\/strong><\/em><\/p>\n\n\n\n<p class=\"has-text-align-center\"><em>Prepare-se com o melhor material e com quem mais aprova em Concursos P\u00fablicos em todo o pa\u00eds. Assine agora a nossa Assinatura Anual e tenha acesso ilimitado a todos os nossos cursos.<\/em><\/p>\n\n\n\n<p class=\"has-text-align-center has-light-green-cyan-background-color has-background has-medium-font-size\"><strong>ASSINE AGORA<\/strong>&nbsp;\u2013&nbsp;<a rel=\"noreferrer noopener\" href=\"https:\/\/www.estrategiaconcursos.com.br\/assinaturas\" target=\"_blank\"><strong>Assinatura Ilimitada<\/strong><\/a><\/p>\n\n\n\n<p class=\"has-text-align-center\"><strong><em>Sistema de Quest\u00f5es<\/em><\/strong><\/p>\n\n\n\n<p class=\"has-text-align-center\"><em>Estrat\u00e9gia Quest\u00f5es nasceu maior do que todos os concorrentes, com mais quest\u00f5es cadastradas e mais solu\u00e7\u00f5es por professores. Clique no link e aproveite os descontos e b\u00f4nus imperd\u00edveis!<\/em><\/p>\n\n\n\n<p class=\"has-text-align-center has-vivid-green-cyan-background-color has-background has-medium-font-size\"><strong>ASSINE AGORA \u2013&nbsp;<a href=\"https:\/\/www.estrategiaconcursos.com.br\/cursosPorConcurso\/sistema-de-questoes\/#\/\" target=\"_blank\" rel=\"noreferrer noopener\">Sistema de Quest\u00f5es<\/a><\/strong><\/p>\n\n\n\n<p class=\"has-text-align-center has-medium-font-size\"><em><strong>Fique por dentro dos concursos abertos<\/strong><\/em>:<\/p>\n\n\n\n<p class=\"has-text-align-center has-pale-cyan-blue-background-color has-background\" style=\"font-size:clamp(14.642px, 0.915rem + ((1vw - 3.2px) * 0.721), 22px);px\"><a href=\"https:\/\/www.estrategiaconcursos.com.br\/blog\/concursos-abertos\/\" target=\"_blank\" rel=\"noreferrer noopener\"><strong>Concursos Abertos<\/strong><\/a><\/p>\n","protected":false},"excerpt":{"rendered":"<p>Todos os inscritos no novo Processo Seletivo do Minist\u00e9rio da Justi\u00e7a e Seguran\u00e7a P\u00fablica ter\u00e3o que realizar as provas objetivas marcadas para o pr\u00f3ximo domingo, 27 de setembro de 2020. Al\u00e9m disso, ap\u00f3s a realiza\u00e7\u00e3o das mesmas, os candidatos poder\u00e3o impetrar recurso contra o gabarito preliminar e o caderno de quest\u00f5es, caso necess\u00e1rio. O link [&hellip;]<\/p>\n","protected":false},"author":215,"featured_media":542873,"comment_status":"open","ping_status":"closed","sticky":false,"template":"","format":"standard","meta":{"post_tipo":"article","footnotes":""},"categories":[1,214992],"tags":[],"tax_estado":[],"class_list":["post-578232","post","type-post","status-publish","format-standard","has-post-thumbnail","hentry","category-cursos-e-concursos","category-concursos-administrativos"],"acf":[],"yoast_head":"<!-- This site is optimized with the Yoast SEO Premium plugin v27.2 (Yoast SEO v27.2) - https:\/\/yoast.com\/product\/yoast-seo-premium-wordpress\/ -->\n<title>Minist\u00e9rio da Justi\u00e7a e Seguran\u00e7a P\u00fablica: Provas no DOMINGO!<\/title>\n<meta name=\"description\" content=\"Minist\u00e9rio da Justi\u00e7a e Seguran\u00e7a P\u00fablica: PROVAS do Processo Seletivo Simplificado ser\u00e3o aplicadas no pr\u00f3ximo domingo (27). Confira!\" \/>\n<meta name=\"robots\" content=\"index, follow, max-snippet:-1, max-image-preview:large, max-video-preview:-1\" \/>\n<link rel=\"canonical\" href=\"https:\/\/www.estrategiaconcursos.com.br\/blog\/ministerio-da-justica-e-seguranca-publica\/\" \/>\n<meta property=\"og:locale\" content=\"pt_BR\" \/>\n<meta property=\"og:type\" content=\"article\" \/>\n<meta property=\"og:title\" content=\"Minist\u00e9rio da Justi\u00e7a e Seguran\u00e7a P\u00fablica: Provas no DOMINGO!\" \/>\n<meta property=\"og:description\" content=\"Minist\u00e9rio da Justi\u00e7a e Seguran\u00e7a P\u00fablica: PROVAS do Processo Seletivo Simplificado ser\u00e3o aplicadas no pr\u00f3ximo domingo (27). Confira!\" \/>\n<meta property=\"og:url\" content=\"https:\/\/www.estrategiaconcursos.com.br\/blog\/ministerio-da-justica-e-seguranca-publica\/\" \/>\n<meta property=\"og:site_name\" content=\"Estrat\u00e9gia Concursos\" \/>\n<meta property=\"article:published_time\" content=\"2020-09-25T19:25:10+00:00\" \/>\n<meta property=\"article:modified_time\" content=\"2023-06-28T17:27:36+00:00\" \/>\n<meta property=\"og:image\" content=\"https:\/\/dhg1h5j42swfq.cloudfront.net\/2020\/07\/16110427\/prova-minist%C3%A9rio-da-justi%C3%A7a.jpg\" \/>\n\t<meta property=\"og:image:width\" content=\"1200\" \/>\n\t<meta property=\"og:image:height\" content=\"628\" \/>\n\t<meta property=\"og:image:type\" content=\"image\/jpeg\" \/>\n<meta name=\"author\" content=\"Thiago Rodrigues Cavalcanti\" \/>\n<meta name=\"twitter:card\" content=\"summary_large_image\" \/>\n<meta name=\"twitter:creator\" content=\"@EstratConcursos\" \/>\n<meta name=\"twitter:site\" content=\"@EstratConcursos\" \/>\n<meta name=\"twitter:label1\" content=\"Escrito por\" \/>\n\t<meta name=\"twitter:data1\" content=\"Thiago Rodrigues Cavalcanti\" \/>\n\t<meta name=\"twitter:label2\" content=\"Est. tempo de leitura\" \/>\n\t<meta name=\"twitter:data2\" content=\"2 minutos\" \/>\n<script type=\"application\/ld+json\" class=\"yoast-schema-graph\">{\"@context\":\"https:\/\/schema.org\",\"@graph\":[{\"@type\":\"NewsArticle\",\"@id\":\"https:\/\/www.estrategiaconcursos.com.br\/blog\/ministerio-da-justica-e-seguranca-publica\/#article\",\"isPartOf\":{\"@id\":\"https:\/\/www.estrategiaconcursos.com.br\/blog\/ministerio-da-justica-e-seguranca-publica\/\"},\"author\":{\"name\":\"Thiago Rodrigues Cavalcanti\",\"@id\":\"https:\/\/www.estrategiaconcursos.com.br\/blog\/#\/schema\/person\/fcaf7747a784c860b8a4feb3dd2c528e\"},\"headline\":\"Minist\u00e9rio da Justi\u00e7a e Seguran\u00e7a P\u00fablica: Provas no DOMINGO!\",\"datePublished\":\"2020-09-25T19:25:10+00:00\",\"dateModified\":\"2023-06-28T17:27:36+00:00\",\"mainEntityOfPage\":{\"@id\":\"https:\/\/www.estrategiaconcursos.com.br\/blog\/ministerio-da-justica-e-seguranca-publica\/\"},\"wordCount\":378,\"commentCount\":0,\"publisher\":{\"@id\":\"https:\/\/www.estrategiaconcursos.com.br\/blog\/#organization\"},\"image\":{\"@id\":\"https:\/\/www.estrategiaconcursos.com.br\/blog\/ministerio-da-justica-e-seguranca-publica\/#primaryimage\"},\"thumbnailUrl\":\"https:\/\/dhg1h5j42swfq.cloudfront.net\/2020\/07\/16110427\/prova-minist%C3%A9rio-da-justi%C3%A7a.jpg\",\"articleSection\":[\"Concursos P\u00fablicos\",\"Executivo (Administrativa)\"],\"inLanguage\":\"pt-BR\",\"potentialAction\":[{\"@type\":\"CommentAction\",\"name\":\"Comment\",\"target\":[\"https:\/\/www.estrategiaconcursos.com.br\/blog\/ministerio-da-justica-e-seguranca-publica\/#respond\"]}],\"copyrightYear\":\"2020\",\"copyrightHolder\":{\"@id\":\"https:\/\/www.estrategiaconcursos.com.br\/blog\/#organization\"}},{\"@type\":\"WebPage\",\"@id\":\"https:\/\/www.estrategiaconcursos.com.br\/blog\/ministerio-da-justica-e-seguranca-publica\/\",\"url\":\"https:\/\/www.estrategiaconcursos.com.br\/blog\/ministerio-da-justica-e-seguranca-publica\/\",\"name\":\"Minist\u00e9rio da Justi\u00e7a e Seguran\u00e7a P\u00fablica: Provas no DOMINGO!\",\"isPartOf\":{\"@id\":\"https:\/\/www.estrategiaconcursos.com.br\/blog\/#website\"},\"primaryImageOfPage\":{\"@id\":\"https:\/\/www.estrategiaconcursos.com.br\/blog\/ministerio-da-justica-e-seguranca-publica\/#primaryimage\"},\"image\":{\"@id\":\"https:\/\/www.estrategiaconcursos.com.br\/blog\/ministerio-da-justica-e-seguranca-publica\/#primaryimage\"},\"thumbnailUrl\":\"https:\/\/dhg1h5j42swfq.cloudfront.net\/2020\/07\/16110427\/prova-minist%C3%A9rio-da-justi%C3%A7a.jpg\",\"datePublished\":\"2020-09-25T19:25:10+00:00\",\"dateModified\":\"2023-06-28T17:27:36+00:00\",\"description\":\"Minist\u00e9rio da Justi\u00e7a e Seguran\u00e7a P\u00fablica: PROVAS do Processo Seletivo Simplificado ser\u00e3o aplicadas no pr\u00f3ximo domingo (27). Confira!\",\"breadcrumb\":{\"@id\":\"https:\/\/www.estrategiaconcursos.com.br\/blog\/ministerio-da-justica-e-seguranca-publica\/#breadcrumb\"},\"inLanguage\":\"pt-BR\",\"potentialAction\":[{\"@type\":\"ReadAction\",\"target\":[\"https:\/\/www.estrategiaconcursos.com.br\/blog\/ministerio-da-justica-e-seguranca-publica\/\"]}]},{\"@type\":\"ImageObject\",\"inLanguage\":\"pt-BR\",\"@id\":\"https:\/\/www.estrategiaconcursos.com.br\/blog\/ministerio-da-justica-e-seguranca-publica\/#primaryimage\",\"url\":\"https:\/\/dhg1h5j42swfq.cloudfront.net\/2020\/07\/16110427\/prova-minist%C3%A9rio-da-justi%C3%A7a.jpg\",\"contentUrl\":\"https:\/\/dhg1h5j42swfq.cloudfront.net\/2020\/07\/16110427\/prova-minist%C3%A9rio-da-justi%C3%A7a.jpg\",\"width\":1200,\"height\":628,\"caption\":\"Minist\u00e9rio da Justi\u00e7a Resultado\"},{\"@type\":\"BreadcrumbList\",\"@id\":\"https:\/\/www.estrategiaconcursos.com.br\/blog\/ministerio-da-justica-e-seguranca-publica\/#breadcrumb\",\"itemListElement\":[{\"@type\":\"ListItem\",\"position\":1,\"name\":\"In\u00edcio\",\"item\":\"https:\/\/www.estrategiaconcursos.com.br\/blog\/\"},{\"@type\":\"ListItem\",\"position\":2,\"name\":\"Minist\u00e9rio da Justi\u00e7a e Seguran\u00e7a P\u00fablica: Provas no DOMINGO!\"}]},{\"@type\":\"WebSite\",\"@id\":\"https:\/\/www.estrategiaconcursos.com.br\/blog\/#website\",\"url\":\"https:\/\/www.estrategiaconcursos.com.br\/blog\/\",\"name\":\"Estrat\u00e9gia Concursos\",\"description\":\"O blog da Estrat\u00e9gia Concursos traz not\u00edcias sobre concursos e artigos de professores oferecendo cursos para concursos (pdf + videaulas) no site.\",\"publisher\":{\"@id\":\"https:\/\/www.estrategiaconcursos.com.br\/blog\/#organization\"},\"potentialAction\":[{\"@type\":\"SearchAction\",\"target\":{\"@type\":\"EntryPoint\",\"urlTemplate\":\"https:\/\/www.estrategiaconcursos.com.br\/blog\/?s={search_term_string}\"},\"query-input\":{\"@type\":\"PropertyValueSpecification\",\"valueRequired\":true,\"valueName\":\"search_term_string\"}}],\"inLanguage\":\"pt-BR\"},{\"@type\":\"Organization\",\"@id\":\"https:\/\/www.estrategiaconcursos.com.br\/blog\/#organization\",\"name\":\"Estrat\u00e9gia Concursos\",\"url\":\"https:\/\/www.estrategiaconcursos.com.br\/blog\/\",\"logo\":{\"@type\":\"ImageObject\",\"inLanguage\":\"pt-BR\",\"@id\":\"https:\/\/www.estrategiaconcursos.com.br\/blog\/#\/schema\/logo\/image\/\",\"url\":\"https:\/\/dhg1h5j42swfq.cloudfront.net\/2025\/06\/03203428\/logo_concursos-1.jpg\",\"contentUrl\":\"https:\/\/dhg1h5j42swfq.cloudfront.net\/2025\/06\/03203428\/logo_concursos-1.jpg\",\"width\":230,\"height\":60,\"caption\":\"Estrat\u00e9gia Concursos\"},\"image\":{\"@id\":\"https:\/\/www.estrategiaconcursos.com.br\/blog\/#\/schema\/logo\/image\/\"},\"sameAs\":[\"https:\/\/x.com\/EstratConcursos\"]},{\"@type\":\"Person\",\"@id\":\"https:\/\/www.estrategiaconcursos.com.br\/blog\/#\/schema\/person\/fcaf7747a784c860b8a4feb3dd2c528e\",\"name\":\"Thiago Rodrigues Cavalcanti\",\"image\":{\"@type\":\"ImageObject\",\"inLanguage\":\"pt-BR\",\"@id\":\"https:\/\/secure.gravatar.com\/avatar\/08e6c519fe84ceb0618b23307f2dee18afb2b5dce83a93b6a66dfdd007a08564?s=96&d=mm&r=g\",\"url\":\"https:\/\/secure.gravatar.com\/avatar\/08e6c519fe84ceb0618b23307f2dee18afb2b5dce83a93b6a66dfdd007a08564?s=96&d=mm&r=g\",\"contentUrl\":\"https:\/\/secure.gravatar.com\/avatar\/08e6c519fe84ceb0618b23307f2dee18afb2b5dce83a93b6a66dfdd007a08564?s=96&d=mm&r=g\",\"caption\":\"Thiago Rodrigues Cavalcanti\"},\"url\":\"https:\/\/www.estrategiaconcursos.com.br\/blog\/author\/rcthiagogmail-com\/\"}]}<\/script>\n<!-- \/ Yoast SEO Premium plugin. -->","yoast_head_json":{"title":"Minist\u00e9rio da Justi\u00e7a e Seguran\u00e7a P\u00fablica: Provas no DOMINGO!","description":"Minist\u00e9rio da Justi\u00e7a e Seguran\u00e7a P\u00fablica: PROVAS do Processo Seletivo Simplificado ser\u00e3o aplicadas no pr\u00f3ximo domingo (27). Confira!","robots":{"index":"index","follow":"follow","max-snippet":"max-snippet:-1","max-image-preview":"max-image-preview:large","max-video-preview":"max-video-preview:-1"},"canonical":"https:\/\/www.estrategiaconcursos.com.br\/blog\/ministerio-da-justica-e-seguranca-publica\/","og_locale":"pt_BR","og_type":"article","og_title":"Minist\u00e9rio da Justi\u00e7a e Seguran\u00e7a P\u00fablica: Provas no DOMINGO!","og_description":"Minist\u00e9rio da Justi\u00e7a e Seguran\u00e7a P\u00fablica: PROVAS do Processo Seletivo Simplificado ser\u00e3o aplicadas no pr\u00f3ximo domingo (27). Confira!","og_url":"https:\/\/www.estrategiaconcursos.com.br\/blog\/ministerio-da-justica-e-seguranca-publica\/","og_site_name":"Estrat\u00e9gia Concursos","article_published_time":"2020-09-25T19:25:10+00:00","article_modified_time":"2023-06-28T17:27:36+00:00","og_image":[{"width":1200,"height":628,"url":"https:\/\/dhg1h5j42swfq.cloudfront.net\/2020\/07\/16110427\/prova-minist%C3%A9rio-da-justi%C3%A7a.jpg","type":"image\/jpeg"}],"author":"Thiago Rodrigues Cavalcanti","twitter_card":"summary_large_image","twitter_creator":"@EstratConcursos","twitter_site":"@EstratConcursos","twitter_misc":{"Escrito por":"Thiago Rodrigues Cavalcanti","Est. tempo de leitura":"2 minutos"},"schema":{"@context":"https:\/\/schema.org","@graph":[{"@type":"NewsArticle","@id":"https:\/\/www.estrategiaconcursos.com.br\/blog\/ministerio-da-justica-e-seguranca-publica\/#article","isPartOf":{"@id":"https:\/\/www.estrategiaconcursos.com.br\/blog\/ministerio-da-justica-e-seguranca-publica\/"},"author":{"name":"Thiago Rodrigues Cavalcanti","@id":"https:\/\/www.estrategiaconcursos.com.br\/blog\/#\/schema\/person\/fcaf7747a784c860b8a4feb3dd2c528e"},"headline":"Minist\u00e9rio da Justi\u00e7a e Seguran\u00e7a P\u00fablica: Provas no DOMINGO!","datePublished":"2020-09-25T19:25:10+00:00","dateModified":"2023-06-28T17:27:36+00:00","mainEntityOfPage":{"@id":"https:\/\/www.estrategiaconcursos.com.br\/blog\/ministerio-da-justica-e-seguranca-publica\/"},"wordCount":378,"commentCount":0,"publisher":{"@id":"https:\/\/www.estrategiaconcursos.com.br\/blog\/#organization"},"image":{"@id":"https:\/\/www.estrategiaconcursos.com.br\/blog\/ministerio-da-justica-e-seguranca-publica\/#primaryimage"},"thumbnailUrl":"https:\/\/dhg1h5j42swfq.cloudfront.net\/2020\/07\/16110427\/prova-minist%C3%A9rio-da-justi%C3%A7a.jpg","articleSection":["Concursos P\u00fablicos","Executivo (Administrativa)"],"inLanguage":"pt-BR","potentialAction":[{"@type":"CommentAction","name":"Comment","target":["https:\/\/www.estrategiaconcursos.com.br\/blog\/ministerio-da-justica-e-seguranca-publica\/#respond"]}],"copyrightYear":"2020","copyrightHolder":{"@id":"https:\/\/www.estrategiaconcursos.com.br\/blog\/#organization"}},{"@type":"WebPage","@id":"https:\/\/www.estrategiaconcursos.com.br\/blog\/ministerio-da-justica-e-seguranca-publica\/","url":"https:\/\/www.estrategiaconcursos.com.br\/blog\/ministerio-da-justica-e-seguranca-publica\/","name":"Minist\u00e9rio da Justi\u00e7a e Seguran\u00e7a P\u00fablica: Provas no DOMINGO!","isPartOf":{"@id":"https:\/\/www.estrategiaconcursos.com.br\/blog\/#website"},"primaryImageOfPage":{"@id":"https:\/\/www.estrategiaconcursos.com.br\/blog\/ministerio-da-justica-e-seguranca-publica\/#primaryimage"},"image":{"@id":"https:\/\/www.estrategiaconcursos.com.br\/blog\/ministerio-da-justica-e-seguranca-publica\/#primaryimage"},"thumbnailUrl":"https:\/\/dhg1h5j42swfq.cloudfront.net\/2020\/07\/16110427\/prova-minist%C3%A9rio-da-justi%C3%A7a.jpg","datePublished":"2020-09-25T19:25:10+00:00","dateModified":"2023-06-28T17:27:36+00:00","description":"Minist\u00e9rio da Justi\u00e7a e Seguran\u00e7a P\u00fablica: PROVAS do Processo Seletivo Simplificado ser\u00e3o aplicadas no pr\u00f3ximo domingo (27). Confira!","breadcrumb":{"@id":"https:\/\/www.estrategiaconcursos.com.br\/blog\/ministerio-da-justica-e-seguranca-publica\/#breadcrumb"},"inLanguage":"pt-BR","potentialAction":[{"@type":"ReadAction","target":["https:\/\/www.estrategiaconcursos.com.br\/blog\/ministerio-da-justica-e-seguranca-publica\/"]}]},{"@type":"ImageObject","inLanguage":"pt-BR","@id":"https:\/\/www.estrategiaconcursos.com.br\/blog\/ministerio-da-justica-e-seguranca-publica\/#primaryimage","url":"https:\/\/dhg1h5j42swfq.cloudfront.net\/2020\/07\/16110427\/prova-minist%C3%A9rio-da-justi%C3%A7a.jpg","contentUrl":"https:\/\/dhg1h5j42swfq.cloudfront.net\/2020\/07\/16110427\/prova-minist%C3%A9rio-da-justi%C3%A7a.jpg","width":1200,"height":628,"caption":"Minist\u00e9rio da Justi\u00e7a Resultado"},{"@type":"BreadcrumbList","@id":"https:\/\/www.estrategiaconcursos.com.br\/blog\/ministerio-da-justica-e-seguranca-publica\/#breadcrumb","itemListElement":[{"@type":"ListItem","position":1,"name":"In\u00edcio","item":"https:\/\/www.estrategiaconcursos.com.br\/blog\/"},{"@type":"ListItem","position":2,"name":"Minist\u00e9rio da Justi\u00e7a e Seguran\u00e7a P\u00fablica: Provas no DOMINGO!"}]},{"@type":"WebSite","@id":"https:\/\/www.estrategiaconcursos.com.br\/blog\/#website","url":"https:\/\/www.estrategiaconcursos.com.br\/blog\/","name":"Estrat\u00e9gia Concursos","description":"O blog da Estrat\u00e9gia Concursos traz not\u00edcias sobre concursos e artigos de professores oferecendo cursos para concursos (pdf + videaulas) no site.","publisher":{"@id":"https:\/\/www.estrategiaconcursos.com.br\/blog\/#organization"},"potentialAction":[{"@type":"SearchAction","target":{"@type":"EntryPoint","urlTemplate":"https:\/\/www.estrategiaconcursos.com.br\/blog\/?s={search_term_string}"},"query-input":{"@type":"PropertyValueSpecification","valueRequired":true,"valueName":"search_term_string"}}],"inLanguage":"pt-BR"},{"@type":"Organization","@id":"https:\/\/www.estrategiaconcursos.com.br\/blog\/#organization","name":"Estrat\u00e9gia Concursos","url":"https:\/\/www.estrategiaconcursos.com.br\/blog\/","logo":{"@type":"ImageObject","inLanguage":"pt-BR","@id":"https:\/\/www.estrategiaconcursos.com.br\/blog\/#\/schema\/logo\/image\/","url":"https:\/\/dhg1h5j42swfq.cloudfront.net\/2025\/06\/03203428\/logo_concursos-1.jpg","contentUrl":"https:\/\/dhg1h5j42swfq.cloudfront.net\/2025\/06\/03203428\/logo_concursos-1.jpg","width":230,"height":60,"caption":"Estrat\u00e9gia Concursos"},"image":{"@id":"https:\/\/www.estrategiaconcursos.com.br\/blog\/#\/schema\/logo\/image\/"},"sameAs":["https:\/\/x.com\/EstratConcursos"]},{"@type":"Person","@id":"https:\/\/www.estrategiaconcursos.com.br\/blog\/#\/schema\/person\/fcaf7747a784c860b8a4feb3dd2c528e","name":"Thiago Rodrigues Cavalcanti","image":{"@type":"ImageObject","inLanguage":"pt-BR","@id":"https:\/\/secure.gravatar.com\/avatar\/08e6c519fe84ceb0618b23307f2dee18afb2b5dce83a93b6a66dfdd007a08564?s=96&d=mm&r=g","url":"https:\/\/secure.gravatar.com\/avatar\/08e6c519fe84ceb0618b23307f2dee18afb2b5dce83a93b6a66dfdd007a08564?s=96&d=mm&r=g","contentUrl":"https:\/\/secure.gravatar.com\/avatar\/08e6c519fe84ceb0618b23307f2dee18afb2b5dce83a93b6a66dfdd007a08564?s=96&d=mm&r=g","caption":"Thiago Rodrigues Cavalcanti"},"url":"https:\/\/www.estrategiaconcursos.com.br\/blog\/author\/rcthiagogmail-com\/"}]}},"_links":{"self":[{"href":"https:\/\/www.estrategiaconcursos.com.br\/blog\/wp-json\/wp\/v2\/posts\/578232","targetHints":{"allow":["GET"]}}],"collection":[{"href":"https:\/\/www.estrategiaconcursos.com.br\/blog\/wp-json\/wp\/v2\/posts"}],"about":[{"href":"https:\/\/www.estrategiaconcursos.com.br\/blog\/wp-json\/wp\/v2\/types\/post"}],"author":[{"embeddable":true,"href":"https:\/\/www.estrategiaconcursos.com.br\/blog\/wp-json\/wp\/v2\/users\/215"}],"replies":[{"embeddable":true,"href":"https:\/\/www.estrategiaconcursos.com.br\/blog\/wp-json\/wp\/v2\/comments?post=578232"}],"version-history":[{"count":4,"href":"https:\/\/www.estrategiaconcursos.com.br\/blog\/wp-json\/wp\/v2\/posts\/578232\/revisions"}],"predecessor-version":[{"id":1240339,"href":"https:\/\/www.estrategiaconcursos.com.br\/blog\/wp-json\/wp\/v2\/posts\/578232\/revisions\/1240339"}],"wp:featuredmedia":[{"embeddable":true,"href":"https:\/\/www.estrategiaconcursos.com.br\/blog\/wp-json\/wp\/v2\/media\/542873"}],"wp:attachment":[{"href":"https:\/\/www.estrategiaconcursos.com.br\/blog\/wp-json\/wp\/v2\/media?parent=578232"}],"wp:term":[{"taxonomy":"category","embeddable":true,"href":"https:\/\/www.estrategiaconcursos.com.br\/blog\/wp-json\/wp\/v2\/categories?post=578232"},{"taxonomy":"post_tag","embeddable":true,"href":"https:\/\/www.estrategiaconcursos.com.br\/blog\/wp-json\/wp\/v2\/tags?post=578232"},{"taxonomy":"tax_estado","embeddable":true,"href":"https:\/\/www.estrategiaconcursos.com.br\/blog\/wp-json\/wp\/v2\/tax_estado?post=578232"}],"curies":[{"name":"wp","href":"https:\/\/api.w.org\/{rel}","templated":true}]}}