{"id":578147,"date":"2020-10-08T10:51:11","date_gmt":"2020-10-08T13:51:11","guid":{"rendered":"https:\/\/www.estrategiaconcursos.com.br\/blog\/?p=578147"},"modified":"2022-12-30T11:19:32","modified_gmt":"2022-12-30T14:19:32","slug":"lei-9784-99","status":"publish","type":"post","link":"https:\/\/www.estrategiaconcursos.com.br\/blog\/lei-9784-99\/","title":{"rendered":"Lei 9784\/99 &#8211; Processo administrativo federal \u2013 parte 2"},"content":{"rendered":"\n<p>Ol\u00e1, pessoal. No artigo de hoje voltaremos a tratar sobre o Processo administrativo federal (Lei 9784\/99), finalizando o tema.  Vamos l\u00e1?<\/p>\n\n\n\n<figure class=\"wp-block-image aligncenter size-large\"><img loading=\"lazy\" decoding=\"async\" width=\"300\" height=\"158\" src=\"https:\/\/dhg1h5j42swfq.cloudfront.net\/2020\/09\/28195744\/image-245.png\" alt=\"Processo administrativo federal \u2013 Lei 9.784\/99 \u2013 parte 2\" class=\"wp-image-579492\"\/><figcaption>Lei-9784\/99 &#8211; Processo administrativo federal<\/figcaption><\/figure>\n\n\n\n<h2 class=\"wp-block-heading\" id=\"h-da-instrucao\">Da instru\u00e7\u00e3o<\/h2>\n\n\n\n<p>Iniciemos a an\u00e1lise da Lei 9784\/99 pela instru\u00e7\u00e3o.<\/p>\n\n\n\n<p>A fase de instru\u00e7\u00e3o tem como objetivo averiguar os dados para uma posterior tomada de cis\u00e3o, poder\u00e1 ocorrer de of\u00edcio ou de forma provocada, sendo poss\u00edvel realiza\u00e7\u00e3o, inclusive, de consulta p\u00fablica (Art. 31) e audi\u00eancia p\u00fablica (Art. 32).<\/p>\n\n\n\n<p><em>Art. 29. As atividades de <\/em><strong><span class=\"has-inline-color has-vivid-cyan-blue-color\"><em>instru\u00e7\u00e3o<\/em><\/span><\/strong><em><span class=\"has-inline-color has-vivid-cyan-blue-color\"> <\/span><\/em><strong><span class=\"has-inline-color has-vivid-cyan-blue-color\"><em>destinadas<\/em><\/span><\/strong><em> a <strong>averiguar<\/strong> e comprovar os <strong>dados necess\u00e1rios \u00e0 tomada de decis\u00e3o<\/strong> realizam-se <\/em><strong><em><span class=\"has-inline-color has-vivid-green-cyan-color\">de of\u00edcio<\/span><\/em><\/strong><em> <u>ou<\/u> mediante <\/em><strong><span class=\"has-inline-color has-vivid-green-cyan-color\"><em>impuls\u00e3o do \u00f3rg\u00e3o respons\u00e1vel<\/em><\/span><\/strong><em><span class=\"has-inline-color has-vivid-green-cyan-color\"> <\/span>pelo processo, <u>sem preju\u00edzo do direito dos interessados de propor atua\u00e7\u00f5es probat\u00f3rias<\/u>.<\/em><\/p>\n\n\n\n<p>Sabemos que a intima\u00e7\u00e3o \u00e9 a regra no processo, por\u00e9m \u00e9 poss\u00edvel em caso de risco iminente a administra\u00e7\u00e3o p\u00fablica promover medidas acauteladoras sem a pr\u00e9via manifesta\u00e7\u00e3o do interessado.<\/p>\n\n\n\n<p><em>Art. 28. <\/em><strong><em><span class=\"has-inline-color has-vivid-cyan-blue-color\">Devem ser objeto de intima\u00e7\u00e3o<\/span><\/em><\/strong><em> os <strong>atos <\/strong>do processo que resultem para o interessado em<strong> imposi\u00e7\u00e3o de deveres, \u00f4nus, san\u00e7\u00f5es ou restri\u00e7\u00e3o<\/strong> ao exerc\u00edcio de direitos e atividades e os<strong> atos de outra natureza, de seu interesse.<\/strong><\/em><\/p>\n\n\n\n<p><em>Art. 45. Em <\/em><strong><em><span class=\"has-inline-color has-vivid-cyan-blue-color\">caso de risco iminente<\/span><\/em><\/strong><em>, a <strong>Administra\u00e7\u00e3o P\u00fablica poder\u00e1 motivadamente adotar provid\u00eancias acauteladoras<\/strong> <\/em><strong><em><span class=\"has-inline-color has-vivid-red-color\"><u>sem<\/u><\/span><\/em><\/strong><em><u><span class=\"has-inline-color has-vivid-red-color\"> <\/span>a pr\u00e9via manifesta\u00e7\u00e3o do interessado<\/u>.<\/em><\/p>\n\n\n\n<p><strong><span class=\"has-inline-color has-cyan-bluish-gray-color\">N\u00e3o confunda:<\/span><\/strong><\/p>\n\n\n\n<ul class=\"wp-block-list\"><li><strong><span class=\"has-inline-color has-vivid-purple-color\">Risco iminente<\/span><\/strong>&nbsp; (Art. 45) -&gt; <strong>sem manifesta\u00e7\u00e3o<\/strong> do interessado<\/li><li><strong><span class=\"has-inline-color has-vivid-purple-color\">Imposi\u00e7\u00e3o de san\u00e7\u00f5es ou restri\u00e7\u00f5es e etc.<\/span><\/strong> (Art. 28) &nbsp;-&gt; <strong>com intima\u00e7\u00e3o<\/strong><\/li><\/ul>\n\n\n\n<h3 class=\"wp-block-heading\" id=\"h-provas-na-instrucao\">Provas na instru\u00e7\u00e3o<\/h3>\n\n\n\n<p>Apesar do princ\u00edpio da verdade material, as provas obtidas por meio il\u00edcios ser\u00e3o inadmiss\u00edveis no processo.<\/p>\n\n\n\n<p><em>&nbsp;Art. 30. S\u00e3o <\/em><strong><span class=\"has-inline-color has-vivid-cyan-blue-color\"><em>inadmiss\u00edveis<\/em><\/span><\/strong><em><span class=\"has-inline-color has-vivid-cyan-blue-color\"> <\/span>no processo administrativo as <strong>provas obtidas por meios <span class=\"has-inline-color has-vivid-red-color\">il\u00edcitos<\/span><\/strong>.<\/em><\/p>\n\n\n\n<p>Cabendo ao interessado provar o que alegar.<\/p>\n\n\n\n<p><em>&nbsp;Art. 36. <\/em><strong><em><span class=\"has-inline-color has-vivid-cyan-blue-color\">Cabe ao interessado a prova dos fatos que tenha alegado<\/span><\/em><\/strong><em>, <u>sem preju\u00edzo do dever atribu\u00eddo ao \u00f3rg\u00e3o competente para a instru\u00e7\u00e3o<\/u> e do disposto no art. 37 desta Lei.<\/em><\/p>\n\n\n\n<p>E sendo poss\u00edvel a intima\u00e7\u00e3o de interessados ou terceiros para presta\u00e7\u00e3o de informa\u00e7\u00f5es.<\/p>\n\n\n\n<p><em>Art. 39. <u>Quando for necess\u00e1ria<\/u> a <\/em><strong><em><span class=\"has-inline-color has-vivid-green-cyan-color\">presta\u00e7\u00e3o de informa\u00e7\u00f5es<\/span><\/em><\/strong><em> ou a <\/em><strong><em><span class=\"has-inline-color has-vivid-green-cyan-color\">apresenta\u00e7\u00e3o de provas<\/span><\/em><\/strong><em> pelos <\/em><strong><em>interessados ou terceiros<\/em><\/strong><em>, <strong>ser\u00e3o <span class=\"has-inline-color has-vivid-cyan-blue-color\">expedidas intima\u00e7\u00f5es<\/span><\/strong> para esse fim, mencionando-se data, prazo, forma e condi\u00e7\u00f5es de atendimento.<\/em><\/p>\n\n\n\n<p>Assim, em caso de n\u00e3o atendimento da solicita\u00e7\u00e3o de dados e documentos necess\u00e1rios para aprecia\u00e7\u00e3o do pedido por parte do interessado, o processo ser\u00e1 arquivo.<\/p>\n\n\n\n<p><em>Art. 40. <\/em><strong><em>Quando <span class=\"has-inline-color has-vivid-cyan-blue-color\">dados<\/span><\/em><\/strong><em>, atua\u00e7\u00f5es ou documentos <\/em><strong><em><span class=\"has-inline-color has-vivid-cyan-blue-color\">solicitados<\/span> ao interessado<\/em><\/strong><em> forem <span class=\"has-inline-color has-vivid-cyan-blue-color\"><strong>necess\u00e1rios<\/strong> <\/span>\u00e0 <strong>aprecia\u00e7\u00e3o de pedido formulado<\/strong>, o <\/em><strong><em>n\u00e3o atendimento<\/em><\/strong><em> no prazo fixado pela Administra\u00e7\u00e3o para a respectiva apresenta\u00e7\u00e3o <strong>implicar\u00e1 <\/strong><\/em><strong><em><span class=\"has-inline-color has-vivid-red-color\">arquivamento <\/span>do processo.<\/em><\/strong><\/p>\n\n\n\n<h3 class=\"wp-block-heading\" id=\"h-prazos-na-instrucao\">Prazos na instru\u00e7\u00e3o<\/h3>\n\n\n\n<p>Vimos que interessados ou terceiros poder\u00e3o ser intimados para presta\u00e7\u00e3o informa\u00e7\u00f5es, no caso de produ\u00e7\u00e3o de prova ou dilig\u00eancia o interessado ser\u00e1 intimado em no m\u00ednimo 3 dias \u00fateis, conforme o artigo 41 da Lei-9784\/99.<\/p>\n\n\n\n<p><em>Art. 41. Os <\/em><strong><em><span class=\"has-inline-color has-vivid-cyan-blue-color\">interessados ser\u00e3o intimados<\/span><\/em><\/strong><em> <strong>de prova ou dilig\u00eancia ordenada<\/strong>, com <strong>anteced\u00eancia<\/strong> <\/em><strong><em>m\u00ednima<\/em><\/strong><em> de <strong><span class=\"has-inline-color has-vivid-red-color\">3 dias \u00fateis<\/span><\/strong>, mencionando-se data, hora e local de realiza\u00e7\u00e3o.<\/em><\/p>\n\n\n\n<p>Importante frisar que o \u00f3rg\u00e3o poder\u00e1 suprir de of\u00edcio uma poss\u00edvel omiss\u00e3o.<\/p>\n\n\n\n<p><em>Art. 39, Par\u00e1grafo \u00fanico. <\/em><strong><em>N\u00e3o sendo atendida a intima\u00e7\u00e3o<\/em><\/strong><em>, <strong><span class=\"has-inline-color has-vivid-green-cyan-color\">poder\u00e1 o \u00f3rg\u00e3o<\/span> competente<\/strong>, <u>se entender relevante a mat\u00e9ria<\/u>, <\/em><strong><em><span class=\"has-inline-color has-vivid-green-cyan-color\">suprir de of\u00edcio <\/span>a omiss\u00e3o<\/em><\/strong><em>, n\u00e3o se eximindo de proferir a decis\u00e3o.<\/em><\/p>\n\n\n\n<p>E se houver a necessidade de ouvir um \u00f3rg\u00e3o consultivo, o parecer ser\u00e1 emitido em at\u00e9 15 dias.<\/p>\n\n\n\n<p><em>Art. 42. <strong>Quando <\/strong>deva ser <\/em><strong><em>obrigatoriamente<span class=\"has-inline-color has-vivid-cyan-blue-color\"> ouvido um \u00f3rg\u00e3o consultivo<\/span><\/em><\/strong><em>, o <strong>parecer <\/strong>dever\u00e1 ser <strong>emitido no prazo m\u00e1ximo de <span class=\"has-inline-color has-vivid-red-color\">15 dias<\/span><\/strong>, <u>salvo norma especial ou comprovada necessidade de maior prazo<\/u>.<\/em><\/p>\n\n\n\n<p>Atente-se a diferencia\u00e7\u00e3o no caso do parecer obrigat\u00f3rio vinculante e n\u00e3o vinculante, pois este n\u00e3o impede o prosseguimento do processo, ao contr\u00e1rio daquele.<\/p>\n\n\n\n<p><em>\u00a7 1<u><sup>o<\/sup><\/u>&nbsp;Se um <\/em><strong><em><span class=\"has-inline-color has-vivid-green-cyan-color\">parecer obrigat\u00f3rio e vinculante deixar de ser emitido<\/span><\/em><\/strong><em> no prazo fixado, o <strong>processo n\u00e3o ter\u00e1 seguimento at\u00e9 a respectiva apresenta\u00e7\u00e3o<\/strong>, <span style=\"text-decoration: underline\">responsabilizando-se quem der causa ao atraso<\/span>.<\/em><\/p>\n\n\n\n<p><em>\u00a7 2<u><sup>o<\/sup><\/u>&nbsp;Se um <\/em><strong><em><span class=\"has-inline-color has-vivid-green-cyan-color\">parecer obrigat\u00f3rio e <\/span><span class=\"has-inline-color has-vivid-red-color\">n\u00e3o <\/span><span class=\"has-inline-color has-vivid-green-cyan-color\">vinculante deixar de ser emitido<\/span><\/em><\/strong><em> no prazo fixado, o <strong>processo poder\u00e1 ter prosseguimento<\/strong> e ser decidido com sua dispensa, <span style=\"text-decoration: underline\">sem preju\u00edzo da responsabilidade de quem se omitiu no atendimento<\/span>.<\/em><\/p>\n\n\n\n<p>E por fim, cabe ainda ao interessado direito de manifesta\u00e7\u00e3o ao final da instru\u00e7\u00e3o no prazo de 10 dias.<\/p>\n\n\n\n<p><em>Art. 44. <\/em><strong><em><span class=\"has-inline-color has-vivid-cyan-blue-color\">Encerrada a instru\u00e7\u00e3o<\/span><\/em><\/strong><em>, o <strong>interessado ter\u00e1 o direito de manifestar<\/strong>-se no <strong>prazo m\u00e1ximo<\/strong> de <strong><span class=\"has-inline-color has-vivid-red-color\">10 dias<\/span>,<\/strong> <u>salvo se outro prazo for legalmente fixado<\/u>.<\/em><\/p>\n\n\n\n<h2 class=\"wp-block-heading\" id=\"h-do-dever-de-decidir\">Do dever de decidir<\/h2>\n\n\n\n<p>A administra\u00e7\u00e3o tem o dever de emitir uma decis\u00e3o explicitamente, seja ela para decidir o m\u00e9rito, seja para simplesmente arquivar o processo. De qualquer forma, terminada a instru\u00e7\u00e3o, a administra\u00e7\u00e3o ter\u00e1 30 dias para decidir, salvo prorroga\u00e7\u00e3o expressamente motivada.<\/p>\n\n\n\n<p><em>Art. 48. A <\/em><strong><span class=\"has-inline-color has-vivid-cyan-blue-color\"><em>Administra\u00e7\u00e3o<\/em><\/span><\/strong><em><span class=\"has-inline-color has-vivid-cyan-blue-color\"> <\/span>tem o <\/em><strong><span class=\"has-inline-color has-vivid-cyan-blue-color\"><em>dever<\/em><\/span><\/strong><em><span class=\"has-inline-color has-vivid-cyan-blue-color\"> <\/span>de explicitamente <\/em><strong><span class=\"has-inline-color has-vivid-cyan-blue-color\"><em>emitir decis\u00e3o<\/em><\/span><\/strong><em><span class=\"has-inline-color has-vivid-cyan-blue-color\"> <\/span>nos <span class=\"has-inline-color has-vivid-green-cyan-color\"><strong>processos administrativos<\/strong><\/span> e sobre <span class=\"has-inline-color has-vivid-green-cyan-color\"><strong>solicita\u00e7\u00f5es <\/strong><\/span>ou <span class=\"has-inline-color has-vivid-green-cyan-color\"><strong>reclama\u00e7\u00f5es<\/strong><\/span>, em <strong>mat\u00e9ria de sua compet\u00eancia<\/strong>.<\/em><\/p>\n\n\n\n<p><em>Art. 49. <u>Conclu\u00edda a instru\u00e7\u00e3o<\/u> de processo administrativo, a <\/em><strong><span class=\"has-inline-color has-vivid-cyan-blue-color\"><em>Administra\u00e7\u00e3o<\/em><\/span><\/strong><em><span class=\"has-inline-color has-vivid-cyan-blue-color\"> <\/span>tem o prazo de <strong>at\u00e9<span class=\"has-inline-color has-vivid-red-color\"> 30 dias<\/span> para <\/strong><\/em><strong><em><span class=\"has-inline-color has-vivid-cyan-blue-color\">decidir<\/span><\/em><\/strong><em><u>, <\/u><\/em><strong><em><span class=\"has-inline-color has-vivid-red-color\"><u>salvo<\/u><\/span><\/em><\/strong><em><u><span class=\"has-inline-color has-vivid-red-color\"> <\/span>prorroga\u00e7\u00e3o por igual per\u00edodo expressamente motivada<\/u>.<\/em><\/p>\n\n\n\n<h2 class=\"wp-block-heading\" id=\"h-da-motivacao\">Da motiva\u00e7\u00e3o<\/h2>\n\n\n\n<p>A Lei 9784\/99 elencou os atos que devem ser motivados explicitamente, ou seja, aqueles que devem ser demonstrados os fatos e fundamentos jur\u00eddicos. Podemos dizer de forma \u201cgeral\u201d que sempre que ocorra um fato \u201cimportante\u201d no processo ele ser\u00e1 motivado. Vejamos.<\/p>\n\n\n\n<p><em>Art. 50. Os <\/em><strong><em><span class=\"has-inline-color has-vivid-cyan-blue-color\">atos <\/span>administrativos<\/em><\/strong><em> <\/em><strong><span class=\"has-inline-color has-vivid-red-color\"><em>dever\u00e3o<\/em><\/span><\/strong><em><span class=\"has-inline-color has-vivid-red-color\"> <\/span>ser <\/em><strong><em><span class=\"has-inline-color has-vivid-cyan-blue-color\">motivados<\/span><\/em><\/strong><em>, com indica\u00e7\u00e3o dos fatos e dos fundamentos jur\u00eddicos, <strong>quando<\/strong>:<\/em><\/p>\n\n\n\n<p><em>I &#8211; <\/em><span class=\"has-inline-color has-vivid-green-cyan-color\"><em><strong>neguem<\/strong><\/em><\/span><em><span class=\"has-inline-color has-vivid-green-cyan-color\"><strong>, <\/strong><\/span><\/em><span class=\"has-inline-color has-vivid-green-cyan-color\"><em><strong>limitem<\/strong><\/em><\/span><em> ou <span class=\"has-inline-color has-vivid-green-cyan-color\"><strong>afetem <\/strong><\/span><\/em><strong><em>direitos<\/em><\/strong><em> ou interesses;<\/em><\/p>\n\n\n\n<p><em>II &#8211; <\/em><strong><span class=\"has-inline-color has-vivid-green-cyan-color\"><em>imponham<\/em><\/span><\/strong><em><span class=\"has-inline-color has-vivid-green-cyan-color\"> <\/span>ou agravem <\/em><strong><em>deveres<\/em><\/strong><em>, <strong>encargos <\/strong>ou <strong>san\u00e7\u00f5es<\/strong>;<\/em><\/p>\n\n\n\n<p><em>III &#8211; <\/em><strong><span class=\"has-inline-color has-vivid-green-cyan-color\"><em>decidam<\/em><\/span><\/strong><em><span class=\"has-inline-color has-vivid-green-cyan-color\"> <\/span>processos administrativos de <\/em><strong><em>concurso<\/em><\/strong><em> ou <\/em><strong><em>sele\u00e7\u00e3o p\u00fablica<\/em><\/strong><em>;<\/em><\/p>\n\n\n\n<p><em>IV &#8211; <\/em><strong><span class=\"has-inline-color has-vivid-green-cyan-color\"><em>dispensem<\/em><\/span><\/strong><em><span class=\"has-inline-color has-vivid-green-cyan-color\"> <\/span>ou declarem a inexigibilidade de <\/em><strong><em>processo licitat\u00f3rio<\/em><\/strong><em>;<\/em><\/p>\n\n\n\n<p><em>V &#8211; <\/em><strong><em><span class=\"has-inline-color has-vivid-green-cyan-color\">decidam <\/span>recursos administrativos<\/em><\/strong><em>;<\/em><\/p>\n\n\n\n<p><em>VI &#8211; decorram de <\/em><strong><em><span class=\"has-inline-color has-vivid-green-cyan-color\">reexame de of\u00edcio<\/span><\/em><\/strong><em>;<\/em><\/p>\n\n\n\n<p><em>VII &#8211; <\/em><strong><em><span class=\"has-inline-color has-vivid-green-cyan-color\">deixem de aplicar jurisprud\u00eancia<\/span><\/em><\/strong><em> firmada sobre a quest\u00e3o ou <\/em><strong><em><span class=\"has-inline-color has-vivid-green-cyan-color\">discrepem de parecere<\/span>s<\/em><\/strong><em>, laudos, propostas e relat\u00f3rios oficiais;<\/em><\/p>\n\n\n\n<p><em>VIII &#8211; importem <\/em><strong><em><span class=\"has-inline-color has-vivid-green-cyan-color\">anula\u00e7\u00e3o<\/span><\/em><\/strong><em>, <\/em><strong><em><span class=\"has-inline-color has-vivid-green-cyan-color\">revoga\u00e7\u00e3o<\/span><\/em><\/strong><em>, <\/em><strong><span class=\"has-inline-color has-vivid-green-cyan-color\"><em>suspens\u00e3o<\/em><\/span><\/strong><em><span class=\"has-inline-color has-vivid-green-cyan-color\"> <\/span>ou <\/em><strong><span class=\"has-inline-color has-vivid-green-cyan-color\"><em>convalida\u00e7\u00e3o<\/em><\/span><\/strong><em><span class=\"has-inline-color has-vivid-green-cyan-color\"> <\/span>de <\/em><strong><em>ato administrativo<\/em><\/strong><em>.<\/em><\/p>\n\n\n\n<p>Por\u00e9m, a motiva\u00e7\u00e3o poder\u00e1 ser uma mera concord\u00e2ncia com fundamento j\u00e1 anteriormente expostos (ex: pareces, decis\u00f5es anteriores e etc.)<\/p>\n\n\n\n<p><em>\u00a7 1<u><sup>o<\/sup><\/u>&nbsp;A <\/em><strong><em>motiva\u00e7\u00e3o deve ser <span class=\"has-inline-color has-vivid-red-color\">expl\u00edcita<\/span><\/em><\/strong><em>, clara e congruente, <strong><span class=\"has-inline-color has-vivid-green-cyan-color\">podendo consistir em declara\u00e7\u00e3o de concord\u00e2ncia<\/span> com fundamentos de anteriores<\/strong> <u>pareceres<\/u>, informa\u00e7\u00f5es, <u>decis\u00f5es ou propostas<\/u>, que, neste caso, ser\u00e3o <strong>parte integrante do ato<\/strong>.<\/em><\/p>\n\n\n\n<h2 class=\"wp-block-heading\" id=\"h-da-desistencia-e-outros-casos-de-extincao-do-processo\">Da desist\u00eancia e outros casos de extin\u00e7\u00e3o do processo<\/h2>\n\n\n\n<p>O interessado poder\u00e1 desistir do pedido formulado, entretanto a administra\u00e7\u00e3o poder\u00e1 continuar com o processo se julgar de interesse p\u00fablico.<\/p>\n\n\n\n<p><em>Art. 51. O <\/em><strong><em><span class=\"has-inline-color has-vivid-cyan-blue-color\">interessado poder\u00e1<\/span><\/em><\/strong><em>, <u>mediante manifesta\u00e7\u00e3o <\/u><\/em><strong><em><u><span class=\"has-inline-color has-vivid-red-color\">escrita<\/span><\/u><\/em><\/strong><em>, <\/em><strong><span class=\"has-inline-color has-vivid-cyan-blue-color\"><em>desistir<\/em><\/span><\/strong><em><span class=\"has-inline-color has-vivid-cyan-blue-color\"> <\/span><u>total ou parcialmente<\/u> do pedido formulado <\/em><strong><em>ou<\/em><\/strong><em>, ainda, <\/em><strong><span class=\"has-inline-color has-vivid-cyan-blue-color\"><em>renunciar<\/em><\/span><\/strong><em><span class=\"has-inline-color has-vivid-cyan-blue-color\"> <\/span><\/em><strong><span class=\"has-inline-color has-vivid-cyan-blue-color\"><em>a direitos<\/em><\/span><\/strong><em> dispon\u00edveis.<\/em><\/p>\n\n\n\n<p><em>\u00a7 2<u><sup>o<\/sup><\/u>&nbsp;A desist\u00eancia ou ren\u00fancia do interessado, conforme o caso, <\/em><strong><em><span class=\"has-inline-color has-vivid-red-color\">n\u00e3o <\/span><span class=\"has-inline-color has-vivid-green-cyan-color\">prejudica o prosseguimento do processo<\/span><\/em><\/strong><em>, <strong>se a Administra\u00e7\u00e3o considerar que o interesse p\u00fablico<\/strong> assim o exige.<\/em><\/p>\n\n\n\n<p>No caso da finalidade ou do objeto da decis\u00e3o se tornar imposs\u00edvel, in\u00fatil ou prejudicado por fato posterior, a autoridade competente poder\u00e1 decretar sua extin\u00e7\u00e3o.<\/p>\n\n\n\n<p><em>Art. 52. O <\/em><strong><em><span class=\"has-inline-color has-vivid-cyan-blue-color\">\u00f3rg\u00e3o competente<\/span><\/em><\/strong><em> poder\u00e1 <\/em><strong><em><span class=\"has-inline-color has-vivid-cyan-blue-color\">declarar <\/span><\/em><span class=\"has-inline-color has-vivid-red-color\"><em>extinto<\/em><\/span><\/strong><em><span class=\"has-inline-color has-vivid-red-color\"> <\/span>o processo quando <strong>exaurida sua <\/strong><\/em><strong><em><span class=\"has-inline-color has-vivid-green-cyan-color\">finalidade <\/span>ou o <span class=\"has-inline-color has-vivid-green-cyan-color\">objeto <\/span>da decis\u00e3o se tornar imposs\u00edvel<\/em><\/strong><em>, <strong>in\u00fatil ou prejudicado<\/strong> <u>por fato superveniente<\/u>.<\/em><\/p>\n\n\n\n<h2 class=\"wp-block-heading\" id=\"h-da-anulacao-revogacao-e-convalidacao\">Da anula\u00e7\u00e3o, revoga\u00e7\u00e3o e convalida\u00e7\u00e3o<\/h2>\n\n\n\n<p>Enquanto a anula\u00e7\u00e3o ocorre nos atos eivados de v\u00edcio de legalidade, a revoga\u00e7\u00e3o ocorre por conveni\u00eancia ou oportunidade em atos l\u00edcitos. Em respeito ao princ\u00edpio da seguran\u00e7a jur\u00eddica, o direito de anula\u00e7\u00e3o decai em 5 anos, salvo comprovado m\u00e1-f\u00e9.<\/p>\n\n\n\n<p><em>Art. 54. O <\/em><strong><span class=\"has-inline-color has-vivid-cyan-blue-color\"><em>direito<\/em><\/span><\/strong><em><span class=\"has-inline-color has-vivid-cyan-blue-color\"> <\/span>da Administra\u00e7\u00e3o de <\/em><strong><em><span class=\"has-inline-color has-vivid-cyan-blue-color\">anular os atos <\/span><\/em><\/strong><em>administrativos de que decorram <strong>efeitos favor\u00e1veis para os destinat\u00e1rios<\/strong> <\/em><strong><span class=\"has-inline-color has-vivid-cyan-blue-color\"><em>decai<\/em><\/span><\/strong><em><span class=\"has-inline-color has-vivid-cyan-blue-color\"> <\/span>em <strong>5 anos<\/strong>, contados da data em que foram praticados, <\/em><strong><em><span class=\"has-inline-color has-vivid-red-color\"><u>salvo<\/u><\/span><\/em><\/strong><em><u><span class=\"has-inline-color has-vivid-red-color\"> <\/span>comprovada <\/u><\/em><strong><em><u><span class=\"has-inline-color has-vivid-red-color\">m\u00e1-f\u00e9<\/span><\/u><\/em><\/strong><em><u>.<\/u><\/em><\/p>\n\n\n\n<p>Os atos com v\u00edcios san\u00e1veis (v\u00edcios de compet\u00eancia ou de forma) poder\u00e3o ser convalidados (corrigidos) a crit\u00e9rio da administra\u00e7\u00e3o. A convalida\u00e7\u00e3o est\u00e1 em conson\u00e2ncia com o princ\u00edpio da economia processual.<\/p>\n\n\n\n<p><em>Art. 55. Em <\/em><strong><span class=\"has-inline-color has-vivid-cyan-blue-color\"><em>decis\u00e3o<\/em><\/span><\/strong><em><span class=\"has-inline-color has-vivid-cyan-blue-color\"> <\/span>na qual se evidencie <\/em><strong><em><span class=\"has-inline-color has-vivid-cyan-blue-color\">n\u00e3o acarretarem les\u00e3o<\/span><\/em><\/strong><em> ao i<u>nteresse p\u00fablico nem preju\u00edzo a terceiro<\/u>s, os atos que apresentarem <strong>defeitos san\u00e1veis <\/strong><\/em><strong><em><span class=\"has-inline-color has-vivid-red-color\">poder\u00e3o <\/span>ser <\/em><span class=\"has-inline-color has-vivid-cyan-blue-color\"><em>convalidados<\/em><\/span><\/strong><em><span class=\"has-inline-color has-vivid-cyan-blue-color\"> <\/span>pela pr\u00f3pria Administra\u00e7\u00e3o.<\/em><\/p>\n\n\n\n<h2 class=\"wp-block-heading\" id=\"h-do-recurso-administrativo-e-da-revisao\">Do recurso administrativo e da revis\u00e3o<\/h2>\n\n\n\n<p>Das decis\u00f5es do processo, obviamente, cabe defesa ao interessado. Na discord\u00e2ncia quanto a legalidade ou ao m\u00e9rito da quest\u00e3o o recurso poder\u00e1 ser dirigido \u00e0 autoridade que proferiu a decis\u00e3o para reconsiderar o ato. Caso a autoridade se negue, o recurso ser\u00e1 encaminhado para \u00e0 autoridade superior.<\/p>\n\n\n\n<p><em>Art. 56. <\/em><strong><em>Das <\/em><span class=\"has-inline-color has-vivid-cyan-blue-color\"><em>decis\u00f5es<\/em><\/span><\/strong><em><span class=\"has-inline-color has-vivid-cyan-blue-color\"> <\/span>administrativas <\/em><strong><em><span class=\"has-inline-color has-vivid-cyan-blue-color\">cabe recurso<\/span><\/em><\/strong><em>, <strong>em face<\/strong> de raz\u00f5es de <\/em><strong><span class=\"has-inline-color has-vivid-green-cyan-color\"><em>legalidade<\/em><\/span><\/strong><em><span class=\"has-inline-color has-vivid-green-cyan-color\"> <\/span>e <\/em><strong><em>de <span class=\"has-inline-color has-vivid-green-cyan-color\">m\u00e9rito<\/span><\/em><\/strong><em>.<\/em><\/p>\n\n\n\n<p><em>\u00a7 1<u><sup>o<\/sup><\/u>&nbsp;O <\/em><strong><span class=\"has-inline-color has-vivid-green-cyan-color\"><em>recurso<\/em><\/span><\/strong><em><span class=\"has-inline-color has-vivid-green-cyan-color\"> <\/span>ser\u00e1 <\/em><strong><span class=\"has-inline-color has-vivid-green-cyan-color\"><em>dirigido<\/em><\/span><\/strong><em><span class=\"has-inline-color has-vivid-green-cyan-color\"> <\/span>\u00e0 autoridade que <\/em><strong><em>proferiu a decis\u00e3o<\/em><\/strong><em>, a qual, <strong>se n\u00e3o a <\/strong><\/em><strong><em><span class=\"has-inline-color has-vivid-red-color\">reconsiderar<\/span><\/em><\/strong><em> no prazo de cinco dias, o <strong><span class=\"has-inline-color has-vivid-purple-color\">encaminhar\u00e1 <\/span>\u00e0 autoridade superior<\/strong>.<\/em><\/p>\n\n\n\n<p>O recurso tramitar\u00e1 em no m\u00e1ximo 3 inst\u00e2ncias:<\/p>\n\n\n\n<ul class=\"wp-block-list\"><li>A 1\u00aa da autoridade que proferiu a decis\u00e3o (reconsidera\u00e7\u00e3o)<\/li><li>A autoridade superior (recurso hier\u00e1rquico)<\/li><li>E de uma nova autoridade superior (novo recurso hier\u00e1rquico).<\/li><\/ul>\n\n\n\n<p><em>Art. 57. O <\/em><strong><span class=\"has-inline-color has-vivid-cyan-blue-color\"><em>recurso<\/em><\/span><\/strong><em><span class=\"has-inline-color has-vivid-cyan-blue-color\"> <\/span>administrativo <\/em><strong><span class=\"has-inline-color has-vivid-cyan-blue-color\"><em>tramitar\u00e1<\/em><\/span><\/strong><em><span class=\"has-inline-color has-vivid-cyan-blue-color\"> <\/span>no <\/em><strong><span class=\"has-inline-color has-vivid-red-color\"><em>m\u00e1ximo<\/em><\/span><\/strong><em><span class=\"has-inline-color has-vivid-red-color\"> <\/span>por <span class=\"has-inline-color has-vivid-red-color\"><strong>3 inst\u00e2ncias<\/strong> <\/span>administrativas, salvo disposi\u00e7\u00e3o legal diversa.<\/em><\/p>\n\n\n\n<p>E \u00e9 claro que recursos \u201cileg\u00edtimos\u201d n\u00e3o ser\u00e3o aceitos.<\/p>\n\n\n\n<p><em>Art. 63. O <\/em><strong><em><span class=\"has-inline-color has-vivid-cyan-blue-color\">recurso n\u00e3o ser\u00e1 conhecido<\/span><\/em><\/strong><em> quando interposto:<\/em><\/p>\n\n\n\n<p><em>I &#8211; <\/em><strong><span class=\"has-inline-color has-black-color\"><em>fora do prazo<\/em><\/span><\/strong><em><span class=\"has-inline-color has-black-color\">;<\/span><\/em><\/p>\n\n\n\n<p><em>II &#8211; <\/em><strong><span class=\"has-inline-color has-vivid-green-cyan-color\"><em>perante<\/em><\/span><\/strong><em><span class=\"has-inline-color has-vivid-green-cyan-color\"> <\/span><\/em><strong><span class=\"has-inline-color has-vivid-green-cyan-color\"><em>\u00f3rg\u00e3o incompetente<\/em><\/span><\/strong><em>;<\/em><\/p>\n\n\n\n<p><em>III &#8211; por <\/em><strong><em>quem n\u00e3o seja legitimado<\/em><\/strong><em>;<\/em><\/p>\n\n\n\n<p><em>IV &#8211; <\/em><strong><em>ap\u00f3s exaurida a esfera administrativa<\/em><\/strong><em>.<\/em><\/p>\n\n\n\n<p>Atente-se que ao interpor recurso \u201ctodo correto\u201d, por\u00e9m perante \u00f3rg\u00e3o incompetente, essa indicar\u00e1 a autoridade correta e o prazo ser\u00e1 reestabelecido.<\/p>\n\n\n\n<p><em>\u00a7 1<u><sup>o<\/sup><\/u>&nbsp;Na<span class=\"has-inline-color has-vivid-green-cyan-color\"> <\/span><\/em><strong><span class=\"has-inline-color has-vivid-green-cyan-color\"><em>hip\u00f3tese do inciso II<\/em><\/span><\/strong><em>, <strong>ser\u00e1 indicada ao recorrente<\/strong> a <strong>autoridade<\/strong> competente, <strong>sendo-lhe devolvido o prazo para recurso<\/strong>.<\/em><\/p>\n\n\n\n<h3 class=\"wp-block-heading\" id=\"h-prazos-no-recurso\">Prazos no recurso<\/h3>\n\n\n\n<p>Em regra, o administrado tem 10 dias para interposi\u00e7\u00e3o do recurso, esse ser\u00e1 decidido em at\u00e9 30 dias, podendo ser prorrogado igual per\u00edodo.<\/p>\n\n\n\n<p><em>Art. 59. <u>Salvo disposi\u00e7\u00e3o legal espec\u00edfica<\/u>, \u00e9 de <strong><span class=\"has-inline-color has-vivid-red-color\">10 dias <\/span><\/strong>o <\/em><strong><span class=\"has-inline-color has-vivid-cyan-blue-color\"><em>prazo<\/em><\/span><\/strong><em><span class=\"has-inline-color has-vivid-cyan-blue-color\"> <\/span>para <\/em><strong><em><span class=\"has-inline-color has-vivid-cyan-blue-color\">interposi\u00e7\u00e3o de recurso<\/span><\/em><\/strong><em> administrativo, contado a partir da ci\u00eancia ou divulga\u00e7\u00e3o oficial da decis\u00e3o recorrida.<\/em><\/p>\n\n\n\n<p><em>\u00a7 1<u><sup>o<\/sup><\/u>&nbsp;Quando a lei n\u00e3o fixar prazo diferente, o recurso administrativo <\/em><strong><span class=\"has-inline-color has-vivid-green-cyan-color\"><em>dever\u00e1 ser decidido<\/em><\/span><\/strong><em><span class=\"has-inline-color has-vivid-green-cyan-color\"> <\/span>no prazo m\u00e1ximo de <span class=\"has-inline-color has-vivid-red-color\"><strong>30 dias<\/strong>,<\/span> a <span style=\"text-decoration: underline\">partir do recebimento dos autos<\/span> pelo \u00f3rg\u00e3o competente.<\/em><\/p>\n\n\n\n<p><em>\u00a7 2<u><sup>o<\/sup><\/u>&nbsp;O prazo mencionado no par\u00e1grafo anterior <\/em><strong><em><span class=\"has-inline-color has-vivid-green-cyan-color\">poder\u00e1 ser prorrogado<\/span> por igual per\u00edodo<\/em><\/strong><em><u>, ante justificativa expl\u00edcita.<\/u><\/em><\/p>\n\n\n\n<h3 class=\"wp-block-heading\" id=\"h-efeitos-do-recurso\">Efeitos do recurso<\/h3>\n\n\n\n<p>O \u00f3rg\u00e3o competente que decidir o recurso poder\u00e1 confirmar, modificar, anular ou revoga a decis\u00e3o, inclusive agravar a san\u00e7\u00e3o anteriormente imposta. Outro ponto importante \u00e9 que recurso n\u00e3o tem efeito suspensivo, por\u00e9m a autoridade poder\u00e1 conced\u00ea-lo, se justific\u00e1vel.<\/p>\n\n\n\n<p><em>Art. 61. <u>Salvo disposi\u00e7\u00e3o legal em contr\u00e1rio<\/u>, o <\/em><strong><em><span class=\"has-inline-color has-vivid-cyan-blue-color\">recurso <\/span><span class=\"has-inline-color has-vivid-red-color\">n\u00e3o <\/span><span class=\"has-inline-color has-vivid-cyan-blue-color\">tem efeito suspensivo<\/span><\/em><\/strong><em>.<\/em><\/p>\n\n\n\n<p><em>Par\u00e1grafo \u00fanico. Havendo <\/em><strong><em>justo receio de preju\u00edzo <\/em><\/strong><em>de dif\u00edcil ou incerta repara\u00e7\u00e3o decorrente da execu\u00e7\u00e3o, a <strong><span class=\"has-inline-color has-vivid-green-cyan-color\">autoridade <\/span><span class=\"has-inline-color has-vivid-purple-color\">recorrida <\/span>ou a <span class=\"has-inline-color has-vivid-purple-color\">imediatamente superior <\/span>poder\u00e1<\/strong>, de <\/em><strong><em>of\u00edcio ou a pedido,<span class=\"has-inline-color has-vivid-green-cyan-color\"> dar efeito suspensivo ao recurso<\/span>.<\/em><\/strong><\/p>\n\n\n\n<p><em>Art. 64. O <\/em><strong><em><span class=\"has-inline-color has-vivid-cyan-blue-color\">\u00f3rg\u00e3o <\/span>competente para decidir o recurso<\/em><\/strong><em> <strong><span class=\"has-inline-color has-vivid-cyan-blue-color\">poder\u00e1 confirmar, modificar, anular ou revogar<\/span><\/strong>, total ou parcialmente, a decis\u00e3o recorrida, se a mat\u00e9ria for de sua compet\u00eancia.<\/em><\/p>\n\n\n\n<p><em>Par\u00e1grafo \u00fanico. Se da aplica\u00e7\u00e3o do disposto neste artigo puder <\/em><strong><span class=\"has-inline-color has-vivid-green-cyan-color\"><em>decorrer<\/em><\/span><\/strong><em><span class=\"has-inline-color has-vivid-green-cyan-color\"> <\/span><\/em><strong><span class=\"has-inline-color has-vivid-green-cyan-color\"><em>gravame \u00e0 situa\u00e7\u00e3o do recorrente<\/em><\/span><\/strong><em>, este dever\u00e1 ser <strong>cientificado<\/strong> para que formule suas <strong>alega\u00e7\u00f5es antes da decis\u00e3o<\/strong>.<\/em><\/p>\n\n\n\n<p>Das decis\u00f5es que resultarem em san\u00e7\u00f5es, poder\u00e3o ser revistas quando surgirem fato novos que mostrem que a decis\u00e3o foi inadequada, ou seja, a revis\u00e3o n\u00e3o agravar\u00e1 a decis\u00e3o.<\/p>\n\n\n\n<p><em>Art. 65. Os <\/em><strong><span class=\"has-inline-color has-vivid-cyan-blue-color\"><em>processos<\/em><\/span><\/strong><em><span class=\"has-inline-color has-vivid-cyan-blue-color\"> <\/span>administrativos de que <\/em><strong><em><span class=\"has-inline-color has-vivid-cyan-blue-color\">resultem san\u00e7\u00f5es poder\u00e3o ser <\/span><span class=\"has-inline-color has-vivid-red-color\">revistos<\/span><\/em><\/strong><em>, <u>a qualquer tempo<\/u>, <strong><span class=\"has-inline-color has-vivid-green-cyan-color\">a pedido<\/span> ou de <span class=\"has-inline-color has-vivid-green-cyan-color\">of\u00edcio<\/span><\/strong>, quando <strong>surgirem fatos novos <\/strong>ou <strong>circunst\u00e2ncias <\/strong>relevantes<strong> suscet\u00edveis de justificar a inadequa\u00e7\u00e3o da san\u00e7\u00e3o aplicada<\/strong>.<\/em><\/p>\n\n\n\n<p><em>Par\u00e1grafo \u00fanico. Da <\/em><strong><span class=\"has-inline-color has-vivid-green-cyan-color\"><em>revis\u00e3o<\/em><\/span><\/strong><em><span class=\"has-inline-color has-vivid-green-cyan-color\"> <\/span>do processo <strong>n\u00e3o poder\u00e1 resultar agravamento da san\u00e7\u00e3o<\/strong>.<\/em><\/p>\n\n\n\n<p><strong><span class=\"has-inline-color has-cyan-bluish-gray-color\">N\u00e3o confunda:<\/span><\/strong><\/p>\n\n\n\n<ul class=\"wp-block-list\"><li><strong><span class=\"has-inline-color has-vivid-purple-color\">Recurso:<\/span><\/strong> Pode agravar a san\u00e7\u00e3o<\/li><li><strong><span class=\"has-inline-color has-vivid-purple-color\">Revis\u00e3o:<\/span><\/strong> N\u00e3o agrava a san\u00e7\u00e3o<\/li><\/ul>\n\n\n\n<h2 class=\"wp-block-heading\" id=\"h-dos-prazos\">Dos prazos<\/h2>\n\n\n\n<p>Os prazos correm de forma processual, ou seja, exclui o dia do come\u00e7o e inclui o do vencimento, caso o prazo de vencimento cair em dia n\u00e3o \u00fatil ser\u00e1 prorrogado para o primeiro dia \u00fatil seguinte, lembre-se os atos j\u00e1 iniciados cujo adiamento prejudique o curso regular do procedimento ou cause danos ao interessado poder\u00e3o ser conclu\u00eddos depois do hor\u00e1rio normal.<\/p>\n\n\n\n<p><em>Art. 66. Os <\/em><strong><span class=\"has-inline-color has-vivid-cyan-blue-color\"><em>prazos<\/em><\/span><\/strong><em><span class=\"has-inline-color has-vivid-cyan-blue-color\"> <\/span><\/em><strong><span class=\"has-inline-color has-vivid-cyan-blue-color\"><em>come\u00e7am a correr<\/em><\/span><\/strong><em><span class=\"has-inline-color has-vivid-cyan-blue-color\"> <\/span>a partir da <strong>data da cientifica\u00e7\u00e3o oficial<\/strong>, <\/em><strong><em><span class=\"has-inline-color has-vivid-green-cyan-color\">excluindo<\/span><\/em><\/strong><em>-se da contagem o <strong>dia do come\u00e7o<\/strong> e <\/em><strong><em><span class=\"has-inline-color has-vivid-green-cyan-color\">incluindo<\/span><\/em><\/strong><em>-se o do <strong>vencimento<\/strong>.<\/em><\/p>\n\n\n\n<p><em>\u00a7 1<u><sup>o<\/sup><\/u>&nbsp;Considera-se <\/em><strong><em><span class=\"has-inline-color has-vivid-green-cyan-color\">prorrogado o prazo<\/span><\/em><\/strong><em> at\u00e9 o <strong>primeiro dia \u00fatil<\/strong> seguinte se o <strong>vencimento cair<\/strong> em <strong>dia em que n\u00e3o houver expediente<\/strong> ou este for <strong>encerrado antes da hora normal<\/strong>.<\/em><\/p>\n\n\n\n<p>Contabiliza-se os prazos em dias de forma cont\u00ednua e os prazos em meses ou anos de data a data (ex: de 31\/10 at\u00e9 30\/11).<\/p>\n\n\n\n<p><em>\u00a7 2<u><sup>o<\/sup><\/u>&nbsp;Os <\/em><strong><span class=\"has-inline-color has-vivid-green-cyan-color\"><em>prazos<\/em><\/span><\/strong><em><span class=\"has-inline-color has-vivid-green-cyan-color\"> <\/span>expressos em <\/em><strong><span class=\"has-inline-color has-vivid-green-cyan-color\"><em>dias<\/em><\/span><\/strong><em><span class=\"has-inline-color has-vivid-green-cyan-color\"> <\/span>contam-se de <strong>modo cont\u00ednuo<\/strong>.<\/em><\/p>\n\n\n\n<p><em>\u00a7 3<u><sup>o<\/sup><\/u>&nbsp;Os <\/em><strong><em><span class=\"has-inline-color has-vivid-green-cyan-color\">prazos <\/span><\/em><\/strong><em>fixados em<\/em><strong><em> <span class=\"has-inline-color has-vivid-green-cyan-color\">meses ou anos<\/span><\/em><\/strong><em> <strong>contam-se de data a data<\/strong>. Se no <\/em><strong><span class=\"has-inline-color has-vivid-purple-color\"><em>m\u00eas do vencimento<\/em><\/span><\/strong><em><span class=\"has-inline-color has-vivid-purple-color\"> <\/span><\/em><strong><span class=\"has-inline-color has-vivid-purple-color\"><em>n\u00e3o houver o dia<\/em><\/span><\/strong><em><span class=\"has-inline-color has-vivid-purple-color\"> <\/span>equivalente \u00e0quele do in\u00edcio do prazo, <strong>tem-se como termo o \u00faltimo dia do<\/strong> <strong>m\u00eas<\/strong>. <\/em><\/p>\n\n\n\n<h2 class=\"wp-block-heading\" id=\"h-das-disposicoes-finais\">Das disposi\u00e7\u00f5es finais<\/h2>\n\n\n\n<p>E por fim, a Lei 9784\/99 traz tr\u00eas \u201ctipos\u201d de interessados que ter\u00e3o prioridade de tramita\u00e7\u00e3o, sendo eles: \u201cidosos\u201d, pessoas com defici\u00eancia e as portadoras de doen\u00e7a \u201cgrave\u201d.<\/p>\n\n\n\n<p><em>Art. 69-A.&nbsp; Ter\u00e3o <\/em><strong><em><span class=\"has-inline-color has-vivid-cyan-blue-color\">prioridade na tramita\u00e7\u00e3o<\/span><\/em><\/strong><em>, em qualquer \u00f3rg\u00e3o ou inst\u00e2ncia, os procedimentos administrativos em que figure como parte ou interessado:&nbsp;&nbsp;&nbsp;&nbsp;&nbsp;&nbsp;&nbsp;<\/em><\/p>\n\n\n\n<p><em>I &#8211; <\/em><strong><span class=\"has-inline-color has-vivid-green-cyan-color\"><em>pessoa<\/em><\/span><\/strong><em><span class=\"has-inline-color has-vivid-green-cyan-color\"> <\/span>com idade <strong>igual ou superior a <span class=\"has-inline-color has-vivid-red-color\">60 anos<\/span><\/strong><\/em><\/p>\n\n\n\n<p><em>II &#8211; pessoa <\/em><strong><em><span class=\"has-inline-color has-vivid-green-cyan-color\">portadora de defici\u00eancia<\/span><\/em><\/strong><em>, f\u00edsica ou mental<\/em><\/p>\n\n\n\n<p><em>IV &#8211; <\/em><strong><span class=\"has-inline-color has-vivid-green-cyan-color\"><em>pessoa<\/em><\/span><\/strong><em><span class=\"has-inline-color has-vivid-green-cyan-color\"> <\/span><\/em><strong><span class=\"has-inline-color has-vivid-green-cyan-color\"><em>portadora<\/em><\/span><\/strong><em> de tuberculose ativa, esclerose m\u00faltipla, neoplasia maligna, hansen\u00edase, paralisia irrevers\u00edvel e incapacitante, cardiopatia grave, doen\u00e7a de Parkinson, espondiloartrose anquilosante, nefropatia grave, hepatopatia grave, estados avan\u00e7ados da doen\u00e7a de Paget (oste\u00edte deformante), contamina\u00e7\u00e3o por radia\u00e7\u00e3o, s\u00edndrome de imunodefici\u00eancia adquirida, ou outra <\/em><strong><em><span class=\"has-inline-color has-vivid-green-cyan-color\">doen\u00e7a grave<\/span><\/em><\/strong><em>, com <span style=\"text-decoration: underline\">base em conclus\u00e3o da medicina especializada<\/span>, <span style=\"text-decoration: underline\">mesmo que a doen\u00e7a tenha sido contra\u00edda ap\u00f3s o in\u00edcio do processo<\/span>.&nbsp;&nbsp;&nbsp;&nbsp;&nbsp;<\/em><\/p>\n\n\n\n<h2 class=\"wp-block-heading\" id=\"h-consideracoes-finais\">Considera\u00e7\u00f5es Finais<\/h2>\n\n\n\n<p>Chegamos ao final do Processo administrativo federal (Lei 9784\/99), espero que tenham gostado.<\/p>\n\n\n\n<p>Fica como sugest\u00e3o a aula de Processo Administrativo Federal do Prof. Th\u00e1llius Moraes, no canal do Youtube do Estrat\u00e9gia.<\/p>\n\n\n\n<p class=\"has-text-align-center\"><a data-type=\"URL\" data-id=\"https:\/\/www.youtube.com\/watch?v=kGsojt6fq0A&amp;ab_channel=Estrat%C3%A9giaConcursos\" href=\"https:\/\/www.youtube.com\/watch?v=kGsojt6fq0A&amp;ab_channel=Estrat%C3%A9giaConcursos\">Lei 9784\/99 &#8211; Prof. Th\u00e1llius Moraes<\/a><\/p>\n\n\n\n<p>Al\u00e9m disso, salientamos que as aulas gratuitas e os textos aqui do blog n\u00e3o dispensam os cursos regulares, uma vez que esses s\u00e3o muito mais aprofundados.<\/p>\n\n\n\n<p class=\"has-text-align-center\"><a href=\"https:\/\/www.estrategiaconcursos.com.br\/pesquisa\/?q=processo+administrativo+federal\" data-type=\"URL\" data-id=\"https:\/\/www.estrategiaconcursos.com.br\/pesquisa\/?q=processo+administrativo+federal\">Cursos &#8211; Lei 9784\/99<\/a><\/p>\n\n\n\n<p>Ficamos por aqui, at\u00e9 mais e bons estudos!<\/p>\n\n\n\n<p class=\"has-text-align-center\"><em><strong>Assinatura Anual Ilimitada*<\/strong><\/em><\/p>\n\n\n\n<p class=\"has-text-align-center\"><em>Prepare-se com o melhor material e com quem mais aprova em Concursos P\u00fablicos em todo o pa\u00eds. Assine agora a nossa Assinatura Anual e tenha acesso ilimitado* a todos os nossos cursos.<\/em><\/p>\n\n\n\n<p class=\"has-text-align-center has-light-green-cyan-background-color has-background\"><strong>ASSINE AGORA<\/strong>&nbsp;\u2013&nbsp;<strong><a rel=\"noreferrer noopener\" href=\"https:\/\/www.estrategiaconcursos.com.br\/assinaturas\" target=\"_blank\">Assinatura Ilimitada<\/a><\/strong><\/p>\n\n\n\n<p class=\"has-text-align-center\"><strong><em><strong>Sistema de Quest\u00f5es<\/strong><\/em><\/strong><\/p>\n\n\n\n<p class=\"has-text-align-center\"><em>Estrat\u00e9gia Quest\u00f5es nasceu maior do que todos os concorrentes, com mais quest\u00f5es cadastradas e mais solu\u00e7\u00f5es por professores. Ent\u00e3o, confira e aproveite os descontos e b\u00f4nus imperd\u00edveis!<\/em><\/p>\n\n\n\n<p class=\"has-text-align-center has-vivid-green-cyan-background-color has-background\"><strong>ASSINE AGORA \u2013&nbsp;<a rel=\"noreferrer noopener\" href=\"https:\/\/www.estrategiaconcursos.com.br\/cursosPorConcurso\/sistema-de-questoes\/#\/\" target=\"_blank\">Sistema de Quest\u00f5es<\/a><\/strong><\/p>\n\n\n\n<p class=\"has-text-align-center\"><strong><em>Fique por dentro dos concursos em aberto<\/em><\/strong><\/p>\n\n\n\n<p class=\"has-text-align-center has-pale-cyan-blue-background-color has-background\"><a rel=\"noreferrer noopener\" href=\"https:\/\/www.estrategiaconcursos.com.br\/blog\/concursos-abertos\/\" target=\"_blank\"><strong>CONCURSOS ABERTOS<\/strong><\/a><\/p>\n\n\n\n<p class=\"has-text-align-center\"><strong><em>As oportunidades previstas<\/em><\/strong><\/p>\n\n\n\n<p class=\"has-text-align-center has-pale-cyan-blue-background-color has-background\"><a rel=\"noreferrer noopener\" href=\"https:\/\/www.estrategiaconcursos.com.br\/blog\/concursos-2020\/\" target=\"_blank\"><strong>CONCURSOS&nbsp;2020<\/strong><\/a><\/p>\n\n\n\n<p class=\"has-text-align-center has-pale-cyan-blue-background-color has-background\"><a rel=\"noreferrer noopener\" href=\"https:\/\/www.estrategiaconcursos.com.br\/blog\/concursos-2021\/\" target=\"_blank\"><strong>CONCURSOS 2021<\/strong><\/a><\/p>\n","protected":false},"excerpt":{"rendered":"<p>Ol\u00e1, pessoal. No artigo de hoje voltaremos a tratar sobre o Processo administrativo federal (Lei 9784\/99), finalizando o tema. Vamos l\u00e1? Da instru\u00e7\u00e3o Iniciemos a an\u00e1lise da Lei 9784\/99 pela instru\u00e7\u00e3o. A fase de instru\u00e7\u00e3o tem como objetivo averiguar os dados para uma posterior tomada de cis\u00e3o, poder\u00e1 ocorrer de of\u00edcio ou de forma provocada, [&hellip;]<\/p>\n","protected":false},"author":1763,"featured_media":576648,"comment_status":"open","ping_status":"closed","sticky":false,"template":"","format":"standard","meta":{"post_tipo":"article","footnotes":""},"categories":[1,214992,1983,214710],"tags":[],"tax_estado":[],"class_list":["post-578147","post","type-post","status-publish","format-standard","has-post-thumbnail","hentry","category-cursos-e-concursos","category-concursos-administrativos","category-fiscal-estadual","category-tribunais-de-contas"],"acf":[],"yoast_head":"<!-- This site is optimized with the Yoast SEO Premium plugin v27.2 (Yoast SEO v27.2) - https:\/\/yoast.com\/product\/yoast-seo-premium-wordpress\/ -->\n<title>Lei 9784\/99 - Processo administrativo federal \u2013 parte 2<\/title>\n<meta name=\"description\" content=\"Veja nesse artigo a parte 2 da Lei do Processo administrativo federal, tratando sobre a fase de instru\u00e7\u00e3o, decis\u00e3o e fase recursal.\" \/>\n<meta name=\"robots\" content=\"index, follow, max-snippet:-1, max-image-preview:large, max-video-preview:-1\" \/>\n<link rel=\"canonical\" href=\"https:\/\/www.estrategiaconcursos.com.br\/blog\/lei-9784-99\/\" \/>\n<meta property=\"og:locale\" content=\"pt_BR\" \/>\n<meta property=\"og:type\" content=\"article\" \/>\n<meta property=\"og:title\" content=\"Lei 9784\/99 - Processo administrativo federal \u2013 parte 2\" \/>\n<meta property=\"og:description\" content=\"Veja nesse artigo a parte 2 da Lei do Processo administrativo federal, tratando sobre a fase de instru\u00e7\u00e3o, decis\u00e3o e fase recursal.\" \/>\n<meta property=\"og:url\" content=\"https:\/\/www.estrategiaconcursos.com.br\/blog\/lei-9784-99\/\" \/>\n<meta property=\"og:site_name\" content=\"Estrat\u00e9gia Concursos\" \/>\n<meta property=\"article:published_time\" content=\"2020-10-08T13:51:11+00:00\" \/>\n<meta property=\"article:modified_time\" content=\"2022-12-30T14:19:32+00:00\" \/>\n<meta property=\"og:image\" content=\"https:\/\/dhg1h5j42swfq.cloudfront.net\/2020\/09\/23132637\/direito-administrativo-300x158-1.jpg\" \/>\n\t<meta property=\"og:image:width\" content=\"300\" \/>\n\t<meta property=\"og:image:height\" content=\"158\" \/>\n\t<meta property=\"og:image:type\" content=\"image\/jpeg\" \/>\n<meta name=\"author\" content=\"Leonardo Menezes Passarin\" \/>\n<meta name=\"twitter:card\" content=\"summary_large_image\" \/>\n<meta name=\"twitter:creator\" content=\"@EstratConcursos\" \/>\n<meta name=\"twitter:site\" content=\"@EstratConcursos\" \/>\n<meta name=\"twitter:label1\" content=\"Escrito por\" \/>\n\t<meta name=\"twitter:data1\" content=\"Leonardo Menezes Passarin\" \/>\n\t<meta name=\"twitter:label2\" content=\"Est. tempo de leitura\" \/>\n\t<meta name=\"twitter:data2\" content=\"13 minutos\" \/>\n<script type=\"application\/ld+json\" class=\"yoast-schema-graph\">{\"@context\":\"https:\/\/schema.org\",\"@graph\":[{\"@type\":\"NewsArticle\",\"@id\":\"https:\/\/www.estrategiaconcursos.com.br\/blog\/lei-9784-99\/#article\",\"isPartOf\":{\"@id\":\"https:\/\/www.estrategiaconcursos.com.br\/blog\/lei-9784-99\/\"},\"author\":{\"name\":\"Leonardo Menezes Passarin\",\"@id\":\"https:\/\/www.estrategiaconcursos.com.br\/blog\/#\/schema\/person\/245b44e43eb13f0dbd04a7a078cd0d0d\"},\"headline\":\"Lei 9784\/99 &#8211; Processo administrativo federal \u2013 parte 2\",\"datePublished\":\"2020-10-08T13:51:11+00:00\",\"dateModified\":\"2022-12-30T14:19:32+00:00\",\"mainEntityOfPage\":{\"@id\":\"https:\/\/www.estrategiaconcursos.com.br\/blog\/lei-9784-99\/\"},\"wordCount\":2626,\"commentCount\":0,\"publisher\":{\"@id\":\"https:\/\/www.estrategiaconcursos.com.br\/blog\/#organization\"},\"image\":{\"@id\":\"https:\/\/www.estrategiaconcursos.com.br\/blog\/lei-9784-99\/#primaryimage\"},\"thumbnailUrl\":\"https:\/\/dhg1h5j42swfq.cloudfront.net\/2020\/09\/23132637\/direito-administrativo-300x158-1.jpg\",\"articleSection\":[\"Concursos P\u00fablicos\",\"Executivo (Administrativa)\",\"Fiscal - Estadual (ICMS)\",\"Tribunais de Contas (TCU, TCE, TCM)\"],\"inLanguage\":\"pt-BR\",\"potentialAction\":[{\"@type\":\"CommentAction\",\"name\":\"Comment\",\"target\":[\"https:\/\/www.estrategiaconcursos.com.br\/blog\/lei-9784-99\/#respond\"]}],\"copyrightYear\":\"2020\",\"copyrightHolder\":{\"@id\":\"https:\/\/www.estrategiaconcursos.com.br\/blog\/#organization\"}},{\"@type\":\"WebPage\",\"@id\":\"https:\/\/www.estrategiaconcursos.com.br\/blog\/lei-9784-99\/\",\"url\":\"https:\/\/www.estrategiaconcursos.com.br\/blog\/lei-9784-99\/\",\"name\":\"Lei 9784\/99 - Processo administrativo federal \u2013 parte 2\",\"isPartOf\":{\"@id\":\"https:\/\/www.estrategiaconcursos.com.br\/blog\/#website\"},\"primaryImageOfPage\":{\"@id\":\"https:\/\/www.estrategiaconcursos.com.br\/blog\/lei-9784-99\/#primaryimage\"},\"image\":{\"@id\":\"https:\/\/www.estrategiaconcursos.com.br\/blog\/lei-9784-99\/#primaryimage\"},\"thumbnailUrl\":\"https:\/\/dhg1h5j42swfq.cloudfront.net\/2020\/09\/23132637\/direito-administrativo-300x158-1.jpg\",\"datePublished\":\"2020-10-08T13:51:11+00:00\",\"dateModified\":\"2022-12-30T14:19:32+00:00\",\"description\":\"Veja nesse artigo a parte 2 da Lei do Processo administrativo federal, tratando sobre a fase de instru\u00e7\u00e3o, decis\u00e3o e fase recursal.\",\"breadcrumb\":{\"@id\":\"https:\/\/www.estrategiaconcursos.com.br\/blog\/lei-9784-99\/#breadcrumb\"},\"inLanguage\":\"pt-BR\",\"potentialAction\":[{\"@type\":\"ReadAction\",\"target\":[\"https:\/\/www.estrategiaconcursos.com.br\/blog\/lei-9784-99\/\"]}]},{\"@type\":\"ImageObject\",\"inLanguage\":\"pt-BR\",\"@id\":\"https:\/\/www.estrategiaconcursos.com.br\/blog\/lei-9784-99\/#primaryimage\",\"url\":\"https:\/\/dhg1h5j42swfq.cloudfront.net\/2020\/09\/23132637\/direito-administrativo-300x158-1.jpg\",\"contentUrl\":\"https:\/\/dhg1h5j42swfq.cloudfront.net\/2020\/09\/23132637\/direito-administrativo-300x158-1.jpg\",\"width\":300,\"height\":158},{\"@type\":\"BreadcrumbList\",\"@id\":\"https:\/\/www.estrategiaconcursos.com.br\/blog\/lei-9784-99\/#breadcrumb\",\"itemListElement\":[{\"@type\":\"ListItem\",\"position\":1,\"name\":\"In\u00edcio\",\"item\":\"https:\/\/www.estrategiaconcursos.com.br\/blog\/\"},{\"@type\":\"ListItem\",\"position\":2,\"name\":\"Lei 9784\/99 &#8211; Processo administrativo federal \u2013 parte 2\"}]},{\"@type\":\"WebSite\",\"@id\":\"https:\/\/www.estrategiaconcursos.com.br\/blog\/#website\",\"url\":\"https:\/\/www.estrategiaconcursos.com.br\/blog\/\",\"name\":\"Estrat\u00e9gia Concursos\",\"description\":\"O blog da Estrat\u00e9gia Concursos traz not\u00edcias sobre concursos e artigos de professores oferecendo cursos para concursos (pdf + videaulas) no site.\",\"publisher\":{\"@id\":\"https:\/\/www.estrategiaconcursos.com.br\/blog\/#organization\"},\"potentialAction\":[{\"@type\":\"SearchAction\",\"target\":{\"@type\":\"EntryPoint\",\"urlTemplate\":\"https:\/\/www.estrategiaconcursos.com.br\/blog\/?s={search_term_string}\"},\"query-input\":{\"@type\":\"PropertyValueSpecification\",\"valueRequired\":true,\"valueName\":\"search_term_string\"}}],\"inLanguage\":\"pt-BR\"},{\"@type\":\"Organization\",\"@id\":\"https:\/\/www.estrategiaconcursos.com.br\/blog\/#organization\",\"name\":\"Estrat\u00e9gia Concursos\",\"url\":\"https:\/\/www.estrategiaconcursos.com.br\/blog\/\",\"logo\":{\"@type\":\"ImageObject\",\"inLanguage\":\"pt-BR\",\"@id\":\"https:\/\/www.estrategiaconcursos.com.br\/blog\/#\/schema\/logo\/image\/\",\"url\":\"https:\/\/dhg1h5j42swfq.cloudfront.net\/2025\/06\/03203428\/logo_concursos-1.jpg\",\"contentUrl\":\"https:\/\/dhg1h5j42swfq.cloudfront.net\/2025\/06\/03203428\/logo_concursos-1.jpg\",\"width\":230,\"height\":60,\"caption\":\"Estrat\u00e9gia Concursos\"},\"image\":{\"@id\":\"https:\/\/www.estrategiaconcursos.com.br\/blog\/#\/schema\/logo\/image\/\"},\"sameAs\":[\"https:\/\/x.com\/EstratConcursos\"]},{\"@type\":\"Person\",\"@id\":\"https:\/\/www.estrategiaconcursos.com.br\/blog\/#\/schema\/person\/245b44e43eb13f0dbd04a7a078cd0d0d\",\"name\":\"Leonardo Menezes Passarin\",\"image\":{\"@type\":\"ImageObject\",\"inLanguage\":\"pt-BR\",\"@id\":\"https:\/\/secure.gravatar.com\/avatar\/fc0e5714ceaa97f24e6e6a30eab74ba8a701c2b62f8cab100ffdb22c6d8f42c3?s=96&d=mm&r=g\",\"url\":\"https:\/\/secure.gravatar.com\/avatar\/fc0e5714ceaa97f24e6e6a30eab74ba8a701c2b62f8cab100ffdb22c6d8f42c3?s=96&d=mm&r=g\",\"contentUrl\":\"https:\/\/secure.gravatar.com\/avatar\/fc0e5714ceaa97f24e6e6a30eab74ba8a701c2b62f8cab100ffdb22c6d8f42c3?s=96&d=mm&r=g\",\"caption\":\"Leonardo Menezes Passarin\"},\"url\":\"https:\/\/www.estrategiaconcursos.com.br\/blog\/author\/passarin-leonardohotmail-com\/\"}]}<\/script>\n<!-- \/ Yoast SEO Premium plugin. -->","yoast_head_json":{"title":"Lei 9784\/99 - Processo administrativo federal \u2013 parte 2","description":"Veja nesse artigo a parte 2 da Lei do Processo administrativo federal, tratando sobre a fase de instru\u00e7\u00e3o, decis\u00e3o e fase recursal.","robots":{"index":"index","follow":"follow","max-snippet":"max-snippet:-1","max-image-preview":"max-image-preview:large","max-video-preview":"max-video-preview:-1"},"canonical":"https:\/\/www.estrategiaconcursos.com.br\/blog\/lei-9784-99\/","og_locale":"pt_BR","og_type":"article","og_title":"Lei 9784\/99 - Processo administrativo federal \u2013 parte 2","og_description":"Veja nesse artigo a parte 2 da Lei do Processo administrativo federal, tratando sobre a fase de instru\u00e7\u00e3o, decis\u00e3o e fase recursal.","og_url":"https:\/\/www.estrategiaconcursos.com.br\/blog\/lei-9784-99\/","og_site_name":"Estrat\u00e9gia Concursos","article_published_time":"2020-10-08T13:51:11+00:00","article_modified_time":"2022-12-30T14:19:32+00:00","og_image":[{"width":300,"height":158,"url":"https:\/\/dhg1h5j42swfq.cloudfront.net\/2020\/09\/23132637\/direito-administrativo-300x158-1.jpg","type":"image\/jpeg"}],"author":"Leonardo Menezes Passarin","twitter_card":"summary_large_image","twitter_creator":"@EstratConcursos","twitter_site":"@EstratConcursos","twitter_misc":{"Escrito por":"Leonardo Menezes Passarin","Est. tempo de leitura":"13 minutos"},"schema":{"@context":"https:\/\/schema.org","@graph":[{"@type":"NewsArticle","@id":"https:\/\/www.estrategiaconcursos.com.br\/blog\/lei-9784-99\/#article","isPartOf":{"@id":"https:\/\/www.estrategiaconcursos.com.br\/blog\/lei-9784-99\/"},"author":{"name":"Leonardo Menezes Passarin","@id":"https:\/\/www.estrategiaconcursos.com.br\/blog\/#\/schema\/person\/245b44e43eb13f0dbd04a7a078cd0d0d"},"headline":"Lei 9784\/99 &#8211; Processo administrativo federal \u2013 parte 2","datePublished":"2020-10-08T13:51:11+00:00","dateModified":"2022-12-30T14:19:32+00:00","mainEntityOfPage":{"@id":"https:\/\/www.estrategiaconcursos.com.br\/blog\/lei-9784-99\/"},"wordCount":2626,"commentCount":0,"publisher":{"@id":"https:\/\/www.estrategiaconcursos.com.br\/blog\/#organization"},"image":{"@id":"https:\/\/www.estrategiaconcursos.com.br\/blog\/lei-9784-99\/#primaryimage"},"thumbnailUrl":"https:\/\/dhg1h5j42swfq.cloudfront.net\/2020\/09\/23132637\/direito-administrativo-300x158-1.jpg","articleSection":["Concursos P\u00fablicos","Executivo (Administrativa)","Fiscal - Estadual (ICMS)","Tribunais de Contas (TCU, TCE, TCM)"],"inLanguage":"pt-BR","potentialAction":[{"@type":"CommentAction","name":"Comment","target":["https:\/\/www.estrategiaconcursos.com.br\/blog\/lei-9784-99\/#respond"]}],"copyrightYear":"2020","copyrightHolder":{"@id":"https:\/\/www.estrategiaconcursos.com.br\/blog\/#organization"}},{"@type":"WebPage","@id":"https:\/\/www.estrategiaconcursos.com.br\/blog\/lei-9784-99\/","url":"https:\/\/www.estrategiaconcursos.com.br\/blog\/lei-9784-99\/","name":"Lei 9784\/99 - Processo administrativo federal \u2013 parte 2","isPartOf":{"@id":"https:\/\/www.estrategiaconcursos.com.br\/blog\/#website"},"primaryImageOfPage":{"@id":"https:\/\/www.estrategiaconcursos.com.br\/blog\/lei-9784-99\/#primaryimage"},"image":{"@id":"https:\/\/www.estrategiaconcursos.com.br\/blog\/lei-9784-99\/#primaryimage"},"thumbnailUrl":"https:\/\/dhg1h5j42swfq.cloudfront.net\/2020\/09\/23132637\/direito-administrativo-300x158-1.jpg","datePublished":"2020-10-08T13:51:11+00:00","dateModified":"2022-12-30T14:19:32+00:00","description":"Veja nesse artigo a parte 2 da Lei do Processo administrativo federal, tratando sobre a fase de instru\u00e7\u00e3o, decis\u00e3o e fase recursal.","breadcrumb":{"@id":"https:\/\/www.estrategiaconcursos.com.br\/blog\/lei-9784-99\/#breadcrumb"},"inLanguage":"pt-BR","potentialAction":[{"@type":"ReadAction","target":["https:\/\/www.estrategiaconcursos.com.br\/blog\/lei-9784-99\/"]}]},{"@type":"ImageObject","inLanguage":"pt-BR","@id":"https:\/\/www.estrategiaconcursos.com.br\/blog\/lei-9784-99\/#primaryimage","url":"https:\/\/dhg1h5j42swfq.cloudfront.net\/2020\/09\/23132637\/direito-administrativo-300x158-1.jpg","contentUrl":"https:\/\/dhg1h5j42swfq.cloudfront.net\/2020\/09\/23132637\/direito-administrativo-300x158-1.jpg","width":300,"height":158},{"@type":"BreadcrumbList","@id":"https:\/\/www.estrategiaconcursos.com.br\/blog\/lei-9784-99\/#breadcrumb","itemListElement":[{"@type":"ListItem","position":1,"name":"In\u00edcio","item":"https:\/\/www.estrategiaconcursos.com.br\/blog\/"},{"@type":"ListItem","position":2,"name":"Lei 9784\/99 &#8211; Processo administrativo federal \u2013 parte 2"}]},{"@type":"WebSite","@id":"https:\/\/www.estrategiaconcursos.com.br\/blog\/#website","url":"https:\/\/www.estrategiaconcursos.com.br\/blog\/","name":"Estrat\u00e9gia Concursos","description":"O blog da Estrat\u00e9gia Concursos traz not\u00edcias sobre concursos e artigos de professores oferecendo cursos para concursos (pdf + videaulas) no site.","publisher":{"@id":"https:\/\/www.estrategiaconcursos.com.br\/blog\/#organization"},"potentialAction":[{"@type":"SearchAction","target":{"@type":"EntryPoint","urlTemplate":"https:\/\/www.estrategiaconcursos.com.br\/blog\/?s={search_term_string}"},"query-input":{"@type":"PropertyValueSpecification","valueRequired":true,"valueName":"search_term_string"}}],"inLanguage":"pt-BR"},{"@type":"Organization","@id":"https:\/\/www.estrategiaconcursos.com.br\/blog\/#organization","name":"Estrat\u00e9gia Concursos","url":"https:\/\/www.estrategiaconcursos.com.br\/blog\/","logo":{"@type":"ImageObject","inLanguage":"pt-BR","@id":"https:\/\/www.estrategiaconcursos.com.br\/blog\/#\/schema\/logo\/image\/","url":"https:\/\/dhg1h5j42swfq.cloudfront.net\/2025\/06\/03203428\/logo_concursos-1.jpg","contentUrl":"https:\/\/dhg1h5j42swfq.cloudfront.net\/2025\/06\/03203428\/logo_concursos-1.jpg","width":230,"height":60,"caption":"Estrat\u00e9gia Concursos"},"image":{"@id":"https:\/\/www.estrategiaconcursos.com.br\/blog\/#\/schema\/logo\/image\/"},"sameAs":["https:\/\/x.com\/EstratConcursos"]},{"@type":"Person","@id":"https:\/\/www.estrategiaconcursos.com.br\/blog\/#\/schema\/person\/245b44e43eb13f0dbd04a7a078cd0d0d","name":"Leonardo Menezes Passarin","image":{"@type":"ImageObject","inLanguage":"pt-BR","@id":"https:\/\/secure.gravatar.com\/avatar\/fc0e5714ceaa97f24e6e6a30eab74ba8a701c2b62f8cab100ffdb22c6d8f42c3?s=96&d=mm&r=g","url":"https:\/\/secure.gravatar.com\/avatar\/fc0e5714ceaa97f24e6e6a30eab74ba8a701c2b62f8cab100ffdb22c6d8f42c3?s=96&d=mm&r=g","contentUrl":"https:\/\/secure.gravatar.com\/avatar\/fc0e5714ceaa97f24e6e6a30eab74ba8a701c2b62f8cab100ffdb22c6d8f42c3?s=96&d=mm&r=g","caption":"Leonardo Menezes Passarin"},"url":"https:\/\/www.estrategiaconcursos.com.br\/blog\/author\/passarin-leonardohotmail-com\/"}]}},"_links":{"self":[{"href":"https:\/\/www.estrategiaconcursos.com.br\/blog\/wp-json\/wp\/v2\/posts\/578147","targetHints":{"allow":["GET"]}}],"collection":[{"href":"https:\/\/www.estrategiaconcursos.com.br\/blog\/wp-json\/wp\/v2\/posts"}],"about":[{"href":"https:\/\/www.estrategiaconcursos.com.br\/blog\/wp-json\/wp\/v2\/types\/post"}],"author":[{"embeddable":true,"href":"https:\/\/www.estrategiaconcursos.com.br\/blog\/wp-json\/wp\/v2\/users\/1763"}],"replies":[{"embeddable":true,"href":"https:\/\/www.estrategiaconcursos.com.br\/blog\/wp-json\/wp\/v2\/comments?post=578147"}],"version-history":[{"count":9,"href":"https:\/\/www.estrategiaconcursos.com.br\/blog\/wp-json\/wp\/v2\/posts\/578147\/revisions"}],"predecessor-version":[{"id":1145044,"href":"https:\/\/www.estrategiaconcursos.com.br\/blog\/wp-json\/wp\/v2\/posts\/578147\/revisions\/1145044"}],"wp:featuredmedia":[{"embeddable":true,"href":"https:\/\/www.estrategiaconcursos.com.br\/blog\/wp-json\/wp\/v2\/media\/576648"}],"wp:attachment":[{"href":"https:\/\/www.estrategiaconcursos.com.br\/blog\/wp-json\/wp\/v2\/media?parent=578147"}],"wp:term":[{"taxonomy":"category","embeddable":true,"href":"https:\/\/www.estrategiaconcursos.com.br\/blog\/wp-json\/wp\/v2\/categories?post=578147"},{"taxonomy":"post_tag","embeddable":true,"href":"https:\/\/www.estrategiaconcursos.com.br\/blog\/wp-json\/wp\/v2\/tags?post=578147"},{"taxonomy":"tax_estado","embeddable":true,"href":"https:\/\/www.estrategiaconcursos.com.br\/blog\/wp-json\/wp\/v2\/tax_estado?post=578147"}],"curies":[{"name":"wp","href":"https:\/\/api.w.org\/{rel}","templated":true}]}}