{"id":577784,"date":"2020-09-25T07:48:14","date_gmt":"2020-09-25T10:48:14","guid":{"rendered":"https:\/\/www.estrategiaconcursos.com.br\/blog\/?p=577784"},"modified":"2023-07-13T10:16:30","modified_gmt":"2023-07-13T13:16:30","slug":"10-dias-para-nova-data-do-concurso-pcdf","status":"publish","type":"post","link":"https:\/\/www.estrategiaconcursos.com.br\/blog\/10-dias-para-nova-data-do-concurso-pcdf\/","title":{"rendered":"TJDFT d\u00e1 10 dias para nova data do Concurso PCDF!"},"content":{"rendered":"\n<p style=\"font-size:clamp(16.293px, 1.018rem + ((1vw - 3.2px) * 0.854), 25px);px\"><em>PCDF e Cebraspe tem 10 dias para definir nova data<\/em><\/p>\n\n\n\n<p>Ap\u00f3s a manuten\u00e7\u00e3o da suspens\u00e3o das provas objetivas do concurso da Pol\u00edcia Civil do DF e do recente pedido de explica\u00e7\u00f5es do Tribunal de Justi\u00e7a do Distrito Federal aos envolvidos, a justi\u00e7a determinou um <strong>prazo de dez dias para que nova data seja definida e um prazo de at\u00e9 90 dias para que as provas sejam aplicadas.<\/strong><\/p>\n\n\n\n<p class=\"has-text-align-center\"><strong>Confira tudo em um super webin\u00e1rio com o professor Hebert Almeida e entenda:<\/strong><\/p>\n\n\n<figure class=\"wp-block-embed-youtube wp-block-embed is-type-video is-provider-youtube wp-embed-aspect-16-9 wp-has-aspect-ratio\"><div class=\"lyte-wrapper\" style=\"width:853px;max-width:100%;margin:5px;\"><div class=\"lyMe\" id=\"WYL_WkIIeAYr13w\"><div id=\"lyte_WkIIeAYr13w\" data-src=\"\/\/i.ytimg.com\/vi\/WkIIeAYr13w\/hqdefault.jpg\" class=\"pL\"><div class=\"tC\"><div class=\"tT\"><\/div><\/div><div class=\"play\"><\/div><div class=\"ctrl\"><div class=\"Lctrl\"><\/div><div class=\"Rctrl\"><\/div><\/div><\/div><noscript><a href=\"https:\/\/youtu.be\/WkIIeAYr13w\" rel=\"nofollow\"><img loading=\"lazy\" decoding=\"async\" src=\"https:\/\/i.ytimg.com\/vi\/WkIIeAYr13w\/0.jpg\" alt=\"YouTube video thumbnail\" width=\"853\" height=\"460\" \/><br \/>Assista a este v\u00eddeo no YouTube<\/a><\/noscript><\/div><\/div><div class=\"lL\" style=\"max-width:100%;width:853px;margin:5px;\"><\/div><figcaption><\/figcaption><\/figure>\n\n\n<p>O juiz da&nbsp;2\u00aa Vara da Fazenda P\u00fablica do DF determinou, em liminar, que a&nbsp;Escola Superior da Pol\u00edcia Civil do Distrito Federal e o&nbsp;Cebraspe&nbsp;definam, no prazo estipulado, a nova data para aplica\u00e7\u00e3o as provas objetivas do certame.<\/p>\n\n\n\n<p>Anteriormente previstas para 17 e 18 de outubro, as provas foram <strong>suspensas no dia 14 de setembro<\/strong>, como forma de preven\u00e7\u00e3o \u00e0 pandemia da Covid-19 no DF e pelo alto n\u00famero de candidatos, de todos os cantos do pa\u00eds, que se deslocariam para o Distrito Federal.<\/p>\n\n\n\n<p><a rel=\"noreferrer noopener\" href=\"https:\/\/www.estrategiaconcursos.com.br\/blog\/justica-mantem-suspensao-do-concurso-pcdf\/\" target=\"_blank\">A a\u00e7\u00e3o civil p\u00fablica impetrada por um dos candidatos<\/a> ao cargo de Agente de Pol\u00edcia, que culminou em um pedido de explica\u00e7\u00f5es por parte do TJDFT  (prazo de 48h) aos envolvidos (Cebraspe, Escola da Pol\u00edcia, Secretaria de Sa\u00fade, CRM e governo) e agora a um prazo definido para que haja uma nova data, solicitava que a prova do cargo, prevista para o dia 18 de outubro, fosse mantida.<\/p>\n\n\n\n<p>Como resposta ao pedido do TJDFT, a diretora da escola da Pol\u00edcia argumentou que, no dia 10 de setembro, foi informada pelo Cebraspe que o n\u00famero de inscritos passava de 60 mil candidatos e que a situa\u00e7\u00e3o&nbsp;em rela\u00e7\u00e3o \u00e0 Covid-19 ainda inspirava cuidados. <\/p>\n\n\n\n<p>J\u00e1 o governo do DF afirmou que&nbsp;a decis\u00e3o administrativa foi tomada com base em informa\u00e7\u00f5es somente conhecidas ap\u00f3s a consolida\u00e7\u00e3o dos dados, n\u00famero de inscritos e situa\u00e7\u00e3o epidemiol\u00f3gica.&nbsp;&nbsp;<\/p>\n\n\n\n<p>De acordo com o magistrado que determinou o prazo, n\u00e3o houve razoabilidade no processo de suspens\u00e3o:<\/p>\n\n\n\n<p class=\"has-background\" style=\"background-color:#cdd0d3\"><em>\u201cO edital jamais deveria ter sido publicado quando a curva epidemiol\u00f3gica estava em n\u00edveis alarmantes e os organizadores dispunham de dados objetivos para prever o n\u00famero de candidatos inscritos.&nbsp;<strong>O v\u00edcio est\u00e1 no motivo, na incoer\u00eancia, no comportamento contradit\u00f3rio e injustific\u00e1vel<\/strong>&nbsp;e, principalmente, na aus\u00eancia de razoabilidade, que leva ao reconhecimento da ilegalidade do ato, o que o torna pass\u00edvel de controle judicial\u201d, explicou.&nbsp;<\/em>&nbsp;<br \/>Fonte: TJDFT<\/p>\n\n\n\n<p>Assim, o julgador determinou que a Diretora da Escola Superior da Pol\u00edcia Civil do Distrito Federal e o&nbsp;Cebraspe definam, no prazo m\u00e1ximo de 10&nbsp;dias, nova data para a realiza\u00e7\u00e3o das provas objetivas e discursivas, <strong>que dever\u00e3o ser realizadas no prazo m\u00e1ximo de 90 dias,<\/strong> a contar desta data.&nbsp;&nbsp;<\/p>\n\n\n\n<h3 class=\"wp-block-heading\" id=\"h-a-suspensao-do-concurso-da-pcdf\">A suspens\u00e3o do concurso da PCDF<\/h3>\n\n\n\n<p>Em 14 de setembro, foi publicada a suspens\u00e3o das duas provas do concurso da PCDF, para Agente e Escriv\u00e3o, previstas para 17 e 18 de outubro de 2020.<\/p>\n\n\n\n<p>Na medida que suspendeu a aplica\u00e7\u00e3o, consta que:&nbsp;<em>&nbsp;\u201c\u00c9 evidente o preju\u00edzo que tal decis\u00e3o administrativa, decorrente de aus\u00eancia de planejamento e estrat\u00e9gia na gest\u00e3o do certamente, causar\u00e1 ao patrim\u00f4nio p\u00fablico, pois&nbsp;<strong>n\u00e3o \u00e9 o fato de suspender o certame para prote\u00e7\u00e3o da sa\u00fade p\u00fablica que merece censura, mas os atos administrativos anteriores,<\/strong>&nbsp;que levou milhares de pessoas a confiarem na administra\u00e7\u00e3o p\u00fablica em rela\u00e7\u00e3o \u00e0 concretiza\u00e7\u00e3o do cronograma previsto no edital. N\u00e3o houve razoabilidade na publica\u00e7\u00e3o do edital durante o pior momento da pandemia, quando n\u00e3o era poss\u00edvel prever a situa\u00e7\u00e3o de sa\u00fade p\u00fablica no segundo semestre de 2020, em especial no m\u00eas de outubro, data das provas. Se o edital tivesse sido publicado antes da pandemia, qualquer suspens\u00e3o seria absolutamente razo\u00e1vel, leg\u00edtima e compreens\u00edvel\u201d, observou o julgado.&nbsp;\u201d&nbsp;<\/em><\/p>\n\n\n\n<p><strong>O Concurso da<\/strong> <strong>PCDF para Agente e Escriv\u00e3o<\/strong>&nbsp;visa ofertar um total de 2.100 vagas, sendo&nbsp;<strong>1.800 vagas para Agente e 300 para Escriv\u00e3o,&nbsp;<\/strong>ambos organizados pelo Cebraspe.<\/p>\n\n\n\n<p class=\"has-background\" style=\"background-color:#dbe9f5\">O Estrat\u00e9gia Concursos est\u00e1 acompanhando de perto as novidades do concurso da PCDF para te deixar informado de todas as movimenta\u00e7\u00f5es, ent\u00e3o fique ligado, pois em 10 dias teremos novidades a respeito da suspens\u00e3o!<\/p>\n\n\n\n<p><strong>Para saber mais detalhes sobre a poss\u00edvel reabertura das inscri\u00e7\u00f5es para o concurso da PCDF, acesse o link a seguir:<\/strong><\/p>\n\n\n\n<p class=\"has-text-align-center has-luminous-vivid-amber-background-color has-background has-medium-font-size\"><a href=\"https:\/\/www.estrategiaconcursos.com.br\/blog\/concurso-pcdf\/\"><strong>Concurso PCDF<\/strong><\/a><\/p>\n\n\n\n<p><em><strong>Assinatura Anual Ilimitada*<\/strong><\/em><\/p>\n\n\n\n<p><em>Prepare-se com o melhor material e com quem mais aprova em Concursos P\u00fablicos em todo o pa\u00eds. Assine agora a nossa Assinatura Anual e tenha acesso ilimitado* a todos os nossos cursos.<\/em><\/p>\n\n\n\n<p class=\"has-pale-cyan-blue-background-color has-background\"><strong>ASSINE AGORA&nbsp;\u2013&nbsp;<a rel=\"noreferrer noopener\" href=\"https:\/\/www.estrategiaconcursos.com.br\/assinaturas\" target=\"_blank\">Assinatura Ilimitada<\/a><\/strong><\/p>\n\n\n\n<p class=\"has-text-align-center\"><strong><em><strong>Sistema de Quest\u00f5es<\/strong><\/em><\/strong><\/p>\n\n\n\n<p><em>Estrat\u00e9gia Quest\u00f5es nasceu maior do que todos os concorrentes, com mais quest\u00f5es cadastradas e mais solu\u00e7\u00f5es por professores. Clique no link e aproveite os descontos e b\u00f4nus imperd\u00edveis!<\/em><\/p>\n\n\n\n<p class=\"has-light-green-cyan-background-color has-background\"><strong>ASSINE AGORA \u2013&nbsp;<a rel=\"noreferrer noopener\" href=\"https:\/\/www.estrategiaconcursos.com.br\/cursosPorConcurso\/sistema-de-questoes\/#\/\" target=\"_blank\">Sistema de Quest\u00f5es<\/a><\/strong><\/p>\n\n\n\n<p><strong><em>Fique por dentro de todos os concursos<\/em><\/strong><\/p>\n\n\n\n<p class=\"has-text-align-center has-pale-cyan-blue-background-color has-background\"><a href=\"https:\/\/www.estrategiaconcursos.com.br\/blog\/concursos-abertos\/\" target=\"_blank\" rel=\"noreferrer noopener\"><strong>CONCURSOS ABERTOS<\/strong><\/a><\/p>\n","protected":false},"excerpt":{"rendered":"<p>PCDF e Cebraspe tem 10 dias para definir nova data Ap\u00f3s a manuten\u00e7\u00e3o da suspens\u00e3o das provas objetivas do concurso da Pol\u00edcia Civil do DF e do recente pedido de explica\u00e7\u00f5es do Tribunal de Justi\u00e7a do Distrito Federal aos envolvidos, a justi\u00e7a determinou um prazo de dez dias para que nova data seja definida e [&hellip;]<\/p>\n","protected":false},"author":657,"featured_media":483507,"comment_status":"open","ping_status":"closed","sticky":false,"template":"","format":"standard","meta":{"post_tipo":"article","footnotes":""},"categories":[1],"tags":[],"tax_estado":[],"class_list":["post-577784","post","type-post","status-publish","format-standard","has-post-thumbnail","hentry","category-cursos-e-concursos"],"acf":[],"yoast_head":"<!-- This site is optimized with the Yoast SEO Premium plugin v27.2 (Yoast SEO v27.2) - https:\/\/yoast.com\/product\/yoast-seo-premium-wordpress\/ -->\n<title>TJDFT d\u00e1 10 dias para nova data do Concurso PCDF!<\/title>\n<meta name=\"description\" content=\"Tribunal de Justi\u00e7a determina que PCDF e Cebraspe definam nova data de provas em 10 dias! Provas seguem suspensas para 2.100 vagas!\" \/>\n<meta name=\"robots\" content=\"index, follow, max-snippet:-1, max-image-preview:large, max-video-preview:-1\" \/>\n<link rel=\"canonical\" href=\"https:\/\/www.estrategiaconcursos.com.br\/blog\/10-dias-para-nova-data-do-concurso-pcdf\/\" \/>\n<meta property=\"og:locale\" content=\"pt_BR\" \/>\n<meta property=\"og:type\" content=\"article\" \/>\n<meta property=\"og:title\" content=\"TJDFT d\u00e1 10 dias para nova data do Concurso PCDF!\" \/>\n<meta property=\"og:description\" content=\"Tribunal de Justi\u00e7a determina que PCDF e Cebraspe definam nova data de provas em 10 dias! Provas seguem suspensas para 2.100 vagas!\" \/>\n<meta property=\"og:url\" content=\"https:\/\/www.estrategiaconcursos.com.br\/blog\/10-dias-para-nova-data-do-concurso-pcdf\/\" \/>\n<meta property=\"og:site_name\" content=\"Estrat\u00e9gia Concursos\" \/>\n<meta property=\"article:published_time\" content=\"2020-09-25T10:48:14+00:00\" \/>\n<meta property=\"article:modified_time\" content=\"2023-07-13T13:16:30+00:00\" \/>\n<meta property=\"og:image\" content=\"https:\/\/dhg1h5j42swfq.cloudfront.net\/2020\/02\/18173711\/Mantenha-o-ritmo-de-estudos-para-a-PCDF-neste-Carnaval.png\" \/>\n\t<meta property=\"og:image:width\" content=\"716\" \/>\n\t<meta property=\"og:image:height\" content=\"400\" \/>\n\t<meta property=\"og:image:type\" content=\"image\/png\" \/>\n<meta name=\"author\" content=\"Nat\u00e1lia Scarano\" \/>\n<meta name=\"twitter:card\" content=\"summary_large_image\" \/>\n<meta name=\"twitter:creator\" content=\"@EstratConcursos\" \/>\n<meta name=\"twitter:site\" content=\"@EstratConcursos\" \/>\n<meta name=\"twitter:label1\" content=\"Escrito por\" \/>\n\t<meta name=\"twitter:data1\" content=\"Nat\u00e1lia Scarano\" \/>\n\t<meta name=\"twitter:label2\" content=\"Est. tempo de leitura\" \/>\n\t<meta name=\"twitter:data2\" content=\"4 minutos\" \/>\n<script type=\"application\/ld+json\" class=\"yoast-schema-graph\">{\"@context\":\"https:\/\/schema.org\",\"@graph\":[{\"@type\":\"NewsArticle\",\"@id\":\"https:\/\/www.estrategiaconcursos.com.br\/blog\/10-dias-para-nova-data-do-concurso-pcdf\/#article\",\"isPartOf\":{\"@id\":\"https:\/\/www.estrategiaconcursos.com.br\/blog\/10-dias-para-nova-data-do-concurso-pcdf\/\"},\"author\":{\"name\":\"Nat\u00e1lia Scarano\",\"@id\":\"https:\/\/www.estrategiaconcursos.com.br\/blog\/#\/schema\/person\/751aedf909a9d10cb23ce6ac527ce0f2\"},\"headline\":\"TJDFT d\u00e1 10 dias para nova data do Concurso PCDF!\",\"datePublished\":\"2020-09-25T10:48:14+00:00\",\"dateModified\":\"2023-07-13T13:16:30+00:00\",\"mainEntityOfPage\":{\"@id\":\"https:\/\/www.estrategiaconcursos.com.br\/blog\/10-dias-para-nova-data-do-concurso-pcdf\/\"},\"wordCount\":883,\"commentCount\":0,\"publisher\":{\"@id\":\"https:\/\/www.estrategiaconcursos.com.br\/blog\/#organization\"},\"image\":{\"@id\":\"https:\/\/www.estrategiaconcursos.com.br\/blog\/10-dias-para-nova-data-do-concurso-pcdf\/#primaryimage\"},\"thumbnailUrl\":\"https:\/\/dhg1h5j42swfq.cloudfront.net\/2020\/02\/18173711\/Mantenha-o-ritmo-de-estudos-para-a-PCDF-neste-Carnaval.png\",\"articleSection\":[\"Concursos P\u00fablicos\"],\"inLanguage\":\"pt-BR\",\"potentialAction\":[{\"@type\":\"CommentAction\",\"name\":\"Comment\",\"target\":[\"https:\/\/www.estrategiaconcursos.com.br\/blog\/10-dias-para-nova-data-do-concurso-pcdf\/#respond\"]}],\"copyrightYear\":\"2020\",\"copyrightHolder\":{\"@id\":\"https:\/\/www.estrategiaconcursos.com.br\/blog\/#organization\"}},{\"@type\":\"WebPage\",\"@id\":\"https:\/\/www.estrategiaconcursos.com.br\/blog\/10-dias-para-nova-data-do-concurso-pcdf\/\",\"url\":\"https:\/\/www.estrategiaconcursos.com.br\/blog\/10-dias-para-nova-data-do-concurso-pcdf\/\",\"name\":\"TJDFT d\u00e1 10 dias para nova data do Concurso PCDF!\",\"isPartOf\":{\"@id\":\"https:\/\/www.estrategiaconcursos.com.br\/blog\/#website\"},\"primaryImageOfPage\":{\"@id\":\"https:\/\/www.estrategiaconcursos.com.br\/blog\/10-dias-para-nova-data-do-concurso-pcdf\/#primaryimage\"},\"image\":{\"@id\":\"https:\/\/www.estrategiaconcursos.com.br\/blog\/10-dias-para-nova-data-do-concurso-pcdf\/#primaryimage\"},\"thumbnailUrl\":\"https:\/\/dhg1h5j42swfq.cloudfront.net\/2020\/02\/18173711\/Mantenha-o-ritmo-de-estudos-para-a-PCDF-neste-Carnaval.png\",\"datePublished\":\"2020-09-25T10:48:14+00:00\",\"dateModified\":\"2023-07-13T13:16:30+00:00\",\"description\":\"Tribunal de Justi\u00e7a determina que PCDF e Cebraspe definam nova data de provas em 10 dias! Provas seguem suspensas para 2.100 vagas!\",\"breadcrumb\":{\"@id\":\"https:\/\/www.estrategiaconcursos.com.br\/blog\/10-dias-para-nova-data-do-concurso-pcdf\/#breadcrumb\"},\"inLanguage\":\"pt-BR\",\"potentialAction\":[{\"@type\":\"ReadAction\",\"target\":[\"https:\/\/www.estrategiaconcursos.com.br\/blog\/10-dias-para-nova-data-do-concurso-pcdf\/\"]}]},{\"@type\":\"ImageObject\",\"inLanguage\":\"pt-BR\",\"@id\":\"https:\/\/www.estrategiaconcursos.com.br\/blog\/10-dias-para-nova-data-do-concurso-pcdf\/#primaryimage\",\"url\":\"https:\/\/dhg1h5j42swfq.cloudfront.net\/2020\/02\/18173711\/Mantenha-o-ritmo-de-estudos-para-a-PCDF-neste-Carnaval.png\",\"contentUrl\":\"https:\/\/dhg1h5j42swfq.cloudfront.net\/2020\/02\/18173711\/Mantenha-o-ritmo-de-estudos-para-a-PCDF-neste-Carnaval.png\",\"width\":716,\"height\":400,\"caption\":\"provas do concurso pcdf\"},{\"@type\":\"BreadcrumbList\",\"@id\":\"https:\/\/www.estrategiaconcursos.com.br\/blog\/10-dias-para-nova-data-do-concurso-pcdf\/#breadcrumb\",\"itemListElement\":[{\"@type\":\"ListItem\",\"position\":1,\"name\":\"In\u00edcio\",\"item\":\"https:\/\/www.estrategiaconcursos.com.br\/blog\/\"},{\"@type\":\"ListItem\",\"position\":2,\"name\":\"TJDFT d\u00e1 10 dias para nova data do Concurso PCDF!\"}]},{\"@type\":\"WebSite\",\"@id\":\"https:\/\/www.estrategiaconcursos.com.br\/blog\/#website\",\"url\":\"https:\/\/www.estrategiaconcursos.com.br\/blog\/\",\"name\":\"Estrat\u00e9gia Concursos\",\"description\":\"O blog da Estrat\u00e9gia Concursos traz not\u00edcias sobre concursos e artigos de professores oferecendo cursos para concursos (pdf + videaulas) no site.\",\"publisher\":{\"@id\":\"https:\/\/www.estrategiaconcursos.com.br\/blog\/#organization\"},\"potentialAction\":[{\"@type\":\"SearchAction\",\"target\":{\"@type\":\"EntryPoint\",\"urlTemplate\":\"https:\/\/www.estrategiaconcursos.com.br\/blog\/?s={search_term_string}\"},\"query-input\":{\"@type\":\"PropertyValueSpecification\",\"valueRequired\":true,\"valueName\":\"search_term_string\"}}],\"inLanguage\":\"pt-BR\"},{\"@type\":\"Organization\",\"@id\":\"https:\/\/www.estrategiaconcursos.com.br\/blog\/#organization\",\"name\":\"Estrat\u00e9gia Concursos\",\"url\":\"https:\/\/www.estrategiaconcursos.com.br\/blog\/\",\"logo\":{\"@type\":\"ImageObject\",\"inLanguage\":\"pt-BR\",\"@id\":\"https:\/\/www.estrategiaconcursos.com.br\/blog\/#\/schema\/logo\/image\/\",\"url\":\"https:\/\/dhg1h5j42swfq.cloudfront.net\/2025\/06\/03203428\/logo_concursos-1.jpg\",\"contentUrl\":\"https:\/\/dhg1h5j42swfq.cloudfront.net\/2025\/06\/03203428\/logo_concursos-1.jpg\",\"width\":230,\"height\":60,\"caption\":\"Estrat\u00e9gia Concursos\"},\"image\":{\"@id\":\"https:\/\/www.estrategiaconcursos.com.br\/blog\/#\/schema\/logo\/image\/\"},\"sameAs\":[\"https:\/\/x.com\/EstratConcursos\"]},{\"@type\":\"Person\",\"@id\":\"https:\/\/www.estrategiaconcursos.com.br\/blog\/#\/schema\/person\/751aedf909a9d10cb23ce6ac527ce0f2\",\"name\":\"Nat\u00e1lia Scarano\",\"image\":{\"@type\":\"ImageObject\",\"inLanguage\":\"pt-BR\",\"@id\":\"https:\/\/secure.gravatar.com\/avatar\/8a889b8db3dbd227a1a78627357ec8fe64f5e99189d1889a270127828ab372ac?s=96&d=mm&r=g\",\"url\":\"https:\/\/secure.gravatar.com\/avatar\/8a889b8db3dbd227a1a78627357ec8fe64f5e99189d1889a270127828ab372ac?s=96&d=mm&r=g\",\"contentUrl\":\"https:\/\/secure.gravatar.com\/avatar\/8a889b8db3dbd227a1a78627357ec8fe64f5e99189d1889a270127828ab372ac?s=96&d=mm&r=g\",\"caption\":\"Nat\u00e1lia Scarano\"},\"description\":\"Jornalista, formada e p\u00f3s graduada pelo IESB, faz parte do time de jornalistas do Estrat\u00e9gia desde 2017. Possui familiaridade com as \u00e1reas de Tribunais, Defensorias, Procuradorias, Minist\u00e9rios P\u00fablicos, Conselhos, Educa\u00e7\u00e3o, \u00c1rea de Seguran\u00e7a, concursos de Carreiras Jur\u00eddicas e OAB. Experi\u00eancia em marketing digital, assessoria de comunica\u00e7\u00e3o e institucional na \u00e1rea privada e p\u00fablica, com atua\u00e7\u00e3o em \u00f3rg\u00e3os como CGU, Cofen e CNM.\",\"url\":\"https:\/\/www.estrategiaconcursos.com.br\/blog\/author\/natalia-scaranoestrategiaconcursos-com-br\/\"}]}<\/script>\n<!-- \/ Yoast SEO Premium plugin. -->","yoast_head_json":{"title":"TJDFT d\u00e1 10 dias para nova data do Concurso PCDF!","description":"Tribunal de Justi\u00e7a determina que PCDF e Cebraspe definam nova data de provas em 10 dias! Provas seguem suspensas para 2.100 vagas!","robots":{"index":"index","follow":"follow","max-snippet":"max-snippet:-1","max-image-preview":"max-image-preview:large","max-video-preview":"max-video-preview:-1"},"canonical":"https:\/\/www.estrategiaconcursos.com.br\/blog\/10-dias-para-nova-data-do-concurso-pcdf\/","og_locale":"pt_BR","og_type":"article","og_title":"TJDFT d\u00e1 10 dias para nova data do Concurso PCDF!","og_description":"Tribunal de Justi\u00e7a determina que PCDF e Cebraspe definam nova data de provas em 10 dias! Provas seguem suspensas para 2.100 vagas!","og_url":"https:\/\/www.estrategiaconcursos.com.br\/blog\/10-dias-para-nova-data-do-concurso-pcdf\/","og_site_name":"Estrat\u00e9gia Concursos","article_published_time":"2020-09-25T10:48:14+00:00","article_modified_time":"2023-07-13T13:16:30+00:00","og_image":[{"width":716,"height":400,"url":"https:\/\/dhg1h5j42swfq.cloudfront.net\/2020\/02\/18173711\/Mantenha-o-ritmo-de-estudos-para-a-PCDF-neste-Carnaval.png","type":"image\/png"}],"author":"Nat\u00e1lia Scarano","twitter_card":"summary_large_image","twitter_creator":"@EstratConcursos","twitter_site":"@EstratConcursos","twitter_misc":{"Escrito por":"Nat\u00e1lia Scarano","Est. tempo de leitura":"4 minutos"},"schema":{"@context":"https:\/\/schema.org","@graph":[{"@type":"NewsArticle","@id":"https:\/\/www.estrategiaconcursos.com.br\/blog\/10-dias-para-nova-data-do-concurso-pcdf\/#article","isPartOf":{"@id":"https:\/\/www.estrategiaconcursos.com.br\/blog\/10-dias-para-nova-data-do-concurso-pcdf\/"},"author":{"name":"Nat\u00e1lia Scarano","@id":"https:\/\/www.estrategiaconcursos.com.br\/blog\/#\/schema\/person\/751aedf909a9d10cb23ce6ac527ce0f2"},"headline":"TJDFT d\u00e1 10 dias para nova data do Concurso PCDF!","datePublished":"2020-09-25T10:48:14+00:00","dateModified":"2023-07-13T13:16:30+00:00","mainEntityOfPage":{"@id":"https:\/\/www.estrategiaconcursos.com.br\/blog\/10-dias-para-nova-data-do-concurso-pcdf\/"},"wordCount":883,"commentCount":0,"publisher":{"@id":"https:\/\/www.estrategiaconcursos.com.br\/blog\/#organization"},"image":{"@id":"https:\/\/www.estrategiaconcursos.com.br\/blog\/10-dias-para-nova-data-do-concurso-pcdf\/#primaryimage"},"thumbnailUrl":"https:\/\/dhg1h5j42swfq.cloudfront.net\/2020\/02\/18173711\/Mantenha-o-ritmo-de-estudos-para-a-PCDF-neste-Carnaval.png","articleSection":["Concursos P\u00fablicos"],"inLanguage":"pt-BR","potentialAction":[{"@type":"CommentAction","name":"Comment","target":["https:\/\/www.estrategiaconcursos.com.br\/blog\/10-dias-para-nova-data-do-concurso-pcdf\/#respond"]}],"copyrightYear":"2020","copyrightHolder":{"@id":"https:\/\/www.estrategiaconcursos.com.br\/blog\/#organization"}},{"@type":"WebPage","@id":"https:\/\/www.estrategiaconcursos.com.br\/blog\/10-dias-para-nova-data-do-concurso-pcdf\/","url":"https:\/\/www.estrategiaconcursos.com.br\/blog\/10-dias-para-nova-data-do-concurso-pcdf\/","name":"TJDFT d\u00e1 10 dias para nova data do Concurso PCDF!","isPartOf":{"@id":"https:\/\/www.estrategiaconcursos.com.br\/blog\/#website"},"primaryImageOfPage":{"@id":"https:\/\/www.estrategiaconcursos.com.br\/blog\/10-dias-para-nova-data-do-concurso-pcdf\/#primaryimage"},"image":{"@id":"https:\/\/www.estrategiaconcursos.com.br\/blog\/10-dias-para-nova-data-do-concurso-pcdf\/#primaryimage"},"thumbnailUrl":"https:\/\/dhg1h5j42swfq.cloudfront.net\/2020\/02\/18173711\/Mantenha-o-ritmo-de-estudos-para-a-PCDF-neste-Carnaval.png","datePublished":"2020-09-25T10:48:14+00:00","dateModified":"2023-07-13T13:16:30+00:00","description":"Tribunal de Justi\u00e7a determina que PCDF e Cebraspe definam nova data de provas em 10 dias! Provas seguem suspensas para 2.100 vagas!","breadcrumb":{"@id":"https:\/\/www.estrategiaconcursos.com.br\/blog\/10-dias-para-nova-data-do-concurso-pcdf\/#breadcrumb"},"inLanguage":"pt-BR","potentialAction":[{"@type":"ReadAction","target":["https:\/\/www.estrategiaconcursos.com.br\/blog\/10-dias-para-nova-data-do-concurso-pcdf\/"]}]},{"@type":"ImageObject","inLanguage":"pt-BR","@id":"https:\/\/www.estrategiaconcursos.com.br\/blog\/10-dias-para-nova-data-do-concurso-pcdf\/#primaryimage","url":"https:\/\/dhg1h5j42swfq.cloudfront.net\/2020\/02\/18173711\/Mantenha-o-ritmo-de-estudos-para-a-PCDF-neste-Carnaval.png","contentUrl":"https:\/\/dhg1h5j42swfq.cloudfront.net\/2020\/02\/18173711\/Mantenha-o-ritmo-de-estudos-para-a-PCDF-neste-Carnaval.png","width":716,"height":400,"caption":"provas do concurso pcdf"},{"@type":"BreadcrumbList","@id":"https:\/\/www.estrategiaconcursos.com.br\/blog\/10-dias-para-nova-data-do-concurso-pcdf\/#breadcrumb","itemListElement":[{"@type":"ListItem","position":1,"name":"In\u00edcio","item":"https:\/\/www.estrategiaconcursos.com.br\/blog\/"},{"@type":"ListItem","position":2,"name":"TJDFT d\u00e1 10 dias para nova data do Concurso PCDF!"}]},{"@type":"WebSite","@id":"https:\/\/www.estrategiaconcursos.com.br\/blog\/#website","url":"https:\/\/www.estrategiaconcursos.com.br\/blog\/","name":"Estrat\u00e9gia Concursos","description":"O blog da Estrat\u00e9gia Concursos traz not\u00edcias sobre concursos e artigos de professores oferecendo cursos para concursos (pdf + videaulas) no site.","publisher":{"@id":"https:\/\/www.estrategiaconcursos.com.br\/blog\/#organization"},"potentialAction":[{"@type":"SearchAction","target":{"@type":"EntryPoint","urlTemplate":"https:\/\/www.estrategiaconcursos.com.br\/blog\/?s={search_term_string}"},"query-input":{"@type":"PropertyValueSpecification","valueRequired":true,"valueName":"search_term_string"}}],"inLanguage":"pt-BR"},{"@type":"Organization","@id":"https:\/\/www.estrategiaconcursos.com.br\/blog\/#organization","name":"Estrat\u00e9gia Concursos","url":"https:\/\/www.estrategiaconcursos.com.br\/blog\/","logo":{"@type":"ImageObject","inLanguage":"pt-BR","@id":"https:\/\/www.estrategiaconcursos.com.br\/blog\/#\/schema\/logo\/image\/","url":"https:\/\/dhg1h5j42swfq.cloudfront.net\/2025\/06\/03203428\/logo_concursos-1.jpg","contentUrl":"https:\/\/dhg1h5j42swfq.cloudfront.net\/2025\/06\/03203428\/logo_concursos-1.jpg","width":230,"height":60,"caption":"Estrat\u00e9gia Concursos"},"image":{"@id":"https:\/\/www.estrategiaconcursos.com.br\/blog\/#\/schema\/logo\/image\/"},"sameAs":["https:\/\/x.com\/EstratConcursos"]},{"@type":"Person","@id":"https:\/\/www.estrategiaconcursos.com.br\/blog\/#\/schema\/person\/751aedf909a9d10cb23ce6ac527ce0f2","name":"Nat\u00e1lia Scarano","image":{"@type":"ImageObject","inLanguage":"pt-BR","@id":"https:\/\/secure.gravatar.com\/avatar\/8a889b8db3dbd227a1a78627357ec8fe64f5e99189d1889a270127828ab372ac?s=96&d=mm&r=g","url":"https:\/\/secure.gravatar.com\/avatar\/8a889b8db3dbd227a1a78627357ec8fe64f5e99189d1889a270127828ab372ac?s=96&d=mm&r=g","contentUrl":"https:\/\/secure.gravatar.com\/avatar\/8a889b8db3dbd227a1a78627357ec8fe64f5e99189d1889a270127828ab372ac?s=96&d=mm&r=g","caption":"Nat\u00e1lia Scarano"},"description":"Jornalista, formada e p\u00f3s graduada pelo IESB, faz parte do time de jornalistas do Estrat\u00e9gia desde 2017. Possui familiaridade com as \u00e1reas de Tribunais, Defensorias, Procuradorias, Minist\u00e9rios P\u00fablicos, Conselhos, Educa\u00e7\u00e3o, \u00c1rea de Seguran\u00e7a, concursos de Carreiras Jur\u00eddicas e OAB. Experi\u00eancia em marketing digital, assessoria de comunica\u00e7\u00e3o e institucional na \u00e1rea privada e p\u00fablica, com atua\u00e7\u00e3o em \u00f3rg\u00e3os como CGU, Cofen e CNM.","url":"https:\/\/www.estrategiaconcursos.com.br\/blog\/author\/natalia-scaranoestrategiaconcursos-com-br\/"}]}},"_links":{"self":[{"href":"https:\/\/www.estrategiaconcursos.com.br\/blog\/wp-json\/wp\/v2\/posts\/577784","targetHints":{"allow":["GET"]}}],"collection":[{"href":"https:\/\/www.estrategiaconcursos.com.br\/blog\/wp-json\/wp\/v2\/posts"}],"about":[{"href":"https:\/\/www.estrategiaconcursos.com.br\/blog\/wp-json\/wp\/v2\/types\/post"}],"author":[{"embeddable":true,"href":"https:\/\/www.estrategiaconcursos.com.br\/blog\/wp-json\/wp\/v2\/users\/657"}],"replies":[{"embeddable":true,"href":"https:\/\/www.estrategiaconcursos.com.br\/blog\/wp-json\/wp\/v2\/comments?post=577784"}],"version-history":[{"count":8,"href":"https:\/\/www.estrategiaconcursos.com.br\/blog\/wp-json\/wp\/v2\/posts\/577784\/revisions"}],"predecessor-version":[{"id":1247825,"href":"https:\/\/www.estrategiaconcursos.com.br\/blog\/wp-json\/wp\/v2\/posts\/577784\/revisions\/1247825"}],"wp:featuredmedia":[{"embeddable":true,"href":"https:\/\/www.estrategiaconcursos.com.br\/blog\/wp-json\/wp\/v2\/media\/483507"}],"wp:attachment":[{"href":"https:\/\/www.estrategiaconcursos.com.br\/blog\/wp-json\/wp\/v2\/media?parent=577784"}],"wp:term":[{"taxonomy":"category","embeddable":true,"href":"https:\/\/www.estrategiaconcursos.com.br\/blog\/wp-json\/wp\/v2\/categories?post=577784"},{"taxonomy":"post_tag","embeddable":true,"href":"https:\/\/www.estrategiaconcursos.com.br\/blog\/wp-json\/wp\/v2\/tags?post=577784"},{"taxonomy":"tax_estado","embeddable":true,"href":"https:\/\/www.estrategiaconcursos.com.br\/blog\/wp-json\/wp\/v2\/tax_estado?post=577784"}],"curies":[{"name":"wp","href":"https:\/\/api.w.org\/{rel}","templated":true}]}}