{"id":577242,"date":"2020-09-24T16:52:18","date_gmt":"2020-09-24T19:52:18","guid":{"rendered":"https:\/\/www.estrategiaconcursos.com.br\/blog\/?p=577242"},"modified":"2023-06-30T15:55:09","modified_gmt":"2023-06-30T18:55:09","slug":"trf-3-comissao-multiprofissional-juiz","status":"publish","type":"post","link":"https:\/\/www.estrategiaconcursos.com.br\/blog\/trf-3-comissao-multiprofissional-juiz\/","title":{"rendered":"TRF 3 define comiss\u00e3o multiprofissional para o concurso de Juiz!"},"content":{"rendered":"\n<p>Nesta quinta-feira, 24 de setembro, o Tribunal Regional Federal da 3\u00aa Regi\u00e3o &#8211; TRF 3, oficializou no seu Di\u00e1rio Eletr\u00f4nico de Justi\u00e7a, a decis\u00e3o que  constituiu a banca examinadora e a comiss\u00e3o multiprofissional do XX Concurso P\u00fablico para Provimento de Cargos de Juiz Federal Substituto. <\/p>\n\n\n\n<p>O documento d\u00e1 publicidade \u00e0 decis\u00e3o tomada pelo <strong>\u00d3rg\u00e3o Especial do Tribunal<\/strong> na 407\u00aa Sess\u00e3o Ordin\u00e1ria Administrativa, ocorrida em 29 de julho de 2020. A composi\u00e7\u00e3o da banca organizadora j\u00e1 havia sido descoberta, mas agora foi oficialmente confirmada, assim como a comiss\u00e3o multiprofissional. Acompanhe abaixo: <\/p>\n\n\n\n<h3 class=\"wp-block-heading\">Banca Examinadora TRF 3 Juiz Federal <\/h3>\n\n\n\n<p><strong>Membros Efetivos<\/strong><\/p>\n\n\n\n<ul class=\"wp-block-list\">\n<li>Desembargador Federal Paulo Gustavo Guedes Fontes, que a preside;<\/li>\n\n\n\n<li>Desembargador Federal Wilson Zauhy Filho;<\/li>\n\n\n\n<li>Ju\u00edza Federal Audrey Gasparini;<\/li>\n\n\n\n<li>Representante da Ordem dos Advogados do Brasil: Doutora Helena Regina Lobo da Costa;<\/li>\n\n\n\n<li>Professor e Representante das Universidades: Doutor Andr\u00e9 Ramos Tavares.<\/li>\n<\/ul>\n\n\n\n<p><strong>Membros Suplentes<\/strong><\/p>\n\n\n\n<ul class=\"wp-block-list\">\n<li>Desembargador Federal David Diniz Dantas;<\/li>\n\n\n\n<li>Desembargadora Federal In\u00eas Virginia Prado Soares;<\/li>\n\n\n\n<li>Ju\u00edza Federal Gisele Bueno da Cruz de Lima;<\/li>\n\n\n\n<li>Representante da Ordem dos Advogados do Brasil: Doutor Jo\u00e3o D\u00e1cio de Souza Pereira Rolim;<\/li>\n\n\n\n<li>Professor e Representante das Universidades: Doutor Paulo Henrique dos Santos Lucon.<\/li>\n<\/ul>\n\n\n\n<h3 class=\"wp-block-heading\">Comiss\u00e3o Multiprofissional TRF 3 Juiz Federal<\/h3>\n\n\n\n<p><strong>Representantes do TRF 3<\/strong><\/p>\n\n\n\n<ul class=\"wp-block-list\">\n<li>Desembargadora Federal Ines Virginia Prado Soares \u2013 Presidente;<\/li>\n\n\n\n<li>Ju\u00edza Federal Gisele Bueno da Cruz de Lima \u2013 Membro efetivo.<\/li>\n<\/ul>\n\n\n\n<p><strong>Profissionais M\u00e9dicos do TRF 3<\/strong><\/p>\n\n\n\n<ul class=\"wp-block-list\">\n<li>Rosely Timoner Glezer (RF 3239);<\/li>\n\n\n\n<li>Lorenzo Giuseppe Franzero (RF 1229).<\/li>\n<\/ul>\n\n\n\n<p><strong>Representantes da OAB<\/strong><\/p>\n\n\n\n<ul class=\"wp-block-list\">\n<li>Patr\u00edcia Helena Massa (OAB SP n.\u00ba 104.344) \u2013 Membro efetivo;<\/li>\n\n\n\n<li>Lucia Benito de Moraes Mesti (OAB SP n.\u00ba 272.530 ) \u2013Membro suplente.<\/li>\n<\/ul>\n\n\n\n<p class=\"has-text-align-center has-cyan-bluish-gray-background-color has-background\">Se quiser ter acesso \u00e0 integra da publica\u00e7\u00e3o, <a href=\"https:\/\/dhg1h5j42swfq.cloudfront.net\/2020\/09\/24111100\/TRF3-Banca-Examinadora-e-Comissao-Multiprofissional.pdf\" target=\"_blank\" rel=\"noreferrer noopener\">clique aqui<\/a>. <\/p>\n\n\n\n<p>Para concorrer ao cargo \u00e9 necess\u00e1rio que o candidato seja formado no curso Superior de Direito h\u00e1 pelo menos tr\u00eas anos, com diploma registrado na forma da lei e, conte, na ocasi\u00e3o da inscri\u00e7\u00e3o definitiva do certame, com 3 anos de atividade jur\u00eddica, exercida ap\u00f3s a obten\u00e7\u00e3o do grau de bacharel.<\/p>\n\n\n\n<p>Atualmente, existem 103 cargos vagos na carreira da magistratura do TRF 3, sendo 94 cargos s\u00f3 para Juiz Federal Substituto. O vencimento inicial ofertado \u00e9 de <strong>R$ 32.004,65<\/strong>. O juiz federal goza ainda aux\u00edlios alimenta\u00e7\u00e3o,  sa\u00fade, pr\u00e9-escolar, mudan\u00e7a, funeral, al\u00e9m de abono de perman\u00eancia, e das gratifica\u00e7\u00f5es por atividade cumulativa, natalina e de natalidade.<\/p>\n\n\n\n<h2 class=\"wp-block-heading\"><strong>Evento ao vivo<\/strong><\/h2>\n\n\n\n<p>Se voc\u00ea quer saber mais sobre as perspectivas do certame e como come\u00e7ar a organizar seus estudos, n\u00e3o perca o evento que ser\u00e1 transmitido <em><strong>hoje, 24 de setembro, as 19 horas, diretamente do canal do Estrat\u00e9gia Carreira Jur\u00eddica no Youtube,<\/strong><\/em> pelo professor Mateus Pontalti.<\/p>\n\n\n\n<p class=\"has-text-align-center has-light-green-cyan-background-color has-background has-medium-font-size\"><strong><em>Mais informa\u00e7\u00f5es:<\/em> <a rel=\"noreferrer noopener\" href=\"https:\/\/www.estrategiaconcursos.com.br\/blog\/concurso-juiz-federal-trf3\/\" target=\"_blank\">Concurso TRF3 Juiz<\/a><\/strong><\/p>\n\n\n\n<h2 class=\"wp-block-heading has-text-align-center\" id=\"cursos-trf3-juiz\">Cursos Estrat\u00e9gia Concursos<\/h2>\n\n\n\n<p class=\"has-text-align-center has-pale-cyan-blue-background-color has-background\" style=\"font-size:clamp(16.293px, 1.018rem + ((1vw - 3.2px) * 0.854), 25px);px\"><a href=\"https:\/\/www.estrategiaconcursos.com.br\/cursosPorConcurso\/trf-3-regiao-juiz-sao-paulo-e-mato-grosso-do-sul\/\"><span style=\"font-size: 18pt;\"><strong>CURSOS JUIZ FEDERAL TRF3<\/strong><\/span><\/a><\/p>\n\n\n\n<p class=\"has-text-align-center has-medium-font-size\"><strong><em><strong>Sistema de Quest\u00f5es<\/strong><\/em><\/strong><\/p>\n\n\n\n<p class=\"has-text-align-center\">Estrat\u00e9gia Quest\u00f5es nasceu maior do que todos os concorrentes, com mais quest\u00f5es cadastradas e mais solu\u00e7\u00f5es por professores. Clique no link e aproveite os descontos e b\u00f4nus imperd\u00edveis!<\/p>\n\n\n\n<p class=\"has-text-align-center has-very-dark-gray-color has-vivid-green-cyan-background-color has-text-color has-background\" style=\"font-size:clamp(14.642px, 0.915rem + ((1vw - 3.2px) * 0.721), 22px);px\"><strong>ASSINE AGORA &#8211; <a rel=\"noreferrer noopener\" href=\"https:\/\/www.estrategiaconcursos.com.br\/cursosPorConcurso\/sistema-de-questoes\/#\/\" target=\"_blank\">Sistema de Quest\u00f5es<\/a><\/strong><\/p>\n\n\n\n<h2 class=\"wp-block-heading has-text-align-center\">Assinatura Jur\u00eddica<\/h2>\n\n\n\n<p class=\"has-text-align-center\">Estude com a maior assinatura jur\u00eddica! Cursos on\u2011line complet\u00edssimos em PDFs e videoaulas, com conte\u00fado te\u00f3rico did\u00e1tico, legisla\u00e7\u00e3o e jurisprud\u00eancia analisados, resolu\u00e7\u00e3o de in\u00fameras quest\u00f5es e resumos ao final de cada aula.<\/p>\n\n\n\n<p class=\"has-text-align-center has-very-dark-gray-color has-luminous-vivid-amber-background-color has-text-color has-background\" style=\"font-size:clamp(16.293px, 1.018rem + ((1vw - 3.2px) * 0.854), 25px);px\"><strong>ACESSE: <a href=\"https:\/\/www.estrategiaconcursos.com.br\/assinaturas-ecj\/\" target=\"_blank\" rel=\"noreferrer noopener\">Assinatura Jur\u00eddica<\/a><\/strong><\/p>\n\n\n\n<p class=\"has-text-align-center\"><strong><em>Fique por dentro dos concursos vigentes:<\/em><\/strong><\/p>\n\n\n\n<p class=\"has-text-align-center has-pale-cyan-blue-background-color has-background has-medium-font-size\"><strong><a href=\"https:\/\/www.estrategiaconcursos.com.br\/blog\/concursos-abertos\/\" target=\"_blank\" rel=\"noreferrer noopener\">Concursos abertos<\/a><\/strong><\/p>\n\n\n\n<p class=\"has-text-align-center has-pale-cyan-blue-background-color has-background has-medium-font-size\"><a href=\"https:\/\/www.estrategiaconcursos.com.br\/blog\/concursos-2020\/\" target=\"_blank\" rel=\"noreferrer noopener\"><strong>Concursos 2020<\/strong><\/a><\/p>\n\n\n\n<p class=\"has-text-align-center has-pale-cyan-blue-background-color has-background has-medium-font-size\"><strong><a href=\"https:\/\/www.estrategiaconcursos.com.br\/blog\/concursos-2021\/\" target=\"_blank\" rel=\"noreferrer noopener\">Concursos 2021<\/a><\/strong><\/p>\n\n\n\n<p class=\"has-text-align-center has-pale-cyan-blue-background-color has-background has-medium-font-size\"><strong><a aria-label=\"CONCURSOS DE DIREITO (abre numa nova aba)\" href=\"https:\/\/www.estrategiaconcursos.com.br\/blog\/concursos-de-direito\/\" target=\"_blank\" rel=\"noreferrer noopener\">CONCURSOS DE DIREITO<\/a><\/strong><\/p>\n","protected":false},"excerpt":{"rendered":"<p>Nesta quinta-feira, 24 de setembro, o Tribunal Regional Federal da 3\u00aa Regi\u00e3o &#8211; TRF 3, oficializou no seu Di\u00e1rio Eletr\u00f4nico de Justi\u00e7a, a decis\u00e3o que constituiu a banca examinadora e a comiss\u00e3o multiprofissional do XX Concurso P\u00fablico para Provimento de Cargos de Juiz Federal Substituto. O documento d\u00e1 publicidade \u00e0 decis\u00e3o tomada pelo \u00d3rg\u00e3o Especial [&hellip;]<\/p>\n","protected":false},"author":833,"featured_media":577267,"comment_status":"open","ping_status":"closed","sticky":false,"template":"","format":"standard","meta":{"post_tipo":"article","footnotes":""},"categories":[1],"tags":[],"tax_estado":[219975,219989],"class_list":["post-577242","post","type-post","status-publish","format-standard","has-post-thumbnail","hentry","category-cursos-e-concursos","tax_estado-ms","tax_estado-sp"],"acf":[],"yoast_head":"<!-- This site is optimized with the Yoast SEO Premium plugin v27.2 (Yoast SEO v27.2) - https:\/\/yoast.com\/product\/yoast-seo-premium-wordpress\/ -->\n<title>TRF 3 define comiss\u00e3o multiprofissional para o concurso de Juiz!<\/title>\n<meta name=\"description\" content=\"O TRF 3 definiu a banca organizadora e a comiss\u00e3o multiprofissional do pr\u00f3ximo concurso para Juiz Federal Substituto. Conhe\u00e7a as novas composi\u00e7\u00f5es!\" \/>\n<meta name=\"robots\" content=\"index, follow, max-snippet:-1, max-image-preview:large, max-video-preview:-1\" \/>\n<link rel=\"canonical\" href=\"https:\/\/www.estrategiaconcursos.com.br\/blog\/trf-3-comissao-multiprofissional-juiz\/\" \/>\n<meta property=\"og:locale\" content=\"pt_BR\" \/>\n<meta property=\"og:type\" content=\"article\" \/>\n<meta property=\"og:title\" content=\"TRF 3 define comiss\u00e3o multiprofissional para o concurso de Juiz!\" \/>\n<meta property=\"og:description\" content=\"O TRF 3 definiu a banca organizadora e a comiss\u00e3o multiprofissional do pr\u00f3ximo concurso para Juiz Federal Substituto. Conhe\u00e7a as novas composi\u00e7\u00f5es!\" \/>\n<meta property=\"og:url\" content=\"https:\/\/www.estrategiaconcursos.com.br\/blog\/trf-3-comissao-multiprofissional-juiz\/\" \/>\n<meta property=\"og:site_name\" content=\"Estrat\u00e9gia Concursos\" \/>\n<meta property=\"article:published_time\" content=\"2020-09-24T19:52:18+00:00\" \/>\n<meta property=\"article:modified_time\" content=\"2023-06-30T18:55:09+00:00\" \/>\n<meta property=\"og:image\" content=\"https:\/\/dhg1h5j42swfq.cloudfront.net\/2020\/09\/24105945\/juiz-federal-trf3-150x150-1.png\" \/>\n\t<meta property=\"og:image:width\" content=\"150\" \/>\n\t<meta property=\"og:image:height\" content=\"150\" \/>\n\t<meta property=\"og:image:type\" content=\"image\/png\" \/>\n<meta name=\"author\" content=\"Jean Vilbert\" \/>\n<meta name=\"twitter:card\" content=\"summary_large_image\" \/>\n<meta name=\"twitter:creator\" content=\"@EstratConcursos\" \/>\n<meta name=\"twitter:site\" content=\"@EstratConcursos\" \/>\n<meta name=\"twitter:label1\" content=\"Escrito por\" \/>\n\t<meta name=\"twitter:data1\" content=\"Jean Vilbert\" \/>\n\t<meta name=\"twitter:label2\" content=\"Est. tempo de leitura\" \/>\n\t<meta name=\"twitter:data2\" content=\"3 minutos\" \/>\n<script type=\"application\/ld+json\" class=\"yoast-schema-graph\">{\"@context\":\"https:\/\/schema.org\",\"@graph\":[{\"@type\":\"NewsArticle\",\"@id\":\"https:\/\/www.estrategiaconcursos.com.br\/blog\/trf-3-comissao-multiprofissional-juiz\/#article\",\"isPartOf\":{\"@id\":\"https:\/\/www.estrategiaconcursos.com.br\/blog\/trf-3-comissao-multiprofissional-juiz\/\"},\"author\":{\"name\":\"Jean Vilbert\",\"@id\":\"https:\/\/www.estrategiaconcursos.com.br\/blog\/#\/schema\/person\/475a0922f10cff0d1bc8bfecde05f999\"},\"headline\":\"TRF 3 define comiss\u00e3o multiprofissional para o concurso de Juiz!\",\"datePublished\":\"2020-09-24T19:52:18+00:00\",\"dateModified\":\"2023-06-30T18:55:09+00:00\",\"mainEntityOfPage\":{\"@id\":\"https:\/\/www.estrategiaconcursos.com.br\/blog\/trf-3-comissao-multiprofissional-juiz\/\"},\"wordCount\":560,\"commentCount\":0,\"publisher\":{\"@id\":\"https:\/\/www.estrategiaconcursos.com.br\/blog\/#organization\"},\"image\":{\"@id\":\"https:\/\/www.estrategiaconcursos.com.br\/blog\/trf-3-comissao-multiprofissional-juiz\/#primaryimage\"},\"thumbnailUrl\":\"https:\/\/dhg1h5j42swfq.cloudfront.net\/2020\/09\/24105945\/juiz-federal-trf3-150x150-1.png\",\"articleSection\":[\"Concursos P\u00fablicos\"],\"inLanguage\":\"pt-BR\",\"potentialAction\":[{\"@type\":\"CommentAction\",\"name\":\"Comment\",\"target\":[\"https:\/\/www.estrategiaconcursos.com.br\/blog\/trf-3-comissao-multiprofissional-juiz\/#respond\"]}],\"copyrightYear\":\"2020\",\"copyrightHolder\":{\"@id\":\"https:\/\/www.estrategiaconcursos.com.br\/blog\/#organization\"}},{\"@type\":\"WebPage\",\"@id\":\"https:\/\/www.estrategiaconcursos.com.br\/blog\/trf-3-comissao-multiprofissional-juiz\/\",\"url\":\"https:\/\/www.estrategiaconcursos.com.br\/blog\/trf-3-comissao-multiprofissional-juiz\/\",\"name\":\"TRF 3 define comiss\u00e3o multiprofissional para o concurso de Juiz!\",\"isPartOf\":{\"@id\":\"https:\/\/www.estrategiaconcursos.com.br\/blog\/#website\"},\"primaryImageOfPage\":{\"@id\":\"https:\/\/www.estrategiaconcursos.com.br\/blog\/trf-3-comissao-multiprofissional-juiz\/#primaryimage\"},\"image\":{\"@id\":\"https:\/\/www.estrategiaconcursos.com.br\/blog\/trf-3-comissao-multiprofissional-juiz\/#primaryimage\"},\"thumbnailUrl\":\"https:\/\/dhg1h5j42swfq.cloudfront.net\/2020\/09\/24105945\/juiz-federal-trf3-150x150-1.png\",\"datePublished\":\"2020-09-24T19:52:18+00:00\",\"dateModified\":\"2023-06-30T18:55:09+00:00\",\"description\":\"O TRF 3 definiu a banca organizadora e a comiss\u00e3o multiprofissional do pr\u00f3ximo concurso para Juiz Federal Substituto. Conhe\u00e7a as novas composi\u00e7\u00f5es!\",\"breadcrumb\":{\"@id\":\"https:\/\/www.estrategiaconcursos.com.br\/blog\/trf-3-comissao-multiprofissional-juiz\/#breadcrumb\"},\"inLanguage\":\"pt-BR\",\"potentialAction\":[{\"@type\":\"ReadAction\",\"target\":[\"https:\/\/www.estrategiaconcursos.com.br\/blog\/trf-3-comissao-multiprofissional-juiz\/\"]}]},{\"@type\":\"ImageObject\",\"inLanguage\":\"pt-BR\",\"@id\":\"https:\/\/www.estrategiaconcursos.com.br\/blog\/trf-3-comissao-multiprofissional-juiz\/#primaryimage\",\"url\":\"https:\/\/dhg1h5j42swfq.cloudfront.net\/2020\/09\/24105945\/juiz-federal-trf3-150x150-1.png\",\"contentUrl\":\"https:\/\/dhg1h5j42swfq.cloudfront.net\/2020\/09\/24105945\/juiz-federal-trf3-150x150-1.png\",\"width\":150,\"height\":150,\"caption\":\"TRF 3\"},{\"@type\":\"BreadcrumbList\",\"@id\":\"https:\/\/www.estrategiaconcursos.com.br\/blog\/trf-3-comissao-multiprofissional-juiz\/#breadcrumb\",\"itemListElement\":[{\"@type\":\"ListItem\",\"position\":1,\"name\":\"In\u00edcio\",\"item\":\"https:\/\/www.estrategiaconcursos.com.br\/blog\/\"},{\"@type\":\"ListItem\",\"position\":2,\"name\":\"TRF 3 define comiss\u00e3o multiprofissional para o concurso de Juiz!\"}]},{\"@type\":\"WebSite\",\"@id\":\"https:\/\/www.estrategiaconcursos.com.br\/blog\/#website\",\"url\":\"https:\/\/www.estrategiaconcursos.com.br\/blog\/\",\"name\":\"Estrat\u00e9gia Concursos\",\"description\":\"O blog da Estrat\u00e9gia Concursos traz not\u00edcias sobre concursos e artigos de professores oferecendo cursos para concursos (pdf + videaulas) no site.\",\"publisher\":{\"@id\":\"https:\/\/www.estrategiaconcursos.com.br\/blog\/#organization\"},\"potentialAction\":[{\"@type\":\"SearchAction\",\"target\":{\"@type\":\"EntryPoint\",\"urlTemplate\":\"https:\/\/www.estrategiaconcursos.com.br\/blog\/?s={search_term_string}\"},\"query-input\":{\"@type\":\"PropertyValueSpecification\",\"valueRequired\":true,\"valueName\":\"search_term_string\"}}],\"inLanguage\":\"pt-BR\"},{\"@type\":\"Organization\",\"@id\":\"https:\/\/www.estrategiaconcursos.com.br\/blog\/#organization\",\"name\":\"Estrat\u00e9gia Concursos\",\"url\":\"https:\/\/www.estrategiaconcursos.com.br\/blog\/\",\"logo\":{\"@type\":\"ImageObject\",\"inLanguage\":\"pt-BR\",\"@id\":\"https:\/\/www.estrategiaconcursos.com.br\/blog\/#\/schema\/logo\/image\/\",\"url\":\"https:\/\/dhg1h5j42swfq.cloudfront.net\/2025\/06\/03203428\/logo_concursos-1.jpg\",\"contentUrl\":\"https:\/\/dhg1h5j42swfq.cloudfront.net\/2025\/06\/03203428\/logo_concursos-1.jpg\",\"width\":230,\"height\":60,\"caption\":\"Estrat\u00e9gia Concursos\"},\"image\":{\"@id\":\"https:\/\/www.estrategiaconcursos.com.br\/blog\/#\/schema\/logo\/image\/\"},\"sameAs\":[\"https:\/\/x.com\/EstratConcursos\"]},{\"@type\":\"Person\",\"@id\":\"https:\/\/www.estrategiaconcursos.com.br\/blog\/#\/schema\/person\/475a0922f10cff0d1bc8bfecde05f999\",\"name\":\"Jean Vilbert\",\"image\":{\"@type\":\"ImageObject\",\"inLanguage\":\"pt-BR\",\"@id\":\"https:\/\/secure.gravatar.com\/avatar\/1667694e4ebdd32feeac9ea2794de3f0470b5c55c6198181ab0b0c333b121921?s=96&d=mm&r=g\",\"url\":\"https:\/\/secure.gravatar.com\/avatar\/1667694e4ebdd32feeac9ea2794de3f0470b5c55c6198181ab0b0c333b121921?s=96&d=mm&r=g\",\"contentUrl\":\"https:\/\/secure.gravatar.com\/avatar\/1667694e4ebdd32feeac9ea2794de3f0470b5c55c6198181ab0b0c333b121921?s=96&d=mm&r=g\",\"caption\":\"Jean Vilbert\"},\"url\":\"https:\/\/www.estrategiaconcursos.com.br\/blog\/author\/jeanvilbertgmail-com\/\"}]}<\/script>\n<!-- \/ Yoast SEO Premium plugin. -->","yoast_head_json":{"title":"TRF 3 define comiss\u00e3o multiprofissional para o concurso de Juiz!","description":"O TRF 3 definiu a banca organizadora e a comiss\u00e3o multiprofissional do pr\u00f3ximo concurso para Juiz Federal Substituto. Conhe\u00e7a as novas composi\u00e7\u00f5es!","robots":{"index":"index","follow":"follow","max-snippet":"max-snippet:-1","max-image-preview":"max-image-preview:large","max-video-preview":"max-video-preview:-1"},"canonical":"https:\/\/www.estrategiaconcursos.com.br\/blog\/trf-3-comissao-multiprofissional-juiz\/","og_locale":"pt_BR","og_type":"article","og_title":"TRF 3 define comiss\u00e3o multiprofissional para o concurso de Juiz!","og_description":"O TRF 3 definiu a banca organizadora e a comiss\u00e3o multiprofissional do pr\u00f3ximo concurso para Juiz Federal Substituto. Conhe\u00e7a as novas composi\u00e7\u00f5es!","og_url":"https:\/\/www.estrategiaconcursos.com.br\/blog\/trf-3-comissao-multiprofissional-juiz\/","og_site_name":"Estrat\u00e9gia Concursos","article_published_time":"2020-09-24T19:52:18+00:00","article_modified_time":"2023-06-30T18:55:09+00:00","og_image":[{"width":150,"height":150,"url":"https:\/\/dhg1h5j42swfq.cloudfront.net\/2020\/09\/24105945\/juiz-federal-trf3-150x150-1.png","type":"image\/png"}],"author":"Jean Vilbert","twitter_card":"summary_large_image","twitter_creator":"@EstratConcursos","twitter_site":"@EstratConcursos","twitter_misc":{"Escrito por":"Jean Vilbert","Est. tempo de leitura":"3 minutos"},"schema":{"@context":"https:\/\/schema.org","@graph":[{"@type":"NewsArticle","@id":"https:\/\/www.estrategiaconcursos.com.br\/blog\/trf-3-comissao-multiprofissional-juiz\/#article","isPartOf":{"@id":"https:\/\/www.estrategiaconcursos.com.br\/blog\/trf-3-comissao-multiprofissional-juiz\/"},"author":{"name":"Jean Vilbert","@id":"https:\/\/www.estrategiaconcursos.com.br\/blog\/#\/schema\/person\/475a0922f10cff0d1bc8bfecde05f999"},"headline":"TRF 3 define comiss\u00e3o multiprofissional para o concurso de Juiz!","datePublished":"2020-09-24T19:52:18+00:00","dateModified":"2023-06-30T18:55:09+00:00","mainEntityOfPage":{"@id":"https:\/\/www.estrategiaconcursos.com.br\/blog\/trf-3-comissao-multiprofissional-juiz\/"},"wordCount":560,"commentCount":0,"publisher":{"@id":"https:\/\/www.estrategiaconcursos.com.br\/blog\/#organization"},"image":{"@id":"https:\/\/www.estrategiaconcursos.com.br\/blog\/trf-3-comissao-multiprofissional-juiz\/#primaryimage"},"thumbnailUrl":"https:\/\/dhg1h5j42swfq.cloudfront.net\/2020\/09\/24105945\/juiz-federal-trf3-150x150-1.png","articleSection":["Concursos P\u00fablicos"],"inLanguage":"pt-BR","potentialAction":[{"@type":"CommentAction","name":"Comment","target":["https:\/\/www.estrategiaconcursos.com.br\/blog\/trf-3-comissao-multiprofissional-juiz\/#respond"]}],"copyrightYear":"2020","copyrightHolder":{"@id":"https:\/\/www.estrategiaconcursos.com.br\/blog\/#organization"}},{"@type":"WebPage","@id":"https:\/\/www.estrategiaconcursos.com.br\/blog\/trf-3-comissao-multiprofissional-juiz\/","url":"https:\/\/www.estrategiaconcursos.com.br\/blog\/trf-3-comissao-multiprofissional-juiz\/","name":"TRF 3 define comiss\u00e3o multiprofissional para o concurso de Juiz!","isPartOf":{"@id":"https:\/\/www.estrategiaconcursos.com.br\/blog\/#website"},"primaryImageOfPage":{"@id":"https:\/\/www.estrategiaconcursos.com.br\/blog\/trf-3-comissao-multiprofissional-juiz\/#primaryimage"},"image":{"@id":"https:\/\/www.estrategiaconcursos.com.br\/blog\/trf-3-comissao-multiprofissional-juiz\/#primaryimage"},"thumbnailUrl":"https:\/\/dhg1h5j42swfq.cloudfront.net\/2020\/09\/24105945\/juiz-federal-trf3-150x150-1.png","datePublished":"2020-09-24T19:52:18+00:00","dateModified":"2023-06-30T18:55:09+00:00","description":"O TRF 3 definiu a banca organizadora e a comiss\u00e3o multiprofissional do pr\u00f3ximo concurso para Juiz Federal Substituto. Conhe\u00e7a as novas composi\u00e7\u00f5es!","breadcrumb":{"@id":"https:\/\/www.estrategiaconcursos.com.br\/blog\/trf-3-comissao-multiprofissional-juiz\/#breadcrumb"},"inLanguage":"pt-BR","potentialAction":[{"@type":"ReadAction","target":["https:\/\/www.estrategiaconcursos.com.br\/blog\/trf-3-comissao-multiprofissional-juiz\/"]}]},{"@type":"ImageObject","inLanguage":"pt-BR","@id":"https:\/\/www.estrategiaconcursos.com.br\/blog\/trf-3-comissao-multiprofissional-juiz\/#primaryimage","url":"https:\/\/dhg1h5j42swfq.cloudfront.net\/2020\/09\/24105945\/juiz-federal-trf3-150x150-1.png","contentUrl":"https:\/\/dhg1h5j42swfq.cloudfront.net\/2020\/09\/24105945\/juiz-federal-trf3-150x150-1.png","width":150,"height":150,"caption":"TRF 3"},{"@type":"BreadcrumbList","@id":"https:\/\/www.estrategiaconcursos.com.br\/blog\/trf-3-comissao-multiprofissional-juiz\/#breadcrumb","itemListElement":[{"@type":"ListItem","position":1,"name":"In\u00edcio","item":"https:\/\/www.estrategiaconcursos.com.br\/blog\/"},{"@type":"ListItem","position":2,"name":"TRF 3 define comiss\u00e3o multiprofissional para o concurso de Juiz!"}]},{"@type":"WebSite","@id":"https:\/\/www.estrategiaconcursos.com.br\/blog\/#website","url":"https:\/\/www.estrategiaconcursos.com.br\/blog\/","name":"Estrat\u00e9gia Concursos","description":"O blog da Estrat\u00e9gia Concursos traz not\u00edcias sobre concursos e artigos de professores oferecendo cursos para concursos (pdf + videaulas) no site.","publisher":{"@id":"https:\/\/www.estrategiaconcursos.com.br\/blog\/#organization"},"potentialAction":[{"@type":"SearchAction","target":{"@type":"EntryPoint","urlTemplate":"https:\/\/www.estrategiaconcursos.com.br\/blog\/?s={search_term_string}"},"query-input":{"@type":"PropertyValueSpecification","valueRequired":true,"valueName":"search_term_string"}}],"inLanguage":"pt-BR"},{"@type":"Organization","@id":"https:\/\/www.estrategiaconcursos.com.br\/blog\/#organization","name":"Estrat\u00e9gia Concursos","url":"https:\/\/www.estrategiaconcursos.com.br\/blog\/","logo":{"@type":"ImageObject","inLanguage":"pt-BR","@id":"https:\/\/www.estrategiaconcursos.com.br\/blog\/#\/schema\/logo\/image\/","url":"https:\/\/dhg1h5j42swfq.cloudfront.net\/2025\/06\/03203428\/logo_concursos-1.jpg","contentUrl":"https:\/\/dhg1h5j42swfq.cloudfront.net\/2025\/06\/03203428\/logo_concursos-1.jpg","width":230,"height":60,"caption":"Estrat\u00e9gia Concursos"},"image":{"@id":"https:\/\/www.estrategiaconcursos.com.br\/blog\/#\/schema\/logo\/image\/"},"sameAs":["https:\/\/x.com\/EstratConcursos"]},{"@type":"Person","@id":"https:\/\/www.estrategiaconcursos.com.br\/blog\/#\/schema\/person\/475a0922f10cff0d1bc8bfecde05f999","name":"Jean Vilbert","image":{"@type":"ImageObject","inLanguage":"pt-BR","@id":"https:\/\/secure.gravatar.com\/avatar\/1667694e4ebdd32feeac9ea2794de3f0470b5c55c6198181ab0b0c333b121921?s=96&d=mm&r=g","url":"https:\/\/secure.gravatar.com\/avatar\/1667694e4ebdd32feeac9ea2794de3f0470b5c55c6198181ab0b0c333b121921?s=96&d=mm&r=g","contentUrl":"https:\/\/secure.gravatar.com\/avatar\/1667694e4ebdd32feeac9ea2794de3f0470b5c55c6198181ab0b0c333b121921?s=96&d=mm&r=g","caption":"Jean Vilbert"},"url":"https:\/\/www.estrategiaconcursos.com.br\/blog\/author\/jeanvilbertgmail-com\/"}]}},"_links":{"self":[{"href":"https:\/\/www.estrategiaconcursos.com.br\/blog\/wp-json\/wp\/v2\/posts\/577242","targetHints":{"allow":["GET"]}}],"collection":[{"href":"https:\/\/www.estrategiaconcursos.com.br\/blog\/wp-json\/wp\/v2\/posts"}],"about":[{"href":"https:\/\/www.estrategiaconcursos.com.br\/blog\/wp-json\/wp\/v2\/types\/post"}],"author":[{"embeddable":true,"href":"https:\/\/www.estrategiaconcursos.com.br\/blog\/wp-json\/wp\/v2\/users\/833"}],"replies":[{"embeddable":true,"href":"https:\/\/www.estrategiaconcursos.com.br\/blog\/wp-json\/wp\/v2\/comments?post=577242"}],"version-history":[{"count":16,"href":"https:\/\/www.estrategiaconcursos.com.br\/blog\/wp-json\/wp\/v2\/posts\/577242\/revisions"}],"predecessor-version":[{"id":1241759,"href":"https:\/\/www.estrategiaconcursos.com.br\/blog\/wp-json\/wp\/v2\/posts\/577242\/revisions\/1241759"}],"wp:featuredmedia":[{"embeddable":true,"href":"https:\/\/www.estrategiaconcursos.com.br\/blog\/wp-json\/wp\/v2\/media\/577267"}],"wp:attachment":[{"href":"https:\/\/www.estrategiaconcursos.com.br\/blog\/wp-json\/wp\/v2\/media?parent=577242"}],"wp:term":[{"taxonomy":"category","embeddable":true,"href":"https:\/\/www.estrategiaconcursos.com.br\/blog\/wp-json\/wp\/v2\/categories?post=577242"},{"taxonomy":"post_tag","embeddable":true,"href":"https:\/\/www.estrategiaconcursos.com.br\/blog\/wp-json\/wp\/v2\/tags?post=577242"},{"taxonomy":"tax_estado","embeddable":true,"href":"https:\/\/www.estrategiaconcursos.com.br\/blog\/wp-json\/wp\/v2\/tax_estado?post=577242"}],"curies":[{"name":"wp","href":"https:\/\/api.w.org\/{rel}","templated":true}]}}