{"id":57655,"date":"2016-01-05T14:15:57","date_gmt":"2016-01-05T17:15:57","guid":{"rendered":"https:\/\/www.estrategiaconcursos.com.br\/blog\/?p=57655"},"modified":"2018-09-28T18:08:17","modified_gmt":"2018-09-28T21:08:17","slug":"edital-senado-federal","status":"publish","type":"post","link":"https:\/\/www.estrategiaconcursos.com.br\/blog\/edital-senado-federal\/","title":{"rendered":"Edital Senado Federal: tira-d\u00favidas sobre a prepara\u00e7\u00e3o e sobre o certame anterior!"},"content":{"rendered":"<p style=\"text-align: justify;\"><em><strong><span style=\"color: #000000;\">Edital Senado Federal: tira-d\u00favidas sobre a prepara\u00e7\u00e3o e sobre o certame anterior<\/span><\/strong><\/em><\/p>\n<p style=\"text-align: justify;\"><span style=\"color: #000000;\">Ol\u00e1 pessoal, tudo bem?!<\/span><\/p>\n<p style=\"text-align: justify;\"><span style=\"color: #000000;\"><img loading=\"lazy\" decoding=\"async\" class=\"alignleft wp-image-48224 size-medium\" src=\"https:\/\/dhg1h5j42swfq.cloudfront.net\/2016\/09\/05150418\/consultor-do-senado-300x200.jpg\" alt=\"edital senado federal\" width=\"300\" height=\"200\" \/>O edital senado federal \u00e9 um dos grandes esperados para 2017\/2018. Nesse meio de concursos legislativos, sobretudo no nosso grupo de estudo no facebook (veja abaixo), h\u00e1 todo tipo de especula\u00e7\u00f5es sobre quando sair\u00e1 o edital. Voc\u00ea que nos acompanha j\u00e1 sabe que n\u00e3o gostamos de nos envolver em especula\u00e7\u00f5es.<\/span><\/p>\n<p style=\"text-align: justify;\"><span style=\"color: #000000;\">Neste artigo\u00a0falaremos sobre os editais anteriores para o concurso Senado Federal de analista legislativo, t\u00e9cnico legislativo e policial legislativo federal.<\/span><\/p>\n<p style=\"text-align: justify;\"><span style=\"color: #000000;\">Qual a import\u00e2ncia de se analisar o edital anterior? Bem, em sendo nossa \u00fanica fonte de dados para um eventual pr\u00f3ximo concurso, nada melhor do que proceder a essa an\u00e1lise a fim de munir os estudos.<\/span><\/p>\n<p style=\"text-align: justify;\"><span style=\"color: #000000;\">A an\u00e1lise do edital senado federal ser\u00e1 feita atrav\u00e9s de perguntas e respostas. Antes, contudo, gostaria de responder a algumas perguntas frequentes sobre as carreiras legislativas:<\/span><\/p>\n<p style=\"text-align: justify;\"><span style=\"color: #000000;\"><strong>1 \u2013 Qual sa\u00edra primeiro: CLDF, C\u00e2mara dos Deputados ou Senado Federal?<\/strong><\/span><\/p>\n<p style=\"text-align: justify;\"><span style=\"color: #000000;\">N\u00e3o sei e, confesso, n\u00e3o arrisco nem chutar uma ordem atualmente.<\/span><\/p>\n<p style=\"text-align: justify;\"><span style=\"color: #000000;\">A CLDF est\u00e1 com certame autorizado desde julho de 2016. Muita gente deu o concurso CLDF como morto depois que a ent\u00e3o Presidente da Casa foi afastada das fun\u00e7\u00f5es. No entanto, recentemente a Casa divulgou algumas informa\u00e7\u00f5es que nos levam a crer o contr\u00e1rio, a CLDF est\u00e1 se movimentando sim!<\/span><\/p>\n<p style=\"text-align: justify;\"><span style=\"color: #000000;\">A CD tem concurso autorizado desde 2014 para cargos que n\u00e3o h\u00e1 nenhum certame em vigor. Ademais, o PLOA 2017 prev\u00ea o preenchimento de cargos na Casa.<\/span><\/p>\n<p style=\"text-align: justify;\"><span style=\"color: #000000;\">J\u00e1 o SF est\u00e1 em situa\u00e7\u00e3o diferente da sua \u2018colega\u2019, CD. O \u00faltimo concurso foi em janeiro de 2012, ou seja, h\u00e1 praticamente 5 anos. Est\u00e3o todos expirados e a Casa tem um d\u00e9ficit de quase 1 mil cargos vagos. O PLOA 2017 tamb\u00e9m prev\u00ea preenchimento de cargos na Casa. Al\u00e9m disso, o Senado, com frequ\u00eancia, tem ajustado os quantitativos de cargos vagos, extinguindo alguns. Por fim, a Casa divulgou, em agosto, algumas regras para participa\u00e7\u00e3o de servidores na comiss\u00e3o organizadora de concursos.<\/span><\/p>\n<p style=\"text-align: justify;\"><span style=\"color: #000000;\">Todas as not\u00edcias contendo as informa\u00e7\u00f5es completas est\u00e3o ao final deste artigo.<\/span><\/p>\n<p style=\"text-align: justify;\"><span style=\"color: #000000;\"><strong>2<\/strong> \u2013 <strong>Posso estudar para todos eles ao mesmo tempo?<\/strong><\/span><\/p>\n<p style=\"text-align: justify;\"><span style=\"color: #000000;\">Sim! Os editais legislativos possuem um eixo comum de estudos. Claro que ir\u00e1 variar de acordo com o cargo que deseja, motivo pelo qual voc\u00ea precisa analisar calmamente cada um. Para isso eu deixo, ao final, os editais do Senado.<\/span><\/p>\n<p style=\"text-align: justify;\"><span style=\"color: #000000;\">Contudo, o ideal \u00e9 focar no eixo comum e j\u00e1 iniciar os estudos, pois quando o primeiro edital for publicado, bastar\u00e1 voc\u00ea adaptar o conte\u00fado faltante. Ou seja: em terra de cego, que tem olho \u00e9 rei. Dito de outra forma: voc\u00ea j\u00e1 ter\u00e1 um olho em rela\u00e7\u00e3o a quem resolver iniciar a prepara\u00e7\u00e3o quando for divulgado o edital.<\/span><\/p>\n<p style=\"text-align: justify;\"><span style=\"color: #000000;\"><strong>3 \u2013 Estudo mais de um regimento interno ao mesmo tempo?<\/strong><\/span><\/p>\n<p style=\"text-align: justify;\"><span style=\"color: #000000;\">Sim, o regimento interno \u00e9 o tend\u00e3o de Aquiles dos pretendentes a uma vaga nas carreiras legislativas, pois \u00e9 grande, pode ser confuso no in\u00edcio, e normalmente tem seus conte\u00fados cobrados at\u00e9 em prova discursiva, a depender do cargo pretendido.<\/span><\/p>\n<p style=\"text-align: justify;\"><span style=\"color: #000000;\">Assim, o melhor a fazer \u00e9 escolher um concurso entre os 3 e j\u00e1 iniciar a estudar o regimento, mas JAMAIS deixe para \u00faltima hora.<\/span><\/p>\n<p style=\"text-align: justify;\"><span style=\"color: #000000;\">E se sair outro concurso? Veja: os regimentos s\u00e3o <strong>MUITO PARECIDOS<\/strong> em seus principais pontos. Claro que h\u00e1 in\u00fameros detalhes diferentes.<\/span><\/p>\n<p style=\"text-align: justify;\"><span style=\"color: #000000;\">No entanto, por experi\u00eancia, vejo que os alunos se perdem mais com conceitos b\u00e1sicos do que propriamente com temas mais complexos do regimento. Logo, comece a estudar, domine o b\u00e1sico, entenda o que \u00e9 uma proposi\u00e7\u00e3o, os tipos de proposi\u00e7\u00f5es, o que \u00e9 um destaque, etc.<\/span><\/p>\n<p style=\"text-align: justify;\"><span style=\"color: #000000;\">Feito isso, <strong>TENHO CERTEZA<\/strong> que qualquer outro regimento legislativo que resolver estudar ser\u00e1 mais f\u00e1cil. Mas o importante \u00e9: n\u00e3o deixe para o p\u00f3s-edital pois, a despeito de ser poss\u00edvel o estudo, \u00e9 uma mat\u00e9ria que n\u00e3o merece ser desprezada.<\/span><\/p>\n<p style=\"text-align: justify;\"><span style=\"color: #000000;\">No final do artigo tem um texto meu sobre como estudar regimentos internos para concursos, contendo algumas dicas.<\/span><\/p>\n<p style=\"text-align: justify;\"><span style=\"color: #000000;\"><strong>4 \u2013 Qual a remunera\u00e7\u00e3o atual no Senado Federal?<\/strong><\/span><\/p>\n<p style=\"text-align: justify;\"><span style=\"color: #000000;\">Veja abaixo:<\/span><\/p>\n<p style=\"text-align: justify;\"><span style=\"color: #000000;\"><strong>Analista &#8211; \u00c1rea Administrativa<\/strong>:\u00a0R$23.647,49 (inicial) &#8211; R$29.251,86 (final)<\/span><\/p>\n<p style=\"text-align: justify;\"><span style=\"color: #000000;\"><strong style=\"font-style: inherit;\">Analista &#8211; Processo Legislativo<\/strong>: R$23.647,49 (inicial) &#8211; R$29.251,86 (final)<\/span><\/p>\n<p style=\"text-align: justify;\"><span style=\"color: #000000;\"><strong style=\"font-style: inherit;\">T\u00e9cnico &#8211; Administra\u00e7\u00e3o<\/strong>:\u00a0R$17.739,69 inicial) &#8211; R$ 23.260,89 (final)<\/span><\/p>\n<p style=\"text-align: justify;\"><span style=\"color: #000000;\"><strong style=\"font-style: inherit;\">T\u00e9cnico &#8211; Processo Legislativo<\/strong>: R$17.739,69 inicial) &#8211; R$ 23.260,89 (final)<\/span><\/p>\n<p style=\"text-align: justify;\"><span style=\"color: #000000;\"><strong style=\"font-style: inherit;\">Policial Legislativo<\/strong>: \u00a0Sal\u00e1rio de t\u00e9cnico + gratifica\u00e7\u00f5es de atividade policial, atividade noturna, etc.<\/span><\/p>\n<p style=\"text-align: justify;\"><span style=\"color: #000000;\"><strong>5 \u2013 Quantas vagas estavam no edital senado federal e quantos foram convocados no \u00faltimo concurso senado federal?<\/strong><\/span><\/p>\n<p style=\"text-align: justify;\"><span style=\"color: #000000;\">De acordo com o levantamento feito pelo professor Carlos Xavier, foram convocados:<\/span><\/p>\n<p style=\"text-align: justify;\"><span style=\"color: #000000;\"><strong>Analista &#8211; \u00c1rea Administrativa: <\/strong>30 vagas x 80 nomeados<\/span><\/p>\n<p style=\"text-align: justify;\"><span style=\"color: #000000;\"><strong style=\"font-style: inherit;\">Analista &#8211; Processo Legislativo<\/strong>: 40 vagas x 72 nomeados<\/span><\/p>\n<p style=\"text-align: justify;\"><span style=\"color: #000000;\"><strong style=\"font-style: inherit;\">T\u00e9cnico &#8211; Administra\u00e7\u00e3o<\/strong>: 20 vagas x 40 nomeados<\/span><\/p>\n<p style=\"text-align: justify;\"><span style=\"color: #000000;\"><strong style=\"font-style: inherit;\">T\u00e9cnico &#8211; Processo Legislativo<\/strong>: 25 vagas x 45 nomeados<\/span><\/p>\n<p style=\"text-align: justify;\"><span style=\"color: #000000;\"><strong style=\"font-style: inherit;\">Policial Legislativo<\/strong>: \u00a025 vagas x 68 nomeados<\/span><\/p>\n<p style=\"text-align: justify;\"><span style=\"color: #000000;\"><strong>6 \u2013 Quantas etapas teve o concurso?<\/strong><\/span><\/p>\n<p style=\"text-align: justify;\"><span style=\"color: #000000;\">Foram duas etapas. A primeira, para todos os cargos, teve provas objetivas e discursivas. J\u00e1 a segunda foi apenas para o cargo de Taquigrafia (Analista), para o qual teve prova pr\u00e1tica de digita\u00e7\u00e3o.<\/span><\/p>\n<p style=\"text-align: justify;\"><span style=\"color: #000000;\">O cargo de policial legislativo federal \u00e9 um caso a parte. Ele teve cinco etapas, sendo as seguintes (transcri\u00e7\u00e3o\u00a0do edital senado federal):<\/span><\/p>\n<blockquote>\n<p style=\"text-align: justify;\"><span style=\"color: #000000;\">PRIMEIRA ETAPA: Ser\u00e1 constitu\u00edda de Provas Escritas Objetivas de M\u00faltipla Escolha, com distribui\u00e7\u00e3o e valora\u00e7\u00e3o das quest\u00f5es definidas no subitem 7.2 deste edital, bem como Provas Escritas Discursivas, conforme especifica\u00e7\u00f5es que se encontram dispostas no subitem 7.3 deste edital, ambas de car\u00e1ter eliminat\u00f3rio e classificat\u00f3rio.<\/span><\/p>\n<p style=\"text-align: justify;\"><span style=\"color: #000000;\">SEGUNDA ETAPA: Ser\u00e1 constitu\u00edda de Prova de Aptid\u00e3o F\u00edsica, de car\u00e1ter apenas eliminat\u00f3rio, somente para os candidatos aprovados na Primeira Etapa, conforme especifica\u00e7\u00f5es que se encontram dispostas no item 8 deste edital.<\/span><\/p>\n<p style=\"text-align: justify;\"><span style=\"color: #000000;\">TERCEIRA ETAPA: Ser\u00e1 constitu\u00edda de Avalia\u00e7\u00e3o Psicol\u00f3gica, de car\u00e1ter apenas eliminat\u00f3rio, somente para os candidatos aprovados na Segunda Etapa, conforme especifica\u00e7\u00f5es que se encontram dispostas no item 9 deste edital.<\/span><\/p>\n<p style=\"text-align: justify;\"><span style=\"color: #000000;\">QUARTA ETAPA: Ser\u00e1 constitu\u00edda de Investiga\u00e7\u00e3o Social Documental, de car\u00e1ter apenas eliminat\u00f3rio, somente para os candidatos aprovados na Terceira Etapa, conforme especifica\u00e7\u00f5es que se encontram dispostas no item 10 deste edital.<\/span><\/p>\n<p style=\"text-align: justify;\"><span style=\"color: #000000;\">QUINTA ETAPA: Ser\u00e1 constitu\u00edda de Curso de Forma\u00e7\u00e3o, de car\u00e1ter apenas eliminat\u00f3rio, somente para os candidatos aprovados na Quarta Etapa, conforme especifica\u00e7\u00f5es que se encontram dispostas no item 11 deste edital.<\/span><\/p>\n<\/blockquote>\n<p style=\"text-align: justify;\"><span style=\"color: #000000;\"><strong>7 \u2013 Como foram as provas objetivas?<\/strong><\/span><\/p>\n<p style=\"text-align: justify;\"><span style=\"color: #000000;\">Para os cargos de t\u00e9cnico, inclu\u00eddo aqui os de policial, segue abaixo a forma\u00e7\u00e3o das provas.<\/span><\/p>\n<p style=\"text-align: justify;\"><span style=\"color: #000000;\">T\u00e9cnico Legislativo e Policial Legislativo:<\/span><\/p>\n<p style=\"text-align: justify;\"><img loading=\"lazy\" decoding=\"async\" class=\"aligncenter size-full wp-image-57660\" src=\"https:\/\/www.estrategiaconcursos.com.br\/blog\/wp-content\/uploads\/2016\/12\/edital-senado-federal-provas-t\u00e9ncico-e-policial.png\" alt=\"edital-senado-federal-provas-tencico-e-policial\" width=\"478\" height=\"107\" \/><\/p>\n<p style=\"text-align: justify;\"><span style=\"color: #000000;\">Analista Legislativo:<\/span><\/p>\n<p style=\"text-align: justify;\"><span style=\"color: #000000;\"><img loading=\"lazy\" decoding=\"async\" class=\"aligncenter size-full wp-image-57658\" src=\"https:\/\/www.estrategiaconcursos.com.br\/blog\/wp-content\/uploads\/2016\/12\/edital-senado-federal-prova-analista.png\" alt=\"edital-senado-federal-prova-analista\" width=\"482\" height=\"107\" \/>\u00a0 \u00a0 \u00a0 \u00a0 \u00a0 \u00a0 \u00a0<\/span><\/p>\n<p style=\"text-align: justify;\"><span style=\"color: #000000;\"><strong>8 \u2013 E as provas discursivas, quais foram as pontua\u00e7\u00f5es?<\/strong><\/span><\/p>\n<p style=\"text-align: justify;\"><span style=\"color: #000000;\">A pontua\u00e7\u00e3o foi semelhante para todos os cargos, confira:<\/span><\/p>\n<p style=\"text-align: justify;\"><span style=\"color: #000000;\"><img loading=\"lazy\" decoding=\"async\" class=\"aligncenter size-full wp-image-57659\" src=\"https:\/\/www.estrategiaconcursos.com.br\/blog\/wp-content\/uploads\/2016\/12\/EDITAL-SENADO-FEDERAL-prova-discursiva.png\" alt=\"edital-senado-federal-prova-discursiva\" width=\"580\" height=\"81\" \/><\/span><\/p>\n<p style=\"text-align: justify;\"><span style=\"color: #000000;\"><strong>9 \u2013 Quais foram as mat\u00e9rias b\u00e1sicas do concurso senado?<\/strong><\/span><\/p>\n<p style=\"text-align: justify;\"><span style=\"color: #000000;\">Para o cargo de analista legislativo as mat\u00e9rias b\u00e1sicas foram Portugu\u00eas e Ingl\u00eas.<\/span><\/p>\n<p style=\"text-align: justify;\"><span style=\"color: #000000;\">J\u00e1 para o cargo de t\u00e9cnico, incluindo o de policial, tivemos: Portugu\u00eas, Inform\u00e1tica e Conhecimentos Gerais (atualidades e alguns t\u00f3picos de Direito Administrativo).<\/span><\/p>\n<p style=\"text-align: justify;\"><span style=\"color: #000000;\">S\u00e3o essas mat\u00e9rias que devo estudar? Sem d\u00favida que sim. No entanto, quando falamos em mat\u00e9rias b\u00e1sicas, nos referimos \u00e0quilo que \u00e9 algo bem prov\u00e1vel de ser cobrado no seu cargo. Por exemplo: para os cargos com especialidade processo legislativo, \u00e9 certo que voc\u00ea deve focar em Constitucional e Administrativo, al\u00e9m das b\u00e1sicas.<\/span><\/p>\n<p style=\"text-align: justify;\"><span style=\"color: #000000;\"><strong>10 \u2013 Como foi cobrado o regimento interno dos editais?<\/strong><\/span><\/p>\n<p style=\"text-align: justify;\"><span style=\"color: #000000;\">Abaixo segue um artigo que escrevi falando especificamente sobre isso. Volte aqui ap\u00f3s a leitura, pois ainda temos coisas no final deste artigo, ok?<\/span><\/p>\n<blockquote class=\"wp-embedded-content\" data-secret=\"i1PECf9nP6\"><p><a href=\"https:\/\/www.estrategiaconcursos.com.br\/blog\/concurso-do-senado-federal-como-foram-cobrados-regimentos-nos-editais\/\">Concurso Senado Federal &#8211; Como foram cobrados os Regimentos nos editais<\/a><\/p><\/blockquote>\n<p><iframe loading=\"lazy\" class=\"wp-embedded-content\" sandbox=\"allow-scripts\" security=\"restricted\" style=\"position: absolute; clip: rect(1px, 1px, 1px, 1px);\" title=\"&#8220;Concurso Senado Federal &#8211; Como foram cobrados os Regimentos nos editais&#8221; &#8212; Estrat\u00e9gia Concursos\" src=\"https:\/\/www.estrategiaconcursos.com.br\/blog\/concurso-do-senado-federal-como-foram-cobrados-regimentos-nos-editais\/embed\/#?secret=eQAIXcPgCP#?secret=i1PECf9nP6\" data-secret=\"i1PECf9nP6\" width=\"500\" height=\"282\" frameborder=\"0\" marginwidth=\"0\" marginheight=\"0\" scrolling=\"no\"><\/iframe><\/p>\n<p><span style=\"color: #000000;\"><strong>11 &#8211; Cad\u00ea os links dos editais?<\/strong><\/span><\/p>\n<p><span style=\"color: #000000;\">Seguem:<\/span><\/p>\n<p><a href=\"https:\/\/dhg1h5j42swfq.cloudfront.net\/2016\/02\/12100545\/Edital-Tecnico-Legislativo-Senado-2011.pdf\" target=\"_blank\" rel=\"noopener\">Edital T\u00e9cnico Legislativo Senado 2011<\/a><\/p>\n<p><a href=\"https:\/\/www.estrategiaconcursos.com.br\/blog\/wp-content\/uploads\/2016\/12\/Edital-02-Analista.pdf\" target=\"_blank\" rel=\"noopener\">Edital Analista Legislativo 2011<\/a><\/p>\n<p><a href=\"https:\/\/www.estrategiaconcursos.com.br\/blog\/wp-content\/uploads\/2016\/12\/Edital-04-Policial.pdf\" target=\"_blank\" rel=\"noopener\">Edital Policial Legislativo<\/a><\/p>\n<p><span style=\"color: #000000;\"><strong>13 &#8211; O Estrat\u00e9gia faz muitos eventos sobre as carreiras legislativas. Tem como encontr\u00e1-los?<\/strong><\/span><\/p>\n<p><span style=\"color: #000000;\">Sim, reunimos tudo em um \u00fanico link. Clique abaixo e tenha acesso a tudo que j\u00e1 produzimos:<\/span><\/p>\n<blockquote class=\"wp-embedded-content\" data-secret=\"mrMB4ug08d\"><p><a href=\"https:\/\/www.estrategiaconcursos.com.br\/blog\/guia-completo-carreiras-legislativas\/\">Guia Completo Carreiras Legislativas &#8211; saiba TUDO sobre os concursos<\/a><\/p><\/blockquote>\n<p><iframe loading=\"lazy\" class=\"wp-embedded-content\" sandbox=\"allow-scripts\" security=\"restricted\" style=\"position: absolute; clip: rect(1px, 1px, 1px, 1px);\" title=\"&#8220;Guia Completo Carreiras Legislativas &#8211; saiba TUDO sobre os concursos&#8221; &#8212; Estrat\u00e9gia Concursos\" src=\"https:\/\/www.estrategiaconcursos.com.br\/blog\/guia-completo-carreiras-legislativas\/embed\/#?secret=5uYb09bNef#?secret=mrMB4ug08d\" data-secret=\"mrMB4ug08d\" width=\"500\" height=\"282\" frameborder=\"0\" marginwidth=\"0\" marginheight=\"0\" scrolling=\"no\"><\/iframe><\/p>\n<p><span style=\"color: #000000;\"><strong>14 &#8211; E onde est\u00e3o as not\u00edcias que prometeu sobre a CLDF, Senado e CD?<\/strong><\/span><\/p>\n<blockquote class=\"wp-embedded-content\" data-secret=\"6yaWQzTrAZ\"><p><a href=\"https:\/\/www.estrategiaconcursos.com.br\/blog\/concurso-senado\/\">Concurso Senado: Aumenta a vac\u00e2ncia no Quadro de Cargos. Confira!<\/a><\/p><\/blockquote>\n<p><iframe loading=\"lazy\" class=\"wp-embedded-content\" sandbox=\"allow-scripts\" security=\"restricted\" style=\"position: absolute; clip: rect(1px, 1px, 1px, 1px);\" title=\"&#8220;Concurso Senado: Aumenta a vac\u00e2ncia no Quadro de Cargos. Confira!&#8221; &#8212; Estrat\u00e9gia Concursos\" src=\"https:\/\/www.estrategiaconcursos.com.br\/blog\/concurso-senado\/embed\/#?secret=xOQeWHsXJg#?secret=6yaWQzTrAZ\" data-secret=\"6yaWQzTrAZ\" width=\"500\" height=\"282\" frameborder=\"0\" marginwidth=\"0\" marginheight=\"0\" scrolling=\"no\"><\/iframe><\/p>\n<blockquote class=\"wp-embedded-content\" data-secret=\"KQK2mMvZl2\"><p><a href=\"https:\/\/www.estrategiaconcursos.com.br\/blog\/concurso-camara-legislativa-df\/\">Concurso C\u00e2mara Legislativa DF: mais nomea\u00e7\u00f5es previstas para 2021<\/a><\/p><\/blockquote>\n<p><iframe loading=\"lazy\" class=\"wp-embedded-content\" sandbox=\"allow-scripts\" security=\"restricted\" style=\"position: absolute; clip: rect(1px, 1px, 1px, 1px);\" title=\"&#8220;Concurso C\u00e2mara Legislativa DF: mais nomea\u00e7\u00f5es previstas para 2021&#8221; &#8212; Estrat\u00e9gia Concursos\" src=\"https:\/\/www.estrategiaconcursos.com.br\/blog\/concurso-camara-legislativa-df\/embed\/#?secret=YiwjTpyLvk#?secret=KQK2mMvZl2\" data-secret=\"KQK2mMvZl2\" width=\"500\" height=\"282\" frameborder=\"0\" marginwidth=\"0\" marginheight=\"0\" scrolling=\"no\"><\/iframe><\/p>\n<p>&nbsp;<\/p>\n","protected":false},"excerpt":{"rendered":"<p>Edital Senado Federal: tira-d\u00favidas sobre a prepara\u00e7\u00e3o e sobre o certame anterior Ol\u00e1 pessoal, tudo bem?! O edital senado federal \u00e9 um dos grandes esperados para 2017\/2018. Nesse meio de concursos legislativos, sobretudo no nosso grupo de estudo no facebook (veja abaixo), h\u00e1 todo tipo de especula\u00e7\u00f5es sobre quando sair\u00e1 o edital. Voc\u00ea que nos [&hellip;]<\/p>\n","protected":false},"author":48,"featured_media":48224,"comment_status":"open","ping_status":"open","sticky":false,"template":"","format":"standard","meta":{"post_tipo":"article","footnotes":""},"categories":[1,2017],"tags":[2345,1629],"tax_estado":[],"class_list":["post-57655","post","type-post","status-publish","format-standard","has-post-thumbnail","hentry","category-cursos-e-concursos","category-concursos-legislativos","tag-edital-senado","tag-senado-federal"],"acf":[],"yoast_head":"<!-- This site is optimized with the Yoast SEO Premium plugin v27.2 (Yoast SEO v27.2) - https:\/\/yoast.com\/product\/yoast-seo-premium-wordpress\/ -->\n<title>Edital Senado Federal: tira-d\u00favidas sobre a prepara\u00e7\u00e3o e sobre o certame anterior!<\/title>\n<meta name=\"description\" content=\"Confira tudo sobre o Edital Senado Federal, incluindo dicas de estudo, informa\u00e7\u00f5es sobre as carreiras, detalhes do \u00faltimo edital e mais...\" \/>\n<meta name=\"robots\" content=\"index, follow, max-snippet:-1, max-image-preview:large, max-video-preview:-1\" \/>\n<link rel=\"canonical\" href=\"https:\/\/www.estrategiaconcursos.com.br\/blog\/edital-senado-federal\/\" \/>\n<meta property=\"og:locale\" content=\"pt_BR\" \/>\n<meta property=\"og:type\" content=\"article\" \/>\n<meta property=\"og:title\" content=\"Edital Senado Federal: tira-d\u00favidas sobre a prepara\u00e7\u00e3o e sobre o certame anterior!\" \/>\n<meta property=\"og:description\" content=\"Confira tudo sobre o Edital Senado Federal, incluindo dicas de estudo, informa\u00e7\u00f5es sobre as carreiras, detalhes do \u00faltimo edital e mais...\" \/>\n<meta property=\"og:url\" content=\"https:\/\/www.estrategiaconcursos.com.br\/blog\/edital-senado-federal\/\" \/>\n<meta property=\"og:site_name\" content=\"Estrat\u00e9gia Concursos\" \/>\n<meta property=\"article:published_time\" content=\"2016-01-05T17:15:57+00:00\" \/>\n<meta property=\"article:modified_time\" content=\"2018-09-28T21:08:17+00:00\" \/>\n<meta property=\"og:image\" content=\"https:\/\/dhg1h5j42swfq.cloudfront.net\/2016\/09\/05150418\/consultor-do-senado-300x200.jpg\" \/>\n\t<meta property=\"og:image:width\" content=\"300\" \/>\n\t<meta property=\"og:image:height\" content=\"200\" \/>\n\t<meta property=\"og:image:type\" content=\"image\/jpeg\" \/>\n<meta name=\"author\" content=\"Coordena\u00e7\u00e3o\" \/>\n<meta name=\"twitter:card\" content=\"summary_large_image\" \/>\n<meta name=\"twitter:creator\" content=\"@EstratConcursos\" \/>\n<meta name=\"twitter:site\" content=\"@EstratConcursos\" \/>\n<meta name=\"twitter:label1\" content=\"Escrito por\" \/>\n\t<meta name=\"twitter:data1\" content=\"Coordena\u00e7\u00e3o\" \/>\n\t<meta name=\"twitter:label2\" content=\"Est. tempo de leitura\" \/>\n\t<meta name=\"twitter:data2\" content=\"7 minutos\" \/>\n<script type=\"application\/ld+json\" class=\"yoast-schema-graph\">{\"@context\":\"https:\/\/schema.org\",\"@graph\":[{\"@type\":\"NewsArticle\",\"@id\":\"https:\/\/www.estrategiaconcursos.com.br\/blog\/edital-senado-federal\/#article\",\"isPartOf\":{\"@id\":\"https:\/\/www.estrategiaconcursos.com.br\/blog\/edital-senado-federal\/\"},\"author\":{\"name\":\"Coordena\u00e7\u00e3o\",\"@id\":\"https:\/\/www.estrategiaconcursos.com.br\/blog\/#\/schema\/person\/cdad40b5818eb228a838461fcd656da7\"},\"headline\":\"Edital Senado Federal: tira-d\u00favidas sobre a prepara\u00e7\u00e3o e sobre o certame anterior!\",\"datePublished\":\"2016-01-05T17:15:57+00:00\",\"dateModified\":\"2018-09-28T21:08:17+00:00\",\"mainEntityOfPage\":{\"@id\":\"https:\/\/www.estrategiaconcursos.com.br\/blog\/edital-senado-federal\/\"},\"wordCount\":1368,\"commentCount\":0,\"publisher\":{\"@id\":\"https:\/\/www.estrategiaconcursos.com.br\/blog\/#organization\"},\"image\":{\"@id\":\"https:\/\/www.estrategiaconcursos.com.br\/blog\/edital-senado-federal\/#primaryimage\"},\"thumbnailUrl\":\"https:\/\/dhg1h5j42swfq.cloudfront.net\/2016\/09\/05150418\/consultor-do-senado-300x200.jpg\",\"keywords\":[\"edital senado\",\"senado federal\"],\"articleSection\":[\"Concursos P\u00fablicos\",\"Legislativo\"],\"inLanguage\":\"pt-BR\",\"potentialAction\":[{\"@type\":\"CommentAction\",\"name\":\"Comment\",\"target\":[\"https:\/\/www.estrategiaconcursos.com.br\/blog\/edital-senado-federal\/#respond\"]}],\"copyrightYear\":\"2016\",\"copyrightHolder\":{\"@id\":\"https:\/\/www.estrategiaconcursos.com.br\/blog\/#organization\"}},{\"@type\":\"WebPage\",\"@id\":\"https:\/\/www.estrategiaconcursos.com.br\/blog\/edital-senado-federal\/\",\"url\":\"https:\/\/www.estrategiaconcursos.com.br\/blog\/edital-senado-federal\/\",\"name\":\"Edital Senado Federal: tira-d\u00favidas sobre a prepara\u00e7\u00e3o e sobre o certame anterior!\",\"isPartOf\":{\"@id\":\"https:\/\/www.estrategiaconcursos.com.br\/blog\/#website\"},\"primaryImageOfPage\":{\"@id\":\"https:\/\/www.estrategiaconcursos.com.br\/blog\/edital-senado-federal\/#primaryimage\"},\"image\":{\"@id\":\"https:\/\/www.estrategiaconcursos.com.br\/blog\/edital-senado-federal\/#primaryimage\"},\"thumbnailUrl\":\"https:\/\/dhg1h5j42swfq.cloudfront.net\/2016\/09\/05150418\/consultor-do-senado-300x200.jpg\",\"datePublished\":\"2016-01-05T17:15:57+00:00\",\"dateModified\":\"2018-09-28T21:08:17+00:00\",\"description\":\"Confira tudo sobre o Edital Senado Federal, incluindo dicas de estudo, informa\u00e7\u00f5es sobre as carreiras, detalhes do \u00faltimo edital e mais...\",\"breadcrumb\":{\"@id\":\"https:\/\/www.estrategiaconcursos.com.br\/blog\/edital-senado-federal\/#breadcrumb\"},\"inLanguage\":\"pt-BR\",\"potentialAction\":[{\"@type\":\"ReadAction\",\"target\":[\"https:\/\/www.estrategiaconcursos.com.br\/blog\/edital-senado-federal\/\"]}]},{\"@type\":\"ImageObject\",\"inLanguage\":\"pt-BR\",\"@id\":\"https:\/\/www.estrategiaconcursos.com.br\/blog\/edital-senado-federal\/#primaryimage\",\"url\":\"https:\/\/dhg1h5j42swfq.cloudfront.net\/2016\/09\/05150418\/consultor-do-senado-300x200.jpg\",\"contentUrl\":\"https:\/\/dhg1h5j42swfq.cloudfront.net\/2016\/09\/05150418\/consultor-do-senado-300x200.jpg\",\"width\":300,\"height\":200},{\"@type\":\"BreadcrumbList\",\"@id\":\"https:\/\/www.estrategiaconcursos.com.br\/blog\/edital-senado-federal\/#breadcrumb\",\"itemListElement\":[{\"@type\":\"ListItem\",\"position\":1,\"name\":\"In\u00edcio\",\"item\":\"https:\/\/www.estrategiaconcursos.com.br\/blog\/\"},{\"@type\":\"ListItem\",\"position\":2,\"name\":\"Edital Senado Federal: tira-d\u00favidas sobre a prepara\u00e7\u00e3o e sobre o certame anterior!\"}]},{\"@type\":\"WebSite\",\"@id\":\"https:\/\/www.estrategiaconcursos.com.br\/blog\/#website\",\"url\":\"https:\/\/www.estrategiaconcursos.com.br\/blog\/\",\"name\":\"Estrat\u00e9gia Concursos\",\"description\":\"O blog da Estrat\u00e9gia Concursos traz not\u00edcias sobre concursos e artigos de professores oferecendo cursos para concursos (pdf + videaulas) no site.\",\"publisher\":{\"@id\":\"https:\/\/www.estrategiaconcursos.com.br\/blog\/#organization\"},\"potentialAction\":[{\"@type\":\"SearchAction\",\"target\":{\"@type\":\"EntryPoint\",\"urlTemplate\":\"https:\/\/www.estrategiaconcursos.com.br\/blog\/?s={search_term_string}\"},\"query-input\":{\"@type\":\"PropertyValueSpecification\",\"valueRequired\":true,\"valueName\":\"search_term_string\"}}],\"inLanguage\":\"pt-BR\"},{\"@type\":\"Organization\",\"@id\":\"https:\/\/www.estrategiaconcursos.com.br\/blog\/#organization\",\"name\":\"Estrat\u00e9gia Concursos\",\"url\":\"https:\/\/www.estrategiaconcursos.com.br\/blog\/\",\"logo\":{\"@type\":\"ImageObject\",\"inLanguage\":\"pt-BR\",\"@id\":\"https:\/\/www.estrategiaconcursos.com.br\/blog\/#\/schema\/logo\/image\/\",\"url\":\"https:\/\/dhg1h5j42swfq.cloudfront.net\/2025\/06\/03203428\/logo_concursos-1.jpg\",\"contentUrl\":\"https:\/\/dhg1h5j42swfq.cloudfront.net\/2025\/06\/03203428\/logo_concursos-1.jpg\",\"width\":230,\"height\":60,\"caption\":\"Estrat\u00e9gia Concursos\"},\"image\":{\"@id\":\"https:\/\/www.estrategiaconcursos.com.br\/blog\/#\/schema\/logo\/image\/\"},\"sameAs\":[\"https:\/\/x.com\/EstratConcursos\"]},{\"@type\":\"Person\",\"@id\":\"https:\/\/www.estrategiaconcursos.com.br\/blog\/#\/schema\/person\/cdad40b5818eb228a838461fcd656da7\",\"name\":\"Coordena\u00e7\u00e3o\",\"image\":{\"@type\":\"ImageObject\",\"inLanguage\":\"pt-BR\",\"@id\":\"https:\/\/secure.gravatar.com\/avatar\/a413b22da0f5009c634f6c4586a2dbe5207074fd5becd88db5183b8069ef25e4?s=96&d=mm&r=g\",\"url\":\"https:\/\/secure.gravatar.com\/avatar\/a413b22da0f5009c634f6c4586a2dbe5207074fd5becd88db5183b8069ef25e4?s=96&d=mm&r=g\",\"contentUrl\":\"https:\/\/secure.gravatar.com\/avatar\/a413b22da0f5009c634f6c4586a2dbe5207074fd5becd88db5183b8069ef25e4?s=96&d=mm&r=g\",\"caption\":\"Coordena\u00e7\u00e3o\"},\"url\":\"https:\/\/www.estrategiaconcursos.com.br\/blog\/author\/contatoestrategiaconcursos-com-br\/\"}]}<\/script>\n<!-- \/ Yoast SEO Premium plugin. -->","yoast_head_json":{"title":"Edital Senado Federal: tira-d\u00favidas sobre a prepara\u00e7\u00e3o e sobre o certame anterior!","description":"Confira tudo sobre o Edital Senado Federal, incluindo dicas de estudo, informa\u00e7\u00f5es sobre as carreiras, detalhes do \u00faltimo edital e mais...","robots":{"index":"index","follow":"follow","max-snippet":"max-snippet:-1","max-image-preview":"max-image-preview:large","max-video-preview":"max-video-preview:-1"},"canonical":"https:\/\/www.estrategiaconcursos.com.br\/blog\/edital-senado-federal\/","og_locale":"pt_BR","og_type":"article","og_title":"Edital Senado Federal: tira-d\u00favidas sobre a prepara\u00e7\u00e3o e sobre o certame anterior!","og_description":"Confira tudo sobre o Edital Senado Federal, incluindo dicas de estudo, informa\u00e7\u00f5es sobre as carreiras, detalhes do \u00faltimo edital e mais...","og_url":"https:\/\/www.estrategiaconcursos.com.br\/blog\/edital-senado-federal\/","og_site_name":"Estrat\u00e9gia Concursos","article_published_time":"2016-01-05T17:15:57+00:00","article_modified_time":"2018-09-28T21:08:17+00:00","og_image":[{"width":300,"height":200,"url":"https:\/\/dhg1h5j42swfq.cloudfront.net\/2016\/09\/05150418\/consultor-do-senado-300x200.jpg","type":"image\/jpeg"}],"author":"Coordena\u00e7\u00e3o","twitter_card":"summary_large_image","twitter_creator":"@EstratConcursos","twitter_site":"@EstratConcursos","twitter_misc":{"Escrito por":"Coordena\u00e7\u00e3o","Est. tempo de leitura":"7 minutos"},"schema":{"@context":"https:\/\/schema.org","@graph":[{"@type":"NewsArticle","@id":"https:\/\/www.estrategiaconcursos.com.br\/blog\/edital-senado-federal\/#article","isPartOf":{"@id":"https:\/\/www.estrategiaconcursos.com.br\/blog\/edital-senado-federal\/"},"author":{"name":"Coordena\u00e7\u00e3o","@id":"https:\/\/www.estrategiaconcursos.com.br\/blog\/#\/schema\/person\/cdad40b5818eb228a838461fcd656da7"},"headline":"Edital Senado Federal: tira-d\u00favidas sobre a prepara\u00e7\u00e3o e sobre o certame anterior!","datePublished":"2016-01-05T17:15:57+00:00","dateModified":"2018-09-28T21:08:17+00:00","mainEntityOfPage":{"@id":"https:\/\/www.estrategiaconcursos.com.br\/blog\/edital-senado-federal\/"},"wordCount":1368,"commentCount":0,"publisher":{"@id":"https:\/\/www.estrategiaconcursos.com.br\/blog\/#organization"},"image":{"@id":"https:\/\/www.estrategiaconcursos.com.br\/blog\/edital-senado-federal\/#primaryimage"},"thumbnailUrl":"https:\/\/dhg1h5j42swfq.cloudfront.net\/2016\/09\/05150418\/consultor-do-senado-300x200.jpg","keywords":["edital senado","senado federal"],"articleSection":["Concursos P\u00fablicos","Legislativo"],"inLanguage":"pt-BR","potentialAction":[{"@type":"CommentAction","name":"Comment","target":["https:\/\/www.estrategiaconcursos.com.br\/blog\/edital-senado-federal\/#respond"]}],"copyrightYear":"2016","copyrightHolder":{"@id":"https:\/\/www.estrategiaconcursos.com.br\/blog\/#organization"}},{"@type":"WebPage","@id":"https:\/\/www.estrategiaconcursos.com.br\/blog\/edital-senado-federal\/","url":"https:\/\/www.estrategiaconcursos.com.br\/blog\/edital-senado-federal\/","name":"Edital Senado Federal: tira-d\u00favidas sobre a prepara\u00e7\u00e3o e sobre o certame anterior!","isPartOf":{"@id":"https:\/\/www.estrategiaconcursos.com.br\/blog\/#website"},"primaryImageOfPage":{"@id":"https:\/\/www.estrategiaconcursos.com.br\/blog\/edital-senado-federal\/#primaryimage"},"image":{"@id":"https:\/\/www.estrategiaconcursos.com.br\/blog\/edital-senado-federal\/#primaryimage"},"thumbnailUrl":"https:\/\/dhg1h5j42swfq.cloudfront.net\/2016\/09\/05150418\/consultor-do-senado-300x200.jpg","datePublished":"2016-01-05T17:15:57+00:00","dateModified":"2018-09-28T21:08:17+00:00","description":"Confira tudo sobre o Edital Senado Federal, incluindo dicas de estudo, informa\u00e7\u00f5es sobre as carreiras, detalhes do \u00faltimo edital e mais...","breadcrumb":{"@id":"https:\/\/www.estrategiaconcursos.com.br\/blog\/edital-senado-federal\/#breadcrumb"},"inLanguage":"pt-BR","potentialAction":[{"@type":"ReadAction","target":["https:\/\/www.estrategiaconcursos.com.br\/blog\/edital-senado-federal\/"]}]},{"@type":"ImageObject","inLanguage":"pt-BR","@id":"https:\/\/www.estrategiaconcursos.com.br\/blog\/edital-senado-federal\/#primaryimage","url":"https:\/\/dhg1h5j42swfq.cloudfront.net\/2016\/09\/05150418\/consultor-do-senado-300x200.jpg","contentUrl":"https:\/\/dhg1h5j42swfq.cloudfront.net\/2016\/09\/05150418\/consultor-do-senado-300x200.jpg","width":300,"height":200},{"@type":"BreadcrumbList","@id":"https:\/\/www.estrategiaconcursos.com.br\/blog\/edital-senado-federal\/#breadcrumb","itemListElement":[{"@type":"ListItem","position":1,"name":"In\u00edcio","item":"https:\/\/www.estrategiaconcursos.com.br\/blog\/"},{"@type":"ListItem","position":2,"name":"Edital Senado Federal: tira-d\u00favidas sobre a prepara\u00e7\u00e3o e sobre o certame anterior!"}]},{"@type":"WebSite","@id":"https:\/\/www.estrategiaconcursos.com.br\/blog\/#website","url":"https:\/\/www.estrategiaconcursos.com.br\/blog\/","name":"Estrat\u00e9gia Concursos","description":"O blog da Estrat\u00e9gia Concursos traz not\u00edcias sobre concursos e artigos de professores oferecendo cursos para concursos (pdf + videaulas) no site.","publisher":{"@id":"https:\/\/www.estrategiaconcursos.com.br\/blog\/#organization"},"potentialAction":[{"@type":"SearchAction","target":{"@type":"EntryPoint","urlTemplate":"https:\/\/www.estrategiaconcursos.com.br\/blog\/?s={search_term_string}"},"query-input":{"@type":"PropertyValueSpecification","valueRequired":true,"valueName":"search_term_string"}}],"inLanguage":"pt-BR"},{"@type":"Organization","@id":"https:\/\/www.estrategiaconcursos.com.br\/blog\/#organization","name":"Estrat\u00e9gia Concursos","url":"https:\/\/www.estrategiaconcursos.com.br\/blog\/","logo":{"@type":"ImageObject","inLanguage":"pt-BR","@id":"https:\/\/www.estrategiaconcursos.com.br\/blog\/#\/schema\/logo\/image\/","url":"https:\/\/dhg1h5j42swfq.cloudfront.net\/2025\/06\/03203428\/logo_concursos-1.jpg","contentUrl":"https:\/\/dhg1h5j42swfq.cloudfront.net\/2025\/06\/03203428\/logo_concursos-1.jpg","width":230,"height":60,"caption":"Estrat\u00e9gia Concursos"},"image":{"@id":"https:\/\/www.estrategiaconcursos.com.br\/blog\/#\/schema\/logo\/image\/"},"sameAs":["https:\/\/x.com\/EstratConcursos"]},{"@type":"Person","@id":"https:\/\/www.estrategiaconcursos.com.br\/blog\/#\/schema\/person\/cdad40b5818eb228a838461fcd656da7","name":"Coordena\u00e7\u00e3o","image":{"@type":"ImageObject","inLanguage":"pt-BR","@id":"https:\/\/secure.gravatar.com\/avatar\/a413b22da0f5009c634f6c4586a2dbe5207074fd5becd88db5183b8069ef25e4?s=96&d=mm&r=g","url":"https:\/\/secure.gravatar.com\/avatar\/a413b22da0f5009c634f6c4586a2dbe5207074fd5becd88db5183b8069ef25e4?s=96&d=mm&r=g","contentUrl":"https:\/\/secure.gravatar.com\/avatar\/a413b22da0f5009c634f6c4586a2dbe5207074fd5becd88db5183b8069ef25e4?s=96&d=mm&r=g","caption":"Coordena\u00e7\u00e3o"},"url":"https:\/\/www.estrategiaconcursos.com.br\/blog\/author\/contatoestrategiaconcursos-com-br\/"}]}},"_links":{"self":[{"href":"https:\/\/www.estrategiaconcursos.com.br\/blog\/wp-json\/wp\/v2\/posts\/57655","targetHints":{"allow":["GET"]}}],"collection":[{"href":"https:\/\/www.estrategiaconcursos.com.br\/blog\/wp-json\/wp\/v2\/posts"}],"about":[{"href":"https:\/\/www.estrategiaconcursos.com.br\/blog\/wp-json\/wp\/v2\/types\/post"}],"author":[{"embeddable":true,"href":"https:\/\/www.estrategiaconcursos.com.br\/blog\/wp-json\/wp\/v2\/users\/48"}],"replies":[{"embeddable":true,"href":"https:\/\/www.estrategiaconcursos.com.br\/blog\/wp-json\/wp\/v2\/comments?post=57655"}],"version-history":[{"count":2,"href":"https:\/\/www.estrategiaconcursos.com.br\/blog\/wp-json\/wp\/v2\/posts\/57655\/revisions"}],"predecessor-version":[{"id":144118,"href":"https:\/\/www.estrategiaconcursos.com.br\/blog\/wp-json\/wp\/v2\/posts\/57655\/revisions\/144118"}],"wp:featuredmedia":[{"embeddable":true,"href":"https:\/\/www.estrategiaconcursos.com.br\/blog\/wp-json\/wp\/v2\/media\/48224"}],"wp:attachment":[{"href":"https:\/\/www.estrategiaconcursos.com.br\/blog\/wp-json\/wp\/v2\/media?parent=57655"}],"wp:term":[{"taxonomy":"category","embeddable":true,"href":"https:\/\/www.estrategiaconcursos.com.br\/blog\/wp-json\/wp\/v2\/categories?post=57655"},{"taxonomy":"post_tag","embeddable":true,"href":"https:\/\/www.estrategiaconcursos.com.br\/blog\/wp-json\/wp\/v2\/tags?post=57655"},{"taxonomy":"tax_estado","embeddable":true,"href":"https:\/\/www.estrategiaconcursos.com.br\/blog\/wp-json\/wp\/v2\/tax_estado?post=57655"}],"curies":[{"name":"wp","href":"https:\/\/api.w.org\/{rel}","templated":true}]}}