{"id":576508,"date":"2020-10-01T17:59:35","date_gmt":"2020-10-01T20:59:35","guid":{"rendered":"https:\/\/www.estrategiaconcursos.com.br\/blog\/?p=576508"},"modified":"2021-05-27T10:17:03","modified_gmt":"2021-05-27T13:17:03","slug":"xxxii-exame-da-ordem-estudar-2020-2021","status":"publish","type":"post","link":"https:\/\/www.estrategiaconcursos.com.br\/blog\/xxxii-exame-da-ordem-estudar-2020-2021\/","title":{"rendered":"XXXII Exame da Ordem &#8211; Estudar em 2020 ou deixar para 2021?"},"content":{"rendered":"\n<p>Nesta quinta-feira, 1\u00ba de outubro, \u00e0s 19 horas, o professor Cristiano Rodrigues apresenta o evento <em>XXXII Exame da Ordem &#8211; Estudar em 2020 ou deixar para 2021?<\/em> Acompanhe ao vivo e gratuitamente sempre pelo Canal do Estrat\u00e9gia OAB no Youtube. <\/p>\n\n\n\n<h4 class=\"wp-block-heading\" id=\"h-xxxii-exame-da-ordem-programa-o\"><strong style=\"\"><i><em>XXXII Exame da Ordem<\/em><\/i><\/strong> &#8211; <em>Programa\u00e7\u00e3o<\/em><\/h4>\n\n\n\n<p>Data: 1\u00ba de setembro de 2020 <br \/>Hor\u00e1rio: 19:00<br \/>Onde: <a href=\"https:\/\/www.youtube.com\/channel\/UC7rgrKTSF5aOrBGWOw60ovw\" target=\"_blank\" rel=\"noreferrer noopener nofollow\">Canal do Estrat\u00e9gia OAB no Youtube<\/a><br \/>Professora: Cristiano Rodrigues<\/p>\n\n\n\n<h4 class=\"wp-block-heading\" id=\"h-xxxii-exame-da-ordem-evento-ao-vivo\"><strong><em>XXXII Exame da Ordem<\/em><\/strong> &#8211; <em>Evento ao vivo <\/em><\/h4>\n\n\n<figure class=\"wp-block-embed-youtube wp-block-embed is-type-video is-provider-youtube wp-embed-aspect-16-9 wp-has-aspect-ratio\"><div class=\"lyte-wrapper\" style=\"width:853px;max-width:100%;margin:5px;\"><div class=\"lyMe\" id=\"WYL_f0VnIDXQSXE\"><div id=\"lyte_f0VnIDXQSXE\" data-src=\"\/\/i.ytimg.com\/vi\/f0VnIDXQSXE\/hqdefault.jpg\" class=\"pL\"><div class=\"tC\"><div class=\"tT\"><\/div><\/div><div class=\"play\"><\/div><div class=\"ctrl\"><div class=\"Lctrl\"><\/div><div class=\"Rctrl\"><\/div><\/div><\/div><noscript><a href=\"https:\/\/youtu.be\/f0VnIDXQSXE\" rel=\"nofollow\"><img loading=\"lazy\" decoding=\"async\" src=\"https:\/\/i.ytimg.com\/vi\/f0VnIDXQSXE\/0.jpg\" alt=\"YouTube video thumbnail\" width=\"853\" height=\"460\" \/><br \/>Assista a este v\u00eddeo no YouTube<\/a><\/noscript><\/div><\/div><div class=\"lL\" style=\"max-width:100%;width:853px;margin:5px;\"><\/div><figcaption><\/figcaption><\/figure>\n\n\n<h4 class=\"wp-block-heading\" id=\"h-xxxii-exame-da-ordem-curiosidades\"><em><strong><em><strong><em><strong><em>XXXII Exame da Ordem<\/em><\/strong><\/em><\/strong><\/em><\/strong><\/em> &#8211; <em>Curiosidades<\/em> <\/h4>\n\n\n\n<p>Devido \u00e0 pandemia de coronav\u00edrus (Covid-19) que afetou o Brasil e o mundo, o ano de 2020 foi at\u00edpico. A recomenda\u00e7\u00e3o da proibi\u00e7\u00e3o de aglomera\u00e7\u00f5es e necessidade de isolamento possibilitou que apenas da 1\u00aa Fase do XXXI Exame fosse realizada no in\u00edcio do ano.  <\/p>\n\n\n\n<p>A situa\u00e7\u00e3o foi assim permanecendo em raz\u00e3o da crescente curva de contamina\u00e7\u00e3o decorrente da doen\u00e7a. Ap\u00f3s pelo menos quatro adiamentos, a prova pr\u00e1tico-profissional do XXXI Exame finalmente acontecer\u00e1 no dia <em><strong>06 <\/strong><\/em><strong><em>de dezembro de 2020<\/em><\/strong>, de forma <strong><em>facultativa<\/em><\/strong>, com aplica\u00e7\u00e3o em todo o pa\u00eds. <\/p>\n\n\n\n<p>O adiamento impactou a organiza\u00e7\u00e3o e realiza\u00e7\u00e3o dos exames seguintes. O XXXII Exame da Ordem, que tinha sua 1\u00aa Fase do Exame marcada para 14 de junho deste ano, foi suspenso, assim como a ocorr\u00eancia do XXXIII Exame, tamb\u00e9m inicialmente prevista para 2020. <\/p>\n\n\n\n<p>Agora, ambos ocorrer\u00e3o apenas em 2021 e ainda n\u00e3o possuem cronograma definido. O que se sabe apenas \u00e9 que os examinandos que optarem por n\u00e3o fazer a 2\u00aa Fase do XXXI Exame por receio ou inseguran\u00e7a, ser\u00e3o automaticamente inscritos nesta etapa do XXXII Exame da Ordem. <\/p>\n\n\n\n<p>Ap\u00f3s tantos atrasos, esta \u00e9 uma boa not\u00edcia para aqueles que est\u00e3o prestes a se formar ou j\u00e1 se formaram no curso de Direito, e queiram come\u00e7ar a organizar um cronograma de estudos completo para conquistar sua carteira e inscri\u00e7\u00e3o na OAB. <\/p>\n\n\n\n<p>E se voc\u00ea n\u00e3o sabe como ou quanto come\u00e7ar ou retomar seus estudos, n\u00e3o perca todas as dicas e considera\u00e7\u00f5es que este evento ir\u00e1 te trazer! <\/p>\n\n\n\n<p class=\"has-text-align-center\"><strong>Nossas redes sociais<\/strong><\/p>\n\n\n\n<p class=\"has-text-align-center has-pale-cyan-blue-background-color has-background\"><a href=\"https:\/\/www.instagram.com\/estrategiaoab\/\" target=\"_blank\" rel=\"noreferrer noopener nofollow\">Instagram Estrat\u00e9gia OAB<\/a><\/p>\n\n\n\n<p class=\"has-text-align-center has-light-green-cyan-background-color has-background\"><a href=\"https:\/\/www.youtube.com\/channel\/UC7rgrKTSF5aOrBGWOw60ovw\" target=\"_blank\" rel=\"noreferrer noopener nofollow\">YouTube do Estrat\u00e9gia OAB<\/a><\/p>\n\n\n\n<p class=\"has-text-align-center\"><strong>Grupo de Telegram para a OAB<\/strong><\/p>\n\n\n\n<p class=\"has-text-align-center has-very-light-gray-background-color has-background\"><a href=\"http:\/\/bit.ly\/TelegramOAB\" target=\"_blank\" rel=\"noreferrer noopener nofollow\"><strong>Inscreva-se no nosso grupo do Telegram<\/strong><\/a><\/p>\n\n\n\n<p class=\"has-text-align-center\"><strong>Cursos para o Exame de Ordem<\/strong><\/p>\n\n\n\n<p class=\"has-text-align-center has-luminous-vivid-amber-background-color has-background\"><strong><a href=\"https:\/\/www.estrategiaconcursos.com.br\/cursosPorConcurso\/exame-de-ordem-oab-1-fase\/\" target=\"_blank\" rel=\"noreferrer noopener\">Curso OAB 1\u00aa Fase<\/a><\/strong><\/p>\n\n\n\n<p class=\"has-text-align-center has-luminous-vivid-amber-background-color has-background\"><strong><a href=\"https:\/\/www.estrategiaconcursos.com.br\/cursosPorConcurso\/oab-2-fase-192\/\" target=\"_blank\" rel=\"noreferrer noopener\">Curso OAB 2\u00aa Fase<\/a><\/strong><\/p>\n\n\n\n<p class=\"has-text-align-center\"><strong><em><strong>Sistema de Quest\u00f5es<\/strong><\/em><\/strong> &#8211;<em><strong> OAB Acelerada<\/strong><\/em><\/p>\n\n\n\n<p class=\"has-text-align-center\">Estrat\u00e9gia Quest\u00f5es nasceu maior do que todos os concorrentes, com mais quest\u00f5es cadastradas e mais solu\u00e7\u00f5es por professores. Clique no link e aproveite os descontos e b\u00f4nus imperd\u00edveis!<\/p>\n\n\n\n<p class=\"has-text-align-center has-vivid-green-cyan-background-color has-background\"><strong>ASSINE AGORA \u2013&nbsp;<a href=\"https:\/\/www.estrategiaconcursos.com.br\/cursosPorConcurso\/sistema-de-questoes\/#\/\" target=\"_blank\" rel=\"noreferrer noopener\">Sistema de Quest\u00f5es<\/a><\/strong><\/p>\n","protected":false},"excerpt":{"rendered":"<p>Nesta quinta-feira, 1\u00ba de outubro, \u00e0s 19 horas, o professor Cristiano Rodrigues apresenta o evento XXXII Exame da Ordem &#8211; Estudar em 2020 ou deixar para 2021? Acompanhe ao vivo e gratuitamente sempre pelo Canal do Estrat\u00e9gia OAB no Youtube. XXXII Exame da Ordem &#8211; Programa\u00e7\u00e3o Data: 1\u00ba de setembro de 2020 Hor\u00e1rio: 19:00Onde: Canal [&hellip;]<\/p>\n","protected":false},"author":58,"featured_media":576524,"comment_status":"open","ping_status":"closed","sticky":false,"template":"","format":"standard","meta":{"post_tipo":"news","footnotes":""},"categories":[1],"tags":[],"tax_estado":[219963],"class_list":["post-576508","post","type-post","status-publish","format-standard","has-post-thumbnail","hentry","category-cursos-e-concursos","tax_estado-concursos-federais"],"acf":[],"yoast_head":"<!-- This site is optimized with the Yoast SEO Premium plugin v27.2 (Yoast SEO v27.2) - https:\/\/yoast.com\/product\/yoast-seo-premium-wordpress\/ -->\n<title>XXXII Exame da Ordem - Estudar em 2020 ou deixar para 2021?<\/title>\n<meta name=\"description\" content=\"O XXXII Exame da Ordem s\u00f3 ocorrer\u00e1 em 2021 e ainda n\u00e3o tem nada definida, j\u00e1 que a 2\u00aa Fase do XXXI ocorre este ano. Mas quando come\u00e7ar a estudar?\" \/>\n<meta name=\"robots\" content=\"index, follow, max-snippet:-1, max-image-preview:large, max-video-preview:-1\" \/>\n<link rel=\"canonical\" href=\"https:\/\/www.estrategiaconcursos.com.br\/blog\/xxxii-exame-da-ordem-estudar-2020-2021\/\" \/>\n<meta property=\"og:locale\" content=\"pt_BR\" \/>\n<meta property=\"og:type\" content=\"article\" \/>\n<meta property=\"og:title\" content=\"XXXII Exame da Ordem - Estudar em 2020 ou deixar para 2021?\" \/>\n<meta property=\"og:description\" content=\"O XXXII Exame da Ordem s\u00f3 ocorrer\u00e1 em 2021 e ainda n\u00e3o tem nada definida, j\u00e1 que a 2\u00aa Fase do XXXI ocorre este ano. Mas quando come\u00e7ar a estudar?\" \/>\n<meta property=\"og:url\" content=\"https:\/\/www.estrategiaconcursos.com.br\/blog\/xxxii-exame-da-ordem-estudar-2020-2021\/\" \/>\n<meta property=\"og:site_name\" content=\"Estrat\u00e9gia Concursos\" \/>\n<meta property=\"article:author\" content=\"https:\/\/www.facebook.com\/nadia.c.santos.16\" \/>\n<meta property=\"article:published_time\" content=\"2020-10-01T20:59:35+00:00\" \/>\n<meta property=\"article:modified_time\" content=\"2021-05-27T13:17:03+00:00\" \/>\n<meta property=\"og:image\" content=\"https:\/\/dhg1h5j42swfq.cloudfront.net\/2020\/09\/23112754\/YTB-3.jpg\" \/>\n\t<meta property=\"og:image:width\" content=\"1280\" \/>\n\t<meta property=\"og:image:height\" content=\"720\" \/>\n\t<meta property=\"og:image:type\" content=\"image\/jpeg\" \/>\n<meta name=\"author\" content=\"N\u00e1dia Carolina\" \/>\n<meta name=\"twitter:card\" content=\"summary_large_image\" \/>\n<meta name=\"twitter:creator\" content=\"@EstratConcursos\" \/>\n<meta name=\"twitter:site\" content=\"@EstratConcursos\" \/>\n<meta name=\"twitter:label1\" content=\"Escrito por\" \/>\n\t<meta name=\"twitter:data1\" content=\"N\u00e1dia Carolina\" \/>\n\t<meta name=\"twitter:label2\" content=\"Est. tempo de leitura\" \/>\n\t<meta name=\"twitter:data2\" content=\"2 minutos\" \/>\n<script type=\"application\/ld+json\" class=\"yoast-schema-graph\">{\"@context\":\"https:\/\/schema.org\",\"@graph\":[{\"@type\":\"NewsArticle\",\"@id\":\"https:\/\/www.estrategiaconcursos.com.br\/blog\/xxxii-exame-da-ordem-estudar-2020-2021\/#article\",\"isPartOf\":{\"@id\":\"https:\/\/www.estrategiaconcursos.com.br\/blog\/xxxii-exame-da-ordem-estudar-2020-2021\/\"},\"author\":{\"name\":\"N\u00e1dia Carolina\",\"@id\":\"https:\/\/www.estrategiaconcursos.com.br\/blog\/#\/schema\/person\/bf1b1d1865628ae32d608d5bad5442c6\"},\"headline\":\"XXXII Exame da Ordem &#8211; Estudar em 2020 ou deixar para 2021?\",\"datePublished\":\"2020-10-01T20:59:35+00:00\",\"dateModified\":\"2021-05-27T13:17:03+00:00\",\"mainEntityOfPage\":{\"@id\":\"https:\/\/www.estrategiaconcursos.com.br\/blog\/xxxii-exame-da-ordem-estudar-2020-2021\/\"},\"wordCount\":442,\"commentCount\":2,\"publisher\":{\"@id\":\"https:\/\/www.estrategiaconcursos.com.br\/blog\/#organization\"},\"image\":{\"@id\":\"https:\/\/www.estrategiaconcursos.com.br\/blog\/xxxii-exame-da-ordem-estudar-2020-2021\/#primaryimage\"},\"thumbnailUrl\":\"https:\/\/dhg1h5j42swfq.cloudfront.net\/2020\/09\/23112754\/YTB-3.jpg\",\"articleSection\":[\"Concursos P\u00fablicos\"],\"inLanguage\":\"pt-BR\",\"potentialAction\":[{\"@type\":\"CommentAction\",\"name\":\"Comment\",\"target\":[\"https:\/\/www.estrategiaconcursos.com.br\/blog\/xxxii-exame-da-ordem-estudar-2020-2021\/#respond\"]}],\"copyrightYear\":\"2020\",\"copyrightHolder\":{\"@id\":\"https:\/\/www.estrategiaconcursos.com.br\/blog\/#organization\"}},{\"@type\":\"WebPage\",\"@id\":\"https:\/\/www.estrategiaconcursos.com.br\/blog\/xxxii-exame-da-ordem-estudar-2020-2021\/\",\"url\":\"https:\/\/www.estrategiaconcursos.com.br\/blog\/xxxii-exame-da-ordem-estudar-2020-2021\/\",\"name\":\"XXXII Exame da Ordem - Estudar em 2020 ou deixar para 2021?\",\"isPartOf\":{\"@id\":\"https:\/\/www.estrategiaconcursos.com.br\/blog\/#website\"},\"primaryImageOfPage\":{\"@id\":\"https:\/\/www.estrategiaconcursos.com.br\/blog\/xxxii-exame-da-ordem-estudar-2020-2021\/#primaryimage\"},\"image\":{\"@id\":\"https:\/\/www.estrategiaconcursos.com.br\/blog\/xxxii-exame-da-ordem-estudar-2020-2021\/#primaryimage\"},\"thumbnailUrl\":\"https:\/\/dhg1h5j42swfq.cloudfront.net\/2020\/09\/23112754\/YTB-3.jpg\",\"datePublished\":\"2020-10-01T20:59:35+00:00\",\"dateModified\":\"2021-05-27T13:17:03+00:00\",\"description\":\"O XXXII Exame da Ordem s\u00f3 ocorrer\u00e1 em 2021 e ainda n\u00e3o tem nada definida, j\u00e1 que a 2\u00aa Fase do XXXI ocorre este ano. Mas quando come\u00e7ar a estudar?\",\"breadcrumb\":{\"@id\":\"https:\/\/www.estrategiaconcursos.com.br\/blog\/xxxii-exame-da-ordem-estudar-2020-2021\/#breadcrumb\"},\"inLanguage\":\"pt-BR\",\"potentialAction\":[{\"@type\":\"ReadAction\",\"target\":[\"https:\/\/www.estrategiaconcursos.com.br\/blog\/xxxii-exame-da-ordem-estudar-2020-2021\/\"]}]},{\"@type\":\"ImageObject\",\"inLanguage\":\"pt-BR\",\"@id\":\"https:\/\/www.estrategiaconcursos.com.br\/blog\/xxxii-exame-da-ordem-estudar-2020-2021\/#primaryimage\",\"url\":\"https:\/\/dhg1h5j42swfq.cloudfront.net\/2020\/09\/23112754\/YTB-3.jpg\",\"contentUrl\":\"https:\/\/dhg1h5j42swfq.cloudfront.net\/2020\/09\/23112754\/YTB-3.jpg\",\"width\":1280,\"height\":720,\"caption\":\"XXXII Exame da Ordem\"},{\"@type\":\"BreadcrumbList\",\"@id\":\"https:\/\/www.estrategiaconcursos.com.br\/blog\/xxxii-exame-da-ordem-estudar-2020-2021\/#breadcrumb\",\"itemListElement\":[{\"@type\":\"ListItem\",\"position\":1,\"name\":\"In\u00edcio\",\"item\":\"https:\/\/www.estrategiaconcursos.com.br\/blog\/\"},{\"@type\":\"ListItem\",\"position\":2,\"name\":\"XXXII Exame da Ordem &#8211; Estudar em 2020 ou deixar para 2021?\"}]},{\"@type\":\"WebSite\",\"@id\":\"https:\/\/www.estrategiaconcursos.com.br\/blog\/#website\",\"url\":\"https:\/\/www.estrategiaconcursos.com.br\/blog\/\",\"name\":\"Estrat\u00e9gia Concursos\",\"description\":\"O blog da Estrat\u00e9gia Concursos traz not\u00edcias sobre concursos e artigos de professores oferecendo cursos para concursos (pdf + videaulas) no site.\",\"publisher\":{\"@id\":\"https:\/\/www.estrategiaconcursos.com.br\/blog\/#organization\"},\"potentialAction\":[{\"@type\":\"SearchAction\",\"target\":{\"@type\":\"EntryPoint\",\"urlTemplate\":\"https:\/\/www.estrategiaconcursos.com.br\/blog\/?s={search_term_string}\"},\"query-input\":{\"@type\":\"PropertyValueSpecification\",\"valueRequired\":true,\"valueName\":\"search_term_string\"}}],\"inLanguage\":\"pt-BR\"},{\"@type\":\"Organization\",\"@id\":\"https:\/\/www.estrategiaconcursos.com.br\/blog\/#organization\",\"name\":\"Estrat\u00e9gia Concursos\",\"url\":\"https:\/\/www.estrategiaconcursos.com.br\/blog\/\",\"logo\":{\"@type\":\"ImageObject\",\"inLanguage\":\"pt-BR\",\"@id\":\"https:\/\/www.estrategiaconcursos.com.br\/blog\/#\/schema\/logo\/image\/\",\"url\":\"https:\/\/dhg1h5j42swfq.cloudfront.net\/2025\/06\/03203428\/logo_concursos-1.jpg\",\"contentUrl\":\"https:\/\/dhg1h5j42swfq.cloudfront.net\/2025\/06\/03203428\/logo_concursos-1.jpg\",\"width\":230,\"height\":60,\"caption\":\"Estrat\u00e9gia Concursos\"},\"image\":{\"@id\":\"https:\/\/www.estrategiaconcursos.com.br\/blog\/#\/schema\/logo\/image\/\"},\"sameAs\":[\"https:\/\/x.com\/EstratConcursos\"]},{\"@type\":\"Person\",\"@id\":\"https:\/\/www.estrategiaconcursos.com.br\/blog\/#\/schema\/person\/bf1b1d1865628ae32d608d5bad5442c6\",\"name\":\"N\u00e1dia Carolina\",\"image\":{\"@type\":\"ImageObject\",\"inLanguage\":\"pt-BR\",\"@id\":\"https:\/\/secure.gravatar.com\/avatar\/0ec0c484339a071f22ea5ced30956ccdaab0f83125b2dc1857c3b038404136a7?s=96&d=mm&r=g\",\"url\":\"https:\/\/secure.gravatar.com\/avatar\/0ec0c484339a071f22ea5ced30956ccdaab0f83125b2dc1857c3b038404136a7?s=96&d=mm&r=g\",\"contentUrl\":\"https:\/\/secure.gravatar.com\/avatar\/0ec0c484339a071f22ea5ced30956ccdaab0f83125b2dc1857c3b038404136a7?s=96&d=mm&r=g\",\"caption\":\"N\u00e1dia Carolina\"},\"sameAs\":[\"https:\/\/www.facebook.com\/nadia.c.santos.16\"],\"url\":\"https:\/\/www.estrategiaconcursos.com.br\/blog\/author\/nadiaestrategiaconcursos-com-br\/\"}]}<\/script>\n<!-- \/ Yoast SEO Premium plugin. -->","yoast_head_json":{"title":"XXXII Exame da Ordem - Estudar em 2020 ou deixar para 2021?","description":"O XXXII Exame da Ordem s\u00f3 ocorrer\u00e1 em 2021 e ainda n\u00e3o tem nada definida, j\u00e1 que a 2\u00aa Fase do XXXI ocorre este ano. Mas quando come\u00e7ar a estudar?","robots":{"index":"index","follow":"follow","max-snippet":"max-snippet:-1","max-image-preview":"max-image-preview:large","max-video-preview":"max-video-preview:-1"},"canonical":"https:\/\/www.estrategiaconcursos.com.br\/blog\/xxxii-exame-da-ordem-estudar-2020-2021\/","og_locale":"pt_BR","og_type":"article","og_title":"XXXII Exame da Ordem - Estudar em 2020 ou deixar para 2021?","og_description":"O XXXII Exame da Ordem s\u00f3 ocorrer\u00e1 em 2021 e ainda n\u00e3o tem nada definida, j\u00e1 que a 2\u00aa Fase do XXXI ocorre este ano. Mas quando come\u00e7ar a estudar?","og_url":"https:\/\/www.estrategiaconcursos.com.br\/blog\/xxxii-exame-da-ordem-estudar-2020-2021\/","og_site_name":"Estrat\u00e9gia Concursos","article_author":"https:\/\/www.facebook.com\/nadia.c.santos.16","article_published_time":"2020-10-01T20:59:35+00:00","article_modified_time":"2021-05-27T13:17:03+00:00","og_image":[{"width":1280,"height":720,"url":"https:\/\/dhg1h5j42swfq.cloudfront.net\/2020\/09\/23112754\/YTB-3.jpg","type":"image\/jpeg"}],"author":"N\u00e1dia Carolina","twitter_card":"summary_large_image","twitter_creator":"@EstratConcursos","twitter_site":"@EstratConcursos","twitter_misc":{"Escrito por":"N\u00e1dia Carolina","Est. tempo de leitura":"2 minutos"},"schema":{"@context":"https:\/\/schema.org","@graph":[{"@type":"NewsArticle","@id":"https:\/\/www.estrategiaconcursos.com.br\/blog\/xxxii-exame-da-ordem-estudar-2020-2021\/#article","isPartOf":{"@id":"https:\/\/www.estrategiaconcursos.com.br\/blog\/xxxii-exame-da-ordem-estudar-2020-2021\/"},"author":{"name":"N\u00e1dia Carolina","@id":"https:\/\/www.estrategiaconcursos.com.br\/blog\/#\/schema\/person\/bf1b1d1865628ae32d608d5bad5442c6"},"headline":"XXXII Exame da Ordem &#8211; Estudar em 2020 ou deixar para 2021?","datePublished":"2020-10-01T20:59:35+00:00","dateModified":"2021-05-27T13:17:03+00:00","mainEntityOfPage":{"@id":"https:\/\/www.estrategiaconcursos.com.br\/blog\/xxxii-exame-da-ordem-estudar-2020-2021\/"},"wordCount":442,"commentCount":2,"publisher":{"@id":"https:\/\/www.estrategiaconcursos.com.br\/blog\/#organization"},"image":{"@id":"https:\/\/www.estrategiaconcursos.com.br\/blog\/xxxii-exame-da-ordem-estudar-2020-2021\/#primaryimage"},"thumbnailUrl":"https:\/\/dhg1h5j42swfq.cloudfront.net\/2020\/09\/23112754\/YTB-3.jpg","articleSection":["Concursos P\u00fablicos"],"inLanguage":"pt-BR","potentialAction":[{"@type":"CommentAction","name":"Comment","target":["https:\/\/www.estrategiaconcursos.com.br\/blog\/xxxii-exame-da-ordem-estudar-2020-2021\/#respond"]}],"copyrightYear":"2020","copyrightHolder":{"@id":"https:\/\/www.estrategiaconcursos.com.br\/blog\/#organization"}},{"@type":"WebPage","@id":"https:\/\/www.estrategiaconcursos.com.br\/blog\/xxxii-exame-da-ordem-estudar-2020-2021\/","url":"https:\/\/www.estrategiaconcursos.com.br\/blog\/xxxii-exame-da-ordem-estudar-2020-2021\/","name":"XXXII Exame da Ordem - Estudar em 2020 ou deixar para 2021?","isPartOf":{"@id":"https:\/\/www.estrategiaconcursos.com.br\/blog\/#website"},"primaryImageOfPage":{"@id":"https:\/\/www.estrategiaconcursos.com.br\/blog\/xxxii-exame-da-ordem-estudar-2020-2021\/#primaryimage"},"image":{"@id":"https:\/\/www.estrategiaconcursos.com.br\/blog\/xxxii-exame-da-ordem-estudar-2020-2021\/#primaryimage"},"thumbnailUrl":"https:\/\/dhg1h5j42swfq.cloudfront.net\/2020\/09\/23112754\/YTB-3.jpg","datePublished":"2020-10-01T20:59:35+00:00","dateModified":"2021-05-27T13:17:03+00:00","description":"O XXXII Exame da Ordem s\u00f3 ocorrer\u00e1 em 2021 e ainda n\u00e3o tem nada definida, j\u00e1 que a 2\u00aa Fase do XXXI ocorre este ano. Mas quando come\u00e7ar a estudar?","breadcrumb":{"@id":"https:\/\/www.estrategiaconcursos.com.br\/blog\/xxxii-exame-da-ordem-estudar-2020-2021\/#breadcrumb"},"inLanguage":"pt-BR","potentialAction":[{"@type":"ReadAction","target":["https:\/\/www.estrategiaconcursos.com.br\/blog\/xxxii-exame-da-ordem-estudar-2020-2021\/"]}]},{"@type":"ImageObject","inLanguage":"pt-BR","@id":"https:\/\/www.estrategiaconcursos.com.br\/blog\/xxxii-exame-da-ordem-estudar-2020-2021\/#primaryimage","url":"https:\/\/dhg1h5j42swfq.cloudfront.net\/2020\/09\/23112754\/YTB-3.jpg","contentUrl":"https:\/\/dhg1h5j42swfq.cloudfront.net\/2020\/09\/23112754\/YTB-3.jpg","width":1280,"height":720,"caption":"XXXII Exame da Ordem"},{"@type":"BreadcrumbList","@id":"https:\/\/www.estrategiaconcursos.com.br\/blog\/xxxii-exame-da-ordem-estudar-2020-2021\/#breadcrumb","itemListElement":[{"@type":"ListItem","position":1,"name":"In\u00edcio","item":"https:\/\/www.estrategiaconcursos.com.br\/blog\/"},{"@type":"ListItem","position":2,"name":"XXXII Exame da Ordem &#8211; Estudar em 2020 ou deixar para 2021?"}]},{"@type":"WebSite","@id":"https:\/\/www.estrategiaconcursos.com.br\/blog\/#website","url":"https:\/\/www.estrategiaconcursos.com.br\/blog\/","name":"Estrat\u00e9gia Concursos","description":"O blog da Estrat\u00e9gia Concursos traz not\u00edcias sobre concursos e artigos de professores oferecendo cursos para concursos (pdf + videaulas) no site.","publisher":{"@id":"https:\/\/www.estrategiaconcursos.com.br\/blog\/#organization"},"potentialAction":[{"@type":"SearchAction","target":{"@type":"EntryPoint","urlTemplate":"https:\/\/www.estrategiaconcursos.com.br\/blog\/?s={search_term_string}"},"query-input":{"@type":"PropertyValueSpecification","valueRequired":true,"valueName":"search_term_string"}}],"inLanguage":"pt-BR"},{"@type":"Organization","@id":"https:\/\/www.estrategiaconcursos.com.br\/blog\/#organization","name":"Estrat\u00e9gia Concursos","url":"https:\/\/www.estrategiaconcursos.com.br\/blog\/","logo":{"@type":"ImageObject","inLanguage":"pt-BR","@id":"https:\/\/www.estrategiaconcursos.com.br\/blog\/#\/schema\/logo\/image\/","url":"https:\/\/dhg1h5j42swfq.cloudfront.net\/2025\/06\/03203428\/logo_concursos-1.jpg","contentUrl":"https:\/\/dhg1h5j42swfq.cloudfront.net\/2025\/06\/03203428\/logo_concursos-1.jpg","width":230,"height":60,"caption":"Estrat\u00e9gia Concursos"},"image":{"@id":"https:\/\/www.estrategiaconcursos.com.br\/blog\/#\/schema\/logo\/image\/"},"sameAs":["https:\/\/x.com\/EstratConcursos"]},{"@type":"Person","@id":"https:\/\/www.estrategiaconcursos.com.br\/blog\/#\/schema\/person\/bf1b1d1865628ae32d608d5bad5442c6","name":"N\u00e1dia Carolina","image":{"@type":"ImageObject","inLanguage":"pt-BR","@id":"https:\/\/secure.gravatar.com\/avatar\/0ec0c484339a071f22ea5ced30956ccdaab0f83125b2dc1857c3b038404136a7?s=96&d=mm&r=g","url":"https:\/\/secure.gravatar.com\/avatar\/0ec0c484339a071f22ea5ced30956ccdaab0f83125b2dc1857c3b038404136a7?s=96&d=mm&r=g","contentUrl":"https:\/\/secure.gravatar.com\/avatar\/0ec0c484339a071f22ea5ced30956ccdaab0f83125b2dc1857c3b038404136a7?s=96&d=mm&r=g","caption":"N\u00e1dia Carolina"},"sameAs":["https:\/\/www.facebook.com\/nadia.c.santos.16"],"url":"https:\/\/www.estrategiaconcursos.com.br\/blog\/author\/nadiaestrategiaconcursos-com-br\/"}]}},"_links":{"self":[{"href":"https:\/\/www.estrategiaconcursos.com.br\/blog\/wp-json\/wp\/v2\/posts\/576508","targetHints":{"allow":["GET"]}}],"collection":[{"href":"https:\/\/www.estrategiaconcursos.com.br\/blog\/wp-json\/wp\/v2\/posts"}],"about":[{"href":"https:\/\/www.estrategiaconcursos.com.br\/blog\/wp-json\/wp\/v2\/types\/post"}],"author":[{"embeddable":true,"href":"https:\/\/www.estrategiaconcursos.com.br\/blog\/wp-json\/wp\/v2\/users\/58"}],"replies":[{"embeddable":true,"href":"https:\/\/www.estrategiaconcursos.com.br\/blog\/wp-json\/wp\/v2\/comments?post=576508"}],"version-history":[{"count":9,"href":"https:\/\/www.estrategiaconcursos.com.br\/blog\/wp-json\/wp\/v2\/posts\/576508\/revisions"}],"predecessor-version":[{"id":753165,"href":"https:\/\/www.estrategiaconcursos.com.br\/blog\/wp-json\/wp\/v2\/posts\/576508\/revisions\/753165"}],"wp:featuredmedia":[{"embeddable":true,"href":"https:\/\/www.estrategiaconcursos.com.br\/blog\/wp-json\/wp\/v2\/media\/576524"}],"wp:attachment":[{"href":"https:\/\/www.estrategiaconcursos.com.br\/blog\/wp-json\/wp\/v2\/media?parent=576508"}],"wp:term":[{"taxonomy":"category","embeddable":true,"href":"https:\/\/www.estrategiaconcursos.com.br\/blog\/wp-json\/wp\/v2\/categories?post=576508"},{"taxonomy":"post_tag","embeddable":true,"href":"https:\/\/www.estrategiaconcursos.com.br\/blog\/wp-json\/wp\/v2\/tags?post=576508"},{"taxonomy":"tax_estado","embeddable":true,"href":"https:\/\/www.estrategiaconcursos.com.br\/blog\/wp-json\/wp\/v2\/tax_estado?post=576508"}],"curies":[{"name":"wp","href":"https:\/\/api.w.org\/{rel}","templated":true}]}}