{"id":576507,"date":"2020-09-23T11:51:46","date_gmt":"2020-09-23T14:51:46","guid":{"rendered":"https:\/\/www.estrategiaconcursos.com.br\/blog\/?p=576507"},"modified":"2020-09-23T13:15:12","modified_gmt":"2020-09-23T16:15:12","slug":"aprovados-no-ultimo-concurso-pc-acre-serao-convocados","status":"publish","type":"post","link":"https:\/\/www.estrategiaconcursos.com.br\/blog\/aprovados-no-ultimo-concurso-pc-acre-serao-convocados\/","title":{"rendered":"Aprovados no \u00faltimo concurso PC Acre ser\u00e3o convocados at\u00e9 novembro"},"content":{"rendered":"\n<p>Foi anunciado pelo governador do Acre, Gladson Cameli, a convoca\u00e7\u00e3o de <strong>202 aprovados<\/strong> no \u00faltimo concurso da Pol\u00edcia Civil do Acre (PC Acre), ocorrido em 2017.<\/p>\n\n\n\n<p>O an\u00fancio foi feito na \u00faltima segunda-feira, 21 de setembro, em cerim\u00f4nia no audit\u00f3rio da Pol\u00edcia Civil.<\/p>\n\n\n\n<p>De acordo com o governador, as convoca\u00e7\u00f5es ser\u00e3o publicadas no Di\u00e1rio oficial at\u00e9 novembro. Confira abaixo o quantitativo de convocados por cargo:<\/p>\n\n\n\n<ul class=\"wp-block-list\"><li><em>29\u00a0delegados<\/em><\/li><li><em>22 escriv\u00e3es<\/em><\/li><li><em>131 agentes de pol\u00edcia<\/em><\/li><li><em>20 auxiliares de necropsia<\/em><\/li><\/ul>\n\n\n\n<p>Ainda em abril, Cameli havia confirmado, durante coletiva de imprensa, a convoca\u00e7\u00e3o de 500 aprovados nos concursos da Pol\u00edcia Civil e Militar do estado. As convoca\u00e7\u00f5es eram aguardadas desde 2017, quando os concursos foram realizados.<\/p>\n\n\n\n<h2 class=\"wp-block-heading\" id=\"ultimo-concurso\">\u00daltimo concurso PC Acre<\/h2>\n\n\n\n<p>O edital do concurso PC Acre foi publicado em 2017, sob organiza\u00e7\u00e3o do IBADE, com oferta de <strong><em>250 vagas<\/em><\/strong>\u00a0para os cargos de\u00a0Agente de Pol\u00edcia, Auxiliar de Necropsia, Delegado e Escriv\u00e3o, todos de n\u00edvel superior. Foram, no total,\u00a0<strong>7.652<\/strong>\u00a0candidatos inscritos.<\/p>\n\n\n\n<ul class=\"wp-block-list\"><li><strong>176 vagas \u2013<\/strong>&nbsp;Agente de Pol\u00edcia<\/li><li><strong>20 vagas \u2013<\/strong>&nbsp;Auxiliar de Necropsia<\/li><li><strong>18 vagas \u2013<\/strong>&nbsp;Delegado de Pol\u00edcia<\/li><li><strong>36 vagas \u2013&nbsp;<\/strong>Escriv\u00e3o de Pol\u00edcia<\/li><\/ul>\n\n\n\n<p class=\"has-text-align-center has-cyan-bluish-gray-background-color has-background\"><strong>Saiba mais: <a href=\"https:\/\/www.estrategiaconcursos.com.br\/blog\/concurso-pc-ac\/\" target=\"_blank\" rel=\"noreferrer noopener\">concurso PC Acre<\/a><\/strong><\/p>\n\n\n\n<h3 class=\"has-text-align-center wp-block-heading\" id=\"cursos-assinatura\"><strong><em>Quer estudar para o Concurso PC Acre?<\/em><\/strong><\/h3>\n\n\n\n<p class=\"has-text-align-center\"><em><strong>Gostou desta oportunidade e deseja come\u00e7ar se preparar agora mesmo? Ent\u00e3o, confira os nossos cursos e comece a estudar:<\/strong><\/em><\/p>\n\n\n\n<p class=\"has-text-align-center has-light-green-cyan-background-color has-background\"><strong><a rel=\"noreferrer noopener\" href=\"https:\/\/www.estrategiaconcursos.com.br\/cursosPorConcurso\/policia-civil-ac\/\" target=\"_blank\">CURSO PC ACRE<\/a><\/strong><\/p>\n\n\n\n<p class=\"has-text-align-center\"><strong><em><strong>Sistema de Quest\u00f5es<\/strong><\/em><\/strong><\/p>\n\n\n\n<p class=\"has-text-align-center\">Estrat\u00e9gia Quest\u00f5es nasceu maior do que todos os concorrentes, com mais quest\u00f5es cadastradas e mais solu\u00e7\u00f5es por professores. Clique no link e aproveite os descontos e b\u00f4nus imperd\u00edveis!<\/p>\n\n\n\n<p class=\"has-text-align-center has-vivid-green-cyan-background-color has-background\"><strong>ASSINE AGORA \u2013&nbsp;<a href=\"https:\/\/www.estrategiaconcursos.com.br\/cursosPorConcurso\/sistema-de-questoes\/#\/\" target=\"_blank\" rel=\"noreferrer noopener\">Sistema de Quest\u00f5es<\/a><\/strong><\/p>\n\n\n\n<p class=\"has-text-align-center\"><em><strong>Assinatura Anual Ilimitada*<\/strong><\/em><\/p>\n\n\n\n<p class=\"has-text-align-center\"><em>Prepare-se com o melhor material e com quem mais aprova em Concursos P\u00fablicos em todo o pa\u00eds. Assine agora a nossa Assinatura Anual e tenha acesso ilimitado* a todos os nossos cursos.<\/em><\/p>\n\n\n\n<p class=\"has-text-align-center has-luminous-vivid-amber-background-color has-background\"><strong>ASSINE AGORA<\/strong>&nbsp;\u2013&nbsp;<strong><a rel=\"noreferrer noopener\" href=\"https:\/\/www.estrategiaconcursos.com.br\/assinaturas\" target=\"_blank\">Assinatura Ilimitada<\/a><\/strong><\/p>\n\n\n\n<p class=\"has-text-align-center\"><strong><em>Fique por dentro dos concursos vigentes:<\/em><\/strong><\/p>\n\n\n\n<p class=\"has-text-align-center has-pale-cyan-blue-background-color has-background\"><strong><a rel=\"noreferrer noopener\" href=\"https:\/\/www.estrategiaconcursos.com.br\/blog\/concursos-abertos\/\" target=\"_blank\">CONCURSOS ABERTOS<\/a><\/strong><\/p>\n\n\n\n<p class=\"has-text-align-center has-pale-cyan-blue-background-color has-background\"><strong><a rel=\"noreferrer noopener\" href=\"https:\/\/www.estrategiaconcursos.com.br\/blog\/concursos-2020\/\" target=\"_blank\">CONCURSOS&nbsp;2020<\/a><\/strong><\/p>\n\n\n\n<p class=\"has-text-align-center has-pale-cyan-blue-background-color has-background\"><a rel=\"noreferrer noopener\" href=\"https:\/\/www.estrategiaconcursos.com.br\/blog\/concursos-2021\/\" target=\"_blank\"><strong>CONCURSOS 2021<\/strong><\/a><\/p>\n","protected":false},"excerpt":{"rendered":"<p>Foi anunciado pelo governador do Acre, Gladson Cameli, a convoca\u00e7\u00e3o de 202 aprovados no \u00faltimo concurso da Pol\u00edcia Civil do Acre (PC Acre), ocorrido em 2017. O an\u00fancio foi feito na \u00faltima segunda-feira, 21 de setembro, em cerim\u00f4nia no audit\u00f3rio da Pol\u00edcia Civil. De acordo com o governador, as convoca\u00e7\u00f5es ser\u00e3o publicadas no Di\u00e1rio oficial [&hellip;]<\/p>\n","protected":false},"author":248,"featured_media":67597,"comment_status":"open","ping_status":"closed","sticky":false,"template":"","format":"standard","meta":{"post_tipo":"article","footnotes":""},"categories":[1],"tags":[],"tax_estado":[],"class_list":["post-576507","post","type-post","status-publish","format-standard","has-post-thumbnail","hentry","category-cursos-e-concursos"],"acf":[],"yoast_head":"<!-- This site is optimized with the Yoast SEO Premium plugin v27.2 (Yoast SEO v27.2) - https:\/\/yoast.com\/product\/yoast-seo-premium-wordpress\/ -->\n<title>Aprovados no \u00faltimo concurso PC Acre ser\u00e3o convocados at\u00e9 novembro<\/title>\n<meta name=\"description\" content=\"Foi anunciado pelo governador do Acre, Gladson Cameli, a convoca\u00e7\u00e3o de 202 aprovados no \u00faltimo concurso PC Acre ocorrido em 2017.\" \/>\n<meta name=\"robots\" content=\"index, follow, max-snippet:-1, max-image-preview:large, max-video-preview:-1\" \/>\n<link rel=\"canonical\" href=\"https:\/\/www.estrategiaconcursos.com.br\/blog\/aprovados-no-ultimo-concurso-pc-acre-serao-convocados\/\" \/>\n<meta property=\"og:locale\" content=\"pt_BR\" \/>\n<meta property=\"og:type\" content=\"article\" \/>\n<meta property=\"og:title\" content=\"Aprovados no \u00faltimo concurso PC Acre ser\u00e3o convocados at\u00e9 novembro\" \/>\n<meta property=\"og:description\" content=\"Foi anunciado pelo governador do Acre, Gladson Cameli, a convoca\u00e7\u00e3o de 202 aprovados no \u00faltimo concurso PC Acre ocorrido em 2017.\" \/>\n<meta property=\"og:url\" content=\"https:\/\/www.estrategiaconcursos.com.br\/blog\/aprovados-no-ultimo-concurso-pc-acre-serao-convocados\/\" \/>\n<meta property=\"og:site_name\" content=\"Estrat\u00e9gia Concursos\" \/>\n<meta property=\"article:published_time\" content=\"2020-09-23T14:51:46+00:00\" \/>\n<meta property=\"article:modified_time\" content=\"2020-09-23T16:15:12+00:00\" \/>\n<meta property=\"og:image\" content=\"https:\/\/dhg1h5j42swfq.cloudfront.net\/2017\/03\/20194605\/Adinoel-PC-AC-2017-logo.jpg\" \/>\n\t<meta property=\"og:image:width\" content=\"539\" \/>\n\t<meta property=\"og:image:height\" content=\"279\" \/>\n\t<meta property=\"og:image:type\" content=\"image\/jpeg\" \/>\n<meta name=\"author\" content=\"Marcos Gir\u00e3o\" \/>\n<meta name=\"twitter:card\" content=\"summary_large_image\" \/>\n<meta name=\"twitter:creator\" content=\"@EstratConcursos\" \/>\n<meta name=\"twitter:site\" content=\"@EstratConcursos\" \/>\n<meta name=\"twitter:label1\" content=\"Escrito por\" \/>\n\t<meta name=\"twitter:data1\" content=\"Marcos Gir\u00e3o\" \/>\n\t<meta name=\"twitter:label2\" content=\"Est. tempo de leitura\" \/>\n\t<meta name=\"twitter:data2\" content=\"2 minutos\" \/>\n<script type=\"application\/ld+json\" class=\"yoast-schema-graph\">{\"@context\":\"https:\/\/schema.org\",\"@graph\":[{\"@type\":\"NewsArticle\",\"@id\":\"https:\/\/www.estrategiaconcursos.com.br\/blog\/aprovados-no-ultimo-concurso-pc-acre-serao-convocados\/#article\",\"isPartOf\":{\"@id\":\"https:\/\/www.estrategiaconcursos.com.br\/blog\/aprovados-no-ultimo-concurso-pc-acre-serao-convocados\/\"},\"author\":{\"name\":\"Marcos Gir\u00e3o\",\"@id\":\"https:\/\/www.estrategiaconcursos.com.br\/blog\/#\/schema\/person\/6be195b7a02a8ca214472b848686bb37\"},\"headline\":\"Aprovados no \u00faltimo concurso PC Acre ser\u00e3o convocados at\u00e9 novembro\",\"datePublished\":\"2020-09-23T14:51:46+00:00\",\"dateModified\":\"2020-09-23T16:15:12+00:00\",\"mainEntityOfPage\":{\"@id\":\"https:\/\/www.estrategiaconcursos.com.br\/blog\/aprovados-no-ultimo-concurso-pc-acre-serao-convocados\/\"},\"wordCount\":334,\"commentCount\":0,\"publisher\":{\"@id\":\"https:\/\/www.estrategiaconcursos.com.br\/blog\/#organization\"},\"image\":{\"@id\":\"https:\/\/www.estrategiaconcursos.com.br\/blog\/aprovados-no-ultimo-concurso-pc-acre-serao-convocados\/#primaryimage\"},\"thumbnailUrl\":\"https:\/\/dhg1h5j42swfq.cloudfront.net\/2017\/03\/20194605\/Adinoel-PC-AC-2017-logo.jpg\",\"articleSection\":[\"Concursos P\u00fablicos\"],\"inLanguage\":\"pt-BR\",\"potentialAction\":[{\"@type\":\"CommentAction\",\"name\":\"Comment\",\"target\":[\"https:\/\/www.estrategiaconcursos.com.br\/blog\/aprovados-no-ultimo-concurso-pc-acre-serao-convocados\/#respond\"]}],\"copyrightYear\":\"2020\",\"copyrightHolder\":{\"@id\":\"https:\/\/www.estrategiaconcursos.com.br\/blog\/#organization\"}},{\"@type\":\"WebPage\",\"@id\":\"https:\/\/www.estrategiaconcursos.com.br\/blog\/aprovados-no-ultimo-concurso-pc-acre-serao-convocados\/\",\"url\":\"https:\/\/www.estrategiaconcursos.com.br\/blog\/aprovados-no-ultimo-concurso-pc-acre-serao-convocados\/\",\"name\":\"Aprovados no \u00faltimo concurso PC Acre ser\u00e3o convocados at\u00e9 novembro\",\"isPartOf\":{\"@id\":\"https:\/\/www.estrategiaconcursos.com.br\/blog\/#website\"},\"primaryImageOfPage\":{\"@id\":\"https:\/\/www.estrategiaconcursos.com.br\/blog\/aprovados-no-ultimo-concurso-pc-acre-serao-convocados\/#primaryimage\"},\"image\":{\"@id\":\"https:\/\/www.estrategiaconcursos.com.br\/blog\/aprovados-no-ultimo-concurso-pc-acre-serao-convocados\/#primaryimage\"},\"thumbnailUrl\":\"https:\/\/dhg1h5j42swfq.cloudfront.net\/2017\/03\/20194605\/Adinoel-PC-AC-2017-logo.jpg\",\"datePublished\":\"2020-09-23T14:51:46+00:00\",\"dateModified\":\"2020-09-23T16:15:12+00:00\",\"description\":\"Foi anunciado pelo governador do Acre, Gladson Cameli, a convoca\u00e7\u00e3o de 202 aprovados no \u00faltimo concurso PC Acre ocorrido em 2017.\",\"breadcrumb\":{\"@id\":\"https:\/\/www.estrategiaconcursos.com.br\/blog\/aprovados-no-ultimo-concurso-pc-acre-serao-convocados\/#breadcrumb\"},\"inLanguage\":\"pt-BR\",\"potentialAction\":[{\"@type\":\"ReadAction\",\"target\":[\"https:\/\/www.estrategiaconcursos.com.br\/blog\/aprovados-no-ultimo-concurso-pc-acre-serao-convocados\/\"]}]},{\"@type\":\"ImageObject\",\"inLanguage\":\"pt-BR\",\"@id\":\"https:\/\/www.estrategiaconcursos.com.br\/blog\/aprovados-no-ultimo-concurso-pc-acre-serao-convocados\/#primaryimage\",\"url\":\"https:\/\/dhg1h5j42swfq.cloudfront.net\/2017\/03\/20194605\/Adinoel-PC-AC-2017-logo.jpg\",\"contentUrl\":\"https:\/\/dhg1h5j42swfq.cloudfront.net\/2017\/03\/20194605\/Adinoel-PC-AC-2017-logo.jpg\",\"width\":539,\"height\":279},{\"@type\":\"BreadcrumbList\",\"@id\":\"https:\/\/www.estrategiaconcursos.com.br\/blog\/aprovados-no-ultimo-concurso-pc-acre-serao-convocados\/#breadcrumb\",\"itemListElement\":[{\"@type\":\"ListItem\",\"position\":1,\"name\":\"In\u00edcio\",\"item\":\"https:\/\/www.estrategiaconcursos.com.br\/blog\/\"},{\"@type\":\"ListItem\",\"position\":2,\"name\":\"Aprovados no \u00faltimo concurso PC Acre ser\u00e3o convocados at\u00e9 novembro\"}]},{\"@type\":\"WebSite\",\"@id\":\"https:\/\/www.estrategiaconcursos.com.br\/blog\/#website\",\"url\":\"https:\/\/www.estrategiaconcursos.com.br\/blog\/\",\"name\":\"Estrat\u00e9gia Concursos\",\"description\":\"O blog da Estrat\u00e9gia Concursos traz not\u00edcias sobre concursos e artigos de professores oferecendo cursos para concursos (pdf + videaulas) no site.\",\"publisher\":{\"@id\":\"https:\/\/www.estrategiaconcursos.com.br\/blog\/#organization\"},\"potentialAction\":[{\"@type\":\"SearchAction\",\"target\":{\"@type\":\"EntryPoint\",\"urlTemplate\":\"https:\/\/www.estrategiaconcursos.com.br\/blog\/?s={search_term_string}\"},\"query-input\":{\"@type\":\"PropertyValueSpecification\",\"valueRequired\":true,\"valueName\":\"search_term_string\"}}],\"inLanguage\":\"pt-BR\"},{\"@type\":\"Organization\",\"@id\":\"https:\/\/www.estrategiaconcursos.com.br\/blog\/#organization\",\"name\":\"Estrat\u00e9gia Concursos\",\"url\":\"https:\/\/www.estrategiaconcursos.com.br\/blog\/\",\"logo\":{\"@type\":\"ImageObject\",\"inLanguage\":\"pt-BR\",\"@id\":\"https:\/\/www.estrategiaconcursos.com.br\/blog\/#\/schema\/logo\/image\/\",\"url\":\"https:\/\/dhg1h5j42swfq.cloudfront.net\/2025\/06\/03203428\/logo_concursos-1.jpg\",\"contentUrl\":\"https:\/\/dhg1h5j42swfq.cloudfront.net\/2025\/06\/03203428\/logo_concursos-1.jpg\",\"width\":230,\"height\":60,\"caption\":\"Estrat\u00e9gia Concursos\"},\"image\":{\"@id\":\"https:\/\/www.estrategiaconcursos.com.br\/blog\/#\/schema\/logo\/image\/\"},\"sameAs\":[\"https:\/\/x.com\/EstratConcursos\"]},{\"@type\":\"Person\",\"@id\":\"https:\/\/www.estrategiaconcursos.com.br\/blog\/#\/schema\/person\/6be195b7a02a8ca214472b848686bb37\",\"name\":\"Marcos Gir\u00e3o\",\"image\":{\"@type\":\"ImageObject\",\"inLanguage\":\"pt-BR\",\"@id\":\"https:\/\/secure.gravatar.com\/avatar\/ac5b9a36e2c99a8280e07b5763e3b764471d5b861c47521bfd2edffdfbb06fbd?s=96&d=mm&r=g\",\"url\":\"https:\/\/secure.gravatar.com\/avatar\/ac5b9a36e2c99a8280e07b5763e3b764471d5b861c47521bfd2edffdfbb06fbd?s=96&d=mm&r=g\",\"contentUrl\":\"https:\/\/secure.gravatar.com\/avatar\/ac5b9a36e2c99a8280e07b5763e3b764471d5b861c47521bfd2edffdfbb06fbd?s=96&d=mm&r=g\",\"caption\":\"Marcos Gir\u00e3o\"},\"url\":\"https:\/\/www.estrategiaconcursos.com.br\/blog\/author\/marcosgiraoestrategiaconcursos-com-br\/\"}]}<\/script>\n<!-- \/ Yoast SEO Premium plugin. -->","yoast_head_json":{"title":"Aprovados no \u00faltimo concurso PC Acre ser\u00e3o convocados at\u00e9 novembro","description":"Foi anunciado pelo governador do Acre, Gladson Cameli, a convoca\u00e7\u00e3o de 202 aprovados no \u00faltimo concurso PC Acre ocorrido em 2017.","robots":{"index":"index","follow":"follow","max-snippet":"max-snippet:-1","max-image-preview":"max-image-preview:large","max-video-preview":"max-video-preview:-1"},"canonical":"https:\/\/www.estrategiaconcursos.com.br\/blog\/aprovados-no-ultimo-concurso-pc-acre-serao-convocados\/","og_locale":"pt_BR","og_type":"article","og_title":"Aprovados no \u00faltimo concurso PC Acre ser\u00e3o convocados at\u00e9 novembro","og_description":"Foi anunciado pelo governador do Acre, Gladson Cameli, a convoca\u00e7\u00e3o de 202 aprovados no \u00faltimo concurso PC Acre ocorrido em 2017.","og_url":"https:\/\/www.estrategiaconcursos.com.br\/blog\/aprovados-no-ultimo-concurso-pc-acre-serao-convocados\/","og_site_name":"Estrat\u00e9gia Concursos","article_published_time":"2020-09-23T14:51:46+00:00","article_modified_time":"2020-09-23T16:15:12+00:00","og_image":[{"width":539,"height":279,"url":"https:\/\/dhg1h5j42swfq.cloudfront.net\/2017\/03\/20194605\/Adinoel-PC-AC-2017-logo.jpg","type":"image\/jpeg"}],"author":"Marcos Gir\u00e3o","twitter_card":"summary_large_image","twitter_creator":"@EstratConcursos","twitter_site":"@EstratConcursos","twitter_misc":{"Escrito por":"Marcos Gir\u00e3o","Est. tempo de leitura":"2 minutos"},"schema":{"@context":"https:\/\/schema.org","@graph":[{"@type":"NewsArticle","@id":"https:\/\/www.estrategiaconcursos.com.br\/blog\/aprovados-no-ultimo-concurso-pc-acre-serao-convocados\/#article","isPartOf":{"@id":"https:\/\/www.estrategiaconcursos.com.br\/blog\/aprovados-no-ultimo-concurso-pc-acre-serao-convocados\/"},"author":{"name":"Marcos Gir\u00e3o","@id":"https:\/\/www.estrategiaconcursos.com.br\/blog\/#\/schema\/person\/6be195b7a02a8ca214472b848686bb37"},"headline":"Aprovados no \u00faltimo concurso PC Acre ser\u00e3o convocados at\u00e9 novembro","datePublished":"2020-09-23T14:51:46+00:00","dateModified":"2020-09-23T16:15:12+00:00","mainEntityOfPage":{"@id":"https:\/\/www.estrategiaconcursos.com.br\/blog\/aprovados-no-ultimo-concurso-pc-acre-serao-convocados\/"},"wordCount":334,"commentCount":0,"publisher":{"@id":"https:\/\/www.estrategiaconcursos.com.br\/blog\/#organization"},"image":{"@id":"https:\/\/www.estrategiaconcursos.com.br\/blog\/aprovados-no-ultimo-concurso-pc-acre-serao-convocados\/#primaryimage"},"thumbnailUrl":"https:\/\/dhg1h5j42swfq.cloudfront.net\/2017\/03\/20194605\/Adinoel-PC-AC-2017-logo.jpg","articleSection":["Concursos P\u00fablicos"],"inLanguage":"pt-BR","potentialAction":[{"@type":"CommentAction","name":"Comment","target":["https:\/\/www.estrategiaconcursos.com.br\/blog\/aprovados-no-ultimo-concurso-pc-acre-serao-convocados\/#respond"]}],"copyrightYear":"2020","copyrightHolder":{"@id":"https:\/\/www.estrategiaconcursos.com.br\/blog\/#organization"}},{"@type":"WebPage","@id":"https:\/\/www.estrategiaconcursos.com.br\/blog\/aprovados-no-ultimo-concurso-pc-acre-serao-convocados\/","url":"https:\/\/www.estrategiaconcursos.com.br\/blog\/aprovados-no-ultimo-concurso-pc-acre-serao-convocados\/","name":"Aprovados no \u00faltimo concurso PC Acre ser\u00e3o convocados at\u00e9 novembro","isPartOf":{"@id":"https:\/\/www.estrategiaconcursos.com.br\/blog\/#website"},"primaryImageOfPage":{"@id":"https:\/\/www.estrategiaconcursos.com.br\/blog\/aprovados-no-ultimo-concurso-pc-acre-serao-convocados\/#primaryimage"},"image":{"@id":"https:\/\/www.estrategiaconcursos.com.br\/blog\/aprovados-no-ultimo-concurso-pc-acre-serao-convocados\/#primaryimage"},"thumbnailUrl":"https:\/\/dhg1h5j42swfq.cloudfront.net\/2017\/03\/20194605\/Adinoel-PC-AC-2017-logo.jpg","datePublished":"2020-09-23T14:51:46+00:00","dateModified":"2020-09-23T16:15:12+00:00","description":"Foi anunciado pelo governador do Acre, Gladson Cameli, a convoca\u00e7\u00e3o de 202 aprovados no \u00faltimo concurso PC Acre ocorrido em 2017.","breadcrumb":{"@id":"https:\/\/www.estrategiaconcursos.com.br\/blog\/aprovados-no-ultimo-concurso-pc-acre-serao-convocados\/#breadcrumb"},"inLanguage":"pt-BR","potentialAction":[{"@type":"ReadAction","target":["https:\/\/www.estrategiaconcursos.com.br\/blog\/aprovados-no-ultimo-concurso-pc-acre-serao-convocados\/"]}]},{"@type":"ImageObject","inLanguage":"pt-BR","@id":"https:\/\/www.estrategiaconcursos.com.br\/blog\/aprovados-no-ultimo-concurso-pc-acre-serao-convocados\/#primaryimage","url":"https:\/\/dhg1h5j42swfq.cloudfront.net\/2017\/03\/20194605\/Adinoel-PC-AC-2017-logo.jpg","contentUrl":"https:\/\/dhg1h5j42swfq.cloudfront.net\/2017\/03\/20194605\/Adinoel-PC-AC-2017-logo.jpg","width":539,"height":279},{"@type":"BreadcrumbList","@id":"https:\/\/www.estrategiaconcursos.com.br\/blog\/aprovados-no-ultimo-concurso-pc-acre-serao-convocados\/#breadcrumb","itemListElement":[{"@type":"ListItem","position":1,"name":"In\u00edcio","item":"https:\/\/www.estrategiaconcursos.com.br\/blog\/"},{"@type":"ListItem","position":2,"name":"Aprovados no \u00faltimo concurso PC Acre ser\u00e3o convocados at\u00e9 novembro"}]},{"@type":"WebSite","@id":"https:\/\/www.estrategiaconcursos.com.br\/blog\/#website","url":"https:\/\/www.estrategiaconcursos.com.br\/blog\/","name":"Estrat\u00e9gia Concursos","description":"O blog da Estrat\u00e9gia Concursos traz not\u00edcias sobre concursos e artigos de professores oferecendo cursos para concursos (pdf + videaulas) no site.","publisher":{"@id":"https:\/\/www.estrategiaconcursos.com.br\/blog\/#organization"},"potentialAction":[{"@type":"SearchAction","target":{"@type":"EntryPoint","urlTemplate":"https:\/\/www.estrategiaconcursos.com.br\/blog\/?s={search_term_string}"},"query-input":{"@type":"PropertyValueSpecification","valueRequired":true,"valueName":"search_term_string"}}],"inLanguage":"pt-BR"},{"@type":"Organization","@id":"https:\/\/www.estrategiaconcursos.com.br\/blog\/#organization","name":"Estrat\u00e9gia Concursos","url":"https:\/\/www.estrategiaconcursos.com.br\/blog\/","logo":{"@type":"ImageObject","inLanguage":"pt-BR","@id":"https:\/\/www.estrategiaconcursos.com.br\/blog\/#\/schema\/logo\/image\/","url":"https:\/\/dhg1h5j42swfq.cloudfront.net\/2025\/06\/03203428\/logo_concursos-1.jpg","contentUrl":"https:\/\/dhg1h5j42swfq.cloudfront.net\/2025\/06\/03203428\/logo_concursos-1.jpg","width":230,"height":60,"caption":"Estrat\u00e9gia Concursos"},"image":{"@id":"https:\/\/www.estrategiaconcursos.com.br\/blog\/#\/schema\/logo\/image\/"},"sameAs":["https:\/\/x.com\/EstratConcursos"]},{"@type":"Person","@id":"https:\/\/www.estrategiaconcursos.com.br\/blog\/#\/schema\/person\/6be195b7a02a8ca214472b848686bb37","name":"Marcos Gir\u00e3o","image":{"@type":"ImageObject","inLanguage":"pt-BR","@id":"https:\/\/secure.gravatar.com\/avatar\/ac5b9a36e2c99a8280e07b5763e3b764471d5b861c47521bfd2edffdfbb06fbd?s=96&d=mm&r=g","url":"https:\/\/secure.gravatar.com\/avatar\/ac5b9a36e2c99a8280e07b5763e3b764471d5b861c47521bfd2edffdfbb06fbd?s=96&d=mm&r=g","contentUrl":"https:\/\/secure.gravatar.com\/avatar\/ac5b9a36e2c99a8280e07b5763e3b764471d5b861c47521bfd2edffdfbb06fbd?s=96&d=mm&r=g","caption":"Marcos Gir\u00e3o"},"url":"https:\/\/www.estrategiaconcursos.com.br\/blog\/author\/marcosgiraoestrategiaconcursos-com-br\/"}]}},"_links":{"self":[{"href":"https:\/\/www.estrategiaconcursos.com.br\/blog\/wp-json\/wp\/v2\/posts\/576507","targetHints":{"allow":["GET"]}}],"collection":[{"href":"https:\/\/www.estrategiaconcursos.com.br\/blog\/wp-json\/wp\/v2\/posts"}],"about":[{"href":"https:\/\/www.estrategiaconcursos.com.br\/blog\/wp-json\/wp\/v2\/types\/post"}],"author":[{"embeddable":true,"href":"https:\/\/www.estrategiaconcursos.com.br\/blog\/wp-json\/wp\/v2\/users\/248"}],"replies":[{"embeddable":true,"href":"https:\/\/www.estrategiaconcursos.com.br\/blog\/wp-json\/wp\/v2\/comments?post=576507"}],"version-history":[{"count":3,"href":"https:\/\/www.estrategiaconcursos.com.br\/blog\/wp-json\/wp\/v2\/posts\/576507\/revisions"}],"predecessor-version":[{"id":576635,"href":"https:\/\/www.estrategiaconcursos.com.br\/blog\/wp-json\/wp\/v2\/posts\/576507\/revisions\/576635"}],"wp:featuredmedia":[{"embeddable":true,"href":"https:\/\/www.estrategiaconcursos.com.br\/blog\/wp-json\/wp\/v2\/media\/67597"}],"wp:attachment":[{"href":"https:\/\/www.estrategiaconcursos.com.br\/blog\/wp-json\/wp\/v2\/media?parent=576507"}],"wp:term":[{"taxonomy":"category","embeddable":true,"href":"https:\/\/www.estrategiaconcursos.com.br\/blog\/wp-json\/wp\/v2\/categories?post=576507"},{"taxonomy":"post_tag","embeddable":true,"href":"https:\/\/www.estrategiaconcursos.com.br\/blog\/wp-json\/wp\/v2\/tags?post=576507"},{"taxonomy":"tax_estado","embeddable":true,"href":"https:\/\/www.estrategiaconcursos.com.br\/blog\/wp-json\/wp\/v2\/tax_estado?post=576507"}],"curies":[{"name":"wp","href":"https:\/\/api.w.org\/{rel}","templated":true}]}}