{"id":57626,"date":"2026-04-30T07:42:00","date_gmt":"2026-04-30T10:42:00","guid":{"rendered":"https:\/\/www.estrategiaconcursos.com.br\/blog\/?p=57626"},"modified":"2026-04-30T09:44:34","modified_gmt":"2026-04-30T12:44:34","slug":"concursos-fiscais","status":"publish","type":"post","link":"https:\/\/www.estrategiaconcursos.com.br\/blog\/concursos-fiscais\/","title":{"rendered":"Concursos Fiscais 2026: sal\u00e1rios acima dos R$ 30 mil!"},"content":{"rendered":"\n<p>Quer ficar por dentro de todos os <strong>concursos fiscais<\/strong> previstos para 2026, al\u00e9m de oportunidades com editais j\u00e1 publicados? Ent\u00e3o, chegou ao lugar certo! Neste artigo, reunimos todos esses detalhes para voc\u00ea.<\/p>\n\n\n\n<p>Traremos informa\u00e7\u00f5es atualizadas sobre os concursos da <strong>Receita<\/strong> <strong>Federal<\/strong> <strong>e receitas estaduais e municipais<\/strong> para voc\u00ea se preparar e decidir qual rumo seguir na \u00e1rea fiscal: <strong>auditor fiscal<\/strong>, analista tribut\u00e1rio, entre outros.<\/p>\n\n\n\n<iframe id=\"mapa-concursos-ga4\"\n    src=\"https:\/\/www.estrategiaconcursos.com.br\/blog\/mapa-concursos\/embed?situacoes=Inscri%C3%A7%C3%B5es+abertas%2CEdital+em+breve%2CInscri%C3%A7%C3%B5es+encerradas&#038;areas=Fiscal\"\n    width=\"100%\"\n    height=\"400\"\n    style=\"border: none; display: block;\"\n    title=\"Mapa de Concursos P\u00fablicos\"\n    loading=\"lazy\">\n<\/iframe>\n\n\n\n<h2 class=\"wp-block-heading has-text-align-center has-background\" id=\"vale-ressaltar-que-as-remuneracoes-dos-concursos-da-area-fiscal-costumam-ser-bem-atrativas\" style=\"background-color:#d2d3d5;font-size:clamp(14.642px, 0.915rem + ((1vw - 3.2px) * 0.721), 22px);\"><em>Vale ressaltar que as remunera\u00e7\u00f5es dos concursos da \u00e1rea fiscal costumam ser bem atrativas!<\/em><\/h2>\n\n\n\n<p>Al\u00e9m disso, a maioria dos <strong>concursos da \u00e1rea fiscal n\u00e3o exigem forma\u00e7\u00e3o espec\u00edfica<\/strong>. Claro que existem exce\u00e7\u00f5es e isso vai da necessidade de cada \u00f3rg\u00e3o em preencher seu quadro de servidores.<\/p>\n\n\n\n<ul class=\"wp-block-list\">\n<li><em><strong>Veja tamb\u00e9m: <a href=\"https:\/\/www.estrategiaconcursos.com.br\/blog\/o-que-faz-auditor-fiscal\/\" target=\"_blank\" rel=\"noreferrer noopener\">O que faz um Auditor Fiscal e qual seu sal\u00e1rio?<\/a><\/strong><\/em><a href=\"https:\/\/www.estrategiaconcursos.com.br\/blog\/author\/leandro_vzthotmail-com\/\"><\/a><\/li>\n<\/ul>\n\n\n\n<p>Logo abaixo, disponibilizamos os links para nossos cursos para que voc\u00ea possa garantir a t\u00e3o sonhada vaga na \u00e1rea Fiscal!<\/p>\n\n\n\n<ul id=\"indice\" class=\"wp-block-list\">\n<li><strong><a href=\"#abertos\">Concursos Abertos<\/a><\/strong><\/li>\n\n\n\n<li><strong><a href=\"#estadual\">Concursos Estaduais<\/a><\/strong><\/li>\n\n\n\n<li><strong><a href=\"#municipal\">Concursos Municipais<\/a><\/strong> <\/li>\n\n\n\n<li><strong><a href=\"#federal\">Concursos Federais<\/a><\/strong><\/li>\n\n\n\n<li><a href=\"#guia\"><strong>Guia de Estudos<\/strong><\/a><\/li>\n\n\n\n<li><a href=\"#assinatura-e-cursos\"><strong>Assinatura e cursos<\/strong><\/a><\/li>\n<\/ul>\n\n\n\n<p class=\"has-text-align-center has-cyan-bluish-gray-background-color has-background has-medium-font-size\"><strong><a href=\"https:\/\/www.estrategiaconcursos.com.br\/blog\/estrategia-aprovacoes-concursos-fiscais\/\" target=\"_blank\" rel=\"noreferrer noopener\">Aprova\u00e7\u00e3o em peso: Estrat\u00e9gia \u00e9 refer\u00eancia na \u00e1rea fiscal!<\/a><\/strong><\/p>\n\n\n\n<div class=\"container\" id=\"boxes\">\n  <div class=\"row\">\n\n    <div class=\"col-sm\">\n      <div class=\"banner-sefaz-ec\" id=\"box-assinatura\">\n        <h2 class=\"titulo-assinatura\" style=\"text-align: left;\">Cursos para Concursos Fiscais<\/h2>\n        <p class=\"subtitulo-assinatura\" style=\"text-align: left;\">L\u00edder de aprova\u00e7\u00e3o na \u00c1rea Fiscal!<\/p>\n        <div class=\"box-botao\" style=\"text-align: left;\">\n          <a class=\"btn-assinatura\" target=\"_blank\" href=\"https:\/\/www.estrategiaconcursos.com.br\/cursosPorConcurso\/cursos-para-concursos-fiscais\/\" role=\"button\" rel=\"noopener noreferrer\">CONHE\u00c7A OS CURSOS<\/a>\n        <\/div>\n      <\/div><\/div><\/div><\/div>\n\n\n\n<h2 class=\"wp-block-heading has-text-align-center has-background\" id=\"abertos\" style=\"background-color:#d9edff\">Concursos Abertos<\/h2>\n\n\n\n<h3 class=\"wp-block-heading has-medium-font-size\" id=\"h-concurso-sefaz-ce\"><a href=\"https:\/\/www.estrategiaconcursos.com.br\/blog\/concurso-sefaz-ce\/\" target=\"_blank\" rel=\"noreferrer noopener\">Concurso Sefaz CE<\/a><\/h3>\n\n\n\n<figure class=\"wp-block-table is-style-stripes\"><table class=\"has-fixed-layout\"><tbody><tr><td><strong>Banca:<\/strong><\/td><td class=\"has-text-align-left\" data-align=\"left\">FCC<\/td><\/tr><tr><td><strong>Per\u00edodo de inscri\u00e7\u00f5es<\/strong><\/td><td class=\"has-text-align-left\" data-align=\"left\">at\u00e9 01\/06<\/td><\/tr><tr><td><strong>Data da Prova:<\/strong><\/td><td class=\"has-text-align-left\" data-align=\"left\">1\u00ba e 02\/08<\/td><\/tr><tr><td><strong>Cargos:<\/strong><\/td><td class=\"has-text-align-left\" data-align=\"left\">Auditor Fiscal <\/td><\/tr><tr><td><strong>Vagas:<\/strong><\/td><td class=\"has-text-align-left\" data-align=\"left\">100 + 200 CR<\/td><\/tr><tr><td><strong>Sal\u00e1rio:<\/strong><\/td><td class=\"has-text-align-left\" data-align=\"left\">R$ 16.136,64<\/td><\/tr><\/tbody><\/table><\/figure>\n\n\n\n<h3 class=\"wp-block-heading has-medium-font-size\" id=\"h-concurso-iss-porto-velho-ro\"><a href=\"https:\/\/www.estrategiaconcursos.com.br\/blog\/concurso-iss-porto-velho\/\" target=\"_blank\" rel=\"noreferrer noopener\">Concurso ISS Porto Velho<\/a> (RO)<\/h3>\n\n\n\n<figure class=\"wp-block-table is-style-stripes\"><table class=\"has-fixed-layout\"><tbody><tr><td><strong>Banca:<\/strong><\/td><td class=\"has-text-align-left\" data-align=\"left\">Cebraspe<\/td><\/tr><tr><td><strong>Per\u00edodo de inscri\u00e7\u00f5es<\/strong><\/td><td class=\"has-text-align-left\" data-align=\"left\">05 a 25\/05<\/td><\/tr><tr><td><strong>Data da Prova:<\/strong><\/td><td class=\"has-text-align-left\" data-align=\"left\">19\/07<\/td><\/tr><tr><td><strong>Cargos:<\/strong><\/td><td class=\"has-text-align-left\" data-align=\"left\">Auditor Fiscal <\/td><\/tr><tr><td><strong>Vagas:<\/strong><\/td><td class=\"has-text-align-left\" data-align=\"left\">10 + 10 CR<\/td><\/tr><tr><td><strong>Sal\u00e1rio:<\/strong><\/td><td class=\"has-text-align-left\" data-align=\"left\">R$ 18.431,04<\/td><\/tr><\/tbody><\/table><\/figure>\n\n\n\n<h3 class=\"wp-block-heading has-medium-font-size\" id=\"h-concurso-iss-indaial-sc\"><a href=\"https:\/\/www.estrategiaconcursos.com.br\/blog\/concurso-iss-indaial\/\" target=\"_blank\" rel=\"noreferrer noopener\">Concurso ISS Indaial<\/a> (SC)<\/h3>\n\n\n\n<figure class=\"wp-block-table is-style-stripes\"><table class=\"has-fixed-layout\"><tbody><tr><td><strong>Banca:<\/strong><\/td><td class=\"has-text-align-left\" data-align=\"left\">IBAM<\/td><\/tr><tr><td><strong>Per\u00edodo de inscri\u00e7\u00f5es<\/strong><\/td><td class=\"has-text-align-left\" data-align=\"left\">at\u00e9 21\/05<\/td><\/tr><tr><td><strong>Data da Prova:<\/strong><\/td><td class=\"has-text-align-left\" data-align=\"left\">14\/06<\/td><\/tr><tr><td><strong>Cargos:<\/strong><\/td><td class=\"has-text-align-left\" data-align=\"left\">Auditor Fiscal de Tributos<\/td><\/tr><tr><td><strong>Vagas:<\/strong><\/td><td class=\"has-text-align-left\" data-align=\"left\">03<\/td><\/tr><tr><td><strong>Sal\u00e1rio:<\/strong><\/td><td class=\"has-text-align-left\" data-align=\"left\">R$ 6.234,00<\/td><\/tr><\/tbody><\/table><\/figure>\n\n\n\n<h3 class=\"wp-block-heading has-medium-font-size\" id=\"h-concurso-iss-camboriu-sc\"><a href=\"https:\/\/www.estrategiaconcursos.com.br\/blog\/concurso-iss-camboriu-sc\/\" target=\"_blank\" rel=\"noreferrer noopener\">Concurso ISS Cambori\u00fa<\/a> (SC)<\/h3>\n\n\n\n<figure class=\"wp-block-table is-style-stripes\"><table class=\"has-fixed-layout\"><tbody><tr><td><strong>Banca:<\/strong><\/td><td class=\"has-text-align-left\" data-align=\"left\">Idecan<\/td><\/tr><tr><td><strong>Per\u00edodo de inscri\u00e7\u00f5es<\/strong><\/td><td class=\"has-text-align-left\" data-align=\"left\">at\u00e9 11\/05<\/td><\/tr><tr><td><strong>Data da Prova:<\/strong><\/td><td class=\"has-text-align-left\" data-align=\"left\">14\/06<\/td><\/tr><tr><td><strong>Cargos:<\/strong><\/td><td class=\"has-text-align-left\" data-align=\"left\">Auditor Fiscal Tribut\u00e1rio<\/td><\/tr><tr><td><strong>Vagas:<\/strong><\/td><td class=\"has-text-align-left\" data-align=\"left\">1 + CR<\/td><\/tr><tr><td><strong>Sal\u00e1rio:<\/strong><\/td><td class=\"has-text-align-left\" data-align=\"left\">R$ 6.141,66<\/td><\/tr><\/tbody><\/table><\/figure>\n\n\n\n<h3 class=\"wp-block-heading has-medium-font-size\" id=\"h-concurso-iss-esteio-rs\"><a href=\"https:\/\/www.estrategiaconcursos.com.br\/blog\/concurso-iss-esteio\/\" target=\"_blank\" rel=\"noreferrer noopener\">Concurso ISS Esteio<\/a> (RS)<\/h3>\n\n\n\n<figure class=\"wp-block-table is-style-stripes\"><table class=\"has-fixed-layout\"><tbody><tr><td><strong>Banca:<\/strong><\/td><td class=\"has-text-align-left\" data-align=\"left\">Funda\u00e7\u00e3o La Salle<\/td><\/tr><tr><td><strong>Per\u00edodo de inscri\u00e7\u00f5es<\/strong><\/td><td class=\"has-text-align-left\" data-align=\"left\">at\u00e9 04\/05<\/td><\/tr><tr><td><strong>Data da Prova:<\/strong><\/td><td class=\"has-text-align-left\" data-align=\"left\">14\/06<\/td><\/tr><tr><td><strong>Cargos:<\/strong><\/td><td class=\"has-text-align-left\" data-align=\"left\">Auditor Fiscal de Tributos<\/td><\/tr><tr><td><strong>Vagas:<\/strong><\/td><td class=\"has-text-align-left\" data-align=\"left\">CR<\/td><\/tr><tr><td><strong>Sal\u00e1rio:<\/strong><\/td><td class=\"has-text-align-left\" data-align=\"left\">R$ 6.564,20 + gratifica\u00e7\u00e3o<\/td><\/tr><\/tbody><\/table><\/figure>\n\n\n\n<h3 class=\"wp-block-heading has-medium-font-size\" id=\"h-concurso-iss-sao-leopoldo-rs\"><a href=\"https:\/\/www.estrategiaconcursos.com.br\/blog\/concurso-iss-sao-leopoldo\/\" target=\"_blank\" rel=\"noreferrer noopener\">Concurso ISS S\u00e3o Leopoldo<\/a> (RS)<\/h3>\n\n\n\n<figure class=\"wp-block-table is-style-stripes\"><table class=\"has-fixed-layout\"><tbody><tr><td><strong>Banca:<\/strong><\/td><td class=\"has-text-align-left\" data-align=\"left\">Funda\u00e7\u00e3o La Salle<\/td><\/tr><tr><td><strong>Per\u00edodo de inscri\u00e7\u00f5es<\/strong><\/td><td class=\"has-text-align-left\" data-align=\"left\">at\u00e9 6\/5<\/td><\/tr><tr><td><strong>Data da Prova:<\/strong><\/td><td class=\"has-text-align-left\" data-align=\"left\">5\/7<\/td><\/tr><tr><td><strong>Cargos:<\/strong><\/td><td class=\"has-text-align-left\" data-align=\"left\">Fiscal Tribut\u00e1rio<\/td><\/tr><tr><td><strong>Vagas:<\/strong><\/td><td class=\"has-text-align-left\" data-align=\"left\">CR<\/td><\/tr><tr><td><strong>Sal\u00e1rio:<\/strong><\/td><td class=\"has-text-align-left\" data-align=\"left\">R$ 6.938,40<\/td><\/tr><\/tbody><\/table><\/figure>\n\n\n\n<h3 class=\"wp-block-heading has-medium-font-size\" id=\"h-concurso-iss-senador-canedo-go\"><a href=\"https:\/\/www.estrategiaconcursos.com.br\/blog\/concurso-iss-senador-canedo\/\" target=\"_blank\" rel=\"noreferrer noopener\">Concurso ISS Senador Canedo<\/a> (GO)<\/h3>\n\n\n\n<figure class=\"wp-block-table is-style-stripes\"><table class=\"has-fixed-layout\"><tbody><tr><td class=\"has-text-align-left\" data-align=\"left\"><strong><\/strong><strong><\/strong><strong><\/strong><strong><\/strong><strong><\/strong><strong>Inscri\u00e7\u00f5es:<\/strong><\/td><td>15\/04 a 14\/05<\/td><\/tr><tr><td class=\"has-text-align-left\" data-align=\"left\"><strong>Data da prova:<\/strong><\/td><td>21\/06<\/td><\/tr><tr><td class=\"has-text-align-left\" data-align=\"left\"><strong>Banca:<\/strong><\/td><td>Instituto Verbena\/UFG<\/td><\/tr><tr><td class=\"has-text-align-left\" data-align=\"left\"><strong>Cargos:<\/strong><\/td><td>Fiscal de Tributos<\/td><\/tr><tr><td class=\"has-text-align-left\" data-align=\"left\"><strong>Vagas:<\/strong><\/td><td>4 + 12 CR<\/td><\/tr><tr><td class=\"has-text-align-left\" data-align=\"left\"><strong>Sal\u00e1rio:<\/strong><\/td><td>R$ 9.929,68<\/td><\/tr><\/tbody><\/table><\/figure>\n\n\n\n<h3 class=\"wp-block-heading has-medium-font-size\" id=\"h-concurso-iss-tres-barras-sc\"><a href=\"https:\/\/www.estrategiaconcursos.com.br\/blog\/concurso-iss-tres-barras-sc\/\" target=\"_blank\" rel=\"noreferrer noopener\">Concurso ISS Tr\u00eas Barras<\/a> (SC)<\/h3>\n\n\n\n<figure class=\"wp-block-table is-style-stripes\"><table class=\"has-fixed-layout\"><tbody><tr><td class=\"has-text-align-left\" data-align=\"left\"><strong><\/strong><strong><\/strong><strong><\/strong><strong><\/strong><strong><\/strong><strong>Inscri\u00e7\u00f5es:<\/strong><\/td><td>13\/04 a 13\/05<\/td><\/tr><tr><td class=\"has-text-align-left\" data-align=\"left\"><strong>Data da prova:<\/strong><\/td><td>31\/05<\/td><\/tr><tr><td class=\"has-text-align-left\" data-align=\"left\"><strong>Banca:<\/strong><\/td><td>Fafipa<\/td><\/tr><tr><td class=\"has-text-align-left\" data-align=\"left\"><strong>Cargos:<\/strong><\/td><td>Auditor Fiscal de Tributos Municipais<\/td><\/tr><tr><td class=\"has-text-align-left\" data-align=\"left\"><strong>Vagas:<\/strong><\/td><td>01 <\/td><\/tr><tr><td class=\"has-text-align-left\" data-align=\"left\"><strong>Sal\u00e1rio:<\/strong><\/td><td>R$ 7.756,16<\/td><\/tr><\/tbody><\/table><\/figure>\n\n\n\n<h2 class=\"wp-block-heading has-text-align-center has-cyan-bluish-gray-background-color has-background\" id=\"estadual\">Concursos Fiscais Estaduais &#8211; Previstos <\/h2>\n\n\n\n<h3 class=\"wp-block-heading has-medium-font-size\" id=\"h-concurso-sefaz-sc\"><a href=\"https:\/\/www.estrategiaconcursos.com.br\/blog\/concurso-sefaz-sc\/\" target=\"_blank\" rel=\"noreferrer noopener\">Concurso Sefaz SC<\/a><\/h3>\n\n\n\n<p id=\"block-5843d093-78d9-4999-9114-db855b8ddeb9\"><strong>Perspectivas<\/strong>: carreira criada em 2021 ter\u00e1 seu primeiro concurso p\u00fablico em breve! (<a href=\"https:\/\/www.estrategiaconcursos.com.br\/cursosPorConcurso\/secretaria-da-fazenda-do-estado-de-santa-catarina-sefaz-sc\/\" target=\"_blank\" rel=\"noreferrer noopener\">Cursos Sefaz SC<\/a>)<\/p>\n\n\n\n<figure class=\"wp-block-table is-style-stripes\"><table class=\"has-fixed-layout\"><tbody><tr><td><strong>Status:<\/strong><\/td><td class=\"has-text-align-left\" data-align=\"left\">comiss\u00e3o formada<\/td><\/tr><tr><td><strong>Cargos:<\/strong><\/td><td class=\"has-text-align-left\" data-align=\"left\"><span style=\"color: initial;\"><span style=\"color: initial;\">Auditor Estadual de Finan\u00e7as P\u00fablicas<\/span><\/span><\/td><\/tr><tr><td><strong>Vagas:<\/strong><\/td><td class=\"has-text-align-left\" data-align=\"left\">50<\/td><\/tr><tr><td><strong>Forma\u00e7\u00e3o:<\/strong><\/td><td class=\"has-text-align-left\" data-align=\"left\">n\u00edvel superior<\/td><\/tr><tr><td><strong>Sal\u00e1rio:<\/strong><\/td><td class=\"has-text-align-left\" data-align=\"left\">R$ 15.112,36<\/td><\/tr><\/tbody><\/table><\/figure>\n\n\n\n<h3 class=\"wp-block-heading has-medium-font-size\" id=\"h-concurso-sefaz-to\"><a href=\"https:\/\/www.estrategiaconcursos.com.br\/blog\/concurso-sefaz-to\/\" target=\"_blank\" rel=\"noreferrer noopener\">Concurso Sefaz TO<\/a><\/h3>\n\n\n\n<p id=\"block-5843d093-78d9-4999-9114-db855b8ddeb9\"><strong>Perspectivas<\/strong>: ap\u00f3s mais de 30 anos desde seu \u00faltimo concurso, novo edital \u00e9 autorizado. (<a href=\"https:\/\/www.estrategiaconcursos.com.br\/cursosPorConcurso\/sefaz-to\/\" target=\"_blank\" rel=\"noreferrer noopener\">Cursos Sefaz TO<\/a>)<\/p>\n\n\n\n<figure class=\"wp-block-table is-style-stripes\"><table class=\"has-fixed-layout\"><tbody><tr><td><strong>Status:<\/strong><\/td><td class=\"has-text-align-left\" data-align=\"left\">autorizado<\/td><\/tr><tr><td><strong>Cargos:<\/strong><\/td><td class=\"has-text-align-left\" data-align=\"left\"><span style=\"color: initial;\"><span style=\"color: initial;\">Auditor Fiscal<\/span><\/span><\/td><\/tr><tr><td><strong>Vagas:<\/strong><\/td><td class=\"has-text-align-left\" data-align=\"left\">a definir<\/td><\/tr><tr><td><strong>Forma\u00e7\u00e3o:<\/strong><\/td><td class=\"has-text-align-left\" data-align=\"left\">n\u00edvel superior<\/td><\/tr><tr><td><strong>Sal\u00e1rio:<\/strong><\/td><td class=\"has-text-align-left\" data-align=\"left\">R$ 23.874,34<\/td><\/tr><\/tbody><\/table><\/figure>\n\n\n\n<h3 class=\"wp-block-heading has-medium-font-size\" id=\"h-concurso-sefaz-rs\"><a href=\"https:\/\/www.estrategiaconcursos.com.br\/blog\/concurso-sefaz-rs\/\" target=\"_blank\" rel=\"noreferrer noopener\">Concurso Sefaz RS<\/a><\/h3>\n\n\n\n<p id=\"block-5843d093-78d9-4999-9114-db855b8ddeb9\"><strong>Perspectivas<\/strong>: novo concurso j\u00e1 est\u00e1 em planejamento, inicialmente, para dois cargos. Autoriza\u00e7\u00e3o pode sair em breve.  (<a href=\"https:\/\/www.estrategiaconcursos.com.br\/cursosPorConcurso\/secretaria-da-fazenda-do-estado-do-rio-grande-do-sul-sefaz-rs\/\" target=\"_blank\" rel=\"noreferrer noopener\">Cursos Sefaz RS<\/a>)<\/p>\n\n\n\n<figure class=\"wp-block-table is-style-stripes\"><table class=\"has-fixed-layout\"><tbody><tr><td><strong>Status:<\/strong><\/td><td class=\"has-text-align-left\" data-align=\"left\">planejamento iniciado<\/td><\/tr><tr><td><strong>Cargos:<\/strong><\/td><td class=\"has-text-align-left\" data-align=\"left\"><span style=\"color: initial;\"><span style=\"color: initial;\">Auditor Fiscal<\/span><\/span> e Analista Tribut\u00e1rio<\/td><\/tr><tr><td><strong>Vagas:<\/strong><\/td><td class=\"has-text-align-left\" data-align=\"left\">a definir<\/td><\/tr><tr><td><strong>Forma\u00e7\u00e3o:<\/strong><\/td><td class=\"has-text-align-left\" data-align=\"left\">n\u00edvel superior<\/td><\/tr><tr><td><strong>Sal\u00e1rio:<\/strong><\/td><td class=\"has-text-align-left\" data-align=\"left\">R$ 16.942,33 e R$ 38.230,44<\/td><\/tr><\/tbody><\/table><\/figure>\n\n\n\n<h3 class=\"wp-block-heading has-medium-font-size\" id=\"h-concurso-sefaz-al\"><a href=\"https:\/\/www.estrategiaconcursos.com.br\/blog\/concurso-sefaz-al\/\" target=\"_blank\" rel=\"noreferrer noopener\">Concurso Sefaz AL<\/a><\/h3>\n\n\n\n<p id=\"block-5843d093-78d9-4999-9114-db855b8ddeb9\"><strong>Perspectivas<\/strong>: o Governo de Alagoas confirmou que o concurso da&nbsp;Secretaria de Estado da Fazenda de Alagoas far\u00e1 parte do pacote de sele\u00e7\u00f5es anunciado como&nbsp;o maior da hist\u00f3ria do estado. (<a href=\"https:\/\/www.estrategiaconcursos.com.br\/cursosPorConcurso\/sefaz-al\/\" target=\"_blank\" rel=\"noreferrer noopener\">Cursos Sefaz AL<\/a>)<\/p>\n\n\n\n<figure class=\"wp-block-table is-style-stripes\"><table class=\"has-fixed-layout\"><tbody><tr><td><strong>Status:<\/strong><\/td><td class=\"has-text-align-left\" data-align=\"left\">anunciado<\/td><\/tr><tr><td><strong>Cargos:<\/strong><\/td><td class=\"has-text-align-left\" data-align=\"left\"><span style=\"color: initial;\"><span style=\"color: initial;\">Auditor Fiscal<\/span><\/span><\/td><\/tr><tr><td><strong>Vagas:<\/strong><\/td><td class=\"has-text-align-left\" data-align=\"left\">25 + 25 CR<\/td><\/tr><tr><td><strong>Forma\u00e7\u00e3o:<\/strong><\/td><td class=\"has-text-align-left\" data-align=\"left\">n\u00edvel superior<\/td><\/tr><tr><td><strong>Sal\u00e1rio:<\/strong><\/td><td class=\"has-text-align-left\" data-align=\"left\">R$ 8.638,75 e R$ 9.899,81<em>&nbsp;(\u00faltimo edital)<\/em><\/td><\/tr><\/tbody><\/table><\/figure>\n\n\n\n<h3 class=\"wp-block-heading has-medium-font-size\" id=\"h-concurso-sefaz-df\"><a href=\"https:\/\/www.estrategiaconcursos.com.br\/blog\/concurso-sefaz-df-auditor\/\" target=\"_blank\" rel=\"noreferrer noopener\">Concurso Sefaz DF<\/a><\/h3>\n\n\n\n<p id=\"block-5843d093-78d9-4999-9114-db855b8ddeb9\"><strong>Perspectivas<\/strong>: Cebraspe \u00e9 definido como banca organizadora do novo concurso! Edital iminente. (<a href=\"https:\/\/www.estrategiaconcursos.com.br\/cursosPorConcurso\/sefaz-df-279\/\" target=\"_blank\" rel=\"noreferrer noopener\">Cursos Sefaz DF<\/a>)<\/p>\n\n\n\n<figure class=\"wp-block-table is-style-stripes\"><table class=\"has-fixed-layout\"><tbody><tr><td><strong>Status:<\/strong><\/td><td>banca definida (Cebraspe)<\/td><\/tr><tr><td><strong>Cargos:<\/strong><\/td><td><span style=\"color: initial;\"><span style=\"color: initial;\">Auditor Fiscal<\/span><\/span><\/td><\/tr><tr><td><strong>Vagas:<\/strong><\/td><td>115 + 150 CR<\/td><\/tr><tr><td><strong>Forma\u00e7\u00e3o:<\/strong><\/td><td>n\u00edvel superior<\/td><\/tr><tr><td><strong>Sal\u00e1rio:<\/strong><\/td><td>R$ 23.597,07<\/td><\/tr><\/tbody><\/table><\/figure>\n\n\n\n<h3 class=\"wp-block-heading has-medium-font-size\" id=\"h-concurso-sefaz-ba\"><a href=\"https:\/\/www.estrategiaconcursos.com.br\/blog\/concurso-sefaz-ba\/\" target=\"_blank\" rel=\"noreferrer noopener\">Concurso Sefaz BA<\/a><\/h3>\n\n\n\n<p id=\"block-5843d093-78d9-4999-9114-db855b8ddeb9\"><strong>Perspectivas<\/strong>: planejamento do concurso avan\u00e7a e comiss\u00e3o organizadora j\u00e1 foi oficialmente formada! (<a href=\"https:\/\/www.estrategiaconcursos.com.br\/cursosPorConcurso\/icms-ba\/\" target=\"_blank\" rel=\"noreferrer noopener\">Cursos Sefaz BA<\/a>)<\/p>\n\n\n\n<figure class=\"wp-block-table is-style-stripes\"><table class=\"has-fixed-layout\"><tbody><tr><td><strong>Status:<\/strong><\/td><td>Comiss\u00e3o formada<\/td><\/tr><tr><td><strong>Cargos:<\/strong><\/td><td><span style=\"color: initial;\"><span style=\"color: initial;\"><span style=\"color: initial;\">Auditor Fiscal e Agente de Tributos<\/span><\/span><\/span><\/td><\/tr><tr><td><strong>Vagas:<\/strong><\/td><td>187<\/td><\/tr><tr><td><strong>Forma\u00e7\u00e3o:<\/strong><\/td><td>n\u00edvel superior<\/td><\/tr><tr><td><strong>Sal\u00e1rio:<\/strong><\/td><td>R$ 24.102,21 a R$ 33.820,39 (bruto)<\/td><\/tr><\/tbody><\/table><\/figure>\n\n\n\n<h3 class=\"wp-block-heading has-medium-font-size\" id=\"h-concurso-sefaz-mg\"><a href=\"https:\/\/www.estrategiaconcursos.com.br\/blog\/concurso-sefaz-mg\/\" target=\"_blank\" rel=\"noreferrer noopener\">Concurso Sefaz MG<\/a><\/h3>\n\n\n\n<p id=\"block-5843d093-78d9-4999-9114-db855b8ddeb9\"><strong>Perspectivas<\/strong>: estudos para concurso de Gestor foram finalizados. Certame depende apenas de autoriza\u00e7\u00e3o. (<a href=\"https:\/\/www.estrategiaconcursos.com.br\/cursosPorConcurso\/secretaria-da-fazenda-do-estado-de-minas-gerais-sefaz-mg\/\" target=\"_blank\" rel=\"noreferrer noopener\">Cursos Sefaz MG<\/a>)<\/p>\n\n\n\n<figure class=\"wp-block-table is-style-stripes\"><table class=\"has-fixed-layout\"><tbody><tr><td><strong>Status:<\/strong><\/td><td>previsto\/depende de autoriza\u00e7\u00e3o<\/td><\/tr><tr><td><strong>Cargos:<\/strong><\/td><td><span style=\"color: initial;\"><span style=\"color: initial;\"><span style=\"color: initial;\"><span style=\"color: initial;\">Gestor Fazend\u00e1rio<\/span><\/span><\/span><\/span><\/td><\/tr><tr><td><strong>Vagas:<\/strong><\/td><td>50 a 250 previstas<\/td><\/tr><tr><td><strong>Forma\u00e7\u00e3o:<\/strong><\/td><td>n\u00edvel superior<\/td><\/tr><tr><td><strong>Sal\u00e1rio:<\/strong><\/td><td>R$ 10.677,95<\/td><\/tr><\/tbody><\/table><\/figure>\n\n\n\n<h3 class=\"wp-block-heading has-medium-font-size\" id=\"h-concurso-sefaz-es\"><a href=\"https:\/\/www.estrategiaconcursos.com.br\/blog\/concurso-sefaz-es\/\" target=\"_blank\" rel=\"noreferrer noopener\">Concurso Sefaz ES<\/a><\/h3>\n\n\n\n<p id=\"block-5843d093-78d9-4999-9114-db855b8ddeb9\"><strong>Perspectivas<\/strong>: o Or\u00e7amento Anual do Esp\u00edrito Santo (LOA) para o ano de 2026 prev\u00ea a realiza\u00e7\u00e3o de concursos em diversas pastas, incluindo a \u00e1rea fiscal. (<a href=\"https:\/\/www.estrategiaconcursos.com.br\/cursosPorConcurso\/sefaz-es-sec-de-fazenda-do-espirito-santo-189\/\" target=\"_blank\" rel=\"noreferrer noopener\">Cursos Sefaz ES<\/a>)<\/p>\n\n\n\n<figure class=\"wp-block-table is-style-stripes\"><table class=\"has-fixed-layout\"><tbody><tr><td><strong>Status:<\/strong><\/td><td>previsto no or\u00e7amento de 2026<\/td><\/tr><tr><td><strong>Cargos:<\/strong><\/td><td><span style=\"color: initial;\"><span style=\"color: initial;\"><span style=\"color: initial;\"><span style=\"color: initial;\"><span style=\"color: initial;\">Auditor Fiscal<\/span><\/span><\/span><\/span><\/span><\/td><\/tr><tr><td><strong>Vagas:<\/strong><\/td><td>40 previstas<\/td><\/tr><tr><td><strong>Forma\u00e7\u00e3o:<\/strong><\/td><td>n\u00edvel superior<\/td><\/tr><tr><td><strong>Sal\u00e1rio:<\/strong><\/td><td>R$ 20.662,21<\/td><\/tr><\/tbody><\/table><\/figure>\n\n\n\n<h3 class=\"wp-block-heading has-medium-font-size\" id=\"h-concurso-sefaz-ma\"><a href=\"https:\/\/www.estrategiaconcursos.com.br\/blog\/concurso-sefaz-ma\/\" target=\"_blank\" rel=\"noreferrer noopener\">Concurso Sefaz MA<\/a><\/h3>\n\n\n\n<p id=\"block-5843d093-78d9-4999-9114-db855b8ddeb9\"><strong>Perspectivas<\/strong>: or\u00e7amento para o ano de 2026 prev\u00ea o provimento, admiss\u00e3o ou contrata\u00e7\u00e3o de<strong>&nbsp;<\/strong>10 vagas na Secretaria. (<a href=\"https:\/\/www.estrategiaconcursos.com.br\/pesquisa\/?q=Sefaz+MA\" target=\"_blank\" rel=\"noreferrer noopener\">Cursos Sefaz MA<\/a>)<\/p>\n\n\n\n<figure class=\"wp-block-table is-style-stripes\"><table class=\"has-fixed-layout\"><tbody><tr><td><strong>Status:<\/strong><\/td><td>previsto no or\u00e7amento de 2026\/comiss\u00e3o formada<\/td><\/tr><tr><td><strong>Cargos:<\/strong><\/td><td><span style=\"color: initial;\"><span style=\"color: initial;\"><span style=\"color: initial;\"><span style=\"color: initial;\"><span style=\"color: initial;\">Auditor Fiscal<\/span><\/span><\/span><\/span><\/span><\/td><\/tr><tr><td><strong>Vagas:<\/strong><\/td><td>10 previstas<\/td><\/tr><tr><td><strong>Forma\u00e7\u00e3o:<\/strong><\/td><td>n\u00edvel superior<\/td><\/tr><tr><td><strong>Sal\u00e1rio:<\/strong><\/td><td>R$ 17.996,03<\/td><\/tr><\/tbody><\/table><\/figure>\n\n\n\n<h3 class=\"wp-block-heading has-medium-font-size\" id=\"h-concurso-sefin-ro\"><a href=\"https:\/\/www.estrategiaconcursos.com.br\/blog\/concurso-sefin-ro\/\" target=\"_blank\" rel=\"noreferrer noopener\">Concurso Sefin RO<\/a><\/h3>\n\n\n\n<p id=\"block-5843d093-78d9-4999-9114-db855b8ddeb9\"><strong>Perspectivas<\/strong>: presidente do Sindicato prev\u00ea novo concurso em 2026. (<a href=\"https:\/\/www.estrategiaconcursos.com.br\/cursosPorConcurso\/secretaria-de-estado-de-financas-de-rondonia-sefin-ro\/\" target=\"_blank\" rel=\"noreferrer noopener\">Cursos Sefin RO<\/a>)<\/p>\n\n\n\n<figure class=\"wp-block-table is-style-stripes\"><table class=\"has-fixed-layout\"><tbody><tr><td><strong>Status:<\/strong><\/td><td>previsto <\/td><\/tr><tr><td><strong>Cargos:<\/strong><\/td><td><span style=\"color: initial;\"><span style=\"color: initial;\"><span style=\"color: initial;\"><span style=\"color: initial;\"><span style=\"color: initial;\">Auditor Fiscal<\/span><\/span><\/span><\/span><\/span><\/td><\/tr><tr><td><strong>Vagas:<\/strong><\/td><td>A definir<\/td><\/tr><tr><td><strong>Forma\u00e7\u00e3o:<\/strong><\/td><td>n\u00edvel superior<\/td><\/tr><tr><td><strong>Sal\u00e1rio:<\/strong><\/td><td>R$ 26.100,21 <em>(Transpar\u00eancia)<\/em><\/td><\/tr><\/tbody><\/table><\/figure>\n\n\n\n<h3 class=\"wp-block-heading has-medium-font-size\" id=\"h-concurso-sefaz-rr\"><a href=\"https:\/\/www.estrategiaconcursos.com.br\/blog\/concurso-sefaz-rr\/\" target=\"_blank\" rel=\"noreferrer noopener\">Concurso Sefaz RR<\/a><\/h3>\n\n\n\n<p id=\"block-5843d093-78d9-4999-9114-db855b8ddeb9\"><strong>Perspectivas<\/strong>: Executivo estadual anunciou que pretende autorizar, em breve, um novo certame para a \u00e1rea fiscal. (<a href=\"https:\/\/www.estrategiaconcursos.com.br\/cursosPorConcurso\/secretaria-da-fazenda-do-estado-de-roraima-sefaz-rr\/\" target=\"_blank\" rel=\"noreferrer noopener\">Cursos Sefaz RR<\/a>)<\/p>\n\n\n\n<figure class=\"wp-block-table is-style-stripes\"><table class=\"has-fixed-layout\"><tbody><tr><td><strong>Status:<\/strong><\/td><td>anunciado\/previsto para 2026<\/td><\/tr><tr><td><strong>Cargos:<\/strong><\/td><td><span style=\"color: initial;\"><span style=\"color: initial;\"><span style=\"color: initial;\"><span style=\"color: initial;\"><span style=\"color: initial;\">a definir<\/span><\/span><\/span><\/span><\/span><\/td><\/tr><tr><td><strong>Vagas:<\/strong><\/td><td>A definir<\/td><\/tr><tr><td><strong>Forma\u00e7\u00e3o:<\/strong><\/td><td>a definir<\/td><\/tr><tr><td><strong>Sal\u00e1rio:<\/strong><\/td><td>cerca de R$ 20 mil [\u00faltimo edital]<\/td><\/tr><\/tbody><\/table><\/figure>\n\n\n\n<h2 class=\"wp-block-heading has-text-align-center has-cyan-bluish-gray-background-color has-background\" id=\"municipal\">Concursos Fiscais Municipais<\/h2>\n\n\n\n<p class=\"has-medium-font-size\" id=\"h-concurso-iss-angra-dos-reis\"><strong><a href=\"https:\/\/www.estrategiaconcursos.com.br\/blog\/concurso-iss-caxias-do-sul\/\" target=\"_blank\" rel=\"noreferrer noopener\">Concurso ISS Caxias do Sul<\/a> (RS)<\/strong><\/p>\n\n\n\n<p><strong>Perspectivas<\/strong>: termo de refer\u00eancia detalha cargos e etapas do pr\u00f3ximo concurso da prefeitura.<\/p>\n\n\n\n<figure class=\"wp-block-table is-style-stripes\"><table class=\"has-fixed-layout\"><tbody><tr><td class=\"has-text-align-left\" data-align=\"left\"><strong>Status<\/strong>:<\/td><td class=\"has-text-align-left\" data-align=\"left\">edital iminente<\/td><\/tr><tr><td class=\"has-text-align-left\" data-align=\"left\"><strong>Cargos:<\/strong><\/td><td class=\"has-text-align-left\" data-align=\"left\">Auditor-Fiscal da Receita Municipal<\/td><\/tr><tr><td class=\"has-text-align-left\" data-align=\"left\"><strong>Forma\u00e7\u00e3o<\/strong>:<\/td><td class=\"has-text-align-left\" data-align=\"left\">n\u00edvel superior<\/td><\/tr><tr><td class=\"has-text-align-left\" data-align=\"left\"><strong>Vagas<\/strong>:<\/td><td class=\"has-text-align-left\" data-align=\"left\">a definir<\/td><\/tr><tr><td class=\"has-text-align-left\" data-align=\"left\"><strong>Sal\u00e1rio<\/strong>:<\/td><td class=\"has-text-align-left\" data-align=\"left\">R$ 9.757,36<em>&nbsp;(\u00faltimo edital)<\/em><\/td><\/tr><\/tbody><\/table><\/figure>\n\n\n\n<p class=\"has-medium-font-size\" id=\"h-concurso-iss-angra-dos-reis\"><strong><a href=\"https:\/\/www.estrategiaconcursos.com.br\/blog\/concurso-iss-vitoria-da-conquista\/\" target=\"_blank\" rel=\"noreferrer noopener\">Concurso ISS Vit\u00f3ria da Conquista<\/a> (BA)<\/strong><\/p>\n\n\n\n<p><strong>Perspectivas<\/strong>: planejamento iniciado com comiss\u00e3o formada e defini\u00e7\u00e3o dos cargos e vagas a serem contempladas. <\/p>\n\n\n\n<figure class=\"wp-block-table is-style-stripes\"><table class=\"has-fixed-layout\"><tbody><tr><td class=\"has-text-align-left\" data-align=\"left\"><strong>Status<\/strong>:<\/td><td class=\"has-text-align-left\" data-align=\"left\">comiss\u00e3o formada<\/td><\/tr><tr><td class=\"has-text-align-left\" data-align=\"left\"><strong>Cargos:<\/strong><\/td><td class=\"has-text-align-left\" data-align=\"left\">Atendente Fazend\u00e1rio, T\u00e9cnico Fazend\u00e1rio e Auditor Fiscal<\/td><\/tr><tr><td class=\"has-text-align-left\" data-align=\"left\"><strong>Forma\u00e7\u00e3o<\/strong>:<\/td><td class=\"has-text-align-left\" data-align=\"left\">n\u00edveis m\u00e9dio e superior<\/td><\/tr><tr><td class=\"has-text-align-left\" data-align=\"left\"><strong>Vagas<\/strong>:<\/td><td class=\"has-text-align-left\" data-align=\"left\">24 + CR<\/td><\/tr><tr><td class=\"has-text-align-left\" data-align=\"left\"><strong>Sal\u00e1rio<\/strong>:<\/td><td class=\"has-text-align-left\" data-align=\"left\">at\u00e9 cerca de R$ 20 mil<\/td><\/tr><\/tbody><\/table><\/figure>\n\n\n\n<h3 class=\"wp-block-heading has-medium-font-size\" id=\"h-concurso-iss-juiz-de-fora-mg\"><strong><a href=\"https:\/\/www.estrategiaconcursos.com.br\/blog\/concurso-iss-juiz-de-fora\/\" target=\"_blank\" rel=\"noreferrer noopener\">Concurso ISS Juiz de Fora<\/a> (MG)<\/strong><\/h3>\n\n\n\n<p><strong>Perspectivas<\/strong>: Secretaria Municipal da Fazenda se prepara para realizar um novo certame em breve para Auditor Fiscal. Quantitativo de vagas ainda ser\u00e1 definido. (<a href=\"https:\/\/www.estrategiaconcursos.com.br\/cursosPorConcurso\/prefeitura-municipal-de-juiz-de-fora-mg\/\" target=\"_blank\" rel=\"noreferrer noopener\">Cursos ISS Juiz de Fora<\/a>)<\/p>\n\n\n\n<figure class=\"wp-block-table is-style-stripes\"><table class=\"has-fixed-layout\"><tbody><tr><td><strong>Status<\/strong>:<\/td><td>comiss\u00e3o formada<\/td><\/tr><tr><td><strong>Cargo:<\/strong><\/td><td>Auditor Fiscal <\/td><\/tr><tr><td><strong>Forma\u00e7\u00e3o<\/strong>:<\/td><td>N\u00edvel superior<\/td><\/tr><tr><td><strong>Vagas<\/strong>:<\/td><td>a definir<\/td><\/tr><tr><td><strong>Sal\u00e1rio<\/strong>:<\/td><td>R$ 22.520,23<\/td><\/tr><\/tbody><\/table><\/figure>\n\n\n\n<h3 class=\"wp-block-heading has-medium-font-size\" id=\"h-concurso-iss-vila-velha-es\"><a href=\"https:\/\/www.estrategiaconcursos.com.br\/blog\/concurso-iss-vila-velha\/\" target=\"_blank\" rel=\"noreferrer noopener\">Concurso ISS Vila Velha<\/a> (ES)<\/h3>\n\n\n\n<p><strong>Perspectivas<\/strong>: o prefeito de Vila Velha, Arnaldinho Borgo, anunciou, durante entrevista ao Folha Vit\u00f3ria, que um novo concurso p\u00fablico para o cargo de Auditor Fiscal ser\u00e1 realizado no ano de 2026.<\/p>\n\n\n\n<figure class=\"wp-block-table is-style-stripes\"><table><tbody><tr><td><strong>Status:<\/strong><\/td><td>anunciado<\/td><\/tr><tr><td><strong>Cargo:<\/strong><\/td><td>Auditor Fiscal<\/td><\/tr><tr><td><strong>Vagas:<\/strong><\/td><td>a definir<\/td><\/tr><tr><td><strong>Forma\u00e7\u00e3o:<\/strong><\/td><td>n\u00edvel superior<\/td><\/tr><tr><td><strong>Sal\u00e1rio:<\/strong><\/td><td>R$ 4.324,01 <\/td><\/tr><\/tbody><\/table><\/figure>\n\n\n\n<h3 class=\"wp-block-heading has-medium-font-size\" id=\"h-concurso-iss-parintins-am\"><a href=\"https:\/\/www.estrategiaconcursos.com.br\/blog\/concurso-iss-parintins\/\" target=\"_blank\" rel=\"noreferrer noopener\">Concurso ISS Parintins<\/a> (AM)<\/h3>\n\n\n\n<p><strong>Perspectivas:<\/strong> banca da nova sele\u00e7\u00e3o \u00e9 contratada. FGV organizar\u00e1 a sele\u00e7\u00e3o (<a href=\"https:\/\/www.estrategiaconcursos.com.br\/pesquisa\/?q=prefeitura+parintins\/\" target=\"_blank\" rel=\"noreferrer noopener\">Cursos ISS Parintins<\/a>)<\/p>\n\n\n\n<figure class=\"wp-block-table is-style-stripes\"><table class=\"has-fixed-layout\"><tbody><tr><td><strong>Status<\/strong><\/td><td>banca contratada (FGV)<\/td><\/tr><tr><td><strong>Cargos<\/strong><\/td><td>a definir<\/td><\/tr><tr><td><strong>Forma\u00e7\u00e3o<\/strong><\/td><td>a definir<\/td><\/tr><tr><td><strong>Vagas<\/strong><\/td><td>a definir<\/td><\/tr><tr><td><strong>Sal\u00e1rio<\/strong><\/td><td>a definir<\/td><\/tr><\/tbody><\/table><\/figure>\n\n\n\n<h3 class=\"wp-block-heading has-medium-font-size\" id=\"h-concurso-iss-pelotas-rs\"><a href=\"https:\/\/www.estrategiaconcursos.com.br\/blog\/concurso-iss-pelotas\/\" target=\"_blank\" rel=\"noreferrer noopener\">Concurso ISS Pelotas<\/a> (RS)<\/h3>\n\n\n\n<p><strong>Perspectivas:<\/strong> foi iniciada a escolha da banca organizadora do pr\u00f3ximo concurso da prefeitura, com oportunidades na \u00e1rea fiscal. (<a href=\"https:\/\/www.estrategiaconcursos.com.br\/pesquisa\/?q=prefeitura+pelotas\/\" target=\"_blank\" rel=\"noreferrer noopener\">Cursos ISS Pelotas<\/a>)<\/p>\n\n\n\n<figure class=\"wp-block-table is-style-stripes\"><table class=\"has-fixed-layout\"><tbody><tr><td><strong>Status<\/strong><\/td><td>escolha da banca<\/td><\/tr><tr><td><strong>Cargos<\/strong><\/td><td>Auditor Fiscal da Receita Municipal<\/td><\/tr><tr><td><strong>Forma\u00e7\u00e3o<\/strong><\/td><td>n\u00edvel superior<\/td><\/tr><tr><td><strong>Vagas<\/strong><\/td><td>a definir<\/td><\/tr><tr><td><strong>Sal\u00e1rio<\/strong><\/td><td>R$ 5.272,98<\/td><\/tr><\/tbody><\/table><\/figure>\n\n\n\n<h3 class=\"wp-block-heading has-medium-font-size\" id=\"h-concurso-iss-sao-luis-ma\"><a href=\"https:\/\/www.estrategiaconcursos.com.br\/blog\/concurso-iss-sao-luis\/\" target=\"_blank\" rel=\"noreferrer noopener\">Concurso ISS S\u00e3o Lu\u00eds<\/a> (MA)<\/h3>\n\n\n\n<p><strong>Perspectivas:<\/strong> a Prefeitura de S\u00e3o Lu\u00eds autorizou um novo edital para a \u00e1rea fiscal. Comiss\u00e3o j\u00e1 foi formada para a viabiliza\u00e7\u00e3o do certame. (<a href=\"https:\/\/www.estrategiaconcursos.com.br\/cursosPorConcurso\/prefeitura-municipal-de-sao-luis-ma\/\" target=\"_blank\" rel=\"noreferrer noopener\">Cursos ISS S\u00e3o Lu\u00eds<\/a>)<\/p>\n\n\n\n<figure class=\"wp-block-table is-style-stripes\"><table class=\"has-fixed-layout\"><tbody><tr><td><strong>Status<\/strong><\/td><td>autorizado\/comiss\u00e3o formada<\/td><\/tr><tr><td><strong>Cargos<\/strong><\/td><td>Auditor Fiscal de Tributos<\/td><\/tr><tr><td><strong>Forma\u00e7\u00e3o<\/strong><\/td><td>n\u00edvel superior<\/td><\/tr><tr><td><strong>Vagas<\/strong><\/td><td>a definir<\/td><\/tr><tr><td><strong>Sal\u00e1rio<\/strong><\/td><td>R$ 21.255,88<\/td><\/tr><\/tbody><\/table><\/figure>\n\n\n\n<p class=\"has-medium-font-size\"><strong><a href=\"https:\/\/www.estrategiaconcursos.com.br\/blog\/concurso-iss-foz-iguacu\/\" target=\"_blank\" rel=\"noreferrer noopener\">Concurso ISS Foz do Igua\u00e7u<\/a> (PR)<\/strong><\/p>\n\n\n\n<p><strong>Perspectivas:<\/strong> com banca organizadora j\u00e1 definida, edital e provas s\u00e3o previstos ainda para o primeiro semestre.<\/p>\n\n\n\n<figure class=\"wp-block-table is-style-stripes\"><table class=\"has-fixed-layout\"><tbody><tr><td><strong>Status<\/strong><\/td><td>banca definida (Fafipa)<\/td><\/tr><tr><td><strong>Cargos<\/strong><\/td><td>T\u00e9cnico em Tributos&nbsp;<\/td><\/tr><tr><td><strong>Forma\u00e7\u00e3o<\/strong><\/td><td>a definir<\/td><\/tr><tr><td><strong>Vagas<\/strong><\/td><td>01 + CR<\/td><\/tr><tr><td><strong>Sal\u00e1rio<\/strong><\/td><td>a definir<\/td><\/tr><\/tbody><\/table><\/figure>\n\n\n\n<h3 class=\"wp-block-heading has-medium-font-size\" id=\"h-concurso-iss-belem-pa\"><a href=\"https:\/\/www.estrategiaconcursos.com.br\/blog\/concurso-iss-belem\/\" target=\"_blank\" rel=\"noreferrer noopener\">Concurso ISS Bel\u00e9m<\/a> (PA)<\/h3>\n\n\n\n<p><strong>Perspectivas:<\/strong> Prefeitura de Bel\u00e9m autoriza novo certame para cargos fiscos. (<a href=\"https:\/\/www.estrategiaconcursos.com.br\/cursosPorConcurso\/iss-belem-pa\/\" target=\"_blank\" rel=\"noreferrer noopener\">Cursos ISS Bel\u00e9m<\/a>)<\/p>\n\n\n\n<figure class=\"wp-block-table is-style-stripes\"><table class=\"has-fixed-layout\"><tbody><tr><td><strong>Status<\/strong><\/td><td>autorizado<\/td><\/tr><tr><td><strong>Cargos<\/strong><\/td><td>Auditor Fiscal da Receita Municipal<\/td><\/tr><tr><td><strong>Forma\u00e7\u00e3o<\/strong><\/td><td>n\u00edvel superior<\/td><\/tr><tr><td><strong>Vagas<\/strong><\/td><td>20 + 40 CR<\/td><\/tr><tr><td><strong>Sal\u00e1rio<\/strong><\/td><td>R$ 5.513,14<\/td><\/tr><\/tbody><\/table><\/figure>\n\n\n\n<h3 class=\"wp-block-heading has-medium-font-size\" id=\"h-concurso-iss-manaus-am\"><a href=\"https:\/\/www.estrategiaconcursos.com.br\/blog\/concurso-iss-manaus\/\" target=\"_blank\" rel=\"noreferrer noopener\">Concurso ISS Manaus<\/a> (AM)<\/h3>\n\n\n\n<p><strong>Perspectivas<\/strong>: FCC \u00e9 novamente definida como a banca organizadora. Edital em breve. (<a href=\"https:\/\/www.estrategiaconcursos.com.br\/cursosPorConcurso\/prefeitura-municipal-de-manaus-am\/\" target=\"_blank\" rel=\"noreferrer noopener\">Cursos ISS Manaus<\/a>)<\/p>\n\n\n\n<figure class=\"wp-block-table is-style-stripes\"><table class=\"has-fixed-layout\"><tbody><tr><td><strong>Status:<\/strong><\/td><td>FCC<\/td><\/tr><tr><td><strong>Cargo:<\/strong><\/td><td>Auditor Fiscal <\/td><\/tr><tr><td><strong>Vagas:<\/strong><\/td><td>10 + 60 CR<\/td><\/tr><tr><td><strong>Forma\u00e7\u00e3o:<\/strong><\/td><td>n\u00edvel superior<\/td><\/tr><tr><td><strong>Sal\u00e1rio:<\/strong><\/td><td>R$ 24.817,05<\/td><\/tr><\/tbody><\/table><\/figure>\n\n\n\n<h3 class=\"wp-block-heading has-medium-font-size\" id=\"h-concurso-iss-niteroi-rj\"><a href=\"https:\/\/www.estrategiaconcursos.com.br\/blog\/concurso-iss-niteroi\/\" target=\"_blank\" rel=\"noreferrer noopener\">Concurso ISS Niter\u00f3i<\/a> (RJ)<\/h3>\n\n\n\n<p><strong>Perspectivas<\/strong>: novo concurso para a \u00e1rea fiscal da Prefeitura de Niter\u00f3i \u00e9 previsto. (<a href=\"https:\/\/www.estrategiaconcursos.com.br\/cursosPorConcurso\/prefeitura-municipal-de-niteroi-rj\/\" target=\"_blank\" rel=\"noreferrer noopener\">Cursos ISS Niter\u00f3i<\/a>)<\/p>\n\n\n\n<figure class=\"wp-block-table is-style-stripes\"><table class=\"has-fixed-layout\"><tbody><tr><td><strong>Status:<\/strong><\/td><td>previsto<\/td><\/tr><tr><td><strong>Cargo:<\/strong><\/td><td>Auditor Fiscal, Fiscal de Posturas e Agente Fazend\u00e1rio<\/td><\/tr><tr><td><strong>Vagas:<\/strong><\/td><td>a definir<\/td><\/tr><tr><td><strong>Forma\u00e7\u00e3o:<\/strong><\/td><td>n\u00edvel m\u00e9dio e superior<\/td><\/tr><tr><td><strong>Sal\u00e1rio:<\/strong><\/td><td>at\u00e9 R$ 30.468,68<\/td><\/tr><\/tbody><\/table><\/figure>\n\n\n\n<h3 class=\"wp-block-heading has-medium-font-size\" id=\"h-concurso-iss-itajai-sc\"><a href=\"https:\/\/www.estrategiaconcursos.com.br\/blog\/concurso-iss-itajai\/\" target=\"_blank\" rel=\"noreferrer noopener\">Concurso ISS Itaja\u00ed<\/a> (SC)<\/h3>\n\n\n\n<p><strong>Perspectivas<\/strong>: desde 2019 sem a realiza\u00e7\u00e3o de&nbsp;concurso para o ISS Itaja\u00ed, no estado de Santa Catarina, os candidatos voltam a ter uma nova oportunidade de ingressar na carreira de&nbsp;Auditor Fiscal.<\/p>\n\n\n\n<figure class=\"wp-block-table is-style-stripes\"><table class=\"has-fixed-layout\"><tbody><tr><td><strong>Status:<\/strong><\/td><td>banca contratada (Fepese)<\/td><\/tr><tr><td><strong>Cargo:<\/strong><\/td><td>Auditor Fiscal<\/td><\/tr><tr><td><strong>Vagas:<\/strong><\/td><td>1<\/td><\/tr><tr><td><strong>Forma\u00e7\u00e3o:<\/strong><\/td><td>n\u00edvel superior<\/td><\/tr><tr><td><strong>Sal\u00e1rio:<\/strong><\/td><td>R$ 16.481,45<\/td><\/tr><\/tbody><\/table><\/figure>\n\n\n\n<h3 class=\"wp-block-heading has-medium-font-size\" id=\"h-concurso-iss-goiania-go\"><a href=\"https:\/\/www.estrategiaconcursos.com.br\/blog\/concurso-iss-goiania\/\" target=\"_blank\" rel=\"noreferrer noopener\">Concurso ISS Goi\u00e2nia<\/a> (GO)<\/h3>\n\n\n\n<p><strong>Perspectivas<\/strong>: sele\u00e7\u00e3o pode sair em breve, ap\u00f3s recomenda\u00e7\u00e3o do MPGO. (<a href=\"https:\/\/www.estrategiaconcursos.com.br\/cursosPorConcurso\/iss-goiania-370\/\" target=\"_blank\" rel=\"noreferrer noopener\">Curso ISS Goi\u00e2nia<\/a>)<\/p>\n\n\n\n<figure class=\"wp-block-table is-style-stripes\"><table class=\"has-fixed-layout\"><tbody><tr><td><strong>Status:<\/strong><\/td><td>recomendado pelo MPGO<\/td><\/tr><tr><td><strong>Cargo:<\/strong><\/td><td>Auditor de Tributos do Munic\u00edpio<\/td><\/tr><tr><td><strong>Vagas:<\/strong><\/td><td>43 a 48 previstas<\/td><\/tr><tr><td><strong>Forma\u00e7\u00e3o:<\/strong><\/td><td>n\u00edvel superior<\/td><\/tr><tr><td><strong>Sal\u00e1rio:<\/strong><\/td><td>R$ 20.427,15<\/td><\/tr><\/tbody><\/table><\/figure>\n\n\n\n<h3 class=\"wp-block-heading has-medium-font-size\" id=\"h-concurso-iss-aracati-ce\"><a href=\"https:\/\/www.estrategiaconcursos.com.br\/blog\/concurso-iss-aracati-ce\/\" target=\"_blank\" rel=\"noreferrer noopener\">Concurso ISS Aracati<\/a> (CE)<\/h3>\n\n\n\n<p><strong>Perspectivas<\/strong>: Prefeito anuncia o maior concurso p\u00fablico da hist\u00f3ria do munic\u00edpio, incluindo vagas para a \u00e1rea fiscal. (<a href=\"https:\/\/www.estrategiaconcursos.com.br\/pesquisa\/?q=prefeitura+foz+do+iguacu\/\" target=\"_blank\" rel=\"noreferrer noopener\">Cursos ISS Aracati<\/a>)<\/p>\n\n\n\n<figure class=\"wp-block-table is-style-stripes\"><table class=\"has-fixed-layout\"><tbody><tr><td><strong>Status:<\/strong><\/td><td>anunciado<\/td><\/tr><tr><td><strong>Cargo:<\/strong><\/td><td>Fiscal de Tributos e Auditor Fiscal<\/td><\/tr><tr><td><strong>Vagas:<\/strong><\/td><td>a definir<\/td><\/tr><tr><td><strong>Forma\u00e7\u00e3o:<\/strong><\/td><td>N\u00edveis m\u00e9dio e superior<\/td><\/tr><tr><td><strong>Sal\u00e1rio:<\/strong><\/td><td>a definir<\/td><\/tr><\/tbody><\/table><\/figure>\n\n\n\n<h2 class=\"wp-block-heading has-text-align-center has-cyan-bluish-gray-background-color has-background\" id=\"federal\">Concursos Fiscais Federais<\/h2>\n\n\n\n<h3 class=\"wp-block-heading has-medium-font-size\" id=\"h-concurso-receita-federal\"><a href=\"https:\/\/www.estrategiaconcursos.com.br\/blog\/concurso-receita-federal\/\" target=\"_blank\" rel=\"noreferrer noopener\">Concurso Receita Federal<\/a><\/h3>\n\n\n\n<p><strong>Perspectivas<\/strong>: RFB&nbsp;avalia a possibilidade de obter autoriza\u00e7\u00e3o apra o seu novo concurso p\u00fablico em 2026, para que o certame seja aberto em 2027. A informa\u00e7\u00e3o foi confirmada pelo Auditor da Receita Mario de Marco, por meio de um pronunciamento feito&nbsp;em suas redes sociais.<\/p>\n\n\n\n<figure class=\"wp-block-table is-style-stripes\"><table class=\"has-fixed-layout\"><tbody><tr><td><strong>Status:<\/strong><\/td><td>Autoriza\u00e7\u00e3o prevista para 2026 e concurso em 2027<\/td><\/tr><tr><td><strong>Cargo:<\/strong><\/td><td>Auditor Fiscal&nbsp;e Analista Tribut\u00e1rio<\/td><\/tr><tr><td><strong>Vagas:<\/strong><\/td><td>a definir<\/td><\/tr><tr><td><strong>Forma\u00e7\u00e3o:<\/strong><\/td><td>N\u00edvel superior<\/td><\/tr><tr><td><strong>Sal\u00e1rio:<\/strong><\/td><td>R$ 12.735,99 e R$ 22.921,71<\/td><\/tr><\/tbody><\/table><\/figure>\n\n\n\n<h2 class=\"wp-block-heading has-text-align-center has-cyan-bluish-gray-background-color has-background\" id=\"guia\">Guia de Estudos<\/h2>\n\n\n\n<p>Acesse no link abaixo os Cadernos de Quest\u00f5es elaborados, para as principais mat\u00e9rias, conforme conte\u00fado program\u00e1tico dos editais de concursos da \u00e1rea fiscal:<\/p>\n\n\n\n<ul class=\"wp-block-list\">\n<li><strong><a href=\"https:\/\/www.estrategiaconcursos.com.br\/blog\/guia-de-estudos-concursos-area-fiscal\/\" target=\"_blank\" rel=\"noreferrer noopener\">Guia de estudos \u00e1rea fiscal<\/a><\/strong><\/li>\n<\/ul>\n\n\n\n<figure class=\"wp-block-image aligncenter size-large is-resized\"><a href=\"https:\/\/questoes.estrategiaconcursos.com.br\/\" target=\"_blank\" rel=\"noopener noreferrer\"><img decoding=\"async\" src=\"https:\/\/dhg1h5j42swfq.cloudfront.net\/2020\/09\/18141901\/Coruja_Concursos%404x-506x1024.png\" alt=\"Logo Estrat\u00e9gia Concursos - Concursos Fiscais 2026\" class=\"wp-image-574355\" style=\"width:41px;height:83px\"\/><\/a><\/figure>\n\n\n\n<h2 class=\"wp-block-heading has-text-align-center\" id=\"assinatura-e-cursos\">Quer estudar para algum concurso fiscal? Confira nossos cursos:<\/h2>\n\n\n\n<div class=\"container\" id=\"boxes\">\n  <div class=\"row\">\n\n    <div class=\"col-sm\">\n      <div class=\"banner-sefaz-ec\" id=\"box-assinatura\">\n        <h2 class=\"titulo-assinatura\" style=\"text-align: left;\">Concursos Sefaz<\/h2>\n        <p class=\"subtitulo-assinatura\" style=\"text-align: left;\">Prepara\u00e7\u00e3o completa para a carreira!<\/p>\n        <div class=\"box-botao\" style=\"text-align: left;\">\n          <a class=\"btn-assinatura\" target=\"_blank\" href=\"https:\/\/www.estrategiaconcursos.com.br\/pesquisa\/?q=sefaz\" role=\"button\" rel=\"noopener noreferrer\">VER CURSOS<\/a>\n        <\/div>\n      <\/div><\/div><\/div><\/div>\n\n\n\n<div id=\"boxes\" class=\"container\">\n<div class=\"row\">\n<div class=\"col-sm\">\n<div id=\"box-assinatura\" class=\"estrategia\">\n<h3 class=\"titulo-assinatura\">Assinatura Concursos<\/h3>\n<p class=\"subtitulo-assinatura\">Assinatura de 1 ano ou 2 anos<\/p>\n<div class=\"box-botao\"><a class=\"btn-assinatura\" role=\"button\" href=\"https:\/\/www.estrategiaconcursos.com.br\/assinaturas\/\" target=\"_blank\" rel=\"noopener noreferrer\">ASSINE AGORA<\/a><\/div>\n<\/div><\/div><\/div><\/div>\n\n\n\n<h2 class=\"wp-block-heading has-text-align-center\" id=\"h-quer-saber-tudo-sobre-concursos-previstos-confira-nossos-artigos\">Quer saber tudo sobre concursos previstos?<br \/>Confira nossos artigos!<\/h2>\n\n\n\n<ul class=\"wp-block-list\">\n<li><a href=\"https:\/\/www.estrategiaconcursos.com.br\/blog\/concursos-abertos\/\" target=\"_blank\" rel=\"noreferrer noopener\">Concursos Abertos<\/a><\/li>\n\n\n\n<li><a href=\"https:\/\/www.estrategiaconcursos.com.br\/blog\/concursos-iss\/\" target=\"_blank\" rel=\"noreferrer noopener\">Concursos ISS<\/a><\/li>\n\n\n\n<li><a href=\"https:\/\/www.estrategiaconcursos.com.br\/blog\/concursos-2026\/\" target=\"_blank\" rel=\"noreferrer noopener\">Concursos 2026<\/a><\/li>\n<\/ul>\n\n\n\n<p><\/p>\n","protected":false},"excerpt":{"rendered":"<p>Quer ficar por dentro de todos os concursos fiscais previstos para 2026, al\u00e9m de oportunidades com editais j\u00e1 publicados? Ent\u00e3o, chegou ao lugar certo! Neste artigo, reunimos todos esses detalhes para voc\u00ea. Traremos informa\u00e7\u00f5es atualizadas sobre os concursos da Receita Federal e receitas estaduais e municipais para voc\u00ea se preparar e decidir qual rumo seguir [&hellip;]<\/p>\n","protected":false},"author":656,"featured_media":1098399,"comment_status":"open","ping_status":"open","sticky":false,"template":"","format":"standard","meta":{"post_tipo":"news_page","footnotes":""},"categories":[1983,220182,220183],"tags":[],"tax_estado":[219964,219965,219966,219967,219968,219969,219963,219970,219971,219972,219973,219974,219975,219976,219977,219978,219979,219980,219981,219982,219983,219984,219985,219986,219987,219988,219989,219990],"class_list":["post-57626","post","type-post","status-publish","format-standard","has-post-thumbnail","hentry","category-fiscal-estadual","category-fiscal-federal","category-fiscal-municipal","tax_estado-ac","tax_estado-al","tax_estado-am","tax_estado-ap","tax_estado-ba","tax_estado-ce","tax_estado-concursos-federais","tax_estado-df","tax_estado-es","tax_estado-go","tax_estado-ma","tax_estado-mg","tax_estado-ms","tax_estado-mt","tax_estado-pa","tax_estado-pb","tax_estado-pe","tax_estado-pi","tax_estado-pr","tax_estado-rj","tax_estado-rn","tax_estado-ro","tax_estado-rr","tax_estado-rs","tax_estado-sc","tax_estado-se","tax_estado-sp","tax_estado-to"],"acf":[],"yoast_head":"<!-- This site is optimized with the Yoast SEO Premium plugin v27.2 (Yoast SEO v27.2) - https:\/\/yoast.com\/product\/yoast-seo-premium-wordpress\/ -->\n<title>Concursos Fiscais 2026: sal\u00e1rios acima dos R$ 30 mil!<\/title>\n<meta name=\"description\" content=\"Concursos Fiscais 2026: confira os principais editais anunciados, autorizados, previstos e publicados para Sefaz, ISS e Receita Federal!\" \/>\n<meta name=\"robots\" content=\"index, follow, max-snippet:-1, max-image-preview:large, max-video-preview:-1\" \/>\n<link rel=\"canonical\" href=\"https:\/\/www.estrategiaconcursos.com.br\/blog\/concursos-fiscais\/\" \/>\n<meta property=\"og:locale\" content=\"pt_BR\" \/>\n<meta property=\"og:type\" content=\"article\" \/>\n<meta property=\"og:title\" content=\"Concursos Fiscais 2026: sal\u00e1rios acima dos R$ 30 mil!\" \/>\n<meta property=\"og:description\" content=\"Concursos Fiscais 2026: confira os principais editais anunciados, autorizados, previstos e publicados para Sefaz, ISS e Receita Federal!\" \/>\n<meta property=\"og:url\" content=\"https:\/\/www.estrategiaconcursos.com.br\/blog\/concursos-fiscais\/\" \/>\n<meta property=\"og:site_name\" content=\"Estrat\u00e9gia Concursos\" \/>\n<meta property=\"article:published_time\" content=\"2026-04-30T10:42:00+00:00\" \/>\n<meta property=\"article:modified_time\" content=\"2026-04-30T12:44:34+00:00\" \/>\n<meta property=\"og:image\" content=\"https:\/\/dhg1h5j42swfq.cloudfront.net\/2022\/09\/21164134\/concursos-fiscais-1024x536-1.jpg\" \/>\n\t<meta property=\"og:image:width\" content=\"1024\" \/>\n\t<meta property=\"og:image:height\" content=\"536\" \/>\n\t<meta property=\"og:image:type\" content=\"image\/jpeg\" \/>\n<meta name=\"author\" content=\"F\u00e1bio Scaldelai\" \/>\n<meta name=\"twitter:card\" content=\"summary_large_image\" \/>\n<meta name=\"twitter:creator\" content=\"@EstratConcursos\" \/>\n<meta name=\"twitter:site\" content=\"@EstratConcursos\" \/>\n<meta name=\"twitter:label1\" content=\"Escrito por\" \/>\n\t<meta name=\"twitter:data1\" content=\"F\u00e1bio Scaldelai\" \/>\n\t<meta name=\"twitter:label2\" content=\"Est. tempo de leitura\" \/>\n\t<meta name=\"twitter:data2\" content=\"8 minutos\" \/>\n<script type=\"application\/ld+json\" class=\"yoast-schema-graph\">{\"@context\":\"https:\/\/schema.org\",\"@graph\":[{\"@type\":\"NewsArticle\",\"@id\":\"https:\/\/www.estrategiaconcursos.com.br\/blog\/concursos-fiscais\/#article\",\"isPartOf\":{\"@id\":\"https:\/\/www.estrategiaconcursos.com.br\/blog\/concursos-fiscais\/\"},\"author\":{\"name\":\"F\u00e1bio Scaldelai\",\"@id\":\"https:\/\/www.estrategiaconcursos.com.br\/blog\/#\/schema\/person\/e3b6b7ce0192dd4ad270655969d61750\"},\"headline\":\"Concursos Fiscais 2026: sal\u00e1rios acima dos R$ 30 mil!\",\"datePublished\":\"2026-04-30T10:42:00+00:00\",\"dateModified\":\"2026-04-30T12:44:34+00:00\",\"mainEntityOfPage\":{\"@id\":\"https:\/\/www.estrategiaconcursos.com.br\/blog\/concursos-fiscais\/\"},\"wordCount\":1713,\"commentCount\":14,\"publisher\":{\"@id\":\"https:\/\/www.estrategiaconcursos.com.br\/blog\/#organization\"},\"image\":{\"@id\":\"https:\/\/www.estrategiaconcursos.com.br\/blog\/concursos-fiscais\/#primaryimage\"},\"thumbnailUrl\":\"https:\/\/dhg1h5j42swfq.cloudfront.net\/2022\/09\/21164134\/concursos-fiscais-1024x536-1.jpg\",\"articleSection\":[\"Fiscal - Estadual (ICMS)\",\"Fiscal - Federal (RFB e AFT)\",\"Fiscal - Municipal (ISS)\"],\"inLanguage\":\"pt-BR\",\"potentialAction\":[{\"@type\":\"CommentAction\",\"name\":\"Comment\",\"target\":[\"https:\/\/www.estrategiaconcursos.com.br\/blog\/concursos-fiscais\/#respond\"]}],\"copyrightYear\":\"2026\",\"copyrightHolder\":{\"@id\":\"https:\/\/www.estrategiaconcursos.com.br\/blog\/#organization\"}},{\"@type\":\"WebPage\",\"@id\":\"https:\/\/www.estrategiaconcursos.com.br\/blog\/concursos-fiscais\/\",\"url\":\"https:\/\/www.estrategiaconcursos.com.br\/blog\/concursos-fiscais\/\",\"name\":\"Concursos Fiscais 2026: sal\u00e1rios acima dos R$ 30 mil!\",\"isPartOf\":{\"@id\":\"https:\/\/www.estrategiaconcursos.com.br\/blog\/#website\"},\"primaryImageOfPage\":{\"@id\":\"https:\/\/www.estrategiaconcursos.com.br\/blog\/concursos-fiscais\/#primaryimage\"},\"image\":{\"@id\":\"https:\/\/www.estrategiaconcursos.com.br\/blog\/concursos-fiscais\/#primaryimage\"},\"thumbnailUrl\":\"https:\/\/dhg1h5j42swfq.cloudfront.net\/2022\/09\/21164134\/concursos-fiscais-1024x536-1.jpg\",\"datePublished\":\"2026-04-30T10:42:00+00:00\",\"dateModified\":\"2026-04-30T12:44:34+00:00\",\"description\":\"Concursos Fiscais 2026: confira os principais editais anunciados, autorizados, previstos e publicados para Sefaz, ISS e Receita Federal!\",\"breadcrumb\":{\"@id\":\"https:\/\/www.estrategiaconcursos.com.br\/blog\/concursos-fiscais\/#breadcrumb\"},\"inLanguage\":\"pt-BR\",\"potentialAction\":[{\"@type\":\"ReadAction\",\"target\":[\"https:\/\/www.estrategiaconcursos.com.br\/blog\/concursos-fiscais\/\"]}]},{\"@type\":\"ImageObject\",\"inLanguage\":\"pt-BR\",\"@id\":\"https:\/\/www.estrategiaconcursos.com.br\/blog\/concursos-fiscais\/#primaryimage\",\"url\":\"https:\/\/dhg1h5j42swfq.cloudfront.net\/2022\/09\/21164134\/concursos-fiscais-1024x536-1.jpg\",\"contentUrl\":\"https:\/\/dhg1h5j42swfq.cloudfront.net\/2022\/09\/21164134\/concursos-fiscais-1024x536-1.jpg\",\"width\":1024,\"height\":536,\"caption\":\"Concurso ISS Franco da Rocha\"},{\"@type\":\"BreadcrumbList\",\"@id\":\"https:\/\/www.estrategiaconcursos.com.br\/blog\/concursos-fiscais\/#breadcrumb\",\"itemListElement\":[{\"@type\":\"ListItem\",\"position\":1,\"name\":\"In\u00edcio\",\"item\":\"https:\/\/www.estrategiaconcursos.com.br\/blog\/\"},{\"@type\":\"ListItem\",\"position\":2,\"name\":\"Concursos Fiscais 2026: sal\u00e1rios acima dos R$ 30 mil!\"}]},{\"@type\":\"WebSite\",\"@id\":\"https:\/\/www.estrategiaconcursos.com.br\/blog\/#website\",\"url\":\"https:\/\/www.estrategiaconcursos.com.br\/blog\/\",\"name\":\"Estrat\u00e9gia Concursos\",\"description\":\"O blog da Estrat\u00e9gia Concursos traz not\u00edcias sobre concursos e artigos de professores oferecendo cursos para concursos (pdf + videaulas) no site.\",\"publisher\":{\"@id\":\"https:\/\/www.estrategiaconcursos.com.br\/blog\/#organization\"},\"potentialAction\":[{\"@type\":\"SearchAction\",\"target\":{\"@type\":\"EntryPoint\",\"urlTemplate\":\"https:\/\/www.estrategiaconcursos.com.br\/blog\/?s={search_term_string}\"},\"query-input\":{\"@type\":\"PropertyValueSpecification\",\"valueRequired\":true,\"valueName\":\"search_term_string\"}}],\"inLanguage\":\"pt-BR\"},{\"@type\":\"Organization\",\"@id\":\"https:\/\/www.estrategiaconcursos.com.br\/blog\/#organization\",\"name\":\"Estrat\u00e9gia Concursos\",\"url\":\"https:\/\/www.estrategiaconcursos.com.br\/blog\/\",\"logo\":{\"@type\":\"ImageObject\",\"inLanguage\":\"pt-BR\",\"@id\":\"https:\/\/www.estrategiaconcursos.com.br\/blog\/#\/schema\/logo\/image\/\",\"url\":\"https:\/\/dhg1h5j42swfq.cloudfront.net\/2025\/06\/03203428\/logo_concursos-1.jpg\",\"contentUrl\":\"https:\/\/dhg1h5j42swfq.cloudfront.net\/2025\/06\/03203428\/logo_concursos-1.jpg\",\"width\":230,\"height\":60,\"caption\":\"Estrat\u00e9gia Concursos\"},\"image\":{\"@id\":\"https:\/\/www.estrategiaconcursos.com.br\/blog\/#\/schema\/logo\/image\/\"},\"sameAs\":[\"https:\/\/x.com\/EstratConcursos\"]},{\"@type\":\"Person\",\"@id\":\"https:\/\/www.estrategiaconcursos.com.br\/blog\/#\/schema\/person\/e3b6b7ce0192dd4ad270655969d61750\",\"name\":\"F\u00e1bio Scaldelai\",\"image\":{\"@type\":\"ImageObject\",\"inLanguage\":\"pt-BR\",\"@id\":\"https:\/\/secure.gravatar.com\/avatar\/8ed7492c4d88d8495bc0cb24cda6847b8ae23eec459a919e08e77d0ca0fd79ec?s=96&d=mm&r=g\",\"url\":\"https:\/\/secure.gravatar.com\/avatar\/8ed7492c4d88d8495bc0cb24cda6847b8ae23eec459a919e08e77d0ca0fd79ec?s=96&d=mm&r=g\",\"contentUrl\":\"https:\/\/secure.gravatar.com\/avatar\/8ed7492c4d88d8495bc0cb24cda6847b8ae23eec459a919e08e77d0ca0fd79ec?s=96&d=mm&r=g\",\"caption\":\"F\u00e1bio Scaldelai\"},\"description\":\"Jornalista no Estrat\u00e9gia Concursos e Produtor de Televis\u00e3o, formado em Jornalismo, R\u00e1dio e TV pela Faculdade Integrada Rio Branco, com especializa\u00e7\u00f5es em Gest\u00e3o Empresarial e Marketing pelo M\u00f3dulo. Atuou como produtor no SBT, TV Bandeirantes e R\u00e1dio Band FM, al\u00e9m de acumular tr\u00eas anos de experi\u00eancia no setor de concursos p\u00fablicos pela LFG (Luiz Fl\u00e1vio Gomes). No Estrat\u00e9gia Concursos, atua na apura\u00e7\u00e3o de not\u00edcias da \u00e1rea fiscal, al\u00e9m de coberturas sobre concursos das \u00e1reas de controle (TCU, TCE, etc), concurso AFT, \u00e1rea de gest\u00e3o e administrativa, bem como dos \u00f3rg\u00e3os participantes do CNU. Tamb\u00e9m possui experi\u00eancia em link building e an\u00e1lise de m\u00eddia, adquirida durante sua atua\u00e7\u00e3o na ag\u00eancia SEO Marketing.\",\"url\":\"https:\/\/www.estrategiaconcursos.com.br\/blog\/author\/fabio-scaldelaiestrategiaconcursos-com-br\/\"}]}<\/script>\n<!-- \/ Yoast SEO Premium plugin. -->","yoast_head_json":{"title":"Concursos Fiscais 2026: sal\u00e1rios acima dos R$ 30 mil!","description":"Concursos Fiscais 2026: confira os principais editais anunciados, autorizados, previstos e publicados para Sefaz, ISS e Receita Federal!","robots":{"index":"index","follow":"follow","max-snippet":"max-snippet:-1","max-image-preview":"max-image-preview:large","max-video-preview":"max-video-preview:-1"},"canonical":"https:\/\/www.estrategiaconcursos.com.br\/blog\/concursos-fiscais\/","og_locale":"pt_BR","og_type":"article","og_title":"Concursos Fiscais 2026: sal\u00e1rios acima dos R$ 30 mil!","og_description":"Concursos Fiscais 2026: confira os principais editais anunciados, autorizados, previstos e publicados para Sefaz, ISS e Receita Federal!","og_url":"https:\/\/www.estrategiaconcursos.com.br\/blog\/concursos-fiscais\/","og_site_name":"Estrat\u00e9gia Concursos","article_published_time":"2026-04-30T10:42:00+00:00","article_modified_time":"2026-04-30T12:44:34+00:00","og_image":[{"width":1024,"height":536,"url":"https:\/\/dhg1h5j42swfq.cloudfront.net\/2022\/09\/21164134\/concursos-fiscais-1024x536-1.jpg","type":"image\/jpeg"}],"author":"F\u00e1bio Scaldelai","twitter_card":"summary_large_image","twitter_creator":"@EstratConcursos","twitter_site":"@EstratConcursos","twitter_misc":{"Escrito por":"F\u00e1bio Scaldelai","Est. tempo de leitura":"8 minutos"},"schema":{"@context":"https:\/\/schema.org","@graph":[{"@type":"NewsArticle","@id":"https:\/\/www.estrategiaconcursos.com.br\/blog\/concursos-fiscais\/#article","isPartOf":{"@id":"https:\/\/www.estrategiaconcursos.com.br\/blog\/concursos-fiscais\/"},"author":{"name":"F\u00e1bio Scaldelai","@id":"https:\/\/www.estrategiaconcursos.com.br\/blog\/#\/schema\/person\/e3b6b7ce0192dd4ad270655969d61750"},"headline":"Concursos Fiscais 2026: sal\u00e1rios acima dos R$ 30 mil!","datePublished":"2026-04-30T10:42:00+00:00","dateModified":"2026-04-30T12:44:34+00:00","mainEntityOfPage":{"@id":"https:\/\/www.estrategiaconcursos.com.br\/blog\/concursos-fiscais\/"},"wordCount":1713,"commentCount":14,"publisher":{"@id":"https:\/\/www.estrategiaconcursos.com.br\/blog\/#organization"},"image":{"@id":"https:\/\/www.estrategiaconcursos.com.br\/blog\/concursos-fiscais\/#primaryimage"},"thumbnailUrl":"https:\/\/dhg1h5j42swfq.cloudfront.net\/2022\/09\/21164134\/concursos-fiscais-1024x536-1.jpg","articleSection":["Fiscal - Estadual (ICMS)","Fiscal - Federal (RFB e AFT)","Fiscal - Municipal (ISS)"],"inLanguage":"pt-BR","potentialAction":[{"@type":"CommentAction","name":"Comment","target":["https:\/\/www.estrategiaconcursos.com.br\/blog\/concursos-fiscais\/#respond"]}],"copyrightYear":"2026","copyrightHolder":{"@id":"https:\/\/www.estrategiaconcursos.com.br\/blog\/#organization"}},{"@type":"WebPage","@id":"https:\/\/www.estrategiaconcursos.com.br\/blog\/concursos-fiscais\/","url":"https:\/\/www.estrategiaconcursos.com.br\/blog\/concursos-fiscais\/","name":"Concursos Fiscais 2026: sal\u00e1rios acima dos R$ 30 mil!","isPartOf":{"@id":"https:\/\/www.estrategiaconcursos.com.br\/blog\/#website"},"primaryImageOfPage":{"@id":"https:\/\/www.estrategiaconcursos.com.br\/blog\/concursos-fiscais\/#primaryimage"},"image":{"@id":"https:\/\/www.estrategiaconcursos.com.br\/blog\/concursos-fiscais\/#primaryimage"},"thumbnailUrl":"https:\/\/dhg1h5j42swfq.cloudfront.net\/2022\/09\/21164134\/concursos-fiscais-1024x536-1.jpg","datePublished":"2026-04-30T10:42:00+00:00","dateModified":"2026-04-30T12:44:34+00:00","description":"Concursos Fiscais 2026: confira os principais editais anunciados, autorizados, previstos e publicados para Sefaz, ISS e Receita Federal!","breadcrumb":{"@id":"https:\/\/www.estrategiaconcursos.com.br\/blog\/concursos-fiscais\/#breadcrumb"},"inLanguage":"pt-BR","potentialAction":[{"@type":"ReadAction","target":["https:\/\/www.estrategiaconcursos.com.br\/blog\/concursos-fiscais\/"]}]},{"@type":"ImageObject","inLanguage":"pt-BR","@id":"https:\/\/www.estrategiaconcursos.com.br\/blog\/concursos-fiscais\/#primaryimage","url":"https:\/\/dhg1h5j42swfq.cloudfront.net\/2022\/09\/21164134\/concursos-fiscais-1024x536-1.jpg","contentUrl":"https:\/\/dhg1h5j42swfq.cloudfront.net\/2022\/09\/21164134\/concursos-fiscais-1024x536-1.jpg","width":1024,"height":536,"caption":"Concurso ISS Franco da Rocha"},{"@type":"BreadcrumbList","@id":"https:\/\/www.estrategiaconcursos.com.br\/blog\/concursos-fiscais\/#breadcrumb","itemListElement":[{"@type":"ListItem","position":1,"name":"In\u00edcio","item":"https:\/\/www.estrategiaconcursos.com.br\/blog\/"},{"@type":"ListItem","position":2,"name":"Concursos Fiscais 2026: sal\u00e1rios acima dos R$ 30 mil!"}]},{"@type":"WebSite","@id":"https:\/\/www.estrategiaconcursos.com.br\/blog\/#website","url":"https:\/\/www.estrategiaconcursos.com.br\/blog\/","name":"Estrat\u00e9gia Concursos","description":"O blog da Estrat\u00e9gia Concursos traz not\u00edcias sobre concursos e artigos de professores oferecendo cursos para concursos (pdf + videaulas) no site.","publisher":{"@id":"https:\/\/www.estrategiaconcursos.com.br\/blog\/#organization"},"potentialAction":[{"@type":"SearchAction","target":{"@type":"EntryPoint","urlTemplate":"https:\/\/www.estrategiaconcursos.com.br\/blog\/?s={search_term_string}"},"query-input":{"@type":"PropertyValueSpecification","valueRequired":true,"valueName":"search_term_string"}}],"inLanguage":"pt-BR"},{"@type":"Organization","@id":"https:\/\/www.estrategiaconcursos.com.br\/blog\/#organization","name":"Estrat\u00e9gia Concursos","url":"https:\/\/www.estrategiaconcursos.com.br\/blog\/","logo":{"@type":"ImageObject","inLanguage":"pt-BR","@id":"https:\/\/www.estrategiaconcursos.com.br\/blog\/#\/schema\/logo\/image\/","url":"https:\/\/dhg1h5j42swfq.cloudfront.net\/2025\/06\/03203428\/logo_concursos-1.jpg","contentUrl":"https:\/\/dhg1h5j42swfq.cloudfront.net\/2025\/06\/03203428\/logo_concursos-1.jpg","width":230,"height":60,"caption":"Estrat\u00e9gia Concursos"},"image":{"@id":"https:\/\/www.estrategiaconcursos.com.br\/blog\/#\/schema\/logo\/image\/"},"sameAs":["https:\/\/x.com\/EstratConcursos"]},{"@type":"Person","@id":"https:\/\/www.estrategiaconcursos.com.br\/blog\/#\/schema\/person\/e3b6b7ce0192dd4ad270655969d61750","name":"F\u00e1bio Scaldelai","image":{"@type":"ImageObject","inLanguage":"pt-BR","@id":"https:\/\/secure.gravatar.com\/avatar\/8ed7492c4d88d8495bc0cb24cda6847b8ae23eec459a919e08e77d0ca0fd79ec?s=96&d=mm&r=g","url":"https:\/\/secure.gravatar.com\/avatar\/8ed7492c4d88d8495bc0cb24cda6847b8ae23eec459a919e08e77d0ca0fd79ec?s=96&d=mm&r=g","contentUrl":"https:\/\/secure.gravatar.com\/avatar\/8ed7492c4d88d8495bc0cb24cda6847b8ae23eec459a919e08e77d0ca0fd79ec?s=96&d=mm&r=g","caption":"F\u00e1bio Scaldelai"},"description":"Jornalista no Estrat\u00e9gia Concursos e Produtor de Televis\u00e3o, formado em Jornalismo, R\u00e1dio e TV pela Faculdade Integrada Rio Branco, com especializa\u00e7\u00f5es em Gest\u00e3o Empresarial e Marketing pelo M\u00f3dulo. Atuou como produtor no SBT, TV Bandeirantes e R\u00e1dio Band FM, al\u00e9m de acumular tr\u00eas anos de experi\u00eancia no setor de concursos p\u00fablicos pela LFG (Luiz Fl\u00e1vio Gomes). No Estrat\u00e9gia Concursos, atua na apura\u00e7\u00e3o de not\u00edcias da \u00e1rea fiscal, al\u00e9m de coberturas sobre concursos das \u00e1reas de controle (TCU, TCE, etc), concurso AFT, \u00e1rea de gest\u00e3o e administrativa, bem como dos \u00f3rg\u00e3os participantes do CNU. Tamb\u00e9m possui experi\u00eancia em link building e an\u00e1lise de m\u00eddia, adquirida durante sua atua\u00e7\u00e3o na ag\u00eancia SEO Marketing.","url":"https:\/\/www.estrategiaconcursos.com.br\/blog\/author\/fabio-scaldelaiestrategiaconcursos-com-br\/"}]}},"_links":{"self":[{"href":"https:\/\/www.estrategiaconcursos.com.br\/blog\/wp-json\/wp\/v2\/posts\/57626","targetHints":{"allow":["GET"]}}],"collection":[{"href":"https:\/\/www.estrategiaconcursos.com.br\/blog\/wp-json\/wp\/v2\/posts"}],"about":[{"href":"https:\/\/www.estrategiaconcursos.com.br\/blog\/wp-json\/wp\/v2\/types\/post"}],"author":[{"embeddable":true,"href":"https:\/\/www.estrategiaconcursos.com.br\/blog\/wp-json\/wp\/v2\/users\/656"}],"replies":[{"embeddable":true,"href":"https:\/\/www.estrategiaconcursos.com.br\/blog\/wp-json\/wp\/v2\/comments?post=57626"}],"version-history":[{"count":378,"href":"https:\/\/www.estrategiaconcursos.com.br\/blog\/wp-json\/wp\/v2\/posts\/57626\/revisions"}],"predecessor-version":[{"id":1759016,"href":"https:\/\/www.estrategiaconcursos.com.br\/blog\/wp-json\/wp\/v2\/posts\/57626\/revisions\/1759016"}],"wp:featuredmedia":[{"embeddable":true,"href":"https:\/\/www.estrategiaconcursos.com.br\/blog\/wp-json\/wp\/v2\/media\/1098399"}],"wp:attachment":[{"href":"https:\/\/www.estrategiaconcursos.com.br\/blog\/wp-json\/wp\/v2\/media?parent=57626"}],"wp:term":[{"taxonomy":"category","embeddable":true,"href":"https:\/\/www.estrategiaconcursos.com.br\/blog\/wp-json\/wp\/v2\/categories?post=57626"},{"taxonomy":"post_tag","embeddable":true,"href":"https:\/\/www.estrategiaconcursos.com.br\/blog\/wp-json\/wp\/v2\/tags?post=57626"},{"taxonomy":"tax_estado","embeddable":true,"href":"https:\/\/www.estrategiaconcursos.com.br\/blog\/wp-json\/wp\/v2\/tax_estado?post=57626"}],"curies":[{"name":"wp","href":"https:\/\/api.w.org\/{rel}","templated":true}]}}