{"id":576171,"date":"2020-10-01T20:00:00","date_gmt":"2020-10-01T23:00:00","guid":{"rendered":"https:\/\/www.estrategiaconcursos.com.br\/blog\/?p=576171"},"modified":"2023-03-06T10:57:42","modified_gmt":"2023-03-06T13:57:42","slug":"processo-administrativo-federal-lei-9-784-99-parte-1","status":"publish","type":"post","link":"https:\/\/www.estrategiaconcursos.com.br\/blog\/processo-administrativo-federal-lei-9-784-99-parte-1\/","title":{"rendered":"Processo administrativo federal &#8211; Lei 9.784\/99 \u2013 parte 1"},"content":{"rendered":"\n<p>Ol\u00e1, pessoal. No artigo de hoje abordaremos a Lei do Processo Administrativo Federal <a href=\"http:\/\/www.planalto.gov.br\/ccivil_03\/leis\/l9784.htm\" data-type=\"URL\" data-id=\"http:\/\/www.planalto.gov.br\/ccivil_03\/leis\/l9784.htm\">(Lei 9784\/99<\/a>). &nbsp;Devido \u00e0 extens\u00e3o do tema, veremos em dois artigos. Vamos l\u00e1?<\/p>\n\n\n\n<h2 class=\"wp-block-heading\" id=\"h-disposicoes-gerais\">Disposi\u00e7\u00f5es Gerais<\/h2>\n\n\n\n<p>Antes de adentrarmos na Lei, entenda o <strong><span class=\"has-inline-color has-vivid-cyan-blue-color\">processo administrativo<\/span><\/strong> como uma s\u00e9rie de atos sequenciais e coordenados com o objetivo de realiza\u00e7\u00e3o de um fim estatal, como um ato administrativo final ou prola\u00e7\u00e3o de uma decis\u00e3o administrativa final, por exemplo.<\/p>\n\n\n\n<p>J\u00e1 a <span class=\"has-inline-color has-vivid-cyan-blue-color\"><strong>abrang\u00eancia<\/strong> <\/span>da Lei \u00e9 toda a administra\u00e7\u00e3o federal (direita e indireta), al\u00e9m dos demais poderes (Legislativo, Judici\u00e1rio, MP e TC) em suas fun\u00e7\u00f5es administrativas.<\/p>\n\n\n\n<p>Importante fritar que n\u00e3o se trata de uma lei nacional, assim n\u00e3o \u00e9 v\u00e1lida para Munic\u00edpios e Estados, sendo utilizada apenas de forma subsidi\u00e1ria nos entes que n\u00e3o possuam leis pr\u00f3prias, conforme o STJ (REsp 1.092.202\/DF).<\/p>\n\n\n\n<p><em>Art. 1<u><sup>o<\/sup><\/u>&nbsp;Esta Lei estabelece normas b\u00e1sicas sobre o processo administrativo no <\/em><strong><span class=\"has-inline-color has-vivid-cyan-blue-color\"><em>\u00e2mbito<\/em><\/span><\/strong><em><span class=\"has-inline-color has-vivid-cyan-blue-color\"> <\/span>da <strong>Administra\u00e7\u00e3o Federal direta e indireta<\/strong>, visando, em especial, \u00e0 prote\u00e7\u00e3o dos direitos dos administrados e ao melhor cumprimento dos fins da Administra\u00e7\u00e3o.<\/em><\/p>\n\n\n\n<p><em>\u00a7 1<u><sup>o<\/sup><\/u>&nbsp;Os preceitos desta Lei t<span class=\"has-inline-color has-vivid-green-cyan-color\"><strong>amb\u00e9m se <\/strong><\/span><\/em><span class=\"has-inline-color has-vivid-green-cyan-color\"><em><strong>aplicam<\/strong><\/em><\/span><em><span class=\"has-inline-color has-vivid-green-cyan-color\"><strong> <\/strong><\/span>aos \u00f3rg\u00e3os dos Poderes<strong> Legislativo e Judici\u00e1rio da Uni\u00e3o<\/strong>, quando no <u>desempenho de fun\u00e7\u00e3o <\/u><\/em><strong><em><u><span class=\"has-inline-color has-vivid-red-color\">administrativa<\/span><\/u><\/em><\/strong><em>.<\/em><\/p>\n\n\n\n<h3 class=\"wp-block-heading\" id=\"h-principios\">Princ\u00edpios<\/h3>\n\n\n\n<p>No caput do artigo segundo temos os <span class=\"has-inline-color has-vivid-cyan-blue-color\"><strong>princ\u00edpios expressos<\/strong><\/span>.<\/p>\n\n\n\n<p><em>Art. 2<u><sup>o<\/sup><\/u>&nbsp;A Administra\u00e7\u00e3o P\u00fablica obedecer\u00e1, dentre outros, aos <\/em><strong><span class=\"has-inline-color has-vivid-cyan-blue-color\"><em>princ\u00edpios<\/em><\/span><\/strong><em><span class=\"has-inline-color has-vivid-cyan-blue-color\"> <\/span>da <\/em><strong><em>legalidade<\/em><\/strong><em>, <\/em><strong><em>finalidade<\/em><\/strong><em>, <\/em><strong><em>motiva\u00e7\u00e3o<\/em><\/strong><em>, <\/em><strong><em>razoabilidade<\/em><\/strong><em>, <\/em><strong><em>proporcionalidade<\/em><\/strong><em>, <\/em><strong><em>moralidade<\/em><\/strong><em>, <\/em><strong><em>ampla defesa<\/em><\/strong><em>, <\/em><strong><em>contradit\u00f3rio<\/em><\/strong><em>, <\/em><strong><em>seguran\u00e7a jur\u00eddica<\/em><\/strong><em>, <\/em><strong><em>interesse p\u00fablico<\/em><\/strong><em> e <\/em><strong><em>efici\u00eancia<\/em><\/strong><em>.<\/em><\/p>\n\n\n\n<p>Para colaborar com sua memoriza\u00e7\u00e3o, vejamos um Mnem\u00f4nico do Prof. Herbert Almeida dos princ\u00edpios expressos.<\/p>\n\n\n\n<p><strong><span class=\"has-inline-color has-vivid-purple-color\">Mnem\u00f4nico<\/span><\/strong>: <strong><span class=\"has-inline-color has-vivid-red-color\">SER<\/span><\/strong>\u00e1 <span class=\"has-inline-color has-vivid-red-color\"><strong>F\u00c1CIL<\/strong> <strong>Pro<\/strong> <\/span><strong><span class=\"has-inline-color has-vivid-red-color\">MoMo<\/span><\/strong><\/p>\n\n\n\n<figure class=\"wp-block-image size-large\"><img loading=\"lazy\" decoding=\"async\" width=\"545\" height=\"184\" src=\"https:\/\/dhg1h5j42swfq.cloudfront.net\/2020\/09\/22184444\/image-174.png\" alt=\"Processo administrativo federal\" class=\"wp-image-576220\" srcset=\"https:\/\/dhg1h5j42swfq.cloudfront.net\/2020\/09\/22184444\/image-174.png 545w, https:\/\/dhg1h5j42swfq.cloudfront.net\/2020\/09\/22184444\/image-174-300x101.png 300w\" sizes=\"auto, (max-width: 545px) 100vw, 545px\" \/><\/figure>\n\n\n\n<figure class=\"wp-block-image size-large\"><img loading=\"lazy\" decoding=\"async\" width=\"580\" height=\"487\" src=\"https:\/\/dhg1h5j42swfq.cloudfront.net\/2020\/09\/22184522\/image-175.png\" alt=\"\" class=\"wp-image-576221\" srcset=\"https:\/\/dhg1h5j42swfq.cloudfront.net\/2020\/09\/22184522\/image-175.png 580w, https:\/\/dhg1h5j42swfq.cloudfront.net\/2020\/09\/22184522\/image-175-300x252.png 300w\" sizes=\"auto, (max-width: 580px) 100vw, 580px\" \/><\/figure>\n\n\n\n<p><strong><span class=\"has-inline-color has-luminous-vivid-amber-color\">Obs.<\/span><\/strong> Para esses e outros, n\u00e3o deixem de conferir os cursos completos da mat\u00e9ria para seu concurso.<\/p>\n\n\n\n<p class=\"has-text-align-center\"><a href=\"https:\/\/www.estrategiaconcursos.com.br\/pesquisa\/?q=direito+administrativo+regular\" data-type=\"URL\" data-id=\"https:\/\/www.estrategiaconcursos.com.br\/pesquisa\/?q=direito+administrativo+regular\">Cursos de Direito Administrativo<\/a><\/p>\n\n\n\n<p>Frisa-se que os princ\u00edpios expressos n\u00e3o excluem os <span class=\"has-inline-color has-vivid-cyan-blue-color\"><strong>princ\u00edpios impl\u00edcitos<\/strong><\/span> ao longo da Lei, tais como: impessoalidade, publicidade, informalidade moderada, oficialidade, verdade material entre outros.<\/p>\n\n\n\n<h2 class=\"wp-block-heading\" id=\"h-dos-direitos-e-deveres-dos-administrados\">Dos direitos e deveres dos administrados<\/h2>\n\n\n\n<p>Os direitos e deveres dos administrados s\u00e3o um tanto quanto &#8220;\u00f3bvios&#8221;, destacarei apenas a possibilidade de o administrado praticar seus pr\u00f3prios atos no processo sem a necessidade de advogado, em conformidade ao princ\u00edpio do formalismo moderado.<\/p>\n\n\n\n<p><em>Art. 3o O <\/em><strong><span class=\"has-inline-color has-vivid-cyan-blue-color\">administrado<\/span><\/strong><em><span class=\"has-inline-color has-vivid-cyan-blue-color\"> <\/span>tem os seguintes <\/em><strong><span class=\"has-inline-color has-vivid-cyan-blue-color\">direitos<\/span><\/strong><em><span class=\"has-inline-color has-vivid-cyan-blue-color\"> <\/span>perante a Administra\u00e7\u00e3o, sem preju\u00edzo de outros que lhe sejam assegurados:<\/em><\/p>\n\n\n\n<p><em>IV &#8211; <\/em><strong><span class=\"has-inline-color has-vivid-green-cyan-color\"><em>fazer-se assistir<\/em><\/span><\/strong><em><span class=\"has-inline-color has-vivid-green-cyan-color\">,<\/span> <\/em><strong><em><span class=\"has-inline-color has-vivid-red-color\">facultativamente<\/span><\/em><\/strong><em>, <\/em><strong><em><span class=\"has-inline-color has-vivid-green-cyan-color\">por advogado<\/span><\/em><\/strong><em>, salvo quando obrigat\u00f3ria a representa\u00e7\u00e3o, por for\u00e7a de lei.<\/em><\/p>\n\n\n\n<p>Em um caso an\u00e1logo, nos processos administrativos disciplinares (PAD), o STF j\u00e1 se posicionou no mesmo sentido.<\/p>\n\n\n\n<p><em>S\u00famula Vinculante n\u00ba 5: A <span class=\"has-inline-color has-vivid-cyan-blue-color\"><strong>falta de defesa t\u00e9cnica por advogado<\/strong><\/span> no processo administrativo disciplinar <strong>n\u00e3o ofende a Constitui\u00e7\u00e3o.<\/strong><\/em><strong><br \/><\/strong><\/p>\n\n\n\n<h2 class=\"wp-block-heading\" id=\"h-do-inicio-do-processo\">&nbsp;Do in\u00edcio do processo<\/h2>\n\n\n\n<p>O Processo administrativo pode ser iniciado tanto de of\u00edcio (princ\u00edpio da oficialidade) quanto a pedido do interessado, e nesse caso deve ser realizado, em regra, de forma escrita.<\/p>\n\n\n\n<p><em>Art. 5<u><sup>o<\/sup><\/u>&nbsp;O processo administrativo <\/em><strong><em>pode <span class=\"has-inline-color has-vivid-cyan-blue-color\">iniciar<\/span>-se<\/em><\/strong><em> de <span class=\"has-inline-color has-vivid-green-cyan-color\"><strong>of\u00edcio<\/strong> <\/span><u>ou<\/u><strong><span class=\"has-inline-color has-vivid-green-cyan-color\"> a pedido<\/span> de interessado<\/strong>.<\/em><\/p>\n\n\n\n<p><em>Art. 6<u><sup>o<\/sup><\/u>&nbsp;O <\/em><strong><em><span class=\"has-inline-color has-vivid-cyan-blue-color\">requerimento <\/span><\/em><\/strong><em>inicial do <\/em><strong><em><span class=\"has-inline-color has-vivid-cyan-blue-color\">interessado<\/span><\/em><\/strong><em>, <\/em><strong><em><span class=\"has-inline-color has-vivid-red-color\"><u>salvo<\/u><\/span><\/em><\/strong><em><u><span class=\"has-inline-color has-vivid-red-color\"> <\/span>casos em que for <\/u><\/em><strong><em><span class=\"has-inline-color has-vivid-red-color\"><u>admitida<\/u><\/span><\/em><\/strong><em><u><span class=\"has-inline-color has-vivid-red-color\"> <\/span>solicita\u00e7\u00e3o <\/u><\/em><strong><em><u><span class=\"has-inline-color has-vivid-red-color\">oral<\/span><\/u><\/em><\/strong><em>, <strong>deve ser formulado por <\/strong><span class=\"has-inline-color has-vivid-cyan-blue-color\"><strong>escrito<\/strong> <\/span>e conter os seguintes dados (&#8230;)<\/em><\/p>\n\n\n\n<p>Atente-se tamb\u00e9m sobre a possibilidade de requerimento unificado no caso de pluralidades de pedidos com conte\u00fado e fundamentos id\u00eanticos.<\/p>\n\n\n\n<p><em>Art. 8<u><sup>o<\/sup><\/u>&nbsp;Quando os <\/em><strong><em><span class=\"has-inline-color has-vivid-cyan-blue-color\">pedidos de uma pluralidade de interessados<\/span><\/em><\/strong><em> tiverem <\/em><strong><span class=\"has-inline-color has-vivid-green-cyan-color\">conte\u00fado<\/span><\/strong><em><span class=\"has-inline-color has-vivid-green-cyan-color\"> <\/span>e <\/em><strong><span class=\"has-inline-color has-vivid-green-cyan-color\">fundamentos<\/span><\/strong><em><span class=\"has-inline-color has-vivid-green-cyan-color\"> <\/span><\/em><strong><span class=\"has-inline-color has-vivid-green-cyan-color\">id\u00eanticos<\/span><\/strong><em>, <strong>poder\u00e3o ser formulados em um \u00fanico requerimento<\/strong>, <u>salvo preceito legal em contr\u00e1rio<\/u>.<\/em><\/p>\n\n\n\n<h2 class=\"wp-block-heading\" id=\"h-dos-interessados\">Dos interessados<\/h2>\n\n\n\n<p>No artigo quinto vimos que o processo poderia ser iniciado de of\u00edcio ou a pedido do interessado e no artigo 9 a Lei nos apresenta quem se considera como interessado no processo.<\/p>\n\n\n\n<p><em>Art. 9<u><sup>o<\/sup><\/u>&nbsp;S\u00e3o <\/em><strong><em><span class=\"has-inline-color has-vivid-cyan-blue-color\">legitimados como interessados<\/span><\/em><\/strong><em> no processo administrativo:<\/em><\/p>\n\n\n\n<p><em>I &#8211;<span class=\"has-inline-color has-vivid-green-cyan-color\"> <\/span><\/em><strong><span class=\"has-inline-color has-vivid-green-cyan-color\"><em>pessoas f\u00edsicas <\/em><\/span><\/strong><em><span class=\"has-inline-color has-black-color\">ou <\/span><\/em><strong><span class=\"has-inline-color has-vivid-red-color\"><em>jur\u00eddicas<\/em><\/span><\/strong><em><span class=\"has-inline-color has-vivid-red-color\"> <\/span>que o <strong>iniciem<\/strong> como titulares de direitos ou interesses individuais ou no exerc\u00edcio do <strong>direito de representa\u00e7\u00e3o<\/strong>;<\/em><\/p>\n\n\n\n<p><em>II &#8211; <strong>aqueles que, <span class=\"has-inline-color has-vivid-red-color\">sem <\/span>terem iniciado o processo<\/strong>, <\/em><strong><span class=\"has-inline-color has-vivid-green-cyan-color\"><em>t\u00eam direitos ou interesses<\/em><\/span><\/strong><em><span class=\"has-inline-color has-vivid-green-cyan-color\"> <\/span>que possam ser <\/em><strong><span class=\"has-inline-color has-vivid-green-cyan-color\"><em>afetados<\/em><\/span><\/strong><em><span class=\"has-inline-color has-vivid-green-cyan-color\"> <\/span>pela decis\u00e3o a ser&nbsp;adotada;<\/em><\/p>\n\n\n\n<p><em>III &#8211; as <\/em><strong><em><span class=\"has-inline-color has-vivid-green-cyan-color\">organiza\u00e7\u00f5es e associa\u00e7\u00f5es representativas<\/span><\/em><\/strong><em>, no tocante a <strong>direitos e interesses coletivos<\/strong>;<\/em><\/p>\n\n\n\n<p><em>IV &#8211; as <\/em><strong><em><span class=\"has-inline-color has-vivid-green-cyan-color\">pessoas ou as associa\u00e7\u00f5es<\/span><\/em><\/strong><em> legalmente constitu\u00eddas quanto a <strong>direitos ou interesses difusos<\/strong>.<\/em><\/p>\n\n\n\n<h2 class=\"wp-block-heading\" id=\"h-da-competencia\">Da Compet\u00eancia<\/h2>\n\n\n\n<p>A compet\u00eancia nos processos administrativos \u00e9 irrenunci\u00e1vel, por\u00e9m n\u00e3o impede a delega\u00e7\u00e3o e a avoca\u00e7\u00e3o.<\/p>\n\n\n\n<p><em>Art. 11. A <\/em><strong><em><span class=\"has-inline-color has-vivid-cyan-blue-color\">compet\u00eancia \u00e9 irrenunci\u00e1vel<\/span><\/em><\/strong><em> e se exerce pelos \u00f3rg\u00e3os administrativos a que foi atribu\u00edda como pr\u00f3pria, <\/em><strong><em><span class=\"has-inline-color has-vivid-red-color\"><u>salvo<\/u><\/span><\/em><\/strong><em><u><span class=\"has-inline-color has-vivid-red-color\"> <\/span>os casos de <strong><span class=\"has-inline-color has-vivid-green-cyan-color\">delega\u00e7\u00e3o <\/span>e <\/strong><span class=\"has-inline-color has-vivid-green-cyan-color\"><strong>avoca\u00e7\u00e3o<\/strong> <\/span>legalmente admitidos<\/u>.<\/em><\/p>\n\n\n\n<p>A delega\u00e7\u00e3o consiste na transmiss\u00e3o de fun\u00e7\u00f5es para outro agente\/\u00f3rg\u00e3o, ainda que n\u00e3o haja hierarquia.<\/p>\n\n\n\n<p><em>Art. 12. Um <\/em><strong><span class=\"has-inline-color has-vivid-cyan-blue-color\"><em>\u00f3rg\u00e3o<\/em><\/span><\/strong><em><span class=\"has-inline-color has-vivid-cyan-blue-color\"> <\/span>administrativo e seu titular <\/em><strong><em><span class=\"has-inline-color has-vivid-cyan-blue-color\">poder\u00e3o<\/span><\/em><\/strong><em>, <u>se n\u00e3o houver impedimento legal<\/u>, <\/em><strong><em><span class=\"has-inline-color has-vivid-cyan-blue-color\">delegar parte da sua compet\u00eancia<\/span><\/em><\/strong><em> a <strong>outros \u00f3rg\u00e3os<\/strong> <strong>ou titulares<\/strong>, <\/em><strong><em><span class=\"has-inline-color has-vivid-red-color\">ainda que estes n\u00e3o<\/span> lhe sejam hierarquicamente subordinados<\/em><\/strong><em>, quando for conveniente, em r<u>az\u00e3o de circunst\u00e2ncias de \u00edndole t\u00e9cnica, social, econ\u00f4mica, jur\u00eddica ou territorial<\/u>.<\/em><\/p>\n\n\n\n<p>Sendo a delega\u00e7\u00e3o ato discricion\u00e1rio, a revoga\u00e7\u00e3o tamb\u00e9m ser\u00e1.<\/p>\n\n\n\n<p><em>Art. 14, \u00a7 2<u><sup>o<\/sup><\/u>&nbsp;O ato de <\/em><strong><em><span class=\"has-inline-color has-vivid-green-cyan-color\">delega\u00e7\u00e3o \u00e9 revog\u00e1vel<\/span><\/em><\/strong><em> a <strong>qualquer tempo pela autoridade delegante<\/strong>.<\/em><\/p>\n\n\n\n<p>Importante observar que existem atos em que n\u00e3o cabem delega\u00e7\u00e3o.<\/p>\n\n\n\n<p><em>Art. 13. <\/em><strong><em><span class=\"has-inline-color has-vivid-cyan-blue-color\">N\u00e3o podem<\/span><\/em><\/strong><em> ser objeto de <\/em><strong><em><span class=\"has-inline-color has-vivid-cyan-blue-color\">delega\u00e7\u00e3o<\/span><\/em><\/strong><em>: <\/em><\/p>\n\n\n\n<p><em>III &#8211; as mat\u00e9rias de <\/em><strong><em><span class=\"has-inline-color has-vivid-red-color\">c<\/span><span class=\"has-inline-color has-vivid-green-cyan-color\">ompet\u00eancia<\/span> <span class=\"has-inline-color has-vivid-red-color\">e<\/span><span class=\"has-inline-color has-vivid-green-cyan-color\">xclusiva<\/span><\/em><\/strong><em> do \u00f3rg\u00e3o ou autoridade.<\/em><\/p>\n\n\n\n<p><em>&nbsp;I &#8211; a edi\u00e7\u00e3o de <\/em><strong><em><span class=\"has-inline-color has-vivid-green-cyan-color\">atos <\/span>de car\u00e1ter <span class=\"has-inline-color has-vivid-red-color\">no<\/span><span class=\"has-inline-color has-vivid-green-cyan-color\">rmativo<\/span><\/em><\/strong><em>;<\/em><\/p>\n\n\n\n<p><em>II &#8211; a <\/em><strong><em>decis\u00e3o<\/em><\/strong><em> de <\/em><strong><em><span class=\"has-inline-color has-vivid-red-color\">r<\/span><span class=\"has-inline-color has-vivid-green-cyan-color\">ecursos<\/span> <span class=\"has-inline-color has-vivid-red-color\">a<\/span><span class=\"has-inline-color has-vivid-green-cyan-color\">dministrativos<\/span><\/em><\/strong><em>;<\/em><\/p>\n\n\n\n<p><strong><span class=\"has-inline-color has-cyan-bluish-gray-color\">Bizu:<\/span> <\/strong>N\u00e3o \u00e9 cab\u00edvel a delega\u00e7\u00e3o da <strong><span class=\"has-inline-color has-vivid-red-color\">CENORA<\/span><\/strong><\/p>\n\n\n\n<p>J\u00e1 a avoca\u00e7\u00e3o ocorre quando a autoridade superior atrai a compet\u00eancia de \u00f3rg\u00e3o hierarquicamente inferior. Atenta-se ainda ao certo grau de discricionariedade (\u201cpor motivos relevantes devidamente justificados\u201d).<\/p>\n\n\n\n<p><em>Art. 15. Ser\u00e1 <\/em><strong><em><span class=\"has-inline-color has-vivid-cyan-blue-color\">permitida<\/span><\/em><\/strong><em>, em <u>car\u00e1ter excepcional<\/u> e <u>por motivos relevantes devidamente justificados<\/u>, a <\/em><strong><em><span class=\"has-inline-color has-vivid-cyan-blue-color\">avoca\u00e7\u00e3o <\/span>tempor\u00e1ria<\/em><\/strong><em> de <strong>compet\u00eancia<\/strong> atribu\u00edda a <strong>\u00f3rg\u00e3o hierarquicamente inferior<\/strong>.<\/em><\/p>\n\n\n\n<p>V\u00e1lido ressaltar que n\u00e3o \u00e9 cab\u00edvel avoca\u00e7\u00e3o nos casos de compet\u00eancia exclusiva.<\/p>\n\n\n\n<p><mark style=\"background-color:rgba(0, 0, 0, 0)\" class=\"has-inline-color has-cyan-bluish-gray-color\"><strong>N\u00e3o confunda<\/strong>:<\/mark><\/p>\n\n\n\n<ul class=\"wp-block-list\">\n<li><mark style=\"background-color:rgba(0, 0, 0, 0)\" class=\"has-inline-color has-vivid-purple-color\"><strong>Delega\u00e7\u00e3o<\/strong>:<\/mark> Atribui a terceiro compet\u00eancia, com (delega\u00e7\u00e3o vertical) ou sem (delega\u00e7\u00e3o horizontal) hierarquia<\/li>\n\n\n\n<li><strong><span class=\"has-inline-color has-vivid-purple-color\">Avoca\u00e7\u00e3o:<\/span><\/strong> Superior atrai compet\u00eancia do subordinado.<\/li>\n<\/ul>\n\n\n\n<h2 class=\"wp-block-heading\" id=\"h-dos-impedimentos-e-da-suspeicao\">Dos impedimentos e da suspei\u00e7\u00e3o<\/h2>\n\n\n\n<p>\u00c9 muito importante compreender a diferen\u00e7a entre impedimento e suspei\u00e7\u00e3o. Esta (suspei\u00e7\u00e3o) ocorre devido a amizade\/inimizada, trata-se de um crit\u00e9rio mais subjetivo, enquanto aquele (impedimento) ocorre de forma bem mais objetiva (ex: servidor que participou como perito).<\/p>\n\n\n\n<p><em>Art. 18. \u00c9 <\/em><strong><em><span class=\"has-inline-color has-vivid-cyan-blue-color\">impedido <\/span>de atuar<\/em><\/strong><em> em processo administrativo o <\/em><strong><em>servidor<\/em><\/strong><em> ou autoridade que:<\/em><\/p>\n\n\n\n<p><em>I &#8211; tenha <\/em><strong><em><span class=\"has-inline-color has-vivid-green-cyan-color\">interesse<\/span><\/em><\/strong><em> direto ou indireto na <\/em><strong><em><span class=\"has-inline-color has-vivid-green-cyan-color\">mat\u00e9ria<\/span><\/em><\/strong><em>;<\/em><\/p>\n\n\n\n<p><em>II &#8211; tenha <\/em><strong><em><span class=\"has-inline-color has-vivid-green-cyan-color\">participado<\/span><\/em><\/strong><em> ou venha a participar como <\/em><strong><em><span class=\"has-inline-color has-vivid-green-cyan-color\">perito, testemunha<\/span> ou <span class=\"has-inline-color has-vivid-green-cyan-color\">representante<\/span><\/em><\/strong><em>, ou se tais situa\u00e7\u00f5es ocorrem quanto ao <strong>c\u00f4njuge<\/strong>, companheiro ou <strong>parente<\/strong> e afins at\u00e9 o <strong>terceiro grau<\/strong>;<\/em><\/p>\n\n\n\n<p><em>III &#8211; <\/em><strong><span class=\"has-inline-color has-vivid-green-cyan-color\"><em>esteja<\/em><\/span><\/strong><em><span class=\"has-inline-color has-vivid-green-cyan-color\"> <\/span><\/em><strong><span class=\"has-inline-color has-vivid-green-cyan-color\"><em>litigando<\/em><\/span><\/strong><em> judicial ou administrativamente <\/em><strong><em><span class=\"has-inline-color has-vivid-green-cyan-color\">com o interessado<\/span><\/em><\/strong><em> <u>ou respectivo c\u00f4njuge<\/u> ou companheiro.<\/em><\/p>\n\n\n\n<p><em>Art. 20. <\/em><strong><em>Pode ser arg\u00fcida a <\/em><span class=\"has-inline-color has-vivid-cyan-blue-color\"><em>suspei\u00e7\u00e3o<\/em><\/span><\/strong><em><span class=\"has-inline-color has-vivid-cyan-blue-color\"> <\/span>de autoridade ou servidor que tenha <\/em><strong><em><span class=\"has-inline-color has-vivid-green-cyan-color\">amizade \u00edntima<\/span><\/em><\/strong><em> ou <\/em><strong><em><span class=\"has-inline-color has-vivid-green-cyan-color\">inimizade not\u00f3ria<\/span><\/em><\/strong><em> com algum dos interessados ou com os respectivos c\u00f4njuges, companheiros, parentes e afins at\u00e9 o terceiro grau.<\/em><\/p>\n\n\n\n<p>Pela subjetividade da suspei\u00e7\u00e3o, os efeitos do recurso em um poss\u00edvel indeferimento correm sem efeito suspensivo.<\/p>\n\n\n\n<p><em>Art. 21. O <\/em><strong><span class=\"has-inline-color has-vivid-cyan-blue-color\"><em>indeferimento<\/em><\/span><\/strong><em><span class=\"has-inline-color has-vivid-cyan-blue-color\"> <\/span>de alega\u00e7\u00e3o de <\/em><strong><span class=\"has-inline-color has-vivid-cyan-blue-color\"><em>suspei\u00e7\u00e3o<\/em><\/span><\/strong><em><span class=\"has-inline-color has-vivid-cyan-blue-color\"> <\/span><strong>poder\u00e1 ser objeto de recurso<\/strong>, <\/em><strong><em><span class=\"has-inline-color has-vivid-red-color\"><u>sem<\/u><\/span><\/em><\/strong><em><u><span class=\"has-inline-color has-vivid-red-color\"> <\/span>efeito suspensivo.<\/u><\/em><\/p>\n\n\n\n<p><strong><span class=\"has-inline-color has-cyan-bluish-gray-color\">Bizu<\/span>: <\/strong>O <strong><span class=\"has-inline-color has-vivid-red-color\">P<\/span><\/strong>erito \u00e9 im<strong><span class=\"has-inline-color has-vivid-red-color\">p<\/span><\/strong>edido e o <span class=\"has-inline-color has-vivid-purple-color\"><strong>amigo<\/strong> <\/span>\u00e9 <strong><span class=\"has-inline-color has-vivid-purple-color\">suspeito<\/span><\/strong>.<\/p>\n\n\n\n<h2 class=\"wp-block-heading\" id=\"h-da-forma-tempo-e-lugar-dos-atos-do-processo\">Da forma, tempo e lugar dos atos do processo<\/h2>\n\n\n\n<h3 class=\"wp-block-heading\" id=\"h-forma\">Forma<\/h3>\n\n\n\n<p>Vimos no artigo 6, por exemplo, que o requerimento inicial do interessado poderia ser realizado solicita\u00e7\u00e3o oral nos casos admitidos, demonstrando o \u201cdesapego\u201d do formalismo no processo. O processo administrativo federal \u00e9 regido pelo princ\u00edpio do formalismo moderado.<\/p>\n\n\n\n<p><em>Art. 22. Os <\/em><strong><em>atos do processo<\/em><\/strong><em> administrativo <strong><span class=\"has-inline-color has-vivid-cyan-blue-color\">n\u00e3o dependem de forma<\/span> determinada<\/strong> <u><span class=\"has-inline-color has-vivid-red-color\"><strong>sen\u00e3o <\/strong><\/span>quando a lei expressamente a exigir.<\/u><\/em><\/p>\n\n\n\n<h3 class=\"wp-block-heading\" id=\"h-tempo\">Tempo<\/h3>\n\n\n\n<p>Os atos ser\u00e3o realizados em dias \u00fateis em hor\u00e1rio normal de funcionamento, sendo poss\u00edvel conclu\u00ed-los depois do hor\u00e1rio, no caso de dano ou preju\u00edzo.<\/p>\n\n\n\n<p><em>Art. 23. Os <\/em><strong><em>atos<\/em><\/strong><em> do processo devem <\/em><strong><em><span class=\"has-inline-color has-vivid-cyan-blue-color\">realizar-se em dias \u00fateis<\/span><\/em><\/strong><em>, no <\/em><strong><span class=\"has-inline-color has-vivid-cyan-blue-color\"><em>hor\u00e1rio normal<\/em><\/span><\/strong><em><span class=\"has-inline-color has-vivid-cyan-blue-color\"> <\/span>de funcionamento <strong>da reparti\u00e7\u00e3o na qual tramitar o processo.<\/strong><\/em><\/p>\n\n\n\n<p><em>Par\u00e1grafo \u00fanico. Ser\u00e3o <\/em><strong><span class=\"has-inline-color has-vivid-green-cyan-color\"><em>conclu\u00eddos depois do hor\u00e1rio normal<\/em><\/span><\/strong><em><span class=\"has-inline-color has-vivid-green-cyan-color\"> <\/span>os <strong>atos j\u00e1 iniciados<\/strong>, <strong>cujo adiamento <span class=\"has-inline-color has-vivid-purple-color\">prejudique <\/span><\/strong>o curso regular do procedimento <strong>ou <span class=\"has-inline-color has-vivid-purple-color\">cause dano<\/span><\/strong> ao interessado ou \u00e0 Administra\u00e7\u00e3o.<\/em><\/p>\n\n\n\n<h3 class=\"wp-block-heading\" id=\"h-lugar\">Lugar<\/h3>\n\n\n\n<p>J\u00e1 o local dos atos dever\u00e1 ser preferencialmente na sede do \u00f3rg\u00e3o, sendo poss\u00edvel em outro local, desde que cientifique o interessado.<\/p>\n\n\n\n<p><em>Art. 25. Os <\/em><strong><em>atos<\/em><\/strong><em> do processo devem realizar-se <\/em><strong><em><span class=\"has-inline-color has-vivid-red-color\">preferencialmente <\/span><span class=\"has-inline-color has-vivid-cyan-blue-color\">na sede do \u00f3rg\u00e3o<\/span><\/em><\/strong><em>, <strong>cientificando-se o interessado se outro<\/strong> for o <strong>local<\/strong> de realiza\u00e7\u00e3o.<\/em><\/p>\n\n\n\n<h2 class=\"wp-block-heading\" id=\"h-da-comunicacao-dos-atos\">Da comunica\u00e7\u00e3o dos atos<\/h2>\n\n\n\n<p>O interessado deve conhecer os andamentos do processo e \u00e9 exatamente para que que serve a intima\u00e7\u00e3o, dar ci\u00eancia ao interessado.<\/p>\n\n\n\n<p><em>Art. 26. O <\/em><strong><span class=\"has-inline-color has-vivid-cyan-blue-color\"><em>\u00f3rg\u00e3o<\/em><\/span><\/strong><em><span class=\"has-inline-color has-vivid-cyan-blue-color\"> <\/span>competente perante o qual <\/em><strong><em>tramita o processo<\/em><\/strong><em> administrativo <\/em><strong><span class=\"has-inline-color has-vivid-cyan-blue-color\"><em>determinar\u00e1<\/em><\/span><\/strong><em><span class=\"has-inline-color has-vivid-cyan-blue-color\"> <strong>a<\/strong> <\/span><\/em><strong><span class=\"has-inline-color has-vivid-cyan-blue-color\"><em>intima\u00e7\u00e3o<\/em><\/span><\/strong><em> <strong>do interessado<\/strong> para <strong>ci\u00eancia de decis\u00e3o ou a efetiva\u00e7\u00e3o de dilig\u00eancias<\/strong>.<\/em><\/p>\n\n\n\n<p><em>Art. 28. <strong><span class=\"has-inline-color has-vivid-cyan-blue-color\">Devem ser objeto de intima\u00e7\u00e3o<\/span> os atos<\/strong> do processo que <strong>resultem para o interessado<\/strong> em <strong><span class=\"has-inline-color has-vivid-green-cyan-color\">imposi\u00e7\u00e3o de deveres, \u00f4nus, san\u00e7\u00f5es<\/span> <\/strong>ou<strong> <\/strong><span class=\"has-inline-color has-vivid-green-cyan-color\"><strong>restri\u00e7\u00e3o<\/strong> <\/span>ao exerc\u00edcio de direitos e atividades e os <span class=\"has-inline-color has-vivid-green-cyan-color\"><strong>atos de outra natureza, de seu interesse<\/strong>.<\/span><\/em><\/p>\n\n\n\n<p>Assim, a Lei apresenta formas de se realizar a intima\u00e7\u00e3o, importante perceber que n\u00e3o h\u00e1 ordem de prefer\u00eancia entre os meios.<\/p>\n\n\n\n<p><em>Art. 26, <\/em>\u00a7 3<sup>o<\/sup>&nbsp;A intima\u00e7\u00e3o <strong><span class=\"has-inline-color has-vivid-green-cyan-color\">pode ser efetuada<\/span><\/strong> por <strong><span class=\"has-inline-color has-vivid-purple-color\">ci\u00eancia no processo<\/span><\/strong>, por <span class=\"has-inline-color has-vivid-purple-color\"><strong>via postal<\/strong> <\/span>c<strong>om aviso de recebimento<\/strong>, por <span class=\"has-inline-color has-vivid-purple-color\"><strong>telegrama<\/strong> <\/span>ou <strong><span class=\"has-inline-color has-vivid-purple-color\">outro meio<\/span><\/strong> que assegure a certeza da ci\u00eancia do interessado. <\/p>\n\n\n\n<p>Sendo poss\u00edvel, ainda, a utiliza\u00e7\u00e3o de publica\u00e7\u00e3o oficial no caso de interessado indeterminado ou com domic\u00edlio indefinido.<\/p>\n\n\n\n<p><em>Art. 26,<\/em> <em>\u00a7 4<u><sup>o<\/sup><\/u>&nbsp;No caso de <\/em><strong><em>interessados indeterminados<\/em><\/strong><em>, desconhecidos ou com <\/em><strong><em>domic\u00edlio indefinido<\/em><\/strong><em>, a <strong>intima\u00e7\u00e3o<\/strong> deve ser efetuada por meio de <span class=\"has-inline-color has-vivid-green-cyan-color\"><strong>publica\u00e7\u00e3o oficial<\/strong>.<\/span><\/em><\/p>\n\n\n\n<p>Aten\u00e7\u00e3o, pois a intima\u00e7\u00e3o nula pode ser suprida no comparecimento do administrado, consagrando o princ\u00edpio da economia processual.<\/p>\n\n\n\n<p><em><\/em><em>Art. 26,<\/em> <em>\u00a7 5<u><sup>o<\/sup><\/u>&nbsp;As <\/em><strong><span class=\"has-inline-color has-vivid-green-cyan-color\"><em>intima\u00e7\u00f5es<\/em><\/span><\/strong><em><span class=\"has-inline-color has-vivid-green-cyan-color\"> <\/span>ser\u00e3o <\/em><strong><span class=\"has-inline-color has-vivid-green-cyan-color\"><em>nulas<\/em><\/span><\/strong><em><span class=\"has-inline-color has-vivid-green-cyan-color\"> <\/span>quando feitas <\/em><strong><em>sem<\/em><\/strong><em> <\/em><strong><em>observ\u00e2ncia<\/em><\/strong><em> das <\/em><strong><em>prescri\u00e7\u00f5es legais<\/em><\/strong><em>, <strong>mas<\/strong> o <strong>comparecimento do administrado <\/strong><\/em><strong><em><span class=\"has-inline-color has-vivid-red-color\">supre <\/span>sua falta ou irregularidade<\/em><\/strong><em>.<\/em><\/p>\n\n\n\n<p>Por fim, ainda \u00e9 v\u00e1lido ressaltar que o desatendimento da intima\u00e7\u00e3o n\u00e3o implica em culpa ou ren\u00fancia de direito pelo administrado, conforme o princ\u00edpio da verdade material. &nbsp;<\/p>\n\n\n\n<p><em>Art. 27. O <\/em><strong><span class=\"has-inline-color has-vivid-cyan-blue-color\"><em>desatendimento<\/em><\/span><\/strong><em><span class=\"has-inline-color has-vivid-cyan-blue-color\"> <\/span>da <\/em><strong><span class=\"has-inline-color has-vivid-cyan-blue-color\"><em>intima\u00e7\u00e3o<\/em><\/span><\/strong><em><span class=\"has-inline-color has-vivid-cyan-blue-color\"> <\/span><\/em><strong><em><span class=\"has-inline-color has-vivid-red-color\">n\u00e3o <\/span>importa o reconhecimento da verdade<\/em><\/strong><em> dos fatos, <strong>nem a ren\u00fancia a direito pelo administrado<\/strong>.<\/em><\/p>\n\n\n\n<h2 class=\"wp-block-heading\" id=\"h-consideracoes-finais\">Considera\u00e7\u00f5es Finais<\/h2>\n\n\n\n<p>Chegamos ao final da Lei do processo administrativo federal parte 1, espero que tenham gostado.<\/p>\n\n\n\n<p>Como sugest\u00e3o deixo um v\u00eddeo bem esclarecedor do Prof. Herbert Almeida sobre o processo no canal do Youtube do Estrat\u00e9gia.<\/p>\n\n\n\n<p class=\"has-text-align-center\"><a href=\"https:\/\/youtu.be\/JvyuHXnHWZM\" target=\"_blank\" rel=\"noreferrer noopener\">Lei 9.784-99: Processo Administrativo Federal &#8211; Prof. Herbert Almeida<\/a><\/p>\n\n\n\n<p>At\u00e9 mais e bons estudos!<\/p>\n\n\n\n<p class=\"has-text-align-center\"><em><strong>Assinatura Anual Ilimitada*<\/strong><\/em><\/p>\n\n\n\n<p class=\"has-text-align-center\"><em>Prepare-se com o melhor material e com quem mais aprova em Concursos P\u00fablicos em todo o pa\u00eds. Assine agora a nossa Assinatura Anual e tenha acesso ilimitado* a todos os nossos cursos.<\/em><\/p>\n\n\n\n<p class=\"has-text-align-center has-light-green-cyan-background-color has-background\"><strong>ASSINE AGORA<\/strong>&nbsp;\u2013&nbsp;<strong><a rel=\"noreferrer noopener\" href=\"https:\/\/www.estrategiaconcursos.com.br\/assinaturas\" target=\"_blank\">Assinatura Ilimitada<\/a><\/strong><\/p>\n\n\n\n<p class=\"has-text-align-center\"><strong><em><strong>Sistema de Quest\u00f5es<\/strong><\/em><\/strong><\/p>\n\n\n\n<p class=\"has-text-align-center\"><em>Estrat\u00e9gia Quest\u00f5es nasceu maior do que todos os concorrentes, com mais quest\u00f5es cadastradas e mais solu\u00e7\u00f5es por professores. Ent\u00e3o, confira e aproveite os descontos e b\u00f4nus imperd\u00edveis!<\/em><\/p>\n\n\n\n<p class=\"has-text-align-center has-vivid-green-cyan-background-color has-background\"><strong>ASSINE AGORA \u2013&nbsp;<a rel=\"noreferrer noopener\" href=\"https:\/\/www.estrategiaconcursos.com.br\/cursosPorConcurso\/sistema-de-questoes\/#\/\" target=\"_blank\">Sistema de Quest\u00f5es<\/a><\/strong><\/p>\n\n\n\n<p class=\"has-text-align-center\"><strong><em>Fique por dentro dos concursos em aberto<\/em><\/strong><\/p>\n\n\n\n<p class=\"has-text-align-center has-pale-cyan-blue-background-color has-background\"><a rel=\"noreferrer noopener\" href=\"https:\/\/www.estrategiaconcursos.com.br\/blog\/concursos-abertos\/\" target=\"_blank\"><strong>CONCURSOS ABERTOS<\/strong><\/a><\/p>\n\n\n\n<p class=\"has-text-align-center\"><strong><em>As oportunidades previstas<\/em><\/strong><\/p>\n\n\n\n<p class=\"has-text-align-center has-pale-cyan-blue-background-color has-background\"><a rel=\"noreferrer noopener\" href=\"https:\/\/www.estrategiaconcursos.com.br\/blog\/concursos-2020\/\" target=\"_blank\"><strong>CONCURSOS&nbsp;2020<\/strong><\/a><\/p>\n\n\n\n<p class=\"has-text-align-center has-pale-cyan-blue-background-color has-background\"><a rel=\"noreferrer noopener\" href=\"https:\/\/www.estrategiaconcursos.com.br\/blog\/concursos-2021\/\" target=\"_blank\"><strong>CONCURSOS 2021<\/strong><\/a><\/p>\n","protected":false},"excerpt":{"rendered":"<p>Ol\u00e1, pessoal. No artigo de hoje abordaremos a Lei do Processo Administrativo Federal (Lei 9784\/99). &nbsp;Devido \u00e0 extens\u00e3o do tema, veremos em dois artigos. Vamos l\u00e1? Disposi\u00e7\u00f5es Gerais Antes de adentrarmos na Lei, entenda o processo administrativo como uma s\u00e9rie de atos sequenciais e coordenados com o objetivo de realiza\u00e7\u00e3o de um fim estatal, como [&hellip;]<\/p>\n","protected":false},"author":1763,"featured_media":576648,"comment_status":"open","ping_status":"closed","sticky":false,"template":"","format":"standard","meta":{"post_tipo":"article","footnotes":""},"categories":[1,214992,1983,2185,2017,1988],"tags":[],"tax_estado":[],"class_list":["post-576171","post","type-post","status-publish","format-standard","has-post-thumbnail","hentry","category-cursos-e-concursos","category-concursos-administrativos","category-fiscal-estadual","category-carreiras-juridicas","category-concursos-legislativos","category-policia"],"acf":[],"yoast_head":"<!-- This site is optimized with the Yoast SEO Premium plugin v27.2 (Yoast SEO v27.2) - https:\/\/yoast.com\/product\/yoast-seo-premium-wordpress\/ -->\n<title>Processo administrativo federal - Lei 9.784\/99 \u2013 parte 1<\/title>\n<meta name=\"description\" content=\"Veja nesse artigo a Lei do Processo administrativo federal (Lei 9.784\/99) e gabarite as quest\u00f5es relativatas ao assunto em sua prova de concurso.\" \/>\n<meta name=\"robots\" content=\"index, follow, max-snippet:-1, max-image-preview:large, max-video-preview:-1\" \/>\n<link rel=\"canonical\" href=\"https:\/\/www.estrategiaconcursos.com.br\/blog\/processo-administrativo-federal-lei-9-784-99-parte-1\/\" \/>\n<meta property=\"og:locale\" content=\"pt_BR\" \/>\n<meta property=\"og:type\" content=\"article\" \/>\n<meta property=\"og:title\" content=\"Processo administrativo federal - Lei 9.784\/99 \u2013 parte 1\" \/>\n<meta property=\"og:description\" content=\"Veja nesse artigo a Lei do Processo administrativo federal (Lei 9.784\/99) e gabarite as quest\u00f5es relativatas ao assunto em sua prova de concurso.\" \/>\n<meta property=\"og:url\" content=\"https:\/\/www.estrategiaconcursos.com.br\/blog\/processo-administrativo-federal-lei-9-784-99-parte-1\/\" \/>\n<meta property=\"og:site_name\" content=\"Estrat\u00e9gia Concursos\" \/>\n<meta property=\"article:published_time\" content=\"2020-10-01T23:00:00+00:00\" \/>\n<meta property=\"article:modified_time\" content=\"2023-03-06T13:57:42+00:00\" \/>\n<meta property=\"og:image\" content=\"https:\/\/dhg1h5j42swfq.cloudfront.net\/2020\/09\/23132637\/direito-administrativo-300x158-1.jpg\" \/>\n\t<meta property=\"og:image:width\" content=\"300\" \/>\n\t<meta property=\"og:image:height\" content=\"158\" \/>\n\t<meta property=\"og:image:type\" content=\"image\/jpeg\" \/>\n<meta name=\"author\" content=\"Leonardo Menezes Passarin\" \/>\n<meta name=\"twitter:card\" content=\"summary_large_image\" \/>\n<meta name=\"twitter:creator\" content=\"@EstratConcursos\" \/>\n<meta name=\"twitter:site\" content=\"@EstratConcursos\" \/>\n<meta name=\"twitter:label1\" content=\"Escrito por\" \/>\n\t<meta name=\"twitter:data1\" content=\"Leonardo Menezes Passarin\" \/>\n\t<meta name=\"twitter:label2\" content=\"Est. tempo de leitura\" \/>\n\t<meta name=\"twitter:data2\" content=\"10 minutos\" \/>\n<script type=\"application\/ld+json\" class=\"yoast-schema-graph\">{\"@context\":\"https:\/\/schema.org\",\"@graph\":[{\"@type\":\"NewsArticle\",\"@id\":\"https:\/\/www.estrategiaconcursos.com.br\/blog\/processo-administrativo-federal-lei-9-784-99-parte-1\/#article\",\"isPartOf\":{\"@id\":\"https:\/\/www.estrategiaconcursos.com.br\/blog\/processo-administrativo-federal-lei-9-784-99-parte-1\/\"},\"author\":{\"name\":\"Leonardo Menezes Passarin\",\"@id\":\"https:\/\/www.estrategiaconcursos.com.br\/blog\/#\/schema\/person\/245b44e43eb13f0dbd04a7a078cd0d0d\"},\"headline\":\"Processo administrativo federal &#8211; Lei 9.784\/99 \u2013 parte 1\",\"datePublished\":\"2020-10-01T23:00:00+00:00\",\"dateModified\":\"2023-03-06T13:57:42+00:00\",\"mainEntityOfPage\":{\"@id\":\"https:\/\/www.estrategiaconcursos.com.br\/blog\/processo-administrativo-federal-lei-9-784-99-parte-1\/\"},\"wordCount\":1941,\"commentCount\":0,\"publisher\":{\"@id\":\"https:\/\/www.estrategiaconcursos.com.br\/blog\/#organization\"},\"image\":{\"@id\":\"https:\/\/www.estrategiaconcursos.com.br\/blog\/processo-administrativo-federal-lei-9-784-99-parte-1\/#primaryimage\"},\"thumbnailUrl\":\"https:\/\/dhg1h5j42swfq.cloudfront.net\/2020\/09\/23132637\/direito-administrativo-300x158-1.jpg\",\"articleSection\":[\"Concursos P\u00fablicos\",\"Executivo (Administrativa)\",\"Fiscal - Estadual (ICMS)\",\"Jur\u00eddico\",\"Legislativo\",\"Policial (Agente, Escriv\u00e3o e Investigador)\"],\"inLanguage\":\"pt-BR\",\"potentialAction\":[{\"@type\":\"CommentAction\",\"name\":\"Comment\",\"target\":[\"https:\/\/www.estrategiaconcursos.com.br\/blog\/processo-administrativo-federal-lei-9-784-99-parte-1\/#respond\"]}],\"copyrightYear\":\"2020\",\"copyrightHolder\":{\"@id\":\"https:\/\/www.estrategiaconcursos.com.br\/blog\/#organization\"}},{\"@type\":\"WebPage\",\"@id\":\"https:\/\/www.estrategiaconcursos.com.br\/blog\/processo-administrativo-federal-lei-9-784-99-parte-1\/\",\"url\":\"https:\/\/www.estrategiaconcursos.com.br\/blog\/processo-administrativo-federal-lei-9-784-99-parte-1\/\",\"name\":\"Processo administrativo federal - Lei 9.784\/99 \u2013 parte 1\",\"isPartOf\":{\"@id\":\"https:\/\/www.estrategiaconcursos.com.br\/blog\/#website\"},\"primaryImageOfPage\":{\"@id\":\"https:\/\/www.estrategiaconcursos.com.br\/blog\/processo-administrativo-federal-lei-9-784-99-parte-1\/#primaryimage\"},\"image\":{\"@id\":\"https:\/\/www.estrategiaconcursos.com.br\/blog\/processo-administrativo-federal-lei-9-784-99-parte-1\/#primaryimage\"},\"thumbnailUrl\":\"https:\/\/dhg1h5j42swfq.cloudfront.net\/2020\/09\/23132637\/direito-administrativo-300x158-1.jpg\",\"datePublished\":\"2020-10-01T23:00:00+00:00\",\"dateModified\":\"2023-03-06T13:57:42+00:00\",\"description\":\"Veja nesse artigo a Lei do Processo administrativo federal (Lei 9.784\/99) e gabarite as quest\u00f5es relativatas ao assunto em sua prova de concurso.\",\"breadcrumb\":{\"@id\":\"https:\/\/www.estrategiaconcursos.com.br\/blog\/processo-administrativo-federal-lei-9-784-99-parte-1\/#breadcrumb\"},\"inLanguage\":\"pt-BR\",\"potentialAction\":[{\"@type\":\"ReadAction\",\"target\":[\"https:\/\/www.estrategiaconcursos.com.br\/blog\/processo-administrativo-federal-lei-9-784-99-parte-1\/\"]}]},{\"@type\":\"ImageObject\",\"inLanguage\":\"pt-BR\",\"@id\":\"https:\/\/www.estrategiaconcursos.com.br\/blog\/processo-administrativo-federal-lei-9-784-99-parte-1\/#primaryimage\",\"url\":\"https:\/\/dhg1h5j42swfq.cloudfront.net\/2020\/09\/23132637\/direito-administrativo-300x158-1.jpg\",\"contentUrl\":\"https:\/\/dhg1h5j42swfq.cloudfront.net\/2020\/09\/23132637\/direito-administrativo-300x158-1.jpg\",\"width\":300,\"height\":158},{\"@type\":\"BreadcrumbList\",\"@id\":\"https:\/\/www.estrategiaconcursos.com.br\/blog\/processo-administrativo-federal-lei-9-784-99-parte-1\/#breadcrumb\",\"itemListElement\":[{\"@type\":\"ListItem\",\"position\":1,\"name\":\"In\u00edcio\",\"item\":\"https:\/\/www.estrategiaconcursos.com.br\/blog\/\"},{\"@type\":\"ListItem\",\"position\":2,\"name\":\"Processo administrativo federal &#8211; Lei 9.784\/99 \u2013 parte 1\"}]},{\"@type\":\"WebSite\",\"@id\":\"https:\/\/www.estrategiaconcursos.com.br\/blog\/#website\",\"url\":\"https:\/\/www.estrategiaconcursos.com.br\/blog\/\",\"name\":\"Estrat\u00e9gia Concursos\",\"description\":\"O blog da Estrat\u00e9gia Concursos traz not\u00edcias sobre concursos e artigos de professores oferecendo cursos para concursos (pdf + videaulas) no site.\",\"publisher\":{\"@id\":\"https:\/\/www.estrategiaconcursos.com.br\/blog\/#organization\"},\"potentialAction\":[{\"@type\":\"SearchAction\",\"target\":{\"@type\":\"EntryPoint\",\"urlTemplate\":\"https:\/\/www.estrategiaconcursos.com.br\/blog\/?s={search_term_string}\"},\"query-input\":{\"@type\":\"PropertyValueSpecification\",\"valueRequired\":true,\"valueName\":\"search_term_string\"}}],\"inLanguage\":\"pt-BR\"},{\"@type\":\"Organization\",\"@id\":\"https:\/\/www.estrategiaconcursos.com.br\/blog\/#organization\",\"name\":\"Estrat\u00e9gia Concursos\",\"url\":\"https:\/\/www.estrategiaconcursos.com.br\/blog\/\",\"logo\":{\"@type\":\"ImageObject\",\"inLanguage\":\"pt-BR\",\"@id\":\"https:\/\/www.estrategiaconcursos.com.br\/blog\/#\/schema\/logo\/image\/\",\"url\":\"https:\/\/dhg1h5j42swfq.cloudfront.net\/2025\/06\/03203428\/logo_concursos-1.jpg\",\"contentUrl\":\"https:\/\/dhg1h5j42swfq.cloudfront.net\/2025\/06\/03203428\/logo_concursos-1.jpg\",\"width\":230,\"height\":60,\"caption\":\"Estrat\u00e9gia Concursos\"},\"image\":{\"@id\":\"https:\/\/www.estrategiaconcursos.com.br\/blog\/#\/schema\/logo\/image\/\"},\"sameAs\":[\"https:\/\/x.com\/EstratConcursos\"]},{\"@type\":\"Person\",\"@id\":\"https:\/\/www.estrategiaconcursos.com.br\/blog\/#\/schema\/person\/245b44e43eb13f0dbd04a7a078cd0d0d\",\"name\":\"Leonardo Menezes Passarin\",\"image\":{\"@type\":\"ImageObject\",\"inLanguage\":\"pt-BR\",\"@id\":\"https:\/\/secure.gravatar.com\/avatar\/fc0e5714ceaa97f24e6e6a30eab74ba8a701c2b62f8cab100ffdb22c6d8f42c3?s=96&d=mm&r=g\",\"url\":\"https:\/\/secure.gravatar.com\/avatar\/fc0e5714ceaa97f24e6e6a30eab74ba8a701c2b62f8cab100ffdb22c6d8f42c3?s=96&d=mm&r=g\",\"contentUrl\":\"https:\/\/secure.gravatar.com\/avatar\/fc0e5714ceaa97f24e6e6a30eab74ba8a701c2b62f8cab100ffdb22c6d8f42c3?s=96&d=mm&r=g\",\"caption\":\"Leonardo Menezes Passarin\"},\"url\":\"https:\/\/www.estrategiaconcursos.com.br\/blog\/author\/passarin-leonardohotmail-com\/\"}]}<\/script>\n<!-- \/ Yoast SEO Premium plugin. -->","yoast_head_json":{"title":"Processo administrativo federal - Lei 9.784\/99 \u2013 parte 1","description":"Veja nesse artigo a Lei do Processo administrativo federal (Lei 9.784\/99) e gabarite as quest\u00f5es relativatas ao assunto em sua prova de concurso.","robots":{"index":"index","follow":"follow","max-snippet":"max-snippet:-1","max-image-preview":"max-image-preview:large","max-video-preview":"max-video-preview:-1"},"canonical":"https:\/\/www.estrategiaconcursos.com.br\/blog\/processo-administrativo-federal-lei-9-784-99-parte-1\/","og_locale":"pt_BR","og_type":"article","og_title":"Processo administrativo federal - Lei 9.784\/99 \u2013 parte 1","og_description":"Veja nesse artigo a Lei do Processo administrativo federal (Lei 9.784\/99) e gabarite as quest\u00f5es relativatas ao assunto em sua prova de concurso.","og_url":"https:\/\/www.estrategiaconcursos.com.br\/blog\/processo-administrativo-federal-lei-9-784-99-parte-1\/","og_site_name":"Estrat\u00e9gia Concursos","article_published_time":"2020-10-01T23:00:00+00:00","article_modified_time":"2023-03-06T13:57:42+00:00","og_image":[{"width":300,"height":158,"url":"https:\/\/dhg1h5j42swfq.cloudfront.net\/2020\/09\/23132637\/direito-administrativo-300x158-1.jpg","type":"image\/jpeg"}],"author":"Leonardo Menezes Passarin","twitter_card":"summary_large_image","twitter_creator":"@EstratConcursos","twitter_site":"@EstratConcursos","twitter_misc":{"Escrito por":"Leonardo Menezes Passarin","Est. tempo de leitura":"10 minutos"},"schema":{"@context":"https:\/\/schema.org","@graph":[{"@type":"NewsArticle","@id":"https:\/\/www.estrategiaconcursos.com.br\/blog\/processo-administrativo-federal-lei-9-784-99-parte-1\/#article","isPartOf":{"@id":"https:\/\/www.estrategiaconcursos.com.br\/blog\/processo-administrativo-federal-lei-9-784-99-parte-1\/"},"author":{"name":"Leonardo Menezes Passarin","@id":"https:\/\/www.estrategiaconcursos.com.br\/blog\/#\/schema\/person\/245b44e43eb13f0dbd04a7a078cd0d0d"},"headline":"Processo administrativo federal &#8211; Lei 9.784\/99 \u2013 parte 1","datePublished":"2020-10-01T23:00:00+00:00","dateModified":"2023-03-06T13:57:42+00:00","mainEntityOfPage":{"@id":"https:\/\/www.estrategiaconcursos.com.br\/blog\/processo-administrativo-federal-lei-9-784-99-parte-1\/"},"wordCount":1941,"commentCount":0,"publisher":{"@id":"https:\/\/www.estrategiaconcursos.com.br\/blog\/#organization"},"image":{"@id":"https:\/\/www.estrategiaconcursos.com.br\/blog\/processo-administrativo-federal-lei-9-784-99-parte-1\/#primaryimage"},"thumbnailUrl":"https:\/\/dhg1h5j42swfq.cloudfront.net\/2020\/09\/23132637\/direito-administrativo-300x158-1.jpg","articleSection":["Concursos P\u00fablicos","Executivo (Administrativa)","Fiscal - Estadual (ICMS)","Jur\u00eddico","Legislativo","Policial (Agente, Escriv\u00e3o e Investigador)"],"inLanguage":"pt-BR","potentialAction":[{"@type":"CommentAction","name":"Comment","target":["https:\/\/www.estrategiaconcursos.com.br\/blog\/processo-administrativo-federal-lei-9-784-99-parte-1\/#respond"]}],"copyrightYear":"2020","copyrightHolder":{"@id":"https:\/\/www.estrategiaconcursos.com.br\/blog\/#organization"}},{"@type":"WebPage","@id":"https:\/\/www.estrategiaconcursos.com.br\/blog\/processo-administrativo-federal-lei-9-784-99-parte-1\/","url":"https:\/\/www.estrategiaconcursos.com.br\/blog\/processo-administrativo-federal-lei-9-784-99-parte-1\/","name":"Processo administrativo federal - Lei 9.784\/99 \u2013 parte 1","isPartOf":{"@id":"https:\/\/www.estrategiaconcursos.com.br\/blog\/#website"},"primaryImageOfPage":{"@id":"https:\/\/www.estrategiaconcursos.com.br\/blog\/processo-administrativo-federal-lei-9-784-99-parte-1\/#primaryimage"},"image":{"@id":"https:\/\/www.estrategiaconcursos.com.br\/blog\/processo-administrativo-federal-lei-9-784-99-parte-1\/#primaryimage"},"thumbnailUrl":"https:\/\/dhg1h5j42swfq.cloudfront.net\/2020\/09\/23132637\/direito-administrativo-300x158-1.jpg","datePublished":"2020-10-01T23:00:00+00:00","dateModified":"2023-03-06T13:57:42+00:00","description":"Veja nesse artigo a Lei do Processo administrativo federal (Lei 9.784\/99) e gabarite as quest\u00f5es relativatas ao assunto em sua prova de concurso.","breadcrumb":{"@id":"https:\/\/www.estrategiaconcursos.com.br\/blog\/processo-administrativo-federal-lei-9-784-99-parte-1\/#breadcrumb"},"inLanguage":"pt-BR","potentialAction":[{"@type":"ReadAction","target":["https:\/\/www.estrategiaconcursos.com.br\/blog\/processo-administrativo-federal-lei-9-784-99-parte-1\/"]}]},{"@type":"ImageObject","inLanguage":"pt-BR","@id":"https:\/\/www.estrategiaconcursos.com.br\/blog\/processo-administrativo-federal-lei-9-784-99-parte-1\/#primaryimage","url":"https:\/\/dhg1h5j42swfq.cloudfront.net\/2020\/09\/23132637\/direito-administrativo-300x158-1.jpg","contentUrl":"https:\/\/dhg1h5j42swfq.cloudfront.net\/2020\/09\/23132637\/direito-administrativo-300x158-1.jpg","width":300,"height":158},{"@type":"BreadcrumbList","@id":"https:\/\/www.estrategiaconcursos.com.br\/blog\/processo-administrativo-federal-lei-9-784-99-parte-1\/#breadcrumb","itemListElement":[{"@type":"ListItem","position":1,"name":"In\u00edcio","item":"https:\/\/www.estrategiaconcursos.com.br\/blog\/"},{"@type":"ListItem","position":2,"name":"Processo administrativo federal &#8211; Lei 9.784\/99 \u2013 parte 1"}]},{"@type":"WebSite","@id":"https:\/\/www.estrategiaconcursos.com.br\/blog\/#website","url":"https:\/\/www.estrategiaconcursos.com.br\/blog\/","name":"Estrat\u00e9gia Concursos","description":"O blog da Estrat\u00e9gia Concursos traz not\u00edcias sobre concursos e artigos de professores oferecendo cursos para concursos (pdf + videaulas) no site.","publisher":{"@id":"https:\/\/www.estrategiaconcursos.com.br\/blog\/#organization"},"potentialAction":[{"@type":"SearchAction","target":{"@type":"EntryPoint","urlTemplate":"https:\/\/www.estrategiaconcursos.com.br\/blog\/?s={search_term_string}"},"query-input":{"@type":"PropertyValueSpecification","valueRequired":true,"valueName":"search_term_string"}}],"inLanguage":"pt-BR"},{"@type":"Organization","@id":"https:\/\/www.estrategiaconcursos.com.br\/blog\/#organization","name":"Estrat\u00e9gia Concursos","url":"https:\/\/www.estrategiaconcursos.com.br\/blog\/","logo":{"@type":"ImageObject","inLanguage":"pt-BR","@id":"https:\/\/www.estrategiaconcursos.com.br\/blog\/#\/schema\/logo\/image\/","url":"https:\/\/dhg1h5j42swfq.cloudfront.net\/2025\/06\/03203428\/logo_concursos-1.jpg","contentUrl":"https:\/\/dhg1h5j42swfq.cloudfront.net\/2025\/06\/03203428\/logo_concursos-1.jpg","width":230,"height":60,"caption":"Estrat\u00e9gia Concursos"},"image":{"@id":"https:\/\/www.estrategiaconcursos.com.br\/blog\/#\/schema\/logo\/image\/"},"sameAs":["https:\/\/x.com\/EstratConcursos"]},{"@type":"Person","@id":"https:\/\/www.estrategiaconcursos.com.br\/blog\/#\/schema\/person\/245b44e43eb13f0dbd04a7a078cd0d0d","name":"Leonardo Menezes Passarin","image":{"@type":"ImageObject","inLanguage":"pt-BR","@id":"https:\/\/secure.gravatar.com\/avatar\/fc0e5714ceaa97f24e6e6a30eab74ba8a701c2b62f8cab100ffdb22c6d8f42c3?s=96&d=mm&r=g","url":"https:\/\/secure.gravatar.com\/avatar\/fc0e5714ceaa97f24e6e6a30eab74ba8a701c2b62f8cab100ffdb22c6d8f42c3?s=96&d=mm&r=g","contentUrl":"https:\/\/secure.gravatar.com\/avatar\/fc0e5714ceaa97f24e6e6a30eab74ba8a701c2b62f8cab100ffdb22c6d8f42c3?s=96&d=mm&r=g","caption":"Leonardo Menezes Passarin"},"url":"https:\/\/www.estrategiaconcursos.com.br\/blog\/author\/passarin-leonardohotmail-com\/"}]}},"_links":{"self":[{"href":"https:\/\/www.estrategiaconcursos.com.br\/blog\/wp-json\/wp\/v2\/posts\/576171","targetHints":{"allow":["GET"]}}],"collection":[{"href":"https:\/\/www.estrategiaconcursos.com.br\/blog\/wp-json\/wp\/v2\/posts"}],"about":[{"href":"https:\/\/www.estrategiaconcursos.com.br\/blog\/wp-json\/wp\/v2\/types\/post"}],"author":[{"embeddable":true,"href":"https:\/\/www.estrategiaconcursos.com.br\/blog\/wp-json\/wp\/v2\/users\/1763"}],"replies":[{"embeddable":true,"href":"https:\/\/www.estrategiaconcursos.com.br\/blog\/wp-json\/wp\/v2\/comments?post=576171"}],"version-history":[{"count":11,"href":"https:\/\/www.estrategiaconcursos.com.br\/blog\/wp-json\/wp\/v2\/posts\/576171\/revisions"}],"predecessor-version":[{"id":1181995,"href":"https:\/\/www.estrategiaconcursos.com.br\/blog\/wp-json\/wp\/v2\/posts\/576171\/revisions\/1181995"}],"wp:featuredmedia":[{"embeddable":true,"href":"https:\/\/www.estrategiaconcursos.com.br\/blog\/wp-json\/wp\/v2\/media\/576648"}],"wp:attachment":[{"href":"https:\/\/www.estrategiaconcursos.com.br\/blog\/wp-json\/wp\/v2\/media?parent=576171"}],"wp:term":[{"taxonomy":"category","embeddable":true,"href":"https:\/\/www.estrategiaconcursos.com.br\/blog\/wp-json\/wp\/v2\/categories?post=576171"},{"taxonomy":"post_tag","embeddable":true,"href":"https:\/\/www.estrategiaconcursos.com.br\/blog\/wp-json\/wp\/v2\/tags?post=576171"},{"taxonomy":"tax_estado","embeddable":true,"href":"https:\/\/www.estrategiaconcursos.com.br\/blog\/wp-json\/wp\/v2\/tax_estado?post=576171"}],"curies":[{"name":"wp","href":"https:\/\/api.w.org\/{rel}","templated":true}]}}