{"id":576159,"date":"2020-09-22T18:04:06","date_gmt":"2020-09-22T21:04:06","guid":{"rendered":"https:\/\/www.estrategiaconcursos.com.br\/blog\/?p=576159"},"modified":"2023-07-05T09:30:46","modified_gmt":"2023-07-05T12:30:46","slug":"presidente-banco-do-brasil-descarta-privatizacao","status":"publish","type":"post","link":"https:\/\/www.estrategiaconcursos.com.br\/blog\/presidente-banco-do-brasil-descarta-privatizacao\/","title":{"rendered":"Novo presidente do Banco do Brasil descarta privatiza\u00e7\u00e3o. Confira!"},"content":{"rendered":"\n<p>Ap\u00f3s o ex-presidente do Banco do Brasil, Rubem Novaes, renunciar ao cargo na \u00faltima segunda-feira (21), o novo presidente do BB, Andr\u00e9 Brand\u00e3o, descartou a privatiza\u00e7\u00e3o do banco. <\/p>\n\n\n\n<p>Em entrevista para a ANABB (Associa\u00e7\u00e3o Nacional dos Funcion\u00e1rios do Bando do Brasil), Brand\u00e3o refor\u00e7ou que a decis\u00e3o [de venda] deveria partir dos acionistas do Banco do Brasil e fez quest\u00e3o de reiterar que as <a rel=\"noreferrer noopener\" href=\"https:\/\/www.estrategiaconcursos.com.br\/blog\/bolsonaro-privatizacao-estatais\/\" target=\"_blank\">recentes falas do presidente Jair Bolsonaro descartam, durante o seu governo, a venda<\/a>. <\/p>\n\n\n\n<blockquote class=\"wp-block-quote is-layout-flow wp-block-quote-is-layout-flow\">\n<p>&#8220;O Banco do Brasil \u00e9 muito importante. O que eu quero \u00e9 que ele seja o banco que os clientes tenham prazer em ter relacionamento, o banco que tem uma experi\u00eancia com o cliente superior aos outros e, evidentemente, com produtos. Com isso, o Banco vai ser mais eficiente, vai ganhar mais dinheiro. Espero que o Banco continue com essa caracter\u00edstica de ser dominante em v\u00e1rias \u00e1reas e com uma parcela do mercado substancial e que espero que cres\u00e7a&#8221;, pontuou o executivo.<\/p>\n<\/blockquote>\n\n\n\n<p>Durante a gest\u00e3o de Novaes, a realiza\u00e7\u00e3o do novo concurso chegou a ser colocada em d\u00favida, j\u00e1 que por diversas vezes fora manifestada a inten\u00e7\u00e3o de que a institui\u00e7\u00e3o deveria, sim, ser vendida para a iniciativa privada.<\/p>\n\n\n\n<p>A afirma\u00e7\u00e3o do novo presidente do BB renova as esperan\u00e7as dos concurseiros que est\u00e3o de olho nas oportunidades do pr\u00f3ximo certame e indica que os tr\u00e2mites para o novo concurso poder\u00e3o ser acelerados.<\/p>\n\n\n\n<p>De acordo com informa\u00e7\u00f5es extraoficiais,&nbsp;<strong>120 vagas est\u00e3o previstas<\/strong>&nbsp;para Tecnologia da Informa\u00e7\u00e3o, em regime&nbsp;<strong>home office<\/strong>. <\/p>\n\n\n\n<p>Sobre a modalidade, ainda in\u00e9dita nas carreiras do Banco do Brasil, o novo presidente declarou: <strong><em>&#8220;A ag\u00eancia tem que continuar na ag\u00eancia. Tem \u00e1reas que precisam estar na matriz ou nos escrit\u00f3rios, mas tem situa\u00e7\u00f5es que a gente pode ter um pouco mais de flexibilidade. Eu acho que a principal coisa que eu aprendi nesse processo, que a gente acelerou por causa da pandemia no home office, \u00e9 proporcionar flexibilidade para o nosso colaborador.&#8221;<\/em><\/strong><\/p>\n\n\n\n<p>Com o certame, o BB busca tornar sua \u00e1rea de tecnologia cada vez mais mais competitiva em rela\u00e7\u00e3o aos bancos concorrentes, que investem cada vez mais em opera\u00e7\u00f5es digitais de seus neg\u00f3cios, e atraentes para seus correntistas.<\/p>\n\n\n\n<p>Para mais informa\u00e7\u00f5es sobre as falas do novo presidente, que negou a privatiza\u00e7\u00e3o do Banco do Brasil, confira o link abaixo:  <\/p>\n\n\n\n<p class=\"has-text-align-center has-background has-medium-font-size\" style=\"background-color:#e7eaec\"><strong><a rel=\"noreferrer noopener\" href=\"https:\/\/www.estrategiaconcursos.com.br\/blog\/concurso-banco-do-brasil-2\/\" target=\"_blank\">Concurso Banco do Brasil<\/a><\/strong><\/p>\n\n\n\n<p class=\"has-text-align-center has-medium-font-size\"><em><strong>Assinatura Anual Ilimitada*<\/strong><\/em><\/p>\n\n\n\n<p class=\"has-text-align-center\"><em>Prepare-se com o melhor material e com quem mais aprova em Concursos P\u00fablicos em todo o pa\u00eds. Assine agora a nossa Assinatura Anual e tenha acesso ilimitado* a todos os nossos cursos.<\/em><\/p>\n\n\n\n<p class=\"has-text-align-center has-light-green-cyan-background-color has-background\" style=\"font-size:clamp(14.642px, 0.915rem + ((1vw - 3.2px) * 0.721), 22px);px\"><strong>ASSINE AGORA<\/strong>&nbsp;\u2013&nbsp;<strong><a rel=\"noreferrer noopener\" href=\"https:\/\/www.estrategiaconcursos.com.br\/assinaturas\" target=\"_blank\">Assinatura Ilimitada<\/a><\/strong><\/p>\n\n\n\n<p class=\"has-text-align-center has-medium-font-size\"><strong><em><strong>Sistema de Quest\u00f5es<\/strong><\/em><\/strong><\/p>\n\n\n\n<p class=\"has-text-align-center\"><em>Estrat\u00e9gia Quest\u00f5es nasceu maior do que todos os concorrentes, com mais quest\u00f5es cadastradas e mais solu\u00e7\u00f5es por professores. Ent\u00e3o, confira e aproveite os descontos e b\u00f4nus imperd\u00edveis!<\/em><\/p>\n\n\n\n<p class=\"has-text-align-center has-vivid-green-cyan-background-color has-background\" style=\"font-size:clamp(14.642px, 0.915rem + ((1vw - 3.2px) * 0.721), 22px);px\"><strong>ASSINE AGORA \u2013&nbsp;<a rel=\"noreferrer noopener\" href=\"https:\/\/www.estrategiaconcursos.com.br\/cursosPorConcurso\/sistema-de-questoes\/#\/\" target=\"_blank\">Sistema de Quest\u00f5es<\/a><\/strong><\/p>\n\n\n\n<p class=\"has-text-align-center has-medium-font-size\"><strong><em>Fique por dentro dos concursos em aberto<\/em><\/strong><\/p>\n\n\n\n<p class=\"has-text-align-center has-pale-cyan-blue-background-color has-background\" style=\"font-size:clamp(14.642px, 0.915rem + ((1vw - 3.2px) * 0.721), 22px);px\"><a href=\"https:\/\/www.estrategiaconcursos.com.br\/blog\/concursos-abertos\/\" target=\"_blank\" rel=\"noreferrer noopener\"><strong>CONCURSOS ABERTOS<\/strong><\/a><\/p>\n\n\n\n<p><\/p>\n","protected":false},"excerpt":{"rendered":"<p>Ap\u00f3s o ex-presidente do Banco do Brasil, Rubem Novaes, renunciar ao cargo na \u00faltima segunda-feira (21), o novo presidente do BB, Andr\u00e9 Brand\u00e3o, descartou a privatiza\u00e7\u00e3o do banco. Em entrevista para a ANABB (Associa\u00e7\u00e3o Nacional dos Funcion\u00e1rios do Bando do Brasil), Brand\u00e3o refor\u00e7ou que a decis\u00e3o [de venda] deveria partir dos acionistas do Banco do [&hellip;]<\/p>\n","protected":false},"author":1430,"featured_media":176896,"comment_status":"open","ping_status":"closed","sticky":false,"template":"","format":"standard","meta":{"post_tipo":"article","footnotes":""},"categories":[1],"tags":[],"tax_estado":[],"class_list":["post-576159","post","type-post","status-publish","format-standard","has-post-thumbnail","hentry","category-cursos-e-concursos"],"acf":[],"yoast_head":"<!-- This site is optimized with the Yoast SEO Premium plugin v27.2 (Yoast SEO v27.2) - https:\/\/yoast.com\/product\/yoast-seo-premium-wordpress\/ -->\n<title>Novo presidente do Banco do Brasil descarta privatiza\u00e7\u00e3o. Confira!<\/title>\n<meta name=\"description\" content=\"O novo presidente do BB, Andr\u00e9 Brand\u00e3o, descartou a privatiza\u00e7\u00e3o do Banco do Brasil. Confira mais detalhes no site do Estrat\u00e9gia Concursos!\" \/>\n<meta name=\"robots\" content=\"index, follow, max-snippet:-1, max-image-preview:large, max-video-preview:-1\" \/>\n<link rel=\"canonical\" href=\"https:\/\/www.estrategiaconcursos.com.br\/blog\/presidente-banco-do-brasil-descarta-privatizacao\/\" \/>\n<meta property=\"og:locale\" content=\"pt_BR\" \/>\n<meta property=\"og:type\" content=\"article\" \/>\n<meta property=\"og:title\" content=\"Novo presidente do Banco do Brasil descarta privatiza\u00e7\u00e3o. Confira!\" \/>\n<meta property=\"og:description\" content=\"O novo presidente do BB, Andr\u00e9 Brand\u00e3o, descartou a privatiza\u00e7\u00e3o do Banco do Brasil. Confira mais detalhes no site do Estrat\u00e9gia Concursos!\" \/>\n<meta property=\"og:url\" content=\"https:\/\/www.estrategiaconcursos.com.br\/blog\/presidente-banco-do-brasil-descarta-privatizacao\/\" \/>\n<meta property=\"og:site_name\" content=\"Estrat\u00e9gia Concursos\" \/>\n<meta property=\"article:published_time\" content=\"2020-09-22T21:04:06+00:00\" \/>\n<meta property=\"article:modified_time\" content=\"2023-07-05T12:30:46+00:00\" \/>\n<meta property=\"og:image\" content=\"https:\/\/dhg1h5j42swfq.cloudfront.net\/2019\/04\/05140355\/BB.jpeg\" \/>\n\t<meta property=\"og:image:width\" content=\"400\" \/>\n\t<meta property=\"og:image:height\" content=\"209\" \/>\n\t<meta property=\"og:image:type\" content=\"image\/jpeg\" \/>\n<meta name=\"author\" content=\"Janaina Arruda\" \/>\n<meta name=\"twitter:card\" content=\"summary_large_image\" \/>\n<meta name=\"twitter:creator\" content=\"@EstratConcursos\" \/>\n<meta name=\"twitter:site\" content=\"@EstratConcursos\" \/>\n<meta name=\"twitter:label1\" content=\"Escrito por\" \/>\n\t<meta name=\"twitter:data1\" content=\"Janaina Arruda\" \/>\n\t<meta name=\"twitter:label2\" content=\"Est. tempo de leitura\" \/>\n\t<meta name=\"twitter:data2\" content=\"3 minutos\" \/>\n<script type=\"application\/ld+json\" class=\"yoast-schema-graph\">{\"@context\":\"https:\/\/schema.org\",\"@graph\":[{\"@type\":\"NewsArticle\",\"@id\":\"https:\/\/www.estrategiaconcursos.com.br\/blog\/presidente-banco-do-brasil-descarta-privatizacao\/#article\",\"isPartOf\":{\"@id\":\"https:\/\/www.estrategiaconcursos.com.br\/blog\/presidente-banco-do-brasil-descarta-privatizacao\/\"},\"author\":{\"name\":\"Janaina Arruda\",\"@id\":\"https:\/\/www.estrategiaconcursos.com.br\/blog\/#\/schema\/person\/f2fb305e65e771b216148107c0d96d68\"},\"headline\":\"Novo presidente do Banco do Brasil descarta privatiza\u00e7\u00e3o. Confira!\",\"datePublished\":\"2020-09-22T21:04:06+00:00\",\"dateModified\":\"2023-07-05T12:30:46+00:00\",\"mainEntityOfPage\":{\"@id\":\"https:\/\/www.estrategiaconcursos.com.br\/blog\/presidente-banco-do-brasil-descarta-privatizacao\/\"},\"wordCount\":523,\"commentCount\":0,\"publisher\":{\"@id\":\"https:\/\/www.estrategiaconcursos.com.br\/blog\/#organization\"},\"image\":{\"@id\":\"https:\/\/www.estrategiaconcursos.com.br\/blog\/presidente-banco-do-brasil-descarta-privatizacao\/#primaryimage\"},\"thumbnailUrl\":\"https:\/\/dhg1h5j42swfq.cloudfront.net\/2019\/04\/05140355\/BB.jpeg\",\"articleSection\":[\"Concursos P\u00fablicos\"],\"inLanguage\":\"pt-BR\",\"potentialAction\":[{\"@type\":\"CommentAction\",\"name\":\"Comment\",\"target\":[\"https:\/\/www.estrategiaconcursos.com.br\/blog\/presidente-banco-do-brasil-descarta-privatizacao\/#respond\"]}],\"copyrightYear\":\"2020\",\"copyrightHolder\":{\"@id\":\"https:\/\/www.estrategiaconcursos.com.br\/blog\/#organization\"}},{\"@type\":\"WebPage\",\"@id\":\"https:\/\/www.estrategiaconcursos.com.br\/blog\/presidente-banco-do-brasil-descarta-privatizacao\/\",\"url\":\"https:\/\/www.estrategiaconcursos.com.br\/blog\/presidente-banco-do-brasil-descarta-privatizacao\/\",\"name\":\"Novo presidente do Banco do Brasil descarta privatiza\u00e7\u00e3o. Confira!\",\"isPartOf\":{\"@id\":\"https:\/\/www.estrategiaconcursos.com.br\/blog\/#website\"},\"primaryImageOfPage\":{\"@id\":\"https:\/\/www.estrategiaconcursos.com.br\/blog\/presidente-banco-do-brasil-descarta-privatizacao\/#primaryimage\"},\"image\":{\"@id\":\"https:\/\/www.estrategiaconcursos.com.br\/blog\/presidente-banco-do-brasil-descarta-privatizacao\/#primaryimage\"},\"thumbnailUrl\":\"https:\/\/dhg1h5j42swfq.cloudfront.net\/2019\/04\/05140355\/BB.jpeg\",\"datePublished\":\"2020-09-22T21:04:06+00:00\",\"dateModified\":\"2023-07-05T12:30:46+00:00\",\"description\":\"O novo presidente do BB, Andr\u00e9 Brand\u00e3o, descartou a privatiza\u00e7\u00e3o do Banco do Brasil. Confira mais detalhes no site do Estrat\u00e9gia Concursos!\",\"breadcrumb\":{\"@id\":\"https:\/\/www.estrategiaconcursos.com.br\/blog\/presidente-banco-do-brasil-descarta-privatizacao\/#breadcrumb\"},\"inLanguage\":\"pt-BR\",\"potentialAction\":[{\"@type\":\"ReadAction\",\"target\":[\"https:\/\/www.estrategiaconcursos.com.br\/blog\/presidente-banco-do-brasil-descarta-privatizacao\/\"]}]},{\"@type\":\"ImageObject\",\"inLanguage\":\"pt-BR\",\"@id\":\"https:\/\/www.estrategiaconcursos.com.br\/blog\/presidente-banco-do-brasil-descarta-privatizacao\/#primaryimage\",\"url\":\"https:\/\/dhg1h5j42swfq.cloudfront.net\/2019\/04\/05140355\/BB.jpeg\",\"contentUrl\":\"https:\/\/dhg1h5j42swfq.cloudfront.net\/2019\/04\/05140355\/BB.jpeg\",\"width\":400,\"height\":209,\"caption\":\"Concurso Banco do Brasil\"},{\"@type\":\"BreadcrumbList\",\"@id\":\"https:\/\/www.estrategiaconcursos.com.br\/blog\/presidente-banco-do-brasil-descarta-privatizacao\/#breadcrumb\",\"itemListElement\":[{\"@type\":\"ListItem\",\"position\":1,\"name\":\"In\u00edcio\",\"item\":\"https:\/\/www.estrategiaconcursos.com.br\/blog\/\"},{\"@type\":\"ListItem\",\"position\":2,\"name\":\"Novo presidente do Banco do Brasil descarta privatiza\u00e7\u00e3o. Confira!\"}]},{\"@type\":\"WebSite\",\"@id\":\"https:\/\/www.estrategiaconcursos.com.br\/blog\/#website\",\"url\":\"https:\/\/www.estrategiaconcursos.com.br\/blog\/\",\"name\":\"Estrat\u00e9gia Concursos\",\"description\":\"O blog da Estrat\u00e9gia Concursos traz not\u00edcias sobre concursos e artigos de professores oferecendo cursos para concursos (pdf + videaulas) no site.\",\"publisher\":{\"@id\":\"https:\/\/www.estrategiaconcursos.com.br\/blog\/#organization\"},\"potentialAction\":[{\"@type\":\"SearchAction\",\"target\":{\"@type\":\"EntryPoint\",\"urlTemplate\":\"https:\/\/www.estrategiaconcursos.com.br\/blog\/?s={search_term_string}\"},\"query-input\":{\"@type\":\"PropertyValueSpecification\",\"valueRequired\":true,\"valueName\":\"search_term_string\"}}],\"inLanguage\":\"pt-BR\"},{\"@type\":\"Organization\",\"@id\":\"https:\/\/www.estrategiaconcursos.com.br\/blog\/#organization\",\"name\":\"Estrat\u00e9gia Concursos\",\"url\":\"https:\/\/www.estrategiaconcursos.com.br\/blog\/\",\"logo\":{\"@type\":\"ImageObject\",\"inLanguage\":\"pt-BR\",\"@id\":\"https:\/\/www.estrategiaconcursos.com.br\/blog\/#\/schema\/logo\/image\/\",\"url\":\"https:\/\/dhg1h5j42swfq.cloudfront.net\/2025\/06\/03203428\/logo_concursos-1.jpg\",\"contentUrl\":\"https:\/\/dhg1h5j42swfq.cloudfront.net\/2025\/06\/03203428\/logo_concursos-1.jpg\",\"width\":230,\"height\":60,\"caption\":\"Estrat\u00e9gia Concursos\"},\"image\":{\"@id\":\"https:\/\/www.estrategiaconcursos.com.br\/blog\/#\/schema\/logo\/image\/\"},\"sameAs\":[\"https:\/\/x.com\/EstratConcursos\"]},{\"@type\":\"Person\",\"@id\":\"https:\/\/www.estrategiaconcursos.com.br\/blog\/#\/schema\/person\/f2fb305e65e771b216148107c0d96d68\",\"name\":\"Janaina Arruda\",\"image\":{\"@type\":\"ImageObject\",\"inLanguage\":\"pt-BR\",\"@id\":\"https:\/\/secure.gravatar.com\/avatar\/9377d341617569b19a8eb58b32e54c10304cac645ab0cef38c66bfa34f77bdc6?s=96&d=mm&r=g\",\"url\":\"https:\/\/secure.gravatar.com\/avatar\/9377d341617569b19a8eb58b32e54c10304cac645ab0cef38c66bfa34f77bdc6?s=96&d=mm&r=g\",\"contentUrl\":\"https:\/\/secure.gravatar.com\/avatar\/9377d341617569b19a8eb58b32e54c10304cac645ab0cef38c66bfa34f77bdc6?s=96&d=mm&r=g\",\"caption\":\"Janaina Arruda\"},\"url\":\"https:\/\/www.estrategiaconcursos.com.br\/blog\/author\/arruda-janhotmail-com\/\"}]}<\/script>\n<!-- \/ Yoast SEO Premium plugin. -->","yoast_head_json":{"title":"Novo presidente do Banco do Brasil descarta privatiza\u00e7\u00e3o. Confira!","description":"O novo presidente do BB, Andr\u00e9 Brand\u00e3o, descartou a privatiza\u00e7\u00e3o do Banco do Brasil. Confira mais detalhes no site do Estrat\u00e9gia Concursos!","robots":{"index":"index","follow":"follow","max-snippet":"max-snippet:-1","max-image-preview":"max-image-preview:large","max-video-preview":"max-video-preview:-1"},"canonical":"https:\/\/www.estrategiaconcursos.com.br\/blog\/presidente-banco-do-brasil-descarta-privatizacao\/","og_locale":"pt_BR","og_type":"article","og_title":"Novo presidente do Banco do Brasil descarta privatiza\u00e7\u00e3o. Confira!","og_description":"O novo presidente do BB, Andr\u00e9 Brand\u00e3o, descartou a privatiza\u00e7\u00e3o do Banco do Brasil. Confira mais detalhes no site do Estrat\u00e9gia Concursos!","og_url":"https:\/\/www.estrategiaconcursos.com.br\/blog\/presidente-banco-do-brasil-descarta-privatizacao\/","og_site_name":"Estrat\u00e9gia Concursos","article_published_time":"2020-09-22T21:04:06+00:00","article_modified_time":"2023-07-05T12:30:46+00:00","og_image":[{"width":400,"height":209,"url":"https:\/\/dhg1h5j42swfq.cloudfront.net\/2019\/04\/05140355\/BB.jpeg","type":"image\/jpeg"}],"author":"Janaina Arruda","twitter_card":"summary_large_image","twitter_creator":"@EstratConcursos","twitter_site":"@EstratConcursos","twitter_misc":{"Escrito por":"Janaina Arruda","Est. tempo de leitura":"3 minutos"},"schema":{"@context":"https:\/\/schema.org","@graph":[{"@type":"NewsArticle","@id":"https:\/\/www.estrategiaconcursos.com.br\/blog\/presidente-banco-do-brasil-descarta-privatizacao\/#article","isPartOf":{"@id":"https:\/\/www.estrategiaconcursos.com.br\/blog\/presidente-banco-do-brasil-descarta-privatizacao\/"},"author":{"name":"Janaina Arruda","@id":"https:\/\/www.estrategiaconcursos.com.br\/blog\/#\/schema\/person\/f2fb305e65e771b216148107c0d96d68"},"headline":"Novo presidente do Banco do Brasil descarta privatiza\u00e7\u00e3o. Confira!","datePublished":"2020-09-22T21:04:06+00:00","dateModified":"2023-07-05T12:30:46+00:00","mainEntityOfPage":{"@id":"https:\/\/www.estrategiaconcursos.com.br\/blog\/presidente-banco-do-brasil-descarta-privatizacao\/"},"wordCount":523,"commentCount":0,"publisher":{"@id":"https:\/\/www.estrategiaconcursos.com.br\/blog\/#organization"},"image":{"@id":"https:\/\/www.estrategiaconcursos.com.br\/blog\/presidente-banco-do-brasil-descarta-privatizacao\/#primaryimage"},"thumbnailUrl":"https:\/\/dhg1h5j42swfq.cloudfront.net\/2019\/04\/05140355\/BB.jpeg","articleSection":["Concursos P\u00fablicos"],"inLanguage":"pt-BR","potentialAction":[{"@type":"CommentAction","name":"Comment","target":["https:\/\/www.estrategiaconcursos.com.br\/blog\/presidente-banco-do-brasil-descarta-privatizacao\/#respond"]}],"copyrightYear":"2020","copyrightHolder":{"@id":"https:\/\/www.estrategiaconcursos.com.br\/blog\/#organization"}},{"@type":"WebPage","@id":"https:\/\/www.estrategiaconcursos.com.br\/blog\/presidente-banco-do-brasil-descarta-privatizacao\/","url":"https:\/\/www.estrategiaconcursos.com.br\/blog\/presidente-banco-do-brasil-descarta-privatizacao\/","name":"Novo presidente do Banco do Brasil descarta privatiza\u00e7\u00e3o. Confira!","isPartOf":{"@id":"https:\/\/www.estrategiaconcursos.com.br\/blog\/#website"},"primaryImageOfPage":{"@id":"https:\/\/www.estrategiaconcursos.com.br\/blog\/presidente-banco-do-brasil-descarta-privatizacao\/#primaryimage"},"image":{"@id":"https:\/\/www.estrategiaconcursos.com.br\/blog\/presidente-banco-do-brasil-descarta-privatizacao\/#primaryimage"},"thumbnailUrl":"https:\/\/dhg1h5j42swfq.cloudfront.net\/2019\/04\/05140355\/BB.jpeg","datePublished":"2020-09-22T21:04:06+00:00","dateModified":"2023-07-05T12:30:46+00:00","description":"O novo presidente do BB, Andr\u00e9 Brand\u00e3o, descartou a privatiza\u00e7\u00e3o do Banco do Brasil. Confira mais detalhes no site do Estrat\u00e9gia Concursos!","breadcrumb":{"@id":"https:\/\/www.estrategiaconcursos.com.br\/blog\/presidente-banco-do-brasil-descarta-privatizacao\/#breadcrumb"},"inLanguage":"pt-BR","potentialAction":[{"@type":"ReadAction","target":["https:\/\/www.estrategiaconcursos.com.br\/blog\/presidente-banco-do-brasil-descarta-privatizacao\/"]}]},{"@type":"ImageObject","inLanguage":"pt-BR","@id":"https:\/\/www.estrategiaconcursos.com.br\/blog\/presidente-banco-do-brasil-descarta-privatizacao\/#primaryimage","url":"https:\/\/dhg1h5j42swfq.cloudfront.net\/2019\/04\/05140355\/BB.jpeg","contentUrl":"https:\/\/dhg1h5j42swfq.cloudfront.net\/2019\/04\/05140355\/BB.jpeg","width":400,"height":209,"caption":"Concurso Banco do Brasil"},{"@type":"BreadcrumbList","@id":"https:\/\/www.estrategiaconcursos.com.br\/blog\/presidente-banco-do-brasil-descarta-privatizacao\/#breadcrumb","itemListElement":[{"@type":"ListItem","position":1,"name":"In\u00edcio","item":"https:\/\/www.estrategiaconcursos.com.br\/blog\/"},{"@type":"ListItem","position":2,"name":"Novo presidente do Banco do Brasil descarta privatiza\u00e7\u00e3o. Confira!"}]},{"@type":"WebSite","@id":"https:\/\/www.estrategiaconcursos.com.br\/blog\/#website","url":"https:\/\/www.estrategiaconcursos.com.br\/blog\/","name":"Estrat\u00e9gia Concursos","description":"O blog da Estrat\u00e9gia Concursos traz not\u00edcias sobre concursos e artigos de professores oferecendo cursos para concursos (pdf + videaulas) no site.","publisher":{"@id":"https:\/\/www.estrategiaconcursos.com.br\/blog\/#organization"},"potentialAction":[{"@type":"SearchAction","target":{"@type":"EntryPoint","urlTemplate":"https:\/\/www.estrategiaconcursos.com.br\/blog\/?s={search_term_string}"},"query-input":{"@type":"PropertyValueSpecification","valueRequired":true,"valueName":"search_term_string"}}],"inLanguage":"pt-BR"},{"@type":"Organization","@id":"https:\/\/www.estrategiaconcursos.com.br\/blog\/#organization","name":"Estrat\u00e9gia Concursos","url":"https:\/\/www.estrategiaconcursos.com.br\/blog\/","logo":{"@type":"ImageObject","inLanguage":"pt-BR","@id":"https:\/\/www.estrategiaconcursos.com.br\/blog\/#\/schema\/logo\/image\/","url":"https:\/\/dhg1h5j42swfq.cloudfront.net\/2025\/06\/03203428\/logo_concursos-1.jpg","contentUrl":"https:\/\/dhg1h5j42swfq.cloudfront.net\/2025\/06\/03203428\/logo_concursos-1.jpg","width":230,"height":60,"caption":"Estrat\u00e9gia Concursos"},"image":{"@id":"https:\/\/www.estrategiaconcursos.com.br\/blog\/#\/schema\/logo\/image\/"},"sameAs":["https:\/\/x.com\/EstratConcursos"]},{"@type":"Person","@id":"https:\/\/www.estrategiaconcursos.com.br\/blog\/#\/schema\/person\/f2fb305e65e771b216148107c0d96d68","name":"Janaina Arruda","image":{"@type":"ImageObject","inLanguage":"pt-BR","@id":"https:\/\/secure.gravatar.com\/avatar\/9377d341617569b19a8eb58b32e54c10304cac645ab0cef38c66bfa34f77bdc6?s=96&d=mm&r=g","url":"https:\/\/secure.gravatar.com\/avatar\/9377d341617569b19a8eb58b32e54c10304cac645ab0cef38c66bfa34f77bdc6?s=96&d=mm&r=g","contentUrl":"https:\/\/secure.gravatar.com\/avatar\/9377d341617569b19a8eb58b32e54c10304cac645ab0cef38c66bfa34f77bdc6?s=96&d=mm&r=g","caption":"Janaina Arruda"},"url":"https:\/\/www.estrategiaconcursos.com.br\/blog\/author\/arruda-janhotmail-com\/"}]}},"_links":{"self":[{"href":"https:\/\/www.estrategiaconcursos.com.br\/blog\/wp-json\/wp\/v2\/posts\/576159","targetHints":{"allow":["GET"]}}],"collection":[{"href":"https:\/\/www.estrategiaconcursos.com.br\/blog\/wp-json\/wp\/v2\/posts"}],"about":[{"href":"https:\/\/www.estrategiaconcursos.com.br\/blog\/wp-json\/wp\/v2\/types\/post"}],"author":[{"embeddable":true,"href":"https:\/\/www.estrategiaconcursos.com.br\/blog\/wp-json\/wp\/v2\/users\/1430"}],"replies":[{"embeddable":true,"href":"https:\/\/www.estrategiaconcursos.com.br\/blog\/wp-json\/wp\/v2\/comments?post=576159"}],"version-history":[{"count":7,"href":"https:\/\/www.estrategiaconcursos.com.br\/blog\/wp-json\/wp\/v2\/posts\/576159\/revisions"}],"predecessor-version":[{"id":1243603,"href":"https:\/\/www.estrategiaconcursos.com.br\/blog\/wp-json\/wp\/v2\/posts\/576159\/revisions\/1243603"}],"wp:featuredmedia":[{"embeddable":true,"href":"https:\/\/www.estrategiaconcursos.com.br\/blog\/wp-json\/wp\/v2\/media\/176896"}],"wp:attachment":[{"href":"https:\/\/www.estrategiaconcursos.com.br\/blog\/wp-json\/wp\/v2\/media?parent=576159"}],"wp:term":[{"taxonomy":"category","embeddable":true,"href":"https:\/\/www.estrategiaconcursos.com.br\/blog\/wp-json\/wp\/v2\/categories?post=576159"},{"taxonomy":"post_tag","embeddable":true,"href":"https:\/\/www.estrategiaconcursos.com.br\/blog\/wp-json\/wp\/v2\/tags?post=576159"},{"taxonomy":"tax_estado","embeddable":true,"href":"https:\/\/www.estrategiaconcursos.com.br\/blog\/wp-json\/wp\/v2\/tax_estado?post=576159"}],"curies":[{"name":"wp","href":"https:\/\/api.w.org\/{rel}","templated":true}]}}