{"id":575869,"date":"2020-09-22T13:16:05","date_gmt":"2020-09-22T16:16:05","guid":{"rendered":"https:\/\/www.estrategiaconcursos.com.br\/blog\/?p=575869"},"modified":"2023-03-02T15:28:21","modified_gmt":"2023-03-02T18:28:21","slug":"editais-bombeiros-mg-2-2","status":"publish","type":"post","link":"https:\/\/www.estrategiaconcursos.com.br\/blog\/editais-bombeiros-mg-2-2\/","title":{"rendered":"Editais do concurso Bombeiros MG s\u00e3o PUBLICADOS; 40 vagas!"},"content":{"rendered":"\n<p>Foram publicados os novos editais <strong>concurso Bombeiros MG<\/strong>, do Corpo de Bombeiros do estado de Minas Gerais. Conforme o documento, s\u00e3o ofertadas 30 vagas para Quadro de Oficiais do Corpo de Bombeiros Militar (CFO) e 10 para Quadro de Oficiais de Sa\u00fade (QOS).<\/p>\n\n\n\n<p>Os candidatos interessados nas oportunidades do concurso devem realizar as inscri\u00e7\u00f5es entre 22 de novembro e 21 de dezembro de 2020, no site da Fundep, banca organizadora do certame. As taxas foram definidas de acordo com o grau de escolaridade do cargo pretendido, sendo:<\/p>\n\n\n\n<ul class=\"wp-block-list\">\n<li><strong>M\u00e9dio (Oficial):<\/strong> R$ 180,16 <\/li>\n\n\n\n<li><strong>Superior (Sa\u00fade): <\/strong>R$ 200,56<\/li>\n<\/ul>\n\n\n\n<p>A fim de te deixar sempre bem informado, elaboramos este com artigo as principais informa\u00e7\u00f5es e novidades sobre o concurso Bombeiros MG. Acompanhe pelos t\u00f3picos a seguir: <\/p>\n\n\n\n<ul class=\"wp-block-list\">\n<li><strong><em><a href=\"#analise\">An\u00e1lise de Edital<\/a><\/em><\/strong><\/li>\n\n\n\n<li><strong><em><a href=\"#datas\">Principais datas<\/a><\/em><\/strong><\/li>\n\n\n\n<li><strong><em><a href=\"#cargos\">Cargos e vagas<\/a><\/em><\/strong><\/li>\n\n\n\n<li><strong><em><a href=\"#etapas\">Etapas e provas<\/a><\/em><\/strong><\/li>\n\n\n\n<li><strong><em><a href=\"#cursos\">Cursos e assinaturas<\/a><\/em><\/strong><\/li>\n\n\n\n<li><strong><em><a href=\"#ficha\">Ficha t\u00e9cnica<\/a><\/em><\/strong><\/li>\n<\/ul>\n\n\n\n<h2 class=\"wp-block-heading\" id=\"analise\"><a href=\"https:\/\/youtu.be\/y9i96AxtwqY\" target=\"_blank\" rel=\"noreferrer noopener\">An\u00e1lise dos editais Bombeiros MG<\/a><\/h2>\n\n\n\n<p>O Estrat\u00e9gia Concursos preparou uma super an\u00e1lise de edital, para voc\u00ea que deseja ficar por dentro de todos os detalhes do concurso Bombeiros MG. <\/p>\n\n\n\n<h2 class=\"wp-block-heading\" id=\"datas\">Principais datas dos <strong>editais Bombeiros MG<\/strong><\/h2>\n\n\n\n<p class=\"has-very-light-gray-background-color has-background\"><strong>Inscri\u00e7\u00f5es<\/strong>: 22 de novembro a 21 de dezembro de 2020<br \/><strong>Isen\u00e7\u00e3o da taxa<\/strong>: 22 a 24 de novembro<br \/><strong>Prova<\/strong>: 10 de janeiro de 2021<\/p>\n\n\n\n<h2 class=\"wp-block-heading\" id=\"cargos\">Cargos e vagas<\/h2>\n\n\n\n<h3 class=\"wp-block-heading\">N\u00edvel m\u00e9dio (CFO)<\/h3>\n\n\n\n<figure class=\"wp-block-table is-style-stripes\"><table class=\"has-background has-fixed-layout\" style=\"background-color:#e7f5fe\"><tbody><tr><td class=\"has-text-align-center\" data-align=\"center\"><strong>CARGO<\/strong><\/td><td class=\"has-text-align-center\" data-align=\"center\"><strong>VAGAS<\/strong><\/td><td class=\"has-text-align-center\" data-align=\"center\"><strong>REMUNERA\u00c7\u00c3O<\/strong><\/td><\/tr><tr><td class=\"has-text-align-center\" data-align=\"center\">Oficial <\/td><td class=\"has-text-align-center\" data-align=\"center\">30<\/td><td class=\"has-text-align-center\" data-align=\"center\">R$ 6.519,44<\/td><\/tr><\/tbody><\/table><\/figure>\n\n\n\n<h3 class=\"wp-block-heading\">N\u00edvel superior (QOS)<\/h3>\n\n\n\n<figure class=\"wp-block-table is-style-stripes\"><table class=\"has-background has-fixed-layout\" style=\"background-color:#e7f5fe\"><tbody><tr><td class=\"has-text-align-center\" data-align=\"center\"><strong>CARGO<\/strong><\/td><td class=\"has-text-align-center\" data-align=\"center\"><strong>VAGAS<\/strong><\/td><td class=\"has-text-align-center\" data-align=\"center\"><strong>REMUNERA\u00c7\u00c3O<\/strong><\/td><\/tr><tr><td class=\"has-text-align-center\" data-align=\"center\">Fisioterapia<\/td><td class=\"has-text-align-center\" data-align=\"center\">01<\/td><td class=\"has-text-align-center\" data-align=\"center\"><strong>R$ 5.014,17<\/strong> (durante o est\u00e1gio do EPOSau)<\/td><\/tr><tr><td class=\"has-text-align-center\" data-align=\"center\">Medicina \u2013 Cirurgia T\u00f3rax<\/td><td class=\"has-text-align-center\" data-align=\"center\">01<\/td><td class=\"has-text-align-center\" data-align=\"center\"><strong>R$ 5.014,17<\/strong> (durante o est\u00e1gio do EPOSau)<\/td><\/tr><tr><td class=\"has-text-align-center\" data-align=\"center\">Medicina \u2013 Cl\u00ednica m\u00e9dica<\/td><td class=\"has-text-align-center\" data-align=\"center\">04<\/td><td class=\"has-text-align-center\" data-align=\"center\"><strong>R$ 5.014,17<\/strong> (durante o est\u00e1gio do EPOSau)<\/td><\/tr><tr><td class=\"has-text-align-center\" data-align=\"center\">Medicina \u2013 Emerg\u00eancia<\/td><td class=\"has-text-align-center\" data-align=\"center\">01<\/td><td class=\"has-text-align-center\" data-align=\"center\"><strong>R$ 5.014,17<\/strong> (durante o est\u00e1gio do EPOSau)<\/td><\/tr><tr><td class=\"has-text-align-center\" data-align=\"center\">Medicina \u2013 Otorrinolaringologia<\/td><td class=\"has-text-align-center\" data-align=\"center\">01<\/td><td class=\"has-text-align-center\" data-align=\"center\"><strong>R$ 5.014,17<\/strong> (durante o est\u00e1gio do EPOSau)<\/td><\/tr><tr><td class=\"has-text-align-center\" data-align=\"center\">Medicina \u2013 Pneumologia<\/td><td class=\"has-text-align-center\" data-align=\"center\">01<\/td><td class=\"has-text-align-center\" data-align=\"center\"><strong>R$ 5.014,17<\/strong> (durante o est\u00e1gio do EPOSau)<\/td><\/tr><tr><td class=\"has-text-align-center\" data-align=\"center\">Medicina \u2013 Psiquiatria<\/td><td class=\"has-text-align-center\" data-align=\"center\">01<\/td><td class=\"has-text-align-center\" data-align=\"center\"><strong>R$ 5.014,17<\/strong> (durante o est\u00e1gio do EPOSau)<\/td><\/tr><\/tbody><\/table><\/figure>\n\n\n\n<h2 class=\"wp-block-heading\" id=\"etapas\">Etapas e provas &#8211; editais Bombeiros MG<\/h2>\n\n\n\n<p>O concurso Bombeiros MG ser\u00e1 constitu\u00eddo pelas seguintes etapas: <\/p>\n\n\n\n<h3 class=\"wp-block-heading\">CFO (Oficial)<\/h3>\n\n\n\n<h4 class=\"wp-block-heading\">1\u00aa Fase:<\/h4>\n\n\n\n<ul class=\"wp-block-list\">\n<li>Provas Objetiva e de Reda\u00e7\u00e3o;<\/li>\n\n\n\n<li>Exames M\u00e9dicos Preliminares e Complementares e Avalia\u00e7\u00e3o Psicol\u00f3gica;<\/li>\n\n\n\n<li>Teste de Capacita\u00e7\u00e3o F\u00edsica (TCF) e Exame Toxicol\u00f3gico.<\/li>\n<\/ul>\n\n\n\n<h4 class=\"wp-block-heading\">2\u00aa Fase:<\/h4>\n\n\n\n<ul class=\"wp-block-list\">\n<li>Curso de Forma\u00e7\u00e3o<\/li>\n<\/ul>\n\n\n\n<h3 class=\"wp-block-heading\">QOS (Oficial de Sa\u00fade)<\/h3>\n\n\n\n<ul class=\"wp-block-list\">\n<li>Prova Objetiva;<\/li>\n\n\n\n<li>Prova Discursiva;<\/li>\n\n\n\n<li>Prova de T\u00edtulos;<\/li>\n\n\n\n<li>Exames M\u00e9dicos Preliminares e Complementares e Avalia\u00e7\u00e3o Psicol\u00f3gica;<\/li>\n\n\n\n<li>Teste de Capacita\u00e7\u00e3o F\u00edsica (TCF);<\/li>\n\n\n\n<li>Exame Toxicol\u00f3gico;<\/li>\n\n\n\n<li>Est\u00e1gio Preparat\u00f3rio de Oficiais de Sa\u00fade (EPOSau).<\/li>\n<\/ul>\n\n\n\n<h4 class=\"wp-block-heading\">Confira a seguir os detalhes das principais etapas: <\/h4>\n\n\n\n<h3 class=\"wp-block-heading\">Prova Objetiva &#8211; <strong>editais Bombeiros MG<\/strong><\/h3>\n\n\n\n<p>A Prova Objetiva, avaliada de zero a 100 pontos, ser\u00e1 composta de 50 (cinquenta) quest\u00f5es de m\u00faltipla escolha, com 04 (quatro) alternativas cada e uma \u00fanica a correta. O tempo permitido para a realiza\u00e7\u00e3o das provas da 1\u00aa Fase ser\u00e1 de, no m\u00e1ximo, cinco (5) horas.<\/p>\n\n\n\n<h4 class=\"wp-block-heading\">CFO<\/h4>\n\n\n\n<figure class=\"wp-block-image size-large\"><img loading=\"lazy\" decoding=\"async\" width=\"603\" height=\"286\" src=\"https:\/\/dhg1h5j42swfq.cloudfront.net\/2020\/09\/22130411\/image-168.png\" alt=\"Provas dos editais Bombeiros MG\" class=\"wp-image-575887\" srcset=\"https:\/\/dhg1h5j42swfq.cloudfront.net\/2020\/09\/22130411\/image-168.png 603w, https:\/\/dhg1h5j42swfq.cloudfront.net\/2020\/09\/22130411\/image-168-300x142.png 300w\" sizes=\"auto, (max-width: 603px) 100vw, 603px\" \/><\/figure>\n\n\n\n<h4 class=\"wp-block-heading\">QOS<\/h4>\n\n\n\n<figure class=\"wp-block-image size-large\"><img loading=\"lazy\" decoding=\"async\" width=\"651\" height=\"147\" src=\"https:\/\/dhg1h5j42swfq.cloudfront.net\/2020\/09\/22130502\/image-169.png\" alt=\"\" class=\"wp-image-575889\" srcset=\"https:\/\/dhg1h5j42swfq.cloudfront.net\/2020\/09\/22130502\/image-169.png 651w, https:\/\/dhg1h5j42swfq.cloudfront.net\/2020\/09\/22130502\/image-169-300x68.png 300w, https:\/\/dhg1h5j42swfq.cloudfront.net\/2020\/09\/22130502\/image-169-610x138.png 610w\" sizes=\"auto, (max-width: 651px) 100vw, 651px\" \/><\/figure>\n\n\n\n<h3 class=\"wp-block-heading\"><strong>Reda\u00e7\u00e3o<\/strong> (CFO)<\/h3>\n\n\n\n<p>A Prova de Reda\u00e7\u00e3o (m\u00ednimo 15 linhas e m\u00e1ximo 30) versar\u00e1 sobre tema contempor\u00e2neo de conhecimento geral, no valor m\u00e1ximo de 50 pontos, sendo eliminado o candidato que n\u00e3o obtiver, no m\u00ednimo, 50% dos pontos atribu\u00eddos a ela.<\/p>\n\n\n\n<p>Somente ser\u00e3o corrigidas 120 reda\u00e7\u00f5es, daqueles candidatos melhores classificados que obtiverem, no m\u00ednimo, 60% dos pontos atribu\u00eddos \u00e0 Prova Objetiva, sendo:<\/p>\n\n\n\n<ul class=\"wp-block-list\">\n<li>108 reda\u00e7\u00f5es corrigidas \u2013 sexo masculino<\/li>\n\n\n\n<li>12 reda\u00e7\u00f5es corrigidas \u2013 sexo feminino<\/li>\n<\/ul>\n\n\n\n<h3 class=\"wp-block-heading\">Teste de Capacita\u00e7\u00e3o F\u00edsica &#8211; TCF (CFO)<\/h3>\n\n\n\n<p>O Teste de Capacita\u00e7\u00e3o F\u00edsica (TCF), de car\u00e1ter classificat\u00f3rio e eliminat\u00f3rio, ser\u00e1 realizado em 01 (um) dia e ser\u00e1 composto pelas provas abaixo, a serem realizadas na seguinte ordem:<\/p>\n\n\n\n<ul class=\"wp-block-list\">\n<li>Teste de Resist\u00eancia Aer\u00f3bica;<\/li>\n\n\n\n<li>Teste de For\u00e7a Muscular de Membros Superiores;<\/li>\n\n\n\n<li>Teste de Flex\u00e3o Abdominal;<\/li>\n\n\n\n<li>Teste de Agilidade (Shuttle-Run);<\/li>\n\n\n\n<li>Teste de Habilidade Natat\u00f3ria.<\/li>\n<\/ul>\n\n\n\n<h3 class=\"wp-block-heading\">Curso de Forma\u00e7\u00e3o (CFO)<\/h3>\n\n\n\n<p>O CFO ocorrer\u00e1 na Regi\u00e3o Metropolitana de Belo Horizonte\/MG, sob a coordena\u00e7\u00e3o da ABM, tendo a dura\u00e7\u00e3o m\u00ednima de 03 anos, com in\u00edcio previsto para&nbsp;<strong>02 de agosto 2021,<\/strong>&nbsp;em tempo integral, com regime de dedica\u00e7\u00e3o exclusiva e atividades escolares extraclasse ap\u00f3s \u00e0s 18h00min, INCLUSIVE AOS S\u00c1BADOS, DOMINGOS E FERIADOS.<\/p>\n\n\n\n<h3 class=\"wp-block-heading\">Prova Discursiva (QOS)<\/h3>\n\n\n\n<p>A Prova Discursiva, de car\u00e1ter eliminat\u00f3rio e classificat\u00f3rio, ter\u00e1 o valor de 100 (cem) pontos e versar\u00e1 sobre o conte\u00fado program\u00e1tico referente \u00e0 cada especialidade.<\/p>\n\n\n\n<p>A Prova Discursiva ser\u00e1 composta de 4 (quatro) quest\u00f5es discursivas, 3 (tr\u00eas) quest\u00f5es com valor de 30 (trinta) pontos cada e 1 (uma) quest\u00e3o com valor de 10 (dez) pontos. <\/p>\n\n\n\n<p>Na Prova Discursiva, ser\u00e3o avaliados o conhecimento da literatura proposta no Edital, o racioc\u00ednio cl\u00ednico do candidato e a capacidade de exposi\u00e7\u00e3o de suas ideias, sintetizando pontos relevantes, considera\u00e7\u00f5es e o comportamento quanto \u00e0 rela\u00e7\u00e3o profissional de sa\u00fade \/ paciente.<\/p>\n\n\n\n<h3 class=\"wp-block-heading\">Prova de T\u00edtulos (QOS)<\/h3>\n\n\n\n<p>A Prova de T\u00edtulos, de car\u00e1ter classificat\u00f3rio, ter\u00e1 o valor de 100 (cem) pontos, obedecendo a tabela de pontua\u00e7\u00e3o para cada quesito, disposta no <strong><a rel=\"noreferrer noopener\" href=\"https:\/\/dhg1h5j42swfq.cloudfront.net\/2020\/09\/22133723\/ANEXO-VI-TABELA-DE-PONTUACAO-DA-PROVA-DE-TITULOS-1.pdf\" target=\"_blank\">Anexo VI do Edital<\/a><\/strong>. Os t\u00edtulos dever\u00e3o ser apresentados no dia da realiza\u00e7\u00e3o da Prova Discursiva.<\/p>\n\n\n\n<h3 class=\"wp-block-heading\">Teste de Capacita\u00e7\u00e3o F\u00edsica (QOS)<\/h3>\n\n\n\n<p>Ser\u00e3o convocados para a 3\u00aa Fase todos os candidatos aprovados nas fases anteriores.<\/p>\n\n\n\n<p>O Teste de Capacita\u00e7\u00e3o F\u00edsica (TCF), de responsabilidade do CBMMG, ter\u00e1<br \/>car\u00e1ter classificat\u00f3rio e eliminat\u00f3rio, ser\u00e1 realizado em 01 (um) dia e ser\u00e1 composto pelas provas abaixo, a serem realizadas na seguinte ordem:<\/p>\n\n\n\n<p>a) Teste de Resist\u00eancia Aer\u00f3bica.<br \/>b) Teste de Flex\u00e3o Abdominal.<br \/>c) Teste de For\u00e7a Muscular de Membros Superiores.<\/p>\n\n\n\n<p class=\"has-text-align-center\"><a href=\"https:\/\/dhg1h5j42swfq.cloudfront.net\/2020\/09\/22133438\/ANEXO-III-CRITE%CC%81RIOS-PARA-APLICAC%CC%A7A%CC%83O-DO-TCF-E-TABELA-DE-NOTAS.pdf\"><strong>Confira os crit\u00e9rios do TCF \u2013 Oficial Sa\u00fade<\/strong><\/a><\/p>\n\n\n\n<h3 class=\"wp-block-heading\">Est\u00e1gio Preparat\u00f3rio de Oficiais de Sa\u00fade -EPOSau (QOS)<\/h3>\n\n\n\n<p>Constitui a 4\u00aa Fase do concurso, de car\u00e1ter classificat\u00f3rio e eliminat\u00f3rio, o<br \/>Est\u00e1gio Preparat\u00f3rio de Oficiais de Sa\u00fade (EPOSau), com valor m\u00e1ximo de dez (10) pontos, obtido pela soma da pontua\u00e7\u00e3o auferida pelo candidato durante o Est\u00e1gio.<\/p>\n\n\n\n<p>Ser\u00e1 eliminado o candidato que, ao final do EPOSau, n\u00e3o obtiver, no m\u00ednimo, 60% (sessenta por cento) dos pontos atribu\u00eddos ao Est\u00e1gio.<\/p>\n\n\n\n<p class=\"has-text-align-center has-background has-medium-font-size\" style=\"background-color:#e4e8ea\"><strong>Saiba mais: <a href=\"https:\/\/www.estrategiaconcursos.com.br\/blog\/concurso-bombeiros-mg\/\" target=\"_blank\" rel=\"noreferrer noopener\">Concurso Bombeiros MG<\/a><\/strong><\/p>\n\n\n\n<h2 class=\"has-text-align-center wp-block-heading\" id=\"cursos\">Quer estudar para os editais Bombeiros MG?<\/h2>\n\n\n\n<p class=\"has-text-align-center\"><em>Gostou desta oportunidade e deseja come\u00e7ar se preparar agora mesmo? Ent\u00e3o, confira os nossos cursos e comece a estudar:<\/em><\/p>\n\n\n\n<p class=\"has-text-align-center has-luminous-vivid-amber-background-color has-background\" style=\"font-size:clamp(14.642px, 0.915rem + ((1vw - 3.2px) * 0.721), 22px);px\"><strong><a href=\"https:\/\/www.estrategiaconcursos.com.br\/cursosPorConcurso\/corpo-de-bombeiros-militar-de-minas-gerais-cbm-mg\/\" target=\"_blank\" rel=\"noreferrer noopener\">Curso Bombeiros MG<\/a><\/strong><\/p>\n\n\n\n<p class=\"has-text-align-center has-medium-font-size\"><em><strong>Assinatura Anual Ilimitada*<\/strong><\/em><\/p>\n\n\n\n<p class=\"has-text-align-center\"><em>Prepare-se com o melhor material e com quem mais aprova em Concursos P\u00fablicos em todo o pa\u00eds. Assine agora a nossa Assinatura Anual e tenha acesso ilimitado* a todos os nossos cursos.<\/em><\/p>\n\n\n\n<p class=\"has-text-align-center has-light-green-cyan-background-color has-background\" style=\"font-size:clamp(14.642px, 0.915rem + ((1vw - 3.2px) * 0.721), 22px);px\"><strong>ASSINE AGORA<\/strong>&nbsp;\u2013&nbsp;<strong><a rel=\"noreferrer noopener\" href=\"https:\/\/www.estrategiaconcursos.com.br\/assinaturas\" target=\"_blank\">Assinatura Ilimitada<\/a><\/strong><\/p>\n\n\n\n<p class=\"has-text-align-center has-medium-font-size\"><strong><em><strong>Sistema de Quest\u00f5es<\/strong><\/em><\/strong><\/p>\n\n\n\n<p class=\"has-text-align-center\"><em>Estrat\u00e9gia Quest\u00f5es nasceu maior do que todos os concorrentes, com mais quest\u00f5es cadastradas e mais solu\u00e7\u00f5es por professores. Ent\u00e3o, confira e aproveite os descontos e b\u00f4nus imperd\u00edveis!<\/em><\/p>\n\n\n\n<p class=\"has-text-align-center has-vivid-green-cyan-background-color has-background\" style=\"font-size:clamp(14.642px, 0.915rem + ((1vw - 3.2px) * 0.721), 22px);px\"><strong>ASSINE AGORA \u2013&nbsp;<a rel=\"noreferrer noopener\" href=\"https:\/\/www.estrategiaconcursos.com.br\/cursosPorConcurso\/sistema-de-questoes\/#\/\" target=\"_blank\">Sistema de Quest\u00f5es<\/a><\/strong><\/p>\n\n\n\n<p class=\"has-text-align-center has-medium-font-size\"><strong><em>Fique por dentro dos concursos em aberto<\/em><\/strong><\/p>\n\n\n\n<p class=\"has-text-align-center has-pale-cyan-blue-background-color has-background\" style=\"font-size:clamp(14.642px, 0.915rem + ((1vw - 3.2px) * 0.721), 22px);px\"><a rel=\"noreferrer noopener\" href=\"https:\/\/www.estrategiaconcursos.com.br\/blog\/concursos-abertos\/\" target=\"_blank\"><strong>CONCURSOS ABERTOS<\/strong><\/a><\/p>\n\n\n\n<p class=\"has-text-align-center has-medium-font-size\"><strong><em>As oportunidades previstas<\/em><\/strong><\/p>\n\n\n\n<p class=\"has-text-align-center has-pale-cyan-blue-background-color has-background\" style=\"font-size:clamp(14.642px, 0.915rem + ((1vw - 3.2px) * 0.721), 22px);px\"><a rel=\"noreferrer noopener\" href=\"https:\/\/www.estrategiaconcursos.com.br\/blog\/concursos-2020\/\" target=\"_blank\"><strong>CONCURSOS&nbsp;2020<\/strong><\/a><\/p>\n\n\n\n<p class=\"has-text-align-center has-pale-cyan-blue-background-color has-background\" style=\"font-size:clamp(14.642px, 0.915rem + ((1vw - 3.2px) * 0.721), 22px);px\"><a rel=\"noreferrer noopener\" href=\"https:\/\/www.estrategiaconcursos.com.br\/blog\/concursos-2021\/\" target=\"_blank\"><strong>CONCURSOS 2021<\/strong><\/a><\/p>\n\n\n\n<figure class=\"wp-block-image\"><img loading=\"lazy\" decoding=\"async\" width=\"300\" height=\"102\" src=\"https:\/\/dhg1h5j42swfq.cloudfront.net\/2017\/03\/28152500\/coruja-ficha-tecnica-300x102.png\" alt=\"\" class=\"wp-image-68542\"\/><\/figure>\n\n\n\n<h3 class=\"wp-block-heading\" id=\"ficha\"><strong>Informa\u00e7\u00f5es sobre os editais Bombeiros MG<\/strong><\/h3>\n\n\n\n<ul class=\"wp-block-list\">\n<li><strong>Inscri\u00e7\u00f5es<\/strong>: 22 de novembro e 21 de dezembro de 2020<\/li>\n\n\n\n<li><strong>Provas<\/strong>: 10 de janeiro de 2021<\/li>\n\n\n\n<li><strong>Vagas<\/strong>: 40<\/li>\n\n\n\n<li><strong>Cargos<\/strong>: Oficial e Oficial de Sa\u00fade<\/li>\n\n\n\n<li><strong>Banca<\/strong>: Fundep<\/li>\n\n\n\n<li><strong>Escolaridade<\/strong>: N\u00edveis m\u00e9dio e superior <\/li>\n\n\n\n<li><strong>Editais<\/strong>:&nbsp;<a href=\"https:\/\/dhg1h5j42swfq.cloudfront.net\/2020\/09\/22131154\/Edital_Concurso_Bombeiros_MG_CFO_2021.pdf\" target=\"_blank\" rel=\"noreferrer noopener\"><strong>CFO<\/strong><\/a> | <a href=\"https:\/\/dhg1h5j42swfq.cloudfront.net\/2020\/09\/22131220\/Edital_Concurso_Bombeiros_MG_QOS_2021.pdf\" target=\"_blank\" rel=\"noreferrer noopener\"><strong>QOS<\/strong><\/a><\/li>\n<\/ul>\n\n\n\n<p><em>Diogo Mendes<\/em><br \/><em>Ascom Estrat\u00e9gia<\/em><br \/>ascomestrategia@gmail.com<\/p>\n","protected":false},"excerpt":{"rendered":"<p>Foram publicados os novos editais concurso Bombeiros MG, do Corpo de Bombeiros do estado de Minas Gerais. Conforme o documento, s\u00e3o ofertadas 30 vagas para Quadro de Oficiais do Corpo de Bombeiros Militar (CFO) e 10 para Quadro de Oficiais de Sa\u00fade (QOS). Os candidatos interessados nas oportunidades do concurso devem realizar as inscri\u00e7\u00f5es entre [&hellip;]<\/p>\n","protected":false},"author":1482,"featured_media":125375,"comment_status":"open","ping_status":"closed","sticky":false,"template":"","format":"standard","meta":{"post_tipo":"article","footnotes":""},"categories":[220186,220187],"tags":[],"tax_estado":[219974],"class_list":["post-575869","post","type-post","status-publish","format-standard","has-post-thumbnail","hentry","category-policial-oficial","category-policial-pracas","tax_estado-mg"],"acf":[],"yoast_head":"<!-- This site is optimized with the Yoast SEO Premium plugin v27.2 (Yoast SEO v27.2) - https:\/\/yoast.com\/product\/yoast-seo-premium-wordpress\/ -->\n<title>Editais do concurso Bombeiros MG s\u00e3o PUBLICADOS; 40 vagas!<\/title>\n<meta name=\"description\" content=\"Foram publicados os novos editais concurso Bombeiros MG, do Corpo de Bombeiros do estado de Minas Gerais. Confira no site!\" \/>\n<meta name=\"robots\" content=\"index, follow, max-snippet:-1, max-image-preview:large, max-video-preview:-1\" \/>\n<link rel=\"canonical\" href=\"https:\/\/www.estrategiaconcursos.com.br\/blog\/editais-bombeiros-mg-2-2\/\" \/>\n<meta property=\"og:locale\" content=\"pt_BR\" \/>\n<meta property=\"og:type\" content=\"article\" \/>\n<meta property=\"og:title\" content=\"Editais do concurso Bombeiros MG s\u00e3o PUBLICADOS; 40 vagas!\" \/>\n<meta property=\"og:description\" content=\"Foram publicados os novos editais concurso Bombeiros MG, do Corpo de Bombeiros do estado de Minas Gerais. Confira no site!\" \/>\n<meta property=\"og:url\" content=\"https:\/\/www.estrategiaconcursos.com.br\/blog\/editais-bombeiros-mg-2-2\/\" \/>\n<meta property=\"og:site_name\" content=\"Estrat\u00e9gia Concursos\" \/>\n<meta property=\"article:published_time\" content=\"2020-09-22T16:16:05+00:00\" \/>\n<meta property=\"article:modified_time\" content=\"2023-03-02T18:28:21+00:00\" \/>\n<meta property=\"og:image\" content=\"https:\/\/dhg1h5j42swfq.cloudfront.net\/2018\/02\/09101511\/concurso-CBM-MG-e1544126881848.jpg\" \/>\n\t<meta property=\"og:image:width\" content=\"400\" \/>\n\t<meta property=\"og:image:height\" content=\"209\" \/>\n\t<meta property=\"og:image:type\" content=\"image\/jpeg\" \/>\n<meta name=\"author\" content=\"Diego Cerqueira\" \/>\n<meta name=\"twitter:card\" content=\"summary_large_image\" \/>\n<meta name=\"twitter:creator\" content=\"@EstratConcursos\" \/>\n<meta name=\"twitter:site\" content=\"@EstratConcursos\" \/>\n<meta name=\"twitter:label1\" content=\"Escrito por\" \/>\n\t<meta name=\"twitter:data1\" content=\"Diego Cerqueira\" \/>\n\t<meta name=\"twitter:label2\" content=\"Est. tempo de leitura\" \/>\n\t<meta name=\"twitter:data2\" content=\"6 minutos\" \/>\n<script type=\"application\/ld+json\" class=\"yoast-schema-graph\">{\"@context\":\"https:\/\/schema.org\",\"@graph\":[{\"@type\":\"NewsArticle\",\"@id\":\"https:\/\/www.estrategiaconcursos.com.br\/blog\/editais-bombeiros-mg-2-2\/#article\",\"isPartOf\":{\"@id\":\"https:\/\/www.estrategiaconcursos.com.br\/blog\/editais-bombeiros-mg-2-2\/\"},\"author\":{\"name\":\"Diego Cerqueira\",\"@id\":\"https:\/\/www.estrategiaconcursos.com.br\/blog\/#\/schema\/person\/dd9f6d98671a3ac63bf25b40baf6f2e2\"},\"headline\":\"Editais do concurso Bombeiros MG s\u00e3o PUBLICADOS; 40 vagas!\",\"datePublished\":\"2020-09-22T16:16:05+00:00\",\"dateModified\":\"2023-03-02T18:28:21+00:00\",\"mainEntityOfPage\":{\"@id\":\"https:\/\/www.estrategiaconcursos.com.br\/blog\/editais-bombeiros-mg-2-2\/\"},\"wordCount\":1175,\"commentCount\":0,\"publisher\":{\"@id\":\"https:\/\/www.estrategiaconcursos.com.br\/blog\/#organization\"},\"image\":{\"@id\":\"https:\/\/www.estrategiaconcursos.com.br\/blog\/editais-bombeiros-mg-2-2\/#primaryimage\"},\"thumbnailUrl\":\"https:\/\/dhg1h5j42swfq.cloudfront.net\/2018\/02\/09101511\/concurso-CBM-MG-e1544126881848.jpg\",\"articleSection\":[\"Policial (PM\/BM - Oficial)\",\"Policial (PM\/BM - Pra\u00e7as)\"],\"inLanguage\":\"pt-BR\",\"potentialAction\":[{\"@type\":\"CommentAction\",\"name\":\"Comment\",\"target\":[\"https:\/\/www.estrategiaconcursos.com.br\/blog\/editais-bombeiros-mg-2-2\/#respond\"]}],\"copyrightYear\":\"2020\",\"copyrightHolder\":{\"@id\":\"https:\/\/www.estrategiaconcursos.com.br\/blog\/#organization\"}},{\"@type\":\"WebPage\",\"@id\":\"https:\/\/www.estrategiaconcursos.com.br\/blog\/editais-bombeiros-mg-2-2\/\",\"url\":\"https:\/\/www.estrategiaconcursos.com.br\/blog\/editais-bombeiros-mg-2-2\/\",\"name\":\"Editais do concurso Bombeiros MG s\u00e3o PUBLICADOS; 40 vagas!\",\"isPartOf\":{\"@id\":\"https:\/\/www.estrategiaconcursos.com.br\/blog\/#website\"},\"primaryImageOfPage\":{\"@id\":\"https:\/\/www.estrategiaconcursos.com.br\/blog\/editais-bombeiros-mg-2-2\/#primaryimage\"},\"image\":{\"@id\":\"https:\/\/www.estrategiaconcursos.com.br\/blog\/editais-bombeiros-mg-2-2\/#primaryimage\"},\"thumbnailUrl\":\"https:\/\/dhg1h5j42swfq.cloudfront.net\/2018\/02\/09101511\/concurso-CBM-MG-e1544126881848.jpg\",\"datePublished\":\"2020-09-22T16:16:05+00:00\",\"dateModified\":\"2023-03-02T18:28:21+00:00\",\"description\":\"Foram publicados os novos editais concurso Bombeiros MG, do Corpo de Bombeiros do estado de Minas Gerais. Confira no site!\",\"breadcrumb\":{\"@id\":\"https:\/\/www.estrategiaconcursos.com.br\/blog\/editais-bombeiros-mg-2-2\/#breadcrumb\"},\"inLanguage\":\"pt-BR\",\"potentialAction\":[{\"@type\":\"ReadAction\",\"target\":[\"https:\/\/www.estrategiaconcursos.com.br\/blog\/editais-bombeiros-mg-2-2\/\"]}]},{\"@type\":\"ImageObject\",\"inLanguage\":\"pt-BR\",\"@id\":\"https:\/\/www.estrategiaconcursos.com.br\/blog\/editais-bombeiros-mg-2-2\/#primaryimage\",\"url\":\"https:\/\/dhg1h5j42swfq.cloudfront.net\/2018\/02\/09101511\/concurso-CBM-MG-e1544126881848.jpg\",\"contentUrl\":\"https:\/\/dhg1h5j42swfq.cloudfront.net\/2018\/02\/09101511\/concurso-CBM-MG-e1544126881848.jpg\",\"width\":400,\"height\":209,\"caption\":\"Concurso Bombeiros MG\"},{\"@type\":\"BreadcrumbList\",\"@id\":\"https:\/\/www.estrategiaconcursos.com.br\/blog\/editais-bombeiros-mg-2-2\/#breadcrumb\",\"itemListElement\":[{\"@type\":\"ListItem\",\"position\":1,\"name\":\"In\u00edcio\",\"item\":\"https:\/\/www.estrategiaconcursos.com.br\/blog\/\"},{\"@type\":\"ListItem\",\"position\":2,\"name\":\"Editais do concurso Bombeiros MG s\u00e3o PUBLICADOS; 40 vagas!\"}]},{\"@type\":\"WebSite\",\"@id\":\"https:\/\/www.estrategiaconcursos.com.br\/blog\/#website\",\"url\":\"https:\/\/www.estrategiaconcursos.com.br\/blog\/\",\"name\":\"Estrat\u00e9gia Concursos\",\"description\":\"O blog da Estrat\u00e9gia Concursos traz not\u00edcias sobre concursos e artigos de professores oferecendo cursos para concursos (pdf + videaulas) no site.\",\"publisher\":{\"@id\":\"https:\/\/www.estrategiaconcursos.com.br\/blog\/#organization\"},\"potentialAction\":[{\"@type\":\"SearchAction\",\"target\":{\"@type\":\"EntryPoint\",\"urlTemplate\":\"https:\/\/www.estrategiaconcursos.com.br\/blog\/?s={search_term_string}\"},\"query-input\":{\"@type\":\"PropertyValueSpecification\",\"valueRequired\":true,\"valueName\":\"search_term_string\"}}],\"inLanguage\":\"pt-BR\"},{\"@type\":\"Organization\",\"@id\":\"https:\/\/www.estrategiaconcursos.com.br\/blog\/#organization\",\"name\":\"Estrat\u00e9gia Concursos\",\"url\":\"https:\/\/www.estrategiaconcursos.com.br\/blog\/\",\"logo\":{\"@type\":\"ImageObject\",\"inLanguage\":\"pt-BR\",\"@id\":\"https:\/\/www.estrategiaconcursos.com.br\/blog\/#\/schema\/logo\/image\/\",\"url\":\"https:\/\/dhg1h5j42swfq.cloudfront.net\/2025\/06\/03203428\/logo_concursos-1.jpg\",\"contentUrl\":\"https:\/\/dhg1h5j42swfq.cloudfront.net\/2025\/06\/03203428\/logo_concursos-1.jpg\",\"width\":230,\"height\":60,\"caption\":\"Estrat\u00e9gia Concursos\"},\"image\":{\"@id\":\"https:\/\/www.estrategiaconcursos.com.br\/blog\/#\/schema\/logo\/image\/\"},\"sameAs\":[\"https:\/\/x.com\/EstratConcursos\"]},{\"@type\":\"Person\",\"@id\":\"https:\/\/www.estrategiaconcursos.com.br\/blog\/#\/schema\/person\/dd9f6d98671a3ac63bf25b40baf6f2e2\",\"name\":\"Diego Cerqueira\",\"image\":{\"@type\":\"ImageObject\",\"inLanguage\":\"pt-BR\",\"@id\":\"https:\/\/secure.gravatar.com\/avatar\/93f5bbe4c5469a613830caa67379a40ab60d82fa495e4fbb9e4039bce737c0cc?s=96&d=mm&r=g\",\"url\":\"https:\/\/secure.gravatar.com\/avatar\/93f5bbe4c5469a613830caa67379a40ab60d82fa495e4fbb9e4039bce737c0cc?s=96&d=mm&r=g\",\"contentUrl\":\"https:\/\/secure.gravatar.com\/avatar\/93f5bbe4c5469a613830caa67379a40ab60d82fa495e4fbb9e4039bce737c0cc?s=96&d=mm&r=g\",\"caption\":\"Diego Cerqueira\"},\"url\":\"https:\/\/www.estrategiaconcursos.com.br\/blog\/author\/diegocerqueiraestrategiaconcursos-com-br-2\/\"}]}<\/script>\n<!-- \/ Yoast SEO Premium plugin. -->","yoast_head_json":{"title":"Editais do concurso Bombeiros MG s\u00e3o PUBLICADOS; 40 vagas!","description":"Foram publicados os novos editais concurso Bombeiros MG, do Corpo de Bombeiros do estado de Minas Gerais. Confira no site!","robots":{"index":"index","follow":"follow","max-snippet":"max-snippet:-1","max-image-preview":"max-image-preview:large","max-video-preview":"max-video-preview:-1"},"canonical":"https:\/\/www.estrategiaconcursos.com.br\/blog\/editais-bombeiros-mg-2-2\/","og_locale":"pt_BR","og_type":"article","og_title":"Editais do concurso Bombeiros MG s\u00e3o PUBLICADOS; 40 vagas!","og_description":"Foram publicados os novos editais concurso Bombeiros MG, do Corpo de Bombeiros do estado de Minas Gerais. Confira no site!","og_url":"https:\/\/www.estrategiaconcursos.com.br\/blog\/editais-bombeiros-mg-2-2\/","og_site_name":"Estrat\u00e9gia Concursos","article_published_time":"2020-09-22T16:16:05+00:00","article_modified_time":"2023-03-02T18:28:21+00:00","og_image":[{"width":400,"height":209,"url":"https:\/\/dhg1h5j42swfq.cloudfront.net\/2018\/02\/09101511\/concurso-CBM-MG-e1544126881848.jpg","type":"image\/jpeg"}],"author":"Diego Cerqueira","twitter_card":"summary_large_image","twitter_creator":"@EstratConcursos","twitter_site":"@EstratConcursos","twitter_misc":{"Escrito por":"Diego Cerqueira","Est. tempo de leitura":"6 minutos"},"schema":{"@context":"https:\/\/schema.org","@graph":[{"@type":"NewsArticle","@id":"https:\/\/www.estrategiaconcursos.com.br\/blog\/editais-bombeiros-mg-2-2\/#article","isPartOf":{"@id":"https:\/\/www.estrategiaconcursos.com.br\/blog\/editais-bombeiros-mg-2-2\/"},"author":{"name":"Diego Cerqueira","@id":"https:\/\/www.estrategiaconcursos.com.br\/blog\/#\/schema\/person\/dd9f6d98671a3ac63bf25b40baf6f2e2"},"headline":"Editais do concurso Bombeiros MG s\u00e3o PUBLICADOS; 40 vagas!","datePublished":"2020-09-22T16:16:05+00:00","dateModified":"2023-03-02T18:28:21+00:00","mainEntityOfPage":{"@id":"https:\/\/www.estrategiaconcursos.com.br\/blog\/editais-bombeiros-mg-2-2\/"},"wordCount":1175,"commentCount":0,"publisher":{"@id":"https:\/\/www.estrategiaconcursos.com.br\/blog\/#organization"},"image":{"@id":"https:\/\/www.estrategiaconcursos.com.br\/blog\/editais-bombeiros-mg-2-2\/#primaryimage"},"thumbnailUrl":"https:\/\/dhg1h5j42swfq.cloudfront.net\/2018\/02\/09101511\/concurso-CBM-MG-e1544126881848.jpg","articleSection":["Policial (PM\/BM - Oficial)","Policial (PM\/BM - Pra\u00e7as)"],"inLanguage":"pt-BR","potentialAction":[{"@type":"CommentAction","name":"Comment","target":["https:\/\/www.estrategiaconcursos.com.br\/blog\/editais-bombeiros-mg-2-2\/#respond"]}],"copyrightYear":"2020","copyrightHolder":{"@id":"https:\/\/www.estrategiaconcursos.com.br\/blog\/#organization"}},{"@type":"WebPage","@id":"https:\/\/www.estrategiaconcursos.com.br\/blog\/editais-bombeiros-mg-2-2\/","url":"https:\/\/www.estrategiaconcursos.com.br\/blog\/editais-bombeiros-mg-2-2\/","name":"Editais do concurso Bombeiros MG s\u00e3o PUBLICADOS; 40 vagas!","isPartOf":{"@id":"https:\/\/www.estrategiaconcursos.com.br\/blog\/#website"},"primaryImageOfPage":{"@id":"https:\/\/www.estrategiaconcursos.com.br\/blog\/editais-bombeiros-mg-2-2\/#primaryimage"},"image":{"@id":"https:\/\/www.estrategiaconcursos.com.br\/blog\/editais-bombeiros-mg-2-2\/#primaryimage"},"thumbnailUrl":"https:\/\/dhg1h5j42swfq.cloudfront.net\/2018\/02\/09101511\/concurso-CBM-MG-e1544126881848.jpg","datePublished":"2020-09-22T16:16:05+00:00","dateModified":"2023-03-02T18:28:21+00:00","description":"Foram publicados os novos editais concurso Bombeiros MG, do Corpo de Bombeiros do estado de Minas Gerais. Confira no site!","breadcrumb":{"@id":"https:\/\/www.estrategiaconcursos.com.br\/blog\/editais-bombeiros-mg-2-2\/#breadcrumb"},"inLanguage":"pt-BR","potentialAction":[{"@type":"ReadAction","target":["https:\/\/www.estrategiaconcursos.com.br\/blog\/editais-bombeiros-mg-2-2\/"]}]},{"@type":"ImageObject","inLanguage":"pt-BR","@id":"https:\/\/www.estrategiaconcursos.com.br\/blog\/editais-bombeiros-mg-2-2\/#primaryimage","url":"https:\/\/dhg1h5j42swfq.cloudfront.net\/2018\/02\/09101511\/concurso-CBM-MG-e1544126881848.jpg","contentUrl":"https:\/\/dhg1h5j42swfq.cloudfront.net\/2018\/02\/09101511\/concurso-CBM-MG-e1544126881848.jpg","width":400,"height":209,"caption":"Concurso Bombeiros MG"},{"@type":"BreadcrumbList","@id":"https:\/\/www.estrategiaconcursos.com.br\/blog\/editais-bombeiros-mg-2-2\/#breadcrumb","itemListElement":[{"@type":"ListItem","position":1,"name":"In\u00edcio","item":"https:\/\/www.estrategiaconcursos.com.br\/blog\/"},{"@type":"ListItem","position":2,"name":"Editais do concurso Bombeiros MG s\u00e3o PUBLICADOS; 40 vagas!"}]},{"@type":"WebSite","@id":"https:\/\/www.estrategiaconcursos.com.br\/blog\/#website","url":"https:\/\/www.estrategiaconcursos.com.br\/blog\/","name":"Estrat\u00e9gia Concursos","description":"O blog da Estrat\u00e9gia Concursos traz not\u00edcias sobre concursos e artigos de professores oferecendo cursos para concursos (pdf + videaulas) no site.","publisher":{"@id":"https:\/\/www.estrategiaconcursos.com.br\/blog\/#organization"},"potentialAction":[{"@type":"SearchAction","target":{"@type":"EntryPoint","urlTemplate":"https:\/\/www.estrategiaconcursos.com.br\/blog\/?s={search_term_string}"},"query-input":{"@type":"PropertyValueSpecification","valueRequired":true,"valueName":"search_term_string"}}],"inLanguage":"pt-BR"},{"@type":"Organization","@id":"https:\/\/www.estrategiaconcursos.com.br\/blog\/#organization","name":"Estrat\u00e9gia Concursos","url":"https:\/\/www.estrategiaconcursos.com.br\/blog\/","logo":{"@type":"ImageObject","inLanguage":"pt-BR","@id":"https:\/\/www.estrategiaconcursos.com.br\/blog\/#\/schema\/logo\/image\/","url":"https:\/\/dhg1h5j42swfq.cloudfront.net\/2025\/06\/03203428\/logo_concursos-1.jpg","contentUrl":"https:\/\/dhg1h5j42swfq.cloudfront.net\/2025\/06\/03203428\/logo_concursos-1.jpg","width":230,"height":60,"caption":"Estrat\u00e9gia Concursos"},"image":{"@id":"https:\/\/www.estrategiaconcursos.com.br\/blog\/#\/schema\/logo\/image\/"},"sameAs":["https:\/\/x.com\/EstratConcursos"]},{"@type":"Person","@id":"https:\/\/www.estrategiaconcursos.com.br\/blog\/#\/schema\/person\/dd9f6d98671a3ac63bf25b40baf6f2e2","name":"Diego Cerqueira","image":{"@type":"ImageObject","inLanguage":"pt-BR","@id":"https:\/\/secure.gravatar.com\/avatar\/93f5bbe4c5469a613830caa67379a40ab60d82fa495e4fbb9e4039bce737c0cc?s=96&d=mm&r=g","url":"https:\/\/secure.gravatar.com\/avatar\/93f5bbe4c5469a613830caa67379a40ab60d82fa495e4fbb9e4039bce737c0cc?s=96&d=mm&r=g","contentUrl":"https:\/\/secure.gravatar.com\/avatar\/93f5bbe4c5469a613830caa67379a40ab60d82fa495e4fbb9e4039bce737c0cc?s=96&d=mm&r=g","caption":"Diego Cerqueira"},"url":"https:\/\/www.estrategiaconcursos.com.br\/blog\/author\/diegocerqueiraestrategiaconcursos-com-br-2\/"}]}},"_links":{"self":[{"href":"https:\/\/www.estrategiaconcursos.com.br\/blog\/wp-json\/wp\/v2\/posts\/575869","targetHints":{"allow":["GET"]}}],"collection":[{"href":"https:\/\/www.estrategiaconcursos.com.br\/blog\/wp-json\/wp\/v2\/posts"}],"about":[{"href":"https:\/\/www.estrategiaconcursos.com.br\/blog\/wp-json\/wp\/v2\/types\/post"}],"author":[{"embeddable":true,"href":"https:\/\/www.estrategiaconcursos.com.br\/blog\/wp-json\/wp\/v2\/users\/1482"}],"replies":[{"embeddable":true,"href":"https:\/\/www.estrategiaconcursos.com.br\/blog\/wp-json\/wp\/v2\/comments?post=575869"}],"version-history":[{"count":21,"href":"https:\/\/www.estrategiaconcursos.com.br\/blog\/wp-json\/wp\/v2\/posts\/575869\/revisions"}],"predecessor-version":[{"id":1180425,"href":"https:\/\/www.estrategiaconcursos.com.br\/blog\/wp-json\/wp\/v2\/posts\/575869\/revisions\/1180425"}],"wp:featuredmedia":[{"embeddable":true,"href":"https:\/\/www.estrategiaconcursos.com.br\/blog\/wp-json\/wp\/v2\/media\/125375"}],"wp:attachment":[{"href":"https:\/\/www.estrategiaconcursos.com.br\/blog\/wp-json\/wp\/v2\/media?parent=575869"}],"wp:term":[{"taxonomy":"category","embeddable":true,"href":"https:\/\/www.estrategiaconcursos.com.br\/blog\/wp-json\/wp\/v2\/categories?post=575869"},{"taxonomy":"post_tag","embeddable":true,"href":"https:\/\/www.estrategiaconcursos.com.br\/blog\/wp-json\/wp\/v2\/tags?post=575869"},{"taxonomy":"tax_estado","embeddable":true,"href":"https:\/\/www.estrategiaconcursos.com.br\/blog\/wp-json\/wp\/v2\/tax_estado?post=575869"}],"curies":[{"name":"wp","href":"https:\/\/api.w.org\/{rel}","templated":true}]}}