{"id":575063,"date":"2020-09-21T10:58:03","date_gmt":"2020-09-21T13:58:03","guid":{"rendered":"https:\/\/www.estrategiaconcursos.com.br\/blog\/?p=575063"},"modified":"2020-09-25T01:28:29","modified_gmt":"2020-09-25T04:28:29","slug":"justica-mantem-suspensao-do-concurso-pcdf","status":"publish","type":"post","link":"https:\/\/www.estrategiaconcursos.com.br\/blog\/justica-mantem-suspensao-do-concurso-pcdf\/","title":{"rendered":"Justi\u00e7a mant\u00e9m suspens\u00e3o do Concurso PCDF e pede explica\u00e7\u00f5es"},"content":{"rendered":"\n<p>Ap\u00f3s a suspens\u00e3o do Concurso da PCDF, ocorrida em 14\/09, v\u00e1rias manifesta\u00e7\u00f5es, a favor e contra a suspens\u00e3o, ocorreram nas redes sociais e pelas vias judiciais.<\/p>\n\n\n\n<p>De acordo com o Tribunal de Justi\u00e7a do Distrito Federal &#8211; TJDFT, a medida de suspens\u00e3o do certame segue mantida at\u00e9 que a Secretaria de Sa\u00fade &#8211;&nbsp;SES-DF&nbsp;informe&nbsp;se h\u00e1&nbsp;<strong>seguran\u00e7a sanit\u00e1ria&nbsp;<\/strong>para a realiza\u00e7\u00e3o da prova do concurso da Pol\u00edcia Civil do Distrito Federal &#8211; PCDF, no dia 18 de outubro<strong>,<\/strong>&nbsp;data prevista no edital.&nbsp;<em>(aguardando manifesta\u00e7\u00e3o)<\/em><\/p>\n\n\n\n<p>O TJDFT determinou tamb\u00e9m que a&nbsp;Diretora da Escola Superior de PCDF apresente um relat\u00f3rio&nbsp;t\u00e9cnico-sanit\u00e1rio que demonstre a impossibilidade de realiza\u00e7\u00e3o da prova por quest\u00f5es de seguran\u00e7a sanit\u00e1ria, visto que essa foi a justificativa da corpora\u00e7\u00e3o para tal suspens\u00e3o. <em>(Ainda n\u00e3o foi identificada a manifesta\u00e7\u00e3o)<\/em><\/p>\n\n\n\n<p>O Conselho Regional de Medicina (CRM) deve esclarecer ainda a&nbsp;situa\u00e7\u00e3o da curva epidemiol\u00f3gica no Distrito Federal em rela\u00e7\u00e3o \u00e0 Covid-19. <em>(respondeu \u00e0 manifesta\u00e7\u00e3o)<\/em><\/p>\n\n\n\n<p>Todas as&nbsp;<strong>informa\u00e7\u00f5es sobre a seguran\u00e7a dos candidatos&nbsp;<\/strong>devem ser prestadas ainda essa semana, j\u00e1 que o prazo dado foi de 48h.<\/p>\n\n\n\n<p>Abaixo voc\u00ea confere a \u00faltima atualiza\u00e7\u00e3o do processo:<\/p>\n\n\n\n<figure class=\"wp-block-image size-large\"><img loading=\"lazy\" decoding=\"async\" width=\"1024\" height=\"558\" src=\"https:\/\/dhg1h5j42swfq.cloudfront.net\/2020\/09\/25012757\/image-209-1024x558.png\" alt=\"\" class=\"wp-image-577779\" srcset=\"https:\/\/dhg1h5j42swfq.cloudfront.net\/2020\/09\/25012757\/image-209-1024x558.png 1024w, https:\/\/dhg1h5j42swfq.cloudfront.net\/2020\/09\/25012757\/image-209-300x164.png 300w, https:\/\/dhg1h5j42swfq.cloudfront.net\/2020\/09\/25012757\/image-209-768x419.png 768w, https:\/\/dhg1h5j42swfq.cloudfront.net\/2020\/09\/25012757\/image-209-610x333.png 610w, https:\/\/dhg1h5j42swfq.cloudfront.net\/2020\/09\/25012757\/image-209.png 1029w\" sizes=\"auto, (max-width: 1024px) 100vw, 1024px\" \/><\/figure>\n\n\n\n<h3 class=\"wp-block-heading\">A suspens\u00e3o do concurso da PCDF<\/h3>\n\n\n\n<p>Em 14 de setembro, foi publicada a suspens\u00e3o das duas provas do concurso da PCDF, para Agente e Escriv\u00e3o, previstas para 17 e 18 de outubro de 2020.<\/p>\n\n\n\n<p>Na medida que suspendeu a aplica\u00e7\u00e3o, consta que: <em>&nbsp;&#8220;\u00c9 evidente o preju\u00edzo que tal decis\u00e3o administrativa, decorrente de aus\u00eancia de planejamento e estrat\u00e9gia na gest\u00e3o do certamente, causar\u00e1 ao patrim\u00f4nio p\u00fablico, pois&nbsp;<strong>n\u00e3o \u00e9 o fato de suspender o certame para prote\u00e7\u00e3o da sa\u00fade p\u00fablica que merece censura, mas os atos administrativos anteriores,<\/strong>&nbsp;que levou milhares de pessoas a confiarem na administra\u00e7\u00e3o p\u00fablica em rela\u00e7\u00e3o \u00e0 concretiza\u00e7\u00e3o do cronograma previsto no edital. N\u00e3o houve razoabilidade na publica\u00e7\u00e3o do edital durante o pior momento da pandemia, quando n\u00e3o era poss\u00edvel prever a situa\u00e7\u00e3o de sa\u00fade p\u00fablica no segundo semestre de 2020, em especial no m\u00eas de outubro, data das provas. Se o edital tivesse sido publicado antes da pandemia, qualquer suspens\u00e3o seria absolutamente razo\u00e1vel, leg\u00edtima e compreens\u00edvel\u201d, observou o julgado.&nbsp;&#8221;&nbsp;<\/em><\/p>\n\n\n\n<p><strong>O Concurso PCDF para Agente e Escriv\u00e3o<\/strong> visa ofertar um total de 2.100 vagas, sendo <strong>1.800 vagas para Agente e 300 para Escriv\u00e3o, <\/strong>ambos organizados pelo Cebraspe.<\/p>\n\n\n\n<p>O Estrat\u00e9gia Concursos est\u00e1 acompanhando de perto as novidades do concurso da PCDF para te deixar informado de todas as movimenta\u00e7\u00f5es, ent\u00e3o fique ligado, pois essa semana teremos novidades a respeito da suspens\u00e3o!<\/p>\n\n\n\n<p>Para saber mais detalhes sobre a poss\u00edvel reabertura das inscri\u00e7\u00f5es para o concurso PCDF, acesse o link a seguir:<\/p>\n\n\n\n<p class=\"has-text-align-center has-background\" style=\"font-size:clamp(15.197px, 0.95rem + ((1vw - 3.2px) * 0.765), 23px);px;background-color:#e9ebeb\"><a href=\"https:\/\/www.estrategiaconcursos.com.br\/blog\/concurso-pcdf\/\"><strong>Concurso PCDF<\/strong><\/a><\/p>\n\n\n\n<p class=\"has-text-align-center has-medium-font-size\"><em><strong>Assinatura Anual Ilimitada*<\/strong><\/em><\/p>\n\n\n\n<p class=\"has-text-align-center\"><em>Prepare-se com o melhor material e com quem mais aprova em Concursos P\u00fablicos em todo o pa\u00eds. Assine agora a nossa Assinatura Anual e tenha acesso ilimitado* a todos os nossos cursos.<\/em><\/p>\n\n\n\n<p class=\"has-text-align-center has-luminous-vivid-amber-background-color has-background\" style=\"font-size:clamp(14.642px, 0.915rem + ((1vw - 3.2px) * 0.721), 22px);px\"><strong>ASSINE AGORA&nbsp;\u2013&nbsp;<a rel=\"noreferrer noopener\" href=\"https:\/\/www.estrategiaconcursos.com.br\/assinaturas\" target=\"_blank\">Assinatura Ilimitada<\/a><\/strong><\/p>\n\n\n\n<p class=\"has-text-align-center has-medium-font-size\"><strong><em><strong>Sistema de Quest\u00f5es<\/strong><\/em><\/strong><\/p>\n\n\n\n<p class=\"has-text-align-center\"><em>Estrat\u00e9gia Quest\u00f5es nasceu maior do que todos os concorrentes, com mais quest\u00f5es cadastradas e mais solu\u00e7\u00f5es por professores. Clique no link e aproveite os descontos e b\u00f4nus imperd\u00edveis!<\/em><\/p>\n\n\n\n<p class=\"has-text-align-center has-vivid-green-cyan-background-color has-background\" style=\"font-size:clamp(14.642px, 0.915rem + ((1vw - 3.2px) * 0.721), 22px);px\"><strong>ASSINE AGORA \u2013&nbsp;<a rel=\"noreferrer noopener\" href=\"https:\/\/www.estrategiaconcursos.com.br\/cursosPorConcurso\/sistema-de-questoes\/#\/\" target=\"_blank\">Sistema de Quest\u00f5es<\/a><\/strong><\/p>\n\n\n\n<p class=\"has-text-align-center has-medium-font-size\"><strong><em>Fique por dentro de todos os concursos<\/em><\/strong><\/p>\n\n\n\n<p class=\"has-text-align-center has-pale-cyan-blue-background-color has-background\" style=\"font-size:clamp(14.642px, 0.915rem + ((1vw - 3.2px) * 0.721), 22px);px\"><a rel=\"noreferrer noopener\" href=\"https:\/\/www.estrategiaconcursos.com.br\/blog\/concursos-abertos\/\" target=\"_blank\"><strong>CONCURSOS ABERTOS<\/strong><\/a><\/p>\n\n\n\n<p class=\"has-text-align-center has-pale-cyan-blue-background-color has-background\" style=\"font-size:clamp(14.642px, 0.915rem + ((1vw - 3.2px) * 0.721), 22px);px\"><a rel=\"noreferrer noopener\" href=\"https:\/\/www.estrategiaconcursos.com.br\/blog\/concursos-2020\/\" target=\"_blank\"><strong>CONCURSOS&nbsp;2020<\/strong><\/a><\/p>\n\n\n\n<p class=\"has-text-align-center has-pale-cyan-blue-background-color has-background\" style=\"font-size:clamp(14.642px, 0.915rem + ((1vw - 3.2px) * 0.721), 22px);px\"><a rel=\"noreferrer noopener\" href=\"https:\/\/www.estrategiaconcursos.com.br\/blog\/concursos-2021\/\" target=\"_blank\"><strong>CONCURSOS 2021<\/strong><\/a><\/p>\n","protected":false},"excerpt":{"rendered":"<p>Ap\u00f3s a suspens\u00e3o do Concurso da PCDF, ocorrida em 14\/09, v\u00e1rias manifesta\u00e7\u00f5es, a favor e contra a suspens\u00e3o, ocorreram nas redes sociais e pelas vias judiciais. De acordo com o Tribunal de Justi\u00e7a do Distrito Federal &#8211; TJDFT, a medida de suspens\u00e3o do certame segue mantida at\u00e9 que a Secretaria de Sa\u00fade &#8211;&nbsp;SES-DF&nbsp;informe&nbsp;se h\u00e1&nbsp;seguran\u00e7a sanit\u00e1ria&nbsp;para [&hellip;]<\/p>\n","protected":false},"author":1482,"featured_media":483495,"comment_status":"open","ping_status":"closed","sticky":false,"template":"","format":"standard","meta":{"post_tipo":"article","footnotes":""},"categories":[1],"tags":[],"tax_estado":[],"class_list":["post-575063","post","type-post","status-publish","format-standard","has-post-thumbnail","hentry","category-cursos-e-concursos"],"acf":[],"yoast_head":"<!-- This site is optimized with the Yoast SEO Premium plugin v27.2 (Yoast SEO v27.2) - https:\/\/yoast.com\/product\/yoast-seo-premium-wordpress\/ -->\n<title>Justi\u00e7a mant\u00e9m suspens\u00e3o do Concurso PCDF e pede explica\u00e7\u00f5es<\/title>\n<meta name=\"description\" content=\"Concurso da PCDF segue suspenso, mas TJDTF pede explica\u00e7\u00f5es que embasem a suspens\u00e3o do certame e a sua manuten\u00e7\u00e3o. Confira tudo!\" \/>\n<meta name=\"robots\" content=\"index, follow, max-snippet:-1, max-image-preview:large, max-video-preview:-1\" \/>\n<link rel=\"canonical\" href=\"https:\/\/www.estrategiaconcursos.com.br\/blog\/justica-mantem-suspensao-do-concurso-pcdf\/\" \/>\n<meta property=\"og:locale\" content=\"pt_BR\" \/>\n<meta property=\"og:type\" content=\"article\" \/>\n<meta property=\"og:title\" content=\"Justi\u00e7a mant\u00e9m suspens\u00e3o do Concurso PCDF e pede explica\u00e7\u00f5es\" \/>\n<meta property=\"og:description\" content=\"Concurso da PCDF segue suspenso, mas TJDTF pede explica\u00e7\u00f5es que embasem a suspens\u00e3o do certame e a sua manuten\u00e7\u00e3o. Confira tudo!\" \/>\n<meta property=\"og:url\" content=\"https:\/\/www.estrategiaconcursos.com.br\/blog\/justica-mantem-suspensao-do-concurso-pcdf\/\" \/>\n<meta property=\"og:site_name\" content=\"Estrat\u00e9gia Concursos\" \/>\n<meta property=\"article:published_time\" content=\"2020-09-21T13:58:03+00:00\" \/>\n<meta property=\"article:modified_time\" content=\"2020-09-25T04:28:29+00:00\" \/>\n<meta property=\"og:image\" content=\"https:\/\/dhg1h5j42swfq.cloudfront.net\/2020\/02\/18171917\/Mantenha-o-ritmo-de-estudos-para-a-PCDF-neste-Carnaval-1.png\" \/>\n\t<meta property=\"og:image:width\" content=\"847\" \/>\n\t<meta property=\"og:image:height\" content=\"345\" \/>\n\t<meta property=\"og:image:type\" content=\"image\/png\" \/>\n<meta name=\"author\" content=\"Diego Cerqueira\" \/>\n<meta name=\"twitter:card\" content=\"summary_large_image\" \/>\n<meta name=\"twitter:creator\" content=\"@EstratConcursos\" \/>\n<meta name=\"twitter:site\" content=\"@EstratConcursos\" \/>\n<meta name=\"twitter:label1\" content=\"Escrito por\" \/>\n\t<meta name=\"twitter:data1\" content=\"Diego Cerqueira\" \/>\n\t<meta name=\"twitter:label2\" content=\"Est. tempo de leitura\" \/>\n\t<meta name=\"twitter:data2\" content=\"3 minutos\" \/>\n<script type=\"application\/ld+json\" class=\"yoast-schema-graph\">{\"@context\":\"https:\/\/schema.org\",\"@graph\":[{\"@type\":\"NewsArticle\",\"@id\":\"https:\/\/www.estrategiaconcursos.com.br\/blog\/justica-mantem-suspensao-do-concurso-pcdf\/#article\",\"isPartOf\":{\"@id\":\"https:\/\/www.estrategiaconcursos.com.br\/blog\/justica-mantem-suspensao-do-concurso-pcdf\/\"},\"author\":{\"name\":\"Diego Cerqueira\",\"@id\":\"https:\/\/www.estrategiaconcursos.com.br\/blog\/#\/schema\/person\/dd9f6d98671a3ac63bf25b40baf6f2e2\"},\"headline\":\"Justi\u00e7a mant\u00e9m suspens\u00e3o do Concurso PCDF e pede explica\u00e7\u00f5es\",\"datePublished\":\"2020-09-21T13:58:03+00:00\",\"dateModified\":\"2020-09-25T04:28:29+00:00\",\"mainEntityOfPage\":{\"@id\":\"https:\/\/www.estrategiaconcursos.com.br\/blog\/justica-mantem-suspensao-do-concurso-pcdf\/\"},\"wordCount\":615,\"commentCount\":0,\"publisher\":{\"@id\":\"https:\/\/www.estrategiaconcursos.com.br\/blog\/#organization\"},\"image\":{\"@id\":\"https:\/\/www.estrategiaconcursos.com.br\/blog\/justica-mantem-suspensao-do-concurso-pcdf\/#primaryimage\"},\"thumbnailUrl\":\"https:\/\/dhg1h5j42swfq.cloudfront.net\/2020\/02\/18171917\/Mantenha-o-ritmo-de-estudos-para-a-PCDF-neste-Carnaval-1.png\",\"articleSection\":[\"Concursos P\u00fablicos\"],\"inLanguage\":\"pt-BR\",\"potentialAction\":[{\"@type\":\"CommentAction\",\"name\":\"Comment\",\"target\":[\"https:\/\/www.estrategiaconcursos.com.br\/blog\/justica-mantem-suspensao-do-concurso-pcdf\/#respond\"]}],\"copyrightYear\":\"2020\",\"copyrightHolder\":{\"@id\":\"https:\/\/www.estrategiaconcursos.com.br\/blog\/#organization\"}},{\"@type\":\"WebPage\",\"@id\":\"https:\/\/www.estrategiaconcursos.com.br\/blog\/justica-mantem-suspensao-do-concurso-pcdf\/\",\"url\":\"https:\/\/www.estrategiaconcursos.com.br\/blog\/justica-mantem-suspensao-do-concurso-pcdf\/\",\"name\":\"Justi\u00e7a mant\u00e9m suspens\u00e3o do Concurso PCDF e pede explica\u00e7\u00f5es\",\"isPartOf\":{\"@id\":\"https:\/\/www.estrategiaconcursos.com.br\/blog\/#website\"},\"primaryImageOfPage\":{\"@id\":\"https:\/\/www.estrategiaconcursos.com.br\/blog\/justica-mantem-suspensao-do-concurso-pcdf\/#primaryimage\"},\"image\":{\"@id\":\"https:\/\/www.estrategiaconcursos.com.br\/blog\/justica-mantem-suspensao-do-concurso-pcdf\/#primaryimage\"},\"thumbnailUrl\":\"https:\/\/dhg1h5j42swfq.cloudfront.net\/2020\/02\/18171917\/Mantenha-o-ritmo-de-estudos-para-a-PCDF-neste-Carnaval-1.png\",\"datePublished\":\"2020-09-21T13:58:03+00:00\",\"dateModified\":\"2020-09-25T04:28:29+00:00\",\"description\":\"Concurso da PCDF segue suspenso, mas TJDTF pede explica\u00e7\u00f5es que embasem a suspens\u00e3o do certame e a sua manuten\u00e7\u00e3o. Confira tudo!\",\"breadcrumb\":{\"@id\":\"https:\/\/www.estrategiaconcursos.com.br\/blog\/justica-mantem-suspensao-do-concurso-pcdf\/#breadcrumb\"},\"inLanguage\":\"pt-BR\",\"potentialAction\":[{\"@type\":\"ReadAction\",\"target\":[\"https:\/\/www.estrategiaconcursos.com.br\/blog\/justica-mantem-suspensao-do-concurso-pcdf\/\"]}]},{\"@type\":\"ImageObject\",\"inLanguage\":\"pt-BR\",\"@id\":\"https:\/\/www.estrategiaconcursos.com.br\/blog\/justica-mantem-suspensao-do-concurso-pcdf\/#primaryimage\",\"url\":\"https:\/\/dhg1h5j42swfq.cloudfront.net\/2020\/02\/18171917\/Mantenha-o-ritmo-de-estudos-para-a-PCDF-neste-Carnaval-1.png\",\"contentUrl\":\"https:\/\/dhg1h5j42swfq.cloudfront.net\/2020\/02\/18171917\/Mantenha-o-ritmo-de-estudos-para-a-PCDF-neste-Carnaval-1.png\",\"width\":847,\"height\":345,\"caption\":\"Aquecimento PCDF - Agente e Escriv\u00e3o\"},{\"@type\":\"BreadcrumbList\",\"@id\":\"https:\/\/www.estrategiaconcursos.com.br\/blog\/justica-mantem-suspensao-do-concurso-pcdf\/#breadcrumb\",\"itemListElement\":[{\"@type\":\"ListItem\",\"position\":1,\"name\":\"In\u00edcio\",\"item\":\"https:\/\/www.estrategiaconcursos.com.br\/blog\/\"},{\"@type\":\"ListItem\",\"position\":2,\"name\":\"Justi\u00e7a mant\u00e9m suspens\u00e3o do Concurso PCDF e pede explica\u00e7\u00f5es\"}]},{\"@type\":\"WebSite\",\"@id\":\"https:\/\/www.estrategiaconcursos.com.br\/blog\/#website\",\"url\":\"https:\/\/www.estrategiaconcursos.com.br\/blog\/\",\"name\":\"Estrat\u00e9gia Concursos\",\"description\":\"O blog da Estrat\u00e9gia Concursos traz not\u00edcias sobre concursos e artigos de professores oferecendo cursos para concursos (pdf + videaulas) no site.\",\"publisher\":{\"@id\":\"https:\/\/www.estrategiaconcursos.com.br\/blog\/#organization\"},\"potentialAction\":[{\"@type\":\"SearchAction\",\"target\":{\"@type\":\"EntryPoint\",\"urlTemplate\":\"https:\/\/www.estrategiaconcursos.com.br\/blog\/?s={search_term_string}\"},\"query-input\":{\"@type\":\"PropertyValueSpecification\",\"valueRequired\":true,\"valueName\":\"search_term_string\"}}],\"inLanguage\":\"pt-BR\"},{\"@type\":\"Organization\",\"@id\":\"https:\/\/www.estrategiaconcursos.com.br\/blog\/#organization\",\"name\":\"Estrat\u00e9gia Concursos\",\"url\":\"https:\/\/www.estrategiaconcursos.com.br\/blog\/\",\"logo\":{\"@type\":\"ImageObject\",\"inLanguage\":\"pt-BR\",\"@id\":\"https:\/\/www.estrategiaconcursos.com.br\/blog\/#\/schema\/logo\/image\/\",\"url\":\"https:\/\/dhg1h5j42swfq.cloudfront.net\/2025\/06\/03203428\/logo_concursos-1.jpg\",\"contentUrl\":\"https:\/\/dhg1h5j42swfq.cloudfront.net\/2025\/06\/03203428\/logo_concursos-1.jpg\",\"width\":230,\"height\":60,\"caption\":\"Estrat\u00e9gia Concursos\"},\"image\":{\"@id\":\"https:\/\/www.estrategiaconcursos.com.br\/blog\/#\/schema\/logo\/image\/\"},\"sameAs\":[\"https:\/\/x.com\/EstratConcursos\"]},{\"@type\":\"Person\",\"@id\":\"https:\/\/www.estrategiaconcursos.com.br\/blog\/#\/schema\/person\/dd9f6d98671a3ac63bf25b40baf6f2e2\",\"name\":\"Diego Cerqueira\",\"image\":{\"@type\":\"ImageObject\",\"inLanguage\":\"pt-BR\",\"@id\":\"https:\/\/secure.gravatar.com\/avatar\/93f5bbe4c5469a613830caa67379a40ab60d82fa495e4fbb9e4039bce737c0cc?s=96&d=mm&r=g\",\"url\":\"https:\/\/secure.gravatar.com\/avatar\/93f5bbe4c5469a613830caa67379a40ab60d82fa495e4fbb9e4039bce737c0cc?s=96&d=mm&r=g\",\"contentUrl\":\"https:\/\/secure.gravatar.com\/avatar\/93f5bbe4c5469a613830caa67379a40ab60d82fa495e4fbb9e4039bce737c0cc?s=96&d=mm&r=g\",\"caption\":\"Diego Cerqueira\"},\"url\":\"https:\/\/www.estrategiaconcursos.com.br\/blog\/author\/diegocerqueiraestrategiaconcursos-com-br-2\/\"}]}<\/script>\n<!-- \/ Yoast SEO Premium plugin. -->","yoast_head_json":{"title":"Justi\u00e7a mant\u00e9m suspens\u00e3o do Concurso PCDF e pede explica\u00e7\u00f5es","description":"Concurso da PCDF segue suspenso, mas TJDTF pede explica\u00e7\u00f5es que embasem a suspens\u00e3o do certame e a sua manuten\u00e7\u00e3o. Confira tudo!","robots":{"index":"index","follow":"follow","max-snippet":"max-snippet:-1","max-image-preview":"max-image-preview:large","max-video-preview":"max-video-preview:-1"},"canonical":"https:\/\/www.estrategiaconcursos.com.br\/blog\/justica-mantem-suspensao-do-concurso-pcdf\/","og_locale":"pt_BR","og_type":"article","og_title":"Justi\u00e7a mant\u00e9m suspens\u00e3o do Concurso PCDF e pede explica\u00e7\u00f5es","og_description":"Concurso da PCDF segue suspenso, mas TJDTF pede explica\u00e7\u00f5es que embasem a suspens\u00e3o do certame e a sua manuten\u00e7\u00e3o. Confira tudo!","og_url":"https:\/\/www.estrategiaconcursos.com.br\/blog\/justica-mantem-suspensao-do-concurso-pcdf\/","og_site_name":"Estrat\u00e9gia Concursos","article_published_time":"2020-09-21T13:58:03+00:00","article_modified_time":"2020-09-25T04:28:29+00:00","og_image":[{"width":847,"height":345,"url":"https:\/\/dhg1h5j42swfq.cloudfront.net\/2020\/02\/18171917\/Mantenha-o-ritmo-de-estudos-para-a-PCDF-neste-Carnaval-1.png","type":"image\/png"}],"author":"Diego Cerqueira","twitter_card":"summary_large_image","twitter_creator":"@EstratConcursos","twitter_site":"@EstratConcursos","twitter_misc":{"Escrito por":"Diego Cerqueira","Est. tempo de leitura":"3 minutos"},"schema":{"@context":"https:\/\/schema.org","@graph":[{"@type":"NewsArticle","@id":"https:\/\/www.estrategiaconcursos.com.br\/blog\/justica-mantem-suspensao-do-concurso-pcdf\/#article","isPartOf":{"@id":"https:\/\/www.estrategiaconcursos.com.br\/blog\/justica-mantem-suspensao-do-concurso-pcdf\/"},"author":{"name":"Diego Cerqueira","@id":"https:\/\/www.estrategiaconcursos.com.br\/blog\/#\/schema\/person\/dd9f6d98671a3ac63bf25b40baf6f2e2"},"headline":"Justi\u00e7a mant\u00e9m suspens\u00e3o do Concurso PCDF e pede explica\u00e7\u00f5es","datePublished":"2020-09-21T13:58:03+00:00","dateModified":"2020-09-25T04:28:29+00:00","mainEntityOfPage":{"@id":"https:\/\/www.estrategiaconcursos.com.br\/blog\/justica-mantem-suspensao-do-concurso-pcdf\/"},"wordCount":615,"commentCount":0,"publisher":{"@id":"https:\/\/www.estrategiaconcursos.com.br\/blog\/#organization"},"image":{"@id":"https:\/\/www.estrategiaconcursos.com.br\/blog\/justica-mantem-suspensao-do-concurso-pcdf\/#primaryimage"},"thumbnailUrl":"https:\/\/dhg1h5j42swfq.cloudfront.net\/2020\/02\/18171917\/Mantenha-o-ritmo-de-estudos-para-a-PCDF-neste-Carnaval-1.png","articleSection":["Concursos P\u00fablicos"],"inLanguage":"pt-BR","potentialAction":[{"@type":"CommentAction","name":"Comment","target":["https:\/\/www.estrategiaconcursos.com.br\/blog\/justica-mantem-suspensao-do-concurso-pcdf\/#respond"]}],"copyrightYear":"2020","copyrightHolder":{"@id":"https:\/\/www.estrategiaconcursos.com.br\/blog\/#organization"}},{"@type":"WebPage","@id":"https:\/\/www.estrategiaconcursos.com.br\/blog\/justica-mantem-suspensao-do-concurso-pcdf\/","url":"https:\/\/www.estrategiaconcursos.com.br\/blog\/justica-mantem-suspensao-do-concurso-pcdf\/","name":"Justi\u00e7a mant\u00e9m suspens\u00e3o do Concurso PCDF e pede explica\u00e7\u00f5es","isPartOf":{"@id":"https:\/\/www.estrategiaconcursos.com.br\/blog\/#website"},"primaryImageOfPage":{"@id":"https:\/\/www.estrategiaconcursos.com.br\/blog\/justica-mantem-suspensao-do-concurso-pcdf\/#primaryimage"},"image":{"@id":"https:\/\/www.estrategiaconcursos.com.br\/blog\/justica-mantem-suspensao-do-concurso-pcdf\/#primaryimage"},"thumbnailUrl":"https:\/\/dhg1h5j42swfq.cloudfront.net\/2020\/02\/18171917\/Mantenha-o-ritmo-de-estudos-para-a-PCDF-neste-Carnaval-1.png","datePublished":"2020-09-21T13:58:03+00:00","dateModified":"2020-09-25T04:28:29+00:00","description":"Concurso da PCDF segue suspenso, mas TJDTF pede explica\u00e7\u00f5es que embasem a suspens\u00e3o do certame e a sua manuten\u00e7\u00e3o. Confira tudo!","breadcrumb":{"@id":"https:\/\/www.estrategiaconcursos.com.br\/blog\/justica-mantem-suspensao-do-concurso-pcdf\/#breadcrumb"},"inLanguage":"pt-BR","potentialAction":[{"@type":"ReadAction","target":["https:\/\/www.estrategiaconcursos.com.br\/blog\/justica-mantem-suspensao-do-concurso-pcdf\/"]}]},{"@type":"ImageObject","inLanguage":"pt-BR","@id":"https:\/\/www.estrategiaconcursos.com.br\/blog\/justica-mantem-suspensao-do-concurso-pcdf\/#primaryimage","url":"https:\/\/dhg1h5j42swfq.cloudfront.net\/2020\/02\/18171917\/Mantenha-o-ritmo-de-estudos-para-a-PCDF-neste-Carnaval-1.png","contentUrl":"https:\/\/dhg1h5j42swfq.cloudfront.net\/2020\/02\/18171917\/Mantenha-o-ritmo-de-estudos-para-a-PCDF-neste-Carnaval-1.png","width":847,"height":345,"caption":"Aquecimento PCDF - Agente e Escriv\u00e3o"},{"@type":"BreadcrumbList","@id":"https:\/\/www.estrategiaconcursos.com.br\/blog\/justica-mantem-suspensao-do-concurso-pcdf\/#breadcrumb","itemListElement":[{"@type":"ListItem","position":1,"name":"In\u00edcio","item":"https:\/\/www.estrategiaconcursos.com.br\/blog\/"},{"@type":"ListItem","position":2,"name":"Justi\u00e7a mant\u00e9m suspens\u00e3o do Concurso PCDF e pede explica\u00e7\u00f5es"}]},{"@type":"WebSite","@id":"https:\/\/www.estrategiaconcursos.com.br\/blog\/#website","url":"https:\/\/www.estrategiaconcursos.com.br\/blog\/","name":"Estrat\u00e9gia Concursos","description":"O blog da Estrat\u00e9gia Concursos traz not\u00edcias sobre concursos e artigos de professores oferecendo cursos para concursos (pdf + videaulas) no site.","publisher":{"@id":"https:\/\/www.estrategiaconcursos.com.br\/blog\/#organization"},"potentialAction":[{"@type":"SearchAction","target":{"@type":"EntryPoint","urlTemplate":"https:\/\/www.estrategiaconcursos.com.br\/blog\/?s={search_term_string}"},"query-input":{"@type":"PropertyValueSpecification","valueRequired":true,"valueName":"search_term_string"}}],"inLanguage":"pt-BR"},{"@type":"Organization","@id":"https:\/\/www.estrategiaconcursos.com.br\/blog\/#organization","name":"Estrat\u00e9gia Concursos","url":"https:\/\/www.estrategiaconcursos.com.br\/blog\/","logo":{"@type":"ImageObject","inLanguage":"pt-BR","@id":"https:\/\/www.estrategiaconcursos.com.br\/blog\/#\/schema\/logo\/image\/","url":"https:\/\/dhg1h5j42swfq.cloudfront.net\/2025\/06\/03203428\/logo_concursos-1.jpg","contentUrl":"https:\/\/dhg1h5j42swfq.cloudfront.net\/2025\/06\/03203428\/logo_concursos-1.jpg","width":230,"height":60,"caption":"Estrat\u00e9gia Concursos"},"image":{"@id":"https:\/\/www.estrategiaconcursos.com.br\/blog\/#\/schema\/logo\/image\/"},"sameAs":["https:\/\/x.com\/EstratConcursos"]},{"@type":"Person","@id":"https:\/\/www.estrategiaconcursos.com.br\/blog\/#\/schema\/person\/dd9f6d98671a3ac63bf25b40baf6f2e2","name":"Diego Cerqueira","image":{"@type":"ImageObject","inLanguage":"pt-BR","@id":"https:\/\/secure.gravatar.com\/avatar\/93f5bbe4c5469a613830caa67379a40ab60d82fa495e4fbb9e4039bce737c0cc?s=96&d=mm&r=g","url":"https:\/\/secure.gravatar.com\/avatar\/93f5bbe4c5469a613830caa67379a40ab60d82fa495e4fbb9e4039bce737c0cc?s=96&d=mm&r=g","contentUrl":"https:\/\/secure.gravatar.com\/avatar\/93f5bbe4c5469a613830caa67379a40ab60d82fa495e4fbb9e4039bce737c0cc?s=96&d=mm&r=g","caption":"Diego Cerqueira"},"url":"https:\/\/www.estrategiaconcursos.com.br\/blog\/author\/diegocerqueiraestrategiaconcursos-com-br-2\/"}]}},"_links":{"self":[{"href":"https:\/\/www.estrategiaconcursos.com.br\/blog\/wp-json\/wp\/v2\/posts\/575063","targetHints":{"allow":["GET"]}}],"collection":[{"href":"https:\/\/www.estrategiaconcursos.com.br\/blog\/wp-json\/wp\/v2\/posts"}],"about":[{"href":"https:\/\/www.estrategiaconcursos.com.br\/blog\/wp-json\/wp\/v2\/types\/post"}],"author":[{"embeddable":true,"href":"https:\/\/www.estrategiaconcursos.com.br\/blog\/wp-json\/wp\/v2\/users\/1482"}],"replies":[{"embeddable":true,"href":"https:\/\/www.estrategiaconcursos.com.br\/blog\/wp-json\/wp\/v2\/comments?post=575063"}],"version-history":[{"count":3,"href":"https:\/\/www.estrategiaconcursos.com.br\/blog\/wp-json\/wp\/v2\/posts\/575063\/revisions"}],"predecessor-version":[{"id":577780,"href":"https:\/\/www.estrategiaconcursos.com.br\/blog\/wp-json\/wp\/v2\/posts\/575063\/revisions\/577780"}],"wp:featuredmedia":[{"embeddable":true,"href":"https:\/\/www.estrategiaconcursos.com.br\/blog\/wp-json\/wp\/v2\/media\/483495"}],"wp:attachment":[{"href":"https:\/\/www.estrategiaconcursos.com.br\/blog\/wp-json\/wp\/v2\/media?parent=575063"}],"wp:term":[{"taxonomy":"category","embeddable":true,"href":"https:\/\/www.estrategiaconcursos.com.br\/blog\/wp-json\/wp\/v2\/categories?post=575063"},{"taxonomy":"post_tag","embeddable":true,"href":"https:\/\/www.estrategiaconcursos.com.br\/blog\/wp-json\/wp\/v2\/tags?post=575063"},{"taxonomy":"tax_estado","embeddable":true,"href":"https:\/\/www.estrategiaconcursos.com.br\/blog\/wp-json\/wp\/v2\/tax_estado?post=575063"}],"curies":[{"name":"wp","href":"https:\/\/api.w.org\/{rel}","templated":true}]}}