{"id":57492,"date":"2016-12-08T18:35:27","date_gmt":"2016-12-08T21:35:27","guid":{"rendered":"https:\/\/www.estrategiaconcursos.com.br\/blog\/?p=57492"},"modified":"2016-12-08T18:35:27","modified_gmt":"2016-12-08T21:35:27","slug":"como-conciliar-familia-e-estudos","status":"publish","type":"post","link":"https:\/\/www.estrategiaconcursos.com.br\/blog\/como-conciliar-familia-e-estudos\/","title":{"rendered":"Como conciliar fam\u00edlia e estudos?"},"content":{"rendered":"<p>Essa parte acho que posso falar com propriedade de causa, afinal, estudei para esse concurso com a \u201ctrupe\u201d completa: marido, dois filhos (sendo um ainda beb\u00ea), cachorro, trabalho&#8230; ufa!! De fato pode assustar, dar uma inseguran\u00e7a, mas estou aqui para mostrar que \u00e9 poss\u00edvel e principalmente para dar algumas dicas que podem auxiliar voc\u00ea que est\u00e1 nessa situa\u00e7\u00e3o!<\/p>\n<p>Primeiramente quero apresentar aquilo que pode ser o seu trunfo nessa situa\u00e7\u00e3o, algo que voc\u00ea tem e que pode ser o seu grande diferencial e lev\u00e1-lo a sua aprova\u00e7\u00e3o: seu(s) filho(s)! Sim, se por um lado voc\u00ea n\u00e3o tem o tempo que algu\u00e9m sem filhos tem para estudar, voc\u00ea tem uma motiva\u00e7\u00e3o maior, que talvez eles n\u00e3o tenham, que \u00e9 ter algu\u00e9m por quem lutar! A sua aprova\u00e7\u00e3o n\u00e3o ser\u00e1 apenas por voc\u00ea, mas sim por ele(s)! \u00c9 para dar uma vida melhor a sua fam\u00edlia que estar\u00e1 lutando!<\/p>\n<p>Cada vez que o des\u00e2nimo bater e a inseguran\u00e7a \u201cpintar\u201d, lembre-se de que tem algu\u00e9m que \u201cdepende\u201d do seu resultado e que ter\u00e1 uma vida melhor com seu \u00eaxito.<\/p>\n<p>Dito isso, vamos a parte de como conciliar os estudos com a sua fam\u00edlia. Acho que temos que separar a sua prepara\u00e7\u00e3o em dois momentos: treino e jogo! Como treino, vou considerar a \u00e9poca de prepara\u00e7\u00e3o em que n\u00e3o temos o edital ainda lan\u00e7ado e, como jogo, quando j\u00e1 estamos na imin\u00eancia de seu lan\u00e7amento ou quando ele de fato \u00e9 publicado.<\/p>\n<p><u>Prepara\u00e7\u00e3o durante o \u201ctreino\u201d:<\/u> nessa fase \u00e9 importante montar seu plano de estudos dedicando tempo para sua fam\u00edlia, para estar com seus filhos.<\/p>\n<p>Se voc\u00ea tem bastante tempo para estudar durante a semana, reserve tempo \u201clivre\u201d para a sua fam\u00edlia nos seus finais de semana. Caso n\u00e3o tenha muito tempo durante a semana, tente estudar pelo menos um per\u00edodo aos finais de semana, como, por exemplo, aos s\u00e1bados pela manh\u00e3.<\/p>\n<p>Acredito que, quanto menos tempo temos, mais produtivo \u00e9 (ou pelo menos deve ser) o nosso estudo e o que de fato nos leva \u00e0 aprova\u00e7\u00e3o \u00e9 a qualidade e a intensidade dele.<\/p>\n<p>Para quem tem filhos pequenos, imagino o quanto deve ser dif\u00edcil deix\u00e1-los, privar-se da companhia deles e ir estudar. Eu sofri muito com isso e tracei algumas estrat\u00e9gias para conseguir dividir meu tempo. Meus filhos ficavam o dia todo no ber\u00e7\u00e1rio, pegava-os no fim do dia para levar para casa. Quando estava com eles, meu tempo era s\u00f3 deles, ent\u00e3o tinha umas duas horas \u00e0 noite em que fic\u00e1vamos juntos e curtia os baixinhos pra valer. Colocava-os para dormir cedo e, depois que dormiam, estudava por umas duas horas com tranquilidade.<\/p>\n<p>O hor\u00e1rio do almo\u00e7o era outro tempo que usava para estudar, comia um lanche enquanto estudava na biblioteca do meu trabalho (j\u00e1 era concursada e no Minist\u00e9rio P\u00fablico Federal havia uma biblioteca). N\u00e3o tinha tanto tempo livre, ent\u00e3o, tinha que otimizar o que eu podia. \u00c9 uma troca que se faz, abre-se m\u00e3o de umas coisas, para se ter direito a outras \u2013 \u00e9 a vida.<\/p>\n<p>Nessa fase, se estudar bem durante a semana, \u00e9 poss\u00edvel ter o s\u00e1bado e domingo livres para eles. E, de verdade, \u00e9 importante que se tenha esse tempo para estar com sua fam\u00edlia, eles s\u00e3o a sua energia, seu combust\u00edvel.<\/p>\n<p><strong>Resumindo nesta fase:<\/strong> foque em qualidade e intensidade (concentre-se), monte seu planejamento de modo a aproveitar bem todo o \u201ctempo livre\u201d que tiver durante a semana, organize-se para ter os finais de semana (s\u00e1bado e ou domingo) com eles. Estar com seus filhos aos fins de semana deve ser a recompensa semanal imediata para o esfor\u00e7o da semana. Pense sempre nisso antes de n\u00e3o cumprir suas metas nessa \u00e9poca.<\/p>\n<p><u>Prepara\u00e7\u00e3o durante o \u201cjogo\u201d:<\/u> agora \u00e9 pra valer! Esse \u00e9 o momento em que voc\u00ea ter\u00e1 que fazer sacrif\u00edcios! A parte boa: essa fase \u00e9 relativamente curta e ser\u00e1 recompensado por todos eles!!<\/p>\n<p>Entre os \u201crumores fortes\u201d de publica\u00e7\u00e3o do edital e a prova propriamente dita, temos no geral um per\u00edodo de 08 meses. Nesse per\u00edodo sua estrat\u00e9gia precisa mudar.<\/p>\n<p>Agora n\u00e3o d\u00e1 mais para ter o final de semana todo para ficar com a fam\u00edlia, separe apenas um per\u00edodo do s\u00e1bado ou do domingo para ficar com eles e o resto do tempo ser\u00e1 para sentar e estudar!<\/p>\n<p>Para quem acha que o filho pode ficar \u201ctraumatizado\u201d com a aus\u00eancia do pai ou m\u00e3e, nesse per\u00edodo, digo que n\u00e3o ficam n\u00e3o, eles \u201csuperam\u201d e ainda v\u00e3o te agradecer l\u00e1 na frente por terem se dedicado para passar no concurso, j\u00e1 que ser\u00e3o eles os grandes benefici\u00e1rios de sua aprova\u00e7\u00e3o. Acreditem: isso \u00e9 1000% verdade.<\/p>\n<p>Durante a semana vale tamb\u00e9m redimensionar o tempo de estudo. Vale acordar um pouco mais cedo, ir dormir um pouco mais tarde, negociar com esposa\/marido quem pega as crian\u00e7as na escola, pedir para pai\/m\u00e3e\/sogro\/sogra dar um <em>\u201chelp\u201d<\/em> e cuidar das crian\u00e7as para que possa estudar. Nesse per\u00edodo toda a ajuda e todo o tempo s\u00e3o bem-vindos!<\/p>\n<p>Entre a publica\u00e7\u00e3o do edital e a prova temos de 02 a 03 meses e a\u00ed, meu amigo, o neg\u00f3cio \u00e9 \u201cir pra cima\u201d! Para quem trabalha fora, que era o meu caso na \u00e9poca, vale a pena e recomendo usar seu per\u00edodo de f\u00e9rias nos trinta dias que antecedem a prova. \u00c9 um tempo precioso que voc\u00ea ter\u00e1 para \u201cafinar\u201d o conhecimento e ficar totalmente focado para a prova. Para aqueles que n\u00e3o disp\u00f5em desse recurso, tentem aproveitar cada segundo que puderem para dedicar aos seus estudos.<\/p>\n<p>Vou dar outra dica que deu muito certo pra mim e que pode ajudar algu\u00e9m que esteja nessa situa\u00e7\u00e3o: como moro na cidade de S\u00e3o Paulo, meu local de realiza\u00e7\u00e3o da prova foi aqui mesmo, pertinho da minha casa, mas, por mais que conhecesse o local da prova e que fosse perto, optei por reservar um quarto de hotel pr\u00f3ximo ao local da prova e fiquei l\u00e1 de sexta at\u00e9 o domingo. Para qu\u00ea isso? Para me concentrar para a prova, para n\u00e3o me dispersar, para ter mais tranquilidade de ir e vir para a prova.<\/p>\n<p>E vejam como s\u00e3o as coisas, descobri, ap\u00f3s a prova, que meu filho mais novo teve febre \u00e0 noite toda de s\u00e1bado para domingo (n\u00e3o foi nada grave, uma dessas viroses que as crian\u00e7as pequenas t\u00eam toda semana). Se tivesse ficado em casa, teria ficado a madrugada inteira acordada junto dele, pois m\u00e3e quando v\u00ea o filho doente n\u00e3o delega a responsabilidade para ningu\u00e9m e, possivelmente \u2013 para n\u00e3o dizer provavelmente -, meu resultado na prova seria prejudicado de alguma forma.<\/p>\n<p><strong>Resumindo nessa fase:<\/strong> reorganize seu planejamento e use TODO seu tempo dispon\u00edvel para o estudo; deixe apenas um per\u00edodo do seu s\u00e1bado ou domingo para a fam\u00edlia; aqui mais do que nunca foque em qualidade do seu tempo \u2013 seja para seu estudo, seja para ficar com sua fam\u00edlia; se puder, use seu per\u00edodo de f\u00e9rias para estudo nessa reta final; se puder, concentre-se e prepare-se em local reservado na v\u00e9spera e durante a realiza\u00e7\u00e3o das provas.<\/p>\n<p>Espero ter ajudado com essas dicas, ent\u00e3o\u00a0&#8220;bora&#8221; estudar! ;)<\/p>\n","protected":false},"excerpt":{"rendered":"<p>Essa parte acho que posso falar com propriedade de causa, afinal, estudei para esse concurso com a \u201ctrupe\u201d completa: marido, dois filhos (sendo um ainda beb\u00ea), cachorro, trabalho&#8230; ufa!! De fato pode assustar, dar uma inseguran\u00e7a, mas estou aqui para mostrar que \u00e9 poss\u00edvel e principalmente para dar algumas dicas que podem auxiliar voc\u00ea que [&hellip;]<\/p>\n","protected":false},"author":348,"featured_media":0,"comment_status":"open","ping_status":"open","sticky":false,"template":"","format":"standard","meta":{"post_tipo":"article","footnotes":""},"categories":[1],"tags":[],"tax_estado":[],"class_list":["post-57492","post","type-post","status-publish","format-standard","hentry","category-cursos-e-concursos"],"acf":[],"yoast_head":"<!-- This site is optimized with the Yoast SEO Premium plugin v27.2 (Yoast SEO v27.2) - https:\/\/yoast.com\/product\/yoast-seo-premium-wordpress\/ -->\n<title>Como conciliar fam\u00edlia e estudos?<\/title>\n<meta name=\"robots\" content=\"index, follow, max-snippet:-1, max-image-preview:large, max-video-preview:-1\" \/>\n<link rel=\"canonical\" href=\"https:\/\/www.estrategiaconcursos.com.br\/blog\/como-conciliar-familia-e-estudos\/\" \/>\n<meta property=\"og:locale\" content=\"pt_BR\" \/>\n<meta property=\"og:type\" content=\"article\" \/>\n<meta property=\"og:title\" content=\"Como conciliar fam\u00edlia e estudos?\" \/>\n<meta property=\"og:description\" content=\"Essa parte acho que posso falar com propriedade de causa, afinal, estudei para esse concurso com a \u201ctrupe\u201d completa: marido, dois filhos (sendo um ainda beb\u00ea), cachorro, trabalho&#8230; ufa!! De fato pode assustar, dar uma inseguran\u00e7a, mas estou aqui para mostrar que \u00e9 poss\u00edvel e principalmente para dar algumas dicas que podem auxiliar voc\u00ea que [&hellip;]\" \/>\n<meta property=\"og:url\" content=\"https:\/\/www.estrategiaconcursos.com.br\/blog\/como-conciliar-familia-e-estudos\/\" \/>\n<meta property=\"og:site_name\" content=\"Estrat\u00e9gia Concursos\" \/>\n<meta property=\"article:published_time\" content=\"2016-12-08T21:35:27+00:00\" \/>\n<meta name=\"author\" content=\"Gabriela Lubies\" \/>\n<meta name=\"twitter:card\" content=\"summary_large_image\" \/>\n<meta name=\"twitter:creator\" content=\"@EstratConcursos\" \/>\n<meta name=\"twitter:site\" content=\"@EstratConcursos\" \/>\n<meta name=\"twitter:label1\" content=\"Escrito por\" \/>\n\t<meta name=\"twitter:data1\" content=\"Gabriela Lubies\" \/>\n\t<meta name=\"twitter:label2\" content=\"Est. tempo de leitura\" \/>\n\t<meta name=\"twitter:data2\" content=\"6 minutos\" \/>\n<script type=\"application\/ld+json\" class=\"yoast-schema-graph\">{\"@context\":\"https:\/\/schema.org\",\"@graph\":[{\"@type\":\"NewsArticle\",\"@id\":\"https:\/\/www.estrategiaconcursos.com.br\/blog\/como-conciliar-familia-e-estudos\/#article\",\"isPartOf\":{\"@id\":\"https:\/\/www.estrategiaconcursos.com.br\/blog\/como-conciliar-familia-e-estudos\/\"},\"author\":{\"name\":\"Gabriela Lubies\",\"@id\":\"https:\/\/www.estrategiaconcursos.com.br\/blog\/#\/schema\/person\/2cb13b8638fe25cd4531fe636a790f3a\"},\"headline\":\"Como conciliar fam\u00edlia e estudos?\",\"datePublished\":\"2016-12-08T21:35:27+00:00\",\"mainEntityOfPage\":{\"@id\":\"https:\/\/www.estrategiaconcursos.com.br\/blog\/como-conciliar-familia-e-estudos\/\"},\"wordCount\":1264,\"commentCount\":10,\"publisher\":{\"@id\":\"https:\/\/www.estrategiaconcursos.com.br\/blog\/#organization\"},\"articleSection\":[\"Concursos P\u00fablicos\"],\"inLanguage\":\"pt-BR\",\"potentialAction\":[{\"@type\":\"CommentAction\",\"name\":\"Comment\",\"target\":[\"https:\/\/www.estrategiaconcursos.com.br\/blog\/como-conciliar-familia-e-estudos\/#respond\"]}],\"copyrightYear\":\"2016\",\"copyrightHolder\":{\"@id\":\"https:\/\/www.estrategiaconcursos.com.br\/blog\/#organization\"}},{\"@type\":\"WebPage\",\"@id\":\"https:\/\/www.estrategiaconcursos.com.br\/blog\/como-conciliar-familia-e-estudos\/\",\"url\":\"https:\/\/www.estrategiaconcursos.com.br\/blog\/como-conciliar-familia-e-estudos\/\",\"name\":\"Como conciliar fam\u00edlia e estudos?\",\"isPartOf\":{\"@id\":\"https:\/\/www.estrategiaconcursos.com.br\/blog\/#website\"},\"datePublished\":\"2016-12-08T21:35:27+00:00\",\"breadcrumb\":{\"@id\":\"https:\/\/www.estrategiaconcursos.com.br\/blog\/como-conciliar-familia-e-estudos\/#breadcrumb\"},\"inLanguage\":\"pt-BR\",\"potentialAction\":[{\"@type\":\"ReadAction\",\"target\":[\"https:\/\/www.estrategiaconcursos.com.br\/blog\/como-conciliar-familia-e-estudos\/\"]}]},{\"@type\":\"BreadcrumbList\",\"@id\":\"https:\/\/www.estrategiaconcursos.com.br\/blog\/como-conciliar-familia-e-estudos\/#breadcrumb\",\"itemListElement\":[{\"@type\":\"ListItem\",\"position\":1,\"name\":\"In\u00edcio\",\"item\":\"https:\/\/www.estrategiaconcursos.com.br\/blog\/\"},{\"@type\":\"ListItem\",\"position\":2,\"name\":\"Como conciliar fam\u00edlia e estudos?\"}]},{\"@type\":\"WebSite\",\"@id\":\"https:\/\/www.estrategiaconcursos.com.br\/blog\/#website\",\"url\":\"https:\/\/www.estrategiaconcursos.com.br\/blog\/\",\"name\":\"Estrat\u00e9gia Concursos\",\"description\":\"O blog da Estrat\u00e9gia Concursos traz not\u00edcias sobre concursos e artigos de professores oferecendo cursos para concursos (pdf + videaulas) no site.\",\"publisher\":{\"@id\":\"https:\/\/www.estrategiaconcursos.com.br\/blog\/#organization\"},\"potentialAction\":[{\"@type\":\"SearchAction\",\"target\":{\"@type\":\"EntryPoint\",\"urlTemplate\":\"https:\/\/www.estrategiaconcursos.com.br\/blog\/?s={search_term_string}\"},\"query-input\":{\"@type\":\"PropertyValueSpecification\",\"valueRequired\":true,\"valueName\":\"search_term_string\"}}],\"inLanguage\":\"pt-BR\"},{\"@type\":\"Organization\",\"@id\":\"https:\/\/www.estrategiaconcursos.com.br\/blog\/#organization\",\"name\":\"Estrat\u00e9gia Concursos\",\"url\":\"https:\/\/www.estrategiaconcursos.com.br\/blog\/\",\"logo\":{\"@type\":\"ImageObject\",\"inLanguage\":\"pt-BR\",\"@id\":\"https:\/\/www.estrategiaconcursos.com.br\/blog\/#\/schema\/logo\/image\/\",\"url\":\"https:\/\/dhg1h5j42swfq.cloudfront.net\/2025\/06\/03203428\/logo_concursos-1.jpg\",\"contentUrl\":\"https:\/\/dhg1h5j42swfq.cloudfront.net\/2025\/06\/03203428\/logo_concursos-1.jpg\",\"width\":230,\"height\":60,\"caption\":\"Estrat\u00e9gia Concursos\"},\"image\":{\"@id\":\"https:\/\/www.estrategiaconcursos.com.br\/blog\/#\/schema\/logo\/image\/\"},\"sameAs\":[\"https:\/\/x.com\/EstratConcursos\"]},{\"@type\":\"Person\",\"@id\":\"https:\/\/www.estrategiaconcursos.com.br\/blog\/#\/schema\/person\/2cb13b8638fe25cd4531fe636a790f3a\",\"name\":\"Gabriela Lubies\",\"image\":{\"@type\":\"ImageObject\",\"inLanguage\":\"pt-BR\",\"@id\":\"https:\/\/secure.gravatar.com\/avatar\/efebe4d92f7b040a543008a54f7f7e52b7fa751332ed16d4b0f9278ffb2996a5?s=96&d=mm&r=g\",\"url\":\"https:\/\/secure.gravatar.com\/avatar\/efebe4d92f7b040a543008a54f7f7e52b7fa751332ed16d4b0f9278ffb2996a5?s=96&d=mm&r=g\",\"contentUrl\":\"https:\/\/secure.gravatar.com\/avatar\/efebe4d92f7b040a543008a54f7f7e52b7fa751332ed16d4b0f9278ffb2996a5?s=96&d=mm&r=g\",\"caption\":\"Gabriela Lubies\"},\"url\":\"https:\/\/www.estrategiaconcursos.com.br\/blog\/author\/gabrielalubiesestrategiaconcursos-com-br\/\"}]}<\/script>\n<!-- \/ Yoast SEO Premium plugin. -->","yoast_head_json":{"title":"Como conciliar fam\u00edlia e estudos?","robots":{"index":"index","follow":"follow","max-snippet":"max-snippet:-1","max-image-preview":"max-image-preview:large","max-video-preview":"max-video-preview:-1"},"canonical":"https:\/\/www.estrategiaconcursos.com.br\/blog\/como-conciliar-familia-e-estudos\/","og_locale":"pt_BR","og_type":"article","og_title":"Como conciliar fam\u00edlia e estudos?","og_description":"Essa parte acho que posso falar com propriedade de causa, afinal, estudei para esse concurso com a \u201ctrupe\u201d completa: marido, dois filhos (sendo um ainda beb\u00ea), cachorro, trabalho&#8230; ufa!! De fato pode assustar, dar uma inseguran\u00e7a, mas estou aqui para mostrar que \u00e9 poss\u00edvel e principalmente para dar algumas dicas que podem auxiliar voc\u00ea que [&hellip;]","og_url":"https:\/\/www.estrategiaconcursos.com.br\/blog\/como-conciliar-familia-e-estudos\/","og_site_name":"Estrat\u00e9gia Concursos","article_published_time":"2016-12-08T21:35:27+00:00","author":"Gabriela Lubies","twitter_card":"summary_large_image","twitter_creator":"@EstratConcursos","twitter_site":"@EstratConcursos","twitter_misc":{"Escrito por":"Gabriela Lubies","Est. tempo de leitura":"6 minutos"},"schema":{"@context":"https:\/\/schema.org","@graph":[{"@type":"NewsArticle","@id":"https:\/\/www.estrategiaconcursos.com.br\/blog\/como-conciliar-familia-e-estudos\/#article","isPartOf":{"@id":"https:\/\/www.estrategiaconcursos.com.br\/blog\/como-conciliar-familia-e-estudos\/"},"author":{"name":"Gabriela Lubies","@id":"https:\/\/www.estrategiaconcursos.com.br\/blog\/#\/schema\/person\/2cb13b8638fe25cd4531fe636a790f3a"},"headline":"Como conciliar fam\u00edlia e estudos?","datePublished":"2016-12-08T21:35:27+00:00","mainEntityOfPage":{"@id":"https:\/\/www.estrategiaconcursos.com.br\/blog\/como-conciliar-familia-e-estudos\/"},"wordCount":1264,"commentCount":10,"publisher":{"@id":"https:\/\/www.estrategiaconcursos.com.br\/blog\/#organization"},"articleSection":["Concursos P\u00fablicos"],"inLanguage":"pt-BR","potentialAction":[{"@type":"CommentAction","name":"Comment","target":["https:\/\/www.estrategiaconcursos.com.br\/blog\/como-conciliar-familia-e-estudos\/#respond"]}],"copyrightYear":"2016","copyrightHolder":{"@id":"https:\/\/www.estrategiaconcursos.com.br\/blog\/#organization"}},{"@type":"WebPage","@id":"https:\/\/www.estrategiaconcursos.com.br\/blog\/como-conciliar-familia-e-estudos\/","url":"https:\/\/www.estrategiaconcursos.com.br\/blog\/como-conciliar-familia-e-estudos\/","name":"Como conciliar fam\u00edlia e estudos?","isPartOf":{"@id":"https:\/\/www.estrategiaconcursos.com.br\/blog\/#website"},"datePublished":"2016-12-08T21:35:27+00:00","breadcrumb":{"@id":"https:\/\/www.estrategiaconcursos.com.br\/blog\/como-conciliar-familia-e-estudos\/#breadcrumb"},"inLanguage":"pt-BR","potentialAction":[{"@type":"ReadAction","target":["https:\/\/www.estrategiaconcursos.com.br\/blog\/como-conciliar-familia-e-estudos\/"]}]},{"@type":"BreadcrumbList","@id":"https:\/\/www.estrategiaconcursos.com.br\/blog\/como-conciliar-familia-e-estudos\/#breadcrumb","itemListElement":[{"@type":"ListItem","position":1,"name":"In\u00edcio","item":"https:\/\/www.estrategiaconcursos.com.br\/blog\/"},{"@type":"ListItem","position":2,"name":"Como conciliar fam\u00edlia e estudos?"}]},{"@type":"WebSite","@id":"https:\/\/www.estrategiaconcursos.com.br\/blog\/#website","url":"https:\/\/www.estrategiaconcursos.com.br\/blog\/","name":"Estrat\u00e9gia Concursos","description":"O blog da Estrat\u00e9gia Concursos traz not\u00edcias sobre concursos e artigos de professores oferecendo cursos para concursos (pdf + videaulas) no site.","publisher":{"@id":"https:\/\/www.estrategiaconcursos.com.br\/blog\/#organization"},"potentialAction":[{"@type":"SearchAction","target":{"@type":"EntryPoint","urlTemplate":"https:\/\/www.estrategiaconcursos.com.br\/blog\/?s={search_term_string}"},"query-input":{"@type":"PropertyValueSpecification","valueRequired":true,"valueName":"search_term_string"}}],"inLanguage":"pt-BR"},{"@type":"Organization","@id":"https:\/\/www.estrategiaconcursos.com.br\/blog\/#organization","name":"Estrat\u00e9gia Concursos","url":"https:\/\/www.estrategiaconcursos.com.br\/blog\/","logo":{"@type":"ImageObject","inLanguage":"pt-BR","@id":"https:\/\/www.estrategiaconcursos.com.br\/blog\/#\/schema\/logo\/image\/","url":"https:\/\/dhg1h5j42swfq.cloudfront.net\/2025\/06\/03203428\/logo_concursos-1.jpg","contentUrl":"https:\/\/dhg1h5j42swfq.cloudfront.net\/2025\/06\/03203428\/logo_concursos-1.jpg","width":230,"height":60,"caption":"Estrat\u00e9gia Concursos"},"image":{"@id":"https:\/\/www.estrategiaconcursos.com.br\/blog\/#\/schema\/logo\/image\/"},"sameAs":["https:\/\/x.com\/EstratConcursos"]},{"@type":"Person","@id":"https:\/\/www.estrategiaconcursos.com.br\/blog\/#\/schema\/person\/2cb13b8638fe25cd4531fe636a790f3a","name":"Gabriela Lubies","image":{"@type":"ImageObject","inLanguage":"pt-BR","@id":"https:\/\/secure.gravatar.com\/avatar\/efebe4d92f7b040a543008a54f7f7e52b7fa751332ed16d4b0f9278ffb2996a5?s=96&d=mm&r=g","url":"https:\/\/secure.gravatar.com\/avatar\/efebe4d92f7b040a543008a54f7f7e52b7fa751332ed16d4b0f9278ffb2996a5?s=96&d=mm&r=g","contentUrl":"https:\/\/secure.gravatar.com\/avatar\/efebe4d92f7b040a543008a54f7f7e52b7fa751332ed16d4b0f9278ffb2996a5?s=96&d=mm&r=g","caption":"Gabriela Lubies"},"url":"https:\/\/www.estrategiaconcursos.com.br\/blog\/author\/gabrielalubiesestrategiaconcursos-com-br\/"}]}},"_links":{"self":[{"href":"https:\/\/www.estrategiaconcursos.com.br\/blog\/wp-json\/wp\/v2\/posts\/57492","targetHints":{"allow":["GET"]}}],"collection":[{"href":"https:\/\/www.estrategiaconcursos.com.br\/blog\/wp-json\/wp\/v2\/posts"}],"about":[{"href":"https:\/\/www.estrategiaconcursos.com.br\/blog\/wp-json\/wp\/v2\/types\/post"}],"author":[{"embeddable":true,"href":"https:\/\/www.estrategiaconcursos.com.br\/blog\/wp-json\/wp\/v2\/users\/348"}],"replies":[{"embeddable":true,"href":"https:\/\/www.estrategiaconcursos.com.br\/blog\/wp-json\/wp\/v2\/comments?post=57492"}],"version-history":[{"count":3,"href":"https:\/\/www.estrategiaconcursos.com.br\/blog\/wp-json\/wp\/v2\/posts\/57492\/revisions"}],"predecessor-version":[{"id":57497,"href":"https:\/\/www.estrategiaconcursos.com.br\/blog\/wp-json\/wp\/v2\/posts\/57492\/revisions\/57497"}],"wp:attachment":[{"href":"https:\/\/www.estrategiaconcursos.com.br\/blog\/wp-json\/wp\/v2\/media?parent=57492"}],"wp:term":[{"taxonomy":"category","embeddable":true,"href":"https:\/\/www.estrategiaconcursos.com.br\/blog\/wp-json\/wp\/v2\/categories?post=57492"},{"taxonomy":"post_tag","embeddable":true,"href":"https:\/\/www.estrategiaconcursos.com.br\/blog\/wp-json\/wp\/v2\/tags?post=57492"},{"taxonomy":"tax_estado","embeddable":true,"href":"https:\/\/www.estrategiaconcursos.com.br\/blog\/wp-json\/wp\/v2\/tax_estado?post=57492"}],"curies":[{"name":"wp","href":"https:\/\/api.w.org\/{rel}","templated":true}]}}