{"id":574799,"date":"2020-10-27T18:08:02","date_gmt":"2020-10-27T21:08:02","guid":{"rendered":"https:\/\/www.estrategiaconcursos.com.br\/blog\/?p=574799"},"modified":"2020-10-01T09:50:04","modified_gmt":"2020-10-01T12:50:04","slug":"colaboracao-premiada-e-jurisprudencia","status":"publish","type":"post","link":"https:\/\/www.estrategiaconcursos.com.br\/blog\/colaboracao-premiada-e-jurisprudencia\/","title":{"rendered":"Colabora\u00e7\u00e3o Premiada e Jurisprud\u00eancia: Seja Magistrado Federal"},"content":{"rendered":"\n<p>O professor <strong>Michael Proc\u00f3pio<\/strong> ministra nesta ter\u00e7a-feira, 27 de outubro de 2020, \u00e0s 19:00, o s\u00e9timo epis\u00f3dio da s\u00e9rie <strong>Seja Magistrado Federal<\/strong>, no qual tratar\u00e1 do tema \u201c<em>Colabora\u00e7\u00e3o Premiada e Jurisprud\u00eancia<\/em>\u201d. Acompanhe ao vivo e gratuitamente no canal do Estrat\u00e9gia Carreira Jur\u00eddica.<\/p>\n\n\n\n<h4 class=\"wp-block-heading\">Colabora\u00e7\u00e3o Premiada e Jurisprud\u00eancia \u2013 Cronograma<\/h4>\n\n\n\n<p><strong>Data<\/strong>: 27 de outubro de 2020<br \/><strong>Hor\u00e1rio<\/strong>: 19:00<br \/><strong>Onde<\/strong>:&nbsp;<a rel=\"noreferrer noopener\" href=\"https:\/\/www.youtube.com\/c\/Estrat%C3%A9giaCarreiraJur%C3%ADdica\/videos?view=2&amp;live_view=502\" target=\"_blank\">Canal do Estrat\u00e9gia Carreira Jur\u00eddica no Youtube<\/a><br \/><strong>Professor<\/strong>: Michael Proc\u00f3pio <\/p>\n\n\n\n<p class=\"has-text-align-center has-pale-pink-background-color has-background has-medium-font-size\"><strong><a href=\"https:\/\/www.youtube.com\/c\/Estrat%C3%A9giaCarreiraJur%C3%ADdica\/videos?view=2&amp;live_view=502\">CLIQUE AQUI E ACESSE O EVENTO AO VIVO<\/a> <\/strong><\/p>\n\n\n\n<h4 class=\"wp-block-heading\">Colabora\u00e7\u00e3o Premiada e Jurisprud\u00eancia \u2013 Curiosidades<\/h4>\n\n\n\n<p>Diferente do que pensa a maioria dos estudantes e operadores do Direito, os institutos da Dela\u00e7\u00e3o Premiada e da Colabora\u00e7\u00e3o Premiada s\u00e3o diferentes entre si, de maneira que o segundo engloba o primeiro. <\/p>\n\n\n\n<p>A Colabora\u00e7\u00e3o Premiada foi institu\u00edda no Brasil pelas Conven\u00e7\u00f5es de Palermo e M\u00e9rida, e prev\u00ea que o Estado incentivar\u00e1 aqueles que participam ou tenham participado de organiza\u00e7\u00f5es criminosas a colaborarem com as autoridades nas investiga\u00e7\u00f5es dos crimes, com possibilidade de receberem redu\u00e7\u00e3o de sua pena. <\/p>\n\n\n\n<p>A t\u00edtulo de exemplo, o colaborador pode contribuir para a localiza\u00e7\u00e3o ou liberta\u00e7\u00e3o da v\u00edtima sequestrada, para a recupera\u00e7\u00e3o do bens oriundos do crime, dentre outras atitudes aptas a lhe recompensar. <\/p>\n\n\n\n<p>J\u00e1 a dela\u00e7\u00e3o premiada \u00e9 o ato pelo qual o acusado confessa a responsabilidade pelo crime e incrimina outra pessoa como coautor ou part\u00edcipe da infra\u00e7\u00e3o, discriminando sua conduta, podendo ter sua pena reduzida e at\u00e9 mesmo receber o perd\u00e3o judicial quando contribui para o desmantelamento da associa\u00e7\u00e3o criminosa. <\/p>\n\n\n\n<p>De qualquer maneira, ambos os institutos s\u00e3o aceitos pela jurisprud\u00eancia brasileira que, vez por outra, altera algumas de suas interpreta\u00e7\u00f5es quanto aos institutos. Para entender como isso se d\u00e1, n\u00e3o perca o evento de hoje!<\/p>\n\n\n\n<p class=\"has-text-align-center has-medium-font-size\"><strong><em><strong>Sistema de Quest\u00f5es<\/strong><\/em><\/strong> <\/p>\n\n\n\n<p class=\"has-text-align-center\">Estrat\u00e9gia Quest\u00f5es nasceu maior do que todos os concorrentes, com mais quest\u00f5es cadastradas e mais solu\u00e7\u00f5es por professores. Clique no link e aproveite os descontos e b\u00f4nus imperd\u00edveis!<\/p>\n\n\n\n<p class=\"has-text-align-center has-very-dark-gray-color has-vivid-green-cyan-background-color has-text-color has-background\" style=\"font-size:clamp(14.642px, 0.915rem + ((1vw - 3.2px) * 0.721), 22px);px\"><strong>ASSINE AGORA &#8211; <a href=\"https:\/\/www.estrategiaconcursos.com.br\/cursosPorConcurso\/sistema-de-questoes\/#\/\" target=\"_blank\" rel=\"noreferrer noopener\">Sistema de Quest\u00f5es<\/a><\/strong><\/p>\n\n\n\n<h2 class=\"has-text-align-center wp-block-heading\" id=\"ASSINATURA\">Quer estudar para concursos jur\u00eddicos?<\/h2>\n\n\n\n<p class=\"has-text-align-center has-luminous-vivid-amber-background-color has-background\" style=\"font-size:clamp(14.642px, 0.915rem + ((1vw - 3.2px) * 0.721), 22px);px\"><strong><a href=\"https:\/\/www.estrategiaconcursos.com.br\/cursos\/concurso\/\" target=\"_blank\" rel=\"noreferrer noopener\">Cursos Concursos<\/a><\/strong><\/p>\n\n\n\n<p class=\"has-text-align-center\"><em><strong>Fique por dentro de todos os concursos<\/strong><\/em>:<\/p>\n\n\n\n<p class=\"has-text-align-center has-pale-cyan-blue-background-color has-background has-medium-font-size\"><strong><a href=\"https:\/\/www.estrategiaconcursos.com.br\/blog\/concursos-abertos\/\" target=\"_blank\" rel=\"noreferrer noopener\">Concursos abertos<\/a><\/strong><\/p>\n\n\n\n<p class=\"has-text-align-center has-pale-cyan-blue-background-color has-background has-medium-font-size\"><a href=\"https:\/\/www.estrategiaconcursos.com.br\/blog\/concursos-2020\/\" target=\"_blank\" rel=\"noreferrer noopener\"><strong>Concursos 2020<\/strong><\/a><\/p>\n\n\n\n<p class=\"has-text-align-center has-pale-cyan-blue-background-color has-background has-medium-font-size\"><strong><a rel=\"noreferrer noopener\" href=\"https:\/\/www.estrategiaconcursos.com.br\/blog\/concursos-2021\/\" target=\"_blank\">Concursos 2021<\/a><\/strong><\/p>\n\n\n\n<p class=\"has-text-align-center has-very-light-gray-background-color has-background has-medium-font-size\"><strong><a href=\"https:\/\/www.estrategiaconcursos.com.br\/blog\/concursos-de-direito\/\" target=\"_blank\" rel=\"noreferrer noopener\">Concursos de Direito<\/a><\/strong><\/p>\n","protected":false},"excerpt":{"rendered":"<p>O professor Michael Proc\u00f3pio ministra nesta ter\u00e7a-feira, 27 de outubro de 2020, \u00e0s 19:00, o s\u00e9timo epis\u00f3dio da s\u00e9rie Seja Magistrado Federal, no qual tratar\u00e1 do tema \u201cColabora\u00e7\u00e3o Premiada e Jurisprud\u00eancia\u201d. Acompanhe ao vivo e gratuitamente no canal do Estrat\u00e9gia Carreira Jur\u00eddica. Colabora\u00e7\u00e3o Premiada e Jurisprud\u00eancia \u2013 Cronograma Data: 27 de outubro de 2020Hor\u00e1rio: 19:00Onde:&nbsp;Canal [&hellip;]<\/p>\n","protected":false},"author":833,"featured_media":581107,"comment_status":"open","ping_status":"closed","sticky":false,"template":"","format":"standard","meta":{"post_tipo":"article","footnotes":""},"categories":[1,2185],"tags":[],"tax_estado":[],"class_list":["post-574799","post","type-post","status-publish","format-standard","has-post-thumbnail","hentry","category-cursos-e-concursos","category-carreiras-juridicas"],"acf":[],"yoast_head":"<!-- This site is optimized with the Yoast SEO Premium plugin v27.2 (Yoast SEO v27.2) - https:\/\/yoast.com\/product\/yoast-seo-premium-wordpress\/ -->\n<title>Colabora\u00e7\u00e3o Premiada e Jurisprud\u00eancia: Seja Magistrado Federal<\/title>\n<meta name=\"description\" content=\"Neste evento, o professor Michael Proc\u00f3pio ir\u00e1 tratar do tema Colabora\u00e7\u00e3o Premiada e Jurisprud\u00eancia para contribuir com seus estudos para a magistratura!\" \/>\n<meta name=\"robots\" content=\"index, follow, max-snippet:-1, max-image-preview:large, max-video-preview:-1\" \/>\n<link rel=\"canonical\" href=\"https:\/\/www.estrategiaconcursos.com.br\/blog\/colaboracao-premiada-e-jurisprudencia\/\" \/>\n<meta property=\"og:locale\" content=\"pt_BR\" \/>\n<meta property=\"og:type\" content=\"article\" \/>\n<meta property=\"og:title\" content=\"Colabora\u00e7\u00e3o Premiada e Jurisprud\u00eancia: Seja Magistrado Federal\" \/>\n<meta property=\"og:description\" content=\"Neste evento, o professor Michael Proc\u00f3pio ir\u00e1 tratar do tema Colabora\u00e7\u00e3o Premiada e Jurisprud\u00eancia para contribuir com seus estudos para a magistratura!\" \/>\n<meta property=\"og:url\" content=\"https:\/\/www.estrategiaconcursos.com.br\/blog\/colaboracao-premiada-e-jurisprudencia\/\" \/>\n<meta property=\"og:site_name\" content=\"Estrat\u00e9gia Concursos\" \/>\n<meta property=\"article:published_time\" content=\"2020-10-27T21:08:02+00:00\" \/>\n<meta property=\"og:image\" content=\"https:\/\/dhg1h5j42swfq.cloudfront.net\/2020\/10\/01094844\/acordo-1024x5351499276447-1.jpg\" \/>\n\t<meta property=\"og:image:width\" content=\"1024\" \/>\n\t<meta property=\"og:image:height\" content=\"535\" \/>\n\t<meta property=\"og:image:type\" content=\"image\/jpeg\" \/>\n<meta name=\"author\" content=\"Jean Vilbert\" \/>\n<meta name=\"twitter:card\" content=\"summary_large_image\" \/>\n<meta name=\"twitter:creator\" content=\"@EstratConcursos\" \/>\n<meta name=\"twitter:site\" content=\"@EstratConcursos\" \/>\n<meta name=\"twitter:label1\" content=\"Escrito por\" \/>\n\t<meta name=\"twitter:data1\" content=\"Jean Vilbert\" \/>\n\t<meta name=\"twitter:label2\" content=\"Est. tempo de leitura\" \/>\n\t<meta name=\"twitter:data2\" content=\"2 minutos\" \/>\n<script type=\"application\/ld+json\" class=\"yoast-schema-graph\">{\"@context\":\"https:\/\/schema.org\",\"@graph\":[{\"@type\":\"NewsArticle\",\"@id\":\"https:\/\/www.estrategiaconcursos.com.br\/blog\/colaboracao-premiada-e-jurisprudencia\/#article\",\"isPartOf\":{\"@id\":\"https:\/\/www.estrategiaconcursos.com.br\/blog\/colaboracao-premiada-e-jurisprudencia\/\"},\"author\":{\"name\":\"Jean Vilbert\",\"@id\":\"https:\/\/www.estrategiaconcursos.com.br\/blog\/#\/schema\/person\/475a0922f10cff0d1bc8bfecde05f999\"},\"headline\":\"Colabora\u00e7\u00e3o Premiada e Jurisprud\u00eancia: Seja Magistrado Federal\",\"datePublished\":\"2020-10-27T21:08:02+00:00\",\"mainEntityOfPage\":{\"@id\":\"https:\/\/www.estrategiaconcursos.com.br\/blog\/colaboracao-premiada-e-jurisprudencia\/\"},\"wordCount\":383,\"commentCount\":0,\"publisher\":{\"@id\":\"https:\/\/www.estrategiaconcursos.com.br\/blog\/#organization\"},\"image\":{\"@id\":\"https:\/\/www.estrategiaconcursos.com.br\/blog\/colaboracao-premiada-e-jurisprudencia\/#primaryimage\"},\"thumbnailUrl\":\"https:\/\/dhg1h5j42swfq.cloudfront.net\/2020\/10\/01094844\/acordo-1024x5351499276447-1.jpg\",\"articleSection\":[\"Concursos P\u00fablicos\",\"Jur\u00eddico\"],\"inLanguage\":\"pt-BR\",\"potentialAction\":[{\"@type\":\"CommentAction\",\"name\":\"Comment\",\"target\":[\"https:\/\/www.estrategiaconcursos.com.br\/blog\/colaboracao-premiada-e-jurisprudencia\/#respond\"]}],\"copyrightYear\":\"2020\",\"copyrightHolder\":{\"@id\":\"https:\/\/www.estrategiaconcursos.com.br\/blog\/#organization\"}},{\"@type\":\"WebPage\",\"@id\":\"https:\/\/www.estrategiaconcursos.com.br\/blog\/colaboracao-premiada-e-jurisprudencia\/\",\"url\":\"https:\/\/www.estrategiaconcursos.com.br\/blog\/colaboracao-premiada-e-jurisprudencia\/\",\"name\":\"Colabora\u00e7\u00e3o Premiada e Jurisprud\u00eancia: Seja Magistrado Federal\",\"isPartOf\":{\"@id\":\"https:\/\/www.estrategiaconcursos.com.br\/blog\/#website\"},\"primaryImageOfPage\":{\"@id\":\"https:\/\/www.estrategiaconcursos.com.br\/blog\/colaboracao-premiada-e-jurisprudencia\/#primaryimage\"},\"image\":{\"@id\":\"https:\/\/www.estrategiaconcursos.com.br\/blog\/colaboracao-premiada-e-jurisprudencia\/#primaryimage\"},\"thumbnailUrl\":\"https:\/\/dhg1h5j42swfq.cloudfront.net\/2020\/10\/01094844\/acordo-1024x5351499276447-1.jpg\",\"datePublished\":\"2020-10-27T21:08:02+00:00\",\"description\":\"Neste evento, o professor Michael Proc\u00f3pio ir\u00e1 tratar do tema Colabora\u00e7\u00e3o Premiada e Jurisprud\u00eancia para contribuir com seus estudos para a magistratura!\",\"breadcrumb\":{\"@id\":\"https:\/\/www.estrategiaconcursos.com.br\/blog\/colaboracao-premiada-e-jurisprudencia\/#breadcrumb\"},\"inLanguage\":\"pt-BR\",\"potentialAction\":[{\"@type\":\"ReadAction\",\"target\":[\"https:\/\/www.estrategiaconcursos.com.br\/blog\/colaboracao-premiada-e-jurisprudencia\/\"]}]},{\"@type\":\"ImageObject\",\"inLanguage\":\"pt-BR\",\"@id\":\"https:\/\/www.estrategiaconcursos.com.br\/blog\/colaboracao-premiada-e-jurisprudencia\/#primaryimage\",\"url\":\"https:\/\/dhg1h5j42swfq.cloudfront.net\/2020\/10\/01094844\/acordo-1024x5351499276447-1.jpg\",\"contentUrl\":\"https:\/\/dhg1h5j42swfq.cloudfront.net\/2020\/10\/01094844\/acordo-1024x5351499276447-1.jpg\",\"width\":1024,\"height\":535,\"caption\":\"Jurisprud\u00eancia\"},{\"@type\":\"BreadcrumbList\",\"@id\":\"https:\/\/www.estrategiaconcursos.com.br\/blog\/colaboracao-premiada-e-jurisprudencia\/#breadcrumb\",\"itemListElement\":[{\"@type\":\"ListItem\",\"position\":1,\"name\":\"In\u00edcio\",\"item\":\"https:\/\/www.estrategiaconcursos.com.br\/blog\/\"},{\"@type\":\"ListItem\",\"position\":2,\"name\":\"Colabora\u00e7\u00e3o Premiada e Jurisprud\u00eancia: Seja Magistrado Federal\"}]},{\"@type\":\"WebSite\",\"@id\":\"https:\/\/www.estrategiaconcursos.com.br\/blog\/#website\",\"url\":\"https:\/\/www.estrategiaconcursos.com.br\/blog\/\",\"name\":\"Estrat\u00e9gia Concursos\",\"description\":\"O blog da Estrat\u00e9gia Concursos traz not\u00edcias sobre concursos e artigos de professores oferecendo cursos para concursos (pdf + videaulas) no site.\",\"publisher\":{\"@id\":\"https:\/\/www.estrategiaconcursos.com.br\/blog\/#organization\"},\"potentialAction\":[{\"@type\":\"SearchAction\",\"target\":{\"@type\":\"EntryPoint\",\"urlTemplate\":\"https:\/\/www.estrategiaconcursos.com.br\/blog\/?s={search_term_string}\"},\"query-input\":{\"@type\":\"PropertyValueSpecification\",\"valueRequired\":true,\"valueName\":\"search_term_string\"}}],\"inLanguage\":\"pt-BR\"},{\"@type\":\"Organization\",\"@id\":\"https:\/\/www.estrategiaconcursos.com.br\/blog\/#organization\",\"name\":\"Estrat\u00e9gia Concursos\",\"url\":\"https:\/\/www.estrategiaconcursos.com.br\/blog\/\",\"logo\":{\"@type\":\"ImageObject\",\"inLanguage\":\"pt-BR\",\"@id\":\"https:\/\/www.estrategiaconcursos.com.br\/blog\/#\/schema\/logo\/image\/\",\"url\":\"https:\/\/dhg1h5j42swfq.cloudfront.net\/2025\/06\/03203428\/logo_concursos-1.jpg\",\"contentUrl\":\"https:\/\/dhg1h5j42swfq.cloudfront.net\/2025\/06\/03203428\/logo_concursos-1.jpg\",\"width\":230,\"height\":60,\"caption\":\"Estrat\u00e9gia Concursos\"},\"image\":{\"@id\":\"https:\/\/www.estrategiaconcursos.com.br\/blog\/#\/schema\/logo\/image\/\"},\"sameAs\":[\"https:\/\/x.com\/EstratConcursos\"]},{\"@type\":\"Person\",\"@id\":\"https:\/\/www.estrategiaconcursos.com.br\/blog\/#\/schema\/person\/475a0922f10cff0d1bc8bfecde05f999\",\"name\":\"Jean Vilbert\",\"image\":{\"@type\":\"ImageObject\",\"inLanguage\":\"pt-BR\",\"@id\":\"https:\/\/secure.gravatar.com\/avatar\/1667694e4ebdd32feeac9ea2794de3f0470b5c55c6198181ab0b0c333b121921?s=96&d=mm&r=g\",\"url\":\"https:\/\/secure.gravatar.com\/avatar\/1667694e4ebdd32feeac9ea2794de3f0470b5c55c6198181ab0b0c333b121921?s=96&d=mm&r=g\",\"contentUrl\":\"https:\/\/secure.gravatar.com\/avatar\/1667694e4ebdd32feeac9ea2794de3f0470b5c55c6198181ab0b0c333b121921?s=96&d=mm&r=g\",\"caption\":\"Jean Vilbert\"},\"url\":\"https:\/\/www.estrategiaconcursos.com.br\/blog\/author\/jeanvilbertgmail-com\/\"}]}<\/script>\n<!-- \/ Yoast SEO Premium plugin. -->","yoast_head_json":{"title":"Colabora\u00e7\u00e3o Premiada e Jurisprud\u00eancia: Seja Magistrado Federal","description":"Neste evento, o professor Michael Proc\u00f3pio ir\u00e1 tratar do tema Colabora\u00e7\u00e3o Premiada e Jurisprud\u00eancia para contribuir com seus estudos para a magistratura!","robots":{"index":"index","follow":"follow","max-snippet":"max-snippet:-1","max-image-preview":"max-image-preview:large","max-video-preview":"max-video-preview:-1"},"canonical":"https:\/\/www.estrategiaconcursos.com.br\/blog\/colaboracao-premiada-e-jurisprudencia\/","og_locale":"pt_BR","og_type":"article","og_title":"Colabora\u00e7\u00e3o Premiada e Jurisprud\u00eancia: Seja Magistrado Federal","og_description":"Neste evento, o professor Michael Proc\u00f3pio ir\u00e1 tratar do tema Colabora\u00e7\u00e3o Premiada e Jurisprud\u00eancia para contribuir com seus estudos para a magistratura!","og_url":"https:\/\/www.estrategiaconcursos.com.br\/blog\/colaboracao-premiada-e-jurisprudencia\/","og_site_name":"Estrat\u00e9gia Concursos","article_published_time":"2020-10-27T21:08:02+00:00","og_image":[{"width":1024,"height":535,"url":"https:\/\/dhg1h5j42swfq.cloudfront.net\/2020\/10\/01094844\/acordo-1024x5351499276447-1.jpg","type":"image\/jpeg"}],"author":"Jean Vilbert","twitter_card":"summary_large_image","twitter_creator":"@EstratConcursos","twitter_site":"@EstratConcursos","twitter_misc":{"Escrito por":"Jean Vilbert","Est. tempo de leitura":"2 minutos"},"schema":{"@context":"https:\/\/schema.org","@graph":[{"@type":"NewsArticle","@id":"https:\/\/www.estrategiaconcursos.com.br\/blog\/colaboracao-premiada-e-jurisprudencia\/#article","isPartOf":{"@id":"https:\/\/www.estrategiaconcursos.com.br\/blog\/colaboracao-premiada-e-jurisprudencia\/"},"author":{"name":"Jean Vilbert","@id":"https:\/\/www.estrategiaconcursos.com.br\/blog\/#\/schema\/person\/475a0922f10cff0d1bc8bfecde05f999"},"headline":"Colabora\u00e7\u00e3o Premiada e Jurisprud\u00eancia: Seja Magistrado Federal","datePublished":"2020-10-27T21:08:02+00:00","mainEntityOfPage":{"@id":"https:\/\/www.estrategiaconcursos.com.br\/blog\/colaboracao-premiada-e-jurisprudencia\/"},"wordCount":383,"commentCount":0,"publisher":{"@id":"https:\/\/www.estrategiaconcursos.com.br\/blog\/#organization"},"image":{"@id":"https:\/\/www.estrategiaconcursos.com.br\/blog\/colaboracao-premiada-e-jurisprudencia\/#primaryimage"},"thumbnailUrl":"https:\/\/dhg1h5j42swfq.cloudfront.net\/2020\/10\/01094844\/acordo-1024x5351499276447-1.jpg","articleSection":["Concursos P\u00fablicos","Jur\u00eddico"],"inLanguage":"pt-BR","potentialAction":[{"@type":"CommentAction","name":"Comment","target":["https:\/\/www.estrategiaconcursos.com.br\/blog\/colaboracao-premiada-e-jurisprudencia\/#respond"]}],"copyrightYear":"2020","copyrightHolder":{"@id":"https:\/\/www.estrategiaconcursos.com.br\/blog\/#organization"}},{"@type":"WebPage","@id":"https:\/\/www.estrategiaconcursos.com.br\/blog\/colaboracao-premiada-e-jurisprudencia\/","url":"https:\/\/www.estrategiaconcursos.com.br\/blog\/colaboracao-premiada-e-jurisprudencia\/","name":"Colabora\u00e7\u00e3o Premiada e Jurisprud\u00eancia: Seja Magistrado Federal","isPartOf":{"@id":"https:\/\/www.estrategiaconcursos.com.br\/blog\/#website"},"primaryImageOfPage":{"@id":"https:\/\/www.estrategiaconcursos.com.br\/blog\/colaboracao-premiada-e-jurisprudencia\/#primaryimage"},"image":{"@id":"https:\/\/www.estrategiaconcursos.com.br\/blog\/colaboracao-premiada-e-jurisprudencia\/#primaryimage"},"thumbnailUrl":"https:\/\/dhg1h5j42swfq.cloudfront.net\/2020\/10\/01094844\/acordo-1024x5351499276447-1.jpg","datePublished":"2020-10-27T21:08:02+00:00","description":"Neste evento, o professor Michael Proc\u00f3pio ir\u00e1 tratar do tema Colabora\u00e7\u00e3o Premiada e Jurisprud\u00eancia para contribuir com seus estudos para a magistratura!","breadcrumb":{"@id":"https:\/\/www.estrategiaconcursos.com.br\/blog\/colaboracao-premiada-e-jurisprudencia\/#breadcrumb"},"inLanguage":"pt-BR","potentialAction":[{"@type":"ReadAction","target":["https:\/\/www.estrategiaconcursos.com.br\/blog\/colaboracao-premiada-e-jurisprudencia\/"]}]},{"@type":"ImageObject","inLanguage":"pt-BR","@id":"https:\/\/www.estrategiaconcursos.com.br\/blog\/colaboracao-premiada-e-jurisprudencia\/#primaryimage","url":"https:\/\/dhg1h5j42swfq.cloudfront.net\/2020\/10\/01094844\/acordo-1024x5351499276447-1.jpg","contentUrl":"https:\/\/dhg1h5j42swfq.cloudfront.net\/2020\/10\/01094844\/acordo-1024x5351499276447-1.jpg","width":1024,"height":535,"caption":"Jurisprud\u00eancia"},{"@type":"BreadcrumbList","@id":"https:\/\/www.estrategiaconcursos.com.br\/blog\/colaboracao-premiada-e-jurisprudencia\/#breadcrumb","itemListElement":[{"@type":"ListItem","position":1,"name":"In\u00edcio","item":"https:\/\/www.estrategiaconcursos.com.br\/blog\/"},{"@type":"ListItem","position":2,"name":"Colabora\u00e7\u00e3o Premiada e Jurisprud\u00eancia: Seja Magistrado Federal"}]},{"@type":"WebSite","@id":"https:\/\/www.estrategiaconcursos.com.br\/blog\/#website","url":"https:\/\/www.estrategiaconcursos.com.br\/blog\/","name":"Estrat\u00e9gia Concursos","description":"O blog da Estrat\u00e9gia Concursos traz not\u00edcias sobre concursos e artigos de professores oferecendo cursos para concursos (pdf + videaulas) no site.","publisher":{"@id":"https:\/\/www.estrategiaconcursos.com.br\/blog\/#organization"},"potentialAction":[{"@type":"SearchAction","target":{"@type":"EntryPoint","urlTemplate":"https:\/\/www.estrategiaconcursos.com.br\/blog\/?s={search_term_string}"},"query-input":{"@type":"PropertyValueSpecification","valueRequired":true,"valueName":"search_term_string"}}],"inLanguage":"pt-BR"},{"@type":"Organization","@id":"https:\/\/www.estrategiaconcursos.com.br\/blog\/#organization","name":"Estrat\u00e9gia Concursos","url":"https:\/\/www.estrategiaconcursos.com.br\/blog\/","logo":{"@type":"ImageObject","inLanguage":"pt-BR","@id":"https:\/\/www.estrategiaconcursos.com.br\/blog\/#\/schema\/logo\/image\/","url":"https:\/\/dhg1h5j42swfq.cloudfront.net\/2025\/06\/03203428\/logo_concursos-1.jpg","contentUrl":"https:\/\/dhg1h5j42swfq.cloudfront.net\/2025\/06\/03203428\/logo_concursos-1.jpg","width":230,"height":60,"caption":"Estrat\u00e9gia Concursos"},"image":{"@id":"https:\/\/www.estrategiaconcursos.com.br\/blog\/#\/schema\/logo\/image\/"},"sameAs":["https:\/\/x.com\/EstratConcursos"]},{"@type":"Person","@id":"https:\/\/www.estrategiaconcursos.com.br\/blog\/#\/schema\/person\/475a0922f10cff0d1bc8bfecde05f999","name":"Jean Vilbert","image":{"@type":"ImageObject","inLanguage":"pt-BR","@id":"https:\/\/secure.gravatar.com\/avatar\/1667694e4ebdd32feeac9ea2794de3f0470b5c55c6198181ab0b0c333b121921?s=96&d=mm&r=g","url":"https:\/\/secure.gravatar.com\/avatar\/1667694e4ebdd32feeac9ea2794de3f0470b5c55c6198181ab0b0c333b121921?s=96&d=mm&r=g","contentUrl":"https:\/\/secure.gravatar.com\/avatar\/1667694e4ebdd32feeac9ea2794de3f0470b5c55c6198181ab0b0c333b121921?s=96&d=mm&r=g","caption":"Jean Vilbert"},"url":"https:\/\/www.estrategiaconcursos.com.br\/blog\/author\/jeanvilbertgmail-com\/"}]}},"_links":{"self":[{"href":"https:\/\/www.estrategiaconcursos.com.br\/blog\/wp-json\/wp\/v2\/posts\/574799","targetHints":{"allow":["GET"]}}],"collection":[{"href":"https:\/\/www.estrategiaconcursos.com.br\/blog\/wp-json\/wp\/v2\/posts"}],"about":[{"href":"https:\/\/www.estrategiaconcursos.com.br\/blog\/wp-json\/wp\/v2\/types\/post"}],"author":[{"embeddable":true,"href":"https:\/\/www.estrategiaconcursos.com.br\/blog\/wp-json\/wp\/v2\/users\/833"}],"replies":[{"embeddable":true,"href":"https:\/\/www.estrategiaconcursos.com.br\/blog\/wp-json\/wp\/v2\/comments?post=574799"}],"version-history":[{"count":11,"href":"https:\/\/www.estrategiaconcursos.com.br\/blog\/wp-json\/wp\/v2\/posts\/574799\/revisions"}],"predecessor-version":[{"id":581106,"href":"https:\/\/www.estrategiaconcursos.com.br\/blog\/wp-json\/wp\/v2\/posts\/574799\/revisions\/581106"}],"wp:featuredmedia":[{"embeddable":true,"href":"https:\/\/www.estrategiaconcursos.com.br\/blog\/wp-json\/wp\/v2\/media\/581107"}],"wp:attachment":[{"href":"https:\/\/www.estrategiaconcursos.com.br\/blog\/wp-json\/wp\/v2\/media?parent=574799"}],"wp:term":[{"taxonomy":"category","embeddable":true,"href":"https:\/\/www.estrategiaconcursos.com.br\/blog\/wp-json\/wp\/v2\/categories?post=574799"},{"taxonomy":"post_tag","embeddable":true,"href":"https:\/\/www.estrategiaconcursos.com.br\/blog\/wp-json\/wp\/v2\/tags?post=574799"},{"taxonomy":"tax_estado","embeddable":true,"href":"https:\/\/www.estrategiaconcursos.com.br\/blog\/wp-json\/wp\/v2\/tax_estado?post=574799"}],"curies":[{"name":"wp","href":"https:\/\/api.w.org\/{rel}","templated":true}]}}