{"id":574707,"date":"2020-09-25T13:31:19","date_gmt":"2020-09-25T16:31:19","guid":{"rendered":"https:\/\/www.estrategiaconcursos.com.br\/blog\/?p=574707"},"modified":"2020-09-25T13:31:21","modified_gmt":"2020-09-25T16:31:21","slug":"ado-30","status":"publish","type":"post","link":"https:\/\/www.estrategiaconcursos.com.br\/blog\/ado-30\/","title":{"rendered":"ADO 30 \u2013 STF estende a deficientes auditivos o direito \u00e0 isen\u00e7\u00e3o de IPI"},"content":{"rendered":"\n<p>Ol\u00e1 pessoal, no artigo de hoje veremos a decis\u00e3o do Plen\u00e1rio do Supremo Tribunal Federal que estendeu a isen\u00e7\u00e3o de IPI a deficientes auditivos na compra de autom\u00f3veis (ADO 30) e quais os poss\u00edveis desdobramentos da decis\u00e3o. J\u00e1 aviso que \u00e9 um <strong>tema bem recente e pol\u00eamico<\/strong>, veremos o porqu\u00ea.<\/p>\n\n\n\n<p class=\"has-text-align-center\"><a href=\"http:\/\/Mat\u00e9ria no site do Supremo http:\/\/www.stf.jus.br\/portal\/cms\/verNoticiaDetalhe.asp?idConteudo=450272\" data-type=\"URL\" data-id=\"Mat\u00e9ria no site do Supremo http:\/\/www.stf.jus.br\/portal\/cms\/verNoticiaDetalhe.asp?idConteudo=450272\">Mat\u00e9ria no site do Supremo<\/a><\/p>\n\n\n\n<div class=\"wp-block-image\"><figure class=\"aligncenter size-large\"><img loading=\"lazy\" decoding=\"async\" width=\"296\" height=\"170\" src=\"https:\/\/dhg1h5j42swfq.cloudfront.net\/2020\/09\/19103606\/image-152.png\" alt=\"ADO 30 \u2013 STF estende a deficientes auditivos o direito \u00e0 isen\u00e7\u00e3o de IPI \" class=\"wp-image-574715\"\/><figcaption>STF &#8211; ADO 30<\/figcaption><\/figure><\/div>\n\n\n\n<h2 class=\"wp-block-heading\">Entendendo o caso<\/h2>\n\n\n\n<p>A celeuma iniciou com o pedido de extens\u00e3o de isen\u00e7\u00e3o de IPI na aquisi\u00e7\u00e3o de ve\u00edculos por deficientes auditivos, uma vez que Lei 8.989\/1995 previa a isen\u00e7\u00e3o apenas para deficientes f\u00edsicos, visuais, mentais e autistas. Assim, a A\u00e7\u00e3o Direta de Inconstitucionalidade por Omiss\u00e3o (ADO) foi ajuizada no STF pelo PGR. Vejamos o in\u00edcio do caso no site do STF:<\/p>\n\n\n\n<p><em>\u201cO <strong>procurador-geral da Rep\u00fablica<\/strong>, Rodrigo Janot, <strong>ajuizou no<\/strong> Supremo Tribunal Federal (<strong>STF<\/strong>), uma <span class=\"has-inline-color has-vivid-cyan-blue-color\"><strong>a\u00e7\u00e3o<\/strong> <\/span>pedindo que <strong><span class=\"has-inline-color has-vivid-cyan-blue-color\">seja estendido aos deficientes auditivos benef\u00edcio fiscal<\/span> para a aquisi\u00e7\u00e3o de autom\u00f3veis<\/strong>.<\/em><\/p>\n\n\n\n<p><em>(&#8230;)<\/em><\/p>\n\n\n\n<p><strong><em><span class=\"has-inline-color has-vivid-green-cyan-color\">Segundo a ADI, a omiss\u00e3o implica viola\u00e7\u00e3o ao princ\u00edpio da dignidade da pessoa humana e da isonomia<\/span><\/em><\/strong><em>, previstos no artigo 1\u00ba, inciso III, e no artigo 5\u00ba, caput, da Constitui\u00e7\u00e3o Federal. Para Janot, a isen\u00e7\u00e3o do IPI para autom\u00f3veis adquiridos por deficientes condiz com o princ\u00edpio da dignidade da pessoa humana, mas a aus\u00eancia desse direito para os deficientes auditivos cria uma discrimina\u00e7\u00e3o injustificada. O inciso IV do artigo 1\u00ba da <strong>Lei 8.989\/1995 prev\u00ea a isen\u00e7\u00e3o para deficientes f\u00edsicos, visuais, mentais e autistas<\/strong>.\u201d<\/em><\/p>\n\n\n\n<p class=\"has-text-align-center\"><a href=\"http:\/\/stf.jus.br\/portal\/cms\/verNoticiaDetalhe.asp?idConteudo=289200\" data-type=\"URL\" data-id=\"http:\/\/stf.jus.br\/portal\/cms\/verNoticiaDetalhe.asp?idConteudo=289200\">Mat\u00e9ria no site do Supremo<\/a><\/p>\n\n\n\n<p>At\u00e9 aqui tudo tranquilo, afinal o PGR \u00e9 um dos legitimados a propor\u00e7\u00e3o a\u00e7\u00e3o de inconstitucionalidade (CF, Art. 103, VI).<\/p>\n\n\n\n<h2 class=\"wp-block-heading\">Da decis\u00e3o<\/h2>\n\n\n\n<p>A ADO 30 estava sob a relatoria do ministro Dias Toffoli que proferiu o seguinte voto:<\/p>\n\n\n\n<p><em>\u201cVisto isso, destaco que, n\u00e3o obstante o Poder P\u00fablico tenha, por meio do benef\u00edcio fiscal em an\u00e1lise, implementado as aludidas pol\u00edticas p\u00fablicas, ele o fez de maneira incompleta e discriminat\u00f3ria. Afinal, <strong>as pessoas com defici\u00eancia auditiva n\u00e3o foram inclu\u00eddas no rol dos beneficiados de tais pol\u00edticas.<\/strong> E, ao assim proceder, <strong><span class=\"has-inline-color has-vivid-cyan-blue-color\">ofendeu n\u00e3o s\u00f3 a isonomia<\/span><\/strong>, mas tamb\u00e9m a <strong><span class=\"has-inline-color has-vivid-cyan-blue-color\">dignidade e outros direitos constitucionalmente<\/span><\/strong> reconhecidos como essenciais das pessoas com defici\u00eancia auditiva\u201d<\/em><\/p>\n\n\n\n<p><em>&nbsp;\u201cAnte o exposto, <strong>voto pela proced\u00eancia dos pedidos<\/strong>, de modo que se <strong><span class=\"has-inline-color has-vivid-cyan-blue-color\">declare a inconstitucionalidade por omiss\u00e3o<\/span><\/strong> da Lei n\u00ba 8.989, de 24 de fevereiro de 1995, <strong><span class=\"has-inline-color has-vivid-green-cyan-color\">determinando-se a aplica\u00e7\u00e3o<\/span> <\/strong>de seu art. 1\u00ba, inciso IV, com a reda\u00e7\u00e3o dada pela Lei n\u00ba 10.690\/03, <strong><span class=\"has-inline-color has-vivid-green-cyan-color\">\u00e0s pessoas com defici\u00eancia auditiva, enquanto perdurar a omiss\u00e3o legislativa<\/span><\/strong>. <span class=\"has-inline-color has-vivid-purple-color\"><strong>Voto<\/strong>, <strong>ainda, por estabelecer o prazo<\/strong><\/span><strong> de 18 (dezoito) meses,<\/strong> a contar da data da publica\u00e7\u00e3o do ac\u00f3rd\u00e3o, <strong>para que o <span class=\"has-inline-color has-vivid-purple-color\">Congresso Nacional adote as medidas legislativas<\/span> necess\u00e1rias a suprir a omiss\u00e3o legislativa\u201d<\/strong><\/em><\/p>\n\n\n\n<p>O que a princ\u00edpio parece salutar, afinal a defici\u00eancia auditiva \u00e9 t\u00e3o complexa\/complicada quanto outras que j\u00e1 s\u00e3o englobadas pela Lei, na realidade encontramos poss\u00edveis \u201cincompatibilidades\u201d com a jurisprud\u00eancia, CTN e Constitui\u00e7\u00e3o Federal.<\/p>\n\n\n\n<p>Iniciaremos pelo posicionamento jurisprudencial anterior \u00e0 decis\u00e3o.<\/p>\n\n\n\n<h2 class=\"wp-block-heading\">Posicionamento anterior<\/h2>\n\n\n\n<p>O posicionamento dominante na Jurisprud\u00eancia do STF, at\u00e9 ent\u00e3o, era que concess\u00e3o de isen\u00e7\u00e3o \u00e9 um ato discricion\u00e1rio, ou seja, uma op\u00e7\u00e3o pol\u00edtica do ente federativo, consagrada pelo m\u00e9rito administrativo (conveni\u00eancia e oportunidade) do poder Executivo e Legislativo, assim o Judici\u00e1rio n\u00e3o poderia estender benef\u00edcios se n\u00e3o houvesse previs\u00e3o legal espec\u00edfica.<\/p>\n\n\n\n<p>Nesse sentido, podemos encontrar diversos julgados, vejamos um para exemplificar:<\/p>\n\n\n\n<p>AI 151.855-AgR<\/p>\n\n\n\n<p><em>\u201cA <strong><span class=\"has-inline-color has-vivid-cyan-blue-color\">isen\u00e7\u00e3o fiscal<\/span><\/strong> decorre do implemento da pol\u00edtica fiscal e econ\u00f4mica, pelo&nbsp;estado, tendo em vista o interesse social<strong>. \u00c9 <span class=\"has-inline-color has-vivid-cyan-blue-color\">ato discricion\u00e1rio<\/span> que escapa ao controle do Poder Judici\u00e1rio e envolve ju\u00edzo de conveni\u00eancia e oportunidade do Poder Executivo<\/strong>.\u201d<\/em><\/p>\n\n\n\n<p>Inclusive, em um caso an\u00e1logo e bem conhecido, o STF sumulou o assunto.<\/p>\n\n\n\n<p><em>S\u00famula 339 &#8211; <strong><span class=\"has-inline-color has-vivid-cyan-blue-color\">N\u00e3o cabe ao Poder Judici\u00e1rio<\/span><\/strong>, <strong>que <span class=\"has-inline-color has-vivid-red-color\">n\u00e3o tem fun\u00e7\u00e3o legislativa<\/span><\/strong>, aumentar vencimentos de servidores p\u00fablicos <strong>sob fundamento de isonomia<\/strong>.<\/em><\/p>\n\n\n\n<h2 class=\"wp-block-heading\">Poss\u00edveis incompatibilidades &#8211; esfera tribut\u00e1ria<\/h2>\n\n\n\n<p>O primeiro ponto pol\u00eamico \u00e9 a extens\u00e3o da isen\u00e7\u00e3o sem que uma lei espec\u00edfica a estabele\u00e7a, lembre-se da Constitui\u00e7\u00e3o Federal.<\/p>\n\n\n\n<p><em>CF, Art. 150. \u00a7 6\u00ba Qualquer subs\u00eddio ou <strong><span class=\"has-inline-color has-vivid-cyan-blue-color\">isen\u00e7\u00e3o<\/span><\/strong>, redu\u00e7\u00e3o de base de c\u00e1lculo, concess\u00e3o de cr\u00e9dito presumido, anistia ou remiss\u00e3o, <strong>relativos a impostos<\/strong>, taxas ou contribui\u00e7\u00f5es, <strong>s\u00f3 poder\u00e1 ser concedido mediante <span class=\"has-inline-color has-vivid-red-color\">lei espec\u00edfica<\/span><\/strong>, federal, estadual ou municipal, que regule exclusivamente as mat\u00e9rias acima enumeradas ou o correspondente tributo ou contribui\u00e7\u00e3o, sem preju\u00edzo do disposto no art. 155, \u00a7 2.\u00ba, XII, g.<\/em><\/p>\n\n\n\n<p>O segundo ponto a se destacar \u00e9 que os casos de exclus\u00e3o do cr\u00e9dito devem ser interpretados de forma literal\/restritivo, ou seja, tratando as exce\u00e7\u00f5es (como benef\u00edcios, dispensa de obriga\u00e7\u00e3o e etc.) de forma restritiva, conforme os comandos do CTN.<\/p>\n\n\n\n<p><em>CTN, Art. 111. <strong><span class=\"has-inline-color has-vivid-cyan-blue-color\">Interpreta-se <\/span><span class=\"has-inline-color has-vivid-red-color\">literalmente <\/span><span class=\"has-inline-color has-vivid-cyan-blue-color\">a legisla\u00e7\u00e3o tribut\u00e1ria<\/span><\/strong> que disponha sobre:<\/em><\/p>\n\n\n\n<p><em>&nbsp;I &#8211; suspens\u00e3o ou <strong><span class=\"has-inline-color has-vivid-green-cyan-color\">exclus\u00e3o <\/span>do cr\u00e9dito tribut\u00e1rio<\/strong>;<\/em><\/p>\n\n\n\n<p><em>&nbsp;II &#8211; outorga de isen\u00e7\u00e3o;<\/em><\/p>\n\n\n\n<p><em>&nbsp;III &#8211; dispensa do cumprimento de obriga\u00e7\u00f5es tribut\u00e1rias acess\u00f3rias.<\/em><\/p>\n\n\n\n<p><em>CTN, Art. 175. <span class=\"has-inline-color has-vivid-cyan-blue-color\"><strong>Excluem<\/strong> <\/span>o cr\u00e9dito tribut\u00e1rio:<\/em><\/p>\n\n\n\n<p><em>I &#8211; a <strong><span class=\"has-inline-color has-vivid-green-cyan-color\">isen\u00e7\u00e3o<\/span><\/strong>;<\/em><\/p>\n\n\n\n<p><em>II &#8211; a anistia.<\/em><\/p>\n\n\n\n<p>E a equidade n\u00e3o pode ser usada para sanar a lacuna legislativa? Em alguns casos at\u00e9 \u00e9 vi\u00e1vel, mas n\u00e3o para dispensar o pagamento de tributos.<\/p>\n\n\n\n<p><em>CTN, Art. 108. Na <strong><span class=\"has-inline-color has-vivid-cyan-blue-color\">aus\u00eancia de disposi\u00e7\u00e3o expressa<\/span><\/strong>, a autoridade competente para <strong>aplicar<\/strong> a legisla\u00e7\u00e3o tribut\u00e1ria utilizar\u00e1 sucessivamente, na ordem indicada:<\/em><\/p>\n\n\n\n<p><em>I &#8211; a analogia;<\/em><\/p>\n\n\n\n<p><em>II &#8211; os princ\u00edpios gerais de direito tribut\u00e1rio;<\/em><\/p>\n\n\n\n<p><em>III &#8211; os princ\u00edpios gerais de direito p\u00fablico;<\/em><\/p>\n\n\n\n<p><em>IV &#8211; a <strong><span class=\"has-inline-color has-vivid-green-cyan-color\">eq\u00fcidade<\/span><\/strong>.<\/em><\/p>\n\n\n\n<p><em>\u00a7 2\u00ba O emprego da <span class=\"has-inline-color has-vivid-green-cyan-color\"><strong>eq\u00fcidade<\/strong> <\/span><strong><span class=\"has-inline-color has-vivid-red-color\">n\u00e3o <\/span>poder\u00e1 resultar na <span class=\"has-inline-color has-vivid-red-color\">dispensa <\/span>do <span class=\"has-inline-color has-vivid-red-color\">pagamento <\/span>de tributo<\/strong> devido.<\/em><\/p>\n\n\n\n<p>Caso tenha d\u00favida sobre isen\u00e7\u00e3o e o princ\u00edpio da Isonomia, sugiro dois v\u00eddeos curtinhos do professor Fabio Dutra.<\/p>\n\n\n\n<p class=\"has-text-align-center\"><a href=\"https:\/\/www.youtube.com\/watch?v=3fIetplJ-RU&amp;ab_channel=ProfF%C3%A1bioDutra\" data-type=\"URL\" data-id=\"https:\/\/www.youtube.com\/watch?v=3fIetplJ-RU&amp;ab_channel=ProfF%C3%A1bioDutra\">Dica de Direito Tribut\u00e1rio &#8211; Imunidade x Isen\u00e7\u00e3o<\/a><\/p>\n\n\n<figure class=\"wp-block-embed-youtube wp-block-embed is-type-video is-provider-youtube wp-embed-aspect-16-9 wp-has-aspect-ratio\"><div class=\"lyte-wrapper\" style=\"width:853px;max-width:100%;margin:5px;\"><div class=\"lyMe\" id=\"WYL_3fIetplJ-RU\"><div id=\"lyte_3fIetplJ-RU\" data-src=\"\/\/i.ytimg.com\/vi\/3fIetplJ-RU\/hqdefault.jpg\" class=\"pL\"><div class=\"tC\"><div class=\"tT\"><\/div><\/div><div class=\"play\"><\/div><div class=\"ctrl\"><div class=\"Lctrl\"><\/div><div class=\"Rctrl\"><\/div><\/div><\/div><noscript><a href=\"https:\/\/youtu.be\/3fIetplJ-RU\" rel=\"nofollow\"><img loading=\"lazy\" decoding=\"async\" src=\"https:\/\/i.ytimg.com\/vi\/3fIetplJ-RU\/0.jpg\" alt=\"YouTube video thumbnail\" width=\"853\" height=\"460\" \/><br \/>Assista a este v\u00eddeo no YouTube<\/a><\/noscript><\/div><\/div><div class=\"lL\" style=\"max-width:100%;width:853px;margin:5px;\"><\/div><figcaption><\/figcaption><\/figure>\n\n\n<p class=\"has-text-align-center\"><a href=\"https:\/\/www.youtube.com\/watch?v=cJectbh5yPc&amp;ab_channel=ProfF%C3%A1bioDutra\" data-type=\"URL\" data-id=\"https:\/\/www.youtube.com\/watch?v=cJectbh5yPc&amp;ab_channel=ProfF%C3%A1bioDutra\">Dica de Direito Tribut\u00e1rio &#8211; Princ\u00edpio da Isonomia<\/a><\/p>\n\n\n<figure class=\"wp-block-embed-youtube wp-block-embed is-type-video is-provider-youtube wp-embed-aspect-16-9 wp-has-aspect-ratio\"><div class=\"lyte-wrapper\" style=\"width:853px;max-width:100%;margin:5px;\"><div class=\"lyMe\" id=\"WYL_cJectbh5yPc\"><div id=\"lyte_cJectbh5yPc\" data-src=\"\/\/i.ytimg.com\/vi\/cJectbh5yPc\/hqdefault.jpg\" class=\"pL\"><div class=\"tC\"><div class=\"tT\"><\/div><\/div><div class=\"play\"><\/div><div class=\"ctrl\"><div class=\"Lctrl\"><\/div><div class=\"Rctrl\"><\/div><\/div><\/div><noscript><a href=\"https:\/\/youtu.be\/cJectbh5yPc\" rel=\"nofollow\"><img loading=\"lazy\" decoding=\"async\" src=\"https:\/\/i.ytimg.com\/vi\/cJectbh5yPc\/0.jpg\" alt=\"YouTube video thumbnail\" width=\"853\" height=\"460\" \/><br \/>Assista a este v\u00eddeo no YouTube<\/a><\/noscript><\/div><\/div><div class=\"lL\" style=\"max-width:100%;width:853px;margin:5px;\"><\/div><figcaption><\/figcaption><\/figure>\n\n\n<h2 class=\"wp-block-heading\">Poss\u00edveis incompatibilidades &#8211; esfera constitucional<\/h2>\n\n\n\n<p>Outro ponto bem pol\u00eamico \u00e9 o poss\u00edvel conflito entre poderes, uma vez que o voto ministro Dias Toffoli determina que o Congresso Nacional legisle sobre a omiss\u00e3o em at\u00e9 18 meses.<\/p>\n\n\n\n<p><em>CF,&nbsp;Art. 2\u00ba S\u00e3o <span class=\"has-inline-color has-vivid-cyan-blue-color\"><strong>Poderes<\/strong> <\/span>da Uni\u00e3o, <strong><span class=\"has-inline-color has-vivid-cyan-blue-color\">independentes e harm\u00f4nicos<\/span><\/strong> entre si, o <strong>Legislativo<\/strong>, o Executivo e o <strong>Judici\u00e1rio<\/strong>.<\/em><\/p>\n\n\n\n<p>Nessa linha, o Ministro Marco Aur\u00e9lio posicionou-se de forma parcialmente contr\u00e1rio ao Relator. <\/p>\n\n\n\n<p><em>\u201cAusente regulamenta\u00e7\u00e3o quanto a deficiente auditivo, <strong>constitui passo demasiado largo fixar prazo, ao legislador<\/strong>, visando a ado\u00e7\u00e3o de provid\u00eancias. Mantenho-me fiel ao que venho sustentando, em se tratando da mora de outro Poder. <strong><span class=\"has-inline-color has-vivid-cyan-blue-color\">N\u00e3o cabe ao Supremo<\/span>, <\/strong><span style=\"text-decoration: underline\">sob pena de desgaste maior<\/span><strong>, determinar prazo voltado \u00e0 atua\u00e7\u00e3o do Legislativo<\/strong>. \u00c9 perigoso, em termos de legitimidade institucional, uma vez que, n\u00e3o legislando o Congresso Nacional, a decis\u00e3o torna-se in\u00f3cua.\u201d<\/em><\/p>\n\n\n\n<h3 class=\"wp-block-heading\">Declara\u00e7\u00e3o de inconstitucionalidade por omiss\u00e3o<\/h3>\n\n\n\n<p>Algu\u00e9m poderia estar se perguntando, a Constitui\u00e7\u00e3o n\u00e3o autoriza o STF a dar ci\u00eancia para ado\u00e7\u00e3o das medidas cab\u00edveis? Realmente autoriza.<\/p>\n\n\n\n<p><em>CF, Art. 103 \u00a7 2\u00ba <strong><span class=\"has-inline-color has-vivid-cyan-blue-color\">Declarada a inconstitucionalidade por omiss\u00e3o<\/span><\/strong> de medida para tornar efetiva norma constitucional, <strong>ser\u00e1 dada ci\u00eancia ao Poder competente para a ado\u00e7\u00e3o das provid\u00eancias<\/strong> necess\u00e1rias e, em se tratando de \u00f3rg\u00e3o administrativo, para faz\u00ea-lo em trinta dias.<\/em><\/p>\n\n\n\n<p>Por\u00e9m, veja os ensinamentos dos Professores Ricardo Vale e N\u00e1dia Carolina sobre os objetivos e as finalidades da ADO.<\/p>\n\n\n\n<p><em>&#8220;<strong>Seu <span class=\"has-inline-color has-vivid-cyan-blue-color\">objetivo <\/span>\u00e9 justamente garantir a efetividade das <span class=\"has-inline-color has-vivid-green-cyan-color\">normas constitucionais<\/span><\/strong>, impedindo a in\u00e9rcia do \u00f3rg\u00e3o encarregado de elaborar a norma regulamentadora de dispositivo constitucional n\u00e3o-autoaplic\u00e1vel&#8221;<\/em><\/p>\n\n\n\n<p><em>\u201cA <strong>ADO tem por <span class=\"has-inline-color has-vivid-cyan-blue-color\">finalidade<\/span><\/strong>, portanto, promover a integridade do ordenamento jur\u00eddico, fazendo <strong>cessar a ofensa \u00e0 Constitui\u00e7\u00e3o pela in\u00e9rcia<\/strong> dos poderes constitu\u00eddos. Est\u00e1 relacionada \u00e0 omiss\u00e3o \u201cem tese\u201d,<span class=\"has-inline-color has-vivid-green-cyan-color\"> <strong>sem qualquer rela\u00e7\u00e3o a um caso concreto<\/strong><\/span>\u201d<\/em><\/p>\n\n\n\n<p class=\"has-text-align-center\"><a href=\"https:\/\/www.estrategiaconcursos.com.br\/curso\/curso-basico-de-direito-constitucional-p-concursos-da-area-fiscal-com-videoaulas-2020-2\/\" data-type=\"URL\" data-id=\"https:\/\/www.estrategiaconcursos.com.br\/curso\/curso-basico-de-direito-constitucional-p-concursos-da-area-fiscal-com-videoaulas-2020-2\/\">Aula 12 do Curso \u2013 Curso de Direito Constitucional p\/ Concursos da \u00c1rea Fiscal<\/a><\/p>\n\n\n\n<p>Perceba que o direito \u00e0 isen\u00e7\u00e3o n\u00e3o \u00e9 um direito garantido pela Constitui\u00e7\u00e3o, pelo contr\u00e1rio, trata-se de uma op\u00e7\u00e3o pol\u00edtica, al\u00e9m disso, uma vez que a isen\u00e7\u00e3o foi estendida, o Supremo exerceu um papel muito pr\u00f3ximo ao papel legislativo.<\/p>\n\n\n\n<p>Ainda, como a decis\u00e3o do Plen\u00e1rio sobre a ADO 30 n\u00e3o tem por finalidade o caso concreto, essa decis\u00e3o possivelmente valer\u00e1 para todos os casos de omiss\u00e3o de pessoas\/grupos nos benef\u00edcios fiscais.<\/p>\n\n\n\n<h2 class=\"wp-block-heading\">Conclus\u00e3o<\/h2>\n\n\n\n<p>Diante da decis\u00e3o da ADO 30, ficamos com mais d\u00favidas do que certezas. Ser\u00e1 que se trata de uma decis\u00e3o isolada ou o Supremo, de fato, mudou de posicionamento j\u00e1 t\u00e3o consolidado?<\/p>\n\n\n\n<p>Uma decis\u00e3o dessa magnitude poder\u00e1 acarretar em grandes mudan\u00e7as em rela\u00e7\u00e3o \u00e0 participa\u00e7\u00e3o do Judici\u00e1rio nos benef\u00edcios fiscais, teremos que acompanhar os efeitos nos casos concretos daqui em diante, mas uma coisa \u00e9 certa, trata-se de um tema <strong>MUITO importante para as pr\u00f3ximas provas de concurso p\u00fablico <\/strong>nas mat\u00e9rias de direito tribut\u00e1rio e direito constitucional.<\/p>\n\n\n\n<p>Uma assertiva como <strong><em>\u201cH\u00e1 possibilidade do Judici\u00e1rio com base em princ\u00edpios constitucionais, como a isonomia e a dignidade da pessoa humana, estender isen\u00e7\u00f5es tribut\u00e1rias\u201d<\/em><\/strong> que anteriormente estaria complementa errada, atualmente \u00e9 bem prov\u00e1vel que ser\u00e1 considerada como correta, com base na decis\u00e3o da ADO 30.<\/p>\n\n\n\n<h2 class=\"wp-block-heading\">Considera\u00e7\u00f5es Federais<\/h2>\n\n\n\n<p>Reitero que a <strong>natureza material<\/strong> da decis\u00e3o da ADO 30 (entender o benef\u00edcio a deficientes auditivos) \u00e9 extremamente razo\u00e1vel, tendo em vista as dificuldades encontradas por esse grupo, por\u00e9m entendo que o Legislativo \u00e9 o Poder adequado para solucionar tal \u201comiss\u00e3o\u201d.<\/p>\n\n\n\n<p>Espero que tenham gostado do artigo sobre a ADO 30 e que ele colabore efetivamente com seu estudo de Direito Constitucional e Direito Tribut\u00e1rio.<\/p>\n\n\n\n<p>At\u00e9 mais e bons estudos!<\/p>\n\n\n\n<p class=\"has-text-align-center\"><em><strong>Assinatura Anual Ilimitada*<\/strong><\/em><\/p>\n\n\n\n<p class=\"has-text-align-center\"><em>Prepare-se com o melhor material e com quem mais aprova em Concursos P\u00fablicos em todo o pa\u00eds. Assine agora a nossa Assinatura Anual e tenha acesso ilimitado* a todos os nossos cursos.<\/em><\/p>\n\n\n\n<p class=\"has-text-align-center has-light-green-cyan-background-color has-background\"><strong>ASSINE AGORA<\/strong>&nbsp;\u2013&nbsp;<strong><a rel=\"noreferrer noopener\" href=\"https:\/\/www.estrategiaconcursos.com.br\/assinaturas\" target=\"_blank\">Assinatura Ilimitada<\/a><\/strong><\/p>\n\n\n\n<p class=\"has-text-align-center\"><strong><em><strong>Sistema de Quest\u00f5es<\/strong><\/em><\/strong><\/p>\n\n\n\n<p class=\"has-text-align-center\"><em>Estrat\u00e9gia Quest\u00f5es nasceu maior do que todos os concorrentes, com mais quest\u00f5es cadastradas e mais solu\u00e7\u00f5es por professores. Ent\u00e3o, confira e aproveite os descontos e b\u00f4nus imperd\u00edveis!<\/em><\/p>\n\n\n\n<p class=\"has-text-align-center has-vivid-green-cyan-background-color has-background\"><strong>ASSINE AGORA \u2013&nbsp;<a rel=\"noreferrer noopener\" href=\"https:\/\/www.estrategiaconcursos.com.br\/cursosPorConcurso\/sistema-de-questoes\/#\/\" target=\"_blank\">Sistema de Quest\u00f5es<\/a><\/strong><\/p>\n\n\n\n<p class=\"has-text-align-center\"><strong><em>Fique por dentro dos concursos em aberto<\/em><\/strong><\/p>\n\n\n\n<p class=\"has-text-align-center has-pale-cyan-blue-background-color has-background\"><a rel=\"noreferrer noopener\" href=\"https:\/\/www.estrategiaconcursos.com.br\/blog\/concursos-abertos\/\" target=\"_blank\"><strong>CONCURSOS ABERTOS<\/strong><\/a><\/p>\n\n\n\n<p class=\"has-text-align-center\"><strong><em>As oportunidades previstas<\/em><\/strong><\/p>\n\n\n\n<p class=\"has-text-align-center has-pale-cyan-blue-background-color has-background\"><a rel=\"noreferrer noopener\" href=\"https:\/\/www.estrategiaconcursos.com.br\/blog\/concursos-2020\/\" target=\"_blank\"><strong>CONCURSOS&nbsp;2020<\/strong><\/a><\/p>\n\n\n\n<p class=\"has-text-align-center has-pale-cyan-blue-background-color has-background\"><a rel=\"noreferrer noopener\" href=\"https:\/\/www.estrategiaconcursos.com.br\/blog\/concursos-2021\/\" target=\"_blank\"><strong>CONCURSOS 2021<\/strong><\/a><\/p>\n","protected":false},"excerpt":{"rendered":"<p>Ol\u00e1 pessoal, no artigo de hoje veremos a decis\u00e3o do Plen\u00e1rio do Supremo Tribunal Federal que estendeu a isen\u00e7\u00e3o de IPI a deficientes auditivos na compra de autom\u00f3veis (ADO 30) e quais os poss\u00edveis desdobramentos da decis\u00e3o. J\u00e1 aviso que \u00e9 um tema bem recente e pol\u00eamico, veremos o porqu\u00ea. Mat\u00e9ria no site do Supremo [&hellip;]<\/p>\n","protected":false},"author":1763,"featured_media":550265,"comment_status":"open","ping_status":"closed","sticky":false,"template":"","format":"standard","meta":{"post_tipo":"article","footnotes":""},"categories":[1,1983,2185,1984],"tags":[],"tax_estado":[],"class_list":["post-574707","post","type-post","status-publish","format-standard","has-post-thumbnail","hentry","category-cursos-e-concursos","category-fiscal-estadual","category-carreiras-juridicas","category-tribunais"],"acf":[],"yoast_head":"<!-- This site is optimized with the Yoast SEO Premium plugin v27.2 (Yoast SEO v27.2) - https:\/\/yoast.com\/product\/yoast-seo-premium-wordpress\/ -->\n<title>ADO 30 \u2013 STF estende a deficientes auditivos o direito \u00e0 isen\u00e7\u00e3o de IPI<\/title>\n<meta name=\"description\" content=\"Entenda os efeitos da decis\u00e3o do Supremo Tribunal Federal ao estender a isen\u00e7\u00e3o de IPI a deficientes auditivos na compra de autom\u00f3veis.\" \/>\n<meta name=\"robots\" content=\"index, follow, max-snippet:-1, max-image-preview:large, max-video-preview:-1\" \/>\n<link rel=\"canonical\" href=\"https:\/\/www.estrategiaconcursos.com.br\/blog\/ado-30\/\" \/>\n<meta property=\"og:locale\" content=\"pt_BR\" \/>\n<meta property=\"og:type\" content=\"article\" \/>\n<meta property=\"og:title\" content=\"ADO 30 \u2013 STF estende a deficientes auditivos o direito \u00e0 isen\u00e7\u00e3o de IPI\" \/>\n<meta property=\"og:description\" content=\"Entenda os efeitos da decis\u00e3o do Supremo Tribunal Federal ao estender a isen\u00e7\u00e3o de IPI a deficientes auditivos na compra de autom\u00f3veis.\" \/>\n<meta property=\"og:url\" content=\"https:\/\/www.estrategiaconcursos.com.br\/blog\/ado-30\/\" \/>\n<meta property=\"og:site_name\" content=\"Estrat\u00e9gia Concursos\" \/>\n<meta property=\"article:published_time\" content=\"2020-09-25T16:31:19+00:00\" \/>\n<meta property=\"article:modified_time\" content=\"2020-09-25T16:31:21+00:00\" \/>\n<meta property=\"og:image\" content=\"https:\/\/dhg1h5j42swfq.cloudfront.net\/2020\/08\/01115903\/30-anos-constituicao.jpg\" \/>\n\t<meta property=\"og:image:width\" content=\"800\" \/>\n\t<meta property=\"og:image:height\" content=\"451\" \/>\n\t<meta property=\"og:image:type\" content=\"image\/jpeg\" \/>\n<meta name=\"author\" content=\"Leonardo Menezes Passarin\" \/>\n<meta name=\"twitter:card\" content=\"summary_large_image\" \/>\n<meta name=\"twitter:creator\" content=\"@EstratConcursos\" \/>\n<meta name=\"twitter:site\" content=\"@EstratConcursos\" \/>\n<meta name=\"twitter:label1\" content=\"Escrito por\" \/>\n\t<meta name=\"twitter:data1\" content=\"Leonardo Menezes Passarin\" \/>\n\t<meta name=\"twitter:label2\" content=\"Est. tempo de leitura\" \/>\n\t<meta name=\"twitter:data2\" content=\"9 minutos\" \/>\n<script type=\"application\/ld+json\" class=\"yoast-schema-graph\">{\"@context\":\"https:\/\/schema.org\",\"@graph\":[{\"@type\":\"NewsArticle\",\"@id\":\"https:\/\/www.estrategiaconcursos.com.br\/blog\/ado-30\/#article\",\"isPartOf\":{\"@id\":\"https:\/\/www.estrategiaconcursos.com.br\/blog\/ado-30\/\"},\"author\":{\"name\":\"Leonardo Menezes Passarin\",\"@id\":\"https:\/\/www.estrategiaconcursos.com.br\/blog\/#\/schema\/person\/245b44e43eb13f0dbd04a7a078cd0d0d\"},\"headline\":\"ADO 30 \u2013 STF estende a deficientes auditivos o direito \u00e0 isen\u00e7\u00e3o de IPI\",\"datePublished\":\"2020-09-25T16:31:19+00:00\",\"dateModified\":\"2020-09-25T16:31:21+00:00\",\"mainEntityOfPage\":{\"@id\":\"https:\/\/www.estrategiaconcursos.com.br\/blog\/ado-30\/\"},\"wordCount\":1820,\"commentCount\":2,\"publisher\":{\"@id\":\"https:\/\/www.estrategiaconcursos.com.br\/blog\/#organization\"},\"image\":{\"@id\":\"https:\/\/www.estrategiaconcursos.com.br\/blog\/ado-30\/#primaryimage\"},\"thumbnailUrl\":\"https:\/\/dhg1h5j42swfq.cloudfront.net\/2020\/08\/01115903\/30-anos-constituicao.jpg\",\"articleSection\":[\"Concursos P\u00fablicos\",\"Fiscal - Estadual (ICMS)\",\"Jur\u00eddico\",\"Tribunais\"],\"inLanguage\":\"pt-BR\",\"potentialAction\":[{\"@type\":\"CommentAction\",\"name\":\"Comment\",\"target\":[\"https:\/\/www.estrategiaconcursos.com.br\/blog\/ado-30\/#respond\"]}],\"copyrightYear\":\"2020\",\"copyrightHolder\":{\"@id\":\"https:\/\/www.estrategiaconcursos.com.br\/blog\/#organization\"}},{\"@type\":\"WebPage\",\"@id\":\"https:\/\/www.estrategiaconcursos.com.br\/blog\/ado-30\/\",\"url\":\"https:\/\/www.estrategiaconcursos.com.br\/blog\/ado-30\/\",\"name\":\"ADO 30 \u2013 STF estende a deficientes auditivos o direito \u00e0 isen\u00e7\u00e3o de IPI\",\"isPartOf\":{\"@id\":\"https:\/\/www.estrategiaconcursos.com.br\/blog\/#website\"},\"primaryImageOfPage\":{\"@id\":\"https:\/\/www.estrategiaconcursos.com.br\/blog\/ado-30\/#primaryimage\"},\"image\":{\"@id\":\"https:\/\/www.estrategiaconcursos.com.br\/blog\/ado-30\/#primaryimage\"},\"thumbnailUrl\":\"https:\/\/dhg1h5j42swfq.cloudfront.net\/2020\/08\/01115903\/30-anos-constituicao.jpg\",\"datePublished\":\"2020-09-25T16:31:19+00:00\",\"dateModified\":\"2020-09-25T16:31:21+00:00\",\"description\":\"Entenda os efeitos da decis\u00e3o do Supremo Tribunal Federal ao estender a isen\u00e7\u00e3o de IPI a deficientes auditivos na compra de autom\u00f3veis.\",\"breadcrumb\":{\"@id\":\"https:\/\/www.estrategiaconcursos.com.br\/blog\/ado-30\/#breadcrumb\"},\"inLanguage\":\"pt-BR\",\"potentialAction\":[{\"@type\":\"ReadAction\",\"target\":[\"https:\/\/www.estrategiaconcursos.com.br\/blog\/ado-30\/\"]}]},{\"@type\":\"ImageObject\",\"inLanguage\":\"pt-BR\",\"@id\":\"https:\/\/www.estrategiaconcursos.com.br\/blog\/ado-30\/#primaryimage\",\"url\":\"https:\/\/dhg1h5j42swfq.cloudfront.net\/2020\/08\/01115903\/30-anos-constituicao.jpg\",\"contentUrl\":\"https:\/\/dhg1h5j42swfq.cloudfront.net\/2020\/08\/01115903\/30-anos-constituicao.jpg\",\"width\":800,\"height\":451,\"caption\":\"Rem\u00e9dios constitucionais para TJ-RN\"},{\"@type\":\"BreadcrumbList\",\"@id\":\"https:\/\/www.estrategiaconcursos.com.br\/blog\/ado-30\/#breadcrumb\",\"itemListElement\":[{\"@type\":\"ListItem\",\"position\":1,\"name\":\"In\u00edcio\",\"item\":\"https:\/\/www.estrategiaconcursos.com.br\/blog\/\"},{\"@type\":\"ListItem\",\"position\":2,\"name\":\"ADO 30 \u2013 STF estende a deficientes auditivos o direito \u00e0 isen\u00e7\u00e3o de IPI\"}]},{\"@type\":\"WebSite\",\"@id\":\"https:\/\/www.estrategiaconcursos.com.br\/blog\/#website\",\"url\":\"https:\/\/www.estrategiaconcursos.com.br\/blog\/\",\"name\":\"Estrat\u00e9gia Concursos\",\"description\":\"O blog da Estrat\u00e9gia Concursos traz not\u00edcias sobre concursos e artigos de professores oferecendo cursos para concursos (pdf + videaulas) no site.\",\"publisher\":{\"@id\":\"https:\/\/www.estrategiaconcursos.com.br\/blog\/#organization\"},\"potentialAction\":[{\"@type\":\"SearchAction\",\"target\":{\"@type\":\"EntryPoint\",\"urlTemplate\":\"https:\/\/www.estrategiaconcursos.com.br\/blog\/?s={search_term_string}\"},\"query-input\":{\"@type\":\"PropertyValueSpecification\",\"valueRequired\":true,\"valueName\":\"search_term_string\"}}],\"inLanguage\":\"pt-BR\"},{\"@type\":\"Organization\",\"@id\":\"https:\/\/www.estrategiaconcursos.com.br\/blog\/#organization\",\"name\":\"Estrat\u00e9gia Concursos\",\"url\":\"https:\/\/www.estrategiaconcursos.com.br\/blog\/\",\"logo\":{\"@type\":\"ImageObject\",\"inLanguage\":\"pt-BR\",\"@id\":\"https:\/\/www.estrategiaconcursos.com.br\/blog\/#\/schema\/logo\/image\/\",\"url\":\"https:\/\/dhg1h5j42swfq.cloudfront.net\/2025\/06\/03203428\/logo_concursos-1.jpg\",\"contentUrl\":\"https:\/\/dhg1h5j42swfq.cloudfront.net\/2025\/06\/03203428\/logo_concursos-1.jpg\",\"width\":230,\"height\":60,\"caption\":\"Estrat\u00e9gia Concursos\"},\"image\":{\"@id\":\"https:\/\/www.estrategiaconcursos.com.br\/blog\/#\/schema\/logo\/image\/\"},\"sameAs\":[\"https:\/\/x.com\/EstratConcursos\"]},{\"@type\":\"Person\",\"@id\":\"https:\/\/www.estrategiaconcursos.com.br\/blog\/#\/schema\/person\/245b44e43eb13f0dbd04a7a078cd0d0d\",\"name\":\"Leonardo Menezes Passarin\",\"image\":{\"@type\":\"ImageObject\",\"inLanguage\":\"pt-BR\",\"@id\":\"https:\/\/secure.gravatar.com\/avatar\/fc0e5714ceaa97f24e6e6a30eab74ba8a701c2b62f8cab100ffdb22c6d8f42c3?s=96&d=mm&r=g\",\"url\":\"https:\/\/secure.gravatar.com\/avatar\/fc0e5714ceaa97f24e6e6a30eab74ba8a701c2b62f8cab100ffdb22c6d8f42c3?s=96&d=mm&r=g\",\"contentUrl\":\"https:\/\/secure.gravatar.com\/avatar\/fc0e5714ceaa97f24e6e6a30eab74ba8a701c2b62f8cab100ffdb22c6d8f42c3?s=96&d=mm&r=g\",\"caption\":\"Leonardo Menezes Passarin\"},\"url\":\"https:\/\/www.estrategiaconcursos.com.br\/blog\/author\/passarin-leonardohotmail-com\/\"}]}<\/script>\n<!-- \/ Yoast SEO Premium plugin. -->","yoast_head_json":{"title":"ADO 30 \u2013 STF estende a deficientes auditivos o direito \u00e0 isen\u00e7\u00e3o de IPI","description":"Entenda os efeitos da decis\u00e3o do Supremo Tribunal Federal ao estender a isen\u00e7\u00e3o de IPI a deficientes auditivos na compra de autom\u00f3veis.","robots":{"index":"index","follow":"follow","max-snippet":"max-snippet:-1","max-image-preview":"max-image-preview:large","max-video-preview":"max-video-preview:-1"},"canonical":"https:\/\/www.estrategiaconcursos.com.br\/blog\/ado-30\/","og_locale":"pt_BR","og_type":"article","og_title":"ADO 30 \u2013 STF estende a deficientes auditivos o direito \u00e0 isen\u00e7\u00e3o de IPI","og_description":"Entenda os efeitos da decis\u00e3o do Supremo Tribunal Federal ao estender a isen\u00e7\u00e3o de IPI a deficientes auditivos na compra de autom\u00f3veis.","og_url":"https:\/\/www.estrategiaconcursos.com.br\/blog\/ado-30\/","og_site_name":"Estrat\u00e9gia Concursos","article_published_time":"2020-09-25T16:31:19+00:00","article_modified_time":"2020-09-25T16:31:21+00:00","og_image":[{"width":800,"height":451,"url":"https:\/\/dhg1h5j42swfq.cloudfront.net\/2020\/08\/01115903\/30-anos-constituicao.jpg","type":"image\/jpeg"}],"author":"Leonardo Menezes Passarin","twitter_card":"summary_large_image","twitter_creator":"@EstratConcursos","twitter_site":"@EstratConcursos","twitter_misc":{"Escrito por":"Leonardo Menezes Passarin","Est. tempo de leitura":"9 minutos"},"schema":{"@context":"https:\/\/schema.org","@graph":[{"@type":"NewsArticle","@id":"https:\/\/www.estrategiaconcursos.com.br\/blog\/ado-30\/#article","isPartOf":{"@id":"https:\/\/www.estrategiaconcursos.com.br\/blog\/ado-30\/"},"author":{"name":"Leonardo Menezes Passarin","@id":"https:\/\/www.estrategiaconcursos.com.br\/blog\/#\/schema\/person\/245b44e43eb13f0dbd04a7a078cd0d0d"},"headline":"ADO 30 \u2013 STF estende a deficientes auditivos o direito \u00e0 isen\u00e7\u00e3o de IPI","datePublished":"2020-09-25T16:31:19+00:00","dateModified":"2020-09-25T16:31:21+00:00","mainEntityOfPage":{"@id":"https:\/\/www.estrategiaconcursos.com.br\/blog\/ado-30\/"},"wordCount":1820,"commentCount":2,"publisher":{"@id":"https:\/\/www.estrategiaconcursos.com.br\/blog\/#organization"},"image":{"@id":"https:\/\/www.estrategiaconcursos.com.br\/blog\/ado-30\/#primaryimage"},"thumbnailUrl":"https:\/\/dhg1h5j42swfq.cloudfront.net\/2020\/08\/01115903\/30-anos-constituicao.jpg","articleSection":["Concursos P\u00fablicos","Fiscal - Estadual (ICMS)","Jur\u00eddico","Tribunais"],"inLanguage":"pt-BR","potentialAction":[{"@type":"CommentAction","name":"Comment","target":["https:\/\/www.estrategiaconcursos.com.br\/blog\/ado-30\/#respond"]}],"copyrightYear":"2020","copyrightHolder":{"@id":"https:\/\/www.estrategiaconcursos.com.br\/blog\/#organization"}},{"@type":"WebPage","@id":"https:\/\/www.estrategiaconcursos.com.br\/blog\/ado-30\/","url":"https:\/\/www.estrategiaconcursos.com.br\/blog\/ado-30\/","name":"ADO 30 \u2013 STF estende a deficientes auditivos o direito \u00e0 isen\u00e7\u00e3o de IPI","isPartOf":{"@id":"https:\/\/www.estrategiaconcursos.com.br\/blog\/#website"},"primaryImageOfPage":{"@id":"https:\/\/www.estrategiaconcursos.com.br\/blog\/ado-30\/#primaryimage"},"image":{"@id":"https:\/\/www.estrategiaconcursos.com.br\/blog\/ado-30\/#primaryimage"},"thumbnailUrl":"https:\/\/dhg1h5j42swfq.cloudfront.net\/2020\/08\/01115903\/30-anos-constituicao.jpg","datePublished":"2020-09-25T16:31:19+00:00","dateModified":"2020-09-25T16:31:21+00:00","description":"Entenda os efeitos da decis\u00e3o do Supremo Tribunal Federal ao estender a isen\u00e7\u00e3o de IPI a deficientes auditivos na compra de autom\u00f3veis.","breadcrumb":{"@id":"https:\/\/www.estrategiaconcursos.com.br\/blog\/ado-30\/#breadcrumb"},"inLanguage":"pt-BR","potentialAction":[{"@type":"ReadAction","target":["https:\/\/www.estrategiaconcursos.com.br\/blog\/ado-30\/"]}]},{"@type":"ImageObject","inLanguage":"pt-BR","@id":"https:\/\/www.estrategiaconcursos.com.br\/blog\/ado-30\/#primaryimage","url":"https:\/\/dhg1h5j42swfq.cloudfront.net\/2020\/08\/01115903\/30-anos-constituicao.jpg","contentUrl":"https:\/\/dhg1h5j42swfq.cloudfront.net\/2020\/08\/01115903\/30-anos-constituicao.jpg","width":800,"height":451,"caption":"Rem\u00e9dios constitucionais para TJ-RN"},{"@type":"BreadcrumbList","@id":"https:\/\/www.estrategiaconcursos.com.br\/blog\/ado-30\/#breadcrumb","itemListElement":[{"@type":"ListItem","position":1,"name":"In\u00edcio","item":"https:\/\/www.estrategiaconcursos.com.br\/blog\/"},{"@type":"ListItem","position":2,"name":"ADO 30 \u2013 STF estende a deficientes auditivos o direito \u00e0 isen\u00e7\u00e3o de IPI"}]},{"@type":"WebSite","@id":"https:\/\/www.estrategiaconcursos.com.br\/blog\/#website","url":"https:\/\/www.estrategiaconcursos.com.br\/blog\/","name":"Estrat\u00e9gia Concursos","description":"O blog da Estrat\u00e9gia Concursos traz not\u00edcias sobre concursos e artigos de professores oferecendo cursos para concursos (pdf + videaulas) no site.","publisher":{"@id":"https:\/\/www.estrategiaconcursos.com.br\/blog\/#organization"},"potentialAction":[{"@type":"SearchAction","target":{"@type":"EntryPoint","urlTemplate":"https:\/\/www.estrategiaconcursos.com.br\/blog\/?s={search_term_string}"},"query-input":{"@type":"PropertyValueSpecification","valueRequired":true,"valueName":"search_term_string"}}],"inLanguage":"pt-BR"},{"@type":"Organization","@id":"https:\/\/www.estrategiaconcursos.com.br\/blog\/#organization","name":"Estrat\u00e9gia Concursos","url":"https:\/\/www.estrategiaconcursos.com.br\/blog\/","logo":{"@type":"ImageObject","inLanguage":"pt-BR","@id":"https:\/\/www.estrategiaconcursos.com.br\/blog\/#\/schema\/logo\/image\/","url":"https:\/\/dhg1h5j42swfq.cloudfront.net\/2025\/06\/03203428\/logo_concursos-1.jpg","contentUrl":"https:\/\/dhg1h5j42swfq.cloudfront.net\/2025\/06\/03203428\/logo_concursos-1.jpg","width":230,"height":60,"caption":"Estrat\u00e9gia Concursos"},"image":{"@id":"https:\/\/www.estrategiaconcursos.com.br\/blog\/#\/schema\/logo\/image\/"},"sameAs":["https:\/\/x.com\/EstratConcursos"]},{"@type":"Person","@id":"https:\/\/www.estrategiaconcursos.com.br\/blog\/#\/schema\/person\/245b44e43eb13f0dbd04a7a078cd0d0d","name":"Leonardo Menezes Passarin","image":{"@type":"ImageObject","inLanguage":"pt-BR","@id":"https:\/\/secure.gravatar.com\/avatar\/fc0e5714ceaa97f24e6e6a30eab74ba8a701c2b62f8cab100ffdb22c6d8f42c3?s=96&d=mm&r=g","url":"https:\/\/secure.gravatar.com\/avatar\/fc0e5714ceaa97f24e6e6a30eab74ba8a701c2b62f8cab100ffdb22c6d8f42c3?s=96&d=mm&r=g","contentUrl":"https:\/\/secure.gravatar.com\/avatar\/fc0e5714ceaa97f24e6e6a30eab74ba8a701c2b62f8cab100ffdb22c6d8f42c3?s=96&d=mm&r=g","caption":"Leonardo Menezes Passarin"},"url":"https:\/\/www.estrategiaconcursos.com.br\/blog\/author\/passarin-leonardohotmail-com\/"}]}},"_links":{"self":[{"href":"https:\/\/www.estrategiaconcursos.com.br\/blog\/wp-json\/wp\/v2\/posts\/574707","targetHints":{"allow":["GET"]}}],"collection":[{"href":"https:\/\/www.estrategiaconcursos.com.br\/blog\/wp-json\/wp\/v2\/posts"}],"about":[{"href":"https:\/\/www.estrategiaconcursos.com.br\/blog\/wp-json\/wp\/v2\/types\/post"}],"author":[{"embeddable":true,"href":"https:\/\/www.estrategiaconcursos.com.br\/blog\/wp-json\/wp\/v2\/users\/1763"}],"replies":[{"embeddable":true,"href":"https:\/\/www.estrategiaconcursos.com.br\/blog\/wp-json\/wp\/v2\/comments?post=574707"}],"version-history":[{"count":4,"href":"https:\/\/www.estrategiaconcursos.com.br\/blog\/wp-json\/wp\/v2\/posts\/574707\/revisions"}],"predecessor-version":[{"id":578079,"href":"https:\/\/www.estrategiaconcursos.com.br\/blog\/wp-json\/wp\/v2\/posts\/574707\/revisions\/578079"}],"wp:featuredmedia":[{"embeddable":true,"href":"https:\/\/www.estrategiaconcursos.com.br\/blog\/wp-json\/wp\/v2\/media\/550265"}],"wp:attachment":[{"href":"https:\/\/www.estrategiaconcursos.com.br\/blog\/wp-json\/wp\/v2\/media?parent=574707"}],"wp:term":[{"taxonomy":"category","embeddable":true,"href":"https:\/\/www.estrategiaconcursos.com.br\/blog\/wp-json\/wp\/v2\/categories?post=574707"},{"taxonomy":"post_tag","embeddable":true,"href":"https:\/\/www.estrategiaconcursos.com.br\/blog\/wp-json\/wp\/v2\/tags?post=574707"},{"taxonomy":"tax_estado","embeddable":true,"href":"https:\/\/www.estrategiaconcursos.com.br\/blog\/wp-json\/wp\/v2\/tax_estado?post=574707"}],"curies":[{"name":"wp","href":"https:\/\/api.w.org\/{rel}","templated":true}]}}