{"id":57463,"date":"2016-12-08T13:05:15","date_gmt":"2016-12-08T16:05:15","guid":{"rendered":"https:\/\/www.estrategiaconcursos.com.br\/blog\/?p=57463"},"modified":"2016-12-08T14:09:28","modified_gmt":"2016-12-08T17:09:28","slug":"grande-reforma-da-previdencia-social","status":"publish","type":"post","link":"https:\/\/www.estrategiaconcursos.com.br\/blog\/grande-reforma-da-previdencia-social\/","title":{"rendered":"A Grande Reforma da Previd\u00eancia Social &#8211; Prof. Ali Mohamad Jaha."},"content":{"rendered":"<p style=\"text-align: justify;\">Ol\u00e1 pessoal!<\/p>\n<p style=\"text-align: justify;\">H\u00e1 pouco mais de tr\u00eas meses escrevi o seguinte artigo, <strong>COM GRANDE REPERCUSS\u00c3O NACIONAL<\/strong>, no Instituto Liberal de S\u00e3o Paulo (ILISP):<\/p>\n<p style=\"text-align: justify;\"><span style=\"color: #0000ff;\"><a style=\"color: #0000ff;\" href=\"http:\/\/www.ilisp.org\/artigos\/por-que-todo-trabalhador-deve-defender-extincao-do-fgts-do-inss-e-do-13-salario\/\"><strong>ARTIGO &#8211; POR QUE TODO TRABALHADOR DEVE DEFENDER A EXTIN\u00c7\u00c3O DO FGTS, DO INSS E DO 13.\u00ba SAL\u00c1RIO?<\/strong><\/a><\/span><\/p>\n<p style=\"text-align: justify;\">Na ocasi\u00e3o, defendi, de forma s\u00f3lida e com argumentos, a extin\u00e7\u00e3o do FGTS, da Previd\u00eancia Social e do 13.\u00ba Sal\u00e1rio.<\/p>\n<p style=\"text-align: justify;\">Recentemente, no dia 05\/12\/2016, o governo federal enviou para a C\u00e2mara dos Deputados, a Proposta de Emenda \u00e0 Constitui\u00e7\u00e3o (PEC) n.\u00ba 287\/2016 que prev\u00ea <strong>A GRANDE REFORMA DA PREVID\u00caNCIA SOCIAL<\/strong>.<\/p>\n<p style=\"text-align: justify;\">Ap\u00f3s ler, reler, estudar, cotejar e analisar a referida PEC, n\u00e3o tenho d\u00favidas que o meu posicionamento continua o mesmo: <span style=\"color: #ff0000;\"><strong>O REGIME DE REPARTI\u00c7\u00c3O SIMPLES, OU \u201cPACTO DE GERA\u00c7\u00d5ES\u201d, \u00c9 UMA FAL\u00c1CIA, E A PREVID\u00caNCIA SOCIAL NO BRASIL DEVE SER EXTINTA PARA O BEM GERAL DA NA\u00c7\u00c3O<\/strong><\/span>.<\/p>\n<p style=\"text-align: justify;\">Por sua vez, segue o link do meu artigo sobre a \u201cA Grande Reforma da Previd\u00eancia Social\u201d.<\/p>\n<p style=\"text-align: justify;\"><a href=\"https:\/\/www.estrategiaconcursos.com.br\/blog\/wp-content\/uploads\/2016\/12\/ARTIGO-PEC-DA-REFORMA-PREVIDENCI\u00c1RIA-ALI-JAHA.pdf\"><span style=\"color: #0000ff;\"><strong>ARTIGO &#8211; PEC DA REFORMA PREVIDENCI\u00c1RIA &#8211; ALI JAHA<\/strong><\/span><\/a><\/p>\n<p style=\"text-align: justify;\">Boa leitura! Fiquem com Deus!<\/p>\n<p style=\"text-align: justify;\">Grande Abra\u00e7o!<\/p>\n<p style=\"text-align: justify;\"><strong>Prof. Ali Mohamad Jaha<\/strong><\/p>\n","protected":false},"excerpt":{"rendered":"<p>Ol\u00e1 pessoal! H\u00e1 pouco mais de tr\u00eas meses escrevi o seguinte artigo, COM GRANDE REPERCUSS\u00c3O NACIONAL, no Instituto Liberal de S\u00e3o Paulo (ILISP): ARTIGO &#8211; POR QUE TODO TRABALHADOR DEVE DEFENDER A EXTIN\u00c7\u00c3O DO FGTS, DO INSS E DO 13.\u00ba SAL\u00c1RIO? Na ocasi\u00e3o, defendi, de forma s\u00f3lida e com argumentos, a extin\u00e7\u00e3o do FGTS, da [&hellip;]<\/p>\n","protected":false},"author":45,"featured_media":0,"comment_status":"open","ping_status":"open","sticky":false,"template":"","format":"standard","meta":{"post_tipo":"article","footnotes":""},"categories":[1],"tags":[],"tax_estado":[],"class_list":["post-57463","post","type-post","status-publish","format-standard","hentry","category-cursos-e-concursos"],"acf":[],"yoast_head":"<!-- This site is optimized with the Yoast SEO Premium plugin v27.2 (Yoast SEO v27.2) - https:\/\/yoast.com\/product\/yoast-seo-premium-wordpress\/ -->\n<title>A Grande Reforma da Previd\u00eancia Social e PEC n.\u00ba 287\/2016<\/title>\n<meta name=\"description\" content=\"Artigo sobre a PEC n.\u00ba 287\/2016 que prev\u00ea a Grande Reforma da Previd\u00eancia Social. escrito pelo Prof Jaha de Direito Previdenci\u00e1rio do Estrat\u00e9gia Concursos.\" \/>\n<meta name=\"robots\" content=\"index, follow, max-snippet:-1, max-image-preview:large, max-video-preview:-1\" \/>\n<link rel=\"canonical\" href=\"https:\/\/www.estrategiaconcursos.com.br\/blog\/grande-reforma-da-previdencia-social\/\" \/>\n<meta property=\"og:locale\" content=\"pt_BR\" \/>\n<meta property=\"og:type\" content=\"article\" \/>\n<meta property=\"og:title\" content=\"A Grande Reforma da Previd\u00eancia Social - Prof. Ali Mohamad Jaha.\" \/>\n<meta property=\"og:description\" content=\"Artigo sobre a PEC n.\u00ba 287\/2016 que prev\u00ea a Grande Reforma da Previd\u00eancia Social. escrito pelo Prof Jaha de Direito Previdenci\u00e1rio do Estrat\u00e9gia Concursos.\" \/>\n<meta property=\"og:url\" content=\"https:\/\/www.estrategiaconcursos.com.br\/blog\/grande-reforma-da-previdencia-social\/\" \/>\n<meta property=\"og:site_name\" content=\"Estrat\u00e9gia Concursos\" \/>\n<meta property=\"article:author\" content=\"http:\/\/www.facebook.com\/amjaha\" \/>\n<meta property=\"article:published_time\" content=\"2016-12-08T16:05:15+00:00\" \/>\n<meta property=\"article:modified_time\" content=\"2016-12-08T17:09:28+00:00\" \/>\n<meta name=\"author\" content=\"Ali Mohamad Jaha\" \/>\n<meta name=\"twitter:card\" content=\"summary_large_image\" \/>\n<meta name=\"twitter:creator\" content=\"@EstratConcursos\" \/>\n<meta name=\"twitter:site\" content=\"@EstratConcursos\" \/>\n<meta name=\"twitter:label1\" content=\"Escrito por\" \/>\n\t<meta name=\"twitter:data1\" content=\"Ali Mohamad Jaha\" \/>\n\t<meta name=\"twitter:label2\" content=\"Est. tempo de leitura\" \/>\n\t<meta name=\"twitter:data2\" content=\"1 minuto\" \/>\n<script type=\"application\/ld+json\" class=\"yoast-schema-graph\">{\"@context\":\"https:\/\/schema.org\",\"@graph\":[{\"@type\":\"NewsArticle\",\"@id\":\"https:\/\/www.estrategiaconcursos.com.br\/blog\/grande-reforma-da-previdencia-social\/#article\",\"isPartOf\":{\"@id\":\"https:\/\/www.estrategiaconcursos.com.br\/blog\/grande-reforma-da-previdencia-social\/\"},\"author\":{\"name\":\"Ali Mohamad Jaha\",\"@id\":\"https:\/\/www.estrategiaconcursos.com.br\/blog\/#\/schema\/person\/5caef5684d9fe56108eff29afc128dca\"},\"headline\":\"A Grande Reforma da Previd\u00eancia Social &#8211; Prof. Ali Mohamad Jaha.\",\"datePublished\":\"2016-12-08T16:05:15+00:00\",\"dateModified\":\"2016-12-08T17:09:28+00:00\",\"mainEntityOfPage\":{\"@id\":\"https:\/\/www.estrategiaconcursos.com.br\/blog\/grande-reforma-da-previdencia-social\/\"},\"wordCount\":205,\"commentCount\":0,\"publisher\":{\"@id\":\"https:\/\/www.estrategiaconcursos.com.br\/blog\/#organization\"},\"articleSection\":[\"Concursos P\u00fablicos\"],\"inLanguage\":\"pt-BR\",\"potentialAction\":[{\"@type\":\"CommentAction\",\"name\":\"Comment\",\"target\":[\"https:\/\/www.estrategiaconcursos.com.br\/blog\/grande-reforma-da-previdencia-social\/#respond\"]}],\"copyrightYear\":\"2016\",\"copyrightHolder\":{\"@id\":\"https:\/\/www.estrategiaconcursos.com.br\/blog\/#organization\"}},{\"@type\":\"WebPage\",\"@id\":\"https:\/\/www.estrategiaconcursos.com.br\/blog\/grande-reforma-da-previdencia-social\/\",\"url\":\"https:\/\/www.estrategiaconcursos.com.br\/blog\/grande-reforma-da-previdencia-social\/\",\"name\":\"A Grande Reforma da Previd\u00eancia Social e PEC n.\u00ba 287\/2016\",\"isPartOf\":{\"@id\":\"https:\/\/www.estrategiaconcursos.com.br\/blog\/#website\"},\"datePublished\":\"2016-12-08T16:05:15+00:00\",\"dateModified\":\"2016-12-08T17:09:28+00:00\",\"description\":\"Artigo sobre a PEC n.\u00ba 287\/2016 que prev\u00ea a Grande Reforma da Previd\u00eancia Social. escrito pelo Prof Jaha de Direito Previdenci\u00e1rio do Estrat\u00e9gia Concursos.\",\"breadcrumb\":{\"@id\":\"https:\/\/www.estrategiaconcursos.com.br\/blog\/grande-reforma-da-previdencia-social\/#breadcrumb\"},\"inLanguage\":\"pt-BR\",\"potentialAction\":[{\"@type\":\"ReadAction\",\"target\":[\"https:\/\/www.estrategiaconcursos.com.br\/blog\/grande-reforma-da-previdencia-social\/\"]}]},{\"@type\":\"BreadcrumbList\",\"@id\":\"https:\/\/www.estrategiaconcursos.com.br\/blog\/grande-reforma-da-previdencia-social\/#breadcrumb\",\"itemListElement\":[{\"@type\":\"ListItem\",\"position\":1,\"name\":\"In\u00edcio\",\"item\":\"https:\/\/www.estrategiaconcursos.com.br\/blog\/\"},{\"@type\":\"ListItem\",\"position\":2,\"name\":\"A Grande Reforma da Previd\u00eancia Social &#8211; Prof. Ali Mohamad Jaha.\"}]},{\"@type\":\"WebSite\",\"@id\":\"https:\/\/www.estrategiaconcursos.com.br\/blog\/#website\",\"url\":\"https:\/\/www.estrategiaconcursos.com.br\/blog\/\",\"name\":\"Estrat\u00e9gia Concursos\",\"description\":\"O blog da Estrat\u00e9gia Concursos traz not\u00edcias sobre concursos e artigos de professores oferecendo cursos para concursos (pdf + videaulas) no site.\",\"publisher\":{\"@id\":\"https:\/\/www.estrategiaconcursos.com.br\/blog\/#organization\"},\"potentialAction\":[{\"@type\":\"SearchAction\",\"target\":{\"@type\":\"EntryPoint\",\"urlTemplate\":\"https:\/\/www.estrategiaconcursos.com.br\/blog\/?s={search_term_string}\"},\"query-input\":{\"@type\":\"PropertyValueSpecification\",\"valueRequired\":true,\"valueName\":\"search_term_string\"}}],\"inLanguage\":\"pt-BR\"},{\"@type\":\"Organization\",\"@id\":\"https:\/\/www.estrategiaconcursos.com.br\/blog\/#organization\",\"name\":\"Estrat\u00e9gia Concursos\",\"url\":\"https:\/\/www.estrategiaconcursos.com.br\/blog\/\",\"logo\":{\"@type\":\"ImageObject\",\"inLanguage\":\"pt-BR\",\"@id\":\"https:\/\/www.estrategiaconcursos.com.br\/blog\/#\/schema\/logo\/image\/\",\"url\":\"https:\/\/dhg1h5j42swfq.cloudfront.net\/2025\/06\/03203428\/logo_concursos-1.jpg\",\"contentUrl\":\"https:\/\/dhg1h5j42swfq.cloudfront.net\/2025\/06\/03203428\/logo_concursos-1.jpg\",\"width\":230,\"height\":60,\"caption\":\"Estrat\u00e9gia Concursos\"},\"image\":{\"@id\":\"https:\/\/www.estrategiaconcursos.com.br\/blog\/#\/schema\/logo\/image\/\"},\"sameAs\":[\"https:\/\/x.com\/EstratConcursos\"]},{\"@type\":\"Person\",\"@id\":\"https:\/\/www.estrategiaconcursos.com.br\/blog\/#\/schema\/person\/5caef5684d9fe56108eff29afc128dca\",\"name\":\"Ali Mohamad Jaha\",\"image\":{\"@type\":\"ImageObject\",\"inLanguage\":\"pt-BR\",\"@id\":\"https:\/\/secure.gravatar.com\/avatar\/d2d32b2c5ba0b3d1fcbc7c351539c7f9052f5e52461adc4d346787a9c2579056?s=96&d=mm&r=g\",\"url\":\"https:\/\/secure.gravatar.com\/avatar\/d2d32b2c5ba0b3d1fcbc7c351539c7f9052f5e52461adc4d346787a9c2579056?s=96&d=mm&r=g\",\"contentUrl\":\"https:\/\/secure.gravatar.com\/avatar\/d2d32b2c5ba0b3d1fcbc7c351539c7f9052f5e52461adc4d346787a9c2579056?s=96&d=mm&r=g\",\"caption\":\"Ali Mohamad Jaha\"},\"description\":\"Professor de Direito Previdenci\u00e1rio, Legisla\u00e7\u00e3o Previdenci\u00e1ria, Legisla\u00e7\u00e3o da Sa\u00fade, Legisla\u00e7\u00e3o Espec\u00edfica e Discursivas. Auditor-Fiscal da Receita Federal do Brasil \u2013 DRF-Cascavel\/PR. Especialista em Administra\u00e7\u00e3o Tribut\u00e1ria pela Universidade Castelo Branco\/RJ. Especialista em Gest\u00e3o de Pol\u00edticas P\u00fablicas pela Universidade do Iva\u00ed\/PR. Bacharel em Engenharia Civil pela Universidade Estadual de Maring\u00e1\/PR.\",\"sameAs\":[\"http:\/\/www.facebook.com\/amjaha\"],\"url\":\"https:\/\/www.estrategiaconcursos.com.br\/blog\/author\/alijahaestrategiaconcursos-com-br\/\"}]}<\/script>\n<!-- \/ Yoast SEO Premium plugin. -->","yoast_head_json":{"title":"A Grande Reforma da Previd\u00eancia Social e PEC n.\u00ba 287\/2016","description":"Artigo sobre a PEC n.\u00ba 287\/2016 que prev\u00ea a Grande Reforma da Previd\u00eancia Social. escrito pelo Prof Jaha de Direito Previdenci\u00e1rio do Estrat\u00e9gia Concursos.","robots":{"index":"index","follow":"follow","max-snippet":"max-snippet:-1","max-image-preview":"max-image-preview:large","max-video-preview":"max-video-preview:-1"},"canonical":"https:\/\/www.estrategiaconcursos.com.br\/blog\/grande-reforma-da-previdencia-social\/","og_locale":"pt_BR","og_type":"article","og_title":"A Grande Reforma da Previd\u00eancia Social - Prof. Ali Mohamad Jaha.","og_description":"Artigo sobre a PEC n.\u00ba 287\/2016 que prev\u00ea a Grande Reforma da Previd\u00eancia Social. escrito pelo Prof Jaha de Direito Previdenci\u00e1rio do Estrat\u00e9gia Concursos.","og_url":"https:\/\/www.estrategiaconcursos.com.br\/blog\/grande-reforma-da-previdencia-social\/","og_site_name":"Estrat\u00e9gia Concursos","article_author":"http:\/\/www.facebook.com\/amjaha","article_published_time":"2016-12-08T16:05:15+00:00","article_modified_time":"2016-12-08T17:09:28+00:00","author":"Ali Mohamad Jaha","twitter_card":"summary_large_image","twitter_creator":"@EstratConcursos","twitter_site":"@EstratConcursos","twitter_misc":{"Escrito por":"Ali Mohamad Jaha","Est. tempo de leitura":"1 minuto"},"schema":{"@context":"https:\/\/schema.org","@graph":[{"@type":"NewsArticle","@id":"https:\/\/www.estrategiaconcursos.com.br\/blog\/grande-reforma-da-previdencia-social\/#article","isPartOf":{"@id":"https:\/\/www.estrategiaconcursos.com.br\/blog\/grande-reforma-da-previdencia-social\/"},"author":{"name":"Ali Mohamad Jaha","@id":"https:\/\/www.estrategiaconcursos.com.br\/blog\/#\/schema\/person\/5caef5684d9fe56108eff29afc128dca"},"headline":"A Grande Reforma da Previd\u00eancia Social &#8211; Prof. Ali Mohamad Jaha.","datePublished":"2016-12-08T16:05:15+00:00","dateModified":"2016-12-08T17:09:28+00:00","mainEntityOfPage":{"@id":"https:\/\/www.estrategiaconcursos.com.br\/blog\/grande-reforma-da-previdencia-social\/"},"wordCount":205,"commentCount":0,"publisher":{"@id":"https:\/\/www.estrategiaconcursos.com.br\/blog\/#organization"},"articleSection":["Concursos P\u00fablicos"],"inLanguage":"pt-BR","potentialAction":[{"@type":"CommentAction","name":"Comment","target":["https:\/\/www.estrategiaconcursos.com.br\/blog\/grande-reforma-da-previdencia-social\/#respond"]}],"copyrightYear":"2016","copyrightHolder":{"@id":"https:\/\/www.estrategiaconcursos.com.br\/blog\/#organization"}},{"@type":"WebPage","@id":"https:\/\/www.estrategiaconcursos.com.br\/blog\/grande-reforma-da-previdencia-social\/","url":"https:\/\/www.estrategiaconcursos.com.br\/blog\/grande-reforma-da-previdencia-social\/","name":"A Grande Reforma da Previd\u00eancia Social e PEC n.\u00ba 287\/2016","isPartOf":{"@id":"https:\/\/www.estrategiaconcursos.com.br\/blog\/#website"},"datePublished":"2016-12-08T16:05:15+00:00","dateModified":"2016-12-08T17:09:28+00:00","description":"Artigo sobre a PEC n.\u00ba 287\/2016 que prev\u00ea a Grande Reforma da Previd\u00eancia Social. escrito pelo Prof Jaha de Direito Previdenci\u00e1rio do Estrat\u00e9gia Concursos.","breadcrumb":{"@id":"https:\/\/www.estrategiaconcursos.com.br\/blog\/grande-reforma-da-previdencia-social\/#breadcrumb"},"inLanguage":"pt-BR","potentialAction":[{"@type":"ReadAction","target":["https:\/\/www.estrategiaconcursos.com.br\/blog\/grande-reforma-da-previdencia-social\/"]}]},{"@type":"BreadcrumbList","@id":"https:\/\/www.estrategiaconcursos.com.br\/blog\/grande-reforma-da-previdencia-social\/#breadcrumb","itemListElement":[{"@type":"ListItem","position":1,"name":"In\u00edcio","item":"https:\/\/www.estrategiaconcursos.com.br\/blog\/"},{"@type":"ListItem","position":2,"name":"A Grande Reforma da Previd\u00eancia Social &#8211; Prof. Ali Mohamad Jaha."}]},{"@type":"WebSite","@id":"https:\/\/www.estrategiaconcursos.com.br\/blog\/#website","url":"https:\/\/www.estrategiaconcursos.com.br\/blog\/","name":"Estrat\u00e9gia Concursos","description":"O blog da Estrat\u00e9gia Concursos traz not\u00edcias sobre concursos e artigos de professores oferecendo cursos para concursos (pdf + videaulas) no site.","publisher":{"@id":"https:\/\/www.estrategiaconcursos.com.br\/blog\/#organization"},"potentialAction":[{"@type":"SearchAction","target":{"@type":"EntryPoint","urlTemplate":"https:\/\/www.estrategiaconcursos.com.br\/blog\/?s={search_term_string}"},"query-input":{"@type":"PropertyValueSpecification","valueRequired":true,"valueName":"search_term_string"}}],"inLanguage":"pt-BR"},{"@type":"Organization","@id":"https:\/\/www.estrategiaconcursos.com.br\/blog\/#organization","name":"Estrat\u00e9gia Concursos","url":"https:\/\/www.estrategiaconcursos.com.br\/blog\/","logo":{"@type":"ImageObject","inLanguage":"pt-BR","@id":"https:\/\/www.estrategiaconcursos.com.br\/blog\/#\/schema\/logo\/image\/","url":"https:\/\/dhg1h5j42swfq.cloudfront.net\/2025\/06\/03203428\/logo_concursos-1.jpg","contentUrl":"https:\/\/dhg1h5j42swfq.cloudfront.net\/2025\/06\/03203428\/logo_concursos-1.jpg","width":230,"height":60,"caption":"Estrat\u00e9gia Concursos"},"image":{"@id":"https:\/\/www.estrategiaconcursos.com.br\/blog\/#\/schema\/logo\/image\/"},"sameAs":["https:\/\/x.com\/EstratConcursos"]},{"@type":"Person","@id":"https:\/\/www.estrategiaconcursos.com.br\/blog\/#\/schema\/person\/5caef5684d9fe56108eff29afc128dca","name":"Ali Mohamad Jaha","image":{"@type":"ImageObject","inLanguage":"pt-BR","@id":"https:\/\/secure.gravatar.com\/avatar\/d2d32b2c5ba0b3d1fcbc7c351539c7f9052f5e52461adc4d346787a9c2579056?s=96&d=mm&r=g","url":"https:\/\/secure.gravatar.com\/avatar\/d2d32b2c5ba0b3d1fcbc7c351539c7f9052f5e52461adc4d346787a9c2579056?s=96&d=mm&r=g","contentUrl":"https:\/\/secure.gravatar.com\/avatar\/d2d32b2c5ba0b3d1fcbc7c351539c7f9052f5e52461adc4d346787a9c2579056?s=96&d=mm&r=g","caption":"Ali Mohamad Jaha"},"description":"Professor de Direito Previdenci\u00e1rio, Legisla\u00e7\u00e3o Previdenci\u00e1ria, Legisla\u00e7\u00e3o da Sa\u00fade, Legisla\u00e7\u00e3o Espec\u00edfica e Discursivas. Auditor-Fiscal da Receita Federal do Brasil \u2013 DRF-Cascavel\/PR. Especialista em Administra\u00e7\u00e3o Tribut\u00e1ria pela Universidade Castelo Branco\/RJ. Especialista em Gest\u00e3o de Pol\u00edticas P\u00fablicas pela Universidade do Iva\u00ed\/PR. Bacharel em Engenharia Civil pela Universidade Estadual de Maring\u00e1\/PR.","sameAs":["http:\/\/www.facebook.com\/amjaha"],"url":"https:\/\/www.estrategiaconcursos.com.br\/blog\/author\/alijahaestrategiaconcursos-com-br\/"}]}},"_links":{"self":[{"href":"https:\/\/www.estrategiaconcursos.com.br\/blog\/wp-json\/wp\/v2\/posts\/57463","targetHints":{"allow":["GET"]}}],"collection":[{"href":"https:\/\/www.estrategiaconcursos.com.br\/blog\/wp-json\/wp\/v2\/posts"}],"about":[{"href":"https:\/\/www.estrategiaconcursos.com.br\/blog\/wp-json\/wp\/v2\/types\/post"}],"author":[{"embeddable":true,"href":"https:\/\/www.estrategiaconcursos.com.br\/blog\/wp-json\/wp\/v2\/users\/45"}],"replies":[{"embeddable":true,"href":"https:\/\/www.estrategiaconcursos.com.br\/blog\/wp-json\/wp\/v2\/comments?post=57463"}],"version-history":[{"count":3,"href":"https:\/\/www.estrategiaconcursos.com.br\/blog\/wp-json\/wp\/v2\/posts\/57463\/revisions"}],"predecessor-version":[{"id":373660,"href":"https:\/\/www.estrategiaconcursos.com.br\/blog\/wp-json\/wp\/v2\/posts\/57463\/revisions\/373660"}],"wp:attachment":[{"href":"https:\/\/www.estrategiaconcursos.com.br\/blog\/wp-json\/wp\/v2\/media?parent=57463"}],"wp:term":[{"taxonomy":"category","embeddable":true,"href":"https:\/\/www.estrategiaconcursos.com.br\/blog\/wp-json\/wp\/v2\/categories?post=57463"},{"taxonomy":"post_tag","embeddable":true,"href":"https:\/\/www.estrategiaconcursos.com.br\/blog\/wp-json\/wp\/v2\/tags?post=57463"},{"taxonomy":"tax_estado","embeddable":true,"href":"https:\/\/www.estrategiaconcursos.com.br\/blog\/wp-json\/wp\/v2\/tax_estado?post=57463"}],"curies":[{"name":"wp","href":"https:\/\/api.w.org\/{rel}","templated":true}]}}