{"id":574362,"date":"2020-09-18T14:55:34","date_gmt":"2020-09-18T17:55:34","guid":{"rendered":"https:\/\/www.estrategiaconcursos.com.br\/blog\/?p=574362"},"modified":"2023-07-05T10:12:32","modified_gmt":"2023-07-05T13:12:32","slug":"processo-seletivo-ministerio-da-justica","status":"publish","type":"post","link":"https:\/\/www.estrategiaconcursos.com.br\/blog\/processo-seletivo-ministerio-da-justica\/","title":{"rendered":"Processo Seletivo Minist\u00e9rio da Justi\u00e7a: instru\u00e7\u00f5es para prova!"},"content":{"rendered":"\n<p>A banca organizadora, Instituto AOCP, que \u00e9 respons\u00e1vel pelas atividades do Processo Seletivo Minist\u00e9rio da justi\u00e7a divulgou algumas instru\u00e7\u00f5es para a realiza\u00e7\u00e3o das provas objetivas, previstas para o dia <strong>27 de setembro de 2020.<\/strong><\/p>\n\n\n\n<p>Os inscritos no Processo Seletivo Minist\u00e9rio da Justi\u00e7a ter\u00e3o que seguir algumas normas obrigat\u00f3rias para a realiza\u00e7\u00e3o do exame. Inicialmente, o comunicado pede para que os candidatos utilizem m\u00e1scara facial durante todo o tempo de perman\u00eancia no local de provas, bem como respeitar o distanciamento social.<\/p>\n\n\n\n<p>Quando solicitado, o candidato dever\u00e1 retirar a m\u00e1scara de prote\u00e7\u00e3o facial para que o fiscal possa realizar a sua identifica\u00e7\u00e3o na entrada da sala de provas, bem como nas demais situa\u00e7\u00f5es em que for solicitada tal provid\u00eancia.<\/p>\n\n\n\n<p>J\u00e1 na entrada das salas, os candidatos devem passar pela medi\u00e7\u00e3o de temperatura. Al\u00e9m disso, o \u00e1lcool gel vai estar dispon\u00edvel nas \u00e1reas comuns do local, principalmente sanit\u00e1rios.<\/p>\n\n\n\n<p>Haver\u00e1 salas especialmente preparadas, com espa\u00e7amento m\u00ednimo de 3 metros entre as carteiras, seguindo os demais protocolos de sa\u00fade e procedimentos para casos suspeitos, para candidatos nas seguintes situa\u00e7\u00f5es:<\/p>\n\n\n\n<ul class=\"wp-block-list\">\n<li><strong>a)<\/strong> com temperatura aferida superior a 37,8 \u00baC;<\/li>\n\n\n\n<li><strong>b)<\/strong> que se autodeclararem em per\u00edodo de isolamento; ou<\/li>\n\n\n\n<li><strong>c) <\/strong>que declarem ter contato com pessoa contaminada<\/li>\n<\/ul>\n\n\n\n<p>Lembrando que os candidatos que se recusarem a seguir as condi\u00e7\u00f5es acima elencadas e demais orienta\u00e7\u00f5es dos fiscais e das autoridades de sa\u00fade no que se refere \u00e0s medidas adotadas contra o cont\u00e1gio e dissemina\u00e7\u00e3o da Covid-19, estar\u00e3o sujeitos \u00e0 elimina\u00e7\u00e3o no Processo Seletivo Minist\u00e9rio da Justi\u00e7a.<\/p>\n\n\n\n<p>N\u00e3o haver\u00e1 segunda chamada para a Prova Objetiva, ficando o candidato ausente, por qualquer movo, eliminado do Processo Seletivo. Ao todo, a sele\u00e7\u00e3o oferta 35 vagas distribu\u00eddas entre profissionais da \u00e1rea de Tecnologia da Informa\u00e7\u00e3o, com sal\u00e1rio de&nbsp;<strong>R$ 8.300,00.<\/strong>&nbsp;<\/p>\n\n\n\n<p>Quer saber mais detalhes sobre o Processo Seletivo Minist\u00e9rio da Justi\u00e7a? \u00c9 f\u00e1cil, acesse o link abaixo e fique por dentro de tudo!!! <\/p>\n\n\n\n<p class=\"has-text-align-center has-cyan-bluish-gray-background-color has-background\" style=\"font-size:clamp(14.642px, 0.915rem + ((1vw - 3.2px) * 0.721), 22px);px\"><strong>Saiba mais: <a href=\"https:\/\/www.estrategiaconcursos.com.br\/blog\/concurso-ministerio-da-justica\/\" target=\"_blank\" rel=\"noreferrer noopener\">PSS Minist\u00e9rio da Justi\u00e7a<\/a><\/strong><\/p>\n\n\n\n<h2 class=\"wp-block-heading has-text-align-center\" id=\"assinatura-e-cursos\"><em><strong>Cursos e Assinatura Ilimitada<\/strong><\/em> <em>para o Processo Seletivo Minist\u00e9rio da Justi\u00e7a<\/em><\/h2>\n\n\n\n<p class=\"has-text-align-center has-luminous-vivid-amber-background-color has-background has-medium-font-size\"><strong><a href=\"https:\/\/www.estrategiaconcursos.com.br\/cursosPorConcurso\/promocao-pacotes-para-ministerio-da-justica-e-seguranca-publica-mjsp-r\/\" target=\"_blank\" rel=\"noreferrer noopener\">Curso Minist\u00e9rio da Justi\u00e7a<\/a><\/strong><\/p>\n\n\n\n<p class=\"has-text-align-center\"><em><strong>Assinatura Anual Ilimitada*<\/strong><\/em><\/p>\n\n\n\n<p class=\"has-text-align-center\"><em>Prepare-se com o melhor material e com quem mais aprova em Concursos P\u00fablicos em todo o pa\u00eds. Assine agora a nossa Assinatura Anual e tenha acesso ilimitado a todos os nossos cursos.<\/em><\/p>\n\n\n\n<p class=\"has-text-align-center has-light-green-cyan-background-color has-background has-medium-font-size\"><strong>ASSINE AGORA<\/strong>&nbsp;\u2013&nbsp;<a rel=\"noreferrer noopener\" href=\"https:\/\/www.estrategiaconcursos.com.br\/assinaturas\" target=\"_blank\"><strong>Assinatura Ilimitada<\/strong><\/a><\/p>\n\n\n\n<p class=\"has-text-align-center\"><strong><em>Sistema de Quest\u00f5es<\/em><\/strong><\/p>\n\n\n\n<p class=\"has-text-align-center\"><em>Estrat\u00e9gia Quest\u00f5es nasceu maior do que todos os concorrentes, com mais quest\u00f5es cadastradas e mais solu\u00e7\u00f5es por professores. Clique no link e aproveite os descontos e b\u00f4nus imperd\u00edveis!<\/em><\/p>\n\n\n\n<p class=\"has-text-align-center has-vivid-green-cyan-background-color has-background has-medium-font-size\"><strong>ASSINE AGORA \u2013&nbsp;<a href=\"https:\/\/www.estrategiaconcursos.com.br\/cursosPorConcurso\/sistema-de-questoes\/#\/\" target=\"_blank\" rel=\"noreferrer noopener\">Sistema de Quest\u00f5es<\/a><\/strong><\/p>\n\n\n\n<p class=\"has-text-align-center has-medium-font-size\"><em><strong>Fique por dentro dos concursos abertos<\/strong><\/em>:<\/p>\n\n\n\n<p class=\"has-text-align-center has-pale-cyan-blue-background-color has-background\" style=\"font-size:clamp(14.642px, 0.915rem + ((1vw - 3.2px) * 0.721), 22px);px\"><a href=\"https:\/\/www.estrategiaconcursos.com.br\/blog\/concursos-abertos\/\" target=\"_blank\" rel=\"noreferrer noopener\"><strong>Concursos Abertos<\/strong><\/a><\/p>\n","protected":false},"excerpt":{"rendered":"<p>A banca organizadora, Instituto AOCP, que \u00e9 respons\u00e1vel pelas atividades do Processo Seletivo Minist\u00e9rio da justi\u00e7a divulgou algumas instru\u00e7\u00f5es para a realiza\u00e7\u00e3o das provas objetivas, previstas para o dia 27 de setembro de 2020. Os inscritos no Processo Seletivo Minist\u00e9rio da Justi\u00e7a ter\u00e3o que seguir algumas normas obrigat\u00f3rias para a realiza\u00e7\u00e3o do exame. Inicialmente, o [&hellip;]<\/p>\n","protected":false},"author":215,"featured_media":571472,"comment_status":"open","ping_status":"closed","sticky":false,"template":"","format":"standard","meta":{"post_tipo":"article","footnotes":""},"categories":[214992],"tags":[],"tax_estado":[],"class_list":["post-574362","post","type-post","status-publish","format-standard","has-post-thumbnail","hentry","category-concursos-administrativos"],"acf":[],"yoast_head":"<!-- This site is optimized with the Yoast SEO Premium plugin v27.2 (Yoast SEO v27.2) - https:\/\/yoast.com\/product\/yoast-seo-premium-wordpress\/ -->\n<title>Processo Seletivo Minist\u00e9rio da Justi\u00e7a: instru\u00e7\u00f5es para prova!<\/title>\n<meta name=\"description\" content=\"Processo Seletivo Minist\u00e9rio da Justi\u00e7a: CONFIRA as condi\u00e7\u00f5es de biosseguran\u00e7a para aplica\u00e7\u00e3o da prova objetiva marcada para o dia 27 de setembro.\" \/>\n<meta name=\"robots\" content=\"index, follow, max-snippet:-1, max-image-preview:large, max-video-preview:-1\" \/>\n<link rel=\"canonical\" href=\"https:\/\/www.estrategiaconcursos.com.br\/blog\/processo-seletivo-ministerio-da-justica\/\" \/>\n<meta property=\"og:locale\" content=\"pt_BR\" \/>\n<meta property=\"og:type\" content=\"article\" \/>\n<meta property=\"og:title\" content=\"Processo Seletivo Minist\u00e9rio da Justi\u00e7a: instru\u00e7\u00f5es para prova!\" \/>\n<meta property=\"og:description\" content=\"Processo Seletivo Minist\u00e9rio da Justi\u00e7a: CONFIRA as condi\u00e7\u00f5es de biosseguran\u00e7a para aplica\u00e7\u00e3o da prova objetiva marcada para o dia 27 de setembro.\" \/>\n<meta property=\"og:url\" content=\"https:\/\/www.estrategiaconcursos.com.br\/blog\/processo-seletivo-ministerio-da-justica\/\" \/>\n<meta property=\"og:site_name\" content=\"Estrat\u00e9gia Concursos\" \/>\n<meta property=\"article:published_time\" content=\"2020-09-18T17:55:34+00:00\" \/>\n<meta property=\"article:modified_time\" content=\"2023-07-05T13:12:32+00:00\" \/>\n<meta property=\"og:image\" content=\"https:\/\/dhg1h5j42swfq.cloudfront.net\/2020\/09\/14092417\/Ministerio-da-Justica.jpg\" \/>\n\t<meta property=\"og:image:width\" content=\"1200\" \/>\n\t<meta property=\"og:image:height\" content=\"628\" \/>\n\t<meta property=\"og:image:type\" content=\"image\/jpeg\" \/>\n<meta name=\"author\" content=\"Thiago Rodrigues Cavalcanti\" \/>\n<meta name=\"twitter:card\" content=\"summary_large_image\" \/>\n<meta name=\"twitter:creator\" content=\"@EstratConcursos\" \/>\n<meta name=\"twitter:site\" content=\"@EstratConcursos\" \/>\n<meta name=\"twitter:label1\" content=\"Escrito por\" \/>\n\t<meta name=\"twitter:data1\" content=\"Thiago Rodrigues Cavalcanti\" \/>\n\t<meta name=\"twitter:label2\" content=\"Est. tempo de leitura\" \/>\n\t<meta name=\"twitter:data2\" content=\"2 minutos\" \/>\n<script type=\"application\/ld+json\" class=\"yoast-schema-graph\">{\"@context\":\"https:\/\/schema.org\",\"@graph\":[{\"@type\":\"NewsArticle\",\"@id\":\"https:\/\/www.estrategiaconcursos.com.br\/blog\/processo-seletivo-ministerio-da-justica\/#article\",\"isPartOf\":{\"@id\":\"https:\/\/www.estrategiaconcursos.com.br\/blog\/processo-seletivo-ministerio-da-justica\/\"},\"author\":{\"name\":\"Thiago Rodrigues Cavalcanti\",\"@id\":\"https:\/\/www.estrategiaconcursos.com.br\/blog\/#\/schema\/person\/fcaf7747a784c860b8a4feb3dd2c528e\"},\"headline\":\"Processo Seletivo Minist\u00e9rio da Justi\u00e7a: instru\u00e7\u00f5es para prova!\",\"datePublished\":\"2020-09-18T17:55:34+00:00\",\"dateModified\":\"2023-07-05T13:12:32+00:00\",\"mainEntityOfPage\":{\"@id\":\"https:\/\/www.estrategiaconcursos.com.br\/blog\/processo-seletivo-ministerio-da-justica\/\"},\"wordCount\":479,\"commentCount\":0,\"publisher\":{\"@id\":\"https:\/\/www.estrategiaconcursos.com.br\/blog\/#organization\"},\"image\":{\"@id\":\"https:\/\/www.estrategiaconcursos.com.br\/blog\/processo-seletivo-ministerio-da-justica\/#primaryimage\"},\"thumbnailUrl\":\"https:\/\/dhg1h5j42swfq.cloudfront.net\/2020\/09\/14092417\/Ministerio-da-Justica.jpg\",\"articleSection\":[\"Executivo (Administrativa)\"],\"inLanguage\":\"pt-BR\",\"potentialAction\":[{\"@type\":\"CommentAction\",\"name\":\"Comment\",\"target\":[\"https:\/\/www.estrategiaconcursos.com.br\/blog\/processo-seletivo-ministerio-da-justica\/#respond\"]}],\"copyrightYear\":\"2020\",\"copyrightHolder\":{\"@id\":\"https:\/\/www.estrategiaconcursos.com.br\/blog\/#organization\"}},{\"@type\":\"WebPage\",\"@id\":\"https:\/\/www.estrategiaconcursos.com.br\/blog\/processo-seletivo-ministerio-da-justica\/\",\"url\":\"https:\/\/www.estrategiaconcursos.com.br\/blog\/processo-seletivo-ministerio-da-justica\/\",\"name\":\"Processo Seletivo Minist\u00e9rio da Justi\u00e7a: instru\u00e7\u00f5es para prova!\",\"isPartOf\":{\"@id\":\"https:\/\/www.estrategiaconcursos.com.br\/blog\/#website\"},\"primaryImageOfPage\":{\"@id\":\"https:\/\/www.estrategiaconcursos.com.br\/blog\/processo-seletivo-ministerio-da-justica\/#primaryimage\"},\"image\":{\"@id\":\"https:\/\/www.estrategiaconcursos.com.br\/blog\/processo-seletivo-ministerio-da-justica\/#primaryimage\"},\"thumbnailUrl\":\"https:\/\/dhg1h5j42swfq.cloudfront.net\/2020\/09\/14092417\/Ministerio-da-Justica.jpg\",\"datePublished\":\"2020-09-18T17:55:34+00:00\",\"dateModified\":\"2023-07-05T13:12:32+00:00\",\"description\":\"Processo Seletivo Minist\u00e9rio da Justi\u00e7a: CONFIRA as condi\u00e7\u00f5es de biosseguran\u00e7a para aplica\u00e7\u00e3o da prova objetiva marcada para o dia 27 de setembro.\",\"breadcrumb\":{\"@id\":\"https:\/\/www.estrategiaconcursos.com.br\/blog\/processo-seletivo-ministerio-da-justica\/#breadcrumb\"},\"inLanguage\":\"pt-BR\",\"potentialAction\":[{\"@type\":\"ReadAction\",\"target\":[\"https:\/\/www.estrategiaconcursos.com.br\/blog\/processo-seletivo-ministerio-da-justica\/\"]}]},{\"@type\":\"ImageObject\",\"inLanguage\":\"pt-BR\",\"@id\":\"https:\/\/www.estrategiaconcursos.com.br\/blog\/processo-seletivo-ministerio-da-justica\/#primaryimage\",\"url\":\"https:\/\/dhg1h5j42swfq.cloudfront.net\/2020\/09\/14092417\/Ministerio-da-Justica.jpg\",\"contentUrl\":\"https:\/\/dhg1h5j42swfq.cloudfront.net\/2020\/09\/14092417\/Ministerio-da-Justica.jpg\",\"width\":1200,\"height\":628,\"caption\":\"Minist\u00e9rio da Justi\u00e7a\"},{\"@type\":\"BreadcrumbList\",\"@id\":\"https:\/\/www.estrategiaconcursos.com.br\/blog\/processo-seletivo-ministerio-da-justica\/#breadcrumb\",\"itemListElement\":[{\"@type\":\"ListItem\",\"position\":1,\"name\":\"In\u00edcio\",\"item\":\"https:\/\/www.estrategiaconcursos.com.br\/blog\/\"},{\"@type\":\"ListItem\",\"position\":2,\"name\":\"Processo Seletivo Minist\u00e9rio da Justi\u00e7a: instru\u00e7\u00f5es para prova!\"}]},{\"@type\":\"WebSite\",\"@id\":\"https:\/\/www.estrategiaconcursos.com.br\/blog\/#website\",\"url\":\"https:\/\/www.estrategiaconcursos.com.br\/blog\/\",\"name\":\"Estrat\u00e9gia Concursos\",\"description\":\"O blog da Estrat\u00e9gia Concursos traz not\u00edcias sobre concursos e artigos de professores oferecendo cursos para concursos (pdf + videaulas) no site.\",\"publisher\":{\"@id\":\"https:\/\/www.estrategiaconcursos.com.br\/blog\/#organization\"},\"potentialAction\":[{\"@type\":\"SearchAction\",\"target\":{\"@type\":\"EntryPoint\",\"urlTemplate\":\"https:\/\/www.estrategiaconcursos.com.br\/blog\/?s={search_term_string}\"},\"query-input\":{\"@type\":\"PropertyValueSpecification\",\"valueRequired\":true,\"valueName\":\"search_term_string\"}}],\"inLanguage\":\"pt-BR\"},{\"@type\":\"Organization\",\"@id\":\"https:\/\/www.estrategiaconcursos.com.br\/blog\/#organization\",\"name\":\"Estrat\u00e9gia Concursos\",\"url\":\"https:\/\/www.estrategiaconcursos.com.br\/blog\/\",\"logo\":{\"@type\":\"ImageObject\",\"inLanguage\":\"pt-BR\",\"@id\":\"https:\/\/www.estrategiaconcursos.com.br\/blog\/#\/schema\/logo\/image\/\",\"url\":\"https:\/\/dhg1h5j42swfq.cloudfront.net\/2025\/06\/03203428\/logo_concursos-1.jpg\",\"contentUrl\":\"https:\/\/dhg1h5j42swfq.cloudfront.net\/2025\/06\/03203428\/logo_concursos-1.jpg\",\"width\":230,\"height\":60,\"caption\":\"Estrat\u00e9gia Concursos\"},\"image\":{\"@id\":\"https:\/\/www.estrategiaconcursos.com.br\/blog\/#\/schema\/logo\/image\/\"},\"sameAs\":[\"https:\/\/x.com\/EstratConcursos\"]},{\"@type\":\"Person\",\"@id\":\"https:\/\/www.estrategiaconcursos.com.br\/blog\/#\/schema\/person\/fcaf7747a784c860b8a4feb3dd2c528e\",\"name\":\"Thiago Rodrigues Cavalcanti\",\"image\":{\"@type\":\"ImageObject\",\"inLanguage\":\"pt-BR\",\"@id\":\"https:\/\/secure.gravatar.com\/avatar\/08e6c519fe84ceb0618b23307f2dee18afb2b5dce83a93b6a66dfdd007a08564?s=96&d=mm&r=g\",\"url\":\"https:\/\/secure.gravatar.com\/avatar\/08e6c519fe84ceb0618b23307f2dee18afb2b5dce83a93b6a66dfdd007a08564?s=96&d=mm&r=g\",\"contentUrl\":\"https:\/\/secure.gravatar.com\/avatar\/08e6c519fe84ceb0618b23307f2dee18afb2b5dce83a93b6a66dfdd007a08564?s=96&d=mm&r=g\",\"caption\":\"Thiago Rodrigues Cavalcanti\"},\"url\":\"https:\/\/www.estrategiaconcursos.com.br\/blog\/author\/rcthiagogmail-com\/\"}]}<\/script>\n<!-- \/ Yoast SEO Premium plugin. -->","yoast_head_json":{"title":"Processo Seletivo Minist\u00e9rio da Justi\u00e7a: instru\u00e7\u00f5es para prova!","description":"Processo Seletivo Minist\u00e9rio da Justi\u00e7a: CONFIRA as condi\u00e7\u00f5es de biosseguran\u00e7a para aplica\u00e7\u00e3o da prova objetiva marcada para o dia 27 de setembro.","robots":{"index":"index","follow":"follow","max-snippet":"max-snippet:-1","max-image-preview":"max-image-preview:large","max-video-preview":"max-video-preview:-1"},"canonical":"https:\/\/www.estrategiaconcursos.com.br\/blog\/processo-seletivo-ministerio-da-justica\/","og_locale":"pt_BR","og_type":"article","og_title":"Processo Seletivo Minist\u00e9rio da Justi\u00e7a: instru\u00e7\u00f5es para prova!","og_description":"Processo Seletivo Minist\u00e9rio da Justi\u00e7a: CONFIRA as condi\u00e7\u00f5es de biosseguran\u00e7a para aplica\u00e7\u00e3o da prova objetiva marcada para o dia 27 de setembro.","og_url":"https:\/\/www.estrategiaconcursos.com.br\/blog\/processo-seletivo-ministerio-da-justica\/","og_site_name":"Estrat\u00e9gia Concursos","article_published_time":"2020-09-18T17:55:34+00:00","article_modified_time":"2023-07-05T13:12:32+00:00","og_image":[{"width":1200,"height":628,"url":"https:\/\/dhg1h5j42swfq.cloudfront.net\/2020\/09\/14092417\/Ministerio-da-Justica.jpg","type":"image\/jpeg"}],"author":"Thiago Rodrigues Cavalcanti","twitter_card":"summary_large_image","twitter_creator":"@EstratConcursos","twitter_site":"@EstratConcursos","twitter_misc":{"Escrito por":"Thiago Rodrigues Cavalcanti","Est. tempo de leitura":"2 minutos"},"schema":{"@context":"https:\/\/schema.org","@graph":[{"@type":"NewsArticle","@id":"https:\/\/www.estrategiaconcursos.com.br\/blog\/processo-seletivo-ministerio-da-justica\/#article","isPartOf":{"@id":"https:\/\/www.estrategiaconcursos.com.br\/blog\/processo-seletivo-ministerio-da-justica\/"},"author":{"name":"Thiago Rodrigues Cavalcanti","@id":"https:\/\/www.estrategiaconcursos.com.br\/blog\/#\/schema\/person\/fcaf7747a784c860b8a4feb3dd2c528e"},"headline":"Processo Seletivo Minist\u00e9rio da Justi\u00e7a: instru\u00e7\u00f5es para prova!","datePublished":"2020-09-18T17:55:34+00:00","dateModified":"2023-07-05T13:12:32+00:00","mainEntityOfPage":{"@id":"https:\/\/www.estrategiaconcursos.com.br\/blog\/processo-seletivo-ministerio-da-justica\/"},"wordCount":479,"commentCount":0,"publisher":{"@id":"https:\/\/www.estrategiaconcursos.com.br\/blog\/#organization"},"image":{"@id":"https:\/\/www.estrategiaconcursos.com.br\/blog\/processo-seletivo-ministerio-da-justica\/#primaryimage"},"thumbnailUrl":"https:\/\/dhg1h5j42swfq.cloudfront.net\/2020\/09\/14092417\/Ministerio-da-Justica.jpg","articleSection":["Executivo (Administrativa)"],"inLanguage":"pt-BR","potentialAction":[{"@type":"CommentAction","name":"Comment","target":["https:\/\/www.estrategiaconcursos.com.br\/blog\/processo-seletivo-ministerio-da-justica\/#respond"]}],"copyrightYear":"2020","copyrightHolder":{"@id":"https:\/\/www.estrategiaconcursos.com.br\/blog\/#organization"}},{"@type":"WebPage","@id":"https:\/\/www.estrategiaconcursos.com.br\/blog\/processo-seletivo-ministerio-da-justica\/","url":"https:\/\/www.estrategiaconcursos.com.br\/blog\/processo-seletivo-ministerio-da-justica\/","name":"Processo Seletivo Minist\u00e9rio da Justi\u00e7a: instru\u00e7\u00f5es para prova!","isPartOf":{"@id":"https:\/\/www.estrategiaconcursos.com.br\/blog\/#website"},"primaryImageOfPage":{"@id":"https:\/\/www.estrategiaconcursos.com.br\/blog\/processo-seletivo-ministerio-da-justica\/#primaryimage"},"image":{"@id":"https:\/\/www.estrategiaconcursos.com.br\/blog\/processo-seletivo-ministerio-da-justica\/#primaryimage"},"thumbnailUrl":"https:\/\/dhg1h5j42swfq.cloudfront.net\/2020\/09\/14092417\/Ministerio-da-Justica.jpg","datePublished":"2020-09-18T17:55:34+00:00","dateModified":"2023-07-05T13:12:32+00:00","description":"Processo Seletivo Minist\u00e9rio da Justi\u00e7a: CONFIRA as condi\u00e7\u00f5es de biosseguran\u00e7a para aplica\u00e7\u00e3o da prova objetiva marcada para o dia 27 de setembro.","breadcrumb":{"@id":"https:\/\/www.estrategiaconcursos.com.br\/blog\/processo-seletivo-ministerio-da-justica\/#breadcrumb"},"inLanguage":"pt-BR","potentialAction":[{"@type":"ReadAction","target":["https:\/\/www.estrategiaconcursos.com.br\/blog\/processo-seletivo-ministerio-da-justica\/"]}]},{"@type":"ImageObject","inLanguage":"pt-BR","@id":"https:\/\/www.estrategiaconcursos.com.br\/blog\/processo-seletivo-ministerio-da-justica\/#primaryimage","url":"https:\/\/dhg1h5j42swfq.cloudfront.net\/2020\/09\/14092417\/Ministerio-da-Justica.jpg","contentUrl":"https:\/\/dhg1h5j42swfq.cloudfront.net\/2020\/09\/14092417\/Ministerio-da-Justica.jpg","width":1200,"height":628,"caption":"Minist\u00e9rio da Justi\u00e7a"},{"@type":"BreadcrumbList","@id":"https:\/\/www.estrategiaconcursos.com.br\/blog\/processo-seletivo-ministerio-da-justica\/#breadcrumb","itemListElement":[{"@type":"ListItem","position":1,"name":"In\u00edcio","item":"https:\/\/www.estrategiaconcursos.com.br\/blog\/"},{"@type":"ListItem","position":2,"name":"Processo Seletivo Minist\u00e9rio da Justi\u00e7a: instru\u00e7\u00f5es para prova!"}]},{"@type":"WebSite","@id":"https:\/\/www.estrategiaconcursos.com.br\/blog\/#website","url":"https:\/\/www.estrategiaconcursos.com.br\/blog\/","name":"Estrat\u00e9gia Concursos","description":"O blog da Estrat\u00e9gia Concursos traz not\u00edcias sobre concursos e artigos de professores oferecendo cursos para concursos (pdf + videaulas) no site.","publisher":{"@id":"https:\/\/www.estrategiaconcursos.com.br\/blog\/#organization"},"potentialAction":[{"@type":"SearchAction","target":{"@type":"EntryPoint","urlTemplate":"https:\/\/www.estrategiaconcursos.com.br\/blog\/?s={search_term_string}"},"query-input":{"@type":"PropertyValueSpecification","valueRequired":true,"valueName":"search_term_string"}}],"inLanguage":"pt-BR"},{"@type":"Organization","@id":"https:\/\/www.estrategiaconcursos.com.br\/blog\/#organization","name":"Estrat\u00e9gia Concursos","url":"https:\/\/www.estrategiaconcursos.com.br\/blog\/","logo":{"@type":"ImageObject","inLanguage":"pt-BR","@id":"https:\/\/www.estrategiaconcursos.com.br\/blog\/#\/schema\/logo\/image\/","url":"https:\/\/dhg1h5j42swfq.cloudfront.net\/2025\/06\/03203428\/logo_concursos-1.jpg","contentUrl":"https:\/\/dhg1h5j42swfq.cloudfront.net\/2025\/06\/03203428\/logo_concursos-1.jpg","width":230,"height":60,"caption":"Estrat\u00e9gia Concursos"},"image":{"@id":"https:\/\/www.estrategiaconcursos.com.br\/blog\/#\/schema\/logo\/image\/"},"sameAs":["https:\/\/x.com\/EstratConcursos"]},{"@type":"Person","@id":"https:\/\/www.estrategiaconcursos.com.br\/blog\/#\/schema\/person\/fcaf7747a784c860b8a4feb3dd2c528e","name":"Thiago Rodrigues Cavalcanti","image":{"@type":"ImageObject","inLanguage":"pt-BR","@id":"https:\/\/secure.gravatar.com\/avatar\/08e6c519fe84ceb0618b23307f2dee18afb2b5dce83a93b6a66dfdd007a08564?s=96&d=mm&r=g","url":"https:\/\/secure.gravatar.com\/avatar\/08e6c519fe84ceb0618b23307f2dee18afb2b5dce83a93b6a66dfdd007a08564?s=96&d=mm&r=g","contentUrl":"https:\/\/secure.gravatar.com\/avatar\/08e6c519fe84ceb0618b23307f2dee18afb2b5dce83a93b6a66dfdd007a08564?s=96&d=mm&r=g","caption":"Thiago Rodrigues Cavalcanti"},"url":"https:\/\/www.estrategiaconcursos.com.br\/blog\/author\/rcthiagogmail-com\/"}]}},"_links":{"self":[{"href":"https:\/\/www.estrategiaconcursos.com.br\/blog\/wp-json\/wp\/v2\/posts\/574362","targetHints":{"allow":["GET"]}}],"collection":[{"href":"https:\/\/www.estrategiaconcursos.com.br\/blog\/wp-json\/wp\/v2\/posts"}],"about":[{"href":"https:\/\/www.estrategiaconcursos.com.br\/blog\/wp-json\/wp\/v2\/types\/post"}],"author":[{"embeddable":true,"href":"https:\/\/www.estrategiaconcursos.com.br\/blog\/wp-json\/wp\/v2\/users\/215"}],"replies":[{"embeddable":true,"href":"https:\/\/www.estrategiaconcursos.com.br\/blog\/wp-json\/wp\/v2\/comments?post=574362"}],"version-history":[{"count":6,"href":"https:\/\/www.estrategiaconcursos.com.br\/blog\/wp-json\/wp\/v2\/posts\/574362\/revisions"}],"predecessor-version":[{"id":1243639,"href":"https:\/\/www.estrategiaconcursos.com.br\/blog\/wp-json\/wp\/v2\/posts\/574362\/revisions\/1243639"}],"wp:featuredmedia":[{"embeddable":true,"href":"https:\/\/www.estrategiaconcursos.com.br\/blog\/wp-json\/wp\/v2\/media\/571472"}],"wp:attachment":[{"href":"https:\/\/www.estrategiaconcursos.com.br\/blog\/wp-json\/wp\/v2\/media?parent=574362"}],"wp:term":[{"taxonomy":"category","embeddable":true,"href":"https:\/\/www.estrategiaconcursos.com.br\/blog\/wp-json\/wp\/v2\/categories?post=574362"},{"taxonomy":"post_tag","embeddable":true,"href":"https:\/\/www.estrategiaconcursos.com.br\/blog\/wp-json\/wp\/v2\/tags?post=574362"},{"taxonomy":"tax_estado","embeddable":true,"href":"https:\/\/www.estrategiaconcursos.com.br\/blog\/wp-json\/wp\/v2\/tax_estado?post=574362"}],"curies":[{"name":"wp","href":"https:\/\/api.w.org\/{rel}","templated":true}]}}