{"id":57423,"date":"2016-12-08T07:54:43","date_gmt":"2016-12-08T10:54:43","guid":{"rendered":"https:\/\/www.estrategiaconcursos.com.br\/blog\/?p=57423"},"modified":"2017-01-02T12:59:03","modified_gmt":"2017-01-02T15:59:03","slug":"resolucao-e-comentarios-sobre-a-prova-de-realidade-etnica-srealidade-etnica-social-historica-geografica-economica-de-goias-para-o-concurso-de-bonbeiros","status":"publish","type":"post","link":"https:\/\/www.estrategiaconcursos.com.br\/blog\/resolucao-e-comentarios-sobre-a-prova-de-realidade-etnica-srealidade-etnica-social-historica-geografica-economica-de-goias-para-o-concurso-de-bonbeiros\/","title":{"rendered":"Resolu\u00e7\u00e3o e coment\u00e1rios sobre a prova de Realidade \u00c9tnica, Social, Hist\u00f3rica, Geografica, Cultural, Pol\u00edtica e Econ\u00f4mica de Goi\u00e1s para o concurso de bombeiros"},"content":{"rendered":"<p style=\"text-align: justify\">Ol\u00e1 pessoal.\u00a0Realidade \u00c9tnica, Social, Hist\u00f3rica, Geogr\u00e1fica e \u00a0Econ\u00f4mica de Goi\u00e1s \u00e9 um conte\u00fado obrigat\u00f3rio aos concursos do estado de Goi\u00e1s. V\u00e1rios certames est\u00e3o em andamento, como o concurso para a c\u00e2mara legislativa do Estado e para a Pol\u00edcia Militar. Vale a pena estudar pois \u00e9 um grande diferencial. Vamos analisar a avalia\u00e7\u00e3o aplicada no concurso de Bombeiros. Tradicionalmente quem faz a prova era a banca da UEG. Foi escolhida para este certame a FUNRIO, que considero que tentando caprichar, pecou. Foram 3 quest\u00f5es, uma anulada pela banca e as outras exigiam conhecimento, boa leitura e habilidade em resolu\u00e7\u00e3o de prova &#8230; que s\u00f3 adquirimos realizando o m\u00e1ximo poss\u00edvel delas. Nossos alunos \u00a0fizeram uma boa prova &#8211; de acordo com o retorno dado. O material estava completo e contemplou todo o exame, inclusive nas dicas de aula. Aproveite para testar seus conhecimentos. Vamos \u00e0 prova.<\/p>\n<p style=\"text-align: justify\">Realidades \u00e9tnicas GO \u2013 Soldado 3\u00aa classe tipo A.<\/p>\n<p style=\"text-align: justify\">Quest\u00e3o 1<br \/>\nFoi um tema que alertei a todos os alunos sobre a profunda import\u00e2ncia. \u00c9 um tema certeiro ao estudarmos Goi\u00e1s. A quest\u00e3o pecou ao induzir a maior parte dos alunos a marcar a alternativa correta [a] por exclus\u00e3o. Foi muito grande a quantidade de concurseiros que marcaram a alternativa [b], mas uma leitura atenta e o conhecimento sobre o per\u00edodo Ludovico permitiriam excluir a alternativa.<br \/>\nNa d\u00e9cada de 1940, durante os festejos de inaugura\u00e7\u00e3o da cidade de Goi\u00e2nia, o presidente Get\u00falio Vargas lan\u00e7ou a chamada Marcha para o Oeste, que serviria como diretriz para o povoamento e a integra\u00e7\u00e3o territorial para o pa\u00eds.<br \/>\nQuanto a esse tema, os objetivos do governo Vargas podem ser confirmados pela\/o<br \/>\na) cria\u00e7\u00e3o do Departamento Nacional de Estradas de Rodagem (DNER), a fim de ampliar a estrutura de liga\u00e7\u00e3o entre as regi\u00f5es e as cidades.<br \/>\n<strong>Correto.O extinto DNER foi criado em 1937 por Get\u00falio Vargas. O \u00f3rg\u00e3o existiu at\u00e9 2001 quando foi transformado no DNIT (Departamento Nacional de Infraestrutura e Transportes). Foi uma preocupa\u00e7\u00e3o ligada \u00e0 integra\u00e7\u00e3o territorial do pais.<\/strong><br \/>\nb) planejamento e pela constru\u00e7\u00e3o de Goi\u00e2nia, ideia que se originou <span style=\"text-decoration: underline\">unicamente da estrat\u00e9gia do governo Vargas<\/span> de interioriza\u00e7\u00e3o e povoamento do sert\u00e3o brasileiro.<br \/>\n<strong>Errado.A constru\u00e7\u00e3o de Goi\u00e2nia foi empreendida por Pedro Ludovico e com o apoio de Get\u00falio Vargas, que pretendia povoar o interior do pa\u00eds. Foi criada a CANG \u2013 col\u00f4nia de Ceres e o total apoio \u00e0 constru\u00e7\u00e3o da capital goiana. O erro \u00e9 atribuir somente a GV a responsabilidade sobre a capital.<\/strong><br \/>\nc) constru\u00e7\u00e3o de Goi\u00e2nia para ser a capital de Goi\u00e1s, que objetivava antecipar e concorrer com a constru\u00e7\u00e3o de Bras\u00edlia e ser o marco de interioriza\u00e7\u00e3o do territ\u00f3rio.<br \/>\n<strong>Errado. S\u00e3o dois grandes projeto urbanos que mudaram a fisionomia e a din\u00e2mica de Goi\u00e1s, contudo s\u00e3o projetos totalmente distintos. G\u00f3ias na d\u00e9cada de 30 por Pedro Ludovico no contexto da Marcha para o Oeste. Mais de 20 anos depois JK empreendeu o grande projeto da constru\u00e7\u00e3o da capital do pa\u00eds no interior do territ\u00f3rio. Vale lembrar-mos de que o projeto da nova capital \u00e9 bem antigo e data da \u00e9poca do Imp\u00e9rio.<\/strong><br \/>\nd) pol\u00edtica de povoamento e de interliga\u00e7\u00e3o da regi\u00e3o Centro-Oeste dos governos de Get\u00falio Vargas e, posteriormente, de Juscelino Kubitschek, que n\u00e3o lograram \u00eaxito.<br \/>\n<strong>Errado. N\u00e3o h\u00e1 d\u00favidas que a constru\u00e7\u00e3o das duas capitais foram exitosas, ou seja, foram um sucesso e tranformaram seus respectivos locais.<\/strong><br \/>\ne) cria\u00e7\u00e3o da Col\u00f4nia Agr\u00edcola Nacional de Goi\u00e1s (CANG), para o desenvolvimento agr\u00edcola da regi\u00e3o, que se mostrou ineficaz como estrat\u00e9gia de interioriza\u00e7\u00e3o.<br \/>\n<strong>Errado. Foi criada a col\u00f4nia agr\u00edcola agr\u00edcola que foi eficaz como estrat\u00e9gia de povoamento (claro, que somada \u00e0 outras iniciativas de povoamento).<\/strong><\/p>\n<p style=\"text-align: justify\">Quest\u00e3o 2<br \/>\nA impraticabilidade de se povoar a dita capitania [Goi\u00e1s] nem outra qualquer parte da Am\u00e9rica Portuguesa se n\u00e3o com os nacionais da mesma Am\u00e9rica. E que achando-se todo o sert\u00e3o daquele vasto continente coberto de \u00edndios, estes deviam ser principalmente os que povoassem os lugares, as vilas e as cidades que se fossem formando. [&#8230;]<br \/>\nCarta r\u00e9gia de D. Jos\u00e9 Vasconcelos, governador da Capitania de Goi\u00e1s. 1758. In: PALACIN, Lu\u00eds. O s\u00e9culo do ouro em Goi\u00e1s. Goi\u00e2nia: Ed. Da UCG, 1994.<br \/>\nAt\u00e9 a chegada da bandeira de Bartolomeu Bueno da Silva, no s\u00e9culo XVIII, ao territ\u00f3rio que atualmente constitui o estado de Goi\u00e1s, v\u00e1rias tribos ind\u00edgenas ocupavam a regi\u00e3o.<br \/>\nA intera\u00e7\u00e3o entre bandeirantes e nativos no s\u00e9culo XVIII e o povoamento, ao longo dos s\u00e9culos, da regi\u00e3o de Goi\u00e1s, caracteriza-se pelo\/por<br \/>\na) povoamento exclusivamente constitu\u00eddo pelos povos ind\u00edgenas que habitavam a regi\u00e3o, medida que seguia a recomenda\u00e7\u00e3o r\u00e9gia de 1758.<br \/>\n<strong>Errado. Os ind\u00edgenas da tribo dos Goyas foram os habitantes originais do estado que foi povoado por portugueses em raz\u00e3o da descoberta de ouro pelos bandeirantes paulistas.<\/strong><br \/>\nb) uso de t\u00e9cnicas astutas e pac\u00edficas por Anhanguera, como era conhecido Bartolomeu Bueno da Silva, para convencer ind\u00edgenas a encontrar ouro.<br \/>\n<strong>Errado. O Anhanguera \u2013 diabo velho- usou t\u00e9cnicas astutas como a c\u00e9lebre hist\u00f3ria do fogo na cacha\u00e7a para amea\u00e7ar os indios a lhe entregarem o ouro e foi extremamente violento, escravizando todos que pode em um grande territ\u00f3rio.<\/strong><br \/>\nc) uso de aldeamentos, territ\u00f3rios demarcados para que os \u00edndios fossem pacificados, educados como crist\u00e3os e treinados para o trabalho agr\u00edcola.<br \/>\n<strong>Correto. Aldeamentos s\u00e3o miss\u00f5es jesu\u00edticas\u00a0que tinham como objetivo catequizar os ind\u00edgenas e expandir a f\u00e9 cat\u00f3lica. Em todo o territ\u00f3rio portugu\u00eas\u00a0colonial haviam v\u00e1rias miss\u00f5es jesu\u00edticas.<\/strong><br \/>\nd) haver posicionado Goi\u00e1s como o estado com a maior popula\u00e7\u00e3o ind\u00edgena entre os entes federados, devido \u00e0 recomenda\u00e7\u00e3o da carta r\u00e9gia de 1758.<br \/>\n<strong>Errado. A maior popula\u00e7\u00e3o ind\u00edgena ficava no litoral e eramos uma col\u00f4nia, n\u00e3o existiam entes federados.<\/strong><br \/>\ne) uma pol\u00edtica de coloniza\u00e7\u00e3o que n\u00e3o fez nenhum uso de viol\u00eancia contra os povos ind\u00edgenas, que foram aldeados e civilizados pelos jesu\u00edtas.<br \/>\n<strong>Errado. O uso da viol\u00eancia foi intenso.<\/strong><\/p>\n<p style=\"text-align: justify\">Quest\u00e3o 3. <strong>Anulada pela banca. \u00a0Interpreta\u00e7\u00e3o do gr\u00e1fico pode causar ambiguidades. Aqui uma poss\u00edvel vis\u00e3o (o que n\u00e3o altera a anula\u00e7\u00e3o).<\/strong><\/p>\n<p style=\"text-align: justify\">Analise estas assertivas e considere-as como verdadeiras ou falsas.<br \/>\nI. No dec\u00eanio 1960-70, o crescimento populacional anual m\u00e9dio de Goi\u00e1s \u00e9 maior que a m\u00e9dia nacional. Essa taxa est\u00e1 mais pr\u00f3xima da m\u00e9dia nacional no dec\u00eanio 2000-10.<br \/>\nCorreto.<br \/>\nII. O crescimento populacional de Goi\u00e1s \u00e9 muito superior \u00e0 m\u00e9dia nacional nos dois primeiros dec\u00eanios do gr\u00e1fico. Isso decorreu principalmente de pol\u00edticas p\u00fablicas que visavam \u00e0 expans\u00e3o da fronteira agr\u00edcola do pa\u00eds.<br \/>\nErrado. A fronteira agr\u00edcola expandiu, no entanto o objetivo era o povoamento da regi\u00e3o.<br \/>\nIII. A partir do dec\u00eanio 1970-80, a taxa de crescimento da popula\u00e7\u00e3o de Goi\u00e1s e da regi\u00e3o Centro-Oeste apresenta tend\u00eancia \u00e0 converg\u00eancia.<br \/>\nCorreto.<\/p>\n<p style=\"text-align: justify\">Ent\u00e3o, com base no gr\u00e1fico apresentado e em seus conhecimentos sobre o povoamento e os fluxos migrat\u00f3rios para Goi\u00e1s, pode-se concluir que a alternativa que contempla correta e plenamente as afirma\u00e7\u00f5es verdadeiras \u00e9 a seguinte:<br \/>\na) I.<br \/>\nb) I e II.<br \/>\nc) I e III.<br \/>\nd) I, II, e III.<br \/>\ne) II e III.<\/p>\n","protected":false},"excerpt":{"rendered":"<p>Ol\u00e1 pessoal.\u00a0Realidade \u00c9tnica, Social, Hist\u00f3rica, Geogr\u00e1fica e \u00a0Econ\u00f4mica de Goi\u00e1s \u00e9 um conte\u00fado obrigat\u00f3rio aos concursos do estado de Goi\u00e1s. V\u00e1rios certames est\u00e3o em andamento, como o concurso para a c\u00e2mara legislativa do Estado e para a Pol\u00edcia Militar. Vale a pena estudar pois \u00e9 um grande diferencial. Vamos analisar a avalia\u00e7\u00e3o aplicada no concurso [&hellip;]<\/p>\n","protected":false},"author":322,"featured_media":0,"comment_status":"open","ping_status":"open","sticky":false,"template":"","format":"standard","meta":{"post_tipo":"article","footnotes":""},"categories":[1],"tags":[2340,2339,2338,2336,2337],"tax_estado":[],"class_list":["post-57423","post","type-post","status-publish","format-standard","hentry","category-cursos-e-concursos","tag-concurso-bombeiro-goias","tag-geografica-economica-de-goias","tag-historica","tag-realidade-etnica","tag-social"],"acf":[],"yoast_head":"<!-- This site is optimized with the Yoast SEO Premium plugin v27.2 (Yoast SEO v27.2) - https:\/\/yoast.com\/product\/yoast-seo-premium-wordpress\/ -->\n<title>Resolu\u00e7\u00e3o e coment\u00e1rios sobre a prova de Realidade \u00c9tnica, Social, Hist\u00f3rica, Geografica, Cultural, Pol\u00edtica e Econ\u00f4mica de Goi\u00e1s para o concurso de bombeiros<\/title>\n<meta name=\"robots\" content=\"index, follow, max-snippet:-1, max-image-preview:large, max-video-preview:-1\" \/>\n<link rel=\"canonical\" href=\"https:\/\/www.estrategiaconcursos.com.br\/blog\/resolucao-e-comentarios-sobre-a-prova-de-realidade-etnica-srealidade-etnica-social-historica-geografica-economica-de-goias-para-o-concurso-de-bonbeiros\/\" \/>\n<meta property=\"og:locale\" content=\"pt_BR\" \/>\n<meta property=\"og:type\" content=\"article\" \/>\n<meta property=\"og:title\" content=\"Resolu\u00e7\u00e3o e coment\u00e1rios sobre a prova de Realidade \u00c9tnica, Social, Hist\u00f3rica, Geografica, Cultural, Pol\u00edtica e Econ\u00f4mica de Goi\u00e1s para o concurso de bombeiros\" \/>\n<meta property=\"og:description\" content=\"Ol\u00e1 pessoal.\u00a0Realidade \u00c9tnica, Social, Hist\u00f3rica, Geogr\u00e1fica e \u00a0Econ\u00f4mica de Goi\u00e1s \u00e9 um conte\u00fado obrigat\u00f3rio aos concursos do estado de Goi\u00e1s. V\u00e1rios certames est\u00e3o em andamento, como o concurso para a c\u00e2mara legislativa do Estado e para a Pol\u00edcia Militar. Vale a pena estudar pois \u00e9 um grande diferencial. Vamos analisar a avalia\u00e7\u00e3o aplicada no concurso [&hellip;]\" \/>\n<meta property=\"og:url\" content=\"https:\/\/www.estrategiaconcursos.com.br\/blog\/resolucao-e-comentarios-sobre-a-prova-de-realidade-etnica-srealidade-etnica-social-historica-geografica-economica-de-goias-para-o-concurso-de-bonbeiros\/\" \/>\n<meta property=\"og:site_name\" content=\"Estrat\u00e9gia Concursos\" \/>\n<meta property=\"article:published_time\" content=\"2016-12-08T10:54:43+00:00\" \/>\n<meta property=\"article:modified_time\" content=\"2017-01-02T15:59:03+00:00\" \/>\n<meta name=\"author\" content=\"Sergio Henrique\" \/>\n<meta name=\"twitter:card\" content=\"summary_large_image\" \/>\n<meta name=\"twitter:creator\" content=\"@EstratConcursos\" \/>\n<meta name=\"twitter:site\" content=\"@EstratConcursos\" \/>\n<meta name=\"twitter:label1\" content=\"Escrito por\" \/>\n\t<meta name=\"twitter:data1\" content=\"Sergio Henrique\" \/>\n\t<meta name=\"twitter:label2\" content=\"Est. tempo de leitura\" \/>\n\t<meta name=\"twitter:data2\" content=\"6 minutos\" \/>\n<script type=\"application\/ld+json\" class=\"yoast-schema-graph\">{\"@context\":\"https:\/\/schema.org\",\"@graph\":[{\"@type\":\"NewsArticle\",\"@id\":\"https:\/\/www.estrategiaconcursos.com.br\/blog\/resolucao-e-comentarios-sobre-a-prova-de-realidade-etnica-srealidade-etnica-social-historica-geografica-economica-de-goias-para-o-concurso-de-bonbeiros\/#article\",\"isPartOf\":{\"@id\":\"https:\/\/www.estrategiaconcursos.com.br\/blog\/resolucao-e-comentarios-sobre-a-prova-de-realidade-etnica-srealidade-etnica-social-historica-geografica-economica-de-goias-para-o-concurso-de-bonbeiros\/\"},\"author\":{\"name\":\"Sergio Henrique\",\"@id\":\"https:\/\/www.estrategiaconcursos.com.br\/blog\/#\/schema\/person\/d18952c4e9d57a78a6caea1fc8412aca\"},\"headline\":\"Resolu\u00e7\u00e3o e coment\u00e1rios sobre a prova de Realidade \u00c9tnica, Social, Hist\u00f3rica, Geografica, Cultural, Pol\u00edtica e Econ\u00f4mica de Goi\u00e1s para o concurso de bombeiros\",\"datePublished\":\"2016-12-08T10:54:43+00:00\",\"dateModified\":\"2017-01-02T15:59:03+00:00\",\"mainEntityOfPage\":{\"@id\":\"https:\/\/www.estrategiaconcursos.com.br\/blog\/resolucao-e-comentarios-sobre-a-prova-de-realidade-etnica-srealidade-etnica-social-historica-geografica-economica-de-goias-para-o-concurso-de-bonbeiros\/\"},\"wordCount\":1325,\"commentCount\":2,\"publisher\":{\"@id\":\"https:\/\/www.estrategiaconcursos.com.br\/blog\/#organization\"},\"keywords\":[\"concurso bombeiro goi\u00e1s\",\"Geografica Econ\u00f4mica de Goi\u00e1s\",\"Hist\u00f3rica\",\"Realidade \u00c9tnica\",\"Social\"],\"articleSection\":[\"Concursos P\u00fablicos\"],\"inLanguage\":\"pt-BR\",\"potentialAction\":[{\"@type\":\"CommentAction\",\"name\":\"Comment\",\"target\":[\"https:\/\/www.estrategiaconcursos.com.br\/blog\/resolucao-e-comentarios-sobre-a-prova-de-realidade-etnica-srealidade-etnica-social-historica-geografica-economica-de-goias-para-o-concurso-de-bonbeiros\/#respond\"]}],\"copyrightYear\":\"2016\",\"copyrightHolder\":{\"@id\":\"https:\/\/www.estrategiaconcursos.com.br\/blog\/#organization\"}},{\"@type\":\"WebPage\",\"@id\":\"https:\/\/www.estrategiaconcursos.com.br\/blog\/resolucao-e-comentarios-sobre-a-prova-de-realidade-etnica-srealidade-etnica-social-historica-geografica-economica-de-goias-para-o-concurso-de-bonbeiros\/\",\"url\":\"https:\/\/www.estrategiaconcursos.com.br\/blog\/resolucao-e-comentarios-sobre-a-prova-de-realidade-etnica-srealidade-etnica-social-historica-geografica-economica-de-goias-para-o-concurso-de-bonbeiros\/\",\"name\":\"Resolu\u00e7\u00e3o e coment\u00e1rios sobre a prova de Realidade \u00c9tnica, Social, Hist\u00f3rica, Geografica, Cultural, Pol\u00edtica e Econ\u00f4mica de Goi\u00e1s para o concurso de bombeiros\",\"isPartOf\":{\"@id\":\"https:\/\/www.estrategiaconcursos.com.br\/blog\/#website\"},\"datePublished\":\"2016-12-08T10:54:43+00:00\",\"dateModified\":\"2017-01-02T15:59:03+00:00\",\"breadcrumb\":{\"@id\":\"https:\/\/www.estrategiaconcursos.com.br\/blog\/resolucao-e-comentarios-sobre-a-prova-de-realidade-etnica-srealidade-etnica-social-historica-geografica-economica-de-goias-para-o-concurso-de-bonbeiros\/#breadcrumb\"},\"inLanguage\":\"pt-BR\",\"potentialAction\":[{\"@type\":\"ReadAction\",\"target\":[\"https:\/\/www.estrategiaconcursos.com.br\/blog\/resolucao-e-comentarios-sobre-a-prova-de-realidade-etnica-srealidade-etnica-social-historica-geografica-economica-de-goias-para-o-concurso-de-bonbeiros\/\"]}]},{\"@type\":\"BreadcrumbList\",\"@id\":\"https:\/\/www.estrategiaconcursos.com.br\/blog\/resolucao-e-comentarios-sobre-a-prova-de-realidade-etnica-srealidade-etnica-social-historica-geografica-economica-de-goias-para-o-concurso-de-bonbeiros\/#breadcrumb\",\"itemListElement\":[{\"@type\":\"ListItem\",\"position\":1,\"name\":\"In\u00edcio\",\"item\":\"https:\/\/www.estrategiaconcursos.com.br\/blog\/\"},{\"@type\":\"ListItem\",\"position\":2,\"name\":\"Resolu\u00e7\u00e3o e coment\u00e1rios sobre a prova de Realidade \u00c9tnica, Social, Hist\u00f3rica, Geografica, Cultural, Pol\u00edtica e Econ\u00f4mica de Goi\u00e1s para o concurso de bombeiros\"}]},{\"@type\":\"WebSite\",\"@id\":\"https:\/\/www.estrategiaconcursos.com.br\/blog\/#website\",\"url\":\"https:\/\/www.estrategiaconcursos.com.br\/blog\/\",\"name\":\"Estrat\u00e9gia Concursos\",\"description\":\"O blog da Estrat\u00e9gia Concursos traz not\u00edcias sobre concursos e artigos de professores oferecendo cursos para concursos (pdf + videaulas) no site.\",\"publisher\":{\"@id\":\"https:\/\/www.estrategiaconcursos.com.br\/blog\/#organization\"},\"potentialAction\":[{\"@type\":\"SearchAction\",\"target\":{\"@type\":\"EntryPoint\",\"urlTemplate\":\"https:\/\/www.estrategiaconcursos.com.br\/blog\/?s={search_term_string}\"},\"query-input\":{\"@type\":\"PropertyValueSpecification\",\"valueRequired\":true,\"valueName\":\"search_term_string\"}}],\"inLanguage\":\"pt-BR\"},{\"@type\":\"Organization\",\"@id\":\"https:\/\/www.estrategiaconcursos.com.br\/blog\/#organization\",\"name\":\"Estrat\u00e9gia Concursos\",\"url\":\"https:\/\/www.estrategiaconcursos.com.br\/blog\/\",\"logo\":{\"@type\":\"ImageObject\",\"inLanguage\":\"pt-BR\",\"@id\":\"https:\/\/www.estrategiaconcursos.com.br\/blog\/#\/schema\/logo\/image\/\",\"url\":\"https:\/\/dhg1h5j42swfq.cloudfront.net\/2025\/06\/03203428\/logo_concursos-1.jpg\",\"contentUrl\":\"https:\/\/dhg1h5j42swfq.cloudfront.net\/2025\/06\/03203428\/logo_concursos-1.jpg\",\"width\":230,\"height\":60,\"caption\":\"Estrat\u00e9gia Concursos\"},\"image\":{\"@id\":\"https:\/\/www.estrategiaconcursos.com.br\/blog\/#\/schema\/logo\/image\/\"},\"sameAs\":[\"https:\/\/x.com\/EstratConcursos\"]},{\"@type\":\"Person\",\"@id\":\"https:\/\/www.estrategiaconcursos.com.br\/blog\/#\/schema\/person\/d18952c4e9d57a78a6caea1fc8412aca\",\"name\":\"Sergio Henrique\",\"image\":{\"@type\":\"ImageObject\",\"inLanguage\":\"pt-BR\",\"@id\":\"https:\/\/secure.gravatar.com\/avatar\/8a654c3858278ad4f39af7a25daa62ab86082ab9406fabd7edee0d6cdfb86662?s=96&d=mm&r=g\",\"url\":\"https:\/\/secure.gravatar.com\/avatar\/8a654c3858278ad4f39af7a25daa62ab86082ab9406fabd7edee0d6cdfb86662?s=96&d=mm&r=g\",\"contentUrl\":\"https:\/\/secure.gravatar.com\/avatar\/8a654c3858278ad4f39af7a25daa62ab86082ab9406fabd7edee0d6cdfb86662?s=96&d=mm&r=g\",\"caption\":\"Sergio Henrique\"},\"url\":\"https:\/\/www.estrategiaconcursos.com.br\/blog\/author\/sergio-henrique\/\"}]}<\/script>\n<!-- \/ Yoast SEO Premium plugin. -->","yoast_head_json":{"title":"Resolu\u00e7\u00e3o e coment\u00e1rios sobre a prova de Realidade \u00c9tnica, Social, Hist\u00f3rica, Geografica, Cultural, Pol\u00edtica e Econ\u00f4mica de Goi\u00e1s para o concurso de bombeiros","robots":{"index":"index","follow":"follow","max-snippet":"max-snippet:-1","max-image-preview":"max-image-preview:large","max-video-preview":"max-video-preview:-1"},"canonical":"https:\/\/www.estrategiaconcursos.com.br\/blog\/resolucao-e-comentarios-sobre-a-prova-de-realidade-etnica-srealidade-etnica-social-historica-geografica-economica-de-goias-para-o-concurso-de-bonbeiros\/","og_locale":"pt_BR","og_type":"article","og_title":"Resolu\u00e7\u00e3o e coment\u00e1rios sobre a prova de Realidade \u00c9tnica, Social, Hist\u00f3rica, Geografica, Cultural, Pol\u00edtica e Econ\u00f4mica de Goi\u00e1s para o concurso de bombeiros","og_description":"Ol\u00e1 pessoal.\u00a0Realidade \u00c9tnica, Social, Hist\u00f3rica, Geogr\u00e1fica e \u00a0Econ\u00f4mica de Goi\u00e1s \u00e9 um conte\u00fado obrigat\u00f3rio aos concursos do estado de Goi\u00e1s. V\u00e1rios certames est\u00e3o em andamento, como o concurso para a c\u00e2mara legislativa do Estado e para a Pol\u00edcia Militar. Vale a pena estudar pois \u00e9 um grande diferencial. Vamos analisar a avalia\u00e7\u00e3o aplicada no concurso [&hellip;]","og_url":"https:\/\/www.estrategiaconcursos.com.br\/blog\/resolucao-e-comentarios-sobre-a-prova-de-realidade-etnica-srealidade-etnica-social-historica-geografica-economica-de-goias-para-o-concurso-de-bonbeiros\/","og_site_name":"Estrat\u00e9gia Concursos","article_published_time":"2016-12-08T10:54:43+00:00","article_modified_time":"2017-01-02T15:59:03+00:00","author":"Sergio Henrique","twitter_card":"summary_large_image","twitter_creator":"@EstratConcursos","twitter_site":"@EstratConcursos","twitter_misc":{"Escrito por":"Sergio Henrique","Est. tempo de leitura":"6 minutos"},"schema":{"@context":"https:\/\/schema.org","@graph":[{"@type":"NewsArticle","@id":"https:\/\/www.estrategiaconcursos.com.br\/blog\/resolucao-e-comentarios-sobre-a-prova-de-realidade-etnica-srealidade-etnica-social-historica-geografica-economica-de-goias-para-o-concurso-de-bonbeiros\/#article","isPartOf":{"@id":"https:\/\/www.estrategiaconcursos.com.br\/blog\/resolucao-e-comentarios-sobre-a-prova-de-realidade-etnica-srealidade-etnica-social-historica-geografica-economica-de-goias-para-o-concurso-de-bonbeiros\/"},"author":{"name":"Sergio Henrique","@id":"https:\/\/www.estrategiaconcursos.com.br\/blog\/#\/schema\/person\/d18952c4e9d57a78a6caea1fc8412aca"},"headline":"Resolu\u00e7\u00e3o e coment\u00e1rios sobre a prova de Realidade \u00c9tnica, Social, Hist\u00f3rica, Geografica, Cultural, Pol\u00edtica e Econ\u00f4mica de Goi\u00e1s para o concurso de bombeiros","datePublished":"2016-12-08T10:54:43+00:00","dateModified":"2017-01-02T15:59:03+00:00","mainEntityOfPage":{"@id":"https:\/\/www.estrategiaconcursos.com.br\/blog\/resolucao-e-comentarios-sobre-a-prova-de-realidade-etnica-srealidade-etnica-social-historica-geografica-economica-de-goias-para-o-concurso-de-bonbeiros\/"},"wordCount":1325,"commentCount":2,"publisher":{"@id":"https:\/\/www.estrategiaconcursos.com.br\/blog\/#organization"},"keywords":["concurso bombeiro goi\u00e1s","Geografica Econ\u00f4mica de Goi\u00e1s","Hist\u00f3rica","Realidade \u00c9tnica","Social"],"articleSection":["Concursos P\u00fablicos"],"inLanguage":"pt-BR","potentialAction":[{"@type":"CommentAction","name":"Comment","target":["https:\/\/www.estrategiaconcursos.com.br\/blog\/resolucao-e-comentarios-sobre-a-prova-de-realidade-etnica-srealidade-etnica-social-historica-geografica-economica-de-goias-para-o-concurso-de-bonbeiros\/#respond"]}],"copyrightYear":"2016","copyrightHolder":{"@id":"https:\/\/www.estrategiaconcursos.com.br\/blog\/#organization"}},{"@type":"WebPage","@id":"https:\/\/www.estrategiaconcursos.com.br\/blog\/resolucao-e-comentarios-sobre-a-prova-de-realidade-etnica-srealidade-etnica-social-historica-geografica-economica-de-goias-para-o-concurso-de-bonbeiros\/","url":"https:\/\/www.estrategiaconcursos.com.br\/blog\/resolucao-e-comentarios-sobre-a-prova-de-realidade-etnica-srealidade-etnica-social-historica-geografica-economica-de-goias-para-o-concurso-de-bonbeiros\/","name":"Resolu\u00e7\u00e3o e coment\u00e1rios sobre a prova de Realidade \u00c9tnica, Social, Hist\u00f3rica, Geografica, Cultural, Pol\u00edtica e Econ\u00f4mica de Goi\u00e1s para o concurso de bombeiros","isPartOf":{"@id":"https:\/\/www.estrategiaconcursos.com.br\/blog\/#website"},"datePublished":"2016-12-08T10:54:43+00:00","dateModified":"2017-01-02T15:59:03+00:00","breadcrumb":{"@id":"https:\/\/www.estrategiaconcursos.com.br\/blog\/resolucao-e-comentarios-sobre-a-prova-de-realidade-etnica-srealidade-etnica-social-historica-geografica-economica-de-goias-para-o-concurso-de-bonbeiros\/#breadcrumb"},"inLanguage":"pt-BR","potentialAction":[{"@type":"ReadAction","target":["https:\/\/www.estrategiaconcursos.com.br\/blog\/resolucao-e-comentarios-sobre-a-prova-de-realidade-etnica-srealidade-etnica-social-historica-geografica-economica-de-goias-para-o-concurso-de-bonbeiros\/"]}]},{"@type":"BreadcrumbList","@id":"https:\/\/www.estrategiaconcursos.com.br\/blog\/resolucao-e-comentarios-sobre-a-prova-de-realidade-etnica-srealidade-etnica-social-historica-geografica-economica-de-goias-para-o-concurso-de-bonbeiros\/#breadcrumb","itemListElement":[{"@type":"ListItem","position":1,"name":"In\u00edcio","item":"https:\/\/www.estrategiaconcursos.com.br\/blog\/"},{"@type":"ListItem","position":2,"name":"Resolu\u00e7\u00e3o e coment\u00e1rios sobre a prova de Realidade \u00c9tnica, Social, Hist\u00f3rica, Geografica, Cultural, Pol\u00edtica e Econ\u00f4mica de Goi\u00e1s para o concurso de bombeiros"}]},{"@type":"WebSite","@id":"https:\/\/www.estrategiaconcursos.com.br\/blog\/#website","url":"https:\/\/www.estrategiaconcursos.com.br\/blog\/","name":"Estrat\u00e9gia Concursos","description":"O blog da Estrat\u00e9gia Concursos traz not\u00edcias sobre concursos e artigos de professores oferecendo cursos para concursos (pdf + videaulas) no site.","publisher":{"@id":"https:\/\/www.estrategiaconcursos.com.br\/blog\/#organization"},"potentialAction":[{"@type":"SearchAction","target":{"@type":"EntryPoint","urlTemplate":"https:\/\/www.estrategiaconcursos.com.br\/blog\/?s={search_term_string}"},"query-input":{"@type":"PropertyValueSpecification","valueRequired":true,"valueName":"search_term_string"}}],"inLanguage":"pt-BR"},{"@type":"Organization","@id":"https:\/\/www.estrategiaconcursos.com.br\/blog\/#organization","name":"Estrat\u00e9gia Concursos","url":"https:\/\/www.estrategiaconcursos.com.br\/blog\/","logo":{"@type":"ImageObject","inLanguage":"pt-BR","@id":"https:\/\/www.estrategiaconcursos.com.br\/blog\/#\/schema\/logo\/image\/","url":"https:\/\/dhg1h5j42swfq.cloudfront.net\/2025\/06\/03203428\/logo_concursos-1.jpg","contentUrl":"https:\/\/dhg1h5j42swfq.cloudfront.net\/2025\/06\/03203428\/logo_concursos-1.jpg","width":230,"height":60,"caption":"Estrat\u00e9gia Concursos"},"image":{"@id":"https:\/\/www.estrategiaconcursos.com.br\/blog\/#\/schema\/logo\/image\/"},"sameAs":["https:\/\/x.com\/EstratConcursos"]},{"@type":"Person","@id":"https:\/\/www.estrategiaconcursos.com.br\/blog\/#\/schema\/person\/d18952c4e9d57a78a6caea1fc8412aca","name":"Sergio Henrique","image":{"@type":"ImageObject","inLanguage":"pt-BR","@id":"https:\/\/secure.gravatar.com\/avatar\/8a654c3858278ad4f39af7a25daa62ab86082ab9406fabd7edee0d6cdfb86662?s=96&d=mm&r=g","url":"https:\/\/secure.gravatar.com\/avatar\/8a654c3858278ad4f39af7a25daa62ab86082ab9406fabd7edee0d6cdfb86662?s=96&d=mm&r=g","contentUrl":"https:\/\/secure.gravatar.com\/avatar\/8a654c3858278ad4f39af7a25daa62ab86082ab9406fabd7edee0d6cdfb86662?s=96&d=mm&r=g","caption":"Sergio Henrique"},"url":"https:\/\/www.estrategiaconcursos.com.br\/blog\/author\/sergio-henrique\/"}]}},"_links":{"self":[{"href":"https:\/\/www.estrategiaconcursos.com.br\/blog\/wp-json\/wp\/v2\/posts\/57423","targetHints":{"allow":["GET"]}}],"collection":[{"href":"https:\/\/www.estrategiaconcursos.com.br\/blog\/wp-json\/wp\/v2\/posts"}],"about":[{"href":"https:\/\/www.estrategiaconcursos.com.br\/blog\/wp-json\/wp\/v2\/types\/post"}],"author":[{"embeddable":true,"href":"https:\/\/www.estrategiaconcursos.com.br\/blog\/wp-json\/wp\/v2\/users\/322"}],"replies":[{"embeddable":true,"href":"https:\/\/www.estrategiaconcursos.com.br\/blog\/wp-json\/wp\/v2\/comments?post=57423"}],"version-history":[{"count":3,"href":"https:\/\/www.estrategiaconcursos.com.br\/blog\/wp-json\/wp\/v2\/posts\/57423\/revisions"}],"predecessor-version":[{"id":59914,"href":"https:\/\/www.estrategiaconcursos.com.br\/blog\/wp-json\/wp\/v2\/posts\/57423\/revisions\/59914"}],"wp:attachment":[{"href":"https:\/\/www.estrategiaconcursos.com.br\/blog\/wp-json\/wp\/v2\/media?parent=57423"}],"wp:term":[{"taxonomy":"category","embeddable":true,"href":"https:\/\/www.estrategiaconcursos.com.br\/blog\/wp-json\/wp\/v2\/categories?post=57423"},{"taxonomy":"post_tag","embeddable":true,"href":"https:\/\/www.estrategiaconcursos.com.br\/blog\/wp-json\/wp\/v2\/tags?post=57423"},{"taxonomy":"tax_estado","embeddable":true,"href":"https:\/\/www.estrategiaconcursos.com.br\/blog\/wp-json\/wp\/v2\/tax_estado?post=57423"}],"curies":[{"name":"wp","href":"https:\/\/api.w.org\/{rel}","templated":true}]}}