{"id":574067,"date":"2020-09-24T16:09:14","date_gmt":"2020-09-24T19:09:14","guid":{"rendered":"https:\/\/www.estrategiaconcursos.com.br\/blog\/?p=574067"},"modified":"2020-09-24T16:09:16","modified_gmt":"2020-09-24T19:09:16","slug":"entenda-o-relatorio-resumido-de-execucao-orcamentaria-e-o-relatorio-de-gestao-fiscal","status":"publish","type":"post","link":"https:\/\/www.estrategiaconcursos.com.br\/blog\/entenda-o-relatorio-resumido-de-execucao-orcamentaria-e-o-relatorio-de-gestao-fiscal\/","title":{"rendered":"Entenda o Relat\u00f3rio Resumido de Execu\u00e7\u00e3o Or\u00e7ament\u00e1ria e o Relat\u00f3rio de Gest\u00e3o Fiscal"},"content":{"rendered":"\n<p class=\"has-medium-font-size\">Saiba as peculiaridades do RREO e do RGF de acordo com a Lei de Responsabilidade Fiscal<\/p>\n\n\n\n<div class=\"wp-block-image is-style-rounded\"><figure class=\"aligncenter size-medium\"><img loading=\"lazy\" decoding=\"async\" width=\"300\" height=\"177\" src=\"https:\/\/dhg1h5j42swfq.cloudfront.net\/2020\/09\/18101328\/GD_20190930191746realtorios_rreo_rgf-300x177.png\" alt=\"Relat\u00f3rio de Gest\u00e3o Fiscal\" class=\"wp-image-574068\" srcset=\"https:\/\/dhg1h5j42swfq.cloudfront.net\/2020\/09\/18101328\/GD_20190930191746realtorios_rreo_rgf-300x177.png 300w, https:\/\/dhg1h5j42swfq.cloudfront.net\/2020\/09\/18101328\/GD_20190930191746realtorios_rreo_rgf-768x454.png 768w, https:\/\/dhg1h5j42swfq.cloudfront.net\/2020\/09\/18101328\/GD_20190930191746realtorios_rreo_rgf-610x361.png 610w, https:\/\/dhg1h5j42swfq.cloudfront.net\/2020\/09\/18101328\/GD_20190930191746realtorios_rreo_rgf.png 800w\" sizes=\"auto, (max-width: 300px) 100vw, 300px\" \/><figcaption>RREO e RGF<\/figcaption><\/figure><\/div>\n\n\n\n<p>Ol\u00e1, Estrategista. Tudo joia?<\/p>\n\n\n\n<p>De acordo com a <a href=\"http:\/\/www.planalto.gov.br\/ccivil_03\/leis\/lcp\/lcp101.htm\">Lei de Responsabilidade Fiscal<\/a>, s\u00e3o instrumentos de <strong>transpar\u00eancia<\/strong> da gest\u00e3o fiscal, aos quais ser\u00e1 dada ampla divulga\u00e7\u00e3o, inclusive em meios eletr\u00f4nicos de acesso p\u00fablico:<\/p>\n\n\n\n<ul class=\"wp-block-list\"><li>os planos (PPA), or\u00e7amentos (LOA) e leis de diretrizes or\u00e7ament\u00e1rias (LDO);<\/li><li>as presta\u00e7\u00f5es de contas e o respectivo parecer pr\u00e9vio;<\/li><li>o <strong>Relat\u00f3rio Resumido da Execu\u00e7\u00e3o Or\u00e7ament\u00e1ria (RREO)<\/strong>;<\/li><li><strong>Relat\u00f3rio de Gest\u00e3o Fiscal (RGF)<\/strong>; e<\/li><li>e as vers\u00f5es simplificadas desses documentos.<\/li><\/ul>\n\n\n\n<p>Al\u00e9m disso, disp\u00f5e a <a href=\"http:\/\/www.planalto.gov.br\/ccivil_03\/Constituicao\/Constituicao.htm#art165%C2%A73\">Constitui\u00e7\u00e3o Federal<\/a> que o Poder Executivo publicar\u00e1, at\u00e9 30 dias ap\u00f3s o encerramento de cada bimestre, relat\u00f3rio resumido da execu\u00e7\u00e3o or\u00e7ament\u00e1ria.<\/p>\n\n\n\n<p>Ou seja, o RREO vem como uma exig\u00eancia constitucional, enquanto que o RGF surge a partir da LRF.<\/p>\n\n\n\n<h2 class=\"wp-block-heading\">1.&nbsp;&nbsp;&nbsp;&nbsp;&nbsp; Relat\u00f3rio Resumido da Execu\u00e7\u00e3o Or\u00e7ament\u00e1ria (RREO)<\/h2>\n\n\n\n<p>Primeiramente, o RREO abrange todos os Poderes e o Minist\u00e9rio P\u00fablico. Ademais, o Relat\u00f3rio Resumido da Execu\u00e7\u00e3o Or\u00e7ament\u00e1ria \u00e9 composto de:<\/p>\n\n\n\n<ul class=\"wp-block-list\"><li><strong>BALAN\u00c7O OR\u00c7AMENT\u00c1RIO<\/strong>, que especificar\u00e1, por <strong>CATEGORIA ECON\u00d4MICA<\/strong>, as:<ul><li><strong>RECEITAS POR FONTE<\/strong>, informando as realizadas e a realizar, bem como a previs\u00e3o atualizada;<\/li><\/ul><ul><li><strong>DESPESAS POR GRUPO DE NATUREZA<\/strong>, discriminando a dota\u00e7\u00e3o para o exerc\u00edcio, a despesa liquidada e o saldo;<\/li><\/ul><\/li><li>demonstrativos da execu\u00e7\u00e3o das:<ul><li>receitas, <strong>por categoria econ\u00f4mica e fonte<\/strong>, especificando a previs\u00e3o inicial, a previs\u00e3o atualizada para o exerc\u00edcio, a receita realizada no bimestre, a realizada no exerc\u00edcio e a previs\u00e3o a realizar;<\/li><\/ul><ul><li>despesas, p<strong>or categoria econ\u00f4mica e grupo de natureza da despesa<\/strong>, discriminando dota\u00e7\u00e3o inicial, dota\u00e7\u00e3o para o exerc\u00edcio, despesas empenhada e liquidada, no bimestre e no exerc\u00edcio;<\/li><\/ul><ul><li><strong>despesas, por fun\u00e7\u00e3o e subfun\u00e7\u00e3o<\/strong>.<\/li><\/ul><\/li><\/ul>\n\n\n\n<p><strong>Adendos:<\/strong><\/p>\n\n\n\n<p>As despesas (por fun\u00e7\u00e3o e subfun\u00e7\u00e3o) n\u00e3o aparecem no balan\u00e7o or\u00e7ament\u00e1rio, apenas nos demonstrativos.<\/p>\n\n\n\n<p>Os valores referentes ao refinanciamento da d\u00edvida mobili\u00e1ria constar\u00e3o destacadamente nas <strong>receitas<\/strong> de opera\u00e7\u00f5es de cr\u00e9dito e nas <strong>despesas<\/strong> com amortiza\u00e7\u00e3o da d\u00edvida.<\/p>\n\n\n\n<p>N\u00e3o lembra o que \u00e9 d\u00edvida mobili\u00e1ria e o refinanciamento da d\u00edvida mobili\u00e1ria (<a href=\"https:\/\/www.estrategiaconcursos.com.br\/blog\/?p=572782\">clique aqui e saiba tudo<\/a>).<\/p>\n\n\n\n<p>Perceba, portanto, que o RREO abrange todos os Poderes, mas sua elabora\u00e7\u00e3o ser\u00e1 realizada pelo Poder Executivo. Professor, mas e se o Poder executivo descumprir as exig\u00eancias de prazo e\/ou composi\u00e7\u00e3o do RREO?<\/p>\n\n\n\n<p>Nesse caso, o ente da federa\u00e7\u00e3o (todos os Poderes e o <em>Parquet<\/em>) ficar\u00e1 impedido, at\u00e9 que a situa\u00e7\u00e3o seja regularizada, de receber transfer\u00eancias volunt\u00e1rias e contratar opera\u00e7\u00f5es de cr\u00e9dito, <strong>EXCETO<\/strong> as destinadas ao <strong>REFINANCIAMENTO<\/strong> do principal atualizado da <strong>D\u00cdVIDA MOBILI\u00c1RIA<\/strong>.<\/p>\n\n\n\n<h3 class=\"wp-block-heading\">Documentos que acompanham o RREO<\/h3>\n\n\n\n<p>Mas n\u00e3o \u00e9 s\u00f3 isso. Al\u00e9m das exig\u00eancias acima, acompanhar\u00e3o o Relat\u00f3rio Resumido os demonstrativos relativos a:<\/p>\n\n\n\n<ol class=\"wp-block-list\" type=\"I\"><li>apura\u00e7\u00e3o da <strong>receita corrente l\u00edquida<\/strong>, assim como a <strong>PREVIS\u00c3O<\/strong> de seu desempenho at\u00e9 o final do exerc\u00edcio;<\/li><li>receitas e despesas previdenci\u00e1rias;<\/li><li>resultados <strong>NOMINAL<\/strong> e <strong>PRIM\u00c1RIO<\/strong>;<\/li><li>despesas com juros;<\/li><li><strong>Restos a Pagar<\/strong>, detalhando, por Poder e \u00f3rg\u00e3o, os valores inscritos, os pagamentos realizados e o montante a pagar.<\/li><\/ol>\n\n\n\n<p><strong>Adendo:<\/strong> os demonstrativos de execu\u00e7\u00e3o das receitas e despesas <strong>comp\u00f5em<\/strong> o RREO. Todavia, os 5 demonstrativos acima <strong>acompanham<\/strong> o RREO.<\/p>\n\n\n\n<p>Important\u00edssimo decorar esses 5 demonstrativos acima. Muitas bancas adoram confundir dizendo que os Restos a Pagar, por exemplo, acompanham o Relat\u00f3rio de Gest\u00e3o Fiscal, quando na verdade acompanha o RREO.<\/p>\n\n\n\n<p>Por outro lado, o RREO referente ao <strong>\u00daLTIMO BIMESTRE<\/strong> do exerc\u00edcio ser\u00e1 acompanhado <strong>tamb\u00e9m<\/strong> de demonstrativos:<\/p>\n\n\n\n<ul class=\"wp-block-list\"><li><strong>do atendimento \u00e0 Regra de Ouro;<\/strong><\/li><li>das <strong>proje\u00e7\u00f5es atuariais<\/strong> dos regimes de previd\u00eancia social, geral e pr\u00f3prio dos servidores p\u00fablicos;<\/li><li>da <strong>varia\u00e7\u00e3o patrimonial<\/strong>, evidenciando a aliena\u00e7\u00e3o de ativos e a aplica\u00e7\u00e3o dos recursos dela decorrentes.<\/li><\/ul>\n\n\n\n<p>Adendo: Lembra da regra de ouro? De acordo com ela, \u00e9 vedada a realiza\u00e7\u00e3o de opera\u00e7\u00f5es de cr\u00e9ditos que excedam o montante das despesas de capital, ressalvadas as autorizadas mediante cr\u00e9ditos suplementares ou especiais com finalidade precisa, aprovados pelo Poder Legislativo por maioria absoluta.<\/p>\n\n\n\n<p>Para finalizar o RREO, <strong>QUANDO FOR O CASO<\/strong>, dever\u00e3o ser apresentadas justificativas:<\/p>\n\n\n\n<ul class=\"wp-block-list\"><li>da limita\u00e7\u00e3o de empenho;<\/li><li>da frustra\u00e7\u00e3o de receitas, especificando as medidas de combate \u00e0 sonega\u00e7\u00e3o e \u00e0 evas\u00e3o fiscal, adotadas e a adotar, e as a\u00e7\u00f5es de fiscaliza\u00e7\u00e3o e cobran\u00e7a.<\/li><\/ul>\n\n\n\n<h2 class=\"wp-block-heading\">Relat\u00f3rio de Gest\u00e3o Fiscal<\/h2>\n\n\n\n<p>O segundo relat\u00f3rio, e talvez e mais importante, \u00e9 o famoso Relat\u00f3rio de Gest\u00e3o Fiscal (RGF).<\/p>\n\n\n\n<p>O RGF \u00e9 elaborado final de cada quadrimestre e assinado pelo:<\/p>\n\n\n\n<ol class=\"wp-block-list\" type=\"I\"><li>Chefe do Poder Executivo;<\/li><li>Presidente e demais membros da <strong>Mesa Diretora<\/strong> ou \u00f3rg\u00e3o decis\u00f3rio equivalente, conforme regimentos internos dos \u00f3rg\u00e3os do Poder Legislativo;<\/li><li>Presidente de Tribunal e demais membros de Conselho de Administra\u00e7\u00e3o ou \u00f3rg\u00e3o decis\u00f3rio equivalente, conforme regimentos internos dos \u00f3rg\u00e3os do Poder Judici\u00e1rio;<\/li><li>Chefe do Minist\u00e9rio P\u00fablico, da Uni\u00e3o e dos Estados.<\/li><li>autoridades respons\u00e1veis pela administra\u00e7\u00e3o financeira e pelo controle interno, bem como por outras definidas por ato pr\u00f3prio de cada Poder ou \u00f3rg\u00e3o.<\/li><\/ol>\n\n\n\n<h3 class=\"wp-block-heading\">Conte\u00fado do RGF<\/h3>\n\n\n\n<p>Aqui entramos em uma parte bastante cobrada nos certames. As bancas adoram confundir os candidatos trocando as composi\u00e7\u00f5es do RREO com o conte\u00fado do RGF. Portanto, aten\u00e7\u00e3o.<\/p>\n\n\n\n<h4 class=\"wp-block-heading\">RGF do Poder Executivo<\/h4>\n\n\n\n<p>O RGF conter\u00e1:<\/p>\n\n\n\n<ol class=\"wp-block-list\" type=\"1\"><li>comparativo com <a href=\"https:\/\/www.estrategiaconcursos.com.br\/blog\/entenda-a-despesa-publica-e-suas-etapas-sob-a-otica-da-lei-de-responsabilidade-fiscal\/\">os limites da LRF<\/a>, dos seguintes montantes:<ul><li>despesa total com pessoal, distinguindo a com inativos e pensionistas;<\/li><li>d\u00edvidas consolidada e mobili\u00e1ria;<\/li><li>concess\u00e3o de garantias;<\/li><li>opera\u00e7\u00f5es de cr\u00e9dito, inclusive por antecipa\u00e7\u00e3o de receita;<\/li><\/ul><\/li><li>indica\u00e7\u00e3o das medidas corretivas adotadas ou a adotar, se ultrapassado qualquer dos limites;<\/li><li>demonstrativos, no \u00faltimo quadrimestre:<ol><li>Do montante das disponibilidades de caixa em 31 de dezembro;<\/li><li>da inscri\u00e7\u00e3o em Restos a Pagar, das despesas:<\/li><li><ul><li>liquidadas;<\/li><li>empenhadas e n\u00e3o liquidadas, inscritas at\u00e9 o limite do saldo da disponibilidade de caixa;<\/li><li>n\u00e3o inscritas por falta de disponibilidade de caixa e cujos empenhos foram cancelados;<\/li><\/ul><\/li><li>do cumprimento das opera\u00e7\u00f5es de cr\u00e9dito por antecipa\u00e7\u00e3o de receita or\u00e7ament\u00e1ria (ARO) no que diz respeito a:<ul><li>sua liquida\u00e7\u00e3o, com juros e outros encargos incidentes, at\u00e9 o dia 10 de dezembro de cada ano; e<\/li><li>que \u00e9 proibida no \u00faltimo ano de mandato do Presidente, Governador ou Prefeito Municipal.<\/li><\/ul><\/li><\/ol><\/li><\/ol>\n\n\n\n<h4 class=\"wp-block-heading\">RGF dos demais Poderes e do Minist\u00e9rio P\u00fablico<\/h4>\n\n\n\n<p>O relat\u00f3rio dos titulares dos Poderes Legislativo, Judici\u00e1rio e Minist\u00e9rio P\u00fablico conter\u00e1 apenas:<\/p>\n\n\n\n<ul class=\"wp-block-list\"><li>comparativo com os limites da LRF no que diz respeito \u00e0 despesa total com pessoal, distinguindo a com inativos e pensionistas; (<strong>n\u00e3o inclui limite de d\u00edvida consolidada e mobili\u00e1ria, concess\u00e3o de garantias, opera\u00e7\u00f5es de cr\u00e9dito, inclusive por ARO <\/strong><strong>\u00e0<\/strong><strong> <\/strong>Apenas no P. Executivo estas)<\/li><li>&nbsp;indica\u00e7\u00e3o das medidas corretivas adotadas ou a adotar, se ultrapassado qualquer dos limites;<\/li><li>\u00b7&nbsp;&nbsp;&nbsp;&nbsp;&nbsp; demonstrativos, no \u00faltimo quadrimestre:<\/li><li>Do montante das disponibilidades de caixa em 31 de dezembro;<\/li><li>da inscri\u00e7\u00e3o em Restos a Pagar, das despesas:<ul><li>liquidadas;<\/li><\/ul><ul><li>empenhadas e n\u00e3o liquidadas, inscritas at\u00e9 o limite do saldo da disponibilidade de caixa;<\/li><\/ul><ul><li>n\u00e3o inscritas por falta de disponibilidade de caixa e cujos empenhos foram cancelados;<\/li><\/ul><\/li><li>do cumprimento das opera\u00e7\u00f5es de cr\u00e9dito por antecipa\u00e7\u00e3o de receita or\u00e7ament\u00e1ria (ARO) no que diz respeito a:<ul><li>sua liquida\u00e7\u00e3o, com juros e outros encargos incidentes, at\u00e9 o dia 10 de dezembro de cada ano; e<\/li><\/ul><ul><li>que \u00e9 proibida no \u00faltimo ano de mandato do Presidente, Governador ou Prefeito Municipal.<\/li><\/ul><\/li><\/ul>\n\n\n\n<h2 class=\"wp-block-heading\">Regras Gerais do RGF<\/h2>\n\n\n\n<p>O RGF dever\u00e1 ser publicado at\u00e9 30 dias ap\u00f3s o encerramento do per\u00edodo a que corresponder, com amplo acesso ao p\u00fablico, inclusive por meio eletr\u00f4nico.<\/p>\n\n\n\n<ul class=\"wp-block-list\"><li>1\u00ba Per\u00edodo RGF: Jan-Abril com publica\u00e7\u00e3o at\u00e9 maio;<\/li><li>2\u00ba Per\u00edodo RGF: Maio-Agosto com publica\u00e7\u00e3o at\u00e9 setembro;<\/li><li>3\u00ba Per\u00edodo RGF: Setembro-Dezembro com publica\u00e7\u00e3o at\u00e9 janeiro.<\/li><\/ul>\n\n\n\n<p>O descumprimento dos prazos impedir\u00e1, at\u00e9 que a situa\u00e7\u00e3o seja regularizada, que o ente da Federa\u00e7\u00e3o receba transfer\u00eancias volunt\u00e1rias e contrate opera\u00e7\u00f5es de cr\u00e9dito, <strong>exceto as destinadas ao refinanciamento do principal atualizado da d\u00edvida mobili\u00e1ria.<\/strong><\/p>\n\n\n\n<p>Os relat\u00f3rios <strong>RREO<\/strong> e <strong>RGF<\/strong> dever\u00e3o ser elaborados de forma padronizada, segundo modelos que poder\u00e3o ser atualizados pelo conselho de gest\u00e3o fiscal, constitu\u00eddo por representantes de todos os Poderes e esferas de Governo, do Minist\u00e9rio P\u00fablico e de entidades t\u00e9cnicas representativas da sociedade.<\/p>\n\n\n\n<figure class=\"wp-block-image size-large\"><img loading=\"lazy\" decoding=\"async\" width=\"1024\" height=\"581\" src=\"https:\/\/dhg1h5j42swfq.cloudfront.net\/2020\/09\/18101857\/image-148-1024x581.png\" alt=\"\" class=\"wp-image-574076\" srcset=\"https:\/\/dhg1h5j42swfq.cloudfront.net\/2020\/09\/18101857\/image-148-1024x581.png 1024w, https:\/\/dhg1h5j42swfq.cloudfront.net\/2020\/09\/18101857\/image-148-300x170.png 300w, https:\/\/dhg1h5j42swfq.cloudfront.net\/2020\/09\/18101857\/image-148-768x436.png 768w, https:\/\/dhg1h5j42swfq.cloudfront.net\/2020\/09\/18101857\/image-148-610x346.png 610w, https:\/\/dhg1h5j42swfq.cloudfront.net\/2020\/09\/18101857\/image-148.png 1149w\" sizes=\"auto, (max-width: 1024px) 100vw, 1024px\" \/><figcaption>Quadro comparativo RGF e RREO<\/figcaption><\/figure>\n\n\n\n<h2 class=\"wp-block-heading\">Finalizando<\/h2>\n\n\n\n<p>E a\u00ed, curtiu o artigo sobre os relat\u00f3rios Relat\u00f3rio Resumido de Execu\u00e7\u00e3o Or\u00e7ament\u00e1ria (RREO) e Relat\u00f3rio de Gest\u00e3o Fiscal (RGF)? Deixe seu coment\u00e1rio.<\/p>\n\n\n\n<p>Gostaria ainda de <strong>explica\u00e7\u00f5es mais detalhadas<\/strong>, com <strong>exemplos pr\u00e1ticos<\/strong> e <strong>resolu\u00e7\u00e3o passo a passo<\/strong> dos exerc\u00edcios?! <a href=\"https:\/\/www.estrategiaconcursos.com.br\/cursosPorMateria\/administracao-financeira-e-orcamentaria-39\/\">Acesso aqui<\/a> nossos cursos de Administra\u00e7\u00e3o Financeira e Or\u00e7ament\u00e1ria, elaborados pelos melhores professores da \u00e1rea.<\/p>\n\n\n\n<p>Forte abra\u00e7o<\/p>\n\n\n\n<p>Leandro Ricardo M. Silveira<\/p>\n\n\n\n<p><strong>Instagram: <\/strong><a href=\"https:\/\/www.instagram.com\/leandro.rms12\/\">https:\/\/www.instagram.com\/leandro.rms12\/<\/a><\/p>\n\n\n\n<p class=\"has-text-align-center has-medium-font-size\"><em><strong>Assinatura Anual Ilimitada*<\/strong><\/em><\/p>\n\n\n\n<p class=\"has-text-align-center\"><em>Prepare-se com o melhor material e com quem mais aprova em Concursos P\u00fablicos em todo o pa\u00eds. Assine agora a nossa Assinatura Anual e tenha acesso ilimitado* a todos os nossos cursos.<\/em><\/p>\n\n\n\n<p class=\"has-text-align-center has-luminous-vivid-amber-background-color has-background\" style=\"font-size:clamp(14.642px, 0.915rem + ((1vw - 3.2px) * 0.721), 22px);px\"><strong>ASSINE AGORA<\/strong>&nbsp;\u2013&nbsp;<a rel=\"noreferrer noopener\" href=\"https:\/\/www.estrategiaconcursos.com.br\/assinaturas\" target=\"_blank\"><strong>Assinatura Ilimitada<\/strong><\/a><\/p>\n\n\n\n<p class=\"has-text-align-center has-medium-font-size\"><em><strong>Fique por dentro de todos os concursos<\/strong><\/em>:<\/p>\n\n\n\n<p class=\"has-text-align-center has-pale-cyan-blue-background-color has-background\" style=\"font-size:clamp(14.642px, 0.915rem + ((1vw - 3.2px) * 0.721), 22px);px\"><a rel=\"noreferrer noopener\" href=\"https:\/\/www.estrategiaconcursos.com.br\/blog\/concursos-abertos\/\" target=\"_blank\"><strong>Concursos abertos<\/strong><\/a><\/p>\n\n\n\n<p class=\"has-text-align-center has-pale-cyan-blue-background-color has-background\" style=\"font-size:clamp(14.642px, 0.915rem + ((1vw - 3.2px) * 0.721), 22px);px\"><a rel=\"noreferrer noopener\" href=\"https:\/\/www.estrategiaconcursos.com.br\/blog\/concursos-2020\/\" target=\"_blank\"><strong>Concursos 2020<\/strong><\/a><\/p>\n","protected":false},"excerpt":{"rendered":"<p>Saiba as peculiaridades do RREO e do RGF de acordo com a Lei de Responsabilidade Fiscal Ol\u00e1, Estrategista. Tudo joia? De acordo com a Lei de Responsabilidade Fiscal, s\u00e3o instrumentos de transpar\u00eancia da gest\u00e3o fiscal, aos quais ser\u00e1 dada ampla divulga\u00e7\u00e3o, inclusive em meios eletr\u00f4nicos de acesso p\u00fablico: os planos (PPA), or\u00e7amentos (LOA) e leis [&hellip;]<\/p>\n","protected":false},"author":1668,"featured_media":574068,"comment_status":"open","ping_status":"closed","sticky":false,"template":"","format":"standard","meta":{"post_tipo":"article","footnotes":""},"categories":[1983,2017,1984],"tags":[219863,219866,219864,219865],"tax_estado":[],"class_list":["post-574067","post","type-post","status-publish","format-standard","has-post-thumbnail","hentry","category-fiscal-estadual","category-concursos-legislativos","category-tribunais","tag-relatorio-de-gestao-fiscal","tag-relatorio-resumido-de-execucao-orcamentaria","tag-rgf","tag-rreo"],"acf":[],"yoast_head":"<!-- This site is optimized with the Yoast SEO Premium plugin v27.2 (Yoast SEO v27.2) - https:\/\/yoast.com\/product\/yoast-seo-premium-wordpress\/ -->\n<title>Entenda o RREO e o Relat\u00f3rio de Gest\u00e3o Fiscal (RGF) pela LRF<\/title>\n<meta name=\"description\" content=\"Saiba as peculiaridades do RREO e do RGF (Relat\u00f3rio de Gest\u00e3o Fiscal) de acordo com a Lei de Responsabilidade Fiscal (LRF)\" \/>\n<meta name=\"robots\" content=\"index, follow, max-snippet:-1, max-image-preview:large, max-video-preview:-1\" \/>\n<link rel=\"canonical\" href=\"https:\/\/www.estrategiaconcursos.com.br\/blog\/entenda-o-relatorio-resumido-de-execucao-orcamentaria-e-o-relatorio-de-gestao-fiscal\/\" \/>\n<meta property=\"og:locale\" content=\"pt_BR\" \/>\n<meta property=\"og:type\" content=\"article\" \/>\n<meta property=\"og:title\" content=\"Entenda o Relat\u00f3rio Resumido de Execu\u00e7\u00e3o Or\u00e7ament\u00e1ria e o Relat\u00f3rio de Gest\u00e3o Fiscal\" \/>\n<meta property=\"og:description\" content=\"Saiba as peculiaridades do RREO e do RGF (Relat\u00f3rio de Gest\u00e3o Fiscal) de acordo com a Lei de Responsabilidade Fiscal (LRF)\" \/>\n<meta property=\"og:url\" content=\"https:\/\/www.estrategiaconcursos.com.br\/blog\/entenda-o-relatorio-resumido-de-execucao-orcamentaria-e-o-relatorio-de-gestao-fiscal\/\" \/>\n<meta property=\"og:site_name\" content=\"Estrat\u00e9gia Concursos\" \/>\n<meta property=\"article:published_time\" content=\"2020-09-24T19:09:14+00:00\" \/>\n<meta property=\"article:modified_time\" content=\"2020-09-24T19:09:16+00:00\" \/>\n<meta property=\"og:image\" content=\"https:\/\/dhg1h5j42swfq.cloudfront.net\/2020\/09\/18101328\/GD_20190930191746realtorios_rreo_rgf.png\" \/>\n\t<meta property=\"og:image:width\" content=\"800\" \/>\n\t<meta property=\"og:image:height\" content=\"473\" \/>\n\t<meta property=\"og:image:type\" content=\"image\/png\" \/>\n<meta name=\"author\" content=\"Leandro Ricardo Machado da Silveira\" \/>\n<meta name=\"twitter:card\" content=\"summary_large_image\" \/>\n<meta name=\"twitter:creator\" content=\"@EstratConcursos\" \/>\n<meta name=\"twitter:site\" content=\"@EstratConcursos\" \/>\n<meta name=\"twitter:label1\" content=\"Escrito por\" \/>\n\t<meta name=\"twitter:data1\" content=\"Leandro Ricardo Machado da Silveira\" \/>\n\t<meta name=\"twitter:label2\" content=\"Est. tempo de leitura\" \/>\n\t<meta name=\"twitter:data2\" content=\"8 minutos\" \/>\n<script type=\"application\/ld+json\" class=\"yoast-schema-graph\">{\"@context\":\"https:\/\/schema.org\",\"@graph\":[{\"@type\":\"NewsArticle\",\"@id\":\"https:\/\/www.estrategiaconcursos.com.br\/blog\/entenda-o-relatorio-resumido-de-execucao-orcamentaria-e-o-relatorio-de-gestao-fiscal\/#article\",\"isPartOf\":{\"@id\":\"https:\/\/www.estrategiaconcursos.com.br\/blog\/entenda-o-relatorio-resumido-de-execucao-orcamentaria-e-o-relatorio-de-gestao-fiscal\/\"},\"author\":{\"name\":\"Leandro Ricardo Machado da Silveira\",\"@id\":\"https:\/\/www.estrategiaconcursos.com.br\/blog\/#\/schema\/person\/c666a44fbce7e2e70009a9c13549267a\"},\"headline\":\"Entenda o Relat\u00f3rio Resumido de Execu\u00e7\u00e3o Or\u00e7ament\u00e1ria e o Relat\u00f3rio de Gest\u00e3o Fiscal\",\"datePublished\":\"2020-09-24T19:09:14+00:00\",\"dateModified\":\"2020-09-24T19:09:16+00:00\",\"mainEntityOfPage\":{\"@id\":\"https:\/\/www.estrategiaconcursos.com.br\/blog\/entenda-o-relatorio-resumido-de-execucao-orcamentaria-e-o-relatorio-de-gestao-fiscal\/\"},\"wordCount\":1609,\"commentCount\":0,\"publisher\":{\"@id\":\"https:\/\/www.estrategiaconcursos.com.br\/blog\/#organization\"},\"image\":{\"@id\":\"https:\/\/www.estrategiaconcursos.com.br\/blog\/entenda-o-relatorio-resumido-de-execucao-orcamentaria-e-o-relatorio-de-gestao-fiscal\/#primaryimage\"},\"thumbnailUrl\":\"https:\/\/dhg1h5j42swfq.cloudfront.net\/2020\/09\/18101328\/GD_20190930191746realtorios_rreo_rgf.png\",\"keywords\":[\"relat\u00f3rio de gest\u00e3o fiscal\",\"relat\u00f3rio resumido de execu\u00e7\u00e3o or\u00e7ament\u00e1ria\",\"rgf\",\"rreo\"],\"articleSection\":[\"Fiscal - Estadual (ICMS)\",\"Legislativo\",\"Tribunais\"],\"inLanguage\":\"pt-BR\",\"potentialAction\":[{\"@type\":\"CommentAction\",\"name\":\"Comment\",\"target\":[\"https:\/\/www.estrategiaconcursos.com.br\/blog\/entenda-o-relatorio-resumido-de-execucao-orcamentaria-e-o-relatorio-de-gestao-fiscal\/#respond\"]}],\"copyrightYear\":\"2020\",\"copyrightHolder\":{\"@id\":\"https:\/\/www.estrategiaconcursos.com.br\/blog\/#organization\"}},{\"@type\":\"WebPage\",\"@id\":\"https:\/\/www.estrategiaconcursos.com.br\/blog\/entenda-o-relatorio-resumido-de-execucao-orcamentaria-e-o-relatorio-de-gestao-fiscal\/\",\"url\":\"https:\/\/www.estrategiaconcursos.com.br\/blog\/entenda-o-relatorio-resumido-de-execucao-orcamentaria-e-o-relatorio-de-gestao-fiscal\/\",\"name\":\"Entenda o RREO e o Relat\u00f3rio de Gest\u00e3o Fiscal (RGF) pela LRF\",\"isPartOf\":{\"@id\":\"https:\/\/www.estrategiaconcursos.com.br\/blog\/#website\"},\"primaryImageOfPage\":{\"@id\":\"https:\/\/www.estrategiaconcursos.com.br\/blog\/entenda-o-relatorio-resumido-de-execucao-orcamentaria-e-o-relatorio-de-gestao-fiscal\/#primaryimage\"},\"image\":{\"@id\":\"https:\/\/www.estrategiaconcursos.com.br\/blog\/entenda-o-relatorio-resumido-de-execucao-orcamentaria-e-o-relatorio-de-gestao-fiscal\/#primaryimage\"},\"thumbnailUrl\":\"https:\/\/dhg1h5j42swfq.cloudfront.net\/2020\/09\/18101328\/GD_20190930191746realtorios_rreo_rgf.png\",\"datePublished\":\"2020-09-24T19:09:14+00:00\",\"dateModified\":\"2020-09-24T19:09:16+00:00\",\"description\":\"Saiba as peculiaridades do RREO e do RGF (Relat\u00f3rio de Gest\u00e3o Fiscal) de acordo com a Lei de Responsabilidade Fiscal (LRF)\",\"breadcrumb\":{\"@id\":\"https:\/\/www.estrategiaconcursos.com.br\/blog\/entenda-o-relatorio-resumido-de-execucao-orcamentaria-e-o-relatorio-de-gestao-fiscal\/#breadcrumb\"},\"inLanguage\":\"pt-BR\",\"potentialAction\":[{\"@type\":\"ReadAction\",\"target\":[\"https:\/\/www.estrategiaconcursos.com.br\/blog\/entenda-o-relatorio-resumido-de-execucao-orcamentaria-e-o-relatorio-de-gestao-fiscal\/\"]}]},{\"@type\":\"ImageObject\",\"inLanguage\":\"pt-BR\",\"@id\":\"https:\/\/www.estrategiaconcursos.com.br\/blog\/entenda-o-relatorio-resumido-de-execucao-orcamentaria-e-o-relatorio-de-gestao-fiscal\/#primaryimage\",\"url\":\"https:\/\/dhg1h5j42swfq.cloudfront.net\/2020\/09\/18101328\/GD_20190930191746realtorios_rreo_rgf.png\",\"contentUrl\":\"https:\/\/dhg1h5j42swfq.cloudfront.net\/2020\/09\/18101328\/GD_20190930191746realtorios_rreo_rgf.png\",\"width\":800,\"height\":473,\"caption\":\"RGF\"},{\"@type\":\"BreadcrumbList\",\"@id\":\"https:\/\/www.estrategiaconcursos.com.br\/blog\/entenda-o-relatorio-resumido-de-execucao-orcamentaria-e-o-relatorio-de-gestao-fiscal\/#breadcrumb\",\"itemListElement\":[{\"@type\":\"ListItem\",\"position\":1,\"name\":\"In\u00edcio\",\"item\":\"https:\/\/www.estrategiaconcursos.com.br\/blog\/\"},{\"@type\":\"ListItem\",\"position\":2,\"name\":\"Entenda o Relat\u00f3rio Resumido de Execu\u00e7\u00e3o Or\u00e7ament\u00e1ria e o Relat\u00f3rio de Gest\u00e3o Fiscal\"}]},{\"@type\":\"WebSite\",\"@id\":\"https:\/\/www.estrategiaconcursos.com.br\/blog\/#website\",\"url\":\"https:\/\/www.estrategiaconcursos.com.br\/blog\/\",\"name\":\"Estrat\u00e9gia Concursos\",\"description\":\"O blog da Estrat\u00e9gia Concursos traz not\u00edcias sobre concursos e artigos de professores oferecendo cursos para concursos (pdf + videaulas) no site.\",\"publisher\":{\"@id\":\"https:\/\/www.estrategiaconcursos.com.br\/blog\/#organization\"},\"potentialAction\":[{\"@type\":\"SearchAction\",\"target\":{\"@type\":\"EntryPoint\",\"urlTemplate\":\"https:\/\/www.estrategiaconcursos.com.br\/blog\/?s={search_term_string}\"},\"query-input\":{\"@type\":\"PropertyValueSpecification\",\"valueRequired\":true,\"valueName\":\"search_term_string\"}}],\"inLanguage\":\"pt-BR\"},{\"@type\":\"Organization\",\"@id\":\"https:\/\/www.estrategiaconcursos.com.br\/blog\/#organization\",\"name\":\"Estrat\u00e9gia Concursos\",\"url\":\"https:\/\/www.estrategiaconcursos.com.br\/blog\/\",\"logo\":{\"@type\":\"ImageObject\",\"inLanguage\":\"pt-BR\",\"@id\":\"https:\/\/www.estrategiaconcursos.com.br\/blog\/#\/schema\/logo\/image\/\",\"url\":\"https:\/\/dhg1h5j42swfq.cloudfront.net\/2025\/06\/03203428\/logo_concursos-1.jpg\",\"contentUrl\":\"https:\/\/dhg1h5j42swfq.cloudfront.net\/2025\/06\/03203428\/logo_concursos-1.jpg\",\"width\":230,\"height\":60,\"caption\":\"Estrat\u00e9gia Concursos\"},\"image\":{\"@id\":\"https:\/\/www.estrategiaconcursos.com.br\/blog\/#\/schema\/logo\/image\/\"},\"sameAs\":[\"https:\/\/x.com\/EstratConcursos\"]},{\"@type\":\"Person\",\"@id\":\"https:\/\/www.estrategiaconcursos.com.br\/blog\/#\/schema\/person\/c666a44fbce7e2e70009a9c13549267a\",\"name\":\"Leandro Ricardo Machado da Silveira\",\"image\":{\"@type\":\"ImageObject\",\"inLanguage\":\"pt-BR\",\"@id\":\"https:\/\/secure.gravatar.com\/avatar\/6fb25994d16b9649838400aa459b16c1c83f558e0fd6ebebd16da0473908b291?s=96&d=mm&r=g\",\"url\":\"https:\/\/secure.gravatar.com\/avatar\/6fb25994d16b9649838400aa459b16c1c83f558e0fd6ebebd16da0473908b291?s=96&d=mm&r=g\",\"contentUrl\":\"https:\/\/secure.gravatar.com\/avatar\/6fb25994d16b9649838400aa459b16c1c83f558e0fd6ebebd16da0473908b291?s=96&d=mm&r=g\",\"caption\":\"Leandro Ricardo Machado da Silveira\"},\"description\":\"Engenheiro Aeron\u00e1utico, formado pela Universidade Federal de Uberl\u00e2ndia, possui MBA em Administra\u00e7\u00e3o e Finan\u00e7as Corporativas e aprovado nos concursos de Auditor Fiscal SEFAZ-SC e SEFAZ-GO.\",\"url\":\"https:\/\/www.estrategiaconcursos.com.br\/blog\/author\/leandro_vzthotmail-com\/\"}]}<\/script>\n<!-- \/ Yoast SEO Premium plugin. -->","yoast_head_json":{"title":"Entenda o RREO e o Relat\u00f3rio de Gest\u00e3o Fiscal (RGF) pela LRF","description":"Saiba as peculiaridades do RREO e do RGF (Relat\u00f3rio de Gest\u00e3o Fiscal) de acordo com a Lei de Responsabilidade Fiscal (LRF)","robots":{"index":"index","follow":"follow","max-snippet":"max-snippet:-1","max-image-preview":"max-image-preview:large","max-video-preview":"max-video-preview:-1"},"canonical":"https:\/\/www.estrategiaconcursos.com.br\/blog\/entenda-o-relatorio-resumido-de-execucao-orcamentaria-e-o-relatorio-de-gestao-fiscal\/","og_locale":"pt_BR","og_type":"article","og_title":"Entenda o Relat\u00f3rio Resumido de Execu\u00e7\u00e3o Or\u00e7ament\u00e1ria e o Relat\u00f3rio de Gest\u00e3o Fiscal","og_description":"Saiba as peculiaridades do RREO e do RGF (Relat\u00f3rio de Gest\u00e3o Fiscal) de acordo com a Lei de Responsabilidade Fiscal (LRF)","og_url":"https:\/\/www.estrategiaconcursos.com.br\/blog\/entenda-o-relatorio-resumido-de-execucao-orcamentaria-e-o-relatorio-de-gestao-fiscal\/","og_site_name":"Estrat\u00e9gia Concursos","article_published_time":"2020-09-24T19:09:14+00:00","article_modified_time":"2020-09-24T19:09:16+00:00","og_image":[{"width":800,"height":473,"url":"https:\/\/dhg1h5j42swfq.cloudfront.net\/2020\/09\/18101328\/GD_20190930191746realtorios_rreo_rgf.png","type":"image\/png"}],"author":"Leandro Ricardo Machado da Silveira","twitter_card":"summary_large_image","twitter_creator":"@EstratConcursos","twitter_site":"@EstratConcursos","twitter_misc":{"Escrito por":"Leandro Ricardo Machado da Silveira","Est. tempo de leitura":"8 minutos"},"schema":{"@context":"https:\/\/schema.org","@graph":[{"@type":"NewsArticle","@id":"https:\/\/www.estrategiaconcursos.com.br\/blog\/entenda-o-relatorio-resumido-de-execucao-orcamentaria-e-o-relatorio-de-gestao-fiscal\/#article","isPartOf":{"@id":"https:\/\/www.estrategiaconcursos.com.br\/blog\/entenda-o-relatorio-resumido-de-execucao-orcamentaria-e-o-relatorio-de-gestao-fiscal\/"},"author":{"name":"Leandro Ricardo Machado da Silveira","@id":"https:\/\/www.estrategiaconcursos.com.br\/blog\/#\/schema\/person\/c666a44fbce7e2e70009a9c13549267a"},"headline":"Entenda o Relat\u00f3rio Resumido de Execu\u00e7\u00e3o Or\u00e7ament\u00e1ria e o Relat\u00f3rio de Gest\u00e3o Fiscal","datePublished":"2020-09-24T19:09:14+00:00","dateModified":"2020-09-24T19:09:16+00:00","mainEntityOfPage":{"@id":"https:\/\/www.estrategiaconcursos.com.br\/blog\/entenda-o-relatorio-resumido-de-execucao-orcamentaria-e-o-relatorio-de-gestao-fiscal\/"},"wordCount":1609,"commentCount":0,"publisher":{"@id":"https:\/\/www.estrategiaconcursos.com.br\/blog\/#organization"},"image":{"@id":"https:\/\/www.estrategiaconcursos.com.br\/blog\/entenda-o-relatorio-resumido-de-execucao-orcamentaria-e-o-relatorio-de-gestao-fiscal\/#primaryimage"},"thumbnailUrl":"https:\/\/dhg1h5j42swfq.cloudfront.net\/2020\/09\/18101328\/GD_20190930191746realtorios_rreo_rgf.png","keywords":["relat\u00f3rio de gest\u00e3o fiscal","relat\u00f3rio resumido de execu\u00e7\u00e3o or\u00e7ament\u00e1ria","rgf","rreo"],"articleSection":["Fiscal - Estadual (ICMS)","Legislativo","Tribunais"],"inLanguage":"pt-BR","potentialAction":[{"@type":"CommentAction","name":"Comment","target":["https:\/\/www.estrategiaconcursos.com.br\/blog\/entenda-o-relatorio-resumido-de-execucao-orcamentaria-e-o-relatorio-de-gestao-fiscal\/#respond"]}],"copyrightYear":"2020","copyrightHolder":{"@id":"https:\/\/www.estrategiaconcursos.com.br\/blog\/#organization"}},{"@type":"WebPage","@id":"https:\/\/www.estrategiaconcursos.com.br\/blog\/entenda-o-relatorio-resumido-de-execucao-orcamentaria-e-o-relatorio-de-gestao-fiscal\/","url":"https:\/\/www.estrategiaconcursos.com.br\/blog\/entenda-o-relatorio-resumido-de-execucao-orcamentaria-e-o-relatorio-de-gestao-fiscal\/","name":"Entenda o RREO e o Relat\u00f3rio de Gest\u00e3o Fiscal (RGF) pela LRF","isPartOf":{"@id":"https:\/\/www.estrategiaconcursos.com.br\/blog\/#website"},"primaryImageOfPage":{"@id":"https:\/\/www.estrategiaconcursos.com.br\/blog\/entenda-o-relatorio-resumido-de-execucao-orcamentaria-e-o-relatorio-de-gestao-fiscal\/#primaryimage"},"image":{"@id":"https:\/\/www.estrategiaconcursos.com.br\/blog\/entenda-o-relatorio-resumido-de-execucao-orcamentaria-e-o-relatorio-de-gestao-fiscal\/#primaryimage"},"thumbnailUrl":"https:\/\/dhg1h5j42swfq.cloudfront.net\/2020\/09\/18101328\/GD_20190930191746realtorios_rreo_rgf.png","datePublished":"2020-09-24T19:09:14+00:00","dateModified":"2020-09-24T19:09:16+00:00","description":"Saiba as peculiaridades do RREO e do RGF (Relat\u00f3rio de Gest\u00e3o Fiscal) de acordo com a Lei de Responsabilidade Fiscal (LRF)","breadcrumb":{"@id":"https:\/\/www.estrategiaconcursos.com.br\/blog\/entenda-o-relatorio-resumido-de-execucao-orcamentaria-e-o-relatorio-de-gestao-fiscal\/#breadcrumb"},"inLanguage":"pt-BR","potentialAction":[{"@type":"ReadAction","target":["https:\/\/www.estrategiaconcursos.com.br\/blog\/entenda-o-relatorio-resumido-de-execucao-orcamentaria-e-o-relatorio-de-gestao-fiscal\/"]}]},{"@type":"ImageObject","inLanguage":"pt-BR","@id":"https:\/\/www.estrategiaconcursos.com.br\/blog\/entenda-o-relatorio-resumido-de-execucao-orcamentaria-e-o-relatorio-de-gestao-fiscal\/#primaryimage","url":"https:\/\/dhg1h5j42swfq.cloudfront.net\/2020\/09\/18101328\/GD_20190930191746realtorios_rreo_rgf.png","contentUrl":"https:\/\/dhg1h5j42swfq.cloudfront.net\/2020\/09\/18101328\/GD_20190930191746realtorios_rreo_rgf.png","width":800,"height":473,"caption":"RGF"},{"@type":"BreadcrumbList","@id":"https:\/\/www.estrategiaconcursos.com.br\/blog\/entenda-o-relatorio-resumido-de-execucao-orcamentaria-e-o-relatorio-de-gestao-fiscal\/#breadcrumb","itemListElement":[{"@type":"ListItem","position":1,"name":"In\u00edcio","item":"https:\/\/www.estrategiaconcursos.com.br\/blog\/"},{"@type":"ListItem","position":2,"name":"Entenda o Relat\u00f3rio Resumido de Execu\u00e7\u00e3o Or\u00e7ament\u00e1ria e o Relat\u00f3rio de Gest\u00e3o Fiscal"}]},{"@type":"WebSite","@id":"https:\/\/www.estrategiaconcursos.com.br\/blog\/#website","url":"https:\/\/www.estrategiaconcursos.com.br\/blog\/","name":"Estrat\u00e9gia Concursos","description":"O blog da Estrat\u00e9gia Concursos traz not\u00edcias sobre concursos e artigos de professores oferecendo cursos para concursos (pdf + videaulas) no site.","publisher":{"@id":"https:\/\/www.estrategiaconcursos.com.br\/blog\/#organization"},"potentialAction":[{"@type":"SearchAction","target":{"@type":"EntryPoint","urlTemplate":"https:\/\/www.estrategiaconcursos.com.br\/blog\/?s={search_term_string}"},"query-input":{"@type":"PropertyValueSpecification","valueRequired":true,"valueName":"search_term_string"}}],"inLanguage":"pt-BR"},{"@type":"Organization","@id":"https:\/\/www.estrategiaconcursos.com.br\/blog\/#organization","name":"Estrat\u00e9gia Concursos","url":"https:\/\/www.estrategiaconcursos.com.br\/blog\/","logo":{"@type":"ImageObject","inLanguage":"pt-BR","@id":"https:\/\/www.estrategiaconcursos.com.br\/blog\/#\/schema\/logo\/image\/","url":"https:\/\/dhg1h5j42swfq.cloudfront.net\/2025\/06\/03203428\/logo_concursos-1.jpg","contentUrl":"https:\/\/dhg1h5j42swfq.cloudfront.net\/2025\/06\/03203428\/logo_concursos-1.jpg","width":230,"height":60,"caption":"Estrat\u00e9gia Concursos"},"image":{"@id":"https:\/\/www.estrategiaconcursos.com.br\/blog\/#\/schema\/logo\/image\/"},"sameAs":["https:\/\/x.com\/EstratConcursos"]},{"@type":"Person","@id":"https:\/\/www.estrategiaconcursos.com.br\/blog\/#\/schema\/person\/c666a44fbce7e2e70009a9c13549267a","name":"Leandro Ricardo Machado da Silveira","image":{"@type":"ImageObject","inLanguage":"pt-BR","@id":"https:\/\/secure.gravatar.com\/avatar\/6fb25994d16b9649838400aa459b16c1c83f558e0fd6ebebd16da0473908b291?s=96&d=mm&r=g","url":"https:\/\/secure.gravatar.com\/avatar\/6fb25994d16b9649838400aa459b16c1c83f558e0fd6ebebd16da0473908b291?s=96&d=mm&r=g","contentUrl":"https:\/\/secure.gravatar.com\/avatar\/6fb25994d16b9649838400aa459b16c1c83f558e0fd6ebebd16da0473908b291?s=96&d=mm&r=g","caption":"Leandro Ricardo Machado da Silveira"},"description":"Engenheiro Aeron\u00e1utico, formado pela Universidade Federal de Uberl\u00e2ndia, possui MBA em Administra\u00e7\u00e3o e Finan\u00e7as Corporativas e aprovado nos concursos de Auditor Fiscal SEFAZ-SC e SEFAZ-GO.","url":"https:\/\/www.estrategiaconcursos.com.br\/blog\/author\/leandro_vzthotmail-com\/"}]}},"_links":{"self":[{"href":"https:\/\/www.estrategiaconcursos.com.br\/blog\/wp-json\/wp\/v2\/posts\/574067","targetHints":{"allow":["GET"]}}],"collection":[{"href":"https:\/\/www.estrategiaconcursos.com.br\/blog\/wp-json\/wp\/v2\/posts"}],"about":[{"href":"https:\/\/www.estrategiaconcursos.com.br\/blog\/wp-json\/wp\/v2\/types\/post"}],"author":[{"embeddable":true,"href":"https:\/\/www.estrategiaconcursos.com.br\/blog\/wp-json\/wp\/v2\/users\/1668"}],"replies":[{"embeddable":true,"href":"https:\/\/www.estrategiaconcursos.com.br\/blog\/wp-json\/wp\/v2\/comments?post=574067"}],"version-history":[{"count":2,"href":"https:\/\/www.estrategiaconcursos.com.br\/blog\/wp-json\/wp\/v2\/posts\/574067\/revisions"}],"predecessor-version":[{"id":574083,"href":"https:\/\/www.estrategiaconcursos.com.br\/blog\/wp-json\/wp\/v2\/posts\/574067\/revisions\/574083"}],"wp:featuredmedia":[{"embeddable":true,"href":"https:\/\/www.estrategiaconcursos.com.br\/blog\/wp-json\/wp\/v2\/media\/574068"}],"wp:attachment":[{"href":"https:\/\/www.estrategiaconcursos.com.br\/blog\/wp-json\/wp\/v2\/media?parent=574067"}],"wp:term":[{"taxonomy":"category","embeddable":true,"href":"https:\/\/www.estrategiaconcursos.com.br\/blog\/wp-json\/wp\/v2\/categories?post=574067"},{"taxonomy":"post_tag","embeddable":true,"href":"https:\/\/www.estrategiaconcursos.com.br\/blog\/wp-json\/wp\/v2\/tags?post=574067"},{"taxonomy":"tax_estado","embeddable":true,"href":"https:\/\/www.estrategiaconcursos.com.br\/blog\/wp-json\/wp\/v2\/tax_estado?post=574067"}],"curies":[{"name":"wp","href":"https:\/\/api.w.org\/{rel}","templated":true}]}}