{"id":573768,"date":"2020-09-24T00:00:00","date_gmt":"2020-09-24T03:00:00","guid":{"rendered":"https:\/\/www.estrategiaconcursos.com.br\/blog\/?p=573768"},"modified":"2020-11-19T14:58:09","modified_gmt":"2020-11-19T17:58:09","slug":"semana-especial-perseguicao-prf","status":"publish","type":"post","link":"https:\/\/www.estrategiaconcursos.com.br\/blog\/semana-especial-perseguicao-prf\/","title":{"rendered":"Semana Especial &#8211; Persegui\u00e7\u00e3o PRF: em busca da aprova\u00e7\u00e3o!"},"content":{"rendered":"\n<p>A \u00e1rea de seguran\u00e7a p\u00fablica vem sendo constantemente contemplada por novos concursos p\u00fablicos em todo o pa\u00eds, nos \u00e2mbitos municipal, estadual e federal.   <\/p>\n\n\n\n<p>O concurso PRF, por exemplo, da Pol\u00edcia Rodovi\u00e1ria Federal, j\u00e1 tem <strong>COMISS\u00c3O<\/strong> formada e poder\u00e1 ser autorizado em breve, ap\u00f3s ter 2.772 vagas solicitadas. Os diretores da institui\u00e7\u00e3o sinalizam que o edital poder\u00e1 entre 2020 e 2021. <\/p>\n\n\n\n<p>E para que voc\u00ea est\u00e1 se preparando para um dos mais aguardados e disputados certames de todo o pa\u00eds, o Estrat\u00e9gia Concursos preparou a <strong>Semana Especial &#8211;<\/strong> <strong>Persegui\u00e7\u00e3o PRF<\/strong>, com tudo o que precisa saber para se preparar de maneira eficiente e garantir sua vaga quando o edital for publicado!<\/p>\n\n\n\n<p>O evento &#8216;Semana Especial &#8211; Persegui\u00e7\u00e3o PRF&#8217; ter\u00e1 in\u00edcio na <strong>segunda-feira, 21 de setembro, <\/strong>a partir das 12h. Confira abaixo o cronograma completo e acompanhe tudo no <a href=\"https:\/\/www.youtube.com\/user\/EstrategiaCursos\"><strong>nosso canal do youtube:<\/strong><\/a><\/p>\n\n\n\n<figure class=\"wp-block-table is-style-stripes\"><table class=\"has-subtle-light-gray-background-color has-background\"><tbody><tr><td class=\"has-text-align-center\" data-align=\"center\"><strong>Data<\/strong><\/td><td class=\"has-text-align-center\" data-align=\"center\"><strong>Evento<\/strong><\/td><\/tr><tr><td class=\"has-text-align-center\" data-align=\"center\"><strong>21\/09 <\/strong>&#8211; <strong>12h<\/strong><\/td><td class=\"has-text-align-center\" data-align=\"center\">Persegui\u00e7\u00e3o PRF: Em busca da aprova\u00e7\u00e3o<\/td><\/tr><tr><td class=\"has-text-align-center\" data-align=\"center\"><strong>21\/09 &#8211; 19h<\/strong><\/td><td class=\"has-text-align-center\" data-align=\"center\">Como recomendamos que voc\u00ea se prepare para a PRF<\/td><\/tr><tr><td class=\"has-text-align-center\" data-align=\"center\"><strong>22\/09 &#8211; 19h<\/strong><\/td><td class=\"has-text-align-center\" data-align=\"center\">Ferramentas Avan\u00e7adas: alavanque seus estudos para a PRF<\/td><\/tr><tr><td class=\"has-text-align-center\" data-align=\"center\"><strong>22\/09 &#8211; 22h<\/strong><\/td><td class=\"has-text-align-center\" data-align=\"center\">Conhe\u00e7a a rotina de um PRF<\/td><\/tr><tr><td class=\"has-text-align-center\" data-align=\"center\"><strong>23\/09 &#8211; 19h<\/strong><\/td><td class=\"has-text-align-center\" data-align=\"center\">Trilha Estrat\u00e9gica para a PRF: o GPS que te Conduzir\u00e1 \u00e0 aprova\u00e7\u00e3o<\/td><\/tr><tr><td class=\"has-text-align-center\" data-align=\"center\"><strong>24\/09 &#8211; 19h<\/strong><\/td><td class=\"has-text-align-center\" data-align=\"center\">Dominando a discursiva para o concurso da PRF<\/td><\/tr><tr><td class=\"has-text-align-center\" data-align=\"center\"><strong>25\/09 &#8211; 19h<\/strong><\/td><td class=\"has-text-align-center\" data-align=\"center\">Concurso PRF: 5 dicas para voc\u00ea dominar a Legisla\u00e7\u00e3o de Tr\u00e2nsito<\/td><\/tr><tr><td class=\"has-text-align-center\" data-align=\"center\"><strong>26\/09 &#8211; 10h<\/strong><\/td><td class=\"has-text-align-center\" data-align=\"center\">Como se lembrar das 9 disciplinas no dia da prova da PRF<\/td><\/tr><\/tbody><\/table><\/figure>\n\n\n\n<h3 class=\"wp-block-heading\">E tem mais:<\/h3>\n\n\n\n<p>Al\u00e9m dos webin\u00e1rios, faremos<strong> AULAS ESPECIAIS de at\u00e9 3h30<\/strong> para CTB e Resolu\u00e7\u00f5es do Contran, conforme a tabela abaixo:<\/p>\n\n\n\n<figure class=\"wp-block-table is-style-stripes\"><table class=\"has-subtle-light-gray-background-color has-background\"><tbody><tr><td class=\"has-text-align-center\" data-align=\"center\"><strong>Data<\/strong><\/td><td class=\"has-text-align-center\" data-align=\"center\"><strong>Professor<\/strong><\/td><td class=\"has-text-align-center\" data-align=\"center\"><strong>Nome do Evento<\/strong><\/td><\/tr><tr><td class=\"has-text-align-center\" data-align=\"center\"><strong>21\/09 &#8211; 14h<\/strong><\/td><td class=\"has-text-align-center\" data-align=\"center\">Alexandre Herculano<\/td><td class=\"has-text-align-center\" data-align=\"center\">CTB para a PRF: Nossas Apostas! (Parte 1)<\/td><\/tr><tr><td class=\"has-text-align-center\" data-align=\"center\"><strong>22\/09 &#8211; 14h<\/strong><\/td><td class=\"has-text-align-center\" data-align=\"center\">Alexandre Herculano<\/td><td class=\"has-text-align-center\" data-align=\"center\">CTB para a PRF: Nossas Apostas! (Parte 2)<\/td><\/tr><tr><td class=\"has-text-align-center\" data-align=\"center\"><strong>23\/09 &#8211; 14h<\/strong><\/td><td class=\"has-text-align-center\" data-align=\"center\">Marcos Gir\u00e3o<\/td><td class=\"has-text-align-center\" data-align=\"center\">Dominando os Crimes de Tr\u00e2nsito!<\/td><\/tr><tr><td class=\"has-text-align-center\" data-align=\"center\"><strong>24\/09 &#8211; 14h<\/strong><\/td><td class=\"has-text-align-center\" data-align=\"center\">Marcos Gir\u00e3o<\/td><td class=\"has-text-align-center\" data-align=\"center\">Resolu\u00e7\u00f5es do Contran para PRF: Nossas Apostas! (Parte 1)<\/td><\/tr><tr><td class=\"has-text-align-center\" data-align=\"center\"><strong>25\/09 &#8211; 14h<\/strong><\/td><td class=\"has-text-align-center\" data-align=\"center\">Alexandre Herculano<\/td><td class=\"has-text-align-center\" data-align=\"center\">Resolu\u00e7\u00f5es do Contran para PRF: Nossas Apostas! (Parte 2)<\/td><\/tr><\/tbody><\/table><\/figure>\n\n\n\n<p>Precisa de mais motiva\u00e7\u00f5es para o concurso? Confira abaixo os diferenciais do Concurso PRF:<\/p>\n\n\n\n<figure class=\"wp-block-image size-large\"><img loading=\"lazy\" decoding=\"async\" width=\"1024\" height=\"410\" src=\"https:\/\/dhg1h5j42swfq.cloudfront.net\/2020\/07\/28154558\/image-253-1024x410.png\" alt=\"\" class=\"wp-image-548258\" srcset=\"https:\/\/dhg1h5j42swfq.cloudfront.net\/2020\/07\/28154558\/image-253-1024x410.png 1024w, https:\/\/dhg1h5j42swfq.cloudfront.net\/2020\/07\/28154558\/image-253-300x120.png 300w, https:\/\/dhg1h5j42swfq.cloudfront.net\/2020\/07\/28154558\/image-253-768x308.png 768w, https:\/\/dhg1h5j42swfq.cloudfront.net\/2020\/07\/28154558\/image-253-610x244.png 610w, https:\/\/dhg1h5j42swfq.cloudfront.net\/2020\/07\/28154558\/image-253.png 1043w\" sizes=\"auto, (max-width: 1024px) 100vw, 1024px\" \/><\/figure>\n\n\n\n<p class=\"has-text-align-center has-very-light-gray-background-color has-background\" style=\"font-size:clamp(14.642px, 0.915rem + ((1vw - 3.2px) * 0.721), 22px);px\"><strong>Saiba mais: <a href=\"https:\/\/www.estrategiaconcursos.com.br\/blog\/concurso-prf-3\/\">Concurso PRF<\/a><\/strong><\/p>\n\n\n\n<p class=\"has-text-align-center\"><em><strong>Assinatura Anual Ilimitada*<\/strong><\/em><\/p>\n\n\n\n<p class=\"has-text-align-center\"><em>Prepare-se com o melhor material e com quem mais aprova em Concursos P\u00fablicos em todo o pa\u00eds. Assine agora a nossa Assinatura Anual e tenha acesso ilimitado* a todos os nossos cursos.<\/em><\/p>\n\n\n\n<p class=\"has-text-align-center has-luminous-vivid-amber-background-color has-background\" style=\"font-size:clamp(14.642px, 0.915rem + ((1vw - 3.2px) * 0.721), 22px);px\"><strong>ASSINE AGORA&nbsp;\u2013&nbsp;<\/strong><a rel=\"noreferrer noopener\" href=\"https:\/\/www.estrategiaconcursos.com.br\/assinaturas\" target=\"_blank\"><strong>Assinatura Ilimitada<\/strong><\/a><\/p>\n\n\n\n<p class=\"has-text-align-center\"><strong><em><strong>Sistema de Quest\u00f5es<\/strong><\/em><\/strong><\/p>\n\n\n\n<p class=\"has-text-align-center\">Estrat\u00e9gia Quest\u00f5es nasceu maior do que todos os concorrentes, com mais quest\u00f5es cadastradas e mais solu\u00e7\u00f5es por professores. Clique no link e aproveite os descontos e b\u00f4nus imperd\u00edveis!<\/p>\n\n\n\n<p class=\"has-text-align-center has-light-green-cyan-background-color has-background\" style=\"font-size:clamp(14.642px, 0.915rem + ((1vw - 3.2px) * 0.721), 22px);px\"><strong>ASSINE AGORA \u2013&nbsp;<a href=\"https:\/\/www.estrategiaconcursos.com.br\/cursosPorConcurso\/sistema-de-questoes\/#\/\" target=\"_blank\" rel=\"noreferrer noopener\">Sistema de Quest\u00f5es<\/a><\/strong><\/p>\n\n\n\n<p class=\"has-text-align-center\"><strong><em>Fique por dentro de todos os concursos<\/em><\/strong><\/p>\n\n\n\n<p class=\"has-text-align-center has-pale-cyan-blue-background-color has-background\" style=\"font-size:clamp(14.642px, 0.915rem + ((1vw - 3.2px) * 0.721), 22px);px\"><a rel=\"noreferrer noopener\" href=\"https:\/\/www.estrategiaconcursos.com.br\/blog\/concursos-abertos\/\" target=\"_blank\"><strong>CONCURSOS ABERTOS<\/strong><\/a><\/p>\n\n\n\n<p class=\"has-text-align-center has-pale-cyan-blue-background-color has-background\" style=\"font-size:clamp(14.642px, 0.915rem + ((1vw - 3.2px) * 0.721), 22px);px\"><a rel=\"noreferrer noopener\" href=\"https:\/\/www.estrategiaconcursos.com.br\/blog\/concursos-2020\/\" target=\"_blank\"><strong>CONCURSOS&nbsp;2020<\/strong><\/a><\/p>\n\n\n\n<p class=\"has-text-align-center has-pale-cyan-blue-background-color has-background\" style=\"font-size:clamp(14.642px, 0.915rem + ((1vw - 3.2px) * 0.721), 22px);px\"><strong><a rel=\"noreferrer noopener\" href=\"https:\/\/www.estrategiaconcursos.com.br\/blog\/concursos-2021\/\" target=\"_blank\">CONCURSOS&nbsp;2021<\/a><\/strong><\/p>\n","protected":false},"excerpt":{"rendered":"<p>A \u00e1rea de seguran\u00e7a p\u00fablica vem sendo constantemente contemplada por novos concursos p\u00fablicos em todo o pa\u00eds, nos \u00e2mbitos municipal, estadual e federal. O concurso PRF, por exemplo, da Pol\u00edcia Rodovi\u00e1ria Federal, j\u00e1 tem COMISS\u00c3O formada e poder\u00e1 ser autorizado em breve, ap\u00f3s ter 2.772 vagas solicitadas. Os diretores da institui\u00e7\u00e3o sinalizam que o edital [&hellip;]<\/p>\n","protected":false},"author":1,"featured_media":507989,"comment_status":"open","ping_status":"closed","sticky":false,"template":"","format":"standard","meta":{"post_tipo":"news","footnotes":""},"categories":[1],"tags":[],"tax_estado":[],"class_list":["post-573768","post","type-post","status-publish","format-standard","has-post-thumbnail","hentry","category-cursos-e-concursos"],"acf":[],"yoast_head":"<!-- This site is optimized with the Yoast SEO Premium plugin v27.2 (Yoast SEO v27.2) - https:\/\/yoast.com\/product\/yoast-seo-premium-wordpress\/ -->\n<title>Semana Especial - Persegui\u00e7\u00e3o PRF: em busca da aprova\u00e7\u00e3o!<\/title>\n<meta name=\"robots\" content=\"index, follow, max-snippet:-1, max-image-preview:large, max-video-preview:-1\" \/>\n<link rel=\"canonical\" href=\"https:\/\/www.estrategiaconcursos.com.br\/blog\/semana-especial-perseguicao-prf\/\" \/>\n<meta property=\"og:locale\" content=\"pt_BR\" \/>\n<meta property=\"og:type\" content=\"article\" \/>\n<meta property=\"og:title\" content=\"Semana Especial - Persegui\u00e7\u00e3o PRF: em busca da aprova\u00e7\u00e3o!\" \/>\n<meta property=\"og:description\" content=\"A \u00e1rea de seguran\u00e7a p\u00fablica vem sendo constantemente contemplada por novos concursos p\u00fablicos em todo o pa\u00eds, nos \u00e2mbitos municipal, estadual e federal. O concurso PRF, por exemplo, da Pol\u00edcia Rodovi\u00e1ria Federal, j\u00e1 tem COMISS\u00c3O formada e poder\u00e1 ser autorizado em breve, ap\u00f3s ter 2.772 vagas solicitadas. Os diretores da institui\u00e7\u00e3o sinalizam que o edital [&hellip;]\" \/>\n<meta property=\"og:url\" content=\"https:\/\/www.estrategiaconcursos.com.br\/blog\/semana-especial-perseguicao-prf\/\" \/>\n<meta property=\"og:site_name\" content=\"Estrat\u00e9gia Concursos\" \/>\n<meta property=\"article:author\" content=\"https:\/\/www.facebook.com\/EstrategiaConcursos\" \/>\n<meta property=\"article:published_time\" content=\"2020-09-24T03:00:00+00:00\" \/>\n<meta property=\"article:modified_time\" content=\"2020-11-19T17:58:09+00:00\" \/>\n<meta property=\"og:image\" content=\"https:\/\/dhg1h5j42swfq.cloudfront.net\/2020\/04\/28095459\/concurso-prf-610x319-1.jpg\" \/>\n\t<meta property=\"og:image:width\" content=\"610\" \/>\n\t<meta property=\"og:image:height\" content=\"319\" \/>\n\t<meta property=\"og:image:type\" content=\"image\/jpeg\" \/>\n<meta name=\"author\" content=\"Coordena\u00e7\u00e3o\" \/>\n<meta name=\"twitter:card\" content=\"summary_large_image\" \/>\n<meta name=\"twitter:creator\" content=\"@EstratConcursos\" \/>\n<meta name=\"twitter:site\" content=\"@EstratConcursos\" \/>\n<meta name=\"twitter:label1\" content=\"Escrito por\" \/>\n\t<meta name=\"twitter:data1\" content=\"Coordena\u00e7\u00e3o\" \/>\n\t<meta name=\"twitter:label2\" content=\"Est. tempo de leitura\" \/>\n\t<meta name=\"twitter:data2\" content=\"2 minutos\" \/>\n<script type=\"application\/ld+json\" class=\"yoast-schema-graph\">{\"@context\":\"https:\/\/schema.org\",\"@graph\":[{\"@type\":\"NewsArticle\",\"@id\":\"https:\/\/www.estrategiaconcursos.com.br\/blog\/semana-especial-perseguicao-prf\/#article\",\"isPartOf\":{\"@id\":\"https:\/\/www.estrategiaconcursos.com.br\/blog\/semana-especial-perseguicao-prf\/\"},\"author\":{\"name\":\"Coordena\u00e7\u00e3o\",\"@id\":\"https:\/\/www.estrategiaconcursos.com.br\/blog\/#\/schema\/person\/b4a388c97673c5f483d72185668afa1f\"},\"headline\":\"Semana Especial &#8211; Persegui\u00e7\u00e3o PRF: em busca da aprova\u00e7\u00e3o!\",\"datePublished\":\"2020-09-24T03:00:00+00:00\",\"dateModified\":\"2020-11-19T17:58:09+00:00\",\"mainEntityOfPage\":{\"@id\":\"https:\/\/www.estrategiaconcursos.com.br\/blog\/semana-especial-perseguicao-prf\/\"},\"wordCount\":467,\"commentCount\":0,\"publisher\":{\"@id\":\"https:\/\/www.estrategiaconcursos.com.br\/blog\/#organization\"},\"image\":{\"@id\":\"https:\/\/www.estrategiaconcursos.com.br\/blog\/semana-especial-perseguicao-prf\/#primaryimage\"},\"thumbnailUrl\":\"https:\/\/dhg1h5j42swfq.cloudfront.net\/2020\/04\/28095459\/concurso-prf-610x319-1.jpg\",\"articleSection\":[\"Concursos P\u00fablicos\"],\"inLanguage\":\"pt-BR\",\"potentialAction\":[{\"@type\":\"CommentAction\",\"name\":\"Comment\",\"target\":[\"https:\/\/www.estrategiaconcursos.com.br\/blog\/semana-especial-perseguicao-prf\/#respond\"]}],\"copyrightYear\":\"2020\",\"copyrightHolder\":{\"@id\":\"https:\/\/www.estrategiaconcursos.com.br\/blog\/#organization\"}},{\"@type\":\"WebPage\",\"@id\":\"https:\/\/www.estrategiaconcursos.com.br\/blog\/semana-especial-perseguicao-prf\/\",\"url\":\"https:\/\/www.estrategiaconcursos.com.br\/blog\/semana-especial-perseguicao-prf\/\",\"name\":\"Semana Especial - Persegui\u00e7\u00e3o PRF: em busca da aprova\u00e7\u00e3o!\",\"isPartOf\":{\"@id\":\"https:\/\/www.estrategiaconcursos.com.br\/blog\/#website\"},\"primaryImageOfPage\":{\"@id\":\"https:\/\/www.estrategiaconcursos.com.br\/blog\/semana-especial-perseguicao-prf\/#primaryimage\"},\"image\":{\"@id\":\"https:\/\/www.estrategiaconcursos.com.br\/blog\/semana-especial-perseguicao-prf\/#primaryimage\"},\"thumbnailUrl\":\"https:\/\/dhg1h5j42swfq.cloudfront.net\/2020\/04\/28095459\/concurso-prf-610x319-1.jpg\",\"datePublished\":\"2020-09-24T03:00:00+00:00\",\"dateModified\":\"2020-11-19T17:58:09+00:00\",\"breadcrumb\":{\"@id\":\"https:\/\/www.estrategiaconcursos.com.br\/blog\/semana-especial-perseguicao-prf\/#breadcrumb\"},\"inLanguage\":\"pt-BR\",\"potentialAction\":[{\"@type\":\"ReadAction\",\"target\":[\"https:\/\/www.estrategiaconcursos.com.br\/blog\/semana-especial-perseguicao-prf\/\"]}]},{\"@type\":\"ImageObject\",\"inLanguage\":\"pt-BR\",\"@id\":\"https:\/\/www.estrategiaconcursos.com.br\/blog\/semana-especial-perseguicao-prf\/#primaryimage\",\"url\":\"https:\/\/dhg1h5j42swfq.cloudfront.net\/2020\/04\/28095459\/concurso-prf-610x319-1.jpg\",\"contentUrl\":\"https:\/\/dhg1h5j42swfq.cloudfront.net\/2020\/04\/28095459\/concurso-prf-610x319-1.jpg\",\"width\":610,\"height\":319},{\"@type\":\"BreadcrumbList\",\"@id\":\"https:\/\/www.estrategiaconcursos.com.br\/blog\/semana-especial-perseguicao-prf\/#breadcrumb\",\"itemListElement\":[{\"@type\":\"ListItem\",\"position\":1,\"name\":\"In\u00edcio\",\"item\":\"https:\/\/www.estrategiaconcursos.com.br\/blog\/\"},{\"@type\":\"ListItem\",\"position\":2,\"name\":\"Semana Especial &#8211; Persegui\u00e7\u00e3o PRF: em busca da aprova\u00e7\u00e3o!\"}]},{\"@type\":\"WebSite\",\"@id\":\"https:\/\/www.estrategiaconcursos.com.br\/blog\/#website\",\"url\":\"https:\/\/www.estrategiaconcursos.com.br\/blog\/\",\"name\":\"Estrat\u00e9gia Concursos\",\"description\":\"O blog da Estrat\u00e9gia Concursos traz not\u00edcias sobre concursos e artigos de professores oferecendo cursos para concursos (pdf + videaulas) no site.\",\"publisher\":{\"@id\":\"https:\/\/www.estrategiaconcursos.com.br\/blog\/#organization\"},\"potentialAction\":[{\"@type\":\"SearchAction\",\"target\":{\"@type\":\"EntryPoint\",\"urlTemplate\":\"https:\/\/www.estrategiaconcursos.com.br\/blog\/?s={search_term_string}\"},\"query-input\":{\"@type\":\"PropertyValueSpecification\",\"valueRequired\":true,\"valueName\":\"search_term_string\"}}],\"inLanguage\":\"pt-BR\"},{\"@type\":\"Organization\",\"@id\":\"https:\/\/www.estrategiaconcursos.com.br\/blog\/#organization\",\"name\":\"Estrat\u00e9gia Concursos\",\"url\":\"https:\/\/www.estrategiaconcursos.com.br\/blog\/\",\"logo\":{\"@type\":\"ImageObject\",\"inLanguage\":\"pt-BR\",\"@id\":\"https:\/\/www.estrategiaconcursos.com.br\/blog\/#\/schema\/logo\/image\/\",\"url\":\"https:\/\/dhg1h5j42swfq.cloudfront.net\/2025\/06\/03203428\/logo_concursos-1.jpg\",\"contentUrl\":\"https:\/\/dhg1h5j42swfq.cloudfront.net\/2025\/06\/03203428\/logo_concursos-1.jpg\",\"width\":230,\"height\":60,\"caption\":\"Estrat\u00e9gia Concursos\"},\"image\":{\"@id\":\"https:\/\/www.estrategiaconcursos.com.br\/blog\/#\/schema\/logo\/image\/\"},\"sameAs\":[\"https:\/\/x.com\/EstratConcursos\"]},{\"@type\":\"Person\",\"@id\":\"https:\/\/www.estrategiaconcursos.com.br\/blog\/#\/schema\/person\/b4a388c97673c5f483d72185668afa1f\",\"name\":\"Coordena\u00e7\u00e3o\",\"image\":{\"@type\":\"ImageObject\",\"inLanguage\":\"pt-BR\",\"@id\":\"https:\/\/secure.gravatar.com\/avatar\/b720319e4c9a967eb58678d110f4fe35452fc5d5f97b202bac7b8acceb18c6ad?s=96&d=mm&r=g\",\"url\":\"https:\/\/secure.gravatar.com\/avatar\/b720319e4c9a967eb58678d110f4fe35452fc5d5f97b202bac7b8acceb18c6ad?s=96&d=mm&r=g\",\"contentUrl\":\"https:\/\/secure.gravatar.com\/avatar\/b720319e4c9a967eb58678d110f4fe35452fc5d5f97b202bac7b8acceb18c6ad?s=96&d=mm&r=g\",\"caption\":\"Coordena\u00e7\u00e3o\"},\"sameAs\":[\"https:\/\/www.facebook.com\/EstrategiaConcursos\",\"https:\/\/x.com\/EstratConcursos\"],\"url\":\"https:\/\/www.estrategiaconcursos.com.br\/blog\/author\/estrategia2013\/\"}]}<\/script>\n<!-- \/ Yoast SEO Premium plugin. -->","yoast_head_json":{"title":"Semana Especial - Persegui\u00e7\u00e3o PRF: em busca da aprova\u00e7\u00e3o!","robots":{"index":"index","follow":"follow","max-snippet":"max-snippet:-1","max-image-preview":"max-image-preview:large","max-video-preview":"max-video-preview:-1"},"canonical":"https:\/\/www.estrategiaconcursos.com.br\/blog\/semana-especial-perseguicao-prf\/","og_locale":"pt_BR","og_type":"article","og_title":"Semana Especial - Persegui\u00e7\u00e3o PRF: em busca da aprova\u00e7\u00e3o!","og_description":"A \u00e1rea de seguran\u00e7a p\u00fablica vem sendo constantemente contemplada por novos concursos p\u00fablicos em todo o pa\u00eds, nos \u00e2mbitos municipal, estadual e federal. O concurso PRF, por exemplo, da Pol\u00edcia Rodovi\u00e1ria Federal, j\u00e1 tem COMISS\u00c3O formada e poder\u00e1 ser autorizado em breve, ap\u00f3s ter 2.772 vagas solicitadas. Os diretores da institui\u00e7\u00e3o sinalizam que o edital [&hellip;]","og_url":"https:\/\/www.estrategiaconcursos.com.br\/blog\/semana-especial-perseguicao-prf\/","og_site_name":"Estrat\u00e9gia Concursos","article_author":"https:\/\/www.facebook.com\/EstrategiaConcursos","article_published_time":"2020-09-24T03:00:00+00:00","article_modified_time":"2020-11-19T17:58:09+00:00","og_image":[{"width":610,"height":319,"url":"https:\/\/dhg1h5j42swfq.cloudfront.net\/2020\/04\/28095459\/concurso-prf-610x319-1.jpg","type":"image\/jpeg"}],"author":"Coordena\u00e7\u00e3o","twitter_card":"summary_large_image","twitter_creator":"@EstratConcursos","twitter_site":"@EstratConcursos","twitter_misc":{"Escrito por":"Coordena\u00e7\u00e3o","Est. tempo de leitura":"2 minutos"},"schema":{"@context":"https:\/\/schema.org","@graph":[{"@type":"NewsArticle","@id":"https:\/\/www.estrategiaconcursos.com.br\/blog\/semana-especial-perseguicao-prf\/#article","isPartOf":{"@id":"https:\/\/www.estrategiaconcursos.com.br\/blog\/semana-especial-perseguicao-prf\/"},"author":{"name":"Coordena\u00e7\u00e3o","@id":"https:\/\/www.estrategiaconcursos.com.br\/blog\/#\/schema\/person\/b4a388c97673c5f483d72185668afa1f"},"headline":"Semana Especial &#8211; Persegui\u00e7\u00e3o PRF: em busca da aprova\u00e7\u00e3o!","datePublished":"2020-09-24T03:00:00+00:00","dateModified":"2020-11-19T17:58:09+00:00","mainEntityOfPage":{"@id":"https:\/\/www.estrategiaconcursos.com.br\/blog\/semana-especial-perseguicao-prf\/"},"wordCount":467,"commentCount":0,"publisher":{"@id":"https:\/\/www.estrategiaconcursos.com.br\/blog\/#organization"},"image":{"@id":"https:\/\/www.estrategiaconcursos.com.br\/blog\/semana-especial-perseguicao-prf\/#primaryimage"},"thumbnailUrl":"https:\/\/dhg1h5j42swfq.cloudfront.net\/2020\/04\/28095459\/concurso-prf-610x319-1.jpg","articleSection":["Concursos P\u00fablicos"],"inLanguage":"pt-BR","potentialAction":[{"@type":"CommentAction","name":"Comment","target":["https:\/\/www.estrategiaconcursos.com.br\/blog\/semana-especial-perseguicao-prf\/#respond"]}],"copyrightYear":"2020","copyrightHolder":{"@id":"https:\/\/www.estrategiaconcursos.com.br\/blog\/#organization"}},{"@type":"WebPage","@id":"https:\/\/www.estrategiaconcursos.com.br\/blog\/semana-especial-perseguicao-prf\/","url":"https:\/\/www.estrategiaconcursos.com.br\/blog\/semana-especial-perseguicao-prf\/","name":"Semana Especial - Persegui\u00e7\u00e3o PRF: em busca da aprova\u00e7\u00e3o!","isPartOf":{"@id":"https:\/\/www.estrategiaconcursos.com.br\/blog\/#website"},"primaryImageOfPage":{"@id":"https:\/\/www.estrategiaconcursos.com.br\/blog\/semana-especial-perseguicao-prf\/#primaryimage"},"image":{"@id":"https:\/\/www.estrategiaconcursos.com.br\/blog\/semana-especial-perseguicao-prf\/#primaryimage"},"thumbnailUrl":"https:\/\/dhg1h5j42swfq.cloudfront.net\/2020\/04\/28095459\/concurso-prf-610x319-1.jpg","datePublished":"2020-09-24T03:00:00+00:00","dateModified":"2020-11-19T17:58:09+00:00","breadcrumb":{"@id":"https:\/\/www.estrategiaconcursos.com.br\/blog\/semana-especial-perseguicao-prf\/#breadcrumb"},"inLanguage":"pt-BR","potentialAction":[{"@type":"ReadAction","target":["https:\/\/www.estrategiaconcursos.com.br\/blog\/semana-especial-perseguicao-prf\/"]}]},{"@type":"ImageObject","inLanguage":"pt-BR","@id":"https:\/\/www.estrategiaconcursos.com.br\/blog\/semana-especial-perseguicao-prf\/#primaryimage","url":"https:\/\/dhg1h5j42swfq.cloudfront.net\/2020\/04\/28095459\/concurso-prf-610x319-1.jpg","contentUrl":"https:\/\/dhg1h5j42swfq.cloudfront.net\/2020\/04\/28095459\/concurso-prf-610x319-1.jpg","width":610,"height":319},{"@type":"BreadcrumbList","@id":"https:\/\/www.estrategiaconcursos.com.br\/blog\/semana-especial-perseguicao-prf\/#breadcrumb","itemListElement":[{"@type":"ListItem","position":1,"name":"In\u00edcio","item":"https:\/\/www.estrategiaconcursos.com.br\/blog\/"},{"@type":"ListItem","position":2,"name":"Semana Especial &#8211; Persegui\u00e7\u00e3o PRF: em busca da aprova\u00e7\u00e3o!"}]},{"@type":"WebSite","@id":"https:\/\/www.estrategiaconcursos.com.br\/blog\/#website","url":"https:\/\/www.estrategiaconcursos.com.br\/blog\/","name":"Estrat\u00e9gia Concursos","description":"O blog da Estrat\u00e9gia Concursos traz not\u00edcias sobre concursos e artigos de professores oferecendo cursos para concursos (pdf + videaulas) no site.","publisher":{"@id":"https:\/\/www.estrategiaconcursos.com.br\/blog\/#organization"},"potentialAction":[{"@type":"SearchAction","target":{"@type":"EntryPoint","urlTemplate":"https:\/\/www.estrategiaconcursos.com.br\/blog\/?s={search_term_string}"},"query-input":{"@type":"PropertyValueSpecification","valueRequired":true,"valueName":"search_term_string"}}],"inLanguage":"pt-BR"},{"@type":"Organization","@id":"https:\/\/www.estrategiaconcursos.com.br\/blog\/#organization","name":"Estrat\u00e9gia Concursos","url":"https:\/\/www.estrategiaconcursos.com.br\/blog\/","logo":{"@type":"ImageObject","inLanguage":"pt-BR","@id":"https:\/\/www.estrategiaconcursos.com.br\/blog\/#\/schema\/logo\/image\/","url":"https:\/\/dhg1h5j42swfq.cloudfront.net\/2025\/06\/03203428\/logo_concursos-1.jpg","contentUrl":"https:\/\/dhg1h5j42swfq.cloudfront.net\/2025\/06\/03203428\/logo_concursos-1.jpg","width":230,"height":60,"caption":"Estrat\u00e9gia Concursos"},"image":{"@id":"https:\/\/www.estrategiaconcursos.com.br\/blog\/#\/schema\/logo\/image\/"},"sameAs":["https:\/\/x.com\/EstratConcursos"]},{"@type":"Person","@id":"https:\/\/www.estrategiaconcursos.com.br\/blog\/#\/schema\/person\/b4a388c97673c5f483d72185668afa1f","name":"Coordena\u00e7\u00e3o","image":{"@type":"ImageObject","inLanguage":"pt-BR","@id":"https:\/\/secure.gravatar.com\/avatar\/b720319e4c9a967eb58678d110f4fe35452fc5d5f97b202bac7b8acceb18c6ad?s=96&d=mm&r=g","url":"https:\/\/secure.gravatar.com\/avatar\/b720319e4c9a967eb58678d110f4fe35452fc5d5f97b202bac7b8acceb18c6ad?s=96&d=mm&r=g","contentUrl":"https:\/\/secure.gravatar.com\/avatar\/b720319e4c9a967eb58678d110f4fe35452fc5d5f97b202bac7b8acceb18c6ad?s=96&d=mm&r=g","caption":"Coordena\u00e7\u00e3o"},"sameAs":["https:\/\/www.facebook.com\/EstrategiaConcursos","https:\/\/x.com\/EstratConcursos"],"url":"https:\/\/www.estrategiaconcursos.com.br\/blog\/author\/estrategia2013\/"}]}},"_links":{"self":[{"href":"https:\/\/www.estrategiaconcursos.com.br\/blog\/wp-json\/wp\/v2\/posts\/573768","targetHints":{"allow":["GET"]}}],"collection":[{"href":"https:\/\/www.estrategiaconcursos.com.br\/blog\/wp-json\/wp\/v2\/posts"}],"about":[{"href":"https:\/\/www.estrategiaconcursos.com.br\/blog\/wp-json\/wp\/v2\/types\/post"}],"author":[{"embeddable":true,"href":"https:\/\/www.estrategiaconcursos.com.br\/blog\/wp-json\/wp\/v2\/users\/1"}],"replies":[{"embeddable":true,"href":"https:\/\/www.estrategiaconcursos.com.br\/blog\/wp-json\/wp\/v2\/comments?post=573768"}],"version-history":[{"count":5,"href":"https:\/\/www.estrategiaconcursos.com.br\/blog\/wp-json\/wp\/v2\/posts\/573768\/revisions"}],"predecessor-version":[{"id":613462,"href":"https:\/\/www.estrategiaconcursos.com.br\/blog\/wp-json\/wp\/v2\/posts\/573768\/revisions\/613462"}],"wp:featuredmedia":[{"embeddable":true,"href":"https:\/\/www.estrategiaconcursos.com.br\/blog\/wp-json\/wp\/v2\/media\/507989"}],"wp:attachment":[{"href":"https:\/\/www.estrategiaconcursos.com.br\/blog\/wp-json\/wp\/v2\/media?parent=573768"}],"wp:term":[{"taxonomy":"category","embeddable":true,"href":"https:\/\/www.estrategiaconcursos.com.br\/blog\/wp-json\/wp\/v2\/categories?post=573768"},{"taxonomy":"post_tag","embeddable":true,"href":"https:\/\/www.estrategiaconcursos.com.br\/blog\/wp-json\/wp\/v2\/tags?post=573768"},{"taxonomy":"tax_estado","embeddable":true,"href":"https:\/\/www.estrategiaconcursos.com.br\/blog\/wp-json\/wp\/v2\/tax_estado?post=573768"}],"curies":[{"name":"wp","href":"https:\/\/api.w.org\/{rel}","templated":true}]}}