{"id":573743,"date":"2020-09-23T16:00:51","date_gmt":"2020-09-23T19:00:51","guid":{"rendered":"https:\/\/www.estrategiaconcursos.com.br\/blog\/?p=573743"},"modified":"2020-09-17T16:35:35","modified_gmt":"2020-09-17T19:35:35","slug":"nada-de-trfs-trts-e-tres-saiba-o-que-fazer-e-qual-estrategia-adotar","status":"publish","type":"post","link":"https:\/\/www.estrategiaconcursos.com.br\/blog\/nada-de-trfs-trts-e-tres-saiba-o-que-fazer-e-qual-estrategia-adotar\/","title":{"rendered":"Nada de TRFs TRTs e TREs: saiba o que fazer e qual Estrat\u00e9gia adotar!"},"content":{"rendered":"\n<p>Nada de TRFs, TRTs e TREs: saiba o que fazer e qual Estrat\u00e9gia adotar!, essa \u00e9 a aula que o professor <em><strong>Vinicius Silva<\/strong><\/em> ministra nesta quarta-feira, 23 de setembro de 2020, \u00e0s 19:00.<\/p>\n\n\n\n<p>Acompanhe ao vivo e gratuitamente atrav\u00e9s do canal do Estrat\u00e9gia Concursos no Youtube.<\/p>\n\n\n\n<h4 class=\"wp-block-heading\">TRFs, TRTs e TREs &#8211; Cronograma<\/h4>\n\n\n\n<p><strong>Data: <\/strong>23 de setembro de 2020<br \/><strong>Hor\u00e1rio: <\/strong>19:00<br \/><strong>Onde:<\/strong> <a rel=\"noreferrer noopener\" href=\"https:\/\/www.youtube.com\/c\/EstrategiaConcursosBrasil\/videos?view=2&amp;live_view=502\" target=\"_blank\">Canal do Estrat\u00e9gia Concursos no Youtube<\/a><\/p>\n\n\n\n<h4 class=\"wp-block-heading\">TRFs, TRTs e TREs &#8211; Evento ao vivo<\/h4>\n\n\n\n<p class=\"has-text-align-center has-pale-pink-background-color has-background\" style=\"font-size:clamp(16.293px, 1.018rem + ((1vw - 3.2px) * 0.854), 25px);px\"><a href=\"https:\/\/www.youtube.com\/c\/EstrategiaConcursosBrasil\/videos?view=2&amp;live_view=502\" target=\"_blank\" rel=\"noreferrer noopener\">ASSISTA AO VIVO AQUI<\/a><\/p>\n\n\n\n<h4 class=\"wp-block-heading\">TRFs, TRTs e TREs &#8211; Curiosidades<\/h4>\n\n\n\n<p><strong><em>Confira abaixo os concursos expirados dos \u00f3rg\u00e3os:<\/em><\/strong><\/p>\n\n\n\n<p class=\"has-very-light-gray-background-color has-background has-medium-font-size\"><a aria-label=\"Concurso TRT BA (abre numa nova aba)\" href=\"https:\/\/www.estrategiaconcursos.com.br\/blog\/concurso-trt-ba\/\" target=\"_blank\" rel=\"noreferrer noopener\"><strong>Concurso TRT BA<\/strong><\/a><\/p>\n\n\n\n<p><strong>Status:<\/strong> Sem previs\u00e3o<\/p>\n\n\n\n<p><strong>Perspectivas:<\/strong> O Tribunal Regional do Trabalho da 5\u00aa regi\u00e3o (TRT BA) anunciou que n\u00e3o pretende realizar concurso p\u00fablico em 2020. A nota p\u00fablica sobre o certame foi publicada no portal oficial da corte.<\/p>\n\n\n\n<p><strong>Vagas\/Cargos e sal\u00e1rio inicial<\/strong><\/p>\n\n\n\n<ul class=\"wp-block-list\"><li><strong>Cargo:&nbsp;<\/strong>Analista Judici\u00e1rio &#8211; T\u00e9cnico Judici\u00e1rio<\/li><li><strong>Forma\u00e7\u00e3o:&nbsp;<\/strong>m\u00e9dio e superior<\/li><li><strong>Vagas:<\/strong>&nbsp;167<\/li><li><strong>Sal\u00e1rio:<\/strong>&nbsp;R$ 7.591.37 a R$ 12.455,30<\/li><li><strong>Curso:<\/strong>&nbsp;<a href=\"https:\/\/www.estrategiaconcursos.com.br\/cursosPorConcurso\/trt-ba\/\">TRT BA<\/a><\/li><\/ul>\n\n\n\n<p><strong>Banca do \u00faltimo concurso:<\/strong> 2013 &#8211; FCC<\/p>\n\n\n\n<p><strong>\u00daltimo edital:<\/strong> <a aria-label=\"Edital TRT BA (abre numa nova aba)\" href=\"https:\/\/dhg1h5j42swfq.cloudfront.net\/2019\/06\/17144226\/boletim_trt5r113.pdf\" target=\"_blank\" rel=\"noreferrer noopener\">Edital TRT BA<\/a><\/p>\n\n\n\n<p class=\"has-very-light-gray-background-color has-background has-medium-font-size\"><a aria-label=\"Concurso TRT MG (abre numa nova aba)\" href=\"https:\/\/www.estrategiaconcursos.com.br\/blog\/concurso-trt-mg\/\" target=\"_blank\" rel=\"noreferrer noopener\"><strong>Concurso TRT MG<\/strong><\/a><\/p>\n\n\n\n<p><strong>Status: <\/strong>Expirado<\/p>\n\n\n\n<p><strong>Perspectivas:<\/strong> O \u00faltimo edital foi publicado em 2015. O certame j\u00e1 foi prorrogado duas vezes, por esse motivo n\u00e3o poder\u00e1 ter o prazo prolongado novamente. <\/p>\n\n\n\n<p><strong>Vagas\/Cargos e sal\u00e1rio inicial<\/strong><\/p>\n\n\n\n<ul class=\"wp-block-list\"><li><strong>Cargo:&nbsp;<\/strong>T\u00e9cnico Judici\u00e1rio &#8211; Analista Judici\u00e1rio<\/li><li><strong>Forma\u00e7\u00e3o:&nbsp;<\/strong>m\u00e9dio e superior<\/li><li><strong>Vagas:<\/strong> 142<\/li><li><strong>Sal\u00e1rio:<\/strong>&nbsp;R$ 7.591,37 a R$ 12.455,30<\/li><li><strong>Curso:<\/strong>&nbsp;<a rel=\"noreferrer noopener\" href=\"https:\/\/www.estrategiaconcursos.com.br\/cursosPorConcurso\/trf-1-regiao-juiz-federal\/\" target=\"_blank\">TRF1 Juiz<\/a><\/li><\/ul>\n\n\n\n<p><strong>Banca do \u00faltimo concurso:<\/strong> 2015 &#8211; FCC<\/p>\n\n\n\n<p><strong>\u00daltimo edital:<\/strong> <a aria-label=\"Edital TRT MG (abre numa nova aba)\" href=\"https:\/\/dhg1h5j42swfq.cloudfront.net\/2019\/05\/25102427\/boletim_final_trt3r114.pdf\" target=\"_blank\" rel=\"noreferrer noopener\">Edital TRT MG<\/a><\/p>\n\n\n\n<p class=\"has-very-light-gray-background-color has-background has-medium-font-size\"><a aria-label=\"Concurso TRT4 (abre numa nova aba)\" href=\"https:\/\/www.estrategiaconcursos.com.br\/blog\/concurso-trt4\/\" target=\"_blank\" rel=\"noreferrer noopener\"><strong>Concurso TRT4<\/strong><\/a><\/p>\n\n\n\n<p><strong>Status<\/strong>: Expirado<\/p>\n\n\n\n<p><strong>Perspectivas:<\/strong> Ainda em 2019 o certame recebeu mais uma prorroga\u00e7\u00e3o, ficando v\u00e1lido at\u00e9 19 de novembro. No entanto n\u00e3o pode mais sofrer prorroga\u00e7\u00f5es.<\/p>\n\n\n\n<p><strong>Vagas\/Cargos e sal\u00e1rio inicial<\/strong><\/p>\n\n\n\n<ul class=\"wp-block-list\"><li><strong>Cargo:&nbsp;<\/strong>Analista Judici\u00e1rio &#8211; T\u00e9cnico Judici\u00e1rio<\/li><li><strong>Forma\u00e7\u00e3o:&nbsp;<\/strong>m\u00e9dio e superior<\/li><li><strong>Vagas:<\/strong>&nbsp;185<\/li><li><strong>Sal\u00e1rio:<\/strong>&nbsp;R$ 3.881,69 a R$ 12.455,30<\/li><li><strong>Curso:<\/strong><a rel=\"noreferrer noopener\" href=\"https:\/\/www.estrategiaconcursos.com.br\/cursosPorConcurso\/trt-4-regiao-rio-grande-do-sul-375\/\" target=\"_blank\"> TRT4<\/a><\/li><\/ul>\n\n\n\n<p><strong>Banca do \u00faltimo concurso:<\/strong> 2015 &#8211; FCC<\/p>\n\n\n\n<p><strong>\u00daltimo Edital:<\/strong> <a aria-label=\"Edital TRT4 (abre numa nova aba)\" href=\"https:\/\/dhg1h5j42swfq.cloudfront.net\/2019\/06\/10151316\/boletim_trt4r115.pdf\" target=\"_blank\" rel=\"noreferrer noopener\">Edital TRT4<\/a><\/p>\n\n\n\n<p class=\"has-very-light-gray-background-color has-background has-medium-font-size\"><a aria-label=\"Concurso TRT PR  (abre numa nova aba)\" href=\"https:\/\/www.estrategiaconcursos.com.br\/blog\/concurso-trt-pr\/\" target=\"_blank\" rel=\"noreferrer noopener\"><strong>Concurso TRT PR<\/strong><\/a><\/p>\n\n\n\n<p><strong>Status:<\/strong> expirado\/sem previs\u00e3o<\/p>\n\n\n\n<p><strong>Perspectivas:<\/strong> O&nbsp;Tribunal chegou a formar a comiss\u00e3o organizadora de um novo certame, mas adiou as possibilidades de um novo concurso em virtude de restri\u00e7\u00f5es or\u00e7ament\u00e1rias. <\/p>\n\n\n\n<p><strong>Vagas\/Cargos e sal\u00e1rio inicial<\/strong><\/p>\n\n\n\n<ul class=\"wp-block-list\"><li><strong>Cargo:&nbsp;<\/strong>Analista Judici\u00e1rio, T\u00e9cnico Judici\u00e1rio e Auxiliar Judici\u00e1rio.<\/li><li><strong>Forma\u00e7\u00e3o:&nbsp;<\/strong>N\u00edvel m\u00e9dio e superior<\/li><li><strong>Vagas:<\/strong>&nbsp;a definir<\/li><li><strong>Sal\u00e1rio:<\/strong>&nbsp;a definir<\/li><li><strong>Curso:<\/strong>&nbsp;<a rel=\"noreferrer noopener\" href=\"https:\/\/www.estrategiaconcursos.com.br\/cursosPorConcurso\/trf-1-regiao-juiz-federal\/\" target=\"_blank\"><\/a><a rel=\"noreferrer noopener\" href=\"https:\/\/www.estrategiaconcursos.com.br\/cursosPorConcurso\/trt-9-regiao-parana-122\/\" target=\"_blank\"> TRT PR<\/a><\/li><\/ul>\n\n\n\n<p><strong>Banca do \u00faltimo concurso:<\/strong> 2015 &#8211; FCC<\/p>\n\n\n\n<p><strong>\u00daltimo Edital:<\/strong> <a aria-label=\"Edital TRT PR (abre numa nova aba)\" rel=\"noreferrer noopener\" href=\"https:\/\/dhg1h5j42swfq.cloudfront.net\/2019\/01\/29090635\/Edital-TRT-9.pdf\" target=\"_blank\">Edital TRT PR<\/a><\/p>\n\n\n\n<p class=\"has-very-light-gray-background-color has-background has-medium-font-size\"><a aria-label=\"Concurso TRT GO (abre numa nova aba)\" href=\"https:\/\/www.estrategiaconcursos.com.br\/blog\/concurso-trt-18-go\/\" target=\"_blank\" rel=\"noreferrer noopener\"><strong>Concurso TRT GO<\/strong><\/a><\/p>\n\n\n\n<p><strong>Status<\/strong>: Sem previs\u00e3o<\/p>\n\n\n\n<p><strong>Perspectivas:<\/strong> Por falta de or\u00e7amento para organizar o concurso, o \u00f3rg\u00e3o optou por cancel\u00e1-lo. Ainda n\u00e3o h\u00e1 previs\u00e3o de quando os trabalhos em um novo certame ser\u00e3o retomados.<\/p>\n\n\n\n<p><strong>Vagas\/Cargos e sal\u00e1rio inicial<\/strong><\/p>\n\n\n\n<ul class=\"wp-block-list\"><li><strong>Cargo:&nbsp;<\/strong>Analista e T\u00e9cnico Judici\u00e1rio<\/li><li><strong>Forma\u00e7\u00e3o:&nbsp;<\/strong>N\u00edvel m\u00e9dio e superior<\/li><li><strong>Vagas:<\/strong>&nbsp;&nbsp;11 + CR<\/li><li><strong>Sal\u00e1rio:<\/strong>&nbsp;R$ 3.890,69 a R$ 18.701,52<\/li><li><strong>Curso:<\/strong><a rel=\"noreferrer noopener\" href=\"https:\/\/www.estrategiaconcursos.com.br\/cursosPorConcurso\/trts-cursos-regulares-62\/\" target=\"_blank\"> <strong><\/strong><\/a><strong><a rel=\"noreferrer noopener\" href=\"https:\/\/www.estrategiaconcursos.com.br\/cursosPorConcurso\/trt-18-regiao\/\" target=\"_blank\">TRT GO<\/a><\/strong><\/li><\/ul>\n\n\n\n<p><strong>Banca do \u00faltimo concurso:<\/strong> 2013 &#8211; FCC<\/p>\n\n\n\n<p><strong>\u00daltimo edital:<\/strong> <a aria-label=\"Edital TRT GO (abre numa nova aba)\" rel=\"noreferrer noopener\" href=\"https:\/\/dhg1h5j42swfq.cloudfront.net\/2018\/01\/07130633\/trt18_concurso_edital_de_abertura_com_as_retificacoes.pdf\" target=\"_blank\">Edital TRT GO<\/a><\/p>\n\n\n\n<p class=\"has-pale-cyan-blue-background-color has-background has-medium-font-size\"><a aria-label=\"Concurso TRE MG (abre numa nova aba)\" href=\"https:\/\/www.estrategiaconcursos.com.br\/blog\/concurso-tre-mg\/\" target=\"_blank\" rel=\"noreferrer noopener\"><strong>Concurso TRE MG<\/strong><\/a><\/p>\n\n\n\n<p><strong>Status:<\/strong> Expirado<\/p>\n\n\n\n<p><strong>Perspectivas:<\/strong> O \u00faltimo edital de T\u00e9cnico foi publicado em 2014 e ofertou 18 vagas mais CR. Sua validade terminou em outubro de 2019. <\/p>\n\n\n\n<p><strong>Vagas\/Cargos e sal\u00e1rio inicial<\/strong><\/p>\n\n\n\n<ul class=\"wp-block-list\"><li><strong>Cargo:<\/strong> T\u00e9cnico Judici\u00e1rio<\/li><li><strong>Forma\u00e7\u00e3o:&nbsp;<\/strong>N\u00edvel m\u00e9dio e\/ou N\u00edvel T\u00e9cnico<\/li><li><strong>Vagas:<\/strong>&nbsp;19 + CR<\/li><li><strong>Sal\u00e1rio:<\/strong>&nbsp;<em>R$3.163,07<\/em><\/li><li><strong>Curso:<\/strong><a rel=\"noreferrer noopener\" href=\"https:\/\/www.estrategiaconcursos.com.br\/cursosPorConcurso\/trts-cursos-regulares-62\/\" target=\"_blank\"> <\/a><strong><\/strong><strong><\/strong><strong><\/strong><strong><\/strong><strong><a rel=\"noreferrer noopener\" href=\"https:\/\/www.estrategiaconcursos.com.br\/cursosPorConcurso\/tre-ap-tribunal-regional-eleitoral-do-amapa-427\/\" target=\"_blank\"><\/a><a rel=\"noreferrer noopener\" href=\"https:\/\/www.estrategiaconcursos.com.br\/cursos\/concurso\/\" target=\"_blank\"><strong>TRE MG<\/strong><\/a><\/strong><\/li><\/ul>\n\n\n\n<p><strong>Banca do \u00faltimo concurso<\/strong>: 2014 &#8211; Cesplan<\/p>\n\n\n\n<p><strong>\u00daltimo edital:<\/strong> <a href=\"https:\/\/dhg1h5j42swfq.cloudfront.net\/2019\/05\/29130355\/Edital-TRE-MG.pdf\" target=\"_blank\" rel=\"noreferrer noopener\">Edital TRE MG<\/a> <\/p>\n\n\n\n<p class=\"has-pale-cyan-blue-background-color has-background has-medium-font-size\"><a aria-label=\"Concurso TRE MA (abre numa nova aba)\" href=\"https:\/\/www.estrategiaconcursos.com.br\/blog\/concurso-tre-ma\/\" target=\"_blank\" rel=\"noreferrer noopener\"><strong>Concurso TRE MA<\/strong><\/a><\/p>\n\n\n\n<p><strong>Status:<\/strong> Expirado<\/p>\n\n\n\n<p><strong>Perspectivas:<\/strong> O Tribunal Regional Eleitoral do Maranh\u00e3o prorrogou por mais dois anos a validade de seu \u00faltimo concurso. O certame ficou v\u00e1lido at\u00e9 dezembro de 2019.  <\/p>\n\n\n\n<p><strong>Vagas\/Cargos e sal\u00e1rio inicial<\/strong><\/p>\n\n\n\n<ul class=\"wp-block-list\"><li><strong>Cargo:&nbsp;<\/strong>Analista e T\u00e9cnico Judici\u00e1rio<\/li><li><strong>Forma\u00e7\u00e3o:&nbsp;<\/strong>N\u00edvel m\u00e9dio e superior<\/li><li><strong>Vagas:<\/strong>&nbsp;14+CR<\/li><li><strong>Sal\u00e1rio:<\/strong>&nbsp;R$ 6.224,79 a R$ 9.692,84<\/li><li><strong>Curso:<\/strong><a rel=\"noreferrer noopener\" href=\"https:\/\/www.estrategiaconcursos.com.br\/cursosPorConcurso\/trts-cursos-regulares-62\/\" target=\"_blank\"> <\/a><strong><\/strong><strong><\/strong><strong><\/strong><strong><\/strong><strong><a rel=\"noreferrer noopener\" href=\"https:\/\/www.estrategiaconcursos.com.br\/cursosPorConcurso\/tre-ap-tribunal-regional-eleitoral-do-amapa-427\/\" target=\"_blank\"><strong><\/strong><\/a><\/strong><strong><a rel=\"noreferrer noopener\" href=\"https:\/\/www.estrategiaconcursos.com.br\/cursosPorConcurso\/tres-cursos-regulares-55\/\" target=\"_blank\">TRE MA<\/a><\/strong><\/li><\/ul>\n\n\n\n<p><strong>Banca do \u00faltimo concurso<\/strong>: 2015 IESES<\/p>\n\n\n\n<p><strong>\u00daltimo edital:<\/strong> <strong><a rel=\"noreferrer noopener\" href=\"http:\/\/www.tre-ma.ieses.org\/documentos\/ARQUIVOS\/edital.pdf\" target=\"_blank\">Edital TRE MA 2015<\/a><\/strong> <\/p>\n\n\n\n<p class=\"has-pale-cyan-blue-background-color has-background has-medium-font-size\"><a aria-label=\"Concurso TRE RS (abre numa nova aba)\" href=\"https:\/\/www.estrategiaconcursos.com.br\/blog\/concurso-tre-rs\/\" target=\"_blank\" rel=\"noreferrer noopener\"><strong>Concurso TRE RS<\/strong><\/a><\/p>\n\n\n\n<p><strong>Status:<\/strong> Expirado <\/p>\n\n\n\n<p><strong>Perspectivas:<\/strong> Sob organiza\u00e7\u00e3o do Cespe, o \u00faltimo concurso ocorreu em 2015, onde foram oferecidas 16 vagas entre os cargos de Analista Jur\u00eddico e T\u00e9cnico Jur\u00eddico, juntamente com forma\u00e7\u00e3o de cadastro de reserva.  <\/p>\n\n\n\n<p><strong>Vagas\/Cargos e sal\u00e1rio inicial<\/strong><\/p>\n\n\n\n<ul class=\"wp-block-list\"><li><strong>Cargo:&nbsp;<\/strong>Analista e T\u00e9cnico Judici\u00e1rio<\/li><li><strong>Forma\u00e7\u00e3o:&nbsp;<\/strong>N\u00edvel m\u00e9dio e superior<\/li><li><strong>Vagas:<\/strong>&nbsp;16<\/li><li><strong>Sal\u00e1rio:<\/strong> R$ 7.591,37\u202c a R$ 18.701,52<\/li><li><strong>Curso:<\/strong><strong><\/strong><strong><\/strong><strong><\/strong><strong><\/strong><strong><\/strong><strong><a rel=\"noreferrer noopener\" href=\"https:\/\/www.estrategiaconcursos.com.br\/cursosPorConcurso\/tres-cursos-regulares-55\/\" target=\"_blank\"><\/a><\/strong><strong><a rel=\"noreferrer noopener\" href=\"https:\/\/www.estrategiaconcursos.com.br\/cursosPorConcurso\/tres-cursos-regulares-55\/\" target=\"_blank\"> <strong><\/strong><\/a><\/strong><strong><a rel=\"noreferrer noopener\" href=\"https:\/\/www.estrategiaconcursos.com.br\/cursosPorConcurso\/tres-cursos-regulares-55\/\" target=\"_blank\">TRE RS<\/a><\/strong><\/li><\/ul>\n\n\n\n<p><strong>Banca do \u00faltimo concurso:<\/strong> 2015 &#8211; Cesp\/UnB<\/p>\n\n\n\n<p><strong>\u00daltimo edital<\/strong>: <strong><a href=\"http:\/\/www.cespe.unb.br\/concursos\/tre_rs_15\/arquivos\/TRE_RS_2015___ED_1___ABERTURA.PDF\" target=\"_blank\" rel=\"noreferrer noopener\">Edital TRE RS<\/a><\/strong> <\/p>\n\n\n\n<p class=\"has-pale-cyan-blue-background-color has-background has-medium-font-size\"><a aria-label=\"Concurso TRE RR (abre numa nova aba)\" href=\"https:\/\/www.estrategiaconcursos.com.br\/blog\/concurso-tre-rr\/\" target=\"_blank\" rel=\"noreferrer noopener\"><strong>Concurso TRE RR<\/strong><\/a><\/p>\n\n\n\n<p><strong>Status:<\/strong>  Expirado<\/p>\n\n\n\n<p><strong>Perspectivas:<\/strong> Foi publicada a prorroga\u00e7\u00e3o por mais dois anos do \u00faltimo concurso. O certame que ocorreu em 2014 ficou v\u00e1lido at\u00e9 dezembro de 2019.<\/p>\n\n\n\n<p><strong>Vagas\/Cargos e sal\u00e1rio inicial<\/strong><\/p>\n\n\n\n<ul class=\"wp-block-list\"><li><strong>Cargo:&nbsp;<\/strong>Analista e T\u00e9cnico Judici\u00e1rio<\/li><li><strong>Forma\u00e7\u00e3o:&nbsp;<\/strong>N\u00edvel m\u00e9dio e superior<\/li><li><strong>Vagas:<\/strong>&nbsp;08 + CR<\/li><li><strong>Sal\u00e1rio:<\/strong> R$ 5.425,79 e&nbsp;R$ 8.863,48<\/li><li><strong>Curso:<\/strong><strong><\/strong><strong><\/strong><strong><\/strong><strong><\/strong><strong><\/strong><strong><a rel=\"noreferrer noopener\" href=\"https:\/\/www.estrategiaconcursos.com.br\/cursosPorConcurso\/tres-cursos-regulares-55\/\" target=\"_blank\"><\/a><\/strong><strong><a rel=\"noreferrer noopener\" href=\"https:\/\/www.estrategiaconcursos.com.br\/cursosPorConcurso\/tres-cursos-regulares-55\/\" target=\"_blank\"> <strong><\/strong><\/a><\/strong><strong><a rel=\"noreferrer noopener\" href=\"https:\/\/www.estrategiaconcursos.com.br\/cursosPorConcurso\/tre-rr-tribunal-regional-eleitoral-de-roraima-347\/\" target=\"_blank\"> TRE RR<\/a><\/strong><\/li><\/ul>\n\n\n\n<p><strong>Banca do \u00faltimo concurso<\/strong>: 2014 &#8211; FCC<\/p>\n\n\n\n<p><strong>\u00daltimo edital:<\/strong> <a aria-label=\"Edital TRE RR (abre numa nova aba)\" rel=\"noreferrer noopener\" href=\"https:\/\/dhg1h5j42swfq.cloudfront.net\/2014\/12\/trerr114_edital_publicado.pdf\" target=\"_blank\">Edital TRE RR<\/a><\/p>\n\n\n\n<p class=\"has-pale-cyan-blue-background-color has-background has-medium-font-size\"><strong>Concurso TRE SP<\/strong><\/p>\n\n\n\n<p><strong>Status:<\/strong> Expirado<\/p>\n\n\n\n<p><strong>Perspectivas:<\/strong> O \u00faltimo concurso do TRE SP aconteceu em 2016. Homologado em 2017, o edital expirou em julho deste ano. <\/p>\n\n\n\n<p><strong>Vagas\/Cargos e sal\u00e1rio inicial<\/strong><\/p>\n\n\n\n<ul class=\"wp-block-list\"><li><strong>Cargo:&nbsp;<\/strong>a definir<\/li><li><strong>Forma\u00e7\u00e3o:&nbsp;<\/strong>a definir<\/li><li><strong>Vagas:<\/strong>&nbsp;a definir<\/li><li><strong>Sal\u00e1rio:<\/strong> a definir<\/li><li><strong>Curso:<\/strong><strong><\/strong><strong><\/strong><strong><\/strong><strong><\/strong><strong><\/strong><strong><a rel=\"noreferrer noopener\" href=\"https:\/\/www.estrategiaconcursos.com.br\/cursosPorConcurso\/tres-cursos-regulares-55\/\" target=\"_blank\"><\/a><\/strong><strong> <a href=\"https:\/\/www.estrategiaconcursos.com.br\/cursos\/concurso\/\" target=\"_blank\" rel=\"noreferrer noopener\">TRE SP<\/a><\/strong><\/li><\/ul>\n\n\n\n<p><strong>Banca do \u00faltimo concurso:<\/strong> 2016 &#8211; FCC<\/p>\n\n\n\n<p><strong>\u00daltimo edital:<\/strong> <a aria-label=\"Edital TRE SP (abre numa nova aba)\" href=\"https:\/\/dhg1h5j42swfq.cloudfront.net\/2019\/09\/05174655\/Edital-TRE-SP-2016.pdf\" target=\"_blank\" rel=\"noreferrer noopener\">Edital TRE SP<\/a><\/p>\n\n\n\n<p class=\"has-pale-cyan-blue-background-color has-background has-medium-font-size\"><a aria-label=\"Concurso TRE SE (abre numa nova aba)\" href=\"https:\/\/www.estrategiaconcursos.com.br\/blog\/concurso-tre-se\/\" target=\"_blank\" rel=\"noreferrer noopener\"><strong>Concurso TRE SE<\/strong><\/a><\/p>\n\n\n\n<p><strong>Status:<\/strong> Expirado <\/p>\n\n\n\n<p><strong>Perspectivas:<\/strong> A validade do concurso foi prorrogada por mais dois anos. O certame seguiu vigente at\u00e9 fevereiro de 2020. <\/p>\n\n\n\n<p><strong>Vagas\/Cargos e sal\u00e1rio inicial<\/strong><\/p>\n\n\n\n<ul class=\"wp-block-list\"><li><strong>Cargo:&nbsp;<\/strong>a definir<\/li><li><strong>Forma\u00e7\u00e3o:&nbsp;<\/strong>a definir<\/li><li><strong>Vagas:<\/strong> a definir<\/li><li><strong>Sal\u00e1rio:<\/strong> a definir<\/li><li><strong>Curso:<\/strong><strong><\/strong><strong><\/strong><strong><\/strong><strong><\/strong><strong><\/strong><strong><a rel=\"noreferrer noopener\" href=\"https:\/\/www.estrategiaconcursos.com.br\/cursosPorConcurso\/tres-cursos-regulares-55\/\" target=\"_blank\"><\/a><\/strong><strong><a rel=\"noreferrer noopener\" href=\"https:\/\/www.estrategiaconcursos.com.br\/cursosPorConcurso\/tres-cursos-regulares-55\/\" target=\"_blank\"> <\/a><a rel=\"noreferrer noopener\" href=\"https:\/\/www.estrategiaconcursos.com.br\/cursos\/concurso\/\" target=\"_blank\">TRE SE<\/a><\/strong><\/li><\/ul>\n\n\n\n<p><strong>Banca do \u00faltimo concurso<\/strong>: 2015 &#8211; FCC<\/p>\n\n\n\n<p><strong>\u00daltimo edital:<\/strong> <a rel=\"noreferrer noopener\" href=\"https:\/\/dhg1h5j42swfq.cloudfront.net\/2019\/05\/27120252\/Concurso-TRE-SE.pdf\" target=\"_blank\">Edital TRE SE<\/a> <\/p>\n\n\n\n<p class=\"has-text-align-center\"><strong><em><strong>Sistema de Quest\u00f5es<\/strong><\/em><\/strong><\/p>\n\n\n\n<p class=\"has-text-align-center\">Estrat\u00e9gia Quest\u00f5es nasceu maior do que todos os concorrentes, com mais quest\u00f5es cadastradas e mais solu\u00e7\u00f5es por professores. Clique no link e aproveite os descontos e b\u00f4nus imperd\u00edveis!<\/p>\n\n\n\n<p class=\"has-text-align-center has-vivid-green-cyan-background-color has-background\"><strong>ASSINE AGORA \u2013&nbsp;<a href=\"https:\/\/www.estrategiaconcursos.com.br\/cursosPorConcurso\/sistema-de-questoes\/#\/\" target=\"_blank\" rel=\"noreferrer noopener\">Sistema de Quest\u00f5es<\/a><\/strong><\/p>\n\n\n\n<p class=\"has-text-align-center\"><em><strong>Assinatura Anual Ilimitada*<\/strong><\/em><\/p>\n\n\n\n<p class=\"has-text-align-center\"><em>Prepare-se com o melhor material e com quem mais aprova em Concursos P\u00fablicos em todo o pa\u00eds. Assine agora a nossa Assinatura Anual e tenha acesso ilimitado* a todos os nossos cursos.<\/em><\/p>\n\n\n\n<p class=\"has-text-align-center has-light-green-cyan-background-color has-background\"><strong>ASSINE AGORA<\/strong>&nbsp;\u2013&nbsp;<a href=\"https:\/\/www.estrategiaconcursos.com.br\/assinaturas\" target=\"_blank\" rel=\"noreferrer noopener\"><strong>Assinatura Ilimitada<\/strong><\/a><\/p>\n\n\n\n<p class=\"has-text-align-center has-pale-cyan-blue-background-color has-background\"><strong><a href=\"https:\/\/www.estrategiaconcursos.com.br\/blog\/concursos-abertos\/\" target=\"_blank\" rel=\"noreferrer noopener\">Concursos abertos<\/a><\/strong><\/p>\n\n\n\n<p class=\"has-text-align-center has-pale-cyan-blue-background-color has-background\"><a href=\"https:\/\/www.estrategiaconcursos.com.br\/blog\/concursos-2020\/\" target=\"_blank\" rel=\"noreferrer noopener\"><strong>Concursos 2020<\/strong><\/a><\/p>\n\n\n\n<p class=\"has-text-align-center has-pale-cyan-blue-background-color has-background\"><strong><a rel=\"noreferrer noopener\" href=\"https:\/\/www.estrategiaconcursos.com.br\/blog\/concursos-2021\/\" target=\"_blank\">Concursos 2021<\/a><\/strong><\/p>\n\n\n\n<p class=\"has-text-align-center has-pale-cyan-blue-background-color has-background\"><a href=\"https:\/\/www.estrategiaconcursos.com.br\/blog\/concursos-tribunais-2020\/\" target=\"_blank\" rel=\"noreferrer noopener\">Concursos Tribunais<\/a><\/p>\n","protected":false},"excerpt":{"rendered":"<p>Nada de TRFs, TRTs e TREs: saiba o que fazer e qual Estrat\u00e9gia adotar!, essa \u00e9 a aula que o professor Vinicius Silva ministra nesta quarta-feira, 23 de setembro de 2020, \u00e0s 19:00. Acompanhe ao vivo e gratuitamente atrav\u00e9s do canal do Estrat\u00e9gia Concursos no Youtube. TRFs, TRTs e TREs &#8211; Cronograma Data: 23 de [&hellip;]<\/p>\n","protected":false},"author":317,"featured_media":521910,"comment_status":"open","ping_status":"closed","sticky":false,"template":"","format":"standard","meta":{"post_tipo":"article","footnotes":""},"categories":[1,1984],"tags":[],"tax_estado":[],"class_list":["post-573743","post","type-post","status-publish","format-standard","has-post-thumbnail","hentry","category-cursos-e-concursos","category-tribunais"],"acf":[],"yoast_head":"<!-- This site is optimized with the Yoast SEO Premium plugin v27.2 (Yoast SEO v27.2) - https:\/\/yoast.com\/product\/yoast-seo-premium-wordpress\/ -->\n<title>Nada de TRFs TRTs e TREs: saiba o que fazer e qual Estrat\u00e9gia adotar!<\/title>\n<meta name=\"description\" content=\"Nada de TRFs TRTs e TREs: neste evento voc\u00ea vai saber o que fazer e qual estrat\u00e9gia adotar enquanto n\u00e3o sai editais deste \u00f3rg\u00e3os.\" \/>\n<meta name=\"robots\" content=\"index, follow, max-snippet:-1, max-image-preview:large, max-video-preview:-1\" \/>\n<link rel=\"canonical\" href=\"https:\/\/www.estrategiaconcursos.com.br\/blog\/nada-de-trfs-trts-e-tres-saiba-o-que-fazer-e-qual-estrategia-adotar\/\" \/>\n<meta property=\"og:locale\" content=\"pt_BR\" \/>\n<meta property=\"og:type\" content=\"article\" \/>\n<meta property=\"og:title\" content=\"Nada de TRFs TRTs e TREs: saiba o que fazer e qual Estrat\u00e9gia adotar!\" \/>\n<meta property=\"og:description\" content=\"Nada de TRFs TRTs e TREs: neste evento voc\u00ea vai saber o que fazer e qual estrat\u00e9gia adotar enquanto n\u00e3o sai editais deste \u00f3rg\u00e3os.\" \/>\n<meta property=\"og:url\" content=\"https:\/\/www.estrategiaconcursos.com.br\/blog\/nada-de-trfs-trts-e-tres-saiba-o-que-fazer-e-qual-estrategia-adotar\/\" \/>\n<meta property=\"og:site_name\" content=\"Estrat\u00e9gia Concursos\" \/>\n<meta property=\"article:author\" content=\"https:\/\/www.facebook.com\/igor.maciel.1420\" \/>\n<meta property=\"article:published_time\" content=\"2020-09-23T19:00:51+00:00\" \/>\n<meta property=\"og:image\" content=\"https:\/\/dhg1h5j42swfq.cloudfront.net\/2020\/06\/03104052\/concursos-tribunais.png\" \/>\n\t<meta property=\"og:image:width\" content=\"400\" \/>\n\t<meta property=\"og:image:height\" content=\"208\" \/>\n\t<meta property=\"og:image:type\" content=\"image\/png\" \/>\n<meta name=\"author\" content=\"Igor Maciel\" \/>\n<meta name=\"twitter:card\" content=\"summary_large_image\" \/>\n<meta name=\"twitter:creator\" content=\"@EstratConcursos\" \/>\n<meta name=\"twitter:site\" content=\"@EstratConcursos\" \/>\n<meta name=\"twitter:label1\" content=\"Escrito por\" \/>\n\t<meta name=\"twitter:data1\" content=\"Igor Maciel\" \/>\n\t<meta name=\"twitter:label2\" content=\"Est. tempo de leitura\" \/>\n\t<meta name=\"twitter:data2\" content=\"5 minutos\" \/>\n<script type=\"application\/ld+json\" class=\"yoast-schema-graph\">{\"@context\":\"https:\/\/schema.org\",\"@graph\":[{\"@type\":\"NewsArticle\",\"@id\":\"https:\/\/www.estrategiaconcursos.com.br\/blog\/nada-de-trfs-trts-e-tres-saiba-o-que-fazer-e-qual-estrategia-adotar\/#article\",\"isPartOf\":{\"@id\":\"https:\/\/www.estrategiaconcursos.com.br\/blog\/nada-de-trfs-trts-e-tres-saiba-o-que-fazer-e-qual-estrategia-adotar\/\"},\"author\":{\"name\":\"Igor Maciel\",\"@id\":\"https:\/\/www.estrategiaconcursos.com.br\/blog\/#\/schema\/person\/024d26d5efb06d95dfc04025d7301591\"},\"headline\":\"Nada de TRFs TRTs e TREs: saiba o que fazer e qual Estrat\u00e9gia adotar!\",\"datePublished\":\"2020-09-23T19:00:51+00:00\",\"mainEntityOfPage\":{\"@id\":\"https:\/\/www.estrategiaconcursos.com.br\/blog\/nada-de-trfs-trts-e-tres-saiba-o-que-fazer-e-qual-estrategia-adotar\/\"},\"wordCount\":1041,\"commentCount\":0,\"publisher\":{\"@id\":\"https:\/\/www.estrategiaconcursos.com.br\/blog\/#organization\"},\"image\":{\"@id\":\"https:\/\/www.estrategiaconcursos.com.br\/blog\/nada-de-trfs-trts-e-tres-saiba-o-que-fazer-e-qual-estrategia-adotar\/#primaryimage\"},\"thumbnailUrl\":\"https:\/\/dhg1h5j42swfq.cloudfront.net\/2020\/06\/03104052\/concursos-tribunais.png\",\"articleSection\":[\"Concursos P\u00fablicos\",\"Tribunais\"],\"inLanguage\":\"pt-BR\",\"potentialAction\":[{\"@type\":\"CommentAction\",\"name\":\"Comment\",\"target\":[\"https:\/\/www.estrategiaconcursos.com.br\/blog\/nada-de-trfs-trts-e-tres-saiba-o-que-fazer-e-qual-estrategia-adotar\/#respond\"]}],\"copyrightYear\":\"2020\",\"copyrightHolder\":{\"@id\":\"https:\/\/www.estrategiaconcursos.com.br\/blog\/#organization\"}},{\"@type\":\"WebPage\",\"@id\":\"https:\/\/www.estrategiaconcursos.com.br\/blog\/nada-de-trfs-trts-e-tres-saiba-o-que-fazer-e-qual-estrategia-adotar\/\",\"url\":\"https:\/\/www.estrategiaconcursos.com.br\/blog\/nada-de-trfs-trts-e-tres-saiba-o-que-fazer-e-qual-estrategia-adotar\/\",\"name\":\"Nada de TRFs TRTs e TREs: saiba o que fazer e qual Estrat\u00e9gia adotar!\",\"isPartOf\":{\"@id\":\"https:\/\/www.estrategiaconcursos.com.br\/blog\/#website\"},\"primaryImageOfPage\":{\"@id\":\"https:\/\/www.estrategiaconcursos.com.br\/blog\/nada-de-trfs-trts-e-tres-saiba-o-que-fazer-e-qual-estrategia-adotar\/#primaryimage\"},\"image\":{\"@id\":\"https:\/\/www.estrategiaconcursos.com.br\/blog\/nada-de-trfs-trts-e-tres-saiba-o-que-fazer-e-qual-estrategia-adotar\/#primaryimage\"},\"thumbnailUrl\":\"https:\/\/dhg1h5j42swfq.cloudfront.net\/2020\/06\/03104052\/concursos-tribunais.png\",\"datePublished\":\"2020-09-23T19:00:51+00:00\",\"description\":\"Nada de TRFs TRTs e TREs: neste evento voc\u00ea vai saber o que fazer e qual estrat\u00e9gia adotar enquanto n\u00e3o sai editais deste \u00f3rg\u00e3os.\",\"breadcrumb\":{\"@id\":\"https:\/\/www.estrategiaconcursos.com.br\/blog\/nada-de-trfs-trts-e-tres-saiba-o-que-fazer-e-qual-estrategia-adotar\/#breadcrumb\"},\"inLanguage\":\"pt-BR\",\"potentialAction\":[{\"@type\":\"ReadAction\",\"target\":[\"https:\/\/www.estrategiaconcursos.com.br\/blog\/nada-de-trfs-trts-e-tres-saiba-o-que-fazer-e-qual-estrategia-adotar\/\"]}]},{\"@type\":\"ImageObject\",\"inLanguage\":\"pt-BR\",\"@id\":\"https:\/\/www.estrategiaconcursos.com.br\/blog\/nada-de-trfs-trts-e-tres-saiba-o-que-fazer-e-qual-estrategia-adotar\/#primaryimage\",\"url\":\"https:\/\/dhg1h5j42swfq.cloudfront.net\/2020\/06\/03104052\/concursos-tribunais.png\",\"contentUrl\":\"https:\/\/dhg1h5j42swfq.cloudfront.net\/2020\/06\/03104052\/concursos-tribunais.png\",\"width\":400,\"height\":208,\"caption\":\"concursos da \u00e1rea de tribunais\"},{\"@type\":\"BreadcrumbList\",\"@id\":\"https:\/\/www.estrategiaconcursos.com.br\/blog\/nada-de-trfs-trts-e-tres-saiba-o-que-fazer-e-qual-estrategia-adotar\/#breadcrumb\",\"itemListElement\":[{\"@type\":\"ListItem\",\"position\":1,\"name\":\"In\u00edcio\",\"item\":\"https:\/\/www.estrategiaconcursos.com.br\/blog\/\"},{\"@type\":\"ListItem\",\"position\":2,\"name\":\"Nada de TRFs TRTs e TREs: saiba o que fazer e qual Estrat\u00e9gia adotar!\"}]},{\"@type\":\"WebSite\",\"@id\":\"https:\/\/www.estrategiaconcursos.com.br\/blog\/#website\",\"url\":\"https:\/\/www.estrategiaconcursos.com.br\/blog\/\",\"name\":\"Estrat\u00e9gia Concursos\",\"description\":\"O blog da Estrat\u00e9gia Concursos traz not\u00edcias sobre concursos e artigos de professores oferecendo cursos para concursos (pdf + videaulas) no site.\",\"publisher\":{\"@id\":\"https:\/\/www.estrategiaconcursos.com.br\/blog\/#organization\"},\"potentialAction\":[{\"@type\":\"SearchAction\",\"target\":{\"@type\":\"EntryPoint\",\"urlTemplate\":\"https:\/\/www.estrategiaconcursos.com.br\/blog\/?s={search_term_string}\"},\"query-input\":{\"@type\":\"PropertyValueSpecification\",\"valueRequired\":true,\"valueName\":\"search_term_string\"}}],\"inLanguage\":\"pt-BR\"},{\"@type\":\"Organization\",\"@id\":\"https:\/\/www.estrategiaconcursos.com.br\/blog\/#organization\",\"name\":\"Estrat\u00e9gia Concursos\",\"url\":\"https:\/\/www.estrategiaconcursos.com.br\/blog\/\",\"logo\":{\"@type\":\"ImageObject\",\"inLanguage\":\"pt-BR\",\"@id\":\"https:\/\/www.estrategiaconcursos.com.br\/blog\/#\/schema\/logo\/image\/\",\"url\":\"https:\/\/dhg1h5j42swfq.cloudfront.net\/2025\/06\/03203428\/logo_concursos-1.jpg\",\"contentUrl\":\"https:\/\/dhg1h5j42swfq.cloudfront.net\/2025\/06\/03203428\/logo_concursos-1.jpg\",\"width\":230,\"height\":60,\"caption\":\"Estrat\u00e9gia Concursos\"},\"image\":{\"@id\":\"https:\/\/www.estrategiaconcursos.com.br\/blog\/#\/schema\/logo\/image\/\"},\"sameAs\":[\"https:\/\/x.com\/EstratConcursos\"]},{\"@type\":\"Person\",\"@id\":\"https:\/\/www.estrategiaconcursos.com.br\/blog\/#\/schema\/person\/024d26d5efb06d95dfc04025d7301591\",\"name\":\"Igor Maciel\",\"image\":{\"@type\":\"ImageObject\",\"inLanguage\":\"pt-BR\",\"@id\":\"https:\/\/secure.gravatar.com\/avatar\/e983a676af6facf4aebcb2989d49e3bf61b718712d5e7a4b3f355b7fe651bc2f?s=96&d=mm&r=g\",\"url\":\"https:\/\/secure.gravatar.com\/avatar\/e983a676af6facf4aebcb2989d49e3bf61b718712d5e7a4b3f355b7fe651bc2f?s=96&d=mm&r=g\",\"contentUrl\":\"https:\/\/secure.gravatar.com\/avatar\/e983a676af6facf4aebcb2989d49e3bf61b718712d5e7a4b3f355b7fe651bc2f?s=96&d=mm&r=g\",\"caption\":\"Igor Maciel\"},\"description\":\"Graduado na Universidade Federal de Pernambuco, com extens\u00e3o na Universidade de Coimbra\/Portugal. Especialista LLM em Direito Corporativo pelo IBMEC\/RJ. Mestrando em Direito e Pol\u00edticas P\u00fablicas pelo UNICEUB\/DF. Advogado com atua\u00e7\u00e3o profissional centrada no Direito Tribut\u00e1rio e no Direito Administrativo, especialmente na defesa de servidores p\u00fablicos.\",\"sameAs\":[\"http:\/\/www.imaciel.com.br\",\"https:\/\/www.facebook.com\/igor.maciel.1420\"],\"url\":\"https:\/\/www.estrategiaconcursos.com.br\/blog\/author\/contatoimaciel-com-br\/\"}]}<\/script>\n<!-- \/ Yoast SEO Premium plugin. -->","yoast_head_json":{"title":"Nada de TRFs TRTs e TREs: saiba o que fazer e qual Estrat\u00e9gia adotar!","description":"Nada de TRFs TRTs e TREs: neste evento voc\u00ea vai saber o que fazer e qual estrat\u00e9gia adotar enquanto n\u00e3o sai editais deste \u00f3rg\u00e3os.","robots":{"index":"index","follow":"follow","max-snippet":"max-snippet:-1","max-image-preview":"max-image-preview:large","max-video-preview":"max-video-preview:-1"},"canonical":"https:\/\/www.estrategiaconcursos.com.br\/blog\/nada-de-trfs-trts-e-tres-saiba-o-que-fazer-e-qual-estrategia-adotar\/","og_locale":"pt_BR","og_type":"article","og_title":"Nada de TRFs TRTs e TREs: saiba o que fazer e qual Estrat\u00e9gia adotar!","og_description":"Nada de TRFs TRTs e TREs: neste evento voc\u00ea vai saber o que fazer e qual estrat\u00e9gia adotar enquanto n\u00e3o sai editais deste \u00f3rg\u00e3os.","og_url":"https:\/\/www.estrategiaconcursos.com.br\/blog\/nada-de-trfs-trts-e-tres-saiba-o-que-fazer-e-qual-estrategia-adotar\/","og_site_name":"Estrat\u00e9gia Concursos","article_author":"https:\/\/www.facebook.com\/igor.maciel.1420","article_published_time":"2020-09-23T19:00:51+00:00","og_image":[{"width":400,"height":208,"url":"https:\/\/dhg1h5j42swfq.cloudfront.net\/2020\/06\/03104052\/concursos-tribunais.png","type":"image\/png"}],"author":"Igor Maciel","twitter_card":"summary_large_image","twitter_creator":"@EstratConcursos","twitter_site":"@EstratConcursos","twitter_misc":{"Escrito por":"Igor Maciel","Est. tempo de leitura":"5 minutos"},"schema":{"@context":"https:\/\/schema.org","@graph":[{"@type":"NewsArticle","@id":"https:\/\/www.estrategiaconcursos.com.br\/blog\/nada-de-trfs-trts-e-tres-saiba-o-que-fazer-e-qual-estrategia-adotar\/#article","isPartOf":{"@id":"https:\/\/www.estrategiaconcursos.com.br\/blog\/nada-de-trfs-trts-e-tres-saiba-o-que-fazer-e-qual-estrategia-adotar\/"},"author":{"name":"Igor Maciel","@id":"https:\/\/www.estrategiaconcursos.com.br\/blog\/#\/schema\/person\/024d26d5efb06d95dfc04025d7301591"},"headline":"Nada de TRFs TRTs e TREs: saiba o que fazer e qual Estrat\u00e9gia adotar!","datePublished":"2020-09-23T19:00:51+00:00","mainEntityOfPage":{"@id":"https:\/\/www.estrategiaconcursos.com.br\/blog\/nada-de-trfs-trts-e-tres-saiba-o-que-fazer-e-qual-estrategia-adotar\/"},"wordCount":1041,"commentCount":0,"publisher":{"@id":"https:\/\/www.estrategiaconcursos.com.br\/blog\/#organization"},"image":{"@id":"https:\/\/www.estrategiaconcursos.com.br\/blog\/nada-de-trfs-trts-e-tres-saiba-o-que-fazer-e-qual-estrategia-adotar\/#primaryimage"},"thumbnailUrl":"https:\/\/dhg1h5j42swfq.cloudfront.net\/2020\/06\/03104052\/concursos-tribunais.png","articleSection":["Concursos P\u00fablicos","Tribunais"],"inLanguage":"pt-BR","potentialAction":[{"@type":"CommentAction","name":"Comment","target":["https:\/\/www.estrategiaconcursos.com.br\/blog\/nada-de-trfs-trts-e-tres-saiba-o-que-fazer-e-qual-estrategia-adotar\/#respond"]}],"copyrightYear":"2020","copyrightHolder":{"@id":"https:\/\/www.estrategiaconcursos.com.br\/blog\/#organization"}},{"@type":"WebPage","@id":"https:\/\/www.estrategiaconcursos.com.br\/blog\/nada-de-trfs-trts-e-tres-saiba-o-que-fazer-e-qual-estrategia-adotar\/","url":"https:\/\/www.estrategiaconcursos.com.br\/blog\/nada-de-trfs-trts-e-tres-saiba-o-que-fazer-e-qual-estrategia-adotar\/","name":"Nada de TRFs TRTs e TREs: saiba o que fazer e qual Estrat\u00e9gia adotar!","isPartOf":{"@id":"https:\/\/www.estrategiaconcursos.com.br\/blog\/#website"},"primaryImageOfPage":{"@id":"https:\/\/www.estrategiaconcursos.com.br\/blog\/nada-de-trfs-trts-e-tres-saiba-o-que-fazer-e-qual-estrategia-adotar\/#primaryimage"},"image":{"@id":"https:\/\/www.estrategiaconcursos.com.br\/blog\/nada-de-trfs-trts-e-tres-saiba-o-que-fazer-e-qual-estrategia-adotar\/#primaryimage"},"thumbnailUrl":"https:\/\/dhg1h5j42swfq.cloudfront.net\/2020\/06\/03104052\/concursos-tribunais.png","datePublished":"2020-09-23T19:00:51+00:00","description":"Nada de TRFs TRTs e TREs: neste evento voc\u00ea vai saber o que fazer e qual estrat\u00e9gia adotar enquanto n\u00e3o sai editais deste \u00f3rg\u00e3os.","breadcrumb":{"@id":"https:\/\/www.estrategiaconcursos.com.br\/blog\/nada-de-trfs-trts-e-tres-saiba-o-que-fazer-e-qual-estrategia-adotar\/#breadcrumb"},"inLanguage":"pt-BR","potentialAction":[{"@type":"ReadAction","target":["https:\/\/www.estrategiaconcursos.com.br\/blog\/nada-de-trfs-trts-e-tres-saiba-o-que-fazer-e-qual-estrategia-adotar\/"]}]},{"@type":"ImageObject","inLanguage":"pt-BR","@id":"https:\/\/www.estrategiaconcursos.com.br\/blog\/nada-de-trfs-trts-e-tres-saiba-o-que-fazer-e-qual-estrategia-adotar\/#primaryimage","url":"https:\/\/dhg1h5j42swfq.cloudfront.net\/2020\/06\/03104052\/concursos-tribunais.png","contentUrl":"https:\/\/dhg1h5j42swfq.cloudfront.net\/2020\/06\/03104052\/concursos-tribunais.png","width":400,"height":208,"caption":"concursos da \u00e1rea de tribunais"},{"@type":"BreadcrumbList","@id":"https:\/\/www.estrategiaconcursos.com.br\/blog\/nada-de-trfs-trts-e-tres-saiba-o-que-fazer-e-qual-estrategia-adotar\/#breadcrumb","itemListElement":[{"@type":"ListItem","position":1,"name":"In\u00edcio","item":"https:\/\/www.estrategiaconcursos.com.br\/blog\/"},{"@type":"ListItem","position":2,"name":"Nada de TRFs TRTs e TREs: saiba o que fazer e qual Estrat\u00e9gia adotar!"}]},{"@type":"WebSite","@id":"https:\/\/www.estrategiaconcursos.com.br\/blog\/#website","url":"https:\/\/www.estrategiaconcursos.com.br\/blog\/","name":"Estrat\u00e9gia Concursos","description":"O blog da Estrat\u00e9gia Concursos traz not\u00edcias sobre concursos e artigos de professores oferecendo cursos para concursos (pdf + videaulas) no site.","publisher":{"@id":"https:\/\/www.estrategiaconcursos.com.br\/blog\/#organization"},"potentialAction":[{"@type":"SearchAction","target":{"@type":"EntryPoint","urlTemplate":"https:\/\/www.estrategiaconcursos.com.br\/blog\/?s={search_term_string}"},"query-input":{"@type":"PropertyValueSpecification","valueRequired":true,"valueName":"search_term_string"}}],"inLanguage":"pt-BR"},{"@type":"Organization","@id":"https:\/\/www.estrategiaconcursos.com.br\/blog\/#organization","name":"Estrat\u00e9gia Concursos","url":"https:\/\/www.estrategiaconcursos.com.br\/blog\/","logo":{"@type":"ImageObject","inLanguage":"pt-BR","@id":"https:\/\/www.estrategiaconcursos.com.br\/blog\/#\/schema\/logo\/image\/","url":"https:\/\/dhg1h5j42swfq.cloudfront.net\/2025\/06\/03203428\/logo_concursos-1.jpg","contentUrl":"https:\/\/dhg1h5j42swfq.cloudfront.net\/2025\/06\/03203428\/logo_concursos-1.jpg","width":230,"height":60,"caption":"Estrat\u00e9gia Concursos"},"image":{"@id":"https:\/\/www.estrategiaconcursos.com.br\/blog\/#\/schema\/logo\/image\/"},"sameAs":["https:\/\/x.com\/EstratConcursos"]},{"@type":"Person","@id":"https:\/\/www.estrategiaconcursos.com.br\/blog\/#\/schema\/person\/024d26d5efb06d95dfc04025d7301591","name":"Igor Maciel","image":{"@type":"ImageObject","inLanguage":"pt-BR","@id":"https:\/\/secure.gravatar.com\/avatar\/e983a676af6facf4aebcb2989d49e3bf61b718712d5e7a4b3f355b7fe651bc2f?s=96&d=mm&r=g","url":"https:\/\/secure.gravatar.com\/avatar\/e983a676af6facf4aebcb2989d49e3bf61b718712d5e7a4b3f355b7fe651bc2f?s=96&d=mm&r=g","contentUrl":"https:\/\/secure.gravatar.com\/avatar\/e983a676af6facf4aebcb2989d49e3bf61b718712d5e7a4b3f355b7fe651bc2f?s=96&d=mm&r=g","caption":"Igor Maciel"},"description":"Graduado na Universidade Federal de Pernambuco, com extens\u00e3o na Universidade de Coimbra\/Portugal. Especialista LLM em Direito Corporativo pelo IBMEC\/RJ. Mestrando em Direito e Pol\u00edticas P\u00fablicas pelo UNICEUB\/DF. Advogado com atua\u00e7\u00e3o profissional centrada no Direito Tribut\u00e1rio e no Direito Administrativo, especialmente na defesa de servidores p\u00fablicos.","sameAs":["http:\/\/www.imaciel.com.br","https:\/\/www.facebook.com\/igor.maciel.1420"],"url":"https:\/\/www.estrategiaconcursos.com.br\/blog\/author\/contatoimaciel-com-br\/"}]}},"_links":{"self":[{"href":"https:\/\/www.estrategiaconcursos.com.br\/blog\/wp-json\/wp\/v2\/posts\/573743","targetHints":{"allow":["GET"]}}],"collection":[{"href":"https:\/\/www.estrategiaconcursos.com.br\/blog\/wp-json\/wp\/v2\/posts"}],"about":[{"href":"https:\/\/www.estrategiaconcursos.com.br\/blog\/wp-json\/wp\/v2\/types\/post"}],"author":[{"embeddable":true,"href":"https:\/\/www.estrategiaconcursos.com.br\/blog\/wp-json\/wp\/v2\/users\/317"}],"replies":[{"embeddable":true,"href":"https:\/\/www.estrategiaconcursos.com.br\/blog\/wp-json\/wp\/v2\/comments?post=573743"}],"version-history":[{"count":10,"href":"https:\/\/www.estrategiaconcursos.com.br\/blog\/wp-json\/wp\/v2\/posts\/573743\/revisions"}],"predecessor-version":[{"id":573804,"href":"https:\/\/www.estrategiaconcursos.com.br\/blog\/wp-json\/wp\/v2\/posts\/573743\/revisions\/573804"}],"wp:featuredmedia":[{"embeddable":true,"href":"https:\/\/www.estrategiaconcursos.com.br\/blog\/wp-json\/wp\/v2\/media\/521910"}],"wp:attachment":[{"href":"https:\/\/www.estrategiaconcursos.com.br\/blog\/wp-json\/wp\/v2\/media?parent=573743"}],"wp:term":[{"taxonomy":"category","embeddable":true,"href":"https:\/\/www.estrategiaconcursos.com.br\/blog\/wp-json\/wp\/v2\/categories?post=573743"},{"taxonomy":"post_tag","embeddable":true,"href":"https:\/\/www.estrategiaconcursos.com.br\/blog\/wp-json\/wp\/v2\/tags?post=573743"},{"taxonomy":"tax_estado","embeddable":true,"href":"https:\/\/www.estrategiaconcursos.com.br\/blog\/wp-json\/wp\/v2\/tax_estado?post=573743"}],"curies":[{"name":"wp","href":"https:\/\/api.w.org\/{rel}","templated":true}]}}