{"id":573293,"date":"2020-10-05T19:23:47","date_gmt":"2020-10-05T22:23:47","guid":{"rendered":"https:\/\/www.estrategiaconcursos.com.br\/blog\/?p=573293"},"modified":"2023-07-06T10:33:25","modified_gmt":"2023-07-06T13:33:25","slug":"resumo-de-empresa-empresario-estabelecimento-e-trespasse-em-direito-empresarial","status":"publish","type":"post","link":"https:\/\/www.estrategiaconcursos.com.br\/blog\/resumo-de-empresa-empresario-estabelecimento-e-trespasse-em-direito-empresarial\/","title":{"rendered":"Resumo de Empresa, Empres\u00e1rio,  Estabelecimento e Trespasse em Direito Empresarial"},"content":{"rendered":"\n<p><em>Saiba os principais conceitos de Empresa, Empres\u00e1rio, Estabelecimento e Trespasse em Direito Empresarial<\/em><\/p>\n\n\n\n<p>Ol\u00e1, caros estrategistas! Tudo certo?<\/p>\n\n\n\n<p>O presente artigo tratar\u00e1 resumidamente sobre temas iniciais e fundamentais da mat\u00e9ria de Direito Empresarial e que costumam ser cobrados com grande frequ\u00eancia em concursos em que a mat\u00e9ria \u00e9 exigida.<\/p>\n\n\n\n<p>Seremos sucintos e objetivos, nos atendo aos principais pontos dos assuntos aqui citados, a ideia \u00e9 auxili\u00e1-los com mais uma ferramenta pr\u00e1tica e complementar de estudo.<\/p>\n\n\n\n<h2 class=\"wp-block-heading\" id=\"h-direito-empresarial\"><strong>Direito Empresarial<\/strong><strong><\/strong><\/h2>\n\n\n\n<figure class=\"wp-block-image size-large is-resized\"><img loading=\"lazy\" decoding=\"async\" src=\"https:\/\/dhg1h5j42swfq.cloudfront.net\/2020\/09\/16215020\/handshake.jpg\" alt=\"Direito Empresarial\" class=\"wp-image-573305\" width=\"592\" height=\"394\" srcset=\"https:\/\/dhg1h5j42swfq.cloudfront.net\/2020\/09\/16215020\/handshake.jpg 640w, https:\/\/dhg1h5j42swfq.cloudfront.net\/2020\/09\/16215020\/handshake-300x200.jpg 300w, https:\/\/dhg1h5j42swfq.cloudfront.net\/2020\/09\/16215020\/handshake-610x407.jpg 610w\" sizes=\"auto, (max-width: 592px) 100vw, 592px\" \/><figcaption class=\"wp-element-caption\">Direito Empresarial (Comercial)<\/figcaption><\/figure>\n\n\n\n<p><strong>O Direito Empresarial<\/strong>, tamb\u00e9m conhecido como Direito Comercial, \u00e9 um ramo do direito privado que trata do exerc\u00edcio da atividade econ\u00f4mica e de seus agentes produtivos, atrav\u00e9s de um conjunto de normas disciplinares que regulamentam as atividades comerciais.<\/p>\n\n\n\n<p>O Direito Empresarial \u00e9 aut\u00f4nomo, suas fontes est\u00e3o elencadas em uma s\u00e9rie de legisla\u00e7\u00f5es esparsas, como leis, regulamentos, tratados internacionais, al\u00e9m de usos, costumes e princ\u00edpios gerais do direito. &nbsp;<\/p>\n\n\n\n<p>No Brasil, o novo <a href=\"http:\/\/www.planalto.gov.br\/ccivil_03\/leis\/2002\/l10406compilada.htm\" target=\"_blank\" rel=\"noreferrer noopener\">C\u00f3digo Civil (lei 10.406\/2002)<\/a> estabeleceu a principais fontes do direito civil e comercial, unificando-as em um \u00fanico diploma legal. Substituiu a <strong>teoria dos atos de com\u00e9rcio (de matriz francesa)<\/strong> pela <strong>TEORIA DA EMPRESA (de matriz italiana)<\/strong>, caracterizando a atividade comercial pela <strong>organiza\u00e7\u00e3o das atividades<\/strong> desenvolvidas e n\u00e3o mais por uma lista de atividades espec\u00edficas.<\/p>\n\n\n\n<h2 class=\"wp-block-heading\" id=\"h-empresario\">Empres\u00e1rio<\/h2>\n\n\n\n<p>O conceito de empres\u00e1rio est\u00e1 elencado no C\u00f3digo Civil e assim \u00e9 definido:<\/p>\n\n\n\n<p><em>Art. 966. Considera-se empres\u00e1rio <strong><span class=\"has-inline-color has-vivid-cyan-blue-color\">QUEM EXERCE PROFISSIONALMENTE ATIVIDADE ECON\u00d4MICA ORGANIZADA<\/span><\/strong> para a produ\u00e7\u00e3o ou a circula\u00e7\u00e3o de bens ou de servi\u00e7os.<\/em><\/p>\n\n\n\n<p><em>Par\u00e1grafo \u00fanico. <span class=\"has-inline-color has-vivid-red-color\"><strong>N\u00c3O se considera empres\u00e1rio <\/strong><\/span><span class=\"has-inline-color has-black-color\">quem exerce<\/span><span class=\"has-inline-color has-vivid-red-color\"><strong> profiss\u00e3o intelectual, de natureza cient\u00edfica, liter\u00e1ria ou art\u00edstica,<\/strong> <strong>AINDA<\/strong><\/span><strong> <\/strong>com o concurso de auxiliares ou colaboradores, <strong><span class=\"has-inline-color has-vivid-red-color\">SALVO<\/span><\/strong> se o exerc\u00edcio da profiss\u00e3o constituir <strong><span class=\"has-inline-color has-vivid-purple-color\">elemento de empresa<\/span>.<\/strong><\/em><\/p>\n\n\n\n<p>S\u00e3o considerados <strong><span class=\"has-inline-color has-vivid-purple-color\">elementos de empresa<\/span><\/strong>, as atividades que visam ao lucro atrav\u00e9s da forma\u00e7\u00e3o organizada dos 4 fatores de produ\u00e7\u00e3o<strong>:<span class=\"has-inline-color has-vivid-purple-color\"> capital, m\u00e3o-de-obra, insumos (mat\u00e9ria-prima) e tecnologia<\/span>.<\/strong><\/p>\n\n\n\n<h3 class=\"wp-block-heading\" id=\"h-requisitos\"><code>Requisitos<\/code><\/h3>\n\n\n\n<p>Desse modo, para se enquadrar como empres\u00e1rio, s\u00e3o necess\u00e1rios os seguintes requisitos:<\/p>\n\n\n\n<ul class=\"wp-block-list\">\n<li><strong><span class=\"has-inline-color has-vivid-green-cyan-color\">Atividade econ\u00f4mica<\/span><\/strong> (visa o lucro e assume os riscos da produ\u00e7\u00e3o, atividades sem fins lucrativos <strong>n\u00e3o <\/strong>se enquadram como empres\u00e1rias)<\/li>\n\n\n\n<li><strong><span class=\"has-inline-color has-vivid-green-cyan-color\">Profissionalidade<\/span> <\/strong>(habitualidade).<\/li>\n\n\n\n<li><strong><span class=\"has-inline-color has-vivid-green-cyan-color\">Organiza\u00e7\u00e3o <\/span><\/strong>(fatores de produ\u00e7\u00e3o).<\/li>\n<\/ul>\n\n\n\n<h3 class=\"wp-block-heading\" id=\"h-excecoes-ao-regime-empresarial\">Exce\u00e7\u00f5es ao regime empresarial<\/h3>\n\n\n\n<p>As <strong>exce\u00e7\u00f5es<\/strong> ao enquadramento como empres\u00e1rio s\u00e3o:<\/p>\n\n\n\n<ul class=\"wp-block-list\">\n<li><mark style=\"background-color:rgba(0, 0, 0, 0)\" class=\"has-inline-color has-luminous-vivid-orange-color\"><strong>profiss\u00f5es intelectuais de natureza cient\u00edfica, liter\u00e1ria<\/strong> <strong>e art\u00edstica<\/strong>: <\/mark>ainda que com auxiliares, salvo se constituir elemento de empresa, ou seja, se houver organiza\u00e7\u00e3o de fatores de produ\u00e7\u00e3o.<\/li>\n\n\n\n<li><mark style=\"background-color:rgba(0, 0, 0, 0)\" class=\"has-inline-color has-luminous-vivid-orange-color\"><strong>Sociedades de Advogados<\/strong>:<\/mark> s\u00e3o sociedades simples por for\u00e7a de lei, todos os s\u00f3cios respondem solid\u00e1ria e ilimitadamente, registrando-se na OAB.<\/li>\n\n\n\n<li><strong><span class=\"has-inline-color has-luminous-vivid-orange-color\">Cooperativas:<\/span><\/strong> s\u00e3o sempre sociedades simples, independentemente de seu objeto. Contudo, s\u00e3o obrigadas a se registrar no Registro P\u00fablico de Empresas Mercantis, como toda sociedade empres\u00e1ria.<\/li>\n\n\n\n<li><strong><span class=\"has-inline-color has-luminous-vivid-orange-color\">Rurais:<\/span> <\/strong>via de regra, s\u00e3o registrados no <strong>Registro Civil das Pessoas Jur\u00eddicas (RCPJ), <\/strong>mas possuem a faculdade de se registrar no <strong>Registro p\u00fablico de Empresas Mercantis<\/strong>. Se realizada esta inscri\u00e7\u00e3o, ser\u00e3o <strong>equiparadas para todos os efeitos ao empres\u00e1rio <\/strong>sujeito a registro.<\/li>\n<\/ul>\n\n\n\n<p>O C\u00f3digo civil prev\u00ea a possibilidade de enquadramento da atividade <strong>Rural <\/strong>no regime empresarial, a partir do registro no <strong>Registro P\u00fablico de Empresas Mercantis (RPEM):<\/strong><\/p>\n\n\n\n<p><em>Art. 971 do CC: O empres\u00e1rio, cuja atividade rural constitua sua principal profiss\u00e3o, pode, observadas as formalidades de que tratam o art. 968 e seus par\u00e1grafos, requerer inscri\u00e7\u00e3o no Registro P\u00fablico de Empresas Mercantis da respectiva sede, caso em que, depois de inscrito, ficar\u00e1 equiparado, para todos os efeitos, ao empres\u00e1rio sujeito a registro.<\/em><\/p>\n\n\n\n<h3 class=\"wp-block-heading\" id=\"h-classificacao-de-empresario\">Classifica\u00e7\u00e3o de Empres\u00e1rio<\/h3>\n\n\n\n<p>O Empres\u00e1rio \u00e9 o sujeito de direito que organiza a atividade econ\u00f4mica e exerce a empresa, pode ser classificado como<span class=\"has-inline-color has-vivid-red-color\"> <\/span><strong><span class=\"has-inline-color has-vivid-cyan-blue-color\">Empres\u00e1rio INDIVIDUAL (Pessoa F\u00edsica<\/span><span class=\"has-inline-color has-pale-pink-color\">)<\/span><\/strong><span style=\"color:#2eaf11\" class=\"has-inline-color\"> <\/span>ou <span class=\"has-inline-color has-vivid-green-cyan-color\"><strong>SOCIEDADE empres\u00e1ria (Pessoa Jur\u00eddica)<\/strong>.<\/span><\/p>\n\n\n\n<h3 class=\"wp-block-heading\" id=\"h-empresario-individual\">Empres\u00e1rio Individual<\/h3>\n\n\n\n<p>O<strong><span class=\"has-inline-color has-vivid-cyan-blue-color\"> Empres\u00e1rio Individual<\/span><\/strong> \u00e9 <strong>pessoa f\u00edsica<\/strong>, possui responsabilidade <strong>direta<\/strong> e <strong>ilimitada, <\/strong>apesar de n\u00e3o adquirir personalidade jur\u00eddica. Ainda assim \u00e9 obrigado ao registro no RPEM e \u00e0 inscri\u00e7\u00e3o no Cadastro Nacional de Pessoas Jur\u00eddicas (CNPJ). <\/p>\n\n\n\n<p>Nessa modalidade empresarial, existe a confus\u00e3o entre os bens particulares e os bens da empresa, respondendo o empres\u00e1rio, pelas obriga\u00e7\u00f5es com seus pr\u00f3prios bens, com exce\u00e7\u00e3o dos bens de fam\u00edlia.<\/p>\n\n\n\n<p><strong><span class=\"has-inline-color has-vivid-red-color\">ATEN\u00c7\u00c3O!<\/span><\/strong> N\u00e3o confunda <strong>empres\u00e1rio INDIVIDUAL<\/strong> com a Empresa Individual de Responsabilidade Limitada (EIRELI). Apesar deste ter personalidade jur\u00eddica, tamb\u00e9m \u00e9 distinto da Sociedade empres\u00e1ria, sendo, portanto, um novo ente. <\/p>\n\n\n\n<p>Outro ponto que n\u00e3o pode ser confundido \u00e9 a figura do s\u00f3cio e a do empres\u00e1rio. No caso, este corresponde \u00e0 pr\u00f3pria sociedade empres\u00e1ria, possui personalidade pr\u00f3pria, enquanto que o s\u00f3cio \u00e9 a denomina\u00e7\u00e3o de cada parte do contrato da sociedade empres\u00e1ria.<\/p>\n\n\n\n<h3 class=\"wp-block-heading\" id=\"h-sociedade-empresaria\">Sociedade Empres\u00e1ria<\/h3>\n\n\n\n<p>A <strong><span class=\"has-inline-color has-vivid-green-cyan-color\">Sociedade Empres\u00e1ria<\/span><\/strong> \u00e9 a <strong>pessoa jur\u00eddica<\/strong>, formada por duas ou mais pessoas que exercem atividade econ\u00f4mica organizada para a produ\u00e7\u00e3o ou circula\u00e7\u00e3o de bens e servi\u00e7os. <\/p>\n\n\n\n<p>O C\u00f3digo Civil a definiu em seus artigos 981 e 982, e por exclus\u00e3o, tamb\u00e9m o conceito de sociedade simples:<\/p>\n\n\n\n<p><em>Art. 981. Celebram contrato de sociedade as pessoas que reciprocamente se obrigam a contribuir, com bens ou servi\u00e7os, para o exerc\u00edcio de atividade econ\u00f4mica e a partilha, entre si, dos resultados.<\/em><\/p>\n\n\n\n<p><em>Art. 982. Salvo as exce\u00e7\u00f5es expressas, considera-se empres\u00e1ria a sociedade que tem por objeto o exerc\u00edcio de atividade pr\u00f3pria de empres\u00e1rio sujeito a registro (art. 967); e, simples, as demais. &nbsp;<\/em><\/p>\n\n\n\n<p>Quanto \u00e0 <strong><span class=\"has-inline-color has-vivid-purple-color\">responsabilidade dos s\u00f3cios<\/span> <\/strong>perante as obriga\u00e7\u00f5es sociais da sociedade empres\u00e1ria, esta ir\u00e1 depender do tipo societ\u00e1rio espec\u00edfico, podendo ser: &nbsp;<span class=\"has-inline-color has-vivid-purple-color\"><strong>limitada, ilimitada ou mista<\/strong>.<\/span> <\/p>\n\n\n\n<p>Vale ressaltar que as bancas costumam se aprofundar, cobrando as particularidades de responsabilidade dos s\u00f3cios para cada tipo societ\u00e1rio, assunto que abordaremos com maiores detalhes no pr\u00f3ximo artigo.<\/p>\n\n\n\n<p>Como regra geral, na omiss\u00e3o do tipo societ\u00e1rio, a responsabilidade da sociedade empres\u00e1ria pode ser considerada<strong> ilimitada, <\/strong>sendo que os s\u00f3cios possuem<strong> responsabilidade<\/strong> <strong>subsidi\u00e1ria<\/strong> pelas obriga\u00e7\u00f5es. Ocorre o benef\u00edcio de ordem, onde devem ser executados os bens sociais previamente aos particulares, conforme disposto para as Sociedades Simples:<\/p>\n\n\n\n<p><em>Art. 1.024. Os bens particulares dos s\u00f3cios n\u00e3o podem ser executados por d\u00edvidas da sociedade, sen\u00e3o depois de executados os bens sociais.<\/em><\/p>\n\n\n\n<h2 class=\"wp-block-heading\" id=\"h-empresa\">Empresa<\/h2>\n\n\n\n<p>O conceito de empresa n\u00e3o consta expressamente no C\u00f3digo Civil, mas esta pode ser considerada como a <strong>ATIVIDADE econ\u00f4mica organizada<\/strong> para produ\u00e7\u00e3o ou circula\u00e7\u00e3o de bens ou servi\u00e7os. <\/p>\n\n\n\n<p>Dessa forma, a empresa \u00e9 a atividade exercida pelo empres\u00e1rio e n\u00e3o se confunde com empres\u00e1rio individual ou sociedade empres\u00e1ria, tampouco com o local do estabelecimento. A empresa \u00e9, portanto, a atividade em si desenvolvida.<\/p>\n\n\n\n<h2 class=\"wp-block-heading\" id=\"h-registro\">Registro<\/h2>\n\n\n\n<p>O registro no<strong> <span class=\"has-inline-color has-vivid-green-cyan-color\">Registro P\u00fablico de Empresas Mercantis<\/span>, <\/strong>a cargo das Juntas Comerciais, \u00e9 uma <span class=\"has-inline-color has-vivid-green-cyan-color\"><strong>obriga\u00e7\u00e3o legal a todos os<\/strong> <strong>empres\u00e1rios (empres\u00e1rio individual e sociedade empres\u00e1ria)<\/strong> <strong>ANTES<\/strong><\/span> do in\u00edcio da atividade.<\/p>\n\n\n\n<p>Aquele que n\u00e3o se registrar, n\u00e3o deixa de ser considerado como empres\u00e1rio, por\u00e9m se encontrar\u00e1 em situa\u00e7\u00e3o irregular. J\u00e1 as sociedades simples, s\u00e3o registradas no <strong><span class=\"has-inline-color has-luminous-vivid-orange-color\">Registro Civil das Pessoas Jur\u00eddicas (RCPJ).<\/span><\/strong><\/p>\n\n\n\n<p>O registro possui natureza<strong> <span class=\"has-inline-color has-vivid-cyan-blue-color\">declarat\u00f3ria<\/span><\/strong>, n\u00e3o constitui a condi\u00e7\u00e3o de empres\u00e1rio, exceto para os rurais. \u00c9 preciso ficar atento, pois as bancas costumam pegar os candidatos afirmando que a sociedade s\u00f3 passa a existir a partir do registro, o que n\u00e3o \u00e9 verdade, pois o registro apenas declara a exist\u00eancia da personalidade jur\u00eddica. <\/p>\n\n\n\n<p><em>Art. 967. \u00c9 obrigat\u00f3ria a inscri\u00e7\u00e3o do <strong>empres\u00e1rio <\/strong>no Registro P\u00fablico de Empresas Mercantis da respectiva sede, antes do in\u00edcio de sua atividade.<\/em><\/p>\n\n\n\n<p>O registro deve ser providenciado pela pessoa obrigada em lei, contudo, no caso de demora ou omiss\u00e3o, pode ser realizado por s\u00f3cio ou qualquer interessado, respondendo a pessoa obrigada por perdas e danos. <\/p>\n\n\n\n<p>A partir da lavratura dos atos constitutivos, h\u00e1 o prazo de 30 dias para apresenta\u00e7\u00e3o dos documentos para registro, caso o requerimento seja realizado fora do prazo, o registro s\u00f3 produzir\u00e1 efeitos a partir da data de sua concess\u00e3o.<\/p>\n\n\n\n<h2 class=\"wp-block-heading\" id=\"h-estabelecimento\">Estabelecimento<\/h2>\n\n\n\n<p>O estabelecimento integra o patrim\u00f4nio da sociedade, \u00e9 o conjunto de bens tang\u00edveis e intang\u00edveis, organizados para a explora\u00e7\u00e3o da empresa, o fundo de com\u00e9rcio, segundo a doutrina, \u00e9 sin\u00f4nimo de estabelecimento. O C\u00f3digo Civil assim o define:<\/p>\n\n\n\n<p><em>Art. 1.142. Considera-se <strong><span class=\"has-inline-color has-vivid-cyan-blue-color\">estabelecimento <\/span><\/strong>todo <strong><span class=\"has-inline-color has-vivid-cyan-blue-color\">COMPLEXO DE BENS ORGANIZADO<\/span><\/strong>, para exerc\u00edcio da empresa, por empres\u00e1rio, ou por sociedade empres\u00e1ria.<\/em><\/p>\n\n\n\n<p>A doutrina <strong>majorit\u00e1ria <\/strong>considera o estabelecimento comercial como uma <strong><span class=\"has-inline-color has-vivid-purple-color\">universalidade de fato<\/span><\/strong>, j\u00e1 que o complexo de bens, <strong><span class=\"has-inline-color has-vivid-green-cyan-color\">c<\/span><\/strong><span class=\"has-inline-color has-vivid-green-cyan-color\"><strong>orp\u00f3reos<\/strong> (im\u00f3veis, m\u00e1quinas, equipamentos, ve\u00edculos, mercadorias, ve\u00edculos, etc.)<\/span> e <span class=\"has-inline-color has-luminous-vivid-amber-color\"><strong>incorp\u00f3reos<\/strong> (ponto comercial, marcas, patentes, t\u00edtulo do estabelecimento, etc.)<\/span>, decorre da vontade do empres\u00e1rio ou da sociedade empres\u00e1ria e n\u00e3o em virtude de disposi\u00e7\u00e3o legal, como ocorre na universalidade de direito, por exemplo, no caso de esp\u00f3lio e massa falida.<\/p>\n\n\n\n<p>\u00c9 importante ter em mente que o estabelecimento n\u00e3o \u00e9 dotado de personalidade jur\u00eddica pr\u00f3pria, por isso, n\u00e3o pode ser sujeito de direito, mas pode ser <strong>OBJETO<\/strong> de direitos e de neg\u00f3cios jur\u00eddicos, conforme o CC:<\/p>\n\n\n\n<p><em>Art. 1.143. Pode o estabelecimento ser objeto unit\u00e1rio de direitos e de neg\u00f3cios jur\u00eddicos, translativos ou constitutivos, que sejam compat\u00edveis com a sua natureza.<\/em><em><\/em><\/p>\n\n\n\n<p>Ademais, o <strong><span class=\"has-inline-color has-vivid-red-color\">aviamento e a clientela <\/span>N\u00c3O <\/strong>s\u00e3o elementos que integram o complexo de bens do estabelecimento (n\u00e3o s\u00e3o bens materiais, nem imateriais), s\u00e3o considerados<strong> <span class=\"has-inline-color has-luminous-vivid-orange-color\">ATRIBUTOS <\/span><\/strong>de qualidade deste. <\/p>\n\n\n\n<p>O <strong><span class=\"has-inline-color has-vivid-red-color\">aviamento <\/span><\/strong>\u00e9 a capacidade que o estabelecimento tem de gerar lucros no exerc\u00edcio da atividade empresarial. Pode ser <strong>aviamento objetivo<\/strong>, quando esta capacidade resultar de condi\u00e7\u00f5es objetivas, como a localiza\u00e7\u00e3o do ponto. E <strong>aviamento subjetivo<\/strong>, quando resultar de qualidades pessoais do titular da empresa. &nbsp;<\/p>\n\n\n\n<p>Enquanto que a <strong><span class=\"has-inline-color has-vivid-red-color\">clientela <\/span><\/strong>\u00e9 o conjunto de consumidores que mant\u00eam rela\u00e7\u00f5es comerciais constantes, da mesma forma, n\u00e3o \u00e9 considerado um elemento incorp\u00f3reo, mas um <strong>atributo<\/strong> do estabelecimento.<\/p>\n\n\n\n<h3 class=\"wp-block-heading\" id=\"h-sucursal-filial-ou-agencia\">S<strong>ucursal, filial ou ag\u00eancia<\/strong><\/h3>\n\n\n\n<p>No caso de o empres\u00e1rio instituir <strong><span class=\"has-inline-color has-vivid-purple-color\">sucursal, filial ou ag\u00eancia<\/span><\/strong> em<strong> local diverso da jurisdi\u00e7\u00e3o do Registro P\u00fablico de Empresas Mercantis<\/strong>, este tamb\u00e9m deve fazer <strong>inscri\u00e7\u00e3o no RPEM do novo local<\/strong>, fazendo <strong>prova da inscri\u00e7\u00e3o do local de origem<\/strong>. Al\u00e9m disso, deve <strong>averbar<\/strong> <strong>a constitui\u00e7\u00e3o do estabelecimento secund\u00e1rio <\/strong>tamb\u00e9m no <strong>RPEM do local da sede<\/strong>:<\/p>\n\n\n\n<p><em>Art. 969. O empres\u00e1rio que instituir sucursal, filial ou ag\u00eancia, em lugar sujeito \u00e0 jurisdi\u00e7\u00e3o de outro Registro P\u00fablico de Empresas Mercantis, neste dever\u00e1 tamb\u00e9m inscrev\u00ea-la, com a prova da inscri\u00e7\u00e3o origin\u00e1ria.<\/em><em><\/em><\/p>\n\n\n\n<p><em>Par\u00e1grafo \u00fanico. Em qualquer caso, a constitui\u00e7\u00e3o do estabelecimento secund\u00e1rio dever\u00e1 ser averbada no Registro P\u00fablico de Empresas Mercantis da respectiva sede.<\/em><em><\/em><\/p>\n\n\n\n<h2 class=\"wp-block-heading\" id=\"h-trespasse\">Trespasse<\/h2>\n\n\n\n<p>O trespasse \u00e9 a <strong>aliena\u00e7\u00e3o <\/strong>da titularidade do estabelecimento empresarial, que deve respeitar algumas restri\u00e7\u00f5es impostas por lei, pois o estabelecimento serve como garantia aos credores.<\/p>\n\n\n\n<h3 class=\"wp-block-heading\" id=\"h-efeitos\"><mark style=\"background-color:rgba(0, 0, 0, 0)\" class=\"has-inline-color has-vivid-cyan-blue-color\">Efeitos<\/mark><\/h3>\n\n\n\n<p>A <strong>produ\u00e7\u00e3o de efeitos do trespasse frente a terceiros<\/strong>, somente produz efeitos ap\u00f3s a averba\u00e7\u00e3o \u00e0 margem da inscri\u00e7\u00e3o do empres\u00e1rio ou da sociedade empres\u00e1ria no RPEM, al\u00e9m da publica\u00e7\u00e3o na imprensa oficial:<\/p>\n\n\n\n<p><em>Art. 1.144. O contrato que tenha por objeto a aliena\u00e7\u00e3o, o usufruto ou arrendamento do estabelecimento, s\u00f3 produzir\u00e1 efeitos quanto a terceiros depois de averbado \u00e0 margem da inscri\u00e7\u00e3o do empres\u00e1rio, ou da sociedade empres\u00e1ria, no Registro P\u00fablico de Empresas Mercantis, e de publicado na imprensa oficial.<\/em><\/p>\n\n\n\n<h3 class=\"wp-block-heading\" id=\"h-eficacia\"><mark style=\"background-color:rgba(0, 0, 0, 0)\" class=\"has-inline-color has-vivid-cyan-blue-color\">Efic\u00e1cia<\/mark><\/h3>\n\n\n\n<p>Para a<strong> efic\u00e1cia da aliena\u00e7\u00e3o do estabelecimento<\/strong>, quando o alienante n\u00e3o possuir bens suficientes para solver seu passivo, depender\u00e1 do:<\/p>\n\n\n\n<ul class=\"wp-block-list\">\n<li><strong>Pagamento <\/strong>de todos os credores, ou;<\/li>\n\n\n\n<li><strong>Consentimento <\/strong>dos credores de modo <strong>expresso <\/strong>ou <strong>t\u00e1cito <\/strong>(30 dias ap\u00f3s sua notifica\u00e7\u00e3o).<\/li>\n<\/ul>\n\n\n\n<p>O consentimento <strong>t\u00e1cito <\/strong>da aliena\u00e7\u00e3o se configura quando o credor n\u00e3o se manifesta contrariamente no prazo de 30 dias do recebimento da notifica\u00e7\u00e3o.<\/p>\n\n\n\n<p><em>Art. 1.145. Se ao alienante n\u00e3o restarem bens suficientes para solver o seu passivo, a efic\u00e1cia da aliena\u00e7\u00e3o do estabelecimento depende do pagamento de todos os credores, ou do consentimento destes, de modo expresso ou t\u00e1cito, em trinta dias a partir de sua notifica\u00e7\u00e3o.<\/em><\/p>\n\n\n\n<h3 class=\"wp-block-heading\" id=\"h-debitos\"><mark style=\"background-color:rgba(0, 0, 0, 0)\" class=\"has-inline-color has-vivid-cyan-blue-color\">D\u00e9bitos<\/mark><\/h3>\n\n\n\n<p>Quanto \u00e0 <strong>responsabilidade pelos d\u00e9bitos<\/strong> anteriores \u00e0 transfer\u00eancia, os d\u00e9bitos regularmente contabilizados passam a ser devidos pelo adquirente, de forma que, o alienante (devedor prim\u00e1rio) responde de forma solid\u00e1ria pelo prazo de <span class=\"has-inline-color has-vivid-red-color\">1 ANO<\/span>, a contar:<\/p>\n\n\n\n<ul class=\"wp-block-list\">\n<li>A partir da <span class=\"has-inline-color has-vivid-red-color\"><strong>PUBLICA\u00c7\u00c3O<\/strong> <\/span>do trespasse, quanto aos cr\u00e9ditos <strong><span class=\"has-inline-color has-vivid-red-color\">VENCIDOS<\/span>.<\/strong><\/li>\n\n\n\n<li>A partir da <strong><span class=\"has-inline-color has-vivid-green-cyan-color\">DATA DO VENCIMENTO<\/span><\/strong>, quanto aos cr\u00e9ditos <strong><span class=\"has-inline-color has-vivid-green-cyan-color\">VINCENDOS<\/span>.<\/strong><\/li>\n<\/ul>\n\n\n\n<p><em>Art. 1.146. O adquirente do estabelecimento responde pelo pagamento dos d\u00e9bitos anteriores \u00e0 transfer\u00eancia, desde que regularmente contabilizados, continuando o devedor primitivo solidariamente obrigado pelo prazo de um ano, a partir, quanto aos cr\u00e9ditos vencidos, da publica\u00e7\u00e3o, e, quanto aos outros, da data do vencimento.<br \/><br \/>Par\u00e1grafo \u00fanico. No caso de arrendamento ou usufruto do estabelecimento, a proibi\u00e7\u00e3o prevista neste artigo persistir\u00e1 durante o prazo do contrato.<\/em><\/p>\n\n\n\n<h3 class=\"wp-block-heading\" id=\"h-obrigacoes-tributarias\"><mark style=\"background-color:rgba(0, 0, 0, 0)\" class=\"has-inline-color has-vivid-cyan-blue-color\">Obriga\u00e7\u00f5es Tribut\u00e1rias<\/mark><\/h3>\n\n\n\n<p>Quanto \u00e0s <strong>obriga\u00e7\u00f5es tribut\u00e1rias<\/strong>, o C\u00f3digo Tribut\u00e1rio Nacional prev\u00ea em seu art. 133, a responsabilidade integral ou subsidi\u00e1ria do adquirente que continuar a explora\u00e7\u00e3o do estabelecimento:<\/p>\n\n\n\n<ul class=\"wp-block-list\">\n<li>Caso o <strong>alienante<\/strong> <strong>cesse <\/strong>as suas atividades ou retome estas <strong>depois do prazo de 6 meses<\/strong>, a responsabilidade ser\u00e1 <strong>integral<\/strong> <strong>do adquirente.<\/strong><\/li>\n<\/ul>\n\n\n\n<ul class=\"wp-block-list\">\n<li>Se o <strong>alienante continuar explorando<\/strong> <strong>a<\/strong> <strong>atividade ou iniciar uma nova<\/strong>, <strong>dentro de 6 meses<\/strong> a partir da aliena\u00e7\u00e3o do estabelecimento, a responsabilidade ser\u00e1 <strong>subsidi\u00e1ria com o alienante<\/strong> (Cobran\u00e7a primeiro do Alienante e depois do adquirente).<\/li>\n<\/ul>\n\n\n\n<p><em>&nbsp;Art. 133. A pessoa natural ou jur\u00eddica de direito privado que adquirir de outra, por qualquer t\u00edtulo, fundo de com\u00e9rcio ou estabelecimento comercial, industrial ou profissional, e continuar a respectiva explora\u00e7\u00e3o, sob a mesma ou outra raz\u00e3o social ou sob firma ou nome individual, responde pelos tributos, relativos ao fundo ou estabelecimento adquirido, devidos at\u00e9 \u00e0 data do ato:<\/em><\/p>\n\n\n\n<p><em>&nbsp;&nbsp;&nbsp;&nbsp;&nbsp;&nbsp;&nbsp; I &#8211; integralmente, se o alienante cessar a explora\u00e7\u00e3o do com\u00e9rcio, ind\u00fastria ou atividade;<\/em><\/p>\n\n\n\n<p><em>&nbsp;&nbsp;&nbsp;&nbsp;&nbsp;&nbsp;&nbsp; II &#8211; subsidiariamente com o alienante, se este prosseguir na explora\u00e7\u00e3o ou iniciar dentro de seis meses a contar da data da aliena\u00e7\u00e3o, nova atividade no mesmo ou em outro ramo de com\u00e9rcio, ind\u00fastria ou profiss\u00e3o. <\/em><\/p>\n\n\n\n<h3 class=\"wp-block-heading\" id=\"h-concorrencia\"><mark style=\"background-color:rgba(0, 0, 0, 0)\" class=\"has-inline-color has-vivid-cyan-blue-color\">Concorr\u00eancia<\/mark><\/h3>\n\n\n\n<p>A fim de se coibir a <strong>concorr\u00eancia desleal<\/strong>, o art. 1.147 do C\u00f3digo Civil estabelece a <strong>Cl\u00e1usula de n\u00e3o restabelecimento<\/strong>, no qual fica proibido ao alienante realizar concorr\u00eancia com o adquirente, antes de decorridos cinco anos do trespasse.<\/p>\n\n\n\n<p>A<em>rt. 1.147. N\u00e3o havendo autoriza\u00e7\u00e3o expressa, o alienante do estabelecimento n\u00e3o pode fazer concorr\u00eancia ao adquirente, nos cinco anos subseq\u00fcentes \u00e0 transfer\u00eancia.<\/em><\/p>\n\n\n\n<h3 class=\"wp-block-heading\" id=\"h-exploracao\"><mark style=\"background-color:rgba(0, 0, 0, 0)\" class=\"has-inline-color has-vivid-cyan-blue-color\">Explora\u00e7\u00e3o<\/mark><\/h3>\n\n\n\n<p>Quanto aos <strong>contratos de explora\u00e7\u00e3o<\/strong> do estabelecimento, a transfer\u00eancia do estabelecimento tamb\u00e9m os transfere ao adquirente, quando simultaneamente:<\/p>\n\n\n\n<ul class=\"wp-block-list\">\n<li>N\u00e3o houver disposi\u00e7\u00e3o em contr\u00e1rio, e;<\/li>\n\n\n\n<li>Os contratos n\u00e3o tenham car\u00e1ter pessoal. &nbsp;&nbsp;&nbsp;<\/li>\n<\/ul>\n\n\n\n<p>Podem ainda os terceiros <strong>rescindir o contrato em 90 dias<\/strong>, caso haja justa causa, n\u00e3o havendo, nesse caso, responsabilidade do alienante:<\/p>\n\n\n\n<p><em>Art. 1.148. Salvo disposi\u00e7\u00e3o em contr\u00e1rio, a transfer\u00eancia importa a sub-roga\u00e7\u00e3o do adquirente nos contratos estipulados para explora\u00e7\u00e3o do estabelecimento, se n\u00e3o tiverem car\u00e1ter pessoal, podendo os terceiros rescindir o contrato em noventa dias a contar da publica\u00e7\u00e3o da transfer\u00eancia, se ocorrer justa causa, ressalvada, neste caso, a responsabilidade do alienante.<\/em><\/p>\n\n\n\n<h3 class=\"wp-block-heading\" id=\"h-creditos\"><mark style=\"background-color:rgba(0, 0, 0, 0)\" class=\"has-inline-color has-vivid-cyan-blue-color\">Cr\u00e9ditos<\/mark><\/h3>\n\n\n\n<p>Quanto aos <strong>cr\u00e9ditos <\/strong>referentes ao estabelecimento adquirido, ser\u00e3o transferidos seus direitos para o adquirente, desde a publica\u00e7\u00e3o. Contudo, caso o devedor, de boa-f\u00e9, proceda ao pagamento de seus d\u00e9bitos ao antigo credor, n\u00e3o ser\u00e1 devedor do adquirente, o qual dever\u00e1 cobrar do alienante, em a\u00e7\u00e3o regressiva, se for o caso.<\/p>\n\n\n\n<p><em>Art. 1.149. A cess\u00e3o dos cr\u00e9ditos referentes ao estabelecimento transferido produzir\u00e1 efeito em rela\u00e7\u00e3o aos respectivos devedores, desde o momento da publica\u00e7\u00e3o da transfer\u00eancia, mas o devedor ficar\u00e1 exonerado se de boa-f\u00e9 pagar ao cedente.<\/em><\/p>\n\n\n\n<h3 class=\"wp-block-heading\" id=\"h-outras-condicoes-da-alienacao\"><mark style=\"background-color:rgba(0, 0, 0, 0)\" class=\"has-inline-color has-vivid-cyan-blue-color\">Outras condi\u00e7\u00f5es<\/mark> <mark style=\"background-color:rgba(0, 0, 0, 0)\" class=\"has-inline-color has-vivid-cyan-blue-color\">da aliena\u00e7\u00e3o<\/mark><\/h3>\n\n\n\n<p>Outro artigo importante que vale mencionarmos \u00e9 o art. 978 do C\u00f3digo Civil, que possibilita ao empres\u00e1rio regularmente inscrito, <strong>alienar ou gravar de \u00f4nus real<\/strong> os im\u00f3veis incorporados ao patrim\u00f4nio da empresa <strong>sem outorga conjugal<\/strong>:<\/p>\n\n\n\n<p><em>Art. 978. O empres\u00e1rio casado pode, sem necessidade de outorga conjugal, qualquer que seja o regime de bens, alienar os im\u00f3veis que integrem o patrim\u00f4nio da empresa ou grav\u00e1-los de \u00f4nus real.<\/em><\/p>\n\n\n\n<p>Enquanto o estabelecimento pode ser alienado, o <strong>nome empresarial<\/strong>, em regra, n\u00e3o \u00e9 permitido:<\/p>\n\n\n\n<p><em>Art. 1.164. O nome empresarial n\u00e3o pode ser objeto de aliena\u00e7\u00e3o.<\/em><\/p>\n\n\n\n<p><em>Par\u00e1grafo \u00fanico. O adquirente de estabelecimento, por ato entre vivos, pode, se o contrato o permitir, usar o nome do alienante, precedido do seu pr\u00f3prio, com a qualifica\u00e7\u00e3o de sucessor.<\/em><\/p>\n\n\n\n<h3 class=\"wp-block-heading\" id=\"h-consideracoes-finais\">Considera\u00e7\u00f5es finais<\/h3>\n\n\n\n<p>Nesse resumo de Direito Empresarial abordamos um apanhado de conceitos que possuem grande incid\u00eancia em provas. Ademais, Empresa, Empres\u00e1rio, Estabelecimento e Trespasse s\u00e3o temas fundamentais para se compreender os demais conte\u00fados, e assim, permitir o avan\u00e7o na mat\u00e9ria.<\/p>\n\n\n\n<p>Insta salientarmos que o artigo tem como objetivo apenas auxiliar o aluno em suas revis\u00f5es, n\u00e3o substituindo os <a href=\"https:\/\/www.estrategiaconcursos.com.br\/cursosPorMateria\/direito-empresarial-16\/\">cursos regulares de Direito empresarial<\/a>, que s\u00e3o primordiais para o completo entendimento da mat\u00e9ria.<\/p>\n\n\n\n<p class=\"has-text-align-center\"><em><strong><br \/>Assinatura Anual Ilimitada<\/strong><\/em><\/p>\n\n\n\n<p class=\"has-text-align-center\"><em>Prepare-se com o melhor material e com quem mais aprova em Concursos P\u00fablicos em todo o pa\u00eds. Assine agora a nossa Assinatura Anual e tenha acesso ilimitado a todos os nossos cursos.<\/em><\/p>\n\n\n\n<p class=\"has-text-align-center has-luminous-vivid-amber-background-color has-background\"><strong>ASSINE AGORA<\/strong>&nbsp;\u2013&nbsp;<a rel=\"noreferrer noopener\" href=\"https:\/\/www.estrategiaconcursos.com.br\/assinaturas\" target=\"_blank\"><strong>Assinatura Ilimitada<\/strong><\/a><\/p>\n\n\n\n<p class=\"has-text-align-center\"><em><strong>Fique por dentro de todos os concursos<\/strong><\/em>:<\/p>\n\n\n\n<p class=\"has-text-align-center has-pale-cyan-blue-background-color has-background\"><a href=\"https:\/\/www.estrategiaconcursos.com.br\/blog\/concursos-abertos\/\" target=\"_blank\" rel=\"noreferrer noopener\"><strong>Concursos abertos<\/strong><\/a><\/p>\n","protected":false},"excerpt":{"rendered":"<p>Saiba os principais conceitos de Empresa, Empres\u00e1rio, Estabelecimento e Trespasse em Direito Empresarial Ol\u00e1, caros estrategistas! Tudo certo? O presente artigo tratar\u00e1 resumidamente sobre temas iniciais e fundamentais da mat\u00e9ria de Direito Empresarial e que costumam ser cobrados com grande frequ\u00eancia em concursos em que a mat\u00e9ria \u00e9 exigida. Seremos sucintos e objetivos, nos atendo [&hellip;]<\/p>\n","protected":false},"author":1826,"featured_media":573305,"comment_status":"open","ping_status":"closed","sticky":false,"template":"","format":"standard","meta":{"post_tipo":"article","footnotes":""},"categories":[1],"tags":[],"tax_estado":[],"class_list":["post-573293","post","type-post","status-publish","format-standard","has-post-thumbnail","hentry","category-cursos-e-concursos"],"acf":[],"yoast_head":"<!-- This site is optimized with the Yoast SEO Premium plugin v27.2 (Yoast SEO v27.2) - https:\/\/yoast.com\/product\/yoast-seo-premium-wordpress\/ -->\n<title>Empresa, Empres\u00e1rio, Estabelecimento e Trespasse - Direito Empresarial<\/title>\n<meta name=\"description\" content=\"Veja nosso resumo com conceitos iniciais de Direito Empresarial e que s\u00e3o fundamentais para compreender o regime empresarial.\" \/>\n<meta name=\"robots\" content=\"index, follow, max-snippet:-1, max-image-preview:large, max-video-preview:-1\" \/>\n<link rel=\"canonical\" href=\"https:\/\/www.estrategiaconcursos.com.br\/blog\/resumo-de-empresa-empresario-estabelecimento-e-trespasse-em-direito-empresarial\/\" \/>\n<meta property=\"og:locale\" content=\"pt_BR\" \/>\n<meta property=\"og:type\" content=\"article\" \/>\n<meta property=\"og:title\" content=\"Resumo de Empresa, Empres\u00e1rio, Estabelecimento e Trespasse em Direito Empresarial\" \/>\n<meta property=\"og:description\" content=\"Veja nosso resumo com conceitos iniciais de Direito Empresarial e que s\u00e3o fundamentais para compreender o regime empresarial.\" \/>\n<meta property=\"og:url\" content=\"https:\/\/www.estrategiaconcursos.com.br\/blog\/resumo-de-empresa-empresario-estabelecimento-e-trespasse-em-direito-empresarial\/\" \/>\n<meta property=\"og:site_name\" content=\"Estrat\u00e9gia Concursos\" \/>\n<meta property=\"article:published_time\" content=\"2020-10-05T22:23:47+00:00\" \/>\n<meta property=\"article:modified_time\" content=\"2023-07-06T13:33:25+00:00\" \/>\n<meta property=\"og:image\" content=\"https:\/\/dhg1h5j42swfq.cloudfront.net\/2020\/09\/16215020\/handshake.jpg\" \/>\n\t<meta property=\"og:image:width\" content=\"640\" \/>\n\t<meta property=\"og:image:height\" content=\"427\" \/>\n\t<meta property=\"og:image:type\" content=\"image\/jpeg\" \/>\n<meta name=\"author\" content=\"Nicolau Gordeeff\" \/>\n<meta name=\"twitter:card\" content=\"summary_large_image\" \/>\n<meta name=\"twitter:creator\" content=\"@EstratConcursos\" \/>\n<meta name=\"twitter:site\" content=\"@EstratConcursos\" \/>\n<meta name=\"twitter:label1\" content=\"Escrito por\" \/>\n\t<meta name=\"twitter:data1\" content=\"Nicolau Gordeeff\" \/>\n\t<meta name=\"twitter:label2\" content=\"Est. tempo de leitura\" \/>\n\t<meta name=\"twitter:data2\" content=\"15 minutos\" \/>\n<script type=\"application\/ld+json\" class=\"yoast-schema-graph\">{\"@context\":\"https:\/\/schema.org\",\"@graph\":[{\"@type\":\"NewsArticle\",\"@id\":\"https:\/\/www.estrategiaconcursos.com.br\/blog\/resumo-de-empresa-empresario-estabelecimento-e-trespasse-em-direito-empresarial\/#article\",\"isPartOf\":{\"@id\":\"https:\/\/www.estrategiaconcursos.com.br\/blog\/resumo-de-empresa-empresario-estabelecimento-e-trespasse-em-direito-empresarial\/\"},\"author\":{\"name\":\"Nicolau Gordeeff\",\"@id\":\"https:\/\/www.estrategiaconcursos.com.br\/blog\/#\/schema\/person\/c9d581fa32cd81ddb2e8d03fe650e463\"},\"headline\":\"Resumo de Empresa, Empres\u00e1rio, Estabelecimento e Trespasse em Direito Empresarial\",\"datePublished\":\"2020-10-05T22:23:47+00:00\",\"dateModified\":\"2023-07-06T13:33:25+00:00\",\"mainEntityOfPage\":{\"@id\":\"https:\/\/www.estrategiaconcursos.com.br\/blog\/resumo-de-empresa-empresario-estabelecimento-e-trespasse-em-direito-empresarial\/\"},\"wordCount\":3018,\"commentCount\":0,\"publisher\":{\"@id\":\"https:\/\/www.estrategiaconcursos.com.br\/blog\/#organization\"},\"image\":{\"@id\":\"https:\/\/www.estrategiaconcursos.com.br\/blog\/resumo-de-empresa-empresario-estabelecimento-e-trespasse-em-direito-empresarial\/#primaryimage\"},\"thumbnailUrl\":\"https:\/\/dhg1h5j42swfq.cloudfront.net\/2020\/09\/16215020\/handshake.jpg\",\"articleSection\":[\"Concursos P\u00fablicos\"],\"inLanguage\":\"pt-BR\",\"potentialAction\":[{\"@type\":\"CommentAction\",\"name\":\"Comment\",\"target\":[\"https:\/\/www.estrategiaconcursos.com.br\/blog\/resumo-de-empresa-empresario-estabelecimento-e-trespasse-em-direito-empresarial\/#respond\"]}],\"copyrightYear\":\"2020\",\"copyrightHolder\":{\"@id\":\"https:\/\/www.estrategiaconcursos.com.br\/blog\/#organization\"}},{\"@type\":\"WebPage\",\"@id\":\"https:\/\/www.estrategiaconcursos.com.br\/blog\/resumo-de-empresa-empresario-estabelecimento-e-trespasse-em-direito-empresarial\/\",\"url\":\"https:\/\/www.estrategiaconcursos.com.br\/blog\/resumo-de-empresa-empresario-estabelecimento-e-trespasse-em-direito-empresarial\/\",\"name\":\"Empresa, Empres\u00e1rio, Estabelecimento e Trespasse - Direito Empresarial\",\"isPartOf\":{\"@id\":\"https:\/\/www.estrategiaconcursos.com.br\/blog\/#website\"},\"primaryImageOfPage\":{\"@id\":\"https:\/\/www.estrategiaconcursos.com.br\/blog\/resumo-de-empresa-empresario-estabelecimento-e-trespasse-em-direito-empresarial\/#primaryimage\"},\"image\":{\"@id\":\"https:\/\/www.estrategiaconcursos.com.br\/blog\/resumo-de-empresa-empresario-estabelecimento-e-trespasse-em-direito-empresarial\/#primaryimage\"},\"thumbnailUrl\":\"https:\/\/dhg1h5j42swfq.cloudfront.net\/2020\/09\/16215020\/handshake.jpg\",\"datePublished\":\"2020-10-05T22:23:47+00:00\",\"dateModified\":\"2023-07-06T13:33:25+00:00\",\"description\":\"Veja nosso resumo com conceitos iniciais de Direito Empresarial e que s\u00e3o fundamentais para compreender o regime empresarial.\",\"breadcrumb\":{\"@id\":\"https:\/\/www.estrategiaconcursos.com.br\/blog\/resumo-de-empresa-empresario-estabelecimento-e-trespasse-em-direito-empresarial\/#breadcrumb\"},\"inLanguage\":\"pt-BR\",\"potentialAction\":[{\"@type\":\"ReadAction\",\"target\":[\"https:\/\/www.estrategiaconcursos.com.br\/blog\/resumo-de-empresa-empresario-estabelecimento-e-trespasse-em-direito-empresarial\/\"]}]},{\"@type\":\"ImageObject\",\"inLanguage\":\"pt-BR\",\"@id\":\"https:\/\/www.estrategiaconcursos.com.br\/blog\/resumo-de-empresa-empresario-estabelecimento-e-trespasse-em-direito-empresarial\/#primaryimage\",\"url\":\"https:\/\/dhg1h5j42swfq.cloudfront.net\/2020\/09\/16215020\/handshake.jpg\",\"contentUrl\":\"https:\/\/dhg1h5j42swfq.cloudfront.net\/2020\/09\/16215020\/handshake.jpg\",\"width\":640,\"height\":427},{\"@type\":\"BreadcrumbList\",\"@id\":\"https:\/\/www.estrategiaconcursos.com.br\/blog\/resumo-de-empresa-empresario-estabelecimento-e-trespasse-em-direito-empresarial\/#breadcrumb\",\"itemListElement\":[{\"@type\":\"ListItem\",\"position\":1,\"name\":\"In\u00edcio\",\"item\":\"https:\/\/www.estrategiaconcursos.com.br\/blog\/\"},{\"@type\":\"ListItem\",\"position\":2,\"name\":\"Resumo de Empresa, Empres\u00e1rio, Estabelecimento e Trespasse em Direito Empresarial\"}]},{\"@type\":\"WebSite\",\"@id\":\"https:\/\/www.estrategiaconcursos.com.br\/blog\/#website\",\"url\":\"https:\/\/www.estrategiaconcursos.com.br\/blog\/\",\"name\":\"Estrat\u00e9gia Concursos\",\"description\":\"O blog da Estrat\u00e9gia Concursos traz not\u00edcias sobre concursos e artigos de professores oferecendo cursos para concursos (pdf + videaulas) no site.\",\"publisher\":{\"@id\":\"https:\/\/www.estrategiaconcursos.com.br\/blog\/#organization\"},\"potentialAction\":[{\"@type\":\"SearchAction\",\"target\":{\"@type\":\"EntryPoint\",\"urlTemplate\":\"https:\/\/www.estrategiaconcursos.com.br\/blog\/?s={search_term_string}\"},\"query-input\":{\"@type\":\"PropertyValueSpecification\",\"valueRequired\":true,\"valueName\":\"search_term_string\"}}],\"inLanguage\":\"pt-BR\"},{\"@type\":\"Organization\",\"@id\":\"https:\/\/www.estrategiaconcursos.com.br\/blog\/#organization\",\"name\":\"Estrat\u00e9gia Concursos\",\"url\":\"https:\/\/www.estrategiaconcursos.com.br\/blog\/\",\"logo\":{\"@type\":\"ImageObject\",\"inLanguage\":\"pt-BR\",\"@id\":\"https:\/\/www.estrategiaconcursos.com.br\/blog\/#\/schema\/logo\/image\/\",\"url\":\"https:\/\/dhg1h5j42swfq.cloudfront.net\/2025\/06\/03203428\/logo_concursos-1.jpg\",\"contentUrl\":\"https:\/\/dhg1h5j42swfq.cloudfront.net\/2025\/06\/03203428\/logo_concursos-1.jpg\",\"width\":230,\"height\":60,\"caption\":\"Estrat\u00e9gia Concursos\"},\"image\":{\"@id\":\"https:\/\/www.estrategiaconcursos.com.br\/blog\/#\/schema\/logo\/image\/\"},\"sameAs\":[\"https:\/\/x.com\/EstratConcursos\"]},{\"@type\":\"Person\",\"@id\":\"https:\/\/www.estrategiaconcursos.com.br\/blog\/#\/schema\/person\/c9d581fa32cd81ddb2e8d03fe650e463\",\"name\":\"Nicolau Gordeeff\",\"image\":{\"@type\":\"ImageObject\",\"inLanguage\":\"pt-BR\",\"@id\":\"https:\/\/secure.gravatar.com\/avatar\/b0b86525e18fc119e1b3bc4ad7629d2da6c5bd123e2fc4a3c3dfcbd44c4a5129?s=96&d=mm&r=g\",\"url\":\"https:\/\/secure.gravatar.com\/avatar\/b0b86525e18fc119e1b3bc4ad7629d2da6c5bd123e2fc4a3c3dfcbd44c4a5129?s=96&d=mm&r=g\",\"contentUrl\":\"https:\/\/secure.gravatar.com\/avatar\/b0b86525e18fc119e1b3bc4ad7629d2da6c5bd123e2fc4a3c3dfcbd44c4a5129?s=96&d=mm&r=g\",\"caption\":\"Nicolau Gordeeff\"},\"url\":\"https:\/\/www.estrategiaconcursos.com.br\/blog\/author\/ni_gordeeffhotmail-com\/\"}]}<\/script>\n<!-- \/ Yoast SEO Premium plugin. -->","yoast_head_json":{"title":"Empresa, Empres\u00e1rio, Estabelecimento e Trespasse - Direito Empresarial","description":"Veja nosso resumo com conceitos iniciais de Direito Empresarial e que s\u00e3o fundamentais para compreender o regime empresarial.","robots":{"index":"index","follow":"follow","max-snippet":"max-snippet:-1","max-image-preview":"max-image-preview:large","max-video-preview":"max-video-preview:-1"},"canonical":"https:\/\/www.estrategiaconcursos.com.br\/blog\/resumo-de-empresa-empresario-estabelecimento-e-trespasse-em-direito-empresarial\/","og_locale":"pt_BR","og_type":"article","og_title":"Resumo de Empresa, Empres\u00e1rio, Estabelecimento e Trespasse em Direito Empresarial","og_description":"Veja nosso resumo com conceitos iniciais de Direito Empresarial e que s\u00e3o fundamentais para compreender o regime empresarial.","og_url":"https:\/\/www.estrategiaconcursos.com.br\/blog\/resumo-de-empresa-empresario-estabelecimento-e-trespasse-em-direito-empresarial\/","og_site_name":"Estrat\u00e9gia Concursos","article_published_time":"2020-10-05T22:23:47+00:00","article_modified_time":"2023-07-06T13:33:25+00:00","og_image":[{"width":640,"height":427,"url":"https:\/\/dhg1h5j42swfq.cloudfront.net\/2020\/09\/16215020\/handshake.jpg","type":"image\/jpeg"}],"author":"Nicolau Gordeeff","twitter_card":"summary_large_image","twitter_creator":"@EstratConcursos","twitter_site":"@EstratConcursos","twitter_misc":{"Escrito por":"Nicolau Gordeeff","Est. tempo de leitura":"15 minutos"},"schema":{"@context":"https:\/\/schema.org","@graph":[{"@type":"NewsArticle","@id":"https:\/\/www.estrategiaconcursos.com.br\/blog\/resumo-de-empresa-empresario-estabelecimento-e-trespasse-em-direito-empresarial\/#article","isPartOf":{"@id":"https:\/\/www.estrategiaconcursos.com.br\/blog\/resumo-de-empresa-empresario-estabelecimento-e-trespasse-em-direito-empresarial\/"},"author":{"name":"Nicolau Gordeeff","@id":"https:\/\/www.estrategiaconcursos.com.br\/blog\/#\/schema\/person\/c9d581fa32cd81ddb2e8d03fe650e463"},"headline":"Resumo de Empresa, Empres\u00e1rio, Estabelecimento e Trespasse em Direito Empresarial","datePublished":"2020-10-05T22:23:47+00:00","dateModified":"2023-07-06T13:33:25+00:00","mainEntityOfPage":{"@id":"https:\/\/www.estrategiaconcursos.com.br\/blog\/resumo-de-empresa-empresario-estabelecimento-e-trespasse-em-direito-empresarial\/"},"wordCount":3018,"commentCount":0,"publisher":{"@id":"https:\/\/www.estrategiaconcursos.com.br\/blog\/#organization"},"image":{"@id":"https:\/\/www.estrategiaconcursos.com.br\/blog\/resumo-de-empresa-empresario-estabelecimento-e-trespasse-em-direito-empresarial\/#primaryimage"},"thumbnailUrl":"https:\/\/dhg1h5j42swfq.cloudfront.net\/2020\/09\/16215020\/handshake.jpg","articleSection":["Concursos P\u00fablicos"],"inLanguage":"pt-BR","potentialAction":[{"@type":"CommentAction","name":"Comment","target":["https:\/\/www.estrategiaconcursos.com.br\/blog\/resumo-de-empresa-empresario-estabelecimento-e-trespasse-em-direito-empresarial\/#respond"]}],"copyrightYear":"2020","copyrightHolder":{"@id":"https:\/\/www.estrategiaconcursos.com.br\/blog\/#organization"}},{"@type":"WebPage","@id":"https:\/\/www.estrategiaconcursos.com.br\/blog\/resumo-de-empresa-empresario-estabelecimento-e-trespasse-em-direito-empresarial\/","url":"https:\/\/www.estrategiaconcursos.com.br\/blog\/resumo-de-empresa-empresario-estabelecimento-e-trespasse-em-direito-empresarial\/","name":"Empresa, Empres\u00e1rio, Estabelecimento e Trespasse - Direito Empresarial","isPartOf":{"@id":"https:\/\/www.estrategiaconcursos.com.br\/blog\/#website"},"primaryImageOfPage":{"@id":"https:\/\/www.estrategiaconcursos.com.br\/blog\/resumo-de-empresa-empresario-estabelecimento-e-trespasse-em-direito-empresarial\/#primaryimage"},"image":{"@id":"https:\/\/www.estrategiaconcursos.com.br\/blog\/resumo-de-empresa-empresario-estabelecimento-e-trespasse-em-direito-empresarial\/#primaryimage"},"thumbnailUrl":"https:\/\/dhg1h5j42swfq.cloudfront.net\/2020\/09\/16215020\/handshake.jpg","datePublished":"2020-10-05T22:23:47+00:00","dateModified":"2023-07-06T13:33:25+00:00","description":"Veja nosso resumo com conceitos iniciais de Direito Empresarial e que s\u00e3o fundamentais para compreender o regime empresarial.","breadcrumb":{"@id":"https:\/\/www.estrategiaconcursos.com.br\/blog\/resumo-de-empresa-empresario-estabelecimento-e-trespasse-em-direito-empresarial\/#breadcrumb"},"inLanguage":"pt-BR","potentialAction":[{"@type":"ReadAction","target":["https:\/\/www.estrategiaconcursos.com.br\/blog\/resumo-de-empresa-empresario-estabelecimento-e-trespasse-em-direito-empresarial\/"]}]},{"@type":"ImageObject","inLanguage":"pt-BR","@id":"https:\/\/www.estrategiaconcursos.com.br\/blog\/resumo-de-empresa-empresario-estabelecimento-e-trespasse-em-direito-empresarial\/#primaryimage","url":"https:\/\/dhg1h5j42swfq.cloudfront.net\/2020\/09\/16215020\/handshake.jpg","contentUrl":"https:\/\/dhg1h5j42swfq.cloudfront.net\/2020\/09\/16215020\/handshake.jpg","width":640,"height":427},{"@type":"BreadcrumbList","@id":"https:\/\/www.estrategiaconcursos.com.br\/blog\/resumo-de-empresa-empresario-estabelecimento-e-trespasse-em-direito-empresarial\/#breadcrumb","itemListElement":[{"@type":"ListItem","position":1,"name":"In\u00edcio","item":"https:\/\/www.estrategiaconcursos.com.br\/blog\/"},{"@type":"ListItem","position":2,"name":"Resumo de Empresa, Empres\u00e1rio, Estabelecimento e Trespasse em Direito Empresarial"}]},{"@type":"WebSite","@id":"https:\/\/www.estrategiaconcursos.com.br\/blog\/#website","url":"https:\/\/www.estrategiaconcursos.com.br\/blog\/","name":"Estrat\u00e9gia Concursos","description":"O blog da Estrat\u00e9gia Concursos traz not\u00edcias sobre concursos e artigos de professores oferecendo cursos para concursos (pdf + videaulas) no site.","publisher":{"@id":"https:\/\/www.estrategiaconcursos.com.br\/blog\/#organization"},"potentialAction":[{"@type":"SearchAction","target":{"@type":"EntryPoint","urlTemplate":"https:\/\/www.estrategiaconcursos.com.br\/blog\/?s={search_term_string}"},"query-input":{"@type":"PropertyValueSpecification","valueRequired":true,"valueName":"search_term_string"}}],"inLanguage":"pt-BR"},{"@type":"Organization","@id":"https:\/\/www.estrategiaconcursos.com.br\/blog\/#organization","name":"Estrat\u00e9gia Concursos","url":"https:\/\/www.estrategiaconcursos.com.br\/blog\/","logo":{"@type":"ImageObject","inLanguage":"pt-BR","@id":"https:\/\/www.estrategiaconcursos.com.br\/blog\/#\/schema\/logo\/image\/","url":"https:\/\/dhg1h5j42swfq.cloudfront.net\/2025\/06\/03203428\/logo_concursos-1.jpg","contentUrl":"https:\/\/dhg1h5j42swfq.cloudfront.net\/2025\/06\/03203428\/logo_concursos-1.jpg","width":230,"height":60,"caption":"Estrat\u00e9gia Concursos"},"image":{"@id":"https:\/\/www.estrategiaconcursos.com.br\/blog\/#\/schema\/logo\/image\/"},"sameAs":["https:\/\/x.com\/EstratConcursos"]},{"@type":"Person","@id":"https:\/\/www.estrategiaconcursos.com.br\/blog\/#\/schema\/person\/c9d581fa32cd81ddb2e8d03fe650e463","name":"Nicolau Gordeeff","image":{"@type":"ImageObject","inLanguage":"pt-BR","@id":"https:\/\/secure.gravatar.com\/avatar\/b0b86525e18fc119e1b3bc4ad7629d2da6c5bd123e2fc4a3c3dfcbd44c4a5129?s=96&d=mm&r=g","url":"https:\/\/secure.gravatar.com\/avatar\/b0b86525e18fc119e1b3bc4ad7629d2da6c5bd123e2fc4a3c3dfcbd44c4a5129?s=96&d=mm&r=g","contentUrl":"https:\/\/secure.gravatar.com\/avatar\/b0b86525e18fc119e1b3bc4ad7629d2da6c5bd123e2fc4a3c3dfcbd44c4a5129?s=96&d=mm&r=g","caption":"Nicolau Gordeeff"},"url":"https:\/\/www.estrategiaconcursos.com.br\/blog\/author\/ni_gordeeffhotmail-com\/"}]}},"_links":{"self":[{"href":"https:\/\/www.estrategiaconcursos.com.br\/blog\/wp-json\/wp\/v2\/posts\/573293","targetHints":{"allow":["GET"]}}],"collection":[{"href":"https:\/\/www.estrategiaconcursos.com.br\/blog\/wp-json\/wp\/v2\/posts"}],"about":[{"href":"https:\/\/www.estrategiaconcursos.com.br\/blog\/wp-json\/wp\/v2\/types\/post"}],"author":[{"embeddable":true,"href":"https:\/\/www.estrategiaconcursos.com.br\/blog\/wp-json\/wp\/v2\/users\/1826"}],"replies":[{"embeddable":true,"href":"https:\/\/www.estrategiaconcursos.com.br\/blog\/wp-json\/wp\/v2\/comments?post=573293"}],"version-history":[{"count":75,"href":"https:\/\/www.estrategiaconcursos.com.br\/blog\/wp-json\/wp\/v2\/posts\/573293\/revisions"}],"predecessor-version":[{"id":1244216,"href":"https:\/\/www.estrategiaconcursos.com.br\/blog\/wp-json\/wp\/v2\/posts\/573293\/revisions\/1244216"}],"wp:featuredmedia":[{"embeddable":true,"href":"https:\/\/www.estrategiaconcursos.com.br\/blog\/wp-json\/wp\/v2\/media\/573305"}],"wp:attachment":[{"href":"https:\/\/www.estrategiaconcursos.com.br\/blog\/wp-json\/wp\/v2\/media?parent=573293"}],"wp:term":[{"taxonomy":"category","embeddable":true,"href":"https:\/\/www.estrategiaconcursos.com.br\/blog\/wp-json\/wp\/v2\/categories?post=573293"},{"taxonomy":"post_tag","embeddable":true,"href":"https:\/\/www.estrategiaconcursos.com.br\/blog\/wp-json\/wp\/v2\/tags?post=573293"},{"taxonomy":"tax_estado","embeddable":true,"href":"https:\/\/www.estrategiaconcursos.com.br\/blog\/wp-json\/wp\/v2\/tax_estado?post=573293"}],"curies":[{"name":"wp","href":"https:\/\/api.w.org\/{rel}","templated":true}]}}