{"id":572861,"date":"2020-10-05T18:00:24","date_gmt":"2020-10-05T21:00:24","guid":{"rendered":"https:\/\/www.estrategiaconcursos.com.br\/blog\/?p=572861"},"modified":"2020-12-16T10:22:19","modified_gmt":"2020-12-16T13:22:19","slug":"edital-pgm-sao-jose-de-hortencio","status":"publish","type":"post","link":"https:\/\/www.estrategiaconcursos.com.br\/blog\/edital-pgm-sao-jose-de-hortencio\/","title":{"rendered":"Edital PGM S\u00e3o Jos\u00e9 de Hort\u00eancio RS: inscri\u00e7\u00f5es encerradas!"},"content":{"rendered":"\n<h2 class=\"wp-block-heading\"><em><strong>Provas em novembro<\/strong><\/em><\/h2>\n\n\n\n<p>As inscri\u00e7\u00f5es para o edital <strong>PGM S\u00e3o Jos\u00e9 de Hort\u00eancio RS<\/strong> est\u00e3o encerradas. O \u00f3rg\u00e3o se prepara agora para o exame que acontecer\u00e1 no dia 21 de Novembro de 2020.<\/p>\n\n\n\n<p>A PGM oferta vaga para <strong>Procurador Municipal<\/strong>. O edital  prev\u00ea  <strong>1 vaga direta<\/strong> e cadastro de reserva. O sal\u00e1rio inicial \u00e9 de<strong> R$<\/strong> <strong>5.429,18<\/strong><\/p>\n\n\n\n<div class=\"container\" id=\"boxes\">\n  <div class=\"row\">\n\n    <div class=\"col-sm\">\n      <div class=\"banner-tribunal\" id=\"box-assinatura\">\n        <h3 class=\"titulo-assinatura\">Cursos para PGM S\u00e3o Jos\u00e9 de Hort\u00eancio RS<\/h3>\n        <p class=\"subtitulo-assinatura\">Conhe\u00e7a os cursos<\/p>\n        <div class=\"box-botao\">\n          <a class=\"btn-assinatura\" target=\"_blank\" href=\"https:\/\/www.estrategiaconcursos.com.br\/cursosPorConcurso\/procuradorias-municipais-pgms-cursos-regulares-procurador\/\" rel=\"noopener noreferrer\">Conhe\u00e7a mais<\/a>\n        <\/div>\n      <\/div>\n      <p class=\"texto-auxiliar\">Prepare-se com o melhor material e com quem mais aprova em Concursos P\u00fablicos em todo o pa\u00eds.<\/p>\n    <\/div>\n\n  <\/div>\n<\/div>\n\n\n\n<h2 class=\"wp-block-heading\">Edital PGM S\u00e3o Jos\u00e9 de Hort\u00eancio: Situa\u00e7\u00e3o Atual<\/h2>\n\n\n\n<h4 class=\"wp-block-heading\" id=\"datas\">Principais datas <\/h4>\n\n\n\n<ul class=\"wp-block-list\"><li><strong>Inscri\u00e7\u00f5es<\/strong>: <s>15\/09 a 05\/10\/2020<\/s><\/li><li><strong>Valor da taxa<\/strong>: R$ 52,40 (pag\u00e1vel at\u00e9 06\/10) <\/li><li><strong>Prova<\/strong>: 21\/11\/2020<\/li><\/ul>\n\n\n\n<h2 class=\"wp-block-heading\">Edital PGM S\u00e3o Jos\u00e9 de Hort\u00eancio: Carreira<\/h2>\n\n\n\n<h4 class=\"wp-block-heading\">Requisitos <\/h4>\n\n\n\n<p>Para ingressar na carreira de Procurador Municipal de Jos\u00e9 de Hort\u00eancio \u00e9 necess\u00e1rio ter idade m\u00ednima de 21 anos, ser <strong>bacharel em Direito<\/strong> e estar regularmente inscrito como advogado nos quadros da <strong>OAB, Sec\u00e7\u00e3o do Rio Grande do Sul.<\/strong><\/p>\n\n\n\n<p class=\"has-text-align-center has-luminous-vivid-amber-background-color has-background\"><em>O edital <strong>n\u00e3o<\/strong> exige comprova\u00e7\u00e3o de pr\u00e1tica forense. <\/em><\/p>\n\n\n\n<h4 class=\"wp-block-heading\" id=\"atribuicoes\">Atribui\u00e7\u00f5es<\/h4>\n\n\n\n<p>S\u00e3o atribui\u00e7\u00f5es anal\u00edticas dos Procuradores Municipais de S\u00e3o Jos\u00e9 de Hort\u00eancio:<\/p>\n\n\n\n<ul class=\"wp-block-list\"><li><em>Emitir informa\u00e7\u00f5es, pareceres e memoriais no \u00e2mbito administrativo sobre quest\u00f5es de cunho jur\u00eddico;<\/em><\/li><li><em>Proceder a estudos e pesquisas na legisla\u00e7\u00e3o, doutrina e jurisprud\u00eancia com vistas \u00e0 instru\u00e7\u00e3o de todo e qualquer expediente administrativo que verse sobre mat\u00e9ria jur\u00eddica;<\/em><\/li><li><em>Estudar e minutar contratos e outros documentos que envolvam conhecimento e interpreta\u00e7\u00e3o jur\u00eddica;<\/em><\/li><li><em>Atuar na preven\u00e7\u00e3o de situa\u00e7\u00f5es que possam implicar em futuras demandas contra o Executivo;<\/em><\/li><li><em>Atuar judicial ou extrajudicialmente na defesa dos interesses do Executivo; executar tarefas afins.<\/em><\/li><\/ul>\n\n\n\n<h4 class=\"wp-block-heading\">Sal\u00e1rios e Benef\u00edcios <\/h4>\n\n\n\n<p>A remunera\u00e7\u00e3o inicial ofertada \u00e9 de <strong>R$ 5.429,18<\/strong>, para 20 horas semanais, acrescida de vale alimenta\u00e7\u00e3o de R$ 9,83 por dia, conforme Lei Municipal N\u00ba 822 de 27 de junho de 2006.<\/p>\n\n\n\n<h2 class=\"wp-block-heading\" id=\"etapas\">Edital PGM S\u00e3o Jos\u00e9 de Hort\u00eancio: Etapas de provas<\/h2>\n\n\n\n<p>O edital PGM S\u00e3o Jos\u00e9 de Hort\u00eancio prev\u00ea a realiza\u00e7\u00e3o de uma \u00fanica etapa, que consistir\u00e1 numa prova escrita, de quest\u00f5es objetivas, com quatro alternativas de m\u00faltipla escolha, de car\u00e1ter eliminat\u00f3rio. <\/p>\n\n\n\n<h4 class=\"wp-block-heading\" id=\"prova\">Prova objetiva <\/h4>\n\n\n\n<p>A Prova ser\u00e1 dividida em Conhecimentos Gerais e Espec\u00edficos e peso m\u00e1ximo de 100 pontos e ter\u00e1 dura\u00e7\u00e3o de 3 horas. <\/p>\n\n\n\n<p>A pontua\u00e7\u00e3o da prova ser\u00e1 avaliada segundo os crit\u00e9rios da tabela, abaixo:<\/p>\n\n\n\n<p><\/p>\n\n\n\n<figure class=\"wp-block-table is-style-stripes\"><table class=\"has-subtle-pale-blue-background-color has-fixed-layout has-background\"><tbody><tr><td class=\"has-text-align-center\" data-align=\"center\"><strong>Mat\u00e9ria<\/strong><\/td><td class=\"has-text-align-center\" data-align=\"center\"><strong>N\u00ba de quest\u00f5es<\/strong><\/td><td class=\"has-text-align-center\" data-align=\"center\"><strong>Peso<\/strong> <strong>por quest\u00e3o<\/strong><\/td><td class=\"has-text-align-center\" data-align=\"center\"><strong>Total de pontos<\/strong><\/td><\/tr><tr><td class=\"has-text-align-center\" data-align=\"center\">Conhecimentos Espec\u00edficos<\/td><td class=\"has-text-align-center\" data-align=\"center\">10<\/td><td class=\"has-text-align-center\" data-align=\"center\">6,0<\/td><td class=\"has-text-align-center\" data-align=\"center\">60<\/td><\/tr><tr><td class=\"has-text-align-center\" data-align=\"center\">Portugu\u00eas<\/td><td class=\"has-text-align-center\" data-align=\"center\">10<\/td><td class=\"has-text-align-center\" data-align=\"center\">2,0<\/td><td class=\"has-text-align-center\" data-align=\"center\">20<\/td><\/tr><tr><td class=\"has-text-align-center\" data-align=\"center\">Legisla\u00e7\u00e3o<\/td><td class=\"has-text-align-center\" data-align=\"center\">10<\/td><td class=\"has-text-align-center\" data-align=\"center\">1<\/td><td class=\"has-text-align-center\" data-align=\"center\">10<\/td><\/tr><tr><td class=\"has-text-align-center\" data-align=\"center\">Inform\u00e1tica<\/td><td class=\"has-text-align-center\" data-align=\"center\">10<\/td><td class=\"has-text-align-center\" data-align=\"center\">1<\/td><td class=\"has-text-align-center\" data-align=\"center\">10<\/td><\/tr><\/tbody><\/table><\/figure>\n\n\n\n<ul class=\"wp-block-list\"><li><strong>Total de pontos<\/strong>: 100 pontos;<\/li><li><strong>Nota de corte<\/strong>: 50 pontos, com o m\u00ednimo de 30 pontos em Conhecimentos Espec\u00edficos.<\/li><\/ul>\n\n\n\n<h4 class=\"wp-block-heading\" id=\"legislacao\">Conhecimentos Espec\u00edficos <\/h4>\n\n\n\n<p>O grupo de Conhecimentos Espec\u00edficos da prova cobrar\u00e1 conte\u00fados das seguintes disciplinas:<\/p>\n\n\n\n<ul class=\"wp-block-list\"><li><em>Direito Constitucional; <\/em><\/li><li><em>Direito Administrativo; <\/em><\/li><li><em>Direito Processual Civil;<\/em><\/li><li><em>Direito Tribut\u00e1rio; <\/em><\/li><li><em>Direito Penal; <\/em><\/li><li><em>Direito Ambiental.<\/em><\/li><\/ul>\n\n\n\n<p>Ser\u00e3o considerados aprovados somente os candidatos no edital PGM S\u00e3o Jos\u00e9 de Hort\u00eancio que obtiverem nota igual ou superior a<strong> 30,00 pontos na prova de Conhecimentos Espec\u00edficos<\/strong> <strong>e<\/strong> que obtiverem nota igual ou superior a <strong>50,00 em toda a prova escrita<\/strong>, ou seja, m\u00ednimo de 50% de aprova\u00e7\u00e3o.<\/p>\n\n\n\n<h2 class=\"has-text-align-center wp-block-heading\" id=\"cursos\">Quer estudar para o edital PGM S\u00e3o Jos\u00e9 de Hort\u00eancio?<\/h2>\n\n\n\n<p class=\"has-text-align-center\"><em>Gostou desta oportunidade e deseja come\u00e7ar se preparar agora mesmo? Ent\u00e3o, confira os nossos cursos e comece a estudar:<\/em><\/p>\n\n\n\n<div class=\"container\" id=\"boxes\">\n  <div class=\"row\">\n\n    <div class=\"col-sm\">\n      <div class=\"banner-tribunal\" id=\"box-assinatura\">\n        <h3 class=\"titulo-assinatura\">Cursos para PGM S\u00e3o Jos\u00e9 de Hort\u00eancio RS<\/h3>\n        <p class=\"subtitulo-assinatura\">Conhe\u00e7a os cursos<\/p>\n        <div class=\"box-botao\">\n          <a class=\"btn-assinatura\" target=\"_blank\" href=\"https:\/\/www.estrategiaconcursos.com.br\/cursosPorConcurso\/procuradorias-municipais-pgms-cursos-regulares-procurador\/\" rel=\"noopener noreferrer\">Conhe\u00e7a mais<\/a>\n        <\/div>\n      <\/div>\n      <p class=\"texto-auxiliar\">Prepare-se com o melhor material e com quem mais aprova em Concursos P\u00fablicos em todo o pa\u00eds.<\/p>\n    <\/div>\n\n  <\/div>\n<\/div>\n\n\n\n<div class=\"container\" id=\"boxes\">\n  <div class=\"row\">\n\n    <div class=\"col-sm\">\n      <div class=\"banner-ecj\" id=\"box-assinatura\">\n        <h3 class=\"titulo-assinatura\">Assinatura Jur\u00eddica <\/h3>\n        <p class=\"subtitulo-assinatura\">Conhe\u00e7a os planos<\/p>\n        <div class=\"box-botao\">\n          <a class=\"btn-assinatura\" target=\"_blank\" href=\"https:\/\/www.estrategiaconcursos.com.br\/assinaturas-ecj\/\" role=\"button\" rel=\"noopener noreferrer\">Conhe\u00e7a mais<\/a>\n        <\/div>\n      <\/div>\n      <p class=\"texto-auxiliar\">Prepare-se com o melhor material e com quem mais aprova em Concursos P\u00fablicos em todo o pa\u00eds. \n<\/p>\n    <\/div>\n\n  <\/div>\n<\/div>\n\n\n\n<div class=\"container\" id=\"boxes\">\n  <div class=\"row\">\n\n    <div class=\"col-sm\" id=\"boxes-concursos\">\n      <div style=\"background-color: #005DAD;\" class=\"conteudo-concursos\" id=\"box-concursos\">\n        <h3 class=\"titulo-assinatura\">Concursos Abertos<\/h3>\n        <p class=\"subtitulo-assinatura\">mais de 15 mil vagas<\/p>\n        <div class=\"box-botao\">\n          <a class=\"btn-assinatura\" target=\"_blank\" href=\"https:\/\/www.estrategiaconcursos.com.br\/blog\/concursos-abertos\/\" role=\"button\" rel=\"noopener noreferrer\">Conhe\u00e7a Agora<\/a>\n        <\/div>\n      <\/div>\n    <\/div>\n\n    <div class=\"col-sm\" id=\"boxes-concursos\">\n      <div style=\"background-color: #1A7ED5;\" class=\"conteudo-concursos\" id=\"box-concursos\">\n        <h3 class=\"titulo-assinatura\">Concursos 2020<\/h3>\n        <p class=\"subtitulo-assinatura\">mais de 11 mil vagas<\/p>\n        <div class=\"box-botao\">\n          <a class=\"btn-assinatura\" target=\"_blank\" href=\"https:\/\/www.estrategiaconcursos.com.br\/blog\/concursos-2020\/\" role=\"button\" rel=\"noopener noreferrer\">Conhe\u00e7a Agora<\/a>\n        <\/div>\n      <\/div>\n    <\/div>\n\n    <div class=\"col-sm\" id=\"boxes-concursos\">\n      <div style=\"background-color: #419FF0;\" class=\"conteudo-concursos\" id=\"box-concursos\">\n        <h3 class=\"titulo-assinatura\">Concursos 2021<\/h3>\n        <p class=\"subtitulo-assinatura\">mais de 17 mil vagas<\/p>\n        <div class=\"box-botao\">\n          <a class=\"btn-assinatura\" target=\"_blank\" href=\"https:\/\/www.estrategiaconcursos.com.br\/blog\/concursos-2021\/\" role=\"button\" rel=\"noopener noreferrer\">Conhe\u00e7a Agora<\/a>\n        <\/div>\n      <\/div>\n    <\/div>\n\n  <\/div>\n<\/div>\n\n\n\n<h2 class=\"wp-block-heading\" id=\"telegram\">Participe de nossos grupos no Telegram<\/h2>\n\n\n\n<ul class=\"wp-block-list\"><li>Estrat\u00e9gia Magitratura Federal &#8211; <a href=\"https:\/\/t.me\/juizfederal\" target=\"_blank\" rel=\"noreferrer noopener\">https:\/\/t.me\/juizfederal<\/a><\/li><li>Estrat\u00e9gia Delegado Federal &#8211; <a href=\"https:\/\/t.me\/delegadofederal\" target=\"_blank\" rel=\"noreferrer noopener\">https:\/\/t.me\/delegadofederal<\/a><\/li><li>Estrat\u00e9gia Delegado Civil &#8211; <a href=\"https:\/\/t.me\/estrategiadelta\" target=\"_blank\" rel=\"noreferrer noopener\">https:\/\/t.me\/estrategiadelta<\/a><\/li><li>Estrat\u00e9gia Promotor de Justi\u00e7a &#8211; <a href=\"https:\/\/t.me\/estrategiamp\" target=\"_blank\" rel=\"noreferrer noopener\">https:\/\/t.me\/estrategiamp<\/a><\/li><li>Estrat\u00e9gia Defensor P\u00fablico &#8211; <a href=\"https:\/\/t.me\/estrategiadpe\" target=\"_blank\" rel=\"noreferrer noopener\">https:\/\/t.me\/estrategiadpe<\/a><\/li><li>Estrat\u00e9gia Magistratura Estadual &#8211; <a href=\"https:\/\/t.me\/juizestadual\" target=\"_blank\" rel=\"noreferrer noopener\">https:\/\/t.me\/juizestadual<\/a><\/li><li>Estrat\u00e9gia Procuradorias &#8211; <a href=\"https:\/\/t.me\/estrategiaprocuradorias\" target=\"_blank\" rel=\"noreferrer noopener\">https:\/\/t.me\/estrategiaprocuradorias<\/a><\/li><\/ul>\n\n\n\n<figure class=\"wp-block-image\"><img loading=\"lazy\" decoding=\"async\" width=\"300\" height=\"102\" src=\"https:\/\/dhg1h5j42swfq.cloudfront.net\/2017\/03\/28152500\/coruja-ficha-tecnica-300x102.png\" alt=\"Ficha t\u00e9cnica \" class=\"wp-image-68542\"\/><\/figure>\n\n\n\n<h4 class=\"wp-block-heading\" id=\"ficha\"><strong>Informa\u00e7\u00f5es sobre o edital<\/strong> PGM S\u00e3o Jos\u00e9 de Hort\u00eancio<\/h4>\n\n\n\n<p>\u25ba<strong>Prova objetiva<\/strong>: 21\/11\/2020<br \/>\u25ba<strong>Vagas<\/strong>: 01+ CR<br \/>\u25ba<strong>Cargos<\/strong>: Procurador Municipal<br \/>\u25ba<strong>Banca<\/strong>: UNA<br \/>\u25ba<strong>Escolaridade<\/strong>: Bacharelado em Direito + inscri\u00e7\u00e3o na OAB<br \/>\u25ba<strong>Edital<\/strong>: <a href=\"https:\/\/dhg1h5j42swfq.cloudfront.net\/2020\/09\/16133715\/Prefeitura-Municipal-de-Sao-Jose-Hortencio-RS-Edital-2020.pdf\" target=\"_blank\" rel=\"noreferrer noopener\">PGM S\u00e3o Jos\u00e9 do Hort\u00eancio 2020<\/a> <\/p>\n\n\n\n<p><\/p>\n","protected":false},"excerpt":{"rendered":"<p>Provas em novembro As inscri\u00e7\u00f5es para o edital PGM S\u00e3o Jos\u00e9 de Hort\u00eancio RS est\u00e3o encerradas. O \u00f3rg\u00e3o se prepara agora para o exame que acontecer\u00e1 no dia 21 de Novembro de 2020. A PGM oferta vaga para Procurador Municipal. O edital prev\u00ea 1 vaga direta e cadastro de reserva. O sal\u00e1rio inicial \u00e9 de [&hellip;]<\/p>\n","protected":false},"author":1405,"featured_media":572998,"comment_status":"open","ping_status":"closed","sticky":false,"template":"","format":"standard","meta":{"post_tipo":"article","footnotes":""},"categories":[2185],"tags":[],"tax_estado":[],"class_list":["post-572861","post","type-post","status-publish","format-standard","has-post-thumbnail","hentry","category-carreiras-juridicas"],"acf":[],"yoast_head":"<!-- This site is optimized with the Yoast SEO Premium plugin v27.2 (Yoast SEO v27.2) - https:\/\/yoast.com\/product\/yoast-seo-premium-wordpress\/ -->\n<title>Edital PGM S\u00e3o Jos\u00e9 de Hort\u00eancio RS: inscri\u00e7\u00f5es encerradas!<\/title>\n<meta name=\"description\" content=\"Inscri\u00e7\u00f5es encerradas para o edital PGM S\u00e3o Jos\u00e9 de Hort\u00eancio, que oferta oportunidade para Procurador do Munic\u00edpio. Saiba mais!\" \/>\n<meta name=\"robots\" content=\"index, follow, max-snippet:-1, max-image-preview:large, max-video-preview:-1\" \/>\n<link rel=\"canonical\" href=\"https:\/\/www.estrategiaconcursos.com.br\/blog\/edital-pgm-sao-jose-de-hortencio\/\" \/>\n<meta property=\"og:locale\" content=\"pt_BR\" \/>\n<meta property=\"og:type\" content=\"article\" \/>\n<meta property=\"og:title\" content=\"Edital PGM S\u00e3o Jos\u00e9 de Hort\u00eancio RS: inscri\u00e7\u00f5es encerradas!\" \/>\n<meta property=\"og:description\" content=\"Inscri\u00e7\u00f5es encerradas para o edital PGM S\u00e3o Jos\u00e9 de Hort\u00eancio, que oferta oportunidade para Procurador do Munic\u00edpio. Saiba mais!\" \/>\n<meta property=\"og:url\" content=\"https:\/\/www.estrategiaconcursos.com.br\/blog\/edital-pgm-sao-jose-de-hortencio\/\" \/>\n<meta property=\"og:site_name\" content=\"Estrat\u00e9gia Concursos\" \/>\n<meta property=\"article:published_time\" content=\"2020-10-05T21:00:24+00:00\" \/>\n<meta property=\"article:modified_time\" content=\"2020-12-16T13:22:19+00:00\" \/>\n<meta property=\"og:image\" content=\"https:\/\/dhg1h5j42swfq.cloudfront.net\/2020\/09\/16150459\/avenida-mathias-steffens-sao-jose-do-hortencio-rs-4-jacson-hartmann-e1555003407281-750x375-1.jpg\" \/>\n\t<meta property=\"og:image:width\" content=\"750\" \/>\n\t<meta property=\"og:image:height\" content=\"375\" \/>\n\t<meta property=\"og:image:type\" content=\"image\/jpeg\" \/>\n<meta name=\"author\" content=\"Rodolfo Breciani Penna\" \/>\n<meta name=\"twitter:card\" content=\"summary_large_image\" \/>\n<meta name=\"twitter:creator\" content=\"@EstratConcursos\" \/>\n<meta name=\"twitter:site\" content=\"@EstratConcursos\" \/>\n<meta name=\"twitter:label1\" content=\"Escrito por\" \/>\n\t<meta name=\"twitter:data1\" content=\"Rodolfo Breciani Penna\" \/>\n\t<meta name=\"twitter:label2\" content=\"Est. tempo de leitura\" \/>\n\t<meta name=\"twitter:data2\" content=\"4 minutos\" \/>\n<script type=\"application\/ld+json\" class=\"yoast-schema-graph\">{\"@context\":\"https:\/\/schema.org\",\"@graph\":[{\"@type\":\"NewsArticle\",\"@id\":\"https:\/\/www.estrategiaconcursos.com.br\/blog\/edital-pgm-sao-jose-de-hortencio\/#article\",\"isPartOf\":{\"@id\":\"https:\/\/www.estrategiaconcursos.com.br\/blog\/edital-pgm-sao-jose-de-hortencio\/\"},\"author\":{\"name\":\"Rodolfo Breciani Penna\",\"@id\":\"https:\/\/www.estrategiaconcursos.com.br\/blog\/#\/schema\/person\/c03053fef0ea050ac4a816570c995e22\"},\"headline\":\"Edital PGM S\u00e3o Jos\u00e9 de Hort\u00eancio RS: inscri\u00e7\u00f5es encerradas!\",\"datePublished\":\"2020-10-05T21:00:24+00:00\",\"dateModified\":\"2020-12-16T13:22:19+00:00\",\"mainEntityOfPage\":{\"@id\":\"https:\/\/www.estrategiaconcursos.com.br\/blog\/edital-pgm-sao-jose-de-hortencio\/\"},\"wordCount\":771,\"commentCount\":0,\"publisher\":{\"@id\":\"https:\/\/www.estrategiaconcursos.com.br\/blog\/#organization\"},\"image\":{\"@id\":\"https:\/\/www.estrategiaconcursos.com.br\/blog\/edital-pgm-sao-jose-de-hortencio\/#primaryimage\"},\"thumbnailUrl\":\"https:\/\/dhg1h5j42swfq.cloudfront.net\/2020\/09\/16150459\/avenida-mathias-steffens-sao-jose-do-hortencio-rs-4-jacson-hartmann-e1555003407281-750x375-1.jpg\",\"articleSection\":[\"Jur\u00eddico\"],\"inLanguage\":\"pt-BR\",\"potentialAction\":[{\"@type\":\"CommentAction\",\"name\":\"Comment\",\"target\":[\"https:\/\/www.estrategiaconcursos.com.br\/blog\/edital-pgm-sao-jose-de-hortencio\/#respond\"]}],\"copyrightYear\":\"2020\",\"copyrightHolder\":{\"@id\":\"https:\/\/www.estrategiaconcursos.com.br\/blog\/#organization\"}},{\"@type\":\"WebPage\",\"@id\":\"https:\/\/www.estrategiaconcursos.com.br\/blog\/edital-pgm-sao-jose-de-hortencio\/\",\"url\":\"https:\/\/www.estrategiaconcursos.com.br\/blog\/edital-pgm-sao-jose-de-hortencio\/\",\"name\":\"Edital PGM S\u00e3o Jos\u00e9 de Hort\u00eancio RS: inscri\u00e7\u00f5es encerradas!\",\"isPartOf\":{\"@id\":\"https:\/\/www.estrategiaconcursos.com.br\/blog\/#website\"},\"primaryImageOfPage\":{\"@id\":\"https:\/\/www.estrategiaconcursos.com.br\/blog\/edital-pgm-sao-jose-de-hortencio\/#primaryimage\"},\"image\":{\"@id\":\"https:\/\/www.estrategiaconcursos.com.br\/blog\/edital-pgm-sao-jose-de-hortencio\/#primaryimage\"},\"thumbnailUrl\":\"https:\/\/dhg1h5j42swfq.cloudfront.net\/2020\/09\/16150459\/avenida-mathias-steffens-sao-jose-do-hortencio-rs-4-jacson-hartmann-e1555003407281-750x375-1.jpg\",\"datePublished\":\"2020-10-05T21:00:24+00:00\",\"dateModified\":\"2020-12-16T13:22:19+00:00\",\"description\":\"Inscri\u00e7\u00f5es encerradas para o edital PGM S\u00e3o Jos\u00e9 de Hort\u00eancio, que oferta oportunidade para Procurador do Munic\u00edpio. Saiba mais!\",\"breadcrumb\":{\"@id\":\"https:\/\/www.estrategiaconcursos.com.br\/blog\/edital-pgm-sao-jose-de-hortencio\/#breadcrumb\"},\"inLanguage\":\"pt-BR\",\"potentialAction\":[{\"@type\":\"ReadAction\",\"target\":[\"https:\/\/www.estrategiaconcursos.com.br\/blog\/edital-pgm-sao-jose-de-hortencio\/\"]}]},{\"@type\":\"ImageObject\",\"inLanguage\":\"pt-BR\",\"@id\":\"https:\/\/www.estrategiaconcursos.com.br\/blog\/edital-pgm-sao-jose-de-hortencio\/#primaryimage\",\"url\":\"https:\/\/dhg1h5j42swfq.cloudfront.net\/2020\/09\/16150459\/avenida-mathias-steffens-sao-jose-do-hortencio-rs-4-jacson-hartmann-e1555003407281-750x375-1.jpg\",\"contentUrl\":\"https:\/\/dhg1h5j42swfq.cloudfront.net\/2020\/09\/16150459\/avenida-mathias-steffens-sao-jose-do-hortencio-rs-4-jacson-hartmann-e1555003407281-750x375-1.jpg\",\"width\":750,\"height\":375,\"caption\":\"Concurso PGM S\u00e3o Jos\u00e9 de Hort\u00eancio\"},{\"@type\":\"BreadcrumbList\",\"@id\":\"https:\/\/www.estrategiaconcursos.com.br\/blog\/edital-pgm-sao-jose-de-hortencio\/#breadcrumb\",\"itemListElement\":[{\"@type\":\"ListItem\",\"position\":1,\"name\":\"In\u00edcio\",\"item\":\"https:\/\/www.estrategiaconcursos.com.br\/blog\/\"},{\"@type\":\"ListItem\",\"position\":2,\"name\":\"Edital PGM S\u00e3o Jos\u00e9 de Hort\u00eancio RS: inscri\u00e7\u00f5es encerradas!\"}]},{\"@type\":\"WebSite\",\"@id\":\"https:\/\/www.estrategiaconcursos.com.br\/blog\/#website\",\"url\":\"https:\/\/www.estrategiaconcursos.com.br\/blog\/\",\"name\":\"Estrat\u00e9gia Concursos\",\"description\":\"O blog da Estrat\u00e9gia Concursos traz not\u00edcias sobre concursos e artigos de professores oferecendo cursos para concursos (pdf + videaulas) no site.\",\"publisher\":{\"@id\":\"https:\/\/www.estrategiaconcursos.com.br\/blog\/#organization\"},\"potentialAction\":[{\"@type\":\"SearchAction\",\"target\":{\"@type\":\"EntryPoint\",\"urlTemplate\":\"https:\/\/www.estrategiaconcursos.com.br\/blog\/?s={search_term_string}\"},\"query-input\":{\"@type\":\"PropertyValueSpecification\",\"valueRequired\":true,\"valueName\":\"search_term_string\"}}],\"inLanguage\":\"pt-BR\"},{\"@type\":\"Organization\",\"@id\":\"https:\/\/www.estrategiaconcursos.com.br\/blog\/#organization\",\"name\":\"Estrat\u00e9gia Concursos\",\"url\":\"https:\/\/www.estrategiaconcursos.com.br\/blog\/\",\"logo\":{\"@type\":\"ImageObject\",\"inLanguage\":\"pt-BR\",\"@id\":\"https:\/\/www.estrategiaconcursos.com.br\/blog\/#\/schema\/logo\/image\/\",\"url\":\"https:\/\/dhg1h5j42swfq.cloudfront.net\/2025\/06\/03203428\/logo_concursos-1.jpg\",\"contentUrl\":\"https:\/\/dhg1h5j42swfq.cloudfront.net\/2025\/06\/03203428\/logo_concursos-1.jpg\",\"width\":230,\"height\":60,\"caption\":\"Estrat\u00e9gia Concursos\"},\"image\":{\"@id\":\"https:\/\/www.estrategiaconcursos.com.br\/blog\/#\/schema\/logo\/image\/\"},\"sameAs\":[\"https:\/\/x.com\/EstratConcursos\"]},{\"@type\":\"Person\",\"@id\":\"https:\/\/www.estrategiaconcursos.com.br\/blog\/#\/schema\/person\/c03053fef0ea050ac4a816570c995e22\",\"name\":\"Rodolfo Breciani Penna\",\"image\":{\"@type\":\"ImageObject\",\"inLanguage\":\"pt-BR\",\"@id\":\"https:\/\/secure.gravatar.com\/avatar\/9027f793e8cb17f9cb34c61ffb4baa2dc2a0d4e4245b844134bc1b8006fe66b3?s=96&d=mm&r=g\",\"url\":\"https:\/\/secure.gravatar.com\/avatar\/9027f793e8cb17f9cb34c61ffb4baa2dc2a0d4e4245b844134bc1b8006fe66b3?s=96&d=mm&r=g\",\"contentUrl\":\"https:\/\/secure.gravatar.com\/avatar\/9027f793e8cb17f9cb34c61ffb4baa2dc2a0d4e4245b844134bc1b8006fe66b3?s=96&d=mm&r=g\",\"caption\":\"Rodolfo Breciani Penna\"},\"url\":\"https:\/\/www.estrategiaconcursos.com.br\/blog\/author\/prof-rodolfopennagmail-com\/\"}]}<\/script>\n<!-- \/ Yoast SEO Premium plugin. -->","yoast_head_json":{"title":"Edital PGM S\u00e3o Jos\u00e9 de Hort\u00eancio RS: inscri\u00e7\u00f5es encerradas!","description":"Inscri\u00e7\u00f5es encerradas para o edital PGM S\u00e3o Jos\u00e9 de Hort\u00eancio, que oferta oportunidade para Procurador do Munic\u00edpio. Saiba mais!","robots":{"index":"index","follow":"follow","max-snippet":"max-snippet:-1","max-image-preview":"max-image-preview:large","max-video-preview":"max-video-preview:-1"},"canonical":"https:\/\/www.estrategiaconcursos.com.br\/blog\/edital-pgm-sao-jose-de-hortencio\/","og_locale":"pt_BR","og_type":"article","og_title":"Edital PGM S\u00e3o Jos\u00e9 de Hort\u00eancio RS: inscri\u00e7\u00f5es encerradas!","og_description":"Inscri\u00e7\u00f5es encerradas para o edital PGM S\u00e3o Jos\u00e9 de Hort\u00eancio, que oferta oportunidade para Procurador do Munic\u00edpio. Saiba mais!","og_url":"https:\/\/www.estrategiaconcursos.com.br\/blog\/edital-pgm-sao-jose-de-hortencio\/","og_site_name":"Estrat\u00e9gia Concursos","article_published_time":"2020-10-05T21:00:24+00:00","article_modified_time":"2020-12-16T13:22:19+00:00","og_image":[{"width":750,"height":375,"url":"https:\/\/dhg1h5j42swfq.cloudfront.net\/2020\/09\/16150459\/avenida-mathias-steffens-sao-jose-do-hortencio-rs-4-jacson-hartmann-e1555003407281-750x375-1.jpg","type":"image\/jpeg"}],"author":"Rodolfo Breciani Penna","twitter_card":"summary_large_image","twitter_creator":"@EstratConcursos","twitter_site":"@EstratConcursos","twitter_misc":{"Escrito por":"Rodolfo Breciani Penna","Est. tempo de leitura":"4 minutos"},"schema":{"@context":"https:\/\/schema.org","@graph":[{"@type":"NewsArticle","@id":"https:\/\/www.estrategiaconcursos.com.br\/blog\/edital-pgm-sao-jose-de-hortencio\/#article","isPartOf":{"@id":"https:\/\/www.estrategiaconcursos.com.br\/blog\/edital-pgm-sao-jose-de-hortencio\/"},"author":{"name":"Rodolfo Breciani Penna","@id":"https:\/\/www.estrategiaconcursos.com.br\/blog\/#\/schema\/person\/c03053fef0ea050ac4a816570c995e22"},"headline":"Edital PGM S\u00e3o Jos\u00e9 de Hort\u00eancio RS: inscri\u00e7\u00f5es encerradas!","datePublished":"2020-10-05T21:00:24+00:00","dateModified":"2020-12-16T13:22:19+00:00","mainEntityOfPage":{"@id":"https:\/\/www.estrategiaconcursos.com.br\/blog\/edital-pgm-sao-jose-de-hortencio\/"},"wordCount":771,"commentCount":0,"publisher":{"@id":"https:\/\/www.estrategiaconcursos.com.br\/blog\/#organization"},"image":{"@id":"https:\/\/www.estrategiaconcursos.com.br\/blog\/edital-pgm-sao-jose-de-hortencio\/#primaryimage"},"thumbnailUrl":"https:\/\/dhg1h5j42swfq.cloudfront.net\/2020\/09\/16150459\/avenida-mathias-steffens-sao-jose-do-hortencio-rs-4-jacson-hartmann-e1555003407281-750x375-1.jpg","articleSection":["Jur\u00eddico"],"inLanguage":"pt-BR","potentialAction":[{"@type":"CommentAction","name":"Comment","target":["https:\/\/www.estrategiaconcursos.com.br\/blog\/edital-pgm-sao-jose-de-hortencio\/#respond"]}],"copyrightYear":"2020","copyrightHolder":{"@id":"https:\/\/www.estrategiaconcursos.com.br\/blog\/#organization"}},{"@type":"WebPage","@id":"https:\/\/www.estrategiaconcursos.com.br\/blog\/edital-pgm-sao-jose-de-hortencio\/","url":"https:\/\/www.estrategiaconcursos.com.br\/blog\/edital-pgm-sao-jose-de-hortencio\/","name":"Edital PGM S\u00e3o Jos\u00e9 de Hort\u00eancio RS: inscri\u00e7\u00f5es encerradas!","isPartOf":{"@id":"https:\/\/www.estrategiaconcursos.com.br\/blog\/#website"},"primaryImageOfPage":{"@id":"https:\/\/www.estrategiaconcursos.com.br\/blog\/edital-pgm-sao-jose-de-hortencio\/#primaryimage"},"image":{"@id":"https:\/\/www.estrategiaconcursos.com.br\/blog\/edital-pgm-sao-jose-de-hortencio\/#primaryimage"},"thumbnailUrl":"https:\/\/dhg1h5j42swfq.cloudfront.net\/2020\/09\/16150459\/avenida-mathias-steffens-sao-jose-do-hortencio-rs-4-jacson-hartmann-e1555003407281-750x375-1.jpg","datePublished":"2020-10-05T21:00:24+00:00","dateModified":"2020-12-16T13:22:19+00:00","description":"Inscri\u00e7\u00f5es encerradas para o edital PGM S\u00e3o Jos\u00e9 de Hort\u00eancio, que oferta oportunidade para Procurador do Munic\u00edpio. Saiba mais!","breadcrumb":{"@id":"https:\/\/www.estrategiaconcursos.com.br\/blog\/edital-pgm-sao-jose-de-hortencio\/#breadcrumb"},"inLanguage":"pt-BR","potentialAction":[{"@type":"ReadAction","target":["https:\/\/www.estrategiaconcursos.com.br\/blog\/edital-pgm-sao-jose-de-hortencio\/"]}]},{"@type":"ImageObject","inLanguage":"pt-BR","@id":"https:\/\/www.estrategiaconcursos.com.br\/blog\/edital-pgm-sao-jose-de-hortencio\/#primaryimage","url":"https:\/\/dhg1h5j42swfq.cloudfront.net\/2020\/09\/16150459\/avenida-mathias-steffens-sao-jose-do-hortencio-rs-4-jacson-hartmann-e1555003407281-750x375-1.jpg","contentUrl":"https:\/\/dhg1h5j42swfq.cloudfront.net\/2020\/09\/16150459\/avenida-mathias-steffens-sao-jose-do-hortencio-rs-4-jacson-hartmann-e1555003407281-750x375-1.jpg","width":750,"height":375,"caption":"Concurso PGM S\u00e3o Jos\u00e9 de Hort\u00eancio"},{"@type":"BreadcrumbList","@id":"https:\/\/www.estrategiaconcursos.com.br\/blog\/edital-pgm-sao-jose-de-hortencio\/#breadcrumb","itemListElement":[{"@type":"ListItem","position":1,"name":"In\u00edcio","item":"https:\/\/www.estrategiaconcursos.com.br\/blog\/"},{"@type":"ListItem","position":2,"name":"Edital PGM S\u00e3o Jos\u00e9 de Hort\u00eancio RS: inscri\u00e7\u00f5es encerradas!"}]},{"@type":"WebSite","@id":"https:\/\/www.estrategiaconcursos.com.br\/blog\/#website","url":"https:\/\/www.estrategiaconcursos.com.br\/blog\/","name":"Estrat\u00e9gia Concursos","description":"O blog da Estrat\u00e9gia Concursos traz not\u00edcias sobre concursos e artigos de professores oferecendo cursos para concursos (pdf + videaulas) no site.","publisher":{"@id":"https:\/\/www.estrategiaconcursos.com.br\/blog\/#organization"},"potentialAction":[{"@type":"SearchAction","target":{"@type":"EntryPoint","urlTemplate":"https:\/\/www.estrategiaconcursos.com.br\/blog\/?s={search_term_string}"},"query-input":{"@type":"PropertyValueSpecification","valueRequired":true,"valueName":"search_term_string"}}],"inLanguage":"pt-BR"},{"@type":"Organization","@id":"https:\/\/www.estrategiaconcursos.com.br\/blog\/#organization","name":"Estrat\u00e9gia Concursos","url":"https:\/\/www.estrategiaconcursos.com.br\/blog\/","logo":{"@type":"ImageObject","inLanguage":"pt-BR","@id":"https:\/\/www.estrategiaconcursos.com.br\/blog\/#\/schema\/logo\/image\/","url":"https:\/\/dhg1h5j42swfq.cloudfront.net\/2025\/06\/03203428\/logo_concursos-1.jpg","contentUrl":"https:\/\/dhg1h5j42swfq.cloudfront.net\/2025\/06\/03203428\/logo_concursos-1.jpg","width":230,"height":60,"caption":"Estrat\u00e9gia Concursos"},"image":{"@id":"https:\/\/www.estrategiaconcursos.com.br\/blog\/#\/schema\/logo\/image\/"},"sameAs":["https:\/\/x.com\/EstratConcursos"]},{"@type":"Person","@id":"https:\/\/www.estrategiaconcursos.com.br\/blog\/#\/schema\/person\/c03053fef0ea050ac4a816570c995e22","name":"Rodolfo Breciani Penna","image":{"@type":"ImageObject","inLanguage":"pt-BR","@id":"https:\/\/secure.gravatar.com\/avatar\/9027f793e8cb17f9cb34c61ffb4baa2dc2a0d4e4245b844134bc1b8006fe66b3?s=96&d=mm&r=g","url":"https:\/\/secure.gravatar.com\/avatar\/9027f793e8cb17f9cb34c61ffb4baa2dc2a0d4e4245b844134bc1b8006fe66b3?s=96&d=mm&r=g","contentUrl":"https:\/\/secure.gravatar.com\/avatar\/9027f793e8cb17f9cb34c61ffb4baa2dc2a0d4e4245b844134bc1b8006fe66b3?s=96&d=mm&r=g","caption":"Rodolfo Breciani Penna"},"url":"https:\/\/www.estrategiaconcursos.com.br\/blog\/author\/prof-rodolfopennagmail-com\/"}]}},"_links":{"self":[{"href":"https:\/\/www.estrategiaconcursos.com.br\/blog\/wp-json\/wp\/v2\/posts\/572861","targetHints":{"allow":["GET"]}}],"collection":[{"href":"https:\/\/www.estrategiaconcursos.com.br\/blog\/wp-json\/wp\/v2\/posts"}],"about":[{"href":"https:\/\/www.estrategiaconcursos.com.br\/blog\/wp-json\/wp\/v2\/types\/post"}],"author":[{"embeddable":true,"href":"https:\/\/www.estrategiaconcursos.com.br\/blog\/wp-json\/wp\/v2\/users\/1405"}],"replies":[{"embeddable":true,"href":"https:\/\/www.estrategiaconcursos.com.br\/blog\/wp-json\/wp\/v2\/comments?post=572861"}],"version-history":[{"count":27,"href":"https:\/\/www.estrategiaconcursos.com.br\/blog\/wp-json\/wp\/v2\/posts\/572861\/revisions"}],"predecessor-version":[{"id":583586,"href":"https:\/\/www.estrategiaconcursos.com.br\/blog\/wp-json\/wp\/v2\/posts\/572861\/revisions\/583586"}],"wp:featuredmedia":[{"embeddable":true,"href":"https:\/\/www.estrategiaconcursos.com.br\/blog\/wp-json\/wp\/v2\/media\/572998"}],"wp:attachment":[{"href":"https:\/\/www.estrategiaconcursos.com.br\/blog\/wp-json\/wp\/v2\/media?parent=572861"}],"wp:term":[{"taxonomy":"category","embeddable":true,"href":"https:\/\/www.estrategiaconcursos.com.br\/blog\/wp-json\/wp\/v2\/categories?post=572861"},{"taxonomy":"post_tag","embeddable":true,"href":"https:\/\/www.estrategiaconcursos.com.br\/blog\/wp-json\/wp\/v2\/tags?post=572861"},{"taxonomy":"tax_estado","embeddable":true,"href":"https:\/\/www.estrategiaconcursos.com.br\/blog\/wp-json\/wp\/v2\/tax_estado?post=572861"}],"curies":[{"name":"wp","href":"https:\/\/api.w.org\/{rel}","templated":true}]}}