{"id":572712,"date":"2020-09-16T09:56:43","date_gmt":"2020-09-16T12:56:43","guid":{"rendered":"https:\/\/www.estrategiaconcursos.com.br\/blog\/?p=572712"},"modified":"2023-06-27T16:12:42","modified_gmt":"2023-06-27T19:12:42","slug":"ipremu-uberlandia","status":"publish","type":"post","link":"https:\/\/www.estrategiaconcursos.com.br\/blog\/ipremu-uberlandia\/","title":{"rendered":"IPREMU Uberl\u00e2ndia: concurso p\u00fablico \u00e9 SUSPENSO!"},"content":{"rendered":"\n<p>Foi divulgado no Di\u00e1rio Oficial de Uberl\u00e2ndia desta ter\u00e7a-feira, 15 de setembro, o <strong>comunicado de suspens\u00e3o<\/strong> do concurso p\u00fablico do Instituto de Previd\u00eancia dos Servidores P\u00fablicos do Munic\u00edpio &#8211; IPREMU.<\/p>\n\n\n\n<p>A suspens\u00e3o se deu em raz\u00e3o da preven\u00e7\u00e3o e combate ao novo Coronav\u00edrus. Vale frisar que as provas objetivas do certame chegaram a ser adiadas mais de uma vez, j\u00e1 dando ind\u00edcios de uma poss\u00edvel suspens\u00e3o do concurso. <\/p>\n\n\n\n<p>A Prefeitura, em conjunto com a banca organizadora, seguem monitorando a situa\u00e7\u00e3o da pandemia na cidade para, assim que houver condi\u00e7\u00f5es, retomarem o concurso p\u00fablico. <\/p>\n\n\n\n<p>Maiores detalhes sobre o ressarcimento do valor da taxa de inscri\u00e7\u00e3o bem como outros assuntos referentes ao certame, poder\u00e3o ser conferidos no site da banca organizadora, <strong><a rel=\"noreferrer noopener\" href=\"http:\/\/www.fundep.ufmg.br\/\" target=\"_blank\">a Fundep<\/a><\/strong>.<\/p>\n\n\n\n<p><strong>Confira abaixo o comunicado sobre a suspens\u00e3o do concurso Ipremu Uberl\u00e2ndia: <\/strong><\/p>\n\n\n\n<figure class=\"wp-block-image aligncenter size-large is-resized\"><img loading=\"lazy\" decoding=\"async\" src=\"https:\/\/dhg1h5j42swfq.cloudfront.net\/2020\/09\/16094928\/image-136.png\" alt=\"\" class=\"wp-image-572737\" width=\"510\" height=\"372\" srcset=\"https:\/\/dhg1h5j42swfq.cloudfront.net\/2020\/09\/16094928\/image-136.png 563w, https:\/\/dhg1h5j42swfq.cloudfront.net\/2020\/09\/16094928\/image-136-300x219.png 300w\" sizes=\"auto, (max-width: 510px) 100vw, 510px\" \/><\/figure>\n\n\n\n<p>Ao todo, foram registrados quase sete mil inscritos para concorrer \u00e0s 18 vagas distribu\u00eddas entre cargos de todos os n\u00edveis de escolaridade. As&nbsp;inscri\u00e7\u00f5es&nbsp;se encerraram no dia 20 de agosto de 2020.<\/p>\n\n\n\n<p>Publicado em fevereiro&nbsp;deste ano, as vagas do edital concurso Ipremu Uberl\u00e2ndia foram divididas entre os n\u00edveis fundamental, m\u00e9dio e superior para uma carga hor\u00e1ria de 30 horas semanais.<\/p>\n\n\n\n<p>S\u00e3o duas vagas para cargos de agente de seguran\u00e7a patrimonial, duas para telefonista, 11 para assistente administrativo, duas para contador e uma para advogado.<\/p>\n\n\n\n<h4 class=\"wp-block-heading\" id=\"h-quer-saber-mais-detalhes-sobre-o-concurso-ipremu-uberlandia-acesse-o-link-abaixo-e-confira-tudo-na-integra\"><em><strong>Quer saber mais detalhes sobre o concurso Ipremu Uberl\u00e2ndia? Acesse o link abaixo e confira TUDO na \u00edntegra!!<\/strong><\/em><\/h4>\n\n\n\n<p class=\"has-text-align-center has-cyan-bluish-gray-background-color has-background\" style=\"font-size:clamp(14.642px, 0.915rem + ((1vw - 3.2px) * 0.721), 22px);px\">Saiba mais: <a rel=\"noreferrer noopener\" href=\"https:\/\/www.estrategiaconcursos.com.br\/blog\/concurso-ipremu-uberlandia\/\" target=\"_blank\">Concurso IPREMU Uberl\u00e2ndia <\/a><\/p>\n\n\n\n<p class=\"has-text-align-center has-medium-font-size\" id=\"cursos-assinatura\"><strong>Quer estudar para o concurso IPREMU?<\/strong><\/p>\n\n\n\n<p class=\"has-text-align-center\"><em>Gostou desta oportunidade e deseja come\u00e7ar se preparar agora mesmo? Ent\u00e3o, confira os nossos cursos e comece a estudar:<\/em><\/p>\n\n\n\n<p class=\"has-text-align-center has-luminous-vivid-amber-background-color has-background\" style=\"font-size:clamp(14.642px, 0.915rem + ((1vw - 3.2px) * 0.721), 22px);px\"><strong><a rel=\"noreferrer noopener\" aria-label=\"CURSO IPREMU UBERL\u00c2NDIA (abre numa nova aba)\" href=\"https:\/\/www.estrategiaconcursos.com.br\/cursosPorConcurso\/instituto-de-previdencia-dos-servidores-publicos-do-municipio-de-uberlandia-ipremu-uberlandia\/\" target=\"_blank\">CURSO IPREMU UBERL\u00c2NDIA<\/a><\/strong><\/p>\n\n\n\n<p class=\"has-text-align-center has-medium-font-size\"><em><strong>Assinatura Anual Ilimitada*<\/strong><\/em><\/p>\n\n\n\n<p class=\"has-text-align-center\"><em>Prepare-se com o melhor material e com quem mais aprova em Concursos P\u00fablicos em todo o pa\u00eds. Assine agora a nossa Assinatura Anual e tenha acesso ilimitado* a todos os nossos cursos.<\/em><\/p>\n\n\n\n<p class=\"has-text-align-center has-light-green-cyan-background-color has-background\" style=\"font-size:clamp(14.642px, 0.915rem + ((1vw - 3.2px) * 0.721), 22px);px\"><strong>ASSINE AGORA<\/strong>&nbsp;\u2013&nbsp;<strong><a rel=\"noreferrer noopener\" href=\"https:\/\/www.estrategiaconcursos.com.br\/assinaturas\" target=\"_blank\">Assinatura Ilimitada<\/a><\/strong><\/p>\n\n\n\n<p class=\"has-text-align-center has-medium-font-size\"><strong><em><strong>Sistema de Quest\u00f5es<\/strong><\/em><\/strong><\/p>\n\n\n\n<p class=\"has-text-align-center\"><em>Estrat\u00e9gia Quest\u00f5es nasceu maior do que todos os concorrentes, com mais quest\u00f5es cadastradas e mais solu\u00e7\u00f5es por professores. Ent\u00e3o, confira e aproveite os descontos e b\u00f4nus imperd\u00edveis!<\/em><\/p>\n\n\n\n<p class=\"has-text-align-center has-vivid-green-cyan-background-color has-background\" style=\"font-size:clamp(14.642px, 0.915rem + ((1vw - 3.2px) * 0.721), 22px);px\"><strong>ASSINE AGORA \u2013&nbsp;<a rel=\"noreferrer noopener\" href=\"https:\/\/www.estrategiaconcursos.com.br\/cursosPorConcurso\/sistema-de-questoes\/#\/\" target=\"_blank\">Sistema de Quest\u00f5es<\/a><\/strong><\/p>\n\n\n\n<p class=\"has-text-align-center has-medium-font-size\"><strong><em>Fique por dentro dos concursos em aberto<\/em><\/strong><\/p>\n\n\n\n<p class=\"has-text-align-center has-pale-cyan-blue-background-color has-background\" style=\"font-size:clamp(14.642px, 0.915rem + ((1vw - 3.2px) * 0.721), 22px);px\"><a href=\"https:\/\/www.estrategiaconcursos.com.br\/blog\/concursos-abertos\/\" target=\"_blank\" rel=\"noreferrer noopener\"><strong>CONCURSOS ABERTOS<\/strong><\/a><\/p>\n","protected":false},"excerpt":{"rendered":"<p>Foi divulgado no Di\u00e1rio Oficial de Uberl\u00e2ndia desta ter\u00e7a-feira, 15 de setembro, o comunicado de suspens\u00e3o do concurso p\u00fablico do Instituto de Previd\u00eancia dos Servidores P\u00fablicos do Munic\u00edpio &#8211; IPREMU. A suspens\u00e3o se deu em raz\u00e3o da preven\u00e7\u00e3o e combate ao novo Coronav\u00edrus. Vale frisar que as provas objetivas do certame chegaram a ser adiadas [&hellip;]<\/p>\n","protected":false},"author":1170,"featured_media":450321,"comment_status":"open","ping_status":"closed","sticky":false,"template":"","format":"standard","meta":{"post_tipo":"article","footnotes":""},"categories":[1],"tags":[],"tax_estado":[],"class_list":["post-572712","post","type-post","status-publish","format-standard","has-post-thumbnail","hentry","category-cursos-e-concursos"],"acf":[],"yoast_head":"<!-- This site is optimized with the Yoast SEO Premium plugin v27.2 (Yoast SEO v27.2) - https:\/\/yoast.com\/product\/yoast-seo-premium-wordpress\/ -->\n<title>IPREMU Uberl\u00e2ndia: concurso p\u00fablico \u00e9 SUSPENSO!<\/title>\n<meta name=\"description\" content=\"IPREMU Uberl\u00e2ndia: concurso p\u00fablico para provimento de 18 vagas em diversos n\u00edveis de escolaridade \u00e9 SUSPENSO! Confira aqui!\" \/>\n<meta name=\"robots\" content=\"index, follow, max-snippet:-1, max-image-preview:large, max-video-preview:-1\" \/>\n<link rel=\"canonical\" href=\"https:\/\/www.estrategiaconcursos.com.br\/blog\/ipremu-uberlandia\/\" \/>\n<meta property=\"og:locale\" content=\"pt_BR\" \/>\n<meta property=\"og:type\" content=\"article\" \/>\n<meta property=\"og:title\" content=\"IPREMU Uberl\u00e2ndia: concurso p\u00fablico \u00e9 SUSPENSO!\" \/>\n<meta property=\"og:description\" content=\"IPREMU Uberl\u00e2ndia: concurso p\u00fablico para provimento de 18 vagas em diversos n\u00edveis de escolaridade \u00e9 SUSPENSO! Confira aqui!\" \/>\n<meta property=\"og:url\" content=\"https:\/\/www.estrategiaconcursos.com.br\/blog\/ipremu-uberlandia\/\" \/>\n<meta property=\"og:site_name\" content=\"Estrat\u00e9gia Concursos\" \/>\n<meta property=\"article:published_time\" content=\"2020-09-16T12:56:43+00:00\" \/>\n<meta property=\"article:modified_time\" content=\"2023-06-27T19:12:42+00:00\" \/>\n<meta property=\"og:image\" content=\"https:\/\/dhg1h5j42swfq.cloudfront.net\/2019\/11\/22092917\/IPREMU-Uberlandia.png\" \/>\n\t<meta property=\"og:image:width\" content=\"1200\" \/>\n\t<meta property=\"og:image:height\" content=\"628\" \/>\n\t<meta property=\"og:image:type\" content=\"image\/png\" \/>\n<meta name=\"author\" content=\"Fabiano Pereira\" \/>\n<meta name=\"twitter:card\" content=\"summary_large_image\" \/>\n<meta name=\"twitter:creator\" content=\"@EstratConcursos\" \/>\n<meta name=\"twitter:site\" content=\"@EstratConcursos\" \/>\n<meta name=\"twitter:label1\" content=\"Escrito por\" \/>\n\t<meta name=\"twitter:data1\" content=\"Fabiano Pereira\" \/>\n\t<meta name=\"twitter:label2\" content=\"Est. tempo de leitura\" \/>\n\t<meta name=\"twitter:data2\" content=\"2 minutos\" \/>\n<script type=\"application\/ld+json\" class=\"yoast-schema-graph\">{\"@context\":\"https:\/\/schema.org\",\"@graph\":[{\"@type\":\"NewsArticle\",\"@id\":\"https:\/\/www.estrategiaconcursos.com.br\/blog\/ipremu-uberlandia\/#article\",\"isPartOf\":{\"@id\":\"https:\/\/www.estrategiaconcursos.com.br\/blog\/ipremu-uberlandia\/\"},\"author\":{\"name\":\"Fabiano Pereira\",\"@id\":\"https:\/\/www.estrategiaconcursos.com.br\/blog\/#\/schema\/person\/73a0097d005d0e0410a58869a4ff0dad\"},\"headline\":\"IPREMU Uberl\u00e2ndia: concurso p\u00fablico \u00e9 SUSPENSO!\",\"datePublished\":\"2020-09-16T12:56:43+00:00\",\"dateModified\":\"2023-06-27T19:12:42+00:00\",\"mainEntityOfPage\":{\"@id\":\"https:\/\/www.estrategiaconcursos.com.br\/blog\/ipremu-uberlandia\/\"},\"wordCount\":406,\"commentCount\":0,\"publisher\":{\"@id\":\"https:\/\/www.estrategiaconcursos.com.br\/blog\/#organization\"},\"image\":{\"@id\":\"https:\/\/www.estrategiaconcursos.com.br\/blog\/ipremu-uberlandia\/#primaryimage\"},\"thumbnailUrl\":\"https:\/\/dhg1h5j42swfq.cloudfront.net\/2019\/11\/22092917\/IPREMU-Uberlandia.png\",\"articleSection\":[\"Concursos P\u00fablicos\"],\"inLanguage\":\"pt-BR\",\"potentialAction\":[{\"@type\":\"CommentAction\",\"name\":\"Comment\",\"target\":[\"https:\/\/www.estrategiaconcursos.com.br\/blog\/ipremu-uberlandia\/#respond\"]}],\"copyrightYear\":\"2020\",\"copyrightHolder\":{\"@id\":\"https:\/\/www.estrategiaconcursos.com.br\/blog\/#organization\"}},{\"@type\":\"WebPage\",\"@id\":\"https:\/\/www.estrategiaconcursos.com.br\/blog\/ipremu-uberlandia\/\",\"url\":\"https:\/\/www.estrategiaconcursos.com.br\/blog\/ipremu-uberlandia\/\",\"name\":\"IPREMU Uberl\u00e2ndia: concurso p\u00fablico \u00e9 SUSPENSO!\",\"isPartOf\":{\"@id\":\"https:\/\/www.estrategiaconcursos.com.br\/blog\/#website\"},\"primaryImageOfPage\":{\"@id\":\"https:\/\/www.estrategiaconcursos.com.br\/blog\/ipremu-uberlandia\/#primaryimage\"},\"image\":{\"@id\":\"https:\/\/www.estrategiaconcursos.com.br\/blog\/ipremu-uberlandia\/#primaryimage\"},\"thumbnailUrl\":\"https:\/\/dhg1h5j42swfq.cloudfront.net\/2019\/11\/22092917\/IPREMU-Uberlandia.png\",\"datePublished\":\"2020-09-16T12:56:43+00:00\",\"dateModified\":\"2023-06-27T19:12:42+00:00\",\"description\":\"IPREMU Uberl\u00e2ndia: concurso p\u00fablico para provimento de 18 vagas em diversos n\u00edveis de escolaridade \u00e9 SUSPENSO! Confira aqui!\",\"breadcrumb\":{\"@id\":\"https:\/\/www.estrategiaconcursos.com.br\/blog\/ipremu-uberlandia\/#breadcrumb\"},\"inLanguage\":\"pt-BR\",\"potentialAction\":[{\"@type\":\"ReadAction\",\"target\":[\"https:\/\/www.estrategiaconcursos.com.br\/blog\/ipremu-uberlandia\/\"]}]},{\"@type\":\"ImageObject\",\"inLanguage\":\"pt-BR\",\"@id\":\"https:\/\/www.estrategiaconcursos.com.br\/blog\/ipremu-uberlandia\/#primaryimage\",\"url\":\"https:\/\/dhg1h5j42swfq.cloudfront.net\/2019\/11\/22092917\/IPREMU-Uberlandia.png\",\"contentUrl\":\"https:\/\/dhg1h5j42swfq.cloudfront.net\/2019\/11\/22092917\/IPREMU-Uberlandia.png\",\"width\":1200,\"height\":628,\"caption\":\"ipremu uberlandia\"},{\"@type\":\"BreadcrumbList\",\"@id\":\"https:\/\/www.estrategiaconcursos.com.br\/blog\/ipremu-uberlandia\/#breadcrumb\",\"itemListElement\":[{\"@type\":\"ListItem\",\"position\":1,\"name\":\"In\u00edcio\",\"item\":\"https:\/\/www.estrategiaconcursos.com.br\/blog\/\"},{\"@type\":\"ListItem\",\"position\":2,\"name\":\"IPREMU Uberl\u00e2ndia: concurso p\u00fablico \u00e9 SUSPENSO!\"}]},{\"@type\":\"WebSite\",\"@id\":\"https:\/\/www.estrategiaconcursos.com.br\/blog\/#website\",\"url\":\"https:\/\/www.estrategiaconcursos.com.br\/blog\/\",\"name\":\"Estrat\u00e9gia Concursos\",\"description\":\"O blog da Estrat\u00e9gia Concursos traz not\u00edcias sobre concursos e artigos de professores oferecendo cursos para concursos (pdf + videaulas) no site.\",\"publisher\":{\"@id\":\"https:\/\/www.estrategiaconcursos.com.br\/blog\/#organization\"},\"potentialAction\":[{\"@type\":\"SearchAction\",\"target\":{\"@type\":\"EntryPoint\",\"urlTemplate\":\"https:\/\/www.estrategiaconcursos.com.br\/blog\/?s={search_term_string}\"},\"query-input\":{\"@type\":\"PropertyValueSpecification\",\"valueRequired\":true,\"valueName\":\"search_term_string\"}}],\"inLanguage\":\"pt-BR\"},{\"@type\":\"Organization\",\"@id\":\"https:\/\/www.estrategiaconcursos.com.br\/blog\/#organization\",\"name\":\"Estrat\u00e9gia Concursos\",\"url\":\"https:\/\/www.estrategiaconcursos.com.br\/blog\/\",\"logo\":{\"@type\":\"ImageObject\",\"inLanguage\":\"pt-BR\",\"@id\":\"https:\/\/www.estrategiaconcursos.com.br\/blog\/#\/schema\/logo\/image\/\",\"url\":\"https:\/\/dhg1h5j42swfq.cloudfront.net\/2025\/06\/03203428\/logo_concursos-1.jpg\",\"contentUrl\":\"https:\/\/dhg1h5j42swfq.cloudfront.net\/2025\/06\/03203428\/logo_concursos-1.jpg\",\"width\":230,\"height\":60,\"caption\":\"Estrat\u00e9gia Concursos\"},\"image\":{\"@id\":\"https:\/\/www.estrategiaconcursos.com.br\/blog\/#\/schema\/logo\/image\/\"},\"sameAs\":[\"https:\/\/x.com\/EstratConcursos\"]},{\"@type\":\"Person\",\"@id\":\"https:\/\/www.estrategiaconcursos.com.br\/blog\/#\/schema\/person\/73a0097d005d0e0410a58869a4ff0dad\",\"name\":\"Fabiano Pereira\",\"image\":{\"@type\":\"ImageObject\",\"inLanguage\":\"pt-BR\",\"@id\":\"https:\/\/secure.gravatar.com\/avatar\/2d50d79dc60f78c8adffae60393ee45fd6d79c9cb3bd6c1abc9a574ca4f1ff0a?s=96&d=mm&r=g\",\"url\":\"https:\/\/secure.gravatar.com\/avatar\/2d50d79dc60f78c8adffae60393ee45fd6d79c9cb3bd6c1abc9a574ca4f1ff0a?s=96&d=mm&r=g\",\"contentUrl\":\"https:\/\/secure.gravatar.com\/avatar\/2d50d79dc60f78c8adffae60393ee45fd6d79c9cb3bd6c1abc9a574ca4f1ff0a?s=96&d=mm&r=g\",\"caption\":\"Fabiano Pereira\"},\"url\":\"https:\/\/www.estrategiaconcursos.com.br\/blog\/author\/professorfabianopereirayahoo-com-br\/\"}]}<\/script>\n<!-- \/ Yoast SEO Premium plugin. -->","yoast_head_json":{"title":"IPREMU Uberl\u00e2ndia: concurso p\u00fablico \u00e9 SUSPENSO!","description":"IPREMU Uberl\u00e2ndia: concurso p\u00fablico para provimento de 18 vagas em diversos n\u00edveis de escolaridade \u00e9 SUSPENSO! Confira aqui!","robots":{"index":"index","follow":"follow","max-snippet":"max-snippet:-1","max-image-preview":"max-image-preview:large","max-video-preview":"max-video-preview:-1"},"canonical":"https:\/\/www.estrategiaconcursos.com.br\/blog\/ipremu-uberlandia\/","og_locale":"pt_BR","og_type":"article","og_title":"IPREMU Uberl\u00e2ndia: concurso p\u00fablico \u00e9 SUSPENSO!","og_description":"IPREMU Uberl\u00e2ndia: concurso p\u00fablico para provimento de 18 vagas em diversos n\u00edveis de escolaridade \u00e9 SUSPENSO! Confira aqui!","og_url":"https:\/\/www.estrategiaconcursos.com.br\/blog\/ipremu-uberlandia\/","og_site_name":"Estrat\u00e9gia Concursos","article_published_time":"2020-09-16T12:56:43+00:00","article_modified_time":"2023-06-27T19:12:42+00:00","og_image":[{"width":1200,"height":628,"url":"https:\/\/dhg1h5j42swfq.cloudfront.net\/2019\/11\/22092917\/IPREMU-Uberlandia.png","type":"image\/png"}],"author":"Fabiano Pereira","twitter_card":"summary_large_image","twitter_creator":"@EstratConcursos","twitter_site":"@EstratConcursos","twitter_misc":{"Escrito por":"Fabiano Pereira","Est. tempo de leitura":"2 minutos"},"schema":{"@context":"https:\/\/schema.org","@graph":[{"@type":"NewsArticle","@id":"https:\/\/www.estrategiaconcursos.com.br\/blog\/ipremu-uberlandia\/#article","isPartOf":{"@id":"https:\/\/www.estrategiaconcursos.com.br\/blog\/ipremu-uberlandia\/"},"author":{"name":"Fabiano Pereira","@id":"https:\/\/www.estrategiaconcursos.com.br\/blog\/#\/schema\/person\/73a0097d005d0e0410a58869a4ff0dad"},"headline":"IPREMU Uberl\u00e2ndia: concurso p\u00fablico \u00e9 SUSPENSO!","datePublished":"2020-09-16T12:56:43+00:00","dateModified":"2023-06-27T19:12:42+00:00","mainEntityOfPage":{"@id":"https:\/\/www.estrategiaconcursos.com.br\/blog\/ipremu-uberlandia\/"},"wordCount":406,"commentCount":0,"publisher":{"@id":"https:\/\/www.estrategiaconcursos.com.br\/blog\/#organization"},"image":{"@id":"https:\/\/www.estrategiaconcursos.com.br\/blog\/ipremu-uberlandia\/#primaryimage"},"thumbnailUrl":"https:\/\/dhg1h5j42swfq.cloudfront.net\/2019\/11\/22092917\/IPREMU-Uberlandia.png","articleSection":["Concursos P\u00fablicos"],"inLanguage":"pt-BR","potentialAction":[{"@type":"CommentAction","name":"Comment","target":["https:\/\/www.estrategiaconcursos.com.br\/blog\/ipremu-uberlandia\/#respond"]}],"copyrightYear":"2020","copyrightHolder":{"@id":"https:\/\/www.estrategiaconcursos.com.br\/blog\/#organization"}},{"@type":"WebPage","@id":"https:\/\/www.estrategiaconcursos.com.br\/blog\/ipremu-uberlandia\/","url":"https:\/\/www.estrategiaconcursos.com.br\/blog\/ipremu-uberlandia\/","name":"IPREMU Uberl\u00e2ndia: concurso p\u00fablico \u00e9 SUSPENSO!","isPartOf":{"@id":"https:\/\/www.estrategiaconcursos.com.br\/blog\/#website"},"primaryImageOfPage":{"@id":"https:\/\/www.estrategiaconcursos.com.br\/blog\/ipremu-uberlandia\/#primaryimage"},"image":{"@id":"https:\/\/www.estrategiaconcursos.com.br\/blog\/ipremu-uberlandia\/#primaryimage"},"thumbnailUrl":"https:\/\/dhg1h5j42swfq.cloudfront.net\/2019\/11\/22092917\/IPREMU-Uberlandia.png","datePublished":"2020-09-16T12:56:43+00:00","dateModified":"2023-06-27T19:12:42+00:00","description":"IPREMU Uberl\u00e2ndia: concurso p\u00fablico para provimento de 18 vagas em diversos n\u00edveis de escolaridade \u00e9 SUSPENSO! Confira aqui!","breadcrumb":{"@id":"https:\/\/www.estrategiaconcursos.com.br\/blog\/ipremu-uberlandia\/#breadcrumb"},"inLanguage":"pt-BR","potentialAction":[{"@type":"ReadAction","target":["https:\/\/www.estrategiaconcursos.com.br\/blog\/ipremu-uberlandia\/"]}]},{"@type":"ImageObject","inLanguage":"pt-BR","@id":"https:\/\/www.estrategiaconcursos.com.br\/blog\/ipremu-uberlandia\/#primaryimage","url":"https:\/\/dhg1h5j42swfq.cloudfront.net\/2019\/11\/22092917\/IPREMU-Uberlandia.png","contentUrl":"https:\/\/dhg1h5j42swfq.cloudfront.net\/2019\/11\/22092917\/IPREMU-Uberlandia.png","width":1200,"height":628,"caption":"ipremu uberlandia"},{"@type":"BreadcrumbList","@id":"https:\/\/www.estrategiaconcursos.com.br\/blog\/ipremu-uberlandia\/#breadcrumb","itemListElement":[{"@type":"ListItem","position":1,"name":"In\u00edcio","item":"https:\/\/www.estrategiaconcursos.com.br\/blog\/"},{"@type":"ListItem","position":2,"name":"IPREMU Uberl\u00e2ndia: concurso p\u00fablico \u00e9 SUSPENSO!"}]},{"@type":"WebSite","@id":"https:\/\/www.estrategiaconcursos.com.br\/blog\/#website","url":"https:\/\/www.estrategiaconcursos.com.br\/blog\/","name":"Estrat\u00e9gia Concursos","description":"O blog da Estrat\u00e9gia Concursos traz not\u00edcias sobre concursos e artigos de professores oferecendo cursos para concursos (pdf + videaulas) no site.","publisher":{"@id":"https:\/\/www.estrategiaconcursos.com.br\/blog\/#organization"},"potentialAction":[{"@type":"SearchAction","target":{"@type":"EntryPoint","urlTemplate":"https:\/\/www.estrategiaconcursos.com.br\/blog\/?s={search_term_string}"},"query-input":{"@type":"PropertyValueSpecification","valueRequired":true,"valueName":"search_term_string"}}],"inLanguage":"pt-BR"},{"@type":"Organization","@id":"https:\/\/www.estrategiaconcursos.com.br\/blog\/#organization","name":"Estrat\u00e9gia Concursos","url":"https:\/\/www.estrategiaconcursos.com.br\/blog\/","logo":{"@type":"ImageObject","inLanguage":"pt-BR","@id":"https:\/\/www.estrategiaconcursos.com.br\/blog\/#\/schema\/logo\/image\/","url":"https:\/\/dhg1h5j42swfq.cloudfront.net\/2025\/06\/03203428\/logo_concursos-1.jpg","contentUrl":"https:\/\/dhg1h5j42swfq.cloudfront.net\/2025\/06\/03203428\/logo_concursos-1.jpg","width":230,"height":60,"caption":"Estrat\u00e9gia Concursos"},"image":{"@id":"https:\/\/www.estrategiaconcursos.com.br\/blog\/#\/schema\/logo\/image\/"},"sameAs":["https:\/\/x.com\/EstratConcursos"]},{"@type":"Person","@id":"https:\/\/www.estrategiaconcursos.com.br\/blog\/#\/schema\/person\/73a0097d005d0e0410a58869a4ff0dad","name":"Fabiano Pereira","image":{"@type":"ImageObject","inLanguage":"pt-BR","@id":"https:\/\/secure.gravatar.com\/avatar\/2d50d79dc60f78c8adffae60393ee45fd6d79c9cb3bd6c1abc9a574ca4f1ff0a?s=96&d=mm&r=g","url":"https:\/\/secure.gravatar.com\/avatar\/2d50d79dc60f78c8adffae60393ee45fd6d79c9cb3bd6c1abc9a574ca4f1ff0a?s=96&d=mm&r=g","contentUrl":"https:\/\/secure.gravatar.com\/avatar\/2d50d79dc60f78c8adffae60393ee45fd6d79c9cb3bd6c1abc9a574ca4f1ff0a?s=96&d=mm&r=g","caption":"Fabiano Pereira"},"url":"https:\/\/www.estrategiaconcursos.com.br\/blog\/author\/professorfabianopereirayahoo-com-br\/"}]}},"_links":{"self":[{"href":"https:\/\/www.estrategiaconcursos.com.br\/blog\/wp-json\/wp\/v2\/posts\/572712","targetHints":{"allow":["GET"]}}],"collection":[{"href":"https:\/\/www.estrategiaconcursos.com.br\/blog\/wp-json\/wp\/v2\/posts"}],"about":[{"href":"https:\/\/www.estrategiaconcursos.com.br\/blog\/wp-json\/wp\/v2\/types\/post"}],"author":[{"embeddable":true,"href":"https:\/\/www.estrategiaconcursos.com.br\/blog\/wp-json\/wp\/v2\/users\/1170"}],"replies":[{"embeddable":true,"href":"https:\/\/www.estrategiaconcursos.com.br\/blog\/wp-json\/wp\/v2\/comments?post=572712"}],"version-history":[{"count":4,"href":"https:\/\/www.estrategiaconcursos.com.br\/blog\/wp-json\/wp\/v2\/posts\/572712\/revisions"}],"predecessor-version":[{"id":1239794,"href":"https:\/\/www.estrategiaconcursos.com.br\/blog\/wp-json\/wp\/v2\/posts\/572712\/revisions\/1239794"}],"wp:featuredmedia":[{"embeddable":true,"href":"https:\/\/www.estrategiaconcursos.com.br\/blog\/wp-json\/wp\/v2\/media\/450321"}],"wp:attachment":[{"href":"https:\/\/www.estrategiaconcursos.com.br\/blog\/wp-json\/wp\/v2\/media?parent=572712"}],"wp:term":[{"taxonomy":"category","embeddable":true,"href":"https:\/\/www.estrategiaconcursos.com.br\/blog\/wp-json\/wp\/v2\/categories?post=572712"},{"taxonomy":"post_tag","embeddable":true,"href":"https:\/\/www.estrategiaconcursos.com.br\/blog\/wp-json\/wp\/v2\/tags?post=572712"},{"taxonomy":"tax_estado","embeddable":true,"href":"https:\/\/www.estrategiaconcursos.com.br\/blog\/wp-json\/wp\/v2\/tax_estado?post=572712"}],"curies":[{"name":"wp","href":"https:\/\/api.w.org\/{rel}","templated":true}]}}