{"id":57269,"date":"2016-12-07T06:24:38","date_gmt":"2016-12-07T09:24:38","guid":{"rendered":"https:\/\/www.estrategiaconcursos.com.br\/blog\/?p=57269"},"modified":"2016-12-07T06:24:38","modified_gmt":"2016-12-07T09:24:38","slug":"prova-comentada-trt-20a-regiao-sistemas-operacionais-ti","status":"publish","type":"post","link":"https:\/\/www.estrategiaconcursos.com.br\/blog\/prova-comentada-trt-20a-regiao-sistemas-operacionais-ti\/","title":{"rendered":"Prova comentada \u2013 TRT 20\u00aa Regi\u00e3o \u2013 Sistemas Operacionais \u2013 TI"},"content":{"rendered":"<div class=\"gmail_quote\">Ol\u00e1 pessoal.<\/div>\n<div class=\"gmail_quote\"><\/div>\n<div class=\"gmail_quote\">Vamos aos coment\u00e1rios da prova para <strong>T\u00e9cnico Judici\u00e1rio<\/strong> &#8211;\u00a0<b>Tecnologia da Informa\u00e7\u00e3o<\/b>. A prova ministrada no \u00faltimo fim de semana e elaborada pela banca Funda\u00e7\u00e3o Carlos Chagas.<\/div>\n<div class=\"gmail_quote\"><\/div>\n<div class=\"gmail_quote\">No tocante \u00e0 <b>disciplina de Sistemas Operacionais<\/b>, tivemos 6\u00a0quest\u00f5es.\u00a0Foram 01 quest\u00f5es sobre conceitos b\u00e1sicos de SO; 01 quest\u00e3o sobre Windows; 01 sobre Linux; 01 quest\u00e3o sobre redes SAN\/NAS, e 02 quest\u00f5es sobre no\u00e7\u00f5es de hardware.<\/div>\n<div class=\"gmail_quote\"><\/div>\n<div class=\"gmail_quote\">Em nossa disciplina, foi uma prova bem distribu\u00edda entre os t\u00f3picos. A cobran\u00e7a se deu em conceitos j\u00e1 bem estabelecidos, sem pol\u00eamicas.<\/div>\n<div class=\"gmail_quote\"><\/div>\n<div class=\"gmail_quote\">Entendo que a banca manteve seu perfil caracter\u00edstico: quest\u00f5es te\u00f3ricas diretas de n\u00edvel \u00a0m\u00e9dio de dificuldade.\u00a0Vamos comentar os itens.<\/div>\n<div class=\"gmail_quote\"><\/div>\n<div class=\"gmail_quote\"><\/div>\n<div class=\"gmail_quote\">\n<hr \/>\n<\/div>\n<div class=\"gmail_quote\">\n<p><strong>Quest\u00e3o 21.<\/strong> Uma inicializa\u00e7\u00e3o simples \u00e9 realizada para iniciar o sistema operacional Windows usando um conjunto m\u00ednimo de drivers e programas. Isso ajuda a eliminar conflitos de software. Ap\u00f3s fazer logon no computador usando uma conta com direitos de administrador, os passos iniciais para executar uma inicializa\u00e7\u00e3o simples no Windows 7 em portugu\u00eas s\u00e3o<\/p>\n<p>a) clicar no bot\u00e3o Iniciar, pesquisar por regedit e selecionar Configura\u00e7\u00e3o do Sistema nos resultados de pesquisa.<\/p>\n<p>b) clicar no bot\u00e3o Iniciar, digitar msconfig.exe na caixa de pesquisa e pressionar ENTER para iniciar o utilit\u00e1rio de Configura\u00e7\u00e3o do Sistema.<\/p>\n<p>c) passar o dedo na borda direita da tela, tocar em Pesquisar, digitar msconfig na caixa de pesquisa e tocar ou clicar em msconfig.<\/p>\n<p>d) clicar no bot\u00e3o Iniciar, digitar regedit.exe na caixa Pesquisar e pressionar ENTER para iniciar o utilit\u00e1rio de Configura\u00e7\u00e3o do Sistema.<\/p>\n<p>e) levar o mouse para a borda direita da tela, clicar em Pesquisar, digitar regedit na caixa de pesquisa e clicar em regedit.<\/p>\n<p><strong>Coment\u00e1rios: <\/strong><\/p>\n<p>Pessoal, quest\u00e3o direta e simples. Entendo estar correto o gabarito e n\u00e3o vejo possibilidade de recurso. O regedit \u00e9 a ferramenta para edi\u00e7\u00e3o do registro do Windows. N\u00e3o \u00e9 seu prop\u00f3sito alterar a forma de inicializa\u00e7\u00e3o do Windows. Com isso, descartamos as alternativas A, D e E. Para tanto, \u00e9 poss\u00edvel utilizar o utilit\u00e1rio msconfig, e na aba boot setar a inicializa\u00e7\u00e3o em modo seguro. As letras B e C citam corretamente o msconfig, mas apenas a letra B (a quest\u00e3o nada indicou que se trata de tela touchscreen, logo, descartamos a alternativa C, concordam?) indica a forma correta de execut\u00e1-lo.<\/p>\n<p><strong>Gabarito: B<\/strong><\/p>\n<hr \/>\n<p><strong>Quest\u00e3o 22<\/strong>. Ao comparar os dispositivos de armazenamento HD e SSD, um T\u00e9cnico com especialidade em TI, afirmou corretamente que<\/p>\n<p>(A) n\u00e3o \u00e9 recomend\u00e1vel manter em uma mesma m\u00e1quina um HD e uma unidade SSD, pois as placas-m\u00e3e que identificam o SSD n\u00e3o conseguem utilizar cache do HD.<\/p>\n<p>(B) enquanto um HD de 6200 RPM consegue ler dados a 200 Gbps, unidades SSD podem chegar a velocidades de 550 Tbps ou mais.<\/p>\n<p>(C) investir em uma unidade SSD \u00e9 desnecess\u00e1rio, pois apenas alguns arquivos do sistema operacional s\u00e3o usados com frequ\u00eancia e as placas-m\u00e3e n\u00e3o carregam programas mais r\u00e1pido do que em um HD.<\/p>\n<p>(D) substituir um HD de 1 PB por um SSD com a mesma capacidade \u00e9 uma excelente alternativa, pois os pre\u00e7os s\u00e3o semelhantes, gerando grande economia e aumento de desempenho.<\/p>\n<p>(E) quedas acidentais ou vibra\u00e7\u00f5es podem n\u00e3o causar muitos danos aos SSDs, que n\u00e3o possuem partes mec\u00e2nicas, ao contr\u00e1rio dos HDs cujos discos magn\u00e9ticos podem ser inutilizados nestes acidentes.<\/p>\n<p><strong>Coment\u00e1rios: <\/strong><\/p>\n<p>a) <strong>Errada &#8211;<\/strong> n\u00e3o h\u00e1 impeditivos a se manter em uma mesma m\u00e1quina um HD e uma unidade SSD.<\/p>\n<p>b) <strong>Errada &#8211;<\/strong> HD de <strong>7200<\/strong> RPM possuem velocidade de leitura entre 60 a 100 MB\/s, unidades SSD podem chegar a velocidades superiores a 500 MB\/s.<\/p>\n<p>c) <strong>Errada \u2013 <\/strong>A op\u00e7\u00e3o por discos SSD leva em conta n\u00e3o apenas o benef\u00edcio nos tempos de acesso aos arquivos do sistema operacional, mas tamb\u00e9m podem beneficiar outros dados de acesso r\u00e1pido ou frequente.<\/p>\n<p>d) <strong>Errada \u2013 <\/strong>Os pre\u00e7os dos discos SSD n\u00e3o s\u00e3o semelhantes aos discos r\u00edgidos.<\/p>\n<p>e) <strong>Certa \u2013<\/strong> A resist\u00eancia dos discos de estado s\u00f3lido a quedas acidentais ou vibra\u00e7\u00f5es \u00e9 alegadamente um diferencial frente aos discos magn\u00e9ticos, que frequentemente s\u00e3o danificados nestes acidentes.<\/p>\n<p>Entendo estar correto o gabarito, letra E, e n\u00e3o vejo possibilidade de recurso.<\/p>\n<p><strong>Gabarito: E<\/strong><\/p>\n<hr \/>\n<p><strong>Quest\u00e3o 23.<\/strong> Um computador com processador de<\/p>\n<p>(A) 32 bits ou de 64 bits consegue acessar 8GB de RAM, mas o de 64 bits consegue acess\u00e1-la de maneira mais r\u00e1pida e eficiente, o que deixa o computador mais r\u00e1pido tamb\u00e9m.<\/p>\n<p>(B) 32 bits consegue endere\u00e7ar um total de 232 ou 8.294.967.295 endere\u00e7os diferentes. Esses endere\u00e7os apontam para a mem\u00f3ria RAM, onde as informa\u00e7\u00f5es de que o processador precisa ficam armazenadas.<\/p>\n<p>(C) 32 bits precisa ter, no m\u00ednimo, 4GB de RAM e velocidade de clock m\u00ednima de 3.2GHz. Estes dados garantem que o sistema operacional possa ser carregado na BIOS sem problemas.<\/p>\n<p>(D) 64 bits precisa ter, no m\u00ednimo, 8GB de RAM e velocidade de clock m\u00ednima de 6.4GHz. Estes dados garantem que o sistema operacional possa ser carregado na ROM sem problemas.<\/p>\n<p>(E) 64 bits consegue endere\u00e7ar 264 endere\u00e7os diferentes, podendo acessar muito mais RAM. Mas computadores pessoais atuais raramente suportam mais que 64GB de RAM.<\/p>\n<p><strong>Coment\u00e1rios:<\/strong><\/p>\n<p>Nesta quest\u00e3o devemos recordar que o n\u00famero de bits do processador est\u00e1 relacionado diretamente \u00e0 capacidade de endere\u00e7amento de mem\u00f3ria. Processadores de 32 bits endere\u00e7am at\u00e9 4 GB de RAM, e de 64 bits endere\u00e7am <span style=\"text-decoration: underline\">teoricamente<\/span> at\u00e9 1 TB. Processadores de 64 bits permitem endere\u00e7ar mais RAM do que processadores de 32 bits. As alternativas A, B, C e D est\u00e1 equivocadas. Diante disso, a letra E \u00e9 a mais acertada.\u00a0Entendo estar correto o gabarito, letra E, e n\u00e3o vejo possibilidade de recurso.<\/p>\n<p><strong>Gabarito: E<\/strong><\/p>\n<hr \/>\n<p><strong>Quest\u00e3o 25.<\/strong> Considere as solu\u00e7\u00f5es de storage apresentadas na figura abaixo.<\/p>\n<p><img loading=\"lazy\" decoding=\"async\" class=\"size-medium wp-image-57270 aligncenter\" src=\"https:\/\/dhg1h5j42swfq.cloudfront.net\/2016\/12\/07060736\/1.png\" alt=\"1\" width=\"300\" height=\"191\" srcset=\"https:\/\/dhg1h5j42swfq.cloudfront.net\/2016\/12\/07060736\/1.png 640w, https:\/\/dhg1h5j42swfq.cloudfront.net\/2016\/12\/07060736\/1.png 300w, https:\/\/dhg1h5j42swfq.cloudfront.net\/2016\/12\/07060736\/1.png 471w\" sizes=\"auto, (max-width: 300px) 100vw, 300px\" \/><\/p>\n<p>A solu\u00e7\u00e3o:<\/p>\n<p>(A) II refere-se ao DAS, que re\u00fane um ou mais HDs em um arranjo que \u00e9 ligado diretamente na rede. O acesso aos arquivos \u00e9 feito sobre uma rede TCP utilizando CIFS e NFS.<\/p>\n<p>(B) I refere-se ao NAS, em que o storage \u00e9 ligado a um \u00fanico servidor f\u00edsico e, na maioria das vezes, \u00e9 utilizado como estrat\u00e9gia de backup em organiza\u00e7\u00f5es de maior porte.<\/p>\n<p>(C) III refere-se ao SAN, mais adequado para organiza\u00e7\u00f5es que emandam grande espa\u00e7o de storage, possuem v\u00e1rios servidores que o compartilham e idealmente possuem uma rede dedicada.<\/p>\n<p>(D) III refere-se ao NAS, uma plataforma de storage independente dos sistemas de arquivos, que pode crescer com a organiza\u00e7\u00e3o e oferece recursos para suportar as mais recentes tecnologias no Datacenter.<\/p>\n<p>(E) II refere-se ao SAN, que \u00e9 usado principalmente como storage para compartilhamento de arquivos. Se a rede da organiza\u00e7\u00e3o for usada apenas para arquivos de dados, ent\u00e3o esta \u00e9 a op\u00e7\u00e3o mais adequada.<\/p>\n<p><strong>Coment\u00e1rios: <\/strong><\/p>\n<p>a) <strong>Errada &#8211;<\/strong> II refere-se ao <strong>NAS<\/strong>, que re\u00fane um ou mais HDs em um arranjo que \u00e9 ligado diretamente na rede. O acesso aos arquivos \u00e9 feito sobre uma rede TCP utilizando CIFS e NFS.<\/p>\n<p>b) <strong>Errada &#8211; <\/strong>I refere-se ao <strong>DAS<\/strong>, em que o storage \u00e9 ligado a um \u00fanico servidor f\u00edsico e, na maioria das vezes, \u00e9 utilizado como estrat\u00e9gia de backup em organiza\u00e7\u00f5es de maior porte.<\/p>\n<p>c) <strong>Certa &#8211;<\/strong> III refere-se ao <strong>SAN<\/strong>, mais adequado para organiza\u00e7\u00f5es que demandam grande espa\u00e7o de storage, possuem v\u00e1rios servidores que o compartilham e idealmente possuem uma rede dedicada.<\/p>\n<p>d) <strong>Errada &#8211;<\/strong> III refere-se ao <strong>SAN<\/strong>, conforme coment\u00e1rios da letra C.<\/p>\n<p>e) <strong>Errada &#8211; <\/strong>II refere-se ao <strong>NAS<\/strong>, conforme coment\u00e1rios da letra A.<\/p>\n<p>Entendo estar correto o gabarito e n\u00e3o vejo possibilidade de recurso.<\/p>\n<p><strong>Gabarito: C<\/strong><\/p>\n<hr \/>\n<p><strong>Quest\u00e3o 26.<\/strong> Um T\u00e9cnico com especialidade em TI deseja instalar uma su\u00edte de ferramentas em um servidor Linux que permite a integra\u00e7\u00e3o<\/p>\n<p>de ambientes heterog\u00eaneos atrav\u00e9s da comunica\u00e7\u00e3o entre sistemas Linux e Windows, viabilizando servi\u00e7os de diret\u00f3rios no Linux (controlador de dom\u00ednio), o controle de acesso dos usu\u00e1rios, compartilhamento de arquivos e de impressoras, etc. Neste cen\u00e1rio, \u00e9 correto afirmar:<\/p>\n<p>(A) O acesso aos compartilhamentos do servidor atrav\u00e9s de esta\u00e7\u00f5es clientes que estejam executando alguma vers\u00e3o do Windows pode ser feito atrav\u00e9s da atrav\u00e9s da ferramenta smbwinclient.<\/p>\n<p>(B) O comando root@smb-server:\/# apt-get install LDAP instala o pacote LDAP para que o Linux possa ser posteriormente configurado como servidor de arquivos para clientes Windows e Linux.<\/p>\n<p>(C) O arquivo de configura\u00e7\u00e3o do Samba fica localizado em \/etc\/linux\/admin\/smb.conf, sendo bem documentado e organizado em diferentes se\u00e7\u00f5es para facilitar sua configura\u00e7\u00e3o.<\/p>\n<p>(D) A integra\u00e7\u00e3o \u00e9 poss\u00edvel porque em ambos os sistemas a comunica\u00e7\u00e3o \u00e9 baseada no protocolo SMB\/CIFS (Server Message Block \/ Common Internet File System).<\/p>\n<p>(E) O comando root@smb-server:\/# apt-get install AC instala o pacote Active Directory para que o Linux possa ser posteriormente configurado como servidor de arquivos para clientes Windows e Linux.<\/p>\n<p><strong>Coment\u00e1rios: <\/strong><\/p>\n<p>a) <strong>Errada &#8211;<\/strong> O acesso aos compartilhamentos do servidor atrav\u00e9s de esta\u00e7\u00f5es clientes Linux pode se dar atrav\u00e9s da ferramenta <span style=\"text-decoration: underline\"><strong>smbclient<\/strong><\/span>. N\u00e3o existe smbwinclient, frito da criatividade do examinador!!!<\/p>\n<p>b) <strong>Errada &#8211; <\/strong>O comando <strong><em>apt-get install slapd<\/em><\/strong> instala o pacote LDAP para que o Linux possa ser posteriormente configurado como servidor de <strong>Diret\u00f3rio<\/strong>.<\/p>\n<p>c) <strong>Errada &#8211; <\/strong>O arquivo de configura\u00e7\u00e3o do Samba fica localizado em <strong><em>\/etc\/samba\/smb.conf<\/em><\/strong>.<\/p>\n<p>d) <strong>Certa &#8211;<\/strong> A integra\u00e7\u00e3o entre sistemas Windows e Linux \u00e9 baseada no protocolo SMB\/CIFS (Server Message Block \/ Common Internet File System), correto.<\/p>\n<p>e) <strong>Errada &#8211; <\/strong>O comando <strong><em>apt-get install slapd<\/em><\/strong> instala o LDAP, protocolo base do servidor de diret\u00f3rio (o Active Directory \u00e9 o servi\u00e7o de diret\u00f3rio para ambientes Windows).<\/p>\n<p>Entendo estar correto o gabarito e n\u00e3o vejo possibilidade de recurso.<\/p>\n<p><strong>Gabarito: D<\/strong><\/p>\n<hr \/>\n<p><strong>Quest\u00e3o 27<\/strong>. Em um Sistema Operacional, o Gerenciamento de<\/p>\n<p>(A) Processador busca garantir que cada processo receba tempo suficiente da CPU para funcionar corretamente.<\/p>\n<p>(B) Armazenamento controla a troca dos processos entre a mem\u00f3ria principal e o disco (quando a mem\u00f3ria principal n\u00e3o \u00e9 suficiente para manter todos os processos).<\/p>\n<p>(C) Sistemas de Arquivo Locais utiliza os protocolos CIFS, SAMBA e NFS.<\/p>\n<p>(D) Sistemas de Arquivos Remotos utiliza os protocolos NTFS, Ext3, Ex4, XFS e Xen.<\/p>\n<p>(E) Mem\u00f3ria busca utilizar o m\u00e1ximo poss\u00edvel de ciclos de processador para realizar as tarefas sendo executadas.<\/p>\n<p><strong>Coment\u00e1rios: <\/strong><\/p>\n<p>a) <strong>Certa &#8211;<\/strong> Gerenciamento de processador busca garantir que cada processo receba tempo suficiente da CPU para funcionar corretamente.<\/p>\n<p>b) <strong>Errada &#8211;<\/strong> Gerenciamento de <strong>mem\u00f3ria<\/strong> controla a troca dos processos entre a mem\u00f3ria principal e o disco (quando a mem\u00f3ria principal n\u00e3o \u00e9 suficiente para manter todos os processos).<\/p>\n<p>c) <strong>Errada &#8211; <\/strong>Gerenciamento de sistemas de Arquivo <strong>remotos<\/strong> utiliza os protocolos CIFS, SAMBA e NFS.<\/p>\n<p>d) <strong>Errada &#8211; <\/strong>Sistemas de Arquivos <strong>Locais<\/strong> utiliza os protocolos NTFS, Ext3, Ex4, e XFS.<\/p>\n<p>e) <strong>Errada &#8211; <\/strong>Gerenciamento de <strong>processador<\/strong> busca utilizar o m\u00e1ximo poss\u00edvel de ciclos de processador para realizar as tarefas sendo executadas.<\/p>\n<p>Entendo estar correto o gabarito e n\u00e3o vejo possibilidade de recurso.<\/p>\n<p><strong>Gabarito: A<\/strong><\/p>\n<hr \/>\n<p>\u00c9 isso pessoal. Agrade\u00e7o a todos os nossos alunos. Boa sorte e excelente\u00a0desempenho a todos.<\/p>\n<p>Grande abra\u00e7o!<\/p>\n<\/div>\n","protected":false},"excerpt":{"rendered":"<p>Ol\u00e1 pessoal. Vamos aos coment\u00e1rios da prova para T\u00e9cnico Judici\u00e1rio &#8211;\u00a0Tecnologia da Informa\u00e7\u00e3o. A prova ministrada no \u00faltimo fim de semana e elaborada pela banca Funda\u00e7\u00e3o Carlos Chagas. No tocante \u00e0 disciplina de Sistemas Operacionais, tivemos 6\u00a0quest\u00f5es.\u00a0Foram 01 quest\u00f5es sobre conceitos b\u00e1sicos de SO; 01 quest\u00e3o sobre Windows; 01 sobre Linux; 01 quest\u00e3o sobre redes [&hellip;]<\/p>\n","protected":false},"author":193,"featured_media":0,"comment_status":"open","ping_status":"open","sticky":false,"template":"","format":"standard","meta":{"post_tipo":"article","footnotes":""},"categories":[1],"tags":[],"tax_estado":[],"class_list":["post-57269","post","type-post","status-publish","format-standard","hentry","category-cursos-e-concursos"],"acf":[],"yoast_head":"<!-- This site is optimized with the Yoast SEO Premium plugin v27.2 (Yoast SEO v27.2) - https:\/\/yoast.com\/product\/yoast-seo-premium-wordpress\/ -->\n<title>Prova comentada \u2013 TRT 20\u00aa Regi\u00e3o \u2013 Sistemas Operacionais \u2013 TI<\/title>\n<meta name=\"robots\" content=\"index, follow, max-snippet:-1, max-image-preview:large, max-video-preview:-1\" \/>\n<link rel=\"canonical\" href=\"https:\/\/www.estrategiaconcursos.com.br\/blog\/prova-comentada-trt-20a-regiao-sistemas-operacionais-ti\/\" \/>\n<meta property=\"og:locale\" content=\"pt_BR\" \/>\n<meta property=\"og:type\" content=\"article\" \/>\n<meta property=\"og:title\" content=\"Prova comentada \u2013 TRT 20\u00aa Regi\u00e3o \u2013 Sistemas Operacionais \u2013 TI\" \/>\n<meta property=\"og:description\" content=\"Ol\u00e1 pessoal. Vamos aos coment\u00e1rios da prova para T\u00e9cnico Judici\u00e1rio &#8211;\u00a0Tecnologia da Informa\u00e7\u00e3o. A prova ministrada no \u00faltimo fim de semana e elaborada pela banca Funda\u00e7\u00e3o Carlos Chagas. No tocante \u00e0 disciplina de Sistemas Operacionais, tivemos 6\u00a0quest\u00f5es.\u00a0Foram 01 quest\u00f5es sobre conceitos b\u00e1sicos de SO; 01 quest\u00e3o sobre Windows; 01 sobre Linux; 01 quest\u00e3o sobre redes [&hellip;]\" \/>\n<meta property=\"og:url\" content=\"https:\/\/www.estrategiaconcursos.com.br\/blog\/prova-comentada-trt-20a-regiao-sistemas-operacionais-ti\/\" \/>\n<meta property=\"og:site_name\" content=\"Estrat\u00e9gia Concursos\" \/>\n<meta property=\"article:published_time\" content=\"2016-12-07T09:24:38+00:00\" \/>\n<meta property=\"og:image\" content=\"https:\/\/www.estrategiaconcursos.com.br\/blog\/wp-content\/uploads\/2016\/12\/1-300x191.png\" \/>\n<meta name=\"author\" content=\"Celson Carlos Martins Junior\" \/>\n<meta name=\"twitter:card\" content=\"summary_large_image\" \/>\n<meta name=\"twitter:creator\" content=\"@EstratConcursos\" \/>\n<meta name=\"twitter:site\" content=\"@EstratConcursos\" \/>\n<meta name=\"twitter:label1\" content=\"Escrito por\" \/>\n\t<meta name=\"twitter:data1\" content=\"Celson Carlos Martins Junior\" \/>\n\t<meta name=\"twitter:label2\" content=\"Est. tempo de leitura\" \/>\n\t<meta name=\"twitter:data2\" content=\"10 minutos\" \/>\n<script type=\"application\/ld+json\" class=\"yoast-schema-graph\">{\"@context\":\"https:\/\/schema.org\",\"@graph\":[{\"@type\":\"NewsArticle\",\"@id\":\"https:\/\/www.estrategiaconcursos.com.br\/blog\/prova-comentada-trt-20a-regiao-sistemas-operacionais-ti\/#article\",\"isPartOf\":{\"@id\":\"https:\/\/www.estrategiaconcursos.com.br\/blog\/prova-comentada-trt-20a-regiao-sistemas-operacionais-ti\/\"},\"author\":{\"name\":\"Celson Carlos Martins Junior\",\"@id\":\"https:\/\/www.estrategiaconcursos.com.br\/blog\/#\/schema\/person\/bbf2827a28e184133142db21e247cba5\"},\"headline\":\"Prova comentada \u2013 TRT 20\u00aa Regi\u00e3o \u2013 Sistemas Operacionais \u2013 TI\",\"datePublished\":\"2016-12-07T09:24:38+00:00\",\"mainEntityOfPage\":{\"@id\":\"https:\/\/www.estrategiaconcursos.com.br\/blog\/prova-comentada-trt-20a-regiao-sistemas-operacionais-ti\/\"},\"wordCount\":1918,\"commentCount\":0,\"publisher\":{\"@id\":\"https:\/\/www.estrategiaconcursos.com.br\/blog\/#organization\"},\"image\":{\"@id\":\"https:\/\/www.estrategiaconcursos.com.br\/blog\/prova-comentada-trt-20a-regiao-sistemas-operacionais-ti\/#primaryimage\"},\"thumbnailUrl\":\"https:\/\/www.estrategiaconcursos.com.br\/blog\/wp-content\/uploads\/2016\/12\/1-300x191.png\",\"articleSection\":[\"Concursos P\u00fablicos\"],\"inLanguage\":\"pt-BR\",\"potentialAction\":[{\"@type\":\"CommentAction\",\"name\":\"Comment\",\"target\":[\"https:\/\/www.estrategiaconcursos.com.br\/blog\/prova-comentada-trt-20a-regiao-sistemas-operacionais-ti\/#respond\"]}],\"copyrightYear\":\"2016\",\"copyrightHolder\":{\"@id\":\"https:\/\/www.estrategiaconcursos.com.br\/blog\/#organization\"}},{\"@type\":\"WebPage\",\"@id\":\"https:\/\/www.estrategiaconcursos.com.br\/blog\/prova-comentada-trt-20a-regiao-sistemas-operacionais-ti\/\",\"url\":\"https:\/\/www.estrategiaconcursos.com.br\/blog\/prova-comentada-trt-20a-regiao-sistemas-operacionais-ti\/\",\"name\":\"Prova comentada \u2013 TRT 20\u00aa Regi\u00e3o \u2013 Sistemas Operacionais \u2013 TI\",\"isPartOf\":{\"@id\":\"https:\/\/www.estrategiaconcursos.com.br\/blog\/#website\"},\"primaryImageOfPage\":{\"@id\":\"https:\/\/www.estrategiaconcursos.com.br\/blog\/prova-comentada-trt-20a-regiao-sistemas-operacionais-ti\/#primaryimage\"},\"image\":{\"@id\":\"https:\/\/www.estrategiaconcursos.com.br\/blog\/prova-comentada-trt-20a-regiao-sistemas-operacionais-ti\/#primaryimage\"},\"thumbnailUrl\":\"https:\/\/www.estrategiaconcursos.com.br\/blog\/wp-content\/uploads\/2016\/12\/1-300x191.png\",\"datePublished\":\"2016-12-07T09:24:38+00:00\",\"breadcrumb\":{\"@id\":\"https:\/\/www.estrategiaconcursos.com.br\/blog\/prova-comentada-trt-20a-regiao-sistemas-operacionais-ti\/#breadcrumb\"},\"inLanguage\":\"pt-BR\",\"potentialAction\":[{\"@type\":\"ReadAction\",\"target\":[\"https:\/\/www.estrategiaconcursos.com.br\/blog\/prova-comentada-trt-20a-regiao-sistemas-operacionais-ti\/\"]}]},{\"@type\":\"ImageObject\",\"inLanguage\":\"pt-BR\",\"@id\":\"https:\/\/www.estrategiaconcursos.com.br\/blog\/prova-comentada-trt-20a-regiao-sistemas-operacionais-ti\/#primaryimage\",\"url\":\"https:\/\/dhg1h5j42swfq.cloudfront.net\/2016\/12\/07060736\/1.png\",\"contentUrl\":\"https:\/\/dhg1h5j42swfq.cloudfront.net\/2016\/12\/07060736\/1.png\",\"width\":640,\"height\":408},{\"@type\":\"BreadcrumbList\",\"@id\":\"https:\/\/www.estrategiaconcursos.com.br\/blog\/prova-comentada-trt-20a-regiao-sistemas-operacionais-ti\/#breadcrumb\",\"itemListElement\":[{\"@type\":\"ListItem\",\"position\":1,\"name\":\"In\u00edcio\",\"item\":\"https:\/\/www.estrategiaconcursos.com.br\/blog\/\"},{\"@type\":\"ListItem\",\"position\":2,\"name\":\"Prova comentada \u2013 TRT 20\u00aa Regi\u00e3o \u2013 Sistemas Operacionais \u2013 TI\"}]},{\"@type\":\"WebSite\",\"@id\":\"https:\/\/www.estrategiaconcursos.com.br\/blog\/#website\",\"url\":\"https:\/\/www.estrategiaconcursos.com.br\/blog\/\",\"name\":\"Estrat\u00e9gia Concursos\",\"description\":\"O blog da Estrat\u00e9gia Concursos traz not\u00edcias sobre concursos e artigos de professores oferecendo cursos para concursos (pdf + videaulas) no site.\",\"publisher\":{\"@id\":\"https:\/\/www.estrategiaconcursos.com.br\/blog\/#organization\"},\"potentialAction\":[{\"@type\":\"SearchAction\",\"target\":{\"@type\":\"EntryPoint\",\"urlTemplate\":\"https:\/\/www.estrategiaconcursos.com.br\/blog\/?s={search_term_string}\"},\"query-input\":{\"@type\":\"PropertyValueSpecification\",\"valueRequired\":true,\"valueName\":\"search_term_string\"}}],\"inLanguage\":\"pt-BR\"},{\"@type\":\"Organization\",\"@id\":\"https:\/\/www.estrategiaconcursos.com.br\/blog\/#organization\",\"name\":\"Estrat\u00e9gia Concursos\",\"url\":\"https:\/\/www.estrategiaconcursos.com.br\/blog\/\",\"logo\":{\"@type\":\"ImageObject\",\"inLanguage\":\"pt-BR\",\"@id\":\"https:\/\/www.estrategiaconcursos.com.br\/blog\/#\/schema\/logo\/image\/\",\"url\":\"https:\/\/dhg1h5j42swfq.cloudfront.net\/2025\/06\/03203428\/logo_concursos-1.jpg\",\"contentUrl\":\"https:\/\/dhg1h5j42swfq.cloudfront.net\/2025\/06\/03203428\/logo_concursos-1.jpg\",\"width\":230,\"height\":60,\"caption\":\"Estrat\u00e9gia Concursos\"},\"image\":{\"@id\":\"https:\/\/www.estrategiaconcursos.com.br\/blog\/#\/schema\/logo\/image\/\"},\"sameAs\":[\"https:\/\/x.com\/EstratConcursos\"]},{\"@type\":\"Person\",\"@id\":\"https:\/\/www.estrategiaconcursos.com.br\/blog\/#\/schema\/person\/bbf2827a28e184133142db21e247cba5\",\"name\":\"Celson Carlos Martins Junior\",\"image\":{\"@type\":\"ImageObject\",\"inLanguage\":\"pt-BR\",\"@id\":\"https:\/\/secure.gravatar.com\/avatar\/79e159903db3fc15b92aef4d745fd2cc6aaa8de846af5a1d31f03d59a95fe34e?s=96&d=mm&r=g\",\"url\":\"https:\/\/secure.gravatar.com\/avatar\/79e159903db3fc15b92aef4d745fd2cc6aaa8de846af5a1d31f03d59a95fe34e?s=96&d=mm&r=g\",\"contentUrl\":\"https:\/\/secure.gravatar.com\/avatar\/79e159903db3fc15b92aef4d745fd2cc6aaa8de846af5a1d31f03d59a95fe34e?s=96&d=mm&r=g\",\"caption\":\"Celson Carlos Martins Junior\"},\"url\":\"https:\/\/www.estrategiaconcursos.com.br\/blog\/author\/celsonjuniorestrategiaconcursos-com-br\/\"}]}<\/script>\n<!-- \/ Yoast SEO Premium plugin. -->","yoast_head_json":{"title":"Prova comentada \u2013 TRT 20\u00aa Regi\u00e3o \u2013 Sistemas Operacionais \u2013 TI","robots":{"index":"index","follow":"follow","max-snippet":"max-snippet:-1","max-image-preview":"max-image-preview:large","max-video-preview":"max-video-preview:-1"},"canonical":"https:\/\/www.estrategiaconcursos.com.br\/blog\/prova-comentada-trt-20a-regiao-sistemas-operacionais-ti\/","og_locale":"pt_BR","og_type":"article","og_title":"Prova comentada \u2013 TRT 20\u00aa Regi\u00e3o \u2013 Sistemas Operacionais \u2013 TI","og_description":"Ol\u00e1 pessoal. Vamos aos coment\u00e1rios da prova para T\u00e9cnico Judici\u00e1rio &#8211;\u00a0Tecnologia da Informa\u00e7\u00e3o. A prova ministrada no \u00faltimo fim de semana e elaborada pela banca Funda\u00e7\u00e3o Carlos Chagas. No tocante \u00e0 disciplina de Sistemas Operacionais, tivemos 6\u00a0quest\u00f5es.\u00a0Foram 01 quest\u00f5es sobre conceitos b\u00e1sicos de SO; 01 quest\u00e3o sobre Windows; 01 sobre Linux; 01 quest\u00e3o sobre redes [&hellip;]","og_url":"https:\/\/www.estrategiaconcursos.com.br\/blog\/prova-comentada-trt-20a-regiao-sistemas-operacionais-ti\/","og_site_name":"Estrat\u00e9gia Concursos","article_published_time":"2016-12-07T09:24:38+00:00","og_image":[{"url":"https:\/\/www.estrategiaconcursos.com.br\/blog\/wp-content\/uploads\/2016\/12\/1-300x191.png","type":"","width":"","height":""}],"author":"Celson Carlos Martins Junior","twitter_card":"summary_large_image","twitter_creator":"@EstratConcursos","twitter_site":"@EstratConcursos","twitter_misc":{"Escrito por":"Celson Carlos Martins Junior","Est. tempo de leitura":"10 minutos"},"schema":{"@context":"https:\/\/schema.org","@graph":[{"@type":"NewsArticle","@id":"https:\/\/www.estrategiaconcursos.com.br\/blog\/prova-comentada-trt-20a-regiao-sistemas-operacionais-ti\/#article","isPartOf":{"@id":"https:\/\/www.estrategiaconcursos.com.br\/blog\/prova-comentada-trt-20a-regiao-sistemas-operacionais-ti\/"},"author":{"name":"Celson Carlos Martins Junior","@id":"https:\/\/www.estrategiaconcursos.com.br\/blog\/#\/schema\/person\/bbf2827a28e184133142db21e247cba5"},"headline":"Prova comentada \u2013 TRT 20\u00aa Regi\u00e3o \u2013 Sistemas Operacionais \u2013 TI","datePublished":"2016-12-07T09:24:38+00:00","mainEntityOfPage":{"@id":"https:\/\/www.estrategiaconcursos.com.br\/blog\/prova-comentada-trt-20a-regiao-sistemas-operacionais-ti\/"},"wordCount":1918,"commentCount":0,"publisher":{"@id":"https:\/\/www.estrategiaconcursos.com.br\/blog\/#organization"},"image":{"@id":"https:\/\/www.estrategiaconcursos.com.br\/blog\/prova-comentada-trt-20a-regiao-sistemas-operacionais-ti\/#primaryimage"},"thumbnailUrl":"https:\/\/www.estrategiaconcursos.com.br\/blog\/wp-content\/uploads\/2016\/12\/1-300x191.png","articleSection":["Concursos P\u00fablicos"],"inLanguage":"pt-BR","potentialAction":[{"@type":"CommentAction","name":"Comment","target":["https:\/\/www.estrategiaconcursos.com.br\/blog\/prova-comentada-trt-20a-regiao-sistemas-operacionais-ti\/#respond"]}],"copyrightYear":"2016","copyrightHolder":{"@id":"https:\/\/www.estrategiaconcursos.com.br\/blog\/#organization"}},{"@type":"WebPage","@id":"https:\/\/www.estrategiaconcursos.com.br\/blog\/prova-comentada-trt-20a-regiao-sistemas-operacionais-ti\/","url":"https:\/\/www.estrategiaconcursos.com.br\/blog\/prova-comentada-trt-20a-regiao-sistemas-operacionais-ti\/","name":"Prova comentada \u2013 TRT 20\u00aa Regi\u00e3o \u2013 Sistemas Operacionais \u2013 TI","isPartOf":{"@id":"https:\/\/www.estrategiaconcursos.com.br\/blog\/#website"},"primaryImageOfPage":{"@id":"https:\/\/www.estrategiaconcursos.com.br\/blog\/prova-comentada-trt-20a-regiao-sistemas-operacionais-ti\/#primaryimage"},"image":{"@id":"https:\/\/www.estrategiaconcursos.com.br\/blog\/prova-comentada-trt-20a-regiao-sistemas-operacionais-ti\/#primaryimage"},"thumbnailUrl":"https:\/\/www.estrategiaconcursos.com.br\/blog\/wp-content\/uploads\/2016\/12\/1-300x191.png","datePublished":"2016-12-07T09:24:38+00:00","breadcrumb":{"@id":"https:\/\/www.estrategiaconcursos.com.br\/blog\/prova-comentada-trt-20a-regiao-sistemas-operacionais-ti\/#breadcrumb"},"inLanguage":"pt-BR","potentialAction":[{"@type":"ReadAction","target":["https:\/\/www.estrategiaconcursos.com.br\/blog\/prova-comentada-trt-20a-regiao-sistemas-operacionais-ti\/"]}]},{"@type":"ImageObject","inLanguage":"pt-BR","@id":"https:\/\/www.estrategiaconcursos.com.br\/blog\/prova-comentada-trt-20a-regiao-sistemas-operacionais-ti\/#primaryimage","url":"https:\/\/dhg1h5j42swfq.cloudfront.net\/2016\/12\/07060736\/1.png","contentUrl":"https:\/\/dhg1h5j42swfq.cloudfront.net\/2016\/12\/07060736\/1.png","width":640,"height":408},{"@type":"BreadcrumbList","@id":"https:\/\/www.estrategiaconcursos.com.br\/blog\/prova-comentada-trt-20a-regiao-sistemas-operacionais-ti\/#breadcrumb","itemListElement":[{"@type":"ListItem","position":1,"name":"In\u00edcio","item":"https:\/\/www.estrategiaconcursos.com.br\/blog\/"},{"@type":"ListItem","position":2,"name":"Prova comentada \u2013 TRT 20\u00aa Regi\u00e3o \u2013 Sistemas Operacionais \u2013 TI"}]},{"@type":"WebSite","@id":"https:\/\/www.estrategiaconcursos.com.br\/blog\/#website","url":"https:\/\/www.estrategiaconcursos.com.br\/blog\/","name":"Estrat\u00e9gia Concursos","description":"O blog da Estrat\u00e9gia Concursos traz not\u00edcias sobre concursos e artigos de professores oferecendo cursos para concursos (pdf + videaulas) no site.","publisher":{"@id":"https:\/\/www.estrategiaconcursos.com.br\/blog\/#organization"},"potentialAction":[{"@type":"SearchAction","target":{"@type":"EntryPoint","urlTemplate":"https:\/\/www.estrategiaconcursos.com.br\/blog\/?s={search_term_string}"},"query-input":{"@type":"PropertyValueSpecification","valueRequired":true,"valueName":"search_term_string"}}],"inLanguage":"pt-BR"},{"@type":"Organization","@id":"https:\/\/www.estrategiaconcursos.com.br\/blog\/#organization","name":"Estrat\u00e9gia Concursos","url":"https:\/\/www.estrategiaconcursos.com.br\/blog\/","logo":{"@type":"ImageObject","inLanguage":"pt-BR","@id":"https:\/\/www.estrategiaconcursos.com.br\/blog\/#\/schema\/logo\/image\/","url":"https:\/\/dhg1h5j42swfq.cloudfront.net\/2025\/06\/03203428\/logo_concursos-1.jpg","contentUrl":"https:\/\/dhg1h5j42swfq.cloudfront.net\/2025\/06\/03203428\/logo_concursos-1.jpg","width":230,"height":60,"caption":"Estrat\u00e9gia Concursos"},"image":{"@id":"https:\/\/www.estrategiaconcursos.com.br\/blog\/#\/schema\/logo\/image\/"},"sameAs":["https:\/\/x.com\/EstratConcursos"]},{"@type":"Person","@id":"https:\/\/www.estrategiaconcursos.com.br\/blog\/#\/schema\/person\/bbf2827a28e184133142db21e247cba5","name":"Celson Carlos Martins Junior","image":{"@type":"ImageObject","inLanguage":"pt-BR","@id":"https:\/\/secure.gravatar.com\/avatar\/79e159903db3fc15b92aef4d745fd2cc6aaa8de846af5a1d31f03d59a95fe34e?s=96&d=mm&r=g","url":"https:\/\/secure.gravatar.com\/avatar\/79e159903db3fc15b92aef4d745fd2cc6aaa8de846af5a1d31f03d59a95fe34e?s=96&d=mm&r=g","contentUrl":"https:\/\/secure.gravatar.com\/avatar\/79e159903db3fc15b92aef4d745fd2cc6aaa8de846af5a1d31f03d59a95fe34e?s=96&d=mm&r=g","caption":"Celson Carlos Martins Junior"},"url":"https:\/\/www.estrategiaconcursos.com.br\/blog\/author\/celsonjuniorestrategiaconcursos-com-br\/"}]}},"_links":{"self":[{"href":"https:\/\/www.estrategiaconcursos.com.br\/blog\/wp-json\/wp\/v2\/posts\/57269","targetHints":{"allow":["GET"]}}],"collection":[{"href":"https:\/\/www.estrategiaconcursos.com.br\/blog\/wp-json\/wp\/v2\/posts"}],"about":[{"href":"https:\/\/www.estrategiaconcursos.com.br\/blog\/wp-json\/wp\/v2\/types\/post"}],"author":[{"embeddable":true,"href":"https:\/\/www.estrategiaconcursos.com.br\/blog\/wp-json\/wp\/v2\/users\/193"}],"replies":[{"embeddable":true,"href":"https:\/\/www.estrategiaconcursos.com.br\/blog\/wp-json\/wp\/v2\/comments?post=57269"}],"version-history":[{"count":1,"href":"https:\/\/www.estrategiaconcursos.com.br\/blog\/wp-json\/wp\/v2\/posts\/57269\/revisions"}],"predecessor-version":[{"id":57271,"href":"https:\/\/www.estrategiaconcursos.com.br\/blog\/wp-json\/wp\/v2\/posts\/57269\/revisions\/57271"}],"wp:attachment":[{"href":"https:\/\/www.estrategiaconcursos.com.br\/blog\/wp-json\/wp\/v2\/media?parent=57269"}],"wp:term":[{"taxonomy":"category","embeddable":true,"href":"https:\/\/www.estrategiaconcursos.com.br\/blog\/wp-json\/wp\/v2\/categories?post=57269"},{"taxonomy":"post_tag","embeddable":true,"href":"https:\/\/www.estrategiaconcursos.com.br\/blog\/wp-json\/wp\/v2\/tags?post=57269"},{"taxonomy":"tax_estado","embeddable":true,"href":"https:\/\/www.estrategiaconcursos.com.br\/blog\/wp-json\/wp\/v2\/tax_estado?post=57269"}],"curies":[{"name":"wp","href":"https:\/\/api.w.org\/{rel}","templated":true}]}}