{"id":572674,"date":"2020-09-16T08:59:58","date_gmt":"2020-09-16T11:59:58","guid":{"rendered":"https:\/\/www.estrategiaconcursos.com.br\/blog\/?p=572674"},"modified":"2023-07-10T10:19:08","modified_gmt":"2023-07-10T13:19:08","slug":"suspensao-do-concurso-da-pcdf-entenda-tud","status":"publish","type":"post","link":"https:\/\/www.estrategiaconcursos.com.br\/blog\/suspensao-do-concurso-da-pcdf-entenda-tud\/","title":{"rendered":"Suspens\u00e3o do Concurso da PCDF. Entenda tudo!"},"content":{"rendered":"\n<p class=\"has-medium-font-size\"><strong>Suspens\u00e3o da PCDF. Entenda o racional e quais s\u00e3o as condi\u00e7\u00f5es para a remarca\u00e7\u00e3o da prova!<\/strong><\/p>\n\n\n<figure class=\"wp-block-embed-youtube wp-block-embed is-type-video is-provider-youtube wp-embed-aspect-16-9 wp-has-aspect-ratio\"><div class=\"lyte-wrapper\" style=\"width:853px;max-width:100%;margin:5px;\"><div class=\"lyMe\" id=\"WYL_Jo9FXykz-1U\"><div id=\"lyte_Jo9FXykz-1U\" data-src=\"\/\/i.ytimg.com\/vi\/Jo9FXykz-1U\/hqdefault.jpg\" class=\"pL\"><div class=\"tC\"><div class=\"tT\"><\/div><\/div><div class=\"play\"><\/div><div class=\"ctrl\"><div class=\"Lctrl\"><\/div><div class=\"Rctrl\"><\/div><\/div><\/div><noscript><a href=\"https:\/\/youtu.be\/Jo9FXykz-1U\" rel=\"nofollow\"><img loading=\"lazy\" decoding=\"async\" src=\"https:\/\/i.ytimg.com\/vi\/Jo9FXykz-1U\/0.jpg\" alt=\"YouTube video thumbnail\" width=\"853\" height=\"460\" \/><br \/>Assista a este v\u00eddeo no YouTube<\/a><\/noscript><\/div><\/div><div class=\"lL\" style=\"max-width:100%;width:853px;margin:5px;\"><\/div><figcaption><\/figcaption><\/figure>\n\n\n<h3 class=\"wp-block-heading\" id=\"h-suspensao-do-concurso\">SUSPENS\u00c3O DO CONCURSO <\/h3>\n\n\n\n<p>O concurso foi suspenso, na minha avalia\u00e7\u00e3o, por um questionamento dos \u00f3rg\u00e3os de fiscaliza\u00e7\u00e3o sobre protocolos de seguran\u00e7a e pela n\u00e3o apresenta\u00e7\u00e3o de uma resposta robusta pelo Cespe\/Cebraspe. <\/p>\n\n\n\n<h3 class=\"wp-block-heading\" id=\"h-condicoes-para-a-remarcacao-das-provas\">CONDI\u00c7\u00d5ES PARA A REMARCA\u00c7\u00c3O DAS PROVAS <\/h3>\n\n\n\n<p>1\/ Observar a adequada retomada das aulas presenciais no DF <\/p>\n\n\n\n<p>2\/ Manuten\u00e7\u00e3o da redu\u00e7\u00e3o do avan\u00e7o de casos de Covid-19 no DF <\/p>\n\n\n\n<p>3\/ Apresenta\u00e7\u00e3o de um protocolo robusto para minimizar contamina\u00e7\u00f5es de Covid-19 para a realiza\u00e7\u00e3o das provas <\/p>\n\n\n\n<h3 class=\"wp-block-heading\" id=\"h-remarcacao-da-prova\">REMARCA\u00c7\u00c3O DA PROVA <\/h3>\n\n\n\n<p>Considerando que haver\u00e1 uma retomada segura das aulas presenciais em brasilia em outubro e que a tend\u00eancia de queda dos casos de covid-19 continue em queda, eu estimo que em novembro seja poss\u00edvel remarcar em novembro. <\/p>\n\n\n\n<p>Ap\u00f3s a remarca\u00e7\u00e3o de prova, eu considero fact\u00edvel um intervalo de tempo entre 2 a 3 meses para a realiza\u00e7\u00e3o de provas. <\/p>\n\n\n\n<h3 class=\"wp-block-heading\" id=\"h-perguntas-relevantes\">PERGUNTAS RELEVANTES <\/h3>\n\n\n\n<p>As perguntas relevantes que voc\u00ea tem que se fazer s\u00e3o: <\/p>\n\n\n\n<p>Em que ponto da prepara\u00e7\u00e3o eu me encontro agora? <\/p>\n\n\n\n<p>Como eu irei adaptar o meu planejamento para maximizar a minha prepara\u00e7\u00e3o? <\/p>\n\n\n\n<p>Acompanhe a minha playlist de v\u00eddeos para a PCDF. https:\/\/www.youtube.com\/playlist?list=PL4jn4AbPyCFRK3cGZlrHaFmiq_fqXFekX<\/p>\n\n\n\n<p class=\"has-text-align-center has-pale-cyan-blue-background-color has-background\" style=\"font-size:clamp(14.642px, 0.915rem + ((1vw - 3.2px) * 0.721), 22px);px\"><a href=\"https:\/\/www.estrategiaconcursos.com.br\/assinaturas\/\">ASSINE AGORA \u2013 Assinatura ilimitada<\/a><\/p>\n\n\n\n<p class=\"has-text-align-center has-pale-cyan-blue-background-color has-background\" style=\"font-size:clamp(16.293px, 1.018rem + ((1vw - 3.2px) * 0.854), 25px);px\"><a href=\"https:\/\/www.estrategiaconcursos.com.br\/blog\/concursos-abertos\/\">CONCURSOS ABERTOS<\/a><\/p>\n","protected":false},"excerpt":{"rendered":"<p>Suspens\u00e3o da PCDF. Entenda o racional e quais s\u00e3o as condi\u00e7\u00f5es para a remarca\u00e7\u00e3o da prova! SUSPENS\u00c3O DO CONCURSO O concurso foi suspenso, na minha avalia\u00e7\u00e3o, por um questionamento dos \u00f3rg\u00e3os de fiscaliza\u00e7\u00e3o sobre protocolos de seguran\u00e7a e pela n\u00e3o apresenta\u00e7\u00e3o de uma resposta robusta pelo Cespe\/Cebraspe. CONDI\u00c7\u00d5ES PARA A REMARCA\u00c7\u00c3O DAS PROVAS 1\/ Observar [&hellip;]<\/p>\n","protected":false},"author":461,"featured_media":572690,"comment_status":"open","ping_status":"closed","sticky":false,"template":"","format":"standard","meta":{"post_tipo":"article","footnotes":""},"categories":[1],"tags":[1430,757],"tax_estado":[],"class_list":["post-572674","post","type-post","status-publish","format-standard","has-post-thumbnail","hentry","category-cursos-e-concursos","tag-concurso-pcdf","tag-pcdf"],"acf":[],"yoast_head":"<!-- This site is optimized with the Yoast SEO Premium plugin v27.2 (Yoast SEO v27.2) - https:\/\/yoast.com\/product\/yoast-seo-premium-wordpress\/ -->\n<title>Suspens\u00e3o do Concurso da PCDF. Entenda as Pr\u00f3ximas Etapas!<\/title>\n<meta name=\"description\" content=\"O concurso da PCDF foi adiado. Veja o motivo da suspens\u00e3o, quais s\u00e3o as condi\u00e7\u00f5es para a remarca\u00e7\u00e3o das provas e a minha estima\u00e7\u00e3o para a pr\u00f3xima marca\u00e7\u00e3o!\" \/>\n<meta name=\"robots\" content=\"index, follow, max-snippet:-1, max-image-preview:large, max-video-preview:-1\" \/>\n<link rel=\"canonical\" href=\"https:\/\/www.estrategiaconcursos.com.br\/blog\/suspensao-do-concurso-da-pcdf-entenda-tud\/\" \/>\n<meta property=\"og:locale\" content=\"pt_BR\" \/>\n<meta property=\"og:type\" content=\"article\" \/>\n<meta property=\"og:title\" content=\"Suspens\u00e3o do Concurso da PCDF. Entenda tudo!\" \/>\n<meta property=\"og:description\" content=\"O concurso da PCDF foi adiado. Veja o motivo da suspens\u00e3o, quais s\u00e3o as condi\u00e7\u00f5es para a remarca\u00e7\u00e3o das provas e a minha estima\u00e7\u00e3o para a pr\u00f3xima marca\u00e7\u00e3o!\" \/>\n<meta property=\"og:url\" content=\"https:\/\/www.estrategiaconcursos.com.br\/blog\/suspensao-do-concurso-da-pcdf-entenda-tud\/\" \/>\n<meta property=\"og:site_name\" content=\"Estrat\u00e9gia Concursos\" \/>\n<meta property=\"article:published_time\" content=\"2020-09-16T11:59:58+00:00\" \/>\n<meta property=\"article:modified_time\" content=\"2023-07-10T13:19:08+00:00\" \/>\n<meta property=\"og:image\" content=\"https:\/\/dhg1h5j42swfq.cloudfront.net\/2020\/09\/16085846\/Remarcacao-das-provas-da-PCDF.-Miniatura.jpg\" \/>\n\t<meta property=\"og:image:width\" content=\"150\" \/>\n\t<meta property=\"og:image:height\" content=\"150\" \/>\n\t<meta property=\"og:image:type\" content=\"image\/jpeg\" \/>\n<meta name=\"author\" content=\"Guilherme Solino\" \/>\n<meta name=\"twitter:card\" content=\"summary_large_image\" \/>\n<meta name=\"twitter:creator\" content=\"@EstratConcursos\" \/>\n<meta name=\"twitter:site\" content=\"@EstratConcursos\" \/>\n<meta name=\"twitter:label1\" content=\"Escrito por\" \/>\n\t<meta name=\"twitter:data1\" content=\"Guilherme Solino\" \/>\n\t<meta name=\"twitter:label2\" content=\"Est. tempo de leitura\" \/>\n\t<meta name=\"twitter:data2\" content=\"1 minuto\" \/>\n<script type=\"application\/ld+json\" class=\"yoast-schema-graph\">{\"@context\":\"https:\/\/schema.org\",\"@graph\":[{\"@type\":\"NewsArticle\",\"@id\":\"https:\/\/www.estrategiaconcursos.com.br\/blog\/suspensao-do-concurso-da-pcdf-entenda-tud\/#article\",\"isPartOf\":{\"@id\":\"https:\/\/www.estrategiaconcursos.com.br\/blog\/suspensao-do-concurso-da-pcdf-entenda-tud\/\"},\"author\":{\"name\":\"Guilherme Solino\",\"@id\":\"https:\/\/www.estrategiaconcursos.com.br\/blog\/#\/schema\/person\/815879a5d53ac95e15b4315289247ae3\"},\"headline\":\"Suspens\u00e3o do Concurso da PCDF. Entenda tudo!\",\"datePublished\":\"2020-09-16T11:59:58+00:00\",\"dateModified\":\"2023-07-10T13:19:08+00:00\",\"mainEntityOfPage\":{\"@id\":\"https:\/\/www.estrategiaconcursos.com.br\/blog\/suspensao-do-concurso-da-pcdf-entenda-tud\/\"},\"wordCount\":251,\"commentCount\":0,\"publisher\":{\"@id\":\"https:\/\/www.estrategiaconcursos.com.br\/blog\/#organization\"},\"image\":{\"@id\":\"https:\/\/www.estrategiaconcursos.com.br\/blog\/suspensao-do-concurso-da-pcdf-entenda-tud\/#primaryimage\"},\"thumbnailUrl\":\"https:\/\/dhg1h5j42swfq.cloudfront.net\/2020\/09\/16085846\/Remarcacao-das-provas-da-PCDF.-Miniatura.jpg\",\"keywords\":[\"concurso pcdf\",\"PCDF\"],\"articleSection\":[\"Concursos P\u00fablicos\"],\"inLanguage\":\"pt-BR\",\"potentialAction\":[{\"@type\":\"CommentAction\",\"name\":\"Comment\",\"target\":[\"https:\/\/www.estrategiaconcursos.com.br\/blog\/suspensao-do-concurso-da-pcdf-entenda-tud\/#respond\"]}],\"copyrightYear\":\"2020\",\"copyrightHolder\":{\"@id\":\"https:\/\/www.estrategiaconcursos.com.br\/blog\/#organization\"}},{\"@type\":\"WebPage\",\"@id\":\"https:\/\/www.estrategiaconcursos.com.br\/blog\/suspensao-do-concurso-da-pcdf-entenda-tud\/\",\"url\":\"https:\/\/www.estrategiaconcursos.com.br\/blog\/suspensao-do-concurso-da-pcdf-entenda-tud\/\",\"name\":\"Suspens\u00e3o do Concurso da PCDF. Entenda as Pr\u00f3ximas Etapas!\",\"isPartOf\":{\"@id\":\"https:\/\/www.estrategiaconcursos.com.br\/blog\/#website\"},\"primaryImageOfPage\":{\"@id\":\"https:\/\/www.estrategiaconcursos.com.br\/blog\/suspensao-do-concurso-da-pcdf-entenda-tud\/#primaryimage\"},\"image\":{\"@id\":\"https:\/\/www.estrategiaconcursos.com.br\/blog\/suspensao-do-concurso-da-pcdf-entenda-tud\/#primaryimage\"},\"thumbnailUrl\":\"https:\/\/dhg1h5j42swfq.cloudfront.net\/2020\/09\/16085846\/Remarcacao-das-provas-da-PCDF.-Miniatura.jpg\",\"datePublished\":\"2020-09-16T11:59:58+00:00\",\"dateModified\":\"2023-07-10T13:19:08+00:00\",\"description\":\"O concurso da PCDF foi adiado. Veja o motivo da suspens\u00e3o, quais s\u00e3o as condi\u00e7\u00f5es para a remarca\u00e7\u00e3o das provas e a minha estima\u00e7\u00e3o para a pr\u00f3xima marca\u00e7\u00e3o!\",\"breadcrumb\":{\"@id\":\"https:\/\/www.estrategiaconcursos.com.br\/blog\/suspensao-do-concurso-da-pcdf-entenda-tud\/#breadcrumb\"},\"inLanguage\":\"pt-BR\",\"potentialAction\":[{\"@type\":\"ReadAction\",\"target\":[\"https:\/\/www.estrategiaconcursos.com.br\/blog\/suspensao-do-concurso-da-pcdf-entenda-tud\/\"]}]},{\"@type\":\"ImageObject\",\"inLanguage\":\"pt-BR\",\"@id\":\"https:\/\/www.estrategiaconcursos.com.br\/blog\/suspensao-do-concurso-da-pcdf-entenda-tud\/#primaryimage\",\"url\":\"https:\/\/dhg1h5j42swfq.cloudfront.net\/2020\/09\/16085846\/Remarcacao-das-provas-da-PCDF.-Miniatura.jpg\",\"contentUrl\":\"https:\/\/dhg1h5j42swfq.cloudfront.net\/2020\/09\/16085846\/Remarcacao-das-provas-da-PCDF.-Miniatura.jpg\",\"width\":150,\"height\":150},{\"@type\":\"BreadcrumbList\",\"@id\":\"https:\/\/www.estrategiaconcursos.com.br\/blog\/suspensao-do-concurso-da-pcdf-entenda-tud\/#breadcrumb\",\"itemListElement\":[{\"@type\":\"ListItem\",\"position\":1,\"name\":\"In\u00edcio\",\"item\":\"https:\/\/www.estrategiaconcursos.com.br\/blog\/\"},{\"@type\":\"ListItem\",\"position\":2,\"name\":\"Suspens\u00e3o do Concurso da PCDF. Entenda tudo!\"}]},{\"@type\":\"WebSite\",\"@id\":\"https:\/\/www.estrategiaconcursos.com.br\/blog\/#website\",\"url\":\"https:\/\/www.estrategiaconcursos.com.br\/blog\/\",\"name\":\"Estrat\u00e9gia Concursos\",\"description\":\"O blog da Estrat\u00e9gia Concursos traz not\u00edcias sobre concursos e artigos de professores oferecendo cursos para concursos (pdf + videaulas) no site.\",\"publisher\":{\"@id\":\"https:\/\/www.estrategiaconcursos.com.br\/blog\/#organization\"},\"potentialAction\":[{\"@type\":\"SearchAction\",\"target\":{\"@type\":\"EntryPoint\",\"urlTemplate\":\"https:\/\/www.estrategiaconcursos.com.br\/blog\/?s={search_term_string}\"},\"query-input\":{\"@type\":\"PropertyValueSpecification\",\"valueRequired\":true,\"valueName\":\"search_term_string\"}}],\"inLanguage\":\"pt-BR\"},{\"@type\":\"Organization\",\"@id\":\"https:\/\/www.estrategiaconcursos.com.br\/blog\/#organization\",\"name\":\"Estrat\u00e9gia Concursos\",\"url\":\"https:\/\/www.estrategiaconcursos.com.br\/blog\/\",\"logo\":{\"@type\":\"ImageObject\",\"inLanguage\":\"pt-BR\",\"@id\":\"https:\/\/www.estrategiaconcursos.com.br\/blog\/#\/schema\/logo\/image\/\",\"url\":\"https:\/\/dhg1h5j42swfq.cloudfront.net\/2025\/06\/03203428\/logo_concursos-1.jpg\",\"contentUrl\":\"https:\/\/dhg1h5j42swfq.cloudfront.net\/2025\/06\/03203428\/logo_concursos-1.jpg\",\"width\":230,\"height\":60,\"caption\":\"Estrat\u00e9gia Concursos\"},\"image\":{\"@id\":\"https:\/\/www.estrategiaconcursos.com.br\/blog\/#\/schema\/logo\/image\/\"},\"sameAs\":[\"https:\/\/x.com\/EstratConcursos\"]},{\"@type\":\"Person\",\"@id\":\"https:\/\/www.estrategiaconcursos.com.br\/blog\/#\/schema\/person\/815879a5d53ac95e15b4315289247ae3\",\"name\":\"Guilherme Solino\",\"image\":{\"@type\":\"ImageObject\",\"inLanguage\":\"pt-BR\",\"@id\":\"https:\/\/secure.gravatar.com\/avatar\/06ac0810928deff27d59cfeff6b64e903348c45b69d786c38178631f5982feea?s=96&d=mm&r=g\",\"url\":\"https:\/\/secure.gravatar.com\/avatar\/06ac0810928deff27d59cfeff6b64e903348c45b69d786c38178631f5982feea?s=96&d=mm&r=g\",\"contentUrl\":\"https:\/\/secure.gravatar.com\/avatar\/06ac0810928deff27d59cfeff6b64e903348c45b69d786c38178631f5982feea?s=96&d=mm&r=g\",\"caption\":\"Guilherme Solino\"},\"sameAs\":[\"https:\/\/www.instagram.com\/professor.solino\/\",\"https:\/\/www.youtube.com\/channel\/UC4IK4cNzz26eQ9CbgwX0J3Q\"],\"url\":\"https:\/\/www.estrategiaconcursos.com.br\/blog\/author\/guilhermesolinoestrategiaconcursos-com-br\/\"}]}<\/script>\n<!-- \/ Yoast SEO Premium plugin. -->","yoast_head_json":{"title":"Suspens\u00e3o do Concurso da PCDF. Entenda as Pr\u00f3ximas Etapas!","description":"O concurso da PCDF foi adiado. Veja o motivo da suspens\u00e3o, quais s\u00e3o as condi\u00e7\u00f5es para a remarca\u00e7\u00e3o das provas e a minha estima\u00e7\u00e3o para a pr\u00f3xima marca\u00e7\u00e3o!","robots":{"index":"index","follow":"follow","max-snippet":"max-snippet:-1","max-image-preview":"max-image-preview:large","max-video-preview":"max-video-preview:-1"},"canonical":"https:\/\/www.estrategiaconcursos.com.br\/blog\/suspensao-do-concurso-da-pcdf-entenda-tud\/","og_locale":"pt_BR","og_type":"article","og_title":"Suspens\u00e3o do Concurso da PCDF. Entenda tudo!","og_description":"O concurso da PCDF foi adiado. Veja o motivo da suspens\u00e3o, quais s\u00e3o as condi\u00e7\u00f5es para a remarca\u00e7\u00e3o das provas e a minha estima\u00e7\u00e3o para a pr\u00f3xima marca\u00e7\u00e3o!","og_url":"https:\/\/www.estrategiaconcursos.com.br\/blog\/suspensao-do-concurso-da-pcdf-entenda-tud\/","og_site_name":"Estrat\u00e9gia Concursos","article_published_time":"2020-09-16T11:59:58+00:00","article_modified_time":"2023-07-10T13:19:08+00:00","og_image":[{"width":150,"height":150,"url":"https:\/\/dhg1h5j42swfq.cloudfront.net\/2020\/09\/16085846\/Remarcacao-das-provas-da-PCDF.-Miniatura.jpg","type":"image\/jpeg"}],"author":"Guilherme Solino","twitter_card":"summary_large_image","twitter_creator":"@EstratConcursos","twitter_site":"@EstratConcursos","twitter_misc":{"Escrito por":"Guilherme Solino","Est. tempo de leitura":"1 minuto"},"schema":{"@context":"https:\/\/schema.org","@graph":[{"@type":"NewsArticle","@id":"https:\/\/www.estrategiaconcursos.com.br\/blog\/suspensao-do-concurso-da-pcdf-entenda-tud\/#article","isPartOf":{"@id":"https:\/\/www.estrategiaconcursos.com.br\/blog\/suspensao-do-concurso-da-pcdf-entenda-tud\/"},"author":{"name":"Guilherme Solino","@id":"https:\/\/www.estrategiaconcursos.com.br\/blog\/#\/schema\/person\/815879a5d53ac95e15b4315289247ae3"},"headline":"Suspens\u00e3o do Concurso da PCDF. Entenda tudo!","datePublished":"2020-09-16T11:59:58+00:00","dateModified":"2023-07-10T13:19:08+00:00","mainEntityOfPage":{"@id":"https:\/\/www.estrategiaconcursos.com.br\/blog\/suspensao-do-concurso-da-pcdf-entenda-tud\/"},"wordCount":251,"commentCount":0,"publisher":{"@id":"https:\/\/www.estrategiaconcursos.com.br\/blog\/#organization"},"image":{"@id":"https:\/\/www.estrategiaconcursos.com.br\/blog\/suspensao-do-concurso-da-pcdf-entenda-tud\/#primaryimage"},"thumbnailUrl":"https:\/\/dhg1h5j42swfq.cloudfront.net\/2020\/09\/16085846\/Remarcacao-das-provas-da-PCDF.-Miniatura.jpg","keywords":["concurso pcdf","PCDF"],"articleSection":["Concursos P\u00fablicos"],"inLanguage":"pt-BR","potentialAction":[{"@type":"CommentAction","name":"Comment","target":["https:\/\/www.estrategiaconcursos.com.br\/blog\/suspensao-do-concurso-da-pcdf-entenda-tud\/#respond"]}],"copyrightYear":"2020","copyrightHolder":{"@id":"https:\/\/www.estrategiaconcursos.com.br\/blog\/#organization"}},{"@type":"WebPage","@id":"https:\/\/www.estrategiaconcursos.com.br\/blog\/suspensao-do-concurso-da-pcdf-entenda-tud\/","url":"https:\/\/www.estrategiaconcursos.com.br\/blog\/suspensao-do-concurso-da-pcdf-entenda-tud\/","name":"Suspens\u00e3o do Concurso da PCDF. Entenda as Pr\u00f3ximas Etapas!","isPartOf":{"@id":"https:\/\/www.estrategiaconcursos.com.br\/blog\/#website"},"primaryImageOfPage":{"@id":"https:\/\/www.estrategiaconcursos.com.br\/blog\/suspensao-do-concurso-da-pcdf-entenda-tud\/#primaryimage"},"image":{"@id":"https:\/\/www.estrategiaconcursos.com.br\/blog\/suspensao-do-concurso-da-pcdf-entenda-tud\/#primaryimage"},"thumbnailUrl":"https:\/\/dhg1h5j42swfq.cloudfront.net\/2020\/09\/16085846\/Remarcacao-das-provas-da-PCDF.-Miniatura.jpg","datePublished":"2020-09-16T11:59:58+00:00","dateModified":"2023-07-10T13:19:08+00:00","description":"O concurso da PCDF foi adiado. Veja o motivo da suspens\u00e3o, quais s\u00e3o as condi\u00e7\u00f5es para a remarca\u00e7\u00e3o das provas e a minha estima\u00e7\u00e3o para a pr\u00f3xima marca\u00e7\u00e3o!","breadcrumb":{"@id":"https:\/\/www.estrategiaconcursos.com.br\/blog\/suspensao-do-concurso-da-pcdf-entenda-tud\/#breadcrumb"},"inLanguage":"pt-BR","potentialAction":[{"@type":"ReadAction","target":["https:\/\/www.estrategiaconcursos.com.br\/blog\/suspensao-do-concurso-da-pcdf-entenda-tud\/"]}]},{"@type":"ImageObject","inLanguage":"pt-BR","@id":"https:\/\/www.estrategiaconcursos.com.br\/blog\/suspensao-do-concurso-da-pcdf-entenda-tud\/#primaryimage","url":"https:\/\/dhg1h5j42swfq.cloudfront.net\/2020\/09\/16085846\/Remarcacao-das-provas-da-PCDF.-Miniatura.jpg","contentUrl":"https:\/\/dhg1h5j42swfq.cloudfront.net\/2020\/09\/16085846\/Remarcacao-das-provas-da-PCDF.-Miniatura.jpg","width":150,"height":150},{"@type":"BreadcrumbList","@id":"https:\/\/www.estrategiaconcursos.com.br\/blog\/suspensao-do-concurso-da-pcdf-entenda-tud\/#breadcrumb","itemListElement":[{"@type":"ListItem","position":1,"name":"In\u00edcio","item":"https:\/\/www.estrategiaconcursos.com.br\/blog\/"},{"@type":"ListItem","position":2,"name":"Suspens\u00e3o do Concurso da PCDF. Entenda tudo!"}]},{"@type":"WebSite","@id":"https:\/\/www.estrategiaconcursos.com.br\/blog\/#website","url":"https:\/\/www.estrategiaconcursos.com.br\/blog\/","name":"Estrat\u00e9gia Concursos","description":"O blog da Estrat\u00e9gia Concursos traz not\u00edcias sobre concursos e artigos de professores oferecendo cursos para concursos (pdf + videaulas) no site.","publisher":{"@id":"https:\/\/www.estrategiaconcursos.com.br\/blog\/#organization"},"potentialAction":[{"@type":"SearchAction","target":{"@type":"EntryPoint","urlTemplate":"https:\/\/www.estrategiaconcursos.com.br\/blog\/?s={search_term_string}"},"query-input":{"@type":"PropertyValueSpecification","valueRequired":true,"valueName":"search_term_string"}}],"inLanguage":"pt-BR"},{"@type":"Organization","@id":"https:\/\/www.estrategiaconcursos.com.br\/blog\/#organization","name":"Estrat\u00e9gia Concursos","url":"https:\/\/www.estrategiaconcursos.com.br\/blog\/","logo":{"@type":"ImageObject","inLanguage":"pt-BR","@id":"https:\/\/www.estrategiaconcursos.com.br\/blog\/#\/schema\/logo\/image\/","url":"https:\/\/dhg1h5j42swfq.cloudfront.net\/2025\/06\/03203428\/logo_concursos-1.jpg","contentUrl":"https:\/\/dhg1h5j42swfq.cloudfront.net\/2025\/06\/03203428\/logo_concursos-1.jpg","width":230,"height":60,"caption":"Estrat\u00e9gia Concursos"},"image":{"@id":"https:\/\/www.estrategiaconcursos.com.br\/blog\/#\/schema\/logo\/image\/"},"sameAs":["https:\/\/x.com\/EstratConcursos"]},{"@type":"Person","@id":"https:\/\/www.estrategiaconcursos.com.br\/blog\/#\/schema\/person\/815879a5d53ac95e15b4315289247ae3","name":"Guilherme Solino","image":{"@type":"ImageObject","inLanguage":"pt-BR","@id":"https:\/\/secure.gravatar.com\/avatar\/06ac0810928deff27d59cfeff6b64e903348c45b69d786c38178631f5982feea?s=96&d=mm&r=g","url":"https:\/\/secure.gravatar.com\/avatar\/06ac0810928deff27d59cfeff6b64e903348c45b69d786c38178631f5982feea?s=96&d=mm&r=g","contentUrl":"https:\/\/secure.gravatar.com\/avatar\/06ac0810928deff27d59cfeff6b64e903348c45b69d786c38178631f5982feea?s=96&d=mm&r=g","caption":"Guilherme Solino"},"sameAs":["https:\/\/www.instagram.com\/professor.solino\/","https:\/\/www.youtube.com\/channel\/UC4IK4cNzz26eQ9CbgwX0J3Q"],"url":"https:\/\/www.estrategiaconcursos.com.br\/blog\/author\/guilhermesolinoestrategiaconcursos-com-br\/"}]}},"_links":{"self":[{"href":"https:\/\/www.estrategiaconcursos.com.br\/blog\/wp-json\/wp\/v2\/posts\/572674","targetHints":{"allow":["GET"]}}],"collection":[{"href":"https:\/\/www.estrategiaconcursos.com.br\/blog\/wp-json\/wp\/v2\/posts"}],"about":[{"href":"https:\/\/www.estrategiaconcursos.com.br\/blog\/wp-json\/wp\/v2\/types\/post"}],"author":[{"embeddable":true,"href":"https:\/\/www.estrategiaconcursos.com.br\/blog\/wp-json\/wp\/v2\/users\/461"}],"replies":[{"embeddable":true,"href":"https:\/\/www.estrategiaconcursos.com.br\/blog\/wp-json\/wp\/v2\/comments?post=572674"}],"version-history":[{"count":4,"href":"https:\/\/www.estrategiaconcursos.com.br\/blog\/wp-json\/wp\/v2\/posts\/572674\/revisions"}],"predecessor-version":[{"id":1245713,"href":"https:\/\/www.estrategiaconcursos.com.br\/blog\/wp-json\/wp\/v2\/posts\/572674\/revisions\/1245713"}],"wp:featuredmedia":[{"embeddable":true,"href":"https:\/\/www.estrategiaconcursos.com.br\/blog\/wp-json\/wp\/v2\/media\/572690"}],"wp:attachment":[{"href":"https:\/\/www.estrategiaconcursos.com.br\/blog\/wp-json\/wp\/v2\/media?parent=572674"}],"wp:term":[{"taxonomy":"category","embeddable":true,"href":"https:\/\/www.estrategiaconcursos.com.br\/blog\/wp-json\/wp\/v2\/categories?post=572674"},{"taxonomy":"post_tag","embeddable":true,"href":"https:\/\/www.estrategiaconcursos.com.br\/blog\/wp-json\/wp\/v2\/tags?post=572674"},{"taxonomy":"tax_estado","embeddable":true,"href":"https:\/\/www.estrategiaconcursos.com.br\/blog\/wp-json\/wp\/v2\/tax_estado?post=572674"}],"curies":[{"name":"wp","href":"https:\/\/api.w.org\/{rel}","templated":true}]}}