{"id":571866,"date":"2020-09-14T17:22:05","date_gmt":"2020-09-14T20:22:05","guid":{"rendered":"https:\/\/www.estrategiaconcursos.com.br\/blog\/?p=571866"},"modified":"2020-11-19T08:30:40","modified_gmt":"2020-11-19T11:30:40","slug":"mpt-procurador-retomado-novo-cronograma","status":"publish","type":"post","link":"https:\/\/www.estrategiaconcursos.com.br\/blog\/mpt-procurador-retomado-novo-cronograma\/","title":{"rendered":"MPT Procurador: novo cronograma divulgado; Veja!"},"content":{"rendered":"\n<h2 class=\"wp-block-heading\"><strong><em>Atividades retomadas!<\/em><\/strong><\/h2>\n\n\n\n<p>O Minist\u00e9rio P\u00fablico do Trabalho havia suspendido as etapas do concurso MPT Procurador por causa da pandemia de Covid-19. Mas, nesta segunda-feira, 14 de setembro de 2020, o procurador-geral do Trabalho, Alberto Bastos Balazeiro, decidiu retomar as atividades do certame. <\/p>\n\n\n\n<p>A confirma\u00e7\u00e3o se deu por <a href=\"https:\/\/mpt.mp.br\/pgt\/noticias\/atonormativoedital_87-2020_gerado-em-14-09-2020-07h43min42s.pdf\" target=\"_blank\" rel=\"noreferrer noopener\">ato normativo<\/a> que revelou as medidas de seguran\u00e7a que ser\u00e3o adotadas nos dias dos exames, e tamb\u00e9m divulgou as novas datas das provas. <\/p>\n\n\n\n<p><strong><em>Confira abaixo o novo cronograma: <\/em><\/strong><\/p>\n\n\n\n<figure class=\"wp-block-table is-style-stripes\"><table class=\"has-subtle-pale-blue-background-color has-background\"><tbody><tr><td>ETAPA \u2013 ATIVIDADE<\/td><td>DATA<\/td><\/tr><tr><td>PROVAS DISCURSIVA E PR\u00c1TICA<br \/>Publica\u00e7\u00e3o do edital indicando datas, hor\u00e1rios e locais das<br \/>realiza\u00e7\u00f5es das provas discursiva e pr\u00e1tica<\/td><td>30\/09\/2020<\/td><\/tr><tr><td>Realiza\u00e7\u00e3o da prova discursiva<\/td><td>10\/10\/2020<\/td><\/tr><tr><td>Realiza\u00e7\u00e3o da prova pr\u00e1tica<\/td><td>11\/10\/2020<\/td><\/tr><tr><td>Publica\u00e7\u00e3o do edital divulgando a lista dos aprovados na prova discursiva<\/td><td>26\/10\/2020<\/td><\/tr><tr><td>Publica\u00e7\u00e3o do edital contendo a aprecia\u00e7\u00e3o dos recursos<br \/>interpostos contra a nota da prova discursiva, bem como a lista de<br \/>eventuais novos aprovados na etapa<\/td><td>9\/11\/2020<\/td><\/tr><tr><td>Publica\u00e7\u00e3o do edital contendo a lista dos aprovados na prova<br \/>pr\u00e1tica<\/td><td>10\/11\/2020<\/td><\/tr><tr><td>Publica\u00e7\u00e3o do edital contendo a aprecia\u00e7\u00e3o dos recursos<br \/>interpostos contra a nota da prova pr\u00e1tica, bem como a lista de<br \/>eventuais novos aprovados na etapa e convoca\u00e7\u00e3o para inscri\u00e7\u00e3o<br \/>definitiva<\/td><td>20\/11\/2020<\/td><\/tr><tr><td>INSCRI\u00c7\u00c3O DEFINITIVA<br \/>Per\u00edodo para inscri\u00e7\u00e3o definitiva e apresenta\u00e7\u00e3o de documentos<\/td><td>23 a 30\/11\/2020<\/td><\/tr><tr><td>Publica\u00e7\u00e3o do edital contendo as inscri\u00e7\u00f5es definitivas deferidas e<br \/>convoca\u00e7\u00e3o para a prova oral<\/td><td>4\/12\/2020<\/td><\/tr><tr><td>Publica\u00e7\u00e3o do edital contendo a aprecia\u00e7\u00e3o dos recursos<br \/>interpostos contra o indeferimento de inscri\u00e7\u00e3o definitiva e<br \/>convoca\u00e7\u00e3o suplementar para a prova oral, se for o caso<\/td><td>14\/12\/2020<\/td><\/tr><tr><td>PROVA ORAL<br \/>Per\u00edodo de realiza\u00e7\u00e3o<\/td><td>15 a 18\/12\/2020<\/td><\/tr><tr><td>Publica\u00e7\u00e3o do edital contendo os resultados da prova oral, aferi\u00e7\u00e3o<br \/>de t\u00edtulos, nota final de aprova\u00e7\u00e3o e classifica\u00e7\u00e3o final<\/td><td>21\/12\/2020<\/td><\/tr><tr><td>Publica\u00e7\u00e3o do edital com a aprecia\u00e7\u00e3o dos recursos interpostos<\/td><td>29\/12\/2020<\/td><\/tr><tr><td>RESULTADO FINAL<\/td><td>29\/12\/2020<\/td><\/tr><\/tbody><\/table><\/figure>\n\n\n\n<h3 class=\"wp-block-heading\">MPT Procurador &#8211; <strong>Normas de seguran\u00e7a<\/strong><\/h3>\n\n\n\n<p>Antes de entrar no local de prova, ser\u00e1 verificada a temperatura corporal por term\u00f4metro digital de testa ou punho, sem contato f\u00edsico. Ser\u00e1 obrigat\u00f3rio o uso de m\u00e1scaras de maneira adequada.<\/p>\n\n\n\n<p class=\"has-background\" style=\"background-color:#ff7575\"><strong>Aos candidatos e candidatas que possu\u00edrem sintomas respirat\u00f3rios ser\u00e1 obrigat\u00f3rio o uso de m\u00e1scara do tipo cir\u00fargica.<\/strong><\/p>\n\n\n\n<p>O MPT fornecer\u00e1 aos candidatos kits contendo tr\u00eas m\u00e1scaras por dia de prova e frasco de \u00e1lcool em gel. As m\u00e1scaras dever\u00e3o ser trocadas a cada duas horas, cabendo ao fiscal de prova avisar os presentes os momentos de troca. <\/p>\n\n\n\n<p>As m\u00e1scaras usadas ser\u00e3o depositadas em saco pl\u00e1stico \u00fanico, em cada dia de prova, e recolhido ao final para descarte.<\/p>\n\n\n\n<p>A disposi\u00e7\u00e3o das salas de prova na ocasi\u00e3o do exame presencial obedecer\u00e1 a uma dist\u00e2ncia m\u00ednima de 2 metros entre os candidatos e candidatas, membros e membras, servidores e servidoras, colaboradores e colaboradoras. <\/p>\n\n\n\n<p>Um dos cantos da sala ficar\u00e1 reservado para o lanche e hidrata\u00e7\u00e3o de fiscais, candidatos e candidatas. Na prova oral, os membros e as membras, convidados e convidadas para as argui\u00e7\u00f5es manter\u00e3o a dist\u00e2ncia de 2 metros entre si e entre esses e o candidato. <\/p>\n\n\n\n<p>A audi\u00eancia convidada para a argui\u00e7\u00e3o poder\u00e1 acompanhar as prova somente por sistema de v\u00eddeo em local distinto daquele onde ser\u00e1 realizada a prova oral, ou por link disponibilizado em p\u00e1gina da internet. <\/p>\n\n\n\n<p>Os candidatos e as candidatas \u00e0 prova oral ser\u00e3o acomodados no dia da prova em salas amplas e com espa\u00e7amento de 2 metros entre eles, todos portando m\u00e1scaras que cubram o nariz e a boca, e dever\u00e3o permanecer em sil\u00eancio. <\/p>\n\n\n\n<p>Nos locais da realiza\u00e7\u00e3o das provas escritas e oral, uma sala ficar\u00e1 reservada para candidatos e candidatas que apresentarem febre no dia do exame.<\/p>\n\n\n\n<p>S\u00e3o ofertadas no concurso MPT Procurador 4 vagas + CR para o cargo de Procurador do Trabalho, com remunera\u00e7\u00e3o inicial de R$ R$ 28.947,55. O \u00f3rg\u00e3o exige bacharelado em Direito + 3 anos de atividade jur\u00eddica. <\/p>\n\n\n\n<p>Quer saber mais sobre o concurso? Clique no link abaixo e fique por dentro de tudo!<\/p>\n\n\n\n<p class=\"has-text-align-center has-background\" style=\"font-size:clamp(16.293px, 1.018rem + ((1vw - 3.2px) * 0.854), 25px);px;background-color:#c8cbce\"><a href=\"https:\/\/www.estrategiaconcursos.com.br\/blog\/concurso-mpt\/\" target=\"_blank\" rel=\"noreferrer noopener\">Concurso MPT <\/a><\/p>\n\n\n\n<h2 class=\"has-text-align-center cursos wp-block-heading\">Cursos para o MPT<\/h2>\n\n\n\n<p class=\"has-text-align-center has-light-green-cyan-background-color has-background\" style=\"font-size:clamp(16.293px, 1.018rem + ((1vw - 3.2px) * 0.854), 25px);px\"><strong><a rel=\"noopener noreferrer\" href=\"https:\/\/www.estrategiaconcursos.com.br\/cursosPorConcurso\/ministerio-publico-do-trabalho-procurador\/\" target=\"_blank\">CURSO MPT<\/a><\/strong><\/p>\n\n\n\n<h2 class=\"has-text-align-center wp-block-heading\">Assinatura Jur\u00eddica<\/h2>\n\n\n\n<p class=\"has-text-align-center\">Estude com a maior assinatura jur\u00eddica! Cursos on\u2011line complet\u00edssimos em PDFs e videoaulas, com conte\u00fado te\u00f3rico did\u00e1tico, legisla\u00e7\u00e3o e jurisprud\u00eancia analisados, resolu\u00e7\u00e3o de in\u00fameras quest\u00f5es e resumos ao final de cada aula.<\/p>\n\n\n\n<p class=\"has-text-align-center has-luminous-vivid-amber-background-color has-background\"><strong>ACESSE:&nbsp;<a href=\"https:\/\/www.estrategiaconcursos.com.br\/assinaturas-ecj\/\" target=\"_blank\" rel=\"noreferrer noopener\">Assinatura Jur\u00eddica<\/a><\/strong><\/p>\n\n\n\n<p class=\"has-text-align-center\"><strong><em><strong>Sistema de Quest\u00f5es<\/strong><\/em><\/strong>&nbsp;<\/p>\n\n\n\n<p class=\"has-text-align-center\">Estrat\u00e9gia Quest\u00f5es nasceu maior do que todos os concorrentes, com mais quest\u00f5es cadastradas e mais solu\u00e7\u00f5es por professores. Clique no link e aproveite os descontos e b\u00f4nus imperd\u00edveis!<\/p>\n\n\n\n<p class=\"has-text-align-center has-light-green-cyan-background-color has-background\"><strong>ASSINE AGORA \u2013&nbsp;<a href=\"https:\/\/www.estrategiaconcursos.com.br\/cursosPorConcurso\/sistema-de-questoes\/#\/\" target=\"_blank\" rel=\"noreferrer noopener\">Sistema de Quest\u00f5es<\/a><\/strong><\/p>\n\n\n\n<p class=\"has-text-align-center has-pale-cyan-blue-background-color has-background\" style=\"font-size:clamp(15.197px, 0.95rem + ((1vw - 3.2px) * 0.765), 23px);px\"><strong><a href=\"https:\/\/www.estrategiaconcursos.com.br\/blog\/concursos-abertos\/\">CONCURSOS ABERTOS<\/a><\/strong><\/p>\n\n\n\n<p class=\"has-text-align-center has-pale-cyan-blue-background-color has-background\" style=\"font-size:clamp(15.197px, 0.95rem + ((1vw - 3.2px) * 0.765), 23px);px\"><a href=\"https:\/\/www.estrategiaconcursos.com.br\/blog\/concursos-2020\/\"><strong>CONCURSOS<\/strong><\/a><strong><a href=\"https:\/\/www.estrategiaconcursos.com.br\/blog\/concursos-2020\/\">&nbsp;2020<\/a><\/strong><\/p>\n\n\n\n<p class=\"has-text-align-center has-pale-cyan-blue-background-color has-background\" style=\"font-size:clamp(15.197px, 0.95rem + ((1vw - 3.2px) * 0.765), 23px);px\"><strong><a aria-label=\"CONCURSOS&nbsp;DE DIREITO (abre numa nova aba)\" href=\"https:\/\/www.estrategiaconcursos.com.br\/blog\/concursos-de-direito\/\" target=\"_blank\" rel=\"noreferrer noopener\">CONCURSOS&nbsp;DE DIREITO<\/a><\/strong><\/p>\n","protected":false},"excerpt":{"rendered":"<p>Atividades retomadas! O Minist\u00e9rio P\u00fablico do Trabalho havia suspendido as etapas do concurso MPT Procurador por causa da pandemia de Covid-19. Mas, nesta segunda-feira, 14 de setembro de 2020, o procurador-geral do Trabalho, Alberto Bastos Balazeiro, decidiu retomar as atividades do certame. A confirma\u00e7\u00e3o se deu por ato normativo que revelou as medidas de seguran\u00e7a [&hellip;]<\/p>\n","protected":false},"author":180,"featured_media":429119,"comment_status":"open","ping_status":"closed","sticky":false,"template":"","format":"standard","meta":{"post_tipo":"article","footnotes":""},"categories":[1,2185],"tags":[],"tax_estado":[],"class_list":["post-571866","post","type-post","status-publish","format-standard","has-post-thumbnail","hentry","category-cursos-e-concursos","category-carreiras-juridicas"],"acf":[],"yoast_head":"<!-- This site is optimized with the Yoast SEO Premium plugin v27.2 (Yoast SEO v27.2) - https:\/\/yoast.com\/product\/yoast-seo-premium-wordpress\/ -->\n<title>MPT Procurador: novo cronograma divulgado; Veja!<\/title>\n<meta name=\"description\" content=\"MPT Procurador: o \u00f3rg\u00e3o retomou as atividades do concurso e divulgou o novo cronograma das etapas de provas. Saiba mais neste artigo.\" \/>\n<meta name=\"robots\" content=\"index, follow, max-snippet:-1, max-image-preview:large, max-video-preview:-1\" \/>\n<link rel=\"canonical\" href=\"https:\/\/www.estrategiaconcursos.com.br\/blog\/mpt-procurador-retomado-novo-cronograma\/\" \/>\n<meta property=\"og:locale\" content=\"pt_BR\" \/>\n<meta property=\"og:type\" content=\"article\" \/>\n<meta property=\"og:title\" content=\"MPT Procurador: novo cronograma divulgado; Veja!\" \/>\n<meta property=\"og:description\" content=\"MPT Procurador: o \u00f3rg\u00e3o retomou as atividades do concurso e divulgou o novo cronograma das etapas de provas. Saiba mais neste artigo.\" \/>\n<meta property=\"og:url\" content=\"https:\/\/www.estrategiaconcursos.com.br\/blog\/mpt-procurador-retomado-novo-cronograma\/\" \/>\n<meta property=\"og:site_name\" content=\"Estrat\u00e9gia Concursos\" \/>\n<meta property=\"article:author\" content=\"https:\/\/www.facebook.com\/ricardo.s.torques\" \/>\n<meta property=\"article:published_time\" content=\"2020-09-14T20:22:05+00:00\" \/>\n<meta property=\"article:modified_time\" content=\"2020-11-19T11:30:40+00:00\" \/>\n<meta property=\"og:image\" content=\"https:\/\/dhg1h5j42swfq.cloudfront.net\/2019\/09\/02110116\/MPT.jpg\" \/>\n\t<meta property=\"og:image:width\" content=\"1200\" \/>\n\t<meta property=\"og:image:height\" content=\"628\" \/>\n\t<meta property=\"og:image:type\" content=\"image\/jpeg\" \/>\n<meta name=\"author\" content=\"Ricardo Torques\" \/>\n<meta name=\"twitter:card\" content=\"summary_large_image\" \/>\n<meta name=\"twitter:creator\" content=\"@EstratConcursos\" \/>\n<meta name=\"twitter:site\" content=\"@EstratConcursos\" \/>\n<meta name=\"twitter:label1\" content=\"Escrito por\" \/>\n\t<meta name=\"twitter:data1\" content=\"Ricardo Torques\" \/>\n\t<meta name=\"twitter:label2\" content=\"Est. tempo de leitura\" \/>\n\t<meta name=\"twitter:data2\" content=\"4 minutos\" \/>\n<script type=\"application\/ld+json\" class=\"yoast-schema-graph\">{\"@context\":\"https:\/\/schema.org\",\"@graph\":[{\"@type\":\"NewsArticle\",\"@id\":\"https:\/\/www.estrategiaconcursos.com.br\/blog\/mpt-procurador-retomado-novo-cronograma\/#article\",\"isPartOf\":{\"@id\":\"https:\/\/www.estrategiaconcursos.com.br\/blog\/mpt-procurador-retomado-novo-cronograma\/\"},\"author\":{\"name\":\"Ricardo Torques\",\"@id\":\"https:\/\/www.estrategiaconcursos.com.br\/blog\/#\/schema\/person\/aa39cf5ddb518e5bdce27c35788405e2\"},\"headline\":\"MPT Procurador: novo cronograma divulgado; Veja!\",\"datePublished\":\"2020-09-14T20:22:05+00:00\",\"dateModified\":\"2020-11-19T11:30:40+00:00\",\"mainEntityOfPage\":{\"@id\":\"https:\/\/www.estrategiaconcursos.com.br\/blog\/mpt-procurador-retomado-novo-cronograma\/\"},\"wordCount\":787,\"commentCount\":0,\"publisher\":{\"@id\":\"https:\/\/www.estrategiaconcursos.com.br\/blog\/#organization\"},\"image\":{\"@id\":\"https:\/\/www.estrategiaconcursos.com.br\/blog\/mpt-procurador-retomado-novo-cronograma\/#primaryimage\"},\"thumbnailUrl\":\"https:\/\/dhg1h5j42swfq.cloudfront.net\/2019\/09\/02110116\/MPT.jpg\",\"articleSection\":[\"Concursos P\u00fablicos\",\"Jur\u00eddico\"],\"inLanguage\":\"pt-BR\",\"potentialAction\":[{\"@type\":\"CommentAction\",\"name\":\"Comment\",\"target\":[\"https:\/\/www.estrategiaconcursos.com.br\/blog\/mpt-procurador-retomado-novo-cronograma\/#respond\"]}],\"copyrightYear\":\"2020\",\"copyrightHolder\":{\"@id\":\"https:\/\/www.estrategiaconcursos.com.br\/blog\/#organization\"}},{\"@type\":\"WebPage\",\"@id\":\"https:\/\/www.estrategiaconcursos.com.br\/blog\/mpt-procurador-retomado-novo-cronograma\/\",\"url\":\"https:\/\/www.estrategiaconcursos.com.br\/blog\/mpt-procurador-retomado-novo-cronograma\/\",\"name\":\"MPT Procurador: novo cronograma divulgado; Veja!\",\"isPartOf\":{\"@id\":\"https:\/\/www.estrategiaconcursos.com.br\/blog\/#website\"},\"primaryImageOfPage\":{\"@id\":\"https:\/\/www.estrategiaconcursos.com.br\/blog\/mpt-procurador-retomado-novo-cronograma\/#primaryimage\"},\"image\":{\"@id\":\"https:\/\/www.estrategiaconcursos.com.br\/blog\/mpt-procurador-retomado-novo-cronograma\/#primaryimage\"},\"thumbnailUrl\":\"https:\/\/dhg1h5j42swfq.cloudfront.net\/2019\/09\/02110116\/MPT.jpg\",\"datePublished\":\"2020-09-14T20:22:05+00:00\",\"dateModified\":\"2020-11-19T11:30:40+00:00\",\"description\":\"MPT Procurador: o \u00f3rg\u00e3o retomou as atividades do concurso e divulgou o novo cronograma das etapas de provas. Saiba mais neste artigo.\",\"breadcrumb\":{\"@id\":\"https:\/\/www.estrategiaconcursos.com.br\/blog\/mpt-procurador-retomado-novo-cronograma\/#breadcrumb\"},\"inLanguage\":\"pt-BR\",\"potentialAction\":[{\"@type\":\"ReadAction\",\"target\":[\"https:\/\/www.estrategiaconcursos.com.br\/blog\/mpt-procurador-retomado-novo-cronograma\/\"]}]},{\"@type\":\"ImageObject\",\"inLanguage\":\"pt-BR\",\"@id\":\"https:\/\/www.estrategiaconcursos.com.br\/blog\/mpt-procurador-retomado-novo-cronograma\/#primaryimage\",\"url\":\"https:\/\/dhg1h5j42swfq.cloudfront.net\/2019\/09\/02110116\/MPT.jpg\",\"contentUrl\":\"https:\/\/dhg1h5j42swfq.cloudfront.net\/2019\/09\/02110116\/MPT.jpg\",\"width\":1200,\"height\":628,\"caption\":\"concurso mpt\"},{\"@type\":\"BreadcrumbList\",\"@id\":\"https:\/\/www.estrategiaconcursos.com.br\/blog\/mpt-procurador-retomado-novo-cronograma\/#breadcrumb\",\"itemListElement\":[{\"@type\":\"ListItem\",\"position\":1,\"name\":\"In\u00edcio\",\"item\":\"https:\/\/www.estrategiaconcursos.com.br\/blog\/\"},{\"@type\":\"ListItem\",\"position\":2,\"name\":\"MPT Procurador: novo cronograma divulgado; Veja!\"}]},{\"@type\":\"WebSite\",\"@id\":\"https:\/\/www.estrategiaconcursos.com.br\/blog\/#website\",\"url\":\"https:\/\/www.estrategiaconcursos.com.br\/blog\/\",\"name\":\"Estrat\u00e9gia Concursos\",\"description\":\"O blog da Estrat\u00e9gia Concursos traz not\u00edcias sobre concursos e artigos de professores oferecendo cursos para concursos (pdf + videaulas) no site.\",\"publisher\":{\"@id\":\"https:\/\/www.estrategiaconcursos.com.br\/blog\/#organization\"},\"potentialAction\":[{\"@type\":\"SearchAction\",\"target\":{\"@type\":\"EntryPoint\",\"urlTemplate\":\"https:\/\/www.estrategiaconcursos.com.br\/blog\/?s={search_term_string}\"},\"query-input\":{\"@type\":\"PropertyValueSpecification\",\"valueRequired\":true,\"valueName\":\"search_term_string\"}}],\"inLanguage\":\"pt-BR\"},{\"@type\":\"Organization\",\"@id\":\"https:\/\/www.estrategiaconcursos.com.br\/blog\/#organization\",\"name\":\"Estrat\u00e9gia Concursos\",\"url\":\"https:\/\/www.estrategiaconcursos.com.br\/blog\/\",\"logo\":{\"@type\":\"ImageObject\",\"inLanguage\":\"pt-BR\",\"@id\":\"https:\/\/www.estrategiaconcursos.com.br\/blog\/#\/schema\/logo\/image\/\",\"url\":\"https:\/\/dhg1h5j42swfq.cloudfront.net\/2025\/06\/03203428\/logo_concursos-1.jpg\",\"contentUrl\":\"https:\/\/dhg1h5j42swfq.cloudfront.net\/2025\/06\/03203428\/logo_concursos-1.jpg\",\"width\":230,\"height\":60,\"caption\":\"Estrat\u00e9gia Concursos\"},\"image\":{\"@id\":\"https:\/\/www.estrategiaconcursos.com.br\/blog\/#\/schema\/logo\/image\/\"},\"sameAs\":[\"https:\/\/x.com\/EstratConcursos\"]},{\"@type\":\"Person\",\"@id\":\"https:\/\/www.estrategiaconcursos.com.br\/blog\/#\/schema\/person\/aa39cf5ddb518e5bdce27c35788405e2\",\"name\":\"Ricardo Torques\",\"image\":{\"@type\":\"ImageObject\",\"inLanguage\":\"pt-BR\",\"@id\":\"https:\/\/secure.gravatar.com\/avatar\/ce9ac6c3cff25fe86d15ed568ebc64d1724baf5c0693133bcb1f6073f712f92a?s=96&d=mm&r=g\",\"url\":\"https:\/\/secure.gravatar.com\/avatar\/ce9ac6c3cff25fe86d15ed568ebc64d1724baf5c0693133bcb1f6073f712f92a?s=96&d=mm&r=g\",\"contentUrl\":\"https:\/\/secure.gravatar.com\/avatar\/ce9ac6c3cff25fe86d15ed568ebc64d1724baf5c0693133bcb1f6073f712f92a?s=96&d=mm&r=g\",\"caption\":\"Ricardo Torques\"},\"sameAs\":[\"https:\/\/www.facebook.com\/ricardo.s.torques\"],\"url\":\"https:\/\/www.estrategiaconcursos.com.br\/blog\/author\/ricardotorquesestrategiaconcursos-com-br\/\"}]}<\/script>\n<!-- \/ Yoast SEO Premium plugin. -->","yoast_head_json":{"title":"MPT Procurador: novo cronograma divulgado; Veja!","description":"MPT Procurador: o \u00f3rg\u00e3o retomou as atividades do concurso e divulgou o novo cronograma das etapas de provas. Saiba mais neste artigo.","robots":{"index":"index","follow":"follow","max-snippet":"max-snippet:-1","max-image-preview":"max-image-preview:large","max-video-preview":"max-video-preview:-1"},"canonical":"https:\/\/www.estrategiaconcursos.com.br\/blog\/mpt-procurador-retomado-novo-cronograma\/","og_locale":"pt_BR","og_type":"article","og_title":"MPT Procurador: novo cronograma divulgado; Veja!","og_description":"MPT Procurador: o \u00f3rg\u00e3o retomou as atividades do concurso e divulgou o novo cronograma das etapas de provas. Saiba mais neste artigo.","og_url":"https:\/\/www.estrategiaconcursos.com.br\/blog\/mpt-procurador-retomado-novo-cronograma\/","og_site_name":"Estrat\u00e9gia Concursos","article_author":"https:\/\/www.facebook.com\/ricardo.s.torques","article_published_time":"2020-09-14T20:22:05+00:00","article_modified_time":"2020-11-19T11:30:40+00:00","og_image":[{"width":1200,"height":628,"url":"https:\/\/dhg1h5j42swfq.cloudfront.net\/2019\/09\/02110116\/MPT.jpg","type":"image\/jpeg"}],"author":"Ricardo Torques","twitter_card":"summary_large_image","twitter_creator":"@EstratConcursos","twitter_site":"@EstratConcursos","twitter_misc":{"Escrito por":"Ricardo Torques","Est. tempo de leitura":"4 minutos"},"schema":{"@context":"https:\/\/schema.org","@graph":[{"@type":"NewsArticle","@id":"https:\/\/www.estrategiaconcursos.com.br\/blog\/mpt-procurador-retomado-novo-cronograma\/#article","isPartOf":{"@id":"https:\/\/www.estrategiaconcursos.com.br\/blog\/mpt-procurador-retomado-novo-cronograma\/"},"author":{"name":"Ricardo Torques","@id":"https:\/\/www.estrategiaconcursos.com.br\/blog\/#\/schema\/person\/aa39cf5ddb518e5bdce27c35788405e2"},"headline":"MPT Procurador: novo cronograma divulgado; Veja!","datePublished":"2020-09-14T20:22:05+00:00","dateModified":"2020-11-19T11:30:40+00:00","mainEntityOfPage":{"@id":"https:\/\/www.estrategiaconcursos.com.br\/blog\/mpt-procurador-retomado-novo-cronograma\/"},"wordCount":787,"commentCount":0,"publisher":{"@id":"https:\/\/www.estrategiaconcursos.com.br\/blog\/#organization"},"image":{"@id":"https:\/\/www.estrategiaconcursos.com.br\/blog\/mpt-procurador-retomado-novo-cronograma\/#primaryimage"},"thumbnailUrl":"https:\/\/dhg1h5j42swfq.cloudfront.net\/2019\/09\/02110116\/MPT.jpg","articleSection":["Concursos P\u00fablicos","Jur\u00eddico"],"inLanguage":"pt-BR","potentialAction":[{"@type":"CommentAction","name":"Comment","target":["https:\/\/www.estrategiaconcursos.com.br\/blog\/mpt-procurador-retomado-novo-cronograma\/#respond"]}],"copyrightYear":"2020","copyrightHolder":{"@id":"https:\/\/www.estrategiaconcursos.com.br\/blog\/#organization"}},{"@type":"WebPage","@id":"https:\/\/www.estrategiaconcursos.com.br\/blog\/mpt-procurador-retomado-novo-cronograma\/","url":"https:\/\/www.estrategiaconcursos.com.br\/blog\/mpt-procurador-retomado-novo-cronograma\/","name":"MPT Procurador: novo cronograma divulgado; Veja!","isPartOf":{"@id":"https:\/\/www.estrategiaconcursos.com.br\/blog\/#website"},"primaryImageOfPage":{"@id":"https:\/\/www.estrategiaconcursos.com.br\/blog\/mpt-procurador-retomado-novo-cronograma\/#primaryimage"},"image":{"@id":"https:\/\/www.estrategiaconcursos.com.br\/blog\/mpt-procurador-retomado-novo-cronograma\/#primaryimage"},"thumbnailUrl":"https:\/\/dhg1h5j42swfq.cloudfront.net\/2019\/09\/02110116\/MPT.jpg","datePublished":"2020-09-14T20:22:05+00:00","dateModified":"2020-11-19T11:30:40+00:00","description":"MPT Procurador: o \u00f3rg\u00e3o retomou as atividades do concurso e divulgou o novo cronograma das etapas de provas. Saiba mais neste artigo.","breadcrumb":{"@id":"https:\/\/www.estrategiaconcursos.com.br\/blog\/mpt-procurador-retomado-novo-cronograma\/#breadcrumb"},"inLanguage":"pt-BR","potentialAction":[{"@type":"ReadAction","target":["https:\/\/www.estrategiaconcursos.com.br\/blog\/mpt-procurador-retomado-novo-cronograma\/"]}]},{"@type":"ImageObject","inLanguage":"pt-BR","@id":"https:\/\/www.estrategiaconcursos.com.br\/blog\/mpt-procurador-retomado-novo-cronograma\/#primaryimage","url":"https:\/\/dhg1h5j42swfq.cloudfront.net\/2019\/09\/02110116\/MPT.jpg","contentUrl":"https:\/\/dhg1h5j42swfq.cloudfront.net\/2019\/09\/02110116\/MPT.jpg","width":1200,"height":628,"caption":"concurso mpt"},{"@type":"BreadcrumbList","@id":"https:\/\/www.estrategiaconcursos.com.br\/blog\/mpt-procurador-retomado-novo-cronograma\/#breadcrumb","itemListElement":[{"@type":"ListItem","position":1,"name":"In\u00edcio","item":"https:\/\/www.estrategiaconcursos.com.br\/blog\/"},{"@type":"ListItem","position":2,"name":"MPT Procurador: novo cronograma divulgado; Veja!"}]},{"@type":"WebSite","@id":"https:\/\/www.estrategiaconcursos.com.br\/blog\/#website","url":"https:\/\/www.estrategiaconcursos.com.br\/blog\/","name":"Estrat\u00e9gia Concursos","description":"O blog da Estrat\u00e9gia Concursos traz not\u00edcias sobre concursos e artigos de professores oferecendo cursos para concursos (pdf + videaulas) no site.","publisher":{"@id":"https:\/\/www.estrategiaconcursos.com.br\/blog\/#organization"},"potentialAction":[{"@type":"SearchAction","target":{"@type":"EntryPoint","urlTemplate":"https:\/\/www.estrategiaconcursos.com.br\/blog\/?s={search_term_string}"},"query-input":{"@type":"PropertyValueSpecification","valueRequired":true,"valueName":"search_term_string"}}],"inLanguage":"pt-BR"},{"@type":"Organization","@id":"https:\/\/www.estrategiaconcursos.com.br\/blog\/#organization","name":"Estrat\u00e9gia Concursos","url":"https:\/\/www.estrategiaconcursos.com.br\/blog\/","logo":{"@type":"ImageObject","inLanguage":"pt-BR","@id":"https:\/\/www.estrategiaconcursos.com.br\/blog\/#\/schema\/logo\/image\/","url":"https:\/\/dhg1h5j42swfq.cloudfront.net\/2025\/06\/03203428\/logo_concursos-1.jpg","contentUrl":"https:\/\/dhg1h5j42swfq.cloudfront.net\/2025\/06\/03203428\/logo_concursos-1.jpg","width":230,"height":60,"caption":"Estrat\u00e9gia Concursos"},"image":{"@id":"https:\/\/www.estrategiaconcursos.com.br\/blog\/#\/schema\/logo\/image\/"},"sameAs":["https:\/\/x.com\/EstratConcursos"]},{"@type":"Person","@id":"https:\/\/www.estrategiaconcursos.com.br\/blog\/#\/schema\/person\/aa39cf5ddb518e5bdce27c35788405e2","name":"Ricardo Torques","image":{"@type":"ImageObject","inLanguage":"pt-BR","@id":"https:\/\/secure.gravatar.com\/avatar\/ce9ac6c3cff25fe86d15ed568ebc64d1724baf5c0693133bcb1f6073f712f92a?s=96&d=mm&r=g","url":"https:\/\/secure.gravatar.com\/avatar\/ce9ac6c3cff25fe86d15ed568ebc64d1724baf5c0693133bcb1f6073f712f92a?s=96&d=mm&r=g","contentUrl":"https:\/\/secure.gravatar.com\/avatar\/ce9ac6c3cff25fe86d15ed568ebc64d1724baf5c0693133bcb1f6073f712f92a?s=96&d=mm&r=g","caption":"Ricardo Torques"},"sameAs":["https:\/\/www.facebook.com\/ricardo.s.torques"],"url":"https:\/\/www.estrategiaconcursos.com.br\/blog\/author\/ricardotorquesestrategiaconcursos-com-br\/"}]}},"_links":{"self":[{"href":"https:\/\/www.estrategiaconcursos.com.br\/blog\/wp-json\/wp\/v2\/posts\/571866","targetHints":{"allow":["GET"]}}],"collection":[{"href":"https:\/\/www.estrategiaconcursos.com.br\/blog\/wp-json\/wp\/v2\/posts"}],"about":[{"href":"https:\/\/www.estrategiaconcursos.com.br\/blog\/wp-json\/wp\/v2\/types\/post"}],"author":[{"embeddable":true,"href":"https:\/\/www.estrategiaconcursos.com.br\/blog\/wp-json\/wp\/v2\/users\/180"}],"replies":[{"embeddable":true,"href":"https:\/\/www.estrategiaconcursos.com.br\/blog\/wp-json\/wp\/v2\/comments?post=571866"}],"version-history":[{"count":11,"href":"https:\/\/www.estrategiaconcursos.com.br\/blog\/wp-json\/wp\/v2\/posts\/571866\/revisions"}],"predecessor-version":[{"id":571890,"href":"https:\/\/www.estrategiaconcursos.com.br\/blog\/wp-json\/wp\/v2\/posts\/571866\/revisions\/571890"}],"wp:featuredmedia":[{"embeddable":true,"href":"https:\/\/www.estrategiaconcursos.com.br\/blog\/wp-json\/wp\/v2\/media\/429119"}],"wp:attachment":[{"href":"https:\/\/www.estrategiaconcursos.com.br\/blog\/wp-json\/wp\/v2\/media?parent=571866"}],"wp:term":[{"taxonomy":"category","embeddable":true,"href":"https:\/\/www.estrategiaconcursos.com.br\/blog\/wp-json\/wp\/v2\/categories?post=571866"},{"taxonomy":"post_tag","embeddable":true,"href":"https:\/\/www.estrategiaconcursos.com.br\/blog\/wp-json\/wp\/v2\/tags?post=571866"},{"taxonomy":"tax_estado","embeddable":true,"href":"https:\/\/www.estrategiaconcursos.com.br\/blog\/wp-json\/wp\/v2\/tax_estado?post=571866"}],"curies":[{"name":"wp","href":"https:\/\/api.w.org\/{rel}","templated":true}]}}