{"id":571669,"date":"2020-09-14T19:30:56","date_gmt":"2020-09-14T22:30:56","guid":{"rendered":"https:\/\/www.estrategiaconcursos.com.br\/blog\/?p=571669"},"modified":"2023-06-02T14:36:37","modified_gmt":"2023-06-02T17:36:37","slug":"policia-judicial-teremos-concurso","status":"publish","type":"post","link":"https:\/\/www.estrategiaconcursos.com.br\/blog\/policia-judicial-teremos-concurso\/","title":{"rendered":"&#8220;Pol\u00edcia Judicial&#8221;: Teremos concurso?"},"content":{"rendered":"\n<p>Em sua \u00faltima sess\u00e3o \u00e0 frente da Presid\u00eancia do Conselho Nacional de Justi\u00e7a, o Ministro Dias Toffoli participou da vota\u00e7\u00e3o que <a href=\"https:\/\/www.estrategiaconcursos.com.br\/blog\/criacao-policia-judicial-federal-cnj\/\" target=\"_blank\" rel=\"noreferrer noopener\">criou a Pol\u00edcia Judicial Federal<\/a>, a fim de disciplinar o poder de pol\u00edcia administrativa no \u00e2mbito do Poder Judici\u00e1rio da Uni\u00e3o.<\/p>\n\n\n\n<p>Conforme apontado pelo ainda Presidente do CNJ e do STF, o artigo 144 da Constitui\u00e7\u00e3o Federal, que trata da Seguran\u00e7a P\u00fablica, n\u00e3o menciona a exist\u00eancia no pa\u00eds de um bra\u00e7o estatal que garanta um Poder de Pol\u00edcia interno ao Poder Judici\u00e1rio, tratando apenas de uma Pol\u00edcia Legislativa.<\/p>\n\n\n\n<p>Por isso, segundo Dias Toffoli, a mudan\u00e7a da nomenclatura da carreira de alguns servidores para&nbsp;<em><strong>T\u00e9cnicos Judici\u00e1rios \u2013 Seguran\u00e7a em Pol\u00edcia Judicial<\/strong><\/em>&nbsp;n\u00e3o implica materialmente em transform\u00e1-los em Agentes de Seguran\u00e7a P\u00fablica da forma como s\u00e3o conhecidos nas demais Pol\u00edcias, j\u00e1 que continuar\u00e3o sendo servidores do Poder Judici\u00e1rio.<\/p>\n\n\n\n<p>Diante deste cen\u00e1rio, ser\u00e1 que haver\u00e1 concursos para a rec\u00e9m-criada Pol\u00edcia Judicial Federal? Para responder essa e outras d\u00favidas realizamos nesta segunda-feira (14), a partir das 20h, o evento &#8216;&#8221;Pol\u00edcia Judicial&#8221;: Teremos concurso?&#8217;. N\u00e3o perca!<\/p>\n\n\n\n<p class=\"has-text-align-center\"><strong>Assista em nosso canal no YouTube<\/strong><\/p>\n\n\n\n<p class=\"has-text-align-center has-luminous-vivid-amber-background-color has-background\"><strong>ASSINE AGORA&nbsp;\u2013&nbsp;<\/strong><a rel=\"noreferrer noopener\" href=\"https:\/\/www.estrategiaconcursos.com.br\/assinaturas\" target=\"_blank\"><strong>Assinatura Ilimitada<\/strong><\/a><\/p>\n\n\n\n<p class=\"has-text-align-center\"><strong><em><strong>Sistema de Quest\u00f5es<\/strong><\/em><\/strong><\/p>\n\n\n\n<p class=\"has-text-align-center\">Estrat\u00e9gia Quest\u00f5es nasceu maior do que todos os concorrentes, com mais quest\u00f5es cadastradas e mais solu\u00e7\u00f5es por professores. Clique no link e aproveite os descontos e b\u00f4nus imperd\u00edveis!<\/p>\n\n\n\n<p class=\"has-text-align-center has-light-green-cyan-background-color has-background\"><strong>ASSINE AGORA \u2013&nbsp;<a href=\"https:\/\/www.estrategiaconcursos.com.br\/cursosPorConcurso\/sistema-de-questoes\/#\/\" target=\"_blank\" rel=\"noreferrer noopener\">Sistema de Quest\u00f5es<\/a><\/strong><\/p>\n\n\n\n<p class=\"has-text-align-center\"><strong><em>Fique por dentro de todos os concursos<\/em><\/strong><\/p>\n\n\n\n<p class=\"has-text-align-center has-pale-cyan-blue-background-color has-background\"><a rel=\"noreferrer noopener\" href=\"https:\/\/www.estrategiaconcursos.com.br\/blog\/concursos-abertos\/\" target=\"_blank\"><strong>CONCURSOS ABERTOS<\/strong><\/a><\/p>\n\n\n\n<p class=\"has-text-align-center has-pale-cyan-blue-background-color has-background\"><a rel=\"noreferrer noopener\" href=\"https:\/\/www.estrategiaconcursos.com.br\/blog\/concursos-2020\/\" target=\"_blank\"><strong>CONCURSOS&nbsp;2020<\/strong><\/a><\/p>\n\n\n\n<p class=\"has-text-align-center has-pale-cyan-blue-background-color has-background\"><strong><a rel=\"noreferrer noopener\" href=\"https:\/\/www.estrategiaconcursos.com.br\/blog\/concursos-2021\/\" target=\"_blank\">CONCURSOS&nbsp;2021<\/a><\/strong><\/p>\n","protected":false},"excerpt":{"rendered":"<p>Em sua \u00faltima sess\u00e3o \u00e0 frente da Presid\u00eancia do Conselho Nacional de Justi\u00e7a, o Ministro Dias Toffoli participou da vota\u00e7\u00e3o que criou a Pol\u00edcia Judicial Federal, a fim de disciplinar o poder de pol\u00edcia administrativa no \u00e2mbito do Poder Judici\u00e1rio da Uni\u00e3o. Conforme apontado pelo ainda Presidente do CNJ e do STF, o artigo 144 [&hellip;]<\/p>\n","protected":false},"author":1482,"featured_media":0,"comment_status":"open","ping_status":"closed","sticky":false,"template":"","format":"standard","meta":{"post_tipo":"article","footnotes":""},"categories":[1],"tags":[],"tax_estado":[],"class_list":["post-571669","post","type-post","status-publish","format-standard","hentry","category-cursos-e-concursos"],"acf":[],"yoast_head":"<!-- This site is optimized with the Yoast SEO Premium plugin v27.2 (Yoast SEO v27.2) - https:\/\/yoast.com\/product\/yoast-seo-premium-wordpress\/ -->\n<title>&quot;Pol\u00edcia Judicial&quot;: Teremos concurso?<\/title>\n<meta name=\"robots\" content=\"index, follow, max-snippet:-1, max-image-preview:large, max-video-preview:-1\" \/>\n<link rel=\"canonical\" href=\"https:\/\/www.estrategiaconcursos.com.br\/blog\/policia-judicial-teremos-concurso\/\" \/>\n<meta property=\"og:locale\" content=\"pt_BR\" \/>\n<meta property=\"og:type\" content=\"article\" \/>\n<meta property=\"og:title\" content=\"&quot;Pol\u00edcia Judicial&quot;: Teremos concurso?\" \/>\n<meta property=\"og:description\" content=\"Em sua \u00faltima sess\u00e3o \u00e0 frente da Presid\u00eancia do Conselho Nacional de Justi\u00e7a, o Ministro Dias Toffoli participou da vota\u00e7\u00e3o que criou a Pol\u00edcia Judicial Federal, a fim de disciplinar o poder de pol\u00edcia administrativa no \u00e2mbito do Poder Judici\u00e1rio da Uni\u00e3o. Conforme apontado pelo ainda Presidente do CNJ e do STF, o artigo 144 [&hellip;]\" \/>\n<meta property=\"og:url\" content=\"https:\/\/www.estrategiaconcursos.com.br\/blog\/policia-judicial-teremos-concurso\/\" \/>\n<meta property=\"og:site_name\" content=\"Estrat\u00e9gia Concursos\" \/>\n<meta property=\"article:published_time\" content=\"2020-09-14T22:30:56+00:00\" \/>\n<meta property=\"article:modified_time\" content=\"2023-06-02T17:36:37+00:00\" \/>\n<meta name=\"author\" content=\"Diego Cerqueira\" \/>\n<meta name=\"twitter:card\" content=\"summary_large_image\" \/>\n<meta name=\"twitter:creator\" content=\"@EstratConcursos\" \/>\n<meta name=\"twitter:site\" content=\"@EstratConcursos\" \/>\n<meta name=\"twitter:label1\" content=\"Escrito por\" \/>\n\t<meta name=\"twitter:data1\" content=\"Diego Cerqueira\" \/>\n\t<meta name=\"twitter:label2\" content=\"Est. tempo de leitura\" \/>\n\t<meta name=\"twitter:data2\" content=\"1 minuto\" \/>\n<script type=\"application\/ld+json\" class=\"yoast-schema-graph\">{\"@context\":\"https:\/\/schema.org\",\"@graph\":[{\"@type\":\"NewsArticle\",\"@id\":\"https:\/\/www.estrategiaconcursos.com.br\/blog\/policia-judicial-teremos-concurso\/#article\",\"isPartOf\":{\"@id\":\"https:\/\/www.estrategiaconcursos.com.br\/blog\/policia-judicial-teremos-concurso\/\"},\"author\":{\"name\":\"Diego Cerqueira\",\"@id\":\"https:\/\/www.estrategiaconcursos.com.br\/blog\/#\/schema\/person\/dd9f6d98671a3ac63bf25b40baf6f2e2\"},\"headline\":\"&#8220;Pol\u00edcia Judicial&#8221;: Teremos concurso?\",\"datePublished\":\"2020-09-14T22:30:56+00:00\",\"dateModified\":\"2023-06-02T17:36:37+00:00\",\"mainEntityOfPage\":{\"@id\":\"https:\/\/www.estrategiaconcursos.com.br\/blog\/policia-judicial-teremos-concurso\/\"},\"wordCount\":282,\"commentCount\":0,\"publisher\":{\"@id\":\"https:\/\/www.estrategiaconcursos.com.br\/blog\/#organization\"},\"articleSection\":[\"Concursos P\u00fablicos\"],\"inLanguage\":\"pt-BR\",\"potentialAction\":[{\"@type\":\"CommentAction\",\"name\":\"Comment\",\"target\":[\"https:\/\/www.estrategiaconcursos.com.br\/blog\/policia-judicial-teremos-concurso\/#respond\"]}],\"copyrightYear\":\"2020\",\"copyrightHolder\":{\"@id\":\"https:\/\/www.estrategiaconcursos.com.br\/blog\/#organization\"}},{\"@type\":\"WebPage\",\"@id\":\"https:\/\/www.estrategiaconcursos.com.br\/blog\/policia-judicial-teremos-concurso\/\",\"url\":\"https:\/\/www.estrategiaconcursos.com.br\/blog\/policia-judicial-teremos-concurso\/\",\"name\":\"\\\"Pol\u00edcia Judicial\\\": Teremos concurso?\",\"isPartOf\":{\"@id\":\"https:\/\/www.estrategiaconcursos.com.br\/blog\/#website\"},\"datePublished\":\"2020-09-14T22:30:56+00:00\",\"dateModified\":\"2023-06-02T17:36:37+00:00\",\"breadcrumb\":{\"@id\":\"https:\/\/www.estrategiaconcursos.com.br\/blog\/policia-judicial-teremos-concurso\/#breadcrumb\"},\"inLanguage\":\"pt-BR\",\"potentialAction\":[{\"@type\":\"ReadAction\",\"target\":[\"https:\/\/www.estrategiaconcursos.com.br\/blog\/policia-judicial-teremos-concurso\/\"]}]},{\"@type\":\"BreadcrumbList\",\"@id\":\"https:\/\/www.estrategiaconcursos.com.br\/blog\/policia-judicial-teremos-concurso\/#breadcrumb\",\"itemListElement\":[{\"@type\":\"ListItem\",\"position\":1,\"name\":\"In\u00edcio\",\"item\":\"https:\/\/www.estrategiaconcursos.com.br\/blog\/\"},{\"@type\":\"ListItem\",\"position\":2,\"name\":\"&#8220;Pol\u00edcia Judicial&#8221;: Teremos concurso?\"}]},{\"@type\":\"WebSite\",\"@id\":\"https:\/\/www.estrategiaconcursos.com.br\/blog\/#website\",\"url\":\"https:\/\/www.estrategiaconcursos.com.br\/blog\/\",\"name\":\"Estrat\u00e9gia Concursos\",\"description\":\"O blog da Estrat\u00e9gia Concursos traz not\u00edcias sobre concursos e artigos de professores oferecendo cursos para concursos (pdf + videaulas) no site.\",\"publisher\":{\"@id\":\"https:\/\/www.estrategiaconcursos.com.br\/blog\/#organization\"},\"potentialAction\":[{\"@type\":\"SearchAction\",\"target\":{\"@type\":\"EntryPoint\",\"urlTemplate\":\"https:\/\/www.estrategiaconcursos.com.br\/blog\/?s={search_term_string}\"},\"query-input\":{\"@type\":\"PropertyValueSpecification\",\"valueRequired\":true,\"valueName\":\"search_term_string\"}}],\"inLanguage\":\"pt-BR\"},{\"@type\":\"Organization\",\"@id\":\"https:\/\/www.estrategiaconcursos.com.br\/blog\/#organization\",\"name\":\"Estrat\u00e9gia Concursos\",\"url\":\"https:\/\/www.estrategiaconcursos.com.br\/blog\/\",\"logo\":{\"@type\":\"ImageObject\",\"inLanguage\":\"pt-BR\",\"@id\":\"https:\/\/www.estrategiaconcursos.com.br\/blog\/#\/schema\/logo\/image\/\",\"url\":\"https:\/\/dhg1h5j42swfq.cloudfront.net\/2025\/06\/03203428\/logo_concursos-1.jpg\",\"contentUrl\":\"https:\/\/dhg1h5j42swfq.cloudfront.net\/2025\/06\/03203428\/logo_concursos-1.jpg\",\"width\":230,\"height\":60,\"caption\":\"Estrat\u00e9gia Concursos\"},\"image\":{\"@id\":\"https:\/\/www.estrategiaconcursos.com.br\/blog\/#\/schema\/logo\/image\/\"},\"sameAs\":[\"https:\/\/x.com\/EstratConcursos\"]},{\"@type\":\"Person\",\"@id\":\"https:\/\/www.estrategiaconcursos.com.br\/blog\/#\/schema\/person\/dd9f6d98671a3ac63bf25b40baf6f2e2\",\"name\":\"Diego Cerqueira\",\"image\":{\"@type\":\"ImageObject\",\"inLanguage\":\"pt-BR\",\"@id\":\"https:\/\/secure.gravatar.com\/avatar\/93f5bbe4c5469a613830caa67379a40ab60d82fa495e4fbb9e4039bce737c0cc?s=96&d=mm&r=g\",\"url\":\"https:\/\/secure.gravatar.com\/avatar\/93f5bbe4c5469a613830caa67379a40ab60d82fa495e4fbb9e4039bce737c0cc?s=96&d=mm&r=g\",\"contentUrl\":\"https:\/\/secure.gravatar.com\/avatar\/93f5bbe4c5469a613830caa67379a40ab60d82fa495e4fbb9e4039bce737c0cc?s=96&d=mm&r=g\",\"caption\":\"Diego Cerqueira\"},\"url\":\"https:\/\/www.estrategiaconcursos.com.br\/blog\/author\/diegocerqueiraestrategiaconcursos-com-br-2\/\"}]}<\/script>\n<!-- \/ Yoast SEO Premium plugin. -->","yoast_head_json":{"title":"\"Pol\u00edcia Judicial\": Teremos concurso?","robots":{"index":"index","follow":"follow","max-snippet":"max-snippet:-1","max-image-preview":"max-image-preview:large","max-video-preview":"max-video-preview:-1"},"canonical":"https:\/\/www.estrategiaconcursos.com.br\/blog\/policia-judicial-teremos-concurso\/","og_locale":"pt_BR","og_type":"article","og_title":"\"Pol\u00edcia Judicial\": Teremos concurso?","og_description":"Em sua \u00faltima sess\u00e3o \u00e0 frente da Presid\u00eancia do Conselho Nacional de Justi\u00e7a, o Ministro Dias Toffoli participou da vota\u00e7\u00e3o que criou a Pol\u00edcia Judicial Federal, a fim de disciplinar o poder de pol\u00edcia administrativa no \u00e2mbito do Poder Judici\u00e1rio da Uni\u00e3o. Conforme apontado pelo ainda Presidente do CNJ e do STF, o artigo 144 [&hellip;]","og_url":"https:\/\/www.estrategiaconcursos.com.br\/blog\/policia-judicial-teremos-concurso\/","og_site_name":"Estrat\u00e9gia Concursos","article_published_time":"2020-09-14T22:30:56+00:00","article_modified_time":"2023-06-02T17:36:37+00:00","author":"Diego Cerqueira","twitter_card":"summary_large_image","twitter_creator":"@EstratConcursos","twitter_site":"@EstratConcursos","twitter_misc":{"Escrito por":"Diego Cerqueira","Est. tempo de leitura":"1 minuto"},"schema":{"@context":"https:\/\/schema.org","@graph":[{"@type":"NewsArticle","@id":"https:\/\/www.estrategiaconcursos.com.br\/blog\/policia-judicial-teremos-concurso\/#article","isPartOf":{"@id":"https:\/\/www.estrategiaconcursos.com.br\/blog\/policia-judicial-teremos-concurso\/"},"author":{"name":"Diego Cerqueira","@id":"https:\/\/www.estrategiaconcursos.com.br\/blog\/#\/schema\/person\/dd9f6d98671a3ac63bf25b40baf6f2e2"},"headline":"&#8220;Pol\u00edcia Judicial&#8221;: Teremos concurso?","datePublished":"2020-09-14T22:30:56+00:00","dateModified":"2023-06-02T17:36:37+00:00","mainEntityOfPage":{"@id":"https:\/\/www.estrategiaconcursos.com.br\/blog\/policia-judicial-teremos-concurso\/"},"wordCount":282,"commentCount":0,"publisher":{"@id":"https:\/\/www.estrategiaconcursos.com.br\/blog\/#organization"},"articleSection":["Concursos P\u00fablicos"],"inLanguage":"pt-BR","potentialAction":[{"@type":"CommentAction","name":"Comment","target":["https:\/\/www.estrategiaconcursos.com.br\/blog\/policia-judicial-teremos-concurso\/#respond"]}],"copyrightYear":"2020","copyrightHolder":{"@id":"https:\/\/www.estrategiaconcursos.com.br\/blog\/#organization"}},{"@type":"WebPage","@id":"https:\/\/www.estrategiaconcursos.com.br\/blog\/policia-judicial-teremos-concurso\/","url":"https:\/\/www.estrategiaconcursos.com.br\/blog\/policia-judicial-teremos-concurso\/","name":"\"Pol\u00edcia Judicial\": Teremos concurso?","isPartOf":{"@id":"https:\/\/www.estrategiaconcursos.com.br\/blog\/#website"},"datePublished":"2020-09-14T22:30:56+00:00","dateModified":"2023-06-02T17:36:37+00:00","breadcrumb":{"@id":"https:\/\/www.estrategiaconcursos.com.br\/blog\/policia-judicial-teremos-concurso\/#breadcrumb"},"inLanguage":"pt-BR","potentialAction":[{"@type":"ReadAction","target":["https:\/\/www.estrategiaconcursos.com.br\/blog\/policia-judicial-teremos-concurso\/"]}]},{"@type":"BreadcrumbList","@id":"https:\/\/www.estrategiaconcursos.com.br\/blog\/policia-judicial-teremos-concurso\/#breadcrumb","itemListElement":[{"@type":"ListItem","position":1,"name":"In\u00edcio","item":"https:\/\/www.estrategiaconcursos.com.br\/blog\/"},{"@type":"ListItem","position":2,"name":"&#8220;Pol\u00edcia Judicial&#8221;: Teremos concurso?"}]},{"@type":"WebSite","@id":"https:\/\/www.estrategiaconcursos.com.br\/blog\/#website","url":"https:\/\/www.estrategiaconcursos.com.br\/blog\/","name":"Estrat\u00e9gia Concursos","description":"O blog da Estrat\u00e9gia Concursos traz not\u00edcias sobre concursos e artigos de professores oferecendo cursos para concursos (pdf + videaulas) no site.","publisher":{"@id":"https:\/\/www.estrategiaconcursos.com.br\/blog\/#organization"},"potentialAction":[{"@type":"SearchAction","target":{"@type":"EntryPoint","urlTemplate":"https:\/\/www.estrategiaconcursos.com.br\/blog\/?s={search_term_string}"},"query-input":{"@type":"PropertyValueSpecification","valueRequired":true,"valueName":"search_term_string"}}],"inLanguage":"pt-BR"},{"@type":"Organization","@id":"https:\/\/www.estrategiaconcursos.com.br\/blog\/#organization","name":"Estrat\u00e9gia Concursos","url":"https:\/\/www.estrategiaconcursos.com.br\/blog\/","logo":{"@type":"ImageObject","inLanguage":"pt-BR","@id":"https:\/\/www.estrategiaconcursos.com.br\/blog\/#\/schema\/logo\/image\/","url":"https:\/\/dhg1h5j42swfq.cloudfront.net\/2025\/06\/03203428\/logo_concursos-1.jpg","contentUrl":"https:\/\/dhg1h5j42swfq.cloudfront.net\/2025\/06\/03203428\/logo_concursos-1.jpg","width":230,"height":60,"caption":"Estrat\u00e9gia Concursos"},"image":{"@id":"https:\/\/www.estrategiaconcursos.com.br\/blog\/#\/schema\/logo\/image\/"},"sameAs":["https:\/\/x.com\/EstratConcursos"]},{"@type":"Person","@id":"https:\/\/www.estrategiaconcursos.com.br\/blog\/#\/schema\/person\/dd9f6d98671a3ac63bf25b40baf6f2e2","name":"Diego Cerqueira","image":{"@type":"ImageObject","inLanguage":"pt-BR","@id":"https:\/\/secure.gravatar.com\/avatar\/93f5bbe4c5469a613830caa67379a40ab60d82fa495e4fbb9e4039bce737c0cc?s=96&d=mm&r=g","url":"https:\/\/secure.gravatar.com\/avatar\/93f5bbe4c5469a613830caa67379a40ab60d82fa495e4fbb9e4039bce737c0cc?s=96&d=mm&r=g","contentUrl":"https:\/\/secure.gravatar.com\/avatar\/93f5bbe4c5469a613830caa67379a40ab60d82fa495e4fbb9e4039bce737c0cc?s=96&d=mm&r=g","caption":"Diego Cerqueira"},"url":"https:\/\/www.estrategiaconcursos.com.br\/blog\/author\/diegocerqueiraestrategiaconcursos-com-br-2\/"}]}},"_links":{"self":[{"href":"https:\/\/www.estrategiaconcursos.com.br\/blog\/wp-json\/wp\/v2\/posts\/571669","targetHints":{"allow":["GET"]}}],"collection":[{"href":"https:\/\/www.estrategiaconcursos.com.br\/blog\/wp-json\/wp\/v2\/posts"}],"about":[{"href":"https:\/\/www.estrategiaconcursos.com.br\/blog\/wp-json\/wp\/v2\/types\/post"}],"author":[{"embeddable":true,"href":"https:\/\/www.estrategiaconcursos.com.br\/blog\/wp-json\/wp\/v2\/users\/1482"}],"replies":[{"embeddable":true,"href":"https:\/\/www.estrategiaconcursos.com.br\/blog\/wp-json\/wp\/v2\/comments?post=571669"}],"version-history":[{"count":3,"href":"https:\/\/www.estrategiaconcursos.com.br\/blog\/wp-json\/wp\/v2\/posts\/571669\/revisions"}],"predecessor-version":[{"id":1226888,"href":"https:\/\/www.estrategiaconcursos.com.br\/blog\/wp-json\/wp\/v2\/posts\/571669\/revisions\/1226888"}],"wp:attachment":[{"href":"https:\/\/www.estrategiaconcursos.com.br\/blog\/wp-json\/wp\/v2\/media?parent=571669"}],"wp:term":[{"taxonomy":"category","embeddable":true,"href":"https:\/\/www.estrategiaconcursos.com.br\/blog\/wp-json\/wp\/v2\/categories?post=571669"},{"taxonomy":"post_tag","embeddable":true,"href":"https:\/\/www.estrategiaconcursos.com.br\/blog\/wp-json\/wp\/v2\/tags?post=571669"},{"taxonomy":"tax_estado","embeddable":true,"href":"https:\/\/www.estrategiaconcursos.com.br\/blog\/wp-json\/wp\/v2\/tax_estado?post=571669"}],"curies":[{"name":"wp","href":"https:\/\/api.w.org\/{rel}","templated":true}]}}