{"id":57162,"date":"2016-12-18T06:45:17","date_gmt":"2016-12-18T09:45:17","guid":{"rendered":"https:\/\/www.estrategiaconcursos.com.br\/blog\/?p=57162"},"modified":"2016-12-18T08:47:09","modified_gmt":"2016-12-18T11:47:09","slug":"concurso-crc-pr-edital","status":"publish","type":"post","link":"https:\/\/www.estrategiaconcursos.com.br\/blog\/concurso-crc-pr-edital\/","title":{"rendered":"Concurso CRC PR: Inscri\u00e7\u00f5es terminam neste domingo. Cargos de n\u00edvel m\u00e9dio e superior. Remunera\u00e7\u00e3o de at\u00e9 R$ 5 mil. Confira!"},"content":{"rendered":"<h3 style=\"text-align: justify;\"><strong><em><span style=\"color: #000000;\"><img loading=\"lazy\" decoding=\"async\" class=\"alignleft wp-image-57163\" src=\"https:\/\/dhg1h5j42swfq.cloudfront.net\/2016\/12\/06185945\/concurso-crc-pr.jpg\" alt=\"concurso crc pr\" width=\"200\" height=\"233\" srcset=\"https:\/\/dhg1h5j42swfq.cloudfront.net\/2016\/12\/06185945\/concurso-crc-pr.jpg 1536w, https:\/\/dhg1h5j42swfq.cloudfront.net\/2016\/12\/06185945\/concurso-crc-pr.jpg 257w, https:\/\/dhg1h5j42swfq.cloudfront.net\/2016\/12\/06185945\/concurso-crc-pr.jpg 768w, https:\/\/dhg1h5j42swfq.cloudfront.net\/2016\/12\/06185945\/concurso-crc-pr.jpg 878w\" sizes=\"auto, (max-width: 200px) 100vw, 200px\" \/>Concurso CRC PR: Inscri\u00e7\u00f5es terminam neste domingo. Cargos de n\u00edvel m\u00e9dio e superior. Remunera\u00e7\u00e3o de at\u00e9 R$ 5 mil. Confira!<br \/>\n<\/span><\/em><\/strong><\/h3>\n<p style=\"text-align: justify;\"><span style=\"color: #000000;\">Termina hoje, 18 de dezembro, o prazo para as inscri\u00e7\u00f5es no concurso CRC PR. As inscri\u00e7\u00f5es ser\u00e3o efetuadas somente via internet no site\u00a0o<\/span> <a href=\"http:\/\/www.quadrix.org.br\" target=\"_blank\">http:\/\/www.quadrix.org.br<\/a><span style=\"color: #000000;\">, do dia 05\/12\/2016 ao dia 18\/12\/2016. O valor da taxa de inscri\u00e7\u00e3o ser\u00e1 de R$ 80,00 para os cargos de n\u00edvel m\u00e9dio e R$ 100,00 para n\u00edvel superior.<\/span><\/p>\n<p style=\"text-align: justify;\"><span style=\"color: #000000;\">O concurso do\u00a0CRC PR &#8211; Conselho Regional de Contabilidade do Paran\u00e1 destina-se ao provimento de vagas em cargos de n\u00edvel m\u00e9dio e superior. O instituto QUADRIX ser\u00e1 a banca organizadora do certame.\u00a0<\/span><\/p>\n<p style=\"text-align: justify;\"><span style=\"color: #000000;\">O concurso CRC PR visa\u00a0a forma\u00e7\u00e3o de cadastro de reserva para o\u00a0preenchimento das vagas que surgirem no de correr do prazo de validade do certame, que ser\u00e1 de 2 anos, podendo ser prorrogado por igual per\u00edodo, a\u00a0<\/span><span style=\"color: #000000;\">contar da data de homologa\u00e7\u00e3o.<\/span><\/p>\n<div style=\"text-align: justify;\"><\/div>\n<h2 style=\"text-align: justify;\"><span style=\"color: #000000;\">Cargos Ofertados<\/span><\/h2>\n<p style=\"text-align: justify;\"><span style=\"color: #000000;\">Veja nas tabelas abaixo a rela\u00e7\u00e3o dos cargos, cidade de lota\u00e7\u00e3o jornada de trabalho e remunera\u00e7\u00e3o:\u00a0<\/span><\/p>\n<ul>\n<li style=\"text-align: justify;\"><strong><span style=\"color: #000000;\">Cargos de N\u00edvel M\u00e9dio<\/span><\/strong><\/li>\n<\/ul>\n<p><img loading=\"lazy\" decoding=\"async\" class=\"aligncenter wp-image-57168 size-full\" src=\"https:\/\/dhg1h5j42swfq.cloudfront.net\/2016\/12\/06194459\/concurso-crc-pr1.png\" alt=\"concurso crc pr\" width=\"1059\" height=\"372\" srcset=\"https:\/\/dhg1h5j42swfq.cloudfront.net\/2016\/12\/06191210\/concurso-crc-pr1.png 1059w, https:\/\/dhg1h5j42swfq.cloudfront.net\/2016\/12\/06191210\/concurso-crc-pr1.png 300w, https:\/\/dhg1h5j42swfq.cloudfront.net\/2016\/12\/06191210\/concurso-crc-pr1.png 768w, https:\/\/dhg1h5j42swfq.cloudfront.net\/2016\/12\/06191210\/concurso-crc-pr1.png 1024w, https:\/\/dhg1h5j42swfq.cloudfront.net\/2016\/12\/06191210\/concurso-crc-pr1.png 500w\" sizes=\"auto, (max-width: 1059px) 100vw, 1059px\" \/><\/p>\n<ul>\n<li style=\"text-align: justify;\"><strong><span style=\"color: #000000;\">Cargos de N\u00edvel M\u00e9dio\/T\u00e9cnico<\/span><\/strong><\/li>\n<\/ul>\n<p><img loading=\"lazy\" decoding=\"async\" class=\"aligncenter wp-image-57170 size-full\" src=\"https:\/\/dhg1h5j42swfq.cloudfront.net\/2016\/12\/06194459\/concurso-crc-pr1.png\" alt=\"concurso crc pr\" width=\"1063\" height=\"221\" srcset=\"https:\/\/dhg1h5j42swfq.cloudfront.net\/2016\/12\/06191406\/concurso-crc-pr1.png 1063w, https:\/\/dhg1h5j42swfq.cloudfront.net\/2016\/12\/06191406\/concurso-crc-pr1.png 300w, https:\/\/dhg1h5j42swfq.cloudfront.net\/2016\/12\/06191406\/concurso-crc-pr1.png 768w, https:\/\/dhg1h5j42swfq.cloudfront.net\/2016\/12\/06191406\/concurso-crc-pr1.png 1024w, https:\/\/dhg1h5j42swfq.cloudfront.net\/2016\/12\/06191406\/concurso-crc-pr1.png 500w\" sizes=\"auto, (max-width: 1063px) 100vw, 1063px\" \/><\/p>\n<ul>\n<li style=\"text-align: justify;\"><span style=\"color: #000000;\"><strong>Cargos de N\u00edvel\u00a0Superior<\/strong><\/span><\/li>\n<\/ul>\n<p><img loading=\"lazy\" decoding=\"async\" class=\"aligncenter wp-image-57171 size-full\" src=\"https:\/\/dhg1h5j42swfq.cloudfront.net\/2016\/12\/06194459\/concurso-crc-pr1.png\" alt=\"concurso crc pr\" width=\"1061\" height=\"531\" srcset=\"https:\/\/dhg1h5j42swfq.cloudfront.net\/2016\/12\/06191716\/concurso-crc-pr1.png 1061w, https:\/\/dhg1h5j42swfq.cloudfront.net\/2016\/12\/06191716\/concurso-crc-pr1.png 300w, https:\/\/dhg1h5j42swfq.cloudfront.net\/2016\/12\/06191716\/concurso-crc-pr1.png 768w, https:\/\/dhg1h5j42swfq.cloudfront.net\/2016\/12\/06191716\/concurso-crc-pr1.png 1024w, https:\/\/dhg1h5j42swfq.cloudfront.net\/2016\/12\/06191716\/concurso-crc-pr1.png 500w\" sizes=\"auto, (max-width: 1061px) 100vw, 1061px\" \/><\/p>\n<p><span style=\"color: #000000;\">Al\u00e9m da remunera\u00e7\u00e3o prevista o Conselho Regional de Contabilidade oferece os seguintes benef\u00edcios:<\/span><\/p>\n<ul>\n<li><span style=\"color: #000000;\">Vale refei\u00e7\u00e3o no valor de R$ 847,00;<\/span><\/li>\n<li><span style=\"color: #000000;\">Assist\u00eancia m\u00e9dica;<\/span><\/li>\n<li><span style=\"color: #000000;\">Vale transporte;<\/span><\/li>\n<li><span style=\"color: #000000;\">Adicional de tempo de servi\u00e7o;<\/span><\/li>\n<li><span style=\"color: #000000;\">Aux\u00edlio educa\u00e7\u00e3o<\/span><\/li>\n<\/ul>\n<h2><span style=\"color: #000000;\">Etapas do Concurso<\/span><\/h2>\n<p style=\"text-align: justify;\"><span style=\"color: #000000;\">O concurso CRC PR ser\u00e1 composto de provas objetivas (para todos os cargos), prova de reda\u00e7\u00e3o (cargos de n\u00edvel m\u00e9dio e m\u00e9dio\/t\u00e9cnico), prova discursiva (cargos de n\u00edvel superior).\u00a0<\/span><\/p>\n<p style=\"text-align: justify;\"><span style=\"color: #000000;\">As provas ser\u00e3o realizadas nas cidades de Cascavel, Curitiba, Londrina, Maring\u00e1 e Ponta Grossa.\u00a0As provas ser\u00e3o aplicadas no dia 22\/01\/2017 nos turnos matutino e vespertino.<\/span><\/p>\n<h2 style=\"text-align: justify;\"><span style=\"color: #000000;\">Estrutura das Provas<\/span><\/h2>\n<ul>\n<li><span style=\"color: #000000;\"><strong>Cargos de N\u00edvel M\u00e9dio:<\/strong><\/span><\/li>\n<\/ul>\n<p><img loading=\"lazy\" decoding=\"async\" class=\"aligncenter wp-image-57172 size-full\" src=\"https:\/\/dhg1h5j42swfq.cloudfront.net\/2016\/12\/06194459\/concurso-crc-pr1.png\" alt=\"concurso crc pr\" width=\"1074\" height=\"319\" srcset=\"https:\/\/dhg1h5j42swfq.cloudfront.net\/2016\/12\/06193439\/concurso-crc-pr1.png 1074w, https:\/\/dhg1h5j42swfq.cloudfront.net\/2016\/12\/06193439\/concurso-crc-pr1.png 300w, https:\/\/dhg1h5j42swfq.cloudfront.net\/2016\/12\/06193439\/concurso-crc-pr1.png 768w, https:\/\/dhg1h5j42swfq.cloudfront.net\/2016\/12\/06193439\/concurso-crc-pr1.png 1024w, https:\/\/dhg1h5j42swfq.cloudfront.net\/2016\/12\/06193439\/concurso-crc-pr1.png 500w\" sizes=\"auto, (max-width: 1074px) 100vw, 1074px\" \/><\/p>\n<ul>\n<li><span style=\"color: #000000;\"><strong>Cargos de N\u00edvel M\u00e9dio\/T\u00e9cnico:<\/strong><\/span><\/li>\n<\/ul>\n<p><img loading=\"lazy\" decoding=\"async\" class=\"aligncenter wp-image-57173 size-full\" src=\"https:\/\/dhg1h5j42swfq.cloudfront.net\/2016\/12\/06194459\/concurso-crc-pr1.png\" alt=\"concurso crc pr\" width=\"1071\" height=\"354\" srcset=\"https:\/\/dhg1h5j42swfq.cloudfront.net\/2016\/12\/06193558\/concurso-crc-pr1.png 1071w, https:\/\/dhg1h5j42swfq.cloudfront.net\/2016\/12\/06193558\/concurso-crc-pr1.png 300w, https:\/\/dhg1h5j42swfq.cloudfront.net\/2016\/12\/06193558\/concurso-crc-pr1.png 768w, https:\/\/dhg1h5j42swfq.cloudfront.net\/2016\/12\/06193558\/concurso-crc-pr1.png 1024w, https:\/\/dhg1h5j42swfq.cloudfront.net\/2016\/12\/06193558\/concurso-crc-pr1.png 500w\" sizes=\"auto, (max-width: 1071px) 100vw, 1071px\" \/><\/p>\n<ul>\n<li><span style=\"color: #000000;\"><strong>Cargos de N\u00edvel Superior:<\/strong><\/span><\/li>\n<\/ul>\n<p><img loading=\"lazy\" decoding=\"async\" class=\"aligncenter size-full wp-image-57174\" src=\"https:\/\/dhg1h5j42swfq.cloudfront.net\/2016\/12\/06194459\/concurso-crc-pr1.png\" alt=\"concurso crc pr\" width=\"1070\" height=\"319\" srcset=\"https:\/\/dhg1h5j42swfq.cloudfront.net\/2016\/12\/06193727\/concurso-crc-pr1.png 1070w, https:\/\/dhg1h5j42swfq.cloudfront.net\/2016\/12\/06193727\/concurso-crc-pr1.png 300w, https:\/\/dhg1h5j42swfq.cloudfront.net\/2016\/12\/06193727\/concurso-crc-pr1.png 768w, https:\/\/dhg1h5j42swfq.cloudfront.net\/2016\/12\/06193727\/concurso-crc-pr1.png 1024w, https:\/\/dhg1h5j42swfq.cloudfront.net\/2016\/12\/06193727\/concurso-crc-pr1.png 500w\" sizes=\"auto, (max-width: 1070px) 100vw, 1070px\" \/><\/p>\n<p><img loading=\"lazy\" decoding=\"async\" class=\"aligncenter size-full wp-image-57175\" src=\"https:\/\/dhg1h5j42swfq.cloudfront.net\/2016\/12\/06194459\/concurso-crc-pr1.png\" alt=\"concurso crc pr\" width=\"1071\" height=\"318\" srcset=\"https:\/\/dhg1h5j42swfq.cloudfront.net\/2016\/12\/06193823\/concurso-crc-pr1.png 1071w, https:\/\/dhg1h5j42swfq.cloudfront.net\/2016\/12\/06193823\/concurso-crc-pr1.png 300w, https:\/\/dhg1h5j42swfq.cloudfront.net\/2016\/12\/06193823\/concurso-crc-pr1.png 768w, https:\/\/dhg1h5j42swfq.cloudfront.net\/2016\/12\/06193823\/concurso-crc-pr1.png 1024w, https:\/\/dhg1h5j42swfq.cloudfront.net\/2016\/12\/06193823\/concurso-crc-pr1.png 500w\" sizes=\"auto, (max-width: 1071px) 100vw, 1071px\" \/><\/p>\n<p><img loading=\"lazy\" decoding=\"async\" class=\"aligncenter size-full wp-image-57176\" src=\"https:\/\/dhg1h5j42swfq.cloudfront.net\/2016\/12\/06194459\/concurso-crc-pr1.png\" alt=\"concurso crc pr\" width=\"1074\" height=\"321\" srcset=\"https:\/\/dhg1h5j42swfq.cloudfront.net\/2016\/12\/06193908\/concurso-crc-pr1.png 1074w, https:\/\/dhg1h5j42swfq.cloudfront.net\/2016\/12\/06193908\/concurso-crc-pr1.png 300w, https:\/\/dhg1h5j42swfq.cloudfront.net\/2016\/12\/06193908\/concurso-crc-pr1.png 768w, https:\/\/dhg1h5j42swfq.cloudfront.net\/2016\/12\/06193908\/concurso-crc-pr1.png 1024w, https:\/\/dhg1h5j42swfq.cloudfront.net\/2016\/12\/06193908\/concurso-crc-pr1.png 500w\" sizes=\"auto, (max-width: 1074px) 100vw, 1074px\" \/><\/p>\n<p><img loading=\"lazy\" decoding=\"async\" class=\"aligncenter size-full wp-image-57177\" src=\"https:\/\/dhg1h5j42swfq.cloudfront.net\/2016\/12\/06194459\/concurso-crc-pr1.png\" alt=\"concurso crc pr\" width=\"1072\" height=\"367\" srcset=\"https:\/\/dhg1h5j42swfq.cloudfront.net\/2016\/12\/06194100\/concurso-crc-pr1.png 1072w, https:\/\/dhg1h5j42swfq.cloudfront.net\/2016\/12\/06194100\/concurso-crc-pr1.png 300w, https:\/\/dhg1h5j42swfq.cloudfront.net\/2016\/12\/06194100\/concurso-crc-pr1.png 768w, https:\/\/dhg1h5j42swfq.cloudfront.net\/2016\/12\/06194100\/concurso-crc-pr1.png 1024w, https:\/\/dhg1h5j42swfq.cloudfront.net\/2016\/12\/06194100\/concurso-crc-pr1.png 500w\" sizes=\"auto, (max-width: 1072px) 100vw, 1072px\" \/><\/p>\n<p><img loading=\"lazy\" decoding=\"async\" class=\"aligncenter size-full wp-image-57178\" src=\"https:\/\/dhg1h5j42swfq.cloudfront.net\/2016\/12\/06194459\/concurso-crc-pr1.png\" alt=\"concurso-crc-pr\" width=\"1072\" height=\"423\" srcset=\"https:\/\/dhg1h5j42swfq.cloudfront.net\/2016\/12\/06194201\/concurso-crc-pr1.png 1072w, https:\/\/dhg1h5j42swfq.cloudfront.net\/2016\/12\/06194201\/concurso-crc-pr1.png 300w, https:\/\/dhg1h5j42swfq.cloudfront.net\/2016\/12\/06194201\/concurso-crc-pr1.png 768w, https:\/\/dhg1h5j42swfq.cloudfront.net\/2016\/12\/06194201\/concurso-crc-pr1.png 1024w, https:\/\/dhg1h5j42swfq.cloudfront.net\/2016\/12\/06194201\/concurso-crc-pr1.png 500w\" sizes=\"auto, (max-width: 1072px) 100vw, 1072px\" \/><\/p>\n<p><img loading=\"lazy\" decoding=\"async\" class=\"aligncenter size-full wp-image-57179\" src=\"https:\/\/dhg1h5j42swfq.cloudfront.net\/2016\/12\/06194459\/concurso-crc-pr1.png\" alt=\"concurso-crc-pr\" width=\"1075\" height=\"319\" srcset=\"https:\/\/dhg1h5j42swfq.cloudfront.net\/2016\/12\/06194314\/concurso-crc-pr1.png 1075w, https:\/\/dhg1h5j42swfq.cloudfront.net\/2016\/12\/06194314\/concurso-crc-pr1.png 300w, https:\/\/dhg1h5j42swfq.cloudfront.net\/2016\/12\/06194314\/concurso-crc-pr1.png 768w, https:\/\/dhg1h5j42swfq.cloudfront.net\/2016\/12\/06194314\/concurso-crc-pr1.png 1024w, https:\/\/dhg1h5j42swfq.cloudfront.net\/2016\/12\/06194314\/concurso-crc-pr1.png 500w\" sizes=\"auto, (max-width: 1075px) 100vw, 1075px\" \/><\/p>\n<p><img loading=\"lazy\" decoding=\"async\" class=\"aligncenter size-full wp-image-57180\" src=\"https:\/\/dhg1h5j42swfq.cloudfront.net\/2016\/12\/06194459\/concurso-crc-pr1.png\" alt=\"concurso crc pr\" width=\"1075\" height=\"317\" srcset=\"https:\/\/dhg1h5j42swfq.cloudfront.net\/2016\/12\/06194401\/concurso-crc-pr1.png 1075w, https:\/\/dhg1h5j42swfq.cloudfront.net\/2016\/12\/06194401\/concurso-crc-pr1.png 300w, https:\/\/dhg1h5j42swfq.cloudfront.net\/2016\/12\/06194401\/concurso-crc-pr1.png 768w, https:\/\/dhg1h5j42swfq.cloudfront.net\/2016\/12\/06194401\/concurso-crc-pr1.png 1024w, https:\/\/dhg1h5j42swfq.cloudfront.net\/2016\/12\/06194401\/concurso-crc-pr1.png 500w\" sizes=\"auto, (max-width: 1075px) 100vw, 1075px\" \/><\/p>\n<p><img loading=\"lazy\" decoding=\"async\" class=\"aligncenter size-full wp-image-57182\" src=\"https:\/\/dhg1h5j42swfq.cloudfront.net\/2016\/12\/06194459\/concurso-crc-pr1.png\" alt=\"concurso-crc-pr\" width=\"1072\" height=\"320\" srcset=\"https:\/\/dhg1h5j42swfq.cloudfront.net\/2016\/12\/06194459\/concurso-crc-pr1.png 1072w, https:\/\/dhg1h5j42swfq.cloudfront.net\/2016\/12\/06194459\/concurso-crc-pr1.png 300w, https:\/\/dhg1h5j42swfq.cloudfront.net\/2016\/12\/06194459\/concurso-crc-pr1.png 768w, https:\/\/dhg1h5j42swfq.cloudfront.net\/2016\/12\/06194459\/concurso-crc-pr1.png 1024w, https:\/\/dhg1h5j42swfq.cloudfront.net\/2016\/12\/06194459\/concurso-crc-pr1.png 500w\" sizes=\"auto, (max-width: 1072px) 100vw, 1072px\" \/><\/p>\n<p><span style=\"color: #000000;\">Confira o <a href=\"http:\/\/cdn.quadrix.org.br\/web\/visualizar.html?file=http:\/\/cdn.quadrix.org.br\/Archives\/General\/15960\/16529\/16531\/8C1AA095B14F\/3_crc_pr_edital_v1.pdf\" target=\"_blank\">EDITAL CRC PR<\/a>.<\/span><\/p>\n<p><strong><span style=\"color: #000000;\">O Estrat\u00e9gia Concursos lan\u00e7ar\u00e1 em breve cursos para este certame. Acompanhe:<\/span><\/strong><\/p>\n<p class=\"titulo-lista\" style=\"text-align: center;\"><a href=\"https:\/\/www.estrategiaconcursos.com.br\/cursos\/concurso\/\" target=\"_blank\">CURSOS POR CONCURSO<\/a><\/p>\n<p><span style=\"color: #000000;\">Assessoria de Comunica\u00e7\u00e3o<\/span><\/p>\n<p><span style=\"color: #000000;\">comunicacao@estrategiaconcursos.com.br<\/span><\/p>\n","protected":false},"excerpt":{"rendered":"<p>Concurso CRC PR: Inscri\u00e7\u00f5es terminam neste domingo. Cargos de n\u00edvel m\u00e9dio e superior. Remunera\u00e7\u00e3o de at\u00e9 R$ 5 mil. Confira! Termina hoje, 18 de dezembro, o prazo para as inscri\u00e7\u00f5es no concurso CRC PR. As inscri\u00e7\u00f5es ser\u00e3o efetuadas somente via internet no site\u00a0o http:\/\/www.quadrix.org.br, do dia 05\/12\/2016 ao dia 18\/12\/2016. O valor da taxa de [&hellip;]<\/p>\n","protected":false},"author":1,"featured_media":57163,"comment_status":"open","ping_status":"open","sticky":false,"template":"","format":"standard","meta":{"post_tipo":"news","footnotes":""},"categories":[1],"tags":[],"tax_estado":[],"class_list":["post-57162","post","type-post","status-publish","format-standard","has-post-thumbnail","hentry","category-cursos-e-concursos"],"acf":[],"yoast_head":"<!-- This site is optimized with the Yoast SEO Premium plugin v27.2 (Yoast SEO v27.2) - https:\/\/yoast.com\/product\/yoast-seo-premium-wordpress\/ -->\n<title>Concurso CRC PR: Edital publicado. Cargos de n\u00edvel m\u00e9dio e superior<\/title>\n<meta name=\"description\" content=\"Concurso CRC PR: Edital publicado. Cargos de n\u00edvel m\u00e9dio e superior. Remunera\u00e7\u00e3o de at\u00e9 R$ 5 mil. Confira todas as novidades do certame.\" \/>\n<meta name=\"robots\" content=\"index, follow, max-snippet:-1, max-image-preview:large, max-video-preview:-1\" \/>\n<link rel=\"canonical\" href=\"https:\/\/www.estrategiaconcursos.com.br\/blog\/concurso-crc-pr-edital\/\" \/>\n<meta property=\"og:locale\" content=\"pt_BR\" \/>\n<meta property=\"og:type\" content=\"article\" \/>\n<meta property=\"og:title\" content=\"Concurso CRC PR: Inscri\u00e7\u00f5es terminam neste domingo. Cargos de n\u00edvel m\u00e9dio e superior. Remunera\u00e7\u00e3o de at\u00e9 R$ 5 mil. Confira!\" \/>\n<meta property=\"og:description\" content=\"Concurso CRC PR: Edital publicado. Cargos de n\u00edvel m\u00e9dio e superior. Remunera\u00e7\u00e3o de at\u00e9 R$ 5 mil. Confira todas as novidades do certame.\" \/>\n<meta property=\"og:url\" content=\"https:\/\/www.estrategiaconcursos.com.br\/blog\/concurso-crc-pr-edital\/\" \/>\n<meta property=\"og:site_name\" content=\"Estrat\u00e9gia Concursos\" \/>\n<meta property=\"article:author\" content=\"https:\/\/www.facebook.com\/EstrategiaConcursos\" \/>\n<meta property=\"article:published_time\" content=\"2016-12-18T09:45:17+00:00\" \/>\n<meta property=\"article:modified_time\" content=\"2016-12-18T11:47:09+00:00\" \/>\n<meta property=\"og:image\" content=\"https:\/\/dhg1h5j42swfq.cloudfront.net\/2016\/12\/06185945\/concurso-crc-pr.jpg\" \/>\n\t<meta property=\"og:image:width\" content=\"1536\" \/>\n\t<meta property=\"og:image:height\" content=\"1792\" \/>\n\t<meta property=\"og:image:type\" content=\"image\/jpeg\" \/>\n<meta name=\"author\" content=\"Coordena\u00e7\u00e3o\" \/>\n<meta name=\"twitter:card\" content=\"summary_large_image\" \/>\n<meta name=\"twitter:creator\" content=\"@EstratConcursos\" \/>\n<meta name=\"twitter:site\" content=\"@EstratConcursos\" \/>\n<meta name=\"twitter:label1\" content=\"Escrito por\" \/>\n\t<meta name=\"twitter:data1\" content=\"Coordena\u00e7\u00e3o\" \/>\n\t<meta name=\"twitter:label2\" content=\"Est. tempo de leitura\" \/>\n\t<meta name=\"twitter:data2\" content=\"2 minutos\" \/>\n<script type=\"application\/ld+json\" class=\"yoast-schema-graph\">{\"@context\":\"https:\/\/schema.org\",\"@graph\":[{\"@type\":\"NewsArticle\",\"@id\":\"https:\/\/www.estrategiaconcursos.com.br\/blog\/concurso-crc-pr-edital\/#article\",\"isPartOf\":{\"@id\":\"https:\/\/www.estrategiaconcursos.com.br\/blog\/concurso-crc-pr-edital\/\"},\"author\":{\"name\":\"Coordena\u00e7\u00e3o\",\"@id\":\"https:\/\/www.estrategiaconcursos.com.br\/blog\/#\/schema\/person\/b4a388c97673c5f483d72185668afa1f\"},\"headline\":\"Concurso CRC PR: Inscri\u00e7\u00f5es terminam neste domingo. Cargos de n\u00edvel m\u00e9dio e superior. Remunera\u00e7\u00e3o de at\u00e9 R$ 5 mil. Confira!\",\"datePublished\":\"2016-12-18T09:45:17+00:00\",\"dateModified\":\"2016-12-18T11:47:09+00:00\",\"mainEntityOfPage\":{\"@id\":\"https:\/\/www.estrategiaconcursos.com.br\/blog\/concurso-crc-pr-edital\/\"},\"wordCount\":381,\"commentCount\":0,\"publisher\":{\"@id\":\"https:\/\/www.estrategiaconcursos.com.br\/blog\/#organization\"},\"image\":{\"@id\":\"https:\/\/www.estrategiaconcursos.com.br\/blog\/concurso-crc-pr-edital\/#primaryimage\"},\"thumbnailUrl\":\"https:\/\/dhg1h5j42swfq.cloudfront.net\/2016\/12\/06185945\/concurso-crc-pr.jpg\",\"articleSection\":[\"Concursos P\u00fablicos\"],\"inLanguage\":\"pt-BR\",\"potentialAction\":[{\"@type\":\"CommentAction\",\"name\":\"Comment\",\"target\":[\"https:\/\/www.estrategiaconcursos.com.br\/blog\/concurso-crc-pr-edital\/#respond\"]}],\"copyrightYear\":\"2016\",\"copyrightHolder\":{\"@id\":\"https:\/\/www.estrategiaconcursos.com.br\/blog\/#organization\"}},{\"@type\":\"WebPage\",\"@id\":\"https:\/\/www.estrategiaconcursos.com.br\/blog\/concurso-crc-pr-edital\/\",\"url\":\"https:\/\/www.estrategiaconcursos.com.br\/blog\/concurso-crc-pr-edital\/\",\"name\":\"Concurso CRC PR: Edital publicado. Cargos de n\u00edvel m\u00e9dio e superior\",\"isPartOf\":{\"@id\":\"https:\/\/www.estrategiaconcursos.com.br\/blog\/#website\"},\"primaryImageOfPage\":{\"@id\":\"https:\/\/www.estrategiaconcursos.com.br\/blog\/concurso-crc-pr-edital\/#primaryimage\"},\"image\":{\"@id\":\"https:\/\/www.estrategiaconcursos.com.br\/blog\/concurso-crc-pr-edital\/#primaryimage\"},\"thumbnailUrl\":\"https:\/\/dhg1h5j42swfq.cloudfront.net\/2016\/12\/06185945\/concurso-crc-pr.jpg\",\"datePublished\":\"2016-12-18T09:45:17+00:00\",\"dateModified\":\"2016-12-18T11:47:09+00:00\",\"description\":\"Concurso CRC PR: Edital publicado. Cargos de n\u00edvel m\u00e9dio e superior. Remunera\u00e7\u00e3o de at\u00e9 R$ 5 mil. Confira todas as novidades do certame.\",\"breadcrumb\":{\"@id\":\"https:\/\/www.estrategiaconcursos.com.br\/blog\/concurso-crc-pr-edital\/#breadcrumb\"},\"inLanguage\":\"pt-BR\",\"potentialAction\":[{\"@type\":\"ReadAction\",\"target\":[\"https:\/\/www.estrategiaconcursos.com.br\/blog\/concurso-crc-pr-edital\/\"]}]},{\"@type\":\"ImageObject\",\"inLanguage\":\"pt-BR\",\"@id\":\"https:\/\/www.estrategiaconcursos.com.br\/blog\/concurso-crc-pr-edital\/#primaryimage\",\"url\":\"https:\/\/dhg1h5j42swfq.cloudfront.net\/2016\/12\/06185945\/concurso-crc-pr.jpg\",\"contentUrl\":\"https:\/\/dhg1h5j42swfq.cloudfront.net\/2016\/12\/06185945\/concurso-crc-pr.jpg\",\"width\":1536,\"height\":1792},{\"@type\":\"BreadcrumbList\",\"@id\":\"https:\/\/www.estrategiaconcursos.com.br\/blog\/concurso-crc-pr-edital\/#breadcrumb\",\"itemListElement\":[{\"@type\":\"ListItem\",\"position\":1,\"name\":\"In\u00edcio\",\"item\":\"https:\/\/www.estrategiaconcursos.com.br\/blog\/\"},{\"@type\":\"ListItem\",\"position\":2,\"name\":\"Concurso CRC PR: Inscri\u00e7\u00f5es terminam neste domingo. Cargos de n\u00edvel m\u00e9dio e superior. Remunera\u00e7\u00e3o de at\u00e9 R$ 5 mil. Confira!\"}]},{\"@type\":\"WebSite\",\"@id\":\"https:\/\/www.estrategiaconcursos.com.br\/blog\/#website\",\"url\":\"https:\/\/www.estrategiaconcursos.com.br\/blog\/\",\"name\":\"Estrat\u00e9gia Concursos\",\"description\":\"O blog da Estrat\u00e9gia Concursos traz not\u00edcias sobre concursos e artigos de professores oferecendo cursos para concursos (pdf + videaulas) no site.\",\"publisher\":{\"@id\":\"https:\/\/www.estrategiaconcursos.com.br\/blog\/#organization\"},\"potentialAction\":[{\"@type\":\"SearchAction\",\"target\":{\"@type\":\"EntryPoint\",\"urlTemplate\":\"https:\/\/www.estrategiaconcursos.com.br\/blog\/?s={search_term_string}\"},\"query-input\":{\"@type\":\"PropertyValueSpecification\",\"valueRequired\":true,\"valueName\":\"search_term_string\"}}],\"inLanguage\":\"pt-BR\"},{\"@type\":\"Organization\",\"@id\":\"https:\/\/www.estrategiaconcursos.com.br\/blog\/#organization\",\"name\":\"Estrat\u00e9gia Concursos\",\"url\":\"https:\/\/www.estrategiaconcursos.com.br\/blog\/\",\"logo\":{\"@type\":\"ImageObject\",\"inLanguage\":\"pt-BR\",\"@id\":\"https:\/\/www.estrategiaconcursos.com.br\/blog\/#\/schema\/logo\/image\/\",\"url\":\"https:\/\/dhg1h5j42swfq.cloudfront.net\/2025\/06\/03203428\/logo_concursos-1.jpg\",\"contentUrl\":\"https:\/\/dhg1h5j42swfq.cloudfront.net\/2025\/06\/03203428\/logo_concursos-1.jpg\",\"width\":230,\"height\":60,\"caption\":\"Estrat\u00e9gia Concursos\"},\"image\":{\"@id\":\"https:\/\/www.estrategiaconcursos.com.br\/blog\/#\/schema\/logo\/image\/\"},\"sameAs\":[\"https:\/\/x.com\/EstratConcursos\"]},{\"@type\":\"Person\",\"@id\":\"https:\/\/www.estrategiaconcursos.com.br\/blog\/#\/schema\/person\/b4a388c97673c5f483d72185668afa1f\",\"name\":\"Coordena\u00e7\u00e3o\",\"image\":{\"@type\":\"ImageObject\",\"inLanguage\":\"pt-BR\",\"@id\":\"https:\/\/secure.gravatar.com\/avatar\/b720319e4c9a967eb58678d110f4fe35452fc5d5f97b202bac7b8acceb18c6ad?s=96&d=mm&r=g\",\"url\":\"https:\/\/secure.gravatar.com\/avatar\/b720319e4c9a967eb58678d110f4fe35452fc5d5f97b202bac7b8acceb18c6ad?s=96&d=mm&r=g\",\"contentUrl\":\"https:\/\/secure.gravatar.com\/avatar\/b720319e4c9a967eb58678d110f4fe35452fc5d5f97b202bac7b8acceb18c6ad?s=96&d=mm&r=g\",\"caption\":\"Coordena\u00e7\u00e3o\"},\"sameAs\":[\"https:\/\/www.facebook.com\/EstrategiaConcursos\",\"https:\/\/x.com\/EstratConcursos\"],\"url\":\"https:\/\/www.estrategiaconcursos.com.br\/blog\/author\/estrategia2013\/\"}]}<\/script>\n<!-- \/ Yoast SEO Premium plugin. -->","yoast_head_json":{"title":"Concurso CRC PR: Edital publicado. Cargos de n\u00edvel m\u00e9dio e superior","description":"Concurso CRC PR: Edital publicado. Cargos de n\u00edvel m\u00e9dio e superior. Remunera\u00e7\u00e3o de at\u00e9 R$ 5 mil. Confira todas as novidades do certame.","robots":{"index":"index","follow":"follow","max-snippet":"max-snippet:-1","max-image-preview":"max-image-preview:large","max-video-preview":"max-video-preview:-1"},"canonical":"https:\/\/www.estrategiaconcursos.com.br\/blog\/concurso-crc-pr-edital\/","og_locale":"pt_BR","og_type":"article","og_title":"Concurso CRC PR: Inscri\u00e7\u00f5es terminam neste domingo. Cargos de n\u00edvel m\u00e9dio e superior. Remunera\u00e7\u00e3o de at\u00e9 R$ 5 mil. Confira!","og_description":"Concurso CRC PR: Edital publicado. Cargos de n\u00edvel m\u00e9dio e superior. Remunera\u00e7\u00e3o de at\u00e9 R$ 5 mil. Confira todas as novidades do certame.","og_url":"https:\/\/www.estrategiaconcursos.com.br\/blog\/concurso-crc-pr-edital\/","og_site_name":"Estrat\u00e9gia Concursos","article_author":"https:\/\/www.facebook.com\/EstrategiaConcursos","article_published_time":"2016-12-18T09:45:17+00:00","article_modified_time":"2016-12-18T11:47:09+00:00","og_image":[{"width":1536,"height":1792,"url":"https:\/\/dhg1h5j42swfq.cloudfront.net\/2016\/12\/06185945\/concurso-crc-pr.jpg","type":"image\/jpeg"}],"author":"Coordena\u00e7\u00e3o","twitter_card":"summary_large_image","twitter_creator":"@EstratConcursos","twitter_site":"@EstratConcursos","twitter_misc":{"Escrito por":"Coordena\u00e7\u00e3o","Est. tempo de leitura":"2 minutos"},"schema":{"@context":"https:\/\/schema.org","@graph":[{"@type":"NewsArticle","@id":"https:\/\/www.estrategiaconcursos.com.br\/blog\/concurso-crc-pr-edital\/#article","isPartOf":{"@id":"https:\/\/www.estrategiaconcursos.com.br\/blog\/concurso-crc-pr-edital\/"},"author":{"name":"Coordena\u00e7\u00e3o","@id":"https:\/\/www.estrategiaconcursos.com.br\/blog\/#\/schema\/person\/b4a388c97673c5f483d72185668afa1f"},"headline":"Concurso CRC PR: Inscri\u00e7\u00f5es terminam neste domingo. Cargos de n\u00edvel m\u00e9dio e superior. Remunera\u00e7\u00e3o de at\u00e9 R$ 5 mil. Confira!","datePublished":"2016-12-18T09:45:17+00:00","dateModified":"2016-12-18T11:47:09+00:00","mainEntityOfPage":{"@id":"https:\/\/www.estrategiaconcursos.com.br\/blog\/concurso-crc-pr-edital\/"},"wordCount":381,"commentCount":0,"publisher":{"@id":"https:\/\/www.estrategiaconcursos.com.br\/blog\/#organization"},"image":{"@id":"https:\/\/www.estrategiaconcursos.com.br\/blog\/concurso-crc-pr-edital\/#primaryimage"},"thumbnailUrl":"https:\/\/dhg1h5j42swfq.cloudfront.net\/2016\/12\/06185945\/concurso-crc-pr.jpg","articleSection":["Concursos P\u00fablicos"],"inLanguage":"pt-BR","potentialAction":[{"@type":"CommentAction","name":"Comment","target":["https:\/\/www.estrategiaconcursos.com.br\/blog\/concurso-crc-pr-edital\/#respond"]}],"copyrightYear":"2016","copyrightHolder":{"@id":"https:\/\/www.estrategiaconcursos.com.br\/blog\/#organization"}},{"@type":"WebPage","@id":"https:\/\/www.estrategiaconcursos.com.br\/blog\/concurso-crc-pr-edital\/","url":"https:\/\/www.estrategiaconcursos.com.br\/blog\/concurso-crc-pr-edital\/","name":"Concurso CRC PR: Edital publicado. Cargos de n\u00edvel m\u00e9dio e superior","isPartOf":{"@id":"https:\/\/www.estrategiaconcursos.com.br\/blog\/#website"},"primaryImageOfPage":{"@id":"https:\/\/www.estrategiaconcursos.com.br\/blog\/concurso-crc-pr-edital\/#primaryimage"},"image":{"@id":"https:\/\/www.estrategiaconcursos.com.br\/blog\/concurso-crc-pr-edital\/#primaryimage"},"thumbnailUrl":"https:\/\/dhg1h5j42swfq.cloudfront.net\/2016\/12\/06185945\/concurso-crc-pr.jpg","datePublished":"2016-12-18T09:45:17+00:00","dateModified":"2016-12-18T11:47:09+00:00","description":"Concurso CRC PR: Edital publicado. Cargos de n\u00edvel m\u00e9dio e superior. Remunera\u00e7\u00e3o de at\u00e9 R$ 5 mil. Confira todas as novidades do certame.","breadcrumb":{"@id":"https:\/\/www.estrategiaconcursos.com.br\/blog\/concurso-crc-pr-edital\/#breadcrumb"},"inLanguage":"pt-BR","potentialAction":[{"@type":"ReadAction","target":["https:\/\/www.estrategiaconcursos.com.br\/blog\/concurso-crc-pr-edital\/"]}]},{"@type":"ImageObject","inLanguage":"pt-BR","@id":"https:\/\/www.estrategiaconcursos.com.br\/blog\/concurso-crc-pr-edital\/#primaryimage","url":"https:\/\/dhg1h5j42swfq.cloudfront.net\/2016\/12\/06185945\/concurso-crc-pr.jpg","contentUrl":"https:\/\/dhg1h5j42swfq.cloudfront.net\/2016\/12\/06185945\/concurso-crc-pr.jpg","width":1536,"height":1792},{"@type":"BreadcrumbList","@id":"https:\/\/www.estrategiaconcursos.com.br\/blog\/concurso-crc-pr-edital\/#breadcrumb","itemListElement":[{"@type":"ListItem","position":1,"name":"In\u00edcio","item":"https:\/\/www.estrategiaconcursos.com.br\/blog\/"},{"@type":"ListItem","position":2,"name":"Concurso CRC PR: Inscri\u00e7\u00f5es terminam neste domingo. Cargos de n\u00edvel m\u00e9dio e superior. Remunera\u00e7\u00e3o de at\u00e9 R$ 5 mil. Confira!"}]},{"@type":"WebSite","@id":"https:\/\/www.estrategiaconcursos.com.br\/blog\/#website","url":"https:\/\/www.estrategiaconcursos.com.br\/blog\/","name":"Estrat\u00e9gia Concursos","description":"O blog da Estrat\u00e9gia Concursos traz not\u00edcias sobre concursos e artigos de professores oferecendo cursos para concursos (pdf + videaulas) no site.","publisher":{"@id":"https:\/\/www.estrategiaconcursos.com.br\/blog\/#organization"},"potentialAction":[{"@type":"SearchAction","target":{"@type":"EntryPoint","urlTemplate":"https:\/\/www.estrategiaconcursos.com.br\/blog\/?s={search_term_string}"},"query-input":{"@type":"PropertyValueSpecification","valueRequired":true,"valueName":"search_term_string"}}],"inLanguage":"pt-BR"},{"@type":"Organization","@id":"https:\/\/www.estrategiaconcursos.com.br\/blog\/#organization","name":"Estrat\u00e9gia Concursos","url":"https:\/\/www.estrategiaconcursos.com.br\/blog\/","logo":{"@type":"ImageObject","inLanguage":"pt-BR","@id":"https:\/\/www.estrategiaconcursos.com.br\/blog\/#\/schema\/logo\/image\/","url":"https:\/\/dhg1h5j42swfq.cloudfront.net\/2025\/06\/03203428\/logo_concursos-1.jpg","contentUrl":"https:\/\/dhg1h5j42swfq.cloudfront.net\/2025\/06\/03203428\/logo_concursos-1.jpg","width":230,"height":60,"caption":"Estrat\u00e9gia Concursos"},"image":{"@id":"https:\/\/www.estrategiaconcursos.com.br\/blog\/#\/schema\/logo\/image\/"},"sameAs":["https:\/\/x.com\/EstratConcursos"]},{"@type":"Person","@id":"https:\/\/www.estrategiaconcursos.com.br\/blog\/#\/schema\/person\/b4a388c97673c5f483d72185668afa1f","name":"Coordena\u00e7\u00e3o","image":{"@type":"ImageObject","inLanguage":"pt-BR","@id":"https:\/\/secure.gravatar.com\/avatar\/b720319e4c9a967eb58678d110f4fe35452fc5d5f97b202bac7b8acceb18c6ad?s=96&d=mm&r=g","url":"https:\/\/secure.gravatar.com\/avatar\/b720319e4c9a967eb58678d110f4fe35452fc5d5f97b202bac7b8acceb18c6ad?s=96&d=mm&r=g","contentUrl":"https:\/\/secure.gravatar.com\/avatar\/b720319e4c9a967eb58678d110f4fe35452fc5d5f97b202bac7b8acceb18c6ad?s=96&d=mm&r=g","caption":"Coordena\u00e7\u00e3o"},"sameAs":["https:\/\/www.facebook.com\/EstrategiaConcursos","https:\/\/x.com\/EstratConcursos"],"url":"https:\/\/www.estrategiaconcursos.com.br\/blog\/author\/estrategia2013\/"}]}},"_links":{"self":[{"href":"https:\/\/www.estrategiaconcursos.com.br\/blog\/wp-json\/wp\/v2\/posts\/57162","targetHints":{"allow":["GET"]}}],"collection":[{"href":"https:\/\/www.estrategiaconcursos.com.br\/blog\/wp-json\/wp\/v2\/posts"}],"about":[{"href":"https:\/\/www.estrategiaconcursos.com.br\/blog\/wp-json\/wp\/v2\/types\/post"}],"author":[{"embeddable":true,"href":"https:\/\/www.estrategiaconcursos.com.br\/blog\/wp-json\/wp\/v2\/users\/1"}],"replies":[{"embeddable":true,"href":"https:\/\/www.estrategiaconcursos.com.br\/blog\/wp-json\/wp\/v2\/comments?post=57162"}],"version-history":[{"count":5,"href":"https:\/\/www.estrategiaconcursos.com.br\/blog\/wp-json\/wp\/v2\/posts\/57162\/revisions"}],"predecessor-version":[{"id":58439,"href":"https:\/\/www.estrategiaconcursos.com.br\/blog\/wp-json\/wp\/v2\/posts\/57162\/revisions\/58439"}],"wp:featuredmedia":[{"embeddable":true,"href":"https:\/\/www.estrategiaconcursos.com.br\/blog\/wp-json\/wp\/v2\/media\/57163"}],"wp:attachment":[{"href":"https:\/\/www.estrategiaconcursos.com.br\/blog\/wp-json\/wp\/v2\/media?parent=57162"}],"wp:term":[{"taxonomy":"category","embeddable":true,"href":"https:\/\/www.estrategiaconcursos.com.br\/blog\/wp-json\/wp\/v2\/categories?post=57162"},{"taxonomy":"post_tag","embeddable":true,"href":"https:\/\/www.estrategiaconcursos.com.br\/blog\/wp-json\/wp\/v2\/tags?post=57162"},{"taxonomy":"tax_estado","embeddable":true,"href":"https:\/\/www.estrategiaconcursos.com.br\/blog\/wp-json\/wp\/v2\/tax_estado?post=57162"}],"curies":[{"name":"wp","href":"https:\/\/api.w.org\/{rel}","templated":true}]}}