{"id":57146,"date":"2016-12-06T17:34:44","date_gmt":"2016-12-06T20:34:44","guid":{"rendered":"https:\/\/www.estrategiaconcursos.com.br\/blog\/?p=57146"},"modified":"2016-12-06T17:36:39","modified_gmt":"2016-12-06T20:36:39","slug":"provas-comentadas-de-direito-constitucional-trt-20a-regiao-ajaa-ajaj-e-tjaa","status":"publish","type":"post","link":"https:\/\/www.estrategiaconcursos.com.br\/blog\/provas-comentadas-de-direito-constitucional-trt-20a-regiao-ajaa-ajaj-e-tjaa\/","title":{"rendered":"Provas Comentadas de Direito Constitucional TRT 20a Regi\u00e3o &#8211; AJAA, AJAJ e TJAA"},"content":{"rendered":"<h1><\/h1>\n<p>Ol\u00e1, pessoal, tudo bem?<\/p>\n<p>Hoje comentarei as de Direito Constitucional do <b><i>Concurso TRT 20a Regi\u00e3o<\/i><\/b>, cargos de <b><i>T\u00e9cnico Judici\u00e1rio &#8211; \u00c1rea Administrativa, Analista Judici\u00e1rio &#8211; \u00c1rea Administrativa e Analista Judici\u00e1rio &#8211; \u00c1rea Judici\u00e1ria (Especialidade Oficial de Justi\u00e7a Avaliador), <\/i><\/b>aplicadas no \u00faltimo fim-de-semana. O gabarito preliminar foi divulgado ontem, no site da <em><strong>Funda\u00e7\u00e3o Carlos Chagas &#8211; FCC.<\/strong><\/em><\/p>\n<p>Vamos ao trabalho! =)<\/p>\n<p>&#8230;&#8230;&#8230;&#8230;&#8230;&#8230;&#8230;&#8230;&#8230;&#8230;&#8230;&#8230;&#8230;&#8230;&#8230;&#8230;&#8230;&#8230;&#8230;&#8230;&#8230;&#8230;&#8230;<\/p>\n<p><strong><em><span style=\"color: #0000ff\">Prova Comentada TRT 20<sup>a<\/sup> Regi\u00e3o &#8211; Analista Judici\u00e1rio \u2013 \u00c1rea Administrativa<\/span><\/em><\/strong><\/p>\n<p><strong>1. Considere:<\/strong><\/p>\n<p>I. Governador do Estado de Sergipe.<\/p>\n<p>II. Confedera\u00e7\u00e3o Sindical \u201cXXX\u201d.<\/p>\n<p>III. Procurador-Geral da Rep\u00fablica.<\/p>\n<p>IV. Mesa da C\u00e2mara dos Deputados.<\/p>\n<p>V. Prefeito da cidade de Lagarto.<\/p>\n<p><strong>De acordo com a Constitui\u00e7\u00e3o Federal de 1988, possuem legitimidade ativa para propor a\u00e7\u00e3o declarat\u00f3ria de constitucionalidade, dentre outros, os indicados APENAS em<\/strong><\/p>\n<p>a) I, II e III.<\/p>\n<p>b) I, II, III e IV.<\/p>\n<p>c) I, III, IV e V.<\/p>\n<p>d) III, IV e V.<\/p>\n<p>e) I, III e IV.<\/p>\n<p><strong>Coment\u00e1rios:<\/strong><\/p>\n<p><strong><em>Podem propor<\/em><\/strong> a\u00e7\u00e3o declarat\u00f3ria de constitucionalidade (art. 103, CF):<\/p>\n<p><strong>a)<\/strong> o Presidente da Rep\u00fablica;<\/p>\n<p><strong>b)<\/strong> a Mesa do Senado Federal;<\/p>\n<p><strong>c)<\/strong> a Mesa da C\u00e2mara dos Deputados;<\/p>\n<p><strong>d)<\/strong> a Mesa de Assembleia Legislativa ou da C\u00e2mara Legislativa do Distrito Federal;<\/p>\n<p><strong>e)<\/strong> o Governador de Estado ou do Distrito Federal;<\/p>\n<p><strong>f)<\/strong> o Procurador-Geral da Rep\u00fablica;<\/p>\n<p><strong>g)<\/strong> o Conselho Federal da Ordem dos Advogados do Brasil;<\/p>\n<p><strong>h)<\/strong> partido pol\u00edtico com representa\u00e7\u00e3o no Congresso Nacional;<\/p>\n<p><strong>i)<\/strong> confedera\u00e7\u00e3o sindical ou entidade de classe de \u00e2mbito nacional.<\/p>\n<p>Note que Prefeitos Municipais <strong><em>n\u00e3o s\u00e3o legitimados<\/em><\/strong> a propor essa a\u00e7\u00e3o.<\/p>\n<p>O gabarito \u00e9 a letra B.<\/p>\n<p><strong>2. Considere a seguinte situa\u00e7\u00e3o hipot\u00e9tica: Joana, Carla e Fabiana, s\u00e3o moradoras do Bairro X da cidade de Aracaj\u00fa. No referido bairro, infelizmente, est\u00e1 aumentando os casos de trabalho infantil. Assim, as tr\u00eas mulheres pretendem criar uma associa\u00e7\u00e3o dos moradores do Bairro X visando \u00e0 prote\u00e7\u00e3o da crian\u00e7a e do adolescente, fomentando atividades de estudo e lazer, bem como para proporcionar acompanhamento escolar r\u00edgido pela associa\u00e7\u00e3o. De acordo com a Constitui\u00e7\u00e3o Federal a cria\u00e7\u00e3o de associa\u00e7\u00f5es<\/strong><\/p>\n<p>a) independem de autoriza\u00e7\u00e3o, sendo vedada a interfer\u00eancia estatal em seu funcionamento.<\/p>\n<p>b) depende de autoriza\u00e7\u00e3o espec\u00edfica do Governo do Estado de Sergipe, sendo vedada, no entanto, a interfer\u00eancia estatal em seu funcionamento.<\/p>\n<p>c) depende de autoriza\u00e7\u00e3o do Governo Federal, sendo vedada, no entanto, a interfer\u00eancia estatal em seu funcionamento.<\/p>\n<p>d) independem de autoriza\u00e7\u00e3o, sendo, no entanto, obrigat\u00f3ria \u00e0 fiscaliza\u00e7\u00e3o do Governo do Estado de Sergipe em seu funcionamento, devendo a Associa\u00e7\u00e3o emitir relat\u00f3rio anual de suas atividades com proje\u00e7\u00e3o espec\u00edfica para o ano seguinte.<\/p>\n<p>e) independem de autoriza\u00e7\u00e3o, sendo, no entanto, obrigat\u00f3ria \u00e0 fiscaliza\u00e7\u00e3o do Governo Federal em seu funcionamento, devendo a Associa\u00e7\u00e3o emitir relat\u00f3rio anual de suas atividades com proje\u00e7\u00e3o espec\u00edfica para o ano seguinte.<\/p>\n<p><strong>Coment\u00e1rios:<\/strong><\/p>\n<p>Reza o inciso XVIII do art. 5<sup>o<\/sup> da Constitui\u00e7\u00e3o que a cria\u00e7\u00e3o de associa\u00e7\u00f5es e, na forma da lei, a de cooperativas <strong><em>independem de autoriza\u00e7\u00e3o, sendo vedada a interfer\u00eancia estatal em seu funcionamento<\/em><\/strong>. O gabarito \u00e9 a letra A.<\/p>\n<p><strong>3. Dan\u00fabia pretende se candidatar \u00e0 vaga de trabalho exercido em turno ininterrupto de revezamento na empresa Y. Com d\u00favidas a respeito da jornada de trabalho, consultou a Constitui\u00e7\u00e3o Federal de 1988. Neste caso, Dan\u00fabia<\/strong><\/p>\n<p>a) encontrou dispositivo constitucional, dentre os Direitos Sociais, prevendo jornada de oito horas para trabalho realizado em turno ininterrupto de revezamento, sendo vedada a negocia\u00e7\u00e3o coletiva nesta hip\u00f3tese.<\/p>\n<p>b) n\u00e3o encontrou dispositivo constitucional, uma vez que o referido trabalho n\u00e3o possui jornada regulamentada na Constitui\u00e7\u00e3o Federal, estando somente disciplinada na Consolida\u00e7\u00e3o das Leis do Trabalho.<\/p>\n<p>c) n\u00e3o encontrou dispositivo constitucional, uma vez que o referido trabalho n\u00e3o possui jornada regulamentada na Constitui\u00e7\u00e3o Federal de 1988, estando somente disciplinada na Consolida\u00e7\u00e3o das Leis do Trabalho e em lei espec\u00edfica.<\/p>\n<p>d) encontrou dispositivo constitucional, dentre os Direitos Sociais, prevendo jornada de sete horas para trabalho realizado em turno ininterrupto de revezamento, sendo vedada a negocia\u00e7\u00e3o coletiva nesta hip\u00f3tese.<\/p>\n<p>e) encontrou dispositivo constitucional, dentre os Direitos Sociais, prevendo jornada de seis horas para trabalho realizado em turno ininterrupto de revezamento, salvo negocia\u00e7\u00e3o coletiva.<\/p>\n<p><strong>Coment\u00e1rios:<\/strong><\/p>\n<p>A Carta Magna fixa a jornada de <strong><em>seis horas<\/em><\/strong> para o trabalho realizado em turnos ininterruptos de revezamento, <strong><em>salvo negocia\u00e7\u00e3o coletiva<\/em><\/strong> (art. 7<sup>o<\/sup>, XIV, CF). O gabarito \u00e9 a letra E.<\/p>\n<p><strong>4. Considere as seguintes situa\u00e7\u00f5es hipot\u00e9ticas: N\u00e1dia \u00e9 Ministra do Tribunal Superior do Trabalho; Linda \u00e9 Presidente da C\u00e2mara dos Deputados; Giseli \u00e9 Ministra do Supremo Tribunal Federal e Rafael \u00e9 Ministro do Trabalho e Emprego. Segundo as normas preconizadas pela Constitui\u00e7\u00e3o Federal de 1988, s\u00e3o cargos privativos de brasileiros natos os ocupados APENAS por<\/strong><\/p>\n<p>a) N\u00e1dia e Linda.<\/p>\n<p>b) N\u00e1dia, Linda e Giseli.<\/p>\n<p>c) Linda e Giseli.<\/p>\n<p>d) Giseli e Rafael.<\/p>\n<p>e) N\u00e1dia, Giseli e Rafael.<\/p>\n<p><strong>Coment\u00e1rios:<\/strong><\/p>\n<p>S\u00e3o <strong><em>privativos de brasileiro nato<\/em><\/strong> os seguintes cargos: <strong>i)<\/strong> de Presidente e Vice-Presidente da Rep\u00fablica; <strong>ii)<\/strong> de Presidente da C\u00e2mara dos Deputados (ocupado por <strong><em>Linda<\/em><\/strong>); <strong>iii)<\/strong> de Presidente do Senado Federal; <strong>iv)<\/strong> de Ministro do Supremo Tribunal Federal (ocupado por <strong><em>Giseli<\/em><\/strong>); <strong>v)<\/strong> da carreira diplom\u00e1tica; <strong>vi)<\/strong> de oficial das For\u00e7as Armadas e; <strong>vii)<\/strong> de Ministro de Estado da Defesa.<\/p>\n<p>O gabarito \u00e9 a letra C.<\/p>\n<p><strong>5. Legislar sobre Direito do Trabalho; assist\u00eancia jur\u00eddica e defensoria p\u00fablica; e procedimentos em mat\u00e9ria processual, compete,<\/strong><\/p>\n<p>a) privativamente \u00e0 Uni\u00e3o.<\/p>\n<p>b) privativamente \u00e0 Uni\u00e3o; concorrentemente \u00e0 Uni\u00e3o, aos Estados e ao Distrito Federal e concorrentemente \u00e0 Uni\u00e3o, aos Estados e ao Distrito Federal, respectivamente.<\/p>\n<p>c) concorrentemente \u00e0 Uni\u00e3o, aos Estados e ao Distrito Federal.<\/p>\n<p>d) privativamente \u00e0 Uni\u00e3o; privativamente \u00e0 Uni\u00e3o e concorrentemente \u00e0 Uni\u00e3o, aos Estados e ao Distrito Federal, respectivamente.<\/p>\n<p>e) concorrentemente \u00e0 Uni\u00e3o, aos Estados e ao Distrito Federal, concorrentemente \u00e0 Uni\u00e3o, aos Estados e ao Distrito Federal e privativamente \u00e0 Uni\u00e3o; respectivamente.<\/p>\n<p><strong>Coment\u00e1rios:<\/strong><\/p>\n<p>As compet\u00eancias para legislar sobre essas mat\u00e9rias s\u00e3o distribu\u00eddas da seguinte forma:<\/p>\n<p><strong>a)<\/strong> <strong>Direito do trabalho<\/strong> \u2013 trata-se de mat\u00e9ria de compet\u00eancia legislativa privativa da Uni\u00e3o (art. 22, I, CF);<\/p>\n<p><strong>b)<\/strong> <strong>Assist\u00eancia jur\u00eddica e defensoria p\u00fablica<\/strong> \u2013 s\u00e3o mat\u00e9rias de compet\u00eancia concorrente \u00e0 Uni\u00e3o, aos Estados e ao Distrito Federal (art. 24, XIII, CF);<\/p>\n<p><strong>c)<\/strong> <strong>Procedimentos em mat\u00e9ria processual<\/strong> \u2013 s\u00e3o, tamb\u00e9m, mat\u00e9ria de compet\u00eancia concorrente \u00e0 Uni\u00e3o, aos Estados e ao Distrito Federal (art. 24, XI, CF).<\/p>\n<p>O gabarito \u00e9 a letra B.<\/p>\n<p><strong>6. O Presidente da Rep\u00fablica poder\u00e1 delegar, dentre outras, a seguinte atribui\u00e7\u00e3o:<\/strong><\/p>\n<p>a) nomear o Advogado-Geral da Uni\u00e3o.<\/p>\n<p>b) nomear e exonerar os Ministros de Estado.<\/p>\n<p>c) vetar projetos de lei parcialmente.<\/p>\n<p>d) celebrar tratados e conven\u00e7\u00f5es sujeitos a referendo do Congresso Nacional.<\/p>\n<p>e) prover os cargos p\u00fablicos federais, na forma da lei.<\/p>\n<p><strong>Coment\u00e1rios:<\/strong><\/p>\n<p>As <strong><em>compet\u00eancias deleg\u00e1veis<\/em><\/strong> do Presidente da Rep\u00fablica s\u00e3o as seguintes (art. 84, par\u00e1grafo \u00fanico, CF):<\/p>\n<p><strong>a)<\/strong> <strong><em>Editar decretos aut\u00f4nomos<\/em><\/strong>. Recorde-se que, mediante decreto aut\u00f4nomo, o Presidente poder\u00e1 dispor sobre: i) organiza\u00e7\u00e3o e funcionamento da administra\u00e7\u00e3o p\u00fablica federal, quando n\u00e3o implicar aumento de despesa, nem cria\u00e7\u00e3o ou extin\u00e7\u00e3o de \u00f3rg\u00e3o p\u00fablico e; ii) extinguir fun\u00e7\u00f5es ou cargos p\u00fablicos, quando vagos.<\/p>\n<p><strong>b)<\/strong> <strong><em>Conceder indulto e comutar penas<\/em><\/strong>, com audi\u00eancia, se necess\u00e1rio, dos \u00f3rg\u00e3os institu\u00eddos em lei.<\/p>\n<p><strong>c)<\/strong> <strong><em>Prover e desprover cargos p\u00fablicos, na forma da lei.<\/em><\/strong><\/p>\n<p>O gabarito \u00e9 a letra E.<\/p>\n<p><strong>7. Considere a seguinte situa\u00e7\u00e3o hipot\u00e9tica: S\u00f3crates \u00e9 desembargador do Tribunal Regional do Trabalho da 20a Regi\u00e3o; Dem\u00f3stenes \u00e9 Ministro do Tribunal Superior do Trabalho e Euclides \u00e9 Procurador Geral da Rep\u00fablica. De acordo com a Constitui\u00e7\u00e3o Federal de 1988, com rela\u00e7\u00e3o \u00e0 pr\u00e1tica de infra\u00e7\u00e3o penal comum, o Supremo Tribunal Federal ser\u00e1 competente para processar e julgar, originariamente,<\/strong><\/p>\n<p>a) Dem\u00f3stenes e Euclides, apenas.<\/p>\n<p>b) S\u00f3crates, Dem\u00f3stenes e Euclides.<\/p>\n<p>c) Dem\u00f3stenes, apenas.<\/p>\n<p>d) Euclides, apenas.<\/p>\n<p>e) S\u00f3crates e Dem\u00f3stenes, apenas.<\/p>\n<p><strong>Coment\u00e1rios:<\/strong><\/p>\n<p>Analisemos qual o Tribunal competente para processar e julgar cada uma dessas autoridades em caso de pr\u00e1tica de infra\u00e7\u00e3o penal comum:<\/p>\n<p><strong>a)<\/strong> S\u00f3crates, desembargador de TRT: a Corte competente para process\u00e1-lo e julg\u00e1-lo \u00e9 o <strong><em>STJ<\/em><\/strong>, de acordo com o art. 105, I, \u201ca\u201d, da CF.<\/p>\n<p><strong>b)<\/strong> Dem\u00f3stenes, Ministro do TST: dever\u00e1 ser processado e julgado pelo <strong><em>STF<\/em><\/strong>, com base no art. 102, I, \u201cc\u201d, da Constitui\u00e7\u00e3o;<\/p>\n<p><strong>c)<\/strong> Euclides, PGR: tamb\u00e9m dever\u00e1 ser processado e julgado pelo <strong><em>STF<\/em><\/strong>, com fundamento no art. 102, I, \u201cb\u201d, da CF\/88.<\/p>\n<p>O gabarito \u00e9 a letra A.<\/p>\n<p><strong>8. No tocante aos Tribunais Regionais do Trabalho, a Constitui\u00e7\u00e3o Federal de 1988 prev\u00ea que s\u00e3o compostos<\/strong><\/p>\n<p>a) de, no m\u00e1ximo, onze ju\u00edzes, recrutados, obrigatoriamente na respectiva regi\u00e3o.<\/p>\n<p>b) de, no m\u00ednimo, nove ju\u00edzes, recrutados, obrigatoriamente na respectiva regi\u00e3o.<\/p>\n<p>c) de, no m\u00ednimo, sete ju\u00edzes, recrutados, quando poss\u00edvel na respectiva regi\u00e3o.<\/p>\n<p>d) por brasileiros com mais de trinta e cinco anos de idade.<\/p>\n<p>e) por ju\u00edzes nomeados pelo Presidente do Tribunal Superior do Trabalho.<\/p>\n<p><strong>Coment\u00e1rios:<\/strong><\/p>\n<p>Os Tribunais Regionais do Trabalho comp\u00f5em-se de, no <strong><em>m\u00ednimo<\/em><\/strong>, <strong><em>sete<\/em><\/strong> ju\u00edzes, <strong><em>recrutados, quando poss\u00edvel, na respectiva regi\u00e3o<\/em><\/strong>, e nomeados pelo Presidente da Rep\u00fablica dentre brasileiros com mais de trinta e menos de sessenta e cinco anos (art. 115, CF). O gabarito \u00e9 a letra C.<\/p>\n<p><strong>9. Considere a seguinte situa\u00e7\u00e3o hipot\u00e9tica: Glaucia tem 62 anos de idade e \u00e9 Desembargadora do Tribunal Regional do Trabalho da 20<sup>a<\/sup> Regi\u00e3o, sendo magistrada de carreira no referido Tribunal. Neste caso, de acordo com a Constitui\u00e7\u00e3o Federal de 1988, Glaucia<\/strong><\/p>\n<p>a) n\u00e3o poder\u00e1 compor o Tribunal Superior do Trabalho porque possui mais que sessenta anos de idade, ultrapassando a idade limite prevista na Carta Magna.<\/p>\n<p>b) poder\u00e1 compor o Tribunal Superior do Trabalho, se for indicada pelo pr\u00f3prio Tribunal Superior e sua indica\u00e7\u00e3o for aprovada por maioria absoluta da C\u00e2mara dos Deputados.<\/p>\n<p>c) poder\u00e1 compor o Tribunal Superior do Trabalho, se for indicada pelo Supremo Tribunal Federal e sua indica\u00e7\u00e3o for aprovada por maioria absoluta do Senado Federal.<\/p>\n<p>d) poder\u00e1 compor o Tribunal Superior do Trabalho, se for indicada pelo pr\u00f3prio Tribunal Superior e sua indica\u00e7\u00e3o for aprovada por maioria absoluta do Senado Federal.<\/p>\n<p>e) poder\u00e1 compor o Tribunal Superior do Trabalho, se for indicada pelo Supremo Tribunal Federal e sua indica\u00e7\u00e3o for aprovada por maioria absoluta da C\u00e2mara dos Deputados.<\/p>\n<p><strong>Coment\u00e1rios:<\/strong><\/p>\n<p>Os membros do TST oriundos dos TRTs s\u00e3o <strong><em>indicados pelo Tribunal Superior<\/em><\/strong> e <strong><em>nomeados pelo Presidente da Rep\u00fablica<\/em><\/strong> ap\u00f3s <strong><em>aprova\u00e7\u00e3o pela maioria absoluta do Senado Federal<\/em><\/strong>. S\u00e3o escolhidos dentre brasileiros com mais de trinta e cinco anos e menos de sessenta e cinco anos, de not\u00e1vel saber jur\u00eddico e reputa\u00e7\u00e3o ilibada (art. 111-A, CF). O gabarito \u00e9 a letra D.<\/p>\n<p><strong>10. O Conselho Nacional de Justi\u00e7a<\/strong><\/p>\n<p>a) n\u00e3o possui em sua composi\u00e7\u00e3o Desembargador de Tribunal de Justi\u00e7a.<\/p>\n<p>b) \u00e9 composto, dentre outros membros, por dois ministros do Tribunal Superior do Trabalho.<\/p>\n<p>c) n\u00e3o possui em sua composi\u00e7\u00e3o juiz de Tribunal Regional Federal.<\/p>\n<p>d) \u00e9 composto, dentre outros membros, por dois advogados.<\/p>\n<p>e) comp\u00f5e-se de treze membros com mandato de dois anos.<\/p>\n<p><strong>Coment\u00e1rios:<\/strong><\/p>\n<p>A quest\u00e3o cobra a composi\u00e7\u00e3o do CNJ. Reza o art. 103-B da Constitui\u00e7\u00e3o que o Conselho Nacional de Justi\u00e7a comp\u00f5e-se de <strong><em>15 (quinze) membros<\/em><\/strong> com mandato de 2 (dois) anos, admitida 1 (uma) recondu\u00e7\u00e3o, sendo:<\/p>\n<p>&#8211; o Presidente do Supremo Tribunal Federal;<\/p>\n<p>&#8211; um Ministro do Superior Tribunal de Justi\u00e7a, indicado pelo respectivo tribunal;<\/p>\n<p><strong><em>&#8211; um Ministro do Tribunal Superior do Trabalho<\/em><\/strong>, indicado pelo respectivo tribunal;<\/p>\n<p>&#8211; um <strong><em>desembargador de Tribunal de Justi\u00e7a<\/em><\/strong>, indicado pelo Supremo Tribunal Federal;<\/p>\n<p>&#8211; um juiz estadual, indicado pelo Supremo Tribunal Federal;<\/p>\n<p><strong><em>&#8211; um juiz de Tribunal Regional Federal<\/em><\/strong>, indicado pelo Superior Tribunal de Justi\u00e7a;<\/p>\n<p>&#8211; um juiz federal, indicado pelo Superior Tribunal de Justi\u00e7a;<\/p>\n<p>&#8211; um juiz de Tribunal Regional do Trabalho, indicado pelo Tribunal Superior do Trabalho;<\/p>\n<p>&#8211; um juiz do trabalho, indicado pelo Tribunal Superior do Trabalho;<\/p>\n<p>&#8211; um membro do Minist\u00e9rio P\u00fablico da Uni\u00e3o, indicado pelo Procurador-Geral da Rep\u00fablica;<\/p>\n<p>&#8211; um membro do Minist\u00e9rio P\u00fablico estadual, escolhido pelo Procurador-Geral da Rep\u00fablica dentre os nomes indicados pelo \u00f3rg\u00e3o competente de cada institui\u00e7\u00e3o estadual;<\/p>\n<p><strong><em>&#8211; dois advogados<\/em><\/strong>, indicados pelo Conselho Federal da Ordem dos Advogados do Brasil;<\/p>\n<p>&#8211; dois cidad\u00e3os, de not\u00e1vel saber jur\u00eddico e reputa\u00e7\u00e3o ilibada, indicados um pela C\u00e2mara dos Deputados e outro pelo Senado Federal.<\/p>\n<p>O gabarito \u00e9 a letra D.<\/p>\n<p><strong>11. De acordo com a Constitui\u00e7\u00e3o Federal, &#8220;a fiscaliza\u00e7\u00e3o cont\u00e1bil, financeira, or\u00e7ament\u00e1ria, operacional e patrimonial da Uni\u00e3o e das entidades da Administra\u00e7\u00e3o direta e indireta, quanto \u00e0 legalidade, legitimidade, economicidade, aplica\u00e7\u00e3o das subven\u00e7\u00f5es e ren\u00fancia de receitas, ser\u00e1 exercida pelo Congresso Nacional, mediante controle externo, e pelo sistema de controle interno de cada Poder&#8221;, sendo que &#8220;o controle externo, o cargo do Congresso Nacional, ser\u00e1 exercido com o aux\u00edlio do Tribunal de Contas da Uni\u00e3o&#8221;. Com rela\u00e7\u00e3o ao tema, considere:<\/strong><\/p>\n<p>I. As decis\u00f5es do Tribunal de Contas da Uni\u00e3o de que resulte imputa\u00e7\u00e3o de d\u00e9bito ou multa ter\u00e3o efic\u00e1cia de t\u00edtulo executivo.<\/p>\n<p>II. O Tribunal de Contas da Uni\u00e3o encaminhar\u00e1 ao Congresso Nacional, trimestral e anualmente, relat\u00f3rio de suas atividades.<\/p>\n<p>III. No caso de contrato, o ato de susta\u00e7\u00e3o ser\u00e1 adotado diretamente pelo Senado Federal, que solicitar\u00e1, de imediato, ao Congresso Nacional as medidas cab\u00edveis.<\/p>\n<p>IV. O Tribunal de Contas da Uni\u00e3o apreciar\u00e1 as contas prestadas pelo Presidente da Rep\u00fablica, mediante parecer pr\u00e9vio que dever\u00e1 ser elaborado em cento e vinte dias a contar de seu recebimento.<\/p>\n<p><strong>Est\u00e1 correto o que se afirma APENAS em<\/strong><\/p>\n<p>a) I e II.<\/p>\n<p>b) II, III e IV.<\/p>\n<p>c) I, III e IV.<\/p>\n<p>d) I, II e III.<\/p>\n<p>e) I, II e IV.<\/p>\n<p><strong>Coment\u00e1rios:<\/strong><\/p>\n<p>Item I: correto. Trata-se da literalidade do art. 71, \u00a7 3<sup>o<\/sup>, da Constitui\u00e7\u00e3o.<\/p>\n<p>Item II: correto. \u00c9 o que disp\u00f5e o \u00a7 4<sup>o<\/sup> do art. 71 da CF\/88.<\/p>\n<p>Item III: errado. No caso de contrato, o ato de susta\u00e7\u00e3o ser\u00e1 adotado diretamente pelo Congresso Nacional, que solicitar\u00e1, de imediato, ao Poder Executivo as medidas cab\u00edveis (art. 71, \u00a7 1<sup>o<\/sup>, CF).<\/p>\n<p>Item IV: errado. O parecer pr\u00e9vio ser\u00e1 elaborado pelo TCU em sessenta dias a contar do seu recebimento (art. 71, I, CF).<\/p>\n<p>O gabarito \u00e9 a letra A.<\/p>\n<p><strong>12. Considere as seguintes hip\u00f3teses:<\/strong><\/p>\n<p>I. Empregado de sociedade controlada indiretamente pelo poder p\u00fablico.<\/p>\n<p>II Empregado de sociedade controlada diretamente pelo poder p\u00fablico.<\/p>\n<p>III. Empregado de sociedade de economia mista.<\/p>\n<p>IV. Servidor p\u00fablico de autarquia municipal.<\/p>\n<p><strong>De acordo com a Constitui\u00e7\u00e3o Federal de 1988, \u00e9 vedada, em regra, a acumula\u00e7\u00e3o remunerada de cargos p\u00fablicos. Esta proibi\u00e7\u00e3o de acumular estende-se as hip\u00f3teses indicadas em<\/strong><\/p>\n<p>a) II e IV, apenas.<\/p>\n<p>b) I, III e IV, apenas.<\/p>\n<p>c) I, e II, apenas.<\/p>\n<p>d) II, III e IV, apenas.<\/p>\n<p>e) I, II, III e IV.<\/p>\n<p><strong>Coment\u00e1rios:<\/strong><\/p>\n<p>A proibi\u00e7\u00e3o de acumular estende-se a empregos e fun\u00e7\u00f5es e abrange autarquias, funda\u00e7\u00f5es, empresas p\u00fablicas, sociedades de economia mista, suas subsidi\u00e1rias, e sociedades controladas, direta ou indiretamente, pelo poder p\u00fablico (art. 37, XVII, CF). O gabarito \u00e9 a letra E.<\/p>\n<p><strong><em><span style=\"color: #0000ff\">Prova Comentada de Direito Constitucional TRT 20<sup>a<\/sup> Regi\u00e3o &#8211; Analista Judici\u00e1rio \u2013 \u00c1rea Judici\u00e1ria (Especialidade Oficial de Justi\u00e7a Avaliador)<\/span><\/em><\/strong><\/p>\n<p><strong>1. Fausto, empregado da empresa X, exerce a fun\u00e7\u00e3o de operador de m\u00e1quinas. Na semana passada, seu chefe hier\u00e1rquico, chamou todos os empegados no p\u00e1tio da f\u00e1brica e ofereceu bananas aos macacos que n\u00e3o estavam atingindo as metas, apontando como exemplo Fausto. Fausto, sentiu-se humilhado e chegando em sua resid\u00eancia, consultou a Constitui\u00e7\u00e3o Federal sobre a pr\u00e1tica de racismo e verificou que a Carta Magna<\/strong><\/p>\n<p>a) prev\u00ea dentre os direitos sociais que a pr\u00e1tica de racismo constitui crime inafian\u00e7\u00e1vel, mas prescrit\u00edvel, sujeito \u00e0 pena de reclus\u00e3o, nos termos da lei.<\/p>\n<p>b) prev\u00ea dentre os direitos e deveres individuais e coletivos que a pr\u00e1tica de racismo constitui crime inafian\u00e7\u00e1vel, mas prescrit\u00edvel, sujeito \u00e0 pena de reclus\u00e3o, nos termos da lei.<\/p>\n<p>c) prev\u00ea dentre os direitos e deveres individuais e coletivos que a pr\u00e1tica de racismo constitui crime inafian\u00e7\u00e1vel e imprescrit\u00edvel, sujeito \u00e0 pena de reclus\u00e3o, nos termos da lei.<\/p>\n<p>d) prev\u00ea dentre os direitos e deveres individuais e coletivos que a pr\u00e1tica de racismo constitui crime inafian\u00e7\u00e1vel e imprescrit\u00edvel, sujeito \u00e0 pena de deten\u00e7\u00e3o, nos termos da lei.<\/p>\n<p>e) n\u00e3o prev\u00ea em nenhum cap\u00edtulo espec\u00edfico, o racismo, mencionando apenas dentre os direitos fundamentais a garantia da dignidade da pessoa humana.<\/p>\n<p><strong>Coment\u00e1rios:<\/strong><\/p>\n<p>Reza o inciso XLII do art. 5<sup>o<\/sup> da Constitui\u00e7\u00e3o, que trata de <strong><em>direitos e deveres individuais e coletivos<\/em><\/strong>, que a pr\u00e1tica do racismo constitui crime <strong><em>inafian\u00e7\u00e1vel e imprescrit\u00edvel<\/em><\/strong>, sujeito \u00e0 pena de <strong><em>reclus\u00e3o<\/em><\/strong>, <strong><em>nos termos da lei<\/em><\/strong>. O gabarito \u00e9 a letra C.<\/p>\n<p><strong>2. Bruna, desconfia que seu filho Murilo, 24 anos de idade, come\u00e7ou a praticar crimes de furtos, bem como crimes cibern\u00e9ticos. Preocupada com a situa\u00e7\u00e3o, inclusive porque Murilo recebe diversas cartas de cobran\u00e7as de d\u00edvidas l\u00edcitas, Bruna resolve investigar a situa\u00e7\u00e3o financeira do filho, mas nenhuma entidade Governamental, bem como nenhuma entidade de car\u00e1ter p\u00fablico lhe fornecem qualquer informa\u00e7\u00e3o. Conversando com sua amiga Soraia, estudante de direito, a mesma sugeriu que Bruna impetrasse um <em>habeas data<\/em>. Neste caso, Soraia fez a sugest\u00e3o<\/strong><\/p>\n<p>a) incorreta porque n\u00e3o cabe <em>habeas data<\/em> para o conhecimento de informa\u00e7\u00e3o relativa a terceiro, mas somente relativa ao impetrante.<\/p>\n<p>b) correta porque segundo a carta magna conceder-se-\u00e1 <em>habeas data<\/em> para assegurar o conhecimento de informa\u00e7\u00f5es relativas \u00e0 pessoa do impetrante, bem como de terceiros a ela relacionados constantes de registros ou bancos de dados de entidades governamentais ou de car\u00e1ter p\u00fablico.<\/p>\n<p>c) incorreta porque o <em>habeas data<\/em> cabe apenas para a retifica\u00e7\u00e3o de dados, quando n\u00e3o se prefira faz\u00ea-lo por processo sigiloso, judicial ou administrativo.<\/p>\n<p>d) correta porque o <em>habeas data<\/em> cabe exatamente para a retifica\u00e7\u00e3o de quaisquer dados referentes a qualquer pessoa, em raz\u00e3o da observ\u00e2ncia do princ\u00edpio da publicidade.<\/p>\n<p>e) correta porque segundo a carta magna conceder-se-\u00e1 <em>habeas data<\/em> exatamente para assegurar o conhecimento de informa\u00e7\u00f5es relativas a terceiros constantes de registros ou bancos de dados de entidades governamentais ou de car\u00e1ter p\u00fablico.<\/p>\n<p><strong>Coment\u00e1rios:<\/strong><\/p>\n<p>O <em>habeas data<\/em> \u00e9 uma a\u00e7\u00e3o personal\u00edssima, somente sendo cab\u00edvel para o conhecimento de informa\u00e7\u00f5es relativas ao impetrante. O gabarito \u00e9 a letra A.<\/p>\n<p><strong>3. Processar e julgar originariamente nas infra\u00e7\u00f5es penais comuns o Ministro do Trabalho e Emprego, o Governador do Estado X e o Ministro Y do Tribunal de Contas da Uni\u00e3o compete ao<\/strong><\/p>\n<p>a) Superior Tribunal de Justi\u00e7a, Supremo Tribunal Federal e Supremo Tribunal Federal, respectivamente.<\/p>\n<p>b) Supremo Tribunal Federal.<\/p>\n<p>c) Superior Tribunal de Justi\u00e7a.<\/p>\n<p>d) Supremo Tribunal Federal, Superior Tribunal de Justi\u00e7a e Supremo Tribunal Federal, respectivamente.<\/p>\n<p>e) Supremo Tribunal Federal, Superior Tribunal de Justi\u00e7a e Superior Tribunal de Justi\u00e7a, respectivamente.<\/p>\n<p><strong>Coment\u00e1rios:<\/strong><\/p>\n<p>Analisemos qual o Tribunal competente para processar e julgar cada uma dessas autoridades em caso de pr\u00e1tica de infra\u00e7\u00e3o penal comum:<\/p>\n<p><strong>a)<\/strong> Ministro do Trabalho e Emprego: dever\u00e1 ser processado e julgado pelo <strong><em>STF<\/em><\/strong>, com base no art. 102, I, \u201cc\u201d, da Constitui\u00e7\u00e3o;<\/p>\n<p><strong>b)<\/strong> Ministro do TCU: tamb\u00e9m dever\u00e1 ser processado e julgado pelo <strong><em>STF<\/em><\/strong>, com fundamento no art. 102, I, \u201cc\u201d, da CF\/88.<\/p>\n<p><strong>c)<\/strong> Governador de Estado: dever\u00e1 ser processado e julgado pelo <strong><em>STJ<\/em><\/strong>, com base no art. 105, I, \u201ca\u201d, da Constitui\u00e7\u00e3o Federal.<\/p>\n<p>O gabarito \u00e9 a letra D.<\/p>\n<p><strong>4. Vitoria, 34 anos de idade; Margarida 62 anos de idade; Glaucia, 66 anos de idade s\u00e3o ju\u00edzas do trabalho com atua\u00e7\u00e3o em Tribunais Regionais do Trabalho distintos. As tr\u00eas almejam ocupar cargo de Ministra do Tribunal Superior do Trabalho. Com rela\u00e7\u00e3o ao quesito idade,<\/strong><\/p>\n<p>a) apenas Margarida e Glaucia poder\u00e3o ocupar o referido cargo, observando que o Tribunal Superior do Trabalho comp\u00f5e-se de 27 Ministros.<\/p>\n<p>b) apenas Margarida poder\u00e1 ocupar o referido cargo, observando que o Tribunal Superior do Trabalho comp\u00f5e-se de 27 Ministros.<\/p>\n<p>c) apenas Margarida poder\u00e1 ocupar o referido cargo, observando que o Tribunal Superior do Trabalho comp\u00f5e-se de 23 Ministros.<\/p>\n<p>d) todas poder\u00e3o ocupar o referido cargo, observando que o Tribunal Superior do Trabalho comp\u00f5e-se de 23 Ministros.<\/p>\n<p>e) apenas Vitoria e Margarida poder\u00e3o ocupar o referido cargo, observando que o Tribunal Superior do Trabalho comp\u00f5e-se de 27 Ministros.<\/p>\n<p><strong>Coment\u00e1rios:<\/strong><\/p>\n<p>O art. 111-A da Constitui\u00e7\u00e3o trata da composi\u00e7\u00e3o do Tribunal Superior do Trabalho (TST). Reza o dispositivo que o Tribunal Superior do Trabalho compor-se-\u00e1 de <strong><em>vinte e sete Ministros<\/em><\/strong>, escolhidos dentre brasileiros com <strong><em>mais de trinta e cinco anos e menos de sessenta e cinco anos<\/em><\/strong>, de not\u00e1vel saber jur\u00eddico e reputa\u00e7\u00e3o ilibada, nomeados pelo Presidente da Rep\u00fablica ap\u00f3s aprova\u00e7\u00e3o pela maioria absoluta do Senado Federal. O gabarito \u00e9 a letra B.<\/p>\n<p><strong>5. Matias, empregado da fazenda X, foi eleito suplente de cargo de dire\u00e7\u00e3o no sindicato rural Y. Neste caso, de acordo com a Constitui\u00e7\u00e3o Federal,<\/strong><\/p>\n<p>a) \u00e9 vedada a sua dispensa a partir da sua posse at\u00e9 um ano ap\u00f3s o final do mandato, salvo se cometer falta grave nos termos da lei.<\/p>\n<p>b) Matias poder\u00e1 ser dispensado livremente, uma vez que a estabilidade sindical n\u00e3o abrange sindicatos rurais.<\/p>\n<p>c) Matias poder\u00e1 ser dispensado livremente, uma vez que a estabilidade sindical n\u00e3o abrange eleitos como suplentes.<\/p>\n<p>d) \u00e9 vedada a sua dispensa a partir do registro da candidatura at\u00e9 o final do mandato, salvo se cometer falta grave nos termos da lei, podendo ser dispensado imediatamente ap\u00f3s o termino do referido mandato.<\/p>\n<p>e) \u00e9 vedada a sua dispensa a partir do registro da candidatura at\u00e9 um ano ap\u00f3s o final do mandato, salvo se cometer falta grave nos termos da lei.<\/p>\n<p><strong>Coment\u00e1rios:<\/strong><\/p>\n<p>A Constitui\u00e7\u00e3o veda a dispensa do empregado sindicalizado <strong><em>a partir do registro da candidatura<\/em><\/strong> a cargo de dire\u00e7\u00e3o ou representa\u00e7\u00e3o sindical e, se eleito, ainda que suplente, <strong><em>at\u00e9 um ano ap\u00f3s o final do mandato<\/em><\/strong>, <strong><em>salvo se cometer falta grave nos termos da lei<\/em><\/strong> (art. 8<sup>o<\/sup>, VIII, CF). O gabarito \u00e9 a letra E.<\/p>\n<p><em><strong><span style=\"color: #0000ff\">Prova Comentada Direito Constitucionsl TRT 20<sup>a<\/sup> Regi\u00e3o &#8211; T\u00e9cnico Judici\u00e1rio \u2013 \u00c1rea Administrativa<\/span><\/strong><\/em><\/p>\n<p><strong>1. O reconhecimento das conven\u00e7\u00f5es e acordos coletivos de trabalho<\/strong><\/p>\n<p>a) est\u00e1 previsto na Constitui\u00e7\u00e3o Federal de forma impl\u00edcita.<\/p>\n<p>b) n\u00e3o est\u00e1 previsto na Constitui\u00e7\u00e3o Federal, expressa ou implicitamente.<\/p>\n<p>c) est\u00e1 previsto expressamente na Constitui\u00e7\u00e3o Federal no cap\u00edtulo dos direitos e deveres individuais e coletivos.<\/p>\n<p>d) est\u00e1 previsto expressamente na Constitui\u00e7\u00e3o Federal no cap\u00edtulo dos direitos sociais.<\/p>\n<p>e) est\u00e1 previsto expressamente na Constitui\u00e7\u00e3o Federal no cap\u00edtulo pertinente ao Supremo Tribunal Federal.<\/p>\n<p><strong>Coment\u00e1rios:<\/strong><\/p>\n<p>O reconhecimento das conven\u00e7\u00f5es e acordos coletivos de trabalho \u00e9 direito social previsto no art. 7<sup>o<\/sup>, XXVI, da CF. O gabarito \u00e9 a letra D.<\/p>\n<p><strong>2. O Tribunal Superior do Trabalho \u00e9 composto por Ministros sendo<\/strong><\/p>\n<p>a) um quinto dentre advogados com mais de dez anos de efetiva atividade profissional e membros do Minist\u00e9rio P\u00fablico do Trabalho com mais de dez anos de efetivo exerc\u00edcio; e os demais dentre ju\u00edzes dos Tribunais Regionais do Trabalho, oriundos da magistratura da carreira.<\/p>\n<p>b) dois quintos dentre advogados com mais de dez anos de efetiva atividade profissional e membros do Minist\u00e9rio P\u00fablico do Trabalho com mais de dez anos de efetivo exerc\u00edcio; e os demais dentre ju\u00edzes dos Tribunais Regionais do Trabalho, oriundos da magistratura da carreira.<\/p>\n<p>c) um ter\u00e7o dentre advogados com mais de dez anos de efetiva atividade profissional e membros do Minist\u00e9rio P\u00fablico do Trabalho com mais de dez anos de efetivo exerc\u00edcio; e dois ter\u00e7os dentre ju\u00edzes dos Tribunais Regionais do Trabalho, oriundos da magistratura da carreira.<\/p>\n<p>d) um ter\u00e7o dentre advogados com mais de dez anos de efetiva atividade profissional; um ter\u00e7o dentre membros do Minist\u00e9rio P\u00fablico do Trabalho com mais de dez anos de efetivo exerc\u00edcio; e um ter\u00e7o dentre ju\u00edzes dos Tribunais Regionais do Trabalho, oriundos da magistratura da carreira.<\/p>\n<p>e) todos ju\u00edzes dos Tribunais Regionais do Trabalho, oriundos da magistratura da carreira, ante a veda\u00e7\u00e3o constitui\u00e7\u00e3o expressa da participa\u00e7\u00e3o de advogados e membros do Minist\u00e9rio P\u00fablico em sua composi\u00e7\u00e3o.<\/p>\n<p><strong>Coment\u00e1rios:<\/strong><\/p>\n<p>A quest\u00e3o cobra o conhecimento do art. 111-A da Constitui\u00e7\u00e3o, que trata da composi\u00e7\u00e3o do TST. Segundo o dispositivo, o Tribunal Superior do Trabalho compor-se-\u00e1 de vinte e sete Ministros, sendo <strong><em>um quinto dentre advogados com mais de dez anos de efetiva atividade profissional e membros do Minist\u00e9rio P\u00fablico do Trabalho com mais de dez anos de efetivo exerc\u00edcio<\/em><\/strong> e os <strong><em>demais dentre ju\u00edzes dos Tribunais Regionais do Trabalho, oriundos da magistratura da carreira<\/em><\/strong>, indicados pelo pr\u00f3prio Tribunal Superior. O gabarito \u00e9 a letra A.<\/p>\n<p><strong>3. A Advocacia-Geral da Uni\u00e3o tem por chefe o Advogado-Geral da Uni\u00e3o,<\/strong><\/p>\n<p>a) de livre nomea\u00e7\u00e3o pelo Presidente da Rep\u00fablica dentre cidad\u00e3os maiores de trinta e cinco anos, de not\u00e1vel saber jur\u00eddico e reputa\u00e7\u00e3o ilibada.<\/p>\n<p>b) indicado pelo Supremo Tribunal Federal dentre cidad\u00e3os maiores de trinta e cinco anos, de not\u00e1vel saber jur\u00eddico e reputa\u00e7\u00e3o ilibada e nomeado pelo Presidente da Rep\u00fablica.<\/p>\n<p>c) de livre nomea\u00e7\u00e3o pelo Presidente da Rep\u00fablica dentre cidad\u00e3os maiores de trinta anos, de not\u00e1vel saber jur\u00eddico e reputa\u00e7\u00e3o ilibada.<\/p>\n<p>d) indicado pelo Supremo Tribunal Federal dentre cidad\u00e3os maiores de trinta anos, de not\u00e1vel saber jur\u00eddico e reputa\u00e7\u00e3o ilibada e nomeado pelo Presidente da Rep\u00fablica.<\/p>\n<p>e) nomeado pelo Presidente da Rep\u00fablica, dentre cidad\u00e3os maiores de trinta e cinco anos, de not\u00e1vel saber jur\u00eddico e reputa\u00e7\u00e3o ilibada, ap\u00f3s aprova\u00e7\u00e3o pelo Senado Federal de indica\u00e7\u00e3o do Supremo Tribunal Federal.<\/p>\n<p><strong>Coment\u00e1rios:<\/strong><\/p>\n<p>A Advocacia-Geral da Uni\u00e3o tem por chefe o Advogado-Geral da Uni\u00e3o, <strong><em>de livre nomea\u00e7\u00e3o pelo Presidente da Rep\u00fablica<\/em><\/strong> dentre <strong><em>cidad\u00e3os maiores de trinta e cinco anos<\/em><\/strong>, de <strong><em>not\u00e1vel saber jur\u00eddico e reputa\u00e7\u00e3o ilibada<\/em><\/strong> (art. 131, \u00a7 1<sup>o<\/sup>, CF). O gabarito \u00e9 a letra A.<\/p>\n<p><strong>4. Considere a seguinte situa\u00e7\u00e3o hipot\u00e9tica: Raquel, Regina e Henriqueta s\u00e3o irm\u00e3s. Regina est\u00e1 sendo acusada pela pr\u00e1tica no ano de 2015 de crime de furto qualificado, encontrando-se foragida. A pol\u00edcia local, suspeitando que as irm\u00e3s est\u00e3o escondendo Regina, decide fazer uma busca minuciosa da acusada. Neste caso, observando-se que Raquel reside em um barco e que Henriqueta reside em um hotel, a busca de Regina<\/strong><\/p>\n<p>a) poder\u00e1 ser feita tanto no barco, como no hotel, durante o dia ou \u00e0 noite, desde que haja determina\u00e7\u00e3o judicial.<\/p>\n<p>b) poder\u00e1 ser feita tanto no barco, como no hotel, em qualquer dia e em qualquer hor\u00e1rio, uma vez que n\u00e3o s\u00e3o considerados domic\u00edlio e, sendo assim, n\u00e3o s\u00e3o inviol\u00e1veis, fazendo-se necess\u00e1ria a determina\u00e7\u00e3o judicial.<\/p>\n<p>c) n\u00e3o poder\u00e1 ser feita no hotel, uma vez que se trata de propriedade privada de terceiros, mas poder\u00e1 ser feita no barco, desde que durante o dia e por determina\u00e7\u00e3o judicial.<\/p>\n<p>d) poder\u00e1 ser feita tanto no barco, como no hotel, durante o dia ou \u00e0 noite, independentemente de determina\u00e7\u00e3o judicial.<\/p>\n<p>e) poder\u00e1 ser feita tanto no barco, como no hotel, desde que durante o dia e por determina\u00e7\u00e3o judicial.<\/p>\n<p><strong>Coment\u00e1rios:<\/strong><\/p>\n<p>Para o STF, o conceito de \u201ccasa\u201d \u00e9 abrangente, estendendo-se a qualquer compartimento habitado. <strong><em>Tanto o quarto de hotel quanto o barco s\u00e3o, portanto, considerados \u201ccasa\u201d das pessoas que ali residem<\/em><\/strong>. Todavia, a Carta Magna permite, excepcionalmente, a entrada na casa de uma pessoa, mesmo sem o seu consentimento, nas seguintes situa\u00e7\u00f5es (art. 5<sup>o<\/sup>, XI, CF): i) sob ordem judicial, apenas durante o dia; ii) a qualquer hora, sem consentimento do indiv\u00edduo, em caso de flagrante delito ou desastre, ou, ainda, para prestar socorro. O gabarito \u00e9 a letra E.<\/p>\n<p><strong>5. Monica e Camila est\u00e3o estudando para realizar a prova do concurso p\u00fablico para provimento do cargo de t\u00e9cnico judici\u00e1rio \u00e1rea administrativa do Tribunal Regional do Trabalho da 20a Regi\u00e3o. Ao estudarem a Constitui\u00e7\u00e3o Federal, verificam que a compet\u00eancia para legislar sobre \u00e1guas, energia, inform\u00e1tica, telecomunica\u00e7\u00f5es e radiodifus\u00e3o \u00e9<\/strong><\/p>\n<p>a) comum da Uni\u00e3o, dos Estados, do Distrito Federal e dos Munic\u00edpios.<\/p>\n<p>b) privativa da Uni\u00e3o.<\/p>\n<p>c) comum da Uni\u00e3o, dos Estados e do Distrito Federal, apenas.<\/p>\n<p>d) concorrente entre a Uni\u00e3o, os Estados e o Distrito Federal, apenas.<\/p>\n<p>e) concorrente entre a Uni\u00e3o, os Estados, o Distrito Federal e os Munic\u00edpios.<\/p>\n<p><strong>Coment\u00e1rios:<\/strong><\/p>\n<p>Trata-se de compet\u00eancia privativa da Uni\u00e3o, prevista no art. 22, IV, da CF\/88. O gabarito \u00e9 a letra B.<\/p>\n<p><strong>6. Considere<\/strong><\/p>\n<p>I. Ministro de Estado.<\/p>\n<p>II. Secret\u00e1rio Estadual.<\/p>\n<p>III. Vereador.<\/p>\n<p>IV. Prefeito.<\/p>\n<p><strong>De acordo com a Constitui\u00e7\u00e3o Federal, ser\u00e3o remunerados, exclusivamente, por subs\u00eddio fixado em parcela \u00fanica, vedado o acr\u00e9scimo de qualquer gratifica\u00e7\u00e3o, adicional, abono, pr\u00eamio, verba de representa\u00e7\u00e3o ou outra esp\u00e9cie remunerat\u00f3ria, obedecidas as normas constitucionais pertinentes, os cargos indicados em<\/strong><\/p>\n<p>a) II, III e IV, apenas.<\/p>\n<p>b) I, II e III, apenas.<\/p>\n<p>c) I, II, III e IV.<\/p>\n<p>d) I, III e IV, apenas.<\/p>\n<p>e) I e II, apenas.<\/p>\n<p><strong>Coment\u00e1rios:<\/strong><\/p>\n<p>A Carta Magna estabelece que o membro de Poder, o detentor de mandato eletivo, os Ministros de Estado e os Secret\u00e1rios Estaduais e Municipais ser\u00e3o remunerados exclusivamente por subs\u00eddio fixado em parcela \u00fanica, vedado o acr\u00e9scimo de qualquer gratifica\u00e7\u00e3o, adicional, abono, pr\u00eamio, verba de representa\u00e7\u00e3o ou outra esp\u00e9cie remunerat\u00f3ria (art. 39, \u00a7 4<sup>o<\/sup>, CF). O gabarito \u00e9 a letra C.<\/p>\n<p><strong>7. Prev\u00ea a Constitui\u00e7\u00e3o Federal que, nas aus\u00eancias e impedimentos do Presidente do Conselho Nacional de Justi\u00e7a, o referido Conselho ser\u00e1 presidido pelo<\/strong><\/p>\n<p>a) Presidente do Superior Tribunal de Justi\u00e7a.<\/p>\n<p>b) Vice-Presidente da Rep\u00fablica.<\/p>\n<p>c) Presidente do Congresso Nacional.<\/p>\n<p>d) Vice-Presidente do Supremo Tribunal Federal.<\/p>\n<p>e) Presidente do Tribunal Superior do Trabalho.<\/p>\n<p><strong>Coment\u00e1rios:<\/strong><\/p>\n<p>Reza a Carta Magna que o Conselho ser\u00e1 presidido pelo Presidente do Supremo Tribunal Federal e, nas suas aus\u00eancias e impedimentos, pelo <strong><em>Vice-Presidente do Supremo Tribunal Federal<\/em><\/strong> (art. 103-B, \u00a7 1<sup>o<\/sup>, CF). O gabarito \u00e9 a letra D.<\/p>\n<p><strong>8. A Constitui\u00e7\u00e3o Federal veda ao membro do Minist\u00e9rio P\u00fablico exercer<\/strong><\/p>\n<p>a) qualquer outra fun\u00e7\u00e3o p\u00fablica, ainda quando estiver em disponibilidade, com exce\u00e7\u00e3o de exercer uma fun\u00e7\u00e3o de magist\u00e9rio.<\/p>\n<p>b) qualquer outra fun\u00e7\u00e3o p\u00fablica, ainda quando estiver em disponibilidade, sem qualquer exce\u00e7\u00e3o.<\/p>\n<p>c) qualquer outra fun\u00e7\u00e3o p\u00fablica, com exce\u00e7\u00e3o de exercer a fun\u00e7\u00e3o de defensor p\u00fablico quando estiver em disponibilidade.<\/p>\n<p>d) algumas fun\u00e7\u00f5es p\u00fablicas predeterminadas taxativamente no texto constitucional.<\/p>\n<p>e) qualquer outra fun\u00e7\u00e3o p\u00fablica, exceto quando estiver em disponibilidade, sem qualquer exce\u00e7\u00e3o.<\/p>\n<p><strong>Coment\u00e1rios:<\/strong><\/p>\n<p>A Carta Magna veda aos membros do Minist\u00e9rio P\u00fablico (art. 128, II, CF):<\/p>\n<p><strong>a)<\/strong> receber, a qualquer t\u00edtulo e sob qualquer pretexto, honor\u00e1rios, percentagens ou custas processuais;<\/p>\n<p><strong>b)<\/strong> exercer a advocacia;<\/p>\n<p><strong>c)<\/strong> participar de sociedade comercial, na forma da lei;<\/p>\n<p><strong>d)<em> exercer, ainda que em disponibilidade, qualquer outra fun\u00e7\u00e3o p\u00fablica, salvo uma de magist\u00e9rio<\/em><\/strong>;<\/p>\n<p><strong>e)<\/strong> exercer atividade pol\u00edtico-partid\u00e1ria;<\/p>\n<p><strong>f)<\/strong> receber, a qualquer t\u00edtulo ou pretexto, aux\u00edlios ou contribui\u00e7\u00f5es de pessoas f\u00edsicas, entidades p\u00fablicas ou privadas, ressalvadas as exce\u00e7\u00f5es previstas em lei.<\/p>\n<p>O gabarito \u00e9 a letra A.<\/p>\n<p>&#8230;&#8230;&#8230;&#8230;&#8230;&#8230;&#8230;&#8230;&#8230;&#8230;&#8230;&#8230;&#8230;&#8230;..<\/p>\n<p>Acertou muitas quest\u00f5es? Deixe seu coment\u00e1rio abaixo&#8230; ;)<\/p>\n<p>Abra\u00e7os,<\/p>\n<p>N\u00e1dia Carolina<\/p>\n<p><img loading=\"lazy\" decoding=\"async\" class=\" wp-image-43818 alignleft\" src=\"https:\/\/dhg1h5j42swfq.cloudfront.net\/2016\/07\/19155605\/Captura-de-Tela-2016-07-19-a%CC%80s-15.53.49.png\" alt=\"Captura de Tela 2016-07-19 a\u0300s 15.53.49\" width=\"21\" height=\"21\" \/><\/p>\n<p><strong>: \u00a0 @nadiacarolstos<\/strong><\/p>\n<p><strong><a href=\"https:\/\/dhg1h5j42swfq.cloudfront.net\/2016\/02\/03152041\/imagem-facebook.png\" rel=\"attachment wp-att-32735\"><img loading=\"lazy\" decoding=\"async\" class=\"alignleft wp-image-32735 \" src=\"https:\/\/dhg1h5j42swfq.cloudfront.net\/2016\/02\/03152041\/imagem-facebook.png\" alt=\"Resumo de Direito Constitucional p\/ TCM-RJ\" width=\"42\" height=\"42\" \/><\/a><\/strong><\/p>\n<p><strong>: Clique no\u00a0<\/strong> <a href=\"https:\/\/www.facebook.com\/nadia.c.santos.16\" target=\"_blank\">LINK<\/a><\/p>\n<p><strong><a href=\"https:\/\/dhg1h5j42swfq.cloudfront.net\/2016\/02\/03152106\/youtube.png\" rel=\"attachment wp-att-32736\"><img loading=\"lazy\" decoding=\"async\" class=\"alignnone wp-image-32736 \" src=\"https:\/\/dhg1h5j42swfq.cloudfront.net\/2016\/02\/03152106\/youtube.png\" alt=\"Resumo de Direito Constitucional p\/ TCM-RJ\" width=\"15\" height=\"11\" \/><\/a>\u00a0(Ricardo Vale):<\/strong>\u00a0 Clique no\u00a0<a href=\"https:\/\/www.youtube.com\/channel\/UC32LlMyS96biplI715yzS9Q\" target=\"_blank\">LINK<\/a><\/p>\n<p>&nbsp;<\/p>\n","protected":false},"excerpt":{"rendered":"<p>Ol\u00e1, pessoal, tudo bem? Hoje comentarei as de Direito Constitucional do Concurso TRT 20a Regi\u00e3o, cargos de T\u00e9cnico Judici\u00e1rio &#8211; \u00c1rea Administrativa, Analista Judici\u00e1rio &#8211; \u00c1rea Administrativa e Analista Judici\u00e1rio &#8211; \u00c1rea Judici\u00e1ria (Especialidade Oficial de Justi\u00e7a Avaliador), aplicadas no \u00faltimo fim-de-semana. O gabarito preliminar foi divulgado ontem, no site da Funda\u00e7\u00e3o Carlos Chagas &#8211; [&hellip;]<\/p>\n","protected":false},"author":58,"featured_media":0,"comment_status":"open","ping_status":"open","sticky":false,"template":"","format":"standard","meta":{"post_tipo":"article","footnotes":""},"categories":[1],"tags":[],"tax_estado":[],"class_list":["post-57146","post","type-post","status-publish","format-standard","hentry","category-cursos-e-concursos"],"acf":[],"yoast_head":"<!-- This site is optimized with the Yoast SEO Premium plugin v27.2 (Yoast SEO v27.2) - https:\/\/yoast.com\/product\/yoast-seo-premium-wordpress\/ -->\n<title>Provas Comentadas de Direito Constitucional TRT 20a Regi\u00e3o - AJAA, AJAJ e TJAA<\/title>\n<meta name=\"robots\" content=\"index, follow, max-snippet:-1, max-image-preview:large, max-video-preview:-1\" \/>\n<link rel=\"canonical\" href=\"https:\/\/www.estrategiaconcursos.com.br\/blog\/provas-comentadas-de-direito-constitucional-trt-20a-regiao-ajaa-ajaj-e-tjaa\/\" \/>\n<meta property=\"og:locale\" content=\"pt_BR\" \/>\n<meta property=\"og:type\" content=\"article\" \/>\n<meta property=\"og:title\" content=\"Provas Comentadas de Direito Constitucional TRT 20a Regi\u00e3o - AJAA, AJAJ e TJAA\" \/>\n<meta property=\"og:description\" content=\"Ol\u00e1, pessoal, tudo bem? Hoje comentarei as de Direito Constitucional do Concurso TRT 20a Regi\u00e3o, cargos de T\u00e9cnico Judici\u00e1rio &#8211; \u00c1rea Administrativa, Analista Judici\u00e1rio &#8211; \u00c1rea Administrativa e Analista Judici\u00e1rio &#8211; \u00c1rea Judici\u00e1ria (Especialidade Oficial de Justi\u00e7a Avaliador), aplicadas no \u00faltimo fim-de-semana. O gabarito preliminar foi divulgado ontem, no site da Funda\u00e7\u00e3o Carlos Chagas &#8211; [&hellip;]\" \/>\n<meta property=\"og:url\" content=\"https:\/\/www.estrategiaconcursos.com.br\/blog\/provas-comentadas-de-direito-constitucional-trt-20a-regiao-ajaa-ajaj-e-tjaa\/\" \/>\n<meta property=\"og:site_name\" content=\"Estrat\u00e9gia Concursos\" \/>\n<meta property=\"article:author\" content=\"https:\/\/www.facebook.com\/nadia.c.santos.16\" \/>\n<meta property=\"article:published_time\" content=\"2016-12-06T20:34:44+00:00\" \/>\n<meta property=\"article:modified_time\" content=\"2016-12-06T20:36:39+00:00\" \/>\n<meta property=\"og:image\" content=\"https:\/\/www.estrategiaconcursos.com.br\/blog\/wp-content\/uploads\/2016\/02\/imagem-facebook.png\" \/>\n<meta name=\"author\" content=\"N\u00e1dia Carolina\" \/>\n<meta name=\"twitter:card\" content=\"summary_large_image\" \/>\n<meta name=\"twitter:creator\" content=\"@EstratConcursos\" \/>\n<meta name=\"twitter:site\" content=\"@EstratConcursos\" \/>\n<meta name=\"twitter:label1\" content=\"Escrito por\" \/>\n\t<meta name=\"twitter:data1\" content=\"N\u00e1dia Carolina\" \/>\n\t<meta name=\"twitter:label2\" content=\"Est. tempo de leitura\" \/>\n\t<meta name=\"twitter:data2\" content=\"27 minutos\" \/>\n<script type=\"application\/ld+json\" class=\"yoast-schema-graph\">{\"@context\":\"https:\/\/schema.org\",\"@graph\":[{\"@type\":\"NewsArticle\",\"@id\":\"https:\/\/www.estrategiaconcursos.com.br\/blog\/provas-comentadas-de-direito-constitucional-trt-20a-regiao-ajaa-ajaj-e-tjaa\/#article\",\"isPartOf\":{\"@id\":\"https:\/\/www.estrategiaconcursos.com.br\/blog\/provas-comentadas-de-direito-constitucional-trt-20a-regiao-ajaa-ajaj-e-tjaa\/\"},\"author\":{\"name\":\"N\u00e1dia Carolina\",\"@id\":\"https:\/\/www.estrategiaconcursos.com.br\/blog\/#\/schema\/person\/bf1b1d1865628ae32d608d5bad5442c6\"},\"headline\":\"Provas Comentadas de Direito Constitucional TRT 20a Regi\u00e3o &#8211; AJAA, AJAJ e TJAA\",\"datePublished\":\"2016-12-06T20:34:44+00:00\",\"dateModified\":\"2016-12-06T20:36:39+00:00\",\"mainEntityOfPage\":{\"@id\":\"https:\/\/www.estrategiaconcursos.com.br\/blog\/provas-comentadas-de-direito-constitucional-trt-20a-regiao-ajaa-ajaj-e-tjaa\/\"},\"wordCount\":5426,\"commentCount\":1,\"publisher\":{\"@id\":\"https:\/\/www.estrategiaconcursos.com.br\/blog\/#organization\"},\"image\":{\"@id\":\"https:\/\/www.estrategiaconcursos.com.br\/blog\/provas-comentadas-de-direito-constitucional-trt-20a-regiao-ajaa-ajaj-e-tjaa\/#primaryimage\"},\"thumbnailUrl\":\"https:\/\/www.estrategiaconcursos.com.br\/blog\/wp-content\/uploads\/2016\/02\/imagem-facebook.png\",\"articleSection\":[\"Concursos P\u00fablicos\"],\"inLanguage\":\"pt-BR\",\"potentialAction\":[{\"@type\":\"CommentAction\",\"name\":\"Comment\",\"target\":[\"https:\/\/www.estrategiaconcursos.com.br\/blog\/provas-comentadas-de-direito-constitucional-trt-20a-regiao-ajaa-ajaj-e-tjaa\/#respond\"]}],\"copyrightYear\":\"2016\",\"copyrightHolder\":{\"@id\":\"https:\/\/www.estrategiaconcursos.com.br\/blog\/#organization\"}},{\"@type\":\"WebPage\",\"@id\":\"https:\/\/www.estrategiaconcursos.com.br\/blog\/provas-comentadas-de-direito-constitucional-trt-20a-regiao-ajaa-ajaj-e-tjaa\/\",\"url\":\"https:\/\/www.estrategiaconcursos.com.br\/blog\/provas-comentadas-de-direito-constitucional-trt-20a-regiao-ajaa-ajaj-e-tjaa\/\",\"name\":\"Provas Comentadas de Direito Constitucional TRT 20a Regi\u00e3o - AJAA, AJAJ e TJAA\",\"isPartOf\":{\"@id\":\"https:\/\/www.estrategiaconcursos.com.br\/blog\/#website\"},\"primaryImageOfPage\":{\"@id\":\"https:\/\/www.estrategiaconcursos.com.br\/blog\/provas-comentadas-de-direito-constitucional-trt-20a-regiao-ajaa-ajaj-e-tjaa\/#primaryimage\"},\"image\":{\"@id\":\"https:\/\/www.estrategiaconcursos.com.br\/blog\/provas-comentadas-de-direito-constitucional-trt-20a-regiao-ajaa-ajaj-e-tjaa\/#primaryimage\"},\"thumbnailUrl\":\"https:\/\/www.estrategiaconcursos.com.br\/blog\/wp-content\/uploads\/2016\/02\/imagem-facebook.png\",\"datePublished\":\"2016-12-06T20:34:44+00:00\",\"dateModified\":\"2016-12-06T20:36:39+00:00\",\"breadcrumb\":{\"@id\":\"https:\/\/www.estrategiaconcursos.com.br\/blog\/provas-comentadas-de-direito-constitucional-trt-20a-regiao-ajaa-ajaj-e-tjaa\/#breadcrumb\"},\"inLanguage\":\"pt-BR\",\"potentialAction\":[{\"@type\":\"ReadAction\",\"target\":[\"https:\/\/www.estrategiaconcursos.com.br\/blog\/provas-comentadas-de-direito-constitucional-trt-20a-regiao-ajaa-ajaj-e-tjaa\/\"]}]},{\"@type\":\"ImageObject\",\"inLanguage\":\"pt-BR\",\"@id\":\"https:\/\/www.estrategiaconcursos.com.br\/blog\/provas-comentadas-de-direito-constitucional-trt-20a-regiao-ajaa-ajaj-e-tjaa\/#primaryimage\",\"url\":\"https:\/\/www.estrategiaconcursos.com.br\/blog\/wp-content\/uploads\/2016\/02\/imagem-facebook.png\",\"contentUrl\":\"https:\/\/www.estrategiaconcursos.com.br\/blog\/wp-content\/uploads\/2016\/02\/imagem-facebook.png\"},{\"@type\":\"BreadcrumbList\",\"@id\":\"https:\/\/www.estrategiaconcursos.com.br\/blog\/provas-comentadas-de-direito-constitucional-trt-20a-regiao-ajaa-ajaj-e-tjaa\/#breadcrumb\",\"itemListElement\":[{\"@type\":\"ListItem\",\"position\":1,\"name\":\"In\u00edcio\",\"item\":\"https:\/\/www.estrategiaconcursos.com.br\/blog\/\"},{\"@type\":\"ListItem\",\"position\":2,\"name\":\"Provas Comentadas de Direito Constitucional TRT 20a Regi\u00e3o &#8211; AJAA, AJAJ e TJAA\"}]},{\"@type\":\"WebSite\",\"@id\":\"https:\/\/www.estrategiaconcursos.com.br\/blog\/#website\",\"url\":\"https:\/\/www.estrategiaconcursos.com.br\/blog\/\",\"name\":\"Estrat\u00e9gia Concursos\",\"description\":\"O blog da Estrat\u00e9gia Concursos traz not\u00edcias sobre concursos e artigos de professores oferecendo cursos para concursos (pdf + videaulas) no site.\",\"publisher\":{\"@id\":\"https:\/\/www.estrategiaconcursos.com.br\/blog\/#organization\"},\"potentialAction\":[{\"@type\":\"SearchAction\",\"target\":{\"@type\":\"EntryPoint\",\"urlTemplate\":\"https:\/\/www.estrategiaconcursos.com.br\/blog\/?s={search_term_string}\"},\"query-input\":{\"@type\":\"PropertyValueSpecification\",\"valueRequired\":true,\"valueName\":\"search_term_string\"}}],\"inLanguage\":\"pt-BR\"},{\"@type\":\"Organization\",\"@id\":\"https:\/\/www.estrategiaconcursos.com.br\/blog\/#organization\",\"name\":\"Estrat\u00e9gia Concursos\",\"url\":\"https:\/\/www.estrategiaconcursos.com.br\/blog\/\",\"logo\":{\"@type\":\"ImageObject\",\"inLanguage\":\"pt-BR\",\"@id\":\"https:\/\/www.estrategiaconcursos.com.br\/blog\/#\/schema\/logo\/image\/\",\"url\":\"https:\/\/dhg1h5j42swfq.cloudfront.net\/2025\/06\/03203428\/logo_concursos-1.jpg\",\"contentUrl\":\"https:\/\/dhg1h5j42swfq.cloudfront.net\/2025\/06\/03203428\/logo_concursos-1.jpg\",\"width\":230,\"height\":60,\"caption\":\"Estrat\u00e9gia Concursos\"},\"image\":{\"@id\":\"https:\/\/www.estrategiaconcursos.com.br\/blog\/#\/schema\/logo\/image\/\"},\"sameAs\":[\"https:\/\/x.com\/EstratConcursos\"]},{\"@type\":\"Person\",\"@id\":\"https:\/\/www.estrategiaconcursos.com.br\/blog\/#\/schema\/person\/bf1b1d1865628ae32d608d5bad5442c6\",\"name\":\"N\u00e1dia Carolina\",\"image\":{\"@type\":\"ImageObject\",\"inLanguage\":\"pt-BR\",\"@id\":\"https:\/\/secure.gravatar.com\/avatar\/0ec0c484339a071f22ea5ced30956ccdaab0f83125b2dc1857c3b038404136a7?s=96&d=mm&r=g\",\"url\":\"https:\/\/secure.gravatar.com\/avatar\/0ec0c484339a071f22ea5ced30956ccdaab0f83125b2dc1857c3b038404136a7?s=96&d=mm&r=g\",\"contentUrl\":\"https:\/\/secure.gravatar.com\/avatar\/0ec0c484339a071f22ea5ced30956ccdaab0f83125b2dc1857c3b038404136a7?s=96&d=mm&r=g\",\"caption\":\"N\u00e1dia Carolina\"},\"sameAs\":[\"https:\/\/www.facebook.com\/nadia.c.santos.16\"],\"url\":\"https:\/\/www.estrategiaconcursos.com.br\/blog\/author\/nadiaestrategiaconcursos-com-br\/\"}]}<\/script>\n<!-- \/ Yoast SEO Premium plugin. -->","yoast_head_json":{"title":"Provas Comentadas de Direito Constitucional TRT 20a Regi\u00e3o - AJAA, AJAJ e TJAA","robots":{"index":"index","follow":"follow","max-snippet":"max-snippet:-1","max-image-preview":"max-image-preview:large","max-video-preview":"max-video-preview:-1"},"canonical":"https:\/\/www.estrategiaconcursos.com.br\/blog\/provas-comentadas-de-direito-constitucional-trt-20a-regiao-ajaa-ajaj-e-tjaa\/","og_locale":"pt_BR","og_type":"article","og_title":"Provas Comentadas de Direito Constitucional TRT 20a Regi\u00e3o - AJAA, AJAJ e TJAA","og_description":"Ol\u00e1, pessoal, tudo bem? Hoje comentarei as de Direito Constitucional do Concurso TRT 20a Regi\u00e3o, cargos de T\u00e9cnico Judici\u00e1rio &#8211; \u00c1rea Administrativa, Analista Judici\u00e1rio &#8211; \u00c1rea Administrativa e Analista Judici\u00e1rio &#8211; \u00c1rea Judici\u00e1ria (Especialidade Oficial de Justi\u00e7a Avaliador), aplicadas no \u00faltimo fim-de-semana. O gabarito preliminar foi divulgado ontem, no site da Funda\u00e7\u00e3o Carlos Chagas &#8211; [&hellip;]","og_url":"https:\/\/www.estrategiaconcursos.com.br\/blog\/provas-comentadas-de-direito-constitucional-trt-20a-regiao-ajaa-ajaj-e-tjaa\/","og_site_name":"Estrat\u00e9gia Concursos","article_author":"https:\/\/www.facebook.com\/nadia.c.santos.16","article_published_time":"2016-12-06T20:34:44+00:00","article_modified_time":"2016-12-06T20:36:39+00:00","og_image":[{"url":"https:\/\/www.estrategiaconcursos.com.br\/blog\/wp-content\/uploads\/2016\/02\/imagem-facebook.png","type":"","width":"","height":""}],"author":"N\u00e1dia Carolina","twitter_card":"summary_large_image","twitter_creator":"@EstratConcursos","twitter_site":"@EstratConcursos","twitter_misc":{"Escrito por":"N\u00e1dia Carolina","Est. tempo de leitura":"27 minutos"},"schema":{"@context":"https:\/\/schema.org","@graph":[{"@type":"NewsArticle","@id":"https:\/\/www.estrategiaconcursos.com.br\/blog\/provas-comentadas-de-direito-constitucional-trt-20a-regiao-ajaa-ajaj-e-tjaa\/#article","isPartOf":{"@id":"https:\/\/www.estrategiaconcursos.com.br\/blog\/provas-comentadas-de-direito-constitucional-trt-20a-regiao-ajaa-ajaj-e-tjaa\/"},"author":{"name":"N\u00e1dia Carolina","@id":"https:\/\/www.estrategiaconcursos.com.br\/blog\/#\/schema\/person\/bf1b1d1865628ae32d608d5bad5442c6"},"headline":"Provas Comentadas de Direito Constitucional TRT 20a Regi\u00e3o &#8211; AJAA, AJAJ e TJAA","datePublished":"2016-12-06T20:34:44+00:00","dateModified":"2016-12-06T20:36:39+00:00","mainEntityOfPage":{"@id":"https:\/\/www.estrategiaconcursos.com.br\/blog\/provas-comentadas-de-direito-constitucional-trt-20a-regiao-ajaa-ajaj-e-tjaa\/"},"wordCount":5426,"commentCount":1,"publisher":{"@id":"https:\/\/www.estrategiaconcursos.com.br\/blog\/#organization"},"image":{"@id":"https:\/\/www.estrategiaconcursos.com.br\/blog\/provas-comentadas-de-direito-constitucional-trt-20a-regiao-ajaa-ajaj-e-tjaa\/#primaryimage"},"thumbnailUrl":"https:\/\/www.estrategiaconcursos.com.br\/blog\/wp-content\/uploads\/2016\/02\/imagem-facebook.png","articleSection":["Concursos P\u00fablicos"],"inLanguage":"pt-BR","potentialAction":[{"@type":"CommentAction","name":"Comment","target":["https:\/\/www.estrategiaconcursos.com.br\/blog\/provas-comentadas-de-direito-constitucional-trt-20a-regiao-ajaa-ajaj-e-tjaa\/#respond"]}],"copyrightYear":"2016","copyrightHolder":{"@id":"https:\/\/www.estrategiaconcursos.com.br\/blog\/#organization"}},{"@type":"WebPage","@id":"https:\/\/www.estrategiaconcursos.com.br\/blog\/provas-comentadas-de-direito-constitucional-trt-20a-regiao-ajaa-ajaj-e-tjaa\/","url":"https:\/\/www.estrategiaconcursos.com.br\/blog\/provas-comentadas-de-direito-constitucional-trt-20a-regiao-ajaa-ajaj-e-tjaa\/","name":"Provas Comentadas de Direito Constitucional TRT 20a Regi\u00e3o - AJAA, AJAJ e TJAA","isPartOf":{"@id":"https:\/\/www.estrategiaconcursos.com.br\/blog\/#website"},"primaryImageOfPage":{"@id":"https:\/\/www.estrategiaconcursos.com.br\/blog\/provas-comentadas-de-direito-constitucional-trt-20a-regiao-ajaa-ajaj-e-tjaa\/#primaryimage"},"image":{"@id":"https:\/\/www.estrategiaconcursos.com.br\/blog\/provas-comentadas-de-direito-constitucional-trt-20a-regiao-ajaa-ajaj-e-tjaa\/#primaryimage"},"thumbnailUrl":"https:\/\/www.estrategiaconcursos.com.br\/blog\/wp-content\/uploads\/2016\/02\/imagem-facebook.png","datePublished":"2016-12-06T20:34:44+00:00","dateModified":"2016-12-06T20:36:39+00:00","breadcrumb":{"@id":"https:\/\/www.estrategiaconcursos.com.br\/blog\/provas-comentadas-de-direito-constitucional-trt-20a-regiao-ajaa-ajaj-e-tjaa\/#breadcrumb"},"inLanguage":"pt-BR","potentialAction":[{"@type":"ReadAction","target":["https:\/\/www.estrategiaconcursos.com.br\/blog\/provas-comentadas-de-direito-constitucional-trt-20a-regiao-ajaa-ajaj-e-tjaa\/"]}]},{"@type":"ImageObject","inLanguage":"pt-BR","@id":"https:\/\/www.estrategiaconcursos.com.br\/blog\/provas-comentadas-de-direito-constitucional-trt-20a-regiao-ajaa-ajaj-e-tjaa\/#primaryimage","url":"https:\/\/www.estrategiaconcursos.com.br\/blog\/wp-content\/uploads\/2016\/02\/imagem-facebook.png","contentUrl":"https:\/\/www.estrategiaconcursos.com.br\/blog\/wp-content\/uploads\/2016\/02\/imagem-facebook.png"},{"@type":"BreadcrumbList","@id":"https:\/\/www.estrategiaconcursos.com.br\/blog\/provas-comentadas-de-direito-constitucional-trt-20a-regiao-ajaa-ajaj-e-tjaa\/#breadcrumb","itemListElement":[{"@type":"ListItem","position":1,"name":"In\u00edcio","item":"https:\/\/www.estrategiaconcursos.com.br\/blog\/"},{"@type":"ListItem","position":2,"name":"Provas Comentadas de Direito Constitucional TRT 20a Regi\u00e3o &#8211; AJAA, AJAJ e TJAA"}]},{"@type":"WebSite","@id":"https:\/\/www.estrategiaconcursos.com.br\/blog\/#website","url":"https:\/\/www.estrategiaconcursos.com.br\/blog\/","name":"Estrat\u00e9gia Concursos","description":"O blog da Estrat\u00e9gia Concursos traz not\u00edcias sobre concursos e artigos de professores oferecendo cursos para concursos (pdf + videaulas) no site.","publisher":{"@id":"https:\/\/www.estrategiaconcursos.com.br\/blog\/#organization"},"potentialAction":[{"@type":"SearchAction","target":{"@type":"EntryPoint","urlTemplate":"https:\/\/www.estrategiaconcursos.com.br\/blog\/?s={search_term_string}"},"query-input":{"@type":"PropertyValueSpecification","valueRequired":true,"valueName":"search_term_string"}}],"inLanguage":"pt-BR"},{"@type":"Organization","@id":"https:\/\/www.estrategiaconcursos.com.br\/blog\/#organization","name":"Estrat\u00e9gia Concursos","url":"https:\/\/www.estrategiaconcursos.com.br\/blog\/","logo":{"@type":"ImageObject","inLanguage":"pt-BR","@id":"https:\/\/www.estrategiaconcursos.com.br\/blog\/#\/schema\/logo\/image\/","url":"https:\/\/dhg1h5j42swfq.cloudfront.net\/2025\/06\/03203428\/logo_concursos-1.jpg","contentUrl":"https:\/\/dhg1h5j42swfq.cloudfront.net\/2025\/06\/03203428\/logo_concursos-1.jpg","width":230,"height":60,"caption":"Estrat\u00e9gia Concursos"},"image":{"@id":"https:\/\/www.estrategiaconcursos.com.br\/blog\/#\/schema\/logo\/image\/"},"sameAs":["https:\/\/x.com\/EstratConcursos"]},{"@type":"Person","@id":"https:\/\/www.estrategiaconcursos.com.br\/blog\/#\/schema\/person\/bf1b1d1865628ae32d608d5bad5442c6","name":"N\u00e1dia Carolina","image":{"@type":"ImageObject","inLanguage":"pt-BR","@id":"https:\/\/secure.gravatar.com\/avatar\/0ec0c484339a071f22ea5ced30956ccdaab0f83125b2dc1857c3b038404136a7?s=96&d=mm&r=g","url":"https:\/\/secure.gravatar.com\/avatar\/0ec0c484339a071f22ea5ced30956ccdaab0f83125b2dc1857c3b038404136a7?s=96&d=mm&r=g","contentUrl":"https:\/\/secure.gravatar.com\/avatar\/0ec0c484339a071f22ea5ced30956ccdaab0f83125b2dc1857c3b038404136a7?s=96&d=mm&r=g","caption":"N\u00e1dia Carolina"},"sameAs":["https:\/\/www.facebook.com\/nadia.c.santos.16"],"url":"https:\/\/www.estrategiaconcursos.com.br\/blog\/author\/nadiaestrategiaconcursos-com-br\/"}]}},"_links":{"self":[{"href":"https:\/\/www.estrategiaconcursos.com.br\/blog\/wp-json\/wp\/v2\/posts\/57146","targetHints":{"allow":["GET"]}}],"collection":[{"href":"https:\/\/www.estrategiaconcursos.com.br\/blog\/wp-json\/wp\/v2\/posts"}],"about":[{"href":"https:\/\/www.estrategiaconcursos.com.br\/blog\/wp-json\/wp\/v2\/types\/post"}],"author":[{"embeddable":true,"href":"https:\/\/www.estrategiaconcursos.com.br\/blog\/wp-json\/wp\/v2\/users\/58"}],"replies":[{"embeddable":true,"href":"https:\/\/www.estrategiaconcursos.com.br\/blog\/wp-json\/wp\/v2\/comments?post=57146"}],"version-history":[{"count":7,"href":"https:\/\/www.estrategiaconcursos.com.br\/blog\/wp-json\/wp\/v2\/posts\/57146\/revisions"}],"predecessor-version":[{"id":57157,"href":"https:\/\/www.estrategiaconcursos.com.br\/blog\/wp-json\/wp\/v2\/posts\/57146\/revisions\/57157"}],"wp:attachment":[{"href":"https:\/\/www.estrategiaconcursos.com.br\/blog\/wp-json\/wp\/v2\/media?parent=57146"}],"wp:term":[{"taxonomy":"category","embeddable":true,"href":"https:\/\/www.estrategiaconcursos.com.br\/blog\/wp-json\/wp\/v2\/categories?post=57146"},{"taxonomy":"post_tag","embeddable":true,"href":"https:\/\/www.estrategiaconcursos.com.br\/blog\/wp-json\/wp\/v2\/tags?post=57146"},{"taxonomy":"tax_estado","embeddable":true,"href":"https:\/\/www.estrategiaconcursos.com.br\/blog\/wp-json\/wp\/v2\/tax_estado?post=57146"}],"curies":[{"name":"wp","href":"https:\/\/api.w.org\/{rel}","templated":true}]}}