{"id":57116,"date":"2016-12-08T06:13:14","date_gmt":"2016-12-08T09:13:14","guid":{"rendered":"https:\/\/www.estrategiaconcursos.com.br\/blog\/?p=57116"},"modified":"2016-12-08T06:10:53","modified_gmt":"2016-12-08T09:10:53","slug":"gabarito-mpsp-auxiliar-de-promotoria-iii-conhecimentos-especificos-sem-recurso","status":"publish","type":"post","link":"https:\/\/www.estrategiaconcursos.com.br\/blog\/gabarito-mpsp-auxiliar-de-promotoria-iii-conhecimentos-especificos-sem-recurso\/","title":{"rendered":"Gabarito MP\/SP  Auxiliar de Promotoria III &#8211; Legisla\u00e7\u00e3o de Tr\u00e2nsito e Dire\u00e7\u00e3o Defensiva [COM RECURSO]"},"content":{"rendered":"<p style=\"text-align: justify\"><strong>Gabarito MP\/SP\u00a0 Auxiliar de Promotoria III &#8211; Conhecimentos Espec\u00edficos [COM RECURSO]<\/strong><\/p>\n<p style=\"text-align: justify\">Ol\u00e1, amigos!<\/p>\n<p style=\"text-align: justify\">Para quem n\u00e3o me conhece ainda, meu nome \u00e9 <strong>Marcos Gir\u00e3o<\/strong> e sou professor aqui do Estrat\u00e9gia Concursos das disciplinas de <strong>Legisla\u00e7\u00e3o de Tr\u00e2nsito<\/strong>, Leis Penais Especiais e a Legisla\u00e7\u00e3o Espec\u00edfica para concursos P\u00fablicos.<\/p>\n<p style=\"text-align: justify\">Para o certame<strong> MP\/SP 2016<\/strong>, fiquei respons\u00e1vel por ministrar, junto ao brilhante <strong>Prof. Alexandre Herculano<\/strong>, a parte de <strong>CONHECIMENTOS ESPEC\u00cdFICOS,<\/strong> cobrada para o cargo de <strong>Auxiliar de Promotoria III &#8211; Motorista<\/strong>! Vamos aqui, portanto, passar o nosso gabarito da <strong>prova <\/strong>aplicada no \u00faltimo domingo pela Funda\u00e7\u00e3o Zambini.<\/p>\n<p style=\"text-align: justify\"><span style=\"text-decoration: underline\"><strong><u>QUEST\u00d5ES CONHECIMENTOS ESPEC\u00cdFICOS:<\/u><\/strong><\/span><\/p>\n<p style=\"text-align: justify\"><strong><em>31) A dist\u00e2ncia percorrida pelo ve\u00edculo desde o momento de percep\u00e7\u00e3o do perigo por parte do condutor at\u00e9 o momento de parada total do ve\u00edculo \u00e9 denominada<\/em><\/strong><br \/>\n<em> a) tempo de frenagem.<\/em><br \/>\n<em> b) tempo de parada.<\/em><br \/>\n<em> c) tempo de rea\u00e7\u00e3o.<\/em><br \/>\n<em> d) tempo de seguimento do ve\u00edculo.<\/em><\/p>\n<p style=\"text-align: justify\"><span style=\"text-decoration: underline\">Coment\u00e1rio<\/span>:<\/p>\n<p style=\"text-align: justify\">A dist\u00e2ncia percorrida pelo ve\u00edculo desde o momento de percep\u00e7\u00e3o do perigo por parte do condutor at\u00e9 o momento de parada total do ve\u00edculo \u00e9 denominada denomina-se tempo de parada.<\/p>\n<p style=\"text-align: justify\">Gabarito: <strong>Letra &#8220;B&#8221;<\/strong><\/p>\n<p style=\"text-align: justify\"><strong><em>32) No exerc\u00edcio de suas atribui\u00e7\u00f5es do cargo de motorista de importante \u00f3rg\u00e3o p\u00fablico, Mauro toma como conduta entrar em trecho de declive (descida de serra) em modo de <\/em><\/strong><strong><em>marcha reduzida. De acordo com procedimentos de conduta e seguran\u00e7a, o modo com que Mauro desceu a serra \u00e9:<\/em><\/strong><br \/>\n<em> a) imprudente, pois o modo de marcha reduzida por um longo per\u00edodo pode reduzir a efetividade do motor, podendo causar danos e falhas t\u00e9cnicas e em consequ\u00eancia colocar em risco a sua vida e a vida de seu passageiro.<\/em><br \/>\n<em> b) incorreto, pois o modo correto de descer a serra \u00e9 sempre em marcha r\u00e1pida, de modo a utilizar somente o freio como procedimento de seguran\u00e7a para controlar a velocidade do ve\u00edculo.<\/em><br \/>\n<em> c) correto, por\u00e9m seria mais adequado descer com o c\u00e2mbio em ponto neutro, pois economizaria mais combust\u00edvel, al\u00e9m do mais o modo de ponto neutro n\u00e3o afeta a estabilidade e seguran\u00e7a do ve\u00edculo.<\/em><\/p>\n<p style=\"text-align: justify\"><em>d) adequado e correto, pois descer a serra com o c\u00e2mbio em modo reduzido n\u00e3o for\u00e7a o freio, evitando seu aquecimento excessivo.<\/em><\/p>\n<p style=\"text-align: justify\"><span style=\"text-decoration: underline\">Coment\u00e1rio<\/span>:<\/p>\n<p>Voc\u00ea percebe que \u00e0 frente tem um DECLIVE ACENTUADO!! Eis as regrinhas a se observar:<\/p>\n<ul>\n<li>Antes que a descida comece, teste os freios e <strong>mantenha o c\u00e2mbio engatado numa marcha reduzida<\/strong> durante a descida;<\/li>\n<li>Nunca des\u00e7a com o ve\u00edculo desengrenado (ponto-morto ou marcha neutra), porque, em caso de necessidade, voc\u00ea n\u00e3o vai ter a for\u00e7a do motor para ajudar a parar ou a reduzir a velocidade e os freios podem n\u00e3o ser suficientes.<\/li>\n<li>N\u00e3o desligue o motor nas descidas. Com ele desligado, os freios n\u00e3o funcionam adequadamente, e o ve\u00edculo pode atingir velocidades descontroladas. Al\u00e9m disso, a dire\u00e7\u00e3o poder\u00e1 travar, se voc\u00ea desligar o motor.<\/li>\n<\/ul>\n<p style=\"text-align: justify\">Logo, podemos concluir que Mauro desceu a serra de modo adequado e correto, pois descer a serra com o c\u00e2mbio em modo reduzido n\u00e3o for\u00e7a o freio, evitando seu aquecimento excessivo.<\/p>\n<p style=\"text-align: justify\">Gabarito: <strong>Letra &#8220;D&#8221;<\/strong><\/p>\n<p><strong><em>33) Em via urbana de tr\u00e2nsito r\u00e1pido localizada no Estado de S\u00e3o Paulo, onde n\u00e3o existe sinaliza\u00e7\u00e3o regulamentadora, a velocidade m\u00e1xima ser\u00e1 de:<\/em><\/strong><br \/>\n<em> a) 110 km\/h.<\/em><br \/>\n<em> b) 90 km\/h.<\/em><br \/>\n<em> c) 80 km\/h.<\/em><br \/>\n<em> d) 50 km\/h.<\/em><\/p>\n<p style=\"text-align: justify\"><span style=\"text-decoration: underline\">Coment\u00e1rio<\/span>:<\/p>\n<p style=\"text-align: justify\">De acordo com o art. 61, \u00a71\u00ba, inciso I, al\u00edea do CTB, em via urbana de tr\u00e2nsito r\u00e1pido, seja onde ela for localizada, onde n\u00e3o existe sinaliza\u00e7\u00e3o regulamentadora, a velocidade m\u00e1xima ser\u00e1 de 80 km\/h.<\/p>\n<p style=\"text-align: justify\">Gabarito: <strong>Letra &#8220;C&#8221;<\/strong><\/p>\n<p style=\"text-align: justify\"><strong><em>34) Identifique as assertivas abaixo como verdadeiras (V) ou falsas (F) a respeito dos procedimentos de desembarque de passageiros e carga e descarga de mercadorias, bem como assinale a alternativa correta correspondente.<\/em><\/strong><br \/>\n<em><strong> (\u00a0 )<\/strong> O condutor dever\u00e1 manter acesas, a qualquer momento do dia, as luzes de posi\u00e7\u00e3o quando o ve\u00edculo estiver parado para fins de embarque ou desembarque de passageiros e carga ou descarga de mercadorias.<\/em><br \/>\n<em> ( ) Em vias com sinaliza\u00e7\u00e3o de proibido estacionar, \u00e9 permitido o desembarque de passageiros, desde que restrito ao tempo indispens\u00e1vel ao ato, sem interromper ou perturbar o fluxo de ve\u00edculos ou a locomo\u00e7\u00e3o de pedestres.<\/em><br \/>\n<em> (\u00a0 ) O embarque e o desembarque devem ocorrer sempre do lado da cal\u00e7ada, inclusive para o condutor.<\/em><br \/>\n<em> (\u00a0 ) \u00c9 considerado pelo C\u00f3digo de Tr\u00e2nsito Brasileiro (Anexo I) como \u201cparada\u201d o tempo estritamente necess\u00e1rio para efetuar o embarque ou desembarque de passageiros.<\/em><br \/>\n<em> a) F, V, F, V<\/em><br \/>\n<em> b) V, V, F, V<\/em><br \/>\n<em> c) V, V, V, V<\/em><br \/>\n<em> d) F, F, V, F<\/em><\/p>\n<p style=\"text-align: justify\"><span style=\"text-decoration: underline\">Coment\u00e1rio<\/span>:<\/p>\n<p style=\"text-align: justify\">(_<strong>F<\/strong> ) O condutor dever\u00e1 manter acesas, <span style=\"color: #ff0000\"><strong>\u00e0 noite<\/strong><\/span> <del>a qualquer momento do dia<\/del>, as luzes de posi\u00e7\u00e3o quando o ve\u00edculo estiver parado para fins de embarque ou desembarque de passageiros e carga ou descarga de mercadorias (art. 40, VII, CTB).<br \/>\n( <strong>V<\/strong> ) Em vias com sinaliza\u00e7\u00e3o de proibido estacionar, \u00e9 permitido o desembarque de passageiros, desde que restrito ao tempo indispens\u00e1vel ao ato, sem interromper ou perturbar o fluxo de ve\u00edculos ou a locomo\u00e7\u00e3o de pedestres. (Anexo I, CTB)<br \/>\n(_<strong>F<\/strong>_) O embarque e o desembarque devem ocorrer sempre do lado da cal\u00e7ada, <span style=\"color: #ff0000\"><strong>exceto<\/strong><\/span> <del>inclusive<\/del> para o condutor (art. 49, par\u00e1grafo \u00fanico).<br \/>\n( <strong>V<\/strong> ) \u00c9 considerado pelo C\u00f3digo de Tr\u00e2nsito Brasileiro (Anexo I) como \u201cparada\u201d o tempo estritamente necess\u00e1rio para efetuar o embarque ou desembarque de passageiros.<\/p>\n<p style=\"text-align: justify\">Gabarito: <strong>Letra &#8220;A&#8221;<\/strong><\/p>\n<p style=\"text-align: justify\"><strong><em>35) O painel de instrumento do ve\u00edculo \u00e9 a ferramenta principal do condutor para obter avisos e informa\u00e7\u00f5es acerca do estado de funcionamento do autom\u00f3vel, cabendo <\/em><\/strong><em><strong>ao motorista prestar especial aten\u00e7\u00e3o \u00e0quelas de cores quentes. Identifique o alerta abaixo, bem como assinale a alternativa correta acerca de seu significado. Alerta:<\/strong><br \/>\n<\/em><\/p>\n<p style=\"text-align: justify\"><em><a href=\"https:\/\/www.estrategiaconcursos.com.br\/blog\/gabarito-mpsp-auxiliar-de-promotoria-iii-conhecimentos-especificos-sem-recurso\/luz\/\" rel=\"attachment wp-att-57370\"><img loading=\"lazy\" decoding=\"async\" class=\"alignnone size-full wp-image-57370\" src=\"https:\/\/dhg1h5j42swfq.cloudfront.net\/2016\/12\/07163147\/luz.png\" alt=\"luz\" width=\"83\" height=\"83\" \/><\/a><\/em><\/p>\n<p style=\"text-align: justify\"><em>a) Farol alto<\/em><br \/>\n<em> b) Defeito na luz exterior<\/em><br \/>\n<em> c) Defeito na luz interior<\/em><br \/>\n<em> d) Farol de neblina ligado<\/em><\/p>\n<p style=\"text-align: justify\"><span style=\"text-decoration: underline\">Coment\u00e1rio<\/span>:<\/p>\n<p style=\"text-align: justify\">Quest\u00e3o bastante esquisita, pois a banca pediu conhecimentos relacionadas \u00e0 el\u00e9trica de ve\u00edculos, o que n\u00e3o foi cobrado no edital do seu concurso. De qualquer modo is a resposta:<\/p>\n<p style=\"text-align: justify\"><a href=\"https:\/\/www.estrategiaconcursos.com.br\/blog\/gabarito-mpsp-auxiliar-de-promotoria-iii-conhecimentos-especificos-sem-recurso\/luzes\/\" rel=\"attachment wp-att-57414\"><img loading=\"lazy\" decoding=\"async\" class=\"alignnone wp-image-57414\" src=\"https:\/\/dhg1h5j42swfq.cloudfront.net\/2016\/12\/08042024\/luzes.jpg\" alt=\"luzes\" width=\"115\" height=\"120\" \/><\/a><\/p>\n<p style=\"text-align: justify\">Gabarito: <strong>Letra &#8220;B&#8221;<\/strong><\/p>\n<p style=\"text-align: justify\"><span style=\"color: #ff0000\"><strong>[PASS\u00cdVEL DE RECURSOS POR EXTRAPOLAR, NO MEU ENTENDER, O CONTE\u00daDO DO EDITAL]<\/strong><\/span><\/p>\n<p style=\"text-align: justify\"><em><strong>36) De acordo com o C\u00f3digo de Tr\u00e2nsito Brasileiro, o condutor, antes de colocar o ve\u00edculo em circula\u00e7\u00e3o nas vias p\u00fablicas, dever\u00e1 verificar a exist\u00eancia e as boas condi\u00e7\u00f5es de funcionamento dos equipamentos de uso obrigat\u00f3rio, bem como assegurar-se da exist\u00eancia de combust\u00edvel suficiente para chegar ao local de destino. Neste sentido, Jo\u00e3o, no uso de suas atribui\u00e7\u00f5es de motorista, recebeu ordem para a entrega de pap\u00e9is, com car\u00e1ter de urg\u00eancia, em munic\u00edpio distante de sua atual localiza\u00e7\u00e3o, necessitando percorrer com o ve\u00edculo a dist\u00e2ncia total de 380km e, ao verificar o n\u00edvel de seu tanque de combust\u00edvel, o qual possui capacidade m\u00e1xima de 60 litros, notou o indicador de \u00be. Considerando que seu ve\u00edculo realiza o consumo m\u00e9dio de 7km por litro de combust\u00edvel, Jo\u00e3o precisaria realizar parada para abastecer?<\/strong><\/em><br \/>\n<em> a) Sim, pois sua quantidade de combust\u00edvel n\u00e3o \u00e9 suficiente para percorrer o trajeto.<\/em><br \/>\n<em> b) N\u00e3o, pois Jo\u00e3o tem o combust\u00edvel necess\u00e1rio para percorrer a quilometragem da viagem.<\/em><br \/>\n<em> c) N\u00e3o, a autonomia do ve\u00edculo aumenta consideravelmente no tr\u00e1fego em rodovias, sendo prudente o abastecimento somente em caso do ve\u00edculo atingir a reserva do tanque.<\/em><br \/>\n<em> d) Sim, apesar de seu combust\u00edvel atual ser suficiente para percorrer o total do trajeto, Jo\u00e3o deve abastecer de modo a evitar imprevistos, tais como engarrafamentos ou grandes trechos de aclive.<\/em><\/p>\n<p style=\"text-align: justify\"><span style=\"text-decoration: underline\">Coment\u00e1rio<\/span>:<\/p>\n<p style=\"text-align: justify\">Quest\u00e3o estranha, pois, por exigir conhecimentos de matem\u00e1tica muito mais do que de tr\u00e2nsito, nos parece estar deslocada na prova. Bom, mas vamos l\u00e1!<\/p>\n<p style=\"text-align: justify\">Se a capacidade do tanque do ve\u00edculo de Jo\u00e3o \u00e9 de 60 litros e s\u00f3 h\u00e1 3\/4 desse combust\u00edvel, ent\u00e3o h\u00e1 no tanque 45 litros [(60*3)\/4]. Se o ve\u00edculo faz 7km por litro, ent\u00e3o com 45 litros ele s\u00f3 vai conseguir rodar 315 km.<\/p>\n<p style=\"text-align: justify\">Assim, se o percurso a ser feito por Jo\u00e3o tem 380km, ele precisar\u00e1 parar para abastecer sim, pois sua quantidade de combust\u00edvel n\u00e3o \u00e9 suficiente para percorrer o trajeto.<\/p>\n<p style=\"text-align: justify\">Gabarito: <strong>Letra &#8220;A&#8221;<\/strong><\/p>\n<p style=\"text-align: justify\"><strong><em>37) Qual das situa\u00e7\u00f5es abaixo n\u00e3o suspende o direito de dirigir do motorista?<\/em><\/strong><br \/>\n<em> a) Ser reprovado em exame toxicol\u00f3gico para habilita\u00e7\u00e3o e renova\u00e7\u00e3o da Carteira Nacional de Habilita\u00e7\u00e3o, aos condutores das categorias C, D e E.<\/em><br \/>\n<em> b) Dirigir amea\u00e7ando os pedestres que estejam atravessando a via p\u00fablica ou os demais ve\u00edculos.<\/em><br \/>\n<em> c) Confiar ou entregar a dire\u00e7\u00e3o de ve\u00edculo a pessoa que, mesmo habilitada, por seu estado f\u00edsico ou ps\u00edquico, n\u00e3o estiver em condi\u00e7\u00f5es de dirigi-lo com seguran\u00e7a.<\/em><br \/>\n<em> d) Deixar o condutor envolvido em acidente com v\u00edtima de prestar ou providenciar socorro \u00e0 v\u00edtima, podendo faz\u00ea-lo.<\/em><\/p>\n<p style=\"text-align: justify\"><span style=\"text-decoration: underline\">Coment\u00e1rio<\/span>:<\/p>\n<p style=\"text-align: justify\"><em>Item A &#8211; Ser reprovado em exame toxicol\u00f3gico para habilita\u00e7\u00e3o e renova\u00e7\u00e3o da Carteira Nacional de Habilita\u00e7\u00e3o, aos condutores das categorias C, D e E <span style=\"color: #ff0000\"><strong>s<span style=\"color: #0000ff\">uspende o direito de dirigir por 03 meses<\/span><\/strong><\/span>, condicionado o levantamento da suspens\u00e3o ao resultado negativo em novo exame, e vedada a aplica\u00e7\u00e3o de outras penalidades, ainda que acess\u00f3rias (art. 148-A, \u00a75\u00ba, CTB).\u00a0 Item ok!<\/em><br \/>\n<em> Item B &#8211; Dirigir amea\u00e7ando os pedestres que estejam atravessando a via p\u00fablica ou os demais ve\u00edculos \u00e9 infra\u00e7\u00e3o de natureza grav\u00edssima com penalidades de multa e <span style=\"color: #0000ff\"><strong>suspens\u00e3o do direito de dirigir<\/strong><\/span> (art. 170, CTB). Item Ok!<\/em><br \/>\n<em> Item C &#8211; Confiar ou entregar a dire\u00e7\u00e3o de ve\u00edculo a pessoa que, mesmo habilitada, por seu estado f\u00edsico ou ps\u00edquico, n\u00e3o estiver em condi\u00e7\u00f5es de dirigi-lo com seguran\u00e7a \u00e9 infra\u00e7\u00e3o de natureza grav\u00edssima, mas apenas com penalidades de multa (art. 166, CTB). Esse <span style=\"color: #ff0000\"><strong>n\u00e3o prev\u00ea a suspens\u00e3o do direito de dirigir<\/strong><\/span>!.<\/em><br \/>\n<em> Item d) Deixar o condutor envolvido em acidente com v\u00edtima de prestar ou providenciar socorro \u00e0 v\u00edtima, podendo faz\u00ea-lo \u00e9 infra\u00e7\u00e3o de natureza grav\u00edssima com penalidades de multa (5x) e <span style=\"color: #0000ff\"><strong>suspens\u00e3o do direito de dirigir<\/strong><\/span> (art. 176, I, CTB). Item Ok!.<\/em><\/p>\n<p style=\"text-align: justify\">Gabarito: <strong>Letra &#8220;C&#8221;<\/strong><\/p>\n<p style=\"text-align: justify\"><em><strong>38) A chuva reduz a visibilidade na dire\u00e7\u00e3o, deixa a pista molhada e escorregadia, podendo ainda criar po\u00e7as de \u00e1gua se o piso da pista for irregular ou n\u00e3o tiver a adequada <\/strong><strong>inclina\u00e7\u00e3o para favorecer o escoamento da \u00e1gua. Deste modo, durante a presen\u00e7a deste evento, o motorista deve redobrar a aten\u00e7\u00e3o a fim de prevenir acidentes. A respeito da aquaplanagem, identifique as assertivas corretas, bem como assinale a alternativa correspondente.<\/strong><\/em><br \/>\n<em> <strong>I \u2013<\/strong> Mesmo n\u00e3o havendo chuvas, o motorista deve observar com aten\u00e7\u00e3o a presen\u00e7a de po\u00e7as de \u00e1gua sobre a pista.<\/em><br \/>\n<em> <strong>II \u2013<\/strong> O motorista deve utilizar os freios, reduzindo a velocidade, antes de entrar na po\u00e7a de \u00e1gua.<\/em><br \/>\n<em> III \u2013 Ap\u00f3s entrar na po\u00e7a de \u00e1gua, o motorista deve utilizar os freios para aumentar a ader\u00eancia do pneu com a pista.<\/em><br \/>\n<em> IV \u2013 Durante o trajeto do ve\u00edculo sobre a po\u00e7a de \u00e1gua causadora da aquaplanagem, o motorista deve segurar firme o volante e realizar movimentos para retir\u00e1-lo da \u00e1rea de po\u00e7as.<\/em><br \/>\n<em> a) Apenas assertivas I e II est\u00e3o corretas.<\/em><br \/>\n<em> b) Apenas assertivas II e III est\u00e3o corretas.<\/em><br \/>\n<em> c) Apenas assertivas III e IV est\u00e3o corretas.<\/em><br \/>\n<em> d) Todas as assertivas est\u00e3o corretas.<\/em><\/p>\n<p style=\"text-align: justify\"><span style=\"text-decoration: underline\">Coment\u00e1rio<\/span>:<\/p>\n<p style=\"text-align: justify\">Item <strong>I \u2013<\/strong> Exatamente! Segundo o Manual de Dire\u00e7\u00e3o Defensiva do DENATRAN, mesmo n\u00e3o havendo chuvas, o motorista deve observar com aten\u00e7\u00e3o a presen\u00e7a de po\u00e7as de \u00e1gua sobre a pista.\u00a0\u00a0 (Certo)<br \/>\nItem <strong>II \u2013<\/strong> Tamb\u00e9m correto! Nos caso de aquaplanagem, o motorista deve utilizar os freios, reduzindo a velocidade, antes de entrar na po\u00e7a de \u00e1gua.\u00a0\u00a0 (Certo)<br \/>\nItem III \u2013 De forma alguma! Ap\u00f3s entrar na po\u00e7a de \u00e1gua, <strong>n<\/strong><strong>\u00e3o \u00e9 recomend\u00e1vel a utiliza\u00e7\u00e3o dos freios<\/strong>. Deve-se segurar a dire\u00e7\u00e3o com for\u00e7a para manter o controle de seu ve\u00edculo.\u00a0\u00a0 (Errado)<br \/>\nItem IV \u2013Como vimos no coment\u00e1rio do item anterior. durante o trajeto do ve\u00edculo sobre a po\u00e7a de \u00e1gua causadora da aquaplanagem, o motorista deve segurar firme o volante evitar realizar movimentos para retir\u00e1-lo da \u00e1rea de po\u00e7as.\u00a0 (Errado)<\/p>\n<p style=\"text-align: justify\">Gabarito: <strong>Letra &#8220;A&#8221;<\/strong><\/p>\n<p style=\"text-align: justify\"><strong><em>39) Em dias frios, a baixa temperatura causa efeitos em micropart\u00edculas de \u00e1gua evaporadas pr\u00f3ximas ao solo, causando o fen\u00f4meno da neblina (chuvisco, nevoeiro ou <\/em><\/strong><strong><em>bruma), sendo, na forma mais intensa, cerra\u00e7\u00e3o. O fen\u00f4meno \u00e9 mais presente em trechos de serra e vales. Sob a condi\u00e7\u00e3o de neblina, assinale a alternativa correta a respeito dos procedimentos de cautela mais adequados a serem tomados pelo motorista.<\/em><\/strong><br \/>\n<em> a) O motorista deve reduzir a velocidade, aumentar sua dist\u00e2ncia do ve\u00edculo da frente, ativar o pisca-alerta e far\u00f3is modo alto.<\/em><br \/>\n<em> b) O motorista deve seguir em velocidade constante, ativar o pisca-alerta e utilizar o acostamento para seguran\u00e7a, aguardando o t\u00e9rmino da neblina.<\/em><\/p>\n<p style=\"text-align: justify\"><em>c) O motorista deve reduzir a velocidade, sem utilizar farol alto, ativando as luzes de neblina (se dispon\u00edveis no ve\u00edculo). Em caso de muita dificuldade em continuar trafegando, o motorista deve parar local seguro, tal como posto de abastecimento, devendo o acostamento ser utilizado apenas em casos de extrema emerg\u00eancia, com o pisca-alerta ligado.<\/em><br \/>\n<em>d) O motorista deve acender os far\u00f3is em modo de luz baixa em conjunto com o farol de neblina, desligando o farol alto, e ligar o pisca-alerta enquanto trafega, aumentar a dist\u00e2ncia do ve\u00edculo da frente, diminuindo a velocidade, e utilizar o acostamento, se se sentir mais confort\u00e1vel.<\/em><\/p>\n<p style=\"text-align: justify\"><span style=\"text-decoration: underline\">Coment\u00e1rio<\/span>:<\/p>\n<p>Segundo o Manual de Dire\u00e7\u00e3o defensiva do DENATRAN, sob neblina ou cerra\u00e7\u00e3o voc\u00ea deve:<\/p>\n<ul>\n<li>Imediatamente <strong>acender a luz BAIXA do farol<\/strong> (e o farol de neblina se tiver);<\/li>\n<li><strong>AUMENTAR A DIST\u00c2NCIA do ve\u00edculo<\/strong> \u00e0 sua frente e;<\/li>\n<li><strong>REDUZIR A SUA VELOCIDADE<\/strong>, at\u00e9 sentir mais seguran\u00e7a e conforto.<\/li>\n<li><strong>N\u00c3O USE o farol ALTO<\/strong> porque ele reflete a luz nas part\u00edculas de \u00e1gua, e reduz ainda mais a visibilidade.<\/li>\n<\/ul>\n<p>Pelas op\u00e7\u00f5es de resposta oferecidas, a que mais se aproxima das orienta\u00e7\u00f5es acima \u00e9 a letra &#8220;C&#8221;.<\/p>\n<p>Gabarito: <strong>Letra &#8220;C&#8221;<\/strong><\/p>\n<p style=\"text-align: justify\"><strong><em>40) Assinale a alternativa correta a respeito do \u00f3rg\u00e3o respons\u00e1vel por julgar recursos interpostos em face das decis\u00f5es das Juntas Administrativas de Recursos e Infra\u00e7\u00f5es \u2013 JARI.<\/em><\/strong><br \/>\n<em>a) Conselhos Estaduais de Tr\u00e2nsito \u2013 CETRAN.<\/em><br \/>\n<em>b) Conselho Nacional de Tr\u00e2nsito \u2013 CONTRAN.<\/em><br \/>\n<em>c) Pol\u00edcia Rodovi\u00e1ria do local da infra\u00e7\u00e3o.<\/em><br \/>\n<em>d) Junta Estadual de Julgamento Unificado de Recursos \u2013 <\/em><em>JEJUR.<\/em><\/p>\n<p style=\"text-align: justify\"><span style=\"text-decoration: underline\">Coment\u00e1rio<\/span>:<\/p>\n<p style=\"text-align: justify\">Segundo o que disp\u00f5e o art. 14, inciso V, &#8220;a&#8221;, do CTB:<\/p>\n<p style=\"text-align: justify\"><em>Art. 14. <span style=\"color: #0000ff\"><strong>Compete aos Conselhos Estaduais de Tr\u00e2nsito &#8211; CETRAN e ao Conselho de Tr\u00e2nsito do Distrito Federal &#8211; CONTRANDIFE:<\/strong><\/span><\/em><br \/>\n<em>(&#8230;)<\/em><br \/>\n<em>V &#8211; julgar os recursos interpostos contra decis\u00f5es:<\/em><br \/>\n<em>a) das JARI;<\/em><\/p>\n<p style=\"text-align: justify\">Gabarito<strong>: Letra &#8220;A&#8221;\u00a0 <span style=\"color: #ff0000\">[BANCA DEVE MUDAR O GABARITO OU ANULAR A QUEST\u00c3O]<\/span><br \/>\n<\/strong><\/p>\n<p style=\"text-align: justify\"><span style=\"color: #000000\">E se quiserem falar comigo, <strong>tirar d\u00favidas<\/strong> e ter <strong>acesso a dicas e conte\u00fados gratuitos<\/strong>, acesse nossas redes sociais:<\/span><\/p>\n<p style=\"text-align: justify\"><span style=\"color: #0000ff\"><strong>Email: professormarcosgiraoestrategia@gmail.com<\/strong><\/span><\/p>\n<p style=\"text-align: justify\"><strong><a href=\"https:\/\/www.facebook.com\/ProfMarcosGirao\">Fanpage do Prof. Marcos Gir\u00e3o<\/a><\/strong><\/p>\n<p style=\"text-align: justify\"><strong><a href=\"https:\/\/www.youtube.com\/channel\/UCsjAzxopmLjgmxkeR1Lo6wQ\">Canal do Youtube &#8211; Prof. Marcos Gir\u00e3o<\/a><\/strong><\/p>\n<p style=\"text-align: justify\"><strong><a href=\"http:\/\/www.periscope.tv\/profmarcosgirao\">Periscope &#8211; Prof. Marcos Gir\u00e3o<\/a><\/strong><\/p>\n<p style=\"text-align: justify\"><span style=\"color: #3366ff\"><strong>Instagram: @profmarcosgirao<\/strong><\/span><\/p>\n<p style=\"text-align: justify\"><span style=\"color: #000000\">Grande abra\u00e7o e bons estudos!<\/span><\/p>\n","protected":false},"excerpt":{"rendered":"<p>Gabarito MP\/SP\u00a0 Auxiliar de Promotoria III &#8211; Conhecimentos Espec\u00edficos [COM RECURSO] Ol\u00e1, amigos! Para quem n\u00e3o me conhece ainda, meu nome \u00e9 Marcos Gir\u00e3o e sou professor aqui do Estrat\u00e9gia Concursos das disciplinas de Legisla\u00e7\u00e3o de Tr\u00e2nsito, Leis Penais Especiais e a Legisla\u00e7\u00e3o Espec\u00edfica para concursos P\u00fablicos. Para o certame MP\/SP 2016, fiquei respons\u00e1vel por [&hellip;]<\/p>\n","protected":false},"author":248,"featured_media":0,"comment_status":"open","ping_status":"open","sticky":false,"template":"","format":"standard","meta":{"post_tipo":"article","footnotes":""},"categories":[1,1988],"tags":[2335,1082],"tax_estado":[],"class_list":["post-57116","post","type-post","status-publish","format-standard","hentry","category-cursos-e-concursos","category-policia","tag-auxiliar-de-promotoria","tag-mpsp"],"acf":[],"yoast_head":"<!-- This site is optimized with the Yoast SEO Premium plugin v27.2 (Yoast SEO v27.2) - https:\/\/yoast.com\/product\/yoast-seo-premium-wordpress\/ -->\n<title>Gabarito MP\/SP Auxiliar de Promotoria III - Legisla\u00e7\u00e3o de Tr\u00e2nsito e Dire\u00e7\u00e3o Defensiva [COM RECURSO]<\/title>\n<meta name=\"robots\" content=\"index, follow, max-snippet:-1, max-image-preview:large, max-video-preview:-1\" \/>\n<link rel=\"canonical\" href=\"https:\/\/www.estrategiaconcursos.com.br\/blog\/gabarito-mpsp-auxiliar-de-promotoria-iii-conhecimentos-especificos-sem-recurso\/\" \/>\n<meta property=\"og:locale\" content=\"pt_BR\" \/>\n<meta property=\"og:type\" content=\"article\" \/>\n<meta property=\"og:title\" content=\"Gabarito MP\/SP Auxiliar de Promotoria III - Legisla\u00e7\u00e3o de Tr\u00e2nsito e Dire\u00e7\u00e3o Defensiva [COM RECURSO]\" \/>\n<meta property=\"og:description\" content=\"Gabarito MP\/SP\u00a0 Auxiliar de Promotoria III &#8211; Conhecimentos Espec\u00edficos [COM RECURSO] Ol\u00e1, amigos! Para quem n\u00e3o me conhece ainda, meu nome \u00e9 Marcos Gir\u00e3o e sou professor aqui do Estrat\u00e9gia Concursos das disciplinas de Legisla\u00e7\u00e3o de Tr\u00e2nsito, Leis Penais Especiais e a Legisla\u00e7\u00e3o Espec\u00edfica para concursos P\u00fablicos. Para o certame MP\/SP 2016, fiquei respons\u00e1vel por [&hellip;]\" \/>\n<meta property=\"og:url\" content=\"https:\/\/www.estrategiaconcursos.com.br\/blog\/gabarito-mpsp-auxiliar-de-promotoria-iii-conhecimentos-especificos-sem-recurso\/\" \/>\n<meta property=\"og:site_name\" content=\"Estrat\u00e9gia Concursos\" \/>\n<meta property=\"article:published_time\" content=\"2016-12-08T09:13:14+00:00\" \/>\n<meta property=\"og:image\" content=\"https:\/\/www.estrategiaconcursos.com.br\/blog\/wp-content\/uploads\/2016\/12\/luz.png\" \/>\n<meta name=\"author\" content=\"Marcos Gir\u00e3o\" \/>\n<meta name=\"twitter:card\" content=\"summary_large_image\" \/>\n<meta name=\"twitter:creator\" content=\"@EstratConcursos\" \/>\n<meta name=\"twitter:site\" content=\"@EstratConcursos\" \/>\n<meta name=\"twitter:label1\" content=\"Escrito por\" \/>\n\t<meta name=\"twitter:data1\" content=\"Marcos Gir\u00e3o\" \/>\n\t<meta name=\"twitter:label2\" content=\"Est. tempo de leitura\" \/>\n\t<meta name=\"twitter:data2\" content=\"13 minutos\" \/>\n<script type=\"application\/ld+json\" class=\"yoast-schema-graph\">{\"@context\":\"https:\/\/schema.org\",\"@graph\":[{\"@type\":\"NewsArticle\",\"@id\":\"https:\/\/www.estrategiaconcursos.com.br\/blog\/gabarito-mpsp-auxiliar-de-promotoria-iii-conhecimentos-especificos-sem-recurso\/#article\",\"isPartOf\":{\"@id\":\"https:\/\/www.estrategiaconcursos.com.br\/blog\/gabarito-mpsp-auxiliar-de-promotoria-iii-conhecimentos-especificos-sem-recurso\/\"},\"author\":{\"name\":\"Marcos Gir\u00e3o\",\"@id\":\"https:\/\/www.estrategiaconcursos.com.br\/blog\/#\/schema\/person\/6be195b7a02a8ca214472b848686bb37\"},\"headline\":\"Gabarito MP\/SP Auxiliar de Promotoria III &#8211; Legisla\u00e7\u00e3o de Tr\u00e2nsito e Dire\u00e7\u00e3o Defensiva [COM RECURSO]\",\"datePublished\":\"2016-12-08T09:13:14+00:00\",\"mainEntityOfPage\":{\"@id\":\"https:\/\/www.estrategiaconcursos.com.br\/blog\/gabarito-mpsp-auxiliar-de-promotoria-iii-conhecimentos-especificos-sem-recurso\/\"},\"wordCount\":2612,\"commentCount\":0,\"publisher\":{\"@id\":\"https:\/\/www.estrategiaconcursos.com.br\/blog\/#organization\"},\"image\":{\"@id\":\"https:\/\/www.estrategiaconcursos.com.br\/blog\/gabarito-mpsp-auxiliar-de-promotoria-iii-conhecimentos-especificos-sem-recurso\/#primaryimage\"},\"thumbnailUrl\":\"https:\/\/www.estrategiaconcursos.com.br\/blog\/wp-content\/uploads\/2016\/12\/luz.png\",\"keywords\":[\"auxiliar de promotoria\",\"MPSP\"],\"articleSection\":[\"Concursos P\u00fablicos\",\"Policial (Agente, Escriv\u00e3o e Investigador)\"],\"inLanguage\":\"pt-BR\",\"potentialAction\":[{\"@type\":\"CommentAction\",\"name\":\"Comment\",\"target\":[\"https:\/\/www.estrategiaconcursos.com.br\/blog\/gabarito-mpsp-auxiliar-de-promotoria-iii-conhecimentos-especificos-sem-recurso\/#respond\"]}],\"copyrightYear\":\"2016\",\"copyrightHolder\":{\"@id\":\"https:\/\/www.estrategiaconcursos.com.br\/blog\/#organization\"}},{\"@type\":\"WebPage\",\"@id\":\"https:\/\/www.estrategiaconcursos.com.br\/blog\/gabarito-mpsp-auxiliar-de-promotoria-iii-conhecimentos-especificos-sem-recurso\/\",\"url\":\"https:\/\/www.estrategiaconcursos.com.br\/blog\/gabarito-mpsp-auxiliar-de-promotoria-iii-conhecimentos-especificos-sem-recurso\/\",\"name\":\"Gabarito MP\/SP Auxiliar de Promotoria III - Legisla\u00e7\u00e3o de Tr\u00e2nsito e Dire\u00e7\u00e3o Defensiva [COM RECURSO]\",\"isPartOf\":{\"@id\":\"https:\/\/www.estrategiaconcursos.com.br\/blog\/#website\"},\"primaryImageOfPage\":{\"@id\":\"https:\/\/www.estrategiaconcursos.com.br\/blog\/gabarito-mpsp-auxiliar-de-promotoria-iii-conhecimentos-especificos-sem-recurso\/#primaryimage\"},\"image\":{\"@id\":\"https:\/\/www.estrategiaconcursos.com.br\/blog\/gabarito-mpsp-auxiliar-de-promotoria-iii-conhecimentos-especificos-sem-recurso\/#primaryimage\"},\"thumbnailUrl\":\"https:\/\/www.estrategiaconcursos.com.br\/blog\/wp-content\/uploads\/2016\/12\/luz.png\",\"datePublished\":\"2016-12-08T09:13:14+00:00\",\"breadcrumb\":{\"@id\":\"https:\/\/www.estrategiaconcursos.com.br\/blog\/gabarito-mpsp-auxiliar-de-promotoria-iii-conhecimentos-especificos-sem-recurso\/#breadcrumb\"},\"inLanguage\":\"pt-BR\",\"potentialAction\":[{\"@type\":\"ReadAction\",\"target\":[\"https:\/\/www.estrategiaconcursos.com.br\/blog\/gabarito-mpsp-auxiliar-de-promotoria-iii-conhecimentos-especificos-sem-recurso\/\"]}]},{\"@type\":\"ImageObject\",\"inLanguage\":\"pt-BR\",\"@id\":\"https:\/\/www.estrategiaconcursos.com.br\/blog\/gabarito-mpsp-auxiliar-de-promotoria-iii-conhecimentos-especificos-sem-recurso\/#primaryimage\",\"url\":\"https:\/\/dhg1h5j42swfq.cloudfront.net\/2016\/12\/07163147\/luz.png\",\"contentUrl\":\"https:\/\/dhg1h5j42swfq.cloudfront.net\/2016\/12\/07163147\/luz.png\",\"width\":83,\"height\":83},{\"@type\":\"BreadcrumbList\",\"@id\":\"https:\/\/www.estrategiaconcursos.com.br\/blog\/gabarito-mpsp-auxiliar-de-promotoria-iii-conhecimentos-especificos-sem-recurso\/#breadcrumb\",\"itemListElement\":[{\"@type\":\"ListItem\",\"position\":1,\"name\":\"In\u00edcio\",\"item\":\"https:\/\/www.estrategiaconcursos.com.br\/blog\/\"},{\"@type\":\"ListItem\",\"position\":2,\"name\":\"Gabarito MP\/SP Auxiliar de Promotoria III &#8211; Legisla\u00e7\u00e3o de Tr\u00e2nsito e Dire\u00e7\u00e3o Defensiva [COM RECURSO]\"}]},{\"@type\":\"WebSite\",\"@id\":\"https:\/\/www.estrategiaconcursos.com.br\/blog\/#website\",\"url\":\"https:\/\/www.estrategiaconcursos.com.br\/blog\/\",\"name\":\"Estrat\u00e9gia Concursos\",\"description\":\"O blog da Estrat\u00e9gia Concursos traz not\u00edcias sobre concursos e artigos de professores oferecendo cursos para concursos (pdf + videaulas) no site.\",\"publisher\":{\"@id\":\"https:\/\/www.estrategiaconcursos.com.br\/blog\/#organization\"},\"potentialAction\":[{\"@type\":\"SearchAction\",\"target\":{\"@type\":\"EntryPoint\",\"urlTemplate\":\"https:\/\/www.estrategiaconcursos.com.br\/blog\/?s={search_term_string}\"},\"query-input\":{\"@type\":\"PropertyValueSpecification\",\"valueRequired\":true,\"valueName\":\"search_term_string\"}}],\"inLanguage\":\"pt-BR\"},{\"@type\":\"Organization\",\"@id\":\"https:\/\/www.estrategiaconcursos.com.br\/blog\/#organization\",\"name\":\"Estrat\u00e9gia Concursos\",\"url\":\"https:\/\/www.estrategiaconcursos.com.br\/blog\/\",\"logo\":{\"@type\":\"ImageObject\",\"inLanguage\":\"pt-BR\",\"@id\":\"https:\/\/www.estrategiaconcursos.com.br\/blog\/#\/schema\/logo\/image\/\",\"url\":\"https:\/\/dhg1h5j42swfq.cloudfront.net\/2025\/06\/03203428\/logo_concursos-1.jpg\",\"contentUrl\":\"https:\/\/dhg1h5j42swfq.cloudfront.net\/2025\/06\/03203428\/logo_concursos-1.jpg\",\"width\":230,\"height\":60,\"caption\":\"Estrat\u00e9gia Concursos\"},\"image\":{\"@id\":\"https:\/\/www.estrategiaconcursos.com.br\/blog\/#\/schema\/logo\/image\/\"},\"sameAs\":[\"https:\/\/x.com\/EstratConcursos\"]},{\"@type\":\"Person\",\"@id\":\"https:\/\/www.estrategiaconcursos.com.br\/blog\/#\/schema\/person\/6be195b7a02a8ca214472b848686bb37\",\"name\":\"Marcos Gir\u00e3o\",\"image\":{\"@type\":\"ImageObject\",\"inLanguage\":\"pt-BR\",\"@id\":\"https:\/\/secure.gravatar.com\/avatar\/ac5b9a36e2c99a8280e07b5763e3b764471d5b861c47521bfd2edffdfbb06fbd?s=96&d=mm&r=g\",\"url\":\"https:\/\/secure.gravatar.com\/avatar\/ac5b9a36e2c99a8280e07b5763e3b764471d5b861c47521bfd2edffdfbb06fbd?s=96&d=mm&r=g\",\"contentUrl\":\"https:\/\/secure.gravatar.com\/avatar\/ac5b9a36e2c99a8280e07b5763e3b764471d5b861c47521bfd2edffdfbb06fbd?s=96&d=mm&r=g\",\"caption\":\"Marcos Gir\u00e3o\"},\"url\":\"https:\/\/www.estrategiaconcursos.com.br\/blog\/author\/marcosgiraoestrategiaconcursos-com-br\/\"}]}<\/script>\n<!-- \/ Yoast SEO Premium plugin. -->","yoast_head_json":{"title":"Gabarito MP\/SP Auxiliar de Promotoria III - Legisla\u00e7\u00e3o de Tr\u00e2nsito e Dire\u00e7\u00e3o Defensiva [COM RECURSO]","robots":{"index":"index","follow":"follow","max-snippet":"max-snippet:-1","max-image-preview":"max-image-preview:large","max-video-preview":"max-video-preview:-1"},"canonical":"https:\/\/www.estrategiaconcursos.com.br\/blog\/gabarito-mpsp-auxiliar-de-promotoria-iii-conhecimentos-especificos-sem-recurso\/","og_locale":"pt_BR","og_type":"article","og_title":"Gabarito MP\/SP Auxiliar de Promotoria III - Legisla\u00e7\u00e3o de Tr\u00e2nsito e Dire\u00e7\u00e3o Defensiva [COM RECURSO]","og_description":"Gabarito MP\/SP\u00a0 Auxiliar de Promotoria III &#8211; Conhecimentos Espec\u00edficos [COM RECURSO] Ol\u00e1, amigos! Para quem n\u00e3o me conhece ainda, meu nome \u00e9 Marcos Gir\u00e3o e sou professor aqui do Estrat\u00e9gia Concursos das disciplinas de Legisla\u00e7\u00e3o de Tr\u00e2nsito, Leis Penais Especiais e a Legisla\u00e7\u00e3o Espec\u00edfica para concursos P\u00fablicos. Para o certame MP\/SP 2016, fiquei respons\u00e1vel por [&hellip;]","og_url":"https:\/\/www.estrategiaconcursos.com.br\/blog\/gabarito-mpsp-auxiliar-de-promotoria-iii-conhecimentos-especificos-sem-recurso\/","og_site_name":"Estrat\u00e9gia Concursos","article_published_time":"2016-12-08T09:13:14+00:00","og_image":[{"url":"https:\/\/www.estrategiaconcursos.com.br\/blog\/wp-content\/uploads\/2016\/12\/luz.png","type":"","width":"","height":""}],"author":"Marcos Gir\u00e3o","twitter_card":"summary_large_image","twitter_creator":"@EstratConcursos","twitter_site":"@EstratConcursos","twitter_misc":{"Escrito por":"Marcos Gir\u00e3o","Est. tempo de leitura":"13 minutos"},"schema":{"@context":"https:\/\/schema.org","@graph":[{"@type":"NewsArticle","@id":"https:\/\/www.estrategiaconcursos.com.br\/blog\/gabarito-mpsp-auxiliar-de-promotoria-iii-conhecimentos-especificos-sem-recurso\/#article","isPartOf":{"@id":"https:\/\/www.estrategiaconcursos.com.br\/blog\/gabarito-mpsp-auxiliar-de-promotoria-iii-conhecimentos-especificos-sem-recurso\/"},"author":{"name":"Marcos Gir\u00e3o","@id":"https:\/\/www.estrategiaconcursos.com.br\/blog\/#\/schema\/person\/6be195b7a02a8ca214472b848686bb37"},"headline":"Gabarito MP\/SP Auxiliar de Promotoria III &#8211; Legisla\u00e7\u00e3o de Tr\u00e2nsito e Dire\u00e7\u00e3o Defensiva [COM RECURSO]","datePublished":"2016-12-08T09:13:14+00:00","mainEntityOfPage":{"@id":"https:\/\/www.estrategiaconcursos.com.br\/blog\/gabarito-mpsp-auxiliar-de-promotoria-iii-conhecimentos-especificos-sem-recurso\/"},"wordCount":2612,"commentCount":0,"publisher":{"@id":"https:\/\/www.estrategiaconcursos.com.br\/blog\/#organization"},"image":{"@id":"https:\/\/www.estrategiaconcursos.com.br\/blog\/gabarito-mpsp-auxiliar-de-promotoria-iii-conhecimentos-especificos-sem-recurso\/#primaryimage"},"thumbnailUrl":"https:\/\/www.estrategiaconcursos.com.br\/blog\/wp-content\/uploads\/2016\/12\/luz.png","keywords":["auxiliar de promotoria","MPSP"],"articleSection":["Concursos P\u00fablicos","Policial (Agente, Escriv\u00e3o e Investigador)"],"inLanguage":"pt-BR","potentialAction":[{"@type":"CommentAction","name":"Comment","target":["https:\/\/www.estrategiaconcursos.com.br\/blog\/gabarito-mpsp-auxiliar-de-promotoria-iii-conhecimentos-especificos-sem-recurso\/#respond"]}],"copyrightYear":"2016","copyrightHolder":{"@id":"https:\/\/www.estrategiaconcursos.com.br\/blog\/#organization"}},{"@type":"WebPage","@id":"https:\/\/www.estrategiaconcursos.com.br\/blog\/gabarito-mpsp-auxiliar-de-promotoria-iii-conhecimentos-especificos-sem-recurso\/","url":"https:\/\/www.estrategiaconcursos.com.br\/blog\/gabarito-mpsp-auxiliar-de-promotoria-iii-conhecimentos-especificos-sem-recurso\/","name":"Gabarito MP\/SP Auxiliar de Promotoria III - Legisla\u00e7\u00e3o de Tr\u00e2nsito e Dire\u00e7\u00e3o Defensiva [COM RECURSO]","isPartOf":{"@id":"https:\/\/www.estrategiaconcursos.com.br\/blog\/#website"},"primaryImageOfPage":{"@id":"https:\/\/www.estrategiaconcursos.com.br\/blog\/gabarito-mpsp-auxiliar-de-promotoria-iii-conhecimentos-especificos-sem-recurso\/#primaryimage"},"image":{"@id":"https:\/\/www.estrategiaconcursos.com.br\/blog\/gabarito-mpsp-auxiliar-de-promotoria-iii-conhecimentos-especificos-sem-recurso\/#primaryimage"},"thumbnailUrl":"https:\/\/www.estrategiaconcursos.com.br\/blog\/wp-content\/uploads\/2016\/12\/luz.png","datePublished":"2016-12-08T09:13:14+00:00","breadcrumb":{"@id":"https:\/\/www.estrategiaconcursos.com.br\/blog\/gabarito-mpsp-auxiliar-de-promotoria-iii-conhecimentos-especificos-sem-recurso\/#breadcrumb"},"inLanguage":"pt-BR","potentialAction":[{"@type":"ReadAction","target":["https:\/\/www.estrategiaconcursos.com.br\/blog\/gabarito-mpsp-auxiliar-de-promotoria-iii-conhecimentos-especificos-sem-recurso\/"]}]},{"@type":"ImageObject","inLanguage":"pt-BR","@id":"https:\/\/www.estrategiaconcursos.com.br\/blog\/gabarito-mpsp-auxiliar-de-promotoria-iii-conhecimentos-especificos-sem-recurso\/#primaryimage","url":"https:\/\/dhg1h5j42swfq.cloudfront.net\/2016\/12\/07163147\/luz.png","contentUrl":"https:\/\/dhg1h5j42swfq.cloudfront.net\/2016\/12\/07163147\/luz.png","width":83,"height":83},{"@type":"BreadcrumbList","@id":"https:\/\/www.estrategiaconcursos.com.br\/blog\/gabarito-mpsp-auxiliar-de-promotoria-iii-conhecimentos-especificos-sem-recurso\/#breadcrumb","itemListElement":[{"@type":"ListItem","position":1,"name":"In\u00edcio","item":"https:\/\/www.estrategiaconcursos.com.br\/blog\/"},{"@type":"ListItem","position":2,"name":"Gabarito MP\/SP Auxiliar de Promotoria III &#8211; Legisla\u00e7\u00e3o de Tr\u00e2nsito e Dire\u00e7\u00e3o Defensiva [COM RECURSO]"}]},{"@type":"WebSite","@id":"https:\/\/www.estrategiaconcursos.com.br\/blog\/#website","url":"https:\/\/www.estrategiaconcursos.com.br\/blog\/","name":"Estrat\u00e9gia Concursos","description":"O blog da Estrat\u00e9gia Concursos traz not\u00edcias sobre concursos e artigos de professores oferecendo cursos para concursos (pdf + videaulas) no site.","publisher":{"@id":"https:\/\/www.estrategiaconcursos.com.br\/blog\/#organization"},"potentialAction":[{"@type":"SearchAction","target":{"@type":"EntryPoint","urlTemplate":"https:\/\/www.estrategiaconcursos.com.br\/blog\/?s={search_term_string}"},"query-input":{"@type":"PropertyValueSpecification","valueRequired":true,"valueName":"search_term_string"}}],"inLanguage":"pt-BR"},{"@type":"Organization","@id":"https:\/\/www.estrategiaconcursos.com.br\/blog\/#organization","name":"Estrat\u00e9gia Concursos","url":"https:\/\/www.estrategiaconcursos.com.br\/blog\/","logo":{"@type":"ImageObject","inLanguage":"pt-BR","@id":"https:\/\/www.estrategiaconcursos.com.br\/blog\/#\/schema\/logo\/image\/","url":"https:\/\/dhg1h5j42swfq.cloudfront.net\/2025\/06\/03203428\/logo_concursos-1.jpg","contentUrl":"https:\/\/dhg1h5j42swfq.cloudfront.net\/2025\/06\/03203428\/logo_concursos-1.jpg","width":230,"height":60,"caption":"Estrat\u00e9gia Concursos"},"image":{"@id":"https:\/\/www.estrategiaconcursos.com.br\/blog\/#\/schema\/logo\/image\/"},"sameAs":["https:\/\/x.com\/EstratConcursos"]},{"@type":"Person","@id":"https:\/\/www.estrategiaconcursos.com.br\/blog\/#\/schema\/person\/6be195b7a02a8ca214472b848686bb37","name":"Marcos Gir\u00e3o","image":{"@type":"ImageObject","inLanguage":"pt-BR","@id":"https:\/\/secure.gravatar.com\/avatar\/ac5b9a36e2c99a8280e07b5763e3b764471d5b861c47521bfd2edffdfbb06fbd?s=96&d=mm&r=g","url":"https:\/\/secure.gravatar.com\/avatar\/ac5b9a36e2c99a8280e07b5763e3b764471d5b861c47521bfd2edffdfbb06fbd?s=96&d=mm&r=g","contentUrl":"https:\/\/secure.gravatar.com\/avatar\/ac5b9a36e2c99a8280e07b5763e3b764471d5b861c47521bfd2edffdfbb06fbd?s=96&d=mm&r=g","caption":"Marcos Gir\u00e3o"},"url":"https:\/\/www.estrategiaconcursos.com.br\/blog\/author\/marcosgiraoestrategiaconcursos-com-br\/"}]}},"_links":{"self":[{"href":"https:\/\/www.estrategiaconcursos.com.br\/blog\/wp-json\/wp\/v2\/posts\/57116","targetHints":{"allow":["GET"]}}],"collection":[{"href":"https:\/\/www.estrategiaconcursos.com.br\/blog\/wp-json\/wp\/v2\/posts"}],"about":[{"href":"https:\/\/www.estrategiaconcursos.com.br\/blog\/wp-json\/wp\/v2\/types\/post"}],"author":[{"embeddable":true,"href":"https:\/\/www.estrategiaconcursos.com.br\/blog\/wp-json\/wp\/v2\/users\/248"}],"replies":[{"embeddable":true,"href":"https:\/\/www.estrategiaconcursos.com.br\/blog\/wp-json\/wp\/v2\/comments?post=57116"}],"version-history":[{"count":21,"href":"https:\/\/www.estrategiaconcursos.com.br\/blog\/wp-json\/wp\/v2\/posts\/57116\/revisions"}],"predecessor-version":[{"id":57422,"href":"https:\/\/www.estrategiaconcursos.com.br\/blog\/wp-json\/wp\/v2\/posts\/57116\/revisions\/57422"}],"wp:attachment":[{"href":"https:\/\/www.estrategiaconcursos.com.br\/blog\/wp-json\/wp\/v2\/media?parent=57116"}],"wp:term":[{"taxonomy":"category","embeddable":true,"href":"https:\/\/www.estrategiaconcursos.com.br\/blog\/wp-json\/wp\/v2\/categories?post=57116"},{"taxonomy":"post_tag","embeddable":true,"href":"https:\/\/www.estrategiaconcursos.com.br\/blog\/wp-json\/wp\/v2\/tags?post=57116"},{"taxonomy":"tax_estado","embeddable":true,"href":"https:\/\/www.estrategiaconcursos.com.br\/blog\/wp-json\/wp\/v2\/tax_estado?post=57116"}],"curies":[{"name":"wp","href":"https:\/\/api.w.org\/{rel}","templated":true}]}}