{"id":57093,"date":"2016-12-06T17:01:34","date_gmt":"2016-12-06T20:01:34","guid":{"rendered":"https:\/\/www.estrategiaconcursos.com.br\/blog\/?p=57093"},"modified":"2016-12-08T11:25:08","modified_gmt":"2016-12-08T14:25:08","slug":"prova-comentada-trt-20a-regiao-portugues-tecnico","status":"publish","type":"post","link":"https:\/\/www.estrategiaconcursos.com.br\/blog\/prova-comentada-trt-20a-regiao-portugues-tecnico\/","title":{"rendered":"Prova Comentada TRT 20\u00aa Regi\u00e3o &#8211; Portugu\u00eas (T\u00e9cnico)"},"content":{"rendered":"<p>Ol\u00e1, pessoal! Tudo bem?<\/p>\n<p>Aqui fala\u00a0o Professor Felipe, de L\u00edngua Portuguesa. Trouxe hoje a prova comentada de T\u00e9cnico Judici\u00e1rio do TRT 20\u00aa Regi\u00e3o, realizada nesse \u00faltimo domingo. Para ser mais pr\u00e1tico para voc\u00eas, inseri tamb\u00e9m as quest\u00f5es e os textos.<\/p>\n<p>Vamos l\u00e1!<\/p>\n<p>Prova tipo 005<\/p>\n<p style=\"text-align: justify\"><a href=\"https:\/\/www.estrategiaconcursos.com.br\/blog\/prova-comentada-trt-20a-regiao-portugues-tecnico\/texto-questao-1-a-5\/\" rel=\"attachment wp-att-57094\"><img loading=\"lazy\" decoding=\"async\" class=\"alignnone wp-image-57094\" src=\"https:\/\/dhg1h5j42swfq.cloudfront.net\/2016\/12\/06130804\/texto-quest%C3%A3o-1-a-5.png\" alt=\"texto-questao-1-a-5\" width=\"644\" height=\"457\" \/><\/a><\/p>\n<p style=\"text-align: justify\"><span style=\"color: #333399\"><strong>Coment\u00e1rios:\u00a0<\/strong><\/span><\/p>\n<p style=\"text-align: justify\"><span style=\"color: #333333\">H\u00e1 entre os dois per\u00edodos uma rela\u00e7\u00e3o de explica\u00e7\u00e3o. Segundo o texto, seria poss\u00edvel &#8220;mudar o mundo&#8221; porque os folhetos de cordel (e seu conte\u00fado engajado)\u00a0s\u00e3o f\u00e1ceis de compartilhar com outras pessoas. Em outras palavras, a literatura de cordel traz temas como quest\u00f5es raciais, de g\u00eanero, de diversidade sexual e hist\u00f3ria. O autor do texto defende que\u00a0a facilidade de transmiss\u00e3o e distribui\u00e7\u00e3o &#8220;f\u00edsica&#8221; do cordel tamb\u00e9m pode ajudar a transmitir facilmente um conte\u00fado cr\u00edtico que transforme &#8221; a sociedade em uma realidade onde exista mais equidade e respeito pela diversidade&#8221;. Isso, ent\u00e3o, &#8220;mudaria&#8221; o mundo.\u00a0<\/span><\/p>\n<p style=\"text-align: justify\">Portanto, temos que buscar nas op\u00e7\u00f5es um conector com sentido de explica\u00e7\u00e3o: &#8220;uma vez que&#8221;. Gabarito letra C.<\/p>\n<p style=\"text-align: justify\"><a href=\"https:\/\/www.estrategiaconcursos.com.br\/blog\/prova-comentada-trt-20a-regiao-portugues-tecnico\/questao-2-3\/\" rel=\"attachment wp-att-57105\"><img loading=\"lazy\" decoding=\"async\" class=\"alignnone wp-image-57105 \" src=\"https:\/\/dhg1h5j42swfq.cloudfront.net\/2016\/12\/06134337\/quest%C3%A3o-2.png\" width=\"671\" height=\"230\" \/><\/a><\/p>\n<p style=\"text-align: justify\"><span style=\"color: #0000ff\"><strong>Coment\u00e1rios:\u00a0<\/strong><\/span><\/p>\n<p style=\"text-align: justify\">I- Item correto. A v\u00edrgula, de fato, est\u00e1 separando uma ora\u00e7\u00e3o adverbial de tempo de uma segunda\u00a0ora\u00e7\u00e3o, tamb\u00e9m adverbial de tempo:<\/p>\n<p style=\"text-align: justify\"><strong>(1) Nos \u00faltimos quatro anos<\/strong>, <strong>(2)\u00a0<\/strong><strong>desde que comecei a publicar os meus cord\u00e9is<\/strong>, recebi \u00a0centenas de mensagens com depoimentos de educadores que compram meus folhetos e utilizam minhas rimas para falar sobre quest\u00f5es raciais<\/p>\n<p style=\"text-align: justify\">II- Item correto. A ora\u00e7\u00e3o subordinada, quando anteposta \u00e0 principal, deve vir marcada por v\u00edrgula. Veja que<strong> (2)<\/strong> \u00e9 uma ora\u00e7\u00e3o subordinada adverbial temporal anteposta e (1) \u00e9 a ora\u00e7\u00e3o principal:<\/p>\n<p style=\"text-align: justify\"><strong>(2) <em>desde que comecei a publicar os meus cord\u00e9is<\/em><\/strong>, (1) recebi centenas de mensagens&#8230;<\/p>\n<p style=\"text-align: justify\">III- Item correto. A separa\u00e7\u00e3o de ora\u00e7\u00f5es coordenadas com sujeitos diferentes \u00e9 um\u00a0dos casos\u00a0recomendados de uso da v\u00edrgula antes do &#8220;e&#8221; :<\/p>\n<p style=\"text-align: justify\">Na primeira ora\u00e7\u00e3o, o sujeito \u00e9:\u00a0<strong>s\u00e9culos de esquecimento<\/strong><\/p>\n<p style=\"text-align: justify\">Na primeira ora\u00e7\u00e3o, o sujeito \u00e9:\u00a0<strong>muita gente<\/strong><\/p>\n<p style=\"text-align: justify\"><strong>s\u00e9culos de esquecimento<\/strong> come\u00e7am a ser rompidos<strong><span style=\"color: #0000ff\">,<\/span> <\/strong>e <strong>muita gente<\/strong> escuta falar<\/p>\n<p style=\"text-align: justify\">Todos itens est\u00e3o corretos. Gabarito letra E.<\/p>\n<p style=\"text-align: justify\"><a href=\"https:\/\/www.estrategiaconcursos.com.br\/blog\/prova-comentada-trt-20a-regiao-portugues-tecnico\/questao-3-2\/\" rel=\"attachment wp-att-57106\"><img loading=\"lazy\" decoding=\"async\" class=\"alignnone wp-image-57106\" src=\"https:\/\/dhg1h5j42swfq.cloudfront.net\/2016\/12\/06140137\/quest%C3%A3o-3.png\" alt=\"questao-3\" width=\"729\" height=\"222\" \/><\/a><\/p>\n<p style=\"text-align: justify\"><strong>Coment\u00e1rios:\u00a0<\/strong><\/p>\n<p style=\"text-align: justify\">a) O texto diz que o cordel um dia &#8220;pode virar artigo de museu&#8221;. Dizer que &#8220;vem se tornando&#8221; \u00e9 ir al\u00e9m do texto, \u00e9 uma extrapola\u00e7\u00e3o. Incorreta.<\/p>\n<p style=\"text-align: justify\">b) Em nenhum momento \u00e9 dito que a linguagem do cordel \u00e9 &#8220;nem sempre recomend\u00e1vel&#8221;. Al\u00e9m disso, o autor defende que o cordel \u00e9 &#8220;ideal para a sala de aula&#8221;. Incorreta.<\/p>\n<p style=\"text-align: justify\">c) Isso n\u00e3o foi dito no texto. O autor n\u00e3o diz exatamente por que h\u00e1 preconceito contra o cordel, embora diga que h\u00e1 indica\u00e7\u00f5es de que v\u00e1 virar &#8220;artigo de museu&#8221;. Ent\u00e3o, haveria preconceito por ser antigo, n\u00e3o pelo teor. Errada.<\/p>\n<p style=\"text-align: justify\">d) Exatamente, essa \u00e9 a alternativa que resume o texto:<\/p>\n<p style=\"text-align: justify\"><em>&#8220;Os folhetos de cordel s\u00e3o baratos, acess\u00edveis e extremamente f\u00e1ceis de transportar e de compartilhar com outras pessoas. Melhor ainda: s\u00e3o ideais para a sala de aula. Entre rimas, estrofes e melodias, muitos assuntos pertinentes podem ser tratados e debatidos.&#8221;<\/em><\/p>\n<p style=\"text-align: justify\">Ao final, tamb\u00e9m foi acrescentado que h\u00e1 preconceito contra o cordel e que este deve ser valorizado, ou pode virar &#8220;artigo de museu&#8221;. Correta.<\/p>\n<p style=\"text-align: justify\">e) Nessa alternativa, o examinador tenta inserir coment\u00e1rios com os quais talvez o candidato se identifique, mas que n\u00e3o est\u00e3o contidos no texto. N\u00e3o houve refer\u00eancia a ideias &#8220;facilmente aceit\u00e1veis&#8221; por minorias pol\u00edticas. Errada.<\/p>\n<p style=\"text-align: justify\">Gabarito letra D.<\/p>\n<p style=\"text-align: justify\"><a href=\"https:\/\/www.estrategiaconcursos.com.br\/blog\/prova-comentada-trt-20a-regiao-portugues-tecnico\/questao-4-2\/\" rel=\"attachment wp-att-57111\"><img loading=\"lazy\" decoding=\"async\" class=\"alignnone wp-image-57111 \" src=\"https:\/\/dhg1h5j42swfq.cloudfront.net\/2016\/12\/06142321\/quest%C3%A3o-4.png\" width=\"768\" height=\"185\" \/><\/a><\/p>\n<p style=\"text-align: justify\"><strong>Coment\u00e1rios:\u00a0<\/strong><\/p>\n<p style=\"text-align: justify\">Quando a preposi\u00e7\u00e3o &#8220;para&#8221; tiver sentido de <em><strong>finalidade<\/strong><\/em>, normalmente poderemos substitu\u00ed-la pela locu\u00e7\u00e3o prepositiva equivalente: &#8221; a fim de&#8221;. A banca explorou\u00a0alguns casos em que isso n\u00e3o \u00e9 poss\u00edvel.<\/p>\n<p>Nas letras A, C e E, a preposi\u00e7\u00e3o &#8220;para&#8221; est\u00e1 diretamente ligada a um adjetivo, com fun\u00e7\u00e3o de complemento nominal. Esse termo \u00e9 preposicionado, tem que trazer uma preposi\u00e7\u00e3o. N\u00e3o seria poss\u00edvel substituir pela locu\u00e7\u00e3o prepositiva &#8220;a fim de&#8221;. Bem, essa \u00e9 a explica\u00e7\u00e3o sint\u00e1tica; contudo, basta tentar substituir e voc\u00ea perceber\u00e1 que n\u00e3o funciona.<\/p>\n<p>Na letra &#8220;e&#8221;, a preposi\u00e7\u00e3o &#8220;para&#8221; tem sentido de &#8220;dire\u00e7\u00e3o ou destino&#8221;. N\u00e3o poderia ser trocada por termo com sentido de finalidade.<\/p>\n<p>Na letra b, a express\u00e3o &#8221; a fim de&#8221; introduz uma ora\u00e7\u00e3o reduzida com sentido de finalidade. Ent\u00e3o, est\u00e1 perfeito o uso. Gabarito letra B.<\/p>\n<p><a href=\"https:\/\/www.estrategiaconcursos.com.br\/blog\/prova-comentada-trt-20a-regiao-portugues-tecnico\/questao-5-5\/\" rel=\"attachment wp-att-57133\"><img loading=\"lazy\" decoding=\"async\" class=\"alignnone wp-image-57133\" src=\"https:\/\/dhg1h5j42swfq.cloudfront.net\/2016\/12\/06153426\/quest%C3%A3o-51.png\" alt=\"questao-5\" width=\"611\" height=\"190\" \/><\/a><\/p>\n<p><strong>Coment\u00e1rios:\u00a0<\/strong><\/p>\n<p>Pessoal, o presente do subjuntivo cai demais nas provas da FCC: temos que saber que sua termina\u00e7\u00e3o \u00e9 <strong>A\/E<\/strong>. A conjun\u00e7\u00e3o &#8220;que&#8221; ajuda a identificar e conjugar esse tempo:\u00a0<em><span style=\"font-weight: 300\">que eu fal<strong>E<\/strong>, que eu cas<strong>E<\/strong>, que eu fa\u00e7<strong>A<\/strong>, que poss<strong>A<\/strong>&#8230;<\/span><\/em><\/p>\n<p>Ent\u00e3o, podemos eliminar as letras E, B e C, pois o verbo &#8220;exista&#8221; est\u00e1 no tempo presente do modo subjuntivo, que indica &#8220;hip\u00f3tese&#8221;, &#8220;conjectura&#8221;. <em>Exortar<\/em> significa &#8220;estimular&#8221;, &#8220;persuadir&#8221;, &#8220;animar&#8221;, o que combinaria melhor com o modo imperativo ou com futuro do pret\u00e9rito, quando usado para indicar sugest\u00e3o, conselho\u00a0ou polidez.<\/p>\n<p>A letra D est\u00e1 incorreta. O verbo <em><strong>haver<\/strong><\/em>, com sentido de existir, \u00e9 impessoal e n\u00e3o se flexiona. Portanto, deve permanecer no singular.<\/p>\n<p>A letra A est\u00e1 correta e versa sobre concord\u00e2ncia.<\/p>\n<p>A regra cobrada \u00e9 simples: Se o sujeito composto est\u00e1 posposto ao verbo, este pode flexionar-se para concordar com o n\u00facleo mais pr\u00f3ximo ou com o sujeito todo, no plural. Em outras palavras, se o verbo veio antes do sujeito composto, h\u00e1 duas possibilidades de concord\u00e2ncia.<\/p>\n<p>Gabarito letra A.<\/p>\n<p><a href=\"https:\/\/www.estrategiaconcursos.com.br\/blog\/prova-comentada-trt-20a-regiao-portugues-tecnico\/questao-5-4\/\" rel=\"attachment wp-att-57126\"><img loading=\"lazy\" decoding=\"async\" class=\"alignnone wp-image-57126\" src=\"https:\/\/dhg1h5j42swfq.cloudfront.net\/2016\/12\/06150445\/quest%C3%A3o-5.png\" alt=\"questao-5\" width=\"765\" height=\"411\" \/><\/a><\/p>\n<p><a href=\"https:\/\/www.estrategiaconcursos.com.br\/blog\/prova-comentada-trt-20a-regiao-portugues-tecnico\/questao-6-5\/\" rel=\"attachment wp-att-57129\"><img loading=\"lazy\" decoding=\"async\" class=\"alignnone wp-image-57129\" src=\"https:\/\/dhg1h5j42swfq.cloudfront.net\/2016\/12\/06151117\/quest%C3%A3o-6.png\" alt=\"questao-6\" width=\"619\" height=\"250\" \/><\/a><\/p>\n<p><strong>Coment\u00e1rios:\u00a0<\/strong><\/p>\n<p>Vamos dividir o item\u00a0em duas metades e indicar o trecho que justifica a par\u00e1frase ali contida:<\/p>\n<p style=\"text-align: justify\"><strong>Assertiva:<\/strong> <em>No texto, assinala-se a infantiliza\u00e7\u00e3o dos adultos de hoje que, de um lado, <strong>precisam de ajuda para resolver diversos tipos de conflito<\/strong> e&#8230;<\/em><\/p>\n<p style=\"text-align: justify\"><strong>Texto:<\/strong>\u00a0embora estejamos na idade adulta, <strong>n\u00e3o sabemos lidar com a vida sozinhos<\/strong>. <strong>Precisamos de um treinador que nos ajude a comer, conseguir amigos e emprego, lidar com conflitos matrimoniais e profissionais, arrumar as finan\u00e7as e at\u00e9 mesmo organizar os arm\u00e1rios<\/strong>. Uma esp\u00e9cie de inf\u00e2ncia permanente do indiv\u00edduo.<\/p>\n<p style=\"text-align: justify\">(se o adulto precisa de ajuda para conseguir amigos e emprego, assim como &#8220;<strong>lidar com conflitos matrimoniais e profissionais&#8221;,\u00a0<\/strong>ent\u00e3o est\u00e1 correta afirmativa.)<\/p>\n<p style=\"text-align: justify\"><strong>Assertiva:\u00a0<\/strong><em>&#8230;de outro, creem que atingir\u00e3o suas metas <strong>sem maiores esfor\u00e7os<\/strong>.<\/em><\/p>\n<p style=\"text-align: justify\"><strong>Texto:\u00a0<\/strong>Os adultos infantilizados desse in\u00edcio de mil\u00eanio encarnam a gera\u00e7\u00e3o do \u201ceu mere\u00e7o\u201d. Alcan\u00e7ar sonhos, ideais ou mesmo objetivos<strong> parece ser compreendido como uma consequ\u00eancia natural do pr\u00f3prio existir<\/strong>, de prefer\u00eancia imediata<\/p>\n<p style=\"text-align: justify\">(Quando o texto diz que \u00e9 &#8220;consequ\u00eancia&#8221; natural do pr\u00f3prio existir, d\u00e1 a entender que \u00e9 autom\u00e1tico, sem esfor\u00e7o. Ent\u00e3o, est\u00e1 correta a assertiva.)<\/p>\n<p style=\"text-align: justify\">Item I. Correto.<\/p>\n<p style=\"text-align: justify\">Alternativa perigosa. N\u00e3o foi a inf\u00e2ncia que se tornou um &#8220;per\u00edodo de consumo extremo&#8221;. Foi a idade adulta que foi infantilizada, no sentido de que os adultos n\u00e3o sabem resolver seus conflitos assim e s\u00e3o comparadas \u00e0s crian\u00e7as. A refer\u00eancia do texto \u00e9 que os EUA s\u00e3o um pa\u00eds que transformou a inf\u00e2ncia em uma ind\u00fastria bilion\u00e1ria de consumo e que \u00e9 de l\u00e1 que foi importando o termo &#8220;coach&#8221;. Ent\u00e3o, a banca tentou induzir o candidato a uma generaliza\u00e7\u00e3o de um refer\u00eancia espec\u00edfica.<\/p>\n<p style=\"text-align: justify\">Item II. Incorreto.<\/p>\n<p style=\"text-align: justify\">Novamente, o examinador &#8220;adiciona&#8221; reflex\u00f5es que provavelmente o candidato poderia fazer\u00a0na hora prova: &#8220;coaches para um mundo mais competitivo&#8221;&#8230; Entretanto, o texto n\u00e3o fala de aumento da competitividade nem que as pessoas se esfor\u00e7am ao m\u00e1ximo para atingir suas metas. Pelo contr\u00e1rio, a cr\u00edtica \u00e9 que os &#8220;coaches&#8221; seriam um atalho para adultos infantilizados que n\u00e3o querem se esfor\u00e7ar.<\/p>\n<p style=\"text-align: justify\">Item III. Incorreto. Gabarito letra E.<\/p>\n<p style=\"text-align: justify\"><a href=\"https:\/\/www.estrategiaconcursos.com.br\/blog\/prova-comentada-trt-20a-regiao-portugues-tecnico\/questao-7-5\/\" rel=\"attachment wp-att-57132\"><img loading=\"lazy\" decoding=\"async\" class=\"alignnone wp-image-57132\" src=\"https:\/\/dhg1h5j42swfq.cloudfront.net\/2016\/12\/06153208\/quest%C3%A3o-7.png\" alt=\"questao-7\" width=\"764\" height=\"186\" \/><\/a><\/p>\n<p style=\"text-align: justify\"><strong>Coment\u00e1rios:\u00a0<\/strong><\/p>\n<p style=\"text-align: justify\">Temos que ter &#8220;no sangue&#8221; os conectivos concessivos:\u00a0<em>Embora, conquanto, ainda que, mesmo que, posto que, apesar de, em que pese&#8230;<\/em><\/p>\n<p style=\"text-align: justify\">Est\u00e1 correta a letra B, que trouxe \u00a0a principal conjun\u00e7\u00e3o concessiva: &#8220;embora&#8221;.<\/p>\n<p style=\"text-align: justify\"><em><strong>Quando,<\/strong>\u00a0<strong>assim que<\/strong> <\/em>e<em><strong> a partir de<\/strong><\/em>\u00a0t\u00eam sentido de tempo. A letra A n\u00e3o trouxe nenhuma conjun\u00e7\u00e3o e tem sentido de processo em andamento. Gabarito letra B.<\/p>\n<p style=\"text-align: justify\"><a href=\"https:\/\/www.estrategiaconcursos.com.br\/blog\/prova-comentada-trt-20a-regiao-portugues-tecnico\/questao-8-4\/\" rel=\"attachment wp-att-57134\"><img loading=\"lazy\" decoding=\"async\" class=\"alignnone wp-image-57134\" src=\"https:\/\/dhg1h5j42swfq.cloudfront.net\/2016\/12\/06155724\/quest%C3%A3o-8.png\" alt=\"questao-8\" width=\"598\" height=\"174\" \/><\/a><\/p>\n<p style=\"text-align: justify\"><strong>Coment\u00e1rios:\u00a0<\/strong><\/p>\n<p style=\"text-align: justify\">a) Incorreto. Ap\u00f3s o &#8220;cuja&#8221; n\u00e3o devemos inserir artigo.<\/p>\n<p style=\"text-align: justify\">b) Correto. O sinal de dois-pontos pode ser utilizado entre ora\u00e7\u00f5es que guardem entre si rela\u00e7\u00e3o sem\u00e2ntica de explica\u00e7\u00e3o ou conclus\u00e3o. Nessa quest\u00e3o, a segunda ora\u00e7\u00e3o explica o que \u00e9 o &#8220;algo novo&#8221; nesse cen\u00e1rio, mencionado na ora\u00e7\u00e3o anterior.<\/p>\n<p style=\"text-align: justify\">c) Incorreto. O elemento retoma &#8220;conceito de inf\u00e2ncia&#8221;.<\/p>\n<p style=\"text-align: justify\">d) Incorreto. O sinal de crase n\u00e3o pode ser suprimido, pois marca a fus\u00e3o da preposi\u00e7\u00e3o &#8220;a&#8221; exigida pelo nome &#8220;direito&#8221; com o pronome demonstrativo &#8220;a&#8221;:<\/p>\n<p style=\"text-align: justify\">Direito (a + <strong>a<\/strong>)\u00a0<strong>prote\u00e7\u00e3o<\/strong> dos pais e direto (a + &#8220;<strong>a<\/strong>&#8221; { aquela}) <strong>do<\/strong> <strong>Estado<\/strong>.<\/p>\n<p style=\"text-align: justify\">e) Incorreto. <em>Implicado<\/em> tem sentido de &#8220;envolvido&#8221;. <em>Compelido<\/em> tem sentido de &#8220;obrigado, induzido&#8221;. N\u00e3o s\u00e3o sin\u00f4nimos. Gabarito letra B.<\/p>\n<p style=\"text-align: justify\"><a href=\"https:\/\/www.estrategiaconcursos.com.br\/blog\/prova-comentada-trt-20a-regiao-portugues-tecnico\/questao-9-5\/\" rel=\"attachment wp-att-57136\"><img loading=\"lazy\" decoding=\"async\" class=\"alignnone wp-image-57136\" src=\"https:\/\/dhg1h5j42swfq.cloudfront.net\/2016\/12\/06160755\/quest%C3%A3o-9.png\" alt=\"questao-9\" width=\"700\" height=\"175\" \/><\/a><\/p>\n<p style=\"text-align: justify\"><strong>Coment\u00e1rios:<\/strong><\/p>\n<p style=\"text-align: justify\">Vejam\u00a0o presente do subjuntivo de novo na mesma prova!! Juntamente com o pret\u00e9rito imperfeito do indicativo (amava, fazia), esse \u00e9 um dos tempos favoritos da banca.<\/p>\n<p style=\"text-align: justify\">J\u00e1 sabemos que sua termina\u00e7\u00e3o \u00e9 A\/E. A conjun\u00e7\u00e3o &#8220;que&#8221; ajuda a identificar e conjugar esse tempo:\u00a0<em><span style=\"font-weight: 300\">que eu falE, que eu casE, que eu fa\u00e7A, que possA&#8230;<\/span><\/em><\/p>\n<p style=\"text-align: justify\">a) Correta. &#8220;que se esforcEm&#8221;. Mesmo tempo e modo.<\/p>\n<p style=\"text-align: justify\">b) Presente do indicativo.<\/p>\n<p style=\"text-align: justify\">c) Pret\u00e9rito imperfeito do subjuntivo. (-SSE)<\/p>\n<p style=\"text-align: justify\">d) Pret\u00e9rito perfeito do indicativo.<\/p>\n<p style=\"text-align: justify\">e)\u00a0 Pret\u00e9rito perfeito do indicativo.<\/p>\n<p style=\"text-align: justify\">Gabarito letra A.<\/p>\n<p style=\"text-align: justify\"><a href=\"https:\/\/www.estrategiaconcursos.com.br\/blog\/prova-comentada-trt-20a-regiao-portugues-tecnico\/questao-10-3\/\" rel=\"attachment wp-att-57137\"><img loading=\"lazy\" decoding=\"async\" class=\"alignnone wp-image-57137\" src=\"https:\/\/dhg1h5j42swfq.cloudfront.net\/2016\/12\/06161244\/quest%C3%A3o-10.png\" alt=\"questao-10\" width=\"692\" height=\"199\" \/><\/a><\/p>\n<p style=\"text-align: justify\">Coment\u00e1rios:<\/p>\n<p style=\"text-align: justify\">Vamos apontar os erros direto nas alternativas:<\/p>\n<p style=\"text-align: justify\">(A) A vis\u00e3o que os adultos atualmente <del>tem<\/del> <strong>t\u00eam<\/strong> da crian\u00e7a foi historicamente <del>constru\u00eddo<\/del>\u00a0 <strong>constru\u00edda<\/strong> ao longo das transforma\u00e7\u00f5es <del>s\u00f3ciais<\/del> <strong>sociais<\/strong>\u00a0e hist\u00f3ricas.<\/p>\n<p style=\"text-align: justify\">(B) No passado, nem sempre <strong>as quest\u00f5es<\/strong> relacionadas \u00e0 crian\u00e7a <del>fazia<\/del> <strong>faziaM<\/strong> com que esta fosse vista, pela sociedade, como um ser que necessita de aten\u00e7\u00e3o diferenciada e prote\u00e7\u00e3o do Estado.<\/p>\n<p style=\"text-align: justify\">(C)<strong> Surge<\/strong>, no in\u00edcio do s\u00e9culo XVII<strong>,<\/strong> juntamente com o desenvolvimento de no\u00e7\u00f5es inovadoras sobre o comportamento infantil<strong>,<\/strong> <strong>um novo tipo<\/strong> de literatur<strong>a<\/strong> pedag\u00f3gic<strong>a<\/strong> destinad<strong>a<\/strong> aos pais e educadores.<\/p>\n<p style=\"text-align: justify\">(D) <strong>O desenvolvimento<\/strong> de sentimentos espec\u00edficos em rela\u00e7\u00e3o a inf\u00e2ncia <del>tornaram-se<\/del>\u00a0 <strong>tornou-se<\/strong> mais <del>significativos<\/del> <strong>significativo<\/strong>\u00a0durante o s\u00e9culo XVII, quando <del>come\u00e7a<\/del> <strong>come\u00e7aM<\/strong> \u00a0a mudar certos costumes <del>come\u00e7am a mudar.<\/del><\/p>\n<p style=\"text-align: justify\">(E) Segundo pesquisadores, como nem todas as crian\u00e7as vivem a inf\u00e2ncia propriamente dita, <strong>devido<\/strong> <del>as<\/del>\u00a0<strong>a<\/strong> suas condi\u00e7\u00f5es econ\u00f4micas, sociais e culturais, as particularidades da inf\u00e2ncia n\u00e3o s\u00e3o reconhecidas por todas as crian\u00e7as.<\/p>\n<p style=\"text-align: justify\">Gabarito letra C.<\/p>\n<p style=\"text-align: justify\">Ent\u00e3o \u00e9 isso, pessoal. A prova n\u00e3o foi dif\u00edcil e seguiu o modelo padr\u00e3o da FCC, com a esperada \u00eanfase em conectivos, verbos e pronomes. N\u00e3o observei nenhuma falha grave que pudesse ensejar um recurso realista.<\/p>\n<p style=\"text-align: justify\">Espero que tenham ido bem, grande abra\u00e7o e bons estudos!!<\/p>\n<p style=\"text-align: justify\">Conhe\u00e7a nossos cursos!<\/p>\n<p style=\"text-align: justify\"><a href=\"https:\/\/www.estrategiaconcursos.com.br\/pesquisa\/?q=felipe+luccas\">https:\/\/www.estrategiaconcursos.com.br\/pesquisa\/?q=felipe+luccas<\/a><\/p>\n","protected":false},"excerpt":{"rendered":"<p>Ol\u00e1, pessoal! Tudo bem? Aqui fala\u00a0o Professor Felipe, de L\u00edngua Portuguesa. Trouxe hoje a prova comentada de T\u00e9cnico Judici\u00e1rio do TRT 20\u00aa Regi\u00e3o, realizada nesse \u00faltimo domingo. Para ser mais pr\u00e1tico para voc\u00eas, inseri tamb\u00e9m as quest\u00f5es e os textos. Vamos l\u00e1! Prova tipo 005 Coment\u00e1rios:\u00a0 H\u00e1 entre os dois per\u00edodos uma rela\u00e7\u00e3o de explica\u00e7\u00e3o. [&hellip;]<\/p>\n","protected":false},"author":1,"featured_media":0,"comment_status":"open","ping_status":"open","sticky":false,"template":"","format":"standard","meta":{"post_tipo":"article","footnotes":""},"categories":[1,1984],"tags":[46,40,331,697,15,867,712],"tax_estado":[],"class_list":["post-57093","post","type-post","status-publish","format-standard","hentry","category-cursos-e-concursos","category-tribunais","tag-comentarios","tag-concurso","tag-gabarito","tag-gabaritos","tag-portugues","tag-prova-comentada","tag-provas"],"acf":[],"yoast_head":"<!-- This site is optimized with the Yoast SEO Premium plugin v27.2 (Yoast SEO v27.2) - https:\/\/yoast.com\/product\/yoast-seo-premium-wordpress\/ -->\n<title>Prova Comentada TRT 20\u00aa Regi\u00e3o - Portugu\u00eas (T\u00e9cnico)<\/title>\n<meta name=\"robots\" content=\"index, follow, max-snippet:-1, max-image-preview:large, max-video-preview:-1\" \/>\n<link rel=\"canonical\" href=\"https:\/\/www.estrategiaconcursos.com.br\/blog\/prova-comentada-trt-20a-regiao-portugues-tecnico\/\" \/>\n<meta property=\"og:locale\" content=\"pt_BR\" \/>\n<meta property=\"og:type\" content=\"article\" \/>\n<meta property=\"og:title\" content=\"Prova Comentada TRT 20\u00aa Regi\u00e3o - Portugu\u00eas (T\u00e9cnico)\" \/>\n<meta property=\"og:description\" content=\"Ol\u00e1, pessoal! Tudo bem? Aqui fala\u00a0o Professor Felipe, de L\u00edngua Portuguesa. Trouxe hoje a prova comentada de T\u00e9cnico Judici\u00e1rio do TRT 20\u00aa Regi\u00e3o, realizada nesse \u00faltimo domingo. Para ser mais pr\u00e1tico para voc\u00eas, inseri tamb\u00e9m as quest\u00f5es e os textos. Vamos l\u00e1! Prova tipo 005 Coment\u00e1rios:\u00a0 H\u00e1 entre os dois per\u00edodos uma rela\u00e7\u00e3o de explica\u00e7\u00e3o. [&hellip;]\" \/>\n<meta property=\"og:url\" content=\"https:\/\/www.estrategiaconcursos.com.br\/blog\/prova-comentada-trt-20a-regiao-portugues-tecnico\/\" \/>\n<meta property=\"og:site_name\" content=\"Estrat\u00e9gia Concursos\" \/>\n<meta property=\"article:author\" content=\"https:\/\/www.facebook.com\/EstrategiaConcursos\" \/>\n<meta property=\"article:published_time\" content=\"2016-12-06T20:01:34+00:00\" \/>\n<meta property=\"article:modified_time\" content=\"2016-12-08T14:25:08+00:00\" \/>\n<meta name=\"author\" content=\"Coordena\u00e7\u00e3o\" \/>\n<meta name=\"twitter:card\" content=\"summary_large_image\" \/>\n<meta name=\"twitter:creator\" content=\"@EstratConcursos\" \/>\n<meta name=\"twitter:site\" content=\"@EstratConcursos\" \/>\n<meta name=\"twitter:label1\" content=\"Escrito por\" \/>\n\t<meta name=\"twitter:data1\" content=\"Coordena\u00e7\u00e3o\" \/>\n\t<meta name=\"twitter:label2\" content=\"Est. tempo de leitura\" \/>\n\t<meta name=\"twitter:data2\" content=\"9 minutos\" \/>\n<script type=\"application\/ld+json\" class=\"yoast-schema-graph\">{\"@context\":\"https:\/\/schema.org\",\"@graph\":[{\"@type\":\"NewsArticle\",\"@id\":\"https:\/\/www.estrategiaconcursos.com.br\/blog\/prova-comentada-trt-20a-regiao-portugues-tecnico\/#article\",\"isPartOf\":{\"@id\":\"https:\/\/www.estrategiaconcursos.com.br\/blog\/prova-comentada-trt-20a-regiao-portugues-tecnico\/\"},\"author\":{\"name\":\"Coordena\u00e7\u00e3o\",\"@id\":\"https:\/\/www.estrategiaconcursos.com.br\/blog\/#\/schema\/person\/b4a388c97673c5f483d72185668afa1f\"},\"headline\":\"Prova Comentada TRT 20\u00aa Regi\u00e3o &#8211; Portugu\u00eas (T\u00e9cnico)\",\"datePublished\":\"2016-12-06T20:01:34+00:00\",\"dateModified\":\"2016-12-08T14:25:08+00:00\",\"mainEntityOfPage\":{\"@id\":\"https:\/\/www.estrategiaconcursos.com.br\/blog\/prova-comentada-trt-20a-regiao-portugues-tecnico\/\"},\"wordCount\":1856,\"commentCount\":1,\"publisher\":{\"@id\":\"https:\/\/www.estrategiaconcursos.com.br\/blog\/#organization\"},\"keywords\":[\"Coment\u00e1rios\",\"Concurso\",\"Gabarito\",\"Gabaritos\",\"Portugu\u00eas\",\"prova comentada\",\"Provas\"],\"articleSection\":[\"Concursos P\u00fablicos\",\"Tribunais\"],\"inLanguage\":\"pt-BR\",\"potentialAction\":[{\"@type\":\"CommentAction\",\"name\":\"Comment\",\"target\":[\"https:\/\/www.estrategiaconcursos.com.br\/blog\/prova-comentada-trt-20a-regiao-portugues-tecnico\/#respond\"]}],\"copyrightYear\":\"2016\",\"copyrightHolder\":{\"@id\":\"https:\/\/www.estrategiaconcursos.com.br\/blog\/#organization\"}},{\"@type\":\"WebPage\",\"@id\":\"https:\/\/www.estrategiaconcursos.com.br\/blog\/prova-comentada-trt-20a-regiao-portugues-tecnico\/\",\"url\":\"https:\/\/www.estrategiaconcursos.com.br\/blog\/prova-comentada-trt-20a-regiao-portugues-tecnico\/\",\"name\":\"Prova Comentada TRT 20\u00aa Regi\u00e3o - Portugu\u00eas (T\u00e9cnico)\",\"isPartOf\":{\"@id\":\"https:\/\/www.estrategiaconcursos.com.br\/blog\/#website\"},\"datePublished\":\"2016-12-06T20:01:34+00:00\",\"dateModified\":\"2016-12-08T14:25:08+00:00\",\"breadcrumb\":{\"@id\":\"https:\/\/www.estrategiaconcursos.com.br\/blog\/prova-comentada-trt-20a-regiao-portugues-tecnico\/#breadcrumb\"},\"inLanguage\":\"pt-BR\",\"potentialAction\":[{\"@type\":\"ReadAction\",\"target\":[\"https:\/\/www.estrategiaconcursos.com.br\/blog\/prova-comentada-trt-20a-regiao-portugues-tecnico\/\"]}]},{\"@type\":\"BreadcrumbList\",\"@id\":\"https:\/\/www.estrategiaconcursos.com.br\/blog\/prova-comentada-trt-20a-regiao-portugues-tecnico\/#breadcrumb\",\"itemListElement\":[{\"@type\":\"ListItem\",\"position\":1,\"name\":\"In\u00edcio\",\"item\":\"https:\/\/www.estrategiaconcursos.com.br\/blog\/\"},{\"@type\":\"ListItem\",\"position\":2,\"name\":\"Prova Comentada TRT 20\u00aa Regi\u00e3o &#8211; Portugu\u00eas (T\u00e9cnico)\"}]},{\"@type\":\"WebSite\",\"@id\":\"https:\/\/www.estrategiaconcursos.com.br\/blog\/#website\",\"url\":\"https:\/\/www.estrategiaconcursos.com.br\/blog\/\",\"name\":\"Estrat\u00e9gia Concursos\",\"description\":\"O blog da Estrat\u00e9gia Concursos traz not\u00edcias sobre concursos e artigos de professores oferecendo cursos para concursos (pdf + videaulas) no site.\",\"publisher\":{\"@id\":\"https:\/\/www.estrategiaconcursos.com.br\/blog\/#organization\"},\"potentialAction\":[{\"@type\":\"SearchAction\",\"target\":{\"@type\":\"EntryPoint\",\"urlTemplate\":\"https:\/\/www.estrategiaconcursos.com.br\/blog\/?s={search_term_string}\"},\"query-input\":{\"@type\":\"PropertyValueSpecification\",\"valueRequired\":true,\"valueName\":\"search_term_string\"}}],\"inLanguage\":\"pt-BR\"},{\"@type\":\"Organization\",\"@id\":\"https:\/\/www.estrategiaconcursos.com.br\/blog\/#organization\",\"name\":\"Estrat\u00e9gia Concursos\",\"url\":\"https:\/\/www.estrategiaconcursos.com.br\/blog\/\",\"logo\":{\"@type\":\"ImageObject\",\"inLanguage\":\"pt-BR\",\"@id\":\"https:\/\/www.estrategiaconcursos.com.br\/blog\/#\/schema\/logo\/image\/\",\"url\":\"https:\/\/dhg1h5j42swfq.cloudfront.net\/2025\/06\/03203428\/logo_concursos-1.jpg\",\"contentUrl\":\"https:\/\/dhg1h5j42swfq.cloudfront.net\/2025\/06\/03203428\/logo_concursos-1.jpg\",\"width\":230,\"height\":60,\"caption\":\"Estrat\u00e9gia Concursos\"},\"image\":{\"@id\":\"https:\/\/www.estrategiaconcursos.com.br\/blog\/#\/schema\/logo\/image\/\"},\"sameAs\":[\"https:\/\/x.com\/EstratConcursos\"]},{\"@type\":\"Person\",\"@id\":\"https:\/\/www.estrategiaconcursos.com.br\/blog\/#\/schema\/person\/b4a388c97673c5f483d72185668afa1f\",\"name\":\"Coordena\u00e7\u00e3o\",\"image\":{\"@type\":\"ImageObject\",\"inLanguage\":\"pt-BR\",\"@id\":\"https:\/\/secure.gravatar.com\/avatar\/b720319e4c9a967eb58678d110f4fe35452fc5d5f97b202bac7b8acceb18c6ad?s=96&d=mm&r=g\",\"url\":\"https:\/\/secure.gravatar.com\/avatar\/b720319e4c9a967eb58678d110f4fe35452fc5d5f97b202bac7b8acceb18c6ad?s=96&d=mm&r=g\",\"contentUrl\":\"https:\/\/secure.gravatar.com\/avatar\/b720319e4c9a967eb58678d110f4fe35452fc5d5f97b202bac7b8acceb18c6ad?s=96&d=mm&r=g\",\"caption\":\"Coordena\u00e7\u00e3o\"},\"sameAs\":[\"https:\/\/www.facebook.com\/EstrategiaConcursos\",\"https:\/\/x.com\/EstratConcursos\"],\"url\":\"https:\/\/www.estrategiaconcursos.com.br\/blog\/author\/estrategia2013\/\"}]}<\/script>\n<!-- \/ Yoast SEO Premium plugin. -->","yoast_head_json":{"title":"Prova Comentada TRT 20\u00aa Regi\u00e3o - Portugu\u00eas (T\u00e9cnico)","robots":{"index":"index","follow":"follow","max-snippet":"max-snippet:-1","max-image-preview":"max-image-preview:large","max-video-preview":"max-video-preview:-1"},"canonical":"https:\/\/www.estrategiaconcursos.com.br\/blog\/prova-comentada-trt-20a-regiao-portugues-tecnico\/","og_locale":"pt_BR","og_type":"article","og_title":"Prova Comentada TRT 20\u00aa Regi\u00e3o - Portugu\u00eas (T\u00e9cnico)","og_description":"Ol\u00e1, pessoal! Tudo bem? Aqui fala\u00a0o Professor Felipe, de L\u00edngua Portuguesa. Trouxe hoje a prova comentada de T\u00e9cnico Judici\u00e1rio do TRT 20\u00aa Regi\u00e3o, realizada nesse \u00faltimo domingo. Para ser mais pr\u00e1tico para voc\u00eas, inseri tamb\u00e9m as quest\u00f5es e os textos. Vamos l\u00e1! Prova tipo 005 Coment\u00e1rios:\u00a0 H\u00e1 entre os dois per\u00edodos uma rela\u00e7\u00e3o de explica\u00e7\u00e3o. [&hellip;]","og_url":"https:\/\/www.estrategiaconcursos.com.br\/blog\/prova-comentada-trt-20a-regiao-portugues-tecnico\/","og_site_name":"Estrat\u00e9gia Concursos","article_author":"https:\/\/www.facebook.com\/EstrategiaConcursos","article_published_time":"2016-12-06T20:01:34+00:00","article_modified_time":"2016-12-08T14:25:08+00:00","author":"Coordena\u00e7\u00e3o","twitter_card":"summary_large_image","twitter_creator":"@EstratConcursos","twitter_site":"@EstratConcursos","twitter_misc":{"Escrito por":"Coordena\u00e7\u00e3o","Est. tempo de leitura":"9 minutos"},"schema":{"@context":"https:\/\/schema.org","@graph":[{"@type":"NewsArticle","@id":"https:\/\/www.estrategiaconcursos.com.br\/blog\/prova-comentada-trt-20a-regiao-portugues-tecnico\/#article","isPartOf":{"@id":"https:\/\/www.estrategiaconcursos.com.br\/blog\/prova-comentada-trt-20a-regiao-portugues-tecnico\/"},"author":{"name":"Coordena\u00e7\u00e3o","@id":"https:\/\/www.estrategiaconcursos.com.br\/blog\/#\/schema\/person\/b4a388c97673c5f483d72185668afa1f"},"headline":"Prova Comentada TRT 20\u00aa Regi\u00e3o &#8211; Portugu\u00eas (T\u00e9cnico)","datePublished":"2016-12-06T20:01:34+00:00","dateModified":"2016-12-08T14:25:08+00:00","mainEntityOfPage":{"@id":"https:\/\/www.estrategiaconcursos.com.br\/blog\/prova-comentada-trt-20a-regiao-portugues-tecnico\/"},"wordCount":1856,"commentCount":1,"publisher":{"@id":"https:\/\/www.estrategiaconcursos.com.br\/blog\/#organization"},"keywords":["Coment\u00e1rios","Concurso","Gabarito","Gabaritos","Portugu\u00eas","prova comentada","Provas"],"articleSection":["Concursos P\u00fablicos","Tribunais"],"inLanguage":"pt-BR","potentialAction":[{"@type":"CommentAction","name":"Comment","target":["https:\/\/www.estrategiaconcursos.com.br\/blog\/prova-comentada-trt-20a-regiao-portugues-tecnico\/#respond"]}],"copyrightYear":"2016","copyrightHolder":{"@id":"https:\/\/www.estrategiaconcursos.com.br\/blog\/#organization"}},{"@type":"WebPage","@id":"https:\/\/www.estrategiaconcursos.com.br\/blog\/prova-comentada-trt-20a-regiao-portugues-tecnico\/","url":"https:\/\/www.estrategiaconcursos.com.br\/blog\/prova-comentada-trt-20a-regiao-portugues-tecnico\/","name":"Prova Comentada TRT 20\u00aa Regi\u00e3o - Portugu\u00eas (T\u00e9cnico)","isPartOf":{"@id":"https:\/\/www.estrategiaconcursos.com.br\/blog\/#website"},"datePublished":"2016-12-06T20:01:34+00:00","dateModified":"2016-12-08T14:25:08+00:00","breadcrumb":{"@id":"https:\/\/www.estrategiaconcursos.com.br\/blog\/prova-comentada-trt-20a-regiao-portugues-tecnico\/#breadcrumb"},"inLanguage":"pt-BR","potentialAction":[{"@type":"ReadAction","target":["https:\/\/www.estrategiaconcursos.com.br\/blog\/prova-comentada-trt-20a-regiao-portugues-tecnico\/"]}]},{"@type":"BreadcrumbList","@id":"https:\/\/www.estrategiaconcursos.com.br\/blog\/prova-comentada-trt-20a-regiao-portugues-tecnico\/#breadcrumb","itemListElement":[{"@type":"ListItem","position":1,"name":"In\u00edcio","item":"https:\/\/www.estrategiaconcursos.com.br\/blog\/"},{"@type":"ListItem","position":2,"name":"Prova Comentada TRT 20\u00aa Regi\u00e3o &#8211; Portugu\u00eas (T\u00e9cnico)"}]},{"@type":"WebSite","@id":"https:\/\/www.estrategiaconcursos.com.br\/blog\/#website","url":"https:\/\/www.estrategiaconcursos.com.br\/blog\/","name":"Estrat\u00e9gia Concursos","description":"O blog da Estrat\u00e9gia Concursos traz not\u00edcias sobre concursos e artigos de professores oferecendo cursos para concursos (pdf + videaulas) no site.","publisher":{"@id":"https:\/\/www.estrategiaconcursos.com.br\/blog\/#organization"},"potentialAction":[{"@type":"SearchAction","target":{"@type":"EntryPoint","urlTemplate":"https:\/\/www.estrategiaconcursos.com.br\/blog\/?s={search_term_string}"},"query-input":{"@type":"PropertyValueSpecification","valueRequired":true,"valueName":"search_term_string"}}],"inLanguage":"pt-BR"},{"@type":"Organization","@id":"https:\/\/www.estrategiaconcursos.com.br\/blog\/#organization","name":"Estrat\u00e9gia Concursos","url":"https:\/\/www.estrategiaconcursos.com.br\/blog\/","logo":{"@type":"ImageObject","inLanguage":"pt-BR","@id":"https:\/\/www.estrategiaconcursos.com.br\/blog\/#\/schema\/logo\/image\/","url":"https:\/\/dhg1h5j42swfq.cloudfront.net\/2025\/06\/03203428\/logo_concursos-1.jpg","contentUrl":"https:\/\/dhg1h5j42swfq.cloudfront.net\/2025\/06\/03203428\/logo_concursos-1.jpg","width":230,"height":60,"caption":"Estrat\u00e9gia Concursos"},"image":{"@id":"https:\/\/www.estrategiaconcursos.com.br\/blog\/#\/schema\/logo\/image\/"},"sameAs":["https:\/\/x.com\/EstratConcursos"]},{"@type":"Person","@id":"https:\/\/www.estrategiaconcursos.com.br\/blog\/#\/schema\/person\/b4a388c97673c5f483d72185668afa1f","name":"Coordena\u00e7\u00e3o","image":{"@type":"ImageObject","inLanguage":"pt-BR","@id":"https:\/\/secure.gravatar.com\/avatar\/b720319e4c9a967eb58678d110f4fe35452fc5d5f97b202bac7b8acceb18c6ad?s=96&d=mm&r=g","url":"https:\/\/secure.gravatar.com\/avatar\/b720319e4c9a967eb58678d110f4fe35452fc5d5f97b202bac7b8acceb18c6ad?s=96&d=mm&r=g","contentUrl":"https:\/\/secure.gravatar.com\/avatar\/b720319e4c9a967eb58678d110f4fe35452fc5d5f97b202bac7b8acceb18c6ad?s=96&d=mm&r=g","caption":"Coordena\u00e7\u00e3o"},"sameAs":["https:\/\/www.facebook.com\/EstrategiaConcursos","https:\/\/x.com\/EstratConcursos"],"url":"https:\/\/www.estrategiaconcursos.com.br\/blog\/author\/estrategia2013\/"}]}},"_links":{"self":[{"href":"https:\/\/www.estrategiaconcursos.com.br\/blog\/wp-json\/wp\/v2\/posts\/57093","targetHints":{"allow":["GET"]}}],"collection":[{"href":"https:\/\/www.estrategiaconcursos.com.br\/blog\/wp-json\/wp\/v2\/posts"}],"about":[{"href":"https:\/\/www.estrategiaconcursos.com.br\/blog\/wp-json\/wp\/v2\/types\/post"}],"author":[{"embeddable":true,"href":"https:\/\/www.estrategiaconcursos.com.br\/blog\/wp-json\/wp\/v2\/users\/1"}],"replies":[{"embeddable":true,"href":"https:\/\/www.estrategiaconcursos.com.br\/blog\/wp-json\/wp\/v2\/comments?post=57093"}],"version-history":[{"count":11,"href":"https:\/\/www.estrategiaconcursos.com.br\/blog\/wp-json\/wp\/v2\/posts\/57093\/revisions"}],"predecessor-version":[{"id":57144,"href":"https:\/\/www.estrategiaconcursos.com.br\/blog\/wp-json\/wp\/v2\/posts\/57093\/revisions\/57144"}],"wp:attachment":[{"href":"https:\/\/www.estrategiaconcursos.com.br\/blog\/wp-json\/wp\/v2\/media?parent=57093"}],"wp:term":[{"taxonomy":"category","embeddable":true,"href":"https:\/\/www.estrategiaconcursos.com.br\/blog\/wp-json\/wp\/v2\/categories?post=57093"},{"taxonomy":"post_tag","embeddable":true,"href":"https:\/\/www.estrategiaconcursos.com.br\/blog\/wp-json\/wp\/v2\/tags?post=57093"},{"taxonomy":"tax_estado","embeddable":true,"href":"https:\/\/www.estrategiaconcursos.com.br\/blog\/wp-json\/wp\/v2\/tax_estado?post=57093"}],"curies":[{"name":"wp","href":"https:\/\/api.w.org\/{rel}","templated":true}]}}