{"id":570595,"date":"2022-08-09T14:50:00","date_gmt":"2022-08-09T17:50:00","guid":{"rendered":"https:\/\/www.estrategiaconcursos.com.br\/blog\/?p=570595"},"modified":"2024-03-08T15:18:37","modified_gmt":"2024-03-08T18:18:37","slug":"concurso-prefeitura-costa-marques","status":"publish","type":"post","link":"https:\/\/www.estrategiaconcursos.com.br\/blog\/concurso-prefeitura-costa-marques\/","title":{"rendered":"Concurso Costa Marques RO: confira os gabaritos preliminares"},"content":{"rendered":"\n<p>Com a primeira etapa avaliativa aplicada nos dias 06 e 07 de agosto, foram divulgados os <a href=\"https:\/\/dhg1h5j42swfq.cloudfront.net\/2022\/08\/09142417\/9e52d42aac8e19c25bed3dc8492f5353.pdf\" target=\"_blank\" rel=\"noreferrer noopener nofollow\">gabaritos preliminares<\/a> das provas objetivas do concurso da <strong>Prefeitura de Costa Marques<\/strong>.<\/p>\n\n\n\n<p>Aqueles que n\u00e3o concordarem com alguma resposta poder\u00e3o<strong> interpor recurso entre os dias 10 e 11 de agosto<\/strong>, atrav\u00e9s do site da banca organizadora, o <strong>IBADE<\/strong>.<\/p>\n\n\n\n<p>A expectativa, conforme o cronograma mais atualizado, \u00e9 de que o certame seja inteiramente finalizado na segunda quinzena de outubro.<\/p>\n\n\n\n<ul class=\"wp-block-list\"><li><strong>20\/09 &#8211; <\/strong>Divulga\u00e7\u00e3o do gabarito oficial;<\/li><li><strong>28\/09 <\/strong>&#8211; Resultado final da Prova Objetiva;<\/li><li><strong>28\/09 <\/strong>&#8211; Resultado final do certame para os cargos somente com Prova Objetiva;<\/li><li><strong>08 e\/ou 09\/10 <\/strong>&#8211; Realiza\u00e7\u00e3o da Prova Pr\u00e1tica;<\/li><li><strong>20\/10<\/strong> &#8211; Resultado Final para os demais cargos.<\/li><\/ul>\n\n\n\n<p>O edital oferta <strong>146 vagas<\/strong> imediatas mais forma\u00e7\u00e3o de cadastro reserva. As oportunidades s\u00e3o para diversos cargos nos n\u00edveis fundamental, m\u00e9dio, t\u00e9cnico e superior, com sal\u00e1rios de at\u00e9 <strong>R$ 9,8 mil<\/strong>. <\/p>\n\n\n\n<ul class=\"has-very-light-gray-to-cyan-bluish-gray-gradient-background has-background wp-block-list\"><li><strong>Prefeitura Municipal de Costa Marques<\/strong> <strong>&#8211; RO<\/strong><\/li><li><strong style=\"color: initial;\">Status:\u00a0<\/strong>provas objetivas aplicadas<\/li><li><strong>Banca:<\/strong>\u00a0<a href=\"https:\/\/portal.ibade.selecao.site\/edital\/ver\/26\" target=\"_blank\" rel=\"noreferrer noopener\">IBADE<\/a><\/li><li><strong>Vagas:<\/strong> 146<\/li><li><strong>Sal\u00e1rio inicial:<\/strong>\u00a0R$ 998,00 a R$ 9.800,00<\/li><li><strong>Edital<\/strong>:\u00a0<a href=\"https:\/\/dhg1h5j42swfq.cloudfront.net\/2022\/06\/13115027\/ce771f5b8f4210dfd3e7da3c6a0182dd.pdf\" target=\"_blank\" rel=\"noreferrer noopener nofollow\">Edital de abertura<\/a> | <a href=\"https:\/\/dhg1h5j42swfq.cloudfront.net\/2021\/01\/10170352\/06a5b0a8c40d2d6da7ae812f7d150e4e.pdf\" target=\"_blank\" rel=\"noreferrer noopener nofollow\">Retomada<\/a> <\/li><\/ul>\n\n\n\n<p>Confira neste artigo as principais informa\u00e7\u00f5es e novidades a respeito do concurso da Prefeitura de Costa Marques. Acompanhe os t\u00f3picos abaixo e n\u00e3o perca nenhum detalhe:<\/p>\n\n\n\n<ul class=\"wp-block-list\" id=\"indice\"><li><a href=\"#cargos-vagas\">Cargos e vagas<\/a><ul><li><a href=\"#fundamental\">Fundamental<\/a><\/li><li><a href=\"#medio\">M\u00e9dio<\/a><\/li><li><a href=\"#tecnico\">T\u00e9cnico<\/a><\/li><li><a href=\"#superior\">Superior<\/a><\/li><\/ul><\/li><li><a href=\"#etapas\">Etapas do concurso<\/a><ul><li><a href=\"#objetiva\">Prova objetiva<\/a><\/li><\/ul><ul><li><a href=\"#titulos\">Avalia\u00e7\u00e3o de t\u00edtulos<\/a><\/li><li><a href=\"#pratica\">Prova pr\u00e1tica<\/a><\/li><\/ul><\/li><li><a href=\"#cursos-assinatura\">Cursos e assinaturas<\/a><\/li><li><a href=\"#ficha\">Ficha t\u00e9cnica<\/a><\/li><\/ul>\n\n\n\n<div class=\"container\" id=\"boxes\">\n  <div class=\"row\">\n\n    <div class=\"col-sm\">\n      <div class=\"banner-estrategia\" id=\"box-assinatura\">\n        <h3 class=\"titulo-assinatura\">Concurso Prefeitura de Costa Marques<\/h3>\n        <p class=\"subtitulo-assinatura\">Conhe\u00e7a os cursos<\/p>\n        <div class=\"box-botao\">\n          <a class=\"btn-assinatura\" target=\"_blank\" href=\"https:\/\/www.estrategiaconcursos.com.br\/cursos\/\" role=\"button\" rel=\"noopener noreferrer\">Conhe\u00e7a mais<\/a>\n        <\/div>\n      <\/div>\n     \n    <\/div>\n\n  <\/div>\n<\/div>\n\n\n\n<h2 class=\"wp-block-heading\" id=\"cargos-vagas\">Concurso Costa Marques: cargos e vagas <\/h2>\n\n\n\n<p>Confira abaixo a distribui\u00e7\u00e3o de vagas conforme o cargo e n\u00edvel de escolaridade do concurso Costa Marques:<\/p>\n\n\n\n<h3 class=\"wp-block-heading\" id=\"fundamental\">N\u00edvel fundamental<\/h3>\n\n\n\n<figure class=\"wp-block-table is-style-stripes\"><table class=\"has-fixed-layout\"><tbody><tr><td class=\"has-text-align-center\" data-align=\"center\"><strong>CARGO<\/strong><\/td><td class=\"has-text-align-center\" data-align=\"center\"><strong>VAGAS<\/strong><\/td><td class=\"has-text-align-center\" data-align=\"center\"><strong>REMUNERA\u00c7\u00c3O<\/strong><\/td><\/tr><tr><td class=\"has-text-align-center\" data-align=\"center\">Agente de Sa\u00fade \u2013 Pacs<\/td><td class=\"has-text-align-center\" data-align=\"center\">04 + 06 CR<\/td><td class=\"has-text-align-center\" data-align=\"center\">R$ 998,00<\/td><\/tr><tr><td class=\"has-text-align-center\" data-align=\"center\">Aux. Oper. Servi\u00e7os Diversos<\/td><td class=\"has-text-align-center\" data-align=\"center\">12 + CR<\/td><td class=\"has-text-align-center\" data-align=\"center\">R$ 998,00<\/td><\/tr><tr><td class=\"has-text-align-center\" data-align=\"center\">Coveiro<\/td><td class=\"has-text-align-center\" data-align=\"center\">02 + CR<\/td><td class=\"has-text-align-center\" data-align=\"center\">R$ 998,00<\/td><\/tr><tr><td class=\"has-text-align-center\" data-align=\"center\">Eletricista<\/td><td class=\"has-text-align-center\" data-align=\"center\">02 + CR<\/td><td class=\"has-text-align-center\" data-align=\"center\">R$ 998,00<\/td><\/tr><tr><td class=\"has-text-align-center\" data-align=\"center\">Mec\u00e2nico<\/td><td class=\"has-text-align-center\" data-align=\"center\">02 + CR<\/td><td class=\"has-text-align-center\" data-align=\"center\">R$ 998,00<\/td><\/tr><tr><td class=\"has-text-align-center\" data-align=\"center\">Merendeira<\/td><td class=\"has-text-align-center\" data-align=\"center\">08 + CR<\/td><td class=\"has-text-align-center\" data-align=\"center\">R$ 998,00<\/td><\/tr><tr><td class=\"has-text-align-center\" data-align=\"center\">Monitor Escolar<\/td><td class=\"has-text-align-center\" data-align=\"center\">11 + CR<\/td><td class=\"has-text-align-center\" data-align=\"center\">R$ 998,00<\/td><\/tr><tr><td class=\"has-text-align-center\" data-align=\"center\">Motorista de Ve\u00edculos Leves (Ambul\u00e2ncia)<\/td><td class=\"has-text-align-center\" data-align=\"center\">03 + 07 CR<\/td><td class=\"has-text-align-center\" data-align=\"center\">R$ 998,00<\/td><\/tr><tr><td class=\"has-text-align-center\" data-align=\"center\">Motorista de Ve\u00edculos Leves<\/td><td class=\"has-text-align-center\" data-align=\"center\">04 + 06 CR<\/td><td class=\"has-text-align-center\" data-align=\"center\">R$ 998,00<\/td><\/tr><tr><td class=\"has-text-align-center\" data-align=\"center\">Motorista de Ve\u00edculos Pesados (\u00d4nibus Escolar)<\/td><td class=\"has-text-align-center\" data-align=\"center\">05 + 04 CR<\/td><td class=\"has-text-align-center\" data-align=\"center\">R$ 998,00<\/td><\/tr><tr><td class=\"has-text-align-center\" data-align=\"center\">Motorista de Ve\u00edculos Pesados (Caminh\u00e3o)<\/td><td class=\"has-text-align-center\" data-align=\"center\">08 + 08 CR<\/td><td class=\"has-text-align-center\" data-align=\"center\">R$ 998,00<\/td><\/tr><tr><td class=\"has-text-align-center\" data-align=\"center\">Operador de Trator de Pneu<\/td><td class=\"has-text-align-center\" data-align=\"center\">03 + 03 CR<\/td><td class=\"has-text-align-center\" data-align=\"center\">R$ 998,00<\/td><\/tr><tr><td class=\"has-text-align-center\" data-align=\"center\">Operador de Retroescavadeira<\/td><td class=\"has-text-align-center\" data-align=\"center\">03 + CR<\/td><td class=\"has-text-align-center\" data-align=\"center\">R$ 998,00<\/td><\/tr><tr><td class=\"has-text-align-center\" data-align=\"center\">Operador de P\u00e1 Carregadeira<\/td><td class=\"has-text-align-center\" data-align=\"center\">01 + 01 CR<\/td><td class=\"has-text-align-center\" data-align=\"center\">R$ 998,00<\/td><\/tr><tr><td class=\"has-text-align-center\" data-align=\"center\">Operador de Motoniveladora Patrol<\/td><td class=\"has-text-align-center\" data-align=\"center\">02 + 01 CR<\/td><td class=\"has-text-align-center\" data-align=\"center\">R$ 998,00<\/td><\/tr><tr><td class=\"has-text-align-center\" data-align=\"center\">Operador de Motoniveladora PC (Escavadeira Hidr\u00e1ulica PC)<\/td><td class=\"has-text-align-center\" data-align=\"center\">01 + CR<\/td><td class=\"has-text-align-center\" data-align=\"center\">R$ 998,00<\/td><\/tr><\/tbody><\/table><\/figure>\n\n\n\n<h3 class=\"wp-block-heading\" id=\"medio\">Ensino m\u00e9dio<\/h3>\n\n\n\n<figure class=\"wp-block-table is-style-stripes\"><table class=\"has-fixed-layout\"><tbody><tr><td class=\"has-text-align-center\" data-align=\"center\"><strong>CARGO<\/strong><\/td><td class=\"has-text-align-center\" data-align=\"center\"><strong>VAGAS<\/strong><\/td><td class=\"has-text-align-center\" data-align=\"center\"><strong>REMUNERA\u00c7\u00c3O<\/strong><\/td><\/tr><tr><td class=\"has-text-align-center\" data-align=\"center\">Agente Administrativo &#8211; Educa\u00e7\u00e3o<\/td><td class=\"has-text-align-center\" data-align=\"center\">07 + 03 CR<\/td><td class=\"has-text-align-center\" data-align=\"center\">R$ 998,00<\/td><\/tr><tr><td class=\"has-text-align-center\" data-align=\"center\">Agente Administrativo &#8211; LC (030\/11)<\/td><td class=\"has-text-align-center\" data-align=\"center\">11 + 14 CR<\/td><td class=\"has-text-align-center\" data-align=\"center\">R$ 998,00<\/td><\/tr><tr><td class=\"has-text-align-center\" data-align=\"center\">Agente de Combate \u00e0 Endemia<\/td><td class=\"has-text-align-center\" data-align=\"center\">02 + 04 CR<\/td><td class=\"has-text-align-center\" data-align=\"center\">R$ 1.400,00<\/td><\/tr><tr><td class=\"has-text-align-center\" data-align=\"center\">Fiscal de Vigil\u00e2ncia Sanit\u00e1ria<\/td><td class=\"has-text-align-center\" data-align=\"center\">02 + 01 CR<\/td><td class=\"has-text-align-center\" data-align=\"center\">R$ 998,00<\/td><\/tr><tr><td class=\"has-text-align-center\" data-align=\"center\">Fiscal Tribut\u00e1rio<\/td><td class=\"has-text-align-center\" data-align=\"center\">02 + 03 CR<\/td><td class=\"has-text-align-center\" data-align=\"center\">R$ 998,00<\/td><\/tr><tr><td class=\"has-text-align-center\" data-align=\"center\">Instrutor de Ensino Social<\/td><td class=\"has-text-align-center\" data-align=\"center\">02 + 03 CR<\/td><td class=\"has-text-align-center\" data-align=\"center\">R$ 1.400,00<\/td><\/tr><\/tbody><\/table><\/figure>\n\n\n\n<h3 class=\"wp-block-heading\" id=\"tecnico\">N\u00edvel t\u00e9cnico<\/h3>\n\n\n\n<figure class=\"wp-block-table is-style-stripes\"><table class=\"has-fixed-layout\"><tbody><tr><td class=\"has-text-align-center\" data-align=\"center\"><strong>CARGO<\/strong><\/td><td class=\"has-text-align-center\" data-align=\"center\"><strong>VAGAS<\/strong><\/td><td class=\"has-text-align-center\" data-align=\"center\"><strong>REMUNERA\u00c7\u00c3O<\/strong><\/td><\/tr><tr><td class=\"has-text-align-center\" data-align=\"center\">Microscopista<\/td><td class=\"has-text-align-center\" data-align=\"center\">02 CR<\/td><td class=\"has-text-align-center\" data-align=\"center\">R$ 1.400,00<\/td><\/tr><tr><td class=\"has-text-align-center\" data-align=\"center\">T\u00e9cnico em Seguran\u00e7a Trabalho<\/td><td class=\"has-text-align-center\" data-align=\"center\">01 + CR<\/td><td class=\"has-text-align-center\" data-align=\"center\">R$ 998,00<\/td><\/tr><tr><td class=\"has-text-align-center\" data-align=\"center\">T\u00e9cnico de Enfermagem<\/td><td class=\"has-text-align-center\" data-align=\"center\">05 + 20 CR<\/td><td class=\"has-text-align-center\" data-align=\"center\">R$ 998,00<\/td><\/tr><tr><td class=\"has-text-align-center\" data-align=\"center\">T\u00e9cnico em Laborat\u00f3rio<\/td><td class=\"has-text-align-center\" data-align=\"center\">04 CR<\/td><td class=\"has-text-align-center\" data-align=\"center\">R$ 1.400,00<\/td><\/tr><tr><td class=\"has-text-align-center\" data-align=\"center\">T\u00e9cnico em Radiologia<\/td><td class=\"has-text-align-center\" data-align=\"center\">01 + 02 CR<\/td><td class=\"has-text-align-center\" data-align=\"center\">R$ 998,00<\/td><\/tr><tr><td class=\"has-text-align-center\" data-align=\"center\">T\u00e9cnico em Tecnologia da Informa\u00e7\u00e3o<\/td><td class=\"has-text-align-center\" data-align=\"center\">01 + 01 CR<\/td><td class=\"has-text-align-center\" data-align=\"center\">R$ 1.400,00<\/td><\/tr><\/tbody><\/table><\/figure>\n\n\n\n<h3 class=\"wp-block-heading\" id=\"superior\">Curso superior<\/h3>\n\n\n\n<figure class=\"wp-block-table is-style-stripes\"><table class=\"has-fixed-layout\"><tbody><tr><td class=\"has-text-align-center\" data-align=\"center\"><strong>CARGO<\/strong><\/td><td class=\"has-text-align-center\" data-align=\"center\"><strong>VAGAS<\/strong><\/td><td class=\"has-text-align-center\" data-align=\"center\"><strong>REMUNERA\u00c7\u00c3O<\/strong><\/td><\/tr><tr><td class=\"has-text-align-center\" data-align=\"center\">Assistente Social<\/td><td class=\"has-text-align-center\" data-align=\"center\">03 + CR<\/td><td class=\"has-text-align-center\" data-align=\"center\">R$ 2.319,84<\/td><\/tr><tr><td class=\"has-text-align-center\" data-align=\"center\">Cirurgi\u00e3o Dentista<\/td><td class=\"has-text-align-center\" data-align=\"center\">03 + 02 CR<\/td><td class=\"has-text-align-center\" data-align=\"center\">R$ 3.052,71<\/td><\/tr><tr><td class=\"has-text-align-center\" data-align=\"center\">Contador<\/td><td class=\"has-text-align-center\" data-align=\"center\">01 + 01 CR<\/td><td class=\"has-text-align-center\" data-align=\"center\">R$ 2.319,84<\/td><\/tr><tr><td class=\"has-text-align-center\" data-align=\"center\">Controlador Interno<\/td><td class=\"has-text-align-center\" data-align=\"center\">01 + CR<\/td><td class=\"has-text-align-center\" data-align=\"center\">R$ 2.319,84<\/td><\/tr><tr><td class=\"has-text-align-center\" data-align=\"center\">Enfermeiro<\/td><td class=\"has-text-align-center\" data-align=\"center\">05 + 10 CR<\/td><td class=\"has-text-align-center\" data-align=\"center\">R$ 2.319,84<\/td><\/tr><tr><td class=\"has-text-align-center\" data-align=\"center\">Engenheiro Agr\u00f4nomo<\/td><td class=\"has-text-align-center\" data-align=\"center\">01 CR<\/td><td class=\"has-text-align-center\" data-align=\"center\">R$ 2.350,00<\/td><\/tr><tr><td class=\"has-text-align-center\" data-align=\"center\">Engenheiro Ambiental<\/td><td class=\"has-text-align-center\" data-align=\"center\">01 CR<\/td><td class=\"has-text-align-center\" data-align=\"center\">R$ 2.350,00<\/td><\/tr><tr><td class=\"has-text-align-center\" data-align=\"center\">Engenheiro Civil<\/td><td class=\"has-text-align-center\" data-align=\"center\">01 + CR<\/td><td class=\"has-text-align-center\" data-align=\"center\">R$ 2.319,84<\/td><\/tr><tr><td class=\"has-text-align-center\" data-align=\"center\">Farmac\u00eautico<\/td><td class=\"has-text-align-center\" data-align=\"center\">02 + CR<\/td><td class=\"has-text-align-center\" data-align=\"center\">R$ 2.319,84<\/td><\/tr><tr><td class=\"has-text-align-center\" data-align=\"center\">Fisioterapeuta<\/td><td class=\"has-text-align-center\" data-align=\"center\">01 + CR<\/td><td class=\"has-text-align-center\" data-align=\"center\">R$ 2.319,84<\/td><\/tr><tr><td class=\"has-text-align-center\" data-align=\"center\">Fonoaudi\u00f3logo<\/td><td class=\"has-text-align-center\" data-align=\"center\">03 + CR<\/td><td class=\"has-text-align-center\" data-align=\"center\">R$ 2.319,84<\/td><\/tr><tr><td class=\"has-text-align-center\" data-align=\"center\">M\u00e9dico Cl\u00ednico Geral<\/td><td class=\"has-text-align-center\" data-align=\"center\">05 + 05 CR<\/td><td class=\"has-text-align-center\" data-align=\"center\">R$ 9.800,00<\/td><\/tr><tr><td class=\"has-text-align-center\" data-align=\"center\">M\u00e9dico Veterin\u00e1rio<\/td><td class=\"has-text-align-center\" data-align=\"center\">01 + CR<\/td><td class=\"has-text-align-center\" data-align=\"center\">R$ 2.713,86<\/td><\/tr><tr><td class=\"has-text-align-center\" data-align=\"center\">Nutricionista<\/td><td class=\"has-text-align-center\" data-align=\"center\">02 + CR<\/td><td class=\"has-text-align-center\" data-align=\"center\">R$ 2.319,84<\/td><\/tr><tr><td class=\"has-text-align-center\" data-align=\"center\">Pedagogo em Assist\u00eancia Social<\/td><td class=\"has-text-align-center\" data-align=\"center\">01 + CR<\/td><td class=\"has-text-align-center\" data-align=\"center\">R$ 2.886,24<\/td><\/tr><tr><td class=\"has-text-align-center\" data-align=\"center\">Professor de Educa\u00e7\u00e3o F\u00edsica<\/td><td class=\"has-text-align-center\" data-align=\"center\">01 + 02 CR<\/td><td class=\"has-text-align-center\" data-align=\"center\">R$ 2.886,24<\/td><\/tr><tr><td class=\"has-text-align-center\" data-align=\"center\">Professor Municipal Pedagogo<\/td><td class=\"has-text-align-center\" data-align=\"center\">02 + 30 CR<\/td><td class=\"has-text-align-center\" data-align=\"center\">R$ 1.797,59 &#8211; R$ 2.876,15<\/td><\/tr><tr><td class=\"has-text-align-center\" data-align=\"center\">Professor (v\u00e1rios)<\/td><td class=\"has-text-align-center\" data-align=\"center\">04 + 10 CR<\/td><td class=\"has-text-align-center\" data-align=\"center\">R$ 1.797,59 &#8211; R$ 2.876,15<\/td><\/tr><tr><td class=\"has-text-align-center\" data-align=\"center\">Psic\u00f3logo<\/td><td class=\"has-text-align-center\" data-align=\"center\">03 + CR<\/td><td class=\"has-text-align-center\" data-align=\"center\">R$ 2.319,84<\/td><\/tr><tr><td class=\"has-text-align-center\" data-align=\"center\">Psic\u00f3logo Educacional<\/td><td class=\"has-text-align-center\" data-align=\"center\">01 + 01 CR<\/td><td class=\"has-text-align-center\" data-align=\"center\">R$ 2.350,00<\/td><\/tr><tr><td class=\"has-text-align-center\" data-align=\"center\">Psicopedagogo Educacional<\/td><td class=\"has-text-align-center\" data-align=\"center\">01 + 01 CR<\/td><td class=\"has-text-align-center\" data-align=\"center\">R$ 2.350,00<\/td><\/tr><\/tbody><\/table><\/figure>\n\n\n\n<h2 class=\"wp-block-heading\" id=\"etapas\">Concurso Costa Marques: etapas e provas<\/h2>\n\n\n\n<p>O concurso p\u00fablico da Prefeitura de Costa Marques \u00e9 constitu\u00eddo pelas seguintes etapas:<\/p>\n\n\n\n<p><strong><em>Para os cargos do Ensino Superior:<\/em><\/strong><\/p>\n\n\n\n<ul class=\"wp-block-list\"><li><strong>1\u00aa Etapa<\/strong>: Prova Objetiva, para todos os cargos, de car\u00e1ter classificat\u00f3rio e eliminat\u00f3rio;<\/li><li><strong>2\u00aa Etapa<\/strong>: Prova de T\u00edtulos, para todos os cargos, de car\u00e1ter classificat\u00f3rio.<\/li><\/ul>\n\n\n\n<p><strong><em>Para os cargos do Ensino M\u00e9dio\/T\u00e9cnico:<\/em><\/strong><\/p>\n\n\n\n<ul class=\"wp-block-list\"><li><strong>Etapa \u00danica<\/strong>: Prova Objetiva, para todos os cargos, de car\u00e1ter classificat\u00f3rio e eliminat\u00f3rio.<\/li><\/ul>\n\n\n\n<p><strong><em>Para os cargos do Ensino Fundamental:<\/em><\/strong><\/p>\n\n\n\n<ul class=\"wp-block-list\"><li><strong>1\u00aa Etapa<\/strong>: Prova Objetiva, para todos os cargos, de car\u00e1ter classificat\u00f3rio e eliminat\u00f3rio;<\/li><li><strong>2\u00aa Etapa<\/strong>: Prova Pr\u00e1tica, somente para os cargos: Motorista de Ve\u00edculos Leves (Ambul\u00e2ncia), Motorista de Ve\u00edculos Leves, Motorista de Ve\u00edculos Pesados (\u00d4nibus Escolar), Motorista de Ve\u00edculos Pesados (Caminh\u00e3o), Operador de Trator de Pneu, Operador de Retroescavadeira, Operador de P\u00e1 Carregadeira, Operador de Motoniveladora Patrol e Operador de Motoniveladora PC (Escavadeira Hidr\u00e1ulica PC), de car\u00e1ter eliminat\u00f3rio.<\/li><\/ul>\n\n\n\n<h3 class=\"wp-block-heading\" id=\"objetiva\">Prova Objetiva<\/h3>\n\n\n\n<p>A Prova Objetiva, de car\u00e1ter eliminat\u00f3rio e classificat\u00f3rio, foi constitu\u00edda de quest\u00f5es de m\u00faltipla escolha. Cada quest\u00e3o teve cinco alternativas, sendo apenas uma correta.<\/p>\n\n\n\n<ul class=\"wp-block-list\"><li><em>L\u00edngua Portuguesa &#8211; 10 quest\u00f5es (peso 2)<\/em><\/li><li><em>Legisla\u00e7\u00e3o e Atualidades &#8211; 5 quest\u00f5es (peso 2)<\/em><\/li><li><em>Geografia e Hist\u00f3ria de Rond\u00f4nia &#8211; 5 quest\u00f5es (peso 2)<\/em><\/li><li><em>Conhecimentos Espec\u00edficos &#8211; 20 quest\u00f5es (peso 3)<\/em><\/li><\/ul>\n\n\n\n<p>Ser\u00e1 eliminado do concurso Costa Marques o candidato que n\u00e3o obtiver, pelo menos, 50% dos pontos da Prova Objetiva e\/ou obtiver nota 0 em qualquer uma das disciplinas.<\/p>\n\n\n\n<h3 class=\"wp-block-heading\" id=\"titulos\">Prova de T\u00edtulos<\/h3>\n\n\n\n<p>J\u00e1 a entrega de T\u00edtulos, ser\u00e1 feita no mesmo dia da realiza\u00e7\u00e3o das provas objetivas. Todos os candidatos aos cargos do Ensino Superior dever\u00e3o entregar seus T\u00edtulos no mesmo dia de realiza\u00e7\u00e3o da Prova Objetiva. Ser\u00e3o considerados os seguintes t\u00edtulos:<\/p>\n\n\n\n<figure class=\"wp-block-table is-style-stripes\"><table class=\"has-fixed-layout\"><thead><tr><th class=\"has-text-align-center\" data-align=\"center\">DISCRIMINA\u00c7\u00c3O<\/th><th class=\"has-text-align-center\" data-align=\"center\">VALOR<\/th><\/tr><\/thead><tbody><tr><td class=\"has-text-align-center\" data-align=\"center\">P\u00f3s-Gradua\u00e7\u00e3o Stricto Sensu \u2013 Doutorado na \u00e1rea do cargo a que concorre, pertinente ao cargo ofertado<\/td><td class=\"has-text-align-center\" data-align=\"center\">5,0 pontos<\/td><\/tr><tr><td class=\"has-text-align-center\" data-align=\"center\">P\u00f3s-Gradua\u00e7\u00e3o Stricto Sensu \u2013 Mestrado na \u00e1rea do cargo a que concorre, pertinente ao cargo ofertado<\/td><td class=\"has-text-align-center\" data-align=\"center\">3,5 pontos<\/td><\/tr><tr><td class=\"has-text-align-center\" data-align=\"center\">P\u00f3s-Gradua\u00e7\u00e3o <em>Lato Sensu<\/em> (360 horas), em n\u00edvel de especializa\u00e7\u00e3o, na \u00e1rea do cargo a que concorre, pertinente ao cargo ofertado. <br \/>Para M\u00e9dico: Conclus\u00e3o de Curso de P\u00f3s-Gradua\u00e7\u00e3o <em>&#8220;Lato Sensu&#8221;<\/em> em n\u00edvel de Especializa\u00e7\u00e3o e\/ou Resid\u00eancia com carga hor\u00e1ria acima de 540h (Reconhecido pelo (Reconhecido pelo CFM\/AMB\/CNRM), na \u00e1rea de atua\u00e7\u00e3o para a qual concorre<\/td><td class=\"has-text-align-center\" data-align=\"center\">1,5 ponto<\/td><\/tr><\/tbody><\/table><\/figure>\n\n\n\n<h3 class=\"wp-block-heading\" id=\"pratica\">Prova Pr\u00e1tica<\/h3>\n\n\n\n<p>Participar\u00e3o desta etapa do concurso Costa Marques os candidatos aos cargos de: <\/p>\n\n\n\n<p>Motorista de Ve\u00edculos Leves (Ambul\u00e2ncia), Motorista de Ve\u00edculos Leves, Motorista de Ve\u00edculos Pesados (\u00d4nibus Escolar) e Motorista de Ve\u00edculos Pesados (Caminh\u00e3o), Operador de Trator de Pneu, Operador de Retroescavadeira, Operador de P\u00e1 Carregadeira, Operador de Motoniveladora Patrol e Operador de Motoniveladora PC (Escavadeira Hidr\u00e1ulica PC).<\/p>\n\n\n\n<p>A Prova Pr\u00e1tica consistir\u00e1 de verifica\u00e7\u00e3o da pr\u00e1tica de dire\u00e7\u00e3o\/opera\u00e7\u00e3o, ou seja, na execu\u00e7\u00e3o de atividades inerentes ao cargo, em percurso ou tarefa a ser determinada.<\/p>\n\n\n\n<p>Esta etapa ser\u00e1 de car\u00e1ter eliminat\u00f3rio e valer\u00e1 20 pontos, n\u00e3o sendo a pontua\u00e7\u00e3o obtida considerada na nota final do candidato. <\/p>\n\n\n\n<p>Ser\u00e1 considerado inapto o candidato que n\u00e3o obtiver pelo menos 50% dos pontos na Prova Pr\u00e1tica.<\/p>\n\n\n\n<hr class=\"wp-block-separator has-css-opacity\"\/>\n\n\n\n<h2 class=\"has-text-align-center wp-block-heading\" id=\"cursos-assinatura\"><em>Quer estudar para o concurso Prefeitura de Costa Marques?<\/em><\/h2>\n\n\n\n<div class=\"container\" id=\"boxes\">\n  <div class=\"row\">\n\n    <div class=\"col-sm\">\n      <div class=\"banner-estrategia\" id=\"box-assinatura\">\n        <h3 class=\"titulo-assinatura\">Concurso Prefeitura de Costa Marques<\/h3>\n        <p class=\"subtitulo-assinatura\">Conhe\u00e7a os cursos<\/p>\n        <div class=\"box-botao\">\n          <a class=\"btn-assinatura\" target=\"_blank\" href=\"https:\/\/www.estrategiaconcursos.com.br\/cursos\/\" role=\"button\" rel=\"noopener noreferrer\">Conhe\u00e7a mais<\/a>\n        <\/div>\n      <\/div>\n     \n    <\/div>\n\n  <\/div>\n<\/div>\n\n\n\n<div class=\"container\" id=\"boxes\">\n  <div class=\"row\">\n\n    <div class=\"col-sm\">\n      <div class=\"estrategia\" id=\"box-assinatura\">\n        <h3 class=\"titulo-assinatura\">Assinatura Concursos<\/h3>\n        <p class=\"subtitulo-assinatura\">Assinatura de 1 ano ou 2 anos<\/p>\n        <div class=\"box-botao\">\n          <a class=\"btn-assinatura\" target=\"_blank\" href=\"https:\/\/www.estrategiaconcursos.com.br\/assinaturas\/\" role=\"button\" rel=\"noopener noreferrer\">ASSINE AGORA<\/a>\n        <\/div>\n      <\/div><\/div><\/div><\/div>\n\n\n\n<h2 class=\"has-text-align-center wp-block-heading\" id=\"h-quer-saber-tudo-sobre-concursos-previstos-confira-nossos-artigos\">Quer saber tudo sobre concursos previstos?<br \/>Confira nossos artigos!<\/h2>\n\n\n\n<ul class=\"wp-block-list\"><li><a href=\"https:\/\/www.estrategiaconcursos.com.br\/blog\/concursos-abertos\/\" target=\"_blank\" rel=\"noreferrer noopener\">Concursos abertos<\/a><\/li><li><a href=\"https:\/\/www.estrategiaconcursos.com.br\/blog\/concursos-2022\/\" target=\"_blank\" rel=\"noreferrer noopener\">Concursos 2022<\/a><\/li><li><a href=\"https:\/\/www.estrategiaconcursos.com.br\/blog\/concursos-2023\/\" target=\"_blank\" rel=\"noreferrer noopener\">Concursos 2023<\/a><\/li><\/ul>\n\n\n\n<figure class=\"wp-block-image size-large is-resized\"><img loading=\"lazy\" decoding=\"async\" src=\"https:\/\/dhg1h5j42swfq.cloudfront.net\/2025\/06\/27101122\/ficha-tecnica-1-1024x632.png\" alt=\"Informa\u00e7\u00f5es do edital Prefeitura de Costa Marques RO\" class=\"wp-image-702728\" width=\"269\" height=\"166\" srcset=\"https:\/\/dhg1h5j42swfq.cloudfront.net\/2025\/06\/27101122\/ficha-tecnica-1-1024x632.png 1024w, https:\/\/dhg1h5j42swfq.cloudfront.net\/2025\/06\/27101122\/ficha-tecnica-1-300x185.png 300w, https:\/\/dhg1h5j42swfq.cloudfront.net\/2025\/06\/27101122\/ficha-tecnica-1-768x474.png 768w, https:\/\/dhg1h5j42swfq.cloudfront.net\/2025\/06\/27101122\/ficha-tecnica-1-1536x948.png 1536w, https:\/\/dhg1h5j42swfq.cloudfront.net\/2025\/06\/27101122\/ficha-tecnica-1-610x377.png 610w, https:\/\/dhg1h5j42swfq.cloudfront.net\/2025\/06\/27101122\/ficha-tecnica-1.png 1571w\" sizes=\"auto, (max-width: 269px) 100vw, 269px\" \/><\/figure>\n\n\n\n<h3 class=\"wp-block-heading\" id=\"ficha\">Informa\u00e7\u00f5es do concurso Prefeitura de Costa Marques-RO<\/h3>\n\n\n\n<ul class=\"wp-block-list\"><li><strong>Provas<\/strong>: <s>06 e 07\/08\/2022<\/s><\/li><li><strong>Vagas<\/strong>: 146<\/li><li><strong>Cargos<\/strong>: v\u00e1rios<\/li><li><strong>Banca<\/strong>: IBADE<\/li><li><strong>Escolaridade<\/strong>: n\u00edveis fundamental, m\u00e9dio e superior<\/li><li><strong>Edital<\/strong>:&nbsp;<a href=\"https:\/\/dhg1h5j42swfq.cloudfront.net\/2022\/06\/13115027\/ce771f5b8f4210dfd3e7da3c6a0182dd.pdf\" target=\"_blank\" rel=\"noreferrer noopener nofollow\">Edital de abertura<\/a> | <a href=\"https:\/\/dhg1h5j42swfq.cloudfront.net\/2021\/01\/10170352\/06a5b0a8c40d2d6da7ae812f7d150e4e.pdf\" target=\"_blank\" rel=\"noreferrer noopener nofollow\">Retomada<\/a>  <\/li><\/ul>\n","protected":false},"excerpt":{"rendered":"<p>Com a primeira etapa avaliativa aplicada nos dias 06 e 07 de agosto, foram divulgados os gabaritos preliminares das provas objetivas do concurso da Prefeitura de Costa Marques. Aqueles que n\u00e3o concordarem com alguma resposta poder\u00e3o interpor recurso entre os dias 10 e 11 de agosto, atrav\u00e9s do site da banca organizadora, o IBADE. A [&hellip;]<\/p>\n","protected":false},"author":1,"featured_media":1046267,"comment_status":"open","ping_status":"closed","sticky":false,"template":"","format":"standard","meta":{"post_tipo":"news_page","footnotes":""},"categories":[214992],"tags":[],"tax_estado":[219984],"class_list":["post-570595","post","type-post","status-publish","format-standard","has-post-thumbnail","hentry","category-concursos-administrativos","tax_estado-ro"],"acf":[],"yoast_head":"<!-- This site is optimized with the Yoast SEO Premium plugin v27.2 (Yoast SEO v27.2) - https:\/\/yoast.com\/product\/yoast-seo-premium-wordpress\/ -->\n<title>Concurso Costa Marques RO: confira os gabaritos preliminares<\/title>\n<meta name=\"description\" content=\"Concurso Costa Marques - RO: com provas objetivas aplicadas, gabaritos preliminares da etapa s\u00e3o divulgados. Confira aqui!\" \/>\n<meta name=\"robots\" content=\"index, follow, max-snippet:-1, max-image-preview:large, max-video-preview:-1\" \/>\n<link rel=\"canonical\" href=\"https:\/\/www.estrategiaconcursos.com.br\/blog\/concurso-prefeitura-costa-marques\/\" \/>\n<meta property=\"og:locale\" content=\"pt_BR\" \/>\n<meta property=\"og:type\" content=\"article\" \/>\n<meta property=\"og:title\" content=\"Concurso Costa Marques RO: confira os gabaritos preliminares\" \/>\n<meta property=\"og:description\" content=\"Concurso Costa Marques - RO: com provas objetivas aplicadas, gabaritos preliminares da etapa s\u00e3o divulgados. Confira aqui!\" \/>\n<meta property=\"og:url\" content=\"https:\/\/www.estrategiaconcursos.com.br\/blog\/concurso-prefeitura-costa-marques\/\" \/>\n<meta property=\"og:site_name\" content=\"Estrat\u00e9gia Concursos\" \/>\n<meta property=\"article:author\" content=\"https:\/\/www.facebook.com\/EstrategiaConcursos\" \/>\n<meta property=\"article:published_time\" content=\"2022-08-09T17:50:00+00:00\" \/>\n<meta property=\"article:modified_time\" content=\"2024-03-08T18:18:37+00:00\" \/>\n<meta property=\"og:image\" content=\"https:\/\/dhg1h5j42swfq.cloudfront.net\/2022\/06\/16104251\/prefeitura_de_costa_marques_ro.jpg\" \/>\n\t<meta property=\"og:image:width\" content=\"768\" \/>\n\t<meta property=\"og:image:height\" content=\"432\" \/>\n\t<meta property=\"og:image:type\" content=\"image\/jpeg\" \/>\n<meta name=\"author\" content=\"Coordena\u00e7\u00e3o\" \/>\n<meta name=\"twitter:card\" content=\"summary_large_image\" \/>\n<meta name=\"twitter:creator\" content=\"@EstratConcursos\" \/>\n<meta name=\"twitter:site\" content=\"@EstratConcursos\" \/>\n<meta name=\"twitter:label1\" content=\"Escrito por\" \/>\n\t<meta name=\"twitter:data1\" content=\"Coordena\u00e7\u00e3o\" \/>\n\t<meta name=\"twitter:label2\" content=\"Est. tempo de leitura\" \/>\n\t<meta name=\"twitter:data2\" content=\"7 minutos\" \/>\n<script type=\"application\/ld+json\" class=\"yoast-schema-graph\">{\"@context\":\"https:\/\/schema.org\",\"@graph\":[{\"@type\":\"NewsArticle\",\"@id\":\"https:\/\/www.estrategiaconcursos.com.br\/blog\/concurso-prefeitura-costa-marques\/#article\",\"isPartOf\":{\"@id\":\"https:\/\/www.estrategiaconcursos.com.br\/blog\/concurso-prefeitura-costa-marques\/\"},\"author\":{\"name\":\"Coordena\u00e7\u00e3o\",\"@id\":\"https:\/\/www.estrategiaconcursos.com.br\/blog\/#\/schema\/person\/b4a388c97673c5f483d72185668afa1f\"},\"headline\":\"Concurso Costa Marques RO: confira os gabaritos preliminares\",\"datePublished\":\"2022-08-09T17:50:00+00:00\",\"dateModified\":\"2024-03-08T18:18:37+00:00\",\"mainEntityOfPage\":{\"@id\":\"https:\/\/www.estrategiaconcursos.com.br\/blog\/concurso-prefeitura-costa-marques\/\"},\"wordCount\":1213,\"commentCount\":0,\"publisher\":{\"@id\":\"https:\/\/www.estrategiaconcursos.com.br\/blog\/#organization\"},\"image\":{\"@id\":\"https:\/\/www.estrategiaconcursos.com.br\/blog\/concurso-prefeitura-costa-marques\/#primaryimage\"},\"thumbnailUrl\":\"https:\/\/dhg1h5j42swfq.cloudfront.net\/2022\/06\/16104251\/prefeitura_de_costa_marques_ro.jpg\",\"articleSection\":[\"Executivo (Administrativa)\"],\"inLanguage\":\"pt-BR\",\"potentialAction\":[{\"@type\":\"CommentAction\",\"name\":\"Comment\",\"target\":[\"https:\/\/www.estrategiaconcursos.com.br\/blog\/concurso-prefeitura-costa-marques\/#respond\"]}],\"copyrightYear\":\"2022\",\"copyrightHolder\":{\"@id\":\"https:\/\/www.estrategiaconcursos.com.br\/blog\/#organization\"}},{\"@type\":\"WebPage\",\"@id\":\"https:\/\/www.estrategiaconcursos.com.br\/blog\/concurso-prefeitura-costa-marques\/\",\"url\":\"https:\/\/www.estrategiaconcursos.com.br\/blog\/concurso-prefeitura-costa-marques\/\",\"name\":\"Concurso Costa Marques RO: confira os gabaritos preliminares\",\"isPartOf\":{\"@id\":\"https:\/\/www.estrategiaconcursos.com.br\/blog\/#website\"},\"primaryImageOfPage\":{\"@id\":\"https:\/\/www.estrategiaconcursos.com.br\/blog\/concurso-prefeitura-costa-marques\/#primaryimage\"},\"image\":{\"@id\":\"https:\/\/www.estrategiaconcursos.com.br\/blog\/concurso-prefeitura-costa-marques\/#primaryimage\"},\"thumbnailUrl\":\"https:\/\/dhg1h5j42swfq.cloudfront.net\/2022\/06\/16104251\/prefeitura_de_costa_marques_ro.jpg\",\"datePublished\":\"2022-08-09T17:50:00+00:00\",\"dateModified\":\"2024-03-08T18:18:37+00:00\",\"description\":\"Concurso Costa Marques - RO: com provas objetivas aplicadas, gabaritos preliminares da etapa s\u00e3o divulgados. Confira aqui!\",\"breadcrumb\":{\"@id\":\"https:\/\/www.estrategiaconcursos.com.br\/blog\/concurso-prefeitura-costa-marques\/#breadcrumb\"},\"inLanguage\":\"pt-BR\",\"potentialAction\":[{\"@type\":\"ReadAction\",\"target\":[\"https:\/\/www.estrategiaconcursos.com.br\/blog\/concurso-prefeitura-costa-marques\/\"]}]},{\"@type\":\"ImageObject\",\"inLanguage\":\"pt-BR\",\"@id\":\"https:\/\/www.estrategiaconcursos.com.br\/blog\/concurso-prefeitura-costa-marques\/#primaryimage\",\"url\":\"https:\/\/dhg1h5j42swfq.cloudfront.net\/2022\/06\/16104251\/prefeitura_de_costa_marques_ro.jpg\",\"contentUrl\":\"https:\/\/dhg1h5j42swfq.cloudfront.net\/2022\/06\/16104251\/prefeitura_de_costa_marques_ro.jpg\",\"width\":768,\"height\":432},{\"@type\":\"BreadcrumbList\",\"@id\":\"https:\/\/www.estrategiaconcursos.com.br\/blog\/concurso-prefeitura-costa-marques\/#breadcrumb\",\"itemListElement\":[{\"@type\":\"ListItem\",\"position\":1,\"name\":\"In\u00edcio\",\"item\":\"https:\/\/www.estrategiaconcursos.com.br\/blog\/\"},{\"@type\":\"ListItem\",\"position\":2,\"name\":\"Concurso Costa Marques RO: confira os gabaritos preliminares\"}]},{\"@type\":\"WebSite\",\"@id\":\"https:\/\/www.estrategiaconcursos.com.br\/blog\/#website\",\"url\":\"https:\/\/www.estrategiaconcursos.com.br\/blog\/\",\"name\":\"Estrat\u00e9gia Concursos\",\"description\":\"O blog da Estrat\u00e9gia Concursos traz not\u00edcias sobre concursos e artigos de professores oferecendo cursos para concursos (pdf + videaulas) no site.\",\"publisher\":{\"@id\":\"https:\/\/www.estrategiaconcursos.com.br\/blog\/#organization\"},\"potentialAction\":[{\"@type\":\"SearchAction\",\"target\":{\"@type\":\"EntryPoint\",\"urlTemplate\":\"https:\/\/www.estrategiaconcursos.com.br\/blog\/?s={search_term_string}\"},\"query-input\":{\"@type\":\"PropertyValueSpecification\",\"valueRequired\":true,\"valueName\":\"search_term_string\"}}],\"inLanguage\":\"pt-BR\"},{\"@type\":\"Organization\",\"@id\":\"https:\/\/www.estrategiaconcursos.com.br\/blog\/#organization\",\"name\":\"Estrat\u00e9gia Concursos\",\"url\":\"https:\/\/www.estrategiaconcursos.com.br\/blog\/\",\"logo\":{\"@type\":\"ImageObject\",\"inLanguage\":\"pt-BR\",\"@id\":\"https:\/\/www.estrategiaconcursos.com.br\/blog\/#\/schema\/logo\/image\/\",\"url\":\"https:\/\/dhg1h5j42swfq.cloudfront.net\/2025\/06\/03203428\/logo_concursos-1.jpg\",\"contentUrl\":\"https:\/\/dhg1h5j42swfq.cloudfront.net\/2025\/06\/03203428\/logo_concursos-1.jpg\",\"width\":230,\"height\":60,\"caption\":\"Estrat\u00e9gia Concursos\"},\"image\":{\"@id\":\"https:\/\/www.estrategiaconcursos.com.br\/blog\/#\/schema\/logo\/image\/\"},\"sameAs\":[\"https:\/\/x.com\/EstratConcursos\"]},{\"@type\":\"Person\",\"@id\":\"https:\/\/www.estrategiaconcursos.com.br\/blog\/#\/schema\/person\/b4a388c97673c5f483d72185668afa1f\",\"name\":\"Coordena\u00e7\u00e3o\",\"image\":{\"@type\":\"ImageObject\",\"inLanguage\":\"pt-BR\",\"@id\":\"https:\/\/secure.gravatar.com\/avatar\/b720319e4c9a967eb58678d110f4fe35452fc5d5f97b202bac7b8acceb18c6ad?s=96&d=mm&r=g\",\"url\":\"https:\/\/secure.gravatar.com\/avatar\/b720319e4c9a967eb58678d110f4fe35452fc5d5f97b202bac7b8acceb18c6ad?s=96&d=mm&r=g\",\"contentUrl\":\"https:\/\/secure.gravatar.com\/avatar\/b720319e4c9a967eb58678d110f4fe35452fc5d5f97b202bac7b8acceb18c6ad?s=96&d=mm&r=g\",\"caption\":\"Coordena\u00e7\u00e3o\"},\"sameAs\":[\"https:\/\/www.facebook.com\/EstrategiaConcursos\",\"https:\/\/x.com\/EstratConcursos\"],\"url\":\"https:\/\/www.estrategiaconcursos.com.br\/blog\/author\/estrategia2013\/\"}]}<\/script>\n<!-- \/ Yoast SEO Premium plugin. -->","yoast_head_json":{"title":"Concurso Costa Marques RO: confira os gabaritos preliminares","description":"Concurso Costa Marques - RO: com provas objetivas aplicadas, gabaritos preliminares da etapa s\u00e3o divulgados. Confira aqui!","robots":{"index":"index","follow":"follow","max-snippet":"max-snippet:-1","max-image-preview":"max-image-preview:large","max-video-preview":"max-video-preview:-1"},"canonical":"https:\/\/www.estrategiaconcursos.com.br\/blog\/concurso-prefeitura-costa-marques\/","og_locale":"pt_BR","og_type":"article","og_title":"Concurso Costa Marques RO: confira os gabaritos preliminares","og_description":"Concurso Costa Marques - RO: com provas objetivas aplicadas, gabaritos preliminares da etapa s\u00e3o divulgados. Confira aqui!","og_url":"https:\/\/www.estrategiaconcursos.com.br\/blog\/concurso-prefeitura-costa-marques\/","og_site_name":"Estrat\u00e9gia Concursos","article_author":"https:\/\/www.facebook.com\/EstrategiaConcursos","article_published_time":"2022-08-09T17:50:00+00:00","article_modified_time":"2024-03-08T18:18:37+00:00","og_image":[{"width":768,"height":432,"url":"https:\/\/dhg1h5j42swfq.cloudfront.net\/2022\/06\/16104251\/prefeitura_de_costa_marques_ro.jpg","type":"image\/jpeg"}],"author":"Coordena\u00e7\u00e3o","twitter_card":"summary_large_image","twitter_creator":"@EstratConcursos","twitter_site":"@EstratConcursos","twitter_misc":{"Escrito por":"Coordena\u00e7\u00e3o","Est. tempo de leitura":"7 minutos"},"schema":{"@context":"https:\/\/schema.org","@graph":[{"@type":"NewsArticle","@id":"https:\/\/www.estrategiaconcursos.com.br\/blog\/concurso-prefeitura-costa-marques\/#article","isPartOf":{"@id":"https:\/\/www.estrategiaconcursos.com.br\/blog\/concurso-prefeitura-costa-marques\/"},"author":{"name":"Coordena\u00e7\u00e3o","@id":"https:\/\/www.estrategiaconcursos.com.br\/blog\/#\/schema\/person\/b4a388c97673c5f483d72185668afa1f"},"headline":"Concurso Costa Marques RO: confira os gabaritos preliminares","datePublished":"2022-08-09T17:50:00+00:00","dateModified":"2024-03-08T18:18:37+00:00","mainEntityOfPage":{"@id":"https:\/\/www.estrategiaconcursos.com.br\/blog\/concurso-prefeitura-costa-marques\/"},"wordCount":1213,"commentCount":0,"publisher":{"@id":"https:\/\/www.estrategiaconcursos.com.br\/blog\/#organization"},"image":{"@id":"https:\/\/www.estrategiaconcursos.com.br\/blog\/concurso-prefeitura-costa-marques\/#primaryimage"},"thumbnailUrl":"https:\/\/dhg1h5j42swfq.cloudfront.net\/2022\/06\/16104251\/prefeitura_de_costa_marques_ro.jpg","articleSection":["Executivo (Administrativa)"],"inLanguage":"pt-BR","potentialAction":[{"@type":"CommentAction","name":"Comment","target":["https:\/\/www.estrategiaconcursos.com.br\/blog\/concurso-prefeitura-costa-marques\/#respond"]}],"copyrightYear":"2022","copyrightHolder":{"@id":"https:\/\/www.estrategiaconcursos.com.br\/blog\/#organization"}},{"@type":"WebPage","@id":"https:\/\/www.estrategiaconcursos.com.br\/blog\/concurso-prefeitura-costa-marques\/","url":"https:\/\/www.estrategiaconcursos.com.br\/blog\/concurso-prefeitura-costa-marques\/","name":"Concurso Costa Marques RO: confira os gabaritos preliminares","isPartOf":{"@id":"https:\/\/www.estrategiaconcursos.com.br\/blog\/#website"},"primaryImageOfPage":{"@id":"https:\/\/www.estrategiaconcursos.com.br\/blog\/concurso-prefeitura-costa-marques\/#primaryimage"},"image":{"@id":"https:\/\/www.estrategiaconcursos.com.br\/blog\/concurso-prefeitura-costa-marques\/#primaryimage"},"thumbnailUrl":"https:\/\/dhg1h5j42swfq.cloudfront.net\/2022\/06\/16104251\/prefeitura_de_costa_marques_ro.jpg","datePublished":"2022-08-09T17:50:00+00:00","dateModified":"2024-03-08T18:18:37+00:00","description":"Concurso Costa Marques - RO: com provas objetivas aplicadas, gabaritos preliminares da etapa s\u00e3o divulgados. Confira aqui!","breadcrumb":{"@id":"https:\/\/www.estrategiaconcursos.com.br\/blog\/concurso-prefeitura-costa-marques\/#breadcrumb"},"inLanguage":"pt-BR","potentialAction":[{"@type":"ReadAction","target":["https:\/\/www.estrategiaconcursos.com.br\/blog\/concurso-prefeitura-costa-marques\/"]}]},{"@type":"ImageObject","inLanguage":"pt-BR","@id":"https:\/\/www.estrategiaconcursos.com.br\/blog\/concurso-prefeitura-costa-marques\/#primaryimage","url":"https:\/\/dhg1h5j42swfq.cloudfront.net\/2022\/06\/16104251\/prefeitura_de_costa_marques_ro.jpg","contentUrl":"https:\/\/dhg1h5j42swfq.cloudfront.net\/2022\/06\/16104251\/prefeitura_de_costa_marques_ro.jpg","width":768,"height":432},{"@type":"BreadcrumbList","@id":"https:\/\/www.estrategiaconcursos.com.br\/blog\/concurso-prefeitura-costa-marques\/#breadcrumb","itemListElement":[{"@type":"ListItem","position":1,"name":"In\u00edcio","item":"https:\/\/www.estrategiaconcursos.com.br\/blog\/"},{"@type":"ListItem","position":2,"name":"Concurso Costa Marques RO: confira os gabaritos preliminares"}]},{"@type":"WebSite","@id":"https:\/\/www.estrategiaconcursos.com.br\/blog\/#website","url":"https:\/\/www.estrategiaconcursos.com.br\/blog\/","name":"Estrat\u00e9gia Concursos","description":"O blog da Estrat\u00e9gia Concursos traz not\u00edcias sobre concursos e artigos de professores oferecendo cursos para concursos (pdf + videaulas) no site.","publisher":{"@id":"https:\/\/www.estrategiaconcursos.com.br\/blog\/#organization"},"potentialAction":[{"@type":"SearchAction","target":{"@type":"EntryPoint","urlTemplate":"https:\/\/www.estrategiaconcursos.com.br\/blog\/?s={search_term_string}"},"query-input":{"@type":"PropertyValueSpecification","valueRequired":true,"valueName":"search_term_string"}}],"inLanguage":"pt-BR"},{"@type":"Organization","@id":"https:\/\/www.estrategiaconcursos.com.br\/blog\/#organization","name":"Estrat\u00e9gia Concursos","url":"https:\/\/www.estrategiaconcursos.com.br\/blog\/","logo":{"@type":"ImageObject","inLanguage":"pt-BR","@id":"https:\/\/www.estrategiaconcursos.com.br\/blog\/#\/schema\/logo\/image\/","url":"https:\/\/dhg1h5j42swfq.cloudfront.net\/2025\/06\/03203428\/logo_concursos-1.jpg","contentUrl":"https:\/\/dhg1h5j42swfq.cloudfront.net\/2025\/06\/03203428\/logo_concursos-1.jpg","width":230,"height":60,"caption":"Estrat\u00e9gia Concursos"},"image":{"@id":"https:\/\/www.estrategiaconcursos.com.br\/blog\/#\/schema\/logo\/image\/"},"sameAs":["https:\/\/x.com\/EstratConcursos"]},{"@type":"Person","@id":"https:\/\/www.estrategiaconcursos.com.br\/blog\/#\/schema\/person\/b4a388c97673c5f483d72185668afa1f","name":"Coordena\u00e7\u00e3o","image":{"@type":"ImageObject","inLanguage":"pt-BR","@id":"https:\/\/secure.gravatar.com\/avatar\/b720319e4c9a967eb58678d110f4fe35452fc5d5f97b202bac7b8acceb18c6ad?s=96&d=mm&r=g","url":"https:\/\/secure.gravatar.com\/avatar\/b720319e4c9a967eb58678d110f4fe35452fc5d5f97b202bac7b8acceb18c6ad?s=96&d=mm&r=g","contentUrl":"https:\/\/secure.gravatar.com\/avatar\/b720319e4c9a967eb58678d110f4fe35452fc5d5f97b202bac7b8acceb18c6ad?s=96&d=mm&r=g","caption":"Coordena\u00e7\u00e3o"},"sameAs":["https:\/\/www.facebook.com\/EstrategiaConcursos","https:\/\/x.com\/EstratConcursos"],"url":"https:\/\/www.estrategiaconcursos.com.br\/blog\/author\/estrategia2013\/"}]}},"_links":{"self":[{"href":"https:\/\/www.estrategiaconcursos.com.br\/blog\/wp-json\/wp\/v2\/posts\/570595","targetHints":{"allow":["GET"]}}],"collection":[{"href":"https:\/\/www.estrategiaconcursos.com.br\/blog\/wp-json\/wp\/v2\/posts"}],"about":[{"href":"https:\/\/www.estrategiaconcursos.com.br\/blog\/wp-json\/wp\/v2\/types\/post"}],"author":[{"embeddable":true,"href":"https:\/\/www.estrategiaconcursos.com.br\/blog\/wp-json\/wp\/v2\/users\/1"}],"replies":[{"embeddable":true,"href":"https:\/\/www.estrategiaconcursos.com.br\/blog\/wp-json\/wp\/v2\/comments?post=570595"}],"version-history":[{"count":33,"href":"https:\/\/www.estrategiaconcursos.com.br\/blog\/wp-json\/wp\/v2\/posts\/570595\/revisions"}],"predecessor-version":[{"id":1075481,"href":"https:\/\/www.estrategiaconcursos.com.br\/blog\/wp-json\/wp\/v2\/posts\/570595\/revisions\/1075481"}],"wp:featuredmedia":[{"embeddable":true,"href":"https:\/\/www.estrategiaconcursos.com.br\/blog\/wp-json\/wp\/v2\/media\/1046267"}],"wp:attachment":[{"href":"https:\/\/www.estrategiaconcursos.com.br\/blog\/wp-json\/wp\/v2\/media?parent=570595"}],"wp:term":[{"taxonomy":"category","embeddable":true,"href":"https:\/\/www.estrategiaconcursos.com.br\/blog\/wp-json\/wp\/v2\/categories?post=570595"},{"taxonomy":"post_tag","embeddable":true,"href":"https:\/\/www.estrategiaconcursos.com.br\/blog\/wp-json\/wp\/v2\/tags?post=570595"},{"taxonomy":"tax_estado","embeddable":true,"href":"https:\/\/www.estrategiaconcursos.com.br\/blog\/wp-json\/wp\/v2\/tax_estado?post=570595"}],"curies":[{"name":"wp","href":"https:\/\/api.w.org\/{rel}","templated":true}]}}