{"id":57058,"date":"2016-12-06T13:32:18","date_gmt":"2016-12-06T16:32:18","guid":{"rendered":"https:\/\/www.estrategiaconcursos.com.br\/blog\/?p=57058"},"modified":"2018-07-18T11:03:20","modified_gmt":"2018-07-18T14:03:20","slug":"novo-acordo-ortografico-ideia-ou-ideia","status":"publish","type":"post","link":"https:\/\/www.estrategiaconcursos.com.br\/blog\/novo-acordo-ortografico-ideia-ou-ideia\/","title":{"rendered":"Novo acordo ortogr\u00e1fico &#8211; id\u00e9ia ou ideia &#8211; Dica Estrat\u00e9gica de Portugu\u00eas"},"content":{"rendered":"<p style=\"text-align: justify;\"><em><strong>Novo acordo ortogr\u00e1fico &#8211; id\u00e9ia ou ideia &#8211; Dica Estrat\u00e9gica de Portugu\u00eas<\/strong><\/em><\/p>\n<p style=\"text-align: justify;\">Ol\u00e1, pessoal!<\/p>\n<p style=\"text-align: justify;\">Vamos falar hoje sobre a nova ortografia oficial e como isso vem caindo nos concursos.<\/p>\n<h2>Ideia tem acento?<\/h2>\n<p>N\u00e3o, ideia n\u00e3o tem acento.\u00a0A grafia\u00a0&#8220;id\u00e9ia&#8221;, com acento, era a forma correta e obrigat\u00f3ria at\u00e9 o dia 31 de dezembro de 2008.\u00a0Entre\u00a01\u00ba de janeiro de 2009 e 31 de dezembro de 2015 est\u00e1vamos num per\u00edodo de transi\u00e7\u00e3o. A partir de 1\u00ba de janeiro deste ano de 2016, s\u00f3 se aceita a forma &#8220;ideia&#8221; como para todas\u00a0parox\u00edtonas terminadas em vogais &#8220;a&#8221; e &#8220;o&#8221;.<\/p>\n<p style=\"text-align: justify;\"><img loading=\"lazy\" decoding=\"async\" class=\"aligncenter wp-image-57060 size-full\" src=\"https:\/\/dhg1h5j42swfq.cloudfront.net\/2016\/12\/06074823\/ideia1.jpg\" alt=\"ideia ou id\u00e9ia\" width=\"373\" height=\"350\" srcset=\"https:\/\/dhg1h5j42swfq.cloudfront.net\/2016\/12\/06074823\/ideia1.jpg 373w, https:\/\/dhg1h5j42swfq.cloudfront.net\/2016\/12\/06074823\/ideia1.jpg 300w, https:\/\/dhg1h5j42swfq.cloudfront.net\/2016\/12\/06074823\/ideia1.jpg 320w\" sizes=\"auto, (max-width: 373px) 100vw, 373px\" \/><\/p>\n<p style=\"text-align: justify;\">A forma correta \u00e9 &#8220;<strong>ideia<\/strong>&#8220;!<\/p>\n<p style=\"text-align: justify;\">A grafia\u00a0&#8220;id\u00e9ia&#8221; (com acento) era a forma correta e obrigat\u00f3ria at\u00e9 o dia 31 de dezembro de 2008. Isso ocorria porque at\u00e9 ent\u00e3o acentu\u00e1vamos as palavras com ditongos abertos t\u00f4nicos &#8220;\u00e9i&#8221;, &#8220;\u00f3i&#8221; e &#8220;\u00e9u&#8221;, como &#8220;jib\u00f3ia&#8221;, &#8220;assembl\u00e9ia&#8221;, &#8220;her\u00f3ico&#8221;, &#8220;b\u00f3ia&#8221; etc.<\/p>\n<p style=\"text-align: justify;\">Por\u00e9m, a partir de 1\u00ba de janeiro de 2009, tais palavras, por serem parox\u00edtonas terminadas em &#8220;a&#8221; ou &#8220;o&#8221;, perderam o acento, justamente para se fazer um ajuste e seguir o padr\u00e3o das demais na\u00e7\u00f5es falantes da L\u00edngua Portuguesa.<\/p>\n<p style=\"text-align: justify;\">Entre\u00a01\u00ba de janeiro de 2009 e 31 de dezembro de 2015, est\u00e1vamos num per\u00edodo de transi\u00e7\u00e3o, em que se podia empregar a regra antiga e a nova.<\/p>\n<p style=\"text-align: justify;\">Nesse per\u00edodo, os concursos evitavam cobrar a acentua\u00e7\u00e3o das palavras que tiveram a mudan\u00e7a!<\/p>\n<p style=\"text-align: justify;\"><img loading=\"lazy\" decoding=\"async\" class=\"size-medium wp-image-56556 alignright\" src=\"https:\/\/www.estrategiaconcursos.com.br\/blog\/wp-content\/uploads\/2016\/11\/dicas-estrategicas-2-06-1-300x122.png\" alt=\"dicas-estrategicas-2-06-1\" width=\"300\" height=\"122\" \/><\/p>\n<p style=\"text-align: justify;\"><strong>A partir de 1\u00ba de janeiro deste ano de 2016, s\u00f3 se aceita a forma &#8220;ideia&#8221;, &#8220;boia&#8221;, &#8220;heroico&#8221;, &#8220;assembleia&#8221;, por serem parox\u00edtonas terminadas em vogais &#8220;a&#8221; e &#8220;o&#8221;.<\/strong><\/p>\n<h2>Quando usar o acento gr\u00e1fico?<\/h2>\n<p style=\"text-align: justify;\">Vale lembrar que o acento gr\u00e1fico permaneceu nas ox\u00edtonas e monoss\u00edlabos t\u00f4nicos com ditongos abertos t\u00f4nicos &#8220;\u00e9i&#8221;, &#8220;\u00f3i&#8221; e &#8220;\u00e9u&#8221;, seguidos ou n\u00e3o de &#8220;s&#8221;, como as seguintes:<\/p>\n<p style=\"text-align: justify;\"><strong>Ox\u00edtonas:<\/strong> her\u00f3i, an\u00e9is, chap\u00e9u, trof\u00e9us<\/p>\n<p style=\"text-align: justify;\"><strong>Monoss\u00edlabos t\u00f4nicos<\/strong>: v\u00e9u, m\u00f3i, r\u00f3i, m\u00e9is, d\u00f3i<\/p>\n<p style=\"text-align: justify;\">Veja um detalhe interessante: a palavra &#8220;her\u00f3i&#8221; \u00e9 acentuada por ser ox\u00edtona, mas a palavra &#8220;heroico&#8221; perdeu o acento por ser parox\u00edtona terminada em &#8220;o&#8221;.<\/p>\n<p style=\"text-align: justify;\">Tamb\u00e9m \u00e9 relevante observar que as palavras &#8220;M\u00e9ier&#8221; e &#8220;destr\u00f3ier&#8221;, por exemplo, apesar de apresentarem os ditongos abertos t\u00f4nicos &#8220;\u00e9i&#8221; e &#8220;\u00f3i&#8221; e serem parox\u00edtonas, devem ser acentuadas, porque n\u00e3o terminam em vogal &#8220;a&#8221; ou &#8220;o&#8221;. Elas terminam em &#8220;r&#8221;. Assim, s\u00e3o\u00a0acentuadas pela mesma regra b\u00e1sica de &#8220;m\u00e1rtir&#8221;, &#8220;c\u00e2ncer&#8221; (parox\u00edtonas terminadas em &#8220;r&#8221;).<\/p>\n<p>&nbsp;<\/p>\n<h2>Como est\u00e1 sendo cobrado em Concurso?<\/h2>\n<p style=\"text-align: justify;\">Vamos agora a uma quest\u00e3o para entendermos como as bancas v\u00eam cobrando acentua\u00e7\u00e3o em concursos:<\/p>\n<p style=\"text-align: justify;\"><strong>CELESC 2016 Assistente Administrativo (banca FEPESE)<\/strong><\/p>\n<p style=\"text-align: justify;\">Considerando a correta acentua\u00e7\u00e3o gr\u00e1fica de acordo com as novas regras, assinale a alternativa correta.<\/p>\n<p style=\"text-align: justify;\">a) S\u00e3o \u00e1rduos os caminhos daqueles que t\u00eam vontade de vencer.<br \/>\nb) As raizes do futebol remontam a s\u00e9culos anteriores a este.<br \/>\nc) O car\u00e1ter de um homem \u00e9 visivel a olhos n\u00fas.<br \/>\nd) A tranq\u00fcilidade e a obediencia eram os diferenciais daquele time.<br \/>\ne) N\u00e3o foi boa id\u00e9ia planejar o jogo em uma tabua feito folhas de papeis.<\/p>\n<p style=\"text-align: justify;\"><strong>Coment\u00e1rio<\/strong>: No meu coment\u00e1rio, vou negritar as palavras j\u00e1 corrigidas para ficar mais f\u00e1cil sua compreens\u00e3o.<\/p>\n<p style=\"text-align: justify;\">A alternativa (A) \u00e9 a correta, pois apresenta a palavra &#8220;\u00e1rduos&#8221;, que \u00e9 acentuada por ser uma parox\u00edtona terminada em ditongo oral (&#8220;uo&#8221;), seguido de &#8220;s&#8221;,\u00a0e a palavra &#8220;t\u00eam&#8221;, que se encontra com acento diferencial, haja vista a necessidade de marcar o plural.<\/p>\n<p style=\"text-align: justify;\">A alternativa (B) est\u00e1 errada, pois a palavra &#8220;<strong>ra\u00edzes<\/strong>&#8221; deve ser acentuada, por possuir o hiato &#8220;a-i&#8221;, em que a vogal &#8220;i&#8221; \u00e9 t\u00f4nica. A palavra &#8220;s\u00e9culos&#8221; \u00e9 acentuada por ser proparox\u00edtona.<\/p>\n<p style=\"text-align: justify;\">A alternativa (C) est\u00e1 errada, tendo em vista que a palavra &#8220;<strong>vis\u00edvel<\/strong>&#8221; deve ser acentuada porque \u00e9 uma parox\u00edtona terminada em &#8220;l&#8221; e o monoss\u00edlabo t\u00f4nico &#8220;<strong>nus<\/strong>&#8221; n\u00e3o pode ser acentuado por terminar em &#8220;u&#8221;, seguido de &#8220;s&#8221;. J\u00e1 a palavra &#8220;car\u00e1ter&#8221; est\u00e1 corretamente acentuada por ser parox\u00edtona terminada em &#8220;r&#8221;.<\/p>\n<p style=\"text-align: justify;\">A alternativa (D) est\u00e1 errada, pois, com a reforma ortogr\u00e1fica, n\u00e3o empregamos o trema, a n\u00e3o ser em nomes pr\u00f3prios ou derivados deles. Assim, n\u00e3o cabe trema em &#8220;<strong>tranquilidade<\/strong>&#8220;. A palavra &#8220;<strong>obedi\u00eancia<\/strong>&#8221; deve ser acentuada por ser parox\u00edtona terminada em ditongo oral (&#8220;ia&#8221;).<\/p>\n<p style=\"text-align: justify;\">A alternativa (E) est\u00e1 errada, pois vimos neste artigo que a palavra &#8220;<strong>ideia<\/strong>&#8221; n\u00e3o \u00e9 mais acentuada, por ser parox\u00edtona terminada em &#8220;a&#8221;. A palavra &#8220;<strong>t\u00e1bua<\/strong>&#8221; deve ser acentuada por ser parox\u00edtona terminada em ditongo oral (&#8220;ua&#8221;). A palavra &#8220;<strong>pap\u00e9is<\/strong>&#8221; deve ser acentuada por ser ox\u00edtona terminada em ditongo aberto t\u00f4nico &#8220;\u00e9i&#8221;, seguido de &#8220;s&#8221;.<\/p>\n<p style=\"text-align: justify;\"><strong>Gabarito: A<\/strong><\/p>\n<p style=\"text-align: justify;\">Espero que voc\u00eas tenham gostado dessa dica estrat\u00e9gica.<\/p>\n<p style=\"text-align: justify;\">Conhe\u00e7a os cursos de Portugu\u00eas do Professor D\u00e9cio Terror:<\/p>\n<p><a href=\"https:\/\/www.estrategiaconcursos.com.br\/cursosPorProfessor\/decio-terror-3375\/\" target=\"_blank\" rel=\"noopener\">Curso do professor D\u00e9cio Terror<\/a><\/p>\n<blockquote class=\"wp-embedded-content\" data-secret=\"BpQ9XU54Jz\"><p><a href=\"https:\/\/www.estrategiaconcursos.com.br\/blog\/concursos-abertos\/\">Concursos Abertos: milhares de vagas e inicial de R$ 22 mil!<\/a><\/p><\/blockquote>\n<p><iframe loading=\"lazy\" class=\"wp-embedded-content\" sandbox=\"allow-scripts\" security=\"restricted\" style=\"position: absolute; clip: rect(1px, 1px, 1px, 1px);\" title=\"&#8220;Concursos Abertos: milhares de vagas e inicial de R$ 22 mil!&#8221; &#8212; Estrat\u00e9gia Concursos\" src=\"https:\/\/www.estrategiaconcursos.com.br\/blog\/concursos-abertos\/embed\/#?secret=rz5A8qD4e8#?secret=BpQ9XU54Jz\" data-secret=\"BpQ9XU54Jz\" width=\"500\" height=\"282\" frameborder=\"0\" marginwidth=\"0\" marginheight=\"0\" scrolling=\"no\"><\/iframe><\/p>\n<p style=\"text-align: justify;\">Se quiserem mais dicas de algum tema espec\u00edfico, mandem suas sugest\u00f5es nos coment\u00e1rios abaixo!!!<\/p>\n<p style=\"text-align: justify;\">Grande abra\u00e7o a todos!<\/p>\n<p style=\"text-align: justify;\">Professor D\u00e9cio Terror<\/p>\n<p>&nbsp;<\/p>\n","protected":false},"excerpt":{"rendered":"<p>Novo acordo ortogr\u00e1fico &#8211; id\u00e9ia ou ideia &#8211; Dica Estrat\u00e9gica de Portugu\u00eas Ol\u00e1, pessoal! Vamos falar hoje sobre a nova ortografia oficial e como isso vem caindo nos concursos. Ideia tem acento? N\u00e3o, ideia n\u00e3o tem acento.\u00a0A grafia\u00a0&#8220;id\u00e9ia&#8221;, com acento, era a forma correta e obrigat\u00f3ria at\u00e9 o dia 31 de dezembro de 2008.\u00a0Entre\u00a01\u00ba de [&hellip;]<\/p>\n","protected":false},"author":214,"featured_media":57060,"comment_status":"open","ping_status":"open","sticky":false,"template":"","format":"standard","meta":{"post_tipo":"article","footnotes":""},"categories":[1],"tags":[],"tax_estado":[],"class_list":["post-57058","post","type-post","status-publish","format-standard","has-post-thumbnail","hentry","category-cursos-e-concursos"],"acf":[],"yoast_head":"<!-- This site is optimized with the Yoast SEO Premium plugin v27.2 (Yoast SEO v27.2) - https:\/\/yoast.com\/product\/yoast-seo-premium-wordpress\/ -->\n<title>Ideia ou Id\u00e9ia? Novo Acordo Ortogr\u00e1fico - Dicas de Portugu\u00eas<\/title>\n<meta name=\"description\" content=\"Ideia tem acento? N\u00e3o! Entenda porque com Professor D\u00e9cio Terror do Estrat\u00e9gia Concursos que ensina sobre o novo acordo ortogr\u00e1fico.\" \/>\n<meta name=\"robots\" content=\"index, follow, max-snippet:-1, max-image-preview:large, max-video-preview:-1\" \/>\n<link rel=\"canonical\" href=\"https:\/\/www.estrategiaconcursos.com.br\/blog\/novo-acordo-ortografico-ideia-ou-ideia\/\" \/>\n<meta property=\"og:locale\" content=\"pt_BR\" \/>\n<meta property=\"og:type\" content=\"article\" \/>\n<meta property=\"og:title\" content=\"Novo acordo ortogr\u00e1fico - id\u00e9ia ou ideia - Dica Estrat\u00e9gica de Portugu\u00eas\" \/>\n<meta property=\"og:description\" content=\"Ideia tem acento? N\u00e3o! Entenda porque com Professor D\u00e9cio Terror do Estrat\u00e9gia Concursos que ensina sobre o novo acordo ortogr\u00e1fico.\" \/>\n<meta property=\"og:url\" content=\"https:\/\/www.estrategiaconcursos.com.br\/blog\/novo-acordo-ortografico-ideia-ou-ideia\/\" \/>\n<meta property=\"og:site_name\" content=\"Estrat\u00e9gia Concursos\" \/>\n<meta property=\"article:published_time\" content=\"2016-12-06T16:32:18+00:00\" \/>\n<meta property=\"article:modified_time\" content=\"2018-07-18T14:03:20+00:00\" \/>\n<meta property=\"og:image\" content=\"https:\/\/dhg1h5j42swfq.cloudfront.net\/2016\/12\/06074823\/ideia1.jpg\" \/>\n\t<meta property=\"og:image:width\" content=\"373\" \/>\n\t<meta property=\"og:image:height\" content=\"350\" \/>\n\t<meta property=\"og:image:type\" content=\"image\/jpeg\" \/>\n<meta name=\"author\" content=\"D\u00e9cio Terror Filho\" \/>\n<meta name=\"twitter:card\" content=\"summary_large_image\" \/>\n<meta name=\"twitter:creator\" content=\"@EstratConcursos\" \/>\n<meta name=\"twitter:site\" content=\"@EstratConcursos\" \/>\n<meta name=\"twitter:label1\" content=\"Escrito por\" \/>\n\t<meta name=\"twitter:data1\" content=\"D\u00e9cio Terror Filho\" \/>\n\t<meta name=\"twitter:label2\" content=\"Est. tempo de leitura\" \/>\n\t<meta name=\"twitter:data2\" content=\"4 minutos\" \/>\n<script type=\"application\/ld+json\" class=\"yoast-schema-graph\">{\"@context\":\"https:\/\/schema.org\",\"@graph\":[{\"@type\":\"NewsArticle\",\"@id\":\"https:\/\/www.estrategiaconcursos.com.br\/blog\/novo-acordo-ortografico-ideia-ou-ideia\/#article\",\"isPartOf\":{\"@id\":\"https:\/\/www.estrategiaconcursos.com.br\/blog\/novo-acordo-ortografico-ideia-ou-ideia\/\"},\"author\":{\"name\":\"D\u00e9cio Terror Filho\",\"@id\":\"https:\/\/www.estrategiaconcursos.com.br\/blog\/#\/schema\/person\/e8165364027a31208914fc77c3314727\"},\"headline\":\"Novo acordo ortogr\u00e1fico &#8211; id\u00e9ia ou ideia &#8211; Dica Estrat\u00e9gica de Portugu\u00eas\",\"datePublished\":\"2016-12-06T16:32:18+00:00\",\"dateModified\":\"2018-07-18T14:03:20+00:00\",\"mainEntityOfPage\":{\"@id\":\"https:\/\/www.estrategiaconcursos.com.br\/blog\/novo-acordo-ortografico-ideia-ou-ideia\/\"},\"wordCount\":882,\"commentCount\":5,\"publisher\":{\"@id\":\"https:\/\/www.estrategiaconcursos.com.br\/blog\/#organization\"},\"image\":{\"@id\":\"https:\/\/www.estrategiaconcursos.com.br\/blog\/novo-acordo-ortografico-ideia-ou-ideia\/#primaryimage\"},\"thumbnailUrl\":\"https:\/\/dhg1h5j42swfq.cloudfront.net\/2016\/12\/06074823\/ideia1.jpg\",\"articleSection\":[\"Concursos P\u00fablicos\"],\"inLanguage\":\"pt-BR\",\"potentialAction\":[{\"@type\":\"CommentAction\",\"name\":\"Comment\",\"target\":[\"https:\/\/www.estrategiaconcursos.com.br\/blog\/novo-acordo-ortografico-ideia-ou-ideia\/#respond\"]}],\"copyrightYear\":\"2016\",\"copyrightHolder\":{\"@id\":\"https:\/\/www.estrategiaconcursos.com.br\/blog\/#organization\"}},{\"@type\":\"WebPage\",\"@id\":\"https:\/\/www.estrategiaconcursos.com.br\/blog\/novo-acordo-ortografico-ideia-ou-ideia\/\",\"url\":\"https:\/\/www.estrategiaconcursos.com.br\/blog\/novo-acordo-ortografico-ideia-ou-ideia\/\",\"name\":\"Ideia ou Id\u00e9ia? Novo Acordo Ortogr\u00e1fico - Dicas de Portugu\u00eas\",\"isPartOf\":{\"@id\":\"https:\/\/www.estrategiaconcursos.com.br\/blog\/#website\"},\"primaryImageOfPage\":{\"@id\":\"https:\/\/www.estrategiaconcursos.com.br\/blog\/novo-acordo-ortografico-ideia-ou-ideia\/#primaryimage\"},\"image\":{\"@id\":\"https:\/\/www.estrategiaconcursos.com.br\/blog\/novo-acordo-ortografico-ideia-ou-ideia\/#primaryimage\"},\"thumbnailUrl\":\"https:\/\/dhg1h5j42swfq.cloudfront.net\/2016\/12\/06074823\/ideia1.jpg\",\"datePublished\":\"2016-12-06T16:32:18+00:00\",\"dateModified\":\"2018-07-18T14:03:20+00:00\",\"description\":\"Ideia tem acento? N\u00e3o! Entenda porque com Professor D\u00e9cio Terror do Estrat\u00e9gia Concursos que ensina sobre o novo acordo ortogr\u00e1fico.\",\"breadcrumb\":{\"@id\":\"https:\/\/www.estrategiaconcursos.com.br\/blog\/novo-acordo-ortografico-ideia-ou-ideia\/#breadcrumb\"},\"inLanguage\":\"pt-BR\",\"potentialAction\":[{\"@type\":\"ReadAction\",\"target\":[\"https:\/\/www.estrategiaconcursos.com.br\/blog\/novo-acordo-ortografico-ideia-ou-ideia\/\"]}]},{\"@type\":\"ImageObject\",\"inLanguage\":\"pt-BR\",\"@id\":\"https:\/\/www.estrategiaconcursos.com.br\/blog\/novo-acordo-ortografico-ideia-ou-ideia\/#primaryimage\",\"url\":\"https:\/\/dhg1h5j42swfq.cloudfront.net\/2016\/12\/06074823\/ideia1.jpg\",\"contentUrl\":\"https:\/\/dhg1h5j42swfq.cloudfront.net\/2016\/12\/06074823\/ideia1.jpg\",\"width\":373,\"height\":350},{\"@type\":\"BreadcrumbList\",\"@id\":\"https:\/\/www.estrategiaconcursos.com.br\/blog\/novo-acordo-ortografico-ideia-ou-ideia\/#breadcrumb\",\"itemListElement\":[{\"@type\":\"ListItem\",\"position\":1,\"name\":\"In\u00edcio\",\"item\":\"https:\/\/www.estrategiaconcursos.com.br\/blog\/\"},{\"@type\":\"ListItem\",\"position\":2,\"name\":\"Novo acordo ortogr\u00e1fico &#8211; id\u00e9ia ou ideia &#8211; Dica Estrat\u00e9gica de Portugu\u00eas\"}]},{\"@type\":\"WebSite\",\"@id\":\"https:\/\/www.estrategiaconcursos.com.br\/blog\/#website\",\"url\":\"https:\/\/www.estrategiaconcursos.com.br\/blog\/\",\"name\":\"Estrat\u00e9gia Concursos\",\"description\":\"O blog da Estrat\u00e9gia Concursos traz not\u00edcias sobre concursos e artigos de professores oferecendo cursos para concursos (pdf + videaulas) no site.\",\"publisher\":{\"@id\":\"https:\/\/www.estrategiaconcursos.com.br\/blog\/#organization\"},\"potentialAction\":[{\"@type\":\"SearchAction\",\"target\":{\"@type\":\"EntryPoint\",\"urlTemplate\":\"https:\/\/www.estrategiaconcursos.com.br\/blog\/?s={search_term_string}\"},\"query-input\":{\"@type\":\"PropertyValueSpecification\",\"valueRequired\":true,\"valueName\":\"search_term_string\"}}],\"inLanguage\":\"pt-BR\"},{\"@type\":\"Organization\",\"@id\":\"https:\/\/www.estrategiaconcursos.com.br\/blog\/#organization\",\"name\":\"Estrat\u00e9gia Concursos\",\"url\":\"https:\/\/www.estrategiaconcursos.com.br\/blog\/\",\"logo\":{\"@type\":\"ImageObject\",\"inLanguage\":\"pt-BR\",\"@id\":\"https:\/\/www.estrategiaconcursos.com.br\/blog\/#\/schema\/logo\/image\/\",\"url\":\"https:\/\/dhg1h5j42swfq.cloudfront.net\/2025\/06\/03203428\/logo_concursos-1.jpg\",\"contentUrl\":\"https:\/\/dhg1h5j42swfq.cloudfront.net\/2025\/06\/03203428\/logo_concursos-1.jpg\",\"width\":230,\"height\":60,\"caption\":\"Estrat\u00e9gia Concursos\"},\"image\":{\"@id\":\"https:\/\/www.estrategiaconcursos.com.br\/blog\/#\/schema\/logo\/image\/\"},\"sameAs\":[\"https:\/\/x.com\/EstratConcursos\"]},{\"@type\":\"Person\",\"@id\":\"https:\/\/www.estrategiaconcursos.com.br\/blog\/#\/schema\/person\/e8165364027a31208914fc77c3314727\",\"name\":\"D\u00e9cio Terror Filho\",\"image\":{\"@type\":\"ImageObject\",\"inLanguage\":\"pt-BR\",\"@id\":\"https:\/\/secure.gravatar.com\/avatar\/a5b78e734de7c6482e965926e78344deb81abbc34282a3c9536cbb1a59728a37?s=96&d=mm&r=g\",\"url\":\"https:\/\/secure.gravatar.com\/avatar\/a5b78e734de7c6482e965926e78344deb81abbc34282a3c9536cbb1a59728a37?s=96&d=mm&r=g\",\"contentUrl\":\"https:\/\/secure.gravatar.com\/avatar\/a5b78e734de7c6482e965926e78344deb81abbc34282a3c9536cbb1a59728a37?s=96&d=mm&r=g\",\"caption\":\"D\u00e9cio Terror Filho\"},\"url\":\"https:\/\/www.estrategiaconcursos.com.br\/blog\/author\/contatoterrorportugues-com-br\/\"}]}<\/script>\n<!-- \/ Yoast SEO Premium plugin. -->","yoast_head_json":{"title":"Ideia ou Id\u00e9ia? Novo Acordo Ortogr\u00e1fico - Dicas de Portugu\u00eas","description":"Ideia tem acento? N\u00e3o! Entenda porque com Professor D\u00e9cio Terror do Estrat\u00e9gia Concursos que ensina sobre o novo acordo ortogr\u00e1fico.","robots":{"index":"index","follow":"follow","max-snippet":"max-snippet:-1","max-image-preview":"max-image-preview:large","max-video-preview":"max-video-preview:-1"},"canonical":"https:\/\/www.estrategiaconcursos.com.br\/blog\/novo-acordo-ortografico-ideia-ou-ideia\/","og_locale":"pt_BR","og_type":"article","og_title":"Novo acordo ortogr\u00e1fico - id\u00e9ia ou ideia - Dica Estrat\u00e9gica de Portugu\u00eas","og_description":"Ideia tem acento? N\u00e3o! Entenda porque com Professor D\u00e9cio Terror do Estrat\u00e9gia Concursos que ensina sobre o novo acordo ortogr\u00e1fico.","og_url":"https:\/\/www.estrategiaconcursos.com.br\/blog\/novo-acordo-ortografico-ideia-ou-ideia\/","og_site_name":"Estrat\u00e9gia Concursos","article_published_time":"2016-12-06T16:32:18+00:00","article_modified_time":"2018-07-18T14:03:20+00:00","og_image":[{"width":373,"height":350,"url":"https:\/\/dhg1h5j42swfq.cloudfront.net\/2016\/12\/06074823\/ideia1.jpg","type":"image\/jpeg"}],"author":"D\u00e9cio Terror Filho","twitter_card":"summary_large_image","twitter_creator":"@EstratConcursos","twitter_site":"@EstratConcursos","twitter_misc":{"Escrito por":"D\u00e9cio Terror Filho","Est. tempo de leitura":"4 minutos"},"schema":{"@context":"https:\/\/schema.org","@graph":[{"@type":"NewsArticle","@id":"https:\/\/www.estrategiaconcursos.com.br\/blog\/novo-acordo-ortografico-ideia-ou-ideia\/#article","isPartOf":{"@id":"https:\/\/www.estrategiaconcursos.com.br\/blog\/novo-acordo-ortografico-ideia-ou-ideia\/"},"author":{"name":"D\u00e9cio Terror Filho","@id":"https:\/\/www.estrategiaconcursos.com.br\/blog\/#\/schema\/person\/e8165364027a31208914fc77c3314727"},"headline":"Novo acordo ortogr\u00e1fico &#8211; id\u00e9ia ou ideia &#8211; Dica Estrat\u00e9gica de Portugu\u00eas","datePublished":"2016-12-06T16:32:18+00:00","dateModified":"2018-07-18T14:03:20+00:00","mainEntityOfPage":{"@id":"https:\/\/www.estrategiaconcursos.com.br\/blog\/novo-acordo-ortografico-ideia-ou-ideia\/"},"wordCount":882,"commentCount":5,"publisher":{"@id":"https:\/\/www.estrategiaconcursos.com.br\/blog\/#organization"},"image":{"@id":"https:\/\/www.estrategiaconcursos.com.br\/blog\/novo-acordo-ortografico-ideia-ou-ideia\/#primaryimage"},"thumbnailUrl":"https:\/\/dhg1h5j42swfq.cloudfront.net\/2016\/12\/06074823\/ideia1.jpg","articleSection":["Concursos P\u00fablicos"],"inLanguage":"pt-BR","potentialAction":[{"@type":"CommentAction","name":"Comment","target":["https:\/\/www.estrategiaconcursos.com.br\/blog\/novo-acordo-ortografico-ideia-ou-ideia\/#respond"]}],"copyrightYear":"2016","copyrightHolder":{"@id":"https:\/\/www.estrategiaconcursos.com.br\/blog\/#organization"}},{"@type":"WebPage","@id":"https:\/\/www.estrategiaconcursos.com.br\/blog\/novo-acordo-ortografico-ideia-ou-ideia\/","url":"https:\/\/www.estrategiaconcursos.com.br\/blog\/novo-acordo-ortografico-ideia-ou-ideia\/","name":"Ideia ou Id\u00e9ia? Novo Acordo Ortogr\u00e1fico - Dicas de Portugu\u00eas","isPartOf":{"@id":"https:\/\/www.estrategiaconcursos.com.br\/blog\/#website"},"primaryImageOfPage":{"@id":"https:\/\/www.estrategiaconcursos.com.br\/blog\/novo-acordo-ortografico-ideia-ou-ideia\/#primaryimage"},"image":{"@id":"https:\/\/www.estrategiaconcursos.com.br\/blog\/novo-acordo-ortografico-ideia-ou-ideia\/#primaryimage"},"thumbnailUrl":"https:\/\/dhg1h5j42swfq.cloudfront.net\/2016\/12\/06074823\/ideia1.jpg","datePublished":"2016-12-06T16:32:18+00:00","dateModified":"2018-07-18T14:03:20+00:00","description":"Ideia tem acento? N\u00e3o! Entenda porque com Professor D\u00e9cio Terror do Estrat\u00e9gia Concursos que ensina sobre o novo acordo ortogr\u00e1fico.","breadcrumb":{"@id":"https:\/\/www.estrategiaconcursos.com.br\/blog\/novo-acordo-ortografico-ideia-ou-ideia\/#breadcrumb"},"inLanguage":"pt-BR","potentialAction":[{"@type":"ReadAction","target":["https:\/\/www.estrategiaconcursos.com.br\/blog\/novo-acordo-ortografico-ideia-ou-ideia\/"]}]},{"@type":"ImageObject","inLanguage":"pt-BR","@id":"https:\/\/www.estrategiaconcursos.com.br\/blog\/novo-acordo-ortografico-ideia-ou-ideia\/#primaryimage","url":"https:\/\/dhg1h5j42swfq.cloudfront.net\/2016\/12\/06074823\/ideia1.jpg","contentUrl":"https:\/\/dhg1h5j42swfq.cloudfront.net\/2016\/12\/06074823\/ideia1.jpg","width":373,"height":350},{"@type":"BreadcrumbList","@id":"https:\/\/www.estrategiaconcursos.com.br\/blog\/novo-acordo-ortografico-ideia-ou-ideia\/#breadcrumb","itemListElement":[{"@type":"ListItem","position":1,"name":"In\u00edcio","item":"https:\/\/www.estrategiaconcursos.com.br\/blog\/"},{"@type":"ListItem","position":2,"name":"Novo acordo ortogr\u00e1fico &#8211; id\u00e9ia ou ideia &#8211; Dica Estrat\u00e9gica de Portugu\u00eas"}]},{"@type":"WebSite","@id":"https:\/\/www.estrategiaconcursos.com.br\/blog\/#website","url":"https:\/\/www.estrategiaconcursos.com.br\/blog\/","name":"Estrat\u00e9gia Concursos","description":"O blog da Estrat\u00e9gia Concursos traz not\u00edcias sobre concursos e artigos de professores oferecendo cursos para concursos (pdf + videaulas) no site.","publisher":{"@id":"https:\/\/www.estrategiaconcursos.com.br\/blog\/#organization"},"potentialAction":[{"@type":"SearchAction","target":{"@type":"EntryPoint","urlTemplate":"https:\/\/www.estrategiaconcursos.com.br\/blog\/?s={search_term_string}"},"query-input":{"@type":"PropertyValueSpecification","valueRequired":true,"valueName":"search_term_string"}}],"inLanguage":"pt-BR"},{"@type":"Organization","@id":"https:\/\/www.estrategiaconcursos.com.br\/blog\/#organization","name":"Estrat\u00e9gia Concursos","url":"https:\/\/www.estrategiaconcursos.com.br\/blog\/","logo":{"@type":"ImageObject","inLanguage":"pt-BR","@id":"https:\/\/www.estrategiaconcursos.com.br\/blog\/#\/schema\/logo\/image\/","url":"https:\/\/dhg1h5j42swfq.cloudfront.net\/2025\/06\/03203428\/logo_concursos-1.jpg","contentUrl":"https:\/\/dhg1h5j42swfq.cloudfront.net\/2025\/06\/03203428\/logo_concursos-1.jpg","width":230,"height":60,"caption":"Estrat\u00e9gia Concursos"},"image":{"@id":"https:\/\/www.estrategiaconcursos.com.br\/blog\/#\/schema\/logo\/image\/"},"sameAs":["https:\/\/x.com\/EstratConcursos"]},{"@type":"Person","@id":"https:\/\/www.estrategiaconcursos.com.br\/blog\/#\/schema\/person\/e8165364027a31208914fc77c3314727","name":"D\u00e9cio Terror Filho","image":{"@type":"ImageObject","inLanguage":"pt-BR","@id":"https:\/\/secure.gravatar.com\/avatar\/a5b78e734de7c6482e965926e78344deb81abbc34282a3c9536cbb1a59728a37?s=96&d=mm&r=g","url":"https:\/\/secure.gravatar.com\/avatar\/a5b78e734de7c6482e965926e78344deb81abbc34282a3c9536cbb1a59728a37?s=96&d=mm&r=g","contentUrl":"https:\/\/secure.gravatar.com\/avatar\/a5b78e734de7c6482e965926e78344deb81abbc34282a3c9536cbb1a59728a37?s=96&d=mm&r=g","caption":"D\u00e9cio Terror Filho"},"url":"https:\/\/www.estrategiaconcursos.com.br\/blog\/author\/contatoterrorportugues-com-br\/"}]}},"_links":{"self":[{"href":"https:\/\/www.estrategiaconcursos.com.br\/blog\/wp-json\/wp\/v2\/posts\/57058","targetHints":{"allow":["GET"]}}],"collection":[{"href":"https:\/\/www.estrategiaconcursos.com.br\/blog\/wp-json\/wp\/v2\/posts"}],"about":[{"href":"https:\/\/www.estrategiaconcursos.com.br\/blog\/wp-json\/wp\/v2\/types\/post"}],"author":[{"embeddable":true,"href":"https:\/\/www.estrategiaconcursos.com.br\/blog\/wp-json\/wp\/v2\/users\/214"}],"replies":[{"embeddable":true,"href":"https:\/\/www.estrategiaconcursos.com.br\/blog\/wp-json\/wp\/v2\/comments?post=57058"}],"version-history":[{"count":7,"href":"https:\/\/www.estrategiaconcursos.com.br\/blog\/wp-json\/wp\/v2\/posts\/57058\/revisions"}],"predecessor-version":[{"id":131516,"href":"https:\/\/www.estrategiaconcursos.com.br\/blog\/wp-json\/wp\/v2\/posts\/57058\/revisions\/131516"}],"wp:featuredmedia":[{"embeddable":true,"href":"https:\/\/www.estrategiaconcursos.com.br\/blog\/wp-json\/wp\/v2\/media\/57060"}],"wp:attachment":[{"href":"https:\/\/www.estrategiaconcursos.com.br\/blog\/wp-json\/wp\/v2\/media?parent=57058"}],"wp:term":[{"taxonomy":"category","embeddable":true,"href":"https:\/\/www.estrategiaconcursos.com.br\/blog\/wp-json\/wp\/v2\/categories?post=57058"},{"taxonomy":"post_tag","embeddable":true,"href":"https:\/\/www.estrategiaconcursos.com.br\/blog\/wp-json\/wp\/v2\/tags?post=57058"},{"taxonomy":"tax_estado","embeddable":true,"href":"https:\/\/www.estrategiaconcursos.com.br\/blog\/wp-json\/wp\/v2\/tax_estado?post=57058"}],"curies":[{"name":"wp","href":"https:\/\/api.w.org\/{rel}","templated":true}]}}